{"id":2105516,"date":"2026-08-21T13:50:22","date_gmt":"2026-08-21T10:50:22","guid":{"rendered":"https:\/\/analyse.optim.biz\/?p=2105516"},"modified":"2026-08-21T13:50:22","modified_gmt":"2026-08-21T10:50:22","slug":"constantin-toma-110-ani-de-la-infiintarea-armatei-a-2-a","status":"publish","type":"post","link":"https:\/\/analyse.optim.biz\/?p=2105516","title":{"rendered":"Constantin Toma: 110 ani de la \u00eenfiin\u021barea Armatei a 2-a"},"content":{"rendered":"<p>[analyse_image type=&#8221;featured&#8221; src=&#8221;https:\/\/buzaumedia.ro\/wp-content\/uploads\/2026\/08\/1787313551_Constantin-Toma-INFORMARE.jpghttps:\/\/buzaumedia.ro\/wp-content\/uploads\/2026\/08\/1787313551_Constantin-Toma-INFORMARE.jpg&#8221;]<\/p>\n<div class=\"entry-content rbct clearfix is-highlight-shares\">\n<p>Dragi buzoieni,<br \/>\nIeri 20 august s-a \u00eencheiat pe Calea Eroilor, seria de evenimente \u00eenchinate s\u0103rb\u0103toririi a 110 ani de la \u00eenfiin\u021barea Armatei a 2-a, la 18 august 1916, av\u00e2nd ca prim conduc\u0103tor pe generalul Alexandru Averescu \u0219i care a avut \u00een componen\u021b\u0103 \u0219i Divizia 5 Infanterie din Buz\u0103u, \u00eenfiin\u021bat\u0103 \u00eenc\u0103 din 1895 \u0219i care \u0219i-a jertfit pentru patrie, \u00een Primul R\u0103zboi Mondial, 220 de ofi\u021beri \u0219i 6000 de osta\u0219i \u00eenregimenta\u021bi de pe plaiurile buzoiene.<br \/>\nContinuarea tradi\u021biilor de lupt\u0103 \u0219i jertf\u0103 este ast\u0103zi Divizia 2 Infanterie Getica, cea mai mare structur\u0103 militar\u0103 a \u021b\u0103rii, cu sediul la Buz\u0103u.<\/p>\n<p>Comunitatea buzoian\u0103 este m\u00e2ndr\u0103 \u0219i onorat\u0103 s\u0103 aib\u0103 \u00een r\u00e2ndurile sale o component\u0103 militar\u0103 semnificativ\u0103, prin prezen\u021ba militarilor din Garnizoana Buz\u0103u, a doua garnizoan\u0103 a \u021b\u0103rii, dup\u0103 Bucure\u0219ti.<\/p>\n<p>Prim\u0103ria Buz\u0103u se str\u0103duie\u0219te s\u0103 asigure cele mai bune condi\u021bii at\u00e2t pentru un trai mai bun al militarilor \u0219i familiilor lor, dar \u0219i prin participarea la multe activit\u0103\u021bi al\u0103turi de Divizia 2 Infanterie Getica.<br \/>\n\u0218i nu \u00een ultimul r\u00e2nd ne omagiem \u00een permanen\u021b\u0103 eroii, iar Calea Eroilor, Cimitirul Eroilor \u0219i Memorialul din Parcul Cr\u00e2ng \u00eenchinat celor 775 de eroi ai Regimentului 48 Infanterie Buz\u0103u, c\u0103zu\u021bi pentru patrie \u00een Primul R\u0103zboi Mondial, sunt doar un exemplu \u00een acest sens.<\/p>\n<p>Ieri au fost la Buz\u0103u, pentru a onora militarii Diviziei 2 Infanterie Getica, la \u00eemplinirea a 110 ani de la \u00eenfiin\u021barea Armatei a 2-a, Viceprim-minstrul \u0219i Ministrul Ap\u0103r\u0103rii, domnul Radu Miru\u021b\u0103, \u0218eful Statului Major, General al Armatei, domnul general Gheorghi\u021b\u0103 Vlad, parlamentari \u0219i oficialit\u0103\u021bi locale, al\u0103turi de foarte mul\u021bi buzoieni.<\/p>\n<p>La mul\u021bi ani militarilor buzoieni \u0219i familiilor lor!<br \/>\nLa mul\u021bi ani Diviziei 2 Infanterie Getica!<br \/>\nLa mul\u021bi ani Armatei Rom\u00e2ne!<br \/>\nLa mul\u021bi ani Rom\u00e2nia!<\/p>\n<p>Constantin Toma, primarul municipiului Buz\u0103u<\/p>\n<\/div>\n<p>[analyse_source url=&#8221;https:\/\/buzaumedia.ro\/stiri-buzau\/constantin-toma-110-ani-de-la-infiintarea-armatei-a-2-a\/&#8221;]<\/p>\n","protected":false},"excerpt":{"rendered":"<p>[analyse_image type=&#8221;featured&#8221; src=&#8221;https:\/\/buzaumedia.ro\/wp-content\/uploads\/2026\/08\/1787313551_Constantin-Toma-INFORMARE.jpghttps:\/\/buzaumedia.ro\/wp-content\/uploads\/2026\/08\/1787313551_Constantin-Toma-INFORMARE.jpg&#8221;] Dragi buzoieni, Ieri 20 august s-a \u00eencheiat pe Calea Eroilor, seria de evenimente \u00eenchinate s\u0103rb\u0103toririi a 110 ani de la \u00eenfiin\u021barea Armatei a 2-a, la 18 august 1916, av\u00e2nd ca prim conduc\u0103tor pe generalul Alexandru Averescu \u0219i care a avut \u00een componen\u021b\u0103 \u0219i Divizia 5 Infanterie din Buz\u0103u, \u00eenfiin\u021bat\u0103 \u00eenc\u0103 din 1895 [&hellip;]<\/p>\n","protected":false},"author":1,"featured_media":0,"comment_status":"open","ping_status":"","sticky":false,"template":"","format":"standard","meta":{"footnotes":""},"categories":[2],"tags":[66,226],"class_list":["post-2105516","post","type-post","status-publish","format-standard","hentry","category-politics","tag-buzaumedia-ro","tag-crawlmanager"],"_links":{"self":[{"href":"https:\/\/analyse.optim.biz\/index.php?rest_route=\/wp\/v2\/posts\/2105516","targetHints":{"allow":["GET"]}}],"collection":[{"href":"https:\/\/analyse.optim.biz\/index.php?rest_route=\/wp\/v2\/posts"}],"about":[{"href":"https:\/\/analyse.optim.biz\/index.php?rest_route=\/wp\/v2\/types\/post"}],"author":[{"embeddable":true,"href":"https:\/\/analyse.optim.biz\/index.php?rest_route=\/wp\/v2\/users\/1"}],"replies":[{"embeddable":true,"href":"https:\/\/analyse.optim.biz\/index.php?rest_route=%2Fwp%2Fv2%2Fcomments&post=2105516"}],"version-history":[{"count":0,"href":"https:\/\/analyse.optim.biz\/index.php?rest_route=\/wp\/v2\/posts\/2105516\/revisions"}],"wp:attachment":[{"href":"https:\/\/analyse.optim.biz\/index.php?rest_route=%2Fwp%2Fv2%2Fmedia&parent=2105516"}],"wp:term":[{"taxonomy":"category","embeddable":true,"href":"https:\/\/analyse.optim.biz\/index.php?rest_route=%2Fwp%2Fv2%2Fcategories&post=2105516"},{"taxonomy":"post_tag","embeddable":true,"href":"https:\/\/analyse.optim.biz\/index.php?rest_route=%2Fwp%2Fv2%2Ftags&post=2105516"}],"curies":[{"name":"wp","href":"https:\/\/api.w.org\/{rel}","templated":true}]}}