{"id":2105358,"date":"2026-08-21T17:36:16","date_gmt":"2026-08-21T14:36:16","guid":{"rendered":"https:\/\/analyse.optim.biz\/?p=2105358"},"modified":"2026-08-21T17:36:16","modified_gmt":"2026-08-21T14:36:16","slug":"marea-britanie-a-realizat-un-afis-prin-care-ii-incurajeaza-pe-refugiati-sa-nu-violeze-sau-sa-abuzeze-sexual-copiii-ca-sa-nu-piarda-dreptul-de-sedere","status":"publish","type":"post","link":"https:\/\/analyse.optim.biz\/?p=2105358","title":{"rendered":"Marea Britanie a realizat un afi\u0219 prin care \u00eei \u00eencurajeaz\u0103 pe refugia\u021bi s\u0103 nu violeze sau s\u0103 abuzeze sexual copiii, ca s\u0103 nu piard\u0103 dreptul de \u0219edere"},"content":{"rendered":"<p>[analyse_image type=&#8221;featured&#8221; src=&#8221;https:\/\/ortodoxinfo.ro\/wp-content\/uploads\/2026\/08\/marea-britanie-a-realizat-un-afis-prin-care-ii-incurajeaza-pe-migranti-sa-nu-violeze-sau-sa-abuzeze.pnghttps:\/\/ortodoxinfo.ro\/wp-content\/uploads\/2026\/08\/marea-britanie-a-realizat-un-afis-prin-care-ii-incurajeaza-pe-migranti-sa-nu-violeze-sau-sa-abuzeze.png&#8221;]<\/p>\n<article id=\"post-260242\" class=\"post-260242 post type-post status-publish format-standard has-post-thumbnail category-refugiati\">\n<header class=\"single-header\">\n<aside class=\"breadcrumb-wrap breadcrumb-yoast s-breadcrumb\">\n<div class=\"breadcrumb-inner\"><span><span><a href=\"https:\/\/ortodoxinfo.ro\/\">Prima pagin\u0103<\/a><\/span> \u00bb <span><a href=\"https:\/\/ortodoxinfo.ro\/blog\/\">Blog<\/a><\/span> \u00bb <span class=\"breadcrumb_last\" aria-current=\"page\">Marea Britanie a realizat un afi\u0219 prin care \u00eei \u00eencurajeaz\u0103 pe refugia\u021bi s\u0103 nu violeze sau s\u0103 abuzeze sexual copiii, ca s\u0103 nu piard\u0103 dreptul de \u0219edere<\/span><\/span><\/div>\n<\/aside>\n<h1 class=\"s-title fw-headline\">Marea Britanie a realizat un afi\u0219 prin care \u00eei \u00eencurajeaz\u0103 pe refugia\u021bi s\u0103 nu violeze sau s\u0103 abuzeze sexual copiii, ca s\u0103 nu piard\u0103 dreptul de \u0219edere<\/h1>\n<div class=\"single-meta meta-s-default yes-0\">\n<div class=\"smeta-in\"><a class=\"meta-el meta-avatar\" href=\"https:\/\/ortodoxinfo.ro\/author\/redactor\/\"><img loading=\"lazy\" decoding=\"async\" alt=\"OrtodoxINFO\" src=\"https:\/\/secure.gravatar.com\/avatar\/21010332354a182ce4de6016685c5586f21c51866d0ec5bc8ef383240b3c3e02?s=120&amp;r=g\" class=\"avatar avatar-120 photo\" height=\"120\" width=\"120\"><\/a><\/p>\n<div class=\"smeta-sec\">\n<div class=\"p-meta\">\n<div class=\"meta-inner is-meta\"><span class=\"meta-el meta-date\"><time datetime=\"2026-08-21T19:50:24+03:00\">21 august 2026<\/time><\/span><span class=\"meta-el meta-category meta-bold\"><a class=\"meta-separate category-1933\" href=\"https:\/\/ortodoxinfo.ro\/category\/anti-sistem\/globalizare\/refugiati\/\">Refugia\u021bi<\/a><\/span><span class=\"meta-el meta-view\">2.2k vizualiz\u0103ri\t\t<\/span><span class=\"meta-el meta-comment mobile-last-meta tablet-last-meta\"><a href=\"https:\/\/ortodoxinfo.ro\/2026\/08\/21\/marea-britanie-a-realizat-un-afis-prin-care-ii-incurajeaza-pe-refugiati-sa-nu-violeze-sau-sa-abuzeze-sexual-copiii-ca-sa-nu-piarda-dreptul-de-sedere\/#respond\">Comentarii<\/a><\/span><\/div>\n<\/div>\n<\/div>\n<\/div>\n<div class=\"smeta-extra\">\n<div class=\"t-shared-sec tooltips-n has-read-meta is-color\">\n<div class=\"t-shared-header is-meta\"><span class=\"share-label\">Share<\/span><\/div>\n<\/div>\n<div class=\"single-right-meta single-time-read is-meta\"><span class=\"meta-el meta-read\">6 Min Read<\/span><\/div>\n<\/div>\n<\/div>\n<\/header>\n<div class=\"grid-container\">\n<div class=\"s-ct\">\n<div class=\"s-feat-outer\">\n<div class=\"s-feat\">\n<div class=\"featured-lightbox-trigger\" data-source=\"https:\/\/ortodoxinfo.ro\/wp-content\/uploads\/2026\/08\/marea-britanie-a-realizat-un-afis-prin-care-ii-incurajeaza-pe-migranti-sa-nu-violeze-sau-sa-abuzeze.png\" data-caption data-attribution><img fetchpriority=\"high\" decoding=\"async\" width=\"860\" height=\"452\" src=\"https:\/\/ortodoxinfo.ro\/wp-content\/uploads\/2026\/08\/marea-britanie-a-realizat-un-afis-prin-care-ii-incurajeaza-pe-migranti-sa-nu-violeze-sau-sa-abuzeze-860x452.png\" class=\"attachment-foxiz_crop_o1 size-foxiz_crop_o1 wp-post-image\" alt loading=\"eager\"><\/div>\n<\/div>\n<\/div>\n<div class=\"s-ct-wrap has-lsl\">\n<div class=\"s-ct-inner\">\n<div class=\"l-shared-sec-outer show-mobile\">\n<div class=\"l-shared-sec\">\n<div class=\"l-shared-header meta-text\"><span class=\"share-label\">SHARE<\/span><\/div>\n<\/div>\n<\/div>\n<div class=\"e-ct-outer\">\n<div class=\"entry-top\">\n<div id=\"custom_html-3\" class=\"widget_text widget entry-widget clearfix widget_custom_html\">\n<div class=\"textwidget custom-html-widget\">\n<div><small><br \/>\n    OrtodoxINFO este supus unui sabotaj sistematic din partea reprezentan\u021bilor Google Rom\u00e2nia, at\u00e2t la afi\u0219\u0103ri c\u00e2t \u0219i \u00een rezultatele de c\u0103utare.<br \/>\n        Astfel c\u0103 veniturile din publicitate au sc\u0103zut de p\u00e2n\u0103 la <strong>10 ori<\/strong>. Situa\u021bia este similar\u0103 \u0219i pe Facebook.<\/p>\n<p>        V\u0103 invit\u0103m s\u0103 accesa\u021bi direct site-ul \u0219i s\u0103 v\u0103 abona\u021bi la notific\u0103ri.<\/p>\n<p>    Dac\u0103 dori\u021bi s\u0103 ne sus\u021bine\u021bi \u00een aceast\u0103 perioad\u0103 dificil\u0103, orice <a href=\"https:\/\/ortodoxinfo.ro\/donatii\/\">dona\u021bie<\/a> este binevenit\u0103.<br \/>\n    Dumnezeu s\u0103 v\u0103 r\u0103spl\u0103teasc\u0103!<br \/>\n<\/small><\/div>\n<\/div>\n<\/div>\n<\/div>\n<div class=\"entry-content rbct clearfix is-highlight-shares\">\n<div class=\"ruby-table-contents rbtoc table-left table-fw-single-col\">\n<div class=\"toc-header\"><span class=\"h3\">Sumar<\/span><\/div>\n<div class=\"toc-content h5\"><a href=\"https:\/\/ortodoxinfo.ro\/2026\/08\/21\/marea-britanie-a-realizat-un-afis-prin-care-ii-incurajeaza-pe-refugiati-sa-nu-violeze-sau-sa-abuzeze-sexual-copiii-ca-sa-nu-piarda-dreptul-de-sedere\/#protejarea-copiilor\" class=\"table-link no-link anchor-link\" data-index=\"rb-heading-index-0\">Protejarea copiilor<\/a><a href=\"https:\/\/ortodoxinfo.ro\/2026\/08\/21\/marea-britanie-a-realizat-un-afis-prin-care-ii-incurajeaza-pe-refugiati-sa-nu-violeze-sau-sa-abuzeze-sexual-copiii-ca-sa-nu-piarda-dreptul-de-sedere\/#afise\" class=\"table-link no-link anchor-link\" data-index=\"rb-heading-index-1\">Afi\u0219e<\/a><\/div>\n<\/div>\n<p>\u00cen mod surprinz\u0103tor, Marea Britanie a publicat acum afi\u0219e oficiale, aprobate de guvern, prin care \u00eei informeaz\u0103 pe str\u0103inii afla\u021bi \u00een situa\u021bie ilegal\u0103 \u0219i\/sau pe imigran\u021bii f\u0103r\u0103 documente c\u0103 violul \u0219i abuzul sexual asupra copiilor sunt ilegale, conform <a href=\"https:\/\/www.americanthinker.com\/blog\/2026\/08\/the-u-k-produces-a-poster-encouraging-migrants-not-to-rape-or-abuse-children\/\" target=\"_blank\" rel=\"noopener\">American Thinker<\/a>.<\/p>\n<p>\u00cen partea de jos a afi\u0219ului privind abuzul asupra copiilor exist\u0103 o not\u0103 care precizeaz\u0103 c\u0103, dac\u0103 ai fi arestat pentru abuz asupra copiilor, \u201eacest lucru \u021bi-ar putea afecta cererea de azil\u201d.<\/p>\n<p>Ah, deci asta conteaz\u0103 cu adev\u0103rat, de aceea oficialii fac asta.<\/p>\n<p>Adic\u0103, recunosc, nu e tocmai o imagine pl\u0103cut\u0103 dac\u0103 copiii sunt viola\u021bi, dar chiar nu vrem s\u0103 vedem pe nimeni cu astfel de \u00eenclina\u021bii deportat. Ar fi tragic.<\/p>\n<p>Unul dintre lucrurile pe care afi\u0219ul le men\u021bioneaz\u0103 ca fiind o \u201einfrac\u021biune grav\u0103\u201d este mutilarea genital\u0103 feminin\u0103. Se precizeaz\u0103 c\u0103 t\u0103ierea sau r\u0103nirea \u201eorganelor genitale ale unei fete\u201d este strict interzis\u0103.<\/p>\n<blockquote class=\"twitter-tweet\">\n<p dir=\"ltr\" lang=\"en\">???? NEW: The Government is handing out posters to asylum seekers telling them not to have sex with girls or mutilate their genitals <a href=\"https:\/\/t.co\/Pl9JPMvBp4\">pic.twitter.com\/Pl9JPMvBp4<\/a><\/p>\n<p>\u2014 Politics UK (@PolitlcsUK) <a href=\"https:\/\/x.com\/PolitlcsUK\/status\/2090116690738565372?ref_src=twsrc%5Etfw\">August 19, 2026<\/a><\/p>\n<\/blockquote>\n<p>(Cu excep\u021bia cazului \u00een care, desigur, o fat\u0103 crede c\u0103 ar dori s\u0103 devin\u0103 b\u0103rbat trans, se pare. Dac\u0103 mutilarea genital\u0103 este cu adev\u0103rat \u00eempotriva legii britanice, un procent semnificativ dintre medicii din Marea Britanie ar trebui s\u0103 fie \u00een \u00eenchisoare.)<\/p>\n<p>Poate c\u0103 Marea Britanie ar trebui s\u0103 afi\u0219eze postere \u0219i s\u0103 distribuie pliante \u00een care s\u0103 se precizeze:<\/p>\n<p>\u201e\u00cen Marea Britanie este ilegal s\u0103 ucizi pe cineva, f\u0103r\u0103 provocare \u0219i cu s\u00e2nge rece. Este ilegal s\u0103 \u00eempu\u0219ti oameni, s\u0103-i \u00eenjunghii sau s\u0103-i sugrumi\u2026 chiar dac\u0103 sunt \u00abnecredincio\u0219i\u00bb. V\u0103 mul\u021bumim.<\/p>\n<p>De asemenea, este ilegal s\u0103 te c\u0103s\u0103tore\u0219ti cu o feti\u021b\u0103 de opt ani, chiar dac\u0103 a\u0219tep\u021bi p\u00e2n\u0103 la v\u00e2rsta de zece ani pentru a consuma uniunea. V\u0103 mul\u021bumim \u00eenc\u0103 o dat\u0103.\u201d<\/p>\n<div class=\"inline-single-ad ad_single_3_index alignfull\">\n<div class=\"ad-wrap ad-script-wrap\">\n<div class=\"ad-script non-adsense edge-padding\">\n<div>\n\u203c\ufe0f\u203c\ufe0f NU recunoa\u0219tem ca pre\u0219edinte al Rom\u00e2niei pe marioneta retard\u0103 Nicu\u0219or Dan! Rom\u00e2ni, boicota\u021bi aceast\u0103 f\u0103c\u0103tur\u0103, care ne face \u021bara de r\u00e2s! NU rom\u00e2nii l-au votat pe Nicusoro\u0219 &#8211; cu unele excep\u021bii de persoane infantile, manipulabile \u0219i chiar idioate &#8211; ci l-au ajutat Maia Soro\u0219, Emanuel Macrou \u0219i tr\u0103d\u0103torii de la B.E.C. \u0219i CCR!<br \/>\n La \u00eenchisoare cu cei care au fraudat alegerile!\n<\/div>\n<\/div>\n<\/div>\n<\/div>\n<p>V\u0103 sugerez un mesaj mai bun: \u201eDac\u0103 \u00eenclina\u021bia ta natural\u0103 este s\u0103 converte\u0219ti, s\u0103 \u00eenrobe\u0219ti sau s\u0103 ucizi pe cei de alt\u0103 religie, s\u0103 violezi fete tinere \u2014 singur sau \u00een grup \u2014 \u0219i s\u0103-\u021bi faci nevoile pe plaj\u0103\u2026 \u00eemi pare r\u0103u, dar asta nu va merge. Vrem s\u0103 iei urm\u0103torul vapor \u00eenapoi spre locul \u0103la de unde ai venit.<\/p>\n<p>Dac\u0103 asta nu sun\u0103 suficient de divers sau de incluziv, \u00eemi pare \u00eengrozitor de r\u0103u, dar consider\u0103m c\u0103 crima, violul \u0219i defecarea \u00een public sunt de prost gust. De fapt, consider\u0103m c\u0103 \u00eens\u0103\u0219i crima este exact opusul toleran\u021bei \u0219i incluziunii. Acum, pleac\u0103 de aici!\u201d<\/p>\n<p>M-am s\u0103turat peste m\u0103sur\u0103 s\u0103 mi se spun\u0103 c\u0103 trebuie s\u0103 cred c\u0103 toate culturile, de-a lungul \u00eentregii istorii, sunt echivalente. Este evident absurd. Nu mi-e team\u0103 s\u0103 spun c\u0103 nici eu nu sunt un mare fan al sacrificiilor umane. Sau al canibalismului. Numi\u021bi-m\u0103 bigot, xenofob sau sus\u021bin\u0103tor al suprema\u021biei albe. Nu-mi pas\u0103. Nu vreau nici s\u0103-i sacrific pe Bob \u0219i Melissa, nici s\u0103-i m\u0103n\u00e2nc. Mai mult, rasist cu mintea \u00eengust\u0103 cum cu siguran\u021b\u0103 sunt, nu sunt de acord cu amplasarea deliberat\u0103 a \u201emigran\u021bilor\u201d l\u00e2ng\u0103 \u0219coli. \u0218i, \u00een spiritul unei transparen\u021be f\u0103r\u0103 rezerve, trebuie s\u0103 recunosc c\u0103 mi se par pu\u021bin dezgust\u0103toare mamele care \u0219i-ar \u00eencuraja fiicele s\u0103 se c\u0103s\u0103toreasc\u0103 cu violatorii lor.<\/p>\n<p>S-ar putea ca \u00een cur\u00e2nd s\u0103 apar\u0103 \u0219i alte afi\u0219e, flutura\u0219i \u0219i panouri \u00een toat\u0103 Marea Britanie. Unele care s\u0103 afirme c\u0103 dansul, carnea de porc, alcoolul, c\u00e2inii, iudaismul \u0219i cre\u0219tinismul sunt acum ilegale. Dar c\u0103 este perfect \u00een regul\u0103, ba chiar halal, s\u0103 te c\u0103s\u0103tore\u0219ti cu v\u0103rul t\u0103u de 11 ani.<\/p>\n<p>A\u0219a cum a remarcat adesea Mark Steyn, demografia este destinul. Punct.<\/p>\n<p>Marea Britanie, \u0219i o mare parte a Occidentului, a fost p\u0103truns\u0103\u2026 \u0219i violat\u0103\u2026 de o legiune str\u0103in\u0103. \u0218i totu\u0219i nu a existat nicio reac\u021bie real\u0103, nimeni nu a fost tras la r\u0103spundere. Empatie sinuciga\u0219\u0103 la scar\u0103 larg\u0103.<\/p>\n<p>Poate ar trebui s\u0103 realiz\u0103m un alt afi\u0219.<\/p>\n<blockquote class=\"twitter-tweet\">\n<p dir=\"ltr\" lang=\"en\">NEW: The UK government has issued a 9 page behavioral guide for asylum seekers that includes teaching them that women must consent to sex in all situations, women are allowed to work, study, and make their own decisions and don\u2019t need permission from men, and failing to adhere\u2026 <a href=\"https:\/\/t.co\/vqGGgQTPeJ\">pic.twitter.com\/vqGGgQTPeJ<\/a><\/p>\n<p>\u2014 Bill Melugin (@BillMelugin_) <a href=\"https:\/\/x.com\/BillMelugin_\/status\/2090204308117569599?ref_src=twsrc%5Etfw\">August 19, 2026<\/a><\/p>\n<\/blockquote>\n<p><em><strong>PS: Pentru \u00a0fact-checking-ul din Rom\u00e2nia<\/strong><strong>\u2013 Documentele oficiale pe site-ul oficial din Marea Britanie poate s\u0103 fie studiat <a href=\"https:\/\/www.gov.uk\/government\/collections\/resources-for-asylum-seekers-in-the-uk\" target=\"_blank\" rel=\"noopener\">aici<\/a>\u00a0(link activ al site-ului oficial al Guvernului Marii Britanii)<\/strong><\/em><\/p>\n<p><b>Resurse pentru solicitan\u021bii de azil din Regatul Unit<\/b><\/p>\n<p>Informa\u021bii pentru solicitan\u021bii de azil cu privire la ceea ce se a\u0219teapt\u0103 de la ei pe durata \u0219ederii \u00een Regatul Unit.<\/p>\n<p>Cuprins<\/p>\n<ol>\n<li>\n<ol>\n<li><a href=\"https:\/\/www.gov.uk\/government\/collections\/resources-for-asylum-seekers-in-the-uk#behaviours-and-expectations-in-the-uk\">Comportamente \u0219i a\u0219tept\u0103ri \u00een Regatul Unit<\/a><\/li>\n<li><a href=\"https:\/\/www.gov.uk\/government\/collections\/resources-for-asylum-seekers-in-the-uk#keeping-children-safe\">Siguran\u021ba copiilor<\/a><\/li>\n<li><a href=\"https:\/\/www.gov.uk\/government\/collections\/resources-for-asylum-seekers-in-the-uk#choosing-where-to-stay\">Alegerea locului de cazare<\/a><\/li>\n<li><a href=\"https:\/\/www.gov.uk\/government\/collections\/resources-for-asylum-seekers-in-the-uk#domestic-abuse\">Violen\u021ba domestic\u0103<\/a><\/li>\n<li><a href=\"https:\/\/www.gov.uk\/government\/collections\/resources-for-asylum-seekers-in-the-uk#posters\">Afi\u0219e<\/a><\/li>\n<\/ol>\n<\/li>\n<\/ol>\n<h3 id=\"protejarea-copiilor\" class=\"rb-heading-index-0\"><b>Protejarea copiilor<\/b><\/h3>\n<p>Aceast\u0103 bro\u0219ur\u0103 explic\u0103 legisla\u021bia din Regatul Unit pentru a v\u0103 ajuta s\u0103 asigura\u021bi siguran\u021ba copiilor \u0219i s\u0103 \u0219ti\u021bi cum s\u0103 interveni\u021bi dac\u0103 sunte\u021bi \u00eengrijora\u021bi \u00een leg\u0103tur\u0103 cu un copil.<\/p>\n<h3 id=\"afise\" class=\"rb-heading-index-1\"><b>Afi\u0219e<\/b><\/h3>\n<p>Aceste afi\u0219e explic\u0103 comportamentul \u0219i a\u0219tept\u0103rile persoanelor care locuiesc \u00een Regatul Unit.<\/p>\n<\/div>\n<div class=\"entry-bottom\">\n<div id=\"block-9\" class=\"widget entry-widget clearfix widget_block\">\n<div><a href=\"https:\/\/suspend.ro\" target=\"_blank\" rel=\"noopener noreferrer\"><img decoding=\"async\" src=\"https:\/\/ortodoxinfo.ro\/wp-content\/uploads\/2026\/08\/FB_IMG_1786185261439.jpg\" alt=\"Verific\u0103 pe suspend.ro \u2013 Parlamentarii din jude\u021bul t\u0103u sus\u021bin suspendarea lui Nicu\u0219or Dan?\"><\/a><\/div>\n<\/div>\n<\/div>\n<\/div>\n<\/div>\n<div class=\"e-shared-sec entry-sec\">\n<div class=\"e-shared-header h4\"><span>Distribuie<\/span><\/div>\n<div class=\"rbbsl tooltips-n effect-fadeout is-bg\"><a class=\"share-action share-trigger icon-facebook\" aria-label=\"Share on Facebook\" href=\"https:\/\/www.facebook.com\/sharer.php?u=https%3A%2F%2Fortodoxinfo.ro%2F2026%2F08%2F21%2Fmarea-britanie-a-realizat-un-afis-prin-care-ii-incurajeaza-pe-refugiati-sa-nu-violeze-sau-sa-abuzeze-sexual-copiii-ca-sa-nu-piarda-dreptul-de-sedere%2F\" data-title=\"Facebook\" rel=\"nofollow\"><span>Facebook<\/span><\/a><a class=\"share-action share-trigger icon-twitter\" aria-label=\"Share on X\" href=\"https:\/\/twitter.com\/intent\/tweet?text=Marea+Britanie+a+realizat+un+afi%C8%99+prin+care+%C3%AEi+%C3%AEncurajeaz%C4%83+pe+refugia%C8%9Bi+s%C4%83+nu+violeze+sau+s%C4%83+abuzeze+sexual+copiii%2C+ca+s%C4%83+nu+piard%C4%83+dreptul+de+%C8%99edere&amp;url=https%3A%2F%2Fortodoxinfo.ro%2F2026%2F08%2F21%2Fmarea-britanie-a-realizat-un-afis-prin-care-ii-incurajeaza-pe-refugiati-sa-nu-violeze-sau-sa-abuzeze-sexual-copiii-ca-sa-nu-piarda-dreptul-de-sedere%2F&amp;via=ortodoxinforo\" data-title=\"X\" rel=\"nofollow\"><span>X<\/span><\/a><a class=\"share-action icon-whatsapp is-web\" aria-label=\"Share on Whatsapp\" href=\"https:\/\/web.whatsapp.com\/send?text=Marea+Britanie+a+realizat+un+afi%C8%99+prin+care+%C3%AEi+%C3%AEncurajeaz%C4%83+pe+refugia%C8%9Bi+s%C4%83+nu+violeze+sau+s%C4%83+abuzeze+sexual+copiii%2C+ca+s%C4%83+nu+piard%C4%83+dreptul+de+%C8%99edere%20%E2%98%9E%20https%3A%2F%2Fortodoxinfo.ro%2F2026%2F08%2F21%2Fmarea-britanie-a-realizat-un-afis-prin-care-ii-incurajeaza-pe-refugiati-sa-nu-violeze-sau-sa-abuzeze-sexual-copiii-ca-sa-nu-piarda-dreptul-de-sedere%2F\" target=\"_blank\" data-title=\"WhatsApp\" rel=\"nofollow\"><span>Whatsapp<\/span><\/a><a class=\"share-action icon-whatsapp is-mobile\" aria-label=\"Share on Whatsapp\" href=\"\/\/send?text=Marea+Britanie+a+realizat+un+afi%C8%99+prin+care+%C3%AEi+%C3%AEncurajeaz%C4%83+pe+refugia%C8%9Bi+s%C4%83+nu+violeze+sau+s%C4%83+abuzeze+sexual+copiii%2C+ca+s%C4%83+nu+piard%C4%83+dreptul+de+%C8%99edere%20%E2%98%9E%20https%3A%2F%2Fortodoxinfo.ro%2F2026%2F08%2F21%2Fmarea-britanie-a-realizat-un-afis-prin-care-ii-incurajeaza-pe-refugiati-sa-nu-violeze-sau-sa-abuzeze-sexual-copiii-ca-sa-nu-piarda-dreptul-de-sedere%2F\" target=\"_blank\" data-title=\"WhatsApp\" rel=\"nofollow\"><span>Whatsapp<\/span><\/a><a class=\"share-action share-trigger icon-telegram\" aria-label=\"Share on Telegram\" href=\"https:\/\/t.me\/share\/?url=https%3A%2F%2Fortodoxinfo.ro%2F2026%2F08%2F21%2Fmarea-britanie-a-realizat-un-afis-prin-care-ii-incurajeaza-pe-refugiati-sa-nu-violeze-sau-sa-abuzeze-sexual-copiii-ca-sa-nu-piarda-dreptul-de-sedere%2F&amp;text=Marea+Britanie+a+realizat+un+afi%C8%99+prin+care+%C3%AEi+%C3%AEncurajeaz%C4%83+pe+refugia%C8%9Bi+s%C4%83+nu+violeze+sau+s%C4%83+abuzeze+sexual+copiii%2C+ca+s%C4%83+nu+piard%C4%83+dreptul+de+%C8%99edere\" data-title=\"Telegram\" rel=\"nofollow\"><span>Telegram<\/span><\/a><a class=\"share-action icon-copy copy-trigger\" aria-label=\"Copy Link\" href=\"https:\/\/ortodoxinfo.ro\/2026\/08\/21\/marea-britanie-a-realizat-un-afis-prin-care-ii-incurajeaza-pe-refugiati-sa-nu-violeze-sau-sa-abuzeze-sexual-copiii-ca-sa-nu-piarda-dreptul-de-sedere\/\" data-copied=\"Copied!\" data-link=\"https:\/\/ortodoxinfo.ro\/2026\/08\/21\/marea-britanie-a-realizat-un-afis-prin-care-ii-incurajeaza-pe-refugiati-sa-nu-violeze-sau-sa-abuzeze-sexual-copiii-ca-sa-nu-piarda-dreptul-de-sedere\/\" rel=\"nofollow\" data-copy=\"Copy Link\"><span>Copy Link<\/span><\/a><a class=\"share-action icon-print\" aria-label=\"Print\" rel=\"nofollow\" data-title=\"Print\"><span>Print<\/span><\/a><\/div>\n<\/div>\n<\/div>\n<div id=\"tabs\" class=\"dntplgn_form_wrapper\"><span><\/p>\n<h2>\u0218tirile sunt sub cenzur\u0103! Sprijini\u021bi OrtodoxINFO!<\/h2>\n<p>Guvernul nu dore\u0219te aflarea adev\u0103rului despre lovitura de stat \u0219i \u00eengenuncherea Rom\u00e2niei. \u00cencerc\u0103m s\u0103 men\u021binem viu acest site \u0219i s\u0103 v\u0103 punem la dispozi\u021bie informa\u021bii care s\u0103 fac\u0103 lumin\u0103 \u00een cea mai mare provocare pe care o tr\u0103im. Jurnalismul independent al portalului OrtodoxINFO func\u021bioneaz\u0103 strict cu ajutorul cititorilor.<br \/>\nNe pute\u021bi sprijini printr-o <b><a href=\"https:\/\/ortodoxinfo.ro\/donatii\/\">dona\u021bie bancar\u0103<\/a> sau prin PayPal, complet\u00e2nd formularul de mai jos.<\/b><\/span><\/p>\n<ul>\n<li><a href=\"https:\/\/ortodoxinfo.ro\/2026\/08\/21\/marea-britanie-a-realizat-un-afis-prin-care-ii-incurajeaza-pe-refugiati-sa-nu-violeze-sau-sa-abuzeze-sexual-copiii-ca-sa-nu-piarda-dreptul-de-sedere\/#tabs-1\">Dona\u021bie lunar\u0103<\/a><\/li>\n<li><a href=\"https:\/\/ortodoxinfo.ro\/2026\/08\/21\/marea-britanie-a-realizat-un-afis-prin-care-ii-incurajeaza-pe-refugiati-sa-nu-violeze-sau-sa-abuzeze-sexual-copiii-ca-sa-nu-piarda-dreptul-de-sedere\/#tabs-2\">Doar acum<\/a><\/li>\n<\/ul>\n<div id=\"tabs-1\"><img loading=\"lazy\" decoding=\"async\" alt border=\"0\" src=\"https:\/\/www.paypalobjects.com\/en_US\/i\/scr\/pixel.gif\" width=\"1\" height=\"1\"><\/div>\n<div id=\"tabs-2\">\n<p>\t\t     \u20ac<\/p>\n<p>\t\t    <img loading=\"lazy\" decoding=\"async\" alt border=\"0\" src=\"https:\/\/www.paypalobjects.com\/en_US\/i\/scr\/pixel.gif\" width=\"1\" height=\"1\"><\/div>\n<p>Mul\u021bumim celor care ne-au ajutat p\u00e2n\u0103 acum!\n\t<\/p><\/div>\n<div class=\"comment-box-wrap entry-sec\">\n<div class=\"comment-box-header\"><span class=\"h3\">Las\u0103 un comentariu<\/span><\/div>\n<div class=\"comment-holder no-comment\">\n<div id=\"comments\" class=\"comments-area\">\n<div id=\"respond\" class=\"comment-respond\">\n<h3 id=\"reply-title\" class=\"comment-reply-title\">Las\u0103 un r\u0103spuns <small><a rel=\"nofollow\" id=\"cancel-comment-reply-link\" href=\"https:\/\/ortodoxinfo.ro\/2026\/08\/21\/marea-britanie-a-realizat-un-afis-prin-care-ii-incurajeaza-pe-refugiati-sa-nu-violeze-sau-sa-abuzeze-sexual-copiii-ca-sa-nu-piarda-dreptul-de-sedere\/#respond\">Anuleaz\u0103 r\u0103spunsul<\/a><\/small><\/h3>\n<p class=\"comment-notes\"><span id=\"email-notes\">Adresa ta de email nu va fi publicat\u0103.<\/span><span class=\"required-field-message\">C\u00e2mpurile obligatorii sunt marcate cu <span class=\"required\">*<\/span><\/span><\/p>\n<\/div>\n<\/div>\n<\/div>\n<\/div>\n<\/div>\n<div class=\"sidebar-wrap single-sidebar\">\n<div class=\"sidebar-inner clearfix\">\n<div id=\"widget-post-2\" class=\"widget rb-section w-sidebar clearfix widget-post\">\n<div class=\"block-h widget-heading heading-layout-1\">\n<div class=\"heading-inner\">\n<h4 class=\"heading-title\"><span>Articole recente<\/span><\/h4>\n<\/div>\n<\/div>\n<div class=\"widget-p-listing\">\n<div class=\"p-wrap p-small p-list-small-2\" data-pid=\"260271\">\n<div class=\"feat-holder\">\n<div class=\"p-featured ratio-v1\"><a class=\"p-flink\" href=\"https:\/\/ortodoxinfo.ro\/2026\/08\/21\/presedintele-iranului-cere-incheierea-razboiului-cu-sua\/\" title=\"Pre\u0219edintele Iranului cere \u00eencheierea r\u0103zboiului cu SUA\"><img decoding=\"async\" width=\"150\" height=\"150\" src=\"https:\/\/ortodoxinfo.ro\/wp-content\/uploads\/2026\/08\/123-150x150.jpeg\" class=\"featured-img wp-post-image\" alt loading=\"lazy\"><\/a><\/div>\n<\/div>\n<div class=\"p-content\">\n<h5 class=\"entry-title\"><a class=\"p-url\" href=\"https:\/\/ortodoxinfo.ro\/2026\/08\/21\/presedintele-iranului-cere-incheierea-razboiului-cu-sua\/\" rel=\"bookmark\">Pre\u0219edintele Iranului cere \u00eencheierea r\u0103zboiului cu SUA<\/a><\/h5>\n<div class=\"p-meta\">\n<div class=\"meta-inner is-meta\"><span class=\"meta-el meta-date\"><time datetime=\"2026-08-21T22:04:56+03:00\">21 august 2026<\/time><\/span><span class=\"meta-el meta-category meta-bold\"><a class=\"meta-separate category-20293\" href=\"https:\/\/ortodoxinfo.ro\/category\/anti-sistem\/al-iii-lea-razboi-mondial\/iran\/\">IRAN<\/a><\/span><span class=\"meta-el meta-view\">1.3k vizualiz\u0103ri\t\t<\/span><\/div>\n<\/div>\n<\/div>\n<\/div>\n<div class=\"p-wrap p-small p-list-small-2\" data-pid=\"260234\">\n<div class=\"feat-holder\">\n<div class=\"p-featured ratio-v1\"><a class=\"p-flink\" href=\"https:\/\/ortodoxinfo.ro\/2026\/08\/21\/alerta-se-pregateste-desfiintarea-si-blocarea-partidelor-suveraniste-de-catre-aep\/\" title=\"ALERT\u0102! Se preg\u0103te\u0219te desfiin\u021barea \u0219i blocarea partidelor suveraniste de c\u0103tre AEP\"><img decoding=\"async\" width=\"150\" height=\"150\" src=\"https:\/\/ortodoxinfo.ro\/wp-content\/uploads\/2026\/08\/509439602_9721450731316495_2564240391523880106_n-150x150.jpg\" class=\"featured-img wp-post-image\" alt loading=\"lazy\"><\/a><\/div>\n<\/div>\n<div class=\"p-content\">\n<h5 class=\"entry-title\"><a class=\"p-url\" href=\"https:\/\/ortodoxinfo.ro\/2026\/08\/21\/alerta-se-pregateste-desfiintarea-si-blocarea-partidelor-suveraniste-de-catre-aep\/\" rel=\"bookmark\">ALERT\u0102! Se preg\u0103te\u0219te desfiin\u021barea \u0219i blocarea partidelor suveraniste de c\u0103tre AEP<\/a><\/h5>\n<div class=\"p-meta\">\n<div class=\"meta-inner is-meta\"><span class=\"meta-el meta-date\"><time datetime=\"2026-08-21T19:46:02+03:00\">21 august 2026<\/time><\/span><span class=\"meta-el meta-category meta-bold\"><a class=\"meta-separate category-19885\" href=\"https:\/\/ortodoxinfo.ro\/category\/anti-sistem\/anti-romanism\/asasinii-tarii\/\">Asasinii \u021b\u0103rii<\/a><\/span><span class=\"meta-el meta-view\">9.5k vizualiz\u0103ri\t\t<\/span><\/div>\n<\/div>\n<\/div>\n<\/div>\n<div class=\"p-wrap p-small p-list-small-2\" data-pid=\"260168\">\n<div class=\"feat-holder\">\n<div class=\"p-featured ratio-v1\"><a class=\"p-flink\" href=\"https:\/\/ortodoxinfo.ro\/2026\/08\/21\/se-apropie-sfarsitul-lui-zelensky-a-ramas-fara-sprijin-politic\/\" title=\"Se apropie sf\u00e2r\u0219itul lui Zelensky: a r\u0103mas f\u0103r\u0103 sprijin politic\"><img decoding=\"async\" width=\"150\" height=\"150\" src=\"https:\/\/ortodoxinfo.ro\/wp-content\/uploads\/2026\/08\/zelensky-ramane-fara-sprijin-politic-84228-150x150.png\" class=\"featured-img wp-post-image\" alt loading=\"lazy\"><\/a><\/div>\n<\/div>\n<div class=\"p-content\">\n<h5 class=\"entry-title\"><a class=\"p-url\" href=\"https:\/\/ortodoxinfo.ro\/2026\/08\/21\/se-apropie-sfarsitul-lui-zelensky-a-ramas-fara-sprijin-politic\/\" rel=\"bookmark\">Se apropie sf\u00e2r\u0219itul lui Zelensky: a r\u0103mas f\u0103r\u0103 sprijin politic<\/a><\/h5>\n<div class=\"p-meta\">\n<div class=\"meta-inner is-meta\"><span class=\"meta-el meta-date\"><time datetime=\"2026-08-21T15:07:35+03:00\">21 august 2026<\/time><\/span><span class=\"meta-el meta-category meta-bold\"><a class=\"meta-separate category-15871\" href=\"https:\/\/ortodoxinfo.ro\/category\/anti-sistem\/al-iii-lea-razboi-mondial\/ucraina\/\">Ucraina<\/a><\/span><span class=\"meta-el meta-view\">7.9k vizualiz\u0103ri\t\t<\/span><\/div>\n<\/div>\n<\/div>\n<\/div>\n<div class=\"p-wrap p-small p-list-small-2\" data-pid=\"260041\">\n<div class=\"feat-holder\">\n<div class=\"p-featured ratio-v1\"><a class=\"p-flink\" href=\"https:\/\/ortodoxinfo.ro\/2026\/08\/21\/patrick-andre-de-hillerin-un-om-un-lider-un-exemplu-ilie-bolojan-o-frauda-totala\/\" title=\"Patrick Andr\u00e9 de Hillerin. Un om, un lider, un exemplu: Ilie Bolojan. O fraud\u0103 total\u0103\"><img decoding=\"async\" width=\"150\" height=\"150\" src=\"https:\/\/ortodoxinfo.ro\/wp-content\/uploads\/2026\/08\/bolojan-patrick-jpg-2-150x150.jpeg\" class=\"featured-img wp-post-image\" alt loading=\"lazy\"><\/a><\/div>\n<\/div>\n<div class=\"p-content\">\n<h5 class=\"entry-title\"><a class=\"p-url\" href=\"https:\/\/ortodoxinfo.ro\/2026\/08\/21\/patrick-andre-de-hillerin-un-om-un-lider-un-exemplu-ilie-bolojan-o-frauda-totala\/\" rel=\"bookmark\">Patrick Andr\u00e9 de Hillerin. Un om, un lider, un exemplu: Ilie Bolojan. O fraud\u0103 total\u0103<\/a><\/h5>\n<div class=\"p-meta\">\n<div class=\"meta-inner is-meta\"><span class=\"meta-el meta-date\"><time datetime=\"2026-08-21T09:34:53+03:00\">21 august 2026<\/time><\/span><span class=\"meta-el meta-category meta-bold\"><a class=\"meta-separate category-19885\" href=\"https:\/\/ortodoxinfo.ro\/category\/anti-sistem\/anti-romanism\/asasinii-tarii\/\">Asasinii \u021b\u0103rii<\/a><\/span><span class=\"meta-el meta-view\">6.7k vizualiz\u0103ri\t\t<\/span><\/div>\n<\/div>\n<\/div>\n<\/div>\n<\/div>\n<\/div>\n<div id=\"custom_html-2\" class=\"widget_text widget rb-section w-sidebar clearfix widget_custom_html\">\n<div class=\"block-h widget-heading heading-layout-1\">\n<div class=\"heading-inner\">\n<h4 class=\"heading-title\"><span>DONA\u021aII \u00een cont bancar<\/span><\/h4>\n<\/div>\n<\/div>\n<div class=\"textwidget custom-html-widget\">\n<table class=\"donatii\">\n<tbody>\n<tr>\n<th colspan=\"2\"><strong><span>Asicia\u021bia SMI-B<\/span><\/strong><\/th>\n<\/tr>\n<tr>\n<th>Cont LEI<\/th>\n<td>RO67CECEB00030RON2081955<\/td>\n<\/tr>\n<tr>\n<th>Cont EURO<\/th>\n<td>RO33CECEB000C1EUR2081978<\/td>\n<\/tr>\n<tr>\n<th>Cod SWIFT<\/th>\n<td>CECEROBU<\/td>\n<\/tr>\n<tr>\n<th colspan=\"2\"><strong>CEC BANK SA<\/strong><\/th>\n<\/tr>\n<\/tbody>\n<\/table>\n<\/div>\n<\/div>\n<\/div>\n<\/div>\n<\/div>\n<\/article>\n<div class=\"entry-content rbct clearfix is-highlight-shares\">\n<div class=\"ruby-table-contents rbtoc table-left table-fw-single-col\">\n<div class=\"toc-header\"><span class=\"h3\">Sumar<\/span><\/div>\n<div class=\"toc-content h5\"><a href=\"https:\/\/ortodoxinfo.ro\/2026\/08\/21\/marea-britanie-a-realizat-un-afis-prin-care-ii-incurajeaza-pe-refugiati-sa-nu-violeze-sau-sa-abuzeze-sexual-copiii-ca-sa-nu-piarda-dreptul-de-sedere\/#protejarea-copiilor\" class=\"table-link no-link anchor-link\" data-index=\"rb-heading-index-0\">Protejarea copiilor<\/a><a href=\"https:\/\/ortodoxinfo.ro\/2026\/08\/21\/marea-britanie-a-realizat-un-afis-prin-care-ii-incurajeaza-pe-refugiati-sa-nu-violeze-sau-sa-abuzeze-sexual-copiii-ca-sa-nu-piarda-dreptul-de-sedere\/#afise\" class=\"table-link no-link anchor-link\" data-index=\"rb-heading-index-1\">Afi\u0219e<\/a><\/div>\n<\/div>\n<p>\u00cen mod surprinz\u0103tor, Marea Britanie a publicat acum afi\u0219e oficiale, aprobate de guvern, prin care \u00eei informeaz\u0103 pe str\u0103inii afla\u021bi \u00een situa\u021bie ilegal\u0103 \u0219i\/sau pe imigran\u021bii f\u0103r\u0103 documente c\u0103 violul \u0219i abuzul sexual asupra copiilor sunt ilegale, conform <a href=\"https:\/\/www.americanthinker.com\/blog\/2026\/08\/the-u-k-produces-a-poster-encouraging-migrants-not-to-rape-or-abuse-children\/\" target=\"_blank\" rel=\"noopener\">American Thinker<\/a>.<\/p>\n<p>\u00cen partea de jos a afi\u0219ului privind abuzul asupra copiilor exist\u0103 o not\u0103 care precizeaz\u0103 c\u0103, dac\u0103 ai fi arestat pentru abuz asupra copiilor, \u201eacest lucru \u021bi-ar putea afecta cererea de azil\u201d.<\/p>\n<p>Ah, deci asta conteaz\u0103 cu adev\u0103rat, de aceea oficialii fac asta.<\/p>\n<p>Adic\u0103, recunosc, nu e tocmai o imagine pl\u0103cut\u0103 dac\u0103 copiii sunt viola\u021bi, dar chiar nu vrem s\u0103 vedem pe nimeni cu astfel de \u00eenclina\u021bii deportat. Ar fi tragic.<\/p>\n<p>Unul dintre lucrurile pe care afi\u0219ul le men\u021bioneaz\u0103 ca fiind o \u201einfrac\u021biune grav\u0103\u201d este mutilarea genital\u0103 feminin\u0103. Se precizeaz\u0103 c\u0103 t\u0103ierea sau r\u0103nirea \u201eorganelor genitale ale unei fete\u201d este strict interzis\u0103.<\/p>\n<blockquote class=\"twitter-tweet\">\n<p dir=\"ltr\" lang=\"en\">???? NEW: The Government is handing out posters to asylum seekers telling them not to have sex with girls or mutilate their genitals <a href=\"https:\/\/t.co\/Pl9JPMvBp4\">pic.twitter.com\/Pl9JPMvBp4<\/a><\/p>\n<p>\u2014 Politics UK (@PolitlcsUK) <a href=\"https:\/\/x.com\/PolitlcsUK\/status\/2090116690738565372?ref_src=twsrc%5Etfw\">August 19, 2026<\/a><\/p>\n<\/blockquote>\n<p>(Cu excep\u021bia cazului \u00een care, desigur, o fat\u0103 crede c\u0103 ar dori s\u0103 devin\u0103 b\u0103rbat trans, se pare. Dac\u0103 mutilarea genital\u0103 este cu adev\u0103rat \u00eempotriva legii britanice, un procent semnificativ dintre medicii din Marea Britanie ar trebui s\u0103 fie \u00een \u00eenchisoare.)<\/p>\n<p>Poate c\u0103 Marea Britanie ar trebui s\u0103 afi\u0219eze postere \u0219i s\u0103 distribuie pliante \u00een care s\u0103 se precizeze:<\/p>\n<p>\u201e\u00cen Marea Britanie este ilegal s\u0103 ucizi pe cineva, f\u0103r\u0103 provocare \u0219i cu s\u00e2nge rece. Este ilegal s\u0103 \u00eempu\u0219ti oameni, s\u0103-i \u00eenjunghii sau s\u0103-i sugrumi\u2026 chiar dac\u0103 sunt \u00abnecredincio\u0219i\u00bb. V\u0103 mul\u021bumim.<\/p>\n<p>De asemenea, este ilegal s\u0103 te c\u0103s\u0103tore\u0219ti cu o feti\u021b\u0103 de opt ani, chiar dac\u0103 a\u0219tep\u021bi p\u00e2n\u0103 la v\u00e2rsta de zece ani pentru a consuma uniunea. V\u0103 mul\u021bumim \u00eenc\u0103 o dat\u0103.\u201d<\/p>\n<div class=\"inline-single-ad ad_single_3_index alignfull\">\n<div class=\"ad-wrap ad-script-wrap\">\n<div class=\"ad-script non-adsense edge-padding\">\n<div>\n\u203c\ufe0f\u203c\ufe0f NU recunoa\u0219tem ca pre\u0219edinte al Rom\u00e2niei pe marioneta retard\u0103 Nicu\u0219or Dan! Rom\u00e2ni, boicota\u021bi aceast\u0103 f\u0103c\u0103tur\u0103, care ne face \u021bara de r\u00e2s! NU rom\u00e2nii l-au votat pe Nicusoro\u0219 &#8211; cu unele excep\u021bii de persoane infantile, manipulabile \u0219i chiar idioate &#8211; ci l-au ajutat Maia Soro\u0219, Emanuel Macrou \u0219i tr\u0103d\u0103torii de la B.E.C. \u0219i CCR!<br \/>\n La \u00eenchisoare cu cei care au fraudat alegerile!\n<\/div>\n<\/div>\n<\/div>\n<\/div>\n<p>V\u0103 sugerez un mesaj mai bun: \u201eDac\u0103 \u00eenclina\u021bia ta natural\u0103 este s\u0103 converte\u0219ti, s\u0103 \u00eenrobe\u0219ti sau s\u0103 ucizi pe cei de alt\u0103 religie, s\u0103 violezi fete tinere \u2014 singur sau \u00een grup \u2014 \u0219i s\u0103-\u021bi faci nevoile pe plaj\u0103\u2026 \u00eemi pare r\u0103u, dar asta nu va merge. Vrem s\u0103 iei urm\u0103torul vapor \u00eenapoi spre locul \u0103la de unde ai venit.<\/p>\n<p>Dac\u0103 asta nu sun\u0103 suficient de divers sau de incluziv, \u00eemi pare \u00eengrozitor de r\u0103u, dar consider\u0103m c\u0103 crima, violul \u0219i defecarea \u00een public sunt de prost gust. De fapt, consider\u0103m c\u0103 \u00eens\u0103\u0219i crima este exact opusul toleran\u021bei \u0219i incluziunii. Acum, pleac\u0103 de aici!\u201d<\/p>\n<p>M-am s\u0103turat peste m\u0103sur\u0103 s\u0103 mi se spun\u0103 c\u0103 trebuie s\u0103 cred c\u0103 toate culturile, de-a lungul \u00eentregii istorii, sunt echivalente. Este evident absurd. Nu mi-e team\u0103 s\u0103 spun c\u0103 nici eu nu sunt un mare fan al sacrificiilor umane. Sau al canibalismului. Numi\u021bi-m\u0103 bigot, xenofob sau sus\u021bin\u0103tor al suprema\u021biei albe. Nu-mi pas\u0103. Nu vreau nici s\u0103-i sacrific pe Bob \u0219i Melissa, nici s\u0103-i m\u0103n\u00e2nc. Mai mult, rasist cu mintea \u00eengust\u0103 cum cu siguran\u021b\u0103 sunt, nu sunt de acord cu amplasarea deliberat\u0103 a \u201emigran\u021bilor\u201d l\u00e2ng\u0103 \u0219coli. \u0218i, \u00een spiritul unei transparen\u021be f\u0103r\u0103 rezerve, trebuie s\u0103 recunosc c\u0103 mi se par pu\u021bin dezgust\u0103toare mamele care \u0219i-ar \u00eencuraja fiicele s\u0103 se c\u0103s\u0103toreasc\u0103 cu violatorii lor.<\/p>\n<p>S-ar putea ca \u00een cur\u00e2nd s\u0103 apar\u0103 \u0219i alte afi\u0219e, flutura\u0219i \u0219i panouri \u00een toat\u0103 Marea Britanie. Unele care s\u0103 afirme c\u0103 dansul, carnea de porc, alcoolul, c\u00e2inii, iudaismul \u0219i cre\u0219tinismul sunt acum ilegale. Dar c\u0103 este perfect \u00een regul\u0103, ba chiar halal, s\u0103 te c\u0103s\u0103tore\u0219ti cu v\u0103rul t\u0103u de 11 ani.<\/p>\n<p>A\u0219a cum a remarcat adesea Mark Steyn, demografia este destinul. Punct.<\/p>\n<p>Marea Britanie, \u0219i o mare parte a Occidentului, a fost p\u0103truns\u0103\u2026 \u0219i violat\u0103\u2026 de o legiune str\u0103in\u0103. \u0218i totu\u0219i nu a existat nicio reac\u021bie real\u0103, nimeni nu a fost tras la r\u0103spundere. Empatie sinuciga\u0219\u0103 la scar\u0103 larg\u0103.<\/p>\n<p>Poate ar trebui s\u0103 realiz\u0103m un alt afi\u0219.<\/p>\n<blockquote class=\"twitter-tweet\">\n<p dir=\"ltr\" lang=\"en\">NEW: The UK government has issued a 9 page behavioral guide for asylum seekers that includes teaching them that women must consent to sex in all situations, women are allowed to work, study, and make their own decisions and don\u2019t need permission from men, and failing to adhere\u2026 <a href=\"https:\/\/t.co\/vqGGgQTPeJ\">pic.twitter.com\/vqGGgQTPeJ<\/a><\/p>\n<p>\u2014 Bill Melugin (@BillMelugin_) <a href=\"https:\/\/x.com\/BillMelugin_\/status\/2090204308117569599?ref_src=twsrc%5Etfw\">August 19, 2026<\/a><\/p>\n<\/blockquote>\n<p><em><strong>PS: Pentru \u00a0fact-checking-ul din Rom\u00e2nia<\/strong><strong>\u2013 Documentele oficiale pe site-ul oficial din Marea Britanie poate s\u0103 fie studiat <a href=\"https:\/\/www.gov.uk\/government\/collections\/resources-for-asylum-seekers-in-the-uk\" target=\"_blank\" rel=\"noopener\">aici<\/a>\u00a0(link activ al site-ului oficial al Guvernului Marii Britanii)<\/strong><\/em><\/p>\n<p><b>Resurse pentru solicitan\u021bii de azil din Regatul Unit<\/b><\/p>\n<p>Informa\u021bii pentru solicitan\u021bii de azil cu privire la ceea ce se a\u0219teapt\u0103 de la ei pe durata \u0219ederii \u00een Regatul Unit.<\/p>\n<p>Cuprins<\/p>\n<ol>\n<li>\n<ol>\n<li><a href=\"https:\/\/www.gov.uk\/government\/collections\/resources-for-asylum-seekers-in-the-uk#behaviours-and-expectations-in-the-uk\">Comportamente \u0219i a\u0219tept\u0103ri \u00een Regatul Unit<\/a><\/li>\n<li><a href=\"https:\/\/www.gov.uk\/government\/collections\/resources-for-asylum-seekers-in-the-uk#keeping-children-safe\">Siguran\u021ba copiilor<\/a><\/li>\n<li><a href=\"https:\/\/www.gov.uk\/government\/collections\/resources-for-asylum-seekers-in-the-uk#choosing-where-to-stay\">Alegerea locului de cazare<\/a><\/li>\n<li><a href=\"https:\/\/www.gov.uk\/government\/collections\/resources-for-asylum-seekers-in-the-uk#domestic-abuse\">Violen\u021ba domestic\u0103<\/a><\/li>\n<li><a href=\"https:\/\/www.gov.uk\/government\/collections\/resources-for-asylum-seekers-in-the-uk#posters\">Afi\u0219e<\/a><\/li>\n<\/ol>\n<\/li>\n<\/ol>\n<h3 id=\"protejarea-copiilor\" class=\"rb-heading-index-0\"><b>Protejarea copiilor<\/b><\/h3>\n<p>Aceast\u0103 bro\u0219ur\u0103 explic\u0103 legisla\u021bia din Regatul Unit pentru a v\u0103 ajuta s\u0103 asigura\u021bi siguran\u021ba copiilor \u0219i s\u0103 \u0219ti\u021bi cum s\u0103 interveni\u021bi dac\u0103 sunte\u021bi \u00eengrijora\u021bi \u00een leg\u0103tur\u0103 cu un copil.<\/p>\n<h3 id=\"afise\" class=\"rb-heading-index-1\"><b>Afi\u0219e<\/b><\/h3>\n<p>Aceste afi\u0219e explic\u0103 comportamentul \u0219i a\u0219tept\u0103rile persoanelor care locuiesc \u00een Regatul Unit.<\/p>\n<\/div>\n<p>[analyse_source url=&#8221;https:\/\/ortodoxinfo.ro\/2026\/08\/21\/marea-britanie-a-realizat-un-afis-prin-care-ii-incurajeaza-pe-refugiati-sa-nu-violeze-sau-sa-abuzeze-sexual-copiii-ca-sa-nu-piarda-dreptul-de-sedere\/&#8221;]<\/p>\n","protected":false},"excerpt":{"rendered":"<p>[analyse_image type=&#8221;featured&#8221; src=&#8221;https:\/\/ortodoxinfo.ro\/wp-content\/uploads\/2026\/08\/marea-britanie-a-realizat-un-afis-prin-care-ii-incurajeaza-pe-migranti-sa-nu-violeze-sau-sa-abuzeze.pnghttps:\/\/ortodoxinfo.ro\/wp-content\/uploads\/2026\/08\/marea-britanie-a-realizat-un-afis-prin-care-ii-incurajeaza-pe-migranti-sa-nu-violeze-sau-sa-abuzeze.png&#8221;] Prima pagin\u0103 \u00bb Blog \u00bb Marea Britanie a realizat un afi\u0219 prin care \u00eei \u00eencurajeaz\u0103 pe refugia\u021bi s\u0103 nu violeze sau s\u0103 abuzeze sexual copiii, ca s\u0103 nu piard\u0103 dreptul de \u0219edere Marea Britanie a realizat un afi\u0219 prin care \u00eei \u00eencurajeaz\u0103 pe refugia\u021bi s\u0103 nu violeze sau s\u0103 abuzeze sexual copiii, [&hellip;]<\/p>\n","protected":false},"author":1,"featured_media":0,"comment_status":"open","ping_status":"","sticky":false,"template":"","format":"standard","meta":{"footnotes":""},"categories":[89],"tags":[226,94],"class_list":["post-2105358","post","type-post","status-publish","format-standard","hentry","category-romania","tag-crawlmanager","tag-ortodoxinfo-ro"],"_links":{"self":[{"href":"https:\/\/analyse.optim.biz\/index.php?rest_route=\/wp\/v2\/posts\/2105358","targetHints":{"allow":["GET"]}}],"collection":[{"href":"https:\/\/analyse.optim.biz\/index.php?rest_route=\/wp\/v2\/posts"}],"about":[{"href":"https:\/\/analyse.optim.biz\/index.php?rest_route=\/wp\/v2\/types\/post"}],"author":[{"embeddable":true,"href":"https:\/\/analyse.optim.biz\/index.php?rest_route=\/wp\/v2\/users\/1"}],"replies":[{"embeddable":true,"href":"https:\/\/analyse.optim.biz\/index.php?rest_route=%2Fwp%2Fv2%2Fcomments&post=2105358"}],"version-history":[{"count":0,"href":"https:\/\/analyse.optim.biz\/index.php?rest_route=\/wp\/v2\/posts\/2105358\/revisions"}],"wp:attachment":[{"href":"https:\/\/analyse.optim.biz\/index.php?rest_route=%2Fwp%2Fv2%2Fmedia&parent=2105358"}],"wp:term":[{"taxonomy":"category","embeddable":true,"href":"https:\/\/analyse.optim.biz\/index.php?rest_route=%2Fwp%2Fv2%2Fcategories&post=2105358"},{"taxonomy":"post_tag","embeddable":true,"href":"https:\/\/analyse.optim.biz\/index.php?rest_route=%2Fwp%2Fv2%2Ftags&post=2105358"}],"curies":[{"name":"wp","href":"https:\/\/api.w.org\/{rel}","templated":true}]}}