{"id":2105357,"date":"2026-08-21T06:52:50","date_gmt":"2026-08-21T03:52:50","guid":{"rendered":"https:\/\/analyse.optim.biz\/?p=2105357"},"modified":"2026-08-21T06:52:50","modified_gmt":"2026-08-21T03:52:50","slug":"isterie-in-timisoara-dupa-anuntul-cusut-cu-ata-alba-al-isu-banat-legat-de-mirosul-de-fum-din-serbia-miroase-a-cauciuc-ars-garda-de-mediu-nu-poate-face-nimic","status":"publish","type":"post","link":"https:\/\/analyse.optim.biz\/?p=2105357","title":{"rendered":"Isterie \u00een Timi\u0219oara dup\u0103 anun\u021bul cusut cu a\u021b\u0103 alb\u0103 al ISU Banat legat de mirosul de fum din Serbia: Miroase a cauciuc ars. Garda de Mediu nu poate face nimic"},"content":{"rendered":"<p>[analyse_image type=&#8221;featured&#8221; src=&#8221;https:\/\/60m.ro\/wp-content\/uploads\/2026\/08\/timisoara-fum.webp&#8221;]<\/p>\n<div class=\"articleBody\" data-key=\"articleBody\">\nPagina de Facebook a ISU Timi\u0219 e luat\u0103 cu asalt de\u00a0timi\u0219oreni\u00a0care se pl\u00e2ng c\u0103 \u00een ora\u0219 \u0219i \u00een localit\u0103\u021bile limitrofe miroase a ars. Mirosul e a\u0219a puternic \u00eenc\u00e2t intr\u0103 chiar \u0219i prin geamurile \u00eenchise. Co\u0219marul a \u00eenceput de ieri diminea\u021b\u0103, \u00een jurul orei 9. ISU Banat a anun\u021bat c\u0103 face verific\u0103ri \u00een zonele din care a primit reclama\u021bii legate de miros \u0219i a revenit cu un anun\u021b halucinant. Mirosul de ars vine de la incendiile de vegeta\u021bie din Serbia. Toate bune \u0219i frumoase, numai c\u0103 incendiile\u00a0de vegeta\u021bie din Serbia dureaz\u0103 de o s\u0103pt\u0103m\u00e2n\u0103, iar v\u00e2ntul bate cu 4-5 km la or\u0103, din direc\u021bia Sud,adic\u0103 Bulgaria, conform site-urile de specialitate.<\/p>\n<p>ISU \u00eei sf\u0103tuie\u0219te pe oameni s\u0103 stea \u00een case<\/p>\n<p>&#8220;\ud835\udc0c\ud835\udc04\ud835\udc12\ud835\udc00\ud835\udc09 \ud835\udc03\ud835\udc04 \ud835\udc08\ud835\udc0d\ud835\udc13\ud835\udc04\ud835\udc11\ud835\udc04\ud835\udc12 \ud835\udc0f\ud835\udc14\ud835\udc01\ud835\udc0b\ud835\udc08\ud835\udc02<\/p>\n<p>Av\u00e2nd \u00een vedere sesiz\u0103rile privind prezen\u021ba unor degaj\u0103ri de fum \u00een municipiul Timi\u0219oara \u0219i \u00een alte localit\u0103\u021bi din jude\u021bul Timi\u0219, ISU Timi\u0219 a dispus efectuarea unor misiuni de recunoa\u0219tere \u00een teren, \u00een vederea verific\u0103rii \u0219i identific\u0103rii eventualelor focare de incendiu.<\/p>\n<p>\u00cen urma verific\u0103rilor efectuate, \ud835\udc27\ud835\udc2e \ud835\udc1a\ud835\udc2e \ud835\udc1f\ud835\udc28\ud835\udc2c\ud835\udc2d \ud835\udc22\ud835\udc1d\ud835\udc1e\ud835\udc27\ud835\udc2d\ud835\udc22\ud835\udc1f\ud835\udc22\ud835\udc1c\ud835\udc1a\ud835\udc2d\ud835\udc1e \ud835\udc22\ud835\udc27\ud835\udc1c\ud835\udc1e\ud835\udc27\ud835\udc1d\ud835\udc22\ud835\udc22 \ud835\udc22\u0302\ud835\udc27 \ud835\udc33\ud835\udc28\ud835\udc27\ud835\udc1e\ud835\udc25\ud835\udc1e \ud835\udc2f\ud835\udc22\ud835\udc33\ud835\udc1a\ud835\udc2d\ud835\udc1e.<\/p>\n<p>Din informa\u021biile disponibile, degaj\u0103rile de fum observate \u00een jude\u021bul Timi\u0219 ar putea proveni, cel mai probabil, de la incendiile de vegeta\u021bie uscat\u0103 de amploare din zona Dubovac, Serbia. \u00cen func\u021bie de condi\u021biile meteorologice \u0219i de direc\u021bia v\u00e2ntului, fumul poate fi resim\u021bit \u0219i \u00een jude\u021bul nostru.<\/p>\n<p>\ud835\udc79\ud835\udc86\ud835\udc84\ud835\udc90\ud835\udc8e\ud835\udc82\ud835\udc8f\ud835\udc85\ud835\udc82\u0306\ud835\udc8e \ud835\udc84\ud835\udc86\ud835\udc95\ud835\udc82\u0306\ud835\udc95\u0326\ud835\udc86\ud835\udc8f\ud835\udc8a\ud835\udc8d\ud835\udc90\ud835\udc93:<\/p>\n<p>s\u0103 \u00ee\u0219i p\u0103streze calmul \u0219i s\u0103 nu se alarmeze \u00een cazul observ\u0103rii unor degaj\u0103ri de fum f\u0103r\u0103 surs\u0103;<\/p>\n<p>s\u0103 evite, pe c\u00e2t posibil, expunerea prelungit\u0103 \u00een aer liber \u00een zonele \u00een care fumul este mai dens;<\/p>\n<p>s\u0103 respecte recomand\u0103rile autorit\u0103\u021bilor \u0219i s\u0103 urm\u0103reasc\u0103 inform\u0103rile oficiale;<\/p>\n<p>\u00een cazul \u00een care observ\u0103 un focar de incendiu sau o situa\u021bie care poate pune \u00een pericol persoane ori bunuri, s\u0103 apeleze num\u0103rul unic de urgen\u021b\u0103 112.<\/p>\n<p>ISU Timi\u0219 monitorizeaz\u0103 situa\u021bia \u0219i va interveni, cu promptitudine, \u00een cazul \u00een care vor fi identificate situa\u021bii care necesit\u0103 interven\u021bia echipajelor de urgen\u021b\u0103, asta scria ISU \u00een urm\u0103 cu 19 ore&#8221;.<\/p>\n<p>Oamenii nu cred varianta ISU Timi\u0219<\/p>\n<p>Mul\u021bi oameni au luat cu asalt pagina de Facebook a ISU \u0219i spun c\u0103 e imposibil ca mirosul s\u0103 vin\u0103 din Serbia<\/p>\n<p>Oamenii acuz\u0103 c\u0103 mirosul de fum persist\u0103 a luat amploare \u00een ultimele 10 ore \u0219i c\u0103 nu ar veni din Serbia. Nu de alta, dar \u00een multe nop\u021bi de var\u0103 \u00een Timi\u0219 miroase la fel, fiindc\u0103 se ard miri\u0219ti \u0219i terenuri. Focul se stinge p\u00e2n\u0103 diminea\u021ba, a\u0219a c\u0103 \u00een zilele respective ISU nu anun\u021b\u0103 nimic. Mai mult, oamenii acuz\u0103 c\u0103 mirosul care vine de afar\u0103 e unul de cauciuc ars, nu numai de lemn ars, a\u0219a c\u0103 mul\u021bi iau \u00een calcul incendieri deliberate ale de\u0219eurilor pe parcursul nop\u021bii.<\/p>\n<p>Ce spune Garda de Mediu Timi\u0219<\/p>\n<p>&#8220;Se fac verific\u0103ri, nu sunt incendii \u00een jude\u021b. Am sunat la toate prim\u0103riile, ISU ne anun\u021b\u0103 de orice incendiu. Noi nu suntem pompieri, pompierii ac\u021bioneaz\u0103 noaptea, dac\u0103 exist\u0103 incendii. Garda de Mediu a \u00eenceput verific\u0103rile imediat dup\u0103 ce mirosul s-a extins \u0219i nu exist\u0103 focare active \u00een jude\u021b. E vorba de un incident transfrontalier&#8221;,a declarat \u0219efa G\u0103rzii de Mediu Timi\u0219, Luci Mu\u0219uroi pentru \u0218TIRIPESURSE.ro. \u0218efa G\u0103rzii de Mediu spune c\u0103 de fapt institu\u021bia nu poate da amenzi celor care ard miri\u0219ti dac\u0103 nu \u00eei prinde \u00een flagrant \u0219i cum Garda de Mediu munce\u0219te de la8 la 16, noaptea e paradisul infrac\u021biunilor de mediu.<\/p>\n<p>Alert\u0103 de aer extrem de poluat, pe site-urile meteo<\/p>\n<p>Prim\u0103ria Timi\u0219oara, Consiliul Jude\u021bean Timi\u0219, Prefectura Timi\u0219 ignor\u0103 mirosul de ars din aer. Singurele care con\u0219tientieaz\u0103 situa\u021bia sunt site-urile de meteo care dau alert\u0103 de aer extrem de poluat.<\/p>\n<p>AUR, singurul partid care reac\u021bioneaz\u0103<\/p>\n<p>Consilierul local AUR Ilie S\u00eerbu este singurul politician local care a reac\u021bionat la mirosul de fum care sufoc\u0103 un \u00eentreg ora\u0219. S\u00eerbu spune c\u0103 autorit\u0103\u021bile ignor\u0103 problema.<\/p>\n<p>&#8220;Timi\u0219orenii respir\u0103 fum. Autorit\u0103\u021bile sunt lini\u0219tite.<\/p>\n<p>Pentru a doua zi, Timi\u0219oara este acoperit\u0103 de fum \u0219i miros de ars. Incendiile din Serbia continu\u0103, iar fumul a trecut grani\u021ba \u0219i a ajuns din nou peste ora\u0219.<\/p>\n<p>Am verificat comunic\u0103rile publice ale autorit\u0103\u021bilor.<\/p>\n<p>ISU Timi\u0219 a reac\u021bionat ieri: a f\u0103cut verific\u0103ri \u0219i a transmis c\u00e2teva recomand\u0103ri generale. Dar ast\u0103zi fumul este din nou aici.<\/p>\n<p>Prim\u0103ria Timi\u0219oara \u2013 t\u0103cere.<\/p>\n<p>Consiliul Jude\u021bean Timi\u0219 \u2013 t\u0103cere.<\/p>\n<p>Garda de Mediu \u2013 t\u0103cere.<\/p>\n<p>Unde sunt m\u0103sur\u0103torile actualizate ale calit\u0103\u021bii aerului? Ce concentra\u021bii de particule respir\u0103m? Exist\u0103 sau nu un risc pentru s\u0103n\u0103tatea popula\u021biei? Ce trebuie s\u0103 fac\u0103 p\u0103rin\u021bii cu copiii, v\u00e2rstnicii \u0219i persoanele vulnerabile? \u021ainem ferestrele \u00eenchise? Evit\u0103m deplas\u0103rile? Putem face sport \u00een aer liber?<\/p>\n<p>Cine r\u0103spunde?<\/p>\n<p>Este revolt\u0103tor ca unul dintre cele mai mari ora\u0219e ale Rom\u00e2niei s\u0103 fie \u00eenv\u0103luit repetat de fum provenit din incendii, iar institu\u021biile statului s\u0103 nu fie capabile s\u0103 ofere popula\u021biei, \u00een timp real, o informare clar\u0103 \u0219i coordonat\u0103.<\/p>\n<p>Nu cer nim\u0103nui s\u0103 sting\u0103 incendiile din Serbia de la Timi\u0219oara. Cer autorit\u0103\u021bilor rom\u00e2ne s\u0103 fac\u0103 ceea ce \u021bine de ele: s\u0103 m\u0103soare, s\u0103 informeze, s\u0103 avertizeze \u0219i s\u0103 protejeze.<\/p>\n<p>Nu \u0219tiu dac\u0103, \u00een limbajul birocratic al institu\u021biilor, ceea ce se \u00eent\u00e2mpl\u0103 este sau nu \u201esitua\u021bie de urgen\u021b\u0103\u201d.<\/p>\n<p>\u0218tiu \u00eens\u0103 ceva mult mai simplu:<\/p>\n<p>Focul este \u00een Serbia. Fumul este la Timi\u0219oara. Noi \u00eel respir\u0103m. Iar autorit\u0103\u021bile rom\u00e2ne par s\u0103 respire lini\u0219tite.<\/p>\n<p>Poate ar fi timpul s\u0103 ridice ochii din h\u00e2rtii \u0219i s\u0103 se uite pe geam&#8221;, scrie S\u00eerbu pe Facebook.\n<\/p><\/div>\n<p>[analyse_source url=&#8221;https:\/\/60m.ro\/isterie-in-timisoara-dupa-anuntul-cusut-cu-ata-alba-al-isu-banat-legat-de-mirosul-de-fum-din-serbia-miroase-a-cauciuc-ars-garda-de-mediu-nu-poate-face-nimic\/&#8221;]<\/p>\n","protected":false},"excerpt":{"rendered":"<p>[analyse_image type=&#8221;featured&#8221; src=&#8221;https:\/\/60m.ro\/wp-content\/uploads\/2026\/08\/timisoara-fum.webp&#8221;] Pagina de Facebook a ISU Timi\u0219 e luat\u0103 cu asalt de\u00a0timi\u0219oreni\u00a0care se pl\u00e2ng c\u0103 \u00een ora\u0219 \u0219i \u00een localit\u0103\u021bile limitrofe miroase a ars. Mirosul e a\u0219a puternic \u00eenc\u00e2t intr\u0103 chiar \u0219i prin geamurile \u00eenchise. Co\u0219marul a \u00eenceput de ieri diminea\u021b\u0103, \u00een jurul orei 9. ISU Banat a anun\u021bat c\u0103 face verific\u0103ri \u00een [&hellip;]<\/p>\n","protected":false},"author":1,"featured_media":0,"comment_status":"open","ping_status":"","sticky":false,"template":"","format":"standard","meta":{"footnotes":""},"categories":[89],"tags":[100,226],"class_list":["post-2105357","post","type-post","status-publish","format-standard","hentry","category-romania","tag-60m-ro","tag-crawlmanager"],"_links":{"self":[{"href":"https:\/\/analyse.optim.biz\/index.php?rest_route=\/wp\/v2\/posts\/2105357","targetHints":{"allow":["GET"]}}],"collection":[{"href":"https:\/\/analyse.optim.biz\/index.php?rest_route=\/wp\/v2\/posts"}],"about":[{"href":"https:\/\/analyse.optim.biz\/index.php?rest_route=\/wp\/v2\/types\/post"}],"author":[{"embeddable":true,"href":"https:\/\/analyse.optim.biz\/index.php?rest_route=\/wp\/v2\/users\/1"}],"replies":[{"embeddable":true,"href":"https:\/\/analyse.optim.biz\/index.php?rest_route=%2Fwp%2Fv2%2Fcomments&post=2105357"}],"version-history":[{"count":0,"href":"https:\/\/analyse.optim.biz\/index.php?rest_route=\/wp\/v2\/posts\/2105357\/revisions"}],"wp:attachment":[{"href":"https:\/\/analyse.optim.biz\/index.php?rest_route=%2Fwp%2Fv2%2Fmedia&parent=2105357"}],"wp:term":[{"taxonomy":"category","embeddable":true,"href":"https:\/\/analyse.optim.biz\/index.php?rest_route=%2Fwp%2Fv2%2Fcategories&post=2105357"},{"taxonomy":"post_tag","embeddable":true,"href":"https:\/\/analyse.optim.biz\/index.php?rest_route=%2Fwp%2Fv2%2Ftags&post=2105357"}],"curies":[{"name":"wp","href":"https:\/\/api.w.org\/{rel}","templated":true}]}}