{"id":2105356,"date":"2026-08-21T12:07:35","date_gmt":"2026-08-21T09:07:35","guid":{"rendered":"https:\/\/analyse.optim.biz\/?p=2105356"},"modified":"2026-08-21T12:07:35","modified_gmt":"2026-08-21T09:07:35","slug":"se-apropie-sfarsitul-lui-zelensky-a-ramas-fara-sprijin-politic","status":"publish","type":"post","link":"https:\/\/analyse.optim.biz\/?p=2105356","title":{"rendered":"Se apropie sf\u00e2r\u0219itul lui Zelensky: a r\u0103mas f\u0103r\u0103 sprijin politic"},"content":{"rendered":"<p>[analyse_image type=&#8221;featured&#8221; src=&#8221;https:\/\/ortodoxinfo.ro\/wp-content\/uploads\/2026\/08\/zelensky-ramane-fara-sprijin-politic-84228.pnghttps:\/\/ortodoxinfo.ro\/wp-content\/uploads\/2026\/08\/zelensky-ramane-fara-sprijin-politic-84228.png&#8221;]<\/p>\n<article id=\"post-260168\" class=\"post-260168 post type-post status-publish format-standard has-post-thumbnail category-ucraina\">\n<header class=\"single-header\">\n<aside class=\"breadcrumb-wrap breadcrumb-yoast s-breadcrumb\">\n<div class=\"breadcrumb-inner\"><span><span><a href=\"https:\/\/ortodoxinfo.ro\/\">Prima pagin\u0103<\/a><\/span> \u00bb <span><a href=\"https:\/\/ortodoxinfo.ro\/blog\/\">Blog<\/a><\/span> \u00bb <span class=\"breadcrumb_last\" aria-current=\"page\">Se apropie sf\u00e2r\u0219itul lui Zelensky: a r\u0103mas f\u0103r\u0103 sprijin politic<\/span><\/span><\/div>\n<\/aside>\n<h1 class=\"s-title fw-headline\">Se apropie sf\u00e2r\u0219itul lui Zelensky: a r\u0103mas f\u0103r\u0103 sprijin politic<\/h1>\n<div class=\"single-meta meta-s-default yes-0\">\n<div class=\"smeta-in\"><a class=\"meta-el meta-avatar\" href=\"https:\/\/ortodoxinfo.ro\/author\/redactor\/\"><img loading=\"lazy\" decoding=\"async\" alt=\"OrtodoxINFO\" src=\"https:\/\/secure.gravatar.com\/avatar\/21010332354a182ce4de6016685c5586f21c51866d0ec5bc8ef383240b3c3e02?s=120&amp;r=g\" class=\"avatar avatar-120 photo\" height=\"120\" width=\"120\"><\/a><\/p>\n<div class=\"smeta-sec\">\n<div class=\"p-meta\">\n<div class=\"meta-inner is-meta\"><span class=\"meta-el meta-date\"><time datetime=\"2026-08-21T15:07:35+03:00\">21 august 2026<\/time><\/span><span class=\"meta-el meta-category meta-bold\"><a class=\"meta-separate category-15871\" href=\"https:\/\/ortodoxinfo.ro\/category\/anti-sistem\/al-iii-lea-razboi-mondial\/ucraina\/\">Ucraina<\/a><\/span><span class=\"meta-el meta-view\">7.9k vizualiz\u0103ri\t\t<\/span><span class=\"meta-el meta-comment mobile-last-meta tablet-last-meta\"><a href=\"https:\/\/ortodoxinfo.ro\/2026\/08\/21\/se-apropie-sfarsitul-lui-zelensky-a-ramas-fara-sprijin-politic\/#respond\">Comentarii<\/a><\/span><\/div>\n<\/div>\n<\/div>\n<\/div>\n<div class=\"smeta-extra\">\n<div class=\"t-shared-sec tooltips-n has-read-meta is-color\">\n<div class=\"t-shared-header is-meta\"><span class=\"share-label\">Share<\/span><\/div>\n<\/div>\n<div class=\"single-right-meta single-time-read is-meta\"><span class=\"meta-el meta-read\">6 Min Read<\/span><\/div>\n<\/div>\n<\/div>\n<\/header>\n<div class=\"grid-container\">\n<div class=\"s-ct\">\n<div class=\"s-feat-outer\">\n<div class=\"s-feat\">\n<div class=\"featured-lightbox-trigger\" data-source=\"https:\/\/ortodoxinfo.ro\/wp-content\/uploads\/2026\/08\/zelensky-ramane-fara-sprijin-politic-84228.png\" data-caption data-attribution><img fetchpriority=\"high\" decoding=\"async\" width=\"860\" height=\"452\" src=\"https:\/\/ortodoxinfo.ro\/wp-content\/uploads\/2026\/08\/zelensky-ramane-fara-sprijin-politic-84228-860x452.png\" class=\"attachment-foxiz_crop_o1 size-foxiz_crop_o1 wp-post-image\" alt loading=\"eager\"><\/div>\n<\/div>\n<\/div>\n<div class=\"s-ct-wrap has-lsl\">\n<div class=\"s-ct-inner\">\n<div class=\"l-shared-sec-outer show-mobile\">\n<div class=\"l-shared-sec\">\n<div class=\"l-shared-header meta-text\"><span class=\"share-label\">SHARE<\/span><\/div>\n<\/div>\n<\/div>\n<div class=\"e-ct-outer\">\n<div class=\"entry-top\">\n<div id=\"custom_html-3\" class=\"widget_text widget entry-widget clearfix widget_custom_html\">\n<div class=\"textwidget custom-html-widget\">\n<div><small><br \/>\n    OrtodoxINFO este supus unui sabotaj sistematic din partea reprezentan\u021bilor Google Rom\u00e2nia, at\u00e2t la afi\u0219\u0103ri c\u00e2t \u0219i \u00een rezultatele de c\u0103utare.<br \/>\n        Astfel c\u0103 veniturile din publicitate au sc\u0103zut de p\u00e2n\u0103 la <strong>10 ori<\/strong>. Situa\u021bia este similar\u0103 \u0219i pe Facebook.<\/p>\n<p>        V\u0103 invit\u0103m s\u0103 accesa\u021bi direct site-ul \u0219i s\u0103 v\u0103 abona\u021bi la notific\u0103ri.<\/p>\n<p>    Dac\u0103 dori\u021bi s\u0103 ne sus\u021bine\u021bi \u00een aceast\u0103 perioad\u0103 dificil\u0103, orice <a href=\"https:\/\/ortodoxinfo.ro\/donatii\/\">dona\u021bie<\/a> este binevenit\u0103.<br \/>\n    Dumnezeu s\u0103 v\u0103 r\u0103spl\u0103teasc\u0103!<br \/>\n<\/small><\/div>\n<\/div>\n<\/div>\n<\/div>\n<div class=\"entry-content rbct clearfix is-highlight-shares\">\n<p>De peste patru ani, pre\u0219edintele ucrainean Volodymyr Zelensky s-a bucurat de un sprijin intern aproape necontestat, \u00een timp ce na\u021biunea sa s-a mobilizat pentru a rezista invaziei pe scar\u0103 larg\u0103 a Rusiei. Perioada de gra\u021bie din politica intern\u0103 s-a \u00eencheiat \u00eens\u0103 definitiv mar\u021bi, c\u00e2nd fostul ministru al ap\u0103r\u0103rii Mykhailo Fedorov <a href=\"https:\/\/www.bbc.com\/news\/articles\/cdew8n9erlwo\">a publicat<\/a> un videoclip \u00een care solicita organizarea de alegeri anticipate \u00eenainte de sf\u00e2r\u0219itul r\u0103zboiului. La scurt timp dup\u0103 ce videoclipul a fost postat online, organiza\u021bia anticorup\u021bie din Ucraina, NABU, <a href=\"https:\/\/kyivindependent.com\/anti-corruption-agency-says-it-targets-criminal-group-led-by-lawmaker-presidential-staffers\/\">a efectuat o descindere<\/a> la biroul unei colaboratoare apropiate a lui Zelensky, care a fost apoi demis\u0103 din func\u021bie, fiind cea mai recent\u0103 persoan\u0103 de \u00eencredere a pre\u0219edintelui implicat\u0103 \u00eentr-un scandal. Privit\u0103 \u00een ansamblu, situa\u021bia este \u00eengrijor\u0103toare pentru partenerii Ucrainei \u0219i pentru popula\u021bia sa. Ap\u0103r\u00e2nd \u00eentr-un moment \u00een care optimismul privind perspectivele militare ale Ucrainei era la apogeu, aceste fracturi politice interne par deja s\u0103 fi deraiat elanul verii. Mai grav, ele amenin\u021b\u0103 s\u0103 distrag\u0103 aten\u021bia de la eforturile de a pune cap\u0103t r\u0103zboiului, anun\u021ba <a href=\"https:\/\/unherd.com\/newsroom\/zelensky-is-running-out-of-political-cover\/\" target=\"_blank\" rel=\"noopener\">Unherd<\/a>.<\/p>\n<p>Pentru cei mai puternici sus\u021bin\u0103tori ai Kievului din Europa, avansul lent al anchetelor de corup\u021bie tot mai aproape de \u00eensu\u0219i Zelensky, coroborat cu mi\u0219c\u0103rile politice imprevizibile \u0219i egoiste ale pre\u0219edintelui ucrainean, trebuie s\u0103 fie \u00eengrijor\u0103tor. Liderii europeni \u0219i-au prezentat de mult timp sprijinul acordat Ucrainei ca fiind at\u00e2t justificat, c\u00e2t \u0219i <a href=\"https:\/\/ec.europa.eu\/commission\/presscorner\/detail\/en\/speech_25_2053\">corect din punct de vedere moral<\/a>, ca o asisten\u021b\u0103 acordat\u0103 unei <a href=\"https:\/\/carnegieendowment.org\/research\/2022\/06\/supporting-democracy-after-the-invasion-of-ukraine\">democra\u021bii \u00eenfloritoare<\/a> \u00een fa\u021ba agresiunii autoritare. Conform nara\u021biunii lor, Zelenski este un administrator fidel al sutelor de miliarde de euro pe care \u021b\u0103rile europene le-au <a href=\"https:\/\/commission.europa.eu\/topics\/eu-solidarity-ukraine\/eu-assistance-ukraine_en\">canalizat<\/a> c\u0103tre Ucraina. Ei \u00eei critic\u0103 rar motivele \u0219i accept\u0103 chiar \u0219i cele mai controversate decizii politice \u0219i militare ale sale f\u0103r\u0103 prea mult\u0103 opozi\u021bie.<\/p>\n<p>\u00cens\u0103 devine din ce \u00een ce mai dificil s\u0103 conciliem aceast\u0103 nara\u021biune cu faptele. Este pu\u021bin probabil ca apelul lui Fedorov la organizarea de alegeri s\u0103 aib\u0103 un impact semnificativ. Sprijinul s\u0103u politic r\u0103m\u00e2ne limitat, iar cei care <a href=\"https:\/\/www.france24.com\/en\/live-news\/20260819-kyiv-s-ex-defence-chief-makes-risky-bet-by-venturing-into-electoral-grounds\">sus\u021bin<\/a> c\u0103 organizarea de alegeri \u00een acest moment ar fi prea dificil\u0103 din punct de vedere logistic \u0219i prea periculoas\u0103 au probabil dreptate. Pl\u00e2ngerea sa este, totu\u0219i, \u00eentemeiat\u0103.<\/p>\n<p>\u00cen absen\u021ba unor alegeri noi, \u00eentreb\u0103rile privind legitimitatea politic\u0103 continu\u0103 a lui Zelenski \u0219i dac\u0103 acesta reprezint\u0103 cu adev\u0103rat voin\u021ba popular\u0103 din Ucraina sunt justificate. \u00centr-adev\u0103r, cele mai recente mi\u0219c\u0103ri politice ale pre\u0219edintelui au servit mai degrab\u0103 la <a href=\"https:\/\/www.npr.org\/2026\/07\/16\/g-s1-133920\/ukraine-defense-minister-fired\">consolidarea<\/a> propriei puteri dec\u00e2t la promovarea bun\u0103st\u0103rii ucrainienilor \u00een ansamblu. Av\u00e2nd \u00een vedere c\u0103 tot mai mul\u021bi dintre <a href=\"https:\/\/www.ft.com\/content\/5799e5fa-c836-443b-935d-eb9fb58681b6?syn-25a6b1a6=1\">cei mai apropia\u021bi consilieri<\/a> ai lui Zelensky sunt implica\u021bi \u00een infrac\u021biuni de corup\u021bie, liderii europeni trebuie s\u0103 se \u00eentrebe dac\u0103 \u00een cele din urm\u0103 chiar pre\u0219edintele \u00eensu\u0219i va fi t\u00e2r\u00e2t \u00een acest scandal.<\/p>\n<p>Cel pu\u021bin, situa\u021bia politic\u0103 intern\u0103 din ce \u00een ce mai haotic\u0103 a Ucrainei creeaz\u0103 provoc\u0103ri majore pentru orice efort de a integra rapid \u021bara \u00een Uniunea European\u0103. Este evident c\u0103 Ucraina nu \u00eendepline\u0219te standardele exigente ale UE, iar integrarea \u021b\u0103rii va fi lent\u0103. Mai grav \u00eens\u0103, dac\u0103 situa\u021bia politic\u0103 intern\u0103 a Ucrainei se deterioreaz\u0103 \u0219i mai mult, ar putea deveni mai dificil s\u0103 se conving\u0103 capitalele europene s\u0103 acorde \u00een continuare sprijin Kievului. Fracturile politice interne emergente din Ucraina arunc\u0103, de asemenea, o umbr\u0103 asupra <a href=\"https:\/\/www.pravda.com.ua\/eng\/news\/2026\/08\/01\/8046799\/\">planurilor anun\u021bate<\/a> de administra\u021bia Trump de a \u00eencerca s\u0103 relanseze negocierile de pace \u00eentre Kiev \u0219i Moscova \u00een aceast\u0103 toamn\u0103. Mai precis, incertitudinea cu privire la sprijinul intern de care se bucur\u0103 Zelenski \u0219i posibila sa implicare \u00een acte de corup\u021bie ridic\u0103 \u00eendoieli serioase asupra capacit\u0103\u021bii sale de a reprezenta Ucraina la negocierile la nivel \u00eenalt din viitor.<\/p>\n<p>Problema este una complex\u0103. Dac\u0103 pozi\u021bia sa intern\u0103 continu\u0103 s\u0103 se sl\u0103beasc\u0103, este posibil s\u0103 nu poat\u0103 respecta sau s\u0103 se \u021bin\u0103 de niciun fel de acord de armisti\u021biu, \u00een special unul care necesit\u0103 concesii din partea Ucrainei. \u0218i chiar dac\u0103 r\u0103m\u00e2ne la putere pentru moment, dac\u0103 viitorul s\u0103u politic postbelic este de scurt\u0103 durat\u0103 sau dac\u0103 este ulterior implicat \u00een acte de criminalitate, acest lucru ar putea compromite, prin asociere, orice acord pe care l-a negociat sau garantat. Din p\u0103cate, administra\u021bia Trump nu are niciun alt reprezentant ucrainean la care s\u0103 apeleze, \u00eentruc\u00e2t Zelensky a marginalizat sau a subordonat voci puternice \u0219i personalit\u0103\u021bi populare care ar fi putut juca un astfel de rol, inclusiv Fedorov, precum \u0219i fostul \u0219ef al serviciilor de informa\u021bii <a href=\"https:\/\/www.dw.com\/en\/who-is-zelenskyys-new-chief-of-staff-kyrylo-budanov\/a-75375476\">Kyrylo Budanov<\/a>.<\/p>\n<p>Disfunc\u021bionalitatea politic\u0103 intern\u0103 face astfel improbabil un acord de pace pe termen scurt. Victimele finale ale acestei realit\u0103\u021bi sunt, desigur, proprii cet\u0103\u021beni ai Ucrainei. Pentru ei, luptele politice interne surven \u00een cel mai prost moment posibil. F\u0103r\u0103 o ap\u0103rare aerian\u0103 suficient\u0103 pentru a se proteja \u00eempotriva <a href=\"https:\/\/www.npr.org\/2026\/08\/04\/nx-s1-5909140\/ukraines-air-defenses-are-proving-to-be-a-weak-point\">rachetelor balistice<\/a> ruse\u0219ti \u0219i epuiza\u021bi dup\u0103 ani de r\u0103zboi, ucrainenii \u0219tiu c\u0103 se confrunt\u0103 cu o iarn\u0103 istovitoare. Ei au nevoie ca guvernul lor s\u0103 se concentreze pe preg\u0103tirile de urgen\u021b\u0103 \u0219i pe rezilien\u021b\u0103, nu pe certuri interne.<\/p>\n<p>Ucraina a surprins pe toat\u0103 lumea prin capacitatea sa de a rezista presiunii externe exercitate de Rusia. \u00centrebarea care se pune acum este dac\u0103 va putea rezista \u00een acela\u0219i timp pe m\u0103sur\u0103 ce presiunea intern\u0103 se intensific\u0103.<\/p>\n<\/div>\n<div class=\"entry-bottom\">\n<div id=\"block-9\" class=\"widget entry-widget clearfix widget_block\">\n<div><a href=\"https:\/\/suspend.ro\" target=\"_blank\" rel=\"noopener noreferrer\"><img decoding=\"async\" src=\"https:\/\/ortodoxinfo.ro\/wp-content\/uploads\/2026\/08\/FB_IMG_1786185261439.jpg\" alt=\"Verific\u0103 pe suspend.ro \u2013 Parlamentarii din jude\u021bul t\u0103u sus\u021bin suspendarea lui Nicu\u0219or Dan?\"><\/a><\/div>\n<\/div>\n<\/div>\n<\/div>\n<\/div>\n<div class=\"e-shared-sec entry-sec\">\n<div class=\"e-shared-header h4\"><span>Distribuie<\/span><\/div>\n<div class=\"rbbsl tooltips-n effect-fadeout is-bg\"><a class=\"share-action share-trigger icon-facebook\" aria-label=\"Share on Facebook\" href=\"https:\/\/www.facebook.com\/sharer.php?u=https%3A%2F%2Fortodoxinfo.ro%2F2026%2F08%2F21%2Fse-apropie-sfarsitul-lui-zelensky-a-ramas-fara-sprijin-politic%2F\" data-title=\"Facebook\" rel=\"nofollow\"><span>Facebook<\/span><\/a><a class=\"share-action share-trigger icon-twitter\" aria-label=\"Share on X\" href=\"https:\/\/twitter.com\/intent\/tweet?text=Se+apropie+sf%C3%A2r%C8%99itul+lui+Zelensky%3A+a+r%C4%83mas+f%C4%83r%C4%83+sprijin+politic&amp;url=https%3A%2F%2Fortodoxinfo.ro%2F2026%2F08%2F21%2Fse-apropie-sfarsitul-lui-zelensky-a-ramas-fara-sprijin-politic%2F&amp;via=ortodoxinforo\" data-title=\"X\" rel=\"nofollow\"><span>X<\/span><\/a><a class=\"share-action icon-whatsapp is-web\" aria-label=\"Share on Whatsapp\" href=\"https:\/\/web.whatsapp.com\/send?text=Se+apropie+sf%C3%A2r%C8%99itul+lui+Zelensky%3A+a+r%C4%83mas+f%C4%83r%C4%83+sprijin+politic%20%E2%98%9E%20https%3A%2F%2Fortodoxinfo.ro%2F2026%2F08%2F21%2Fse-apropie-sfarsitul-lui-zelensky-a-ramas-fara-sprijin-politic%2F\" target=\"_blank\" data-title=\"WhatsApp\" rel=\"nofollow\"><span>Whatsapp<\/span><\/a><a class=\"share-action icon-whatsapp is-mobile\" aria-label=\"Share on Whatsapp\" href=\"\/\/send?text=Se+apropie+sf%C3%A2r%C8%99itul+lui+Zelensky%3A+a+r%C4%83mas+f%C4%83r%C4%83+sprijin+politic%20%E2%98%9E%20https%3A%2F%2Fortodoxinfo.ro%2F2026%2F08%2F21%2Fse-apropie-sfarsitul-lui-zelensky-a-ramas-fara-sprijin-politic%2F\" target=\"_blank\" data-title=\"WhatsApp\" rel=\"nofollow\"><span>Whatsapp<\/span><\/a><a class=\"share-action share-trigger icon-telegram\" aria-label=\"Share on Telegram\" href=\"https:\/\/t.me\/share\/?url=https%3A%2F%2Fortodoxinfo.ro%2F2026%2F08%2F21%2Fse-apropie-sfarsitul-lui-zelensky-a-ramas-fara-sprijin-politic%2F&amp;text=Se+apropie+sf%C3%A2r%C8%99itul+lui+Zelensky%3A+a+r%C4%83mas+f%C4%83r%C4%83+sprijin+politic\" data-title=\"Telegram\" rel=\"nofollow\"><span>Telegram<\/span><\/a><a class=\"share-action icon-copy copy-trigger\" aria-label=\"Copy Link\" href=\"https:\/\/ortodoxinfo.ro\/2026\/08\/21\/se-apropie-sfarsitul-lui-zelensky-a-ramas-fara-sprijin-politic\/\" data-copied=\"Copied!\" data-link=\"https:\/\/ortodoxinfo.ro\/2026\/08\/21\/se-apropie-sfarsitul-lui-zelensky-a-ramas-fara-sprijin-politic\/\" rel=\"nofollow\" data-copy=\"Copy Link\"><span>Copy Link<\/span><\/a><a class=\"share-action icon-print\" aria-label=\"Print\" rel=\"nofollow\" data-title=\"Print\"><span>Print<\/span><\/a><\/div>\n<\/div>\n<\/div>\n<div id=\"tabs\" class=\"dntplgn_form_wrapper\"><span><\/p>\n<h2>\u0218tirile sunt sub cenzur\u0103! Sprijini\u021bi OrtodoxINFO!<\/h2>\n<p>Guvernul nu dore\u0219te aflarea adev\u0103rului despre lovitura de stat \u0219i \u00eengenuncherea Rom\u00e2niei. \u00cencerc\u0103m s\u0103 men\u021binem viu acest site \u0219i s\u0103 v\u0103 punem la dispozi\u021bie informa\u021bii care s\u0103 fac\u0103 lumin\u0103 \u00een cea mai mare provocare pe care o tr\u0103im. Jurnalismul independent al portalului OrtodoxINFO func\u021bioneaz\u0103 strict cu ajutorul cititorilor.<br \/>\nNe pute\u021bi sprijini printr-o <b><a href=\"https:\/\/ortodoxinfo.ro\/donatii\/\">dona\u021bie bancar\u0103<\/a> sau prin PayPal, complet\u00e2nd formularul de mai jos.<\/b><\/span><\/p>\n<ul>\n<li><a href=\"https:\/\/ortodoxinfo.ro\/2026\/08\/21\/se-apropie-sfarsitul-lui-zelensky-a-ramas-fara-sprijin-politic\/#tabs-1\">Dona\u021bie lunar\u0103<\/a><\/li>\n<li><a href=\"https:\/\/ortodoxinfo.ro\/2026\/08\/21\/se-apropie-sfarsitul-lui-zelensky-a-ramas-fara-sprijin-politic\/#tabs-2\">Doar acum<\/a><\/li>\n<\/ul>\n<div id=\"tabs-1\"><img loading=\"lazy\" decoding=\"async\" alt border=\"0\" src=\"https:\/\/www.paypalobjects.com\/en_US\/i\/scr\/pixel.gif\" width=\"1\" height=\"1\"><\/div>\n<div id=\"tabs-2\">\n<p>\t\t     \u20ac<\/p>\n<p>\t\t    <img loading=\"lazy\" decoding=\"async\" alt border=\"0\" src=\"https:\/\/www.paypalobjects.com\/en_US\/i\/scr\/pixel.gif\" width=\"1\" height=\"1\"><\/div>\n<p>Mul\u021bumim celor care ne-au ajutat p\u00e2n\u0103 acum!\n\t<\/p><\/div>\n<div class=\"comment-box-wrap entry-sec\">\n<div class=\"comment-box-header\"><span class=\"h3\">Las\u0103 un comentariu<\/span><\/div>\n<div class=\"comment-holder no-comment\">\n<div id=\"comments\" class=\"comments-area\">\n<div id=\"respond\" class=\"comment-respond\">\n<h3 id=\"reply-title\" class=\"comment-reply-title\">Las\u0103 un r\u0103spuns <small><a rel=\"nofollow\" id=\"cancel-comment-reply-link\" href=\"https:\/\/ortodoxinfo.ro\/2026\/08\/21\/se-apropie-sfarsitul-lui-zelensky-a-ramas-fara-sprijin-politic\/#respond\">Anuleaz\u0103 r\u0103spunsul<\/a><\/small><\/h3>\n<p class=\"comment-notes\"><span id=\"email-notes\">Adresa ta de email nu va fi publicat\u0103.<\/span><span class=\"required-field-message\">C\u00e2mpurile obligatorii sunt marcate cu <span class=\"required\">*<\/span><\/span><\/p>\n<\/div>\n<\/div>\n<\/div>\n<\/div>\n<\/div>\n<div class=\"sidebar-wrap single-sidebar\">\n<div class=\"sidebar-inner clearfix\">\n<div id=\"widget-post-2\" class=\"widget rb-section w-sidebar clearfix widget-post\">\n<div class=\"block-h widget-heading heading-layout-1\">\n<div class=\"heading-inner\">\n<h4 class=\"heading-title\"><span>Articole recente<\/span><\/h4>\n<\/div>\n<\/div>\n<div class=\"widget-p-listing\">\n<div class=\"p-wrap p-small p-list-small-2\" data-pid=\"260271\">\n<div class=\"feat-holder\">\n<div class=\"p-featured ratio-v1\"><a class=\"p-flink\" href=\"https:\/\/ortodoxinfo.ro\/2026\/08\/21\/presedintele-iranului-cere-incheierea-razboiului-cu-sua\/\" title=\"Pre\u0219edintele Iranului cere \u00eencheierea r\u0103zboiului cu SUA\"><img decoding=\"async\" width=\"150\" height=\"150\" src=\"https:\/\/ortodoxinfo.ro\/wp-content\/uploads\/2026\/08\/123-150x150.jpeg\" class=\"featured-img wp-post-image\" alt loading=\"lazy\"><\/a><\/div>\n<\/div>\n<div class=\"p-content\">\n<h5 class=\"entry-title\"><a class=\"p-url\" href=\"https:\/\/ortodoxinfo.ro\/2026\/08\/21\/presedintele-iranului-cere-incheierea-razboiului-cu-sua\/\" rel=\"bookmark\">Pre\u0219edintele Iranului cere \u00eencheierea r\u0103zboiului cu SUA<\/a><\/h5>\n<div class=\"p-meta\">\n<div class=\"meta-inner is-meta\"><span class=\"meta-el meta-date\"><time datetime=\"2026-08-21T22:04:56+03:00\">21 august 2026<\/time><\/span><span class=\"meta-el meta-category meta-bold\"><a class=\"meta-separate category-20293\" href=\"https:\/\/ortodoxinfo.ro\/category\/anti-sistem\/al-iii-lea-razboi-mondial\/iran\/\">IRAN<\/a><\/span><span class=\"meta-el meta-view\">1.2k vizualiz\u0103ri\t\t<\/span><\/div>\n<\/div>\n<\/div>\n<\/div>\n<div class=\"p-wrap p-small p-list-small-2\" data-pid=\"260242\">\n<div class=\"feat-holder\">\n<div class=\"p-featured ratio-v1\"><a class=\"p-flink\" href=\"https:\/\/ortodoxinfo.ro\/2026\/08\/21\/marea-britanie-a-realizat-un-afis-prin-care-ii-incurajeaza-pe-refugiati-sa-nu-violeze-sau-sa-abuzeze-sexual-copiii-ca-sa-nu-piarda-dreptul-de-sedere\/\" title=\"Marea Britanie a realizat un afi\u0219 prin care \u00eei \u00eencurajeaz\u0103 pe refugia\u021bi s\u0103 nu violeze sau s\u0103 abuzeze sexual copiii, ca s\u0103 nu piard\u0103 dreptul de \u0219edere\"><img decoding=\"async\" width=\"150\" height=\"150\" src=\"https:\/\/ortodoxinfo.ro\/wp-content\/uploads\/2026\/08\/marea-britanie-a-realizat-un-afis-prin-care-ii-incurajeaza-pe-migranti-sa-nu-violeze-sau-sa-abuzeze-150x150.png\" class=\"featured-img wp-post-image\" alt loading=\"lazy\"><\/a><\/div>\n<\/div>\n<div class=\"p-content\">\n<h5 class=\"entry-title\"><a class=\"p-url\" href=\"https:\/\/ortodoxinfo.ro\/2026\/08\/21\/marea-britanie-a-realizat-un-afis-prin-care-ii-incurajeaza-pe-refugiati-sa-nu-violeze-sau-sa-abuzeze-sexual-copiii-ca-sa-nu-piarda-dreptul-de-sedere\/\" rel=\"bookmark\">Marea Britanie a realizat un afi\u0219 prin care \u00eei \u00eencurajeaz\u0103 pe refugia\u021bi s\u0103 nu violeze sau s\u0103 abuzeze sexual copiii, ca s\u0103 nu piard\u0103 dreptul de \u0219edere<\/a><\/h5>\n<div class=\"p-meta\">\n<div class=\"meta-inner is-meta\"><span class=\"meta-el meta-date\"><time datetime=\"2026-08-21T19:50:24+03:00\">21 august 2026<\/time><\/span><span class=\"meta-el meta-category meta-bold\"><a class=\"meta-separate category-1933\" href=\"https:\/\/ortodoxinfo.ro\/category\/anti-sistem\/globalizare\/refugiati\/\">Refugia\u021bi<\/a><\/span><span class=\"meta-el meta-view\">2.2k vizualiz\u0103ri\t\t<\/span><\/div>\n<\/div>\n<\/div>\n<\/div>\n<div class=\"p-wrap p-small p-list-small-2\" data-pid=\"260234\">\n<div class=\"feat-holder\">\n<div class=\"p-featured ratio-v1\"><a class=\"p-flink\" href=\"https:\/\/ortodoxinfo.ro\/2026\/08\/21\/alerta-se-pregateste-desfiintarea-si-blocarea-partidelor-suveraniste-de-catre-aep\/\" title=\"ALERT\u0102! Se preg\u0103te\u0219te desfiin\u021barea \u0219i blocarea partidelor suveraniste de c\u0103tre AEP\"><img decoding=\"async\" width=\"150\" height=\"150\" src=\"https:\/\/ortodoxinfo.ro\/wp-content\/uploads\/2026\/08\/509439602_9721450731316495_2564240391523880106_n-150x150.jpg\" class=\"featured-img wp-post-image\" alt loading=\"lazy\"><\/a><\/div>\n<\/div>\n<div class=\"p-content\">\n<h5 class=\"entry-title\"><a class=\"p-url\" href=\"https:\/\/ortodoxinfo.ro\/2026\/08\/21\/alerta-se-pregateste-desfiintarea-si-blocarea-partidelor-suveraniste-de-catre-aep\/\" rel=\"bookmark\">ALERT\u0102! Se preg\u0103te\u0219te desfiin\u021barea \u0219i blocarea partidelor suveraniste de c\u0103tre AEP<\/a><\/h5>\n<div class=\"p-meta\">\n<div class=\"meta-inner is-meta\"><span class=\"meta-el meta-date\"><time datetime=\"2026-08-21T19:46:02+03:00\">21 august 2026<\/time><\/span><span class=\"meta-el meta-category meta-bold\"><a class=\"meta-separate category-19885\" href=\"https:\/\/ortodoxinfo.ro\/category\/anti-sistem\/anti-romanism\/asasinii-tarii\/\">Asasinii \u021b\u0103rii<\/a><\/span><span class=\"meta-el meta-view\">9.5k vizualiz\u0103ri\t\t<\/span><\/div>\n<\/div>\n<\/div>\n<\/div>\n<div class=\"p-wrap p-small p-list-small-2\" data-pid=\"260041\">\n<div class=\"feat-holder\">\n<div class=\"p-featured ratio-v1\"><a class=\"p-flink\" href=\"https:\/\/ortodoxinfo.ro\/2026\/08\/21\/patrick-andre-de-hillerin-un-om-un-lider-un-exemplu-ilie-bolojan-o-frauda-totala\/\" title=\"Patrick Andr\u00e9 de Hillerin. Un om, un lider, un exemplu: Ilie Bolojan. O fraud\u0103 total\u0103\"><img decoding=\"async\" width=\"150\" height=\"150\" src=\"https:\/\/ortodoxinfo.ro\/wp-content\/uploads\/2026\/08\/bolojan-patrick-jpg-2-150x150.jpeg\" class=\"featured-img wp-post-image\" alt loading=\"lazy\"><\/a><\/div>\n<\/div>\n<div class=\"p-content\">\n<h5 class=\"entry-title\"><a class=\"p-url\" href=\"https:\/\/ortodoxinfo.ro\/2026\/08\/21\/patrick-andre-de-hillerin-un-om-un-lider-un-exemplu-ilie-bolojan-o-frauda-totala\/\" rel=\"bookmark\">Patrick Andr\u00e9 de Hillerin. Un om, un lider, un exemplu: Ilie Bolojan. O fraud\u0103 total\u0103<\/a><\/h5>\n<div class=\"p-meta\">\n<div class=\"meta-inner is-meta\"><span class=\"meta-el meta-date\"><time datetime=\"2026-08-21T09:34:53+03:00\">21 august 2026<\/time><\/span><span class=\"meta-el meta-category meta-bold\"><a class=\"meta-separate category-19885\" href=\"https:\/\/ortodoxinfo.ro\/category\/anti-sistem\/anti-romanism\/asasinii-tarii\/\">Asasinii \u021b\u0103rii<\/a><\/span><span class=\"meta-el meta-view\">6.7k vizualiz\u0103ri\t\t<\/span><\/div>\n<\/div>\n<\/div>\n<\/div>\n<\/div>\n<\/div>\n<div id=\"custom_html-2\" class=\"widget_text widget rb-section w-sidebar clearfix widget_custom_html\">\n<div class=\"block-h widget-heading heading-layout-1\">\n<div class=\"heading-inner\">\n<h4 class=\"heading-title\"><span>DONA\u021aII \u00een cont bancar<\/span><\/h4>\n<\/div>\n<\/div>\n<div class=\"textwidget custom-html-widget\">\n<table class=\"donatii\">\n<tbody>\n<tr>\n<th colspan=\"2\"><strong><span>Asicia\u021bia SMI-B<\/span><\/strong><\/th>\n<\/tr>\n<tr>\n<th>Cont LEI<\/th>\n<td>RO67CECEB00030RON2081955<\/td>\n<\/tr>\n<tr>\n<th>Cont EURO<\/th>\n<td>RO33CECEB000C1EUR2081978<\/td>\n<\/tr>\n<tr>\n<th>Cod SWIFT<\/th>\n<td>CECEROBU<\/td>\n<\/tr>\n<tr>\n<th colspan=\"2\"><strong>CEC BANK SA<\/strong><\/th>\n<\/tr>\n<\/tbody>\n<\/table>\n<\/div>\n<\/div>\n<\/div>\n<\/div>\n<\/div>\n<\/article>\n<div class=\"entry-content rbct clearfix is-highlight-shares\">\n<p>De peste patru ani, pre\u0219edintele ucrainean Volodymyr Zelensky s-a bucurat de un sprijin intern aproape necontestat, \u00een timp ce na\u021biunea sa s-a mobilizat pentru a rezista invaziei pe scar\u0103 larg\u0103 a Rusiei. Perioada de gra\u021bie din politica intern\u0103 s-a \u00eencheiat \u00eens\u0103 definitiv mar\u021bi, c\u00e2nd fostul ministru al ap\u0103r\u0103rii Mykhailo Fedorov <a href=\"https:\/\/www.bbc.com\/news\/articles\/cdew8n9erlwo\">a publicat<\/a> un videoclip \u00een care solicita organizarea de alegeri anticipate \u00eenainte de sf\u00e2r\u0219itul r\u0103zboiului. La scurt timp dup\u0103 ce videoclipul a fost postat online, organiza\u021bia anticorup\u021bie din Ucraina, NABU, <a href=\"https:\/\/kyivindependent.com\/anti-corruption-agency-says-it-targets-criminal-group-led-by-lawmaker-presidential-staffers\/\">a efectuat o descindere<\/a> la biroul unei colaboratoare apropiate a lui Zelensky, care a fost apoi demis\u0103 din func\u021bie, fiind cea mai recent\u0103 persoan\u0103 de \u00eencredere a pre\u0219edintelui implicat\u0103 \u00eentr-un scandal. Privit\u0103 \u00een ansamblu, situa\u021bia este \u00eengrijor\u0103toare pentru partenerii Ucrainei \u0219i pentru popula\u021bia sa. Ap\u0103r\u00e2nd \u00eentr-un moment \u00een care optimismul privind perspectivele militare ale Ucrainei era la apogeu, aceste fracturi politice interne par deja s\u0103 fi deraiat elanul verii. Mai grav, ele amenin\u021b\u0103 s\u0103 distrag\u0103 aten\u021bia de la eforturile de a pune cap\u0103t r\u0103zboiului, anun\u021ba <a href=\"https:\/\/unherd.com\/newsroom\/zelensky-is-running-out-of-political-cover\/\" target=\"_blank\" rel=\"noopener\">Unherd<\/a>.<\/p>\n<p>Pentru cei mai puternici sus\u021bin\u0103tori ai Kievului din Europa, avansul lent al anchetelor de corup\u021bie tot mai aproape de \u00eensu\u0219i Zelensky, coroborat cu mi\u0219c\u0103rile politice imprevizibile \u0219i egoiste ale pre\u0219edintelui ucrainean, trebuie s\u0103 fie \u00eengrijor\u0103tor. Liderii europeni \u0219i-au prezentat de mult timp sprijinul acordat Ucrainei ca fiind at\u00e2t justificat, c\u00e2t \u0219i <a href=\"https:\/\/ec.europa.eu\/commission\/presscorner\/detail\/en\/speech_25_2053\">corect din punct de vedere moral<\/a>, ca o asisten\u021b\u0103 acordat\u0103 unei <a href=\"https:\/\/carnegieendowment.org\/research\/2022\/06\/supporting-democracy-after-the-invasion-of-ukraine\">democra\u021bii \u00eenfloritoare<\/a> \u00een fa\u021ba agresiunii autoritare. Conform nara\u021biunii lor, Zelenski este un administrator fidel al sutelor de miliarde de euro pe care \u021b\u0103rile europene le-au <a href=\"https:\/\/commission.europa.eu\/topics\/eu-solidarity-ukraine\/eu-assistance-ukraine_en\">canalizat<\/a> c\u0103tre Ucraina. Ei \u00eei critic\u0103 rar motivele \u0219i accept\u0103 chiar \u0219i cele mai controversate decizii politice \u0219i militare ale sale f\u0103r\u0103 prea mult\u0103 opozi\u021bie.<\/p>\n<p>\u00cens\u0103 devine din ce \u00een ce mai dificil s\u0103 conciliem aceast\u0103 nara\u021biune cu faptele. Este pu\u021bin probabil ca apelul lui Fedorov la organizarea de alegeri s\u0103 aib\u0103 un impact semnificativ. Sprijinul s\u0103u politic r\u0103m\u00e2ne limitat, iar cei care <a href=\"https:\/\/www.france24.com\/en\/live-news\/20260819-kyiv-s-ex-defence-chief-makes-risky-bet-by-venturing-into-electoral-grounds\">sus\u021bin<\/a> c\u0103 organizarea de alegeri \u00een acest moment ar fi prea dificil\u0103 din punct de vedere logistic \u0219i prea periculoas\u0103 au probabil dreptate. Pl\u00e2ngerea sa este, totu\u0219i, \u00eentemeiat\u0103.<\/p>\n<p>\u00cen absen\u021ba unor alegeri noi, \u00eentreb\u0103rile privind legitimitatea politic\u0103 continu\u0103 a lui Zelenski \u0219i dac\u0103 acesta reprezint\u0103 cu adev\u0103rat voin\u021ba popular\u0103 din Ucraina sunt justificate. \u00centr-adev\u0103r, cele mai recente mi\u0219c\u0103ri politice ale pre\u0219edintelui au servit mai degrab\u0103 la <a href=\"https:\/\/www.npr.org\/2026\/07\/16\/g-s1-133920\/ukraine-defense-minister-fired\">consolidarea<\/a> propriei puteri dec\u00e2t la promovarea bun\u0103st\u0103rii ucrainienilor \u00een ansamblu. Av\u00e2nd \u00een vedere c\u0103 tot mai mul\u021bi dintre <a href=\"https:\/\/www.ft.com\/content\/5799e5fa-c836-443b-935d-eb9fb58681b6?syn-25a6b1a6=1\">cei mai apropia\u021bi consilieri<\/a> ai lui Zelensky sunt implica\u021bi \u00een infrac\u021biuni de corup\u021bie, liderii europeni trebuie s\u0103 se \u00eentrebe dac\u0103 \u00een cele din urm\u0103 chiar pre\u0219edintele \u00eensu\u0219i va fi t\u00e2r\u00e2t \u00een acest scandal.<\/p>\n<p>Cel pu\u021bin, situa\u021bia politic\u0103 intern\u0103 din ce \u00een ce mai haotic\u0103 a Ucrainei creeaz\u0103 provoc\u0103ri majore pentru orice efort de a integra rapid \u021bara \u00een Uniunea European\u0103. Este evident c\u0103 Ucraina nu \u00eendepline\u0219te standardele exigente ale UE, iar integrarea \u021b\u0103rii va fi lent\u0103. Mai grav \u00eens\u0103, dac\u0103 situa\u021bia politic\u0103 intern\u0103 a Ucrainei se deterioreaz\u0103 \u0219i mai mult, ar putea deveni mai dificil s\u0103 se conving\u0103 capitalele europene s\u0103 acorde \u00een continuare sprijin Kievului. Fracturile politice interne emergente din Ucraina arunc\u0103, de asemenea, o umbr\u0103 asupra <a href=\"https:\/\/www.pravda.com.ua\/eng\/news\/2026\/08\/01\/8046799\/\">planurilor anun\u021bate<\/a> de administra\u021bia Trump de a \u00eencerca s\u0103 relanseze negocierile de pace \u00eentre Kiev \u0219i Moscova \u00een aceast\u0103 toamn\u0103. Mai precis, incertitudinea cu privire la sprijinul intern de care se bucur\u0103 Zelenski \u0219i posibila sa implicare \u00een acte de corup\u021bie ridic\u0103 \u00eendoieli serioase asupra capacit\u0103\u021bii sale de a reprezenta Ucraina la negocierile la nivel \u00eenalt din viitor.<\/p>\n<p>Problema este una complex\u0103. Dac\u0103 pozi\u021bia sa intern\u0103 continu\u0103 s\u0103 se sl\u0103beasc\u0103, este posibil s\u0103 nu poat\u0103 respecta sau s\u0103 se \u021bin\u0103 de niciun fel de acord de armisti\u021biu, \u00een special unul care necesit\u0103 concesii din partea Ucrainei. \u0218i chiar dac\u0103 r\u0103m\u00e2ne la putere pentru moment, dac\u0103 viitorul s\u0103u politic postbelic este de scurt\u0103 durat\u0103 sau dac\u0103 este ulterior implicat \u00een acte de criminalitate, acest lucru ar putea compromite, prin asociere, orice acord pe care l-a negociat sau garantat. Din p\u0103cate, administra\u021bia Trump nu are niciun alt reprezentant ucrainean la care s\u0103 apeleze, \u00eentruc\u00e2t Zelensky a marginalizat sau a subordonat voci puternice \u0219i personalit\u0103\u021bi populare care ar fi putut juca un astfel de rol, inclusiv Fedorov, precum \u0219i fostul \u0219ef al serviciilor de informa\u021bii <a href=\"https:\/\/www.dw.com\/en\/who-is-zelenskyys-new-chief-of-staff-kyrylo-budanov\/a-75375476\">Kyrylo Budanov<\/a>.<\/p>\n<p>Disfunc\u021bionalitatea politic\u0103 intern\u0103 face astfel improbabil un acord de pace pe termen scurt. Victimele finale ale acestei realit\u0103\u021bi sunt, desigur, proprii cet\u0103\u021beni ai Ucrainei. Pentru ei, luptele politice interne surven \u00een cel mai prost moment posibil. F\u0103r\u0103 o ap\u0103rare aerian\u0103 suficient\u0103 pentru a se proteja \u00eempotriva <a href=\"https:\/\/www.npr.org\/2026\/08\/04\/nx-s1-5909140\/ukraines-air-defenses-are-proving-to-be-a-weak-point\">rachetelor balistice<\/a> ruse\u0219ti \u0219i epuiza\u021bi dup\u0103 ani de r\u0103zboi, ucrainenii \u0219tiu c\u0103 se confrunt\u0103 cu o iarn\u0103 istovitoare. Ei au nevoie ca guvernul lor s\u0103 se concentreze pe preg\u0103tirile de urgen\u021b\u0103 \u0219i pe rezilien\u021b\u0103, nu pe certuri interne.<\/p>\n<p>Ucraina a surprins pe toat\u0103 lumea prin capacitatea sa de a rezista presiunii externe exercitate de Rusia. \u00centrebarea care se pune acum este dac\u0103 va putea rezista \u00een acela\u0219i timp pe m\u0103sur\u0103 ce presiunea intern\u0103 se intensific\u0103.<\/p>\n<\/div>\n<p>[analyse_source url=&#8221;https:\/\/ortodoxinfo.ro\/2026\/08\/21\/se-apropie-sfarsitul-lui-zelensky-a-ramas-fara-sprijin-politic\/&#8221;]<\/p>\n","protected":false},"excerpt":{"rendered":"<p>[analyse_image type=&#8221;featured&#8221; src=&#8221;https:\/\/ortodoxinfo.ro\/wp-content\/uploads\/2026\/08\/zelensky-ramane-fara-sprijin-politic-84228.pnghttps:\/\/ortodoxinfo.ro\/wp-content\/uploads\/2026\/08\/zelensky-ramane-fara-sprijin-politic-84228.png&#8221;] Prima pagin\u0103 \u00bb Blog \u00bb Se apropie sf\u00e2r\u0219itul lui Zelensky: a r\u0103mas f\u0103r\u0103 sprijin politic Se apropie sf\u00e2r\u0219itul lui Zelensky: a r\u0103mas f\u0103r\u0103 sprijin politic 21 august 2026Ucraina7.9k vizualiz\u0103ri Comentarii Share 6 Min Read SHARE OrtodoxINFO este supus unui sabotaj sistematic din partea reprezentan\u021bilor Google Rom\u00e2nia, at\u00e2t la afi\u0219\u0103ri c\u00e2t \u0219i \u00een [&hellip;]<\/p>\n","protected":false},"author":1,"featured_media":0,"comment_status":"open","ping_status":"","sticky":false,"template":"","format":"standard","meta":{"footnotes":""},"categories":[89],"tags":[226,94],"class_list":["post-2105356","post","type-post","status-publish","format-standard","hentry","category-romania","tag-crawlmanager","tag-ortodoxinfo-ro"],"_links":{"self":[{"href":"https:\/\/analyse.optim.biz\/index.php?rest_route=\/wp\/v2\/posts\/2105356","targetHints":{"allow":["GET"]}}],"collection":[{"href":"https:\/\/analyse.optim.biz\/index.php?rest_route=\/wp\/v2\/posts"}],"about":[{"href":"https:\/\/analyse.optim.biz\/index.php?rest_route=\/wp\/v2\/types\/post"}],"author":[{"embeddable":true,"href":"https:\/\/analyse.optim.biz\/index.php?rest_route=\/wp\/v2\/users\/1"}],"replies":[{"embeddable":true,"href":"https:\/\/analyse.optim.biz\/index.php?rest_route=%2Fwp%2Fv2%2Fcomments&post=2105356"}],"version-history":[{"count":0,"href":"https:\/\/analyse.optim.biz\/index.php?rest_route=\/wp\/v2\/posts\/2105356\/revisions"}],"wp:attachment":[{"href":"https:\/\/analyse.optim.biz\/index.php?rest_route=%2Fwp%2Fv2%2Fmedia&parent=2105356"}],"wp:term":[{"taxonomy":"category","embeddable":true,"href":"https:\/\/analyse.optim.biz\/index.php?rest_route=%2Fwp%2Fv2%2Fcategories&post=2105356"},{"taxonomy":"post_tag","embeddable":true,"href":"https:\/\/analyse.optim.biz\/index.php?rest_route=%2Fwp%2Fv2%2Ftags&post=2105356"}],"curies":[{"name":"wp","href":"https:\/\/api.w.org\/{rel}","templated":true}]}}