{"id":2105354,"date":"2026-08-21T16:46:02","date_gmt":"2026-08-21T13:46:02","guid":{"rendered":"https:\/\/analyse.optim.biz\/?p=2105354"},"modified":"2026-08-21T16:46:02","modified_gmt":"2026-08-21T13:46:02","slug":"alerta-se-pregateste-desfiintarea-si-blocarea-partidelor-suveraniste-de-catre-aep","status":"publish","type":"post","link":"https:\/\/analyse.optim.biz\/?p=2105354","title":{"rendered":"ALERT\u0102! Se preg\u0103te\u0219te desfiin\u021barea \u0219i blocarea partidelor suveraniste de c\u0103tre AEP"},"content":{"rendered":"<p>[analyse_image type=&#8221;featured&#8221; src=&#8221;https:\/\/ortodoxinfo.ro\/wp-content\/uploads\/2026\/08\/509439602_9721450731316495_2564240391523880106_n.jpghttps:\/\/ortodoxinfo.ro\/wp-content\/uploads\/2026\/08\/509439602_9721450731316495_2564240391523880106_n.jpg&#8221;]<\/p>\n<article id=\"post-260234\" class=\"post-260234 post type-post status-publish format-standard has-post-thumbnail category-asasinii-tarii\">\n<header class=\"single-header\">\n<aside class=\"breadcrumb-wrap breadcrumb-yoast s-breadcrumb\">\n<div class=\"breadcrumb-inner\"><span><span><a href=\"https:\/\/ortodoxinfo.ro\/\">Prima pagin\u0103<\/a><\/span> \u00bb <span><a href=\"https:\/\/ortodoxinfo.ro\/blog\/\">Blog<\/a><\/span> \u00bb <span class=\"breadcrumb_last\" aria-current=\"page\">ALERT\u0102! Se preg\u0103te\u0219te desfiin\u021barea \u0219i blocarea partidelor suveraniste de c\u0103tre AEP<\/span><\/span><\/div>\n<\/aside>\n<h1 class=\"s-title fw-headline\">ALERT\u0102! Se preg\u0103te\u0219te desfiin\u021barea \u0219i blocarea partidelor suveraniste de c\u0103tre AEP<\/h1>\n<div class=\"single-meta meta-s-default yes-0\">\n<div class=\"smeta-in\"><a class=\"meta-el meta-avatar\" href=\"https:\/\/ortodoxinfo.ro\/author\/redactor\/\"><img loading=\"lazy\" decoding=\"async\" alt=\"OrtodoxINFO\" src=\"https:\/\/secure.gravatar.com\/avatar\/21010332354a182ce4de6016685c5586f21c51866d0ec5bc8ef383240b3c3e02?s=120&amp;r=g\" class=\"avatar avatar-120 photo\" height=\"120\" width=\"120\"><\/a><\/p>\n<div class=\"smeta-sec\">\n<div class=\"p-meta\">\n<div class=\"meta-inner is-meta\"><span class=\"meta-el meta-date\"><time datetime=\"2026-08-21T19:46:02+03:00\">21 august 2026<\/time><\/span><span class=\"meta-el meta-category meta-bold\"><a class=\"meta-separate category-19885\" href=\"https:\/\/ortodoxinfo.ro\/category\/anti-sistem\/anti-romanism\/asasinii-tarii\/\">Asasinii \u021b\u0103rii<\/a><\/span><span class=\"meta-el meta-view\">9.5k vizualiz\u0103ri\t\t<\/span><span class=\"meta-el meta-comment mobile-last-meta tablet-last-meta\"><a href=\"https:\/\/ortodoxinfo.ro\/2026\/08\/21\/alerta-se-pregateste-desfiintarea-si-blocarea-partidelor-suveraniste-de-catre-aep\/#respond\">Comentarii<\/a><\/span><\/div>\n<\/div>\n<\/div>\n<\/div>\n<div class=\"smeta-extra\">\n<div class=\"t-shared-sec tooltips-n has-read-meta is-color\">\n<div class=\"t-shared-header is-meta\"><span class=\"share-label\">Share<\/span><\/div>\n<\/div>\n<div class=\"single-right-meta single-time-read is-meta\"><span class=\"meta-el meta-read\">8 Min Read<\/span><\/div>\n<\/div>\n<\/div>\n<\/header>\n<div class=\"grid-container\">\n<div class=\"s-ct\">\n<div class=\"s-feat-outer\">\n<div class=\"s-feat\">\n<div class=\"featured-lightbox-trigger\" data-source=\"https:\/\/ortodoxinfo.ro\/wp-content\/uploads\/2026\/08\/509439602_9721450731316495_2564240391523880106_n.jpg\" data-caption data-attribution><img fetchpriority=\"high\" decoding=\"async\" width=\"860\" height=\"573\" src=\"https:\/\/ortodoxinfo.ro\/wp-content\/uploads\/2026\/08\/509439602_9721450731316495_2564240391523880106_n-860x573.jpg\" class=\"attachment-foxiz_crop_o1 size-foxiz_crop_o1 wp-post-image\" alt loading=\"eager\"><\/div>\n<\/div>\n<\/div>\n<div class=\"s-ct-wrap has-lsl\">\n<div class=\"s-ct-inner\">\n<div class=\"l-shared-sec-outer show-mobile\">\n<div class=\"l-shared-sec\">\n<div class=\"l-shared-header meta-text\"><span class=\"share-label\">SHARE<\/span><\/div>\n<\/div>\n<\/div>\n<div class=\"e-ct-outer\">\n<div class=\"entry-top\">\n<div id=\"custom_html-3\" class=\"widget_text widget entry-widget clearfix widget_custom_html\">\n<div class=\"textwidget custom-html-widget\">\n<div><small><br \/>\n    OrtodoxINFO este supus unui sabotaj sistematic din partea reprezentan\u021bilor Google Rom\u00e2nia, at\u00e2t la afi\u0219\u0103ri c\u00e2t \u0219i \u00een rezultatele de c\u0103utare.<br \/>\n        Astfel c\u0103 veniturile din publicitate au sc\u0103zut de p\u00e2n\u0103 la <strong>10 ori<\/strong>. Situa\u021bia este similar\u0103 \u0219i pe Facebook.<\/p>\n<p>        V\u0103 invit\u0103m s\u0103 accesa\u021bi direct site-ul \u0219i s\u0103 v\u0103 abona\u021bi la notific\u0103ri.<\/p>\n<p>    Dac\u0103 dori\u021bi s\u0103 ne sus\u021bine\u021bi \u00een aceast\u0103 perioad\u0103 dificil\u0103, orice <a href=\"https:\/\/ortodoxinfo.ro\/donatii\/\">dona\u021bie<\/a> este binevenit\u0103.<br \/>\n    Dumnezeu s\u0103 v\u0103 r\u0103spl\u0103teasc\u0103!<br \/>\n<\/small><\/div>\n<\/div>\n<\/div>\n<\/div>\n<div class=\"entry-content rbct clearfix is-highlight-shares\">\n<div class=\"ruby-table-contents rbtoc table-left table-fw-single-col\">\n<div class=\"toc-header\"><span class=\"h3\">Sumar<\/span><\/div>\n<div class=\"toc-content h5\"><a href=\"https:\/\/ortodoxinfo.ro\/2026\/08\/21\/alerta-se-pregateste-desfiintarea-si-blocarea-partidelor-suveraniste-de-catre-aep\/#administrativjurisdictional-sintagma-care-ascunde-tot\" class=\"table-link no-link anchor-link\" data-index=\"rb-heading-index-0\">\u201eAdministrativ-jurisdic\u021bional\u201d \u2013 sintagma care ascunde tot<\/a><a href=\"https:\/\/ortodoxinfo.ro\/2026\/08\/21\/alerta-se-pregateste-desfiintarea-si-blocarea-partidelor-suveraniste-de-catre-aep\/#de-ce-conteaza-dincolo-de-tehnicalitati\" class=\"table-link no-link anchor-link\" data-index=\"rb-heading-index-1\">De ce conteaz\u0103, dincolo de tehnicalit\u0103\u021bi<\/a><a href=\"https:\/\/ortodoxinfo.ro\/2026\/08\/21\/alerta-se-pregateste-desfiintarea-si-blocarea-partidelor-suveraniste-de-catre-aep\/#calculul-din-spatele-reformei\" class=\"table-link no-link anchor-link\" data-index=\"rb-heading-index-2\">Calculul din spatele \u201dreformei\u201d<\/a><\/div>\n<\/div>\n<p>Pre\u0219edintele Autorit\u0103\u021bii Electorale Permanente, Adrian \u021au\u021buianu, a scos azi din sertar<a href=\"https:\/\/hotnews.ro\/aep-vrea-sa-decida-in-locul-instantei-inregistrarea-sau-dizolvarea-unui-partid-schimbari-majore-propuse-de-tutuianu-2330220\" target=\"_blank\" rel=\"noopener\"> un proiect de lege<\/a> care schimb\u0103 radical modul \u00een care se nasc \u0219i mor partidele politice \u00een Rom\u00e2nia. Pe scurt: AEP ia locul instan\u021belor la \u00eenregistrare \u0219i la dizolvarea pentru diverse motive. Sun\u0103 a birocra\u021bie electoral\u0103 de care, de obicei, nimeni nu se sinchise\u0219te \u2013 p\u00een\u0103 cite\u0219ti r\u00eendul doi \u0219i \u00een\u021belegi c\u0103, de fapt, se schimb\u0103 ceva mult mai serios: dreptul unui partid de a fi judecat de magistra\u021bi adev\u0103ra\u021bi \u0219i nu de administratori ai AEP, institu\u021bie cu lideri numi\u021bi politic.<\/p>\n<p>P\u00een\u0103 acum, orice partid care voia s\u0103 existe legal b\u0103tea la u\u0219a Tribunalului Bucure\u0219ti. Dac\u0103 nu-i pl\u0103cea decizia, avea apel la Curtea de Apel. Doi pa\u0219i, dou\u0103 seturi de judec\u0103tori, dou\u0103 \u0219anse s\u0103 spun\u0103 \u201esta\u021bi pu\u021bin, mai uita\u021bi-v\u0103 o dat\u0103\u201d. E re\u021beta clasic\u0103 din procedura civil\u0103: fond, apoi cale de atac.<\/p>\n<p>\u021au\u021buianu, fost pre\u0219edinte al Comisiei SRI, propune acum s\u0103 se scurteze drumul. Cererile de \u00eenregistrare \u2013 \u0219i, la fel de important, constat\u0103rile de dizolvare pentru inactivitate \u2013 ar urma s\u0103 treac\u0103 direct pe la biroul AEP, la ni\u0219te \u201dcompleturi\u201d repartizate aleatoriu, dup\u0103 un model pe care pre\u0219edintele institu\u021biei \u00eel compar\u0103 cu CNSC-ul de la achizi\u021biile publice sau cu Registrul Comer\u021bului de la \u00eenfiin\u021barea firmelor. Sun\u0103 a mecanism serios, cu proceduri, cu completuri, cu tot armamentul birocratic care d\u0103 a corectitudine.<\/p>\n<p>Numai c\u0103 AEP nu e instan\u021b\u0103. E o autoritate administrativ\u0103 care, de acum, ar urma s\u0103 se \u00eembrace temporar \u00een rob\u0103. Conducerea AEP e politic\u0103, numit\u0103 de Parlament, pre\u0219edinte \u0219i premier, conform art.101 din legea 208\/2015. Adic\u0103, ni\u0219te partide parlamentare \u00eel desemneaz\u0103 pe omul care poate decide cine la va fi contracandidat \u00een alegeri \u0219i cine nu. Ne amintim c\u0103, \u00een 2023, numirile la \u0219efia AEP au f\u0103cut obiectul preocup\u0103rilor societ\u0103\u021bii civile, tocmai din cauza riscurilor ridicate de numiri de politicieni la c\u00eerma autorit\u0103\u021bii. \u201dSemnatarii prezentului apel solicit\u0103 partidelor politice parlamentare s\u0103 desemneze ca pre\u0219edinte al AEP o persoan\u0103 competent\u0103, neutr\u0103 politic \u0219i cu un \u00eenalt grad de integritate, \u00een urma unei proceduri transparente \u0219i echitabile\u201d se cerea, bun\u0103oar\u0103, \u00eentr-o scrisoare deschis\u0103 a Expert Forum. \u00cen noiembrie anul trecut, a fost fix pe dos: pre\u0219edinte a fost numit pentru 8 ani pesedistul Adrian \u021au\u021buianu, fost ministru, fost baron de jude\u021b, unic candidat \u0219i votat \u00een absen\u021ba opozi\u021biei.<\/p>\n<h1 id=\"administrativjurisdictional-sintagma-care-ascunde-tot\" class=\"rb-heading-index-0\"><span>\u201eAdministrativ-jurisdic\u021bional\u201d \u2013 sintagma care ascunde tot<\/span><\/h1>\n<p>\u021au\u021buianu m\u0103car a fost onest c\u00eend a explicat mecanismul: procedura e \u201eadministrativ-jurisdic\u021bional\u0103\u201d. Traducere pentru muritori: arat\u0103 a judecat\u0103, se comport\u0103 ca o judecat\u0103, dar nu e chiar judecat\u0103. E o etichet\u0103 hibrid\u0103, inventat\u0103 tocmai pentru situa\u021biile \u00een care statul vrea beneficiile vitezei administrative f\u0103r\u0103 povara integral\u0103 a garan\u021biilor judiciare. Pre\u0219edintele AEP a mai spus ceva esen\u021bial, poate f\u0103r\u0103 s\u0103 vrea s\u0103 sune at\u00eet de t\u0103ios: dup\u0103 ce AEP decide, \u201eexist\u0103 \u00een mod firesc dreptul de acces la justi\u021bie\u201d \u2013 actul poate fi atacat la Curtea de Apel Bucure\u0219ti. Firesc, da. Dar de un singur nivel.<\/p>\n<p>\u0218i aici ajungem la miezul problemei. Un partid pierde o etap\u0103 din dreptul lui de judecat\u0103.<br \/>\nS\u0103 facem un calcul simplu. Azi se merge la Tribunal (fond), apoi la Curtea de Apel (apel). M\u00eeine, dac\u0103 trece proiectul, se decide la AEP (organ administrativ, oric\u00eet de \u201ejurisdic\u021bional\u201d s-ar numi) \u0219i un singur apel la Curte de Apel, pe control de legalitate, nu de fond.<\/p>\n<p>Nu vom mai avea doi pa\u0219i judec\u0103tore\u0219ti, ci vom avea un pas administrativ \u0219i un singur pas judec\u0103toresc real. Curtea de Apel nu va rejudeca disputa de la zero, ca \u00eentr-un apel obi\u0219nuit \u2013 va verifica legalitatea actului AEP, cam ca \u00eentr-un contencios administrativ clasic. Diferen\u021ba nu-i cosmetic\u0103: o instan\u021b\u0103 de contencios se uit\u0103 dac\u0103 actul e legal, nu neap\u0103rat dac\u0103 e corect pe fond, iar acolo unde jurispruden\u021ba CCR a mai fost invocat\u0103 deja \u2013 vezi Decizia 530\/2013, citat\u0103 chiar \u00een expunerea de motive a proiectului \u2013 se insist\u0103 pe ideea c\u0103 instan\u021ba nu poate cenzura \u201eoportunitatea\u201d deciziei, doar legalitatea ei. Cu alte cuvinte: un partid c\u0103ruia AEP \u00eei respinge \u00eenregistrarea sau \u00eei constat\u0103 dizolvarea pentru inactivitate se treze\u0219te cu un singur judec\u0103tor adev\u0103rat \u00eentre el \u0219i radiere. Nu doi. Unul.<\/p>\n<h1 id=\"de-ce-conteaza-dincolo-de-tehnicalitati\" class=\"rb-heading-index-1\"><span>De ce conteaz\u0103, dincolo de tehnicalit\u0103\u021bi<\/span><\/h1>\n<p>S-ar putea obiecta c\u0103 procedura la AEP e ea \u00eens\u0103\u0219i \u201ecvasi-judiciar\u0103\u201d, cu completuri \u0219i repartizare aleatorie, deci compenseaz\u0103. Posibil, pe h\u00eertie. Dar un func\u021bionar din completul AEP nu are independen\u021ba constitu\u021bional\u0103 a unui judec\u0103tor de tribunal, oric\u00eete reguli interne s-ar da. Iar c\u00eend vorbim despre dizolvarea unui partid politic \u2013 unul dintre pu\u021binele instrumente prin care cet\u0103\u021benii se organizeaz\u0103 s\u0103 conteste puterea \u2013 reducerea garan\u021biilor procesuale nu e un detaliu de arhitectur\u0103 institu\u021bional\u0103. E o schimbare de substan\u021b\u0103 \u00een raportul dintre stat \u0219i formele de opozi\u021bie organizat\u0103.<\/p>\n<p>Nu \u00eent\u00eempl\u0103tor, tocmai capitolul \u0103sta va fi primul contestat, cel mai probabil la CCR, de orice partid care se va sim\u021bi nedrept\u0103\u021bit de o decizie AEP. \u0218i miza nu va fi doar \u201eni s-a respins \u00eenregistrarea\u201d \u2013 va fi \u201eni s-a luat un grad de jurisdic\u021bie\u201d, ceea ce e cu totul alt\u0103 discu\u021bie constitu\u021bional\u0103, una despre articolul 21 \u0219i accesul liber la justi\u021bie. Ori, ne amintim cu to\u021bii o discu\u021bie care nu se mai \u00eencheie de c\u00eend CCR a anulat alegerile \u0219i a decis elimianrea unor candida\u021bi din cursa electoral\u0103, mai exact lipsa unui drept de apel la deciziile Cur\u021bii, care pericliteaz\u0103 sever democra\u021bia.<\/p>\n<div class=\"inline-single-ad ad_single_3_index alignfull\">\n<div class=\"ad-wrap ad-script-wrap\">\n<div class=\"ad-script non-adsense edge-padding\">\n<div>\n\u203c\ufe0f\u203c\ufe0f NU recunoa\u0219tem ca pre\u0219edinte al Rom\u00e2niei pe marioneta retard\u0103 Nicu\u0219or Dan! Rom\u00e2ni, boicota\u021bi aceast\u0103 f\u0103c\u0103tur\u0103, care ne face \u021bara de r\u00e2s! NU rom\u00e2nii l-au votat pe Nicusoro\u0219 &#8211; cu unele excep\u021bii de persoane infantile, manipulabile \u0219i chiar idioate &#8211; ci l-au ajutat Maia Soro\u0219, Emanuel Macrou \u0219i tr\u0103d\u0103torii de la B.E.C. \u0219i CCR!<br \/>\n La \u00eenchisoare cu cei care au fraudat alegerile!\n<\/div>\n<\/div>\n<\/div>\n<\/div>\n<h1 id=\"calculul-din-spatele-reformei\" class=\"rb-heading-index-2\"><span>Calculul din spatele \u201dreformei\u201d<\/span><\/h1>\n<p>Dincolo de argumentele tehnice despre eficien\u021b\u0103 \u0219i digitalizare, proiectul mut\u0103 centrul de greutate al puterii de decizie asupra vie\u021bii \u0219i mor\u021bii unui partid politic dinspre sistemul judiciar clasic c\u0103tre o autoritate administrativ\u0103 aflat\u0103, la r\u00eendul ei, sub control politic prin numirea conducerii. E o centralizare discret\u0103, propus\u0103 \u00een numele ordinii, care va trebui explicat\u0103 foarte clar \u00een lunile urm\u0103toare \u2013 pentru c\u0103, altfel, va r\u0103m\u00eene cu eticheta de reform\u0103 tehnic\u0103 ceea ce e, de fapt, o redistribuire de putere. Iar faptul c\u0103 dup\u0103 adoptarea legii, toate partidele vor trebui s\u0103 se relegitimeze conform noilor reguli, fix \u00eenaintea viitoarelor alegeri, ridic\u0103 serios \u00eentrebarea dac\u0103 nu cumva AEP preg\u0103te\u0219te o nou\u0103 ma\u0219in\u0103rie de \u201dselec\u021bie\u201d a viitorilor combatan\u021bi electorali. (B.T.I.)<\/p>\n<\/div>\n<div class=\"entry-bottom\">\n<div id=\"block-9\" class=\"widget entry-widget clearfix widget_block\">\n<div><a href=\"https:\/\/suspend.ro\" target=\"_blank\" rel=\"noopener noreferrer\"><img decoding=\"async\" src=\"https:\/\/ortodoxinfo.ro\/wp-content\/uploads\/2026\/08\/FB_IMG_1786185261439.jpg\" alt=\"Verific\u0103 pe suspend.ro \u2013 Parlamentarii din jude\u021bul t\u0103u sus\u021bin suspendarea lui Nicu\u0219or Dan?\"><\/a><\/div>\n<\/div>\n<\/div>\n<\/div>\n<\/div>\n<div class=\"e-shared-sec entry-sec\">\n<div class=\"e-shared-header h4\"><span>Distribuie<\/span><\/div>\n<div class=\"rbbsl tooltips-n effect-fadeout is-bg\"><a class=\"share-action share-trigger icon-facebook\" aria-label=\"Share on Facebook\" href=\"https:\/\/www.facebook.com\/sharer.php?u=https%3A%2F%2Fortodoxinfo.ro%2F2026%2F08%2F21%2Falerta-se-pregateste-desfiintarea-si-blocarea-partidelor-suveraniste-de-catre-aep%2F\" data-title=\"Facebook\" rel=\"nofollow\"><span>Facebook<\/span><\/a><a class=\"share-action share-trigger icon-twitter\" aria-label=\"Share on X\" href=\"https:\/\/twitter.com\/intent\/tweet?text=ALERT%C4%82%21+Se+preg%C4%83te%C8%99te+desfiin%C8%9Barea+%C8%99i+blocarea+partidelor+suveraniste+de+c%C4%83tre+AEP&amp;url=https%3A%2F%2Fortodoxinfo.ro%2F2026%2F08%2F21%2Falerta-se-pregateste-desfiintarea-si-blocarea-partidelor-suveraniste-de-catre-aep%2F&amp;via=ortodoxinforo\" data-title=\"X\" rel=\"nofollow\"><span>X<\/span><\/a><a class=\"share-action icon-whatsapp is-web\" aria-label=\"Share on Whatsapp\" href=\"https:\/\/web.whatsapp.com\/send?text=ALERT%C4%82%21+Se+preg%C4%83te%C8%99te+desfiin%C8%9Barea+%C8%99i+blocarea+partidelor+suveraniste+de+c%C4%83tre+AEP%20%E2%98%9E%20https%3A%2F%2Fortodoxinfo.ro%2F2026%2F08%2F21%2Falerta-se-pregateste-desfiintarea-si-blocarea-partidelor-suveraniste-de-catre-aep%2F\" target=\"_blank\" data-title=\"WhatsApp\" rel=\"nofollow\"><span>Whatsapp<\/span><\/a><a class=\"share-action icon-whatsapp is-mobile\" aria-label=\"Share on Whatsapp\" href=\"\/\/send?text=ALERT%C4%82%21+Se+preg%C4%83te%C8%99te+desfiin%C8%9Barea+%C8%99i+blocarea+partidelor+suveraniste+de+c%C4%83tre+AEP%20%E2%98%9E%20https%3A%2F%2Fortodoxinfo.ro%2F2026%2F08%2F21%2Falerta-se-pregateste-desfiintarea-si-blocarea-partidelor-suveraniste-de-catre-aep%2F\" target=\"_blank\" data-title=\"WhatsApp\" rel=\"nofollow\"><span>Whatsapp<\/span><\/a><a class=\"share-action share-trigger icon-telegram\" aria-label=\"Share on Telegram\" href=\"https:\/\/t.me\/share\/?url=https%3A%2F%2Fortodoxinfo.ro%2F2026%2F08%2F21%2Falerta-se-pregateste-desfiintarea-si-blocarea-partidelor-suveraniste-de-catre-aep%2F&amp;text=ALERT%C4%82%21+Se+preg%C4%83te%C8%99te+desfiin%C8%9Barea+%C8%99i+blocarea+partidelor+suveraniste+de+c%C4%83tre+AEP\" data-title=\"Telegram\" rel=\"nofollow\"><span>Telegram<\/span><\/a><a class=\"share-action icon-copy copy-trigger\" aria-label=\"Copy Link\" href=\"https:\/\/ortodoxinfo.ro\/2026\/08\/21\/alerta-se-pregateste-desfiintarea-si-blocarea-partidelor-suveraniste-de-catre-aep\/\" data-copied=\"Copied!\" data-link=\"https:\/\/ortodoxinfo.ro\/2026\/08\/21\/alerta-se-pregateste-desfiintarea-si-blocarea-partidelor-suveraniste-de-catre-aep\/\" rel=\"nofollow\" data-copy=\"Copy Link\"><span>Copy Link<\/span><\/a><a class=\"share-action icon-print\" aria-label=\"Print\" rel=\"nofollow\" data-title=\"Print\"><span>Print<\/span><\/a><\/div>\n<\/div>\n<\/div>\n<div id=\"tabs\" class=\"dntplgn_form_wrapper\"><span><\/p>\n<h2>\u0218tirile sunt sub cenzur\u0103! Sprijini\u021bi OrtodoxINFO!<\/h2>\n<p>Guvernul nu dore\u0219te aflarea adev\u0103rului despre lovitura de stat \u0219i \u00eengenuncherea Rom\u00e2niei. \u00cencerc\u0103m s\u0103 men\u021binem viu acest site \u0219i s\u0103 v\u0103 punem la dispozi\u021bie informa\u021bii care s\u0103 fac\u0103 lumin\u0103 \u00een cea mai mare provocare pe care o tr\u0103im. Jurnalismul independent al portalului OrtodoxINFO func\u021bioneaz\u0103 strict cu ajutorul cititorilor.<br \/>\nNe pute\u021bi sprijini printr-o <b><a href=\"https:\/\/ortodoxinfo.ro\/donatii\/\">dona\u021bie bancar\u0103<\/a> sau prin PayPal, complet\u00e2nd formularul de mai jos.<\/b><\/span><\/p>\n<ul>\n<li><a href=\"https:\/\/ortodoxinfo.ro\/2026\/08\/21\/alerta-se-pregateste-desfiintarea-si-blocarea-partidelor-suveraniste-de-catre-aep\/#tabs-1\">Dona\u021bie lunar\u0103<\/a><\/li>\n<li><a href=\"https:\/\/ortodoxinfo.ro\/2026\/08\/21\/alerta-se-pregateste-desfiintarea-si-blocarea-partidelor-suveraniste-de-catre-aep\/#tabs-2\">Doar acum<\/a><\/li>\n<\/ul>\n<div id=\"tabs-1\"><img loading=\"lazy\" decoding=\"async\" alt border=\"0\" src=\"https:\/\/www.paypalobjects.com\/en_US\/i\/scr\/pixel.gif\" width=\"1\" height=\"1\"><\/div>\n<div id=\"tabs-2\">\n<p>\t\t     \u20ac<\/p>\n<p>\t\t    <img loading=\"lazy\" decoding=\"async\" alt border=\"0\" src=\"https:\/\/www.paypalobjects.com\/en_US\/i\/scr\/pixel.gif\" width=\"1\" height=\"1\"><\/div>\n<p>Mul\u021bumim celor care ne-au ajutat p\u00e2n\u0103 acum!\n\t<\/p><\/div>\n<div class=\"comment-box-wrap entry-sec\">\n<div class=\"comment-box-header\"><span class=\"h3\">Las\u0103 un comentariu<\/span><\/div>\n<div class=\"comment-holder no-comment\">\n<div id=\"comments\" class=\"comments-area\">\n<div id=\"respond\" class=\"comment-respond\">\n<h3 id=\"reply-title\" class=\"comment-reply-title\">Las\u0103 un r\u0103spuns <small><a rel=\"nofollow\" id=\"cancel-comment-reply-link\" href=\"https:\/\/ortodoxinfo.ro\/2026\/08\/21\/alerta-se-pregateste-desfiintarea-si-blocarea-partidelor-suveraniste-de-catre-aep\/#respond\">Anuleaz\u0103 r\u0103spunsul<\/a><\/small><\/h3>\n<p class=\"comment-notes\"><span id=\"email-notes\">Adresa ta de email nu va fi publicat\u0103.<\/span><span class=\"required-field-message\">C\u00e2mpurile obligatorii sunt marcate cu <span class=\"required\">*<\/span><\/span><\/p>\n<\/div>\n<\/div>\n<\/div>\n<\/div>\n<\/div>\n<div class=\"sidebar-wrap single-sidebar\">\n<div class=\"sidebar-inner clearfix\">\n<div id=\"widget-post-2\" class=\"widget rb-section w-sidebar clearfix widget-post\">\n<div class=\"block-h widget-heading heading-layout-1\">\n<div class=\"heading-inner\">\n<h4 class=\"heading-title\"><span>Articole recente<\/span><\/h4>\n<\/div>\n<\/div>\n<div class=\"widget-p-listing\">\n<div class=\"p-wrap p-small p-list-small-2\" data-pid=\"260271\">\n<div class=\"feat-holder\">\n<div class=\"p-featured ratio-v1\"><a class=\"p-flink\" href=\"https:\/\/ortodoxinfo.ro\/2026\/08\/21\/presedintele-iranului-cere-incheierea-razboiului-cu-sua\/\" title=\"Pre\u0219edintele Iranului cere \u00eencheierea r\u0103zboiului cu SUA\"><img decoding=\"async\" width=\"150\" height=\"150\" src=\"https:\/\/ortodoxinfo.ro\/wp-content\/uploads\/2026\/08\/123-150x150.jpeg\" class=\"featured-img wp-post-image\" alt loading=\"lazy\"><\/a><\/div>\n<\/div>\n<div class=\"p-content\">\n<h5 class=\"entry-title\"><a class=\"p-url\" href=\"https:\/\/ortodoxinfo.ro\/2026\/08\/21\/presedintele-iranului-cere-incheierea-razboiului-cu-sua\/\" rel=\"bookmark\">Pre\u0219edintele Iranului cere \u00eencheierea r\u0103zboiului cu SUA<\/a><\/h5>\n<div class=\"p-meta\">\n<div class=\"meta-inner is-meta\"><span class=\"meta-el meta-date\"><time datetime=\"2026-08-21T22:04:56+03:00\">21 august 2026<\/time><\/span><span class=\"meta-el meta-category meta-bold\"><a class=\"meta-separate category-20293\" href=\"https:\/\/ortodoxinfo.ro\/category\/anti-sistem\/al-iii-lea-razboi-mondial\/iran\/\">IRAN<\/a><\/span><span class=\"meta-el meta-view\">1.2k vizualiz\u0103ri\t\t<\/span><\/div>\n<\/div>\n<\/div>\n<\/div>\n<div class=\"p-wrap p-small p-list-small-2\" data-pid=\"260242\">\n<div class=\"feat-holder\">\n<div class=\"p-featured ratio-v1\"><a class=\"p-flink\" href=\"https:\/\/ortodoxinfo.ro\/2026\/08\/21\/marea-britanie-a-realizat-un-afis-prin-care-ii-incurajeaza-pe-refugiati-sa-nu-violeze-sau-sa-abuzeze-sexual-copiii-ca-sa-nu-piarda-dreptul-de-sedere\/\" title=\"Marea Britanie a realizat un afi\u0219 prin care \u00eei \u00eencurajeaz\u0103 pe refugia\u021bi s\u0103 nu violeze sau s\u0103 abuzeze sexual copiii, ca s\u0103 nu piard\u0103 dreptul de \u0219edere\"><img decoding=\"async\" width=\"150\" height=\"150\" src=\"https:\/\/ortodoxinfo.ro\/wp-content\/uploads\/2026\/08\/marea-britanie-a-realizat-un-afis-prin-care-ii-incurajeaza-pe-migranti-sa-nu-violeze-sau-sa-abuzeze-150x150.png\" class=\"featured-img wp-post-image\" alt loading=\"lazy\"><\/a><\/div>\n<\/div>\n<div class=\"p-content\">\n<h5 class=\"entry-title\"><a class=\"p-url\" href=\"https:\/\/ortodoxinfo.ro\/2026\/08\/21\/marea-britanie-a-realizat-un-afis-prin-care-ii-incurajeaza-pe-refugiati-sa-nu-violeze-sau-sa-abuzeze-sexual-copiii-ca-sa-nu-piarda-dreptul-de-sedere\/\" rel=\"bookmark\">Marea Britanie a realizat un afi\u0219 prin care \u00eei \u00eencurajeaz\u0103 pe refugia\u021bi s\u0103 nu violeze sau s\u0103 abuzeze sexual copiii, ca s\u0103 nu piard\u0103 dreptul de \u0219edere<\/a><\/h5>\n<div class=\"p-meta\">\n<div class=\"meta-inner is-meta\"><span class=\"meta-el meta-date\"><time datetime=\"2026-08-21T19:50:24+03:00\">21 august 2026<\/time><\/span><span class=\"meta-el meta-category meta-bold\"><a class=\"meta-separate category-1933\" href=\"https:\/\/ortodoxinfo.ro\/category\/anti-sistem\/globalizare\/refugiati\/\">Refugia\u021bi<\/a><\/span><span class=\"meta-el meta-view\">2.1k vizualiz\u0103ri\t\t<\/span><\/div>\n<\/div>\n<\/div>\n<\/div>\n<div class=\"p-wrap p-small p-list-small-2\" data-pid=\"260168\">\n<div class=\"feat-holder\">\n<div class=\"p-featured ratio-v1\"><a class=\"p-flink\" href=\"https:\/\/ortodoxinfo.ro\/2026\/08\/21\/se-apropie-sfarsitul-lui-zelensky-a-ramas-fara-sprijin-politic\/\" title=\"Se apropie sf\u00e2r\u0219itul lui Zelensky: a r\u0103mas f\u0103r\u0103 sprijin politic\"><img decoding=\"async\" width=\"150\" height=\"150\" src=\"https:\/\/ortodoxinfo.ro\/wp-content\/uploads\/2026\/08\/zelensky-ramane-fara-sprijin-politic-84228-150x150.png\" class=\"featured-img wp-post-image\" alt loading=\"lazy\"><\/a><\/div>\n<\/div>\n<div class=\"p-content\">\n<h5 class=\"entry-title\"><a class=\"p-url\" href=\"https:\/\/ortodoxinfo.ro\/2026\/08\/21\/se-apropie-sfarsitul-lui-zelensky-a-ramas-fara-sprijin-politic\/\" rel=\"bookmark\">Se apropie sf\u00e2r\u0219itul lui Zelensky: a r\u0103mas f\u0103r\u0103 sprijin politic<\/a><\/h5>\n<div class=\"p-meta\">\n<div class=\"meta-inner is-meta\"><span class=\"meta-el meta-date\"><time datetime=\"2026-08-21T15:07:35+03:00\">21 august 2026<\/time><\/span><span class=\"meta-el meta-category meta-bold\"><a class=\"meta-separate category-15871\" href=\"https:\/\/ortodoxinfo.ro\/category\/anti-sistem\/al-iii-lea-razboi-mondial\/ucraina\/\">Ucraina<\/a><\/span><span class=\"meta-el meta-view\">7.9k vizualiz\u0103ri\t\t<\/span><\/div>\n<\/div>\n<\/div>\n<\/div>\n<div class=\"p-wrap p-small p-list-small-2\" data-pid=\"260041\">\n<div class=\"feat-holder\">\n<div class=\"p-featured ratio-v1\"><a class=\"p-flink\" href=\"https:\/\/ortodoxinfo.ro\/2026\/08\/21\/patrick-andre-de-hillerin-un-om-un-lider-un-exemplu-ilie-bolojan-o-frauda-totala\/\" title=\"Patrick Andr\u00e9 de Hillerin. Un om, un lider, un exemplu: Ilie Bolojan. O fraud\u0103 total\u0103\"><img decoding=\"async\" width=\"150\" height=\"150\" src=\"https:\/\/ortodoxinfo.ro\/wp-content\/uploads\/2026\/08\/bolojan-patrick-jpg-2-150x150.jpeg\" class=\"featured-img wp-post-image\" alt loading=\"lazy\"><\/a><\/div>\n<\/div>\n<div class=\"p-content\">\n<h5 class=\"entry-title\"><a class=\"p-url\" href=\"https:\/\/ortodoxinfo.ro\/2026\/08\/21\/patrick-andre-de-hillerin-un-om-un-lider-un-exemplu-ilie-bolojan-o-frauda-totala\/\" rel=\"bookmark\">Patrick Andr\u00e9 de Hillerin. Un om, un lider, un exemplu: Ilie Bolojan. O fraud\u0103 total\u0103<\/a><\/h5>\n<div class=\"p-meta\">\n<div class=\"meta-inner is-meta\"><span class=\"meta-el meta-date\"><time datetime=\"2026-08-21T09:34:53+03:00\">21 august 2026<\/time><\/span><span class=\"meta-el meta-category meta-bold\"><a class=\"meta-separate category-19885\" href=\"https:\/\/ortodoxinfo.ro\/category\/anti-sistem\/anti-romanism\/asasinii-tarii\/\">Asasinii \u021b\u0103rii<\/a><\/span><span class=\"meta-el meta-view\">6.7k vizualiz\u0103ri\t\t<\/span><\/div>\n<\/div>\n<\/div>\n<\/div>\n<\/div>\n<\/div>\n<div id=\"custom_html-2\" class=\"widget_text widget rb-section w-sidebar clearfix widget_custom_html\">\n<div class=\"block-h widget-heading heading-layout-1\">\n<div class=\"heading-inner\">\n<h4 class=\"heading-title\"><span>DONA\u021aII \u00een cont bancar<\/span><\/h4>\n<\/div>\n<\/div>\n<div class=\"textwidget custom-html-widget\">\n<table class=\"donatii\">\n<tbody>\n<tr>\n<th colspan=\"2\"><strong><span>Asicia\u021bia SMI-B<\/span><\/strong><\/th>\n<\/tr>\n<tr>\n<th>Cont LEI<\/th>\n<td>RO67CECEB00030RON2081955<\/td>\n<\/tr>\n<tr>\n<th>Cont EURO<\/th>\n<td>RO33CECEB000C1EUR2081978<\/td>\n<\/tr>\n<tr>\n<th>Cod SWIFT<\/th>\n<td>CECEROBU<\/td>\n<\/tr>\n<tr>\n<th colspan=\"2\"><strong>CEC BANK SA<\/strong><\/th>\n<\/tr>\n<\/tbody>\n<\/table>\n<\/div>\n<\/div>\n<\/div>\n<\/div>\n<\/div>\n<\/article>\n<div class=\"entry-content rbct clearfix is-highlight-shares\">\n<div class=\"ruby-table-contents rbtoc table-left table-fw-single-col\">\n<div class=\"toc-header\"><span class=\"h3\">Sumar<\/span><\/div>\n<div class=\"toc-content h5\"><a href=\"https:\/\/ortodoxinfo.ro\/2026\/08\/21\/alerta-se-pregateste-desfiintarea-si-blocarea-partidelor-suveraniste-de-catre-aep\/#administrativjurisdictional-sintagma-care-ascunde-tot\" class=\"table-link no-link anchor-link\" data-index=\"rb-heading-index-0\">\u201eAdministrativ-jurisdic\u021bional\u201d \u2013 sintagma care ascunde tot<\/a><a href=\"https:\/\/ortodoxinfo.ro\/2026\/08\/21\/alerta-se-pregateste-desfiintarea-si-blocarea-partidelor-suveraniste-de-catre-aep\/#de-ce-conteaza-dincolo-de-tehnicalitati\" class=\"table-link no-link anchor-link\" data-index=\"rb-heading-index-1\">De ce conteaz\u0103, dincolo de tehnicalit\u0103\u021bi<\/a><a href=\"https:\/\/ortodoxinfo.ro\/2026\/08\/21\/alerta-se-pregateste-desfiintarea-si-blocarea-partidelor-suveraniste-de-catre-aep\/#calculul-din-spatele-reformei\" class=\"table-link no-link anchor-link\" data-index=\"rb-heading-index-2\">Calculul din spatele \u201dreformei\u201d<\/a><\/div>\n<\/div>\n<p>Pre\u0219edintele Autorit\u0103\u021bii Electorale Permanente, Adrian \u021au\u021buianu, a scos azi din sertar<a href=\"https:\/\/hotnews.ro\/aep-vrea-sa-decida-in-locul-instantei-inregistrarea-sau-dizolvarea-unui-partid-schimbari-majore-propuse-de-tutuianu-2330220\" target=\"_blank\" rel=\"noopener\"> un proiect de lege<\/a> care schimb\u0103 radical modul \u00een care se nasc \u0219i mor partidele politice \u00een Rom\u00e2nia. Pe scurt: AEP ia locul instan\u021belor la \u00eenregistrare \u0219i la dizolvarea pentru diverse motive. Sun\u0103 a birocra\u021bie electoral\u0103 de care, de obicei, nimeni nu se sinchise\u0219te \u2013 p\u00een\u0103 cite\u0219ti r\u00eendul doi \u0219i \u00een\u021belegi c\u0103, de fapt, se schimb\u0103 ceva mult mai serios: dreptul unui partid de a fi judecat de magistra\u021bi adev\u0103ra\u021bi \u0219i nu de administratori ai AEP, institu\u021bie cu lideri numi\u021bi politic.<\/p>\n<p>P\u00een\u0103 acum, orice partid care voia s\u0103 existe legal b\u0103tea la u\u0219a Tribunalului Bucure\u0219ti. Dac\u0103 nu-i pl\u0103cea decizia, avea apel la Curtea de Apel. Doi pa\u0219i, dou\u0103 seturi de judec\u0103tori, dou\u0103 \u0219anse s\u0103 spun\u0103 \u201esta\u021bi pu\u021bin, mai uita\u021bi-v\u0103 o dat\u0103\u201d. E re\u021beta clasic\u0103 din procedura civil\u0103: fond, apoi cale de atac.<\/p>\n<p>\u021au\u021buianu, fost pre\u0219edinte al Comisiei SRI, propune acum s\u0103 se scurteze drumul. Cererile de \u00eenregistrare \u2013 \u0219i, la fel de important, constat\u0103rile de dizolvare pentru inactivitate \u2013 ar urma s\u0103 treac\u0103 direct pe la biroul AEP, la ni\u0219te \u201dcompleturi\u201d repartizate aleatoriu, dup\u0103 un model pe care pre\u0219edintele institu\u021biei \u00eel compar\u0103 cu CNSC-ul de la achizi\u021biile publice sau cu Registrul Comer\u021bului de la \u00eenfiin\u021barea firmelor. Sun\u0103 a mecanism serios, cu proceduri, cu completuri, cu tot armamentul birocratic care d\u0103 a corectitudine.<\/p>\n<p>Numai c\u0103 AEP nu e instan\u021b\u0103. E o autoritate administrativ\u0103 care, de acum, ar urma s\u0103 se \u00eembrace temporar \u00een rob\u0103. Conducerea AEP e politic\u0103, numit\u0103 de Parlament, pre\u0219edinte \u0219i premier, conform art.101 din legea 208\/2015. Adic\u0103, ni\u0219te partide parlamentare \u00eel desemneaz\u0103 pe omul care poate decide cine la va fi contracandidat \u00een alegeri \u0219i cine nu. Ne amintim c\u0103, \u00een 2023, numirile la \u0219efia AEP au f\u0103cut obiectul preocup\u0103rilor societ\u0103\u021bii civile, tocmai din cauza riscurilor ridicate de numiri de politicieni la c\u00eerma autorit\u0103\u021bii. \u201dSemnatarii prezentului apel solicit\u0103 partidelor politice parlamentare s\u0103 desemneze ca pre\u0219edinte al AEP o persoan\u0103 competent\u0103, neutr\u0103 politic \u0219i cu un \u00eenalt grad de integritate, \u00een urma unei proceduri transparente \u0219i echitabile\u201d se cerea, bun\u0103oar\u0103, \u00eentr-o scrisoare deschis\u0103 a Expert Forum. \u00cen noiembrie anul trecut, a fost fix pe dos: pre\u0219edinte a fost numit pentru 8 ani pesedistul Adrian \u021au\u021buianu, fost ministru, fost baron de jude\u021b, unic candidat \u0219i votat \u00een absen\u021ba opozi\u021biei.<\/p>\n<h1 id=\"administrativjurisdictional-sintagma-care-ascunde-tot\" class=\"rb-heading-index-0\"><span>\u201eAdministrativ-jurisdic\u021bional\u201d \u2013 sintagma care ascunde tot<\/span><\/h1>\n<p>\u021au\u021buianu m\u0103car a fost onest c\u00eend a explicat mecanismul: procedura e \u201eadministrativ-jurisdic\u021bional\u0103\u201d. Traducere pentru muritori: arat\u0103 a judecat\u0103, se comport\u0103 ca o judecat\u0103, dar nu e chiar judecat\u0103. E o etichet\u0103 hibrid\u0103, inventat\u0103 tocmai pentru situa\u021biile \u00een care statul vrea beneficiile vitezei administrative f\u0103r\u0103 povara integral\u0103 a garan\u021biilor judiciare. Pre\u0219edintele AEP a mai spus ceva esen\u021bial, poate f\u0103r\u0103 s\u0103 vrea s\u0103 sune at\u00eet de t\u0103ios: dup\u0103 ce AEP decide, \u201eexist\u0103 \u00een mod firesc dreptul de acces la justi\u021bie\u201d \u2013 actul poate fi atacat la Curtea de Apel Bucure\u0219ti. Firesc, da. Dar de un singur nivel.<\/p>\n<p>\u0218i aici ajungem la miezul problemei. Un partid pierde o etap\u0103 din dreptul lui de judecat\u0103.<br \/>\nS\u0103 facem un calcul simplu. Azi se merge la Tribunal (fond), apoi la Curtea de Apel (apel). M\u00eeine, dac\u0103 trece proiectul, se decide la AEP (organ administrativ, oric\u00eet de \u201ejurisdic\u021bional\u201d s-ar numi) \u0219i un singur apel la Curte de Apel, pe control de legalitate, nu de fond.<\/p>\n<p>Nu vom mai avea doi pa\u0219i judec\u0103tore\u0219ti, ci vom avea un pas administrativ \u0219i un singur pas judec\u0103toresc real. Curtea de Apel nu va rejudeca disputa de la zero, ca \u00eentr-un apel obi\u0219nuit \u2013 va verifica legalitatea actului AEP, cam ca \u00eentr-un contencios administrativ clasic. Diferen\u021ba nu-i cosmetic\u0103: o instan\u021b\u0103 de contencios se uit\u0103 dac\u0103 actul e legal, nu neap\u0103rat dac\u0103 e corect pe fond, iar acolo unde jurispruden\u021ba CCR a mai fost invocat\u0103 deja \u2013 vezi Decizia 530\/2013, citat\u0103 chiar \u00een expunerea de motive a proiectului \u2013 se insist\u0103 pe ideea c\u0103 instan\u021ba nu poate cenzura \u201eoportunitatea\u201d deciziei, doar legalitatea ei. Cu alte cuvinte: un partid c\u0103ruia AEP \u00eei respinge \u00eenregistrarea sau \u00eei constat\u0103 dizolvarea pentru inactivitate se treze\u0219te cu un singur judec\u0103tor adev\u0103rat \u00eentre el \u0219i radiere. Nu doi. Unul.<\/p>\n<h1 id=\"de-ce-conteaza-dincolo-de-tehnicalitati\" class=\"rb-heading-index-1\"><span>De ce conteaz\u0103, dincolo de tehnicalit\u0103\u021bi<\/span><\/h1>\n<p>S-ar putea obiecta c\u0103 procedura la AEP e ea \u00eens\u0103\u0219i \u201ecvasi-judiciar\u0103\u201d, cu completuri \u0219i repartizare aleatorie, deci compenseaz\u0103. Posibil, pe h\u00eertie. Dar un func\u021bionar din completul AEP nu are independen\u021ba constitu\u021bional\u0103 a unui judec\u0103tor de tribunal, oric\u00eete reguli interne s-ar da. Iar c\u00eend vorbim despre dizolvarea unui partid politic \u2013 unul dintre pu\u021binele instrumente prin care cet\u0103\u021benii se organizeaz\u0103 s\u0103 conteste puterea \u2013 reducerea garan\u021biilor procesuale nu e un detaliu de arhitectur\u0103 institu\u021bional\u0103. E o schimbare de substan\u021b\u0103 \u00een raportul dintre stat \u0219i formele de opozi\u021bie organizat\u0103.<\/p>\n<p>Nu \u00eent\u00eempl\u0103tor, tocmai capitolul \u0103sta va fi primul contestat, cel mai probabil la CCR, de orice partid care se va sim\u021bi nedrept\u0103\u021bit de o decizie AEP. \u0218i miza nu va fi doar \u201eni s-a respins \u00eenregistrarea\u201d \u2013 va fi \u201eni s-a luat un grad de jurisdic\u021bie\u201d, ceea ce e cu totul alt\u0103 discu\u021bie constitu\u021bional\u0103, una despre articolul 21 \u0219i accesul liber la justi\u021bie. Ori, ne amintim cu to\u021bii o discu\u021bie care nu se mai \u00eencheie de c\u00eend CCR a anulat alegerile \u0219i a decis elimianrea unor candida\u021bi din cursa electoral\u0103, mai exact lipsa unui drept de apel la deciziile Cur\u021bii, care pericliteaz\u0103 sever democra\u021bia.<\/p>\n<div class=\"inline-single-ad ad_single_3_index alignfull\">\n<div class=\"ad-wrap ad-script-wrap\">\n<div class=\"ad-script non-adsense edge-padding\">\n<div>\n\u203c\ufe0f\u203c\ufe0f NU recunoa\u0219tem ca pre\u0219edinte al Rom\u00e2niei pe marioneta retard\u0103 Nicu\u0219or Dan! Rom\u00e2ni, boicota\u021bi aceast\u0103 f\u0103c\u0103tur\u0103, care ne face \u021bara de r\u00e2s! NU rom\u00e2nii l-au votat pe Nicusoro\u0219 &#8211; cu unele excep\u021bii de persoane infantile, manipulabile \u0219i chiar idioate &#8211; ci l-au ajutat Maia Soro\u0219, Emanuel Macrou \u0219i tr\u0103d\u0103torii de la B.E.C. \u0219i CCR!<br \/>\n La \u00eenchisoare cu cei care au fraudat alegerile!\n<\/div>\n<\/div>\n<\/div>\n<\/div>\n<h1 id=\"calculul-din-spatele-reformei\" class=\"rb-heading-index-2\"><span>Calculul din spatele \u201dreformei\u201d<\/span><\/h1>\n<p>Dincolo de argumentele tehnice despre eficien\u021b\u0103 \u0219i digitalizare, proiectul mut\u0103 centrul de greutate al puterii de decizie asupra vie\u021bii \u0219i mor\u021bii unui partid politic dinspre sistemul judiciar clasic c\u0103tre o autoritate administrativ\u0103 aflat\u0103, la r\u00eendul ei, sub control politic prin numirea conducerii. E o centralizare discret\u0103, propus\u0103 \u00een numele ordinii, care va trebui explicat\u0103 foarte clar \u00een lunile urm\u0103toare \u2013 pentru c\u0103, altfel, va r\u0103m\u00eene cu eticheta de reform\u0103 tehnic\u0103 ceea ce e, de fapt, o redistribuire de putere. Iar faptul c\u0103 dup\u0103 adoptarea legii, toate partidele vor trebui s\u0103 se relegitimeze conform noilor reguli, fix \u00eenaintea viitoarelor alegeri, ridic\u0103 serios \u00eentrebarea dac\u0103 nu cumva AEP preg\u0103te\u0219te o nou\u0103 ma\u0219in\u0103rie de \u201dselec\u021bie\u201d a viitorilor combatan\u021bi electorali. (B.T.I.)<\/p>\n<\/div>\n<p>[analyse_source url=&#8221;https:\/\/ortodoxinfo.ro\/2026\/08\/21\/alerta-se-pregateste-desfiintarea-si-blocarea-partidelor-suveraniste-de-catre-aep\/&#8221;]<\/p>\n","protected":false},"excerpt":{"rendered":"<p>[analyse_image type=&#8221;featured&#8221; src=&#8221;https:\/\/ortodoxinfo.ro\/wp-content\/uploads\/2026\/08\/509439602_9721450731316495_2564240391523880106_n.jpghttps:\/\/ortodoxinfo.ro\/wp-content\/uploads\/2026\/08\/509439602_9721450731316495_2564240391523880106_n.jpg&#8221;] Prima pagin\u0103 \u00bb Blog \u00bb ALERT\u0102! Se preg\u0103te\u0219te desfiin\u021barea \u0219i blocarea partidelor suveraniste de c\u0103tre AEP ALERT\u0102! Se preg\u0103te\u0219te desfiin\u021barea \u0219i blocarea partidelor suveraniste de c\u0103tre AEP 21 august 2026Asasinii \u021b\u0103rii9.5k vizualiz\u0103ri Comentarii Share 8 Min Read SHARE OrtodoxINFO este supus unui sabotaj sistematic din partea reprezentan\u021bilor Google Rom\u00e2nia, at\u00e2t la afi\u0219\u0103ri [&hellip;]<\/p>\n","protected":false},"author":1,"featured_media":0,"comment_status":"open","ping_status":"","sticky":false,"template":"","format":"standard","meta":{"footnotes":""},"categories":[89],"tags":[226,94],"class_list":["post-2105354","post","type-post","status-publish","format-standard","hentry","category-romania","tag-crawlmanager","tag-ortodoxinfo-ro"],"_links":{"self":[{"href":"https:\/\/analyse.optim.biz\/index.php?rest_route=\/wp\/v2\/posts\/2105354","targetHints":{"allow":["GET"]}}],"collection":[{"href":"https:\/\/analyse.optim.biz\/index.php?rest_route=\/wp\/v2\/posts"}],"about":[{"href":"https:\/\/analyse.optim.biz\/index.php?rest_route=\/wp\/v2\/types\/post"}],"author":[{"embeddable":true,"href":"https:\/\/analyse.optim.biz\/index.php?rest_route=\/wp\/v2\/users\/1"}],"replies":[{"embeddable":true,"href":"https:\/\/analyse.optim.biz\/index.php?rest_route=%2Fwp%2Fv2%2Fcomments&post=2105354"}],"version-history":[{"count":0,"href":"https:\/\/analyse.optim.biz\/index.php?rest_route=\/wp\/v2\/posts\/2105354\/revisions"}],"wp:attachment":[{"href":"https:\/\/analyse.optim.biz\/index.php?rest_route=%2Fwp%2Fv2%2Fmedia&parent=2105354"}],"wp:term":[{"taxonomy":"category","embeddable":true,"href":"https:\/\/analyse.optim.biz\/index.php?rest_route=%2Fwp%2Fv2%2Fcategories&post=2105354"},{"taxonomy":"post_tag","embeddable":true,"href":"https:\/\/analyse.optim.biz\/index.php?rest_route=%2Fwp%2Fv2%2Ftags&post=2105354"}],"curies":[{"name":"wp","href":"https:\/\/api.w.org\/{rel}","templated":true}]}}