{"id":2105350,"date":"2026-08-21T13:49:55","date_gmt":"2026-08-21T10:49:55","guid":{"rendered":"https:\/\/analyse.optim.biz\/?p=2105350"},"modified":"2026-08-21T13:49:55","modified_gmt":"2026-08-21T10:49:55","slug":"romeo-lungu-110-ani-de-istorie-militara-curaj-si-continuitate","status":"publish","type":"post","link":"https:\/\/analyse.optim.biz\/?p=2105350","title":{"rendered":"Romeo Lungu: 110 ani de istorie militar\u0103, curaj \u0219i continuitate"},"content":{"rendered":"<p>[analyse_image type=&#8221;featured&#8221; src=&#8221;https:\/\/buzaumedia.ro\/wp-content\/uploads\/2026\/08\/Romeo-Lungu-INFORMARE.jpghttps:\/\/buzaumedia.ro\/wp-content\/uploads\/2026\/08\/Romeo-Lungu-INFORMARE.jpg&#8221;]<\/p>\n<div class=\"entry-content rbct clearfix is-highlight-shares\">\n<p>\u00a0<\/p>\n<p>Divizia 2 Infanterie \u201eGetica\u201d \u00eenseamn\u0103 pentru Buz\u0103u mai mult dec\u00e2t o mare unitate a Armatei Rom\u00e2ne. \u00censeamn\u0103 o prezen\u021b\u0103 puternic\u0103 \u00een comunitate, o tradi\u021bie construit\u0103 \u00een timp \u0219i oameni care \u0219i-au pus via\u021ba \u00een slujba \u021b\u0103rii.<\/p>\n<p>De la marile b\u0103t\u0103lii ale Primului R\u0103zboi Mondial p\u00e2n\u0103 la misiunile desf\u0103\u0219urate ast\u0103zi al\u0103turi de partenerii NATO, militarii Diviziei au dus mai departe aceea\u0219i datorie: ap\u0103rarea Rom\u00e2niei.<\/p>\n<p>Pentru noi, buzoienii, este \u0219i un motiv de m\u00e2ndrie faptul c\u0103 aceast\u0103 structur\u0103 militar\u0103 \u00ee\u0219i are comandamentul aici, la Buz\u0103u, de peste patru decenii.<\/p>\n<p>Le mul\u021bumesc tuturor militarilor, celor afla\u021bi ast\u0103zi \u00een activitate, veteranilor \u0219i familiilor lor pentru sacrificiu, seriozitate \u0219i pentru ceea ce reprezint\u0103 pentru Rom\u00e2nia.<\/p>\n<p>La mul\u021bi ani Diviziei 2 Infanterie \u201eGetica\u201d!<\/p>\n<p><img loading=\"lazy\" decoding=\"async\" width=\"2048\" height=\"1366\" class=\"wp_automatic_fb_img\" title src=\"https:\/\/buzaumedia.ro\/wp-content\/uploads\/2026\/08\/779201234_1685444010251603_6333879248212402169_n.jpg\"><\/p>\n<p><img loading=\"lazy\" decoding=\"async\" width=\"2048\" height=\"1366\" class=\"wp_automatic_fb_img\" title src=\"https:\/\/buzaumedia.ro\/wp-content\/uploads\/2026\/08\/779201234_1685444010251603_6333879248212402169_n.jpg\"><br \/><img loading=\"lazy\" decoding=\"async\" width=\"2048\" height=\"1364\" class=\"wp_automatic_fb_img\" title src=\"https:\/\/buzaumedia.ro\/wp-content\/uploads\/2026\/08\/779455102_1685444030251601_6364708247255866428_n.jpg\"><img loading=\"lazy\" decoding=\"async\" width=\"2048\" height=\"1364\" class=\"wp_automatic_fb_img\" title src=\"https:\/\/buzaumedia.ro\/wp-content\/uploads\/2026\/08\/779455102_1685444030251601_6364708247255866428_n.jpg\"><br \/><img loading=\"lazy\" decoding=\"async\" width=\"2048\" height=\"1364\" class=\"wp_automatic_fb_img\" title src=\"https:\/\/buzaumedia.ro\/wp-content\/uploads\/2026\/08\/779134149_1685444036918267_7434244810888706692_n.jpg\"><img loading=\"lazy\" decoding=\"async\" width=\"2048\" height=\"1364\" class=\"wp_automatic_fb_img\" title src=\"https:\/\/buzaumedia.ro\/wp-content\/uploads\/2026\/08\/779134149_1685444036918267_7434244810888706692_n.jpg\"><\/p>\n<p>Romeo Lungu<\/p>\n<\/div>\n<p>[analyse_source url=&#8221;https:\/\/buzaumedia.ro\/stiri-buzau\/romeo-lungu-110-ani-de-istorie-militara-curaj-si-continuitate\/&#8221;]<\/p>\n","protected":false},"excerpt":{"rendered":"<p>[analyse_image type=&#8221;featured&#8221; src=&#8221;https:\/\/buzaumedia.ro\/wp-content\/uploads\/2026\/08\/Romeo-Lungu-INFORMARE.jpghttps:\/\/buzaumedia.ro\/wp-content\/uploads\/2026\/08\/Romeo-Lungu-INFORMARE.jpg&#8221;] \u00a0 Divizia 2 Infanterie \u201eGetica\u201d \u00eenseamn\u0103 pentru Buz\u0103u mai mult dec\u00e2t o mare unitate a Armatei Rom\u00e2ne. \u00censeamn\u0103 o prezen\u021b\u0103 puternic\u0103 \u00een comunitate, o tradi\u021bie construit\u0103 \u00een timp \u0219i oameni care \u0219i-au pus via\u021ba \u00een slujba \u021b\u0103rii. De la marile b\u0103t\u0103lii ale Primului R\u0103zboi Mondial p\u00e2n\u0103 la misiunile desf\u0103\u0219urate ast\u0103zi al\u0103turi de [&hellip;]<\/p>\n","protected":false},"author":1,"featured_media":0,"comment_status":"open","ping_status":"","sticky":false,"template":"","format":"standard","meta":{"footnotes":""},"categories":[2],"tags":[66,226],"class_list":["post-2105350","post","type-post","status-publish","format-standard","hentry","category-politics","tag-buzaumedia-ro","tag-crawlmanager"],"_links":{"self":[{"href":"https:\/\/analyse.optim.biz\/index.php?rest_route=\/wp\/v2\/posts\/2105350","targetHints":{"allow":["GET"]}}],"collection":[{"href":"https:\/\/analyse.optim.biz\/index.php?rest_route=\/wp\/v2\/posts"}],"about":[{"href":"https:\/\/analyse.optim.biz\/index.php?rest_route=\/wp\/v2\/types\/post"}],"author":[{"embeddable":true,"href":"https:\/\/analyse.optim.biz\/index.php?rest_route=\/wp\/v2\/users\/1"}],"replies":[{"embeddable":true,"href":"https:\/\/analyse.optim.biz\/index.php?rest_route=%2Fwp%2Fv2%2Fcomments&post=2105350"}],"version-history":[{"count":0,"href":"https:\/\/analyse.optim.biz\/index.php?rest_route=\/wp\/v2\/posts\/2105350\/revisions"}],"wp:attachment":[{"href":"https:\/\/analyse.optim.biz\/index.php?rest_route=%2Fwp%2Fv2%2Fmedia&parent=2105350"}],"wp:term":[{"taxonomy":"category","embeddable":true,"href":"https:\/\/analyse.optim.biz\/index.php?rest_route=%2Fwp%2Fv2%2Fcategories&post=2105350"},{"taxonomy":"post_tag","embeddable":true,"href":"https:\/\/analyse.optim.biz\/index.php?rest_route=%2Fwp%2Fv2%2Ftags&post=2105350"}],"curies":[{"name":"wp","href":"https:\/\/api.w.org\/{rel}","templated":true}]}}