{"id":2105336,"date":"2026-08-21T10:10:01","date_gmt":"2026-08-21T07:10:01","guid":{"rendered":"https:\/\/analyse.optim.biz\/?p=2105336"},"modified":"2026-08-21T10:10:01","modified_gmt":"2026-08-21T07:10:01","slug":"o-interventie-de-o-complexitate-ridicata-a-fost-efectuata-cu-profesionalism-de-catre-medicii-neurochirurgi-ai-s-j-u-buzau","status":"publish","type":"post","link":"https:\/\/analyse.optim.biz\/?p=2105336","title":{"rendered":"O interven\u021bie de o complexitate ridicat\u0103 a fost efectuat\u0103, cu profesionalism, de c\u0103tre medicii neurochirurgi ai S.J.U. Buz\u0103u"},"content":{"rendered":"<p>[analyse_image type=&#8221;featured&#8221; src=&#8221;https:\/\/buzaumedia.ro\/wp-content\/uploads\/2026\/08\/rezectie-tumorala-2026.jpghttps:\/\/buzaumedia.ro\/wp-content\/uploads\/2026\/08\/rezectie-tumorala-2026.jpg&#8221;]<\/p>\n<div class=\"entry-content rbct clearfix is-highlight-shares\">\n<p>\u00cen data de 20 august 2026, la S.J.U. Buz\u0103u a avut loc o premier\u0103 medical\u0103,<br \/>\nmai exact o interven\u021bie chirurgical\u0103 pentru rezec\u021bie forma\u021biune tumoral\u0103<br \/>\ntoracal\u0103, la o pacient\u0103 \u00een v\u00e2rst\u0103 de 63 de ani, din municipiul Buz\u0103u.<\/p>\n<p>Pacienta s-a prezentat, anterior, la cabinetul de neurologie din cadrul<br \/>\nAmbulatoriului de Specialitate al S.J.U. Buz\u0103u, pentru tulbur\u0103ri de mers.<br \/>\nD-na. Dr. Du\u021b\u0103 Roxana a evaluat pacienta \u0219i a recomandat investiga\u021bii<br \/>\nimagistice, \u00een urma c\u0103rora s-a pus diagnosticul de forma\u021biune tumoral\u0103<br \/>\ntoracal\u0103. Av\u00e2nd \u00een vedere deteriorarea rapid\u0103 a simptomatologiei, pacienta<br \/>\na fost direc\u021bionat\u0103 c\u0103tre cabinetul de neurochirurgie, unde a fost<br \/>\nexaminat\u0103. Aici, s-a constatat paralizie aproape complet\u0103 a membrelor<br \/>\ninferioare.<\/p>\n<p>Dr. \u0218tefan Rot\u0103rescu: \u201e\u00cempreun\u0103 cu colegii mei, Dr. Bogdan Rotund si Dr.<br \/>\nEne Ana-Maria, am realizat aceast\u0103 procedur\u0103 medical\u0103 complex\u0103.<\/p>\n<p>Particularitatea cazului: Dimensiuni foarte mari a forma\u021biunii tumorale<br \/>\ntoracale raportat la dimensiunea canalului toracal, cu ocuparea a peste 80%<br \/>\ndin suprafa\u021ba canalului medular.<\/p>\n<p>Av\u00e2nd \u00een vedere faptul c\u0103 pacienta a fost pozi\u021bionat\u0103 cu fa\u021ba \u00een jos pentru<br \/>\ninterven\u021bia propriu-zis\u0103, a necesitat o monitorizare mai atent\u0103 din partea<br \/>\ncolegilor de anestezie, \u00eentruc\u00e2t pacienta prezenta o patologie cardiac\u0103<br \/>\npreexinstent\u0103. Pe aceast\u0103 cale, doresc s\u0103 \u00eei mul\u021bumesc Dr. Mocanu Georgiana<br \/>\npentru atenta supraveghere medical\u0103 \u0219i \u00eentregii echipe medicale.<\/p>\n<p>Interventia chirurgicala a durat dou\u0103 ore, unde am reu\u0219it rezec\u021bia \u00een<br \/>\ntotalitate a tumorei toracale, f\u0103r\u0103 alte complica\u021bii intraoperator.<br \/>\nPostoperator, pacienta este transferat\u0103 pe sec\u021bie, cu o evolu\u021bie<br \/>\nfavorabil\u0103, cu ameliorare rapid\u0103 a deficitului motor iar in cursul zilei de<br \/>\nast\u0103zi, 21 august 2026, pacienta intr\u0103 \u00een programul de recuperare medical\u0103,<br \/>\n\u00een cadrul S.J.U. Buz\u0103u.\u201d<\/p>\n<p>Conducerea S.J.U. Buz\u0103u aduce mul\u021bumiri \u00eentregii echipe medicale pentru<br \/>\nsolu\u021bionarea acestui caz, \u00een premier\u0103 la Buz\u0103u.<\/p>\n<p>\u201eNe dorim ca pe viitor, tot mai multe interven\u021bii de acest fel s\u0103 se<br \/>\nefectueze \u00een cadrul S.J.U. Buz\u0103u iar pacien\u021bii s\u0103 apeleze cu \u00eencredere la<br \/>\nserviciile medicale pe care spitalul le ofer\u0103, f\u0103r\u0103 a mai opta pentru alte<br \/>\nunit\u0103\u021bi medicale.<\/p>\n<p>De asemenea, doresc s\u0103 precizez c\u0103, \u00een ultimii ani, s-au realizat mai multe<br \/>\ninvesti\u021bii pe parte de aparatur\u0103 \u0219i echipamente medicale, pentru a oferi<br \/>\npacien\u021bilor calitate a actului medical.\u201d, a declarat Ec. Claudiu Damian,<br \/>\nmanager S.J.U. Buz\u0103u.<\/p>\n<div id=\"gallery-1\" class=\"gallery galleryid-189217 gallery-columns-3 gallery-size-thumbnail\">\n<figure class=\"gallery-item\">\n<div class=\"gallery-icon landscape\"><a href=\"https:\/\/buzaumedia.ro\/stiri-buzau\/o-interventie-de-o-complexitate-ridicata-a-fost-efectuata-cu-profesionalism-de-catre-medicii-neurochirurgi-ai-s-j-u-buzau\/attachment\/rezectie-tumorala-2026\/\"><img loading=\"lazy\" decoding=\"async\" width=\"96\" height=\"96\" src=\"https:\/\/buzaumedia.ro\/wp-content\/uploads\/2026\/08\/rezectie-tumorala-2026.jpg\" class=\"attachment-thumbnail size-thumbnail\" alt><img decoding=\"async\" loading=\"lazy\" width=\"96\" height=\"96\" src=\"https:\/\/buzaumedia.ro\/wp-content\/uploads\/2026\/08\/rezectie-tumorala-2026.jpg\" class=\"attachment-thumbnail size-thumbnail\" alt><\/a><\/div>\n<\/figure>\n<\/div>\n<\/div>\n<p>[analyse_source url=&#8221;https:\/\/buzaumedia.ro\/stiri-buzau\/o-interventie-de-o-complexitate-ridicata-a-fost-efectuata-cu-profesionalism-de-catre-medicii-neurochirurgi-ai-s-j-u-buzau\/&#8221;]<\/p>\n","protected":false},"excerpt":{"rendered":"<p>[analyse_image type=&#8221;featured&#8221; src=&#8221;https:\/\/buzaumedia.ro\/wp-content\/uploads\/2026\/08\/rezectie-tumorala-2026.jpghttps:\/\/buzaumedia.ro\/wp-content\/uploads\/2026\/08\/rezectie-tumorala-2026.jpg&#8221;] \u00cen data de 20 august 2026, la S.J.U. Buz\u0103u a avut loc o premier\u0103 medical\u0103, mai exact o interven\u021bie chirurgical\u0103 pentru rezec\u021bie forma\u021biune tumoral\u0103 toracal\u0103, la o pacient\u0103 \u00een v\u00e2rst\u0103 de 63 de ani, din municipiul Buz\u0103u. Pacienta s-a prezentat, anterior, la cabinetul de neurologie din cadrul Ambulatoriului de Specialitate al S.J.U. [&hellip;]<\/p>\n","protected":false},"author":1,"featured_media":0,"comment_status":"open","ping_status":"","sticky":false,"template":"","format":"standard","meta":{"footnotes":""},"categories":[2],"tags":[66,226],"class_list":["post-2105336","post","type-post","status-publish","format-standard","hentry","category-politics","tag-buzaumedia-ro","tag-crawlmanager"],"_links":{"self":[{"href":"https:\/\/analyse.optim.biz\/index.php?rest_route=\/wp\/v2\/posts\/2105336","targetHints":{"allow":["GET"]}}],"collection":[{"href":"https:\/\/analyse.optim.biz\/index.php?rest_route=\/wp\/v2\/posts"}],"about":[{"href":"https:\/\/analyse.optim.biz\/index.php?rest_route=\/wp\/v2\/types\/post"}],"author":[{"embeddable":true,"href":"https:\/\/analyse.optim.biz\/index.php?rest_route=\/wp\/v2\/users\/1"}],"replies":[{"embeddable":true,"href":"https:\/\/analyse.optim.biz\/index.php?rest_route=%2Fwp%2Fv2%2Fcomments&post=2105336"}],"version-history":[{"count":0,"href":"https:\/\/analyse.optim.biz\/index.php?rest_route=\/wp\/v2\/posts\/2105336\/revisions"}],"wp:attachment":[{"href":"https:\/\/analyse.optim.biz\/index.php?rest_route=%2Fwp%2Fv2%2Fmedia&parent=2105336"}],"wp:term":[{"taxonomy":"category","embeddable":true,"href":"https:\/\/analyse.optim.biz\/index.php?rest_route=%2Fwp%2Fv2%2Fcategories&post=2105336"},{"taxonomy":"post_tag","embeddable":true,"href":"https:\/\/analyse.optim.biz\/index.php?rest_route=%2Fwp%2Fv2%2Ftags&post=2105336"}],"curies":[{"name":"wp","href":"https:\/\/api.w.org\/{rel}","templated":true}]}}