{"id":2105333,"date":"2026-08-21T09:59:45","date_gmt":"2026-08-21T06:59:45","guid":{"rendered":"https:\/\/analyse.optim.biz\/?p=2105333"},"modified":"2026-08-21T09:59:45","modified_gmt":"2026-08-21T06:59:45","slug":"in-seara-aceasta-in-parcul-tineretului-la-amfiteatru-ne-intalnim-cu-napoleon","status":"publish","type":"post","link":"https:\/\/analyse.optim.biz\/?p=2105333","title":{"rendered":"\u00cen seara aceasta, \u00een Parcul Tineretului, la Amfiteatru, ne \u00eent\u00e2lnim cu NAPOLEON!"},"content":{"rendered":"<p>[analyse_image type=&#8221;featured&#8221; src=&#8221;https:\/\/buzaumedia.ro\/wp-content\/uploads\/2026\/08\/781678642_1675394824591123_3499803461100618163_n.jpghttps:\/\/buzaumedia.ro\/wp-content\/uploads\/2026\/08\/781678642_1675394824591123_3499803461100618163_n.jpg&#8221;]<\/p>\n<div class=\"entry-content rbct clearfix is-highlight-shares\">\n<p>O capodoper\u0103 \u00een regia lui Ridley Scott, cu Joaquin Phoenix \u00een rolul<br \/>\nlegendarului \u00eemp\u0103rat francez. Ridley Scott propune o poveste original\u0103<br \/>\ndespre apari\u021bia \u0219i parcursul legendarului Napoleon Bonaparte. Filmul expune<br \/>\nmodul crud \u00een care generalul Napoleon pune m\u00e2na pe tronul Fran\u021bei, \u00eentreaga<br \/>\nlui carier\u0103 fiind analizat\u0103 din unghiul lui Josephine, so\u021bia \u0219i marea lui<br \/>\ndragoste. ACEST FILM NU ESTE RECOMANDAT SUB 15 ANI.<\/p>\n<div id=\"gallery-1\" class=\"gallery galleryid-189212 gallery-columns-3 gallery-size-thumbnail\">\n<figure class=\"gallery-item\">\n<div class=\"gallery-icon portrait\"><a href=\"https:\/\/buzaumedia.ro\/stiri-buzau\/in-seara-aceasta-in-parcul-tineretului-la-amfiteatru-ne-intalnim-cu-napoleon\/attachment\/781678642_1675394824591123_3499803461100618163_n\/\"><img loading=\"lazy\" decoding=\"async\" width=\"96\" height=\"96\" src=\"https:\/\/buzaumedia.ro\/wp-content\/uploads\/2026\/08\/781678642_1675394824591123_3499803461100618163_n.jpg\" class=\"attachment-thumbnail size-thumbnail\" alt><img decoding=\"async\" loading=\"lazy\" width=\"96\" height=\"96\" src=\"https:\/\/buzaumedia.ro\/wp-content\/uploads\/2026\/08\/781678642_1675394824591123_3499803461100618163_n.jpg\" class=\"attachment-thumbnail size-thumbnail\" alt><\/a><\/div>\n<\/figure>\n<figure class=\"gallery-item\">\n<div class=\"gallery-icon portrait\"><a href=\"https:\/\/buzaumedia.ro\/stiri-buzau\/in-seara-aceasta-in-parcul-tineretului-la-amfiteatru-ne-intalnim-cu-napoleon\/attachment\/784197586_1675394804591125_2419043574887611171_n\/\"><img loading=\"lazy\" decoding=\"async\" width=\"96\" height=\"96\" src=\"https:\/\/buzaumedia.ro\/wp-content\/uploads\/2026\/08\/784197586_1675394804591125_2419043574887611171_n.jpg\" class=\"attachment-thumbnail size-thumbnail\" alt><img decoding=\"async\" loading=\"lazy\" width=\"96\" height=\"96\" src=\"https:\/\/buzaumedia.ro\/wp-content\/uploads\/2026\/08\/784197586_1675394804591125_2419043574887611171_n.jpg\" class=\"attachment-thumbnail size-thumbnail\" alt><\/a><\/div>\n<\/figure>\n<\/div>\n<\/div>\n<p>[analyse_source url=&#8221;https:\/\/buzaumedia.ro\/stiri-buzau\/in-seara-aceasta-in-parcul-tineretului-la-amfiteatru-ne-intalnim-cu-napoleon\/&#8221;]<\/p>\n","protected":false},"excerpt":{"rendered":"<p>[analyse_image type=&#8221;featured&#8221; src=&#8221;https:\/\/buzaumedia.ro\/wp-content\/uploads\/2026\/08\/781678642_1675394824591123_3499803461100618163_n.jpghttps:\/\/buzaumedia.ro\/wp-content\/uploads\/2026\/08\/781678642_1675394824591123_3499803461100618163_n.jpg&#8221;] O capodoper\u0103 \u00een regia lui Ridley Scott, cu Joaquin Phoenix \u00een rolul legendarului \u00eemp\u0103rat francez. Ridley Scott propune o poveste original\u0103 despre apari\u021bia \u0219i parcursul legendarului Napoleon Bonaparte. Filmul expune modul crud \u00een care generalul Napoleon pune m\u00e2na pe tronul Fran\u021bei, \u00eentreaga lui carier\u0103 fiind analizat\u0103 din unghiul lui Josephine, so\u021bia \u0219i [&hellip;]<\/p>\n","protected":false},"author":1,"featured_media":0,"comment_status":"open","ping_status":"","sticky":false,"template":"","format":"standard","meta":{"footnotes":""},"categories":[2],"tags":[66,226],"class_list":["post-2105333","post","type-post","status-publish","format-standard","hentry","category-politics","tag-buzaumedia-ro","tag-crawlmanager"],"_links":{"self":[{"href":"https:\/\/analyse.optim.biz\/index.php?rest_route=\/wp\/v2\/posts\/2105333","targetHints":{"allow":["GET"]}}],"collection":[{"href":"https:\/\/analyse.optim.biz\/index.php?rest_route=\/wp\/v2\/posts"}],"about":[{"href":"https:\/\/analyse.optim.biz\/index.php?rest_route=\/wp\/v2\/types\/post"}],"author":[{"embeddable":true,"href":"https:\/\/analyse.optim.biz\/index.php?rest_route=\/wp\/v2\/users\/1"}],"replies":[{"embeddable":true,"href":"https:\/\/analyse.optim.biz\/index.php?rest_route=%2Fwp%2Fv2%2Fcomments&post=2105333"}],"version-history":[{"count":0,"href":"https:\/\/analyse.optim.biz\/index.php?rest_route=\/wp\/v2\/posts\/2105333\/revisions"}],"wp:attachment":[{"href":"https:\/\/analyse.optim.biz\/index.php?rest_route=%2Fwp%2Fv2%2Fmedia&parent=2105333"}],"wp:term":[{"taxonomy":"category","embeddable":true,"href":"https:\/\/analyse.optim.biz\/index.php?rest_route=%2Fwp%2Fv2%2Fcategories&post=2105333"},{"taxonomy":"post_tag","embeddable":true,"href":"https:\/\/analyse.optim.biz\/index.php?rest_route=%2Fwp%2Fv2%2Ftags&post=2105333"}],"curies":[{"name":"wp","href":"https:\/\/api.w.org\/{rel}","templated":true}]}}