{"id":2105331,"date":"2026-08-21T09:53:42","date_gmt":"2026-08-21T06:53:42","guid":{"rendered":"https:\/\/analyse.optim.biz\/?p=2105331"},"modified":"2026-08-21T09:53:42","modified_gmt":"2026-08-21T06:53:42","slug":"a-fost-demarata-licitatia-privind-gestionarea-maidanezilor-din-buzau","status":"publish","type":"post","link":"https:\/\/analyse.optim.biz\/?p=2105331","title":{"rendered":"A fost demarat\u0103 licita\u021bia privind gestionarea maidanezilor din Buz\u0103u!"},"content":{"rendered":"<p>[analyse_image type=&#8221;featured&#8221; src=&#8221;https:\/\/buzaumedia.ro\/wp-content\/uploads\/2026\/08\/caini-1.jpghttps:\/\/buzaumedia.ro\/wp-content\/uploads\/2026\/08\/caini-1.jpg&#8221;]<\/p>\n<div class=\"entry-content rbct clearfix is-highlight-shares\">\n<p>Prim\u0103ria Buz\u0103u a lansat licita\u021bia privind preluarea serviciului de<br \/>\ngestionare a c\u00e2inilor f\u0103r\u0103 st\u0103p\u00e2n, din municipiu. Administra\u021bia local\u0103<br \/>\nva trebui s\u0103 \u00eencredin\u021beze acest serviciu deoarece are organigrama<br \/>\nblocat\u0103 \u0219i nu poate face angaj\u0103ri, \u00een urma unei decizii judec\u0103tore\u0219ti<br \/>\n\u00een procesul cu poli\u021bi\u0219tii locali.<br \/>\nPotrivit reprezentan\u021bilor prim\u0103riei, la licita\u021bie pot participa to\u021bi<br \/>\ncei care doresc s\u0103 preia serviciul de gestionare a maidanezilor,<br \/>\ninclusiv asocia\u021biile de protec\u021bie a animalelor, cu condi\u021bia s\u0103<br \/>\n\u00eendeplineasc\u0103 criteriile din caietul de sarcini.<br \/>\nDac\u0103 nu vor exista contesta\u021bii, c\u00e2\u0219tig\u0103torul licita\u021biei va fi desemnat<br \/>\n\u00een aproape trei s\u0103pt\u0103m\u00e2ni.<br \/>\nHot\u0103r\u00e2rea Consiliului Local Municipal Buz\u0103u prin care societatea Urbis<br \/>\nServ era delegat\u0103 anterior s\u0103 captureze c\u00e2inii f\u0103r\u0103 ad\u0103post de pe<br \/>\nteritoriul municipiului a fost anulat\u0103, \u00een urma unei cereri formulat\u0103<br \/>\n\u00een justi\u021bie de o asocia\u021bie pentru protec\u021bia animalelor. De atunci,<br \/>\nmaidanezii nu au putut fi extra\u0219i de pe str\u0103zile ora\u0219ului, dintre<br \/>\nblocuri ori din parcuri, iar peste 160 de oameni au fost ataca\u021bi de<br \/>\npatrupede.<\/p>\n<div id=\"gallery-1\" class=\"gallery galleryid-189206 gallery-columns-3 gallery-size-thumbnail\">\n<figure class=\"gallery-item\">\n<div class=\"gallery-icon landscape\"><a href=\"https:\/\/buzaumedia.ro\/stiri-buzau\/fwd-a-fost-demarata-licitatia-privind-gestionarea-maidanezilor-din-buzau\/attachment\/caini-1-2\/\"><img loading=\"lazy\" decoding=\"async\" width=\"128\" height=\"72\" src=\"https:\/\/buzaumedia.ro\/wp-content\/uploads\/2026\/08\/caini-1.jpg\" class=\"attachment-thumbnail size-thumbnail\" alt><img decoding=\"async\" loading=\"lazy\" width=\"128\" height=\"72\" src=\"https:\/\/buzaumedia.ro\/wp-content\/uploads\/2026\/08\/caini-1.jpg\" class=\"attachment-thumbnail size-thumbnail\" alt><\/a><\/div>\n<\/figure>\n<\/div>\n<\/div>\n<p>[analyse_source url=&#8221;https:\/\/buzaumedia.ro\/stiri-buzau\/fwd-a-fost-demarata-licitatia-privind-gestionarea-maidanezilor-din-buzau\/&#8221;]<\/p>\n","protected":false},"excerpt":{"rendered":"<p>[analyse_image type=&#8221;featured&#8221; src=&#8221;https:\/\/buzaumedia.ro\/wp-content\/uploads\/2026\/08\/caini-1.jpghttps:\/\/buzaumedia.ro\/wp-content\/uploads\/2026\/08\/caini-1.jpg&#8221;] Prim\u0103ria Buz\u0103u a lansat licita\u021bia privind preluarea serviciului de gestionare a c\u00e2inilor f\u0103r\u0103 st\u0103p\u00e2n, din municipiu. Administra\u021bia local\u0103 va trebui s\u0103 \u00eencredin\u021beze acest serviciu deoarece are organigrama blocat\u0103 \u0219i nu poate face angaj\u0103ri, \u00een urma unei decizii judec\u0103tore\u0219ti \u00een procesul cu poli\u021bi\u0219tii locali. Potrivit reprezentan\u021bilor prim\u0103riei, la licita\u021bie pot participa to\u021bi cei [&hellip;]<\/p>\n","protected":false},"author":1,"featured_media":0,"comment_status":"open","ping_status":"","sticky":false,"template":"","format":"standard","meta":{"footnotes":""},"categories":[2],"tags":[66,226],"class_list":["post-2105331","post","type-post","status-publish","format-standard","hentry","category-politics","tag-buzaumedia-ro","tag-crawlmanager"],"_links":{"self":[{"href":"https:\/\/analyse.optim.biz\/index.php?rest_route=\/wp\/v2\/posts\/2105331","targetHints":{"allow":["GET"]}}],"collection":[{"href":"https:\/\/analyse.optim.biz\/index.php?rest_route=\/wp\/v2\/posts"}],"about":[{"href":"https:\/\/analyse.optim.biz\/index.php?rest_route=\/wp\/v2\/types\/post"}],"author":[{"embeddable":true,"href":"https:\/\/analyse.optim.biz\/index.php?rest_route=\/wp\/v2\/users\/1"}],"replies":[{"embeddable":true,"href":"https:\/\/analyse.optim.biz\/index.php?rest_route=%2Fwp%2Fv2%2Fcomments&post=2105331"}],"version-history":[{"count":0,"href":"https:\/\/analyse.optim.biz\/index.php?rest_route=\/wp\/v2\/posts\/2105331\/revisions"}],"wp:attachment":[{"href":"https:\/\/analyse.optim.biz\/index.php?rest_route=%2Fwp%2Fv2%2Fmedia&parent=2105331"}],"wp:term":[{"taxonomy":"category","embeddable":true,"href":"https:\/\/analyse.optim.biz\/index.php?rest_route=%2Fwp%2Fv2%2Fcategories&post=2105331"},{"taxonomy":"post_tag","embeddable":true,"href":"https:\/\/analyse.optim.biz\/index.php?rest_route=%2Fwp%2Fv2%2Ftags&post=2105331"}],"curies":[{"name":"wp","href":"https:\/\/api.w.org\/{rel}","templated":true}]}}