{"id":2105329,"date":"2026-08-21T09:23:49","date_gmt":"2026-08-21T06:23:49","guid":{"rendered":"https:\/\/analyse.optim.biz\/?p=2105329"},"modified":"2026-08-21T09:23:49","modified_gmt":"2026-08-21T06:23:49","slug":"cod-galben-de-canicula-pana-duminica-seara","status":"publish","type":"post","link":"https:\/\/analyse.optim.biz\/?p=2105329","title":{"rendered":"COD GALBEN de canicul\u0103 p\u00e2n\u0103 duminic\u0103 sear\u0103"},"content":{"rendered":"<p>[analyse_image type=&#8221;featured&#8221; src=&#8221;https:\/\/blitz24.ro\/wp-content\/uploads\/2026\/08\/cod-galben-canicula-21-08-2026.jpg&#8221;]<\/p>\n<div class=\"cm-entry-summary\">\n<p><strong>Codul portocaliu de canicul\u0103, valabil vineri \u00een peste jum\u0103tate de \u0163ar\u0103, se va restr\u00e2nge s\u00e2mb\u0103t\u0103 \u015fi va afecta jude\u0163ele Mehedin\u0163i, Dolj, Olt, Teleorman, Boto\u015fani \u015fi Ia\u015fi.<\/strong><\/p>\n<p>Potrivit Administra\u0163iei Na\u0163ionale de Meteorologie,\u00a0\u00een intervalul 22 august, ora 10:00 \u2013 23 august, ora 10:00\u00a0\u00een cele \u015fase jude\u0163e vor fi temperaturi maxime deosebit de ridicate, canicul\u0103 \u015fi disconfort termic accentuat, iar indicele temperatur\u0103-umezeal\u0103 (ITU) va dep\u0103\u015fi pragul critic de 80 de unit\u0103\u0163i.<\/p>\n<p>Temperaturile maxime se vor situa \u00eentre 35 \u015fi 37 de grade, iar \u00een sudul jude\u0163elor Mehedin\u0163i, Dolj, Olt, Teleorman se vor atinge 38 de grade. Local noaptea va fi tropical\u0103, cu minime de 18\u202622 de grade.<\/p>\n<p>Restul \u0163\u0103rii, except\u00e2nd jude\u0163ele Constan\u0163a \u015fi Tulcea, se va afla s\u00e2mb\u0103t\u0103 sub aten\u0163ionare Cod galben de temperaturi maxime deosebit de ridicate, \u00eentre 33 \u015fi 37 de grade.<\/p>\n<p>Local va fi canicul\u0103 \u015fi disconfort termic ridicat, iar indicele temperatur\u0103-umezeal\u0103 (ITU) va atinge sau u\u015for va dep\u0103\u015fi u\u015for pragul critic de 80 de unit\u0103\u0163i \u00een C\u00e2mpia Rom\u00e2n\u0103. \u00cen jum\u0103tatea sudic\u0103 a \u0163\u0103rii noaptea va fi tropical\u0103, cu minime de 19\u2026 22 de grade.<\/p>\n<p>Pentru ziua de vineri, meteorologii au men\u0163inut\u00a0Codul portocaliu pentru 27 de jude\u0163e, din Banat, Cri\u015fana, Maramure\u015f, Transilvania, Oltenia, jum\u0103tatea de nord a Moldovei \u015fi sud-vestul Munteniei, unde vor fi temperaturi maxime deosebit de ridicate, canicul\u0103 \u015fi disconfort termic accentuat, iar indicele temperatur\u0103-umezeal\u0103 (ITU) va dep\u0103\u015fi pragul critic de 80 de unit\u0103\u0163i.<\/p>\n<p>CITE\u0218TE \u0218I <a href=\"https:\/\/blitz24.ro\/stiri-judetene\/actualitate-stiri-judetene\/relevanta-si-impactul-proiectului-de-digitalizare-al-turismului-local-din-comuna-vranceana-urechesti\/\">Relevan\u021ba \u0219i impactul proiectului de digitalizare al turismului local din comuna vr\u00e2ncean\u0103 Ureche\u0219ti<\/a><\/p>\n<p>Temperaturile maxime se vor situa \u00eentre 35 \u015fi 38 de grade, iar cu totul izolat \u00een sudul \u015fi sud-vestul Olteniei se vor atinge 39\u202640 de grade. Local noaptea va fi tropical\u0103, cu minime de 18\u202622 de grade.<\/p>\n<p>Totodat\u0103, \u00een jum\u0103tatea de sud a Moldovei \u015fi \u00een nordul, centrul \u015fi estul Munteniei este Cod galben, temperaturile maxime vor fi deosebit de ridicate \u015fi se vor situa \u00een general \u00eentre 34 \u015fi 37 de grade, iar indicele temperatur\u0103-umezeal\u0103 (ITU) va atinge \u015fi va dep\u0103\u015fi u\u015for pragul critic de 80 de unit\u0103\u0163i. Izolat noaptea va fi tropical\u0103, cu minime \u00een jurul a 20 de grade.<\/p>\n<\/div>\n<p>[analyse_source url=&#8221;https:\/\/blitz24.ro\/national\/cod-galben-de-canicula-pana-duminica-seara\/&#8221;]<\/p>\n","protected":false},"excerpt":{"rendered":"<p>[analyse_image type=&#8221;featured&#8221; src=&#8221;https:\/\/blitz24.ro\/wp-content\/uploads\/2026\/08\/cod-galben-canicula-21-08-2026.jpg&#8221;] Codul portocaliu de canicul\u0103, valabil vineri \u00een peste jum\u0103tate de \u0163ar\u0103, se va restr\u00e2nge s\u00e2mb\u0103t\u0103 \u015fi va afecta jude\u0163ele Mehedin\u0163i, Dolj, Olt, Teleorman, Boto\u015fani \u015fi Ia\u015fi. Potrivit Administra\u0163iei Na\u0163ionale de Meteorologie,\u00a0\u00een intervalul 22 august, ora 10:00 \u2013 23 august, ora 10:00\u00a0\u00een cele \u015fase jude\u0163e vor fi temperaturi maxime deosebit de ridicate, canicul\u0103 [&hellip;]<\/p>\n","protected":false},"author":1,"featured_media":0,"comment_status":"open","ping_status":"","sticky":false,"template":"","format":"standard","meta":{"footnotes":""},"categories":[2],"tags":[42,226],"class_list":["post-2105329","post","type-post","status-publish","format-standard","hentry","category-politics","tag-blitz24-ro","tag-crawlmanager"],"_links":{"self":[{"href":"https:\/\/analyse.optim.biz\/index.php?rest_route=\/wp\/v2\/posts\/2105329","targetHints":{"allow":["GET"]}}],"collection":[{"href":"https:\/\/analyse.optim.biz\/index.php?rest_route=\/wp\/v2\/posts"}],"about":[{"href":"https:\/\/analyse.optim.biz\/index.php?rest_route=\/wp\/v2\/types\/post"}],"author":[{"embeddable":true,"href":"https:\/\/analyse.optim.biz\/index.php?rest_route=\/wp\/v2\/users\/1"}],"replies":[{"embeddable":true,"href":"https:\/\/analyse.optim.biz\/index.php?rest_route=%2Fwp%2Fv2%2Fcomments&post=2105329"}],"version-history":[{"count":0,"href":"https:\/\/analyse.optim.biz\/index.php?rest_route=\/wp\/v2\/posts\/2105329\/revisions"}],"wp:attachment":[{"href":"https:\/\/analyse.optim.biz\/index.php?rest_route=%2Fwp%2Fv2%2Fmedia&parent=2105329"}],"wp:term":[{"taxonomy":"category","embeddable":true,"href":"https:\/\/analyse.optim.biz\/index.php?rest_route=%2Fwp%2Fv2%2Fcategories&post=2105329"},{"taxonomy":"post_tag","embeddable":true,"href":"https:\/\/analyse.optim.biz\/index.php?rest_route=%2Fwp%2Fv2%2Ftags&post=2105329"}],"curies":[{"name":"wp","href":"https:\/\/api.w.org\/{rel}","templated":true}]}}