{"id":2105327,"date":"2026-08-21T09:52:30","date_gmt":"2026-08-21T06:52:30","guid":{"rendered":"https:\/\/analyse.optim.biz\/?p=2105327"},"modified":"2026-08-21T09:52:30","modified_gmt":"2026-08-21T06:52:30","slug":"primarul-buzaului-constantin-toma-ar-vrea-sa-candideze-ca-independent","status":"publish","type":"post","link":"https:\/\/analyse.optim.biz\/?p=2105327","title":{"rendered":"Primarul Buz\u0103ului, Constantin Toma, ar vrea s\u0103 candideze ca independent!"},"content":{"rendered":"<p>[analyse_image type=&#8221;featured&#8221; src=&#8221;https:\/\/buzaumedia.ro\/wp-content\/uploads\/2026\/08\/candidatura.jpghttps:\/\/buzaumedia.ro\/wp-content\/uploads\/2026\/08\/candidatura.jpg&#8221;]<\/p>\n<div class=\"entry-content rbct clearfix is-highlight-shares\">\n<p>Edilul Buz\u0103ului, Constantin Toma, nu \u00ee\u0219i mai dore\u0219te s\u0103 candideze din<br \/>\npartea PSD pentru un nou mandat la \u0219efia Prim\u0103riei. Declara\u021bia a fost<br \/>\nf\u0103cut\u0103 la un post local de radio, unde primarul muncipiului a mai<br \/>\nprecizat c\u0103 ar prefera s\u0103 candideze ca independent. Constantin Toma nu<br \/>\na exclus, \u00eens\u0103, nici varianta unei candidaturi cu sus\u021binerea altui<br \/>\npartid, \u00een afar\u0103 de SOS \u0219i AUR.<br \/>\nAtacurile \u0219i criticile din ultimele luni ale primarului la adresa<br \/>\nliderului PSD, Sorin Grindeanu, dar \u0219i la adresa pre\u0219edintelui PSD<br \/>\nBuz\u0103u, deputatul Romeo Lungu, sunt d\u00e9j\u00e0 de notorietate. Numit deseori<br \/>\nomul lui Bolojan din PSD, Constantin Toma \u0219i-a dat demisia, at\u00e2t din<br \/>\nfunc\u021bia de prim-vicepre\u0219edinte al organiza\u021biei jude\u021bene a PSD Buz\u0103u,<br \/>\nc\u00e2t \u0219i din cea de prie\u0219edinte al organiza\u021biei municipale Buz\u0103u a<br \/>\nsocial-democra\u021bilor.<\/p>\n<div id=\"gallery-1\" class=\"gallery galleryid-189202 gallery-columns-3 gallery-size-thumbnail\">\n<figure class=\"gallery-item\">\n<div class=\"gallery-icon landscape\"><a href=\"https:\/\/buzaumedia.ro\/stiri-buzau\/fwd-primarul-buzaului-constantin-toma-ar-vrea-sa-candideze-ca-independent\/attachment\/candidatura\/\"><img loading=\"lazy\" decoding=\"async\" width=\"128\" height=\"73\" src=\"https:\/\/buzaumedia.ro\/wp-content\/uploads\/2026\/08\/candidatura.jpg\" class=\"attachment-thumbnail size-thumbnail\" alt><img decoding=\"async\" loading=\"lazy\" width=\"128\" height=\"73\" src=\"https:\/\/buzaumedia.ro\/wp-content\/uploads\/2026\/08\/candidatura.jpg\" class=\"attachment-thumbnail size-thumbnail\" alt><\/a><\/div>\n<\/figure>\n<\/div>\n<\/div>\n<p>[analyse_source url=&#8221;https:\/\/buzaumedia.ro\/stiri-buzau\/fwd-primarul-buzaului-constantin-toma-ar-vrea-sa-candideze-ca-independent\/&#8221;]<\/p>\n","protected":false},"excerpt":{"rendered":"<p>[analyse_image type=&#8221;featured&#8221; src=&#8221;https:\/\/buzaumedia.ro\/wp-content\/uploads\/2026\/08\/candidatura.jpghttps:\/\/buzaumedia.ro\/wp-content\/uploads\/2026\/08\/candidatura.jpg&#8221;] Edilul Buz\u0103ului, Constantin Toma, nu \u00ee\u0219i mai dore\u0219te s\u0103 candideze din partea PSD pentru un nou mandat la \u0219efia Prim\u0103riei. Declara\u021bia a fost f\u0103cut\u0103 la un post local de radio, unde primarul muncipiului a mai precizat c\u0103 ar prefera s\u0103 candideze ca independent. Constantin Toma nu a exclus, \u00eens\u0103, nici varianta unei [&hellip;]<\/p>\n","protected":false},"author":1,"featured_media":0,"comment_status":"open","ping_status":"","sticky":false,"template":"","format":"standard","meta":{"footnotes":""},"categories":[2],"tags":[66,226],"class_list":["post-2105327","post","type-post","status-publish","format-standard","hentry","category-politics","tag-buzaumedia-ro","tag-crawlmanager"],"_links":{"self":[{"href":"https:\/\/analyse.optim.biz\/index.php?rest_route=\/wp\/v2\/posts\/2105327","targetHints":{"allow":["GET"]}}],"collection":[{"href":"https:\/\/analyse.optim.biz\/index.php?rest_route=\/wp\/v2\/posts"}],"about":[{"href":"https:\/\/analyse.optim.biz\/index.php?rest_route=\/wp\/v2\/types\/post"}],"author":[{"embeddable":true,"href":"https:\/\/analyse.optim.biz\/index.php?rest_route=\/wp\/v2\/users\/1"}],"replies":[{"embeddable":true,"href":"https:\/\/analyse.optim.biz\/index.php?rest_route=%2Fwp%2Fv2%2Fcomments&post=2105327"}],"version-history":[{"count":0,"href":"https:\/\/analyse.optim.biz\/index.php?rest_route=\/wp\/v2\/posts\/2105327\/revisions"}],"wp:attachment":[{"href":"https:\/\/analyse.optim.biz\/index.php?rest_route=%2Fwp%2Fv2%2Fmedia&parent=2105327"}],"wp:term":[{"taxonomy":"category","embeddable":true,"href":"https:\/\/analyse.optim.biz\/index.php?rest_route=%2Fwp%2Fv2%2Fcategories&post=2105327"},{"taxonomy":"post_tag","embeddable":true,"href":"https:\/\/analyse.optim.biz\/index.php?rest_route=%2Fwp%2Fv2%2Ftags&post=2105327"}],"curies":[{"name":"wp","href":"https:\/\/api.w.org\/{rel}","templated":true}]}}