{"id":2105325,"date":"2026-08-20T19:00:38","date_gmt":"2026-08-20T16:00:38","guid":{"rendered":"https:\/\/analyse.optim.biz\/?p=2105325"},"modified":"2026-08-20T19:00:38","modified_gmt":"2026-08-20T16:00:38","slug":"cat-e-siriul-de-mare-30-august-2026-incepand-cu-ora-1300","status":"publish","type":"post","link":"https:\/\/analyse.optim.biz\/?p=2105325","title":{"rendered":"\u201eC\u00e2t e Siriul de mare\u201d! 30 august 2026, \u00eencep\u00e2nd cu ora 13:00"},"content":{"rendered":"<p>[analyse_image type=&#8221;featured&#8221; src=&#8221;https:\/\/buzaumedia.ro\/wp-content\/uploads\/2026\/08\/780443779_1099149999113834_2480737526423704545_n.jpghttps:\/\/buzaumedia.ro\/wp-content\/uploads\/2026\/08\/780443779_1099149999113834_2480737526423704545_n.jpg&#8221;]<\/p>\n<div class=\"entry-content rbct clearfix is-highlight-shares\">\n<p>Drago\u0219 Voicu: Cu mare drag v\u0103 invit duminic\u0103, 30 august 2026, \u00eencep\u00e2nd cu<br \/>\nora 13:00, s\u0103 s\u0103rb\u0103torim \u00eempreun\u0103 Ziua Comunei Siriu \u2013 \u201eC\u00e2t e Siriul de<br \/>\nmare\u201d!<br \/>\nEste o zi a noastr\u0103, a tuturor celor care iubim Siriul, o zi \u00een care ne<br \/>\n\u00eent\u00e2lnim cu bucurie, cu oameni dragi \u0219i, mai ales, cu copiii \u0219i tinerii<br \/>\nno\u0219tri, cei care dau via\u021b\u0103 \u0219i speran\u021b\u0103 comunit\u0103\u021bii noastre.<br \/>\nV\u0103 invit s\u0103 le fim al\u0103turi, s\u0103-i \u00eencuraj\u0103m \u0219i s\u0103 ne bucur\u0103m \u00eempreun\u0103 de<br \/>\ntalentul, munca \u0219i emo\u021bia lor. Pe scen\u0103 vor urca ansambluri de muzic\u0103 \u0219i<br \/>\ndans popular, copii \u0219i tineri talenta\u021bi, arti\u0219ti \u0219i invita\u021bi care ne vor<br \/>\noferi un spectacol pe cinste.<br \/>\nS\u0103 l\u0103s\u0103m pentru o zi grijile deoparte \u0219i s\u0103 ne bucur\u0103m \u00eempreun\u0103 de Siriu,<br \/>\nde tradi\u021biile noastre \u0219i de oamenii minuna\u021bi ai acestei comune!<br \/>\nV\u0103 a\u0219tept cu drag, cu familiile, prietenii \u0219i cu toat\u0103 inima, s\u0103 facem din<br \/>\naceast\u0103 zi o s\u0103rb\u0103toare frumoas\u0103 pentru \u00eentreaga comunitate!<br \/>\nLa mul\u021bi ani, Siriu!<br \/>\nC\u00e2t e Siriul de mare, at\u00e2t s\u0103 ne fie \u0219i bucuria!<\/p>\n<div id=\"gallery-1\" class=\"gallery galleryid-189190 gallery-columns-3 gallery-size-thumbnail\">\n<figure class=\"gallery-item\">\n<div class=\"gallery-icon portrait\"><a href=\"https:\/\/buzaumedia.ro\/stiri-buzau\/cat-e-siriul-de-mare-30-august-2026-incepand-cu-ora-1300\/attachment\/780443779_1099149999113834_2480737526423704545_n\/\"><img loading=\"lazy\" decoding=\"async\" width=\"68\" height=\"96\" src=\"https:\/\/buzaumedia.ro\/wp-content\/uploads\/2026\/08\/780443779_1099149999113834_2480737526423704545_n.jpg\" class=\"attachment-thumbnail size-thumbnail\" alt><img decoding=\"async\" loading=\"lazy\" width=\"68\" height=\"96\" src=\"https:\/\/buzaumedia.ro\/wp-content\/uploads\/2026\/08\/780443779_1099149999113834_2480737526423704545_n.jpg\" class=\"attachment-thumbnail size-thumbnail\" alt><\/a><\/div>\n<\/figure>\n<\/div>\n<\/div>\n<p>[analyse_source url=&#8221;https:\/\/buzaumedia.ro\/stiri-buzau\/cat-e-siriul-de-mare-30-august-2026-incepand-cu-ora-1300\/&#8221;]<\/p>\n","protected":false},"excerpt":{"rendered":"<p>[analyse_image type=&#8221;featured&#8221; src=&#8221;https:\/\/buzaumedia.ro\/wp-content\/uploads\/2026\/08\/780443779_1099149999113834_2480737526423704545_n.jpghttps:\/\/buzaumedia.ro\/wp-content\/uploads\/2026\/08\/780443779_1099149999113834_2480737526423704545_n.jpg&#8221;] Drago\u0219 Voicu: Cu mare drag v\u0103 invit duminic\u0103, 30 august 2026, \u00eencep\u00e2nd cu ora 13:00, s\u0103 s\u0103rb\u0103torim \u00eempreun\u0103 Ziua Comunei Siriu \u2013 \u201eC\u00e2t e Siriul de mare\u201d! Este o zi a noastr\u0103, a tuturor celor care iubim Siriul, o zi \u00een care ne \u00eent\u00e2lnim cu bucurie, cu oameni dragi \u0219i, mai ales, [&hellip;]<\/p>\n","protected":false},"author":1,"featured_media":0,"comment_status":"open","ping_status":"","sticky":false,"template":"","format":"standard","meta":{"footnotes":""},"categories":[2],"tags":[66,226],"class_list":["post-2105325","post","type-post","status-publish","format-standard","hentry","category-politics","tag-buzaumedia-ro","tag-crawlmanager"],"_links":{"self":[{"href":"https:\/\/analyse.optim.biz\/index.php?rest_route=\/wp\/v2\/posts\/2105325","targetHints":{"allow":["GET"]}}],"collection":[{"href":"https:\/\/analyse.optim.biz\/index.php?rest_route=\/wp\/v2\/posts"}],"about":[{"href":"https:\/\/analyse.optim.biz\/index.php?rest_route=\/wp\/v2\/types\/post"}],"author":[{"embeddable":true,"href":"https:\/\/analyse.optim.biz\/index.php?rest_route=\/wp\/v2\/users\/1"}],"replies":[{"embeddable":true,"href":"https:\/\/analyse.optim.biz\/index.php?rest_route=%2Fwp%2Fv2%2Fcomments&post=2105325"}],"version-history":[{"count":0,"href":"https:\/\/analyse.optim.biz\/index.php?rest_route=\/wp\/v2\/posts\/2105325\/revisions"}],"wp:attachment":[{"href":"https:\/\/analyse.optim.biz\/index.php?rest_route=%2Fwp%2Fv2%2Fmedia&parent=2105325"}],"wp:term":[{"taxonomy":"category","embeddable":true,"href":"https:\/\/analyse.optim.biz\/index.php?rest_route=%2Fwp%2Fv2%2Fcategories&post=2105325"},{"taxonomy":"post_tag","embeddable":true,"href":"https:\/\/analyse.optim.biz\/index.php?rest_route=%2Fwp%2Fv2%2Ftags&post=2105325"}],"curies":[{"name":"wp","href":"https:\/\/api.w.org\/{rel}","templated":true}]}}