{"id":2105324,"date":"2026-08-20T18:55:23","date_gmt":"2026-08-20T15:55:23","guid":{"rendered":"https:\/\/analyse.optim.biz\/?p=2105324"},"modified":"2026-08-20T18:55:23","modified_gmt":"2026-08-20T15:55:23","slug":"primaria-balta-alba-informare","status":"publish","type":"post","link":"https:\/\/analyse.optim.biz\/?p=2105324","title":{"rendered":"Prim\u0103ria Balta Alb\u0103: INFORMARE!"},"content":{"rendered":"<p>[analyse_image type=&#8221;featured&#8221; src=&#8221;https:\/\/buzaumedia.ro\/wp-content\/uploads\/2024\/04\/anunt-public.jpghttps:\/\/buzaumedia.ro\/wp-content\/uploads\/2024\/04\/anunt-public.jpg&#8221;]<\/p>\n<div class=\"entry-content rbct clearfix is-highlight-shares\">\n<p>Luni, 24.08.2026, \u00eencep\u00e2nd cu ora 9.00, la sediul prim\u0103riei va ajunge<br \/>\ncaravana de la Buz\u0103u pe linie de Eviden\u021ba Popula\u021biei, iar cine dore\u0219te s\u0103-<br \/>\n\u0219i schimbe buletinul sau cartea de identitate, indiferent de data<br \/>\nexpir\u0103rii, poate venila sediu. Totul este gratuit.<\/p>\n<\/div>\n<p>[analyse_source url=&#8221;https:\/\/buzaumedia.ro\/stiri-buzau\/informare-61\/&#8221;]<\/p>\n","protected":false},"excerpt":{"rendered":"<p>[analyse_image type=&#8221;featured&#8221; src=&#8221;https:\/\/buzaumedia.ro\/wp-content\/uploads\/2024\/04\/anunt-public.jpghttps:\/\/buzaumedia.ro\/wp-content\/uploads\/2024\/04\/anunt-public.jpg&#8221;] Luni, 24.08.2026, \u00eencep\u00e2nd cu ora 9.00, la sediul prim\u0103riei va ajunge caravana de la Buz\u0103u pe linie de Eviden\u021ba Popula\u021biei, iar cine dore\u0219te s\u0103- \u0219i schimbe buletinul sau cartea de identitate, indiferent de data expir\u0103rii, poate venila sediu. Totul este gratuit. [analyse_source url=&#8221;https:\/\/buzaumedia.ro\/stiri-buzau\/informare-61\/&#8221;]<\/p>\n","protected":false},"author":1,"featured_media":0,"comment_status":"open","ping_status":"","sticky":false,"template":"","format":"standard","meta":{"footnotes":""},"categories":[2],"tags":[66,226],"class_list":["post-2105324","post","type-post","status-publish","format-standard","hentry","category-politics","tag-buzaumedia-ro","tag-crawlmanager"],"_links":{"self":[{"href":"https:\/\/analyse.optim.biz\/index.php?rest_route=\/wp\/v2\/posts\/2105324","targetHints":{"allow":["GET"]}}],"collection":[{"href":"https:\/\/analyse.optim.biz\/index.php?rest_route=\/wp\/v2\/posts"}],"about":[{"href":"https:\/\/analyse.optim.biz\/index.php?rest_route=\/wp\/v2\/types\/post"}],"author":[{"embeddable":true,"href":"https:\/\/analyse.optim.biz\/index.php?rest_route=\/wp\/v2\/users\/1"}],"replies":[{"embeddable":true,"href":"https:\/\/analyse.optim.biz\/index.php?rest_route=%2Fwp%2Fv2%2Fcomments&post=2105324"}],"version-history":[{"count":0,"href":"https:\/\/analyse.optim.biz\/index.php?rest_route=\/wp\/v2\/posts\/2105324\/revisions"}],"wp:attachment":[{"href":"https:\/\/analyse.optim.biz\/index.php?rest_route=%2Fwp%2Fv2%2Fmedia&parent=2105324"}],"wp:term":[{"taxonomy":"category","embeddable":true,"href":"https:\/\/analyse.optim.biz\/index.php?rest_route=%2Fwp%2Fv2%2Fcategories&post=2105324"},{"taxonomy":"post_tag","embeddable":true,"href":"https:\/\/analyse.optim.biz\/index.php?rest_route=%2Fwp%2Fv2%2Ftags&post=2105324"}],"curies":[{"name":"wp","href":"https:\/\/api.w.org\/{rel}","templated":true}]}}