{"id":2105321,"date":"2026-08-21T18:02:14","date_gmt":"2026-08-21T15:02:14","guid":{"rendered":"https:\/\/analyse.optim.biz\/?p=2105321"},"modified":"2026-08-21T18:02:14","modified_gmt":"2026-08-21T15:02:14","slug":"vuelta-a-espana-stage-1-time-trial-start-times-when-jay-vine-wout-van-aert-tadej-pogacar-and-others-take-turns-on-twisting-9-6km-route-in-monaco","status":"publish","type":"post","link":"https:\/\/analyse.optim.biz\/?p=2105321","title":{"rendered":"Vuelta a Espa\u00f1a stage 1 time trial start times \u2013 When Jay Vine, Wout van Aert, Tadej Poga\u010dar and others take turns on twisting 9.6km route in Monaco"},"content":{"rendered":"<p>[analyse_image type=&#8221;featured&#8221; src=&#8221;https:\/\/cdn.mos.cms.futurecdn.net\/o9dfoYGxAgxmJ5j8ffMbSP-2000-80.jpg&#8221;]<\/p>\n<article class=\"m-0 box-border flex flex-row items-center pr-2.5 gap-[15px] w-[278px] h-20 flex-none upnext-article-divider\" role=\"listitem\" aria-label=\"Recommended article 1 of 3\">\n<div class=\"relative flex-none w-20 h-20\">\n    <source type=\"image\/webp\" srcset=\"https:\/\/cdn.mos.cms.futurecdn.net\/vXx3fTTYeYfvhBsZ8FoUhF-160-80.jpg.webp 160w, https:\/\/cdn.mos.cms.futurecdn.net\/vXx3fTTYeYfvhBsZ8FoUhF-80-80.jpg.webp 80w\" sizes=\"80px\" \/><\/p>\n<div class=\"flex items-center justify-center absolute w-4 h-6 left-0 top-0 bg-white\/90 flex-none z-[1]\" aria-hidden=\"true\"><span class=\"font-normal text-base leading-[17px] tracking-[1.3px] uppercase text-black flex-none\">1<\/span><\/div>\n<\/div>\n<div class=\"flex flex-col items-center justify-center gap-1.5 w-[173px] h-20 flex-none\">\n<p class=\"font-article-heading font-medium text-base leading-[21px] text-gray-800 w-[173px] line-clamp-3 group-hover:underline\">\n                                    Tadej Poga\u010dar vs the rest \u2013 Our analysis of the top 10 contenders at the Vuelta a Espa\u00f1a\n                                <\/p>\n<\/div>\n<\/article>\n<article class=\"m-0 box-border flex flex-row items-center pr-2.5 gap-[15px] w-[278px] h-20 flex-none upnext-article-divider\" role=\"listitem\" aria-label=\"Recommended article 2 of 3\">\n<div class=\"relative flex-none w-20 h-20\">\n    <source type=\"image\/webp\" srcset=\"https:\/\/cdn.mos.cms.futurecdn.net\/QqaVxzjcE5LpMpbUNGnwuV-160-80.png.webp 160w, https:\/\/cdn.mos.cms.futurecdn.net\/QqaVxzjcE5LpMpbUNGnwuV-80-80.png.webp 80w\" sizes=\"80px\" \/><\/p>\n<div class=\"flex items-center justify-center absolute w-[18px] h-6 left-0 top-0 bg-white\/90 flex-none z-[1]\" aria-hidden=\"true\"><span class=\"font-normal text-base leading-[17px] tracking-[1.3px] uppercase text-black flex-none\">2<\/span><\/div>\n<\/div>\n<div class=\"flex flex-col items-center justify-center gap-1.5 w-[173px] h-20 flex-none\">\n<p class=\"font-article-heading font-medium text-base leading-[21px] text-gray-800 w-[173px] line-clamp-3 group-hover:underline\">\n                                    &#8216;The Vuelta is going to be arduous, even for Tadej&#8217; \u2013 UAE  performance head warns that nobody, not even Poga\u010dar, will have it easy this summer in Spain\n                                <\/p>\n<\/div>\n<\/article>\n<article class=\"m-0 box-border flex flex-row items-center pr-2.5 gap-[15px] w-[278px] h-20 flex-none\" role=\"listitem\" aria-label=\"Recommended article 3 of 3\">\n<div class=\"relative flex-none w-20 h-20\">\n    <source type=\"image\/webp\" srcset=\"https:\/\/cdn.mos.cms.futurecdn.net\/fJJxXLdzBYSDFcWRkPpb7j-160-80.png.webp 160w, https:\/\/cdn.mos.cms.futurecdn.net\/fJJxXLdzBYSDFcWRkPpb7j-80-80.png.webp 80w\" sizes=\"80px\" \/><\/p>\n<div class=\"flex items-center justify-center absolute w-[18px] h-6 left-0 top-0 bg-white\/90 flex-none z-[1]\" aria-hidden=\"true\"><span class=\"font-normal text-base leading-[17px] tracking-[1.3px] uppercase text-black flex-none\">3<\/span><\/div>\n<\/div>\n<div class=\"flex flex-col items-center justify-center gap-1.5 w-[173px] h-20 flex-none\">\n<p class=\"font-article-heading font-medium text-base leading-[21px] text-gray-800 w-[173px] line-clamp-3 group-hover:underline\">\n                                    How to watch Vuelta a Espa\u00f1a 2026 \u2013 Live streams and official broadcasters (Stage 1)\n                                <\/p>\n<\/div>\n<\/article>\n<article class=\"page-content-onecol flex-1\nnews-article article\n\"><\/p>\n<div class=\"widget-area-group widget-area-group-2col flex flex-wrap box-border\">\n<div id=\"widgetArea16\" class=\"widget-area basis-full md:basis-2\/3 widget-area-g-md-vp-2-3 widget-area-g-lg-vp-2-3 widget-area-g-xl-vp-2-3 page-widget-area-16\">\n<div data-widget-type=\"hero\" id=\"hero\" class=\"clear-both widget widget-hero widget-hero widget-hero-hero widget-hero widget-hero-fter-news\">\n<div class=\"news-article\">\n<header data-component-name=\"Article:Hero\">\n<nav class=\"breadcrumb\" aria-label=\"Breadcrumbs\">\n<ol>\n<li>\nPro Cycling\n<\/li>\n<li>\nRacing\n<\/li>\n<\/ol>\n<\/nav>\n<h1>Vuelta a Espa\u00f1a stage 1 time trial start times \u2013 When Jay Vine, Wout van Aert, Tadej Poga\u010dar and others take turns on twisting 9.6km route in Monaco<\/h1>\n<div class=\"byline-social\">\n<div class=\"vds-byline-block flex flex-row flex-nowrap my-1.5 gap-2 text-left items-start justify-start\" data-component-name=\"Article:BylineBlock\">\n<p>News<\/p>\n<div class=\"my-auto vds-simple-byline\"><span class=\"inline-block vds-author\"><br \/>\nBy<br \/>\nJackie Tyson <\/span><\/p>\n<div class=\"flex gap-1 vds-byline-with-avatar__meta\"><span class=\"vds-date block font-normal tracking-normal normal-case text-xs\"><br \/>\nPublished<br \/>\n<time data-component-name=\"UI:DateTime\" datetime=\"2026-08-21T18:02:14Z\" class=\"relative-date\"><br \/>\n21 August 2026<br \/>\n<\/time><\/span><\/div>\n<\/div>\n<\/div>\n<p class=\"strapline\">First rider down start ramp at 16:17 with Primo\u017e Rogli\u010d final rider to start at 19:20 local time<\/p>\n<\/div>\n<aside class=\"text-gray-700 flex items-center mx-0 my-5 p-0 justify-start text-left\" id=\"affiliate-disclaimer\" data-component-name=\"AffiliateDisclaimer\" data-hawk-message=\"Affiliate disclaimer removed because hawk deemed there are no affiliate links on this page\">\n<p class=\"text-[color:var(--affiliate-disclaimer--text-color,inherit)] mb-2 text-[length:var(--affiliate-disclaimer--font-size,0.75rem)] leading-[18px] md:text-[13px] [&amp;&gt;a]:text-inherit [&amp;&gt;a]:underline\">\nWhen you purchase through links on our site, we may earn an affiliate commission. Here\u2019s how it works.\n<\/p>\n<\/aside>\n<\/header>\n<\/div>\n<\/div>\n<div data-widget-type=\"contentparsed\" id=\"content\" class=\"clear-both widget widget-contentparsed widget-content widget-contentparsed-content widget-content-parsed widget-content-parsed-content_document \">\n<div class=\"wcp-item-content\">\n<section class=\"content-wrapper\">\n<div class=\"box less-space hero-image-wrapper\">\n<figure class=\"mb-0\">\n<source type=\"image\/webp\" srcset=\"https:\/\/cdn.mos.cms.futurecdn.net\/o9dfoYGxAgxmJ5j8ffMbSP-1920-80.jpg.webp 1920w, https:\/\/cdn.mos.cms.futurecdn.net\/o9dfoYGxAgxmJ5j8ffMbSP-1600-80.jpg.webp 1600w, https:\/\/cdn.mos.cms.futurecdn.net\/o9dfoYGxAgxmJ5j8ffMbSP-1200-80.jpg.webp 1200w, https:\/\/cdn.mos.cms.futurecdn.net\/o9dfoYGxAgxmJ5j8ffMbSP-1024-80.jpg.webp 1024w, https:\/\/cdn.mos.cms.futurecdn.net\/o9dfoYGxAgxmJ5j8ffMbSP-970-80.jpg.webp 970w, https:\/\/cdn.mos.cms.futurecdn.net\/o9dfoYGxAgxmJ5j8ffMbSP-750-80.jpg.webp 750w, https:\/\/cdn.mos.cms.futurecdn.net\/o9dfoYGxAgxmJ5j8ffMbSP-650-80.jpg.webp 650w, https:\/\/cdn.mos.cms.futurecdn.net\/o9dfoYGxAgxmJ5j8ffMbSP-480-80.jpg.webp 480w, https:\/\/cdn.mos.cms.futurecdn.net\/o9dfoYGxAgxmJ5j8ffMbSP-320-80.jpg.webp 320w\" sizes=\"(min-width: 1000px) 600px, 100vw\" \/><figcaption class=\"font-article-copy text-(--image--text--color) font-article-copy mt-2\"><span class=\"caption-text font-article-copy\">Jay Vine of UAE Team Emirates-XRG rode the stage 18 time trial in the Polka Dot Mountain Jersey at the 2025 Vuelta a Espa\u00f1a, finishing second<\/span><span class=\"credit font-article-copy\">(Image credit: Getty Images)<\/span><\/figcaption><\/figure>\n<\/div>\n<div data-component-name=\"Article:JumpTo\" class=\"contents\" data-only-inline=\"1\">\n<div class=\"visible flex flex-row flex-nowrap sticky max-lg:-ml-5 top-[var(--site-header-height,60px)] sm:top-0 z-[9994] w-screen lg:w-full h-[50px] bg-white p-0 mb-5 border-neutral-200 border border-solid\" data-component-name=\"Article:JumpTo:Variants:Inline\" data-analytics-id=\"sticky-nav\" id=\"sticky-nav--inline\" data-mrf-recirculation=\"sticky-nav\">\n<div class=\"flex flex-row w-full h-full overflow-x-scroll overflow-y-hidden tracking-normal overscroll-x-contain\" id=\"sticky-nav__scroll-container\"><span class=\"pl-4 my-auto text-base font-semibold font-article-heading lg:pl-3 lg:text-sm whitespace-nowrap uppercase\">Jump To:<\/span><\/p>\n<ul class=\"flex flex-row w-auto border-y-0\">\n<li class=\"inline-flex after:content-[&apos;&apos;] after:inline-block after:relative after:h-3\/6 after:w-px after:bg-neutral-200 after:top-1\/4\nborder-b-[3px] border-b-(--jumpto-underline-color) border-solid font-semibold \" data-component-name=\"Article:JumpTo:Inline:Link\">\n<p>Vuelta a Espa\u00f1a 2026 stage 1 ITT start times<\/p>\n<\/li>\n<\/ul>\n<\/div>\n<\/div>\n<\/div>\n<div id=\"article-body\" class=\"text-copy bodyCopy auto paywall-locker\">\n<div data-analytics-id=\"utility-bar\" id=\"utility-bar\" class=\"font-ui-heading flex justify-between items-center py-2 border-t border-b border-gray-300 border-solid mb-5 mx-auto\" data-component-name=\"UtilityBar\" data-mrf-recirculation=\"utility-bar\">\n<div class=\"flex gap-2 text-[#333] subcontainer\">\n<div class=\"relative tooltip-container\" role=\"tooltip\">\n<div data-component-name=\"Social:Dropdown\" role=\"menu\" id=\"utilitybar__dropdown--share\" aria-labelledby=\"utilitybar__button--share\" class=\"absolute left-0 top-full w-44 bg-white rounded-md shadow-md border border-neutral-200 z-[9996] list-none m-0 py-2 px-3 border-solid\">\n<ul class=\"m-0!\">\n<li class=\"!p-0 !m-0 list-none border-b border-gray-200 border-solid\">\n<li class=\"!p-0 !m-0 list-none border-b border-gray-200 border-solid\">\n<p>Facebook<\/p>\n<\/li>\n<li class=\"!p-0 !m-0 list-none border-b border-gray-200 border-solid\">\n<p>X<\/p>\n<\/li>\n<li class=\"!p-0 !m-0 list-none border-b border-gray-200 border-solid\">\n<p>Pinterest<\/p>\n<\/li>\n<li class=\"!p-0 !m-0 list-none border-b border-gray-200 border-solid\">\n<p>Email<\/p>\n<\/li>\n<\/ul>\n<\/div>\n<div class=\"font-ui-heading max-sm:hidden tooltip absolute left-1\/2 bg-gray-900 text-white text-xs leading-none px-3 py-1.5 rounded-md z-[10001] whitespace-nowrap\" id=\"tooltip-share-this-article\" role=\"tooltip\" aria-hidden=\"true\">\nShare this article\n<\/div>\n<\/div>\n<div class=\"relative tooltip-container\" role=\"tooltip\"><span class=\"ml-1 inline-flex h-5 px-2 shrink-0 items-center justify-center self-center overflow-hidden whitespace-nowrap rounded-[10px] bg-primary-500 text-[11px] leading-none font-ui-heading font-semibold text-white\">0<\/span><\/p>\n<div class=\"font-ui-heading max-sm:hidden tooltip absolute left-1\/2 bg-gray-900 text-white text-xs leading-none px-3 py-1.5 rounded-md z-[10001] whitespace-nowrap\" id=\"tooltip-join-the-conversation\" role=\"tooltip\" aria-hidden=\"true\">\nJoin the conversation\n<\/div>\n<\/div>\n<\/div>\n<div class=\"flex gap-2 text-[#333] subcontainer\">\n<div class=\"relative tooltip-container\" role=\"tooltip\">\n<p>Follow us<\/p>\n<div class=\"font-ui-heading max-sm:hidden tooltip absolute left-1\/2 bg-gray-900 text-white text-xs leading-none px-3 py-1.5 rounded-md z-[10001] whitespace-nowrap\" id=\"tooltip-add-us-as-a-preferred-source-on-google\" role=\"tooltip\" aria-hidden=\"true\">\nAdd us as a preferred source on Google\n<\/div>\n<\/div>\n<div class=\"relative tooltip-container\" role=\"tooltip\">\n<div class=\"font-ui-heading max-sm:hidden tooltip absolute left-1\/2 bg-gray-900 text-white text-xs leading-none px-3 py-1.5 rounded-md z-[10001] whitespace-nowrap\" id=\"tooltip-subscribe-to-our-newsletter\" role=\"tooltip\" aria-hidden=\"true\">\nSubscribe to our newsletter\n<\/div>\n<\/div>\n<\/div>\n<\/div>\n<p id=\"elk-e2b8b490-9d61-11f1-800a-03e2641ab72b\">This year&#8217;s Vuelta a Espa\u00f1a will be shaped across Monaco, France and Andorra in the opening days and position the GC for the final two weeks of climbing and hot weather in southern Spain. There is instant intrigue for the first leader&#8217;s red jersey, which will be decided in an individual time trial across 9.4km of twisting turns, tunnels and legendary landmarks in Monaco.<\/p>\n<p>This is the first of two ITTs in the three-week race, the second a 32km test on stage 18. This opener is expected to take around 10 minutes to complete, filled with an abundance of corners, and most of the elevation gain of 83 metres coming in the second half.<\/p>\n<p id=\"elk-e2b8b490-9d61-11f1-800a-03e2641ab72b-2\" aria-hidden=\"true\" class=\"kiosq-b\">Action starts on Saturday afternoon in front of the Monte Carlo Casino and culminates on Boulevard Albert 1er, and passes alongside Port Hercules and the Louis II Stadium to replicate much of the famous Formula 1 circuit held each year for the Monaco Grand Prix.<\/p>\n<div class=\"my-6 w-full overflow-hidden rounded-[10px] lg:my-8\" data-component-name=\"JwPlayer:Carousel\" data-jwp-carousel data-jwp-carousel-payload=\"{&quot;ids&quot;:{&quot;playerID&quot;:&quot;jYDCcabO&quot;,&quot;searchPlaylistID&quot;:&quot;gwjdoYHD&quot;,&quot;divID&quot;:&quot;botr_gwjdoYHD_jYDCcabO_div&quot;,&quot;fallbackPlaylistID&quot;:&quot;gwjdoYHD&quot;,&quot;fallbackDivID&quot;:&quot;botr_gwjdoYHD_jYDCcabO_div&quot;,&quot;key&quot;:&quot;X9\/mXVGac0NphghLH9hZaqWA5d3dhAM\/Ih07grnEyMLjuO2E&quot;,&quot;tintLogo&quot;:true,&quot;useSearchPlaylist&quot;:false,&quot;enabled&quot;:true},&quot;signPostingEnabled&quot;:true,&quot;signPostingLinkEnabled&quot;:true,&quot;waitForAdLoad&quot;:false,&quot;hidePlayerOnDesktop&quot;:false,&quot;hidePlayerOnMobile&quot;:false,&quot;hidePlayerOnTablet&quot;:false}\">\n<div class=\"flex flex-nowrap items-center justify-between gap-3 bg-zinc-900 px-[14px] py-3\" data-jwp-carousel-header>\n<div class=\"flex min-w-0 shrink items-center\"><span class=\"inline-flex items-center gap-1.5 text-sm font-article-heading capitalize leading-5 text-white whitespace-nowrap\"><span class=\"jwp-carousel-title-desktop\">Latest Videos From<\/span><span class=\"jwp-carousel-brand\">Cyclingnews<\/span><\/span><\/div>\n<\/div>\n<div class=\"min-h-[44px] bg-zinc-900 px-[14px] py-3\" data-jwp-carousel-signposting><a class=\"invisible block truncate text-sm font-bold leading-5 text-white underline decoration-solid underline-offset-2\" data-jwp-carousel-signposting-link href target=\"_blank\" rel=\"noopener noreferrer\"><span data-jwp-carousel-signposting-title>Watch full video here: <\/span><\/a><\/div>\n<\/div>\n<p aria-hidden=\"true\" class=\"kiosq-b\">The opening 2km head for a loop to the north on a pair of out-and-back sections, The intermediate time check comes at kilometre 5.6 in front of the grandstands and large yachts in Port Hercules. Then the second half of the route heads south to pass through the Rocher-Antoinie tunnel, a loop of Chapiteau de l&#8217;Espace Fontevielle, a pass through the Rocher-Palais tunnel and then the finish line.<\/p>\n<p aria-hidden=\"true\" class=\"kiosq-b\">Absent will be 2025 overall champion Jonas Vingegaard, who is out from injury, so bib number one will be worn by the most recent Vuelta champion on the start line, Primo\u017e Rogli\u010d (Red Bull-Bora-Hansgrohe). Last year the Vuelta a Espa\u00f1a had just one individual time trial, which was not until the third week, won by world champion Filippo Ganna, but the Italian is also absent from this year&#8217;s Grand Tour.<\/p>\n<aside data-component-name=\"Recirculation:ArticleRiver\" data-recirculation-type=\"inline\" data-mrf-recirculation=\"Trending Bar\" data-nosnippet class=\"clear-both pt-2 pb-0 mb-4\"><span class=\"\n            flex\n            after:content-[&apos;&apos;] after:flex-1 after:ml-4 after:my-[0.7rem] after:border-t after:border-solid after:border-t-[#ccc]\n            before:content-[&apos;&apos;] before:flex-1 before:mr-4 before:my-[0.7rem] before:border-t before:border-solid before:border-t-[#ccc]\n            font-article-heading pb-0 text-[length:var(--article-river-title--font-size,1em)] uppercase sm:text-[length:var(--article-river-title--font-size,0.875em)] font-bold\n        \"><br \/>\n            You may like<br \/>\n        <\/span><\/p>\n<ul class=\"flex flex-col gap-0 m-0 max-w-full\">\n<li class=\"m-0 list-none border-b border-solid border-[#ededed] py-2\" data-recirculation-id=\"recirculation-card-1\" id=\"recirculation-inline-1\" data-analytics-id=\"recirculation-inline-1\" data-mrf-recirculation=\"recirculation-inline-1\">\n    <source type=\"image\/webp\" srcset=\"https:\/\/cdn.mos.cms.futurecdn.net\/tFhehGafxvcwERxgH7Ga2C-250-80.jpg.webp 250w, https:\/\/cdn.mos.cms.futurecdn.net\/tFhehGafxvcwERxgH7Ga2C-150-80.jpg.webp 150w\" sizes=\"150px\" \/><span class=\"w-full text-base font-[var(--article-river-item--font-weight,500)] font-article-heading line-clamp-3 md:line-clamp-2\">Tour de France stage 16 time trial start times \u2013 When Poga\u010dar, Evenepoel, Ganna and more will roll down the ramp for 21.6km TT<\/span><\/li>\n<li class=\"m-0 list-none border-b border-solid border-[#ededed] py-2\" data-recirculation-id=\"recirculation-card-2\" id=\"recirculation-inline-2\" data-analytics-id=\"recirculation-inline-2\" data-mrf-recirculation=\"recirculation-inline-2\">\n    <source type=\"image\/webp\" srcset=\"https:\/\/cdn.mos.cms.futurecdn.net\/tfLM6usLQ7FSegycrtArMn-250-80.jpg.webp 250w, https:\/\/cdn.mos.cms.futurecdn.net\/tfLM6usLQ7FSegycrtArMn-150-80.jpg.webp 150w\" sizes=\"150px\" \/><span class=\"w-full text-base font-[var(--article-river-item--font-weight,500)] font-article-heading line-clamp-3 md:line-clamp-2\">&#8216;It could be an opportunity to be close in GC&#8217; &#8211; Opening time trial in Monaco enticing incentive for Wout van Aert&#8217;s return to Vuelta a Espa\u00f1a<\/span><\/li>\n<li class=\"m-0 list-none border-b border-solid border-[#ccc] py-2\" data-recirculation-id=\"recirculation-card-3\" id=\"recirculation-inline-3\" data-analytics-id=\"recirculation-inline-3\" data-mrf-recirculation=\"recirculation-inline-3\">\n    <source type=\"image\/webp\" srcset=\"https:\/\/cdn.mos.cms.futurecdn.net\/yiLng7foYBcQMgyUhYhk7e-250-80.jpg.webp 250w, https:\/\/cdn.mos.cms.futurecdn.net\/yiLng7foYBcQMgyUhYhk7e-150-80.jpg.webp 150w\" sizes=\"150px\" \/><span class=\"w-full text-base font-[var(--article-river-item--font-weight,500)] font-article-heading line-clamp-3 md:line-clamp-2\">Who will secure the first yellow jersey of the Tour de France? Stage 1 team time trial start times<\/span><\/li>\n<\/ul>\n<\/aside>\n<div class=\"fancy-box kiosq-b\" id=\"elk-0e7dad1a-9d8a-11f1-a41a-0be5dd73f88e\" aria-hidden=\"true\">\n<div class=\"fancy_box-title\">More on this<\/div>\n<div class=\"fancy_box_body\">\n<ul>\n<li><strong>Vuelta a Espa\u00f1a 2026 route<\/strong><\/li>\n<li><strong>Vuelta a Espa\u00f1a 2026 stage 1 preview<\/strong><\/li>\n<li><strong>Tadej Poga\u010dar vs the rest \u2013 Our analysis of the top 10 contenders at the Vuelta a Espa\u00f1a<\/strong><\/li>\n<\/ul>\n<\/div>\n<\/div>\n<p id=\"elk-0e7dada6-9d8a-11f1-97af-31034ed6a7a7\" aria-hidden=\"true\" class=\"kiosq-b\">The first rider of 184 will be Diego Uriarte (Kern Pharma), going down the start ramp at 19:20 local time. There is no adjustment for spacing between riders as all will take the course one-minute apart, concluding with Rogli\u010d, who takes off at 19:20.<\/p>\n<p aria-hidden=\"true\" class=\"kiosq-b\">The ITT runner-up to Ganna last year, Jay Vine (UAE Team Emirates-XRG) is back and will take the course in the top 45. Another 23 riders later, his teammate Joao Almeida begins his ride, one where he looks to improve from third place last year.<\/p>\n<div id=\"slice-container-newsletterForm-articleInbodyContent-4tvHErpboEtFVdarvA7NMi\" class=\"slice-container newsletter-inbodyContent-slice newsletterForm-articleInbodyContent-4tvHErpboEtFVdarvA7NMi slice-container-newsletterForm\">\n<div data-hydrate=\"true\" class=\"newsletter-form__wrapper newsletter-form__wrapper--inbodyContent\">\n<div class=\"newsletter-form__container\">\n<section class=\"newsletter-form__top-bar\">\n<div class=\"newsletter-form__header\">Get The Leadout Newsletter<\/div>\n<\/section>\n<section class=\"newsletter-form__main-section\">\n<p class=\"newsletter-form__strapline\">The latest race content, interviews, features, reviews and expert buying guides, direct to your inbox!<\/p>\n<footer class=\"newsletter-form__footer \">By submitting your information you agree to the Terms &amp; Conditions and Privacy Policy and are aged 16 or over.<\/footer>\n<\/section>\n<\/div>\n<\/div>\n<\/div>\n<p aria-hidden=\"true\" class=\"kiosq-b\">Among the favourites for the ITT this year are the three riders just ahead of Rogli\u010d, Wout van Aert (Visma-Lease a Bike) starting at 19:17, Ivan Romeo (Movistar) starting at 19:18 and then Tadej Poga\u010dar (UAE Team Emirates-XRG).<\/p>\n<p id=\"elk-64f7f3c6-9d8a-11f1-a48e-2b7dcca4d9b3\" aria-hidden=\"true\" class=\"kiosq-b\"><em><strong>For unbeatable coverage across road, gravel and tech, subscribe to Cyclingnews. You&#8217;ll get comprehensive race coverage of La Vuelta a Espa\u00f1a, subscriber-exclusive analysis from our expert columnists, in-depth features and industry-leading tech insight. Plus, the Cyclingnews app lets you follow the action wherever you go!<\/strong><\/em><em><strong>Join today.<\/strong><\/em><\/p>\n<h3 class=\"article-body__section kiosq-b\" id=\"section-vuelta-a-espana-2026-stage-1-itt-start-times\" aria-hidden=\"true\"><span>Vuelta a Espa\u00f1a 2026 stage 1 ITT start times<\/span><\/h3>\n<div class=\"slice-container table-wrapper slice-container-table kiosq-b\" data-component-name=\"Slice:Table\" id=\"elk-93357a5e-9d7d-11f1-b67e-1934a06e5f08\" aria-hidden=\"true\">\n<div class=\"table__instruction\">\nSwipe to scroll horizontally<\/p>\n<\/div>\n<div class=\"table__container\">\n<table class=\"table__wrapper table__wrapper--inbodyContent table__wrapper--sticky table__wrapper--divider\">\n<thead class=\"table__head\">\n<tr class=\"table__head__row\">\n<th class=\"table__head__heading table__head__heading--left\" colspan=\"1\">\n<p>Order<\/p>\n<\/th>\n<th class=\"table__head__heading table__head__heading--left\" colspan=\"1\">\n<p>Rider (Team)<\/p>\n<\/th>\n<th class=\"table__head__heading table__head__heading--left\" colspan=\"1\">\n<p>Time (CET)<\/p>\n<\/th>\n<\/tr>\n<\/thead>\n<tbody class=\"table__body\">\n<tr class=\"table__body__row\">\n<td class=\"table_body__data\" colspan=\"1\">\n<p>1<\/p>\n<\/td>\n<td class=\"table_body__data\" colspan=\"1\">\n<p>Diego Uriarte Belzunegi (Equipo Kern Pharma)<\/p>\n<\/td>\n<td class=\"table_body__data\" colspan=\"1\">\n<p>16:17:00<\/p>\n<\/td>\n<\/tr>\n<tr class=\"table__body__row\">\n<td class=\"table_body__data\" colspan=\"1\">\n<p>2<\/p>\n<\/td>\n<td class=\"table_body__data\" colspan=\"1\">\n<p>Christopher Hamilton (Team Picnic PostNL)<\/p>\n<\/td>\n<td class=\"table_body__data\" colspan=\"1\">\n<p>16:18:00<\/p>\n<\/td>\n<\/tr>\n<tr class=\"table__body__row\">\n<td class=\"table_body__data\" colspan=\"1\">\n<p>3<\/p>\n<\/td>\n<td class=\"table_body__data\" colspan=\"1\">\n<p>Reuben Thompson (Lotto Intermarch\u00e9)<\/p>\n<\/td>\n<td class=\"table_body__data\" colspan=\"1\">\n<p>16:19:00<\/p>\n<\/td>\n<\/tr>\n<tr class=\"table__body__row\">\n<td class=\"table_body__data\" colspan=\"1\">\n<p>4<\/p>\n<\/td>\n<td class=\"table_body__data\" colspan=\"1\">\n<p>Cesar Macias Estrada (Burgos-Burpellet-BH)<\/p>\n<\/td>\n<td class=\"table_body__data\" colspan=\"1\">\n<p>16:20:00<\/p>\n<\/td>\n<\/tr>\n<tr class=\"table__body__row\">\n<td class=\"table_body__data\" colspan=\"1\">\n<p>5<\/p>\n<\/td>\n<td class=\"table_body__data\" colspan=\"1\">\n<p>Darren Van Bekkum (XDS Astana Team)<\/p>\n<\/td>\n<td class=\"table_body__data\" colspan=\"1\">\n<p>16:21:00<\/p>\n<\/td>\n<\/tr>\n<tr class=\"table__body__row\">\n<td class=\"table_body__data\" colspan=\"1\">\n<p>6<\/p>\n<\/td>\n<td class=\"table_body__data\" colspan=\"1\">\n<p>Hannes Wilksch (Tudor Pro Cycling Team)<\/p>\n<\/td>\n<td class=\"table_body__data\" colspan=\"1\">\n<p>16:22:00<\/p>\n<\/td>\n<\/tr>\n<tr class=\"table__body__row\">\n<td class=\"table_body__data\" colspan=\"1\">\n<p>7<\/p>\n<\/td>\n<td class=\"table_body__data\" colspan=\"1\">\n<p>Markel Beloki (EF Education &#8211; EasyPost)<\/p>\n<\/td>\n<td class=\"table_body__data\" colspan=\"1\">\n<p>16:23:00<\/p>\n<\/td>\n<\/tr>\n<tr class=\"table__body__row\">\n<td class=\"table_body__data\" colspan=\"1\">\n<p>8<\/p>\n<\/td>\n<td class=\"table_body__data\" colspan=\"1\">\n<p>Rudy Porter (Team Jayco AlUla)<\/p>\n<\/td>\n<td class=\"table_body__data\" colspan=\"1\">\n<p>16:24:00<\/p>\n<\/td>\n<\/tr>\n<tr class=\"table__body__row\">\n<td class=\"table_body__data\" colspan=\"1\">\n<p>9<\/p>\n<\/td>\n<td class=\"table_body__data\" colspan=\"1\">\n<p>Sylvain Moniquet (Cofidis)<\/p>\n<\/td>\n<td class=\"table_body__data\" colspan=\"1\">\n<p>16:25:00<\/p>\n<\/td>\n<\/tr>\n<tr class=\"table__body__row\">\n<td class=\"table_body__data\" colspan=\"1\">\n<p>10<\/p>\n<\/td>\n<td class=\"table_body__data\" colspan=\"1\">\n<p>Andreas Leknessund (Uno-X Mobility)<\/p>\n<\/td>\n<td class=\"table_body__data\" colspan=\"1\">\n<p>16:26:00<\/p>\n<\/td>\n<\/tr>\n<tr class=\"table__body__row\">\n<td class=\"table_body__data\" colspan=\"1\">\n<p>11<\/p>\n<\/td>\n<td class=\"table_body__data\" colspan=\"1\">\n<p>Mauri Vansevenant (Soudal Quick-Step)<\/p>\n<\/td>\n<td class=\"table_body__data\" colspan=\"1\">\n<p>16:27:00<\/p>\n<\/td>\n<\/tr>\n<tr class=\"table__body__row\">\n<td class=\"table_body__data\" colspan=\"1\">\n<p>12<\/p>\n<\/td>\n<td class=\"table_body__data\" colspan=\"1\">\n<p>Floris Van Tricht (NSN Cycling Team)<\/p>\n<\/td>\n<td class=\"table_body__data\" colspan=\"1\">\n<p>16:28:00<\/p>\n<\/td>\n<\/tr>\n<tr class=\"table__body__row\">\n<td class=\"table_body__data\" colspan=\"1\">\n<p>13<\/p>\n<\/td>\n<td class=\"table_body__data\" colspan=\"1\">\n<p>Kaden Groves (Alpecin-Premier Tech)<\/p>\n<\/td>\n<td class=\"table_body__data\" colspan=\"1\">\n<p>16:29:00<\/p>\n<\/td>\n<\/tr>\n<tr class=\"table__body__row\">\n<td class=\"table_body__data\" colspan=\"1\">\n<p>14<\/p>\n<\/td>\n<td class=\"table_body__data\" colspan=\"1\">\n<p>Olivier Le Gac (Groupama-FDJ United)<\/p>\n<\/td>\n<td class=\"table_body__data\" colspan=\"1\">\n<p>16:30:00<\/p>\n<\/td>\n<\/tr>\n<tr class=\"table__body__row\">\n<td class=\"table_body__data\" colspan=\"1\">\n<p>15<\/p>\n<\/td>\n<td class=\"table_body__data\" colspan=\"1\">\n<p>Mathias Norsgaard Sunek\u00e6r (Lidl-Trek)<\/p>\n<\/td>\n<td class=\"table_body__data\" colspan=\"1\">\n<p>16:31:00<\/p>\n<\/td>\n<\/tr>\n<tr class=\"table__body__row\">\n<td class=\"table_body__data\" colspan=\"1\">\n<p>16<\/p>\n<\/td>\n<td class=\"table_body__data\" colspan=\"1\">\n<p>Pau Miquel Delgado (Bahrain Victorious)<\/p>\n<\/td>\n<td class=\"table_body__data\" colspan=\"1\">\n<p>16:32:00<\/p>\n<\/td>\n<\/tr>\n<tr class=\"table__body__row\">\n<td class=\"table_body__data\" colspan=\"1\">\n<p>17<\/p>\n<\/td>\n<td class=\"table_body__data\" colspan=\"1\">\n<p>Lucas Hamilton (Netcompany INEOS Cycling Team)<\/p>\n<\/td>\n<td class=\"table_body__data\" colspan=\"1\">\n<p>16:33:00<\/p>\n<\/td>\n<\/tr>\n<tr class=\"table__body__row\">\n<td class=\"table_body__data\" colspan=\"1\">\n<p>18<\/p>\n<\/td>\n<td class=\"table_body__data\" colspan=\"1\">\n<p>Thomas Gloag (Pinarello-Q36.5 Pro Cycling Team)<\/p>\n<\/td>\n<td class=\"table_body__data\" colspan=\"1\">\n<p>16:34:00<\/p>\n<\/td>\n<\/tr>\n<tr class=\"table__body__row\">\n<td class=\"table_body__data\" colspan=\"1\">\n<p>19<\/p>\n<\/td>\n<td class=\"table_body__data\" colspan=\"1\">\n<p>Jordan Labrosse (Decathlon CMA CGM Team)<\/p>\n<\/td>\n<td class=\"table_body__data\" colspan=\"1\">\n<p>16:35:00<\/p>\n<\/td>\n<\/tr>\n<tr class=\"table__body__row\">\n<td class=\"table_body__data\" colspan=\"1\">\n<p>20<\/p>\n<\/td>\n<td class=\"table_body__data\" colspan=\"1\">\n<p>Bruno Armirail (Team Visma | Lease a Bike)<\/p>\n<\/td>\n<td class=\"table_body__data\" colspan=\"1\">\n<p>16:36:00<\/p>\n<\/td>\n<\/tr>\n<tr class=\"table__body__row\">\n<td class=\"table_body__data\" colspan=\"1\">\n<p>21<\/p>\n<\/td>\n<td class=\"table_body__data\" colspan=\"1\">\n<p>Orluis Alberto Aular Sanabria (Movistar Team)<\/p>\n<\/td>\n<td class=\"table_body__data\" colspan=\"1\">\n<p>16:37:00<\/p>\n<\/td>\n<\/tr>\n<tr class=\"table__body__row\">\n<td class=\"table_body__data\" colspan=\"1\">\n<p>22<\/p>\n<\/td>\n<td class=\"table_body__data\" colspan=\"1\">\n<p>Domen Novak (UAE Team Emirates XRG)<\/p>\n<\/td>\n<td class=\"table_body__data\" colspan=\"1\">\n<p>16:38:00<\/p>\n<\/td>\n<\/tr>\n<tr class=\"table__body__row\">\n<td class=\"table_body__data\" colspan=\"1\">\n<p>23<\/p>\n<\/td>\n<td class=\"table_body__data\" colspan=\"1\">\n<p>Frederik Wandahl (Red Bull &#8211; BORA &#8211; hansgrohe)<\/p>\n<\/td>\n<td class=\"table_body__data\" colspan=\"1\">\n<p>16:39:00<\/p>\n<\/td>\n<\/tr>\n<tr class=\"table__body__row\">\n<td class=\"table_body__data\" colspan=\"1\">\n<p>24<\/p>\n<\/td>\n<td class=\"table_body__data\" colspan=\"1\">\n<p>Mats Wenzel (Equipo Kern Pharma)<\/p>\n<\/td>\n<td class=\"table_body__data\" colspan=\"1\">\n<p>16:40:00<\/p>\n<\/td>\n<\/tr>\n<tr class=\"table__body__row\">\n<td class=\"table_body__data\" colspan=\"1\">\n<p>25<\/p>\n<\/td>\n<td class=\"table_body__data\" colspan=\"1\">\n<p>Gijs Leemreize (Team Picnic PostNL)<\/p>\n<\/td>\n<td class=\"table_body__data\" colspan=\"1\">\n<p>16:41:00<\/p>\n<\/td>\n<\/tr>\n<tr class=\"table__body__row\">\n<td class=\"table_body__data\" colspan=\"1\">\n<p>26<\/p>\n<\/td>\n<td class=\"table_body__data\" colspan=\"1\">\n<p>Vito Braet (Lotto Intermarch\u00e9)<\/p>\n<\/td>\n<td class=\"table_body__data\" colspan=\"1\">\n<p>16:42:00<\/p>\n<\/td>\n<\/tr>\n<tr class=\"table__body__row\">\n<td class=\"table_body__data\" colspan=\"1\">\n<p>27<\/p>\n<\/td>\n<td class=\"table_body__data\" colspan=\"1\">\n<p>Mario Aparicio Mu\u00f1oz (Burgos-Burpellet-BH)<\/p>\n<\/td>\n<td class=\"table_body__data\" colspan=\"1\">\n<p>16:43:00<\/p>\n<\/td>\n<\/tr>\n<tr class=\"table__body__row\">\n<td class=\"table_body__data\" colspan=\"1\">\n<p>28<\/p>\n<\/td>\n<td class=\"table_body__data\" colspan=\"1\">\n<p>Lorenzo Fortunato (XDS Astana Team)<\/p>\n<\/td>\n<td class=\"table_body__data\" colspan=\"1\">\n<p>16:44:00<\/p>\n<\/td>\n<\/tr>\n<tr class=\"table__body__row\">\n<td class=\"table_body__data\" colspan=\"1\">\n<p>29<\/p>\n<\/td>\n<td class=\"table_body__data\" colspan=\"1\">\n<p>Roland Thalmann (Tudor Pro Cycling Team)<\/p>\n<\/td>\n<td class=\"table_body__data\" colspan=\"1\">\n<p>16:45:00<\/p>\n<\/td>\n<\/tr>\n<tr class=\"table__body__row\">\n<td class=\"table_body__data\" colspan=\"1\">\n<p>30<\/p>\n<\/td>\n<td class=\"table_body__data\" colspan=\"1\">\n<p>Richard Carapaz (EF Education &#8211; EasyPost)<\/p>\n<\/td>\n<td class=\"table_body__data\" colspan=\"1\">\n<p>16:46:00<\/p>\n<\/td>\n<\/tr>\n<tr class=\"table__body__row\">\n<td class=\"table_body__data\" colspan=\"1\">\n<p>31<\/p>\n<\/td>\n<td class=\"table_body__data\" colspan=\"1\">\n<p>Xavier Finlay Xavier Pickering (Team Jayco AlUla)<\/p>\n<\/td>\n<td class=\"table_body__data\" colspan=\"1\">\n<p>16:47:00<\/p>\n<\/td>\n<\/tr>\n<tr class=\"table__body__row\">\n<td class=\"table_body__data\" colspan=\"1\">\n<p>32<\/p>\n<\/td>\n<td class=\"table_body__data\" colspan=\"1\">\n<p>Bryan Coquard (Cofidis)<\/p>\n<\/td>\n<td class=\"table_body__data\" colspan=\"1\">\n<p>16:48:00<\/p>\n<\/td>\n<\/tr>\n<tr class=\"table__body__row\">\n<td class=\"table_body__data\" colspan=\"1\">\n<p>33<\/p>\n<\/td>\n<td class=\"table_body__data\" colspan=\"1\">\n<p>Andreas Kron (Uno-X Mobility)<\/p>\n<\/td>\n<td class=\"table_body__data\" colspan=\"1\">\n<p>16:49:00<\/p>\n<\/td>\n<\/tr>\n<tr class=\"table__body__row\">\n<td class=\"table_body__data\" colspan=\"1\">\n<p>34<\/p>\n<\/td>\n<td class=\"table_body__data\" colspan=\"1\">\n<p>Alberto Dainese (Soudal Quick-Step)<\/p>\n<\/td>\n<td class=\"table_body__data\" colspan=\"1\">\n<p>16:50:00<\/p>\n<\/td>\n<\/tr>\n<tr class=\"table__body__row\">\n<td class=\"table_body__data\" colspan=\"1\">\n<p>35<\/p>\n<\/td>\n<td class=\"table_body__data\" colspan=\"1\">\n<p>Hugo Hofstetter (NSN Cycling Team)<\/p>\n<\/td>\n<td class=\"table_body__data\" colspan=\"1\">\n<p>16:51:00<\/p>\n<\/td>\n<\/tr>\n<tr class=\"table__body__row\">\n<td class=\"table_body__data\" colspan=\"1\">\n<p>36<\/p>\n<\/td>\n<td class=\"table_body__data\" colspan=\"1\">\n<p>Francesco Busatto (Alpecin-Premier Tech)<\/p>\n<\/td>\n<td class=\"table_body__data\" colspan=\"1\">\n<p>16:52:00<\/p>\n<\/td>\n<\/tr>\n<tr class=\"table__body__row\">\n<td class=\"table_body__data\" colspan=\"1\">\n<p>37<\/p>\n<\/td>\n<td class=\"table_body__data\" colspan=\"1\">\n<p>Guillaume Martin Guyonnet (Groupama-FDJ United)<\/p>\n<\/td>\n<td class=\"table_body__data\" colspan=\"1\">\n<p>16:53:00<\/p>\n<\/td>\n<\/tr>\n<tr class=\"table__body__row\">\n<td class=\"table_body__data\" colspan=\"1\">\n<p>38<\/p>\n<\/td>\n<td class=\"table_body__data\" colspan=\"1\">\n<p>Jacopo Mosca (Lidl-Trek)<\/p>\n<\/td>\n<td class=\"table_body__data\" colspan=\"1\">\n<p>16:54:00<\/p>\n<\/td>\n<\/tr>\n<tr class=\"table__body__row\">\n<td class=\"table_body__data\" colspan=\"1\">\n<p>39<\/p>\n<\/td>\n<td class=\"table_body__data\" colspan=\"1\">\n<p>Pello Bilbao (Bahrain Victorious)<\/p>\n<\/td>\n<td class=\"table_body__data\" colspan=\"1\">\n<p>16:55:00<\/p>\n<\/td>\n<\/tr>\n<tr class=\"table__body__row\">\n<td class=\"table_body__data\" colspan=\"1\">\n<p>40<\/p>\n<\/td>\n<td class=\"table_body__data\" colspan=\"1\">\n<p>Embret Svestad-B\u00e5rdseng (Netcompany INEOS Cycling Team)<\/p>\n<\/td>\n<td class=\"table_body__data\" colspan=\"1\">\n<p>16:56:00<\/p>\n<\/td>\n<\/tr>\n<tr class=\"table__body__row\">\n<td class=\"table_body__data\" colspan=\"1\">\n<p>41<\/p>\n<\/td>\n<td class=\"table_body__data\" colspan=\"1\">\n<p>Walter Calzoni (Pinarello-Q36.5 Pro Cycling Team)<\/p>\n<\/td>\n<td class=\"table_body__data\" colspan=\"1\">\n<p>16:57:00<\/p>\n<\/td>\n<\/tr>\n<tr class=\"table__body__row\">\n<td class=\"table_body__data\" colspan=\"1\">\n<p>42<\/p>\n<\/td>\n<td class=\"table_body__data\" colspan=\"1\">\n<p>Matthew Riccitello (Decathlon CMA CGM Team)<\/p>\n<\/td>\n<td class=\"table_body__data\" colspan=\"1\">\n<p>16:58:00<\/p>\n<\/td>\n<\/tr>\n<tr class=\"table__body__row\">\n<td class=\"table_body__data\" colspan=\"1\">\n<p>43<\/p>\n<\/td>\n<td class=\"table_body__data\" colspan=\"1\">\n<p>Sepp Kuss (Team Visma | Lease a Bike)<\/p>\n<\/td>\n<td class=\"table_body__data\" colspan=\"1\">\n<p>16:59:00<\/p>\n<\/td>\n<\/tr>\n<tr class=\"table__body__row\">\n<td class=\"table_body__data\" colspan=\"1\">\n<p>44<\/p>\n<\/td>\n<td class=\"table_body__data\" colspan=\"1\">\n<p>Carlos Canal Blanco (Movistar Team)<\/p>\n<\/td>\n<td class=\"table_body__data\" colspan=\"1\">\n<p>17:00:00<\/p>\n<\/td>\n<\/tr>\n<tr class=\"table__body__row\">\n<td class=\"table_body__data\" colspan=\"1\">\n<p>45<\/p>\n<\/td>\n<td class=\"table_body__data\" colspan=\"1\">\n<p>Kevin Vermaerke (UAE Team Emirates XRG)<\/p>\n<\/td>\n<td class=\"table_body__data\" colspan=\"1\">\n<p>17:01:00<\/p>\n<\/td>\n<\/tr>\n<tr class=\"table__body__row\">\n<td class=\"table_body__data\" colspan=\"1\">\n<p>46<\/p>\n<\/td>\n<td class=\"table_body__data\" colspan=\"1\">\n<p>Gianni Vermeersch (Red Bull &#8211; BORA &#8211; hansgrohe)<\/p>\n<\/td>\n<td class=\"table_body__data\" colspan=\"1\">\n<p>17:02:00<\/p>\n<\/td>\n<\/tr>\n<tr class=\"table__body__row\">\n<td class=\"table_body__data\" colspan=\"1\">\n<p>47<\/p>\n<\/td>\n<td class=\"table_body__data\" colspan=\"1\">\n<p>Marc Brustenga Masague (Equipo Kern Pharma)<\/p>\n<\/td>\n<td class=\"table_body__data\" colspan=\"1\">\n<p>17:03:00<\/p>\n<\/td>\n<\/tr>\n<tr class=\"table__body__row\">\n<td class=\"table_body__data\" colspan=\"1\">\n<p>48<\/p>\n<\/td>\n<td class=\"table_body__data\" colspan=\"1\">\n<p>Guillermo Juan Martinez Huertas (Team Picnic PostNL)<\/p>\n<\/td>\n<td class=\"table_body__data\" colspan=\"1\">\n<p>17:04:00<\/p>\n<\/td>\n<\/tr>\n<tr class=\"table__body__row\">\n<td class=\"table_body__data\" colspan=\"1\">\n<p>49<\/p>\n<\/td>\n<td class=\"table_body__data\" colspan=\"1\">\n<p>Lorenzo Rota (Lotto Intermarch\u00e9)<\/p>\n<\/td>\n<td class=\"table_body__data\" colspan=\"1\">\n<p>17:05:00<\/p>\n<\/td>\n<\/tr>\n<tr class=\"table__body__row\">\n<td class=\"table_body__data\" colspan=\"1\">\n<p>50<\/p>\n<\/td>\n<td class=\"table_body__data\" colspan=\"1\">\n<p>Sinuhe Fernandez Rodriguez (Burgos-Burpellet-BH)<\/p>\n<\/td>\n<td class=\"table_body__data\" colspan=\"1\">\n<p>17:06:00<\/p>\n<\/td>\n<\/tr>\n<tr class=\"table__body__row\">\n<td class=\"table_body__data\" colspan=\"1\">\n<p>51<\/p>\n<\/td>\n<td class=\"table_body__data\" colspan=\"1\">\n<p>Henok Mulueberhan (XDS Astana Team)<\/p>\n<\/td>\n<td class=\"table_body__data\" colspan=\"1\">\n<p>17:07:00<\/p>\n<\/td>\n<\/tr>\n<tr class=\"table__body__row\">\n<td class=\"table_body__data\" colspan=\"1\">\n<p>52<\/p>\n<\/td>\n<td class=\"table_body__data\" colspan=\"1\">\n<p>Fabian Weiss (Tudor Pro Cycling Team)<\/p>\n<\/td>\n<td class=\"table_body__data\" colspan=\"1\">\n<p>17:08:00<\/p>\n<\/td>\n<\/tr>\n<tr class=\"table__body__row\">\n<td class=\"table_body__data\" colspan=\"1\">\n<p>53<\/p>\n<\/td>\n<td class=\"table_body__data\" colspan=\"1\">\n<p>Darren Rafferty (EF Education &#8211; EasyPost)<\/p>\n<\/td>\n<td class=\"table_body__data\" colspan=\"1\">\n<p>17:09:00<\/p>\n<\/td>\n<\/tr>\n<tr class=\"table__body__row\">\n<td class=\"table_body__data\" colspan=\"1\">\n<p>54<\/p>\n<\/td>\n<td class=\"table_body__data\" colspan=\"1\">\n<p>Asbj\u00f8rn Hellemose (Team Jayco AlUla)<\/p>\n<\/td>\n<td class=\"table_body__data\" colspan=\"1\">\n<p>17:10:00<\/p>\n<\/td>\n<\/tr>\n<tr class=\"table__body__row\">\n<td class=\"table_body__data\" colspan=\"1\">\n<p>55<\/p>\n<\/td>\n<td class=\"table_body__data\" colspan=\"1\">\n<p>Paul Ourselin (Cofidis)<\/p>\n<\/td>\n<td class=\"table_body__data\" colspan=\"1\">\n<p>17:11:00<\/p>\n<\/td>\n<\/tr>\n<tr class=\"table__body__row\">\n<td class=\"table_body__data\" colspan=\"1\">\n<p>56<\/p>\n<\/td>\n<td class=\"table_body__data\" colspan=\"1\">\n<p>Tobias Johannessen (Uno-X Mobility)<\/p>\n<\/td>\n<td class=\"table_body__data\" colspan=\"1\">\n<p>17:12:00<\/p>\n<\/td>\n<\/tr>\n<tr class=\"table__body__row\">\n<td class=\"table_body__data\" colspan=\"1\">\n<p>57<\/p>\n<\/td>\n<td class=\"table_body__data\" colspan=\"1\">\n<p>Gianmarco Garofoli (Soudal Quick-Step)<\/p>\n<\/td>\n<td class=\"table_body__data\" colspan=\"1\">\n<p>17:13:00<\/p>\n<\/td>\n<\/tr>\n<tr class=\"table__body__row\">\n<td class=\"table_body__data\" colspan=\"1\">\n<p>58<\/p>\n<\/td>\n<td class=\"table_body__data\" colspan=\"1\">\n<p>Pau Marti Soriano (NSN Cycling Team)<\/p>\n<\/td>\n<td class=\"table_body__data\" colspan=\"1\">\n<p>17:14:00<\/p>\n<\/td>\n<\/tr>\n<tr class=\"table__body__row\">\n<td class=\"table_body__data\" colspan=\"1\">\n<p>59<\/p>\n<\/td>\n<td class=\"table_body__data\" colspan=\"1\">\n<p>Sente Sentjens (Alpecin-Premier Tech)<\/p>\n<\/td>\n<td class=\"table_body__data\" colspan=\"1\">\n<p>17:15:00<\/p>\n<\/td>\n<\/tr>\n<tr class=\"table__body__row\">\n<td class=\"table_body__data\" colspan=\"1\">\n<p>60<\/p>\n<\/td>\n<td class=\"table_body__data\" colspan=\"1\">\n<p>Cl\u00e9ment Berthet (Groupama-FDJ United)<\/p>\n<\/td>\n<td class=\"table_body__data\" colspan=\"1\">\n<p>17:16:00<\/p>\n<\/td>\n<\/tr>\n<tr class=\"table__body__row\">\n<td class=\"table_body__data\" colspan=\"1\">\n<p>61<\/p>\n<\/td>\n<td class=\"table_body__data\" colspan=\"1\">\n<p>Mattias Skjelmose (Lidl-Trek)<\/p>\n<\/td>\n<td class=\"table_body__data\" colspan=\"1\">\n<p>17:17:00<\/p>\n<\/td>\n<\/tr>\n<tr class=\"table__body__row\">\n<td class=\"table_body__data\" colspan=\"1\">\n<p>62<\/p>\n<\/td>\n<td class=\"table_body__data\" colspan=\"1\">\n<p>Santiago Buitrago (Bahrain Victorious)<\/p>\n<\/td>\n<td class=\"table_body__data\" colspan=\"1\">\n<p>17:18:00<\/p>\n<\/td>\n<\/tr>\n<tr class=\"table__body__row\">\n<td class=\"table_body__data\" colspan=\"1\">\n<p>63<\/p>\n<\/td>\n<td class=\"table_body__data\" colspan=\"1\">\n<p>Carlos Rodriguez (Netcompany INEOS Cycling Team)<\/p>\n<\/td>\n<td class=\"table_body__data\" colspan=\"1\">\n<p>17:19:00<\/p>\n<\/td>\n<\/tr>\n<tr class=\"table__body__row\">\n<td class=\"table_body__data\" colspan=\"1\">\n<p>64<\/p>\n<\/td>\n<td class=\"table_body__data\" colspan=\"1\">\n<p>Edward Dunbar (Pinarello-Q36.5 Pro Cycling Team)<\/p>\n<\/td>\n<td class=\"table_body__data\" colspan=\"1\">\n<p>17:20:00<\/p>\n<\/td>\n<\/tr>\n<tr class=\"table__body__row\">\n<td class=\"table_body__data\" colspan=\"1\">\n<p>65<\/p>\n<\/td>\n<td class=\"table_body__data\" colspan=\"1\">\n<p>Sander De Pestel (Decathlon CMA CGM Team)<\/p>\n<\/td>\n<td class=\"table_body__data\" colspan=\"1\">\n<p>17:21:00<\/p>\n<\/td>\n<\/tr>\n<tr class=\"table__body__row\">\n<td class=\"table_body__data\" colspan=\"1\">\n<p>66<\/p>\n<\/td>\n<td class=\"table_body__data\" colspan=\"1\">\n<p>James Matthew Brennan (Team Visma | Lease a Bike)<\/p>\n<\/td>\n<td class=\"table_body__data\" colspan=\"1\">\n<p>17:22:00<\/p>\n<\/td>\n<\/tr>\n<tr class=\"table__body__row\">\n<td class=\"table_body__data\" colspan=\"1\">\n<p>67<\/p>\n<\/td>\n<td class=\"table_body__data\" colspan=\"1\">\n<p>Jorge Arcas (Movistar Team)<\/p>\n<\/td>\n<td class=\"table_body__data\" colspan=\"1\">\n<p>17:23:00<\/p>\n<\/td>\n<\/tr>\n<tr class=\"table__body__row\">\n<td class=\"table_body__data\" colspan=\"1\">\n<p>68<\/p>\n<\/td>\n<td class=\"table_body__data\" colspan=\"1\">\n<p>Pavel Sivakov (UAE Team Emirates XRG)<\/p>\n<\/td>\n<td class=\"table_body__data\" colspan=\"1\">\n<p>17:24:00<\/p>\n<\/td>\n<\/tr>\n<tr class=\"table__body__row\">\n<td class=\"table_body__data\" colspan=\"1\">\n<p>69<\/p>\n<\/td>\n<td class=\"table_body__data\" colspan=\"1\">\n<p>Gianni Moscon (Red Bull &#8211; BORA &#8211; hansgrohe)<\/p>\n<\/td>\n<td class=\"table_body__data\" colspan=\"1\">\n<p>17:25:00<\/p>\n<\/td>\n<\/tr>\n<tr class=\"table__body__row\">\n<td class=\"table_body__data\" colspan=\"1\">\n<p>70<\/p>\n<\/td>\n<td class=\"table_body__data\" colspan=\"1\">\n<p>Ivan Sosa (Equipo Kern Pharma)<\/p>\n<\/td>\n<td class=\"table_body__data\" colspan=\"1\">\n<p>17:26:00<\/p>\n<\/td>\n<\/tr>\n<tr class=\"table__body__row\">\n<td class=\"table_body__data\" colspan=\"1\">\n<p>71<\/p>\n<\/td>\n<td class=\"table_body__data\" colspan=\"1\">\n<p>Oliver Peace (Team Picnic PostNL)<\/p>\n<\/td>\n<td class=\"table_body__data\" colspan=\"1\">\n<p>17:27:00<\/p>\n<\/td>\n<\/tr>\n<tr class=\"table__body__row\">\n<td class=\"table_body__data\" colspan=\"1\">\n<p>72<\/p>\n<\/td>\n<td class=\"table_body__data\" colspan=\"1\">\n<p>Jarno Widar (Lotto Intermarch\u00e9)<\/p>\n<\/td>\n<td class=\"table_body__data\" colspan=\"1\">\n<p>17:28:00<\/p>\n<\/td>\n<\/tr>\n<tr class=\"table__body__row\">\n<td class=\"table_body__data\" colspan=\"1\">\n<p>73<\/p>\n<\/td>\n<td class=\"table_body__data\" colspan=\"1\">\n<p>Sergio Geovani Chumil Gonzalez (Burgos-Burpellet-BH)<\/p>\n<\/td>\n<td class=\"table_body__data\" colspan=\"1\">\n<p>17:29:00<\/p>\n<\/td>\n<\/tr>\n<tr class=\"table__body__row\">\n<td class=\"table_body__data\" colspan=\"1\">\n<p>74<\/p>\n<\/td>\n<td class=\"table_body__data\" colspan=\"1\">\n<p>Cristian Rodriguez (XDS Astana Team)<\/p>\n<\/td>\n<td class=\"table_body__data\" colspan=\"1\">\n<p>17:30:00<\/p>\n<\/td>\n<\/tr>\n<tr class=\"table__body__row\">\n<td class=\"table_body__data\" colspan=\"1\">\n<p>75<\/p>\n<\/td>\n<td class=\"table_body__data\" colspan=\"1\">\n<p>William Barta (Tudor Pro Cycling Team)<\/p>\n<\/td>\n<td class=\"table_body__data\" colspan=\"1\">\n<p>17:31:00<\/p>\n<\/td>\n<\/tr>\n<tr class=\"table__body__row\">\n<td class=\"table_body__data\" colspan=\"1\">\n<p>76<\/p>\n<\/td>\n<td class=\"table_body__data\" colspan=\"1\">\n<p>Juan Felipe Rodriguez Contreras (EF Education &#8211; EasyPost)<\/p>\n<\/td>\n<td class=\"table_body__data\" colspan=\"1\">\n<p>17:32:00<\/p>\n<\/td>\n<\/tr>\n<tr class=\"table__body__row\">\n<td class=\"table_body__data\" colspan=\"1\">\n<p>77<\/p>\n<\/td>\n<td class=\"table_body__data\" colspan=\"1\">\n<p>Paul Double (Team Jayco AlUla)<\/p>\n<\/td>\n<td class=\"table_body__data\" colspan=\"1\">\n<p>17:33:00<\/p>\n<\/td>\n<\/tr>\n<tr class=\"table__body__row\">\n<td class=\"table_body__data\" colspan=\"1\">\n<p>78<\/p>\n<\/td>\n<td class=\"table_body__data\" colspan=\"1\">\n<p>Louis Rouland (Cofidis)<\/p>\n<\/td>\n<td class=\"table_body__data\" colspan=\"1\">\n<p>17:34:00<\/p>\n<\/td>\n<\/tr>\n<tr class=\"table__body__row\">\n<td class=\"table_body__data\" colspan=\"1\">\n<p>79<\/p>\n<\/td>\n<td class=\"table_body__data\" colspan=\"1\">\n<p>Magnus Cort Nielsen (Uno-X Mobility)<\/p>\n<\/td>\n<td class=\"table_body__data\" colspan=\"1\">\n<p>17:35:00<\/p>\n<\/td>\n<\/tr>\n<tr class=\"table__body__row\">\n<td class=\"table_body__data\" colspan=\"1\">\n<p>80<\/p>\n<\/td>\n<td class=\"table_body__data\" colspan=\"1\">\n<p>Fabio Van Den Bossche (Soudal Quick-Step)<\/p>\n<\/td>\n<td class=\"table_body__data\" colspan=\"1\">\n<p>17:36:00<\/p>\n<\/td>\n<\/tr>\n<tr class=\"table__body__row\">\n<td class=\"table_body__data\" colspan=\"1\">\n<p>81<\/p>\n<\/td>\n<td class=\"table_body__data\" colspan=\"1\">\n<p>Nicholas Schultz (NSN Cycling Team)<\/p>\n<\/td>\n<td class=\"table_body__data\" colspan=\"1\">\n<p>17:37:00<\/p>\n<\/td>\n<\/tr>\n<tr class=\"table__body__row\">\n<td class=\"table_body__data\" colspan=\"1\">\n<p>82<\/p>\n<\/td>\n<td class=\"table_body__data\" colspan=\"1\">\n<p>Lindsay De Vylder (Alpecin-Premier Tech)<\/p>\n<\/td>\n<td class=\"table_body__data\" colspan=\"1\">\n<p>17:38:00<\/p>\n<\/td>\n<\/tr>\n<tr class=\"table__body__row\">\n<td class=\"table_body__data\" colspan=\"1\">\n<p>83<\/p>\n<\/td>\n<td class=\"table_body__data\" colspan=\"1\">\n<p>R\u00e9my Rochas (Groupama-FDJ United)<\/p>\n<\/td>\n<td class=\"table_body__data\" colspan=\"1\">\n<p>17:39:00<\/p>\n<\/td>\n<\/tr>\n<tr class=\"table__body__row\">\n<td class=\"table_body__data\" colspan=\"1\">\n<p>84<\/p>\n<\/td>\n<td class=\"table_body__data\" colspan=\"1\">\n<p>Thibau Nys (Lidl-Trek)<\/p>\n<\/td>\n<td class=\"table_body__data\" colspan=\"1\">\n<p>17:40:00<\/p>\n<\/td>\n<\/tr>\n<tr class=\"table__body__row\">\n<td class=\"table_body__data\" colspan=\"1\">\n<p>85<\/p>\n<\/td>\n<td class=\"table_body__data\" colspan=\"1\">\n<p>Jakob Omrzel (Bahrain Victorious)<\/p>\n<\/td>\n<td class=\"table_body__data\" colspan=\"1\">\n<p>17:41:00<\/p>\n<\/td>\n<\/tr>\n<tr class=\"table__body__row\">\n<td class=\"table_body__data\" colspan=\"1\">\n<p>86<\/p>\n<\/td>\n<td class=\"table_body__data\" colspan=\"1\">\n<p>Oscar Onley (Netcompany INEOS Cycling Team)<\/p>\n<\/td>\n<td class=\"table_body__data\" colspan=\"1\">\n<p>17:42:00<\/p>\n<\/td>\n<\/tr>\n<tr class=\"table__body__row\">\n<td class=\"table_body__data\" colspan=\"1\">\n<p>87<\/p>\n<\/td>\n<td class=\"table_body__data\" colspan=\"1\">\n<p>Milan Vader (Pinarello-Q36.5 Pro Cycling Team)<\/p>\n<\/td>\n<td class=\"table_body__data\" colspan=\"1\">\n<p>17:43:00<\/p>\n<\/td>\n<\/tr>\n<tr class=\"table__body__row\">\n<td class=\"table_body__data\" colspan=\"1\">\n<p>88<\/p>\n<\/td>\n<td class=\"table_body__data\" colspan=\"1\">\n<p>F\u00e9lix Gall (Decathlon CMA CGM Team)<\/p>\n<\/td>\n<td class=\"table_body__data\" colspan=\"1\">\n<p>17:44:00<\/p>\n<\/td>\n<\/tr>\n<tr class=\"table__body__row\">\n<td class=\"table_body__data\" colspan=\"1\">\n<p>89<\/p>\n<\/td>\n<td class=\"table_body__data\" colspan=\"1\">\n<p>Ben Tulett (Team Visma | Lease a Bike)<\/p>\n<\/td>\n<td class=\"table_body__data\" colspan=\"1\">\n<p>17:45:00<\/p>\n<\/td>\n<\/tr>\n<tr class=\"table__body__row\">\n<td class=\"table_body__data\" colspan=\"1\">\n<p>90<\/p>\n<\/td>\n<td class=\"table_body__data\" colspan=\"1\">\n<p>Raul Garcia (Movistar Team)<\/p>\n<\/td>\n<td class=\"table_body__data\" colspan=\"1\">\n<p>17:46:00<\/p>\n<\/td>\n<\/tr>\n<tr class=\"table__body__row\">\n<td class=\"table_body__data\" colspan=\"1\">\n<p>91<\/p>\n<\/td>\n<td class=\"table_body__data\" colspan=\"1\">\n<p>Pablo Torres Arias (UAE Team Emirates XRG)<\/p>\n<\/td>\n<td class=\"table_body__data\" colspan=\"1\">\n<p>17:47:00<\/p>\n<\/td>\n<\/tr>\n<tr class=\"table__body__row\">\n<td class=\"table_body__data\" colspan=\"1\">\n<p>92<\/p>\n<\/td>\n<td class=\"table_body__data\" colspan=\"1\">\n<p>Jordi Meeus (Red Bull &#8211; BORA &#8211; hansgrohe)<\/p>\n<\/td>\n<td class=\"table_body__data\" colspan=\"1\">\n<p>17:48:00<\/p>\n<\/td>\n<\/tr>\n<tr class=\"table__body__row\">\n<td class=\"table_body__data\" colspan=\"1\">\n<p>93<\/p>\n<\/td>\n<td class=\"table_body__data\" colspan=\"1\">\n<p>Ivan Cobo Cayon (Equipo Kern Pharma)<\/p>\n<\/td>\n<td class=\"table_body__data\" colspan=\"1\">\n<p>17:49:00<\/p>\n<\/td>\n<\/tr>\n<tr class=\"table__body__row\">\n<td class=\"table_body__data\" colspan=\"1\">\n<p>94<\/p>\n<\/td>\n<td class=\"table_body__data\" colspan=\"1\">\n<p>Timo Roosen (Team Picnic PostNL)<\/p>\n<\/td>\n<td class=\"table_body__data\" colspan=\"1\">\n<p>17:50:00<\/p>\n<\/td>\n<\/tr>\n<tr class=\"table__body__row\">\n<td class=\"table_body__data\" colspan=\"1\">\n<p>95<\/p>\n<\/td>\n<td class=\"table_body__data\" colspan=\"1\">\n<p>Luca Van Boven (Lotto Intermarch\u00e9)<\/p>\n<\/td>\n<td class=\"table_body__data\" colspan=\"1\">\n<p>17:51:00<\/p>\n<\/td>\n<\/tr>\n<tr class=\"table__body__row\">\n<td class=\"table_body__data\" colspan=\"1\">\n<p>96<\/p>\n<\/td>\n<td class=\"table_body__data\" colspan=\"1\">\n<p>Jose Manuel Diaz Gallego (Burgos-Burpellet-BH)<\/p>\n<\/td>\n<td class=\"table_body__data\" colspan=\"1\">\n<p>17:52:00<\/p>\n<\/td>\n<\/tr>\n<tr class=\"table__body__row\">\n<td class=\"table_body__data\" colspan=\"1\">\n<p>97<\/p>\n<\/td>\n<td class=\"table_body__data\" colspan=\"1\">\n<p>Yevgeniy Fedorov (XDS Astana Team)<\/p>\n<\/td>\n<td class=\"table_body__data\" colspan=\"1\">\n<p>17:53:00<\/p>\n<\/td>\n<\/tr>\n<tr class=\"table__body__row\">\n<td class=\"table_body__data\" colspan=\"1\">\n<p>98<\/p>\n<\/td>\n<td class=\"table_body__data\" colspan=\"1\">\n<p>Arthur Kluckers (Tudor Pro Cycling Team)<\/p>\n<\/td>\n<td class=\"table_body__data\" colspan=\"1\">\n<p>17:54:00<\/p>\n<\/td>\n<\/tr>\n<tr class=\"table__body__row\">\n<td class=\"table_body__data\" colspan=\"1\">\n<p>99<\/p>\n<\/td>\n<td class=\"table_body__data\" colspan=\"1\">\n<p>Vincenzo Albanese (EF Education &#8211; EasyPost)<\/p>\n<\/td>\n<td class=\"table_body__data\" colspan=\"1\">\n<p>17:55:00<\/p>\n<\/td>\n<\/tr>\n<tr class=\"table__body__row\">\n<td class=\"table_body__data\" colspan=\"1\">\n<p>100<\/p>\n<\/td>\n<td class=\"table_body__data\" colspan=\"1\">\n<p>Alessandro Covi (Team Jayco AlUla)<\/p>\n<\/td>\n<td class=\"table_body__data\" colspan=\"1\">\n<p>17:56:00<\/p>\n<\/td>\n<\/tr>\n<tr class=\"table__body__row\">\n<td class=\"table_body__data\" colspan=\"1\">\n<p>101<\/p>\n<\/td>\n<td class=\"table_body__data\" colspan=\"1\">\n<p>Sergio Samitier Samitier (Cofidis)<\/p>\n<\/td>\n<td class=\"table_body__data\" colspan=\"1\">\n<p>17:57:00<\/p>\n<\/td>\n<\/tr>\n<tr class=\"table__body__row\">\n<td class=\"table_body__data\" colspan=\"1\">\n<p>102<\/p>\n<\/td>\n<td class=\"table_body__data\" colspan=\"1\">\n<p>Fredrik Dversnes (Uno-X Mobility)<\/p>\n<\/td>\n<td class=\"table_body__data\" colspan=\"1\">\n<p>17:58:00<\/p>\n<\/td>\n<\/tr>\n<tr class=\"table__body__row\">\n<td class=\"table_body__data\" colspan=\"1\">\n<p>103<\/p>\n<\/td>\n<td class=\"table_body__data\" colspan=\"1\">\n<p>Mikel Landa (Soudal Quick-Step)<\/p>\n<\/td>\n<td class=\"table_body__data\" colspan=\"1\">\n<p>17:59:00<\/p>\n<\/td>\n<\/tr>\n<tr class=\"table__body__row\">\n<td class=\"table_body__data\" colspan=\"1\">\n<p>104<\/p>\n<\/td>\n<td class=\"table_body__data\" colspan=\"1\">\n<p>Moritz Kretschy (NSN Cycling Team)<\/p>\n<\/td>\n<td class=\"table_body__data\" colspan=\"1\">\n<p>18:00:00<\/p>\n<\/td>\n<\/tr>\n<tr class=\"table__body__row\">\n<td class=\"table_body__data\" colspan=\"1\">\n<p>105<\/p>\n<\/td>\n<td class=\"table_body__data\" colspan=\"1\">\n<p>Ramses Debruyne (Alpecin-Premier Tech)<\/p>\n<\/td>\n<td class=\"table_body__data\" colspan=\"1\">\n<p>18:01:00<\/p>\n<\/td>\n<\/tr>\n<tr class=\"table__body__row\">\n<td class=\"table_body__data\" colspan=\"1\">\n<p>106<\/p>\n<\/td>\n<td class=\"table_body__data\" colspan=\"1\">\n<p>Valentin Madouas (Groupama-FDJ United)<\/p>\n<\/td>\n<td class=\"table_body__data\" colspan=\"1\">\n<p>18:02:00<\/p>\n<\/td>\n<\/tr>\n<tr class=\"table__body__row\">\n<td class=\"table_body__data\" colspan=\"1\">\n<p>107<\/p>\n<\/td>\n<td class=\"table_body__data\" colspan=\"1\">\n<p>Julien Bernard (Lidl-Trek)<\/p>\n<\/td>\n<td class=\"table_body__data\" colspan=\"1\">\n<p>18:03:00<\/p>\n<\/td>\n<\/tr>\n<tr class=\"table__body__row\">\n<td class=\"table_body__data\" colspan=\"1\">\n<p>108<\/p>\n<\/td>\n<td class=\"table_body__data\" colspan=\"1\">\n<p>Matev\u017e Govekar (Bahrain Victorious)<\/p>\n<\/td>\n<td class=\"table_body__data\" colspan=\"1\">\n<p>18:04:00<\/p>\n<\/td>\n<\/tr>\n<tr class=\"table__body__row\">\n<td class=\"table_body__data\" colspan=\"1\">\n<p>109<\/p>\n<\/td>\n<td class=\"table_body__data\" colspan=\"1\">\n<p>Jack Haig (Netcompany INEOS Cycling Team)<\/p>\n<\/td>\n<td class=\"table_body__data\" colspan=\"1\">\n<p>18:05:00<\/p>\n<\/td>\n<\/tr>\n<tr class=\"table__body__row\">\n<td class=\"table_body__data\" colspan=\"1\">\n<p>110<\/p>\n<\/td>\n<td class=\"table_body__data\" colspan=\"1\">\n<p>David Gonzalez Lopez (Pinarello-Q36.5 Pro Cycling Team)<\/p>\n<\/td>\n<td class=\"table_body__data\" colspan=\"1\">\n<p>18:06:00<\/p>\n<\/td>\n<\/tr>\n<tr class=\"table__body__row\">\n<td class=\"table_body__data\" colspan=\"1\">\n<p>111<\/p>\n<\/td>\n<td class=\"table_body__data\" colspan=\"1\">\n<p>Andrew Oscar Chamberlain (Decathlon CMA CGM Team)<\/p>\n<\/td>\n<td class=\"table_body__data\" colspan=\"1\">\n<p>18:07:00<\/p>\n<\/td>\n<\/tr>\n<tr class=\"table__body__row\">\n<td class=\"table_body__data\" colspan=\"1\">\n<p>112<\/p>\n<\/td>\n<td class=\"table_body__data\" colspan=\"1\">\n<p>J\u00f8rgen Nordhagen (Team Visma | Lease a Bike)<\/p>\n<\/td>\n<td class=\"table_body__data\" colspan=\"1\">\n<p>18:08:00<\/p>\n<\/td>\n<\/tr>\n<tr class=\"table__body__row\">\n<td class=\"table_body__data\" colspan=\"1\">\n<p>113<\/p>\n<\/td>\n<td class=\"table_body__data\" colspan=\"1\">\n<p>Cian Uijtdebroeks (Movistar Team)<\/p>\n<\/td>\n<td class=\"table_body__data\" colspan=\"1\">\n<p>18:09:00<\/p>\n<\/td>\n<\/tr>\n<tr class=\"table__body__row\">\n<td class=\"table_body__data\" colspan=\"1\">\n<p>114<\/p>\n<\/td>\n<td class=\"table_body__data\" colspan=\"1\">\n<p>Ivo Oliveira (UAE Team Emirates XRG)<\/p>\n<\/td>\n<td class=\"table_body__data\" colspan=\"1\">\n<p>18:10:00<\/p>\n<\/td>\n<\/tr>\n<tr class=\"table__body__row\">\n<td class=\"table_body__data\" colspan=\"1\">\n<p>115<\/p>\n<\/td>\n<td class=\"table_body__data\" colspan=\"1\">\n<p>Luke Tuckwell (Red Bull &#8211; BORA &#8211; hansgrohe)<\/p>\n<\/td>\n<td class=\"table_body__data\" colspan=\"1\">\n<p>18:11:00<\/p>\n<\/td>\n<\/tr>\n<tr class=\"table__body__row\">\n<td class=\"table_body__data\" colspan=\"1\">\n<p>116<\/p>\n<\/td>\n<td class=\"table_body__data\" colspan=\"1\">\n<p>I\u00f1igo Elosegui Mome\u00f1e (Equipo Kern Pharma)<\/p>\n<\/td>\n<td class=\"table_body__data\" colspan=\"1\">\n<p>18:12:00<\/p>\n<\/td>\n<\/tr>\n<tr class=\"table__body__row\">\n<td class=\"table_body__data\" colspan=\"1\">\n<p>117<\/p>\n<\/td>\n<td class=\"table_body__data\" colspan=\"1\">\n<p>Timo De Jong (Team Picnic PostNL)<\/p>\n<\/td>\n<td class=\"table_body__data\" colspan=\"1\">\n<p>18:13:00<\/p>\n<\/td>\n<\/tr>\n<tr class=\"table__body__row\">\n<td class=\"table_body__data\" colspan=\"1\">\n<p>118<\/p>\n<\/td>\n<td class=\"table_body__data\" colspan=\"1\">\n<p>Lars Craps (Lotto Intermarch\u00e9)<\/p>\n<\/td>\n<td class=\"table_body__data\" colspan=\"1\">\n<p>18:14:00<\/p>\n<\/td>\n<\/tr>\n<tr class=\"table__body__row\">\n<td class=\"table_body__data\" colspan=\"1\">\n<p>119<\/p>\n<\/td>\n<td class=\"table_body__data\" colspan=\"1\">\n<p>Clement Alleno (Burgos-Burpellet-BH)<\/p>\n<\/td>\n<td class=\"table_body__data\" colspan=\"1\">\n<p>18:15:00<\/p>\n<\/td>\n<\/tr>\n<tr class=\"table__body__row\">\n<td class=\"table_body__data\" colspan=\"1\">\n<p>120<\/p>\n<\/td>\n<td class=\"table_body__data\" colspan=\"1\">\n<p>Alessandro Romele (XDS Astana Team)<\/p>\n<\/td>\n<td class=\"table_body__data\" colspan=\"1\">\n<p>18:16:00<\/p>\n<\/td>\n<\/tr>\n<tr class=\"table__body__row\">\n<td class=\"table_body__data\" colspan=\"1\">\n<p>121<\/p>\n<\/td>\n<td class=\"table_body__data\" colspan=\"1\">\n<p>Stefan K\u00fcng (Tudor Pro Cycling Team)<\/p>\n<\/td>\n<td class=\"table_body__data\" colspan=\"1\">\n<p>18:17:00<\/p>\n<\/td>\n<\/tr>\n<tr class=\"table__body__row\">\n<td class=\"table_body__data\" colspan=\"1\">\n<p>122<\/p>\n<\/td>\n<td class=\"table_body__data\" colspan=\"1\">\n<p>Alastair Mackellar (EF Education &#8211; EasyPost)<\/p>\n<\/td>\n<td class=\"table_body__data\" colspan=\"1\">\n<p>18:18:00<\/p>\n<\/td>\n<\/tr>\n<tr class=\"table__body__row\">\n<td class=\"table_body__data\" colspan=\"1\">\n<p>123<\/p>\n<\/td>\n<td class=\"table_body__data\" colspan=\"1\">\n<p>Koen Bouwman (Team Jayco AlUla)<\/p>\n<\/td>\n<td class=\"table_body__data\" colspan=\"1\">\n<p>18:19:00<\/p>\n<\/td>\n<\/tr>\n<tr class=\"table__body__row\">\n<td class=\"table_body__data\" colspan=\"1\">\n<p>124<\/p>\n<\/td>\n<td class=\"table_body__data\" colspan=\"1\">\n<p>Alexis Renard (Cofidis)<\/p>\n<\/td>\n<td class=\"table_body__data\" colspan=\"1\">\n<p>18:20:00<\/p>\n<\/td>\n<\/tr>\n<tr class=\"table__body__row\">\n<td class=\"table_body__data\" colspan=\"1\">\n<p>125<\/p>\n<\/td>\n<td class=\"table_body__data\" colspan=\"1\">\n<p>Simon Dalby (Uno-X Mobility)<\/p>\n<\/td>\n<td class=\"table_body__data\" colspan=\"1\">\n<p>18:21:00<\/p>\n<\/td>\n<\/tr>\n<tr class=\"table__body__row\">\n<td class=\"table_body__data\" colspan=\"1\">\n<p>126<\/p>\n<\/td>\n<td class=\"table_body__data\" colspan=\"1\">\n<p>Valentin Paret Peintre (Soudal Quick-Step)<\/p>\n<\/td>\n<td class=\"table_body__data\" colspan=\"1\">\n<p>18:22:00<\/p>\n<\/td>\n<\/tr>\n<tr class=\"table__body__row\">\n<td class=\"table_body__data\" colspan=\"1\">\n<p>127<\/p>\n<\/td>\n<td class=\"table_body__data\" colspan=\"1\">\n<p>Jan Hirt (NSN Cycling Team)<\/p>\n<\/td>\n<td class=\"table_body__data\" colspan=\"1\">\n<p>18:23:00<\/p>\n<\/td>\n<\/tr>\n<tr class=\"table__body__row\">\n<td class=\"table_body__data\" colspan=\"1\">\n<p>128<\/p>\n<\/td>\n<td class=\"table_body__data\" colspan=\"1\">\n<p>Gal Glivar (Alpecin-Premier Tech)<\/p>\n<\/td>\n<td class=\"table_body__data\" colspan=\"1\">\n<p>18:24:00<\/p>\n<\/td>\n<\/tr>\n<tr class=\"table__body__row\">\n<td class=\"table_body__data\" colspan=\"1\">\n<p>129<\/p>\n<\/td>\n<td class=\"table_body__data\" colspan=\"1\">\n<p>Bastien Tronchon (Groupama-FDJ United)<\/p>\n<\/td>\n<td class=\"table_body__data\" colspan=\"1\">\n<p>18:25:00<\/p>\n<\/td>\n<\/tr>\n<tr class=\"table__body__row\">\n<td class=\"table_body__data\" colspan=\"1\">\n<p>130<\/p>\n<\/td>\n<td class=\"table_body__data\" colspan=\"1\">\n<p>Patrick Konrad (Lidl-Trek)<\/p>\n<\/td>\n<td class=\"table_body__data\" colspan=\"1\">\n<p>18:26:00<\/p>\n<\/td>\n<\/tr>\n<tr class=\"table__body__row\">\n<td class=\"table_body__data\" colspan=\"1\">\n<p>131<\/p>\n<\/td>\n<td class=\"table_body__data\" colspan=\"1\">\n<p>Mathijs Paasschens (Bahrain Victorious)<\/p>\n<\/td>\n<td class=\"table_body__data\" colspan=\"1\">\n<p>18:27:00<\/p>\n<\/td>\n<\/tr>\n<tr class=\"table__body__row\">\n<td class=\"table_body__data\" colspan=\"1\">\n<p>132<\/p>\n<\/td>\n<td class=\"table_body__data\" colspan=\"1\">\n<p>Axel Laurance (Netcompany INEOS Cycling Team)<\/p>\n<\/td>\n<td class=\"table_body__data\" colspan=\"1\">\n<p>18:28:00<\/p>\n<\/td>\n<\/tr>\n<tr class=\"table__body__row\">\n<td class=\"table_body__data\" colspan=\"1\">\n<p>133<\/p>\n<\/td>\n<td class=\"table_body__data\" colspan=\"1\">\n<p>Marcel Camprubi Pijuan (Pinarello-Q36.5 Pro Cycling Team)<\/p>\n<\/td>\n<td class=\"table_body__data\" colspan=\"1\">\n<p>18:29:00<\/p>\n<\/td>\n<\/tr>\n<tr class=\"table__body__row\">\n<td class=\"table_body__data\" colspan=\"1\">\n<p>134<\/p>\n<\/td>\n<td class=\"table_body__data\" colspan=\"1\">\n<p>L\u00e9o Bisiaux (Decathlon CMA CGM Team)<\/p>\n<\/td>\n<td class=\"table_body__data\" colspan=\"1\">\n<p>18:30:00<\/p>\n<\/td>\n<\/tr>\n<tr class=\"table__body__row\">\n<td class=\"table_body__data\" colspan=\"1\">\n<p>135<\/p>\n<\/td>\n<td class=\"table_body__data\" colspan=\"1\">\n<p>Steven Kruijswijk (Team Visma | Lease a Bike)<\/p>\n<\/td>\n<td class=\"table_body__data\" colspan=\"1\">\n<p>18:31:00<\/p>\n<\/td>\n<\/tr>\n<tr class=\"table__body__row\">\n<td class=\"table_body__data\" colspan=\"1\">\n<p>136<\/p>\n<\/td>\n<td class=\"table_body__data\" colspan=\"1\">\n<p>Pablo Castrillo (Movistar Team)<\/p>\n<\/td>\n<td class=\"table_body__data\" colspan=\"1\">\n<p>18:32:00<\/p>\n<\/td>\n<\/tr>\n<tr class=\"table__body__row\">\n<td class=\"table_body__data\" colspan=\"1\">\n<p>137<\/p>\n<\/td>\n<td class=\"table_body__data\" colspan=\"1\">\n<p>Jay Vine (UAE Team Emirates XRG)<\/p>\n<\/td>\n<td class=\"table_body__data\" colspan=\"1\">\n<p>18:33:00<\/p>\n<\/td>\n<\/tr>\n<tr class=\"table__body__row\">\n<td class=\"table_body__data\" colspan=\"1\">\n<p>138<\/p>\n<\/td>\n<td class=\"table_body__data\" colspan=\"1\">\n<p>Callum Thornley (Red Bull &#8211; BORA &#8211; hansgrohe)<\/p>\n<\/td>\n<td class=\"table_body__data\" colspan=\"1\">\n<p>18:34:00<\/p>\n<\/td>\n<\/tr>\n<tr class=\"table__body__row\">\n<td class=\"table_body__data\" colspan=\"1\">\n<p>139<\/p>\n<\/td>\n<td class=\"table_body__data\" colspan=\"1\">\n<p>Ibon Ruiz Sedano (Equipo Kern Pharma)<\/p>\n<\/td>\n<td class=\"table_body__data\" colspan=\"1\">\n<p>18:35:00<\/p>\n<\/td>\n<\/tr>\n<tr class=\"table__body__row\">\n<td class=\"table_body__data\" colspan=\"1\">\n<p>140<\/p>\n<\/td>\n<td class=\"table_body__data\" colspan=\"1\">\n<p>Mattia Gaffuri (Team Picnic PostNL)<\/p>\n<\/td>\n<td class=\"table_body__data\" colspan=\"1\">\n<p>18:36:00<\/p>\n<\/td>\n<\/tr>\n<tr class=\"table__body__row\">\n<td class=\"table_body__data\" colspan=\"1\">\n<p>141<\/p>\n<\/td>\n<td class=\"table_body__data\" colspan=\"1\">\n<p>Roel Van Sintmaartensdijk (Lotto Intermarch\u00e9)<\/p>\n<\/td>\n<td class=\"table_body__data\" colspan=\"1\">\n<p>18:37:00<\/p>\n<\/td>\n<\/tr>\n<tr class=\"table__body__row\">\n<td class=\"table_body__data\" colspan=\"1\">\n<p>142<\/p>\n<\/td>\n<td class=\"table_body__data\" colspan=\"1\">\n<p>Jose Luis Faura Asensio (Burgos-Burpellet-BH)<\/p>\n<\/td>\n<td class=\"table_body__data\" colspan=\"1\">\n<p>18:38:00<\/p>\n<\/td>\n<\/tr>\n<tr class=\"table__body__row\">\n<td class=\"table_body__data\" colspan=\"1\">\n<p>143<\/p>\n<\/td>\n<td class=\"table_body__data\" colspan=\"1\">\n<p>Victor Langellotti (XDS Astana Team)<\/p>\n<\/td>\n<td class=\"table_body__data\" colspan=\"1\">\n<p>18:39:00<\/p>\n<\/td>\n<\/tr>\n<tr class=\"table__body__row\">\n<td class=\"table_body__data\" colspan=\"1\">\n<p>144<\/p>\n<\/td>\n<td class=\"table_body__data\" colspan=\"1\">\n<p>Marco Brenner (Tudor Pro Cycling Team)<\/p>\n<\/td>\n<td class=\"table_body__data\" colspan=\"1\">\n<p>18:40:00<\/p>\n<\/td>\n<\/tr>\n<tr class=\"table__body__row\">\n<td class=\"table_body__data\" colspan=\"1\">\n<p>145<\/p>\n<\/td>\n<td class=\"table_body__data\" colspan=\"1\">\n<p>James Shaw (EF Education &#8211; EasyPost)<\/p>\n<\/td>\n<td class=\"table_body__data\" colspan=\"1\">\n<p>18:41:00<\/p>\n<\/td>\n<\/tr>\n<tr class=\"table__body__row\">\n<td class=\"table_body__data\" colspan=\"1\">\n<p>146<\/p>\n<\/td>\n<td class=\"table_body__data\" colspan=\"1\">\n<p>Hamish McKenzie (Team Jayco AlUla)<\/p>\n<\/td>\n<td class=\"table_body__data\" colspan=\"1\">\n<p>18:42:00<\/p>\n<\/td>\n<\/tr>\n<tr class=\"table__body__row\">\n<td class=\"table_body__data\" colspan=\"1\">\n<p>147<\/p>\n<\/td>\n<td class=\"table_body__data\" colspan=\"1\">\n<p>Emanuel Buchmann (Cofidis)<\/p>\n<\/td>\n<td class=\"table_body__data\" colspan=\"1\">\n<p>18:43:00<\/p>\n<\/td>\n<\/tr>\n<tr class=\"table__body__row\">\n<td class=\"table_body__data\" colspan=\"1\">\n<p>148<\/p>\n<\/td>\n<td class=\"table_body__data\" colspan=\"1\">\n<p>Rasmus Tiller (Uno-X Mobility)<\/p>\n<\/td>\n<td class=\"table_body__data\" colspan=\"1\">\n<p>18:44:00<\/p>\n<\/td>\n<\/tr>\n<tr class=\"table__body__row\">\n<td class=\"table_body__data\" colspan=\"1\">\n<p>149<\/p>\n<\/td>\n<td class=\"table_body__data\" colspan=\"1\">\n<p>Filippo Zana (Soudal Quick-Step)<\/p>\n<\/td>\n<td class=\"table_body__data\" colspan=\"1\">\n<p>18:45:00<\/p>\n<\/td>\n<\/tr>\n<tr class=\"table__body__row\">\n<td class=\"table_body__data\" colspan=\"1\">\n<p>150<\/p>\n<\/td>\n<td class=\"table_body__data\" colspan=\"1\">\n<p>George Bennett (NSN Cycling Team)<\/p>\n<\/td>\n<td class=\"table_body__data\" colspan=\"1\">\n<p>18:46:00<\/p>\n<\/td>\n<\/tr>\n<tr class=\"table__body__row\">\n<td class=\"table_body__data\" colspan=\"1\">\n<p>151<\/p>\n<\/td>\n<td class=\"table_body__data\" colspan=\"1\">\n<p>Michael Gogl (Alpecin-Premier Tech)<\/p>\n<\/td>\n<td class=\"table_body__data\" colspan=\"1\">\n<p>18:47:00<\/p>\n<\/td>\n<\/tr>\n<tr class=\"table__body__row\">\n<td class=\"table_body__data\" colspan=\"1\">\n<p>152<\/p>\n<\/td>\n<td class=\"table_body__data\" colspan=\"1\">\n<p>Rudy Molard (Groupama-FDJ United)<\/p>\n<\/td>\n<td class=\"table_body__data\" colspan=\"1\">\n<p>18:48:00<\/p>\n<\/td>\n<\/tr>\n<tr class=\"table__body__row\">\n<td class=\"table_body__data\" colspan=\"1\">\n<p>153<\/p>\n<\/td>\n<td class=\"table_body__data\" colspan=\"1\">\n<p>Lennard K\u00e4mna (Lidl-Trek)<\/p>\n<\/td>\n<td class=\"table_body__data\" colspan=\"1\">\n<p>18:49:00<\/p>\n<\/td>\n<\/tr>\n<tr class=\"table__body__row\">\n<td class=\"table_body__data\" colspan=\"1\">\n<p>154<\/p>\n<\/td>\n<td class=\"table_body__data\" colspan=\"1\">\n<p>Attila Valter (Bahrain Victorious)<\/p>\n<\/td>\n<td class=\"table_body__data\" colspan=\"1\">\n<p>18:50:00<\/p>\n<\/td>\n<\/tr>\n<tr class=\"table__body__row\">\n<td class=\"table_body__data\" colspan=\"1\">\n<p>155<\/p>\n<\/td>\n<td class=\"table_body__data\" colspan=\"1\">\n<p>Joshua Tarling (Netcompany INEOS Cycling Team)<\/p>\n<\/td>\n<td class=\"table_body__data\" colspan=\"1\">\n<p>18:51:00<\/p>\n<\/td>\n<\/tr>\n<tr class=\"table__body__row\">\n<td class=\"table_body__data\" colspan=\"1\">\n<p>156<\/p>\n<\/td>\n<td class=\"table_body__data\" colspan=\"1\">\n<p>Xabier Azparren Irurzun (Pinarello-Q36.5 Pro Cycling Team)<\/p>\n<\/td>\n<td class=\"table_body__data\" colspan=\"1\">\n<p>18:52:00<\/p>\n<\/td>\n<\/tr>\n<tr class=\"table__body__row\">\n<td class=\"table_body__data\" colspan=\"1\">\n<p>157<\/p>\n<\/td>\n<td class=\"table_body__data\" colspan=\"1\">\n<p>Gregor M\u00fchlberger (Decathlon CMA CGM Team)<\/p>\n<\/td>\n<td class=\"table_body__data\" colspan=\"1\">\n<p>18:53:00<\/p>\n<\/td>\n<\/tr>\n<tr class=\"table__body__row\">\n<td class=\"table_body__data\" colspan=\"1\">\n<p>158<\/p>\n<\/td>\n<td class=\"table_body__data\" colspan=\"1\">\n<p>Christophe Laporte (Team Visma | Lease a Bike)<\/p>\n<\/td>\n<td class=\"table_body__data\" colspan=\"1\">\n<p>18:54:00<\/p>\n<\/td>\n<\/tr>\n<tr class=\"table__body__row\">\n<td class=\"table_body__data\" colspan=\"1\">\n<p>159<\/p>\n<\/td>\n<td class=\"table_body__data\" colspan=\"1\">\n<p>Enric Mas (Movistar Team)<\/p>\n<\/td>\n<td class=\"table_body__data\" colspan=\"1\">\n<p>18:55:00<\/p>\n<\/td>\n<\/tr>\n<tr class=\"table__body__row\">\n<td class=\"table_body__data\" colspan=\"1\">\n<p>160<\/p>\n<\/td>\n<td class=\"table_body__data\" colspan=\"1\">\n<p>Joao Almeida (UAE Team Emirates XRG)<\/p>\n<\/td>\n<td class=\"table_body__data\" colspan=\"1\">\n<p>18:56:00<\/p>\n<\/td>\n<\/tr>\n<tr class=\"table__body__row\">\n<td class=\"table_body__data\" colspan=\"1\">\n<p>161<\/p>\n<\/td>\n<td class=\"table_body__data\" colspan=\"1\">\n<p>Finn Fisher &#8211; Black (Red Bull &#8211; BORA &#8211; hansgrohe)<\/p>\n<\/td>\n<td class=\"table_body__data\" colspan=\"1\">\n<p>18:57:00<\/p>\n<\/td>\n<\/tr>\n<tr class=\"table__body__row\">\n<td class=\"table_body__data\" colspan=\"1\">\n<p>162<\/p>\n<\/td>\n<td class=\"table_body__data\" colspan=\"1\">\n<p>Urko Berrade Fernandez (Equipo Kern Pharma)<\/p>\n<\/td>\n<td class=\"table_body__data\" colspan=\"1\">\n<p>18:58:00<\/p>\n<\/td>\n<\/tr>\n<tr class=\"table__body__row\">\n<td class=\"table_body__data\" colspan=\"1\">\n<p>163<\/p>\n<\/td>\n<td class=\"table_body__data\" colspan=\"1\">\n<p>Henri Fran\u00e7ois Renard Haquin (Team Picnic PostNL)<\/p>\n<\/td>\n<td class=\"table_body__data\" colspan=\"1\">\n<p>18:59:00<\/p>\n<\/td>\n<\/tr>\n<tr class=\"table__body__row\">\n<td class=\"table_body__data\" colspan=\"1\">\n<p>164<\/p>\n<\/td>\n<td class=\"table_body__data\" colspan=\"1\">\n<p>Steffen De Schuyteneerd (Lotto Intermarch\u00e9)<\/p>\n<\/td>\n<td class=\"table_body__data\" colspan=\"1\">\n<p>19:00:00<\/p>\n<\/td>\n<\/tr>\n<tr class=\"table__body__row\">\n<td class=\"table_body__data\" colspan=\"1\">\n<p>165<\/p>\n<\/td>\n<td class=\"table_body__data\" colspan=\"1\">\n<p>Jesus Herrada (Burgos-Burpellet-BH)<\/p>\n<\/td>\n<td class=\"table_body__data\" colspan=\"1\">\n<p>19:01:00<\/p>\n<\/td>\n<\/tr>\n<tr class=\"table__body__row\">\n<td class=\"table_body__data\" colspan=\"1\">\n<p>166<\/p>\n<\/td>\n<td class=\"table_body__data\" colspan=\"1\">\n<p>Harold Tejada (XDS Astana Team)<\/p>\n<\/td>\n<td class=\"table_body__data\" colspan=\"1\">\n<p>19:02:00<\/p>\n<\/td>\n<\/tr>\n<tr class=\"table__body__row\">\n<td class=\"table_body__data\" colspan=\"1\">\n<p>167<\/p>\n<\/td>\n<td class=\"table_body__data\" colspan=\"1\">\n<p>Lawrence Warbasse (Tudor Pro Cycling Team)<\/p>\n<\/td>\n<td class=\"table_body__data\" colspan=\"1\">\n<p>19:03:00<\/p>\n<\/td>\n<\/tr>\n<tr class=\"table__body__row\">\n<td class=\"table_body__data\" colspan=\"1\">\n<p>168<\/p>\n<\/td>\n<td class=\"table_body__data\" colspan=\"1\">\n<p>Georg Steinhauser (EF Education &#8211; EasyPost)<\/p>\n<\/td>\n<td class=\"table_body__data\" colspan=\"1\">\n<p>19:04:00<\/p>\n<\/td>\n<\/tr>\n<tr class=\"table__body__row\">\n<td class=\"table_body__data\" colspan=\"1\">\n<p>169<\/p>\n<\/td>\n<td class=\"table_body__data\" colspan=\"1\">\n<p>Jasha S\u00fctterlin (Team Jayco AlUla)<\/p>\n<\/td>\n<td class=\"table_body__data\" colspan=\"1\">\n<p>19:05:00<\/p>\n<\/td>\n<\/tr>\n<tr class=\"table__body__row\">\n<td class=\"table_body__data\" colspan=\"1\">\n<p>170<\/p>\n<\/td>\n<td class=\"table_body__data\" colspan=\"1\">\n<p>Alex Kirsch (Cofidis)<\/p>\n<\/td>\n<td class=\"table_body__data\" colspan=\"1\">\n<p>19:06:00<\/p>\n<\/td>\n<\/tr>\n<tr class=\"table__body__row\">\n<td class=\"table_body__data\" colspan=\"1\">\n<p>171<\/p>\n<\/td>\n<td class=\"table_body__data\" colspan=\"1\">\n<p>Martin Tj\u00f8tta (Uno-X Mobility)<\/p>\n<\/td>\n<td class=\"table_body__data\" colspan=\"1\">\n<p>19:07:00<\/p>\n<\/td>\n<\/tr>\n<tr class=\"table__body__row\">\n<td class=\"table_body__data\" colspan=\"1\">\n<p>172<\/p>\n<\/td>\n<td class=\"table_body__data\" colspan=\"1\">\n<p>Ethan Edward Hayter (Soudal Quick-Step)<\/p>\n<\/td>\n<td class=\"table_body__data\" colspan=\"1\">\n<p>19:08:00<\/p>\n<\/td>\n<\/tr>\n<tr class=\"table__body__row\">\n<td class=\"table_body__data\" colspan=\"1\">\n<p>173<\/p>\n<\/td>\n<td class=\"table_body__data\" colspan=\"1\">\n<p>Alexey Lutsenko (NSN Cycling Team)<\/p>\n<\/td>\n<td class=\"table_body__data\" colspan=\"1\">\n<p>19:09:00<\/p>\n<\/td>\n<\/tr>\n<tr class=\"table__body__row\">\n<td class=\"table_body__data\" colspan=\"1\">\n<p>174<\/p>\n<\/td>\n<td class=\"table_body__data\" colspan=\"1\">\n<p>Hugo Houle (Alpecin-Premier Tech)<\/p>\n<\/td>\n<td class=\"table_body__data\" colspan=\"1\">\n<p>19:10:00<\/p>\n<\/td>\n<\/tr>\n<tr class=\"table__body__row\">\n<td class=\"table_body__data\" colspan=\"1\">\n<p>175<\/p>\n<\/td>\n<td class=\"table_body__data\" colspan=\"1\">\n<p>Enzo Paleni (Groupama-FDJ United)<\/p>\n<\/td>\n<td class=\"table_body__data\" colspan=\"1\">\n<p>19:11:00<\/p>\n<\/td>\n<\/tr>\n<tr class=\"table__body__row\">\n<td class=\"table_body__data\" colspan=\"1\">\n<p>176<\/p>\n<\/td>\n<td class=\"table_body__data\" colspan=\"1\">\n<p>Mads Pedersen (Lidl-Trek)<\/p>\n<\/td>\n<td class=\"table_body__data\" colspan=\"1\">\n<p>19:12:00<\/p>\n<\/td>\n<\/tr>\n<tr class=\"table__body__row\">\n<td class=\"table_body__data\" colspan=\"1\">\n<p>177<\/p>\n<\/td>\n<td class=\"table_body__data\" colspan=\"1\">\n<p>Roman Ermakov (Bahrain Victorious)<\/p>\n<\/td>\n<td class=\"table_body__data\" colspan=\"1\">\n<p>19:13:00<\/p>\n<\/td>\n<\/tr>\n<tr class=\"table__body__row\">\n<td class=\"table_body__data\" colspan=\"1\">\n<p>178<\/p>\n<\/td>\n<td class=\"table_body__data\" colspan=\"1\">\n<p>Ben Turner (Netcompany INEOS Cycling Team)<\/p>\n<\/td>\n<td class=\"table_body__data\" colspan=\"1\">\n<p>19:14:00<\/p>\n<\/td>\n<\/tr>\n<tr class=\"table__body__row\">\n<td class=\"table_body__data\" colspan=\"1\">\n<p>179<\/p>\n<\/td>\n<td class=\"table_body__data\" colspan=\"1\">\n<p>David De La Cruz (Pinarello-Q36.5 Pro Cycling Team)<\/p>\n<\/td>\n<td class=\"table_body__data\" colspan=\"1\">\n<p>19:15:00<\/p>\n<\/td>\n<\/tr>\n<tr class=\"table__body__row\">\n<td class=\"table_body__data\" colspan=\"1\">\n<p>180<\/p>\n<\/td>\n<td class=\"table_body__data\" colspan=\"1\">\n<p>Callum Scotson (Decathlon CMA CGM Team)<\/p>\n<\/td>\n<td class=\"table_body__data\" colspan=\"1\">\n<p>19:16:00<\/p>\n<\/td>\n<\/tr>\n<tr class=\"table__body__row\">\n<td class=\"table_body__data\" colspan=\"1\">\n<p>181<\/p>\n<\/td>\n<td class=\"table_body__data\" colspan=\"1\">\n<p>Wout Van Aert (Team Visma | Lease a Bike)<\/p>\n<\/td>\n<td class=\"table_body__data\" colspan=\"1\">\n<p>19:17:00<\/p>\n<\/td>\n<\/tr>\n<tr class=\"table__body__row\">\n<td class=\"table_body__data\" colspan=\"1\">\n<p>182<\/p>\n<\/td>\n<td class=\"table_body__data\" colspan=\"1\">\n<p>Ivan Romeo Abad (Movistar Team)<\/p>\n<\/td>\n<td class=\"table_body__data\" colspan=\"1\">\n<p>19:18:00<\/p>\n<\/td>\n<\/tr>\n<tr class=\"table__body__row\">\n<td class=\"table_body__data\" colspan=\"1\">\n<p>183<\/p>\n<\/td>\n<td class=\"table_body__data\" colspan=\"1\">\n<p>Tadej Pogacar (UAE Team Emirates XRG)<\/p>\n<\/td>\n<td class=\"table_body__data\" colspan=\"1\">\n<p>19:19:00<\/p>\n<\/td>\n<\/tr>\n<tr class=\"table__body__row\">\n<td class=\"table_body__data\" colspan=\"1\">\n<p>184<\/p>\n<\/td>\n<td class=\"table_body__data\" colspan=\"1\">\n<p>Primoz Roglic (Red Bull &#8211; BORA &#8211; hansgrohe)<\/p>\n<\/td>\n<td class=\"table_body__data\" colspan=\"1\">\n<p>19:20:00<\/p>\n<\/td>\n<\/tr>\n<\/tbody>\n<\/table>\n<\/div>\n<\/div>\n<\/div>\n<div id=\"slice-container-authorBio-4tvHErpboEtFVdarvA7NMi\" class=\"slice-container slice-author-bio authorBio-4tvHErpboEtFVdarvA7NMi slice-container-authorBio\">\n<div class=\"author author__default-layout author--separator author--collapsible\" data-hydrate=\"true\">\n<div class=\"author__header\">\n<div class=\"author__avatar-block\">\n<figure class=\"image-wrapped__wrapper\" data-bordeaux-image-check=\"false\">\n<div class=\"image-wrapped__widthsetter\">\n<div class=\"image-wrapped__aspect-padding\">\n<div><source class=\"author__avatar image-wrapped__image image__image\" type=\"image\/gif\" srcset=\"https:\/\/cdn.mos.cms.futurecdn.net\/fnfpSfuM3neaK9DtSrBcKF-140-80.gif 140w\" sizes=\"99vw\" data-normal=\"https:\/\/cdn.mos.cms.futurecdn.net\/fnfpSfuM3neaK9DtSrBcKF.gif\" data-original-mos=\"https:\/\/cdn.mos.cms.futurecdn.net\/fnfpSfuM3neaK9DtSrBcKF.gif\" data-pin-media=\"https:\/\/cdn.mos.cms.futurecdn.net\/fnfpSfuM3neaK9DtSrBcKF.gif\" data-pin-nopin=\"true\" data-slice-image=\"true\" \/><\/div>\n<\/div>\n<\/div>\n<\/figure>\n<\/div>\n<div class=\"author__heading\">\n<div class=\"author__name\">Jackie Tyson<\/div>\n<div class=\"author__social\">\n<nav class=\"button-social-group author__social-buttons\" aria-labelledby=\"button-social-group- author__social-buttons\">\n<div id=\"button-social-group- author__social-buttons\">Social Links Navigation<\/div>\n<\/nav>\n<\/div>\n<div class=\"author__role\">North American Editor<\/div>\n<\/div>\n<\/div>\n<div class=\"author__bio-wrapper\">\n<div class=\"author__biography\">\n<p>Jackie has been involved in professional sports for more than 30 years in news reporting, sports marketing and public relations. She founded Peloton Sports in 1998, a sports marketing and public relations agency, which managed projects for Tour de Georgia, Larry H. Miller Tour of Utah and USA Cycling. She also founded Bike Alpharetta Inc, a Georgia non-profit to promote safe cycling. She is proud to have worked in professional baseball for six years &#8211; from selling advertising to pulling the tarp for several minor league teams. On the bike, she has climbed l&#8217;Alpe d&#8217;Huez three times (not fast), and spends time on gravel around horse farms in north Georgia.<\/p>\n<\/div>\n<\/div>\n<\/div>\n<\/div>\n<\/section>\n<div class=\"relative max-w-[1070px] viafoura-twig-component mt-6 mx-4 lg:mx-0\" data-component-name=\"Viafoura:Comments\" data-nosnippet data-community-guidelines-text=\"&lt;p class=&apos;vfcustom-community-guidelines&apos;&gt;Please follow our &lt;a href=&quot;https:\/\/www.cyclingnews.com\/about\/#section-community-guidelines&quot; target=&quot;_blank&quot;&gt;community guidelines&lt;\/a&gt;.&lt;\/p&gt;\" data-join-the-conversation-text=\"Join the Conversation\">\n<div class=\"absolute top-0 left-0 w-full h-full flex items-center justify-center z-50 bg-white\/90 border-1 rounded-b-[var(--comment-widget-border-radius,0)]\">\n<div class=\"p-2 text-center\">\n<p class=\"mb-3 text-lg!\">You must confirm your public display name before commenting<\/p>\n<p class=\"mb-3 text-sm!\">Please logout and then login again, you will then be prompted to enter your display name.<\/p>\n<\/div>\n<\/div>\n<\/div>\n<section class=\"mx-2 my-5 sm:mx-0\">\n<aside class=\"w-full\" data-nosnippet data-mrf-recirculation=\"article-river-stacked\">\n<div data-recirc-id=\"article-river-stacked-adviser:hybrid\">\n<div class=\"text-white py-4 px-3 mb-4 bg-[#333] uppercase font-bold custom-header-styles\">Read more<\/div>\n<div class=\"grid grid-cols-1 gap-4 mt-4 mb-5\">\n<div>\n<div class=\"aspect-[var(--img-listing-aspect-ratio,16\/9)] relative mb-3.5\">\n    <source type=\"image\/webp\" srcset=\"https:\/\/cdn.mos.cms.futurecdn.net\/tFhehGafxvcwERxgH7Ga2C-840-80.jpg.webp 840w, https:\/\/cdn.mos.cms.futurecdn.net\/tFhehGafxvcwERxgH7Ga2C-650-80.jpg.webp 650w, https:\/\/cdn.mos.cms.futurecdn.net\/tFhehGafxvcwERxgH7Ga2C-500-80.jpg.webp 500w, https:\/\/cdn.mos.cms.futurecdn.net\/tFhehGafxvcwERxgH7Ga2C-450-80.jpg.webp 450w, https:\/\/cdn.mos.cms.futurecdn.net\/tFhehGafxvcwERxgH7Ga2C-320-80.jpg.webp 320w\" sizes=\"(min-width: 900px) 925px, (min-width: 700px) 450px, calc(100vw - 48px)\" \/><\/div>\n<p><span class=\"custom-subheading-styles\">Racing<\/span><span class=\"text-base text-black font-bold mx-0 my-2.5 p-0 block custom-text-styles\">Tour de France stage 16 time trial start times \u2013 When Poga\u010dar, Evenepoel, Ganna and more will roll down the ramp for 21.6km TT<\/span><\/div>\n<div class=\"relative recirc-feed sponsored-card min-h-[250px]\" data-recirc-id=\"article-river-stacked-ads:native-cards\" data-mrf-recirculation=\"article-river-ads\" data-nosnippet data-ad-slot-path=\"feed-sponsored-post\" data-attribute-device=\"all\">\n<div class=\"max-w-full sponsored-post--placeholder animate-pulse\">\n<div class=\"relative!\"><span class=\"text-base text-black font-bold mx-0 my-2.5 p-0 block bg-gray-100\">\u00a0<br \/>\u00a0<\/span><\/div>\n<\/div>\n<\/div>\n<div>\n<div class=\"aspect-[var(--img-listing-aspect-ratio,16\/9)] relative mb-3.5\">\n    <source type=\"image\/webp\" srcset=\"https:\/\/cdn.mos.cms.futurecdn.net\/tfLM6usLQ7FSegycrtArMn-840-80.jpg.webp 840w, https:\/\/cdn.mos.cms.futurecdn.net\/tfLM6usLQ7FSegycrtArMn-650-80.jpg.webp 650w, https:\/\/cdn.mos.cms.futurecdn.net\/tfLM6usLQ7FSegycrtArMn-500-80.jpg.webp 500w, https:\/\/cdn.mos.cms.futurecdn.net\/tfLM6usLQ7FSegycrtArMn-450-80.jpg.webp 450w, https:\/\/cdn.mos.cms.futurecdn.net\/tfLM6usLQ7FSegycrtArMn-320-80.jpg.webp 320w\" sizes=\"(min-width: 900px) 925px, (min-width: 700px) 450px, calc(100vw - 48px)\" \/><\/div>\n<p><span class=\"custom-subheading-styles\">Teams &amp; Riders<\/span><span class=\"text-base text-black font-bold mx-0 my-2.5 p-0 block custom-text-styles\">&#8216;It could be an opportunity to be close in GC&#8217; &#8211; Opening time trial in Monaco enticing incentive for Wout van Aert&#8217;s return to Vuelta a Espa\u00f1a<\/span><\/div>\n<div class=\"relative recirc-feed sponsored-card min-h-[250px]\" data-recirc-id=\"article-river-stacked-ads:native-cards\" data-mrf-recirculation=\"article-river-ads\" data-nosnippet data-ad-slot-path=\"feed-sponsored-post\" data-attribute-device=\"all\">\n<div class=\"max-w-full sponsored-post--placeholder animate-pulse\">\n<div class=\"relative!\"><span class=\"text-base text-black font-bold mx-0 my-2.5 p-0 block bg-gray-100\">\u00a0<br \/>\u00a0<\/span><\/div>\n<\/div>\n<\/div>\n<div>\n<div class=\"aspect-[var(--img-listing-aspect-ratio,16\/9)] relative mb-3.5\">\n    <source type=\"image\/webp\" srcset=\"https:\/\/cdn.mos.cms.futurecdn.net\/yiLng7foYBcQMgyUhYhk7e-840-80.jpg.webp 840w, https:\/\/cdn.mos.cms.futurecdn.net\/yiLng7foYBcQMgyUhYhk7e-650-80.jpg.webp 650w, https:\/\/cdn.mos.cms.futurecdn.net\/yiLng7foYBcQMgyUhYhk7e-500-80.jpg.webp 500w, https:\/\/cdn.mos.cms.futurecdn.net\/yiLng7foYBcQMgyUhYhk7e-450-80.jpg.webp 450w, https:\/\/cdn.mos.cms.futurecdn.net\/yiLng7foYBcQMgyUhYhk7e-320-80.jpg.webp 320w\" sizes=\"(min-width: 900px) 925px, (min-width: 700px) 450px, calc(100vw - 48px)\" \/><\/div>\n<p><span class=\"custom-subheading-styles\">Racing<\/span><span class=\"text-base text-black font-bold mx-0 my-2.5 p-0 block custom-text-styles\">Who will secure the first yellow jersey of the Tour de France? Stage 1 team time trial start times<\/span><\/div>\n<div class=\"relative recirc-feed sponsored-card min-h-[250px]\" data-recirc-id=\"article-river-stacked-ads:native-cards\" data-mrf-recirculation=\"article-river-ads\" data-nosnippet data-ad-slot-path=\"feed-sponsored-post\" data-attribute-device=\"all\">\n<div class=\"max-w-full sponsored-post--placeholder animate-pulse\">\n<div class=\"relative!\"><span class=\"text-base text-black font-bold mx-0 my-2.5 p-0 block bg-gray-100\">\u00a0<br \/>\u00a0<\/span><\/div>\n<\/div>\n<\/div>\n<div>\n<div class=\"aspect-[var(--img-listing-aspect-ratio,16\/9)] relative mb-3.5\">\n    <source type=\"image\/webp\" srcset=\"https:\/\/cdn.mos.cms.futurecdn.net\/BJ5KfsricL4MyLvzejBQRF-840-80.jpg.webp 840w, https:\/\/cdn.mos.cms.futurecdn.net\/BJ5KfsricL4MyLvzejBQRF-650-80.jpg.webp 650w, https:\/\/cdn.mos.cms.futurecdn.net\/BJ5KfsricL4MyLvzejBQRF-500-80.jpg.webp 500w, https:\/\/cdn.mos.cms.futurecdn.net\/BJ5KfsricL4MyLvzejBQRF-450-80.jpg.webp 450w, https:\/\/cdn.mos.cms.futurecdn.net\/BJ5KfsricL4MyLvzejBQRF-320-80.jpg.webp 320w\" sizes=\"(min-width: 900px) 925px, (min-width: 700px) 450px, calc(100vw - 48px)\" \/><\/div>\n<p><span class=\"custom-subheading-styles\">Racing<\/span><span class=\"text-base text-black font-bold mx-0 my-2.5 p-0 block custom-text-styles\">Giro d&#8217;Italia women stage 4 time trial start times<\/span><\/div>\n<div class=\"relative recirc-feed sponsored-card min-h-[250px]\" data-recirc-id=\"article-river-stacked-ads:native-cards\" data-mrf-recirculation=\"article-river-ads\" data-nosnippet data-ad-slot-path=\"feed-sponsored-post\" data-attribute-device=\"all\">\n<div class=\"max-w-full sponsored-post--placeholder animate-pulse\">\n<div class=\"relative!\"><span class=\"text-base text-black font-bold mx-0 my-2.5 p-0 block bg-gray-100\">\u00a0<br \/>\u00a0<\/span><\/div>\n<\/div>\n<\/div>\n<div>\n<div class=\"aspect-[var(--img-listing-aspect-ratio,16\/9)] relative mb-3.5\">\n    <source type=\"image\/webp\" srcset=\"https:\/\/cdn.mos.cms.futurecdn.net\/B3jSJZ9hH8SKgVMX5ZorvU-840-80.png.webp 840w, https:\/\/cdn.mos.cms.futurecdn.net\/B3jSJZ9hH8SKgVMX5ZorvU-650-80.png.webp 650w, https:\/\/cdn.mos.cms.futurecdn.net\/B3jSJZ9hH8SKgVMX5ZorvU-500-80.png.webp 500w, https:\/\/cdn.mos.cms.futurecdn.net\/B3jSJZ9hH8SKgVMX5ZorvU-450-80.png.webp 450w, https:\/\/cdn.mos.cms.futurecdn.net\/B3jSJZ9hH8SKgVMX5ZorvU-320-80.png.webp 320w\" sizes=\"(min-width: 900px) 925px, (min-width: 700px) 450px, calc(100vw - 48px)\" \/><\/div>\n<p><span class=\"custom-subheading-styles\">Racing<\/span><span class=\"text-base text-black font-bold mx-0 my-2.5 p-0 block custom-text-styles\">Tour de France 2026 stage 1 preview \u2013 Poga\u010dar, Vingegaard and Evenepoel battle it out for first yellow jersey in team time trial, but can Ineos spoil the GC party?<\/span><\/div>\n<div class=\"relative recirc-feed sponsored-card min-h-[250px]\" data-recirc-id=\"article-river-stacked-ads:native-cards\" data-mrf-recirculation=\"article-river-ads\" data-nosnippet data-ad-slot-path=\"feed-sponsored-post\" data-attribute-device=\"all\">\n<div class=\"max-w-full sponsored-post--placeholder animate-pulse\">\n<div class=\"relative!\"><span class=\"text-base text-black font-bold mx-0 my-2.5 p-0 block bg-gray-100\">\u00a0<br \/>\u00a0<\/span><\/div>\n<\/div>\n<\/div>\n<div>\n<div class=\"aspect-[var(--img-listing-aspect-ratio,16\/9)] relative mb-3.5\">\n    <source type=\"image\/webp\" srcset=\"https:\/\/cdn.mos.cms.futurecdn.net\/fJJxXLdzBYSDFcWRkPpb7j-840-80.png.webp 840w, https:\/\/cdn.mos.cms.futurecdn.net\/fJJxXLdzBYSDFcWRkPpb7j-650-80.png.webp 650w, https:\/\/cdn.mos.cms.futurecdn.net\/fJJxXLdzBYSDFcWRkPpb7j-500-80.png.webp 500w, https:\/\/cdn.mos.cms.futurecdn.net\/fJJxXLdzBYSDFcWRkPpb7j-450-80.png.webp 450w, https:\/\/cdn.mos.cms.futurecdn.net\/fJJxXLdzBYSDFcWRkPpb7j-320-80.png.webp 320w\" sizes=\"(min-width: 900px) 925px, (min-width: 700px) 450px, calc(100vw - 48px)\" \/><\/div>\n<p><span class=\"custom-subheading-styles\">Streaming<\/span><span class=\"text-base text-black font-bold mx-0 my-2.5 p-0 block custom-text-styles\">How to watch Vuelta a Espa\u00f1a 2026 \u2013 Live streams and official broadcasters (Stage 1)<\/span><\/div>\n<div class=\"relative recirc-feed sponsored-card min-h-[250px]\" data-recirc-id=\"article-river-stacked-ads:native-cards\" data-mrf-recirculation=\"article-river-ads\" data-nosnippet data-ad-slot-path=\"feed-sponsored-post\" data-attribute-device=\"all\">\n<div class=\"max-w-full sponsored-post--placeholder animate-pulse\">\n<div class=\"relative!\"><span class=\"text-base text-black font-bold mx-0 my-2.5 p-0 block bg-gray-100\">\u00a0<br \/>\u00a0<\/span><\/div>\n<\/div>\n<\/div>\n<\/div>\n<\/div>\n<\/aside>\n<aside class=\"w-full\" data-nosnippet data-mrf-recirculation=\"article-river-stacked\">\n<div data-recirc-id=\"article-river-stacked-solr:latest-category\">\n<div class=\"text-white py-4 px-3 mb-4 bg-[#333] uppercase font-bold custom-header-styles\">Latest in Racing<\/div>\n<div class=\"grid grid-cols-1 gap-4 mt-4 mb-5\">\n<div>\n<div class=\"aspect-[var(--img-listing-aspect-ratio,16\/9)] relative mb-3.5\">\n    <source type=\"image\/webp\" srcset=\"https:\/\/cdn.mos.cms.futurecdn.net\/iSijFQzPeQBT8U9pXGDkXW-840-80.jpg.webp 840w, https:\/\/cdn.mos.cms.futurecdn.net\/iSijFQzPeQBT8U9pXGDkXW-650-80.jpg.webp 650w, https:\/\/cdn.mos.cms.futurecdn.net\/iSijFQzPeQBT8U9pXGDkXW-500-80.jpg.webp 500w, https:\/\/cdn.mos.cms.futurecdn.net\/iSijFQzPeQBT8U9pXGDkXW-450-80.jpg.webp 450w, https:\/\/cdn.mos.cms.futurecdn.net\/iSijFQzPeQBT8U9pXGDkXW-320-80.jpg.webp 320w\" sizes=\"(min-width: 900px) 925px, (min-width: 700px) 450px, calc(100vw - 48px)\" \/><\/div>\n<p><span class=\"custom-subheading-styles\">Women&#8217;s Cycling<\/span><span class=\"text-base text-black font-bold mx-0 my-2.5 p-0 block custom-text-styles\">Lauren Dickson returns from collarbone break to aim at World Championships debut at Tour of Britain Women<\/span><\/div>\n<div class=\"relative recirc-feed sponsored-card min-h-[250px]\" data-recirc-id=\"article-river-stacked-ads:native-cards\" data-mrf-recirculation=\"article-river-ads\" data-nosnippet data-ad-slot-path=\"feed-sponsored-post\" data-attribute-device=\"all\">\n<div class=\"max-w-full sponsored-post--placeholder animate-pulse\">\n<div class=\"relative!\"><span class=\"text-base text-black font-bold mx-0 my-2.5 p-0 block bg-gray-100\">\u00a0<br \/>\u00a0<\/span><\/div>\n<\/div>\n<\/div>\n<div>\n<div class=\"aspect-[var(--img-listing-aspect-ratio,16\/9)] relative mb-3.5\">\n    <source type=\"image\/webp\" srcset=\"https:\/\/cdn.mos.cms.futurecdn.net\/NUkQUt9iBzjr2d4jmAyFQf-840-80.jpg.webp 840w, https:\/\/cdn.mos.cms.futurecdn.net\/NUkQUt9iBzjr2d4jmAyFQf-650-80.jpg.webp 650w, https:\/\/cdn.mos.cms.futurecdn.net\/NUkQUt9iBzjr2d4jmAyFQf-500-80.jpg.webp 500w, https:\/\/cdn.mos.cms.futurecdn.net\/NUkQUt9iBzjr2d4jmAyFQf-450-80.jpg.webp 450w, https:\/\/cdn.mos.cms.futurecdn.net\/NUkQUt9iBzjr2d4jmAyFQf-320-80.jpg.webp 320w\" sizes=\"(min-width: 900px) 925px, (min-width: 700px) 450px, calc(100vw - 48px)\" \/><\/div>\n<p><span class=\"custom-subheading-styles\">Women&#8217;s Cycling<\/span><span class=\"text-base text-black font-bold mx-0 my-2.5 p-0 block custom-text-styles\">&#8216;A shame I wasn&#8217;t on Kim&#8217;s wheel in the final corner&#8217; \u2013 Liane Lippert second behind unstoppable Le Court-Pienaar on Tour of Britain Women queen stage<\/span><\/div>\n<div class=\"relative recirc-feed sponsored-card min-h-[250px]\" data-recirc-id=\"article-river-stacked-ads:native-cards\" data-mrf-recirculation=\"article-river-ads\" data-nosnippet data-ad-slot-path=\"feed-sponsored-post\" data-attribute-device=\"all\">\n<div class=\"max-w-full sponsored-post--placeholder animate-pulse\">\n<div class=\"relative!\"><span class=\"text-base text-black font-bold mx-0 my-2.5 p-0 block bg-gray-100\">\u00a0<br \/>\u00a0<\/span><\/div>\n<\/div>\n<\/div>\n<div>\n<div class=\"aspect-[var(--img-listing-aspect-ratio,16\/9)] relative mb-3.5\">\n    <source type=\"image\/webp\" srcset=\"https:\/\/cdn.mos.cms.futurecdn.net\/fXAaRtRGWr7884wyUeD2nd-840-80.jpg.webp 840w, https:\/\/cdn.mos.cms.futurecdn.net\/fXAaRtRGWr7884wyUeD2nd-650-80.jpg.webp 650w, https:\/\/cdn.mos.cms.futurecdn.net\/fXAaRtRGWr7884wyUeD2nd-500-80.jpg.webp 500w, https:\/\/cdn.mos.cms.futurecdn.net\/fXAaRtRGWr7884wyUeD2nd-450-80.jpg.webp 450w, https:\/\/cdn.mos.cms.futurecdn.net\/fXAaRtRGWr7884wyUeD2nd-320-80.jpg.webp 320w\" sizes=\"(min-width: 900px) 925px, (min-width: 700px) 450px, calc(100vw - 48px)\" \/><\/div>\n<p><span class=\"custom-subheading-styles\">Doping<\/span><span class=\"text-base text-black font-bold mx-0 my-2.5 p-0 block custom-text-styles\">South African racer leaves Tour of Britain Women after returning out-of-competition positive test for synthetic peptide<\/span><\/div>\n<div class=\"relative recirc-feed sponsored-card min-h-[250px]\" data-recirc-id=\"article-river-stacked-ads:native-cards\" data-mrf-recirculation=\"article-river-ads\" data-nosnippet data-ad-slot-path=\"feed-sponsored-post\" data-attribute-device=\"all\">\n<div class=\"max-w-full sponsored-post--placeholder animate-pulse\">\n<div class=\"relative!\"><span class=\"text-base text-black font-bold mx-0 my-2.5 p-0 block bg-gray-100\">\u00a0<br \/>\u00a0<\/span><\/div>\n<\/div>\n<\/div>\n<div>\n<div class=\"aspect-[var(--img-listing-aspect-ratio,16\/9)] relative mb-3.5\">\n    <source type=\"image\/webp\" srcset=\"https:\/\/cdn.mos.cms.futurecdn.net\/HXNVwyRWXWx4YVDEdngPP7-840-80.jpg.webp 840w, https:\/\/cdn.mos.cms.futurecdn.net\/HXNVwyRWXWx4YVDEdngPP7-650-80.jpg.webp 650w, https:\/\/cdn.mos.cms.futurecdn.net\/HXNVwyRWXWx4YVDEdngPP7-500-80.jpg.webp 500w, https:\/\/cdn.mos.cms.futurecdn.net\/HXNVwyRWXWx4YVDEdngPP7-450-80.jpg.webp 450w, https:\/\/cdn.mos.cms.futurecdn.net\/HXNVwyRWXWx4YVDEdngPP7-320-80.jpg.webp 320w\" sizes=\"(min-width: 900px) 925px, (min-width: 700px) 450px, calc(100vw - 48px)\" \/><\/div>\n<p><span class=\"custom-subheading-styles\">Racing<\/span><span class=\"text-base text-black font-bold mx-0 my-2.5 p-0 block custom-text-styles\">Renewi Tour: Jenno Berckmoes pulls off a heist to snatch stage 3 and the leader&#8217;s jersey on Tour of Flanders-inspired day<\/span><\/div>\n<div class=\"relative recirc-feed sponsored-card min-h-[250px]\" data-recirc-id=\"article-river-stacked-ads:native-cards\" data-mrf-recirculation=\"article-river-ads\" data-nosnippet data-ad-slot-path=\"feed-sponsored-post\" data-attribute-device=\"all\">\n<div class=\"max-w-full sponsored-post--placeholder animate-pulse\">\n<div class=\"relative!\"><span class=\"text-base text-black font-bold mx-0 my-2.5 p-0 block bg-gray-100\">\u00a0<br \/>\u00a0<\/span><\/div>\n<\/div>\n<\/div>\n<div>\n<div class=\"aspect-[var(--img-listing-aspect-ratio,16\/9)] relative mb-3.5\">\n    <source type=\"image\/webp\" srcset=\"https:\/\/cdn.mos.cms.futurecdn.net\/v4vhqpgVS8JT9A4REFA7fi-840-80.jpg.webp 840w, https:\/\/cdn.mos.cms.futurecdn.net\/v4vhqpgVS8JT9A4REFA7fi-650-80.jpg.webp 650w, https:\/\/cdn.mos.cms.futurecdn.net\/v4vhqpgVS8JT9A4REFA7fi-500-80.jpg.webp 500w, https:\/\/cdn.mos.cms.futurecdn.net\/v4vhqpgVS8JT9A4REFA7fi-450-80.jpg.webp 450w, https:\/\/cdn.mos.cms.futurecdn.net\/v4vhqpgVS8JT9A4REFA7fi-320-80.jpg.webp 320w\" sizes=\"(min-width: 900px) 925px, (min-width: 700px) 450px, calc(100vw - 48px)\" \/><\/div>\n<p><span class=\"custom-subheading-styles\">Racing<\/span><span class=\"text-base text-black font-bold mx-0 my-2.5 p-0 block custom-text-styles\">Deutschland Tour: Alessio Magagnotti lands stunning sprint win ahead of Paul Magnier on stage 2<\/span><\/div>\n<div class=\"relative recirc-feed sponsored-card min-h-[250px]\" data-recirc-id=\"article-river-stacked-ads:native-cards\" data-mrf-recirculation=\"article-river-ads\" data-nosnippet data-ad-slot-path=\"feed-sponsored-post\" data-attribute-device=\"all\">\n<div class=\"max-w-full sponsored-post--placeholder animate-pulse\">\n<div class=\"relative!\"><span class=\"text-base text-black font-bold mx-0 my-2.5 p-0 block bg-gray-100\">\u00a0<br \/>\u00a0<\/span><\/div>\n<\/div>\n<\/div>\n<div>\n<div class=\"aspect-[var(--img-listing-aspect-ratio,16\/9)] relative mb-3.5\">\n    <source type=\"image\/webp\" srcset=\"https:\/\/cdn.mos.cms.futurecdn.net\/q5jLytH9BiKUr7gwZuDgjJ-840-80.jpg.webp 840w, https:\/\/cdn.mos.cms.futurecdn.net\/q5jLytH9BiKUr7gwZuDgjJ-650-80.jpg.webp 650w, https:\/\/cdn.mos.cms.futurecdn.net\/q5jLytH9BiKUr7gwZuDgjJ-500-80.jpg.webp 500w, https:\/\/cdn.mos.cms.futurecdn.net\/q5jLytH9BiKUr7gwZuDgjJ-450-80.jpg.webp 450w, https:\/\/cdn.mos.cms.futurecdn.net\/q5jLytH9BiKUr7gwZuDgjJ-320-80.jpg.webp 320w\" sizes=\"(min-width: 900px) 925px, (min-width: 700px) 450px, calc(100vw - 48px)\" \/><\/div>\n<p><span class=\"custom-subheading-styles\">Women&#8217;s Cycling<\/span><span class=\"text-base text-black font-bold mx-0 my-2.5 p-0 block custom-text-styles\">Tour of Britain Women: Kim Le Court-Pienaar soars to spectacular victory atop The Great Orme on stage 3<\/span><\/div>\n<div class=\"relative recirc-feed sponsored-card min-h-[250px]\" data-recirc-id=\"article-river-stacked-ads:native-cards\" data-mrf-recirculation=\"article-river-ads\" data-nosnippet data-ad-slot-path=\"feed-sponsored-post\" data-attribute-device=\"all\">\n<div class=\"max-w-full sponsored-post--placeholder animate-pulse\">\n<div class=\"relative!\"><span class=\"text-base text-black font-bold mx-0 my-2.5 p-0 block bg-gray-100\">\u00a0<br \/>\u00a0<\/span><\/div>\n<\/div>\n<\/div>\n<\/div>\n<\/div>\n<\/aside>\n<aside class=\"w-full\" data-nosnippet data-mrf-recirculation=\"article-river-stacked\">\n<div data-recirc-id=\"article-river-stacked-solr:latest-articletype\">\n<div class=\"text-white py-4 px-3 mb-4 bg-[#333] uppercase font-bold custom-header-styles\">Latest in News<\/div>\n<div class=\"grid grid-cols-1 gap-4 mt-4 mb-5\">\n<div>\n<div class=\"aspect-[var(--img-listing-aspect-ratio,16\/9)] relative mb-3.5\">\n    <source type=\"image\/webp\" srcset=\"https:\/\/cdn.mos.cms.futurecdn.net\/iSijFQzPeQBT8U9pXGDkXW-840-80.jpg.webp 840w, https:\/\/cdn.mos.cms.futurecdn.net\/iSijFQzPeQBT8U9pXGDkXW-650-80.jpg.webp 650w, https:\/\/cdn.mos.cms.futurecdn.net\/iSijFQzPeQBT8U9pXGDkXW-500-80.jpg.webp 500w, https:\/\/cdn.mos.cms.futurecdn.net\/iSijFQzPeQBT8U9pXGDkXW-450-80.jpg.webp 450w, https:\/\/cdn.mos.cms.futurecdn.net\/iSijFQzPeQBT8U9pXGDkXW-320-80.jpg.webp 320w\" sizes=\"(min-width: 900px) 925px, (min-width: 700px) 450px, calc(100vw - 48px)\" \/><\/div>\n<p><span class=\"custom-subheading-styles\">Women&#8217;s Cycling<\/span><span class=\"text-base text-black font-bold mx-0 my-2.5 p-0 block custom-text-styles\">Lauren Dickson returns from collarbone break to aim at World Championships debut at Tour of Britain Women<\/span><\/div>\n<div class=\"relative recirc-feed sponsored-card min-h-[250px]\" data-recirc-id=\"article-river-stacked-ads:native-cards\" data-mrf-recirculation=\"article-river-ads\" data-nosnippet data-ad-slot-path=\"feed-sponsored-post\" data-attribute-device=\"all\">\n<div class=\"max-w-full sponsored-post--placeholder animate-pulse\">\n<div class=\"relative!\"><span class=\"text-base text-black font-bold mx-0 my-2.5 p-0 block bg-gray-100\">\u00a0<br \/>\u00a0<\/span><\/div>\n<\/div>\n<\/div>\n<div>\n<div class=\"aspect-[var(--img-listing-aspect-ratio,16\/9)] relative mb-3.5\">\n    <source type=\"image\/webp\" srcset=\"https:\/\/cdn.mos.cms.futurecdn.net\/NUkQUt9iBzjr2d4jmAyFQf-840-80.jpg.webp 840w, https:\/\/cdn.mos.cms.futurecdn.net\/NUkQUt9iBzjr2d4jmAyFQf-650-80.jpg.webp 650w, https:\/\/cdn.mos.cms.futurecdn.net\/NUkQUt9iBzjr2d4jmAyFQf-500-80.jpg.webp 500w, https:\/\/cdn.mos.cms.futurecdn.net\/NUkQUt9iBzjr2d4jmAyFQf-450-80.jpg.webp 450w, https:\/\/cdn.mos.cms.futurecdn.net\/NUkQUt9iBzjr2d4jmAyFQf-320-80.jpg.webp 320w\" sizes=\"(min-width: 900px) 925px, (min-width: 700px) 450px, calc(100vw - 48px)\" \/><\/div>\n<p><span class=\"custom-subheading-styles\">Women&#8217;s Cycling<\/span><span class=\"text-base text-black font-bold mx-0 my-2.5 p-0 block custom-text-styles\">&#8216;A shame I wasn&#8217;t on Kim&#8217;s wheel in the final corner&#8217; \u2013 Liane Lippert second behind unstoppable Le Court-Pienaar on Tour of Britain Women queen stage<\/span><\/div>\n<div class=\"relative recirc-feed sponsored-card min-h-[250px]\" data-recirc-id=\"article-river-stacked-ads:native-cards\" data-mrf-recirculation=\"article-river-ads\" data-nosnippet data-ad-slot-path=\"feed-sponsored-post\" data-attribute-device=\"all\">\n<div class=\"max-w-full sponsored-post--placeholder animate-pulse\">\n<div class=\"relative!\"><span class=\"text-base text-black font-bold mx-0 my-2.5 p-0 block bg-gray-100\">\u00a0<br \/>\u00a0<\/span><\/div>\n<\/div>\n<\/div>\n<div>\n<div class=\"aspect-[var(--img-listing-aspect-ratio,16\/9)] relative mb-3.5\">\n    <source type=\"image\/webp\" srcset=\"https:\/\/cdn.mos.cms.futurecdn.net\/fXAaRtRGWr7884wyUeD2nd-840-80.jpg.webp 840w, https:\/\/cdn.mos.cms.futurecdn.net\/fXAaRtRGWr7884wyUeD2nd-650-80.jpg.webp 650w, https:\/\/cdn.mos.cms.futurecdn.net\/fXAaRtRGWr7884wyUeD2nd-500-80.jpg.webp 500w, https:\/\/cdn.mos.cms.futurecdn.net\/fXAaRtRGWr7884wyUeD2nd-450-80.jpg.webp 450w, https:\/\/cdn.mos.cms.futurecdn.net\/fXAaRtRGWr7884wyUeD2nd-320-80.jpg.webp 320w\" sizes=\"(min-width: 900px) 925px, (min-width: 700px) 450px, calc(100vw - 48px)\" \/><\/div>\n<p><span class=\"custom-subheading-styles\">Doping<\/span><span class=\"text-base text-black font-bold mx-0 my-2.5 p-0 block custom-text-styles\">South African racer leaves Tour of Britain Women after returning out-of-competition positive test for synthetic peptide<\/span><\/div>\n<div class=\"relative recirc-feed sponsored-card min-h-[250px]\" data-recirc-id=\"article-river-stacked-ads:native-cards\" data-mrf-recirculation=\"article-river-ads\" data-nosnippet data-ad-slot-path=\"feed-sponsored-post\" data-attribute-device=\"all\">\n<div class=\"max-w-full sponsored-post--placeholder animate-pulse\">\n<div class=\"relative!\"><span class=\"text-base text-black font-bold mx-0 my-2.5 p-0 block bg-gray-100\">\u00a0<br \/>\u00a0<\/span><\/div>\n<\/div>\n<\/div>\n<div>\n<div class=\"aspect-[var(--img-listing-aspect-ratio,16\/9)] relative mb-3.5\">\n    <source type=\"image\/webp\" srcset=\"https:\/\/cdn.mos.cms.futurecdn.net\/XP2rqy7qez9mC6UdTwJgz-840-80.jpg.webp 840w, https:\/\/cdn.mos.cms.futurecdn.net\/XP2rqy7qez9mC6UdTwJgz-650-80.jpg.webp 650w, https:\/\/cdn.mos.cms.futurecdn.net\/XP2rqy7qez9mC6UdTwJgz-500-80.jpg.webp 500w, https:\/\/cdn.mos.cms.futurecdn.net\/XP2rqy7qez9mC6UdTwJgz-450-80.jpg.webp 450w, https:\/\/cdn.mos.cms.futurecdn.net\/XP2rqy7qez9mC6UdTwJgz-320-80.jpg.webp 320w\" sizes=\"(min-width: 900px) 925px, (min-width: 700px) 450px, calc(100vw - 48px)\" \/><\/div>\n<p><span class=\"custom-subheading-styles\">Wheels &amp; Tyres<\/span><span class=\"text-base text-black font-bold mx-0 my-2.5 p-0 block custom-text-styles\">New road and gravel tyres from Silca signal a change in strategy for the Italian company<\/span><\/div>\n<div class=\"relative recirc-feed sponsored-card min-h-[250px]\" data-recirc-id=\"article-river-stacked-ads:native-cards\" data-mrf-recirculation=\"article-river-ads\" data-nosnippet data-ad-slot-path=\"feed-sponsored-post\" data-attribute-device=\"all\">\n<div class=\"max-w-full sponsored-post--placeholder animate-pulse\">\n<div class=\"relative!\"><span class=\"text-base text-black font-bold mx-0 my-2.5 p-0 block bg-gray-100\">\u00a0<br \/>\u00a0<\/span><\/div>\n<\/div>\n<\/div>\n<div>\n<div class=\"aspect-[var(--img-listing-aspect-ratio,16\/9)] relative mb-3.5\">\n    <source type=\"image\/webp\" srcset=\"https:\/\/cdn.mos.cms.futurecdn.net\/onxjykbjbXTp2YUWDDjnF3-840-80.jpg.webp 840w, https:\/\/cdn.mos.cms.futurecdn.net\/onxjykbjbXTp2YUWDDjnF3-650-80.jpg.webp 650w, https:\/\/cdn.mos.cms.futurecdn.net\/onxjykbjbXTp2YUWDDjnF3-500-80.jpg.webp 500w, https:\/\/cdn.mos.cms.futurecdn.net\/onxjykbjbXTp2YUWDDjnF3-450-80.jpg.webp 450w, https:\/\/cdn.mos.cms.futurecdn.net\/onxjykbjbXTp2YUWDDjnF3-320-80.jpg.webp 320w\" sizes=\"(min-width: 900px) 925px, (min-width: 700px) 450px, calc(100vw - 48px)\" \/><\/div>\n<p><span class=\"custom-subheading-styles\">Women&#8217;s Cycling<\/span><span class=\"text-base text-black font-bold mx-0 my-2.5 p-0 block custom-text-styles\">Lotte Kopecky pulls out of Tour of Britain Women<\/span><\/div>\n<div class=\"relative recirc-feed sponsored-card min-h-[250px]\" data-recirc-id=\"article-river-stacked-ads:native-cards\" data-mrf-recirculation=\"article-river-ads\" data-nosnippet data-ad-slot-path=\"feed-sponsored-post\" data-attribute-device=\"all\">\n<div class=\"max-w-full sponsored-post--placeholder animate-pulse\">\n<div class=\"relative!\"><span class=\"text-base text-black font-bold mx-0 my-2.5 p-0 block bg-gray-100\">\u00a0<br \/>\u00a0<\/span><\/div>\n<\/div>\n<\/div>\n<div>\n<div class=\"aspect-[var(--img-listing-aspect-ratio,16\/9)] relative mb-3.5\">\n    <source type=\"image\/webp\" srcset=\"https:\/\/cdn.mos.cms.futurecdn.net\/m3Jt9LNmhTEMRgsrgWE9vG-840-80.jpg.webp 840w, https:\/\/cdn.mos.cms.futurecdn.net\/m3Jt9LNmhTEMRgsrgWE9vG-650-80.jpg.webp 650w, https:\/\/cdn.mos.cms.futurecdn.net\/m3Jt9LNmhTEMRgsrgWE9vG-500-80.jpg.webp 500w, https:\/\/cdn.mos.cms.futurecdn.net\/m3Jt9LNmhTEMRgsrgWE9vG-450-80.jpg.webp 450w, https:\/\/cdn.mos.cms.futurecdn.net\/m3Jt9LNmhTEMRgsrgWE9vG-320-80.jpg.webp 320w\" sizes=\"(min-width: 900px) 925px, (min-width: 700px) 450px, calc(100vw - 48px)\" \/><\/div>\n<p><span class=\"custom-subheading-styles\">Teams &amp; Riders<\/span><span class=\"text-base text-black font-bold mx-0 my-2.5 p-0 block custom-text-styles\">&#8216;It only depends on my legs&#8217; \u2013 Jo\u00e3o Almeida eyes possible &#8216;Plan B&#8217; GC bid alongside teammate Tadej Poga\u010dar at Vuelta a Espa\u00f1a<\/span><\/div>\n<div class=\"relative recirc-feed sponsored-card min-h-[250px]\" data-recirc-id=\"article-river-stacked-ads:native-cards\" data-mrf-recirculation=\"article-river-ads\" data-nosnippet data-ad-slot-path=\"feed-sponsored-post\" data-attribute-device=\"all\">\n<div class=\"max-w-full sponsored-post--placeholder animate-pulse\">\n<div class=\"relative!\"><span class=\"text-base text-black font-bold mx-0 my-2.5 p-0 block bg-gray-100\">\u00a0<br \/>\u00a0<\/span><\/div>\n<\/div>\n<\/div>\n<\/div>\n<\/div>\n<\/aside>\n<\/section>\n<\/div>\n<\/div>\n<\/div>\n<div id=\"widgetArea17\" class=\"widget-area md:basis-1\/3 widget-area-g-md-vp-1-3 widget-area-g-lg-vp-1-3 widget-area-g-xl-vp-1-3 page-widget-area-17\">\n<div data-widget-type=\"dynamic\" id=\"popular-data\" class=\"clear-both widget widget-dynamic widget-popular-data widget-dynamic-popular-data widget-dynamic-fter-popular-box\">\n<div class=\"wdn-fte-pb pos-relative space-t20\n\"><\/p>\n<div class=\"slice-container popular-box-slice\">\n<section class=\"popular-box\" data-component-name=\"Slice:PopularBox\">\n<div class=\"popular-box__label\">\n<div class=\"popular-box__label__tab popular-box__label__tab--active\" role=\"heading\">\nLATEST ARTICLES\n<\/div>\n<\/div>\n<ol class=\"popular-box__articles-list popular-box__articles-list--active\">\n<li class=\"popular-box__article-list\">\n<div class=\"popular-box__article-list__container\">\n<div class=\"popular-box__article-list__image-wrapper\">\n<div>\n<source type=\"image\/webp\" srcset=\"https:\/\/cdn.mos.cms.futurecdn.net\/iSijFQzPeQBT8U9pXGDkXW-1280-80.jpg.webp 1280w, https:\/\/cdn.mos.cms.futurecdn.net\/iSijFQzPeQBT8U9pXGDkXW-720-80.jpg.webp 720w, https:\/\/cdn.mos.cms.futurecdn.net\/iSijFQzPeQBT8U9pXGDkXW-640-80.jpg.webp 640w, https:\/\/cdn.mos.cms.futurecdn.net\/iSijFQzPeQBT8U9pXGDkXW-320-80.jpg.webp 320w\" sizes=\"99vw\" \/><\/div>\n<\/div>\n<div class=\"popular-box__article-list__content\">\n<div class=\"popular-box__article-list__number-text\">1<\/div>\n<div class=\"popular-box__article-list__heading\">\n<p>Lauren Dickson returns from collarbone break and takes Queen of the Mountain lead on debut with FDJ United-SUEZ at Tour of Britain Women<\/p>\n<\/div>\n<\/div>\n<\/div>\n<\/li>\n<li class=\"popular-box__article-list\">\n<div class=\"popular-box__article-list__container\">\n<div class=\"popular-box__article-list__content\">\n<div class=\"popular-box__article-list__number-text\">2<\/div>\n<div class=\"popular-box__article-list__heading\">\n<p>South African racer leaves Tour of Britain Women after returning out-of-competition positive test for synthetic peptide<\/p>\n<\/div>\n<\/div>\n<\/div>\n<\/li>\n<li class=\"popular-box__article-list\">\n<div class=\"popular-box__article-list__container\">\n<div class=\"popular-box__article-list__content\">\n<div class=\"popular-box__article-list__number-text\">3<\/div>\n<div class=\"popular-box__article-list__heading\">\n<p>&#8216;A shame I wasn&#8217;t on Kim&#8217;s wheel in the final corner&#8217; \u2013 Liane Lippert second behind unstoppable Le Court-Pienaar on Tour of Britain Women queen stage<\/p>\n<\/div>\n<\/div>\n<\/div>\n<\/li>\n<li class=\"popular-box__article-list\">\n<div class=\"popular-box__article-list__container\">\n<div class=\"popular-box__article-list__content\">\n<div class=\"popular-box__article-list__number-text\">4<\/div>\n<div class=\"popular-box__article-list__heading\">\n<p>New road and gravel tyres from Silca signal a change in strategy for the Italian company<\/p>\n<\/div>\n<\/div>\n<\/div>\n<\/li>\n<li class=\"popular-box__article-list\">\n<div class=\"popular-box__article-list__container\">\n<div class=\"popular-box__article-list__content\">\n<div class=\"popular-box__article-list__number-text\">5<\/div>\n<div class=\"popular-box__article-list__heading\">\n<p>Deutschland Tour: Alessio Magagnotti lands stunning sprint win ahead of Paul Magnier on stage 2<\/p>\n<\/div>\n<\/div>\n<\/div>\n<\/li>\n<\/ol>\n<\/section>\n<\/div>\n<\/div>\n<\/div>\n<\/div>\n<\/div>\n<\/article>\n<article class=\"page-content-onecol flex-1\nnews-article article\n\"><\/p>\n<div class=\"widget-area-group widget-area-group-2col flex flex-wrap box-border\">\n<div id=\"widgetArea16\" class=\"widget-area basis-full md:basis-2\/3 widget-area-g-md-vp-2-3 widget-area-g-lg-vp-2-3 widget-area-g-xl-vp-2-3 page-widget-area-16\">\n<div data-widget-type=\"hero\" id=\"hero\" class=\"clear-both widget widget-hero widget-hero widget-hero-hero widget-hero widget-hero-fter-news\">\n<div class=\"news-article\">\n<header data-component-name=\"Article:Hero\">\n<nav class=\"breadcrumb\" aria-label=\"Breadcrumbs\">\n<ol>\n<li>\nPro Cycling\n<\/li>\n<li>\nRacing\n<\/li>\n<\/ol>\n<\/nav>\n<h1>Vuelta a Espa\u00f1a stage 1 time trial start times \u2013 When Jay Vine, Wout van Aert, Tadej Poga\u010dar and others take turns on twisting 9.6km route in Monaco<\/h1>\n<div class=\"byline-social\">\n<div class=\"vds-byline-block flex flex-row flex-nowrap my-1.5 gap-2 text-left items-start justify-start\" data-component-name=\"Article:BylineBlock\">\n<p>News<\/p>\n<div class=\"my-auto vds-simple-byline\"><span class=\"inline-block vds-author\"><br \/>\nBy<br \/>\nJackie Tyson <\/span><\/p>\n<div class=\"flex gap-1 vds-byline-with-avatar__meta\"><span class=\"vds-date block font-normal tracking-normal normal-case text-xs\"><br \/>\nPublished<br \/>\n<time data-component-name=\"UI:DateTime\" datetime=\"2026-08-21T18:02:14Z\" class=\"relative-date\"><br \/>\n21 August 2026<br \/>\n<\/time><\/span><\/div>\n<\/div>\n<\/div>\n<p class=\"strapline\">First rider down start ramp at 16:17 with Primo\u017e Rogli\u010d final rider to start at 19:20 local time<\/p>\n<\/div>\n<aside class=\"text-gray-700 flex items-center mx-0 my-5 p-0 justify-start text-left\" id=\"affiliate-disclaimer\" data-component-name=\"AffiliateDisclaimer\" data-hawk-message=\"Affiliate disclaimer removed because hawk deemed there are no affiliate links on this page\">\n<p class=\"text-[color:var(--affiliate-disclaimer--text-color,inherit)] mb-2 text-[length:var(--affiliate-disclaimer--font-size,0.75rem)] leading-[18px] md:text-[13px] [&amp;&gt;a]:text-inherit [&amp;&gt;a]:underline\">\nWhen you purchase through links on our site, we may earn an affiliate commission. Here\u2019s how it works.\n<\/p>\n<\/aside>\n<\/header>\n<\/div>\n<\/div>\n<div data-widget-type=\"contentparsed\" id=\"content\" class=\"clear-both widget widget-contentparsed widget-content widget-contentparsed-content widget-content-parsed widget-content-parsed-content_document \">\n<div class=\"wcp-item-content\">\n<section class=\"content-wrapper\">\n<div class=\"box less-space hero-image-wrapper\">\n<figure class=\"mb-0\">\n<source type=\"image\/webp\" srcset=\"https:\/\/cdn.mos.cms.futurecdn.net\/o9dfoYGxAgxmJ5j8ffMbSP-1920-80.jpg.webp 1920w, https:\/\/cdn.mos.cms.futurecdn.net\/o9dfoYGxAgxmJ5j8ffMbSP-1600-80.jpg.webp 1600w, https:\/\/cdn.mos.cms.futurecdn.net\/o9dfoYGxAgxmJ5j8ffMbSP-1200-80.jpg.webp 1200w, https:\/\/cdn.mos.cms.futurecdn.net\/o9dfoYGxAgxmJ5j8ffMbSP-1024-80.jpg.webp 1024w, https:\/\/cdn.mos.cms.futurecdn.net\/o9dfoYGxAgxmJ5j8ffMbSP-970-80.jpg.webp 970w, https:\/\/cdn.mos.cms.futurecdn.net\/o9dfoYGxAgxmJ5j8ffMbSP-750-80.jpg.webp 750w, https:\/\/cdn.mos.cms.futurecdn.net\/o9dfoYGxAgxmJ5j8ffMbSP-650-80.jpg.webp 650w, https:\/\/cdn.mos.cms.futurecdn.net\/o9dfoYGxAgxmJ5j8ffMbSP-480-80.jpg.webp 480w, https:\/\/cdn.mos.cms.futurecdn.net\/o9dfoYGxAgxmJ5j8ffMbSP-320-80.jpg.webp 320w\" sizes=\"(min-width: 1000px) 600px, 100vw\" \/><figcaption class=\"font-article-copy text-(--image--text--color) font-article-copy mt-2\"><span class=\"caption-text font-article-copy\">Jay Vine of UAE Team Emirates-XRG rode the stage 18 time trial in the Polka Dot Mountain Jersey at the 2025 Vuelta a Espa\u00f1a, finishing second<\/span><span class=\"credit font-article-copy\">(Image credit: Getty Images)<\/span><\/figcaption><\/figure>\n<\/div>\n<div data-component-name=\"Article:JumpTo\" class=\"contents\" data-only-inline=\"1\">\n<div class=\"visible flex flex-row flex-nowrap sticky max-lg:-ml-5 top-[var(--site-header-height,60px)] sm:top-0 z-[9994] w-screen lg:w-full h-[50px] bg-white p-0 mb-5 border-neutral-200 border border-solid\" data-component-name=\"Article:JumpTo:Variants:Inline\" data-analytics-id=\"sticky-nav\" id=\"sticky-nav--inline\" data-mrf-recirculation=\"sticky-nav\">\n<div class=\"flex flex-row w-full h-full overflow-x-scroll overflow-y-hidden tracking-normal overscroll-x-contain\" id=\"sticky-nav__scroll-container\"><span class=\"pl-4 my-auto text-base font-semibold font-article-heading lg:pl-3 lg:text-sm whitespace-nowrap uppercase\">Jump To:<\/span><\/p>\n<ul class=\"flex flex-row w-auto border-y-0\">\n<li class=\"inline-flex after:content-[&apos;&apos;] after:inline-block after:relative after:h-3\/6 after:w-px after:bg-neutral-200 after:top-1\/4\nborder-b-[3px] border-b-(--jumpto-underline-color) border-solid font-semibold \" data-component-name=\"Article:JumpTo:Inline:Link\">\n<p>Vuelta a Espa\u00f1a 2026 stage 1 ITT start times<\/p>\n<\/li>\n<\/ul>\n<\/div>\n<\/div>\n<\/div>\n<div id=\"article-body\" class=\"text-copy bodyCopy auto paywall-locker\">\n<div data-analytics-id=\"utility-bar\" id=\"utility-bar\" class=\"font-ui-heading flex justify-between items-center py-2 border-t border-b border-gray-300 border-solid mb-5 mx-auto\" data-component-name=\"UtilityBar\" data-mrf-recirculation=\"utility-bar\">\n<div class=\"flex gap-2 text-[#333] subcontainer\">\n<div class=\"relative tooltip-container\" role=\"tooltip\">\n<div data-component-name=\"Social:Dropdown\" role=\"menu\" id=\"utilitybar__dropdown--share\" aria-labelledby=\"utilitybar__button--share\" class=\"absolute left-0 top-full w-44 bg-white rounded-md shadow-md border border-neutral-200 z-[9996] list-none m-0 py-2 px-3 border-solid\">\n<ul class=\"m-0!\">\n<li class=\"!p-0 !m-0 list-none border-b border-gray-200 border-solid\">\n<li class=\"!p-0 !m-0 list-none border-b border-gray-200 border-solid\">\n<p>Facebook<\/p>\n<\/li>\n<li class=\"!p-0 !m-0 list-none border-b border-gray-200 border-solid\">\n<p>X<\/p>\n<\/li>\n<li class=\"!p-0 !m-0 list-none border-b border-gray-200 border-solid\">\n<p>Pinterest<\/p>\n<\/li>\n<li class=\"!p-0 !m-0 list-none border-b border-gray-200 border-solid\">\n<p>Email<\/p>\n<\/li>\n<\/ul>\n<\/div>\n<div class=\"font-ui-heading max-sm:hidden tooltip absolute left-1\/2 bg-gray-900 text-white text-xs leading-none px-3 py-1.5 rounded-md z-[10001] whitespace-nowrap\" id=\"tooltip-share-this-article\" role=\"tooltip\" aria-hidden=\"true\">\nShare this article\n<\/div>\n<\/div>\n<div class=\"relative tooltip-container\" role=\"tooltip\"><span class=\"ml-1 inline-flex h-5 px-2 shrink-0 items-center justify-center self-center overflow-hidden whitespace-nowrap rounded-[10px] bg-primary-500 text-[11px] leading-none font-ui-heading font-semibold text-white\">0<\/span><\/p>\n<div class=\"font-ui-heading max-sm:hidden tooltip absolute left-1\/2 bg-gray-900 text-white text-xs leading-none px-3 py-1.5 rounded-md z-[10001] whitespace-nowrap\" id=\"tooltip-join-the-conversation\" role=\"tooltip\" aria-hidden=\"true\">\nJoin the conversation\n<\/div>\n<\/div>\n<\/div>\n<div class=\"flex gap-2 text-[#333] subcontainer\">\n<div class=\"relative tooltip-container\" role=\"tooltip\">\n<p>Follow us<\/p>\n<div class=\"font-ui-heading max-sm:hidden tooltip absolute left-1\/2 bg-gray-900 text-white text-xs leading-none px-3 py-1.5 rounded-md z-[10001] whitespace-nowrap\" id=\"tooltip-add-us-as-a-preferred-source-on-google\" role=\"tooltip\" aria-hidden=\"true\">\nAdd us as a preferred source on Google\n<\/div>\n<\/div>\n<div class=\"relative tooltip-container\" role=\"tooltip\">\n<div class=\"font-ui-heading max-sm:hidden tooltip absolute left-1\/2 bg-gray-900 text-white text-xs leading-none px-3 py-1.5 rounded-md z-[10001] whitespace-nowrap\" id=\"tooltip-subscribe-to-our-newsletter\" role=\"tooltip\" aria-hidden=\"true\">\nSubscribe to our newsletter\n<\/div>\n<\/div>\n<\/div>\n<\/div>\n<p id=\"elk-e2b8b490-9d61-11f1-800a-03e2641ab72b\">This year&#8217;s Vuelta a Espa\u00f1a will be shaped across Monaco, France and Andorra in the opening days and position the GC for the final two weeks of climbing and hot weather in southern Spain. There is instant intrigue for the first leader&#8217;s red jersey, which will be decided in an individual time trial across 9.4km of twisting turns, tunnels and legendary landmarks in Monaco.<\/p>\n<p>This is the first of two ITTs in the three-week race, the second a 32km test on stage 18. This opener is expected to take around 10 minutes to complete, filled with an abundance of corners, and most of the elevation gain of 83 metres coming in the second half.<\/p>\n<p id=\"elk-e2b8b490-9d61-11f1-800a-03e2641ab72b-2\" aria-hidden=\"true\" class=\"kiosq-b\">Action starts on Saturday afternoon in front of the Monte Carlo Casino and culminates on Boulevard Albert 1er, and passes alongside Port Hercules and the Louis II Stadium to replicate much of the famous Formula 1 circuit held each year for the Monaco Grand Prix.<\/p>\n<div class=\"my-6 w-full overflow-hidden rounded-[10px] lg:my-8\" data-component-name=\"JwPlayer:Carousel\" data-jwp-carousel data-jwp-carousel-payload=\"{&quot;ids&quot;:{&quot;playerID&quot;:&quot;jYDCcabO&quot;,&quot;searchPlaylistID&quot;:&quot;gwjdoYHD&quot;,&quot;divID&quot;:&quot;botr_gwjdoYHD_jYDCcabO_div&quot;,&quot;fallbackPlaylistID&quot;:&quot;gwjdoYHD&quot;,&quot;fallbackDivID&quot;:&quot;botr_gwjdoYHD_jYDCcabO_div&quot;,&quot;key&quot;:&quot;X9\/mXVGac0NphghLH9hZaqWA5d3dhAM\/Ih07grnEyMLjuO2E&quot;,&quot;tintLogo&quot;:true,&quot;useSearchPlaylist&quot;:false,&quot;enabled&quot;:true},&quot;signPostingEnabled&quot;:true,&quot;signPostingLinkEnabled&quot;:true,&quot;waitForAdLoad&quot;:false,&quot;hidePlayerOnDesktop&quot;:false,&quot;hidePlayerOnMobile&quot;:false,&quot;hidePlayerOnTablet&quot;:false}\">\n<div class=\"flex flex-nowrap items-center justify-between gap-3 bg-zinc-900 px-[14px] py-3\" data-jwp-carousel-header>\n<div class=\"flex min-w-0 shrink items-center\"><span class=\"inline-flex items-center gap-1.5 text-sm font-article-heading capitalize leading-5 text-white whitespace-nowrap\"><span class=\"jwp-carousel-title-desktop\">Latest Videos From<\/span><span class=\"jwp-carousel-brand\">Cyclingnews<\/span><\/span><\/div>\n<\/div>\n<div class=\"min-h-[44px] bg-zinc-900 px-[14px] py-3\" data-jwp-carousel-signposting><a class=\"invisible block truncate text-sm font-bold leading-5 text-white underline decoration-solid underline-offset-2\" data-jwp-carousel-signposting-link href target=\"_blank\" rel=\"noopener noreferrer\"><span data-jwp-carousel-signposting-title>Watch full video here: <\/span><\/a><\/div>\n<\/div>\n<p aria-hidden=\"true\" class=\"kiosq-b\">The opening 2km head for a loop to the north on a pair of out-and-back sections, The intermediate time check comes at kilometre 5.6 in front of the grandstands and large yachts in Port Hercules. Then the second half of the route heads south to pass through the Rocher-Antoinie tunnel, a loop of Chapiteau de l&#8217;Espace Fontevielle, a pass through the Rocher-Palais tunnel and then the finish line.<\/p>\n<p aria-hidden=\"true\" class=\"kiosq-b\">Absent will be 2025 overall champion Jonas Vingegaard, who is out from injury, so bib number one will be worn by the most recent Vuelta champion on the start line, Primo\u017e Rogli\u010d (Red Bull-Bora-Hansgrohe). Last year the Vuelta a Espa\u00f1a had just one individual time trial, which was not until the third week, won by world champion Filippo Ganna, but the Italian is also absent from this year&#8217;s Grand Tour.<\/p>\n<aside data-component-name=\"Recirculation:ArticleRiver\" data-recirculation-type=\"inline\" data-mrf-recirculation=\"Trending Bar\" data-nosnippet class=\"clear-both pt-2 pb-0 mb-4\"><span class=\"\n            flex\n            after:content-[&apos;&apos;] after:flex-1 after:ml-4 after:my-[0.7rem] after:border-t after:border-solid after:border-t-[#ccc]\n            before:content-[&apos;&apos;] before:flex-1 before:mr-4 before:my-[0.7rem] before:border-t before:border-solid before:border-t-[#ccc]\n            font-article-heading pb-0 text-[length:var(--article-river-title--font-size,1em)] uppercase sm:text-[length:var(--article-river-title--font-size,0.875em)] font-bold\n        \"><br \/>\n            You may like<br \/>\n        <\/span><\/p>\n<ul class=\"flex flex-col gap-0 m-0 max-w-full\">\n<li class=\"m-0 list-none border-b border-solid border-[#ededed] py-2\" data-recirculation-id=\"recirculation-card-1\" id=\"recirculation-inline-1\" data-analytics-id=\"recirculation-inline-1\" data-mrf-recirculation=\"recirculation-inline-1\">\n    <source type=\"image\/webp\" srcset=\"https:\/\/cdn.mos.cms.futurecdn.net\/tFhehGafxvcwERxgH7Ga2C-250-80.jpg.webp 250w, https:\/\/cdn.mos.cms.futurecdn.net\/tFhehGafxvcwERxgH7Ga2C-150-80.jpg.webp 150w\" sizes=\"150px\" \/><span class=\"w-full text-base font-[var(--article-river-item--font-weight,500)] font-article-heading line-clamp-3 md:line-clamp-2\">Tour de France stage 16 time trial start times \u2013 When Poga\u010dar, Evenepoel, Ganna and more will roll down the ramp for 21.6km TT<\/span><\/li>\n<li class=\"m-0 list-none border-b border-solid border-[#ededed] py-2\" data-recirculation-id=\"recirculation-card-2\" id=\"recirculation-inline-2\" data-analytics-id=\"recirculation-inline-2\" data-mrf-recirculation=\"recirculation-inline-2\">\n    <source type=\"image\/webp\" srcset=\"https:\/\/cdn.mos.cms.futurecdn.net\/tfLM6usLQ7FSegycrtArMn-250-80.jpg.webp 250w, https:\/\/cdn.mos.cms.futurecdn.net\/tfLM6usLQ7FSegycrtArMn-150-80.jpg.webp 150w\" sizes=\"150px\" \/><span class=\"w-full text-base font-[var(--article-river-item--font-weight,500)] font-article-heading line-clamp-3 md:line-clamp-2\">&#8216;It could be an opportunity to be close in GC&#8217; &#8211; Opening time trial in Monaco enticing incentive for Wout van Aert&#8217;s return to Vuelta a Espa\u00f1a<\/span><\/li>\n<li class=\"m-0 list-none border-b border-solid border-[#ccc] py-2\" data-recirculation-id=\"recirculation-card-3\" id=\"recirculation-inline-3\" data-analytics-id=\"recirculation-inline-3\" data-mrf-recirculation=\"recirculation-inline-3\">\n    <source type=\"image\/webp\" srcset=\"https:\/\/cdn.mos.cms.futurecdn.net\/yiLng7foYBcQMgyUhYhk7e-250-80.jpg.webp 250w, https:\/\/cdn.mos.cms.futurecdn.net\/yiLng7foYBcQMgyUhYhk7e-150-80.jpg.webp 150w\" sizes=\"150px\" \/><span class=\"w-full text-base font-[var(--article-river-item--font-weight,500)] font-article-heading line-clamp-3 md:line-clamp-2\">Who will secure the first yellow jersey of the Tour de France? Stage 1 team time trial start times<\/span><\/li>\n<\/ul>\n<\/aside>\n<div class=\"fancy-box kiosq-b\" id=\"elk-0e7dad1a-9d8a-11f1-a41a-0be5dd73f88e\" aria-hidden=\"true\">\n<div class=\"fancy_box-title\">More on this<\/div>\n<div class=\"fancy_box_body\">\n<ul>\n<li><strong>Vuelta a Espa\u00f1a 2026 route<\/strong><\/li>\n<li><strong>Vuelta a Espa\u00f1a 2026 stage 1 preview<\/strong><\/li>\n<li><strong>Tadej Poga\u010dar vs the rest \u2013 Our analysis of the top 10 contenders at the Vuelta a Espa\u00f1a<\/strong><\/li>\n<\/ul>\n<\/div>\n<\/div>\n<p id=\"elk-0e7dada6-9d8a-11f1-97af-31034ed6a7a7\" aria-hidden=\"true\" class=\"kiosq-b\">The first rider of 184 will be Diego Uriarte (Kern Pharma), going down the start ramp at 19:20 local time. There is no adjustment for spacing between riders as all will take the course one-minute apart, concluding with Rogli\u010d, who takes off at 19:20.<\/p>\n<p aria-hidden=\"true\" class=\"kiosq-b\">The ITT runner-up to Ganna last year, Jay Vine (UAE Team Emirates-XRG) is back and will take the course in the top 45. Another 23 riders later, his teammate Joao Almeida begins his ride, one where he looks to improve from third place last year.<\/p>\n<div id=\"slice-container-newsletterForm-articleInbodyContent-4tvHErpboEtFVdarvA7NMi\" class=\"slice-container newsletter-inbodyContent-slice newsletterForm-articleInbodyContent-4tvHErpboEtFVdarvA7NMi slice-container-newsletterForm\">\n<div data-hydrate=\"true\" class=\"newsletter-form__wrapper newsletter-form__wrapper--inbodyContent\">\n<div class=\"newsletter-form__container\">\n<section class=\"newsletter-form__top-bar\">\n<div class=\"newsletter-form__header\">Get The Leadout Newsletter<\/div>\n<\/section>\n<section class=\"newsletter-form__main-section\">\n<p class=\"newsletter-form__strapline\">The latest race content, interviews, features, reviews and expert buying guides, direct to your inbox!<\/p>\n<footer class=\"newsletter-form__footer \">By submitting your information you agree to the Terms &amp; Conditions and Privacy Policy and are aged 16 or over.<\/footer>\n<\/section>\n<\/div>\n<\/div>\n<\/div>\n<p aria-hidden=\"true\" class=\"kiosq-b\">Among the favourites for the ITT this year are the three riders just ahead of Rogli\u010d, Wout van Aert (Visma-Lease a Bike) starting at 19:17, Ivan Romeo (Movistar) starting at 19:18 and then Tadej Poga\u010dar (UAE Team Emirates-XRG).<\/p>\n<p id=\"elk-64f7f3c6-9d8a-11f1-a48e-2b7dcca4d9b3\" aria-hidden=\"true\" class=\"kiosq-b\"><em><strong>For unbeatable coverage across road, gravel and tech, subscribe to Cyclingnews. You&#8217;ll get comprehensive race coverage of La Vuelta a Espa\u00f1a, subscriber-exclusive analysis from our expert columnists, in-depth features and industry-leading tech insight. Plus, the Cyclingnews app lets you follow the action wherever you go!<\/strong><\/em><em><strong>Join today.<\/strong><\/em><\/p>\n<h3 class=\"article-body__section kiosq-b\" id=\"section-vuelta-a-espana-2026-stage-1-itt-start-times\" aria-hidden=\"true\"><span>Vuelta a Espa\u00f1a 2026 stage 1 ITT start times<\/span><\/h3>\n<div class=\"slice-container table-wrapper slice-container-table kiosq-b\" data-component-name=\"Slice:Table\" id=\"elk-93357a5e-9d7d-11f1-b67e-1934a06e5f08\" aria-hidden=\"true\">\n<div class=\"table__instruction\">\nSwipe to scroll horizontally<\/p>\n<\/div>\n<div class=\"table__container\">\n<table class=\"table__wrapper table__wrapper--inbodyContent table__wrapper--sticky table__wrapper--divider\">\n<thead class=\"table__head\">\n<tr class=\"table__head__row\">\n<th class=\"table__head__heading table__head__heading--left\" colspan=\"1\">\n<p>Order<\/p>\n<\/th>\n<th class=\"table__head__heading table__head__heading--left\" colspan=\"1\">\n<p>Rider (Team)<\/p>\n<\/th>\n<th class=\"table__head__heading table__head__heading--left\" colspan=\"1\">\n<p>Time (CET)<\/p>\n<\/th>\n<\/tr>\n<\/thead>\n<tbody class=\"table__body\">\n<tr class=\"table__body__row\">\n<td class=\"table_body__data\" colspan=\"1\">\n<p>1<\/p>\n<\/td>\n<td class=\"table_body__data\" colspan=\"1\">\n<p>Diego Uriarte Belzunegi (Equipo Kern Pharma)<\/p>\n<\/td>\n<td class=\"table_body__data\" colspan=\"1\">\n<p>16:17:00<\/p>\n<\/td>\n<\/tr>\n<tr class=\"table__body__row\">\n<td class=\"table_body__data\" colspan=\"1\">\n<p>2<\/p>\n<\/td>\n<td class=\"table_body__data\" colspan=\"1\">\n<p>Christopher Hamilton (Team Picnic PostNL)<\/p>\n<\/td>\n<td class=\"table_body__data\" colspan=\"1\">\n<p>16:18:00<\/p>\n<\/td>\n<\/tr>\n<tr class=\"table__body__row\">\n<td class=\"table_body__data\" colspan=\"1\">\n<p>3<\/p>\n<\/td>\n<td class=\"table_body__data\" colspan=\"1\">\n<p>Reuben Thompson (Lotto Intermarch\u00e9)<\/p>\n<\/td>\n<td class=\"table_body__data\" colspan=\"1\">\n<p>16:19:00<\/p>\n<\/td>\n<\/tr>\n<tr class=\"table__body__row\">\n<td class=\"table_body__data\" colspan=\"1\">\n<p>4<\/p>\n<\/td>\n<td class=\"table_body__data\" colspan=\"1\">\n<p>Cesar Macias Estrada (Burgos-Burpellet-BH)<\/p>\n<\/td>\n<td class=\"table_body__data\" colspan=\"1\">\n<p>16:20:00<\/p>\n<\/td>\n<\/tr>\n<tr class=\"table__body__row\">\n<td class=\"table_body__data\" colspan=\"1\">\n<p>5<\/p>\n<\/td>\n<td class=\"table_body__data\" colspan=\"1\">\n<p>Darren Van Bekkum (XDS Astana Team)<\/p>\n<\/td>\n<td class=\"table_body__data\" colspan=\"1\">\n<p>16:21:00<\/p>\n<\/td>\n<\/tr>\n<tr class=\"table__body__row\">\n<td class=\"table_body__data\" colspan=\"1\">\n<p>6<\/p>\n<\/td>\n<td class=\"table_body__data\" colspan=\"1\">\n<p>Hannes Wilksch (Tudor Pro Cycling Team)<\/p>\n<\/td>\n<td class=\"table_body__data\" colspan=\"1\">\n<p>16:22:00<\/p>\n<\/td>\n<\/tr>\n<tr class=\"table__body__row\">\n<td class=\"table_body__data\" colspan=\"1\">\n<p>7<\/p>\n<\/td>\n<td class=\"table_body__data\" colspan=\"1\">\n<p>Markel Beloki (EF Education &#8211; EasyPost)<\/p>\n<\/td>\n<td class=\"table_body__data\" colspan=\"1\">\n<p>16:23:00<\/p>\n<\/td>\n<\/tr>\n<tr class=\"table__body__row\">\n<td class=\"table_body__data\" colspan=\"1\">\n<p>8<\/p>\n<\/td>\n<td class=\"table_body__data\" colspan=\"1\">\n<p>Rudy Porter (Team Jayco AlUla)<\/p>\n<\/td>\n<td class=\"table_body__data\" colspan=\"1\">\n<p>16:24:00<\/p>\n<\/td>\n<\/tr>\n<tr class=\"table__body__row\">\n<td class=\"table_body__data\" colspan=\"1\">\n<p>9<\/p>\n<\/td>\n<td class=\"table_body__data\" colspan=\"1\">\n<p>Sylvain Moniquet (Cofidis)<\/p>\n<\/td>\n<td class=\"table_body__data\" colspan=\"1\">\n<p>16:25:00<\/p>\n<\/td>\n<\/tr>\n<tr class=\"table__body__row\">\n<td class=\"table_body__data\" colspan=\"1\">\n<p>10<\/p>\n<\/td>\n<td class=\"table_body__data\" colspan=\"1\">\n<p>Andreas Leknessund (Uno-X Mobility)<\/p>\n<\/td>\n<td class=\"table_body__data\" colspan=\"1\">\n<p>16:26:00<\/p>\n<\/td>\n<\/tr>\n<tr class=\"table__body__row\">\n<td class=\"table_body__data\" colspan=\"1\">\n<p>11<\/p>\n<\/td>\n<td class=\"table_body__data\" colspan=\"1\">\n<p>Mauri Vansevenant (Soudal Quick-Step)<\/p>\n<\/td>\n<td class=\"table_body__data\" colspan=\"1\">\n<p>16:27:00<\/p>\n<\/td>\n<\/tr>\n<tr class=\"table__body__row\">\n<td class=\"table_body__data\" colspan=\"1\">\n<p>12<\/p>\n<\/td>\n<td class=\"table_body__data\" colspan=\"1\">\n<p>Floris Van Tricht (NSN Cycling Team)<\/p>\n<\/td>\n<td class=\"table_body__data\" colspan=\"1\">\n<p>16:28:00<\/p>\n<\/td>\n<\/tr>\n<tr class=\"table__body__row\">\n<td class=\"table_body__data\" colspan=\"1\">\n<p>13<\/p>\n<\/td>\n<td class=\"table_body__data\" colspan=\"1\">\n<p>Kaden Groves (Alpecin-Premier Tech)<\/p>\n<\/td>\n<td class=\"table_body__data\" colspan=\"1\">\n<p>16:29:00<\/p>\n<\/td>\n<\/tr>\n<tr class=\"table__body__row\">\n<td class=\"table_body__data\" colspan=\"1\">\n<p>14<\/p>\n<\/td>\n<td class=\"table_body__data\" colspan=\"1\">\n<p>Olivier Le Gac (Groupama-FDJ United)<\/p>\n<\/td>\n<td class=\"table_body__data\" colspan=\"1\">\n<p>16:30:00<\/p>\n<\/td>\n<\/tr>\n<tr class=\"table__body__row\">\n<td class=\"table_body__data\" colspan=\"1\">\n<p>15<\/p>\n<\/td>\n<td class=\"table_body__data\" colspan=\"1\">\n<p>Mathias Norsgaard Sunek\u00e6r (Lidl-Trek)<\/p>\n<\/td>\n<td class=\"table_body__data\" colspan=\"1\">\n<p>16:31:00<\/p>\n<\/td>\n<\/tr>\n<tr class=\"table__body__row\">\n<td class=\"table_body__data\" colspan=\"1\">\n<p>16<\/p>\n<\/td>\n<td class=\"table_body__data\" colspan=\"1\">\n<p>Pau Miquel Delgado (Bahrain Victorious)<\/p>\n<\/td>\n<td class=\"table_body__data\" colspan=\"1\">\n<p>16:32:00<\/p>\n<\/td>\n<\/tr>\n<tr class=\"table__body__row\">\n<td class=\"table_body__data\" colspan=\"1\">\n<p>17<\/p>\n<\/td>\n<td class=\"table_body__data\" colspan=\"1\">\n<p>Lucas Hamilton (Netcompany INEOS Cycling Team)<\/p>\n<\/td>\n<td class=\"table_body__data\" colspan=\"1\">\n<p>16:33:00<\/p>\n<\/td>\n<\/tr>\n<tr class=\"table__body__row\">\n<td class=\"table_body__data\" colspan=\"1\">\n<p>18<\/p>\n<\/td>\n<td class=\"table_body__data\" colspan=\"1\">\n<p>Thomas Gloag (Pinarello-Q36.5 Pro Cycling Team)<\/p>\n<\/td>\n<td class=\"table_body__data\" colspan=\"1\">\n<p>16:34:00<\/p>\n<\/td>\n<\/tr>\n<tr class=\"table__body__row\">\n<td class=\"table_body__data\" colspan=\"1\">\n<p>19<\/p>\n<\/td>\n<td class=\"table_body__data\" colspan=\"1\">\n<p>Jordan Labrosse (Decathlon CMA CGM Team)<\/p>\n<\/td>\n<td class=\"table_body__data\" colspan=\"1\">\n<p>16:35:00<\/p>\n<\/td>\n<\/tr>\n<tr class=\"table__body__row\">\n<td class=\"table_body__data\" colspan=\"1\">\n<p>20<\/p>\n<\/td>\n<td class=\"table_body__data\" colspan=\"1\">\n<p>Bruno Armirail (Team Visma | Lease a Bike)<\/p>\n<\/td>\n<td class=\"table_body__data\" colspan=\"1\">\n<p>16:36:00<\/p>\n<\/td>\n<\/tr>\n<tr class=\"table__body__row\">\n<td class=\"table_body__data\" colspan=\"1\">\n<p>21<\/p>\n<\/td>\n<td class=\"table_body__data\" colspan=\"1\">\n<p>Orluis Alberto Aular Sanabria (Movistar Team)<\/p>\n<\/td>\n<td class=\"table_body__data\" colspan=\"1\">\n<p>16:37:00<\/p>\n<\/td>\n<\/tr>\n<tr class=\"table__body__row\">\n<td class=\"table_body__data\" colspan=\"1\">\n<p>22<\/p>\n<\/td>\n<td class=\"table_body__data\" colspan=\"1\">\n<p>Domen Novak (UAE Team Emirates XRG)<\/p>\n<\/td>\n<td class=\"table_body__data\" colspan=\"1\">\n<p>16:38:00<\/p>\n<\/td>\n<\/tr>\n<tr class=\"table__body__row\">\n<td class=\"table_body__data\" colspan=\"1\">\n<p>23<\/p>\n<\/td>\n<td class=\"table_body__data\" colspan=\"1\">\n<p>Frederik Wandahl (Red Bull &#8211; BORA &#8211; hansgrohe)<\/p>\n<\/td>\n<td class=\"table_body__data\" colspan=\"1\">\n<p>16:39:00<\/p>\n<\/td>\n<\/tr>\n<tr class=\"table__body__row\">\n<td class=\"table_body__data\" colspan=\"1\">\n<p>24<\/p>\n<\/td>\n<td class=\"table_body__data\" colspan=\"1\">\n<p>Mats Wenzel (Equipo Kern Pharma)<\/p>\n<\/td>\n<td class=\"table_body__data\" colspan=\"1\">\n<p>16:40:00<\/p>\n<\/td>\n<\/tr>\n<tr class=\"table__body__row\">\n<td class=\"table_body__data\" colspan=\"1\">\n<p>25<\/p>\n<\/td>\n<td class=\"table_body__data\" colspan=\"1\">\n<p>Gijs Leemreize (Team Picnic PostNL)<\/p>\n<\/td>\n<td class=\"table_body__data\" colspan=\"1\">\n<p>16:41:00<\/p>\n<\/td>\n<\/tr>\n<tr class=\"table__body__row\">\n<td class=\"table_body__data\" colspan=\"1\">\n<p>26<\/p>\n<\/td>\n<td class=\"table_body__data\" colspan=\"1\">\n<p>Vito Braet (Lotto Intermarch\u00e9)<\/p>\n<\/td>\n<td class=\"table_body__data\" colspan=\"1\">\n<p>16:42:00<\/p>\n<\/td>\n<\/tr>\n<tr class=\"table__body__row\">\n<td class=\"table_body__data\" colspan=\"1\">\n<p>27<\/p>\n<\/td>\n<td class=\"table_body__data\" colspan=\"1\">\n<p>Mario Aparicio Mu\u00f1oz (Burgos-Burpellet-BH)<\/p>\n<\/td>\n<td class=\"table_body__data\" colspan=\"1\">\n<p>16:43:00<\/p>\n<\/td>\n<\/tr>\n<tr class=\"table__body__row\">\n<td class=\"table_body__data\" colspan=\"1\">\n<p>28<\/p>\n<\/td>\n<td class=\"table_body__data\" colspan=\"1\">\n<p>Lorenzo Fortunato (XDS Astana Team)<\/p>\n<\/td>\n<td class=\"table_body__data\" colspan=\"1\">\n<p>16:44:00<\/p>\n<\/td>\n<\/tr>\n<tr class=\"table__body__row\">\n<td class=\"table_body__data\" colspan=\"1\">\n<p>29<\/p>\n<\/td>\n<td class=\"table_body__data\" colspan=\"1\">\n<p>Roland Thalmann (Tudor Pro Cycling Team)<\/p>\n<\/td>\n<td class=\"table_body__data\" colspan=\"1\">\n<p>16:45:00<\/p>\n<\/td>\n<\/tr>\n<tr class=\"table__body__row\">\n<td class=\"table_body__data\" colspan=\"1\">\n<p>30<\/p>\n<\/td>\n<td class=\"table_body__data\" colspan=\"1\">\n<p>Richard Carapaz (EF Education &#8211; EasyPost)<\/p>\n<\/td>\n<td class=\"table_body__data\" colspan=\"1\">\n<p>16:46:00<\/p>\n<\/td>\n<\/tr>\n<tr class=\"table__body__row\">\n<td class=\"table_body__data\" colspan=\"1\">\n<p>31<\/p>\n<\/td>\n<td class=\"table_body__data\" colspan=\"1\">\n<p>Xavier Finlay Xavier Pickering (Team Jayco AlUla)<\/p>\n<\/td>\n<td class=\"table_body__data\" colspan=\"1\">\n<p>16:47:00<\/p>\n<\/td>\n<\/tr>\n<tr class=\"table__body__row\">\n<td class=\"table_body__data\" colspan=\"1\">\n<p>32<\/p>\n<\/td>\n<td class=\"table_body__data\" colspan=\"1\">\n<p>Bryan Coquard (Cofidis)<\/p>\n<\/td>\n<td class=\"table_body__data\" colspan=\"1\">\n<p>16:48:00<\/p>\n<\/td>\n<\/tr>\n<tr class=\"table__body__row\">\n<td class=\"table_body__data\" colspan=\"1\">\n<p>33<\/p>\n<\/td>\n<td class=\"table_body__data\" colspan=\"1\">\n<p>Andreas Kron (Uno-X Mobility)<\/p>\n<\/td>\n<td class=\"table_body__data\" colspan=\"1\">\n<p>16:49:00<\/p>\n<\/td>\n<\/tr>\n<tr class=\"table__body__row\">\n<td class=\"table_body__data\" colspan=\"1\">\n<p>34<\/p>\n<\/td>\n<td class=\"table_body__data\" colspan=\"1\">\n<p>Alberto Dainese (Soudal Quick-Step)<\/p>\n<\/td>\n<td class=\"table_body__data\" colspan=\"1\">\n<p>16:50:00<\/p>\n<\/td>\n<\/tr>\n<tr class=\"table__body__row\">\n<td class=\"table_body__data\" colspan=\"1\">\n<p>35<\/p>\n<\/td>\n<td class=\"table_body__data\" colspan=\"1\">\n<p>Hugo Hofstetter (NSN Cycling Team)<\/p>\n<\/td>\n<td class=\"table_body__data\" colspan=\"1\">\n<p>16:51:00<\/p>\n<\/td>\n<\/tr>\n<tr class=\"table__body__row\">\n<td class=\"table_body__data\" colspan=\"1\">\n<p>36<\/p>\n<\/td>\n<td class=\"table_body__data\" colspan=\"1\">\n<p>Francesco Busatto (Alpecin-Premier Tech)<\/p>\n<\/td>\n<td class=\"table_body__data\" colspan=\"1\">\n<p>16:52:00<\/p>\n<\/td>\n<\/tr>\n<tr class=\"table__body__row\">\n<td class=\"table_body__data\" colspan=\"1\">\n<p>37<\/p>\n<\/td>\n<td class=\"table_body__data\" colspan=\"1\">\n<p>Guillaume Martin Guyonnet (Groupama-FDJ United)<\/p>\n<\/td>\n<td class=\"table_body__data\" colspan=\"1\">\n<p>16:53:00<\/p>\n<\/td>\n<\/tr>\n<tr class=\"table__body__row\">\n<td class=\"table_body__data\" colspan=\"1\">\n<p>38<\/p>\n<\/td>\n<td class=\"table_body__data\" colspan=\"1\">\n<p>Jacopo Mosca (Lidl-Trek)<\/p>\n<\/td>\n<td class=\"table_body__data\" colspan=\"1\">\n<p>16:54:00<\/p>\n<\/td>\n<\/tr>\n<tr class=\"table__body__row\">\n<td class=\"table_body__data\" colspan=\"1\">\n<p>39<\/p>\n<\/td>\n<td class=\"table_body__data\" colspan=\"1\">\n<p>Pello Bilbao (Bahrain Victorious)<\/p>\n<\/td>\n<td class=\"table_body__data\" colspan=\"1\">\n<p>16:55:00<\/p>\n<\/td>\n<\/tr>\n<tr class=\"table__body__row\">\n<td class=\"table_body__data\" colspan=\"1\">\n<p>40<\/p>\n<\/td>\n<td class=\"table_body__data\" colspan=\"1\">\n<p>Embret Svestad-B\u00e5rdseng (Netcompany INEOS Cycling Team)<\/p>\n<\/td>\n<td class=\"table_body__data\" colspan=\"1\">\n<p>16:56:00<\/p>\n<\/td>\n<\/tr>\n<tr class=\"table__body__row\">\n<td class=\"table_body__data\" colspan=\"1\">\n<p>41<\/p>\n<\/td>\n<td class=\"table_body__data\" colspan=\"1\">\n<p>Walter Calzoni (Pinarello-Q36.5 Pro Cycling Team)<\/p>\n<\/td>\n<td class=\"table_body__data\" colspan=\"1\">\n<p>16:57:00<\/p>\n<\/td>\n<\/tr>\n<tr class=\"table__body__row\">\n<td class=\"table_body__data\" colspan=\"1\">\n<p>42<\/p>\n<\/td>\n<td class=\"table_body__data\" colspan=\"1\">\n<p>Matthew Riccitello (Decathlon CMA CGM Team)<\/p>\n<\/td>\n<td class=\"table_body__data\" colspan=\"1\">\n<p>16:58:00<\/p>\n<\/td>\n<\/tr>\n<tr class=\"table__body__row\">\n<td class=\"table_body__data\" colspan=\"1\">\n<p>43<\/p>\n<\/td>\n<td class=\"table_body__data\" colspan=\"1\">\n<p>Sepp Kuss (Team Visma | Lease a Bike)<\/p>\n<\/td>\n<td class=\"table_body__data\" colspan=\"1\">\n<p>16:59:00<\/p>\n<\/td>\n<\/tr>\n<tr class=\"table__body__row\">\n<td class=\"table_body__data\" colspan=\"1\">\n<p>44<\/p>\n<\/td>\n<td class=\"table_body__data\" colspan=\"1\">\n<p>Carlos Canal Blanco (Movistar Team)<\/p>\n<\/td>\n<td class=\"table_body__data\" colspan=\"1\">\n<p>17:00:00<\/p>\n<\/td>\n<\/tr>\n<tr class=\"table__body__row\">\n<td class=\"table_body__data\" colspan=\"1\">\n<p>45<\/p>\n<\/td>\n<td class=\"table_body__data\" colspan=\"1\">\n<p>Kevin Vermaerke (UAE Team Emirates XRG)<\/p>\n<\/td>\n<td class=\"table_body__data\" colspan=\"1\">\n<p>17:01:00<\/p>\n<\/td>\n<\/tr>\n<tr class=\"table__body__row\">\n<td class=\"table_body__data\" colspan=\"1\">\n<p>46<\/p>\n<\/td>\n<td class=\"table_body__data\" colspan=\"1\">\n<p>Gianni Vermeersch (Red Bull &#8211; BORA &#8211; hansgrohe)<\/p>\n<\/td>\n<td class=\"table_body__data\" colspan=\"1\">\n<p>17:02:00<\/p>\n<\/td>\n<\/tr>\n<tr class=\"table__body__row\">\n<td class=\"table_body__data\" colspan=\"1\">\n<p>47<\/p>\n<\/td>\n<td class=\"table_body__data\" colspan=\"1\">\n<p>Marc Brustenga Masague (Equipo Kern Pharma)<\/p>\n<\/td>\n<td class=\"table_body__data\" colspan=\"1\">\n<p>17:03:00<\/p>\n<\/td>\n<\/tr>\n<tr class=\"table__body__row\">\n<td class=\"table_body__data\" colspan=\"1\">\n<p>48<\/p>\n<\/td>\n<td class=\"table_body__data\" colspan=\"1\">\n<p>Guillermo Juan Martinez Huertas (Team Picnic PostNL)<\/p>\n<\/td>\n<td class=\"table_body__data\" colspan=\"1\">\n<p>17:04:00<\/p>\n<\/td>\n<\/tr>\n<tr class=\"table__body__row\">\n<td class=\"table_body__data\" colspan=\"1\">\n<p>49<\/p>\n<\/td>\n<td class=\"table_body__data\" colspan=\"1\">\n<p>Lorenzo Rota (Lotto Intermarch\u00e9)<\/p>\n<\/td>\n<td class=\"table_body__data\" colspan=\"1\">\n<p>17:05:00<\/p>\n<\/td>\n<\/tr>\n<tr class=\"table__body__row\">\n<td class=\"table_body__data\" colspan=\"1\">\n<p>50<\/p>\n<\/td>\n<td class=\"table_body__data\" colspan=\"1\">\n<p>Sinuhe Fernandez Rodriguez (Burgos-Burpellet-BH)<\/p>\n<\/td>\n<td class=\"table_body__data\" colspan=\"1\">\n<p>17:06:00<\/p>\n<\/td>\n<\/tr>\n<tr class=\"table__body__row\">\n<td class=\"table_body__data\" colspan=\"1\">\n<p>51<\/p>\n<\/td>\n<td class=\"table_body__data\" colspan=\"1\">\n<p>Henok Mulueberhan (XDS Astana Team)<\/p>\n<\/td>\n<td class=\"table_body__data\" colspan=\"1\">\n<p>17:07:00<\/p>\n<\/td>\n<\/tr>\n<tr class=\"table__body__row\">\n<td class=\"table_body__data\" colspan=\"1\">\n<p>52<\/p>\n<\/td>\n<td class=\"table_body__data\" colspan=\"1\">\n<p>Fabian Weiss (Tudor Pro Cycling Team)<\/p>\n<\/td>\n<td class=\"table_body__data\" colspan=\"1\">\n<p>17:08:00<\/p>\n<\/td>\n<\/tr>\n<tr class=\"table__body__row\">\n<td class=\"table_body__data\" colspan=\"1\">\n<p>53<\/p>\n<\/td>\n<td class=\"table_body__data\" colspan=\"1\">\n<p>Darren Rafferty (EF Education &#8211; EasyPost)<\/p>\n<\/td>\n<td class=\"table_body__data\" colspan=\"1\">\n<p>17:09:00<\/p>\n<\/td>\n<\/tr>\n<tr class=\"table__body__row\">\n<td class=\"table_body__data\" colspan=\"1\">\n<p>54<\/p>\n<\/td>\n<td class=\"table_body__data\" colspan=\"1\">\n<p>Asbj\u00f8rn Hellemose (Team Jayco AlUla)<\/p>\n<\/td>\n<td class=\"table_body__data\" colspan=\"1\">\n<p>17:10:00<\/p>\n<\/td>\n<\/tr>\n<tr class=\"table__body__row\">\n<td class=\"table_body__data\" colspan=\"1\">\n<p>55<\/p>\n<\/td>\n<td class=\"table_body__data\" colspan=\"1\">\n<p>Paul Ourselin (Cofidis)<\/p>\n<\/td>\n<td class=\"table_body__data\" colspan=\"1\">\n<p>17:11:00<\/p>\n<\/td>\n<\/tr>\n<tr class=\"table__body__row\">\n<td class=\"table_body__data\" colspan=\"1\">\n<p>56<\/p>\n<\/td>\n<td class=\"table_body__data\" colspan=\"1\">\n<p>Tobias Johannessen (Uno-X Mobility)<\/p>\n<\/td>\n<td class=\"table_body__data\" colspan=\"1\">\n<p>17:12:00<\/p>\n<\/td>\n<\/tr>\n<tr class=\"table__body__row\">\n<td class=\"table_body__data\" colspan=\"1\">\n<p>57<\/p>\n<\/td>\n<td class=\"table_body__data\" colspan=\"1\">\n<p>Gianmarco Garofoli (Soudal Quick-Step)<\/p>\n<\/td>\n<td class=\"table_body__data\" colspan=\"1\">\n<p>17:13:00<\/p>\n<\/td>\n<\/tr>\n<tr class=\"table__body__row\">\n<td class=\"table_body__data\" colspan=\"1\">\n<p>58<\/p>\n<\/td>\n<td class=\"table_body__data\" colspan=\"1\">\n<p>Pau Marti Soriano (NSN Cycling Team)<\/p>\n<\/td>\n<td class=\"table_body__data\" colspan=\"1\">\n<p>17:14:00<\/p>\n<\/td>\n<\/tr>\n<tr class=\"table__body__row\">\n<td class=\"table_body__data\" colspan=\"1\">\n<p>59<\/p>\n<\/td>\n<td class=\"table_body__data\" colspan=\"1\">\n<p>Sente Sentjens (Alpecin-Premier Tech)<\/p>\n<\/td>\n<td class=\"table_body__data\" colspan=\"1\">\n<p>17:15:00<\/p>\n<\/td>\n<\/tr>\n<tr class=\"table__body__row\">\n<td class=\"table_body__data\" colspan=\"1\">\n<p>60<\/p>\n<\/td>\n<td class=\"table_body__data\" colspan=\"1\">\n<p>Cl\u00e9ment Berthet (Groupama-FDJ United)<\/p>\n<\/td>\n<td class=\"table_body__data\" colspan=\"1\">\n<p>17:16:00<\/p>\n<\/td>\n<\/tr>\n<tr class=\"table__body__row\">\n<td class=\"table_body__data\" colspan=\"1\">\n<p>61<\/p>\n<\/td>\n<td class=\"table_body__data\" colspan=\"1\">\n<p>Mattias Skjelmose (Lidl-Trek)<\/p>\n<\/td>\n<td class=\"table_body__data\" colspan=\"1\">\n<p>17:17:00<\/p>\n<\/td>\n<\/tr>\n<tr class=\"table__body__row\">\n<td class=\"table_body__data\" colspan=\"1\">\n<p>62<\/p>\n<\/td>\n<td class=\"table_body__data\" colspan=\"1\">\n<p>Santiago Buitrago (Bahrain Victorious)<\/p>\n<\/td>\n<td class=\"table_body__data\" colspan=\"1\">\n<p>17:18:00<\/p>\n<\/td>\n<\/tr>\n<tr class=\"table__body__row\">\n<td class=\"table_body__data\" colspan=\"1\">\n<p>63<\/p>\n<\/td>\n<td class=\"table_body__data\" colspan=\"1\">\n<p>Carlos Rodriguez (Netcompany INEOS Cycling Team)<\/p>\n<\/td>\n<td class=\"table_body__data\" colspan=\"1\">\n<p>17:19:00<\/p>\n<\/td>\n<\/tr>\n<tr class=\"table__body__row\">\n<td class=\"table_body__data\" colspan=\"1\">\n<p>64<\/p>\n<\/td>\n<td class=\"table_body__data\" colspan=\"1\">\n<p>Edward Dunbar (Pinarello-Q36.5 Pro Cycling Team)<\/p>\n<\/td>\n<td class=\"table_body__data\" colspan=\"1\">\n<p>17:20:00<\/p>\n<\/td>\n<\/tr>\n<tr class=\"table__body__row\">\n<td class=\"table_body__data\" colspan=\"1\">\n<p>65<\/p>\n<\/td>\n<td class=\"table_body__data\" colspan=\"1\">\n<p>Sander De Pestel (Decathlon CMA CGM Team)<\/p>\n<\/td>\n<td class=\"table_body__data\" colspan=\"1\">\n<p>17:21:00<\/p>\n<\/td>\n<\/tr>\n<tr class=\"table__body__row\">\n<td class=\"table_body__data\" colspan=\"1\">\n<p>66<\/p>\n<\/td>\n<td class=\"table_body__data\" colspan=\"1\">\n<p>James Matthew Brennan (Team Visma | Lease a Bike)<\/p>\n<\/td>\n<td class=\"table_body__data\" colspan=\"1\">\n<p>17:22:00<\/p>\n<\/td>\n<\/tr>\n<tr class=\"table__body__row\">\n<td class=\"table_body__data\" colspan=\"1\">\n<p>67<\/p>\n<\/td>\n<td class=\"table_body__data\" colspan=\"1\">\n<p>Jorge Arcas (Movistar Team)<\/p>\n<\/td>\n<td class=\"table_body__data\" colspan=\"1\">\n<p>17:23:00<\/p>\n<\/td>\n<\/tr>\n<tr class=\"table__body__row\">\n<td class=\"table_body__data\" colspan=\"1\">\n<p>68<\/p>\n<\/td>\n<td class=\"table_body__data\" colspan=\"1\">\n<p>Pavel Sivakov (UAE Team Emirates XRG)<\/p>\n<\/td>\n<td class=\"table_body__data\" colspan=\"1\">\n<p>17:24:00<\/p>\n<\/td>\n<\/tr>\n<tr class=\"table__body__row\">\n<td class=\"table_body__data\" colspan=\"1\">\n<p>69<\/p>\n<\/td>\n<td class=\"table_body__data\" colspan=\"1\">\n<p>Gianni Moscon (Red Bull &#8211; BORA &#8211; hansgrohe)<\/p>\n<\/td>\n<td class=\"table_body__data\" colspan=\"1\">\n<p>17:25:00<\/p>\n<\/td>\n<\/tr>\n<tr class=\"table__body__row\">\n<td class=\"table_body__data\" colspan=\"1\">\n<p>70<\/p>\n<\/td>\n<td class=\"table_body__data\" colspan=\"1\">\n<p>Ivan Sosa (Equipo Kern Pharma)<\/p>\n<\/td>\n<td class=\"table_body__data\" colspan=\"1\">\n<p>17:26:00<\/p>\n<\/td>\n<\/tr>\n<tr class=\"table__body__row\">\n<td class=\"table_body__data\" colspan=\"1\">\n<p>71<\/p>\n<\/td>\n<td class=\"table_body__data\" colspan=\"1\">\n<p>Oliver Peace (Team Picnic PostNL)<\/p>\n<\/td>\n<td class=\"table_body__data\" colspan=\"1\">\n<p>17:27:00<\/p>\n<\/td>\n<\/tr>\n<tr class=\"table__body__row\">\n<td class=\"table_body__data\" colspan=\"1\">\n<p>72<\/p>\n<\/td>\n<td class=\"table_body__data\" colspan=\"1\">\n<p>Jarno Widar (Lotto Intermarch\u00e9)<\/p>\n<\/td>\n<td class=\"table_body__data\" colspan=\"1\">\n<p>17:28:00<\/p>\n<\/td>\n<\/tr>\n<tr class=\"table__body__row\">\n<td class=\"table_body__data\" colspan=\"1\">\n<p>73<\/p>\n<\/td>\n<td class=\"table_body__data\" colspan=\"1\">\n<p>Sergio Geovani Chumil Gonzalez (Burgos-Burpellet-BH)<\/p>\n<\/td>\n<td class=\"table_body__data\" colspan=\"1\">\n<p>17:29:00<\/p>\n<\/td>\n<\/tr>\n<tr class=\"table__body__row\">\n<td class=\"table_body__data\" colspan=\"1\">\n<p>74<\/p>\n<\/td>\n<td class=\"table_body__data\" colspan=\"1\">\n<p>Cristian Rodriguez (XDS Astana Team)<\/p>\n<\/td>\n<td class=\"table_body__data\" colspan=\"1\">\n<p>17:30:00<\/p>\n<\/td>\n<\/tr>\n<tr class=\"table__body__row\">\n<td class=\"table_body__data\" colspan=\"1\">\n<p>75<\/p>\n<\/td>\n<td class=\"table_body__data\" colspan=\"1\">\n<p>William Barta (Tudor Pro Cycling Team)<\/p>\n<\/td>\n<td class=\"table_body__data\" colspan=\"1\">\n<p>17:31:00<\/p>\n<\/td>\n<\/tr>\n<tr class=\"table__body__row\">\n<td class=\"table_body__data\" colspan=\"1\">\n<p>76<\/p>\n<\/td>\n<td class=\"table_body__data\" colspan=\"1\">\n<p>Juan Felipe Rodriguez Contreras (EF Education &#8211; EasyPost)<\/p>\n<\/td>\n<td class=\"table_body__data\" colspan=\"1\">\n<p>17:32:00<\/p>\n<\/td>\n<\/tr>\n<tr class=\"table__body__row\">\n<td class=\"table_body__data\" colspan=\"1\">\n<p>77<\/p>\n<\/td>\n<td class=\"table_body__data\" colspan=\"1\">\n<p>Paul Double (Team Jayco AlUla)<\/p>\n<\/td>\n<td class=\"table_body__data\" colspan=\"1\">\n<p>17:33:00<\/p>\n<\/td>\n<\/tr>\n<tr class=\"table__body__row\">\n<td class=\"table_body__data\" colspan=\"1\">\n<p>78<\/p>\n<\/td>\n<td class=\"table_body__data\" colspan=\"1\">\n<p>Louis Rouland (Cofidis)<\/p>\n<\/td>\n<td class=\"table_body__data\" colspan=\"1\">\n<p>17:34:00<\/p>\n<\/td>\n<\/tr>\n<tr class=\"table__body__row\">\n<td class=\"table_body__data\" colspan=\"1\">\n<p>79<\/p>\n<\/td>\n<td class=\"table_body__data\" colspan=\"1\">\n<p>Magnus Cort Nielsen (Uno-X Mobility)<\/p>\n<\/td>\n<td class=\"table_body__data\" colspan=\"1\">\n<p>17:35:00<\/p>\n<\/td>\n<\/tr>\n<tr class=\"table__body__row\">\n<td class=\"table_body__data\" colspan=\"1\">\n<p>80<\/p>\n<\/td>\n<td class=\"table_body__data\" colspan=\"1\">\n<p>Fabio Van Den Bossche (Soudal Quick-Step)<\/p>\n<\/td>\n<td class=\"table_body__data\" colspan=\"1\">\n<p>17:36:00<\/p>\n<\/td>\n<\/tr>\n<tr class=\"table__body__row\">\n<td class=\"table_body__data\" colspan=\"1\">\n<p>81<\/p>\n<\/td>\n<td class=\"table_body__data\" colspan=\"1\">\n<p>Nicholas Schultz (NSN Cycling Team)<\/p>\n<\/td>\n<td class=\"table_body__data\" colspan=\"1\">\n<p>17:37:00<\/p>\n<\/td>\n<\/tr>\n<tr class=\"table__body__row\">\n<td class=\"table_body__data\" colspan=\"1\">\n<p>82<\/p>\n<\/td>\n<td class=\"table_body__data\" colspan=\"1\">\n<p>Lindsay De Vylder (Alpecin-Premier Tech)<\/p>\n<\/td>\n<td class=\"table_body__data\" colspan=\"1\">\n<p>17:38:00<\/p>\n<\/td>\n<\/tr>\n<tr class=\"table__body__row\">\n<td class=\"table_body__data\" colspan=\"1\">\n<p>83<\/p>\n<\/td>\n<td class=\"table_body__data\" colspan=\"1\">\n<p>R\u00e9my Rochas (Groupama-FDJ United)<\/p>\n<\/td>\n<td class=\"table_body__data\" colspan=\"1\">\n<p>17:39:00<\/p>\n<\/td>\n<\/tr>\n<tr class=\"table__body__row\">\n<td class=\"table_body__data\" colspan=\"1\">\n<p>84<\/p>\n<\/td>\n<td class=\"table_body__data\" colspan=\"1\">\n<p>Thibau Nys (Lidl-Trek)<\/p>\n<\/td>\n<td class=\"table_body__data\" colspan=\"1\">\n<p>17:40:00<\/p>\n<\/td>\n<\/tr>\n<tr class=\"table__body__row\">\n<td class=\"table_body__data\" colspan=\"1\">\n<p>85<\/p>\n<\/td>\n<td class=\"table_body__data\" colspan=\"1\">\n<p>Jakob Omrzel (Bahrain Victorious)<\/p>\n<\/td>\n<td class=\"table_body__data\" colspan=\"1\">\n<p>17:41:00<\/p>\n<\/td>\n<\/tr>\n<tr class=\"table__body__row\">\n<td class=\"table_body__data\" colspan=\"1\">\n<p>86<\/p>\n<\/td>\n<td class=\"table_body__data\" colspan=\"1\">\n<p>Oscar Onley (Netcompany INEOS Cycling Team)<\/p>\n<\/td>\n<td class=\"table_body__data\" colspan=\"1\">\n<p>17:42:00<\/p>\n<\/td>\n<\/tr>\n<tr class=\"table__body__row\">\n<td class=\"table_body__data\" colspan=\"1\">\n<p>87<\/p>\n<\/td>\n<td class=\"table_body__data\" colspan=\"1\">\n<p>Milan Vader (Pinarello-Q36.5 Pro Cycling Team)<\/p>\n<\/td>\n<td class=\"table_body__data\" colspan=\"1\">\n<p>17:43:00<\/p>\n<\/td>\n<\/tr>\n<tr class=\"table__body__row\">\n<td class=\"table_body__data\" colspan=\"1\">\n<p>88<\/p>\n<\/td>\n<td class=\"table_body__data\" colspan=\"1\">\n<p>F\u00e9lix Gall (Decathlon CMA CGM Team)<\/p>\n<\/td>\n<td class=\"table_body__data\" colspan=\"1\">\n<p>17:44:00<\/p>\n<\/td>\n<\/tr>\n<tr class=\"table__body__row\">\n<td class=\"table_body__data\" colspan=\"1\">\n<p>89<\/p>\n<\/td>\n<td class=\"table_body__data\" colspan=\"1\">\n<p>Ben Tulett (Team Visma | Lease a Bike)<\/p>\n<\/td>\n<td class=\"table_body__data\" colspan=\"1\">\n<p>17:45:00<\/p>\n<\/td>\n<\/tr>\n<tr class=\"table__body__row\">\n<td class=\"table_body__data\" colspan=\"1\">\n<p>90<\/p>\n<\/td>\n<td class=\"table_body__data\" colspan=\"1\">\n<p>Raul Garcia (Movistar Team)<\/p>\n<\/td>\n<td class=\"table_body__data\" colspan=\"1\">\n<p>17:46:00<\/p>\n<\/td>\n<\/tr>\n<tr class=\"table__body__row\">\n<td class=\"table_body__data\" colspan=\"1\">\n<p>91<\/p>\n<\/td>\n<td class=\"table_body__data\" colspan=\"1\">\n<p>Pablo Torres Arias (UAE Team Emirates XRG)<\/p>\n<\/td>\n<td class=\"table_body__data\" colspan=\"1\">\n<p>17:47:00<\/p>\n<\/td>\n<\/tr>\n<tr class=\"table__body__row\">\n<td class=\"table_body__data\" colspan=\"1\">\n<p>92<\/p>\n<\/td>\n<td class=\"table_body__data\" colspan=\"1\">\n<p>Jordi Meeus (Red Bull &#8211; BORA &#8211; hansgrohe)<\/p>\n<\/td>\n<td class=\"table_body__data\" colspan=\"1\">\n<p>17:48:00<\/p>\n<\/td>\n<\/tr>\n<tr class=\"table__body__row\">\n<td class=\"table_body__data\" colspan=\"1\">\n<p>93<\/p>\n<\/td>\n<td class=\"table_body__data\" colspan=\"1\">\n<p>Ivan Cobo Cayon (Equipo Kern Pharma)<\/p>\n<\/td>\n<td class=\"table_body__data\" colspan=\"1\">\n<p>17:49:00<\/p>\n<\/td>\n<\/tr>\n<tr class=\"table__body__row\">\n<td class=\"table_body__data\" colspan=\"1\">\n<p>94<\/p>\n<\/td>\n<td class=\"table_body__data\" colspan=\"1\">\n<p>Timo Roosen (Team Picnic PostNL)<\/p>\n<\/td>\n<td class=\"table_body__data\" colspan=\"1\">\n<p>17:50:00<\/p>\n<\/td>\n<\/tr>\n<tr class=\"table__body__row\">\n<td class=\"table_body__data\" colspan=\"1\">\n<p>95<\/p>\n<\/td>\n<td class=\"table_body__data\" colspan=\"1\">\n<p>Luca Van Boven (Lotto Intermarch\u00e9)<\/p>\n<\/td>\n<td class=\"table_body__data\" colspan=\"1\">\n<p>17:51:00<\/p>\n<\/td>\n<\/tr>\n<tr class=\"table__body__row\">\n<td class=\"table_body__data\" colspan=\"1\">\n<p>96<\/p>\n<\/td>\n<td class=\"table_body__data\" colspan=\"1\">\n<p>Jose Manuel Diaz Gallego (Burgos-Burpellet-BH)<\/p>\n<\/td>\n<td class=\"table_body__data\" colspan=\"1\">\n<p>17:52:00<\/p>\n<\/td>\n<\/tr>\n<tr class=\"table__body__row\">\n<td class=\"table_body__data\" colspan=\"1\">\n<p>97<\/p>\n<\/td>\n<td class=\"table_body__data\" colspan=\"1\">\n<p>Yevgeniy Fedorov (XDS Astana Team)<\/p>\n<\/td>\n<td class=\"table_body__data\" colspan=\"1\">\n<p>17:53:00<\/p>\n<\/td>\n<\/tr>\n<tr class=\"table__body__row\">\n<td class=\"table_body__data\" colspan=\"1\">\n<p>98<\/p>\n<\/td>\n<td class=\"table_body__data\" colspan=\"1\">\n<p>Arthur Kluckers (Tudor Pro Cycling Team)<\/p>\n<\/td>\n<td class=\"table_body__data\" colspan=\"1\">\n<p>17:54:00<\/p>\n<\/td>\n<\/tr>\n<tr class=\"table__body__row\">\n<td class=\"table_body__data\" colspan=\"1\">\n<p>99<\/p>\n<\/td>\n<td class=\"table_body__data\" colspan=\"1\">\n<p>Vincenzo Albanese (EF Education &#8211; EasyPost)<\/p>\n<\/td>\n<td class=\"table_body__data\" colspan=\"1\">\n<p>17:55:00<\/p>\n<\/td>\n<\/tr>\n<tr class=\"table__body__row\">\n<td class=\"table_body__data\" colspan=\"1\">\n<p>100<\/p>\n<\/td>\n<td class=\"table_body__data\" colspan=\"1\">\n<p>Alessandro Covi (Team Jayco AlUla)<\/p>\n<\/td>\n<td class=\"table_body__data\" colspan=\"1\">\n<p>17:56:00<\/p>\n<\/td>\n<\/tr>\n<tr class=\"table__body__row\">\n<td class=\"table_body__data\" colspan=\"1\">\n<p>101<\/p>\n<\/td>\n<td class=\"table_body__data\" colspan=\"1\">\n<p>Sergio Samitier Samitier (Cofidis)<\/p>\n<\/td>\n<td class=\"table_body__data\" colspan=\"1\">\n<p>17:57:00<\/p>\n<\/td>\n<\/tr>\n<tr class=\"table__body__row\">\n<td class=\"table_body__data\" colspan=\"1\">\n<p>102<\/p>\n<\/td>\n<td class=\"table_body__data\" colspan=\"1\">\n<p>Fredrik Dversnes (Uno-X Mobility)<\/p>\n<\/td>\n<td class=\"table_body__data\" colspan=\"1\">\n<p>17:58:00<\/p>\n<\/td>\n<\/tr>\n<tr class=\"table__body__row\">\n<td class=\"table_body__data\" colspan=\"1\">\n<p>103<\/p>\n<\/td>\n<td class=\"table_body__data\" colspan=\"1\">\n<p>Mikel Landa (Soudal Quick-Step)<\/p>\n<\/td>\n<td class=\"table_body__data\" colspan=\"1\">\n<p>17:59:00<\/p>\n<\/td>\n<\/tr>\n<tr class=\"table__body__row\">\n<td class=\"table_body__data\" colspan=\"1\">\n<p>104<\/p>\n<\/td>\n<td class=\"table_body__data\" colspan=\"1\">\n<p>Moritz Kretschy (NSN Cycling Team)<\/p>\n<\/td>\n<td class=\"table_body__data\" colspan=\"1\">\n<p>18:00:00<\/p>\n<\/td>\n<\/tr>\n<tr class=\"table__body__row\">\n<td class=\"table_body__data\" colspan=\"1\">\n<p>105<\/p>\n<\/td>\n<td class=\"table_body__data\" colspan=\"1\">\n<p>Ramses Debruyne (Alpecin-Premier Tech)<\/p>\n<\/td>\n<td class=\"table_body__data\" colspan=\"1\">\n<p>18:01:00<\/p>\n<\/td>\n<\/tr>\n<tr class=\"table__body__row\">\n<td class=\"table_body__data\" colspan=\"1\">\n<p>106<\/p>\n<\/td>\n<td class=\"table_body__data\" colspan=\"1\">\n<p>Valentin Madouas (Groupama-FDJ United)<\/p>\n<\/td>\n<td class=\"table_body__data\" colspan=\"1\">\n<p>18:02:00<\/p>\n<\/td>\n<\/tr>\n<tr class=\"table__body__row\">\n<td class=\"table_body__data\" colspan=\"1\">\n<p>107<\/p>\n<\/td>\n<td class=\"table_body__data\" colspan=\"1\">\n<p>Julien Bernard (Lidl-Trek)<\/p>\n<\/td>\n<td class=\"table_body__data\" colspan=\"1\">\n<p>18:03:00<\/p>\n<\/td>\n<\/tr>\n<tr class=\"table__body__row\">\n<td class=\"table_body__data\" colspan=\"1\">\n<p>108<\/p>\n<\/td>\n<td class=\"table_body__data\" colspan=\"1\">\n<p>Matev\u017e Govekar (Bahrain Victorious)<\/p>\n<\/td>\n<td class=\"table_body__data\" colspan=\"1\">\n<p>18:04:00<\/p>\n<\/td>\n<\/tr>\n<tr class=\"table__body__row\">\n<td class=\"table_body__data\" colspan=\"1\">\n<p>109<\/p>\n<\/td>\n<td class=\"table_body__data\" colspan=\"1\">\n<p>Jack Haig (Netcompany INEOS Cycling Team)<\/p>\n<\/td>\n<td class=\"table_body__data\" colspan=\"1\">\n<p>18:05:00<\/p>\n<\/td>\n<\/tr>\n<tr class=\"table__body__row\">\n<td class=\"table_body__data\" colspan=\"1\">\n<p>110<\/p>\n<\/td>\n<td class=\"table_body__data\" colspan=\"1\">\n<p>David Gonzalez Lopez (Pinarello-Q36.5 Pro Cycling Team)<\/p>\n<\/td>\n<td class=\"table_body__data\" colspan=\"1\">\n<p>18:06:00<\/p>\n<\/td>\n<\/tr>\n<tr class=\"table__body__row\">\n<td class=\"table_body__data\" colspan=\"1\">\n<p>111<\/p>\n<\/td>\n<td class=\"table_body__data\" colspan=\"1\">\n<p>Andrew Oscar Chamberlain (Decathlon CMA CGM Team)<\/p>\n<\/td>\n<td class=\"table_body__data\" colspan=\"1\">\n<p>18:07:00<\/p>\n<\/td>\n<\/tr>\n<tr class=\"table__body__row\">\n<td class=\"table_body__data\" colspan=\"1\">\n<p>112<\/p>\n<\/td>\n<td class=\"table_body__data\" colspan=\"1\">\n<p>J\u00f8rgen Nordhagen (Team Visma | Lease a Bike)<\/p>\n<\/td>\n<td class=\"table_body__data\" colspan=\"1\">\n<p>18:08:00<\/p>\n<\/td>\n<\/tr>\n<tr class=\"table__body__row\">\n<td class=\"table_body__data\" colspan=\"1\">\n<p>113<\/p>\n<\/td>\n<td class=\"table_body__data\" colspan=\"1\">\n<p>Cian Uijtdebroeks (Movistar Team)<\/p>\n<\/td>\n<td class=\"table_body__data\" colspan=\"1\">\n<p>18:09:00<\/p>\n<\/td>\n<\/tr>\n<tr class=\"table__body__row\">\n<td class=\"table_body__data\" colspan=\"1\">\n<p>114<\/p>\n<\/td>\n<td class=\"table_body__data\" colspan=\"1\">\n<p>Ivo Oliveira (UAE Team Emirates XRG)<\/p>\n<\/td>\n<td class=\"table_body__data\" colspan=\"1\">\n<p>18:10:00<\/p>\n<\/td>\n<\/tr>\n<tr class=\"table__body__row\">\n<td class=\"table_body__data\" colspan=\"1\">\n<p>115<\/p>\n<\/td>\n<td class=\"table_body__data\" colspan=\"1\">\n<p>Luke Tuckwell (Red Bull &#8211; BORA &#8211; hansgrohe)<\/p>\n<\/td>\n<td class=\"table_body__data\" colspan=\"1\">\n<p>18:11:00<\/p>\n<\/td>\n<\/tr>\n<tr class=\"table__body__row\">\n<td class=\"table_body__data\" colspan=\"1\">\n<p>116<\/p>\n<\/td>\n<td class=\"table_body__data\" colspan=\"1\">\n<p>I\u00f1igo Elosegui Mome\u00f1e (Equipo Kern Pharma)<\/p>\n<\/td>\n<td class=\"table_body__data\" colspan=\"1\">\n<p>18:12:00<\/p>\n<\/td>\n<\/tr>\n<tr class=\"table__body__row\">\n<td class=\"table_body__data\" colspan=\"1\">\n<p>117<\/p>\n<\/td>\n<td class=\"table_body__data\" colspan=\"1\">\n<p>Timo De Jong (Team Picnic PostNL)<\/p>\n<\/td>\n<td class=\"table_body__data\" colspan=\"1\">\n<p>18:13:00<\/p>\n<\/td>\n<\/tr>\n<tr class=\"table__body__row\">\n<td class=\"table_body__data\" colspan=\"1\">\n<p>118<\/p>\n<\/td>\n<td class=\"table_body__data\" colspan=\"1\">\n<p>Lars Craps (Lotto Intermarch\u00e9)<\/p>\n<\/td>\n<td class=\"table_body__data\" colspan=\"1\">\n<p>18:14:00<\/p>\n<\/td>\n<\/tr>\n<tr class=\"table__body__row\">\n<td class=\"table_body__data\" colspan=\"1\">\n<p>119<\/p>\n<\/td>\n<td class=\"table_body__data\" colspan=\"1\">\n<p>Clement Alleno (Burgos-Burpellet-BH)<\/p>\n<\/td>\n<td class=\"table_body__data\" colspan=\"1\">\n<p>18:15:00<\/p>\n<\/td>\n<\/tr>\n<tr class=\"table__body__row\">\n<td class=\"table_body__data\" colspan=\"1\">\n<p>120<\/p>\n<\/td>\n<td class=\"table_body__data\" colspan=\"1\">\n<p>Alessandro Romele (XDS Astana Team)<\/p>\n<\/td>\n<td class=\"table_body__data\" colspan=\"1\">\n<p>18:16:00<\/p>\n<\/td>\n<\/tr>\n<tr class=\"table__body__row\">\n<td class=\"table_body__data\" colspan=\"1\">\n<p>121<\/p>\n<\/td>\n<td class=\"table_body__data\" colspan=\"1\">\n<p>Stefan K\u00fcng (Tudor Pro Cycling Team)<\/p>\n<\/td>\n<td class=\"table_body__data\" colspan=\"1\">\n<p>18:17:00<\/p>\n<\/td>\n<\/tr>\n<tr class=\"table__body__row\">\n<td class=\"table_body__data\" colspan=\"1\">\n<p>122<\/p>\n<\/td>\n<td class=\"table_body__data\" colspan=\"1\">\n<p>Alastair Mackellar (EF Education &#8211; EasyPost)<\/p>\n<\/td>\n<td class=\"table_body__data\" colspan=\"1\">\n<p>18:18:00<\/p>\n<\/td>\n<\/tr>\n<tr class=\"table__body__row\">\n<td class=\"table_body__data\" colspan=\"1\">\n<p>123<\/p>\n<\/td>\n<td class=\"table_body__data\" colspan=\"1\">\n<p>Koen Bouwman (Team Jayco AlUla)<\/p>\n<\/td>\n<td class=\"table_body__data\" colspan=\"1\">\n<p>18:19:00<\/p>\n<\/td>\n<\/tr>\n<tr class=\"table__body__row\">\n<td class=\"table_body__data\" colspan=\"1\">\n<p>124<\/p>\n<\/td>\n<td class=\"table_body__data\" colspan=\"1\">\n<p>Alexis Renard (Cofidis)<\/p>\n<\/td>\n<td class=\"table_body__data\" colspan=\"1\">\n<p>18:20:00<\/p>\n<\/td>\n<\/tr>\n<tr class=\"table__body__row\">\n<td class=\"table_body__data\" colspan=\"1\">\n<p>125<\/p>\n<\/td>\n<td class=\"table_body__data\" colspan=\"1\">\n<p>Simon Dalby (Uno-X Mobility)<\/p>\n<\/td>\n<td class=\"table_body__data\" colspan=\"1\">\n<p>18:21:00<\/p>\n<\/td>\n<\/tr>\n<tr class=\"table__body__row\">\n<td class=\"table_body__data\" colspan=\"1\">\n<p>126<\/p>\n<\/td>\n<td class=\"table_body__data\" colspan=\"1\">\n<p>Valentin Paret Peintre (Soudal Quick-Step)<\/p>\n<\/td>\n<td class=\"table_body__data\" colspan=\"1\">\n<p>18:22:00<\/p>\n<\/td>\n<\/tr>\n<tr class=\"table__body__row\">\n<td class=\"table_body__data\" colspan=\"1\">\n<p>127<\/p>\n<\/td>\n<td class=\"table_body__data\" colspan=\"1\">\n<p>Jan Hirt (NSN Cycling Team)<\/p>\n<\/td>\n<td class=\"table_body__data\" colspan=\"1\">\n<p>18:23:00<\/p>\n<\/td>\n<\/tr>\n<tr class=\"table__body__row\">\n<td class=\"table_body__data\" colspan=\"1\">\n<p>128<\/p>\n<\/td>\n<td class=\"table_body__data\" colspan=\"1\">\n<p>Gal Glivar (Alpecin-Premier Tech)<\/p>\n<\/td>\n<td class=\"table_body__data\" colspan=\"1\">\n<p>18:24:00<\/p>\n<\/td>\n<\/tr>\n<tr class=\"table__body__row\">\n<td class=\"table_body__data\" colspan=\"1\">\n<p>129<\/p>\n<\/td>\n<td class=\"table_body__data\" colspan=\"1\">\n<p>Bastien Tronchon (Groupama-FDJ United)<\/p>\n<\/td>\n<td class=\"table_body__data\" colspan=\"1\">\n<p>18:25:00<\/p>\n<\/td>\n<\/tr>\n<tr class=\"table__body__row\">\n<td class=\"table_body__data\" colspan=\"1\">\n<p>130<\/p>\n<\/td>\n<td class=\"table_body__data\" colspan=\"1\">\n<p>Patrick Konrad (Lidl-Trek)<\/p>\n<\/td>\n<td class=\"table_body__data\" colspan=\"1\">\n<p>18:26:00<\/p>\n<\/td>\n<\/tr>\n<tr class=\"table__body__row\">\n<td class=\"table_body__data\" colspan=\"1\">\n<p>131<\/p>\n<\/td>\n<td class=\"table_body__data\" colspan=\"1\">\n<p>Mathijs Paasschens (Bahrain Victorious)<\/p>\n<\/td>\n<td class=\"table_body__data\" colspan=\"1\">\n<p>18:27:00<\/p>\n<\/td>\n<\/tr>\n<tr class=\"table__body__row\">\n<td class=\"table_body__data\" colspan=\"1\">\n<p>132<\/p>\n<\/td>\n<td class=\"table_body__data\" colspan=\"1\">\n<p>Axel Laurance (Netcompany INEOS Cycling Team)<\/p>\n<\/td>\n<td class=\"table_body__data\" colspan=\"1\">\n<p>18:28:00<\/p>\n<\/td>\n<\/tr>\n<tr class=\"table__body__row\">\n<td class=\"table_body__data\" colspan=\"1\">\n<p>133<\/p>\n<\/td>\n<td class=\"table_body__data\" colspan=\"1\">\n<p>Marcel Camprubi Pijuan (Pinarello-Q36.5 Pro Cycling Team)<\/p>\n<\/td>\n<td class=\"table_body__data\" colspan=\"1\">\n<p>18:29:00<\/p>\n<\/td>\n<\/tr>\n<tr class=\"table__body__row\">\n<td class=\"table_body__data\" colspan=\"1\">\n<p>134<\/p>\n<\/td>\n<td class=\"table_body__data\" colspan=\"1\">\n<p>L\u00e9o Bisiaux (Decathlon CMA CGM Team)<\/p>\n<\/td>\n<td class=\"table_body__data\" colspan=\"1\">\n<p>18:30:00<\/p>\n<\/td>\n<\/tr>\n<tr class=\"table__body__row\">\n<td class=\"table_body__data\" colspan=\"1\">\n<p>135<\/p>\n<\/td>\n<td class=\"table_body__data\" colspan=\"1\">\n<p>Steven Kruijswijk (Team Visma | Lease a Bike)<\/p>\n<\/td>\n<td class=\"table_body__data\" colspan=\"1\">\n<p>18:31:00<\/p>\n<\/td>\n<\/tr>\n<tr class=\"table__body__row\">\n<td class=\"table_body__data\" colspan=\"1\">\n<p>136<\/p>\n<\/td>\n<td class=\"table_body__data\" colspan=\"1\">\n<p>Pablo Castrillo (Movistar Team)<\/p>\n<\/td>\n<td class=\"table_body__data\" colspan=\"1\">\n<p>18:32:00<\/p>\n<\/td>\n<\/tr>\n<tr class=\"table__body__row\">\n<td class=\"table_body__data\" colspan=\"1\">\n<p>137<\/p>\n<\/td>\n<td class=\"table_body__data\" colspan=\"1\">\n<p>Jay Vine (UAE Team Emirates XRG)<\/p>\n<\/td>\n<td class=\"table_body__data\" colspan=\"1\">\n<p>18:33:00<\/p>\n<\/td>\n<\/tr>\n<tr class=\"table__body__row\">\n<td class=\"table_body__data\" colspan=\"1\">\n<p>138<\/p>\n<\/td>\n<td class=\"table_body__data\" colspan=\"1\">\n<p>Callum Thornley (Red Bull &#8211; BORA &#8211; hansgrohe)<\/p>\n<\/td>\n<td class=\"table_body__data\" colspan=\"1\">\n<p>18:34:00<\/p>\n<\/td>\n<\/tr>\n<tr class=\"table__body__row\">\n<td class=\"table_body__data\" colspan=\"1\">\n<p>139<\/p>\n<\/td>\n<td class=\"table_body__data\" colspan=\"1\">\n<p>Ibon Ruiz Sedano (Equipo Kern Pharma)<\/p>\n<\/td>\n<td class=\"table_body__data\" colspan=\"1\">\n<p>18:35:00<\/p>\n<\/td>\n<\/tr>\n<tr class=\"table__body__row\">\n<td class=\"table_body__data\" colspan=\"1\">\n<p>140<\/p>\n<\/td>\n<td class=\"table_body__data\" colspan=\"1\">\n<p>Mattia Gaffuri (Team Picnic PostNL)<\/p>\n<\/td>\n<td class=\"table_body__data\" colspan=\"1\">\n<p>18:36:00<\/p>\n<\/td>\n<\/tr>\n<tr class=\"table__body__row\">\n<td class=\"table_body__data\" colspan=\"1\">\n<p>141<\/p>\n<\/td>\n<td class=\"table_body__data\" colspan=\"1\">\n<p>Roel Van Sintmaartensdijk (Lotto Intermarch\u00e9)<\/p>\n<\/td>\n<td class=\"table_body__data\" colspan=\"1\">\n<p>18:37:00<\/p>\n<\/td>\n<\/tr>\n<tr class=\"table__body__row\">\n<td class=\"table_body__data\" colspan=\"1\">\n<p>142<\/p>\n<\/td>\n<td class=\"table_body__data\" colspan=\"1\">\n<p>Jose Luis Faura Asensio (Burgos-Burpellet-BH)<\/p>\n<\/td>\n<td class=\"table_body__data\" colspan=\"1\">\n<p>18:38:00<\/p>\n<\/td>\n<\/tr>\n<tr class=\"table__body__row\">\n<td class=\"table_body__data\" colspan=\"1\">\n<p>143<\/p>\n<\/td>\n<td class=\"table_body__data\" colspan=\"1\">\n<p>Victor Langellotti (XDS Astana Team)<\/p>\n<\/td>\n<td class=\"table_body__data\" colspan=\"1\">\n<p>18:39:00<\/p>\n<\/td>\n<\/tr>\n<tr class=\"table__body__row\">\n<td class=\"table_body__data\" colspan=\"1\">\n<p>144<\/p>\n<\/td>\n<td class=\"table_body__data\" colspan=\"1\">\n<p>Marco Brenner (Tudor Pro Cycling Team)<\/p>\n<\/td>\n<td class=\"table_body__data\" colspan=\"1\">\n<p>18:40:00<\/p>\n<\/td>\n<\/tr>\n<tr class=\"table__body__row\">\n<td class=\"table_body__data\" colspan=\"1\">\n<p>145<\/p>\n<\/td>\n<td class=\"table_body__data\" colspan=\"1\">\n<p>James Shaw (EF Education &#8211; EasyPost)<\/p>\n<\/td>\n<td class=\"table_body__data\" colspan=\"1\">\n<p>18:41:00<\/p>\n<\/td>\n<\/tr>\n<tr class=\"table__body__row\">\n<td class=\"table_body__data\" colspan=\"1\">\n<p>146<\/p>\n<\/td>\n<td class=\"table_body__data\" colspan=\"1\">\n<p>Hamish McKenzie (Team Jayco AlUla)<\/p>\n<\/td>\n<td class=\"table_body__data\" colspan=\"1\">\n<p>18:42:00<\/p>\n<\/td>\n<\/tr>\n<tr class=\"table__body__row\">\n<td class=\"table_body__data\" colspan=\"1\">\n<p>147<\/p>\n<\/td>\n<td class=\"table_body__data\" colspan=\"1\">\n<p>Emanuel Buchmann (Cofidis)<\/p>\n<\/td>\n<td class=\"table_body__data\" colspan=\"1\">\n<p>18:43:00<\/p>\n<\/td>\n<\/tr>\n<tr class=\"table__body__row\">\n<td class=\"table_body__data\" colspan=\"1\">\n<p>148<\/p>\n<\/td>\n<td class=\"table_body__data\" colspan=\"1\">\n<p>Rasmus Tiller (Uno-X Mobility)<\/p>\n<\/td>\n<td class=\"table_body__data\" colspan=\"1\">\n<p>18:44:00<\/p>\n<\/td>\n<\/tr>\n<tr class=\"table__body__row\">\n<td class=\"table_body__data\" colspan=\"1\">\n<p>149<\/p>\n<\/td>\n<td class=\"table_body__data\" colspan=\"1\">\n<p>Filippo Zana (Soudal Quick-Step)<\/p>\n<\/td>\n<td class=\"table_body__data\" colspan=\"1\">\n<p>18:45:00<\/p>\n<\/td>\n<\/tr>\n<tr class=\"table__body__row\">\n<td class=\"table_body__data\" colspan=\"1\">\n<p>150<\/p>\n<\/td>\n<td class=\"table_body__data\" colspan=\"1\">\n<p>George Bennett (NSN Cycling Team)<\/p>\n<\/td>\n<td class=\"table_body__data\" colspan=\"1\">\n<p>18:46:00<\/p>\n<\/td>\n<\/tr>\n<tr class=\"table__body__row\">\n<td class=\"table_body__data\" colspan=\"1\">\n<p>151<\/p>\n<\/td>\n<td class=\"table_body__data\" colspan=\"1\">\n<p>Michael Gogl (Alpecin-Premier Tech)<\/p>\n<\/td>\n<td class=\"table_body__data\" colspan=\"1\">\n<p>18:47:00<\/p>\n<\/td>\n<\/tr>\n<tr class=\"table__body__row\">\n<td class=\"table_body__data\" colspan=\"1\">\n<p>152<\/p>\n<\/td>\n<td class=\"table_body__data\" colspan=\"1\">\n<p>Rudy Molard (Groupama-FDJ United)<\/p>\n<\/td>\n<td class=\"table_body__data\" colspan=\"1\">\n<p>18:48:00<\/p>\n<\/td>\n<\/tr>\n<tr class=\"table__body__row\">\n<td class=\"table_body__data\" colspan=\"1\">\n<p>153<\/p>\n<\/td>\n<td class=\"table_body__data\" colspan=\"1\">\n<p>Lennard K\u00e4mna (Lidl-Trek)<\/p>\n<\/td>\n<td class=\"table_body__data\" colspan=\"1\">\n<p>18:49:00<\/p>\n<\/td>\n<\/tr>\n<tr class=\"table__body__row\">\n<td class=\"table_body__data\" colspan=\"1\">\n<p>154<\/p>\n<\/td>\n<td class=\"table_body__data\" colspan=\"1\">\n<p>Attila Valter (Bahrain Victorious)<\/p>\n<\/td>\n<td class=\"table_body__data\" colspan=\"1\">\n<p>18:50:00<\/p>\n<\/td>\n<\/tr>\n<tr class=\"table__body__row\">\n<td class=\"table_body__data\" colspan=\"1\">\n<p>155<\/p>\n<\/td>\n<td class=\"table_body__data\" colspan=\"1\">\n<p>Joshua Tarling (Netcompany INEOS Cycling Team)<\/p>\n<\/td>\n<td class=\"table_body__data\" colspan=\"1\">\n<p>18:51:00<\/p>\n<\/td>\n<\/tr>\n<tr class=\"table__body__row\">\n<td class=\"table_body__data\" colspan=\"1\">\n<p>156<\/p>\n<\/td>\n<td class=\"table_body__data\" colspan=\"1\">\n<p>Xabier Azparren Irurzun (Pinarello-Q36.5 Pro Cycling Team)<\/p>\n<\/td>\n<td class=\"table_body__data\" colspan=\"1\">\n<p>18:52:00<\/p>\n<\/td>\n<\/tr>\n<tr class=\"table__body__row\">\n<td class=\"table_body__data\" colspan=\"1\">\n<p>157<\/p>\n<\/td>\n<td class=\"table_body__data\" colspan=\"1\">\n<p>Gregor M\u00fchlberger (Decathlon CMA CGM Team)<\/p>\n<\/td>\n<td class=\"table_body__data\" colspan=\"1\">\n<p>18:53:00<\/p>\n<\/td>\n<\/tr>\n<tr class=\"table__body__row\">\n<td class=\"table_body__data\" colspan=\"1\">\n<p>158<\/p>\n<\/td>\n<td class=\"table_body__data\" colspan=\"1\">\n<p>Christophe Laporte (Team Visma | Lease a Bike)<\/p>\n<\/td>\n<td class=\"table_body__data\" colspan=\"1\">\n<p>18:54:00<\/p>\n<\/td>\n<\/tr>\n<tr class=\"table__body__row\">\n<td class=\"table_body__data\" colspan=\"1\">\n<p>159<\/p>\n<\/td>\n<td class=\"table_body__data\" colspan=\"1\">\n<p>Enric Mas (Movistar Team)<\/p>\n<\/td>\n<td class=\"table_body__data\" colspan=\"1\">\n<p>18:55:00<\/p>\n<\/td>\n<\/tr>\n<tr class=\"table__body__row\">\n<td class=\"table_body__data\" colspan=\"1\">\n<p>160<\/p>\n<\/td>\n<td class=\"table_body__data\" colspan=\"1\">\n<p>Joao Almeida (UAE Team Emirates XRG)<\/p>\n<\/td>\n<td class=\"table_body__data\" colspan=\"1\">\n<p>18:56:00<\/p>\n<\/td>\n<\/tr>\n<tr class=\"table__body__row\">\n<td class=\"table_body__data\" colspan=\"1\">\n<p>161<\/p>\n<\/td>\n<td class=\"table_body__data\" colspan=\"1\">\n<p>Finn Fisher &#8211; Black (Red Bull &#8211; BORA &#8211; hansgrohe)<\/p>\n<\/td>\n<td class=\"table_body__data\" colspan=\"1\">\n<p>18:57:00<\/p>\n<\/td>\n<\/tr>\n<tr class=\"table__body__row\">\n<td class=\"table_body__data\" colspan=\"1\">\n<p>162<\/p>\n<\/td>\n<td class=\"table_body__data\" colspan=\"1\">\n<p>Urko Berrade Fernandez (Equipo Kern Pharma)<\/p>\n<\/td>\n<td class=\"table_body__data\" colspan=\"1\">\n<p>18:58:00<\/p>\n<\/td>\n<\/tr>\n<tr class=\"table__body__row\">\n<td class=\"table_body__data\" colspan=\"1\">\n<p>163<\/p>\n<\/td>\n<td class=\"table_body__data\" colspan=\"1\">\n<p>Henri Fran\u00e7ois Renard Haquin (Team Picnic PostNL)<\/p>\n<\/td>\n<td class=\"table_body__data\" colspan=\"1\">\n<p>18:59:00<\/p>\n<\/td>\n<\/tr>\n<tr class=\"table__body__row\">\n<td class=\"table_body__data\" colspan=\"1\">\n<p>164<\/p>\n<\/td>\n<td class=\"table_body__data\" colspan=\"1\">\n<p>Steffen De Schuyteneerd (Lotto Intermarch\u00e9)<\/p>\n<\/td>\n<td class=\"table_body__data\" colspan=\"1\">\n<p>19:00:00<\/p>\n<\/td>\n<\/tr>\n<tr class=\"table__body__row\">\n<td class=\"table_body__data\" colspan=\"1\">\n<p>165<\/p>\n<\/td>\n<td class=\"table_body__data\" colspan=\"1\">\n<p>Jesus Herrada (Burgos-Burpellet-BH)<\/p>\n<\/td>\n<td class=\"table_body__data\" colspan=\"1\">\n<p>19:01:00<\/p>\n<\/td>\n<\/tr>\n<tr class=\"table__body__row\">\n<td class=\"table_body__data\" colspan=\"1\">\n<p>166<\/p>\n<\/td>\n<td class=\"table_body__data\" colspan=\"1\">\n<p>Harold Tejada (XDS Astana Team)<\/p>\n<\/td>\n<td class=\"table_body__data\" colspan=\"1\">\n<p>19:02:00<\/p>\n<\/td>\n<\/tr>\n<tr class=\"table__body__row\">\n<td class=\"table_body__data\" colspan=\"1\">\n<p>167<\/p>\n<\/td>\n<td class=\"table_body__data\" colspan=\"1\">\n<p>Lawrence Warbasse (Tudor Pro Cycling Team)<\/p>\n<\/td>\n<td class=\"table_body__data\" colspan=\"1\">\n<p>19:03:00<\/p>\n<\/td>\n<\/tr>\n<tr class=\"table__body__row\">\n<td class=\"table_body__data\" colspan=\"1\">\n<p>168<\/p>\n<\/td>\n<td class=\"table_body__data\" colspan=\"1\">\n<p>Georg Steinhauser (EF Education &#8211; EasyPost)<\/p>\n<\/td>\n<td class=\"table_body__data\" colspan=\"1\">\n<p>19:04:00<\/p>\n<\/td>\n<\/tr>\n<tr class=\"table__body__row\">\n<td class=\"table_body__data\" colspan=\"1\">\n<p>169<\/p>\n<\/td>\n<td class=\"table_body__data\" colspan=\"1\">\n<p>Jasha S\u00fctterlin (Team Jayco AlUla)<\/p>\n<\/td>\n<td class=\"table_body__data\" colspan=\"1\">\n<p>19:05:00<\/p>\n<\/td>\n<\/tr>\n<tr class=\"table__body__row\">\n<td class=\"table_body__data\" colspan=\"1\">\n<p>170<\/p>\n<\/td>\n<td class=\"table_body__data\" colspan=\"1\">\n<p>Alex Kirsch (Cofidis)<\/p>\n<\/td>\n<td class=\"table_body__data\" colspan=\"1\">\n<p>19:06:00<\/p>\n<\/td>\n<\/tr>\n<tr class=\"table__body__row\">\n<td class=\"table_body__data\" colspan=\"1\">\n<p>171<\/p>\n<\/td>\n<td class=\"table_body__data\" colspan=\"1\">\n<p>Martin Tj\u00f8tta (Uno-X Mobility)<\/p>\n<\/td>\n<td class=\"table_body__data\" colspan=\"1\">\n<p>19:07:00<\/p>\n<\/td>\n<\/tr>\n<tr class=\"table__body__row\">\n<td class=\"table_body__data\" colspan=\"1\">\n<p>172<\/p>\n<\/td>\n<td class=\"table_body__data\" colspan=\"1\">\n<p>Ethan Edward Hayter (Soudal Quick-Step)<\/p>\n<\/td>\n<td class=\"table_body__data\" colspan=\"1\">\n<p>19:08:00<\/p>\n<\/td>\n<\/tr>\n<tr class=\"table__body__row\">\n<td class=\"table_body__data\" colspan=\"1\">\n<p>173<\/p>\n<\/td>\n<td class=\"table_body__data\" colspan=\"1\">\n<p>Alexey Lutsenko (NSN Cycling Team)<\/p>\n<\/td>\n<td class=\"table_body__data\" colspan=\"1\">\n<p>19:09:00<\/p>\n<\/td>\n<\/tr>\n<tr class=\"table__body__row\">\n<td class=\"table_body__data\" colspan=\"1\">\n<p>174<\/p>\n<\/td>\n<td class=\"table_body__data\" colspan=\"1\">\n<p>Hugo Houle (Alpecin-Premier Tech)<\/p>\n<\/td>\n<td class=\"table_body__data\" colspan=\"1\">\n<p>19:10:00<\/p>\n<\/td>\n<\/tr>\n<tr class=\"table__body__row\">\n<td class=\"table_body__data\" colspan=\"1\">\n<p>175<\/p>\n<\/td>\n<td class=\"table_body__data\" colspan=\"1\">\n<p>Enzo Paleni (Groupama-FDJ United)<\/p>\n<\/td>\n<td class=\"table_body__data\" colspan=\"1\">\n<p>19:11:00<\/p>\n<\/td>\n<\/tr>\n<tr class=\"table__body__row\">\n<td class=\"table_body__data\" colspan=\"1\">\n<p>176<\/p>\n<\/td>\n<td class=\"table_body__data\" colspan=\"1\">\n<p>Mads Pedersen (Lidl-Trek)<\/p>\n<\/td>\n<td class=\"table_body__data\" colspan=\"1\">\n<p>19:12:00<\/p>\n<\/td>\n<\/tr>\n<tr class=\"table__body__row\">\n<td class=\"table_body__data\" colspan=\"1\">\n<p>177<\/p>\n<\/td>\n<td class=\"table_body__data\" colspan=\"1\">\n<p>Roman Ermakov (Bahrain Victorious)<\/p>\n<\/td>\n<td class=\"table_body__data\" colspan=\"1\">\n<p>19:13:00<\/p>\n<\/td>\n<\/tr>\n<tr class=\"table__body__row\">\n<td class=\"table_body__data\" colspan=\"1\">\n<p>178<\/p>\n<\/td>\n<td class=\"table_body__data\" colspan=\"1\">\n<p>Ben Turner (Netcompany INEOS Cycling Team)<\/p>\n<\/td>\n<td class=\"table_body__data\" colspan=\"1\">\n<p>19:14:00<\/p>\n<\/td>\n<\/tr>\n<tr class=\"table__body__row\">\n<td class=\"table_body__data\" colspan=\"1\">\n<p>179<\/p>\n<\/td>\n<td class=\"table_body__data\" colspan=\"1\">\n<p>David De La Cruz (Pinarello-Q36.5 Pro Cycling Team)<\/p>\n<\/td>\n<td class=\"table_body__data\" colspan=\"1\">\n<p>19:15:00<\/p>\n<\/td>\n<\/tr>\n<tr class=\"table__body__row\">\n<td class=\"table_body__data\" colspan=\"1\">\n<p>180<\/p>\n<\/td>\n<td class=\"table_body__data\" colspan=\"1\">\n<p>Callum Scotson (Decathlon CMA CGM Team)<\/p>\n<\/td>\n<td class=\"table_body__data\" colspan=\"1\">\n<p>19:16:00<\/p>\n<\/td>\n<\/tr>\n<tr class=\"table__body__row\">\n<td class=\"table_body__data\" colspan=\"1\">\n<p>181<\/p>\n<\/td>\n<td class=\"table_body__data\" colspan=\"1\">\n<p>Wout Van Aert (Team Visma | Lease a Bike)<\/p>\n<\/td>\n<td class=\"table_body__data\" colspan=\"1\">\n<p>19:17:00<\/p>\n<\/td>\n<\/tr>\n<tr class=\"table__body__row\">\n<td class=\"table_body__data\" colspan=\"1\">\n<p>182<\/p>\n<\/td>\n<td class=\"table_body__data\" colspan=\"1\">\n<p>Ivan Romeo Abad (Movistar Team)<\/p>\n<\/td>\n<td class=\"table_body__data\" colspan=\"1\">\n<p>19:18:00<\/p>\n<\/td>\n<\/tr>\n<tr class=\"table__body__row\">\n<td class=\"table_body__data\" colspan=\"1\">\n<p>183<\/p>\n<\/td>\n<td class=\"table_body__data\" colspan=\"1\">\n<p>Tadej Pogacar (UAE Team Emirates XRG)<\/p>\n<\/td>\n<td class=\"table_body__data\" colspan=\"1\">\n<p>19:19:00<\/p>\n<\/td>\n<\/tr>\n<tr class=\"table__body__row\">\n<td class=\"table_body__data\" colspan=\"1\">\n<p>184<\/p>\n<\/td>\n<td class=\"table_body__data\" colspan=\"1\">\n<p>Primoz Roglic (Red Bull &#8211; BORA &#8211; hansgrohe)<\/p>\n<\/td>\n<td class=\"table_body__data\" colspan=\"1\">\n<p>19:20:00<\/p>\n<\/td>\n<\/tr>\n<\/tbody>\n<\/table>\n<\/div>\n<\/div>\n<\/div>\n<div id=\"slice-container-authorBio-4tvHErpboEtFVdarvA7NMi\" class=\"slice-container slice-author-bio authorBio-4tvHErpboEtFVdarvA7NMi slice-container-authorBio\">\n<div class=\"author author__default-layout author--separator author--collapsible\" data-hydrate=\"true\">\n<div class=\"author__header\">\n<div class=\"author__avatar-block\">\n<figure class=\"image-wrapped__wrapper\" data-bordeaux-image-check=\"false\">\n<div class=\"image-wrapped__widthsetter\">\n<div class=\"image-wrapped__aspect-padding\">\n<div><source class=\"author__avatar image-wrapped__image image__image\" type=\"image\/gif\" srcset=\"https:\/\/cdn.mos.cms.futurecdn.net\/fnfpSfuM3neaK9DtSrBcKF-140-80.gif 140w\" sizes=\"99vw\" data-normal=\"https:\/\/cdn.mos.cms.futurecdn.net\/fnfpSfuM3neaK9DtSrBcKF.gif\" data-original-mos=\"https:\/\/cdn.mos.cms.futurecdn.net\/fnfpSfuM3neaK9DtSrBcKF.gif\" data-pin-media=\"https:\/\/cdn.mos.cms.futurecdn.net\/fnfpSfuM3neaK9DtSrBcKF.gif\" data-pin-nopin=\"true\" data-slice-image=\"true\" \/><\/div>\n<\/div>\n<\/div>\n<\/figure>\n<\/div>\n<div class=\"author__heading\">\n<div class=\"author__name\">Jackie Tyson<\/div>\n<div class=\"author__social\">\n<nav class=\"button-social-group author__social-buttons\" aria-labelledby=\"button-social-group- author__social-buttons\">\n<div id=\"button-social-group- author__social-buttons\">Social Links Navigation<\/div>\n<\/nav>\n<\/div>\n<div class=\"author__role\">North American Editor<\/div>\n<\/div>\n<\/div>\n<div class=\"author__bio-wrapper\">\n<div class=\"author__biography\">\n<p>Jackie has been involved in professional sports for more than 30 years in news reporting, sports marketing and public relations. She founded Peloton Sports in 1998, a sports marketing and public relations agency, which managed projects for Tour de Georgia, Larry H. Miller Tour of Utah and USA Cycling. She also founded Bike Alpharetta Inc, a Georgia non-profit to promote safe cycling. She is proud to have worked in professional baseball for six years &#8211; from selling advertising to pulling the tarp for several minor league teams. On the bike, she has climbed l&#8217;Alpe d&#8217;Huez three times (not fast), and spends time on gravel around horse farms in north Georgia.<\/p>\n<\/div>\n<\/div>\n<\/div>\n<\/div>\n<\/section>\n<div class=\"relative max-w-[1070px] viafoura-twig-component mt-6 mx-4 lg:mx-0\" data-component-name=\"Viafoura:Comments\" data-nosnippet data-community-guidelines-text=\"&lt;p class=&apos;vfcustom-community-guidelines&apos;&gt;Please follow our &lt;a href=&quot;https:\/\/www.cyclingnews.com\/about\/#section-community-guidelines&quot; target=&quot;_blank&quot;&gt;community guidelines&lt;\/a&gt;.&lt;\/p&gt;\" data-join-the-conversation-text=\"Join the Conversation\">\n<div class=\"absolute top-0 left-0 w-full h-full flex items-center justify-center z-50 bg-white\/90 border-1 rounded-b-[var(--comment-widget-border-radius,0)]\">\n<div class=\"p-2 text-center\">\n<p class=\"mb-3 text-lg!\">You must confirm your public display name before commenting<\/p>\n<p class=\"mb-3 text-sm!\">Please logout and then login again, you will then be prompted to enter your display name.<\/p>\n<\/div>\n<\/div>\n<\/div>\n<section class=\"mx-2 my-5 sm:mx-0\">\n<aside class=\"w-full\" data-nosnippet data-mrf-recirculation=\"article-river-stacked\">\n<div data-recirc-id=\"article-river-stacked-adviser:hybrid\">\n<div class=\"text-white py-4 px-3 mb-4 bg-[#333] uppercase font-bold custom-header-styles\">Read more<\/div>\n<div class=\"grid grid-cols-1 gap-4 mt-4 mb-5\">\n<div>\n<div class=\"aspect-[var(--img-listing-aspect-ratio,16\/9)] relative mb-3.5\">\n    <source type=\"image\/webp\" srcset=\"https:\/\/cdn.mos.cms.futurecdn.net\/tFhehGafxvcwERxgH7Ga2C-840-80.jpg.webp 840w, https:\/\/cdn.mos.cms.futurecdn.net\/tFhehGafxvcwERxgH7Ga2C-650-80.jpg.webp 650w, https:\/\/cdn.mos.cms.futurecdn.net\/tFhehGafxvcwERxgH7Ga2C-500-80.jpg.webp 500w, https:\/\/cdn.mos.cms.futurecdn.net\/tFhehGafxvcwERxgH7Ga2C-450-80.jpg.webp 450w, https:\/\/cdn.mos.cms.futurecdn.net\/tFhehGafxvcwERxgH7Ga2C-320-80.jpg.webp 320w\" sizes=\"(min-width: 900px) 925px, (min-width: 700px) 450px, calc(100vw - 48px)\" \/><\/div>\n<p><span class=\"custom-subheading-styles\">Racing<\/span><span class=\"text-base text-black font-bold mx-0 my-2.5 p-0 block custom-text-styles\">Tour de France stage 16 time trial start times \u2013 When Poga\u010dar, Evenepoel, Ganna and more will roll down the ramp for 21.6km TT<\/span><\/div>\n<div class=\"relative recirc-feed sponsored-card min-h-[250px]\" data-recirc-id=\"article-river-stacked-ads:native-cards\" data-mrf-recirculation=\"article-river-ads\" data-nosnippet data-ad-slot-path=\"feed-sponsored-post\" data-attribute-device=\"all\">\n<div class=\"max-w-full sponsored-post--placeholder animate-pulse\">\n<div class=\"relative!\"><span class=\"text-base text-black font-bold mx-0 my-2.5 p-0 block bg-gray-100\">\u00a0<br \/>\u00a0<\/span><\/div>\n<\/div>\n<\/div>\n<div>\n<div class=\"aspect-[var(--img-listing-aspect-ratio,16\/9)] relative mb-3.5\">\n    <source type=\"image\/webp\" srcset=\"https:\/\/cdn.mos.cms.futurecdn.net\/tfLM6usLQ7FSegycrtArMn-840-80.jpg.webp 840w, https:\/\/cdn.mos.cms.futurecdn.net\/tfLM6usLQ7FSegycrtArMn-650-80.jpg.webp 650w, https:\/\/cdn.mos.cms.futurecdn.net\/tfLM6usLQ7FSegycrtArMn-500-80.jpg.webp 500w, https:\/\/cdn.mos.cms.futurecdn.net\/tfLM6usLQ7FSegycrtArMn-450-80.jpg.webp 450w, https:\/\/cdn.mos.cms.futurecdn.net\/tfLM6usLQ7FSegycrtArMn-320-80.jpg.webp 320w\" sizes=\"(min-width: 900px) 925px, (min-width: 700px) 450px, calc(100vw - 48px)\" \/><\/div>\n<p><span class=\"custom-subheading-styles\">Teams &amp; Riders<\/span><span class=\"text-base text-black font-bold mx-0 my-2.5 p-0 block custom-text-styles\">&#8216;It could be an opportunity to be close in GC&#8217; &#8211; Opening time trial in Monaco enticing incentive for Wout van Aert&#8217;s return to Vuelta a Espa\u00f1a<\/span><\/div>\n<div class=\"relative recirc-feed sponsored-card min-h-[250px]\" data-recirc-id=\"article-river-stacked-ads:native-cards\" data-mrf-recirculation=\"article-river-ads\" data-nosnippet data-ad-slot-path=\"feed-sponsored-post\" data-attribute-device=\"all\">\n<div class=\"max-w-full sponsored-post--placeholder animate-pulse\">\n<div class=\"relative!\"><span class=\"text-base text-black font-bold mx-0 my-2.5 p-0 block bg-gray-100\">\u00a0<br \/>\u00a0<\/span><\/div>\n<\/div>\n<\/div>\n<div>\n<div class=\"aspect-[var(--img-listing-aspect-ratio,16\/9)] relative mb-3.5\">\n    <source type=\"image\/webp\" srcset=\"https:\/\/cdn.mos.cms.futurecdn.net\/yiLng7foYBcQMgyUhYhk7e-840-80.jpg.webp 840w, https:\/\/cdn.mos.cms.futurecdn.net\/yiLng7foYBcQMgyUhYhk7e-650-80.jpg.webp 650w, https:\/\/cdn.mos.cms.futurecdn.net\/yiLng7foYBcQMgyUhYhk7e-500-80.jpg.webp 500w, https:\/\/cdn.mos.cms.futurecdn.net\/yiLng7foYBcQMgyUhYhk7e-450-80.jpg.webp 450w, https:\/\/cdn.mos.cms.futurecdn.net\/yiLng7foYBcQMgyUhYhk7e-320-80.jpg.webp 320w\" sizes=\"(min-width: 900px) 925px, (min-width: 700px) 450px, calc(100vw - 48px)\" \/><\/div>\n<p><span class=\"custom-subheading-styles\">Racing<\/span><span class=\"text-base text-black font-bold mx-0 my-2.5 p-0 block custom-text-styles\">Who will secure the first yellow jersey of the Tour de France? Stage 1 team time trial start times<\/span><\/div>\n<div class=\"relative recirc-feed sponsored-card min-h-[250px]\" data-recirc-id=\"article-river-stacked-ads:native-cards\" data-mrf-recirculation=\"article-river-ads\" data-nosnippet data-ad-slot-path=\"feed-sponsored-post\" data-attribute-device=\"all\">\n<div class=\"max-w-full sponsored-post--placeholder animate-pulse\">\n<div class=\"relative!\"><span class=\"text-base text-black font-bold mx-0 my-2.5 p-0 block bg-gray-100\">\u00a0<br \/>\u00a0<\/span><\/div>\n<\/div>\n<\/div>\n<div>\n<div class=\"aspect-[var(--img-listing-aspect-ratio,16\/9)] relative mb-3.5\">\n    <source type=\"image\/webp\" srcset=\"https:\/\/cdn.mos.cms.futurecdn.net\/BJ5KfsricL4MyLvzejBQRF-840-80.jpg.webp 840w, https:\/\/cdn.mos.cms.futurecdn.net\/BJ5KfsricL4MyLvzejBQRF-650-80.jpg.webp 650w, https:\/\/cdn.mos.cms.futurecdn.net\/BJ5KfsricL4MyLvzejBQRF-500-80.jpg.webp 500w, https:\/\/cdn.mos.cms.futurecdn.net\/BJ5KfsricL4MyLvzejBQRF-450-80.jpg.webp 450w, https:\/\/cdn.mos.cms.futurecdn.net\/BJ5KfsricL4MyLvzejBQRF-320-80.jpg.webp 320w\" sizes=\"(min-width: 900px) 925px, (min-width: 700px) 450px, calc(100vw - 48px)\" \/><\/div>\n<p><span class=\"custom-subheading-styles\">Racing<\/span><span class=\"text-base text-black font-bold mx-0 my-2.5 p-0 block custom-text-styles\">Giro d&#8217;Italia women stage 4 time trial start times<\/span><\/div>\n<div class=\"relative recirc-feed sponsored-card min-h-[250px]\" data-recirc-id=\"article-river-stacked-ads:native-cards\" data-mrf-recirculation=\"article-river-ads\" data-nosnippet data-ad-slot-path=\"feed-sponsored-post\" data-attribute-device=\"all\">\n<div class=\"max-w-full sponsored-post--placeholder animate-pulse\">\n<div class=\"relative!\"><span class=\"text-base text-black font-bold mx-0 my-2.5 p-0 block bg-gray-100\">\u00a0<br \/>\u00a0<\/span><\/div>\n<\/div>\n<\/div>\n<div>\n<div class=\"aspect-[var(--img-listing-aspect-ratio,16\/9)] relative mb-3.5\">\n    <source type=\"image\/webp\" srcset=\"https:\/\/cdn.mos.cms.futurecdn.net\/B3jSJZ9hH8SKgVMX5ZorvU-840-80.png.webp 840w, https:\/\/cdn.mos.cms.futurecdn.net\/B3jSJZ9hH8SKgVMX5ZorvU-650-80.png.webp 650w, https:\/\/cdn.mos.cms.futurecdn.net\/B3jSJZ9hH8SKgVMX5ZorvU-500-80.png.webp 500w, https:\/\/cdn.mos.cms.futurecdn.net\/B3jSJZ9hH8SKgVMX5ZorvU-450-80.png.webp 450w, https:\/\/cdn.mos.cms.futurecdn.net\/B3jSJZ9hH8SKgVMX5ZorvU-320-80.png.webp 320w\" sizes=\"(min-width: 900px) 925px, (min-width: 700px) 450px, calc(100vw - 48px)\" \/><\/div>\n<p><span class=\"custom-subheading-styles\">Racing<\/span><span class=\"text-base text-black font-bold mx-0 my-2.5 p-0 block custom-text-styles\">Tour de France 2026 stage 1 preview \u2013 Poga\u010dar, Vingegaard and Evenepoel battle it out for first yellow jersey in team time trial, but can Ineos spoil the GC party?<\/span><\/div>\n<div class=\"relative recirc-feed sponsored-card min-h-[250px]\" data-recirc-id=\"article-river-stacked-ads:native-cards\" data-mrf-recirculation=\"article-river-ads\" data-nosnippet data-ad-slot-path=\"feed-sponsored-post\" data-attribute-device=\"all\">\n<div class=\"max-w-full sponsored-post--placeholder animate-pulse\">\n<div class=\"relative!\"><span class=\"text-base text-black font-bold mx-0 my-2.5 p-0 block bg-gray-100\">\u00a0<br \/>\u00a0<\/span><\/div>\n<\/div>\n<\/div>\n<div>\n<div class=\"aspect-[var(--img-listing-aspect-ratio,16\/9)] relative mb-3.5\">\n    <source type=\"image\/webp\" srcset=\"https:\/\/cdn.mos.cms.futurecdn.net\/fJJxXLdzBYSDFcWRkPpb7j-840-80.png.webp 840w, https:\/\/cdn.mos.cms.futurecdn.net\/fJJxXLdzBYSDFcWRkPpb7j-650-80.png.webp 650w, https:\/\/cdn.mos.cms.futurecdn.net\/fJJxXLdzBYSDFcWRkPpb7j-500-80.png.webp 500w, https:\/\/cdn.mos.cms.futurecdn.net\/fJJxXLdzBYSDFcWRkPpb7j-450-80.png.webp 450w, https:\/\/cdn.mos.cms.futurecdn.net\/fJJxXLdzBYSDFcWRkPpb7j-320-80.png.webp 320w\" sizes=\"(min-width: 900px) 925px, (min-width: 700px) 450px, calc(100vw - 48px)\" \/><\/div>\n<p><span class=\"custom-subheading-styles\">Streaming<\/span><span class=\"text-base text-black font-bold mx-0 my-2.5 p-0 block custom-text-styles\">How to watch Vuelta a Espa\u00f1a 2026 \u2013 Live streams and official broadcasters (Stage 1)<\/span><\/div>\n<div class=\"relative recirc-feed sponsored-card min-h-[250px]\" data-recirc-id=\"article-river-stacked-ads:native-cards\" data-mrf-recirculation=\"article-river-ads\" data-nosnippet data-ad-slot-path=\"feed-sponsored-post\" data-attribute-device=\"all\">\n<div class=\"max-w-full sponsored-post--placeholder animate-pulse\">\n<div class=\"relative!\"><span class=\"text-base text-black font-bold mx-0 my-2.5 p-0 block bg-gray-100\">\u00a0<br \/>\u00a0<\/span><\/div>\n<\/div>\n<\/div>\n<\/div>\n<\/div>\n<\/aside>\n<aside class=\"w-full\" data-nosnippet data-mrf-recirculation=\"article-river-stacked\">\n<div data-recirc-id=\"article-river-stacked-solr:latest-category\">\n<div class=\"text-white py-4 px-3 mb-4 bg-[#333] uppercase font-bold custom-header-styles\">Latest in Racing<\/div>\n<div class=\"grid grid-cols-1 gap-4 mt-4 mb-5\">\n<div>\n<div class=\"aspect-[var(--img-listing-aspect-ratio,16\/9)] relative mb-3.5\">\n    <source type=\"image\/webp\" srcset=\"https:\/\/cdn.mos.cms.futurecdn.net\/iSijFQzPeQBT8U9pXGDkXW-840-80.jpg.webp 840w, https:\/\/cdn.mos.cms.futurecdn.net\/iSijFQzPeQBT8U9pXGDkXW-650-80.jpg.webp 650w, https:\/\/cdn.mos.cms.futurecdn.net\/iSijFQzPeQBT8U9pXGDkXW-500-80.jpg.webp 500w, https:\/\/cdn.mos.cms.futurecdn.net\/iSijFQzPeQBT8U9pXGDkXW-450-80.jpg.webp 450w, https:\/\/cdn.mos.cms.futurecdn.net\/iSijFQzPeQBT8U9pXGDkXW-320-80.jpg.webp 320w\" sizes=\"(min-width: 900px) 925px, (min-width: 700px) 450px, calc(100vw - 48px)\" \/><\/div>\n<p><span class=\"custom-subheading-styles\">Women&#8217;s Cycling<\/span><span class=\"text-base text-black font-bold mx-0 my-2.5 p-0 block custom-text-styles\">Lauren Dickson returns from collarbone break to aim at World Championships debut at Tour of Britain Women<\/span><\/div>\n<div class=\"relative recirc-feed sponsored-card min-h-[250px]\" data-recirc-id=\"article-river-stacked-ads:native-cards\" data-mrf-recirculation=\"article-river-ads\" data-nosnippet data-ad-slot-path=\"feed-sponsored-post\" data-attribute-device=\"all\">\n<div class=\"max-w-full sponsored-post--placeholder animate-pulse\">\n<div class=\"relative!\"><span class=\"text-base text-black font-bold mx-0 my-2.5 p-0 block bg-gray-100\">\u00a0<br \/>\u00a0<\/span><\/div>\n<\/div>\n<\/div>\n<div>\n<div class=\"aspect-[var(--img-listing-aspect-ratio,16\/9)] relative mb-3.5\">\n    <source type=\"image\/webp\" srcset=\"https:\/\/cdn.mos.cms.futurecdn.net\/NUkQUt9iBzjr2d4jmAyFQf-840-80.jpg.webp 840w, https:\/\/cdn.mos.cms.futurecdn.net\/NUkQUt9iBzjr2d4jmAyFQf-650-80.jpg.webp 650w, https:\/\/cdn.mos.cms.futurecdn.net\/NUkQUt9iBzjr2d4jmAyFQf-500-80.jpg.webp 500w, https:\/\/cdn.mos.cms.futurecdn.net\/NUkQUt9iBzjr2d4jmAyFQf-450-80.jpg.webp 450w, https:\/\/cdn.mos.cms.futurecdn.net\/NUkQUt9iBzjr2d4jmAyFQf-320-80.jpg.webp 320w\" sizes=\"(min-width: 900px) 925px, (min-width: 700px) 450px, calc(100vw - 48px)\" \/><\/div>\n<p><span class=\"custom-subheading-styles\">Women&#8217;s Cycling<\/span><span class=\"text-base text-black font-bold mx-0 my-2.5 p-0 block custom-text-styles\">&#8216;A shame I wasn&#8217;t on Kim&#8217;s wheel in the final corner&#8217; \u2013 Liane Lippert second behind unstoppable Le Court-Pienaar on Tour of Britain Women queen stage<\/span><\/div>\n<div class=\"relative recirc-feed sponsored-card min-h-[250px]\" data-recirc-id=\"article-river-stacked-ads:native-cards\" data-mrf-recirculation=\"article-river-ads\" data-nosnippet data-ad-slot-path=\"feed-sponsored-post\" data-attribute-device=\"all\">\n<div class=\"max-w-full sponsored-post--placeholder animate-pulse\">\n<div class=\"relative!\"><span class=\"text-base text-black font-bold mx-0 my-2.5 p-0 block bg-gray-100\">\u00a0<br \/>\u00a0<\/span><\/div>\n<\/div>\n<\/div>\n<div>\n<div class=\"aspect-[var(--img-listing-aspect-ratio,16\/9)] relative mb-3.5\">\n    <source type=\"image\/webp\" srcset=\"https:\/\/cdn.mos.cms.futurecdn.net\/fXAaRtRGWr7884wyUeD2nd-840-80.jpg.webp 840w, https:\/\/cdn.mos.cms.futurecdn.net\/fXAaRtRGWr7884wyUeD2nd-650-80.jpg.webp 650w, https:\/\/cdn.mos.cms.futurecdn.net\/fXAaRtRGWr7884wyUeD2nd-500-80.jpg.webp 500w, https:\/\/cdn.mos.cms.futurecdn.net\/fXAaRtRGWr7884wyUeD2nd-450-80.jpg.webp 450w, https:\/\/cdn.mos.cms.futurecdn.net\/fXAaRtRGWr7884wyUeD2nd-320-80.jpg.webp 320w\" sizes=\"(min-width: 900px) 925px, (min-width: 700px) 450px, calc(100vw - 48px)\" \/><\/div>\n<p><span class=\"custom-subheading-styles\">Doping<\/span><span class=\"text-base text-black font-bold mx-0 my-2.5 p-0 block custom-text-styles\">South African racer leaves Tour of Britain Women after returning out-of-competition positive test for synthetic peptide<\/span><\/div>\n<div class=\"relative recirc-feed sponsored-card min-h-[250px]\" data-recirc-id=\"article-river-stacked-ads:native-cards\" data-mrf-recirculation=\"article-river-ads\" data-nosnippet data-ad-slot-path=\"feed-sponsored-post\" data-attribute-device=\"all\">\n<div class=\"max-w-full sponsored-post--placeholder animate-pulse\">\n<div class=\"relative!\"><span class=\"text-base text-black font-bold mx-0 my-2.5 p-0 block bg-gray-100\">\u00a0<br \/>\u00a0<\/span><\/div>\n<\/div>\n<\/div>\n<div>\n<div class=\"aspect-[var(--img-listing-aspect-ratio,16\/9)] relative mb-3.5\">\n    <source type=\"image\/webp\" srcset=\"https:\/\/cdn.mos.cms.futurecdn.net\/HXNVwyRWXWx4YVDEdngPP7-840-80.jpg.webp 840w, https:\/\/cdn.mos.cms.futurecdn.net\/HXNVwyRWXWx4YVDEdngPP7-650-80.jpg.webp 650w, https:\/\/cdn.mos.cms.futurecdn.net\/HXNVwyRWXWx4YVDEdngPP7-500-80.jpg.webp 500w, https:\/\/cdn.mos.cms.futurecdn.net\/HXNVwyRWXWx4YVDEdngPP7-450-80.jpg.webp 450w, https:\/\/cdn.mos.cms.futurecdn.net\/HXNVwyRWXWx4YVDEdngPP7-320-80.jpg.webp 320w\" sizes=\"(min-width: 900px) 925px, (min-width: 700px) 450px, calc(100vw - 48px)\" \/><\/div>\n<p><span class=\"custom-subheading-styles\">Racing<\/span><span class=\"text-base text-black font-bold mx-0 my-2.5 p-0 block custom-text-styles\">Renewi Tour: Jenno Berckmoes pulls off a heist to snatch stage 3 and the leader&#8217;s jersey on Tour of Flanders-inspired day<\/span><\/div>\n<div class=\"relative recirc-feed sponsored-card min-h-[250px]\" data-recirc-id=\"article-river-stacked-ads:native-cards\" data-mrf-recirculation=\"article-river-ads\" data-nosnippet data-ad-slot-path=\"feed-sponsored-post\" data-attribute-device=\"all\">\n<div class=\"max-w-full sponsored-post--placeholder animate-pulse\">\n<div class=\"relative!\"><span class=\"text-base text-black font-bold mx-0 my-2.5 p-0 block bg-gray-100\">\u00a0<br \/>\u00a0<\/span><\/div>\n<\/div>\n<\/div>\n<div>\n<div class=\"aspect-[var(--img-listing-aspect-ratio,16\/9)] relative mb-3.5\">\n    <source type=\"image\/webp\" srcset=\"https:\/\/cdn.mos.cms.futurecdn.net\/v4vhqpgVS8JT9A4REFA7fi-840-80.jpg.webp 840w, https:\/\/cdn.mos.cms.futurecdn.net\/v4vhqpgVS8JT9A4REFA7fi-650-80.jpg.webp 650w, https:\/\/cdn.mos.cms.futurecdn.net\/v4vhqpgVS8JT9A4REFA7fi-500-80.jpg.webp 500w, https:\/\/cdn.mos.cms.futurecdn.net\/v4vhqpgVS8JT9A4REFA7fi-450-80.jpg.webp 450w, https:\/\/cdn.mos.cms.futurecdn.net\/v4vhqpgVS8JT9A4REFA7fi-320-80.jpg.webp 320w\" sizes=\"(min-width: 900px) 925px, (min-width: 700px) 450px, calc(100vw - 48px)\" \/><\/div>\n<p><span class=\"custom-subheading-styles\">Racing<\/span><span class=\"text-base text-black font-bold mx-0 my-2.5 p-0 block custom-text-styles\">Deutschland Tour: Alessio Magagnotti lands stunning sprint win ahead of Paul Magnier on stage 2<\/span><\/div>\n<div class=\"relative recirc-feed sponsored-card min-h-[250px]\" data-recirc-id=\"article-river-stacked-ads:native-cards\" data-mrf-recirculation=\"article-river-ads\" data-nosnippet data-ad-slot-path=\"feed-sponsored-post\" data-attribute-device=\"all\">\n<div class=\"max-w-full sponsored-post--placeholder animate-pulse\">\n<div class=\"relative!\"><span class=\"text-base text-black font-bold mx-0 my-2.5 p-0 block bg-gray-100\">\u00a0<br \/>\u00a0<\/span><\/div>\n<\/div>\n<\/div>\n<div>\n<div class=\"aspect-[var(--img-listing-aspect-ratio,16\/9)] relative mb-3.5\">\n    <source type=\"image\/webp\" srcset=\"https:\/\/cdn.mos.cms.futurecdn.net\/q5jLytH9BiKUr7gwZuDgjJ-840-80.jpg.webp 840w, https:\/\/cdn.mos.cms.futurecdn.net\/q5jLytH9BiKUr7gwZuDgjJ-650-80.jpg.webp 650w, https:\/\/cdn.mos.cms.futurecdn.net\/q5jLytH9BiKUr7gwZuDgjJ-500-80.jpg.webp 500w, https:\/\/cdn.mos.cms.futurecdn.net\/q5jLytH9BiKUr7gwZuDgjJ-450-80.jpg.webp 450w, https:\/\/cdn.mos.cms.futurecdn.net\/q5jLytH9BiKUr7gwZuDgjJ-320-80.jpg.webp 320w\" sizes=\"(min-width: 900px) 925px, (min-width: 700px) 450px, calc(100vw - 48px)\" \/><\/div>\n<p><span class=\"custom-subheading-styles\">Women&#8217;s Cycling<\/span><span class=\"text-base text-black font-bold mx-0 my-2.5 p-0 block custom-text-styles\">Tour of Britain Women: Kim Le Court-Pienaar soars to spectacular victory atop The Great Orme on stage 3<\/span><\/div>\n<div class=\"relative recirc-feed sponsored-card min-h-[250px]\" data-recirc-id=\"article-river-stacked-ads:native-cards\" data-mrf-recirculation=\"article-river-ads\" data-nosnippet data-ad-slot-path=\"feed-sponsored-post\" data-attribute-device=\"all\">\n<div class=\"max-w-full sponsored-post--placeholder animate-pulse\">\n<div class=\"relative!\"><span class=\"text-base text-black font-bold mx-0 my-2.5 p-0 block bg-gray-100\">\u00a0<br \/>\u00a0<\/span><\/div>\n<\/div>\n<\/div>\n<\/div>\n<\/div>\n<\/aside>\n<aside class=\"w-full\" data-nosnippet data-mrf-recirculation=\"article-river-stacked\">\n<div data-recirc-id=\"article-river-stacked-solr:latest-articletype\">\n<div class=\"text-white py-4 px-3 mb-4 bg-[#333] uppercase font-bold custom-header-styles\">Latest in News<\/div>\n<div class=\"grid grid-cols-1 gap-4 mt-4 mb-5\">\n<div>\n<div class=\"aspect-[var(--img-listing-aspect-ratio,16\/9)] relative mb-3.5\">\n    <source type=\"image\/webp\" srcset=\"https:\/\/cdn.mos.cms.futurecdn.net\/iSijFQzPeQBT8U9pXGDkXW-840-80.jpg.webp 840w, https:\/\/cdn.mos.cms.futurecdn.net\/iSijFQzPeQBT8U9pXGDkXW-650-80.jpg.webp 650w, https:\/\/cdn.mos.cms.futurecdn.net\/iSijFQzPeQBT8U9pXGDkXW-500-80.jpg.webp 500w, https:\/\/cdn.mos.cms.futurecdn.net\/iSijFQzPeQBT8U9pXGDkXW-450-80.jpg.webp 450w, https:\/\/cdn.mos.cms.futurecdn.net\/iSijFQzPeQBT8U9pXGDkXW-320-80.jpg.webp 320w\" sizes=\"(min-width: 900px) 925px, (min-width: 700px) 450px, calc(100vw - 48px)\" \/><\/div>\n<p><span class=\"custom-subheading-styles\">Women&#8217;s Cycling<\/span><span class=\"text-base text-black font-bold mx-0 my-2.5 p-0 block custom-text-styles\">Lauren Dickson returns from collarbone break to aim at World Championships debut at Tour of Britain Women<\/span><\/div>\n<div class=\"relative recirc-feed sponsored-card min-h-[250px]\" data-recirc-id=\"article-river-stacked-ads:native-cards\" data-mrf-recirculation=\"article-river-ads\" data-nosnippet data-ad-slot-path=\"feed-sponsored-post\" data-attribute-device=\"all\">\n<div class=\"max-w-full sponsored-post--placeholder animate-pulse\">\n<div class=\"relative!\"><span class=\"text-base text-black font-bold mx-0 my-2.5 p-0 block bg-gray-100\">\u00a0<br \/>\u00a0<\/span><\/div>\n<\/div>\n<\/div>\n<div>\n<div class=\"aspect-[var(--img-listing-aspect-ratio,16\/9)] relative mb-3.5\">\n    <source type=\"image\/webp\" srcset=\"https:\/\/cdn.mos.cms.futurecdn.net\/NUkQUt9iBzjr2d4jmAyFQf-840-80.jpg.webp 840w, https:\/\/cdn.mos.cms.futurecdn.net\/NUkQUt9iBzjr2d4jmAyFQf-650-80.jpg.webp 650w, https:\/\/cdn.mos.cms.futurecdn.net\/NUkQUt9iBzjr2d4jmAyFQf-500-80.jpg.webp 500w, https:\/\/cdn.mos.cms.futurecdn.net\/NUkQUt9iBzjr2d4jmAyFQf-450-80.jpg.webp 450w, https:\/\/cdn.mos.cms.futurecdn.net\/NUkQUt9iBzjr2d4jmAyFQf-320-80.jpg.webp 320w\" sizes=\"(min-width: 900px) 925px, (min-width: 700px) 450px, calc(100vw - 48px)\" \/><\/div>\n<p><span class=\"custom-subheading-styles\">Women&#8217;s Cycling<\/span><span class=\"text-base text-black font-bold mx-0 my-2.5 p-0 block custom-text-styles\">&#8216;A shame I wasn&#8217;t on Kim&#8217;s wheel in the final corner&#8217; \u2013 Liane Lippert second behind unstoppable Le Court-Pienaar on Tour of Britain Women queen stage<\/span><\/div>\n<div class=\"relative recirc-feed sponsored-card min-h-[250px]\" data-recirc-id=\"article-river-stacked-ads:native-cards\" data-mrf-recirculation=\"article-river-ads\" data-nosnippet data-ad-slot-path=\"feed-sponsored-post\" data-attribute-device=\"all\">\n<div class=\"max-w-full sponsored-post--placeholder animate-pulse\">\n<div class=\"relative!\"><span class=\"text-base text-black font-bold mx-0 my-2.5 p-0 block bg-gray-100\">\u00a0<br \/>\u00a0<\/span><\/div>\n<\/div>\n<\/div>\n<div>\n<div class=\"aspect-[var(--img-listing-aspect-ratio,16\/9)] relative mb-3.5\">\n    <source type=\"image\/webp\" srcset=\"https:\/\/cdn.mos.cms.futurecdn.net\/fXAaRtRGWr7884wyUeD2nd-840-80.jpg.webp 840w, https:\/\/cdn.mos.cms.futurecdn.net\/fXAaRtRGWr7884wyUeD2nd-650-80.jpg.webp 650w, https:\/\/cdn.mos.cms.futurecdn.net\/fXAaRtRGWr7884wyUeD2nd-500-80.jpg.webp 500w, https:\/\/cdn.mos.cms.futurecdn.net\/fXAaRtRGWr7884wyUeD2nd-450-80.jpg.webp 450w, https:\/\/cdn.mos.cms.futurecdn.net\/fXAaRtRGWr7884wyUeD2nd-320-80.jpg.webp 320w\" sizes=\"(min-width: 900px) 925px, (min-width: 700px) 450px, calc(100vw - 48px)\" \/><\/div>\n<p><span class=\"custom-subheading-styles\">Doping<\/span><span class=\"text-base text-black font-bold mx-0 my-2.5 p-0 block custom-text-styles\">South African racer leaves Tour of Britain Women after returning out-of-competition positive test for synthetic peptide<\/span><\/div>\n<div class=\"relative recirc-feed sponsored-card min-h-[250px]\" data-recirc-id=\"article-river-stacked-ads:native-cards\" data-mrf-recirculation=\"article-river-ads\" data-nosnippet data-ad-slot-path=\"feed-sponsored-post\" data-attribute-device=\"all\">\n<div class=\"max-w-full sponsored-post--placeholder animate-pulse\">\n<div class=\"relative!\"><span class=\"text-base text-black font-bold mx-0 my-2.5 p-0 block bg-gray-100\">\u00a0<br \/>\u00a0<\/span><\/div>\n<\/div>\n<\/div>\n<div>\n<div class=\"aspect-[var(--img-listing-aspect-ratio,16\/9)] relative mb-3.5\">\n    <source type=\"image\/webp\" srcset=\"https:\/\/cdn.mos.cms.futurecdn.net\/XP2rqy7qez9mC6UdTwJgz-840-80.jpg.webp 840w, https:\/\/cdn.mos.cms.futurecdn.net\/XP2rqy7qez9mC6UdTwJgz-650-80.jpg.webp 650w, https:\/\/cdn.mos.cms.futurecdn.net\/XP2rqy7qez9mC6UdTwJgz-500-80.jpg.webp 500w, https:\/\/cdn.mos.cms.futurecdn.net\/XP2rqy7qez9mC6UdTwJgz-450-80.jpg.webp 450w, https:\/\/cdn.mos.cms.futurecdn.net\/XP2rqy7qez9mC6UdTwJgz-320-80.jpg.webp 320w\" sizes=\"(min-width: 900px) 925px, (min-width: 700px) 450px, calc(100vw - 48px)\" \/><\/div>\n<p><span class=\"custom-subheading-styles\">Wheels &amp; Tyres<\/span><span class=\"text-base text-black font-bold mx-0 my-2.5 p-0 block custom-text-styles\">New road and gravel tyres from Silca signal a change in strategy for the Italian company<\/span><\/div>\n<div class=\"relative recirc-feed sponsored-card min-h-[250px]\" data-recirc-id=\"article-river-stacked-ads:native-cards\" data-mrf-recirculation=\"article-river-ads\" data-nosnippet data-ad-slot-path=\"feed-sponsored-post\" data-attribute-device=\"all\">\n<div class=\"max-w-full sponsored-post--placeholder animate-pulse\">\n<div class=\"relative!\"><span class=\"text-base text-black font-bold mx-0 my-2.5 p-0 block bg-gray-100\">\u00a0<br \/>\u00a0<\/span><\/div>\n<\/div>\n<\/div>\n<div>\n<div class=\"aspect-[var(--img-listing-aspect-ratio,16\/9)] relative mb-3.5\">\n    <source type=\"image\/webp\" srcset=\"https:\/\/cdn.mos.cms.futurecdn.net\/onxjykbjbXTp2YUWDDjnF3-840-80.jpg.webp 840w, https:\/\/cdn.mos.cms.futurecdn.net\/onxjykbjbXTp2YUWDDjnF3-650-80.jpg.webp 650w, https:\/\/cdn.mos.cms.futurecdn.net\/onxjykbjbXTp2YUWDDjnF3-500-80.jpg.webp 500w, https:\/\/cdn.mos.cms.futurecdn.net\/onxjykbjbXTp2YUWDDjnF3-450-80.jpg.webp 450w, https:\/\/cdn.mos.cms.futurecdn.net\/onxjykbjbXTp2YUWDDjnF3-320-80.jpg.webp 320w\" sizes=\"(min-width: 900px) 925px, (min-width: 700px) 450px, calc(100vw - 48px)\" \/><\/div>\n<p><span class=\"custom-subheading-styles\">Women&#8217;s Cycling<\/span><span class=\"text-base text-black font-bold mx-0 my-2.5 p-0 block custom-text-styles\">Lotte Kopecky pulls out of Tour of Britain Women<\/span><\/div>\n<div class=\"relative recirc-feed sponsored-card min-h-[250px]\" data-recirc-id=\"article-river-stacked-ads:native-cards\" data-mrf-recirculation=\"article-river-ads\" data-nosnippet data-ad-slot-path=\"feed-sponsored-post\" data-attribute-device=\"all\">\n<div class=\"max-w-full sponsored-post--placeholder animate-pulse\">\n<div class=\"relative!\"><span class=\"text-base text-black font-bold mx-0 my-2.5 p-0 block bg-gray-100\">\u00a0<br \/>\u00a0<\/span><\/div>\n<\/div>\n<\/div>\n<div>\n<div class=\"aspect-[var(--img-listing-aspect-ratio,16\/9)] relative mb-3.5\">\n    <source type=\"image\/webp\" srcset=\"https:\/\/cdn.mos.cms.futurecdn.net\/m3Jt9LNmhTEMRgsrgWE9vG-840-80.jpg.webp 840w, https:\/\/cdn.mos.cms.futurecdn.net\/m3Jt9LNmhTEMRgsrgWE9vG-650-80.jpg.webp 650w, https:\/\/cdn.mos.cms.futurecdn.net\/m3Jt9LNmhTEMRgsrgWE9vG-500-80.jpg.webp 500w, https:\/\/cdn.mos.cms.futurecdn.net\/m3Jt9LNmhTEMRgsrgWE9vG-450-80.jpg.webp 450w, https:\/\/cdn.mos.cms.futurecdn.net\/m3Jt9LNmhTEMRgsrgWE9vG-320-80.jpg.webp 320w\" sizes=\"(min-width: 900px) 925px, (min-width: 700px) 450px, calc(100vw - 48px)\" \/><\/div>\n<p><span class=\"custom-subheading-styles\">Teams &amp; Riders<\/span><span class=\"text-base text-black font-bold mx-0 my-2.5 p-0 block custom-text-styles\">&#8216;It only depends on my legs&#8217; \u2013 Jo\u00e3o Almeida eyes possible &#8216;Plan B&#8217; GC bid alongside teammate Tadej Poga\u010dar at Vuelta a Espa\u00f1a<\/span><\/div>\n<div class=\"relative recirc-feed sponsored-card min-h-[250px]\" data-recirc-id=\"article-river-stacked-ads:native-cards\" data-mrf-recirculation=\"article-river-ads\" data-nosnippet data-ad-slot-path=\"feed-sponsored-post\" data-attribute-device=\"all\">\n<div class=\"max-w-full sponsored-post--placeholder animate-pulse\">\n<div class=\"relative!\"><span class=\"text-base text-black font-bold mx-0 my-2.5 p-0 block bg-gray-100\">\u00a0<br \/>\u00a0<\/span><\/div>\n<\/div>\n<\/div>\n<\/div>\n<\/div>\n<\/aside>\n<\/section>\n<\/div>\n<\/div>\n<\/div>\n<div id=\"widgetArea17\" class=\"widget-area md:basis-1\/3 widget-area-g-md-vp-1-3 widget-area-g-lg-vp-1-3 widget-area-g-xl-vp-1-3 page-widget-area-17\">\n<div data-widget-type=\"dynamic\" id=\"popular-data\" class=\"clear-both widget widget-dynamic widget-popular-data widget-dynamic-popular-data widget-dynamic-fter-popular-box\">\n<div class=\"wdn-fte-pb pos-relative space-t20\n\"><\/p>\n<div class=\"slice-container popular-box-slice\">\n<section class=\"popular-box\" data-component-name=\"Slice:PopularBox\">\n<div class=\"popular-box__label\">\n<div class=\"popular-box__label__tab popular-box__label__tab--active\" role=\"heading\">\nLATEST ARTICLES\n<\/div>\n<\/div>\n<ol class=\"popular-box__articles-list popular-box__articles-list--active\">\n<li class=\"popular-box__article-list\">\n<div class=\"popular-box__article-list__container\">\n<div class=\"popular-box__article-list__image-wrapper\">\n<div>\n<source type=\"image\/webp\" srcset=\"https:\/\/cdn.mos.cms.futurecdn.net\/iSijFQzPeQBT8U9pXGDkXW-1280-80.jpg.webp 1280w, https:\/\/cdn.mos.cms.futurecdn.net\/iSijFQzPeQBT8U9pXGDkXW-720-80.jpg.webp 720w, https:\/\/cdn.mos.cms.futurecdn.net\/iSijFQzPeQBT8U9pXGDkXW-640-80.jpg.webp 640w, https:\/\/cdn.mos.cms.futurecdn.net\/iSijFQzPeQBT8U9pXGDkXW-320-80.jpg.webp 320w\" sizes=\"99vw\" \/><\/div>\n<\/div>\n<div class=\"popular-box__article-list__content\">\n<div class=\"popular-box__article-list__number-text\">1<\/div>\n<div class=\"popular-box__article-list__heading\">\n<p>Lauren Dickson returns from collarbone break and takes Queen of the Mountain lead on debut with FDJ United-SUEZ at Tour of Britain Women<\/p>\n<\/div>\n<\/div>\n<\/div>\n<\/li>\n<li class=\"popular-box__article-list\">\n<div class=\"popular-box__article-list__container\">\n<div class=\"popular-box__article-list__content\">\n<div class=\"popular-box__article-list__number-text\">2<\/div>\n<div class=\"popular-box__article-list__heading\">\n<p>South African racer leaves Tour of Britain Women after returning out-of-competition positive test for synthetic peptide<\/p>\n<\/div>\n<\/div>\n<\/div>\n<\/li>\n<li class=\"popular-box__article-list\">\n<div class=\"popular-box__article-list__container\">\n<div class=\"popular-box__article-list__content\">\n<div class=\"popular-box__article-list__number-text\">3<\/div>\n<div class=\"popular-box__article-list__heading\">\n<p>&#8216;A shame I wasn&#8217;t on Kim&#8217;s wheel in the final corner&#8217; \u2013 Liane Lippert second behind unstoppable Le Court-Pienaar on Tour of Britain Women queen stage<\/p>\n<\/div>\n<\/div>\n<\/div>\n<\/li>\n<li class=\"popular-box__article-list\">\n<div class=\"popular-box__article-list__container\">\n<div class=\"popular-box__article-list__content\">\n<div class=\"popular-box__article-list__number-text\">4<\/div>\n<div class=\"popular-box__article-list__heading\">\n<p>New road and gravel tyres from Silca signal a change in strategy for the Italian company<\/p>\n<\/div>\n<\/div>\n<\/div>\n<\/li>\n<li class=\"popular-box__article-list\">\n<div class=\"popular-box__article-list__container\">\n<div class=\"popular-box__article-list__content\">\n<div class=\"popular-box__article-list__number-text\">5<\/div>\n<div class=\"popular-box__article-list__heading\">\n<p>Deutschland Tour: Alessio Magagnotti lands stunning sprint win ahead of Paul Magnier on stage 2<\/p>\n<\/div>\n<\/div>\n<\/div>\n<\/li>\n<\/ol>\n<\/section>\n<\/div>\n<\/div>\n<\/div>\n<\/div>\n<\/div>\n<\/article>\n<div class=\"news-article\">\n<header data-component-name=\"Article:Hero\">\n<nav class=\"breadcrumb\" aria-label=\"Breadcrumbs\">\n<ol>\n<li>\nPro Cycling\n<\/li>\n<li>\nRacing\n<\/li>\n<\/ol>\n<\/nav>\n<h1>Vuelta a Espa\u00f1a stage 1 time trial start times \u2013 When Jay Vine, Wout van Aert, Tadej Poga\u010dar and others take turns on twisting 9.6km route in Monaco<\/h1>\n<div class=\"byline-social\">\n<div class=\"vds-byline-block flex flex-row flex-nowrap my-1.5 gap-2 text-left items-start justify-start\" data-component-name=\"Article:BylineBlock\">\n<p>News<\/p>\n<div class=\"my-auto vds-simple-byline\"><span class=\"inline-block vds-author\"><br \/>\nBy<br \/>\nJackie Tyson <\/span><\/p>\n<div class=\"flex gap-1 vds-byline-with-avatar__meta\"><span class=\"vds-date block font-normal tracking-normal normal-case text-xs\"><br \/>\nPublished<br \/>\n<time data-component-name=\"UI:DateTime\" datetime=\"2026-08-21T18:02:14Z\" class=\"relative-date\"><br \/>\n21 August 2026<br \/>\n<\/time><\/span><\/div>\n<\/div>\n<\/div>\n<p class=\"strapline\">First rider down start ramp at 16:17 with Primo\u017e Rogli\u010d final rider to start at 19:20 local time<\/p>\n<\/div>\n<aside class=\"text-gray-700 flex items-center mx-0 my-5 p-0 justify-start text-left\" id=\"affiliate-disclaimer\" data-component-name=\"AffiliateDisclaimer\" data-hawk-message=\"Affiliate disclaimer removed because hawk deemed there are no affiliate links on this page\">\n<p class=\"text-[color:var(--affiliate-disclaimer--text-color,inherit)] mb-2 text-[length:var(--affiliate-disclaimer--font-size,0.75rem)] leading-[18px] md:text-[13px] [&amp;&gt;a]:text-inherit [&amp;&gt;a]:underline\">\nWhen you purchase through links on our site, we may earn an affiliate commission. Here\u2019s how it works.\n<\/p>\n<\/aside>\n<\/header>\n<\/div>\n<div id=\"article-body\" class=\"text-copy bodyCopy auto paywall-locker\">\n<div data-analytics-id=\"utility-bar\" id=\"utility-bar\" class=\"font-ui-heading flex justify-between items-center py-2 border-t border-b border-gray-300 border-solid mb-5 mx-auto\" data-component-name=\"UtilityBar\" data-mrf-recirculation=\"utility-bar\">\n<div class=\"flex gap-2 text-[#333] subcontainer\">\n<div class=\"relative tooltip-container\" role=\"tooltip\">\n<div data-component-name=\"Social:Dropdown\" role=\"menu\" id=\"utilitybar__dropdown--share\" aria-labelledby=\"utilitybar__button--share\" class=\"absolute left-0 top-full w-44 bg-white rounded-md shadow-md border border-neutral-200 z-[9996] list-none m-0 py-2 px-3 border-solid\">\n<ul class=\"m-0!\">\n<li class=\"!p-0 !m-0 list-none border-b border-gray-200 border-solid\">\n<li class=\"!p-0 !m-0 list-none border-b border-gray-200 border-solid\">\n<p>Facebook<\/p>\n<\/li>\n<li class=\"!p-0 !m-0 list-none border-b border-gray-200 border-solid\">\n<p>X<\/p>\n<\/li>\n<li class=\"!p-0 !m-0 list-none border-b border-gray-200 border-solid\">\n<p>Pinterest<\/p>\n<\/li>\n<li class=\"!p-0 !m-0 list-none border-b border-gray-200 border-solid\">\n<p>Email<\/p>\n<\/li>\n<\/ul>\n<\/div>\n<div class=\"font-ui-heading max-sm:hidden tooltip absolute left-1\/2 bg-gray-900 text-white text-xs leading-none px-3 py-1.5 rounded-md z-[10001] whitespace-nowrap\" id=\"tooltip-share-this-article\" role=\"tooltip\" aria-hidden=\"true\">\nShare this article\n<\/div>\n<\/div>\n<div class=\"relative tooltip-container\" role=\"tooltip\"><span class=\"ml-1 inline-flex h-5 px-2 shrink-0 items-center justify-center self-center overflow-hidden whitespace-nowrap rounded-[10px] bg-primary-500 text-[11px] leading-none font-ui-heading font-semibold text-white\">0<\/span><\/p>\n<div class=\"font-ui-heading max-sm:hidden tooltip absolute left-1\/2 bg-gray-900 text-white text-xs leading-none px-3 py-1.5 rounded-md z-[10001] whitespace-nowrap\" id=\"tooltip-join-the-conversation\" role=\"tooltip\" aria-hidden=\"true\">\nJoin the conversation\n<\/div>\n<\/div>\n<\/div>\n<div class=\"flex gap-2 text-[#333] subcontainer\">\n<div class=\"relative tooltip-container\" role=\"tooltip\">\n<p>Follow us<\/p>\n<div class=\"font-ui-heading max-sm:hidden tooltip absolute left-1\/2 bg-gray-900 text-white text-xs leading-none px-3 py-1.5 rounded-md z-[10001] whitespace-nowrap\" id=\"tooltip-add-us-as-a-preferred-source-on-google\" role=\"tooltip\" aria-hidden=\"true\">\nAdd us as a preferred source on Google\n<\/div>\n<\/div>\n<div class=\"relative tooltip-container\" role=\"tooltip\">\n<div class=\"font-ui-heading max-sm:hidden tooltip absolute left-1\/2 bg-gray-900 text-white text-xs leading-none px-3 py-1.5 rounded-md z-[10001] whitespace-nowrap\" id=\"tooltip-subscribe-to-our-newsletter\" role=\"tooltip\" aria-hidden=\"true\">\nSubscribe to our newsletter\n<\/div>\n<\/div>\n<\/div>\n<\/div>\n<p id=\"elk-e2b8b490-9d61-11f1-800a-03e2641ab72b\">This year&#8217;s Vuelta a Espa\u00f1a will be shaped across Monaco, France and Andorra in the opening days and position the GC for the final two weeks of climbing and hot weather in southern Spain. There is instant intrigue for the first leader&#8217;s red jersey, which will be decided in an individual time trial across 9.4km of twisting turns, tunnels and legendary landmarks in Monaco.<\/p>\n<p>This is the first of two ITTs in the three-week race, the second a 32km test on stage 18. This opener is expected to take around 10 minutes to complete, filled with an abundance of corners, and most of the elevation gain of 83 metres coming in the second half.<\/p>\n<p id=\"elk-e2b8b490-9d61-11f1-800a-03e2641ab72b-2\" aria-hidden=\"true\" class=\"kiosq-b\">Action starts on Saturday afternoon in front of the Monte Carlo Casino and culminates on Boulevard Albert 1er, and passes alongside Port Hercules and the Louis II Stadium to replicate much of the famous Formula 1 circuit held each year for the Monaco Grand Prix.<\/p>\n<div class=\"my-6 w-full overflow-hidden rounded-[10px] lg:my-8\" data-component-name=\"JwPlayer:Carousel\" data-jwp-carousel data-jwp-carousel-payload=\"{&quot;ids&quot;:{&quot;playerID&quot;:&quot;jYDCcabO&quot;,&quot;searchPlaylistID&quot;:&quot;gwjdoYHD&quot;,&quot;divID&quot;:&quot;botr_gwjdoYHD_jYDCcabO_div&quot;,&quot;fallbackPlaylistID&quot;:&quot;gwjdoYHD&quot;,&quot;fallbackDivID&quot;:&quot;botr_gwjdoYHD_jYDCcabO_div&quot;,&quot;key&quot;:&quot;X9\/mXVGac0NphghLH9hZaqWA5d3dhAM\/Ih07grnEyMLjuO2E&quot;,&quot;tintLogo&quot;:true,&quot;useSearchPlaylist&quot;:false,&quot;enabled&quot;:true},&quot;signPostingEnabled&quot;:true,&quot;signPostingLinkEnabled&quot;:true,&quot;waitForAdLoad&quot;:false,&quot;hidePlayerOnDesktop&quot;:false,&quot;hidePlayerOnMobile&quot;:false,&quot;hidePlayerOnTablet&quot;:false}\">\n<div class=\"flex flex-nowrap items-center justify-between gap-3 bg-zinc-900 px-[14px] py-3\" data-jwp-carousel-header>\n<div class=\"flex min-w-0 shrink items-center\"><span class=\"inline-flex items-center gap-1.5 text-sm font-article-heading capitalize leading-5 text-white whitespace-nowrap\"><span class=\"jwp-carousel-title-desktop\">Latest Videos From<\/span><span class=\"jwp-carousel-brand\">Cyclingnews<\/span><\/span><\/div>\n<\/div>\n<div class=\"min-h-[44px] bg-zinc-900 px-[14px] py-3\" data-jwp-carousel-signposting><a class=\"invisible block truncate text-sm font-bold leading-5 text-white underline decoration-solid underline-offset-2\" data-jwp-carousel-signposting-link href target=\"_blank\" rel=\"noopener noreferrer\"><span data-jwp-carousel-signposting-title>Watch full video here: <\/span><\/a><\/div>\n<\/div>\n<p aria-hidden=\"true\" class=\"kiosq-b\">The opening 2km head for a loop to the north on a pair of out-and-back sections, The intermediate time check comes at kilometre 5.6 in front of the grandstands and large yachts in Port Hercules. Then the second half of the route heads south to pass through the Rocher-Antoinie tunnel, a loop of Chapiteau de l&#8217;Espace Fontevielle, a pass through the Rocher-Palais tunnel and then the finish line.<\/p>\n<p aria-hidden=\"true\" class=\"kiosq-b\">Absent will be 2025 overall champion Jonas Vingegaard, who is out from injury, so bib number one will be worn by the most recent Vuelta champion on the start line, Primo\u017e Rogli\u010d (Red Bull-Bora-Hansgrohe). Last year the Vuelta a Espa\u00f1a had just one individual time trial, which was not until the third week, won by world champion Filippo Ganna, but the Italian is also absent from this year&#8217;s Grand Tour.<\/p>\n<aside data-component-name=\"Recirculation:ArticleRiver\" data-recirculation-type=\"inline\" data-mrf-recirculation=\"Trending Bar\" data-nosnippet class=\"clear-both pt-2 pb-0 mb-4\"><span class=\"\n            flex\n            after:content-[&apos;&apos;] after:flex-1 after:ml-4 after:my-[0.7rem] after:border-t after:border-solid after:border-t-[#ccc]\n            before:content-[&apos;&apos;] before:flex-1 before:mr-4 before:my-[0.7rem] before:border-t before:border-solid before:border-t-[#ccc]\n            font-article-heading pb-0 text-[length:var(--article-river-title--font-size,1em)] uppercase sm:text-[length:var(--article-river-title--font-size,0.875em)] font-bold\n        \"><br \/>\n            You may like<br \/>\n        <\/span><\/p>\n<ul class=\"flex flex-col gap-0 m-0 max-w-full\">\n<li class=\"m-0 list-none border-b border-solid border-[#ededed] py-2\" data-recirculation-id=\"recirculation-card-1\" id=\"recirculation-inline-1\" data-analytics-id=\"recirculation-inline-1\" data-mrf-recirculation=\"recirculation-inline-1\">\n    <source type=\"image\/webp\" srcset=\"https:\/\/cdn.mos.cms.futurecdn.net\/tFhehGafxvcwERxgH7Ga2C-250-80.jpg.webp 250w, https:\/\/cdn.mos.cms.futurecdn.net\/tFhehGafxvcwERxgH7Ga2C-150-80.jpg.webp 150w\" sizes=\"150px\" \/><span class=\"w-full text-base font-[var(--article-river-item--font-weight,500)] font-article-heading line-clamp-3 md:line-clamp-2\">Tour de France stage 16 time trial start times \u2013 When Poga\u010dar, Evenepoel, Ganna and more will roll down the ramp for 21.6km TT<\/span><\/li>\n<li class=\"m-0 list-none border-b border-solid border-[#ededed] py-2\" data-recirculation-id=\"recirculation-card-2\" id=\"recirculation-inline-2\" data-analytics-id=\"recirculation-inline-2\" data-mrf-recirculation=\"recirculation-inline-2\">\n    <source type=\"image\/webp\" srcset=\"https:\/\/cdn.mos.cms.futurecdn.net\/tfLM6usLQ7FSegycrtArMn-250-80.jpg.webp 250w, https:\/\/cdn.mos.cms.futurecdn.net\/tfLM6usLQ7FSegycrtArMn-150-80.jpg.webp 150w\" sizes=\"150px\" \/><span class=\"w-full text-base font-[var(--article-river-item--font-weight,500)] font-article-heading line-clamp-3 md:line-clamp-2\">&#8216;It could be an opportunity to be close in GC&#8217; &#8211; Opening time trial in Monaco enticing incentive for Wout van Aert&#8217;s return to Vuelta a Espa\u00f1a<\/span><\/li>\n<li class=\"m-0 list-none border-b border-solid border-[#ccc] py-2\" data-recirculation-id=\"recirculation-card-3\" id=\"recirculation-inline-3\" data-analytics-id=\"recirculation-inline-3\" data-mrf-recirculation=\"recirculation-inline-3\">\n    <source type=\"image\/webp\" srcset=\"https:\/\/cdn.mos.cms.futurecdn.net\/yiLng7foYBcQMgyUhYhk7e-250-80.jpg.webp 250w, https:\/\/cdn.mos.cms.futurecdn.net\/yiLng7foYBcQMgyUhYhk7e-150-80.jpg.webp 150w\" sizes=\"150px\" \/><span class=\"w-full text-base font-[var(--article-river-item--font-weight,500)] font-article-heading line-clamp-3 md:line-clamp-2\">Who will secure the first yellow jersey of the Tour de France? Stage 1 team time trial start times<\/span><\/li>\n<\/ul>\n<\/aside>\n<div class=\"fancy-box kiosq-b\" id=\"elk-0e7dad1a-9d8a-11f1-a41a-0be5dd73f88e\" aria-hidden=\"true\">\n<div class=\"fancy_box-title\">More on this<\/div>\n<div class=\"fancy_box_body\">\n<ul>\n<li><strong>Vuelta a Espa\u00f1a 2026 route<\/strong><\/li>\n<li><strong>Vuelta a Espa\u00f1a 2026 stage 1 preview<\/strong><\/li>\n<li><strong>Tadej Poga\u010dar vs the rest \u2013 Our analysis of the top 10 contenders at the Vuelta a Espa\u00f1a<\/strong><\/li>\n<\/ul>\n<\/div>\n<\/div>\n<p id=\"elk-0e7dada6-9d8a-11f1-97af-31034ed6a7a7\" aria-hidden=\"true\" class=\"kiosq-b\">The first rider of 184 will be Diego Uriarte (Kern Pharma), going down the start ramp at 19:20 local time. There is no adjustment for spacing between riders as all will take the course one-minute apart, concluding with Rogli\u010d, who takes off at 19:20.<\/p>\n<p aria-hidden=\"true\" class=\"kiosq-b\">The ITT runner-up to Ganna last year, Jay Vine (UAE Team Emirates-XRG) is back and will take the course in the top 45. Another 23 riders later, his teammate Joao Almeida begins his ride, one where he looks to improve from third place last year.<\/p>\n<div id=\"slice-container-newsletterForm-articleInbodyContent-4tvHErpboEtFVdarvA7NMi\" class=\"slice-container newsletter-inbodyContent-slice newsletterForm-articleInbodyContent-4tvHErpboEtFVdarvA7NMi slice-container-newsletterForm\">\n<div data-hydrate=\"true\" class=\"newsletter-form__wrapper newsletter-form__wrapper--inbodyContent\">\n<div class=\"newsletter-form__container\">\n<section class=\"newsletter-form__top-bar\">\n<div class=\"newsletter-form__header\">Get The Leadout Newsletter<\/div>\n<\/section>\n<section class=\"newsletter-form__main-section\">\n<p class=\"newsletter-form__strapline\">The latest race content, interviews, features, reviews and expert buying guides, direct to your inbox!<\/p>\n<footer class=\"newsletter-form__footer \">By submitting your information you agree to the Terms &amp; Conditions and Privacy Policy and are aged 16 or over.<\/footer>\n<\/section>\n<\/div>\n<\/div>\n<\/div>\n<p aria-hidden=\"true\" class=\"kiosq-b\">Among the favourites for the ITT this year are the three riders just ahead of Rogli\u010d, Wout van Aert (Visma-Lease a Bike) starting at 19:17, Ivan Romeo (Movistar) starting at 19:18 and then Tadej Poga\u010dar (UAE Team Emirates-XRG).<\/p>\n<p id=\"elk-64f7f3c6-9d8a-11f1-a48e-2b7dcca4d9b3\" aria-hidden=\"true\" class=\"kiosq-b\"><em><strong>For unbeatable coverage across road, gravel and tech, subscribe to Cyclingnews. You&#8217;ll get comprehensive race coverage of La Vuelta a Espa\u00f1a, subscriber-exclusive analysis from our expert columnists, in-depth features and industry-leading tech insight. Plus, the Cyclingnews app lets you follow the action wherever you go!<\/strong><\/em><em><strong>Join today.<\/strong><\/em><\/p>\n<h3 class=\"article-body__section kiosq-b\" id=\"section-vuelta-a-espana-2026-stage-1-itt-start-times\" aria-hidden=\"true\"><span>Vuelta a Espa\u00f1a 2026 stage 1 ITT start times<\/span><\/h3>\n<div class=\"slice-container table-wrapper slice-container-table kiosq-b\" data-component-name=\"Slice:Table\" id=\"elk-93357a5e-9d7d-11f1-b67e-1934a06e5f08\" aria-hidden=\"true\">\n<div class=\"table__instruction\">\nSwipe to scroll horizontally<\/p>\n<\/div>\n<div class=\"table__container\">\n<table class=\"table__wrapper table__wrapper--inbodyContent table__wrapper--sticky table__wrapper--divider\">\n<thead class=\"table__head\">\n<tr class=\"table__head__row\">\n<th class=\"table__head__heading table__head__heading--left\" colspan=\"1\">\n<p>Order<\/p>\n<\/th>\n<th class=\"table__head__heading table__head__heading--left\" colspan=\"1\">\n<p>Rider (Team)<\/p>\n<\/th>\n<th class=\"table__head__heading table__head__heading--left\" colspan=\"1\">\n<p>Time (CET)<\/p>\n<\/th>\n<\/tr>\n<\/thead>\n<tbody class=\"table__body\">\n<tr class=\"table__body__row\">\n<td class=\"table_body__data\" colspan=\"1\">\n<p>1<\/p>\n<\/td>\n<td class=\"table_body__data\" colspan=\"1\">\n<p>Diego Uriarte Belzunegi (Equipo Kern Pharma)<\/p>\n<\/td>\n<td class=\"table_body__data\" colspan=\"1\">\n<p>16:17:00<\/p>\n<\/td>\n<\/tr>\n<tr class=\"table__body__row\">\n<td class=\"table_body__data\" colspan=\"1\">\n<p>2<\/p>\n<\/td>\n<td class=\"table_body__data\" colspan=\"1\">\n<p>Christopher Hamilton (Team Picnic PostNL)<\/p>\n<\/td>\n<td class=\"table_body__data\" colspan=\"1\">\n<p>16:18:00<\/p>\n<\/td>\n<\/tr>\n<tr class=\"table__body__row\">\n<td class=\"table_body__data\" colspan=\"1\">\n<p>3<\/p>\n<\/td>\n<td class=\"table_body__data\" colspan=\"1\">\n<p>Reuben Thompson (Lotto Intermarch\u00e9)<\/p>\n<\/td>\n<td class=\"table_body__data\" colspan=\"1\">\n<p>16:19:00<\/p>\n<\/td>\n<\/tr>\n<tr class=\"table__body__row\">\n<td class=\"table_body__data\" colspan=\"1\">\n<p>4<\/p>\n<\/td>\n<td class=\"table_body__data\" colspan=\"1\">\n<p>Cesar Macias Estrada (Burgos-Burpellet-BH)<\/p>\n<\/td>\n<td class=\"table_body__data\" colspan=\"1\">\n<p>16:20:00<\/p>\n<\/td>\n<\/tr>\n<tr class=\"table__body__row\">\n<td class=\"table_body__data\" colspan=\"1\">\n<p>5<\/p>\n<\/td>\n<td class=\"table_body__data\" colspan=\"1\">\n<p>Darren Van Bekkum (XDS Astana Team)<\/p>\n<\/td>\n<td class=\"table_body__data\" colspan=\"1\">\n<p>16:21:00<\/p>\n<\/td>\n<\/tr>\n<tr class=\"table__body__row\">\n<td class=\"table_body__data\" colspan=\"1\">\n<p>6<\/p>\n<\/td>\n<td class=\"table_body__data\" colspan=\"1\">\n<p>Hannes Wilksch (Tudor Pro Cycling Team)<\/p>\n<\/td>\n<td class=\"table_body__data\" colspan=\"1\">\n<p>16:22:00<\/p>\n<\/td>\n<\/tr>\n<tr class=\"table__body__row\">\n<td class=\"table_body__data\" colspan=\"1\">\n<p>7<\/p>\n<\/td>\n<td class=\"table_body__data\" colspan=\"1\">\n<p>Markel Beloki (EF Education &#8211; EasyPost)<\/p>\n<\/td>\n<td class=\"table_body__data\" colspan=\"1\">\n<p>16:23:00<\/p>\n<\/td>\n<\/tr>\n<tr class=\"table__body__row\">\n<td class=\"table_body__data\" colspan=\"1\">\n<p>8<\/p>\n<\/td>\n<td class=\"table_body__data\" colspan=\"1\">\n<p>Rudy Porter (Team Jayco AlUla)<\/p>\n<\/td>\n<td class=\"table_body__data\" colspan=\"1\">\n<p>16:24:00<\/p>\n<\/td>\n<\/tr>\n<tr class=\"table__body__row\">\n<td class=\"table_body__data\" colspan=\"1\">\n<p>9<\/p>\n<\/td>\n<td class=\"table_body__data\" colspan=\"1\">\n<p>Sylvain Moniquet (Cofidis)<\/p>\n<\/td>\n<td class=\"table_body__data\" colspan=\"1\">\n<p>16:25:00<\/p>\n<\/td>\n<\/tr>\n<tr class=\"table__body__row\">\n<td class=\"table_body__data\" colspan=\"1\">\n<p>10<\/p>\n<\/td>\n<td class=\"table_body__data\" colspan=\"1\">\n<p>Andreas Leknessund (Uno-X Mobility)<\/p>\n<\/td>\n<td class=\"table_body__data\" colspan=\"1\">\n<p>16:26:00<\/p>\n<\/td>\n<\/tr>\n<tr class=\"table__body__row\">\n<td class=\"table_body__data\" colspan=\"1\">\n<p>11<\/p>\n<\/td>\n<td class=\"table_body__data\" colspan=\"1\">\n<p>Mauri Vansevenant (Soudal Quick-Step)<\/p>\n<\/td>\n<td class=\"table_body__data\" colspan=\"1\">\n<p>16:27:00<\/p>\n<\/td>\n<\/tr>\n<tr class=\"table__body__row\">\n<td class=\"table_body__data\" colspan=\"1\">\n<p>12<\/p>\n<\/td>\n<td class=\"table_body__data\" colspan=\"1\">\n<p>Floris Van Tricht (NSN Cycling Team)<\/p>\n<\/td>\n<td class=\"table_body__data\" colspan=\"1\">\n<p>16:28:00<\/p>\n<\/td>\n<\/tr>\n<tr class=\"table__body__row\">\n<td class=\"table_body__data\" colspan=\"1\">\n<p>13<\/p>\n<\/td>\n<td class=\"table_body__data\" colspan=\"1\">\n<p>Kaden Groves (Alpecin-Premier Tech)<\/p>\n<\/td>\n<td class=\"table_body__data\" colspan=\"1\">\n<p>16:29:00<\/p>\n<\/td>\n<\/tr>\n<tr class=\"table__body__row\">\n<td class=\"table_body__data\" colspan=\"1\">\n<p>14<\/p>\n<\/td>\n<td class=\"table_body__data\" colspan=\"1\">\n<p>Olivier Le Gac (Groupama-FDJ United)<\/p>\n<\/td>\n<td class=\"table_body__data\" colspan=\"1\">\n<p>16:30:00<\/p>\n<\/td>\n<\/tr>\n<tr class=\"table__body__row\">\n<td class=\"table_body__data\" colspan=\"1\">\n<p>15<\/p>\n<\/td>\n<td class=\"table_body__data\" colspan=\"1\">\n<p>Mathias Norsgaard Sunek\u00e6r (Lidl-Trek)<\/p>\n<\/td>\n<td class=\"table_body__data\" colspan=\"1\">\n<p>16:31:00<\/p>\n<\/td>\n<\/tr>\n<tr class=\"table__body__row\">\n<td class=\"table_body__data\" colspan=\"1\">\n<p>16<\/p>\n<\/td>\n<td class=\"table_body__data\" colspan=\"1\">\n<p>Pau Miquel Delgado (Bahrain Victorious)<\/p>\n<\/td>\n<td class=\"table_body__data\" colspan=\"1\">\n<p>16:32:00<\/p>\n<\/td>\n<\/tr>\n<tr class=\"table__body__row\">\n<td class=\"table_body__data\" colspan=\"1\">\n<p>17<\/p>\n<\/td>\n<td class=\"table_body__data\" colspan=\"1\">\n<p>Lucas Hamilton (Netcompany INEOS Cycling Team)<\/p>\n<\/td>\n<td class=\"table_body__data\" colspan=\"1\">\n<p>16:33:00<\/p>\n<\/td>\n<\/tr>\n<tr class=\"table__body__row\">\n<td class=\"table_body__data\" colspan=\"1\">\n<p>18<\/p>\n<\/td>\n<td class=\"table_body__data\" colspan=\"1\">\n<p>Thomas Gloag (Pinarello-Q36.5 Pro Cycling Team)<\/p>\n<\/td>\n<td class=\"table_body__data\" colspan=\"1\">\n<p>16:34:00<\/p>\n<\/td>\n<\/tr>\n<tr class=\"table__body__row\">\n<td class=\"table_body__data\" colspan=\"1\">\n<p>19<\/p>\n<\/td>\n<td class=\"table_body__data\" colspan=\"1\">\n<p>Jordan Labrosse (Decathlon CMA CGM Team)<\/p>\n<\/td>\n<td class=\"table_body__data\" colspan=\"1\">\n<p>16:35:00<\/p>\n<\/td>\n<\/tr>\n<tr class=\"table__body__row\">\n<td class=\"table_body__data\" colspan=\"1\">\n<p>20<\/p>\n<\/td>\n<td class=\"table_body__data\" colspan=\"1\">\n<p>Bruno Armirail (Team Visma | Lease a Bike)<\/p>\n<\/td>\n<td class=\"table_body__data\" colspan=\"1\">\n<p>16:36:00<\/p>\n<\/td>\n<\/tr>\n<tr class=\"table__body__row\">\n<td class=\"table_body__data\" colspan=\"1\">\n<p>21<\/p>\n<\/td>\n<td class=\"table_body__data\" colspan=\"1\">\n<p>Orluis Alberto Aular Sanabria (Movistar Team)<\/p>\n<\/td>\n<td class=\"table_body__data\" colspan=\"1\">\n<p>16:37:00<\/p>\n<\/td>\n<\/tr>\n<tr class=\"table__body__row\">\n<td class=\"table_body__data\" colspan=\"1\">\n<p>22<\/p>\n<\/td>\n<td class=\"table_body__data\" colspan=\"1\">\n<p>Domen Novak (UAE Team Emirates XRG)<\/p>\n<\/td>\n<td class=\"table_body__data\" colspan=\"1\">\n<p>16:38:00<\/p>\n<\/td>\n<\/tr>\n<tr class=\"table__body__row\">\n<td class=\"table_body__data\" colspan=\"1\">\n<p>23<\/p>\n<\/td>\n<td class=\"table_body__data\" colspan=\"1\">\n<p>Frederik Wandahl (Red Bull &#8211; BORA &#8211; hansgrohe)<\/p>\n<\/td>\n<td class=\"table_body__data\" colspan=\"1\">\n<p>16:39:00<\/p>\n<\/td>\n<\/tr>\n<tr class=\"table__body__row\">\n<td class=\"table_body__data\" colspan=\"1\">\n<p>24<\/p>\n<\/td>\n<td class=\"table_body__data\" colspan=\"1\">\n<p>Mats Wenzel (Equipo Kern Pharma)<\/p>\n<\/td>\n<td class=\"table_body__data\" colspan=\"1\">\n<p>16:40:00<\/p>\n<\/td>\n<\/tr>\n<tr class=\"table__body__row\">\n<td class=\"table_body__data\" colspan=\"1\">\n<p>25<\/p>\n<\/td>\n<td class=\"table_body__data\" colspan=\"1\">\n<p>Gijs Leemreize (Team Picnic PostNL)<\/p>\n<\/td>\n<td class=\"table_body__data\" colspan=\"1\">\n<p>16:41:00<\/p>\n<\/td>\n<\/tr>\n<tr class=\"table__body__row\">\n<td class=\"table_body__data\" colspan=\"1\">\n<p>26<\/p>\n<\/td>\n<td class=\"table_body__data\" colspan=\"1\">\n<p>Vito Braet (Lotto Intermarch\u00e9)<\/p>\n<\/td>\n<td class=\"table_body__data\" colspan=\"1\">\n<p>16:42:00<\/p>\n<\/td>\n<\/tr>\n<tr class=\"table__body__row\">\n<td class=\"table_body__data\" colspan=\"1\">\n<p>27<\/p>\n<\/td>\n<td class=\"table_body__data\" colspan=\"1\">\n<p>Mario Aparicio Mu\u00f1oz (Burgos-Burpellet-BH)<\/p>\n<\/td>\n<td class=\"table_body__data\" colspan=\"1\">\n<p>16:43:00<\/p>\n<\/td>\n<\/tr>\n<tr class=\"table__body__row\">\n<td class=\"table_body__data\" colspan=\"1\">\n<p>28<\/p>\n<\/td>\n<td class=\"table_body__data\" colspan=\"1\">\n<p>Lorenzo Fortunato (XDS Astana Team)<\/p>\n<\/td>\n<td class=\"table_body__data\" colspan=\"1\">\n<p>16:44:00<\/p>\n<\/td>\n<\/tr>\n<tr class=\"table__body__row\">\n<td class=\"table_body__data\" colspan=\"1\">\n<p>29<\/p>\n<\/td>\n<td class=\"table_body__data\" colspan=\"1\">\n<p>Roland Thalmann (Tudor Pro Cycling Team)<\/p>\n<\/td>\n<td class=\"table_body__data\" colspan=\"1\">\n<p>16:45:00<\/p>\n<\/td>\n<\/tr>\n<tr class=\"table__body__row\">\n<td class=\"table_body__data\" colspan=\"1\">\n<p>30<\/p>\n<\/td>\n<td class=\"table_body__data\" colspan=\"1\">\n<p>Richard Carapaz (EF Education &#8211; EasyPost)<\/p>\n<\/td>\n<td class=\"table_body__data\" colspan=\"1\">\n<p>16:46:00<\/p>\n<\/td>\n<\/tr>\n<tr class=\"table__body__row\">\n<td class=\"table_body__data\" colspan=\"1\">\n<p>31<\/p>\n<\/td>\n<td class=\"table_body__data\" colspan=\"1\">\n<p>Xavier Finlay Xavier Pickering (Team Jayco AlUla)<\/p>\n<\/td>\n<td class=\"table_body__data\" colspan=\"1\">\n<p>16:47:00<\/p>\n<\/td>\n<\/tr>\n<tr class=\"table__body__row\">\n<td class=\"table_body__data\" colspan=\"1\">\n<p>32<\/p>\n<\/td>\n<td class=\"table_body__data\" colspan=\"1\">\n<p>Bryan Coquard (Cofidis)<\/p>\n<\/td>\n<td class=\"table_body__data\" colspan=\"1\">\n<p>16:48:00<\/p>\n<\/td>\n<\/tr>\n<tr class=\"table__body__row\">\n<td class=\"table_body__data\" colspan=\"1\">\n<p>33<\/p>\n<\/td>\n<td class=\"table_body__data\" colspan=\"1\">\n<p>Andreas Kron (Uno-X Mobility)<\/p>\n<\/td>\n<td class=\"table_body__data\" colspan=\"1\">\n<p>16:49:00<\/p>\n<\/td>\n<\/tr>\n<tr class=\"table__body__row\">\n<td class=\"table_body__data\" colspan=\"1\">\n<p>34<\/p>\n<\/td>\n<td class=\"table_body__data\" colspan=\"1\">\n<p>Alberto Dainese (Soudal Quick-Step)<\/p>\n<\/td>\n<td class=\"table_body__data\" colspan=\"1\">\n<p>16:50:00<\/p>\n<\/td>\n<\/tr>\n<tr class=\"table__body__row\">\n<td class=\"table_body__data\" colspan=\"1\">\n<p>35<\/p>\n<\/td>\n<td class=\"table_body__data\" colspan=\"1\">\n<p>Hugo Hofstetter (NSN Cycling Team)<\/p>\n<\/td>\n<td class=\"table_body__data\" colspan=\"1\">\n<p>16:51:00<\/p>\n<\/td>\n<\/tr>\n<tr class=\"table__body__row\">\n<td class=\"table_body__data\" colspan=\"1\">\n<p>36<\/p>\n<\/td>\n<td class=\"table_body__data\" colspan=\"1\">\n<p>Francesco Busatto (Alpecin-Premier Tech)<\/p>\n<\/td>\n<td class=\"table_body__data\" colspan=\"1\">\n<p>16:52:00<\/p>\n<\/td>\n<\/tr>\n<tr class=\"table__body__row\">\n<td class=\"table_body__data\" colspan=\"1\">\n<p>37<\/p>\n<\/td>\n<td class=\"table_body__data\" colspan=\"1\">\n<p>Guillaume Martin Guyonnet (Groupama-FDJ United)<\/p>\n<\/td>\n<td class=\"table_body__data\" colspan=\"1\">\n<p>16:53:00<\/p>\n<\/td>\n<\/tr>\n<tr class=\"table__body__row\">\n<td class=\"table_body__data\" colspan=\"1\">\n<p>38<\/p>\n<\/td>\n<td class=\"table_body__data\" colspan=\"1\">\n<p>Jacopo Mosca (Lidl-Trek)<\/p>\n<\/td>\n<td class=\"table_body__data\" colspan=\"1\">\n<p>16:54:00<\/p>\n<\/td>\n<\/tr>\n<tr class=\"table__body__row\">\n<td class=\"table_body__data\" colspan=\"1\">\n<p>39<\/p>\n<\/td>\n<td class=\"table_body__data\" colspan=\"1\">\n<p>Pello Bilbao (Bahrain Victorious)<\/p>\n<\/td>\n<td class=\"table_body__data\" colspan=\"1\">\n<p>16:55:00<\/p>\n<\/td>\n<\/tr>\n<tr class=\"table__body__row\">\n<td class=\"table_body__data\" colspan=\"1\">\n<p>40<\/p>\n<\/td>\n<td class=\"table_body__data\" colspan=\"1\">\n<p>Embret Svestad-B\u00e5rdseng (Netcompany INEOS Cycling Team)<\/p>\n<\/td>\n<td class=\"table_body__data\" colspan=\"1\">\n<p>16:56:00<\/p>\n<\/td>\n<\/tr>\n<tr class=\"table__body__row\">\n<td class=\"table_body__data\" colspan=\"1\">\n<p>41<\/p>\n<\/td>\n<td class=\"table_body__data\" colspan=\"1\">\n<p>Walter Calzoni (Pinarello-Q36.5 Pro Cycling Team)<\/p>\n<\/td>\n<td class=\"table_body__data\" colspan=\"1\">\n<p>16:57:00<\/p>\n<\/td>\n<\/tr>\n<tr class=\"table__body__row\">\n<td class=\"table_body__data\" colspan=\"1\">\n<p>42<\/p>\n<\/td>\n<td class=\"table_body__data\" colspan=\"1\">\n<p>Matthew Riccitello (Decathlon CMA CGM Team)<\/p>\n<\/td>\n<td class=\"table_body__data\" colspan=\"1\">\n<p>16:58:00<\/p>\n<\/td>\n<\/tr>\n<tr class=\"table__body__row\">\n<td class=\"table_body__data\" colspan=\"1\">\n<p>43<\/p>\n<\/td>\n<td class=\"table_body__data\" colspan=\"1\">\n<p>Sepp Kuss (Team Visma | Lease a Bike)<\/p>\n<\/td>\n<td class=\"table_body__data\" colspan=\"1\">\n<p>16:59:00<\/p>\n<\/td>\n<\/tr>\n<tr class=\"table__body__row\">\n<td class=\"table_body__data\" colspan=\"1\">\n<p>44<\/p>\n<\/td>\n<td class=\"table_body__data\" colspan=\"1\">\n<p>Carlos Canal Blanco (Movistar Team)<\/p>\n<\/td>\n<td class=\"table_body__data\" colspan=\"1\">\n<p>17:00:00<\/p>\n<\/td>\n<\/tr>\n<tr class=\"table__body__row\">\n<td class=\"table_body__data\" colspan=\"1\">\n<p>45<\/p>\n<\/td>\n<td class=\"table_body__data\" colspan=\"1\">\n<p>Kevin Vermaerke (UAE Team Emirates XRG)<\/p>\n<\/td>\n<td class=\"table_body__data\" colspan=\"1\">\n<p>17:01:00<\/p>\n<\/td>\n<\/tr>\n<tr class=\"table__body__row\">\n<td class=\"table_body__data\" colspan=\"1\">\n<p>46<\/p>\n<\/td>\n<td class=\"table_body__data\" colspan=\"1\">\n<p>Gianni Vermeersch (Red Bull &#8211; BORA &#8211; hansgrohe)<\/p>\n<\/td>\n<td class=\"table_body__data\" colspan=\"1\">\n<p>17:02:00<\/p>\n<\/td>\n<\/tr>\n<tr class=\"table__body__row\">\n<td class=\"table_body__data\" colspan=\"1\">\n<p>47<\/p>\n<\/td>\n<td class=\"table_body__data\" colspan=\"1\">\n<p>Marc Brustenga Masague (Equipo Kern Pharma)<\/p>\n<\/td>\n<td class=\"table_body__data\" colspan=\"1\">\n<p>17:03:00<\/p>\n<\/td>\n<\/tr>\n<tr class=\"table__body__row\">\n<td class=\"table_body__data\" colspan=\"1\">\n<p>48<\/p>\n<\/td>\n<td class=\"table_body__data\" colspan=\"1\">\n<p>Guillermo Juan Martinez Huertas (Team Picnic PostNL)<\/p>\n<\/td>\n<td class=\"table_body__data\" colspan=\"1\">\n<p>17:04:00<\/p>\n<\/td>\n<\/tr>\n<tr class=\"table__body__row\">\n<td class=\"table_body__data\" colspan=\"1\">\n<p>49<\/p>\n<\/td>\n<td class=\"table_body__data\" colspan=\"1\">\n<p>Lorenzo Rota (Lotto Intermarch\u00e9)<\/p>\n<\/td>\n<td class=\"table_body__data\" colspan=\"1\">\n<p>17:05:00<\/p>\n<\/td>\n<\/tr>\n<tr class=\"table__body__row\">\n<td class=\"table_body__data\" colspan=\"1\">\n<p>50<\/p>\n<\/td>\n<td class=\"table_body__data\" colspan=\"1\">\n<p>Sinuhe Fernandez Rodriguez (Burgos-Burpellet-BH)<\/p>\n<\/td>\n<td class=\"table_body__data\" colspan=\"1\">\n<p>17:06:00<\/p>\n<\/td>\n<\/tr>\n<tr class=\"table__body__row\">\n<td class=\"table_body__data\" colspan=\"1\">\n<p>51<\/p>\n<\/td>\n<td class=\"table_body__data\" colspan=\"1\">\n<p>Henok Mulueberhan (XDS Astana Team)<\/p>\n<\/td>\n<td class=\"table_body__data\" colspan=\"1\">\n<p>17:07:00<\/p>\n<\/td>\n<\/tr>\n<tr class=\"table__body__row\">\n<td class=\"table_body__data\" colspan=\"1\">\n<p>52<\/p>\n<\/td>\n<td class=\"table_body__data\" colspan=\"1\">\n<p>Fabian Weiss (Tudor Pro Cycling Team)<\/p>\n<\/td>\n<td class=\"table_body__data\" colspan=\"1\">\n<p>17:08:00<\/p>\n<\/td>\n<\/tr>\n<tr class=\"table__body__row\">\n<td class=\"table_body__data\" colspan=\"1\">\n<p>53<\/p>\n<\/td>\n<td class=\"table_body__data\" colspan=\"1\">\n<p>Darren Rafferty (EF Education &#8211; EasyPost)<\/p>\n<\/td>\n<td class=\"table_body__data\" colspan=\"1\">\n<p>17:09:00<\/p>\n<\/td>\n<\/tr>\n<tr class=\"table__body__row\">\n<td class=\"table_body__data\" colspan=\"1\">\n<p>54<\/p>\n<\/td>\n<td class=\"table_body__data\" colspan=\"1\">\n<p>Asbj\u00f8rn Hellemose (Team Jayco AlUla)<\/p>\n<\/td>\n<td class=\"table_body__data\" colspan=\"1\">\n<p>17:10:00<\/p>\n<\/td>\n<\/tr>\n<tr class=\"table__body__row\">\n<td class=\"table_body__data\" colspan=\"1\">\n<p>55<\/p>\n<\/td>\n<td class=\"table_body__data\" colspan=\"1\">\n<p>Paul Ourselin (Cofidis)<\/p>\n<\/td>\n<td class=\"table_body__data\" colspan=\"1\">\n<p>17:11:00<\/p>\n<\/td>\n<\/tr>\n<tr class=\"table__body__row\">\n<td class=\"table_body__data\" colspan=\"1\">\n<p>56<\/p>\n<\/td>\n<td class=\"table_body__data\" colspan=\"1\">\n<p>Tobias Johannessen (Uno-X Mobility)<\/p>\n<\/td>\n<td class=\"table_body__data\" colspan=\"1\">\n<p>17:12:00<\/p>\n<\/td>\n<\/tr>\n<tr class=\"table__body__row\">\n<td class=\"table_body__data\" colspan=\"1\">\n<p>57<\/p>\n<\/td>\n<td class=\"table_body__data\" colspan=\"1\">\n<p>Gianmarco Garofoli (Soudal Quick-Step)<\/p>\n<\/td>\n<td class=\"table_body__data\" colspan=\"1\">\n<p>17:13:00<\/p>\n<\/td>\n<\/tr>\n<tr class=\"table__body__row\">\n<td class=\"table_body__data\" colspan=\"1\">\n<p>58<\/p>\n<\/td>\n<td class=\"table_body__data\" colspan=\"1\">\n<p>Pau Marti Soriano (NSN Cycling Team)<\/p>\n<\/td>\n<td class=\"table_body__data\" colspan=\"1\">\n<p>17:14:00<\/p>\n<\/td>\n<\/tr>\n<tr class=\"table__body__row\">\n<td class=\"table_body__data\" colspan=\"1\">\n<p>59<\/p>\n<\/td>\n<td class=\"table_body__data\" colspan=\"1\">\n<p>Sente Sentjens (Alpecin-Premier Tech)<\/p>\n<\/td>\n<td class=\"table_body__data\" colspan=\"1\">\n<p>17:15:00<\/p>\n<\/td>\n<\/tr>\n<tr class=\"table__body__row\">\n<td class=\"table_body__data\" colspan=\"1\">\n<p>60<\/p>\n<\/td>\n<td class=\"table_body__data\" colspan=\"1\">\n<p>Cl\u00e9ment Berthet (Groupama-FDJ United)<\/p>\n<\/td>\n<td class=\"table_body__data\" colspan=\"1\">\n<p>17:16:00<\/p>\n<\/td>\n<\/tr>\n<tr class=\"table__body__row\">\n<td class=\"table_body__data\" colspan=\"1\">\n<p>61<\/p>\n<\/td>\n<td class=\"table_body__data\" colspan=\"1\">\n<p>Mattias Skjelmose (Lidl-Trek)<\/p>\n<\/td>\n<td class=\"table_body__data\" colspan=\"1\">\n<p>17:17:00<\/p>\n<\/td>\n<\/tr>\n<tr class=\"table__body__row\">\n<td class=\"table_body__data\" colspan=\"1\">\n<p>62<\/p>\n<\/td>\n<td class=\"table_body__data\" colspan=\"1\">\n<p>Santiago Buitrago (Bahrain Victorious)<\/p>\n<\/td>\n<td class=\"table_body__data\" colspan=\"1\">\n<p>17:18:00<\/p>\n<\/td>\n<\/tr>\n<tr class=\"table__body__row\">\n<td class=\"table_body__data\" colspan=\"1\">\n<p>63<\/p>\n<\/td>\n<td class=\"table_body__data\" colspan=\"1\">\n<p>Carlos Rodriguez (Netcompany INEOS Cycling Team)<\/p>\n<\/td>\n<td class=\"table_body__data\" colspan=\"1\">\n<p>17:19:00<\/p>\n<\/td>\n<\/tr>\n<tr class=\"table__body__row\">\n<td class=\"table_body__data\" colspan=\"1\">\n<p>64<\/p>\n<\/td>\n<td class=\"table_body__data\" colspan=\"1\">\n<p>Edward Dunbar (Pinarello-Q36.5 Pro Cycling Team)<\/p>\n<\/td>\n<td class=\"table_body__data\" colspan=\"1\">\n<p>17:20:00<\/p>\n<\/td>\n<\/tr>\n<tr class=\"table__body__row\">\n<td class=\"table_body__data\" colspan=\"1\">\n<p>65<\/p>\n<\/td>\n<td class=\"table_body__data\" colspan=\"1\">\n<p>Sander De Pestel (Decathlon CMA CGM Team)<\/p>\n<\/td>\n<td class=\"table_body__data\" colspan=\"1\">\n<p>17:21:00<\/p>\n<\/td>\n<\/tr>\n<tr class=\"table__body__row\">\n<td class=\"table_body__data\" colspan=\"1\">\n<p>66<\/p>\n<\/td>\n<td class=\"table_body__data\" colspan=\"1\">\n<p>James Matthew Brennan (Team Visma | Lease a Bike)<\/p>\n<\/td>\n<td class=\"table_body__data\" colspan=\"1\">\n<p>17:22:00<\/p>\n<\/td>\n<\/tr>\n<tr class=\"table__body__row\">\n<td class=\"table_body__data\" colspan=\"1\">\n<p>67<\/p>\n<\/td>\n<td class=\"table_body__data\" colspan=\"1\">\n<p>Jorge Arcas (Movistar Team)<\/p>\n<\/td>\n<td class=\"table_body__data\" colspan=\"1\">\n<p>17:23:00<\/p>\n<\/td>\n<\/tr>\n<tr class=\"table__body__row\">\n<td class=\"table_body__data\" colspan=\"1\">\n<p>68<\/p>\n<\/td>\n<td class=\"table_body__data\" colspan=\"1\">\n<p>Pavel Sivakov (UAE Team Emirates XRG)<\/p>\n<\/td>\n<td class=\"table_body__data\" colspan=\"1\">\n<p>17:24:00<\/p>\n<\/td>\n<\/tr>\n<tr class=\"table__body__row\">\n<td class=\"table_body__data\" colspan=\"1\">\n<p>69<\/p>\n<\/td>\n<td class=\"table_body__data\" colspan=\"1\">\n<p>Gianni Moscon (Red Bull &#8211; BORA &#8211; hansgrohe)<\/p>\n<\/td>\n<td class=\"table_body__data\" colspan=\"1\">\n<p>17:25:00<\/p>\n<\/td>\n<\/tr>\n<tr class=\"table__body__row\">\n<td class=\"table_body__data\" colspan=\"1\">\n<p>70<\/p>\n<\/td>\n<td class=\"table_body__data\" colspan=\"1\">\n<p>Ivan Sosa (Equipo Kern Pharma)<\/p>\n<\/td>\n<td class=\"table_body__data\" colspan=\"1\">\n<p>17:26:00<\/p>\n<\/td>\n<\/tr>\n<tr class=\"table__body__row\">\n<td class=\"table_body__data\" colspan=\"1\">\n<p>71<\/p>\n<\/td>\n<td class=\"table_body__data\" colspan=\"1\">\n<p>Oliver Peace (Team Picnic PostNL)<\/p>\n<\/td>\n<td class=\"table_body__data\" colspan=\"1\">\n<p>17:27:00<\/p>\n<\/td>\n<\/tr>\n<tr class=\"table__body__row\">\n<td class=\"table_body__data\" colspan=\"1\">\n<p>72<\/p>\n<\/td>\n<td class=\"table_body__data\" colspan=\"1\">\n<p>Jarno Widar (Lotto Intermarch\u00e9)<\/p>\n<\/td>\n<td class=\"table_body__data\" colspan=\"1\">\n<p>17:28:00<\/p>\n<\/td>\n<\/tr>\n<tr class=\"table__body__row\">\n<td class=\"table_body__data\" colspan=\"1\">\n<p>73<\/p>\n<\/td>\n<td class=\"table_body__data\" colspan=\"1\">\n<p>Sergio Geovani Chumil Gonzalez (Burgos-Burpellet-BH)<\/p>\n<\/td>\n<td class=\"table_body__data\" colspan=\"1\">\n<p>17:29:00<\/p>\n<\/td>\n<\/tr>\n<tr class=\"table__body__row\">\n<td class=\"table_body__data\" colspan=\"1\">\n<p>74<\/p>\n<\/td>\n<td class=\"table_body__data\" colspan=\"1\">\n<p>Cristian Rodriguez (XDS Astana Team)<\/p>\n<\/td>\n<td class=\"table_body__data\" colspan=\"1\">\n<p>17:30:00<\/p>\n<\/td>\n<\/tr>\n<tr class=\"table__body__row\">\n<td class=\"table_body__data\" colspan=\"1\">\n<p>75<\/p>\n<\/td>\n<td class=\"table_body__data\" colspan=\"1\">\n<p>William Barta (Tudor Pro Cycling Team)<\/p>\n<\/td>\n<td class=\"table_body__data\" colspan=\"1\">\n<p>17:31:00<\/p>\n<\/td>\n<\/tr>\n<tr class=\"table__body__row\">\n<td class=\"table_body__data\" colspan=\"1\">\n<p>76<\/p>\n<\/td>\n<td class=\"table_body__data\" colspan=\"1\">\n<p>Juan Felipe Rodriguez Contreras (EF Education &#8211; EasyPost)<\/p>\n<\/td>\n<td class=\"table_body__data\" colspan=\"1\">\n<p>17:32:00<\/p>\n<\/td>\n<\/tr>\n<tr class=\"table__body__row\">\n<td class=\"table_body__data\" colspan=\"1\">\n<p>77<\/p>\n<\/td>\n<td class=\"table_body__data\" colspan=\"1\">\n<p>Paul Double (Team Jayco AlUla)<\/p>\n<\/td>\n<td class=\"table_body__data\" colspan=\"1\">\n<p>17:33:00<\/p>\n<\/td>\n<\/tr>\n<tr class=\"table__body__row\">\n<td class=\"table_body__data\" colspan=\"1\">\n<p>78<\/p>\n<\/td>\n<td class=\"table_body__data\" colspan=\"1\">\n<p>Louis Rouland (Cofidis)<\/p>\n<\/td>\n<td class=\"table_body__data\" colspan=\"1\">\n<p>17:34:00<\/p>\n<\/td>\n<\/tr>\n<tr class=\"table__body__row\">\n<td class=\"table_body__data\" colspan=\"1\">\n<p>79<\/p>\n<\/td>\n<td class=\"table_body__data\" colspan=\"1\">\n<p>Magnus Cort Nielsen (Uno-X Mobility)<\/p>\n<\/td>\n<td class=\"table_body__data\" colspan=\"1\">\n<p>17:35:00<\/p>\n<\/td>\n<\/tr>\n<tr class=\"table__body__row\">\n<td class=\"table_body__data\" colspan=\"1\">\n<p>80<\/p>\n<\/td>\n<td class=\"table_body__data\" colspan=\"1\">\n<p>Fabio Van Den Bossche (Soudal Quick-Step)<\/p>\n<\/td>\n<td class=\"table_body__data\" colspan=\"1\">\n<p>17:36:00<\/p>\n<\/td>\n<\/tr>\n<tr class=\"table__body__row\">\n<td class=\"table_body__data\" colspan=\"1\">\n<p>81<\/p>\n<\/td>\n<td class=\"table_body__data\" colspan=\"1\">\n<p>Nicholas Schultz (NSN Cycling Team)<\/p>\n<\/td>\n<td class=\"table_body__data\" colspan=\"1\">\n<p>17:37:00<\/p>\n<\/td>\n<\/tr>\n<tr class=\"table__body__row\">\n<td class=\"table_body__data\" colspan=\"1\">\n<p>82<\/p>\n<\/td>\n<td class=\"table_body__data\" colspan=\"1\">\n<p>Lindsay De Vylder (Alpecin-Premier Tech)<\/p>\n<\/td>\n<td class=\"table_body__data\" colspan=\"1\">\n<p>17:38:00<\/p>\n<\/td>\n<\/tr>\n<tr class=\"table__body__row\">\n<td class=\"table_body__data\" colspan=\"1\">\n<p>83<\/p>\n<\/td>\n<td class=\"table_body__data\" colspan=\"1\">\n<p>R\u00e9my Rochas (Groupama-FDJ United)<\/p>\n<\/td>\n<td class=\"table_body__data\" colspan=\"1\">\n<p>17:39:00<\/p>\n<\/td>\n<\/tr>\n<tr class=\"table__body__row\">\n<td class=\"table_body__data\" colspan=\"1\">\n<p>84<\/p>\n<\/td>\n<td class=\"table_body__data\" colspan=\"1\">\n<p>Thibau Nys (Lidl-Trek)<\/p>\n<\/td>\n<td class=\"table_body__data\" colspan=\"1\">\n<p>17:40:00<\/p>\n<\/td>\n<\/tr>\n<tr class=\"table__body__row\">\n<td class=\"table_body__data\" colspan=\"1\">\n<p>85<\/p>\n<\/td>\n<td class=\"table_body__data\" colspan=\"1\">\n<p>Jakob Omrzel (Bahrain Victorious)<\/p>\n<\/td>\n<td class=\"table_body__data\" colspan=\"1\">\n<p>17:41:00<\/p>\n<\/td>\n<\/tr>\n<tr class=\"table__body__row\">\n<td class=\"table_body__data\" colspan=\"1\">\n<p>86<\/p>\n<\/td>\n<td class=\"table_body__data\" colspan=\"1\">\n<p>Oscar Onley (Netcompany INEOS Cycling Team)<\/p>\n<\/td>\n<td class=\"table_body__data\" colspan=\"1\">\n<p>17:42:00<\/p>\n<\/td>\n<\/tr>\n<tr class=\"table__body__row\">\n<td class=\"table_body__data\" colspan=\"1\">\n<p>87<\/p>\n<\/td>\n<td class=\"table_body__data\" colspan=\"1\">\n<p>Milan Vader (Pinarello-Q36.5 Pro Cycling Team)<\/p>\n<\/td>\n<td class=\"table_body__data\" colspan=\"1\">\n<p>17:43:00<\/p>\n<\/td>\n<\/tr>\n<tr class=\"table__body__row\">\n<td class=\"table_body__data\" colspan=\"1\">\n<p>88<\/p>\n<\/td>\n<td class=\"table_body__data\" colspan=\"1\">\n<p>F\u00e9lix Gall (Decathlon CMA CGM Team)<\/p>\n<\/td>\n<td class=\"table_body__data\" colspan=\"1\">\n<p>17:44:00<\/p>\n<\/td>\n<\/tr>\n<tr class=\"table__body__row\">\n<td class=\"table_body__data\" colspan=\"1\">\n<p>89<\/p>\n<\/td>\n<td class=\"table_body__data\" colspan=\"1\">\n<p>Ben Tulett (Team Visma | Lease a Bike)<\/p>\n<\/td>\n<td class=\"table_body__data\" colspan=\"1\">\n<p>17:45:00<\/p>\n<\/td>\n<\/tr>\n<tr class=\"table__body__row\">\n<td class=\"table_body__data\" colspan=\"1\">\n<p>90<\/p>\n<\/td>\n<td class=\"table_body__data\" colspan=\"1\">\n<p>Raul Garcia (Movistar Team)<\/p>\n<\/td>\n<td class=\"table_body__data\" colspan=\"1\">\n<p>17:46:00<\/p>\n<\/td>\n<\/tr>\n<tr class=\"table__body__row\">\n<td class=\"table_body__data\" colspan=\"1\">\n<p>91<\/p>\n<\/td>\n<td class=\"table_body__data\" colspan=\"1\">\n<p>Pablo Torres Arias (UAE Team Emirates XRG)<\/p>\n<\/td>\n<td class=\"table_body__data\" colspan=\"1\">\n<p>17:47:00<\/p>\n<\/td>\n<\/tr>\n<tr class=\"table__body__row\">\n<td class=\"table_body__data\" colspan=\"1\">\n<p>92<\/p>\n<\/td>\n<td class=\"table_body__data\" colspan=\"1\">\n<p>Jordi Meeus (Red Bull &#8211; BORA &#8211; hansgrohe)<\/p>\n<\/td>\n<td class=\"table_body__data\" colspan=\"1\">\n<p>17:48:00<\/p>\n<\/td>\n<\/tr>\n<tr class=\"table__body__row\">\n<td class=\"table_body__data\" colspan=\"1\">\n<p>93<\/p>\n<\/td>\n<td class=\"table_body__data\" colspan=\"1\">\n<p>Ivan Cobo Cayon (Equipo Kern Pharma)<\/p>\n<\/td>\n<td class=\"table_body__data\" colspan=\"1\">\n<p>17:49:00<\/p>\n<\/td>\n<\/tr>\n<tr class=\"table__body__row\">\n<td class=\"table_body__data\" colspan=\"1\">\n<p>94<\/p>\n<\/td>\n<td class=\"table_body__data\" colspan=\"1\">\n<p>Timo Roosen (Team Picnic PostNL)<\/p>\n<\/td>\n<td class=\"table_body__data\" colspan=\"1\">\n<p>17:50:00<\/p>\n<\/td>\n<\/tr>\n<tr class=\"table__body__row\">\n<td class=\"table_body__data\" colspan=\"1\">\n<p>95<\/p>\n<\/td>\n<td class=\"table_body__data\" colspan=\"1\">\n<p>Luca Van Boven (Lotto Intermarch\u00e9)<\/p>\n<\/td>\n<td class=\"table_body__data\" colspan=\"1\">\n<p>17:51:00<\/p>\n<\/td>\n<\/tr>\n<tr class=\"table__body__row\">\n<td class=\"table_body__data\" colspan=\"1\">\n<p>96<\/p>\n<\/td>\n<td class=\"table_body__data\" colspan=\"1\">\n<p>Jose Manuel Diaz Gallego (Burgos-Burpellet-BH)<\/p>\n<\/td>\n<td class=\"table_body__data\" colspan=\"1\">\n<p>17:52:00<\/p>\n<\/td>\n<\/tr>\n<tr class=\"table__body__row\">\n<td class=\"table_body__data\" colspan=\"1\">\n<p>97<\/p>\n<\/td>\n<td class=\"table_body__data\" colspan=\"1\">\n<p>Yevgeniy Fedorov (XDS Astana Team)<\/p>\n<\/td>\n<td class=\"table_body__data\" colspan=\"1\">\n<p>17:53:00<\/p>\n<\/td>\n<\/tr>\n<tr class=\"table__body__row\">\n<td class=\"table_body__data\" colspan=\"1\">\n<p>98<\/p>\n<\/td>\n<td class=\"table_body__data\" colspan=\"1\">\n<p>Arthur Kluckers (Tudor Pro Cycling Team)<\/p>\n<\/td>\n<td class=\"table_body__data\" colspan=\"1\">\n<p>17:54:00<\/p>\n<\/td>\n<\/tr>\n<tr class=\"table__body__row\">\n<td class=\"table_body__data\" colspan=\"1\">\n<p>99<\/p>\n<\/td>\n<td class=\"table_body__data\" colspan=\"1\">\n<p>Vincenzo Albanese (EF Education &#8211; EasyPost)<\/p>\n<\/td>\n<td class=\"table_body__data\" colspan=\"1\">\n<p>17:55:00<\/p>\n<\/td>\n<\/tr>\n<tr class=\"table__body__row\">\n<td class=\"table_body__data\" colspan=\"1\">\n<p>100<\/p>\n<\/td>\n<td class=\"table_body__data\" colspan=\"1\">\n<p>Alessandro Covi (Team Jayco AlUla)<\/p>\n<\/td>\n<td class=\"table_body__data\" colspan=\"1\">\n<p>17:56:00<\/p>\n<\/td>\n<\/tr>\n<tr class=\"table__body__row\">\n<td class=\"table_body__data\" colspan=\"1\">\n<p>101<\/p>\n<\/td>\n<td class=\"table_body__data\" colspan=\"1\">\n<p>Sergio Samitier Samitier (Cofidis)<\/p>\n<\/td>\n<td class=\"table_body__data\" colspan=\"1\">\n<p>17:57:00<\/p>\n<\/td>\n<\/tr>\n<tr class=\"table__body__row\">\n<td class=\"table_body__data\" colspan=\"1\">\n<p>102<\/p>\n<\/td>\n<td class=\"table_body__data\" colspan=\"1\">\n<p>Fredrik Dversnes (Uno-X Mobility)<\/p>\n<\/td>\n<td class=\"table_body__data\" colspan=\"1\">\n<p>17:58:00<\/p>\n<\/td>\n<\/tr>\n<tr class=\"table__body__row\">\n<td class=\"table_body__data\" colspan=\"1\">\n<p>103<\/p>\n<\/td>\n<td class=\"table_body__data\" colspan=\"1\">\n<p>Mikel Landa (Soudal Quick-Step)<\/p>\n<\/td>\n<td class=\"table_body__data\" colspan=\"1\">\n<p>17:59:00<\/p>\n<\/td>\n<\/tr>\n<tr class=\"table__body__row\">\n<td class=\"table_body__data\" colspan=\"1\">\n<p>104<\/p>\n<\/td>\n<td class=\"table_body__data\" colspan=\"1\">\n<p>Moritz Kretschy (NSN Cycling Team)<\/p>\n<\/td>\n<td class=\"table_body__data\" colspan=\"1\">\n<p>18:00:00<\/p>\n<\/td>\n<\/tr>\n<tr class=\"table__body__row\">\n<td class=\"table_body__data\" colspan=\"1\">\n<p>105<\/p>\n<\/td>\n<td class=\"table_body__data\" colspan=\"1\">\n<p>Ramses Debruyne (Alpecin-Premier Tech)<\/p>\n<\/td>\n<td class=\"table_body__data\" colspan=\"1\">\n<p>18:01:00<\/p>\n<\/td>\n<\/tr>\n<tr class=\"table__body__row\">\n<td class=\"table_body__data\" colspan=\"1\">\n<p>106<\/p>\n<\/td>\n<td class=\"table_body__data\" colspan=\"1\">\n<p>Valentin Madouas (Groupama-FDJ United)<\/p>\n<\/td>\n<td class=\"table_body__data\" colspan=\"1\">\n<p>18:02:00<\/p>\n<\/td>\n<\/tr>\n<tr class=\"table__body__row\">\n<td class=\"table_body__data\" colspan=\"1\">\n<p>107<\/p>\n<\/td>\n<td class=\"table_body__data\" colspan=\"1\">\n<p>Julien Bernard (Lidl-Trek)<\/p>\n<\/td>\n<td class=\"table_body__data\" colspan=\"1\">\n<p>18:03:00<\/p>\n<\/td>\n<\/tr>\n<tr class=\"table__body__row\">\n<td class=\"table_body__data\" colspan=\"1\">\n<p>108<\/p>\n<\/td>\n<td class=\"table_body__data\" colspan=\"1\">\n<p>Matev\u017e Govekar (Bahrain Victorious)<\/p>\n<\/td>\n<td class=\"table_body__data\" colspan=\"1\">\n<p>18:04:00<\/p>\n<\/td>\n<\/tr>\n<tr class=\"table__body__row\">\n<td class=\"table_body__data\" colspan=\"1\">\n<p>109<\/p>\n<\/td>\n<td class=\"table_body__data\" colspan=\"1\">\n<p>Jack Haig (Netcompany INEOS Cycling Team)<\/p>\n<\/td>\n<td class=\"table_body__data\" colspan=\"1\">\n<p>18:05:00<\/p>\n<\/td>\n<\/tr>\n<tr class=\"table__body__row\">\n<td class=\"table_body__data\" colspan=\"1\">\n<p>110<\/p>\n<\/td>\n<td class=\"table_body__data\" colspan=\"1\">\n<p>David Gonzalez Lopez (Pinarello-Q36.5 Pro Cycling Team)<\/p>\n<\/td>\n<td class=\"table_body__data\" colspan=\"1\">\n<p>18:06:00<\/p>\n<\/td>\n<\/tr>\n<tr class=\"table__body__row\">\n<td class=\"table_body__data\" colspan=\"1\">\n<p>111<\/p>\n<\/td>\n<td class=\"table_body__data\" colspan=\"1\">\n<p>Andrew Oscar Chamberlain (Decathlon CMA CGM Team)<\/p>\n<\/td>\n<td class=\"table_body__data\" colspan=\"1\">\n<p>18:07:00<\/p>\n<\/td>\n<\/tr>\n<tr class=\"table__body__row\">\n<td class=\"table_body__data\" colspan=\"1\">\n<p>112<\/p>\n<\/td>\n<td class=\"table_body__data\" colspan=\"1\">\n<p>J\u00f8rgen Nordhagen (Team Visma | Lease a Bike)<\/p>\n<\/td>\n<td class=\"table_body__data\" colspan=\"1\">\n<p>18:08:00<\/p>\n<\/td>\n<\/tr>\n<tr class=\"table__body__row\">\n<td class=\"table_body__data\" colspan=\"1\">\n<p>113<\/p>\n<\/td>\n<td class=\"table_body__data\" colspan=\"1\">\n<p>Cian Uijtdebroeks (Movistar Team)<\/p>\n<\/td>\n<td class=\"table_body__data\" colspan=\"1\">\n<p>18:09:00<\/p>\n<\/td>\n<\/tr>\n<tr class=\"table__body__row\">\n<td class=\"table_body__data\" colspan=\"1\">\n<p>114<\/p>\n<\/td>\n<td class=\"table_body__data\" colspan=\"1\">\n<p>Ivo Oliveira (UAE Team Emirates XRG)<\/p>\n<\/td>\n<td class=\"table_body__data\" colspan=\"1\">\n<p>18:10:00<\/p>\n<\/td>\n<\/tr>\n<tr class=\"table__body__row\">\n<td class=\"table_body__data\" colspan=\"1\">\n<p>115<\/p>\n<\/td>\n<td class=\"table_body__data\" colspan=\"1\">\n<p>Luke Tuckwell (Red Bull &#8211; BORA &#8211; hansgrohe)<\/p>\n<\/td>\n<td class=\"table_body__data\" colspan=\"1\">\n<p>18:11:00<\/p>\n<\/td>\n<\/tr>\n<tr class=\"table__body__row\">\n<td class=\"table_body__data\" colspan=\"1\">\n<p>116<\/p>\n<\/td>\n<td class=\"table_body__data\" colspan=\"1\">\n<p>I\u00f1igo Elosegui Mome\u00f1e (Equipo Kern Pharma)<\/p>\n<\/td>\n<td class=\"table_body__data\" colspan=\"1\">\n<p>18:12:00<\/p>\n<\/td>\n<\/tr>\n<tr class=\"table__body__row\">\n<td class=\"table_body__data\" colspan=\"1\">\n<p>117<\/p>\n<\/td>\n<td class=\"table_body__data\" colspan=\"1\">\n<p>Timo De Jong (Team Picnic PostNL)<\/p>\n<\/td>\n<td class=\"table_body__data\" colspan=\"1\">\n<p>18:13:00<\/p>\n<\/td>\n<\/tr>\n<tr class=\"table__body__row\">\n<td class=\"table_body__data\" colspan=\"1\">\n<p>118<\/p>\n<\/td>\n<td class=\"table_body__data\" colspan=\"1\">\n<p>Lars Craps (Lotto Intermarch\u00e9)<\/p>\n<\/td>\n<td class=\"table_body__data\" colspan=\"1\">\n<p>18:14:00<\/p>\n<\/td>\n<\/tr>\n<tr class=\"table__body__row\">\n<td class=\"table_body__data\" colspan=\"1\">\n<p>119<\/p>\n<\/td>\n<td class=\"table_body__data\" colspan=\"1\">\n<p>Clement Alleno (Burgos-Burpellet-BH)<\/p>\n<\/td>\n<td class=\"table_body__data\" colspan=\"1\">\n<p>18:15:00<\/p>\n<\/td>\n<\/tr>\n<tr class=\"table__body__row\">\n<td class=\"table_body__data\" colspan=\"1\">\n<p>120<\/p>\n<\/td>\n<td class=\"table_body__data\" colspan=\"1\">\n<p>Alessandro Romele (XDS Astana Team)<\/p>\n<\/td>\n<td class=\"table_body__data\" colspan=\"1\">\n<p>18:16:00<\/p>\n<\/td>\n<\/tr>\n<tr class=\"table__body__row\">\n<td class=\"table_body__data\" colspan=\"1\">\n<p>121<\/p>\n<\/td>\n<td class=\"table_body__data\" colspan=\"1\">\n<p>Stefan K\u00fcng (Tudor Pro Cycling Team)<\/p>\n<\/td>\n<td class=\"table_body__data\" colspan=\"1\">\n<p>18:17:00<\/p>\n<\/td>\n<\/tr>\n<tr class=\"table__body__row\">\n<td class=\"table_body__data\" colspan=\"1\">\n<p>122<\/p>\n<\/td>\n<td class=\"table_body__data\" colspan=\"1\">\n<p>Alastair Mackellar (EF Education &#8211; EasyPost)<\/p>\n<\/td>\n<td class=\"table_body__data\" colspan=\"1\">\n<p>18:18:00<\/p>\n<\/td>\n<\/tr>\n<tr class=\"table__body__row\">\n<td class=\"table_body__data\" colspan=\"1\">\n<p>123<\/p>\n<\/td>\n<td class=\"table_body__data\" colspan=\"1\">\n<p>Koen Bouwman (Team Jayco AlUla)<\/p>\n<\/td>\n<td class=\"table_body__data\" colspan=\"1\">\n<p>18:19:00<\/p>\n<\/td>\n<\/tr>\n<tr class=\"table__body__row\">\n<td class=\"table_body__data\" colspan=\"1\">\n<p>124<\/p>\n<\/td>\n<td class=\"table_body__data\" colspan=\"1\">\n<p>Alexis Renard (Cofidis)<\/p>\n<\/td>\n<td class=\"table_body__data\" colspan=\"1\">\n<p>18:20:00<\/p>\n<\/td>\n<\/tr>\n<tr class=\"table__body__row\">\n<td class=\"table_body__data\" colspan=\"1\">\n<p>125<\/p>\n<\/td>\n<td class=\"table_body__data\" colspan=\"1\">\n<p>Simon Dalby (Uno-X Mobility)<\/p>\n<\/td>\n<td class=\"table_body__data\" colspan=\"1\">\n<p>18:21:00<\/p>\n<\/td>\n<\/tr>\n<tr class=\"table__body__row\">\n<td class=\"table_body__data\" colspan=\"1\">\n<p>126<\/p>\n<\/td>\n<td class=\"table_body__data\" colspan=\"1\">\n<p>Valentin Paret Peintre (Soudal Quick-Step)<\/p>\n<\/td>\n<td class=\"table_body__data\" colspan=\"1\">\n<p>18:22:00<\/p>\n<\/td>\n<\/tr>\n<tr class=\"table__body__row\">\n<td class=\"table_body__data\" colspan=\"1\">\n<p>127<\/p>\n<\/td>\n<td class=\"table_body__data\" colspan=\"1\">\n<p>Jan Hirt (NSN Cycling Team)<\/p>\n<\/td>\n<td class=\"table_body__data\" colspan=\"1\">\n<p>18:23:00<\/p>\n<\/td>\n<\/tr>\n<tr class=\"table__body__row\">\n<td class=\"table_body__data\" colspan=\"1\">\n<p>128<\/p>\n<\/td>\n<td class=\"table_body__data\" colspan=\"1\">\n<p>Gal Glivar (Alpecin-Premier Tech)<\/p>\n<\/td>\n<td class=\"table_body__data\" colspan=\"1\">\n<p>18:24:00<\/p>\n<\/td>\n<\/tr>\n<tr class=\"table__body__row\">\n<td class=\"table_body__data\" colspan=\"1\">\n<p>129<\/p>\n<\/td>\n<td class=\"table_body__data\" colspan=\"1\">\n<p>Bastien Tronchon (Groupama-FDJ United)<\/p>\n<\/td>\n<td class=\"table_body__data\" colspan=\"1\">\n<p>18:25:00<\/p>\n<\/td>\n<\/tr>\n<tr class=\"table__body__row\">\n<td class=\"table_body__data\" colspan=\"1\">\n<p>130<\/p>\n<\/td>\n<td class=\"table_body__data\" colspan=\"1\">\n<p>Patrick Konrad (Lidl-Trek)<\/p>\n<\/td>\n<td class=\"table_body__data\" colspan=\"1\">\n<p>18:26:00<\/p>\n<\/td>\n<\/tr>\n<tr class=\"table__body__row\">\n<td class=\"table_body__data\" colspan=\"1\">\n<p>131<\/p>\n<\/td>\n<td class=\"table_body__data\" colspan=\"1\">\n<p>Mathijs Paasschens (Bahrain Victorious)<\/p>\n<\/td>\n<td class=\"table_body__data\" colspan=\"1\">\n<p>18:27:00<\/p>\n<\/td>\n<\/tr>\n<tr class=\"table__body__row\">\n<td class=\"table_body__data\" colspan=\"1\">\n<p>132<\/p>\n<\/td>\n<td class=\"table_body__data\" colspan=\"1\">\n<p>Axel Laurance (Netcompany INEOS Cycling Team)<\/p>\n<\/td>\n<td class=\"table_body__data\" colspan=\"1\">\n<p>18:28:00<\/p>\n<\/td>\n<\/tr>\n<tr class=\"table__body__row\">\n<td class=\"table_body__data\" colspan=\"1\">\n<p>133<\/p>\n<\/td>\n<td class=\"table_body__data\" colspan=\"1\">\n<p>Marcel Camprubi Pijuan (Pinarello-Q36.5 Pro Cycling Team)<\/p>\n<\/td>\n<td class=\"table_body__data\" colspan=\"1\">\n<p>18:29:00<\/p>\n<\/td>\n<\/tr>\n<tr class=\"table__body__row\">\n<td class=\"table_body__data\" colspan=\"1\">\n<p>134<\/p>\n<\/td>\n<td class=\"table_body__data\" colspan=\"1\">\n<p>L\u00e9o Bisiaux (Decathlon CMA CGM Team)<\/p>\n<\/td>\n<td class=\"table_body__data\" colspan=\"1\">\n<p>18:30:00<\/p>\n<\/td>\n<\/tr>\n<tr class=\"table__body__row\">\n<td class=\"table_body__data\" colspan=\"1\">\n<p>135<\/p>\n<\/td>\n<td class=\"table_body__data\" colspan=\"1\">\n<p>Steven Kruijswijk (Team Visma | Lease a Bike)<\/p>\n<\/td>\n<td class=\"table_body__data\" colspan=\"1\">\n<p>18:31:00<\/p>\n<\/td>\n<\/tr>\n<tr class=\"table__body__row\">\n<td class=\"table_body__data\" colspan=\"1\">\n<p>136<\/p>\n<\/td>\n<td class=\"table_body__data\" colspan=\"1\">\n<p>Pablo Castrillo (Movistar Team)<\/p>\n<\/td>\n<td class=\"table_body__data\" colspan=\"1\">\n<p>18:32:00<\/p>\n<\/td>\n<\/tr>\n<tr class=\"table__body__row\">\n<td class=\"table_body__data\" colspan=\"1\">\n<p>137<\/p>\n<\/td>\n<td class=\"table_body__data\" colspan=\"1\">\n<p>Jay Vine (UAE Team Emirates XRG)<\/p>\n<\/td>\n<td class=\"table_body__data\" colspan=\"1\">\n<p>18:33:00<\/p>\n<\/td>\n<\/tr>\n<tr class=\"table__body__row\">\n<td class=\"table_body__data\" colspan=\"1\">\n<p>138<\/p>\n<\/td>\n<td class=\"table_body__data\" colspan=\"1\">\n<p>Callum Thornley (Red Bull &#8211; BORA &#8211; hansgrohe)<\/p>\n<\/td>\n<td class=\"table_body__data\" colspan=\"1\">\n<p>18:34:00<\/p>\n<\/td>\n<\/tr>\n<tr class=\"table__body__row\">\n<td class=\"table_body__data\" colspan=\"1\">\n<p>139<\/p>\n<\/td>\n<td class=\"table_body__data\" colspan=\"1\">\n<p>Ibon Ruiz Sedano (Equipo Kern Pharma)<\/p>\n<\/td>\n<td class=\"table_body__data\" colspan=\"1\">\n<p>18:35:00<\/p>\n<\/td>\n<\/tr>\n<tr class=\"table__body__row\">\n<td class=\"table_body__data\" colspan=\"1\">\n<p>140<\/p>\n<\/td>\n<td class=\"table_body__data\" colspan=\"1\">\n<p>Mattia Gaffuri (Team Picnic PostNL)<\/p>\n<\/td>\n<td class=\"table_body__data\" colspan=\"1\">\n<p>18:36:00<\/p>\n<\/td>\n<\/tr>\n<tr class=\"table__body__row\">\n<td class=\"table_body__data\" colspan=\"1\">\n<p>141<\/p>\n<\/td>\n<td class=\"table_body__data\" colspan=\"1\">\n<p>Roel Van Sintmaartensdijk (Lotto Intermarch\u00e9)<\/p>\n<\/td>\n<td class=\"table_body__data\" colspan=\"1\">\n<p>18:37:00<\/p>\n<\/td>\n<\/tr>\n<tr class=\"table__body__row\">\n<td class=\"table_body__data\" colspan=\"1\">\n<p>142<\/p>\n<\/td>\n<td class=\"table_body__data\" colspan=\"1\">\n<p>Jose Luis Faura Asensio (Burgos-Burpellet-BH)<\/p>\n<\/td>\n<td class=\"table_body__data\" colspan=\"1\">\n<p>18:38:00<\/p>\n<\/td>\n<\/tr>\n<tr class=\"table__body__row\">\n<td class=\"table_body__data\" colspan=\"1\">\n<p>143<\/p>\n<\/td>\n<td class=\"table_body__data\" colspan=\"1\">\n<p>Victor Langellotti (XDS Astana Team)<\/p>\n<\/td>\n<td class=\"table_body__data\" colspan=\"1\">\n<p>18:39:00<\/p>\n<\/td>\n<\/tr>\n<tr class=\"table__body__row\">\n<td class=\"table_body__data\" colspan=\"1\">\n<p>144<\/p>\n<\/td>\n<td class=\"table_body__data\" colspan=\"1\">\n<p>Marco Brenner (Tudor Pro Cycling Team)<\/p>\n<\/td>\n<td class=\"table_body__data\" colspan=\"1\">\n<p>18:40:00<\/p>\n<\/td>\n<\/tr>\n<tr class=\"table__body__row\">\n<td class=\"table_body__data\" colspan=\"1\">\n<p>145<\/p>\n<\/td>\n<td class=\"table_body__data\" colspan=\"1\">\n<p>James Shaw (EF Education &#8211; EasyPost)<\/p>\n<\/td>\n<td class=\"table_body__data\" colspan=\"1\">\n<p>18:41:00<\/p>\n<\/td>\n<\/tr>\n<tr class=\"table__body__row\">\n<td class=\"table_body__data\" colspan=\"1\">\n<p>146<\/p>\n<\/td>\n<td class=\"table_body__data\" colspan=\"1\">\n<p>Hamish McKenzie (Team Jayco AlUla)<\/p>\n<\/td>\n<td class=\"table_body__data\" colspan=\"1\">\n<p>18:42:00<\/p>\n<\/td>\n<\/tr>\n<tr class=\"table__body__row\">\n<td class=\"table_body__data\" colspan=\"1\">\n<p>147<\/p>\n<\/td>\n<td class=\"table_body__data\" colspan=\"1\">\n<p>Emanuel Buchmann (Cofidis)<\/p>\n<\/td>\n<td class=\"table_body__data\" colspan=\"1\">\n<p>18:43:00<\/p>\n<\/td>\n<\/tr>\n<tr class=\"table__body__row\">\n<td class=\"table_body__data\" colspan=\"1\">\n<p>148<\/p>\n<\/td>\n<td class=\"table_body__data\" colspan=\"1\">\n<p>Rasmus Tiller (Uno-X Mobility)<\/p>\n<\/td>\n<td class=\"table_body__data\" colspan=\"1\">\n<p>18:44:00<\/p>\n<\/td>\n<\/tr>\n<tr class=\"table__body__row\">\n<td class=\"table_body__data\" colspan=\"1\">\n<p>149<\/p>\n<\/td>\n<td class=\"table_body__data\" colspan=\"1\">\n<p>Filippo Zana (Soudal Quick-Step)<\/p>\n<\/td>\n<td class=\"table_body__data\" colspan=\"1\">\n<p>18:45:00<\/p>\n<\/td>\n<\/tr>\n<tr class=\"table__body__row\">\n<td class=\"table_body__data\" colspan=\"1\">\n<p>150<\/p>\n<\/td>\n<td class=\"table_body__data\" colspan=\"1\">\n<p>George Bennett (NSN Cycling Team)<\/p>\n<\/td>\n<td class=\"table_body__data\" colspan=\"1\">\n<p>18:46:00<\/p>\n<\/td>\n<\/tr>\n<tr class=\"table__body__row\">\n<td class=\"table_body__data\" colspan=\"1\">\n<p>151<\/p>\n<\/td>\n<td class=\"table_body__data\" colspan=\"1\">\n<p>Michael Gogl (Alpecin-Premier Tech)<\/p>\n<\/td>\n<td class=\"table_body__data\" colspan=\"1\">\n<p>18:47:00<\/p>\n<\/td>\n<\/tr>\n<tr class=\"table__body__row\">\n<td class=\"table_body__data\" colspan=\"1\">\n<p>152<\/p>\n<\/td>\n<td class=\"table_body__data\" colspan=\"1\">\n<p>Rudy Molard (Groupama-FDJ United)<\/p>\n<\/td>\n<td class=\"table_body__data\" colspan=\"1\">\n<p>18:48:00<\/p>\n<\/td>\n<\/tr>\n<tr class=\"table__body__row\">\n<td class=\"table_body__data\" colspan=\"1\">\n<p>153<\/p>\n<\/td>\n<td class=\"table_body__data\" colspan=\"1\">\n<p>Lennard K\u00e4mna (Lidl-Trek)<\/p>\n<\/td>\n<td class=\"table_body__data\" colspan=\"1\">\n<p>18:49:00<\/p>\n<\/td>\n<\/tr>\n<tr class=\"table__body__row\">\n<td class=\"table_body__data\" colspan=\"1\">\n<p>154<\/p>\n<\/td>\n<td class=\"table_body__data\" colspan=\"1\">\n<p>Attila Valter (Bahrain Victorious)<\/p>\n<\/td>\n<td class=\"table_body__data\" colspan=\"1\">\n<p>18:50:00<\/p>\n<\/td>\n<\/tr>\n<tr class=\"table__body__row\">\n<td class=\"table_body__data\" colspan=\"1\">\n<p>155<\/p>\n<\/td>\n<td class=\"table_body__data\" colspan=\"1\">\n<p>Joshua Tarling (Netcompany INEOS Cycling Team)<\/p>\n<\/td>\n<td class=\"table_body__data\" colspan=\"1\">\n<p>18:51:00<\/p>\n<\/td>\n<\/tr>\n<tr class=\"table__body__row\">\n<td class=\"table_body__data\" colspan=\"1\">\n<p>156<\/p>\n<\/td>\n<td class=\"table_body__data\" colspan=\"1\">\n<p>Xabier Azparren Irurzun (Pinarello-Q36.5 Pro Cycling Team)<\/p>\n<\/td>\n<td class=\"table_body__data\" colspan=\"1\">\n<p>18:52:00<\/p>\n<\/td>\n<\/tr>\n<tr class=\"table__body__row\">\n<td class=\"table_body__data\" colspan=\"1\">\n<p>157<\/p>\n<\/td>\n<td class=\"table_body__data\" colspan=\"1\">\n<p>Gregor M\u00fchlberger (Decathlon CMA CGM Team)<\/p>\n<\/td>\n<td class=\"table_body__data\" colspan=\"1\">\n<p>18:53:00<\/p>\n<\/td>\n<\/tr>\n<tr class=\"table__body__row\">\n<td class=\"table_body__data\" colspan=\"1\">\n<p>158<\/p>\n<\/td>\n<td class=\"table_body__data\" colspan=\"1\">\n<p>Christophe Laporte (Team Visma | Lease a Bike)<\/p>\n<\/td>\n<td class=\"table_body__data\" colspan=\"1\">\n<p>18:54:00<\/p>\n<\/td>\n<\/tr>\n<tr class=\"table__body__row\">\n<td class=\"table_body__data\" colspan=\"1\">\n<p>159<\/p>\n<\/td>\n<td class=\"table_body__data\" colspan=\"1\">\n<p>Enric Mas (Movistar Team)<\/p>\n<\/td>\n<td class=\"table_body__data\" colspan=\"1\">\n<p>18:55:00<\/p>\n<\/td>\n<\/tr>\n<tr class=\"table__body__row\">\n<td class=\"table_body__data\" colspan=\"1\">\n<p>160<\/p>\n<\/td>\n<td class=\"table_body__data\" colspan=\"1\">\n<p>Joao Almeida (UAE Team Emirates XRG)<\/p>\n<\/td>\n<td class=\"table_body__data\" colspan=\"1\">\n<p>18:56:00<\/p>\n<\/td>\n<\/tr>\n<tr class=\"table__body__row\">\n<td class=\"table_body__data\" colspan=\"1\">\n<p>161<\/p>\n<\/td>\n<td class=\"table_body__data\" colspan=\"1\">\n<p>Finn Fisher &#8211; Black (Red Bull &#8211; BORA &#8211; hansgrohe)<\/p>\n<\/td>\n<td class=\"table_body__data\" colspan=\"1\">\n<p>18:57:00<\/p>\n<\/td>\n<\/tr>\n<tr class=\"table__body__row\">\n<td class=\"table_body__data\" colspan=\"1\">\n<p>162<\/p>\n<\/td>\n<td class=\"table_body__data\" colspan=\"1\">\n<p>Urko Berrade Fernandez (Equipo Kern Pharma)<\/p>\n<\/td>\n<td class=\"table_body__data\" colspan=\"1\">\n<p>18:58:00<\/p>\n<\/td>\n<\/tr>\n<tr class=\"table__body__row\">\n<td class=\"table_body__data\" colspan=\"1\">\n<p>163<\/p>\n<\/td>\n<td class=\"table_body__data\" colspan=\"1\">\n<p>Henri Fran\u00e7ois Renard Haquin (Team Picnic PostNL)<\/p>\n<\/td>\n<td class=\"table_body__data\" colspan=\"1\">\n<p>18:59:00<\/p>\n<\/td>\n<\/tr>\n<tr class=\"table__body__row\">\n<td class=\"table_body__data\" colspan=\"1\">\n<p>164<\/p>\n<\/td>\n<td class=\"table_body__data\" colspan=\"1\">\n<p>Steffen De Schuyteneerd (Lotto Intermarch\u00e9)<\/p>\n<\/td>\n<td class=\"table_body__data\" colspan=\"1\">\n<p>19:00:00<\/p>\n<\/td>\n<\/tr>\n<tr class=\"table__body__row\">\n<td class=\"table_body__data\" colspan=\"1\">\n<p>165<\/p>\n<\/td>\n<td class=\"table_body__data\" colspan=\"1\">\n<p>Jesus Herrada (Burgos-Burpellet-BH)<\/p>\n<\/td>\n<td class=\"table_body__data\" colspan=\"1\">\n<p>19:01:00<\/p>\n<\/td>\n<\/tr>\n<tr class=\"table__body__row\">\n<td class=\"table_body__data\" colspan=\"1\">\n<p>166<\/p>\n<\/td>\n<td class=\"table_body__data\" colspan=\"1\">\n<p>Harold Tejada (XDS Astana Team)<\/p>\n<\/td>\n<td class=\"table_body__data\" colspan=\"1\">\n<p>19:02:00<\/p>\n<\/td>\n<\/tr>\n<tr class=\"table__body__row\">\n<td class=\"table_body__data\" colspan=\"1\">\n<p>167<\/p>\n<\/td>\n<td class=\"table_body__data\" colspan=\"1\">\n<p>Lawrence Warbasse (Tudor Pro Cycling Team)<\/p>\n<\/td>\n<td class=\"table_body__data\" colspan=\"1\">\n<p>19:03:00<\/p>\n<\/td>\n<\/tr>\n<tr class=\"table__body__row\">\n<td class=\"table_body__data\" colspan=\"1\">\n<p>168<\/p>\n<\/td>\n<td class=\"table_body__data\" colspan=\"1\">\n<p>Georg Steinhauser (EF Education &#8211; EasyPost)<\/p>\n<\/td>\n<td class=\"table_body__data\" colspan=\"1\">\n<p>19:04:00<\/p>\n<\/td>\n<\/tr>\n<tr class=\"table__body__row\">\n<td class=\"table_body__data\" colspan=\"1\">\n<p>169<\/p>\n<\/td>\n<td class=\"table_body__data\" colspan=\"1\">\n<p>Jasha S\u00fctterlin (Team Jayco AlUla)<\/p>\n<\/td>\n<td class=\"table_body__data\" colspan=\"1\">\n<p>19:05:00<\/p>\n<\/td>\n<\/tr>\n<tr class=\"table__body__row\">\n<td class=\"table_body__data\" colspan=\"1\">\n<p>170<\/p>\n<\/td>\n<td class=\"table_body__data\" colspan=\"1\">\n<p>Alex Kirsch (Cofidis)<\/p>\n<\/td>\n<td class=\"table_body__data\" colspan=\"1\">\n<p>19:06:00<\/p>\n<\/td>\n<\/tr>\n<tr class=\"table__body__row\">\n<td class=\"table_body__data\" colspan=\"1\">\n<p>171<\/p>\n<\/td>\n<td class=\"table_body__data\" colspan=\"1\">\n<p>Martin Tj\u00f8tta (Uno-X Mobility)<\/p>\n<\/td>\n<td class=\"table_body__data\" colspan=\"1\">\n<p>19:07:00<\/p>\n<\/td>\n<\/tr>\n<tr class=\"table__body__row\">\n<td class=\"table_body__data\" colspan=\"1\">\n<p>172<\/p>\n<\/td>\n<td class=\"table_body__data\" colspan=\"1\">\n<p>Ethan Edward Hayter (Soudal Quick-Step)<\/p>\n<\/td>\n<td class=\"table_body__data\" colspan=\"1\">\n<p>19:08:00<\/p>\n<\/td>\n<\/tr>\n<tr class=\"table__body__row\">\n<td class=\"table_body__data\" colspan=\"1\">\n<p>173<\/p>\n<\/td>\n<td class=\"table_body__data\" colspan=\"1\">\n<p>Alexey Lutsenko (NSN Cycling Team)<\/p>\n<\/td>\n<td class=\"table_body__data\" colspan=\"1\">\n<p>19:09:00<\/p>\n<\/td>\n<\/tr>\n<tr class=\"table__body__row\">\n<td class=\"table_body__data\" colspan=\"1\">\n<p>174<\/p>\n<\/td>\n<td class=\"table_body__data\" colspan=\"1\">\n<p>Hugo Houle (Alpecin-Premier Tech)<\/p>\n<\/td>\n<td class=\"table_body__data\" colspan=\"1\">\n<p>19:10:00<\/p>\n<\/td>\n<\/tr>\n<tr class=\"table__body__row\">\n<td class=\"table_body__data\" colspan=\"1\">\n<p>175<\/p>\n<\/td>\n<td class=\"table_body__data\" colspan=\"1\">\n<p>Enzo Paleni (Groupama-FDJ United)<\/p>\n<\/td>\n<td class=\"table_body__data\" colspan=\"1\">\n<p>19:11:00<\/p>\n<\/td>\n<\/tr>\n<tr class=\"table__body__row\">\n<td class=\"table_body__data\" colspan=\"1\">\n<p>176<\/p>\n<\/td>\n<td class=\"table_body__data\" colspan=\"1\">\n<p>Mads Pedersen (Lidl-Trek)<\/p>\n<\/td>\n<td class=\"table_body__data\" colspan=\"1\">\n<p>19:12:00<\/p>\n<\/td>\n<\/tr>\n<tr class=\"table__body__row\">\n<td class=\"table_body__data\" colspan=\"1\">\n<p>177<\/p>\n<\/td>\n<td class=\"table_body__data\" colspan=\"1\">\n<p>Roman Ermakov (Bahrain Victorious)<\/p>\n<\/td>\n<td class=\"table_body__data\" colspan=\"1\">\n<p>19:13:00<\/p>\n<\/td>\n<\/tr>\n<tr class=\"table__body__row\">\n<td class=\"table_body__data\" colspan=\"1\">\n<p>178<\/p>\n<\/td>\n<td class=\"table_body__data\" colspan=\"1\">\n<p>Ben Turner (Netcompany INEOS Cycling Team)<\/p>\n<\/td>\n<td class=\"table_body__data\" colspan=\"1\">\n<p>19:14:00<\/p>\n<\/td>\n<\/tr>\n<tr class=\"table__body__row\">\n<td class=\"table_body__data\" colspan=\"1\">\n<p>179<\/p>\n<\/td>\n<td class=\"table_body__data\" colspan=\"1\">\n<p>David De La Cruz (Pinarello-Q36.5 Pro Cycling Team)<\/p>\n<\/td>\n<td class=\"table_body__data\" colspan=\"1\">\n<p>19:15:00<\/p>\n<\/td>\n<\/tr>\n<tr class=\"table__body__row\">\n<td class=\"table_body__data\" colspan=\"1\">\n<p>180<\/p>\n<\/td>\n<td class=\"table_body__data\" colspan=\"1\">\n<p>Callum Scotson (Decathlon CMA CGM Team)<\/p>\n<\/td>\n<td class=\"table_body__data\" colspan=\"1\">\n<p>19:16:00<\/p>\n<\/td>\n<\/tr>\n<tr class=\"table__body__row\">\n<td class=\"table_body__data\" colspan=\"1\">\n<p>181<\/p>\n<\/td>\n<td class=\"table_body__data\" colspan=\"1\">\n<p>Wout Van Aert (Team Visma | Lease a Bike)<\/p>\n<\/td>\n<td class=\"table_body__data\" colspan=\"1\">\n<p>19:17:00<\/p>\n<\/td>\n<\/tr>\n<tr class=\"table__body__row\">\n<td class=\"table_body__data\" colspan=\"1\">\n<p>182<\/p>\n<\/td>\n<td class=\"table_body__data\" colspan=\"1\">\n<p>Ivan Romeo Abad (Movistar Team)<\/p>\n<\/td>\n<td class=\"table_body__data\" colspan=\"1\">\n<p>19:18:00<\/p>\n<\/td>\n<\/tr>\n<tr class=\"table__body__row\">\n<td class=\"table_body__data\" colspan=\"1\">\n<p>183<\/p>\n<\/td>\n<td class=\"table_body__data\" colspan=\"1\">\n<p>Tadej Pogacar (UAE Team Emirates XRG)<\/p>\n<\/td>\n<td class=\"table_body__data\" colspan=\"1\">\n<p>19:19:00<\/p>\n<\/td>\n<\/tr>\n<tr class=\"table__body__row\">\n<td class=\"table_body__data\" colspan=\"1\">\n<p>184<\/p>\n<\/td>\n<td class=\"table_body__data\" colspan=\"1\">\n<p>Primoz Roglic (Red Bull &#8211; BORA &#8211; hansgrohe)<\/p>\n<\/td>\n<td class=\"table_body__data\" colspan=\"1\">\n<p>19:20:00<\/p>\n<\/td>\n<\/tr>\n<\/tbody>\n<\/table>\n<\/div>\n<\/div>\n<\/div>\n<p>[analyse_source url=&#8221;https:\/\/www.cyclingnews.com\/pro-cycling\/racing\/vuelta-a-espana-stage-1-time-trial-start-times-when-jay-vine-wout-van-aert-tadej-pogacar-and-others-take-turns-on-twisting-9-6km-route-in-monaco\/&#8221;]<\/p>\n","protected":false},"excerpt":{"rendered":"<p>[analyse_image type=&#8221;featured&#8221; src=&#8221;https:\/\/cdn.mos.cms.futurecdn.net\/o9dfoYGxAgxmJ5j8ffMbSP-2000-80.jpg&#8221;] 1 Tadej Poga\u010dar vs the rest \u2013 Our analysis of the top 10 contenders at the Vuelta a Espa\u00f1a 2 &#8216;The Vuelta is going to be arduous, even for Tadej&#8217; \u2013 UAE performance head warns that nobody, not even Poga\u010dar, will have it easy this summer in Spain 3 How to watch [&hellip;]<\/p>\n","protected":false},"author":1,"featured_media":0,"comment_status":"open","ping_status":"","sticky":false,"template":"","format":"standard","meta":{"footnotes":""},"categories":[2],"tags":[226,68],"class_list":["post-2105321","post","type-post","status-publish","format-standard","hentry","category-politics","tag-crawlmanager","tag-cyclingnews-com"],"_links":{"self":[{"href":"https:\/\/analyse.optim.biz\/index.php?rest_route=\/wp\/v2\/posts\/2105321","targetHints":{"allow":["GET"]}}],"collection":[{"href":"https:\/\/analyse.optim.biz\/index.php?rest_route=\/wp\/v2\/posts"}],"about":[{"href":"https:\/\/analyse.optim.biz\/index.php?rest_route=\/wp\/v2\/types\/post"}],"author":[{"embeddable":true,"href":"https:\/\/analyse.optim.biz\/index.php?rest_route=\/wp\/v2\/users\/1"}],"replies":[{"embeddable":true,"href":"https:\/\/analyse.optim.biz\/index.php?rest_route=%2Fwp%2Fv2%2Fcomments&post=2105321"}],"version-history":[{"count":0,"href":"https:\/\/analyse.optim.biz\/index.php?rest_route=\/wp\/v2\/posts\/2105321\/revisions"}],"wp:attachment":[{"href":"https:\/\/analyse.optim.biz\/index.php?rest_route=%2Fwp%2Fv2%2Fmedia&parent=2105321"}],"wp:term":[{"taxonomy":"category","embeddable":true,"href":"https:\/\/analyse.optim.biz\/index.php?rest_route=%2Fwp%2Fv2%2Fcategories&post=2105321"},{"taxonomy":"post_tag","embeddable":true,"href":"https:\/\/analyse.optim.biz\/index.php?rest_route=%2Fwp%2Fv2%2Ftags&post=2105321"}],"curies":[{"name":"wp","href":"https:\/\/api.w.org\/{rel}","templated":true}]}}