{"id":2105320,"date":"2026-08-20T06:52:47","date_gmt":"2026-08-20T03:52:47","guid":{"rendered":"https:\/\/analyse.optim.biz\/?p=2105320"},"modified":"2026-08-20T06:52:47","modified_gmt":"2026-08-20T03:52:47","slug":"%f0%9d%90%83%f0%9d%90%91%f0%9d%90%80%f0%9d%90%86%f0%9d%90%8e%f0%9d%90%92%f0%9d%90%93%f0%9d%90%84-%f0%9d%90%8f%f0%9d%90%84-%f0%9d%90%94%f0%9d%90%8d-%f0%9d%90%85%f0%9d%90%88%f0%9d%90%91","status":"publish","type":"post","link":"https:\/\/analyse.optim.biz\/?p=2105320","title":{"rendered":"\u201e\ud835\udc03\ud835\udc11\ud835\udc00\ud835\udc06\ud835\udc0e\ud835\udc12\ud835\udc13\ud835\udc04 \ud835\udc0f\ud835\udc04 \ud835\udc14\ud835\udc0d \ud835\udc05\ud835\udc08\ud835\udc11 \ud835\udc03\ud835\udc04 \ud835\udc00\ud835\udc13\u0326\ud835\udc00\u0306\u201d, 20.08.2026, la Sala Teatrului George Ciprian"},"content":{"rendered":"<p>[analyse_image type=&#8221;featured&#8221; src=&#8221;https:\/\/buzaumedia.ro\/wp-content\/uploads\/2026\/08\/777867708_1901824531121226_3759504703515963864_n.jpghttps:\/\/buzaumedia.ro\/wp-content\/uploads\/2026\/08\/777867708_1901824531121226_3759504703515963864_n.jpg&#8221;]<\/p>\n<div class=\"entry-content rbct clearfix is-highlight-shares\">\n<p>Nu \u0219tim voi, dar noi suntem super curio\u0219i s\u0103 vedem cum e cu aceast\u0103<br \/>\n\u201e\ud835\udc03\ud835\udc11\ud835\udc00\ud835\udc06\ud835\udc0e\ud835\udc12\ud835\udc13\ud835\udc04 \ud835\udc0f\ud835\udc04 \ud835\udc14\ud835\udc0d \ud835\udc05\ud835\udc08\ud835\udc11 \ud835\udc03\ud835\udc04 \ud835\udc00\ud835\udc13\u0326\ud835\udc00\u0306\u201d \u0219i ce are ea de-a face cu<br \/>\nfacturi, copii, soacre \u0219i\u2026 hohote de r\u00e2s!<br \/>\nAbia a\u0219tept\u0103m s\u0103 afl\u0103m, azi, de la ora 19.00, la \ud835\udc94\ud835\udc82\ud835\udc8d\ud835\udc82<br \/>\n\ud835\udc7b\ud835\udc86\ud835\udc82\ud835\udc95\ud835\udc93\ud835\udc96\ud835\udc8d\ud835\udc96\ud835\udc8a \ud835\udc6e\ud835\udc86\ud835\udc90\ud835\udc93\ud835\udc88\ud835\udc86 \ud835\udc6a\ud835\udc8a\ud835\udc91\ud835\udc93\ud835\udc8a\ud835\udc82\ud835\udc8f!<br \/>\n\u201e\ud835\udc03\ud835\udc11\ud835\udc00\ud835\udc06\ud835\udc0e\ud835\udc12\ud835\udc13\ud835\udc04 \ud835\udc0f\ud835\udc04 \ud835\udc14\ud835\udc0d \ud835\udc05\ud835\udc08\ud835\udc11 \ud835\udc03\ud835\udc04 \ud835\udc00\ud835\udc13\u0326\ud835\udc00\u0306\u201d, de Alina Teianu-Cocioran<br \/>\nCu: Alina Teianu-Cocioran, Damian Victor Oancea, \u0218tefana Ionescu-Darzeu,<br \/>\nIoan P\u0103duraru \ud835\udc1c\ud835\udc2e \ud835\udc29\ud835\udc1a\ud835\udc2b\ud835\udc2d\ud835\udc22\ud835\udc1c\ud835\udc22\ud835\udc29\ud835\udc1a\ud835\udc2b\ud835\udc1e\ud835\udc1a \ud835\udc1e\ud835\udc31\ud835\udc2d\ud835\udc2b\ud835\udc1a\ud835\udc28\ud835\udc2b\ud835\udc1d\ud835\udc22\ud835\udc27\ud835\udc1a\ud835\udc2b\ud835\udc1a\u0306 \ud835\udc1a<br \/>\n\ud835\udc1a\ud835\udc1c\ud835\udc2d\ud835\udc2b\ud835\udc22\ud835\udc2d\u0326\ud835\udc1e\ud835\udc22 \ud835\udc13\ud835\udc1a\ud835\udc27\ud835\udc22\ud835\udc1a \ud835\udc0f\ud835\udc28\ud835\udc29\ud835\udc1a \u2013 \u00een proiec\u021bie video<br \/>\nRegia: Alexandru Unguru<br \/>\nProduc\u0103tor: Compania 5<\/p>\n<div id=\"gallery-1\" class=\"gallery galleryid-189150 gallery-columns-3 gallery-size-thumbnail\">\n<figure class=\"gallery-item\">\n<div class=\"gallery-icon landscape\"><a href=\"https:\/\/buzaumedia.ro\/stiri-buzau\/%f0%9d%90%83%f0%9d%90%91%f0%9d%90%80%f0%9d%90%86%f0%9d%90%8e%f0%9d%90%92%f0%9d%90%93%f0%9d%90%84-%f0%9d%90%8f%f0%9d%90%84-%f0%9d%90%94%f0%9d%90%8d-%f0%9d%90%85%f0%9d%90%88%f0%9d%90%91\/attachment\/777867708_1901824531121226_3759504703515963864_n\/\"><img loading=\"lazy\" decoding=\"async\" width=\"100\" height=\"96\" src=\"https:\/\/buzaumedia.ro\/wp-content\/uploads\/2026\/08\/777867708_1901824531121226_3759504703515963864_n.jpg\" class=\"attachment-thumbnail size-thumbnail\" alt><img decoding=\"async\" loading=\"lazy\" width=\"100\" height=\"96\" src=\"https:\/\/buzaumedia.ro\/wp-content\/uploads\/2026\/08\/777867708_1901824531121226_3759504703515963864_n.jpg\" class=\"attachment-thumbnail size-thumbnail\" alt><\/a><\/div>\n<\/figure>\n<figure class=\"gallery-item\">\n<div class=\"gallery-icon portrait\"><a href=\"https:\/\/buzaumedia.ro\/stiri-buzau\/%f0%9d%90%83%f0%9d%90%91%f0%9d%90%80%f0%9d%90%86%f0%9d%90%8e%f0%9d%90%92%f0%9d%90%93%f0%9d%90%84-%f0%9d%90%8f%f0%9d%90%84-%f0%9d%90%94%f0%9d%90%8d-%f0%9d%90%85%f0%9d%90%88%f0%9d%90%91\/attachment\/780672453_1901824514454561_2347883949899359623_n\/\"><img loading=\"lazy\" decoding=\"async\" width=\"72\" height=\"96\" src=\"https:\/\/buzaumedia.ro\/wp-content\/uploads\/2026\/08\/780672453_1901824514454561_2347883949899359623_n.jpg\" class=\"attachment-thumbnail size-thumbnail\" alt><img decoding=\"async\" loading=\"lazy\" width=\"72\" height=\"96\" src=\"https:\/\/buzaumedia.ro\/wp-content\/uploads\/2026\/08\/780672453_1901824514454561_2347883949899359623_n.jpg\" class=\"attachment-thumbnail size-thumbnail\" alt><\/a><\/div>\n<\/figure>\n<\/div>\n<\/div>\n<p>[analyse_source url=&#8221;https:\/\/buzaumedia.ro\/stiri-buzau\/%f0%9d%90%83%f0%9d%90%91%f0%9d%90%80%f0%9d%90%86%f0%9d%90%8e%f0%9d%90%92%f0%9d%90%93%f0%9d%90%84-%f0%9d%90%8f%f0%9d%90%84-%f0%9d%90%94%f0%9d%90%8d-%f0%9d%90%85%f0%9d%90%88%f0%9d%90%91\/&#8221;]<\/p>\n","protected":false},"excerpt":{"rendered":"<p>[analyse_image type=&#8221;featured&#8221; src=&#8221;https:\/\/buzaumedia.ro\/wp-content\/uploads\/2026\/08\/777867708_1901824531121226_3759504703515963864_n.jpghttps:\/\/buzaumedia.ro\/wp-content\/uploads\/2026\/08\/777867708_1901824531121226_3759504703515963864_n.jpg&#8221;] Nu \u0219tim voi, dar noi suntem super curio\u0219i s\u0103 vedem cum e cu aceast\u0103 \u201e\ud835\udc03\ud835\udc11\ud835\udc00\ud835\udc06\ud835\udc0e\ud835\udc12\ud835\udc13\ud835\udc04 \ud835\udc0f\ud835\udc04 \ud835\udc14\ud835\udc0d \ud835\udc05\ud835\udc08\ud835\udc11 \ud835\udc03\ud835\udc04 \ud835\udc00\ud835\udc13\u0326\ud835\udc00\u0306\u201d \u0219i ce are ea de-a face cu facturi, copii, soacre \u0219i\u2026 hohote de r\u00e2s! Abia a\u0219tept\u0103m s\u0103 afl\u0103m, azi, de la ora 19.00, la \ud835\udc94\ud835\udc82\ud835\udc8d\ud835\udc82 \ud835\udc7b\ud835\udc86\ud835\udc82\ud835\udc95\ud835\udc93\ud835\udc96\ud835\udc8d\ud835\udc96\ud835\udc8a \ud835\udc6e\ud835\udc86\ud835\udc90\ud835\udc93\ud835\udc88\ud835\udc86 \ud835\udc6a\ud835\udc8a\ud835\udc91\ud835\udc93\ud835\udc8a\ud835\udc82\ud835\udc8f! \u201e\ud835\udc03\ud835\udc11\ud835\udc00\ud835\udc06\ud835\udc0e\ud835\udc12\ud835\udc13\ud835\udc04 \ud835\udc0f\ud835\udc04 \ud835\udc14\ud835\udc0d \ud835\udc05\ud835\udc08\ud835\udc11 [&hellip;]<\/p>\n","protected":false},"author":1,"featured_media":0,"comment_status":"open","ping_status":"","sticky":false,"template":"","format":"standard","meta":{"footnotes":""},"categories":[2],"tags":[66,226],"class_list":["post-2105320","post","type-post","status-publish","format-standard","hentry","category-politics","tag-buzaumedia-ro","tag-crawlmanager"],"_links":{"self":[{"href":"https:\/\/analyse.optim.biz\/index.php?rest_route=\/wp\/v2\/posts\/2105320","targetHints":{"allow":["GET"]}}],"collection":[{"href":"https:\/\/analyse.optim.biz\/index.php?rest_route=\/wp\/v2\/posts"}],"about":[{"href":"https:\/\/analyse.optim.biz\/index.php?rest_route=\/wp\/v2\/types\/post"}],"author":[{"embeddable":true,"href":"https:\/\/analyse.optim.biz\/index.php?rest_route=\/wp\/v2\/users\/1"}],"replies":[{"embeddable":true,"href":"https:\/\/analyse.optim.biz\/index.php?rest_route=%2Fwp%2Fv2%2Fcomments&post=2105320"}],"version-history":[{"count":0,"href":"https:\/\/analyse.optim.biz\/index.php?rest_route=\/wp\/v2\/posts\/2105320\/revisions"}],"wp:attachment":[{"href":"https:\/\/analyse.optim.biz\/index.php?rest_route=%2Fwp%2Fv2%2Fmedia&parent=2105320"}],"wp:term":[{"taxonomy":"category","embeddable":true,"href":"https:\/\/analyse.optim.biz\/index.php?rest_route=%2Fwp%2Fv2%2Fcategories&post=2105320"},{"taxonomy":"post_tag","embeddable":true,"href":"https:\/\/analyse.optim.biz\/index.php?rest_route=%2Fwp%2Fv2%2Ftags&post=2105320"}],"curies":[{"name":"wp","href":"https:\/\/api.w.org\/{rel}","templated":true}]}}