{"id":2105305,"date":"2026-08-21T09:12:44","date_gmt":"2026-08-21T06:12:44","guid":{"rendered":"https:\/\/analyse.optim.biz\/?p=2105305"},"modified":"2026-08-21T09:12:44","modified_gmt":"2026-08-21T06:12:44","slug":"i-havent-even-enjoyed-any-training-this-year-its-been-that-bad-mikel-landa-in-survival-mode-at-the-vuelta-a-espana","status":"publish","type":"post","link":"https:\/\/analyse.optim.biz\/?p=2105305","title":{"rendered":"&#8216;I haven&#8217;t even enjoyed any training this year, it&#8217;s been that bad&#8217; &#8211; Mikel Landa in survival mode at the Vuelta a Espa\u00f1a."},"content":{"rendered":"<p>[analyse_image type=&#8221;featured&#8221; src=&#8221;https:\/\/cdn.mos.cms.futurecdn.net\/qrT26Xteho8U5gshkKC8f9-1024-80.jpg&#8221;]<\/p>\n<article class=\"m-0 box-border flex flex-row items-center pr-2.5 gap-[15px] w-[278px] h-20 flex-none upnext-article-divider\" role=\"listitem\" aria-label=\"Recommended article 1 of 3\">\n<div class=\"relative flex-none w-20 h-20\">\n    <source type=\"image\/webp\" srcset=\"https:\/\/cdn.mos.cms.futurecdn.net\/vXx3fTTYeYfvhBsZ8FoUhF-160-80.jpg.webp 160w, https:\/\/cdn.mos.cms.futurecdn.net\/vXx3fTTYeYfvhBsZ8FoUhF-80-80.jpg.webp 80w\" sizes=\"80px\" \/><\/p>\n<div class=\"flex items-center justify-center absolute w-4 h-6 left-0 top-0 bg-white\/90 flex-none z-[1]\" aria-hidden=\"true\"><span class=\"font-normal text-base leading-[17px] tracking-[1.3px] uppercase text-black flex-none\">1<\/span><\/div>\n<\/div>\n<div class=\"flex flex-col items-center justify-center gap-1.5 w-[173px] h-20 flex-none\">\n<p class=\"font-article-heading font-medium text-base leading-[21px] text-gray-800 w-[173px] line-clamp-3 group-hover:underline\">\n                                    Tadej Poga\u010dar vs the rest \u2013 Our analysis of the top 10 contenders at the Vuelta a Espa\u00f1a\n                                <\/p>\n<\/div>\n<\/article>\n<article class=\"m-0 box-border flex flex-row items-center pr-2.5 gap-[15px] w-[278px] h-20 flex-none upnext-article-divider\" role=\"listitem\" aria-label=\"Recommended article 2 of 3\">\n<div class=\"relative flex-none w-20 h-20\">\n    <source type=\"image\/webp\" srcset=\"https:\/\/cdn.mos.cms.futurecdn.net\/QqaVxzjcE5LpMpbUNGnwuV-160-80.png.webp 160w, https:\/\/cdn.mos.cms.futurecdn.net\/QqaVxzjcE5LpMpbUNGnwuV-80-80.png.webp 80w\" sizes=\"80px\" \/><\/p>\n<div class=\"flex items-center justify-center absolute w-[18px] h-6 left-0 top-0 bg-white\/90 flex-none z-[1]\" aria-hidden=\"true\"><span class=\"font-normal text-base leading-[17px] tracking-[1.3px] uppercase text-black flex-none\">2<\/span><\/div>\n<\/div>\n<div class=\"flex flex-col items-center justify-center gap-1.5 w-[173px] h-20 flex-none\">\n<p class=\"font-article-heading font-medium text-base leading-[21px] text-gray-800 w-[173px] line-clamp-3 group-hover:underline\">\n                                    &#8216;The Vuelta is going to be arduous, even for Tadej&#8217; \u2013 UAE  performance head warns that nobody, not even Poga\u010dar, will have it easy this summer in Spain\n                                <\/p>\n<\/div>\n<\/article>\n<article class=\"m-0 box-border flex flex-row items-center pr-2.5 gap-[15px] w-[278px] h-20 flex-none\" role=\"listitem\" aria-label=\"Recommended article 3 of 3\">\n<div class=\"relative flex-none w-20 h-20\">\n    <source type=\"image\/webp\" srcset=\"https:\/\/cdn.mos.cms.futurecdn.net\/r4EDHRKrKu3tRtpXMKgLsP-160-80.jpg.webp 160w, https:\/\/cdn.mos.cms.futurecdn.net\/r4EDHRKrKu3tRtpXMKgLsP-80-80.jpg.webp 80w\" sizes=\"80px\" \/><\/p>\n<div class=\"flex items-center justify-center absolute w-[18px] h-6 left-0 top-0 bg-white\/90 flex-none z-[1]\" aria-hidden=\"true\"><span class=\"font-normal text-base leading-[17px] tracking-[1.3px] uppercase text-black flex-none\">3<\/span><\/div>\n<\/div>\n<div class=\"flex flex-col items-center justify-center gap-1.5 w-[173px] h-20 flex-none\">\n<p class=\"font-article-heading font-medium text-base leading-[21px] text-gray-800 w-[173px] line-clamp-3 group-hover:underline\">\n                                    &#8216;I need to race smart&#8217; &#8211; Tadej Poga\u010dar looking to complete the Grand Slam of Grand Tours in the Vuelta a Espa\u00f1a, while still looking ahead\n                                <\/p>\n<\/div>\n<\/article>\n<article class=\"page-content-onecol flex-1\nnews-article article\n\"><\/p>\n<div class=\"widget-area-group widget-area-group-2col flex flex-wrap box-border\">\n<div id=\"widgetArea16\" class=\"widget-area basis-full md:basis-2\/3 widget-area-g-md-vp-2-3 widget-area-g-lg-vp-2-3 widget-area-g-xl-vp-2-3 page-widget-area-16\">\n<div data-widget-type=\"hero\" id=\"hero\" class=\"clear-both widget widget-hero widget-hero widget-hero-hero widget-hero widget-hero-fter-news\">\n<div class=\"news-article\">\n<header data-component-name=\"Article:Hero\">\n<nav class=\"breadcrumb\" aria-label=\"Breadcrumbs\">\n<ol>\n<li>\nPro Cycling\n<\/li>\n<li>\nTeams &amp; Riders\n<\/li>\n<\/ol>\n<\/nav>\n<h1>&#8216;I haven&#8217;t even enjoyed any training this year, it&#8217;s been that bad&#8217; &#8211; Mikel Landa in survival mode at the Vuelta a Espa\u00f1a.<\/h1>\n<div class=\"byline-social\">\n<div class=\"vds-byline-block flex flex-row flex-nowrap my-1.5 gap-2 text-left items-start justify-start\" data-component-name=\"Article:BylineBlock\">\n<p>News<\/p>\n<div class=\"my-auto vds-simple-byline\"><span class=\"inline-block vds-author\"><br \/>\nBy<br \/>\nAlasdair Fotheringham <\/span><\/p>\n<div class=\"flex gap-1 vds-byline-with-avatar__meta\"><span class=\"vds-date block font-normal tracking-normal normal-case text-xs\"><br \/>\nPublished<br \/>\n<time data-component-name=\"UI:DateTime\" datetime=\"2026-08-21T09:12:44Z\" class=\"relative-date\"><br \/>\n21 August 2026<br \/>\n<\/time><\/span><\/div>\n<\/div>\n<\/div>\n<p class=\"strapline\">36-year-old still recovering from a broken pelvis after a crash during Itzulia Basque Country<\/p>\n<\/div>\n<aside class=\"text-gray-700 flex items-center mx-0 my-5 p-0 justify-start text-left\" id=\"affiliate-disclaimer\" data-component-name=\"AffiliateDisclaimer\" data-hawk-message=\"Affiliate disclaimer removed because hawk deemed there are no affiliate links on this page\">\n<p class=\"text-[color:var(--affiliate-disclaimer--text-color,inherit)] mb-2 text-[length:var(--affiliate-disclaimer--font-size,0.75rem)] leading-[18px] md:text-[13px] [&amp;&gt;a]:text-inherit [&amp;&gt;a]:underline\">\nWhen you purchase through links on our site, we may earn an affiliate commission. Here\u2019s how it works.\n<\/p>\n<\/aside>\n<\/header>\n<\/div>\n<\/div>\n<div data-widget-type=\"contentparsed\" id=\"content\" class=\"clear-both widget widget-contentparsed widget-content widget-contentparsed-content widget-content-parsed widget-content-parsed-content_document \">\n<div class=\"wcp-item-content\">\n<section class=\"content-wrapper\">\n<div class=\"box less-space hero-image-wrapper\">\n<figure class=\"mb-0\">\n<source type=\"image\/webp\" srcset=\"https:\/\/cdn.mos.cms.futurecdn.net\/qrT26Xteho8U5gshkKC8f9-1024-80.jpg.webp 1920w, https:\/\/cdn.mos.cms.futurecdn.net\/qrT26Xteho8U5gshkKC8f9-1024-80.jpg.webp 1600w, https:\/\/cdn.mos.cms.futurecdn.net\/qrT26Xteho8U5gshkKC8f9-1024-80.jpg.webp 1200w, https:\/\/cdn.mos.cms.futurecdn.net\/qrT26Xteho8U5gshkKC8f9-1024-80.jpg.webp 1024w, https:\/\/cdn.mos.cms.futurecdn.net\/qrT26Xteho8U5gshkKC8f9-970-80.jpg.webp 970w, https:\/\/cdn.mos.cms.futurecdn.net\/qrT26Xteho8U5gshkKC8f9-750-80.jpg.webp 750w, https:\/\/cdn.mos.cms.futurecdn.net\/qrT26Xteho8U5gshkKC8f9-650-80.jpg.webp 650w, https:\/\/cdn.mos.cms.futurecdn.net\/qrT26Xteho8U5gshkKC8f9-480-80.jpg.webp 480w, https:\/\/cdn.mos.cms.futurecdn.net\/qrT26Xteho8U5gshkKC8f9-320-80.jpg.webp 320w\" sizes=\"(min-width: 1000px) 600px, 100vw\" \/><figcaption class=\"font-article-copy text-(--image--text--color) font-article-copy mt-2\"><span class=\"caption-text font-article-copy\">Mikel Landa continues to suffer after breaking his pelvis at Itzulia Basque Country<\/span><span class=\"credit font-article-copy\">(Image credit: Getty Images)<\/span><\/figcaption><\/figure>\n<\/div>\n<div id=\"article-body\" class=\"text-copy bodyCopy auto paywall-locker\">\n<div data-analytics-id=\"utility-bar\" id=\"utility-bar\" class=\"font-ui-heading flex justify-between items-center py-2 border-t border-b border-gray-300 border-solid mb-5 mx-auto\" data-component-name=\"UtilityBar\" data-mrf-recirculation=\"utility-bar\">\n<div class=\"flex gap-2 text-[#333] subcontainer\">\n<div class=\"relative tooltip-container\" role=\"tooltip\">\n<div data-component-name=\"Social:Dropdown\" role=\"menu\" id=\"utilitybar__dropdown--share\" aria-labelledby=\"utilitybar__button--share\" class=\"absolute left-0 top-full w-44 bg-white rounded-md shadow-md border border-neutral-200 z-[9996] list-none m-0 py-2 px-3 border-solid\">\n<ul class=\"m-0!\">\n<li class=\"!p-0 !m-0 list-none border-b border-gray-200 border-solid\">\n<li class=\"!p-0 !m-0 list-none border-b border-gray-200 border-solid\">\n<p>Facebook<\/p>\n<\/li>\n<li class=\"!p-0 !m-0 list-none border-b border-gray-200 border-solid\">\n<p>X<\/p>\n<\/li>\n<li class=\"!p-0 !m-0 list-none border-b border-gray-200 border-solid\">\n<p>Pinterest<\/p>\n<\/li>\n<li class=\"!p-0 !m-0 list-none border-b border-gray-200 border-solid\">\n<p>Email<\/p>\n<\/li>\n<\/ul>\n<\/div>\n<div class=\"font-ui-heading max-sm:hidden tooltip absolute left-1\/2 bg-gray-900 text-white text-xs leading-none px-3 py-1.5 rounded-md z-[10001] whitespace-nowrap\" id=\"tooltip-share-this-article\" role=\"tooltip\" aria-hidden=\"true\">\nShare this article\n<\/div>\n<\/div>\n<div class=\"relative tooltip-container\" role=\"tooltip\"><span class=\"ml-1 inline-flex h-5 px-2 shrink-0 items-center justify-center self-center overflow-hidden whitespace-nowrap rounded-[10px] bg-primary-500 text-[11px] leading-none font-ui-heading font-semibold text-white\">0<\/span><\/p>\n<div class=\"font-ui-heading max-sm:hidden tooltip absolute left-1\/2 bg-gray-900 text-white text-xs leading-none px-3 py-1.5 rounded-md z-[10001] whitespace-nowrap\" id=\"tooltip-join-the-conversation\" role=\"tooltip\" aria-hidden=\"true\">\nJoin the conversation\n<\/div>\n<\/div>\n<\/div>\n<div class=\"flex gap-2 text-[#333] subcontainer\">\n<div class=\"relative tooltip-container\" role=\"tooltip\">\n<p>Follow us<\/p>\n<div class=\"font-ui-heading max-sm:hidden tooltip absolute left-1\/2 bg-gray-900 text-white text-xs leading-none px-3 py-1.5 rounded-md z-[10001] whitespace-nowrap\" id=\"tooltip-add-us-as-a-preferred-source-on-google\" role=\"tooltip\" aria-hidden=\"true\">\nAdd us as a preferred source on Google\n<\/div>\n<\/div>\n<div class=\"relative tooltip-container\" role=\"tooltip\">\n<div class=\"font-ui-heading max-sm:hidden tooltip absolute left-1\/2 bg-gray-900 text-white text-xs leading-none px-3 py-1.5 rounded-md z-[10001] whitespace-nowrap\" id=\"tooltip-subscribe-to-our-newsletter\" role=\"tooltip\" aria-hidden=\"true\">\nSubscribe to our newsletter\n<\/div>\n<\/div>\n<\/div>\n<\/div>\n<p id=\"elk-a99ce20a-9cd3-11f1-b1cb-a35ead965f22\">11 years ago, Mikel Landa rode what was defined at the time as the &#8216;hardest stage ever of the Vuelta a Espa\u00f1a&#8217; through Andorra over more than 5,000 vertical metres &#8211; and ended up winning.<\/p>\n<p>This time round, when the Vuelta reaches Andorra on stage 4 and once again tackles a non-stop series of climbs, Landa&#8217;s in a very different place.<\/p>\n<p id=\"elk-a99ce20a-9cd3-11f1-b1cb-a35ead965f22-2\" aria-hidden=\"true\" class=\"kiosq-b\">&#8220;I&#8217;ll be fighting to survive through the first week and then I&#8217;ll see what I can do,&#8221; Landa told reporters at the Place Grimaldi press centre.<\/p>\n<div class=\"my-6 w-full overflow-hidden rounded-[10px] lg:my-8\" data-component-name=\"JwPlayer:Carousel\" data-jwp-carousel data-jwp-carousel-payload=\"{&quot;ids&quot;:{&quot;playerID&quot;:&quot;jYDCcabO&quot;,&quot;searchPlaylistID&quot;:&quot;gwjdoYHD&quot;,&quot;divID&quot;:&quot;botr_gwjdoYHD_jYDCcabO_div&quot;,&quot;fallbackPlaylistID&quot;:&quot;gwjdoYHD&quot;,&quot;fallbackDivID&quot;:&quot;botr_gwjdoYHD_jYDCcabO_div&quot;,&quot;key&quot;:&quot;X9\/mXVGac0NphghLH9hZaqWA5d3dhAM\/Ih07grnEyMLjuO2E&quot;,&quot;tintLogo&quot;:true,&quot;useSearchPlaylist&quot;:false,&quot;enabled&quot;:true},&quot;signPostingEnabled&quot;:true,&quot;signPostingLinkEnabled&quot;:true,&quot;waitForAdLoad&quot;:false,&quot;hidePlayerOnDesktop&quot;:false,&quot;hidePlayerOnMobile&quot;:false,&quot;hidePlayerOnTablet&quot;:false}\">\n<div class=\"flex flex-nowrap items-center justify-between gap-3 bg-zinc-900 px-[14px] py-3\" data-jwp-carousel-header>\n<div class=\"flex min-w-0 shrink items-center\"><span class=\"inline-flex items-center gap-1.5 text-sm font-article-heading capitalize leading-5 text-white whitespace-nowrap\"><span class=\"jwp-carousel-title-desktop\">Latest Videos From<\/span><span class=\"jwp-carousel-brand\">Cyclingnews<\/span><\/span><\/div>\n<\/div>\n<div class=\"min-h-[44px] bg-zinc-900 px-[14px] py-3\" data-jwp-carousel-signposting><a class=\"invisible block truncate text-sm font-bold leading-5 text-white underline decoration-solid underline-offset-2\" data-jwp-carousel-signposting-link href target=\"_blank\" rel=\"noopener noreferrer\"><span data-jwp-carousel-signposting-title>Watch full video here: <\/span><\/a><\/div>\n<\/div>\n<p aria-hidden=\"true\" class=\"kiosq-b\">&#8220;This is the most uncertain Vuelta of my career, I&#8217;ve had a bad year, I&#8217;m on the bounceback from a very difficult injury and I&#8217;m certainly not at 100%.&#8221;<\/p>\n<p aria-hidden=\"true\" class=\"kiosq-b\">&#8220;I&#8217;ll try and ride my way into form, but it&#8217;ll be hard.&#8221;<\/p>\n<aside data-component-name=\"Recirculation:ArticleRiver\" data-recirculation-type=\"inline\" data-mrf-recirculation=\"Trending Bar\" data-nosnippet class=\"clear-both pt-2 pb-0 mb-4\"><span class=\"\n            flex\n            after:content-[&apos;&apos;] after:flex-1 after:ml-4 after:my-[0.7rem] after:border-t after:border-solid after:border-t-[#ccc]\n            before:content-[&apos;&apos;] before:flex-1 before:mr-4 before:my-[0.7rem] before:border-t before:border-solid before:border-t-[#ccc]\n            font-article-heading pb-0 text-[length:var(--article-river-title--font-size,1em)] uppercase sm:text-[length:var(--article-river-title--font-size,0.875em)] font-bold\n        \"><br \/>\n            You may like<br \/>\n        <\/span><\/p>\n<ul class=\"flex flex-col gap-0 m-0 max-w-full\">\n<li class=\"m-0 list-none border-b border-solid border-[#ededed] py-2\" data-recirculation-id=\"recirculation-card-1\" id=\"recirculation-inline-1\" data-analytics-id=\"recirculation-inline-1\" data-mrf-recirculation=\"recirculation-inline-1\">\n    <source type=\"image\/webp\" srcset=\"https:\/\/cdn.mos.cms.futurecdn.net\/YvLurAtwGrsupwv3CVbzQM-250-80.jpg.webp 250w, https:\/\/cdn.mos.cms.futurecdn.net\/YvLurAtwGrsupwv3CVbzQM-150-80.jpg.webp 150w\" sizes=\"150px\" \/><span class=\"w-full text-base font-[var(--article-river-item--font-weight,500)] font-article-heading line-clamp-3 md:line-clamp-2\">&#8216;Just putting my socks on these last three weeks was the hardest&#8217; &#8211; Primo\u017e Rogli\u010d reveals scale of post-crash injuries and challenge to reach Vuelta a Espa\u00f1a startline<\/span><\/li>\n<li class=\"m-0 list-none border-b border-solid border-[#ededed] py-2\" data-recirculation-id=\"recirculation-card-2\" id=\"recirculation-inline-2\" data-analytics-id=\"recirculation-inline-2\" data-mrf-recirculation=\"recirculation-inline-2\">\n    <source type=\"image\/webp\" srcset=\"https:\/\/cdn.mos.cms.futurecdn.net\/eKvy38GXi38WztdxeaKTs8-250-80.jpg.webp 250w, https:\/\/cdn.mos.cms.futurecdn.net\/eKvy38GXi38WztdxeaKTs8-150-80.jpg.webp 150w\" sizes=\"150px\" \/><span class=\"w-full text-base font-[var(--article-river-item--font-weight,500)] font-article-heading line-clamp-3 md:line-clamp-2\">&#8216;We&#8217;ve had a lot of setbacks this year, starting with me&#8217; &#8211; non-conformist Richard Carapaz determined to fight for Vuelta a Espa\u00f1a GC despite injuries blighting EF Education-EasyPost lineup<\/span><\/li>\n<li class=\"m-0 list-none border-b border-solid border-[#ccc] py-2\" data-recirculation-id=\"recirculation-card-3\" id=\"recirculation-inline-3\" data-analytics-id=\"recirculation-inline-3\" data-mrf-recirculation=\"recirculation-inline-3\">\n    <source type=\"image\/webp\" srcset=\"https:\/\/cdn.mos.cms.futurecdn.net\/BA34nJiPUVCN2EN7yKmEC7-250-80.jpg.webp 250w, https:\/\/cdn.mos.cms.futurecdn.net\/BA34nJiPUVCN2EN7yKmEC7-150-80.jpg.webp 150w\" sizes=\"150px\" \/><span class=\"w-full text-base font-[var(--article-river-item--font-weight,500)] font-article-heading line-clamp-3 md:line-clamp-2\">Primo\u017e Rogli\u010d expected to race the Vuelta a Espa\u00f1a but with no GC ambitions<\/span><\/li>\n<\/ul>\n<\/aside>\n<p aria-hidden=\"true\" class=\"kiosq-b\">On the point of ending his time at Soudal-QuickStep, where he managed to finish fifth in the 2024 Tour de France and was viewed as a key mountain lieutenant for Remco Evenepoel, Landa&#8217;s bad crash in the Itzulia, breaking his pelvis, left him out of the count for the Tour this summer.<\/p>\n<p aria-hidden=\"true\" class=\"kiosq-b\">Instead, as he concludes the 16th season of his career at WorldTour level, Landa says he was determined to go to the Vuelta &#8211; &#8220;it would have been even worse if I hadn&#8217;t&#8221; &#8211; but he is painfully realistic about his options.<\/p>\n<div id=\"slice-container-newsletterForm-articleInbodyContent-MqV2h8f8gLMNNvhGe9BBCY\" class=\"slice-container newsletter-inbodyContent-slice newsletterForm-articleInbodyContent-MqV2h8f8gLMNNvhGe9BBCY slice-container-newsletterForm\">\n<div data-hydrate=\"true\" class=\"newsletter-form__wrapper newsletter-form__wrapper--inbodyContent\">\n<div class=\"newsletter-form__container\">\n<section class=\"newsletter-form__top-bar\">\n<div class=\"newsletter-form__header\">Get The Leadout Newsletter<\/div>\n<\/section>\n<section class=\"newsletter-form__main-section\">\n<p class=\"newsletter-form__strapline\">The latest race content, interviews, features, reviews and expert buying guides, direct to your inbox!<\/p>\n<footer class=\"newsletter-form__footer \">By submitting your information you agree to the Terms &amp; Conditions and Privacy Policy and are aged 16 or over.<\/footer>\n<\/section>\n<\/div>\n<\/div>\n<\/div>\n<p aria-hidden=\"true\" class=\"kiosq-b\">&#8220;I&#8217;m just not in good shape, but there is no other option,&#8221; Landa, part of a lineup which also includes mountain climber Valentin Paret-Peintre, told reporters.<\/p>\n<p aria-hidden=\"true\" class=\"kiosq-b\">&#8220;I&#8217;m racing without pressure, the team knows how I&#8217;m doing and so do I. I&#8217;ll give it my best, it&#8217;d be worse not to race the Vuelta. Hopefully I can enjoy at least one day.<\/p>\n<p aria-hidden=\"true\" class=\"kiosq-b\">&#8220;I haven&#8217;t even enjoyed any training this year, it&#8217;s been that bad. But I have to be optimistic, above all coming as I do from such a bad situation.&#8221;<\/p>\n<p aria-hidden=\"true\" class=\"kiosq-b\">Landa has signed with his local Proteam, Euskaltel-Euskadi &#8211; the squad with which he began life as a pro back in 2012, albeit in a very different structure &#8211; for the next two years. The squad wasn&#8217;t chosen for the Vuelta or any Grand Tour this year, but he&#8217;s not ruling out racing a three-week race again in the future.<\/p>\n<p aria-hidden=\"true\" class=\"kiosq-b\">&#8220;I hope that this won&#8217;t be the last,&#8221; Landa, twice third in the Giro d&#8217;Italia and twice fourth in the Tour de France, said. &#8220;I&#8217;d like to be back here again.&#8221;<\/p>\n<p id=\"elk-a99ce30e-9cd3-11f1-930e-0dff1245d58c\" aria-hidden=\"true\" class=\"kiosq-b\"><strong>For unbeatable coverage across road, gravel and tech, subscribe to Cyclingnews. You&#8217;ll get comprehensive race coverage of La Vuelta a Espa\u00f1a, subscriber-exclusive analysis from our expert columnists, in-depth features and industry-leading tech insight. Plus, the Cyclingnews app lets you follow the action wherever you go! <\/strong><u><strong>Join today.<\/strong><\/u><\/p>\n<\/div>\n<div id=\"slice-container-authorBio-MqV2h8f8gLMNNvhGe9BBCY\" class=\"slice-container slice-author-bio authorBio-MqV2h8f8gLMNNvhGe9BBCY slice-container-authorBio\">\n<div class=\"author author__default-layout author--separator author--collapsible\" data-hydrate=\"true\">\n<div class=\"author__header\">\n<div class=\"author__avatar-block\">\n<figure class=\"image-wrapped__wrapper\" data-bordeaux-image-check=\"false\">\n<div class=\"image-wrapped__widthsetter\">\n<div class=\"image-wrapped__aspect-padding\">\n<div><source class=\"author__avatar image-wrapped__image image__image\" type=\"image\/webp\" srcset=\"https:\/\/cdn.mos.cms.futurecdn.net\/5QLhaPay9asJvmaNsCjFVZ-140-80.jpg.webp 140w\" sizes=\"99vw\" data-normal=\"https:\/\/cdn.mos.cms.futurecdn.net\/5QLhaPay9asJvmaNsCjFVZ.jpg\" data-original-mos=\"https:\/\/cdn.mos.cms.futurecdn.net\/5QLhaPay9asJvmaNsCjFVZ.jpg\" data-pin-media=\"https:\/\/cdn.mos.cms.futurecdn.net\/5QLhaPay9asJvmaNsCjFVZ.jpg\" data-pin-nopin=\"true\" data-slice-image=\"true\" \/><\/div>\n<\/div>\n<\/div>\n<\/figure>\n<\/div>\n<div class=\"author__heading\">\n<div class=\"author__name\">Alasdair Fotheringham<\/div>\n<div class=\"author__social\">\n<nav class=\"button-social-group author__social-buttons\" aria-labelledby=\"button-social-group- author__social-buttons\">\n<div id=\"button-social-group- author__social-buttons\">Social Links Navigation<\/div>\n<\/nav>\n<\/div>\n<\/div>\n<\/div>\n<div class=\"author__bio-wrapper\">\n<div class=\"author__biography\">\n<p>Alasdair Fotheringham has been reporting on cycling since 1991. He has covered every Tour de France since 1992 bar one, as well as numerous other bike races of all shapes and sizes, ranging from the Olympic Games in 2008 to the now sadly defunct Subida a Urkiola hill climb in Spain. As well as working for <em>Cyclingnews<\/em>, he has also written for <em>The Independent<\/em>,\u00a0 <em>The Guardian<\/em>,\u00a0 <em>ProCycling<\/em>, <em>The Express<\/em> and <em>Reuters<\/em>.<\/p>\n<\/div>\n<\/div>\n<\/div>\n<\/div>\n<\/section>\n<div class=\"relative max-w-[1070px] viafoura-twig-component mt-6 mx-4 lg:mx-0\" data-component-name=\"Viafoura:Comments\" data-nosnippet data-community-guidelines-text=\"&lt;p class=&apos;vfcustom-community-guidelines&apos;&gt;Please follow our &lt;a href=&quot;https:\/\/www.cyclingnews.com\/about\/#section-community-guidelines&quot; target=&quot;_blank&quot;&gt;community guidelines&lt;\/a&gt;.&lt;\/p&gt;\" data-join-the-conversation-text=\"Join the Conversation\">\n<div class=\"absolute top-0 left-0 w-full h-full flex items-center justify-center z-50 bg-white\/90 border-1 rounded-b-[var(--comment-widget-border-radius,0)]\">\n<div class=\"p-2 text-center\">\n<p class=\"mb-3 text-lg!\">You must confirm your public display name before commenting<\/p>\n<p class=\"mb-3 text-sm!\">Please logout and then login again, you will then be prompted to enter your display name.<\/p>\n<\/div>\n<\/div>\n<\/div>\n<section class=\"mx-2 my-5 sm:mx-0\">\n<aside class=\"w-full\" data-nosnippet data-mrf-recirculation=\"article-river-stacked\">\n<div data-recirc-id=\"article-river-stacked-adviser:hybrid\">\n<div class=\"text-white py-4 px-3 mb-4 bg-[#333] uppercase font-bold custom-header-styles\">Read more<\/div>\n<div class=\"grid grid-cols-1 gap-4 mt-4 mb-5\">\n<div>\n<div class=\"aspect-[var(--img-listing-aspect-ratio,16\/9)] relative mb-3.5\">\n    <source type=\"image\/webp\" srcset=\"https:\/\/cdn.mos.cms.futurecdn.net\/YvLurAtwGrsupwv3CVbzQM-840-80.jpg.webp 840w, https:\/\/cdn.mos.cms.futurecdn.net\/YvLurAtwGrsupwv3CVbzQM-650-80.jpg.webp 650w, https:\/\/cdn.mos.cms.futurecdn.net\/YvLurAtwGrsupwv3CVbzQM-500-80.jpg.webp 500w, https:\/\/cdn.mos.cms.futurecdn.net\/YvLurAtwGrsupwv3CVbzQM-450-80.jpg.webp 450w, https:\/\/cdn.mos.cms.futurecdn.net\/YvLurAtwGrsupwv3CVbzQM-320-80.jpg.webp 320w\" sizes=\"(min-width: 900px) 925px, (min-width: 700px) 450px, calc(100vw - 48px)\" \/><\/div>\n<p><span class=\"custom-subheading-styles\">Teams &amp; Riders<\/span><span class=\"text-base text-black font-bold mx-0 my-2.5 p-0 block custom-text-styles\">&#8216;Just putting my socks on these last three weeks was the hardest&#8217; &#8211; Primo\u017e Rogli\u010d reveals scale of post-crash injuries and challenge to reach Vuelta a Espa\u00f1a startline<\/span><\/div>\n<div class=\"relative recirc-feed sponsored-card min-h-[250px]\" data-recirc-id=\"article-river-stacked-ads:native-cards\" data-mrf-recirculation=\"article-river-ads\" data-nosnippet data-ad-slot-path=\"feed-sponsored-post\" data-attribute-device=\"all\">\n<div class=\"max-w-full sponsored-post--placeholder animate-pulse\">\n<div class=\"relative!\"><span class=\"text-base text-black font-bold mx-0 my-2.5 p-0 block bg-gray-100\">\u00a0<br \/>\u00a0<\/span><\/div>\n<\/div>\n<\/div>\n<div>\n<div class=\"aspect-[var(--img-listing-aspect-ratio,16\/9)] relative mb-3.5\">\n    <source type=\"image\/webp\" srcset=\"https:\/\/cdn.mos.cms.futurecdn.net\/eKvy38GXi38WztdxeaKTs8-840-80.jpg.webp 840w, https:\/\/cdn.mos.cms.futurecdn.net\/eKvy38GXi38WztdxeaKTs8-650-80.jpg.webp 650w, https:\/\/cdn.mos.cms.futurecdn.net\/eKvy38GXi38WztdxeaKTs8-500-80.jpg.webp 500w, https:\/\/cdn.mos.cms.futurecdn.net\/eKvy38GXi38WztdxeaKTs8-450-80.jpg.webp 450w, https:\/\/cdn.mos.cms.futurecdn.net\/eKvy38GXi38WztdxeaKTs8-320-80.jpg.webp 320w\" sizes=\"(min-width: 900px) 925px, (min-width: 700px) 450px, calc(100vw - 48px)\" \/><\/div>\n<p><span class=\"custom-subheading-styles\">Teams &amp; Riders<\/span><span class=\"text-base text-black font-bold mx-0 my-2.5 p-0 block custom-text-styles\">&#8216;We&#8217;ve had a lot of setbacks this year, starting with me&#8217; &#8211; non-conformist Richard Carapaz determined to fight for Vuelta a Espa\u00f1a GC despite injuries blighting EF Education-EasyPost lineup<\/span><\/div>\n<div class=\"relative recirc-feed sponsored-card min-h-[250px]\" data-recirc-id=\"article-river-stacked-ads:native-cards\" data-mrf-recirculation=\"article-river-ads\" data-nosnippet data-ad-slot-path=\"feed-sponsored-post\" data-attribute-device=\"all\">\n<div class=\"max-w-full sponsored-post--placeholder animate-pulse\">\n<div class=\"relative!\"><span class=\"text-base text-black font-bold mx-0 my-2.5 p-0 block bg-gray-100\">\u00a0<br \/>\u00a0<\/span><\/div>\n<\/div>\n<\/div>\n<div>\n<div class=\"aspect-[var(--img-listing-aspect-ratio,16\/9)] relative mb-3.5\">\n    <source type=\"image\/webp\" srcset=\"https:\/\/cdn.mos.cms.futurecdn.net\/BA34nJiPUVCN2EN7yKmEC7-840-80.jpg.webp 840w, https:\/\/cdn.mos.cms.futurecdn.net\/BA34nJiPUVCN2EN7yKmEC7-650-80.jpg.webp 650w, https:\/\/cdn.mos.cms.futurecdn.net\/BA34nJiPUVCN2EN7yKmEC7-500-80.jpg.webp 500w, https:\/\/cdn.mos.cms.futurecdn.net\/BA34nJiPUVCN2EN7yKmEC7-450-80.jpg.webp 450w, https:\/\/cdn.mos.cms.futurecdn.net\/BA34nJiPUVCN2EN7yKmEC7-320-80.jpg.webp 320w\" sizes=\"(min-width: 900px) 925px, (min-width: 700px) 450px, calc(100vw - 48px)\" \/><\/div>\n<p><span class=\"custom-subheading-styles\">Racing<\/span><span class=\"text-base text-black font-bold mx-0 my-2.5 p-0 block custom-text-styles\">Primo\u017e Rogli\u010d expected to race the Vuelta a Espa\u00f1a but with no GC ambitions<\/span><\/div>\n<div class=\"relative recirc-feed sponsored-card min-h-[250px]\" data-recirc-id=\"article-river-stacked-ads:native-cards\" data-mrf-recirculation=\"article-river-ads\" data-nosnippet data-ad-slot-path=\"feed-sponsored-post\" data-attribute-device=\"all\">\n<div class=\"max-w-full sponsored-post--placeholder animate-pulse\">\n<div class=\"relative!\"><span class=\"text-base text-black font-bold mx-0 my-2.5 p-0 block bg-gray-100\">\u00a0<br \/>\u00a0<\/span><\/div>\n<\/div>\n<\/div>\n<div>\n<div class=\"aspect-[var(--img-listing-aspect-ratio,16\/9)] relative mb-3.5\">\n    <source type=\"image\/webp\" srcset=\"https:\/\/cdn.mos.cms.futurecdn.net\/2fmbtXZ2fEd6EkmEtQgkd3-840-80.jpg.webp 840w, https:\/\/cdn.mos.cms.futurecdn.net\/2fmbtXZ2fEd6EkmEtQgkd3-650-80.jpg.webp 650w, https:\/\/cdn.mos.cms.futurecdn.net\/2fmbtXZ2fEd6EkmEtQgkd3-500-80.jpg.webp 500w, https:\/\/cdn.mos.cms.futurecdn.net\/2fmbtXZ2fEd6EkmEtQgkd3-450-80.jpg.webp 450w, https:\/\/cdn.mos.cms.futurecdn.net\/2fmbtXZ2fEd6EkmEtQgkd3-320-80.jpg.webp 320w\" sizes=\"(min-width: 900px) 925px, (min-width: 700px) 450px, calc(100vw - 48px)\" \/><\/div>\n<p><span class=\"custom-subheading-styles\">Racing<\/span><span class=\"text-base text-black font-bold mx-0 my-2.5 p-0 block custom-text-styles\">Unstoppable? The five biggest challenges that Tadej Poga\u010dar will face at this year&#8217;s Vuelta a Espa\u00f1a<\/span><\/div>\n<div class=\"relative recirc-feed sponsored-card min-h-[250px]\" data-recirc-id=\"article-river-stacked-ads:native-cards\" data-mrf-recirculation=\"article-river-ads\" data-nosnippet data-ad-slot-path=\"feed-sponsored-post\" data-attribute-device=\"all\">\n<div class=\"max-w-full sponsored-post--placeholder animate-pulse\">\n<div class=\"relative!\"><span class=\"text-base text-black font-bold mx-0 my-2.5 p-0 block bg-gray-100\">\u00a0<br \/>\u00a0<\/span><\/div>\n<\/div>\n<\/div>\n<div>\n<div class=\"aspect-[var(--img-listing-aspect-ratio,16\/9)] relative mb-3.5\">\n    <source type=\"image\/webp\" srcset=\"https:\/\/cdn.mos.cms.futurecdn.net\/r4EDHRKrKu3tRtpXMKgLsP-840-80.jpg.webp 840w, https:\/\/cdn.mos.cms.futurecdn.net\/r4EDHRKrKu3tRtpXMKgLsP-650-80.jpg.webp 650w, https:\/\/cdn.mos.cms.futurecdn.net\/r4EDHRKrKu3tRtpXMKgLsP-500-80.jpg.webp 500w, https:\/\/cdn.mos.cms.futurecdn.net\/r4EDHRKrKu3tRtpXMKgLsP-450-80.jpg.webp 450w, https:\/\/cdn.mos.cms.futurecdn.net\/r4EDHRKrKu3tRtpXMKgLsP-320-80.jpg.webp 320w\" sizes=\"(min-width: 900px) 925px, (min-width: 700px) 450px, calc(100vw - 48px)\" \/><\/div>\n<p><span class=\"custom-subheading-styles\">Teams &amp; Riders<\/span><span class=\"text-base text-black font-bold mx-0 my-2.5 p-0 block custom-text-styles\">&#8216;I need to race smart&#8217; &#8211; Tadej Poga\u010dar looking to complete the Grand Slam of Grand Tours in the Vuelta a Espa\u00f1a, while still looking ahead<\/span><\/div>\n<div class=\"relative recirc-feed sponsored-card min-h-[250px]\" data-recirc-id=\"article-river-stacked-ads:native-cards\" data-mrf-recirculation=\"article-river-ads\" data-nosnippet data-ad-slot-path=\"feed-sponsored-post\" data-attribute-device=\"all\">\n<div class=\"max-w-full sponsored-post--placeholder animate-pulse\">\n<div class=\"relative!\"><span class=\"text-base text-black font-bold mx-0 my-2.5 p-0 block bg-gray-100\">\u00a0<br \/>\u00a0<\/span><\/div>\n<\/div>\n<\/div>\n<div>\n<div class=\"aspect-[var(--img-listing-aspect-ratio,16\/9)] relative mb-3.5\">\n    <source type=\"image\/webp\" srcset=\"https:\/\/cdn.mos.cms.futurecdn.net\/KEmuBRE5ZGwcHccS2swJnc-840-80.jpg.webp 840w, https:\/\/cdn.mos.cms.futurecdn.net\/KEmuBRE5ZGwcHccS2swJnc-650-80.jpg.webp 650w, https:\/\/cdn.mos.cms.futurecdn.net\/KEmuBRE5ZGwcHccS2swJnc-500-80.jpg.webp 500w, https:\/\/cdn.mos.cms.futurecdn.net\/KEmuBRE5ZGwcHccS2swJnc-450-80.jpg.webp 450w, https:\/\/cdn.mos.cms.futurecdn.net\/KEmuBRE5ZGwcHccS2swJnc-320-80.jpg.webp 320w\" sizes=\"(min-width: 900px) 925px, (min-width: 700px) 450px, calc(100vw - 48px)\" \/><\/div>\n<p><span class=\"custom-subheading-styles\">Transfers<\/span><span class=\"text-base text-black font-bold mx-0 my-2.5 p-0 block custom-text-styles\">\u2018Coming full circle\u2019 &#8211; Mikel Landa leaves Soudal-QuickStep and returns home to Euskaltel-Euskadi<\/span><\/div>\n<div class=\"relative recirc-feed sponsored-card min-h-[250px]\" data-recirc-id=\"article-river-stacked-ads:native-cards\" data-mrf-recirculation=\"article-river-ads\" data-nosnippet data-ad-slot-path=\"feed-sponsored-post\" data-attribute-device=\"all\">\n<div class=\"max-w-full sponsored-post--placeholder animate-pulse\">\n<div class=\"relative!\"><span class=\"text-base text-black font-bold mx-0 my-2.5 p-0 block bg-gray-100\">\u00a0<br \/>\u00a0<\/span><\/div>\n<\/div>\n<\/div>\n<\/div>\n<\/div>\n<\/aside>\n<aside class=\"w-full\" data-nosnippet data-mrf-recirculation=\"article-river-stacked\">\n<div data-recirc-id=\"article-river-stacked-solr:latest-category\">\n<div class=\"text-white py-4 px-3 mb-4 bg-[#333] uppercase font-bold custom-header-styles\">Latest in Teams &amp; Riders<\/div>\n<div class=\"grid grid-cols-1 gap-4 mt-4 mb-5\">\n<div>\n<div class=\"aspect-[var(--img-listing-aspect-ratio,16\/9)] relative mb-3.5\">\n    <source type=\"image\/webp\" srcset=\"https:\/\/cdn.mos.cms.futurecdn.net\/m3Jt9LNmhTEMRgsrgWE9vG-840-80.jpg.webp 840w, https:\/\/cdn.mos.cms.futurecdn.net\/m3Jt9LNmhTEMRgsrgWE9vG-650-80.jpg.webp 650w, https:\/\/cdn.mos.cms.futurecdn.net\/m3Jt9LNmhTEMRgsrgWE9vG-500-80.jpg.webp 500w, https:\/\/cdn.mos.cms.futurecdn.net\/m3Jt9LNmhTEMRgsrgWE9vG-450-80.jpg.webp 450w, https:\/\/cdn.mos.cms.futurecdn.net\/m3Jt9LNmhTEMRgsrgWE9vG-320-80.jpg.webp 320w\" sizes=\"(min-width: 900px) 925px, (min-width: 700px) 450px, calc(100vw - 48px)\" \/><\/div>\n<p><span class=\"custom-subheading-styles\">Teams &amp; Riders<\/span><span class=\"text-base text-black font-bold mx-0 my-2.5 p-0 block custom-text-styles\">&#8216;It only depends on my legs&#8217; \u2013 Jo\u00e3o Almeida eyes possible &#8216;Plan B&#8217; GC bid alongside teammate Tadej Poga\u010dar at Vuelta a Espa\u00f1a<\/span><\/div>\n<div class=\"relative recirc-feed sponsored-card min-h-[250px]\" data-recirc-id=\"article-river-stacked-ads:native-cards\" data-mrf-recirculation=\"article-river-ads\" data-nosnippet data-ad-slot-path=\"feed-sponsored-post\" data-attribute-device=\"all\">\n<div class=\"max-w-full sponsored-post--placeholder animate-pulse\">\n<div class=\"relative!\"><span class=\"text-base text-black font-bold mx-0 my-2.5 p-0 block bg-gray-100\">\u00a0<br \/>\u00a0<\/span><\/div>\n<\/div>\n<\/div>\n<div>\n<div class=\"aspect-[var(--img-listing-aspect-ratio,16\/9)] relative mb-3.5\">\n    <source type=\"image\/webp\" srcset=\"https:\/\/cdn.mos.cms.futurecdn.net\/preyXU8URFip5kJRmtcp5W-840-80.jpg.webp 840w, https:\/\/cdn.mos.cms.futurecdn.net\/preyXU8URFip5kJRmtcp5W-650-80.jpg.webp 650w, https:\/\/cdn.mos.cms.futurecdn.net\/preyXU8URFip5kJRmtcp5W-500-80.jpg.webp 500w, https:\/\/cdn.mos.cms.futurecdn.net\/preyXU8URFip5kJRmtcp5W-450-80.jpg.webp 450w, https:\/\/cdn.mos.cms.futurecdn.net\/preyXU8URFip5kJRmtcp5W-320-80.jpg.webp 320w\" sizes=\"(min-width: 900px) 925px, (min-width: 700px) 450px, calc(100vw - 48px)\" \/><\/div>\n<p><span class=\"custom-subheading-styles\">Teams &amp; Riders<\/span><span class=\"text-base text-black font-bold mx-0 my-2.5 p-0 block custom-text-styles\">Julian Alaphilippe has reportedly called an early end to his professional racing career<\/span><\/div>\n<div class=\"relative recirc-feed sponsored-card min-h-[250px]\" data-recirc-id=\"article-river-stacked-ads:native-cards\" data-mrf-recirculation=\"article-river-ads\" data-nosnippet data-ad-slot-path=\"feed-sponsored-post\" data-attribute-device=\"all\">\n<div class=\"max-w-full sponsored-post--placeholder animate-pulse\">\n<div class=\"relative!\"><span class=\"text-base text-black font-bold mx-0 my-2.5 p-0 block bg-gray-100\">\u00a0<br \/>\u00a0<\/span><\/div>\n<\/div>\n<\/div>\n<div>\n<div class=\"aspect-[var(--img-listing-aspect-ratio,16\/9)] relative mb-3.5\">\n    <source type=\"image\/webp\" srcset=\"https:\/\/cdn.mos.cms.futurecdn.net\/r4EDHRKrKu3tRtpXMKgLsP-840-80.jpg.webp 840w, https:\/\/cdn.mos.cms.futurecdn.net\/r4EDHRKrKu3tRtpXMKgLsP-650-80.jpg.webp 650w, https:\/\/cdn.mos.cms.futurecdn.net\/r4EDHRKrKu3tRtpXMKgLsP-500-80.jpg.webp 500w, https:\/\/cdn.mos.cms.futurecdn.net\/r4EDHRKrKu3tRtpXMKgLsP-450-80.jpg.webp 450w, https:\/\/cdn.mos.cms.futurecdn.net\/r4EDHRKrKu3tRtpXMKgLsP-320-80.jpg.webp 320w\" sizes=\"(min-width: 900px) 925px, (min-width: 700px) 450px, calc(100vw - 48px)\" \/><\/div>\n<p><span class=\"custom-subheading-styles\">Teams &amp; Riders<\/span><span class=\"text-base text-black font-bold mx-0 my-2.5 p-0 block custom-text-styles\">&#8216;I need to race smart&#8217; &#8211; Tadej Poga\u010dar looking to complete the Grand Slam of Grand Tours in the Vuelta a Espa\u00f1a, while still looking ahead<\/span><\/div>\n<div class=\"relative recirc-feed sponsored-card min-h-[250px]\" data-recirc-id=\"article-river-stacked-ads:native-cards\" data-mrf-recirculation=\"article-river-ads\" data-nosnippet data-ad-slot-path=\"feed-sponsored-post\" data-attribute-device=\"all\">\n<div class=\"max-w-full sponsored-post--placeholder animate-pulse\">\n<div class=\"relative!\"><span class=\"text-base text-black font-bold mx-0 my-2.5 p-0 block bg-gray-100\">\u00a0<br \/>\u00a0<\/span><\/div>\n<\/div>\n<\/div>\n<div>\n<div class=\"aspect-[var(--img-listing-aspect-ratio,16\/9)] relative mb-3.5\">\n    <source type=\"image\/webp\" srcset=\"https:\/\/cdn.mos.cms.futurecdn.net\/YvLurAtwGrsupwv3CVbzQM-840-80.jpg.webp 840w, https:\/\/cdn.mos.cms.futurecdn.net\/YvLurAtwGrsupwv3CVbzQM-650-80.jpg.webp 650w, https:\/\/cdn.mos.cms.futurecdn.net\/YvLurAtwGrsupwv3CVbzQM-500-80.jpg.webp 500w, https:\/\/cdn.mos.cms.futurecdn.net\/YvLurAtwGrsupwv3CVbzQM-450-80.jpg.webp 450w, https:\/\/cdn.mos.cms.futurecdn.net\/YvLurAtwGrsupwv3CVbzQM-320-80.jpg.webp 320w\" sizes=\"(min-width: 900px) 925px, (min-width: 700px) 450px, calc(100vw - 48px)\" \/><\/div>\n<p><span class=\"custom-subheading-styles\">Teams &amp; Riders<\/span><span class=\"text-base text-black font-bold mx-0 my-2.5 p-0 block custom-text-styles\">&#8216;Just putting my socks on these last three weeks was the hardest&#8217; &#8211; Primo\u017e Rogli\u010d reveals scale of post-crash injuries and challenge to reach Vuelta a Espa\u00f1a startline<\/span><\/div>\n<div class=\"relative recirc-feed sponsored-card min-h-[250px]\" data-recirc-id=\"article-river-stacked-ads:native-cards\" data-mrf-recirculation=\"article-river-ads\" data-nosnippet data-ad-slot-path=\"feed-sponsored-post\" data-attribute-device=\"all\">\n<div class=\"max-w-full sponsored-post--placeholder animate-pulse\">\n<div class=\"relative!\"><span class=\"text-base text-black font-bold mx-0 my-2.5 p-0 block bg-gray-100\">\u00a0<br \/>\u00a0<\/span><\/div>\n<\/div>\n<\/div>\n<div>\n<div class=\"aspect-[var(--img-listing-aspect-ratio,16\/9)] relative mb-3.5\">\n    <source type=\"image\/webp\" srcset=\"https:\/\/cdn.mos.cms.futurecdn.net\/tfLM6usLQ7FSegycrtArMn-840-80.jpg.webp 840w, https:\/\/cdn.mos.cms.futurecdn.net\/tfLM6usLQ7FSegycrtArMn-650-80.jpg.webp 650w, https:\/\/cdn.mos.cms.futurecdn.net\/tfLM6usLQ7FSegycrtArMn-500-80.jpg.webp 500w, https:\/\/cdn.mos.cms.futurecdn.net\/tfLM6usLQ7FSegycrtArMn-450-80.jpg.webp 450w, https:\/\/cdn.mos.cms.futurecdn.net\/tfLM6usLQ7FSegycrtArMn-320-80.jpg.webp 320w\" sizes=\"(min-width: 900px) 925px, (min-width: 700px) 450px, calc(100vw - 48px)\" \/><\/div>\n<p><span class=\"custom-subheading-styles\">Teams &amp; Riders<\/span><span class=\"text-base text-black font-bold mx-0 my-2.5 p-0 block custom-text-styles\">&#8216;It could be an opportunity to be close in GC&#8217; &#8211; Opening time trial in Monaco enticing incentive for Wout van Aert&#8217;s return to Vuelta a Espa\u00f1a<\/span><\/div>\n<div class=\"relative recirc-feed sponsored-card min-h-[250px]\" data-recirc-id=\"article-river-stacked-ads:native-cards\" data-mrf-recirculation=\"article-river-ads\" data-nosnippet data-ad-slot-path=\"feed-sponsored-post\" data-attribute-device=\"all\">\n<div class=\"max-w-full sponsored-post--placeholder animate-pulse\">\n<div class=\"relative!\"><span class=\"text-base text-black font-bold mx-0 my-2.5 p-0 block bg-gray-100\">\u00a0<br \/>\u00a0<\/span><\/div>\n<\/div>\n<\/div>\n<div>\n<div class=\"aspect-[var(--img-listing-aspect-ratio,16\/9)] relative mb-3.5\">\n    <source type=\"image\/webp\" srcset=\"https:\/\/cdn.mos.cms.futurecdn.net\/nTZNZUUHHn5swtJ88RvBgD-840-80.jpg.webp 840w, https:\/\/cdn.mos.cms.futurecdn.net\/nTZNZUUHHn5swtJ88RvBgD-650-80.jpg.webp 650w, https:\/\/cdn.mos.cms.futurecdn.net\/nTZNZUUHHn5swtJ88RvBgD-500-80.jpg.webp 500w, https:\/\/cdn.mos.cms.futurecdn.net\/nTZNZUUHHn5swtJ88RvBgD-450-80.jpg.webp 450w, https:\/\/cdn.mos.cms.futurecdn.net\/nTZNZUUHHn5swtJ88RvBgD-320-80.jpg.webp 320w\" sizes=\"(min-width: 900px) 925px, (min-width: 700px) 450px, calc(100vw - 48px)\" \/><\/div>\n<p><span class=\"custom-subheading-styles\">Teams &amp; Riders<\/span><span class=\"text-base text-black font-bold mx-0 my-2.5 p-0 block custom-text-styles\">Jonathan Milan ordered to pull over as race leader is lapped by peloton following huge crash at Renewi Tour<\/span><\/div>\n<div class=\"relative recirc-feed sponsored-card min-h-[250px]\" data-recirc-id=\"article-river-stacked-ads:native-cards\" data-mrf-recirculation=\"article-river-ads\" data-nosnippet data-ad-slot-path=\"feed-sponsored-post\" data-attribute-device=\"all\">\n<div class=\"max-w-full sponsored-post--placeholder animate-pulse\">\n<div class=\"relative!\"><span class=\"text-base text-black font-bold mx-0 my-2.5 p-0 block bg-gray-100\">\u00a0<br \/>\u00a0<\/span><\/div>\n<\/div>\n<\/div>\n<\/div>\n<\/div>\n<\/aside>\n<aside class=\"w-full\" data-nosnippet data-mrf-recirculation=\"article-river-stacked\">\n<div data-recirc-id=\"article-river-stacked-solr:latest-articletype\">\n<div class=\"text-white py-4 px-3 mb-4 bg-[#333] uppercase font-bold custom-header-styles\">Latest in News<\/div>\n<div class=\"grid grid-cols-1 gap-4 mt-4 mb-5\">\n<div>\n<div class=\"aspect-[var(--img-listing-aspect-ratio,16\/9)] relative mb-3.5\">\n    <source type=\"image\/webp\" srcset=\"https:\/\/cdn.mos.cms.futurecdn.net\/onxjykbjbXTp2YUWDDjnF3-840-80.jpg.webp 840w, https:\/\/cdn.mos.cms.futurecdn.net\/onxjykbjbXTp2YUWDDjnF3-650-80.jpg.webp 650w, https:\/\/cdn.mos.cms.futurecdn.net\/onxjykbjbXTp2YUWDDjnF3-500-80.jpg.webp 500w, https:\/\/cdn.mos.cms.futurecdn.net\/onxjykbjbXTp2YUWDDjnF3-450-80.jpg.webp 450w, https:\/\/cdn.mos.cms.futurecdn.net\/onxjykbjbXTp2YUWDDjnF3-320-80.jpg.webp 320w\" sizes=\"(min-width: 900px) 925px, (min-width: 700px) 450px, calc(100vw - 48px)\" \/><\/div>\n<p><span class=\"custom-subheading-styles\">Women&#8217;s Cycling<\/span><span class=\"text-base text-black font-bold mx-0 my-2.5 p-0 block custom-text-styles\">Lotte Kopecky pulls out of Tour of Britain Women<\/span><\/div>\n<div class=\"relative recirc-feed sponsored-card min-h-[250px]\" data-recirc-id=\"article-river-stacked-ads:native-cards\" data-mrf-recirculation=\"article-river-ads\" data-nosnippet data-ad-slot-path=\"feed-sponsored-post\" data-attribute-device=\"all\">\n<div class=\"max-w-full sponsored-post--placeholder animate-pulse\">\n<div class=\"relative!\"><span class=\"text-base text-black font-bold mx-0 my-2.5 p-0 block bg-gray-100\">\u00a0<br \/>\u00a0<\/span><\/div>\n<\/div>\n<\/div>\n<div>\n<div class=\"aspect-[var(--img-listing-aspect-ratio,16\/9)] relative mb-3.5\">\n    <source type=\"image\/webp\" srcset=\"https:\/\/cdn.mos.cms.futurecdn.net\/m3Jt9LNmhTEMRgsrgWE9vG-840-80.jpg.webp 840w, https:\/\/cdn.mos.cms.futurecdn.net\/m3Jt9LNmhTEMRgsrgWE9vG-650-80.jpg.webp 650w, https:\/\/cdn.mos.cms.futurecdn.net\/m3Jt9LNmhTEMRgsrgWE9vG-500-80.jpg.webp 500w, https:\/\/cdn.mos.cms.futurecdn.net\/m3Jt9LNmhTEMRgsrgWE9vG-450-80.jpg.webp 450w, https:\/\/cdn.mos.cms.futurecdn.net\/m3Jt9LNmhTEMRgsrgWE9vG-320-80.jpg.webp 320w\" sizes=\"(min-width: 900px) 925px, (min-width: 700px) 450px, calc(100vw - 48px)\" \/><\/div>\n<p><span class=\"custom-subheading-styles\">Teams &amp; Riders<\/span><span class=\"text-base text-black font-bold mx-0 my-2.5 p-0 block custom-text-styles\">&#8216;It only depends on my legs&#8217; \u2013 Jo\u00e3o Almeida eyes possible &#8216;Plan B&#8217; GC bid alongside teammate Tadej Poga\u010dar at Vuelta a Espa\u00f1a<\/span><\/div>\n<div class=\"relative recirc-feed sponsored-card min-h-[250px]\" data-recirc-id=\"article-river-stacked-ads:native-cards\" data-mrf-recirculation=\"article-river-ads\" data-nosnippet data-ad-slot-path=\"feed-sponsored-post\" data-attribute-device=\"all\">\n<div class=\"max-w-full sponsored-post--placeholder animate-pulse\">\n<div class=\"relative!\"><span class=\"text-base text-black font-bold mx-0 my-2.5 p-0 block bg-gray-100\">\u00a0<br \/>\u00a0<\/span><\/div>\n<\/div>\n<\/div>\n<div>\n<div class=\"aspect-[var(--img-listing-aspect-ratio,16\/9)] relative mb-3.5\">\n    <source type=\"image\/webp\" srcset=\"https:\/\/cdn.mos.cms.futurecdn.net\/preyXU8URFip5kJRmtcp5W-840-80.jpg.webp 840w, https:\/\/cdn.mos.cms.futurecdn.net\/preyXU8URFip5kJRmtcp5W-650-80.jpg.webp 650w, https:\/\/cdn.mos.cms.futurecdn.net\/preyXU8URFip5kJRmtcp5W-500-80.jpg.webp 500w, https:\/\/cdn.mos.cms.futurecdn.net\/preyXU8URFip5kJRmtcp5W-450-80.jpg.webp 450w, https:\/\/cdn.mos.cms.futurecdn.net\/preyXU8URFip5kJRmtcp5W-320-80.jpg.webp 320w\" sizes=\"(min-width: 900px) 925px, (min-width: 700px) 450px, calc(100vw - 48px)\" \/><\/div>\n<p><span class=\"custom-subheading-styles\">Teams &amp; Riders<\/span><span class=\"text-base text-black font-bold mx-0 my-2.5 p-0 block custom-text-styles\">Julian Alaphilippe has reportedly called an early end to his professional racing career<\/span><\/div>\n<div class=\"relative recirc-feed sponsored-card min-h-[250px]\" data-recirc-id=\"article-river-stacked-ads:native-cards\" data-mrf-recirculation=\"article-river-ads\" data-nosnippet data-ad-slot-path=\"feed-sponsored-post\" data-attribute-device=\"all\">\n<div class=\"max-w-full sponsored-post--placeholder animate-pulse\">\n<div class=\"relative!\"><span class=\"text-base text-black font-bold mx-0 my-2.5 p-0 block bg-gray-100\">\u00a0<br \/>\u00a0<\/span><\/div>\n<\/div>\n<\/div>\n<div>\n<div class=\"aspect-[var(--img-listing-aspect-ratio,16\/9)] relative mb-3.5\">\n    <source type=\"image\/webp\" srcset=\"https:\/\/cdn.mos.cms.futurecdn.net\/zVJvoGMBete8FgwMHc7JTE-840-80.jpg.webp 840w, https:\/\/cdn.mos.cms.futurecdn.net\/zVJvoGMBete8FgwMHc7JTE-650-80.jpg.webp 650w, https:\/\/cdn.mos.cms.futurecdn.net\/zVJvoGMBete8FgwMHc7JTE-500-80.jpg.webp 500w, https:\/\/cdn.mos.cms.futurecdn.net\/zVJvoGMBete8FgwMHc7JTE-450-80.jpg.webp 450w, https:\/\/cdn.mos.cms.futurecdn.net\/zVJvoGMBete8FgwMHc7JTE-320-80.jpg.webp 320w\" sizes=\"(min-width: 900px) 925px, (min-width: 700px) 450px, calc(100vw - 48px)\" \/><\/div>\n<p><span class=\"custom-subheading-styles\">Women&#8217;s Cycling<\/span><span class=\"text-base text-black font-bold mx-0 my-2.5 p-0 block custom-text-styles\">&#8216;A huge step-up and a lot to learn&#8217; \u2013 Kate Courtney swiftly adapting to WorldTour racing with FDJ United-Suez at the Tour of Britain Women<\/span><\/div>\n<div class=\"relative recirc-feed sponsored-card min-h-[250px]\" data-recirc-id=\"article-river-stacked-ads:native-cards\" data-mrf-recirculation=\"article-river-ads\" data-nosnippet data-ad-slot-path=\"feed-sponsored-post\" data-attribute-device=\"all\">\n<div class=\"max-w-full sponsored-post--placeholder animate-pulse\">\n<div class=\"relative!\"><span class=\"text-base text-black font-bold mx-0 my-2.5 p-0 block bg-gray-100\">\u00a0<br \/>\u00a0<\/span><\/div>\n<\/div>\n<\/div>\n<div>\n<div class=\"aspect-[var(--img-listing-aspect-ratio,16\/9)] relative mb-3.5\">\n    <source type=\"image\/webp\" srcset=\"https:\/\/cdn.mos.cms.futurecdn.net\/GM85ok5puyZs3Dy2CBdPdT-840-80.jpg.webp 840w, https:\/\/cdn.mos.cms.futurecdn.net\/GM85ok5puyZs3Dy2CBdPdT-650-80.jpg.webp 650w, https:\/\/cdn.mos.cms.futurecdn.net\/GM85ok5puyZs3Dy2CBdPdT-500-80.jpg.webp 500w, https:\/\/cdn.mos.cms.futurecdn.net\/GM85ok5puyZs3Dy2CBdPdT-450-80.jpg.webp 450w, https:\/\/cdn.mos.cms.futurecdn.net\/GM85ok5puyZs3Dy2CBdPdT-320-80.jpg.webp 320w\" sizes=\"(min-width: 900px) 925px, (min-width: 700px) 450px, calc(100vw - 48px)\" \/><\/div>\n<p><span class=\"custom-subheading-styles\">Women&#8217;s Cycling<\/span><span class=\"text-base text-black font-bold mx-0 my-2.5 p-0 block custom-text-styles\">&#8216;We can make quick decisions&#8217; &#8211; Megan Guarnier switches from driver&#8217;s seat to race bike to guide US women&#8217;s team at Philadelphia Cycling Classic<\/span><\/div>\n<div class=\"relative recirc-feed sponsored-card min-h-[250px]\" data-recirc-id=\"article-river-stacked-ads:native-cards\" data-mrf-recirculation=\"article-river-ads\" data-nosnippet data-ad-slot-path=\"feed-sponsored-post\" data-attribute-device=\"all\">\n<div class=\"max-w-full sponsored-post--placeholder animate-pulse\">\n<div class=\"relative!\"><span class=\"text-base text-black font-bold mx-0 my-2.5 p-0 block bg-gray-100\">\u00a0<br \/>\u00a0<\/span><\/div>\n<\/div>\n<\/div>\n<div>\n<div class=\"aspect-[var(--img-listing-aspect-ratio,16\/9)] relative mb-3.5\">\n    <source type=\"image\/webp\" srcset=\"https:\/\/cdn.mos.cms.futurecdn.net\/pUQ2PnASq6czdvMoqTQbcQ-840-80.jpg.webp 840w, https:\/\/cdn.mos.cms.futurecdn.net\/pUQ2PnASq6czdvMoqTQbcQ-650-80.jpg.webp 650w, https:\/\/cdn.mos.cms.futurecdn.net\/pUQ2PnASq6czdvMoqTQbcQ-500-80.jpg.webp 500w, https:\/\/cdn.mos.cms.futurecdn.net\/pUQ2PnASq6czdvMoqTQbcQ-450-80.jpg.webp 450w, https:\/\/cdn.mos.cms.futurecdn.net\/pUQ2PnASq6czdvMoqTQbcQ-320-80.jpg.webp 320w\" sizes=\"(min-width: 900px) 925px, (min-width: 700px) 450px, calc(100vw - 48px)\" \/><\/div>\n<p><span class=\"custom-subheading-styles\">Safety<\/span><span class=\"text-base text-black font-bold mx-0 my-2.5 p-0 block custom-text-styles\">&#8216;Cars from the general public coming at me from all directions&#8217; \u2013 Maeve Plouffe narrowly avoids being hit by driver at Tour of Britain Women<\/span><\/div>\n<div class=\"relative recirc-feed sponsored-card min-h-[250px]\" data-recirc-id=\"article-river-stacked-ads:native-cards\" data-mrf-recirculation=\"article-river-ads\" data-nosnippet data-ad-slot-path=\"feed-sponsored-post\" data-attribute-device=\"all\">\n<div class=\"max-w-full sponsored-post--placeholder animate-pulse\">\n<div class=\"relative!\"><span class=\"text-base text-black font-bold mx-0 my-2.5 p-0 block bg-gray-100\">\u00a0<br \/>\u00a0<\/span><\/div>\n<\/div>\n<\/div>\n<\/div>\n<\/div>\n<\/aside>\n<\/section>\n<\/div>\n<\/div>\n<\/div>\n<div id=\"widgetArea17\" class=\"widget-area md:basis-1\/3 widget-area-g-md-vp-1-3 widget-area-g-lg-vp-1-3 widget-area-g-xl-vp-1-3 page-widget-area-17\">\n<div data-widget-type=\"dynamic\" id=\"popular-data\" class=\"clear-both widget widget-dynamic widget-popular-data widget-dynamic-popular-data widget-dynamic-fter-popular-box\">\n<div class=\"wdn-fte-pb pos-relative space-t20\n\"><\/p>\n<div class=\"slice-container popular-box-slice\">\n<section class=\"popular-box\" data-component-name=\"Slice:PopularBox\">\n<div class=\"popular-box__label\">\n<div class=\"popular-box__label__tab popular-box__label__tab--active\" role=\"heading\">\nLATEST ARTICLES\n<\/div>\n<\/div>\n<ol class=\"popular-box__articles-list popular-box__articles-list--active\">\n<li class=\"popular-box__article-list\">\n<div class=\"popular-box__article-list__container\">\n<div class=\"popular-box__article-list__image-wrapper\">\n<div>\n<source type=\"image\/webp\" srcset=\"https:\/\/cdn.mos.cms.futurecdn.net\/onxjykbjbXTp2YUWDDjnF3-1280-80.jpg.webp 1280w, https:\/\/cdn.mos.cms.futurecdn.net\/onxjykbjbXTp2YUWDDjnF3-720-80.jpg.webp 720w, https:\/\/cdn.mos.cms.futurecdn.net\/onxjykbjbXTp2YUWDDjnF3-640-80.jpg.webp 640w, https:\/\/cdn.mos.cms.futurecdn.net\/onxjykbjbXTp2YUWDDjnF3-320-80.jpg.webp 320w\" sizes=\"99vw\" \/><\/div>\n<\/div>\n<div class=\"popular-box__article-list__content\">\n<div class=\"popular-box__article-list__number-text\">1<\/div>\n<div class=\"popular-box__article-list__heading\">\n<p>Lotte Kopecky pulls out of Tour of Britain Women<\/p>\n<\/div>\n<\/div>\n<\/div>\n<\/li>\n<li class=\"popular-box__article-list\">\n<div class=\"popular-box__article-list__container\">\n<div class=\"popular-box__article-list__content\">\n<div class=\"popular-box__article-list__number-text\">2<\/div>\n<div class=\"popular-box__article-list__heading\">\n<p>&#8216;It only depends on my legs&#8217; \u2013 Jo\u00e3o Almeida eyes possible &#8216;Plan B&#8217; GC bid alongside teammate Tadej Poga\u010dar at Vuelta a Espa\u00f1a<\/p>\n<\/div>\n<\/div>\n<\/div>\n<\/li>\n<li class=\"popular-box__article-list\">\n<div class=\"popular-box__article-list__container\">\n<div class=\"popular-box__article-list__content\">\n<div class=\"popular-box__article-list__number-text\">3<\/div>\n<div class=\"popular-box__article-list__heading\">\n<p>&#8216;I haven&#8217;t even enjoyed any training this year, it&#8217;s been that bad&#8217; &#8211; Mikel Landa in survival mode at the Vuelta a Espa\u00f1a.<\/p>\n<\/div>\n<\/div>\n<\/div>\n<\/li>\n<li class=\"popular-box__article-list\">\n<div class=\"popular-box__article-list__container\">\n<div class=\"popular-box__article-list__content\">\n<div class=\"popular-box__article-list__number-text\">4<\/div>\n<div class=\"popular-box__article-list__heading\">\n<p>Julian Alaphilippe has reportedly called an early end to his professional racing career<\/p>\n<\/div>\n<\/div>\n<\/div>\n<\/li>\n<li class=\"popular-box__article-list\">\n<div class=\"popular-box__article-list__container\">\n<div class=\"popular-box__article-list__content\">\n<div class=\"popular-box__article-list__number-text\">5<\/div>\n<div class=\"popular-box__article-list__heading\">\n<p>&#8216;A huge step-up and a lot to learn&#8217; \u2013 Kate Courtney swiftly adapting to WorldTour racing with FDJ United-Suez at the Tour of Britain Women<\/p>\n<\/div>\n<\/div>\n<\/div>\n<\/li>\n<\/ol>\n<\/section>\n<\/div>\n<\/div>\n<\/div>\n<\/div>\n<\/div>\n<\/article>\n<article class=\"page-content-onecol flex-1\nnews-article article\n\"><\/p>\n<div class=\"widget-area-group widget-area-group-2col flex flex-wrap box-border\">\n<div id=\"widgetArea16\" class=\"widget-area basis-full md:basis-2\/3 widget-area-g-md-vp-2-3 widget-area-g-lg-vp-2-3 widget-area-g-xl-vp-2-3 page-widget-area-16\">\n<div data-widget-type=\"hero\" id=\"hero\" class=\"clear-both widget widget-hero widget-hero widget-hero-hero widget-hero widget-hero-fter-news\">\n<div class=\"news-article\">\n<header data-component-name=\"Article:Hero\">\n<nav class=\"breadcrumb\" aria-label=\"Breadcrumbs\">\n<ol>\n<li>\nPro Cycling\n<\/li>\n<li>\nTeams &amp; Riders\n<\/li>\n<\/ol>\n<\/nav>\n<h1>&#8216;I haven&#8217;t even enjoyed any training this year, it&#8217;s been that bad&#8217; &#8211; Mikel Landa in survival mode at the Vuelta a Espa\u00f1a.<\/h1>\n<div class=\"byline-social\">\n<div class=\"vds-byline-block flex flex-row flex-nowrap my-1.5 gap-2 text-left items-start justify-start\" data-component-name=\"Article:BylineBlock\">\n<p>News<\/p>\n<div class=\"my-auto vds-simple-byline\"><span class=\"inline-block vds-author\"><br \/>\nBy<br \/>\nAlasdair Fotheringham <\/span><\/p>\n<div class=\"flex gap-1 vds-byline-with-avatar__meta\"><span class=\"vds-date block font-normal tracking-normal normal-case text-xs\"><br \/>\nPublished<br \/>\n<time data-component-name=\"UI:DateTime\" datetime=\"2026-08-21T09:12:44Z\" class=\"relative-date\"><br \/>\n21 August 2026<br \/>\n<\/time><\/span><\/div>\n<\/div>\n<\/div>\n<p class=\"strapline\">36-year-old still recovering from a broken pelvis after a crash during Itzulia Basque Country<\/p>\n<\/div>\n<aside class=\"text-gray-700 flex items-center mx-0 my-5 p-0 justify-start text-left\" id=\"affiliate-disclaimer\" data-component-name=\"AffiliateDisclaimer\" data-hawk-message=\"Affiliate disclaimer removed because hawk deemed there are no affiliate links on this page\">\n<p class=\"text-[color:var(--affiliate-disclaimer--text-color,inherit)] mb-2 text-[length:var(--affiliate-disclaimer--font-size,0.75rem)] leading-[18px] md:text-[13px] [&amp;&gt;a]:text-inherit [&amp;&gt;a]:underline\">\nWhen you purchase through links on our site, we may earn an affiliate commission. Here\u2019s how it works.\n<\/p>\n<\/aside>\n<\/header>\n<\/div>\n<\/div>\n<div data-widget-type=\"contentparsed\" id=\"content\" class=\"clear-both widget widget-contentparsed widget-content widget-contentparsed-content widget-content-parsed widget-content-parsed-content_document \">\n<div class=\"wcp-item-content\">\n<section class=\"content-wrapper\">\n<div class=\"box less-space hero-image-wrapper\">\n<figure class=\"mb-0\">\n<source type=\"image\/webp\" srcset=\"https:\/\/cdn.mos.cms.futurecdn.net\/qrT26Xteho8U5gshkKC8f9-1024-80.jpg.webp 1920w, https:\/\/cdn.mos.cms.futurecdn.net\/qrT26Xteho8U5gshkKC8f9-1024-80.jpg.webp 1600w, https:\/\/cdn.mos.cms.futurecdn.net\/qrT26Xteho8U5gshkKC8f9-1024-80.jpg.webp 1200w, https:\/\/cdn.mos.cms.futurecdn.net\/qrT26Xteho8U5gshkKC8f9-1024-80.jpg.webp 1024w, https:\/\/cdn.mos.cms.futurecdn.net\/qrT26Xteho8U5gshkKC8f9-970-80.jpg.webp 970w, https:\/\/cdn.mos.cms.futurecdn.net\/qrT26Xteho8U5gshkKC8f9-750-80.jpg.webp 750w, https:\/\/cdn.mos.cms.futurecdn.net\/qrT26Xteho8U5gshkKC8f9-650-80.jpg.webp 650w, https:\/\/cdn.mos.cms.futurecdn.net\/qrT26Xteho8U5gshkKC8f9-480-80.jpg.webp 480w, https:\/\/cdn.mos.cms.futurecdn.net\/qrT26Xteho8U5gshkKC8f9-320-80.jpg.webp 320w\" sizes=\"(min-width: 1000px) 600px, 100vw\" \/><figcaption class=\"font-article-copy text-(--image--text--color) font-article-copy mt-2\"><span class=\"caption-text font-article-copy\">Mikel Landa continues to suffer after breaking his pelvis at Itzulia Basque Country<\/span><span class=\"credit font-article-copy\">(Image credit: Getty Images)<\/span><\/figcaption><\/figure>\n<\/div>\n<div id=\"article-body\" class=\"text-copy bodyCopy auto paywall-locker\">\n<div data-analytics-id=\"utility-bar\" id=\"utility-bar\" class=\"font-ui-heading flex justify-between items-center py-2 border-t border-b border-gray-300 border-solid mb-5 mx-auto\" data-component-name=\"UtilityBar\" data-mrf-recirculation=\"utility-bar\">\n<div class=\"flex gap-2 text-[#333] subcontainer\">\n<div class=\"relative tooltip-container\" role=\"tooltip\">\n<div data-component-name=\"Social:Dropdown\" role=\"menu\" id=\"utilitybar__dropdown--share\" aria-labelledby=\"utilitybar__button--share\" class=\"absolute left-0 top-full w-44 bg-white rounded-md shadow-md border border-neutral-200 z-[9996] list-none m-0 py-2 px-3 border-solid\">\n<ul class=\"m-0!\">\n<li class=\"!p-0 !m-0 list-none border-b border-gray-200 border-solid\">\n<li class=\"!p-0 !m-0 list-none border-b border-gray-200 border-solid\">\n<p>Facebook<\/p>\n<\/li>\n<li class=\"!p-0 !m-0 list-none border-b border-gray-200 border-solid\">\n<p>X<\/p>\n<\/li>\n<li class=\"!p-0 !m-0 list-none border-b border-gray-200 border-solid\">\n<p>Pinterest<\/p>\n<\/li>\n<li class=\"!p-0 !m-0 list-none border-b border-gray-200 border-solid\">\n<p>Email<\/p>\n<\/li>\n<\/ul>\n<\/div>\n<div class=\"font-ui-heading max-sm:hidden tooltip absolute left-1\/2 bg-gray-900 text-white text-xs leading-none px-3 py-1.5 rounded-md z-[10001] whitespace-nowrap\" id=\"tooltip-share-this-article\" role=\"tooltip\" aria-hidden=\"true\">\nShare this article\n<\/div>\n<\/div>\n<div class=\"relative tooltip-container\" role=\"tooltip\"><span class=\"ml-1 inline-flex h-5 px-2 shrink-0 items-center justify-center self-center overflow-hidden whitespace-nowrap rounded-[10px] bg-primary-500 text-[11px] leading-none font-ui-heading font-semibold text-white\">0<\/span><\/p>\n<div class=\"font-ui-heading max-sm:hidden tooltip absolute left-1\/2 bg-gray-900 text-white text-xs leading-none px-3 py-1.5 rounded-md z-[10001] whitespace-nowrap\" id=\"tooltip-join-the-conversation\" role=\"tooltip\" aria-hidden=\"true\">\nJoin the conversation\n<\/div>\n<\/div>\n<\/div>\n<div class=\"flex gap-2 text-[#333] subcontainer\">\n<div class=\"relative tooltip-container\" role=\"tooltip\">\n<p>Follow us<\/p>\n<div class=\"font-ui-heading max-sm:hidden tooltip absolute left-1\/2 bg-gray-900 text-white text-xs leading-none px-3 py-1.5 rounded-md z-[10001] whitespace-nowrap\" id=\"tooltip-add-us-as-a-preferred-source-on-google\" role=\"tooltip\" aria-hidden=\"true\">\nAdd us as a preferred source on Google\n<\/div>\n<\/div>\n<div class=\"relative tooltip-container\" role=\"tooltip\">\n<div class=\"font-ui-heading max-sm:hidden tooltip absolute left-1\/2 bg-gray-900 text-white text-xs leading-none px-3 py-1.5 rounded-md z-[10001] whitespace-nowrap\" id=\"tooltip-subscribe-to-our-newsletter\" role=\"tooltip\" aria-hidden=\"true\">\nSubscribe to our newsletter\n<\/div>\n<\/div>\n<\/div>\n<\/div>\n<p id=\"elk-a99ce20a-9cd3-11f1-b1cb-a35ead965f22\">11 years ago, Mikel Landa rode what was defined at the time as the &#8216;hardest stage ever of the Vuelta a Espa\u00f1a&#8217; through Andorra over more than 5,000 vertical metres &#8211; and ended up winning.<\/p>\n<p>This time round, when the Vuelta reaches Andorra on stage 4 and once again tackles a non-stop series of climbs, Landa&#8217;s in a very different place.<\/p>\n<p id=\"elk-a99ce20a-9cd3-11f1-b1cb-a35ead965f22-2\" aria-hidden=\"true\" class=\"kiosq-b\">&#8220;I&#8217;ll be fighting to survive through the first week and then I&#8217;ll see what I can do,&#8221; Landa told reporters at the Place Grimaldi press centre.<\/p>\n<div class=\"my-6 w-full overflow-hidden rounded-[10px] lg:my-8\" data-component-name=\"JwPlayer:Carousel\" data-jwp-carousel data-jwp-carousel-payload=\"{&quot;ids&quot;:{&quot;playerID&quot;:&quot;jYDCcabO&quot;,&quot;searchPlaylistID&quot;:&quot;gwjdoYHD&quot;,&quot;divID&quot;:&quot;botr_gwjdoYHD_jYDCcabO_div&quot;,&quot;fallbackPlaylistID&quot;:&quot;gwjdoYHD&quot;,&quot;fallbackDivID&quot;:&quot;botr_gwjdoYHD_jYDCcabO_div&quot;,&quot;key&quot;:&quot;X9\/mXVGac0NphghLH9hZaqWA5d3dhAM\/Ih07grnEyMLjuO2E&quot;,&quot;tintLogo&quot;:true,&quot;useSearchPlaylist&quot;:false,&quot;enabled&quot;:true},&quot;signPostingEnabled&quot;:true,&quot;signPostingLinkEnabled&quot;:true,&quot;waitForAdLoad&quot;:false,&quot;hidePlayerOnDesktop&quot;:false,&quot;hidePlayerOnMobile&quot;:false,&quot;hidePlayerOnTablet&quot;:false}\">\n<div class=\"flex flex-nowrap items-center justify-between gap-3 bg-zinc-900 px-[14px] py-3\" data-jwp-carousel-header>\n<div class=\"flex min-w-0 shrink items-center\"><span class=\"inline-flex items-center gap-1.5 text-sm font-article-heading capitalize leading-5 text-white whitespace-nowrap\"><span class=\"jwp-carousel-title-desktop\">Latest Videos From<\/span><span class=\"jwp-carousel-brand\">Cyclingnews<\/span><\/span><\/div>\n<\/div>\n<div class=\"min-h-[44px] bg-zinc-900 px-[14px] py-3\" data-jwp-carousel-signposting><a class=\"invisible block truncate text-sm font-bold leading-5 text-white underline decoration-solid underline-offset-2\" data-jwp-carousel-signposting-link href target=\"_blank\" rel=\"noopener noreferrer\"><span data-jwp-carousel-signposting-title>Watch full video here: <\/span><\/a><\/div>\n<\/div>\n<p aria-hidden=\"true\" class=\"kiosq-b\">&#8220;This is the most uncertain Vuelta of my career, I&#8217;ve had a bad year, I&#8217;m on the bounceback from a very difficult injury and I&#8217;m certainly not at 100%.&#8221;<\/p>\n<p aria-hidden=\"true\" class=\"kiosq-b\">&#8220;I&#8217;ll try and ride my way into form, but it&#8217;ll be hard.&#8221;<\/p>\n<aside data-component-name=\"Recirculation:ArticleRiver\" data-recirculation-type=\"inline\" data-mrf-recirculation=\"Trending Bar\" data-nosnippet class=\"clear-both pt-2 pb-0 mb-4\"><span class=\"\n            flex\n            after:content-[&apos;&apos;] after:flex-1 after:ml-4 after:my-[0.7rem] after:border-t after:border-solid after:border-t-[#ccc]\n            before:content-[&apos;&apos;] before:flex-1 before:mr-4 before:my-[0.7rem] before:border-t before:border-solid before:border-t-[#ccc]\n            font-article-heading pb-0 text-[length:var(--article-river-title--font-size,1em)] uppercase sm:text-[length:var(--article-river-title--font-size,0.875em)] font-bold\n        \"><br \/>\n            You may like<br \/>\n        <\/span><\/p>\n<ul class=\"flex flex-col gap-0 m-0 max-w-full\">\n<li class=\"m-0 list-none border-b border-solid border-[#ededed] py-2\" data-recirculation-id=\"recirculation-card-1\" id=\"recirculation-inline-1\" data-analytics-id=\"recirculation-inline-1\" data-mrf-recirculation=\"recirculation-inline-1\">\n    <source type=\"image\/webp\" srcset=\"https:\/\/cdn.mos.cms.futurecdn.net\/YvLurAtwGrsupwv3CVbzQM-250-80.jpg.webp 250w, https:\/\/cdn.mos.cms.futurecdn.net\/YvLurAtwGrsupwv3CVbzQM-150-80.jpg.webp 150w\" sizes=\"150px\" \/><span class=\"w-full text-base font-[var(--article-river-item--font-weight,500)] font-article-heading line-clamp-3 md:line-clamp-2\">&#8216;Just putting my socks on these last three weeks was the hardest&#8217; &#8211; Primo\u017e Rogli\u010d reveals scale of post-crash injuries and challenge to reach Vuelta a Espa\u00f1a startline<\/span><\/li>\n<li class=\"m-0 list-none border-b border-solid border-[#ededed] py-2\" data-recirculation-id=\"recirculation-card-2\" id=\"recirculation-inline-2\" data-analytics-id=\"recirculation-inline-2\" data-mrf-recirculation=\"recirculation-inline-2\">\n    <source type=\"image\/webp\" srcset=\"https:\/\/cdn.mos.cms.futurecdn.net\/eKvy38GXi38WztdxeaKTs8-250-80.jpg.webp 250w, https:\/\/cdn.mos.cms.futurecdn.net\/eKvy38GXi38WztdxeaKTs8-150-80.jpg.webp 150w\" sizes=\"150px\" \/><span class=\"w-full text-base font-[var(--article-river-item--font-weight,500)] font-article-heading line-clamp-3 md:line-clamp-2\">&#8216;We&#8217;ve had a lot of setbacks this year, starting with me&#8217; &#8211; non-conformist Richard Carapaz determined to fight for Vuelta a Espa\u00f1a GC despite injuries blighting EF Education-EasyPost lineup<\/span><\/li>\n<li class=\"m-0 list-none border-b border-solid border-[#ccc] py-2\" data-recirculation-id=\"recirculation-card-3\" id=\"recirculation-inline-3\" data-analytics-id=\"recirculation-inline-3\" data-mrf-recirculation=\"recirculation-inline-3\">\n    <source type=\"image\/webp\" srcset=\"https:\/\/cdn.mos.cms.futurecdn.net\/BA34nJiPUVCN2EN7yKmEC7-250-80.jpg.webp 250w, https:\/\/cdn.mos.cms.futurecdn.net\/BA34nJiPUVCN2EN7yKmEC7-150-80.jpg.webp 150w\" sizes=\"150px\" \/><span class=\"w-full text-base font-[var(--article-river-item--font-weight,500)] font-article-heading line-clamp-3 md:line-clamp-2\">Primo\u017e Rogli\u010d expected to race the Vuelta a Espa\u00f1a but with no GC ambitions<\/span><\/li>\n<\/ul>\n<\/aside>\n<p aria-hidden=\"true\" class=\"kiosq-b\">On the point of ending his time at Soudal-QuickStep, where he managed to finish fifth in the 2024 Tour de France and was viewed as a key mountain lieutenant for Remco Evenepoel, Landa&#8217;s bad crash in the Itzulia, breaking his pelvis, left him out of the count for the Tour this summer.<\/p>\n<p aria-hidden=\"true\" class=\"kiosq-b\">Instead, as he concludes the 16th season of his career at WorldTour level, Landa says he was determined to go to the Vuelta &#8211; &#8220;it would have been even worse if I hadn&#8217;t&#8221; &#8211; but he is painfully realistic about his options.<\/p>\n<div id=\"slice-container-newsletterForm-articleInbodyContent-MqV2h8f8gLMNNvhGe9BBCY\" class=\"slice-container newsletter-inbodyContent-slice newsletterForm-articleInbodyContent-MqV2h8f8gLMNNvhGe9BBCY slice-container-newsletterForm\">\n<div data-hydrate=\"true\" class=\"newsletter-form__wrapper newsletter-form__wrapper--inbodyContent\">\n<div class=\"newsletter-form__container\">\n<section class=\"newsletter-form__top-bar\">\n<div class=\"newsletter-form__header\">Get The Leadout Newsletter<\/div>\n<\/section>\n<section class=\"newsletter-form__main-section\">\n<p class=\"newsletter-form__strapline\">The latest race content, interviews, features, reviews and expert buying guides, direct to your inbox!<\/p>\n<footer class=\"newsletter-form__footer \">By submitting your information you agree to the Terms &amp; Conditions and Privacy Policy and are aged 16 or over.<\/footer>\n<\/section>\n<\/div>\n<\/div>\n<\/div>\n<p aria-hidden=\"true\" class=\"kiosq-b\">&#8220;I&#8217;m just not in good shape, but there is no other option,&#8221; Landa, part of a lineup which also includes mountain climber Valentin Paret-Peintre, told reporters.<\/p>\n<p aria-hidden=\"true\" class=\"kiosq-b\">&#8220;I&#8217;m racing without pressure, the team knows how I&#8217;m doing and so do I. I&#8217;ll give it my best, it&#8217;d be worse not to race the Vuelta. Hopefully I can enjoy at least one day.<\/p>\n<p aria-hidden=\"true\" class=\"kiosq-b\">&#8220;I haven&#8217;t even enjoyed any training this year, it&#8217;s been that bad. But I have to be optimistic, above all coming as I do from such a bad situation.&#8221;<\/p>\n<p aria-hidden=\"true\" class=\"kiosq-b\">Landa has signed with his local Proteam, Euskaltel-Euskadi &#8211; the squad with which he began life as a pro back in 2012, albeit in a very different structure &#8211; for the next two years. The squad wasn&#8217;t chosen for the Vuelta or any Grand Tour this year, but he&#8217;s not ruling out racing a three-week race again in the future.<\/p>\n<p aria-hidden=\"true\" class=\"kiosq-b\">&#8220;I hope that this won&#8217;t be the last,&#8221; Landa, twice third in the Giro d&#8217;Italia and twice fourth in the Tour de France, said. &#8220;I&#8217;d like to be back here again.&#8221;<\/p>\n<p id=\"elk-a99ce30e-9cd3-11f1-930e-0dff1245d58c\" aria-hidden=\"true\" class=\"kiosq-b\"><strong>For unbeatable coverage across road, gravel and tech, subscribe to Cyclingnews. You&#8217;ll get comprehensive race coverage of La Vuelta a Espa\u00f1a, subscriber-exclusive analysis from our expert columnists, in-depth features and industry-leading tech insight. Plus, the Cyclingnews app lets you follow the action wherever you go! <\/strong><u><strong>Join today.<\/strong><\/u><\/p>\n<\/div>\n<div id=\"slice-container-authorBio-MqV2h8f8gLMNNvhGe9BBCY\" class=\"slice-container slice-author-bio authorBio-MqV2h8f8gLMNNvhGe9BBCY slice-container-authorBio\">\n<div class=\"author author__default-layout author--separator author--collapsible\" data-hydrate=\"true\">\n<div class=\"author__header\">\n<div class=\"author__avatar-block\">\n<figure class=\"image-wrapped__wrapper\" data-bordeaux-image-check=\"false\">\n<div class=\"image-wrapped__widthsetter\">\n<div class=\"image-wrapped__aspect-padding\">\n<div><source class=\"author__avatar image-wrapped__image image__image\" type=\"image\/webp\" srcset=\"https:\/\/cdn.mos.cms.futurecdn.net\/5QLhaPay9asJvmaNsCjFVZ-140-80.jpg.webp 140w\" sizes=\"99vw\" data-normal=\"https:\/\/cdn.mos.cms.futurecdn.net\/5QLhaPay9asJvmaNsCjFVZ.jpg\" data-original-mos=\"https:\/\/cdn.mos.cms.futurecdn.net\/5QLhaPay9asJvmaNsCjFVZ.jpg\" data-pin-media=\"https:\/\/cdn.mos.cms.futurecdn.net\/5QLhaPay9asJvmaNsCjFVZ.jpg\" data-pin-nopin=\"true\" data-slice-image=\"true\" \/><\/div>\n<\/div>\n<\/div>\n<\/figure>\n<\/div>\n<div class=\"author__heading\">\n<div class=\"author__name\">Alasdair Fotheringham<\/div>\n<div class=\"author__social\">\n<nav class=\"button-social-group author__social-buttons\" aria-labelledby=\"button-social-group- author__social-buttons\">\n<div id=\"button-social-group- author__social-buttons\">Social Links Navigation<\/div>\n<\/nav>\n<\/div>\n<\/div>\n<\/div>\n<div class=\"author__bio-wrapper\">\n<div class=\"author__biography\">\n<p>Alasdair Fotheringham has been reporting on cycling since 1991. He has covered every Tour de France since 1992 bar one, as well as numerous other bike races of all shapes and sizes, ranging from the Olympic Games in 2008 to the now sadly defunct Subida a Urkiola hill climb in Spain. As well as working for <em>Cyclingnews<\/em>, he has also written for <em>The Independent<\/em>,\u00a0 <em>The Guardian<\/em>,\u00a0 <em>ProCycling<\/em>, <em>The Express<\/em> and <em>Reuters<\/em>.<\/p>\n<\/div>\n<\/div>\n<\/div>\n<\/div>\n<\/section>\n<div class=\"relative max-w-[1070px] viafoura-twig-component mt-6 mx-4 lg:mx-0\" data-component-name=\"Viafoura:Comments\" data-nosnippet data-community-guidelines-text=\"&lt;p class=&apos;vfcustom-community-guidelines&apos;&gt;Please follow our &lt;a href=&quot;https:\/\/www.cyclingnews.com\/about\/#section-community-guidelines&quot; target=&quot;_blank&quot;&gt;community guidelines&lt;\/a&gt;.&lt;\/p&gt;\" data-join-the-conversation-text=\"Join the Conversation\">\n<div class=\"absolute top-0 left-0 w-full h-full flex items-center justify-center z-50 bg-white\/90 border-1 rounded-b-[var(--comment-widget-border-radius,0)]\">\n<div class=\"p-2 text-center\">\n<p class=\"mb-3 text-lg!\">You must confirm your public display name before commenting<\/p>\n<p class=\"mb-3 text-sm!\">Please logout and then login again, you will then be prompted to enter your display name.<\/p>\n<\/div>\n<\/div>\n<\/div>\n<section class=\"mx-2 my-5 sm:mx-0\">\n<aside class=\"w-full\" data-nosnippet data-mrf-recirculation=\"article-river-stacked\">\n<div data-recirc-id=\"article-river-stacked-adviser:hybrid\">\n<div class=\"text-white py-4 px-3 mb-4 bg-[#333] uppercase font-bold custom-header-styles\">Read more<\/div>\n<div class=\"grid grid-cols-1 gap-4 mt-4 mb-5\">\n<div>\n<div class=\"aspect-[var(--img-listing-aspect-ratio,16\/9)] relative mb-3.5\">\n    <source type=\"image\/webp\" srcset=\"https:\/\/cdn.mos.cms.futurecdn.net\/YvLurAtwGrsupwv3CVbzQM-840-80.jpg.webp 840w, https:\/\/cdn.mos.cms.futurecdn.net\/YvLurAtwGrsupwv3CVbzQM-650-80.jpg.webp 650w, https:\/\/cdn.mos.cms.futurecdn.net\/YvLurAtwGrsupwv3CVbzQM-500-80.jpg.webp 500w, https:\/\/cdn.mos.cms.futurecdn.net\/YvLurAtwGrsupwv3CVbzQM-450-80.jpg.webp 450w, https:\/\/cdn.mos.cms.futurecdn.net\/YvLurAtwGrsupwv3CVbzQM-320-80.jpg.webp 320w\" sizes=\"(min-width: 900px) 925px, (min-width: 700px) 450px, calc(100vw - 48px)\" \/><\/div>\n<p><span class=\"custom-subheading-styles\">Teams &amp; Riders<\/span><span class=\"text-base text-black font-bold mx-0 my-2.5 p-0 block custom-text-styles\">&#8216;Just putting my socks on these last three weeks was the hardest&#8217; &#8211; Primo\u017e Rogli\u010d reveals scale of post-crash injuries and challenge to reach Vuelta a Espa\u00f1a startline<\/span><\/div>\n<div class=\"relative recirc-feed sponsored-card min-h-[250px]\" data-recirc-id=\"article-river-stacked-ads:native-cards\" data-mrf-recirculation=\"article-river-ads\" data-nosnippet data-ad-slot-path=\"feed-sponsored-post\" data-attribute-device=\"all\">\n<div class=\"max-w-full sponsored-post--placeholder animate-pulse\">\n<div class=\"relative!\"><span class=\"text-base text-black font-bold mx-0 my-2.5 p-0 block bg-gray-100\">\u00a0<br \/>\u00a0<\/span><\/div>\n<\/div>\n<\/div>\n<div>\n<div class=\"aspect-[var(--img-listing-aspect-ratio,16\/9)] relative mb-3.5\">\n    <source type=\"image\/webp\" srcset=\"https:\/\/cdn.mos.cms.futurecdn.net\/eKvy38GXi38WztdxeaKTs8-840-80.jpg.webp 840w, https:\/\/cdn.mos.cms.futurecdn.net\/eKvy38GXi38WztdxeaKTs8-650-80.jpg.webp 650w, https:\/\/cdn.mos.cms.futurecdn.net\/eKvy38GXi38WztdxeaKTs8-500-80.jpg.webp 500w, https:\/\/cdn.mos.cms.futurecdn.net\/eKvy38GXi38WztdxeaKTs8-450-80.jpg.webp 450w, https:\/\/cdn.mos.cms.futurecdn.net\/eKvy38GXi38WztdxeaKTs8-320-80.jpg.webp 320w\" sizes=\"(min-width: 900px) 925px, (min-width: 700px) 450px, calc(100vw - 48px)\" \/><\/div>\n<p><span class=\"custom-subheading-styles\">Teams &amp; Riders<\/span><span class=\"text-base text-black font-bold mx-0 my-2.5 p-0 block custom-text-styles\">&#8216;We&#8217;ve had a lot of setbacks this year, starting with me&#8217; &#8211; non-conformist Richard Carapaz determined to fight for Vuelta a Espa\u00f1a GC despite injuries blighting EF Education-EasyPost lineup<\/span><\/div>\n<div class=\"relative recirc-feed sponsored-card min-h-[250px]\" data-recirc-id=\"article-river-stacked-ads:native-cards\" data-mrf-recirculation=\"article-river-ads\" data-nosnippet data-ad-slot-path=\"feed-sponsored-post\" data-attribute-device=\"all\">\n<div class=\"max-w-full sponsored-post--placeholder animate-pulse\">\n<div class=\"relative!\"><span class=\"text-base text-black font-bold mx-0 my-2.5 p-0 block bg-gray-100\">\u00a0<br \/>\u00a0<\/span><\/div>\n<\/div>\n<\/div>\n<div>\n<div class=\"aspect-[var(--img-listing-aspect-ratio,16\/9)] relative mb-3.5\">\n    <source type=\"image\/webp\" srcset=\"https:\/\/cdn.mos.cms.futurecdn.net\/BA34nJiPUVCN2EN7yKmEC7-840-80.jpg.webp 840w, https:\/\/cdn.mos.cms.futurecdn.net\/BA34nJiPUVCN2EN7yKmEC7-650-80.jpg.webp 650w, https:\/\/cdn.mos.cms.futurecdn.net\/BA34nJiPUVCN2EN7yKmEC7-500-80.jpg.webp 500w, https:\/\/cdn.mos.cms.futurecdn.net\/BA34nJiPUVCN2EN7yKmEC7-450-80.jpg.webp 450w, https:\/\/cdn.mos.cms.futurecdn.net\/BA34nJiPUVCN2EN7yKmEC7-320-80.jpg.webp 320w\" sizes=\"(min-width: 900px) 925px, (min-width: 700px) 450px, calc(100vw - 48px)\" \/><\/div>\n<p><span class=\"custom-subheading-styles\">Racing<\/span><span class=\"text-base text-black font-bold mx-0 my-2.5 p-0 block custom-text-styles\">Primo\u017e Rogli\u010d expected to race the Vuelta a Espa\u00f1a but with no GC ambitions<\/span><\/div>\n<div class=\"relative recirc-feed sponsored-card min-h-[250px]\" data-recirc-id=\"article-river-stacked-ads:native-cards\" data-mrf-recirculation=\"article-river-ads\" data-nosnippet data-ad-slot-path=\"feed-sponsored-post\" data-attribute-device=\"all\">\n<div class=\"max-w-full sponsored-post--placeholder animate-pulse\">\n<div class=\"relative!\"><span class=\"text-base text-black font-bold mx-0 my-2.5 p-0 block bg-gray-100\">\u00a0<br \/>\u00a0<\/span><\/div>\n<\/div>\n<\/div>\n<div>\n<div class=\"aspect-[var(--img-listing-aspect-ratio,16\/9)] relative mb-3.5\">\n    <source type=\"image\/webp\" srcset=\"https:\/\/cdn.mos.cms.futurecdn.net\/2fmbtXZ2fEd6EkmEtQgkd3-840-80.jpg.webp 840w, https:\/\/cdn.mos.cms.futurecdn.net\/2fmbtXZ2fEd6EkmEtQgkd3-650-80.jpg.webp 650w, https:\/\/cdn.mos.cms.futurecdn.net\/2fmbtXZ2fEd6EkmEtQgkd3-500-80.jpg.webp 500w, https:\/\/cdn.mos.cms.futurecdn.net\/2fmbtXZ2fEd6EkmEtQgkd3-450-80.jpg.webp 450w, https:\/\/cdn.mos.cms.futurecdn.net\/2fmbtXZ2fEd6EkmEtQgkd3-320-80.jpg.webp 320w\" sizes=\"(min-width: 900px) 925px, (min-width: 700px) 450px, calc(100vw - 48px)\" \/><\/div>\n<p><span class=\"custom-subheading-styles\">Racing<\/span><span class=\"text-base text-black font-bold mx-0 my-2.5 p-0 block custom-text-styles\">Unstoppable? The five biggest challenges that Tadej Poga\u010dar will face at this year&#8217;s Vuelta a Espa\u00f1a<\/span><\/div>\n<div class=\"relative recirc-feed sponsored-card min-h-[250px]\" data-recirc-id=\"article-river-stacked-ads:native-cards\" data-mrf-recirculation=\"article-river-ads\" data-nosnippet data-ad-slot-path=\"feed-sponsored-post\" data-attribute-device=\"all\">\n<div class=\"max-w-full sponsored-post--placeholder animate-pulse\">\n<div class=\"relative!\"><span class=\"text-base text-black font-bold mx-0 my-2.5 p-0 block bg-gray-100\">\u00a0<br \/>\u00a0<\/span><\/div>\n<\/div>\n<\/div>\n<div>\n<div class=\"aspect-[var(--img-listing-aspect-ratio,16\/9)] relative mb-3.5\">\n    <source type=\"image\/webp\" srcset=\"https:\/\/cdn.mos.cms.futurecdn.net\/r4EDHRKrKu3tRtpXMKgLsP-840-80.jpg.webp 840w, https:\/\/cdn.mos.cms.futurecdn.net\/r4EDHRKrKu3tRtpXMKgLsP-650-80.jpg.webp 650w, https:\/\/cdn.mos.cms.futurecdn.net\/r4EDHRKrKu3tRtpXMKgLsP-500-80.jpg.webp 500w, https:\/\/cdn.mos.cms.futurecdn.net\/r4EDHRKrKu3tRtpXMKgLsP-450-80.jpg.webp 450w, https:\/\/cdn.mos.cms.futurecdn.net\/r4EDHRKrKu3tRtpXMKgLsP-320-80.jpg.webp 320w\" sizes=\"(min-width: 900px) 925px, (min-width: 700px) 450px, calc(100vw - 48px)\" \/><\/div>\n<p><span class=\"custom-subheading-styles\">Teams &amp; Riders<\/span><span class=\"text-base text-black font-bold mx-0 my-2.5 p-0 block custom-text-styles\">&#8216;I need to race smart&#8217; &#8211; Tadej Poga\u010dar looking to complete the Grand Slam of Grand Tours in the Vuelta a Espa\u00f1a, while still looking ahead<\/span><\/div>\n<div class=\"relative recirc-feed sponsored-card min-h-[250px]\" data-recirc-id=\"article-river-stacked-ads:native-cards\" data-mrf-recirculation=\"article-river-ads\" data-nosnippet data-ad-slot-path=\"feed-sponsored-post\" data-attribute-device=\"all\">\n<div class=\"max-w-full sponsored-post--placeholder animate-pulse\">\n<div class=\"relative!\"><span class=\"text-base text-black font-bold mx-0 my-2.5 p-0 block bg-gray-100\">\u00a0<br \/>\u00a0<\/span><\/div>\n<\/div>\n<\/div>\n<div>\n<div class=\"aspect-[var(--img-listing-aspect-ratio,16\/9)] relative mb-3.5\">\n    <source type=\"image\/webp\" srcset=\"https:\/\/cdn.mos.cms.futurecdn.net\/KEmuBRE5ZGwcHccS2swJnc-840-80.jpg.webp 840w, https:\/\/cdn.mos.cms.futurecdn.net\/KEmuBRE5ZGwcHccS2swJnc-650-80.jpg.webp 650w, https:\/\/cdn.mos.cms.futurecdn.net\/KEmuBRE5ZGwcHccS2swJnc-500-80.jpg.webp 500w, https:\/\/cdn.mos.cms.futurecdn.net\/KEmuBRE5ZGwcHccS2swJnc-450-80.jpg.webp 450w, https:\/\/cdn.mos.cms.futurecdn.net\/KEmuBRE5ZGwcHccS2swJnc-320-80.jpg.webp 320w\" sizes=\"(min-width: 900px) 925px, (min-width: 700px) 450px, calc(100vw - 48px)\" \/><\/div>\n<p><span class=\"custom-subheading-styles\">Transfers<\/span><span class=\"text-base text-black font-bold mx-0 my-2.5 p-0 block custom-text-styles\">\u2018Coming full circle\u2019 &#8211; Mikel Landa leaves Soudal-QuickStep and returns home to Euskaltel-Euskadi<\/span><\/div>\n<div class=\"relative recirc-feed sponsored-card min-h-[250px]\" data-recirc-id=\"article-river-stacked-ads:native-cards\" data-mrf-recirculation=\"article-river-ads\" data-nosnippet data-ad-slot-path=\"feed-sponsored-post\" data-attribute-device=\"all\">\n<div class=\"max-w-full sponsored-post--placeholder animate-pulse\">\n<div class=\"relative!\"><span class=\"text-base text-black font-bold mx-0 my-2.5 p-0 block bg-gray-100\">\u00a0<br \/>\u00a0<\/span><\/div>\n<\/div>\n<\/div>\n<\/div>\n<\/div>\n<\/aside>\n<aside class=\"w-full\" data-nosnippet data-mrf-recirculation=\"article-river-stacked\">\n<div data-recirc-id=\"article-river-stacked-solr:latest-category\">\n<div class=\"text-white py-4 px-3 mb-4 bg-[#333] uppercase font-bold custom-header-styles\">Latest in Teams &amp; Riders<\/div>\n<div class=\"grid grid-cols-1 gap-4 mt-4 mb-5\">\n<div>\n<div class=\"aspect-[var(--img-listing-aspect-ratio,16\/9)] relative mb-3.5\">\n    <source type=\"image\/webp\" srcset=\"https:\/\/cdn.mos.cms.futurecdn.net\/m3Jt9LNmhTEMRgsrgWE9vG-840-80.jpg.webp 840w, https:\/\/cdn.mos.cms.futurecdn.net\/m3Jt9LNmhTEMRgsrgWE9vG-650-80.jpg.webp 650w, https:\/\/cdn.mos.cms.futurecdn.net\/m3Jt9LNmhTEMRgsrgWE9vG-500-80.jpg.webp 500w, https:\/\/cdn.mos.cms.futurecdn.net\/m3Jt9LNmhTEMRgsrgWE9vG-450-80.jpg.webp 450w, https:\/\/cdn.mos.cms.futurecdn.net\/m3Jt9LNmhTEMRgsrgWE9vG-320-80.jpg.webp 320w\" sizes=\"(min-width: 900px) 925px, (min-width: 700px) 450px, calc(100vw - 48px)\" \/><\/div>\n<p><span class=\"custom-subheading-styles\">Teams &amp; Riders<\/span><span class=\"text-base text-black font-bold mx-0 my-2.5 p-0 block custom-text-styles\">&#8216;It only depends on my legs&#8217; \u2013 Jo\u00e3o Almeida eyes possible &#8216;Plan B&#8217; GC bid alongside teammate Tadej Poga\u010dar at Vuelta a Espa\u00f1a<\/span><\/div>\n<div class=\"relative recirc-feed sponsored-card min-h-[250px]\" data-recirc-id=\"article-river-stacked-ads:native-cards\" data-mrf-recirculation=\"article-river-ads\" data-nosnippet data-ad-slot-path=\"feed-sponsored-post\" data-attribute-device=\"all\">\n<div class=\"max-w-full sponsored-post--placeholder animate-pulse\">\n<div class=\"relative!\"><span class=\"text-base text-black font-bold mx-0 my-2.5 p-0 block bg-gray-100\">\u00a0<br \/>\u00a0<\/span><\/div>\n<\/div>\n<\/div>\n<div>\n<div class=\"aspect-[var(--img-listing-aspect-ratio,16\/9)] relative mb-3.5\">\n    <source type=\"image\/webp\" srcset=\"https:\/\/cdn.mos.cms.futurecdn.net\/preyXU8URFip5kJRmtcp5W-840-80.jpg.webp 840w, https:\/\/cdn.mos.cms.futurecdn.net\/preyXU8URFip5kJRmtcp5W-650-80.jpg.webp 650w, https:\/\/cdn.mos.cms.futurecdn.net\/preyXU8URFip5kJRmtcp5W-500-80.jpg.webp 500w, https:\/\/cdn.mos.cms.futurecdn.net\/preyXU8URFip5kJRmtcp5W-450-80.jpg.webp 450w, https:\/\/cdn.mos.cms.futurecdn.net\/preyXU8URFip5kJRmtcp5W-320-80.jpg.webp 320w\" sizes=\"(min-width: 900px) 925px, (min-width: 700px) 450px, calc(100vw - 48px)\" \/><\/div>\n<p><span class=\"custom-subheading-styles\">Teams &amp; Riders<\/span><span class=\"text-base text-black font-bold mx-0 my-2.5 p-0 block custom-text-styles\">Julian Alaphilippe has reportedly called an early end to his professional racing career<\/span><\/div>\n<div class=\"relative recirc-feed sponsored-card min-h-[250px]\" data-recirc-id=\"article-river-stacked-ads:native-cards\" data-mrf-recirculation=\"article-river-ads\" data-nosnippet data-ad-slot-path=\"feed-sponsored-post\" data-attribute-device=\"all\">\n<div class=\"max-w-full sponsored-post--placeholder animate-pulse\">\n<div class=\"relative!\"><span class=\"text-base text-black font-bold mx-0 my-2.5 p-0 block bg-gray-100\">\u00a0<br \/>\u00a0<\/span><\/div>\n<\/div>\n<\/div>\n<div>\n<div class=\"aspect-[var(--img-listing-aspect-ratio,16\/9)] relative mb-3.5\">\n    <source type=\"image\/webp\" srcset=\"https:\/\/cdn.mos.cms.futurecdn.net\/r4EDHRKrKu3tRtpXMKgLsP-840-80.jpg.webp 840w, https:\/\/cdn.mos.cms.futurecdn.net\/r4EDHRKrKu3tRtpXMKgLsP-650-80.jpg.webp 650w, https:\/\/cdn.mos.cms.futurecdn.net\/r4EDHRKrKu3tRtpXMKgLsP-500-80.jpg.webp 500w, https:\/\/cdn.mos.cms.futurecdn.net\/r4EDHRKrKu3tRtpXMKgLsP-450-80.jpg.webp 450w, https:\/\/cdn.mos.cms.futurecdn.net\/r4EDHRKrKu3tRtpXMKgLsP-320-80.jpg.webp 320w\" sizes=\"(min-width: 900px) 925px, (min-width: 700px) 450px, calc(100vw - 48px)\" \/><\/div>\n<p><span class=\"custom-subheading-styles\">Teams &amp; Riders<\/span><span class=\"text-base text-black font-bold mx-0 my-2.5 p-0 block custom-text-styles\">&#8216;I need to race smart&#8217; &#8211; Tadej Poga\u010dar looking to complete the Grand Slam of Grand Tours in the Vuelta a Espa\u00f1a, while still looking ahead<\/span><\/div>\n<div class=\"relative recirc-feed sponsored-card min-h-[250px]\" data-recirc-id=\"article-river-stacked-ads:native-cards\" data-mrf-recirculation=\"article-river-ads\" data-nosnippet data-ad-slot-path=\"feed-sponsored-post\" data-attribute-device=\"all\">\n<div class=\"max-w-full sponsored-post--placeholder animate-pulse\">\n<div class=\"relative!\"><span class=\"text-base text-black font-bold mx-0 my-2.5 p-0 block bg-gray-100\">\u00a0<br \/>\u00a0<\/span><\/div>\n<\/div>\n<\/div>\n<div>\n<div class=\"aspect-[var(--img-listing-aspect-ratio,16\/9)] relative mb-3.5\">\n    <source type=\"image\/webp\" srcset=\"https:\/\/cdn.mos.cms.futurecdn.net\/YvLurAtwGrsupwv3CVbzQM-840-80.jpg.webp 840w, https:\/\/cdn.mos.cms.futurecdn.net\/YvLurAtwGrsupwv3CVbzQM-650-80.jpg.webp 650w, https:\/\/cdn.mos.cms.futurecdn.net\/YvLurAtwGrsupwv3CVbzQM-500-80.jpg.webp 500w, https:\/\/cdn.mos.cms.futurecdn.net\/YvLurAtwGrsupwv3CVbzQM-450-80.jpg.webp 450w, https:\/\/cdn.mos.cms.futurecdn.net\/YvLurAtwGrsupwv3CVbzQM-320-80.jpg.webp 320w\" sizes=\"(min-width: 900px) 925px, (min-width: 700px) 450px, calc(100vw - 48px)\" \/><\/div>\n<p><span class=\"custom-subheading-styles\">Teams &amp; Riders<\/span><span class=\"text-base text-black font-bold mx-0 my-2.5 p-0 block custom-text-styles\">&#8216;Just putting my socks on these last three weeks was the hardest&#8217; &#8211; Primo\u017e Rogli\u010d reveals scale of post-crash injuries and challenge to reach Vuelta a Espa\u00f1a startline<\/span><\/div>\n<div class=\"relative recirc-feed sponsored-card min-h-[250px]\" data-recirc-id=\"article-river-stacked-ads:native-cards\" data-mrf-recirculation=\"article-river-ads\" data-nosnippet data-ad-slot-path=\"feed-sponsored-post\" data-attribute-device=\"all\">\n<div class=\"max-w-full sponsored-post--placeholder animate-pulse\">\n<div class=\"relative!\"><span class=\"text-base text-black font-bold mx-0 my-2.5 p-0 block bg-gray-100\">\u00a0<br \/>\u00a0<\/span><\/div>\n<\/div>\n<\/div>\n<div>\n<div class=\"aspect-[var(--img-listing-aspect-ratio,16\/9)] relative mb-3.5\">\n    <source type=\"image\/webp\" srcset=\"https:\/\/cdn.mos.cms.futurecdn.net\/tfLM6usLQ7FSegycrtArMn-840-80.jpg.webp 840w, https:\/\/cdn.mos.cms.futurecdn.net\/tfLM6usLQ7FSegycrtArMn-650-80.jpg.webp 650w, https:\/\/cdn.mos.cms.futurecdn.net\/tfLM6usLQ7FSegycrtArMn-500-80.jpg.webp 500w, https:\/\/cdn.mos.cms.futurecdn.net\/tfLM6usLQ7FSegycrtArMn-450-80.jpg.webp 450w, https:\/\/cdn.mos.cms.futurecdn.net\/tfLM6usLQ7FSegycrtArMn-320-80.jpg.webp 320w\" sizes=\"(min-width: 900px) 925px, (min-width: 700px) 450px, calc(100vw - 48px)\" \/><\/div>\n<p><span class=\"custom-subheading-styles\">Teams &amp; Riders<\/span><span class=\"text-base text-black font-bold mx-0 my-2.5 p-0 block custom-text-styles\">&#8216;It could be an opportunity to be close in GC&#8217; &#8211; Opening time trial in Monaco enticing incentive for Wout van Aert&#8217;s return to Vuelta a Espa\u00f1a<\/span><\/div>\n<div class=\"relative recirc-feed sponsored-card min-h-[250px]\" data-recirc-id=\"article-river-stacked-ads:native-cards\" data-mrf-recirculation=\"article-river-ads\" data-nosnippet data-ad-slot-path=\"feed-sponsored-post\" data-attribute-device=\"all\">\n<div class=\"max-w-full sponsored-post--placeholder animate-pulse\">\n<div class=\"relative!\"><span class=\"text-base text-black font-bold mx-0 my-2.5 p-0 block bg-gray-100\">\u00a0<br \/>\u00a0<\/span><\/div>\n<\/div>\n<\/div>\n<div>\n<div class=\"aspect-[var(--img-listing-aspect-ratio,16\/9)] relative mb-3.5\">\n    <source type=\"image\/webp\" srcset=\"https:\/\/cdn.mos.cms.futurecdn.net\/nTZNZUUHHn5swtJ88RvBgD-840-80.jpg.webp 840w, https:\/\/cdn.mos.cms.futurecdn.net\/nTZNZUUHHn5swtJ88RvBgD-650-80.jpg.webp 650w, https:\/\/cdn.mos.cms.futurecdn.net\/nTZNZUUHHn5swtJ88RvBgD-500-80.jpg.webp 500w, https:\/\/cdn.mos.cms.futurecdn.net\/nTZNZUUHHn5swtJ88RvBgD-450-80.jpg.webp 450w, https:\/\/cdn.mos.cms.futurecdn.net\/nTZNZUUHHn5swtJ88RvBgD-320-80.jpg.webp 320w\" sizes=\"(min-width: 900px) 925px, (min-width: 700px) 450px, calc(100vw - 48px)\" \/><\/div>\n<p><span class=\"custom-subheading-styles\">Teams &amp; Riders<\/span><span class=\"text-base text-black font-bold mx-0 my-2.5 p-0 block custom-text-styles\">Jonathan Milan ordered to pull over as race leader is lapped by peloton following huge crash at Renewi Tour<\/span><\/div>\n<div class=\"relative recirc-feed sponsored-card min-h-[250px]\" data-recirc-id=\"article-river-stacked-ads:native-cards\" data-mrf-recirculation=\"article-river-ads\" data-nosnippet data-ad-slot-path=\"feed-sponsored-post\" data-attribute-device=\"all\">\n<div class=\"max-w-full sponsored-post--placeholder animate-pulse\">\n<div class=\"relative!\"><span class=\"text-base text-black font-bold mx-0 my-2.5 p-0 block bg-gray-100\">\u00a0<br \/>\u00a0<\/span><\/div>\n<\/div>\n<\/div>\n<\/div>\n<\/div>\n<\/aside>\n<aside class=\"w-full\" data-nosnippet data-mrf-recirculation=\"article-river-stacked\">\n<div data-recirc-id=\"article-river-stacked-solr:latest-articletype\">\n<div class=\"text-white py-4 px-3 mb-4 bg-[#333] uppercase font-bold custom-header-styles\">Latest in News<\/div>\n<div class=\"grid grid-cols-1 gap-4 mt-4 mb-5\">\n<div>\n<div class=\"aspect-[var(--img-listing-aspect-ratio,16\/9)] relative mb-3.5\">\n    <source type=\"image\/webp\" srcset=\"https:\/\/cdn.mos.cms.futurecdn.net\/onxjykbjbXTp2YUWDDjnF3-840-80.jpg.webp 840w, https:\/\/cdn.mos.cms.futurecdn.net\/onxjykbjbXTp2YUWDDjnF3-650-80.jpg.webp 650w, https:\/\/cdn.mos.cms.futurecdn.net\/onxjykbjbXTp2YUWDDjnF3-500-80.jpg.webp 500w, https:\/\/cdn.mos.cms.futurecdn.net\/onxjykbjbXTp2YUWDDjnF3-450-80.jpg.webp 450w, https:\/\/cdn.mos.cms.futurecdn.net\/onxjykbjbXTp2YUWDDjnF3-320-80.jpg.webp 320w\" sizes=\"(min-width: 900px) 925px, (min-width: 700px) 450px, calc(100vw - 48px)\" \/><\/div>\n<p><span class=\"custom-subheading-styles\">Women&#8217;s Cycling<\/span><span class=\"text-base text-black font-bold mx-0 my-2.5 p-0 block custom-text-styles\">Lotte Kopecky pulls out of Tour of Britain Women<\/span><\/div>\n<div class=\"relative recirc-feed sponsored-card min-h-[250px]\" data-recirc-id=\"article-river-stacked-ads:native-cards\" data-mrf-recirculation=\"article-river-ads\" data-nosnippet data-ad-slot-path=\"feed-sponsored-post\" data-attribute-device=\"all\">\n<div class=\"max-w-full sponsored-post--placeholder animate-pulse\">\n<div class=\"relative!\"><span class=\"text-base text-black font-bold mx-0 my-2.5 p-0 block bg-gray-100\">\u00a0<br \/>\u00a0<\/span><\/div>\n<\/div>\n<\/div>\n<div>\n<div class=\"aspect-[var(--img-listing-aspect-ratio,16\/9)] relative mb-3.5\">\n    <source type=\"image\/webp\" srcset=\"https:\/\/cdn.mos.cms.futurecdn.net\/m3Jt9LNmhTEMRgsrgWE9vG-840-80.jpg.webp 840w, https:\/\/cdn.mos.cms.futurecdn.net\/m3Jt9LNmhTEMRgsrgWE9vG-650-80.jpg.webp 650w, https:\/\/cdn.mos.cms.futurecdn.net\/m3Jt9LNmhTEMRgsrgWE9vG-500-80.jpg.webp 500w, https:\/\/cdn.mos.cms.futurecdn.net\/m3Jt9LNmhTEMRgsrgWE9vG-450-80.jpg.webp 450w, https:\/\/cdn.mos.cms.futurecdn.net\/m3Jt9LNmhTEMRgsrgWE9vG-320-80.jpg.webp 320w\" sizes=\"(min-width: 900px) 925px, (min-width: 700px) 450px, calc(100vw - 48px)\" \/><\/div>\n<p><span class=\"custom-subheading-styles\">Teams &amp; Riders<\/span><span class=\"text-base text-black font-bold mx-0 my-2.5 p-0 block custom-text-styles\">&#8216;It only depends on my legs&#8217; \u2013 Jo\u00e3o Almeida eyes possible &#8216;Plan B&#8217; GC bid alongside teammate Tadej Poga\u010dar at Vuelta a Espa\u00f1a<\/span><\/div>\n<div class=\"relative recirc-feed sponsored-card min-h-[250px]\" data-recirc-id=\"article-river-stacked-ads:native-cards\" data-mrf-recirculation=\"article-river-ads\" data-nosnippet data-ad-slot-path=\"feed-sponsored-post\" data-attribute-device=\"all\">\n<div class=\"max-w-full sponsored-post--placeholder animate-pulse\">\n<div class=\"relative!\"><span class=\"text-base text-black font-bold mx-0 my-2.5 p-0 block bg-gray-100\">\u00a0<br \/>\u00a0<\/span><\/div>\n<\/div>\n<\/div>\n<div>\n<div class=\"aspect-[var(--img-listing-aspect-ratio,16\/9)] relative mb-3.5\">\n    <source type=\"image\/webp\" srcset=\"https:\/\/cdn.mos.cms.futurecdn.net\/preyXU8URFip5kJRmtcp5W-840-80.jpg.webp 840w, https:\/\/cdn.mos.cms.futurecdn.net\/preyXU8URFip5kJRmtcp5W-650-80.jpg.webp 650w, https:\/\/cdn.mos.cms.futurecdn.net\/preyXU8URFip5kJRmtcp5W-500-80.jpg.webp 500w, https:\/\/cdn.mos.cms.futurecdn.net\/preyXU8URFip5kJRmtcp5W-450-80.jpg.webp 450w, https:\/\/cdn.mos.cms.futurecdn.net\/preyXU8URFip5kJRmtcp5W-320-80.jpg.webp 320w\" sizes=\"(min-width: 900px) 925px, (min-width: 700px) 450px, calc(100vw - 48px)\" \/><\/div>\n<p><span class=\"custom-subheading-styles\">Teams &amp; Riders<\/span><span class=\"text-base text-black font-bold mx-0 my-2.5 p-0 block custom-text-styles\">Julian Alaphilippe has reportedly called an early end to his professional racing career<\/span><\/div>\n<div class=\"relative recirc-feed sponsored-card min-h-[250px]\" data-recirc-id=\"article-river-stacked-ads:native-cards\" data-mrf-recirculation=\"article-river-ads\" data-nosnippet data-ad-slot-path=\"feed-sponsored-post\" data-attribute-device=\"all\">\n<div class=\"max-w-full sponsored-post--placeholder animate-pulse\">\n<div class=\"relative!\"><span class=\"text-base text-black font-bold mx-0 my-2.5 p-0 block bg-gray-100\">\u00a0<br \/>\u00a0<\/span><\/div>\n<\/div>\n<\/div>\n<div>\n<div class=\"aspect-[var(--img-listing-aspect-ratio,16\/9)] relative mb-3.5\">\n    <source type=\"image\/webp\" srcset=\"https:\/\/cdn.mos.cms.futurecdn.net\/zVJvoGMBete8FgwMHc7JTE-840-80.jpg.webp 840w, https:\/\/cdn.mos.cms.futurecdn.net\/zVJvoGMBete8FgwMHc7JTE-650-80.jpg.webp 650w, https:\/\/cdn.mos.cms.futurecdn.net\/zVJvoGMBete8FgwMHc7JTE-500-80.jpg.webp 500w, https:\/\/cdn.mos.cms.futurecdn.net\/zVJvoGMBete8FgwMHc7JTE-450-80.jpg.webp 450w, https:\/\/cdn.mos.cms.futurecdn.net\/zVJvoGMBete8FgwMHc7JTE-320-80.jpg.webp 320w\" sizes=\"(min-width: 900px) 925px, (min-width: 700px) 450px, calc(100vw - 48px)\" \/><\/div>\n<p><span class=\"custom-subheading-styles\">Women&#8217;s Cycling<\/span><span class=\"text-base text-black font-bold mx-0 my-2.5 p-0 block custom-text-styles\">&#8216;A huge step-up and a lot to learn&#8217; \u2013 Kate Courtney swiftly adapting to WorldTour racing with FDJ United-Suez at the Tour of Britain Women<\/span><\/div>\n<div class=\"relative recirc-feed sponsored-card min-h-[250px]\" data-recirc-id=\"article-river-stacked-ads:native-cards\" data-mrf-recirculation=\"article-river-ads\" data-nosnippet data-ad-slot-path=\"feed-sponsored-post\" data-attribute-device=\"all\">\n<div class=\"max-w-full sponsored-post--placeholder animate-pulse\">\n<div class=\"relative!\"><span class=\"text-base text-black font-bold mx-0 my-2.5 p-0 block bg-gray-100\">\u00a0<br \/>\u00a0<\/span><\/div>\n<\/div>\n<\/div>\n<div>\n<div class=\"aspect-[var(--img-listing-aspect-ratio,16\/9)] relative mb-3.5\">\n    <source type=\"image\/webp\" srcset=\"https:\/\/cdn.mos.cms.futurecdn.net\/GM85ok5puyZs3Dy2CBdPdT-840-80.jpg.webp 840w, https:\/\/cdn.mos.cms.futurecdn.net\/GM85ok5puyZs3Dy2CBdPdT-650-80.jpg.webp 650w, https:\/\/cdn.mos.cms.futurecdn.net\/GM85ok5puyZs3Dy2CBdPdT-500-80.jpg.webp 500w, https:\/\/cdn.mos.cms.futurecdn.net\/GM85ok5puyZs3Dy2CBdPdT-450-80.jpg.webp 450w, https:\/\/cdn.mos.cms.futurecdn.net\/GM85ok5puyZs3Dy2CBdPdT-320-80.jpg.webp 320w\" sizes=\"(min-width: 900px) 925px, (min-width: 700px) 450px, calc(100vw - 48px)\" \/><\/div>\n<p><span class=\"custom-subheading-styles\">Women&#8217;s Cycling<\/span><span class=\"text-base text-black font-bold mx-0 my-2.5 p-0 block custom-text-styles\">&#8216;We can make quick decisions&#8217; &#8211; Megan Guarnier switches from driver&#8217;s seat to race bike to guide US women&#8217;s team at Philadelphia Cycling Classic<\/span><\/div>\n<div class=\"relative recirc-feed sponsored-card min-h-[250px]\" data-recirc-id=\"article-river-stacked-ads:native-cards\" data-mrf-recirculation=\"article-river-ads\" data-nosnippet data-ad-slot-path=\"feed-sponsored-post\" data-attribute-device=\"all\">\n<div class=\"max-w-full sponsored-post--placeholder animate-pulse\">\n<div class=\"relative!\"><span class=\"text-base text-black font-bold mx-0 my-2.5 p-0 block bg-gray-100\">\u00a0<br \/>\u00a0<\/span><\/div>\n<\/div>\n<\/div>\n<div>\n<div class=\"aspect-[var(--img-listing-aspect-ratio,16\/9)] relative mb-3.5\">\n    <source type=\"image\/webp\" srcset=\"https:\/\/cdn.mos.cms.futurecdn.net\/pUQ2PnASq6czdvMoqTQbcQ-840-80.jpg.webp 840w, https:\/\/cdn.mos.cms.futurecdn.net\/pUQ2PnASq6czdvMoqTQbcQ-650-80.jpg.webp 650w, https:\/\/cdn.mos.cms.futurecdn.net\/pUQ2PnASq6czdvMoqTQbcQ-500-80.jpg.webp 500w, https:\/\/cdn.mos.cms.futurecdn.net\/pUQ2PnASq6czdvMoqTQbcQ-450-80.jpg.webp 450w, https:\/\/cdn.mos.cms.futurecdn.net\/pUQ2PnASq6czdvMoqTQbcQ-320-80.jpg.webp 320w\" sizes=\"(min-width: 900px) 925px, (min-width: 700px) 450px, calc(100vw - 48px)\" \/><\/div>\n<p><span class=\"custom-subheading-styles\">Safety<\/span><span class=\"text-base text-black font-bold mx-0 my-2.5 p-0 block custom-text-styles\">&#8216;Cars from the general public coming at me from all directions&#8217; \u2013 Maeve Plouffe narrowly avoids being hit by driver at Tour of Britain Women<\/span><\/div>\n<div class=\"relative recirc-feed sponsored-card min-h-[250px]\" data-recirc-id=\"article-river-stacked-ads:native-cards\" data-mrf-recirculation=\"article-river-ads\" data-nosnippet data-ad-slot-path=\"feed-sponsored-post\" data-attribute-device=\"all\">\n<div class=\"max-w-full sponsored-post--placeholder animate-pulse\">\n<div class=\"relative!\"><span class=\"text-base text-black font-bold mx-0 my-2.5 p-0 block bg-gray-100\">\u00a0<br \/>\u00a0<\/span><\/div>\n<\/div>\n<\/div>\n<\/div>\n<\/div>\n<\/aside>\n<\/section>\n<\/div>\n<\/div>\n<\/div>\n<div id=\"widgetArea17\" class=\"widget-area md:basis-1\/3 widget-area-g-md-vp-1-3 widget-area-g-lg-vp-1-3 widget-area-g-xl-vp-1-3 page-widget-area-17\">\n<div data-widget-type=\"dynamic\" id=\"popular-data\" class=\"clear-both widget widget-dynamic widget-popular-data widget-dynamic-popular-data widget-dynamic-fter-popular-box\">\n<div class=\"wdn-fte-pb pos-relative space-t20\n\"><\/p>\n<div class=\"slice-container popular-box-slice\">\n<section class=\"popular-box\" data-component-name=\"Slice:PopularBox\">\n<div class=\"popular-box__label\">\n<div class=\"popular-box__label__tab popular-box__label__tab--active\" role=\"heading\">\nLATEST ARTICLES\n<\/div>\n<\/div>\n<ol class=\"popular-box__articles-list popular-box__articles-list--active\">\n<li class=\"popular-box__article-list\">\n<div class=\"popular-box__article-list__container\">\n<div class=\"popular-box__article-list__image-wrapper\">\n<div>\n<source type=\"image\/webp\" srcset=\"https:\/\/cdn.mos.cms.futurecdn.net\/onxjykbjbXTp2YUWDDjnF3-1280-80.jpg.webp 1280w, https:\/\/cdn.mos.cms.futurecdn.net\/onxjykbjbXTp2YUWDDjnF3-720-80.jpg.webp 720w, https:\/\/cdn.mos.cms.futurecdn.net\/onxjykbjbXTp2YUWDDjnF3-640-80.jpg.webp 640w, https:\/\/cdn.mos.cms.futurecdn.net\/onxjykbjbXTp2YUWDDjnF3-320-80.jpg.webp 320w\" sizes=\"99vw\" \/><\/div>\n<\/div>\n<div class=\"popular-box__article-list__content\">\n<div class=\"popular-box__article-list__number-text\">1<\/div>\n<div class=\"popular-box__article-list__heading\">\n<p>Lotte Kopecky pulls out of Tour of Britain Women<\/p>\n<\/div>\n<\/div>\n<\/div>\n<\/li>\n<li class=\"popular-box__article-list\">\n<div class=\"popular-box__article-list__container\">\n<div class=\"popular-box__article-list__content\">\n<div class=\"popular-box__article-list__number-text\">2<\/div>\n<div class=\"popular-box__article-list__heading\">\n<p>&#8216;It only depends on my legs&#8217; \u2013 Jo\u00e3o Almeida eyes possible &#8216;Plan B&#8217; GC bid alongside teammate Tadej Poga\u010dar at Vuelta a Espa\u00f1a<\/p>\n<\/div>\n<\/div>\n<\/div>\n<\/li>\n<li class=\"popular-box__article-list\">\n<div class=\"popular-box__article-list__container\">\n<div class=\"popular-box__article-list__content\">\n<div class=\"popular-box__article-list__number-text\">3<\/div>\n<div class=\"popular-box__article-list__heading\">\n<p>&#8216;I haven&#8217;t even enjoyed any training this year, it&#8217;s been that bad&#8217; &#8211; Mikel Landa in survival mode at the Vuelta a Espa\u00f1a.<\/p>\n<\/div>\n<\/div>\n<\/div>\n<\/li>\n<li class=\"popular-box__article-list\">\n<div class=\"popular-box__article-list__container\">\n<div class=\"popular-box__article-list__content\">\n<div class=\"popular-box__article-list__number-text\">4<\/div>\n<div class=\"popular-box__article-list__heading\">\n<p>Julian Alaphilippe has reportedly called an early end to his professional racing career<\/p>\n<\/div>\n<\/div>\n<\/div>\n<\/li>\n<li class=\"popular-box__article-list\">\n<div class=\"popular-box__article-list__container\">\n<div class=\"popular-box__article-list__content\">\n<div class=\"popular-box__article-list__number-text\">5<\/div>\n<div class=\"popular-box__article-list__heading\">\n<p>&#8216;A huge step-up and a lot to learn&#8217; \u2013 Kate Courtney swiftly adapting to WorldTour racing with FDJ United-Suez at the Tour of Britain Women<\/p>\n<\/div>\n<\/div>\n<\/div>\n<\/li>\n<\/ol>\n<\/section>\n<\/div>\n<\/div>\n<\/div>\n<\/div>\n<\/div>\n<\/article>\n<div class=\"news-article\">\n<header data-component-name=\"Article:Hero\">\n<nav class=\"breadcrumb\" aria-label=\"Breadcrumbs\">\n<ol>\n<li>\nPro Cycling\n<\/li>\n<li>\nTeams &amp; Riders\n<\/li>\n<\/ol>\n<\/nav>\n<h1>&#8216;I haven&#8217;t even enjoyed any training this year, it&#8217;s been that bad&#8217; &#8211; Mikel Landa in survival mode at the Vuelta a Espa\u00f1a.<\/h1>\n<div class=\"byline-social\">\n<div class=\"vds-byline-block flex flex-row flex-nowrap my-1.5 gap-2 text-left items-start justify-start\" data-component-name=\"Article:BylineBlock\">\n<p>News<\/p>\n<div class=\"my-auto vds-simple-byline\"><span class=\"inline-block vds-author\"><br \/>\nBy<br \/>\nAlasdair Fotheringham <\/span><\/p>\n<div class=\"flex gap-1 vds-byline-with-avatar__meta\"><span class=\"vds-date block font-normal tracking-normal normal-case text-xs\"><br \/>\nPublished<br \/>\n<time data-component-name=\"UI:DateTime\" datetime=\"2026-08-21T09:12:44Z\" class=\"relative-date\"><br \/>\n21 August 2026<br \/>\n<\/time><\/span><\/div>\n<\/div>\n<\/div>\n<p class=\"strapline\">36-year-old still recovering from a broken pelvis after a crash during Itzulia Basque Country<\/p>\n<\/div>\n<aside class=\"text-gray-700 flex items-center mx-0 my-5 p-0 justify-start text-left\" id=\"affiliate-disclaimer\" data-component-name=\"AffiliateDisclaimer\" data-hawk-message=\"Affiliate disclaimer removed because hawk deemed there are no affiliate links on this page\">\n<p class=\"text-[color:var(--affiliate-disclaimer--text-color,inherit)] mb-2 text-[length:var(--affiliate-disclaimer--font-size,0.75rem)] leading-[18px] md:text-[13px] [&amp;&gt;a]:text-inherit [&amp;&gt;a]:underline\">\nWhen you purchase through links on our site, we may earn an affiliate commission. Here\u2019s how it works.\n<\/p>\n<\/aside>\n<\/header>\n<\/div>\n<div id=\"article-body\" class=\"text-copy bodyCopy auto paywall-locker\">\n<div data-analytics-id=\"utility-bar\" id=\"utility-bar\" class=\"font-ui-heading flex justify-between items-center py-2 border-t border-b border-gray-300 border-solid mb-5 mx-auto\" data-component-name=\"UtilityBar\" data-mrf-recirculation=\"utility-bar\">\n<div class=\"flex gap-2 text-[#333] subcontainer\">\n<div class=\"relative tooltip-container\" role=\"tooltip\">\n<div data-component-name=\"Social:Dropdown\" role=\"menu\" id=\"utilitybar__dropdown--share\" aria-labelledby=\"utilitybar__button--share\" class=\"absolute left-0 top-full w-44 bg-white rounded-md shadow-md border border-neutral-200 z-[9996] list-none m-0 py-2 px-3 border-solid\">\n<ul class=\"m-0!\">\n<li class=\"!p-0 !m-0 list-none border-b border-gray-200 border-solid\">\n<li class=\"!p-0 !m-0 list-none border-b border-gray-200 border-solid\">\n<p>Facebook<\/p>\n<\/li>\n<li class=\"!p-0 !m-0 list-none border-b border-gray-200 border-solid\">\n<p>X<\/p>\n<\/li>\n<li class=\"!p-0 !m-0 list-none border-b border-gray-200 border-solid\">\n<p>Pinterest<\/p>\n<\/li>\n<li class=\"!p-0 !m-0 list-none border-b border-gray-200 border-solid\">\n<p>Email<\/p>\n<\/li>\n<\/ul>\n<\/div>\n<div class=\"font-ui-heading max-sm:hidden tooltip absolute left-1\/2 bg-gray-900 text-white text-xs leading-none px-3 py-1.5 rounded-md z-[10001] whitespace-nowrap\" id=\"tooltip-share-this-article\" role=\"tooltip\" aria-hidden=\"true\">\nShare this article\n<\/div>\n<\/div>\n<div class=\"relative tooltip-container\" role=\"tooltip\"><span class=\"ml-1 inline-flex h-5 px-2 shrink-0 items-center justify-center self-center overflow-hidden whitespace-nowrap rounded-[10px] bg-primary-500 text-[11px] leading-none font-ui-heading font-semibold text-white\">0<\/span><\/p>\n<div class=\"font-ui-heading max-sm:hidden tooltip absolute left-1\/2 bg-gray-900 text-white text-xs leading-none px-3 py-1.5 rounded-md z-[10001] whitespace-nowrap\" id=\"tooltip-join-the-conversation\" role=\"tooltip\" aria-hidden=\"true\">\nJoin the conversation\n<\/div>\n<\/div>\n<\/div>\n<div class=\"flex gap-2 text-[#333] subcontainer\">\n<div class=\"relative tooltip-container\" role=\"tooltip\">\n<p>Follow us<\/p>\n<div class=\"font-ui-heading max-sm:hidden tooltip absolute left-1\/2 bg-gray-900 text-white text-xs leading-none px-3 py-1.5 rounded-md z-[10001] whitespace-nowrap\" id=\"tooltip-add-us-as-a-preferred-source-on-google\" role=\"tooltip\" aria-hidden=\"true\">\nAdd us as a preferred source on Google\n<\/div>\n<\/div>\n<div class=\"relative tooltip-container\" role=\"tooltip\">\n<div class=\"font-ui-heading max-sm:hidden tooltip absolute left-1\/2 bg-gray-900 text-white text-xs leading-none px-3 py-1.5 rounded-md z-[10001] whitespace-nowrap\" id=\"tooltip-subscribe-to-our-newsletter\" role=\"tooltip\" aria-hidden=\"true\">\nSubscribe to our newsletter\n<\/div>\n<\/div>\n<\/div>\n<\/div>\n<p id=\"elk-a99ce20a-9cd3-11f1-b1cb-a35ead965f22\">11 years ago, Mikel Landa rode what was defined at the time as the &#8216;hardest stage ever of the Vuelta a Espa\u00f1a&#8217; through Andorra over more than 5,000 vertical metres &#8211; and ended up winning.<\/p>\n<p>This time round, when the Vuelta reaches Andorra on stage 4 and once again tackles a non-stop series of climbs, Landa&#8217;s in a very different place.<\/p>\n<p id=\"elk-a99ce20a-9cd3-11f1-b1cb-a35ead965f22-2\" aria-hidden=\"true\" class=\"kiosq-b\">&#8220;I&#8217;ll be fighting to survive through the first week and then I&#8217;ll see what I can do,&#8221; Landa told reporters at the Place Grimaldi press centre.<\/p>\n<div class=\"my-6 w-full overflow-hidden rounded-[10px] lg:my-8\" data-component-name=\"JwPlayer:Carousel\" data-jwp-carousel data-jwp-carousel-payload=\"{&quot;ids&quot;:{&quot;playerID&quot;:&quot;jYDCcabO&quot;,&quot;searchPlaylistID&quot;:&quot;gwjdoYHD&quot;,&quot;divID&quot;:&quot;botr_gwjdoYHD_jYDCcabO_div&quot;,&quot;fallbackPlaylistID&quot;:&quot;gwjdoYHD&quot;,&quot;fallbackDivID&quot;:&quot;botr_gwjdoYHD_jYDCcabO_div&quot;,&quot;key&quot;:&quot;X9\/mXVGac0NphghLH9hZaqWA5d3dhAM\/Ih07grnEyMLjuO2E&quot;,&quot;tintLogo&quot;:true,&quot;useSearchPlaylist&quot;:false,&quot;enabled&quot;:true},&quot;signPostingEnabled&quot;:true,&quot;signPostingLinkEnabled&quot;:true,&quot;waitForAdLoad&quot;:false,&quot;hidePlayerOnDesktop&quot;:false,&quot;hidePlayerOnMobile&quot;:false,&quot;hidePlayerOnTablet&quot;:false}\">\n<div class=\"flex flex-nowrap items-center justify-between gap-3 bg-zinc-900 px-[14px] py-3\" data-jwp-carousel-header>\n<div class=\"flex min-w-0 shrink items-center\"><span class=\"inline-flex items-center gap-1.5 text-sm font-article-heading capitalize leading-5 text-white whitespace-nowrap\"><span class=\"jwp-carousel-title-desktop\">Latest Videos From<\/span><span class=\"jwp-carousel-brand\">Cyclingnews<\/span><\/span><\/div>\n<\/div>\n<div class=\"min-h-[44px] bg-zinc-900 px-[14px] py-3\" data-jwp-carousel-signposting><a class=\"invisible block truncate text-sm font-bold leading-5 text-white underline decoration-solid underline-offset-2\" data-jwp-carousel-signposting-link href target=\"_blank\" rel=\"noopener noreferrer\"><span data-jwp-carousel-signposting-title>Watch full video here: <\/span><\/a><\/div>\n<\/div>\n<p aria-hidden=\"true\" class=\"kiosq-b\">&#8220;This is the most uncertain Vuelta of my career, I&#8217;ve had a bad year, I&#8217;m on the bounceback from a very difficult injury and I&#8217;m certainly not at 100%.&#8221;<\/p>\n<p aria-hidden=\"true\" class=\"kiosq-b\">&#8220;I&#8217;ll try and ride my way into form, but it&#8217;ll be hard.&#8221;<\/p>\n<aside data-component-name=\"Recirculation:ArticleRiver\" data-recirculation-type=\"inline\" data-mrf-recirculation=\"Trending Bar\" data-nosnippet class=\"clear-both pt-2 pb-0 mb-4\"><span class=\"\n            flex\n            after:content-[&apos;&apos;] after:flex-1 after:ml-4 after:my-[0.7rem] after:border-t after:border-solid after:border-t-[#ccc]\n            before:content-[&apos;&apos;] before:flex-1 before:mr-4 before:my-[0.7rem] before:border-t before:border-solid before:border-t-[#ccc]\n            font-article-heading pb-0 text-[length:var(--article-river-title--font-size,1em)] uppercase sm:text-[length:var(--article-river-title--font-size,0.875em)] font-bold\n        \"><br \/>\n            You may like<br \/>\n        <\/span><\/p>\n<ul class=\"flex flex-col gap-0 m-0 max-w-full\">\n<li class=\"m-0 list-none border-b border-solid border-[#ededed] py-2\" data-recirculation-id=\"recirculation-card-1\" id=\"recirculation-inline-1\" data-analytics-id=\"recirculation-inline-1\" data-mrf-recirculation=\"recirculation-inline-1\">\n    <source type=\"image\/webp\" srcset=\"https:\/\/cdn.mos.cms.futurecdn.net\/YvLurAtwGrsupwv3CVbzQM-250-80.jpg.webp 250w, https:\/\/cdn.mos.cms.futurecdn.net\/YvLurAtwGrsupwv3CVbzQM-150-80.jpg.webp 150w\" sizes=\"150px\" \/><span class=\"w-full text-base font-[var(--article-river-item--font-weight,500)] font-article-heading line-clamp-3 md:line-clamp-2\">&#8216;Just putting my socks on these last three weeks was the hardest&#8217; &#8211; Primo\u017e Rogli\u010d reveals scale of post-crash injuries and challenge to reach Vuelta a Espa\u00f1a startline<\/span><\/li>\n<li class=\"m-0 list-none border-b border-solid border-[#ededed] py-2\" data-recirculation-id=\"recirculation-card-2\" id=\"recirculation-inline-2\" data-analytics-id=\"recirculation-inline-2\" data-mrf-recirculation=\"recirculation-inline-2\">\n    <source type=\"image\/webp\" srcset=\"https:\/\/cdn.mos.cms.futurecdn.net\/eKvy38GXi38WztdxeaKTs8-250-80.jpg.webp 250w, https:\/\/cdn.mos.cms.futurecdn.net\/eKvy38GXi38WztdxeaKTs8-150-80.jpg.webp 150w\" sizes=\"150px\" \/><span class=\"w-full text-base font-[var(--article-river-item--font-weight,500)] font-article-heading line-clamp-3 md:line-clamp-2\">&#8216;We&#8217;ve had a lot of setbacks this year, starting with me&#8217; &#8211; non-conformist Richard Carapaz determined to fight for Vuelta a Espa\u00f1a GC despite injuries blighting EF Education-EasyPost lineup<\/span><\/li>\n<li class=\"m-0 list-none border-b border-solid border-[#ccc] py-2\" data-recirculation-id=\"recirculation-card-3\" id=\"recirculation-inline-3\" data-analytics-id=\"recirculation-inline-3\" data-mrf-recirculation=\"recirculation-inline-3\">\n    <source type=\"image\/webp\" srcset=\"https:\/\/cdn.mos.cms.futurecdn.net\/BA34nJiPUVCN2EN7yKmEC7-250-80.jpg.webp 250w, https:\/\/cdn.mos.cms.futurecdn.net\/BA34nJiPUVCN2EN7yKmEC7-150-80.jpg.webp 150w\" sizes=\"150px\" \/><span class=\"w-full text-base font-[var(--article-river-item--font-weight,500)] font-article-heading line-clamp-3 md:line-clamp-2\">Primo\u017e Rogli\u010d expected to race the Vuelta a Espa\u00f1a but with no GC ambitions<\/span><\/li>\n<\/ul>\n<\/aside>\n<p aria-hidden=\"true\" class=\"kiosq-b\">On the point of ending his time at Soudal-QuickStep, where he managed to finish fifth in the 2024 Tour de France and was viewed as a key mountain lieutenant for Remco Evenepoel, Landa&#8217;s bad crash in the Itzulia, breaking his pelvis, left him out of the count for the Tour this summer.<\/p>\n<p aria-hidden=\"true\" class=\"kiosq-b\">Instead, as he concludes the 16th season of his career at WorldTour level, Landa says he was determined to go to the Vuelta &#8211; &#8220;it would have been even worse if I hadn&#8217;t&#8221; &#8211; but he is painfully realistic about his options.<\/p>\n<div id=\"slice-container-newsletterForm-articleInbodyContent-MqV2h8f8gLMNNvhGe9BBCY\" class=\"slice-container newsletter-inbodyContent-slice newsletterForm-articleInbodyContent-MqV2h8f8gLMNNvhGe9BBCY slice-container-newsletterForm\">\n<div data-hydrate=\"true\" class=\"newsletter-form__wrapper newsletter-form__wrapper--inbodyContent\">\n<div class=\"newsletter-form__container\">\n<section class=\"newsletter-form__top-bar\">\n<div class=\"newsletter-form__header\">Get The Leadout Newsletter<\/div>\n<\/section>\n<section class=\"newsletter-form__main-section\">\n<p class=\"newsletter-form__strapline\">The latest race content, interviews, features, reviews and expert buying guides, direct to your inbox!<\/p>\n<footer class=\"newsletter-form__footer \">By submitting your information you agree to the Terms &amp; Conditions and Privacy Policy and are aged 16 or over.<\/footer>\n<\/section>\n<\/div>\n<\/div>\n<\/div>\n<p aria-hidden=\"true\" class=\"kiosq-b\">&#8220;I&#8217;m just not in good shape, but there is no other option,&#8221; Landa, part of a lineup which also includes mountain climber Valentin Paret-Peintre, told reporters.<\/p>\n<p aria-hidden=\"true\" class=\"kiosq-b\">&#8220;I&#8217;m racing without pressure, the team knows how I&#8217;m doing and so do I. I&#8217;ll give it my best, it&#8217;d be worse not to race the Vuelta. Hopefully I can enjoy at least one day.<\/p>\n<p aria-hidden=\"true\" class=\"kiosq-b\">&#8220;I haven&#8217;t even enjoyed any training this year, it&#8217;s been that bad. But I have to be optimistic, above all coming as I do from such a bad situation.&#8221;<\/p>\n<p aria-hidden=\"true\" class=\"kiosq-b\">Landa has signed with his local Proteam, Euskaltel-Euskadi &#8211; the squad with which he began life as a pro back in 2012, albeit in a very different structure &#8211; for the next two years. The squad wasn&#8217;t chosen for the Vuelta or any Grand Tour this year, but he&#8217;s not ruling out racing a three-week race again in the future.<\/p>\n<p aria-hidden=\"true\" class=\"kiosq-b\">&#8220;I hope that this won&#8217;t be the last,&#8221; Landa, twice third in the Giro d&#8217;Italia and twice fourth in the Tour de France, said. &#8220;I&#8217;d like to be back here again.&#8221;<\/p>\n<p id=\"elk-a99ce30e-9cd3-11f1-930e-0dff1245d58c\" aria-hidden=\"true\" class=\"kiosq-b\"><strong>For unbeatable coverage across road, gravel and tech, subscribe to Cyclingnews. You&#8217;ll get comprehensive race coverage of La Vuelta a Espa\u00f1a, subscriber-exclusive analysis from our expert columnists, in-depth features and industry-leading tech insight. Plus, the Cyclingnews app lets you follow the action wherever you go! <\/strong><u><strong>Join today.<\/strong><\/u><\/p>\n<\/div>\n<p>[analyse_source url=&#8221;https:\/\/www.cyclingnews.com\/pro-cycling\/teams-riders\/i-havent-even-enjoyed-any-training-this-year-its-been-that-bad-mikel-landa-in-survival-mode-at-the-vuelta-a-espana\/&#8221;]<\/p>\n","protected":false},"excerpt":{"rendered":"<p>[analyse_image type=&#8221;featured&#8221; src=&#8221;https:\/\/cdn.mos.cms.futurecdn.net\/qrT26Xteho8U5gshkKC8f9-1024-80.jpg&#8221;] 1 Tadej Poga\u010dar vs the rest \u2013 Our analysis of the top 10 contenders at the Vuelta a Espa\u00f1a 2 &#8216;The Vuelta is going to be arduous, even for Tadej&#8217; \u2013 UAE performance head warns that nobody, not even Poga\u010dar, will have it easy this summer in Spain 3 &#8216;I need to [&hellip;]<\/p>\n","protected":false},"author":1,"featured_media":0,"comment_status":"open","ping_status":"","sticky":false,"template":"","format":"standard","meta":{"footnotes":""},"categories":[2],"tags":[226,68],"class_list":["post-2105305","post","type-post","status-publish","format-standard","hentry","category-politics","tag-crawlmanager","tag-cyclingnews-com"],"_links":{"self":[{"href":"https:\/\/analyse.optim.biz\/index.php?rest_route=\/wp\/v2\/posts\/2105305","targetHints":{"allow":["GET"]}}],"collection":[{"href":"https:\/\/analyse.optim.biz\/index.php?rest_route=\/wp\/v2\/posts"}],"about":[{"href":"https:\/\/analyse.optim.biz\/index.php?rest_route=\/wp\/v2\/types\/post"}],"author":[{"embeddable":true,"href":"https:\/\/analyse.optim.biz\/index.php?rest_route=\/wp\/v2\/users\/1"}],"replies":[{"embeddable":true,"href":"https:\/\/analyse.optim.biz\/index.php?rest_route=%2Fwp%2Fv2%2Fcomments&post=2105305"}],"version-history":[{"count":0,"href":"https:\/\/analyse.optim.biz\/index.php?rest_route=\/wp\/v2\/posts\/2105305\/revisions"}],"wp:attachment":[{"href":"https:\/\/analyse.optim.biz\/index.php?rest_route=%2Fwp%2Fv2%2Fmedia&parent=2105305"}],"wp:term":[{"taxonomy":"category","embeddable":true,"href":"https:\/\/analyse.optim.biz\/index.php?rest_route=%2Fwp%2Fv2%2Fcategories&post=2105305"},{"taxonomy":"post_tag","embeddable":true,"href":"https:\/\/analyse.optim.biz\/index.php?rest_route=%2Fwp%2Fv2%2Ftags&post=2105305"}],"curies":[{"name":"wp","href":"https:\/\/api.w.org\/{rel}","templated":true}]}}