{"id":2105290,"date":"2026-08-20T21:06:07","date_gmt":"2026-08-20T18:06:07","guid":{"rendered":"https:\/\/analyse.optim.biz\/?p=2105290"},"modified":"2026-08-20T21:06:07","modified_gmt":"2026-08-20T18:06:07","slug":"we-can-make-quick-decisions-megan-guarnier-switches-from-drivers-seat-to-race-bike-to-guide-us-womens-team-at-philadelphia-cycling-classic","status":"publish","type":"post","link":"https:\/\/analyse.optim.biz\/?p=2105290","title":{"rendered":"&#8216;We can make quick decisions&#8217; &#8211; Megan Guarnier switches from driver&#8217;s seat to race bike to guide US women&#8217;s team at Philadelphia Cycling Classic"},"content":{"rendered":"<p>[analyse_image type=&#8221;featured&#8221; src=&#8221;https:\/\/cdn.mos.cms.futurecdn.net\/GM85ok5puyZs3Dy2CBdPdT-2000-80.jpg&#8221;]<\/p>\n<article class=\"m-0 box-border flex flex-row items-center pr-2.5 gap-[15px] w-[278px] h-20 flex-none upnext-article-divider\" role=\"listitem\" aria-label=\"Recommended article 1 of 3\">\n<div class=\"relative flex-none w-20 h-20\">\n    <source type=\"image\/webp\" srcset=\"https:\/\/cdn.mos.cms.futurecdn.net\/ZWLJj9gfmCjg62TMpCFt2d-160-80.jpg.webp 160w, https:\/\/cdn.mos.cms.futurecdn.net\/ZWLJj9gfmCjg62TMpCFt2d-80-80.jpg.webp 80w\" sizes=\"80px\" \/><\/p>\n<div class=\"flex items-center justify-center absolute w-4 h-6 left-0 top-0 bg-white\/90 flex-none z-[1]\" aria-hidden=\"true\"><span class=\"font-normal text-base leading-[17px] tracking-[1.3px] uppercase text-black flex-none\">1<\/span><\/div>\n<\/div>\n<div class=\"flex flex-col items-center justify-center gap-1.5 w-[173px] h-20 flex-none\">\n<p class=\"font-article-heading font-medium text-base leading-[21px] text-gray-800 w-[173px] line-clamp-3 group-hover:underline\">\n                                    Quinn Simmons, Luke Lamperti, Maggie Coles-Lyster and Kristen Faulkner among WorldTour riders confirmed for Philadelphia Cycling Classic\n                                <\/p>\n<\/div>\n<\/article>\n<article class=\"m-0 box-border flex flex-row items-center pr-2.5 gap-[15px] w-[278px] h-20 flex-none upnext-article-divider\" role=\"listitem\" aria-label=\"Recommended article 2 of 3\">\n<div class=\"relative flex-none w-20 h-20\">\n    <source type=\"image\/webp\" srcset=\"https:\/\/cdn.mos.cms.futurecdn.net\/JbdtRhSzSmfnMu7pTobY6T-160-80.jpg.webp 160w, https:\/\/cdn.mos.cms.futurecdn.net\/JbdtRhSzSmfnMu7pTobY6T-80-80.jpg.webp 80w\" sizes=\"80px\" \/><\/p>\n<div class=\"flex items-center justify-center absolute w-[18px] h-6 left-0 top-0 bg-white\/90 flex-none z-[1]\" aria-hidden=\"true\"><span class=\"font-normal text-base leading-[17px] tracking-[1.3px] uppercase text-black flex-none\">2<\/span><\/div>\n<\/div>\n<div class=\"flex flex-col items-center justify-center gap-1.5 w-[173px] h-20 flex-none\">\n<p class=\"font-article-heading font-medium text-base leading-[21px] text-gray-800 w-[173px] line-clamp-3 group-hover:underline\">\n                                    Vollering&#8217;s World Championships quest, Courtney&#8217;s WorldTour debut and big transfer intrigue \u2013 Six compelling storylines to follow in women&#8217;s cycling for the rest of 2026\n                                <\/p>\n<\/div>\n<\/article>\n<article class=\"m-0 box-border flex flex-row items-center pr-2.5 gap-[15px] w-[278px] h-20 flex-none\" role=\"listitem\" aria-label=\"Recommended article 3 of 3\">\n<div class=\"relative flex-none w-20 h-20\">\n    <source type=\"image\/webp\" srcset=\"https:\/\/cdn.mos.cms.futurecdn.net\/dkNBfv8UpN2da7mxUPFFNn-160-80.jpg.webp 160w, https:\/\/cdn.mos.cms.futurecdn.net\/dkNBfv8UpN2da7mxUPFFNn-80-80.jpg.webp 80w\" sizes=\"80px\" \/><\/p>\n<div class=\"flex items-center justify-center absolute w-[18px] h-6 left-0 top-0 bg-white\/90 flex-none z-[1]\" aria-hidden=\"true\"><span class=\"font-normal text-base leading-[17px] tracking-[1.3px] uppercase text-black flex-none\">3<\/span><\/div>\n<\/div>\n<div class=\"flex flex-col items-center justify-center gap-1.5 w-[173px] h-20 flex-none\">\n<p class=\"font-article-heading font-medium text-base leading-[21px] text-gray-800 w-[173px] line-clamp-3 group-hover:underline\">\n                                    &#8216;A once-in-a-career kind of thing&#8217; \u2013 A year on from a stunning victory, Canada&#8217;s top women riders look ahead to &#8216;special&#8217; home Road World Championships\n                                <\/p>\n<\/div>\n<\/article>\n<article class=\"page-content-onecol flex-1\nnews-article article\n\"><\/p>\n<div class=\"widget-area-group widget-area-group-2col flex flex-wrap box-border\">\n<div id=\"widgetArea16\" class=\"widget-area basis-full md:basis-2\/3 widget-area-g-md-vp-2-3 widget-area-g-lg-vp-2-3 widget-area-g-xl-vp-2-3 page-widget-area-16\">\n<div data-widget-type=\"hero\" id=\"hero\" class=\"clear-both widget widget-hero widget-hero widget-hero-hero widget-hero widget-hero-fter-news\">\n<div class=\"news-article\">\n<header data-component-name=\"Article:Hero\">\n<nav class=\"breadcrumb\" aria-label=\"Breadcrumbs\">\n<ol>\n<li>\nPro Cycling\n<\/li>\n<li>\nRacing\n<\/li>\n<li>\nWomen&#8217;s Cycling\n<\/li>\n<li>\nRoad\n<\/li>\n<li>\nPhiladelphia Cycling Classic Women\n<\/li>\n<\/ol>\n<\/nav>\n<h1>&#8216;We can make quick decisions&#8217; &#8211; Megan Guarnier switches from driver&#8217;s seat to race bike to guide US women&#8217;s team at Philadelphia Cycling Classic<\/h1>\n<div class=\"byline-social\">\n<div class=\"vds-byline-block flex flex-row flex-nowrap my-1.5 gap-2 text-left items-start justify-start\" data-component-name=\"Article:BylineBlock\">\n<p>News<\/p>\n<div class=\"my-auto vds-simple-byline\"><span class=\"inline-block vds-author\"><br \/>\nBy<br \/>\nJackie Tyson <\/span><\/p>\n<div class=\"flex gap-1 vds-byline-with-avatar__meta\"><span class=\"vds-date block font-normal tracking-normal normal-case text-xs\"><br \/>\nPublished<br \/>\n<time data-component-name=\"UI:DateTime\" datetime=\"2026-08-20T21:06:07Z\" class=\"relative-date\"><br \/>\n20 August 2026<br \/>\n<\/time><\/span><\/div>\n<\/div>\n<\/div>\n<p class=\"strapline\">Former Women&#8217;s WorldTour champion was the last woman on the podium at US UCI race 10 years ago<\/p>\n<\/div>\n<aside class=\"text-gray-700 flex items-center mx-0 my-5 p-0 justify-start text-left\" id=\"affiliate-disclaimer\" data-component-name=\"AffiliateDisclaimer\" data-hawk-message=\"Affiliate disclaimer removed because hawk deemed there are no affiliate links on this page\">\n<p class=\"text-[color:var(--affiliate-disclaimer--text-color,inherit)] mb-2 text-[length:var(--affiliate-disclaimer--font-size,0.75rem)] leading-[18px] md:text-[13px] [&amp;&gt;a]:text-inherit [&amp;&gt;a]:underline\">\nWhen you purchase through links on our site, we may earn an affiliate commission. Here\u2019s how it works.\n<\/p>\n<\/aside>\n<\/header>\n<\/div>\n<\/div>\n<div data-widget-type=\"contentparsed\" id=\"content\" class=\"clear-both widget widget-contentparsed widget-content widget-contentparsed-content widget-content-parsed widget-content-parsed-content_document \">\n<div class=\"wcp-item-content\">\n<section class=\"content-wrapper\">\n<div class=\"box less-space hero-image-wrapper\">\n<figure class=\"mb-0\">\n<source type=\"image\/webp\" srcset=\"https:\/\/cdn.mos.cms.futurecdn.net\/GM85ok5puyZs3Dy2CBdPdT-1920-80.jpg.webp 1920w, https:\/\/cdn.mos.cms.futurecdn.net\/GM85ok5puyZs3Dy2CBdPdT-1600-80.jpg.webp 1600w, https:\/\/cdn.mos.cms.futurecdn.net\/GM85ok5puyZs3Dy2CBdPdT-1200-80.jpg.webp 1200w, https:\/\/cdn.mos.cms.futurecdn.net\/GM85ok5puyZs3Dy2CBdPdT-1024-80.jpg.webp 1024w, https:\/\/cdn.mos.cms.futurecdn.net\/GM85ok5puyZs3Dy2CBdPdT-970-80.jpg.webp 970w, https:\/\/cdn.mos.cms.futurecdn.net\/GM85ok5puyZs3Dy2CBdPdT-750-80.jpg.webp 750w, https:\/\/cdn.mos.cms.futurecdn.net\/GM85ok5puyZs3Dy2CBdPdT-650-80.jpg.webp 650w, https:\/\/cdn.mos.cms.futurecdn.net\/GM85ok5puyZs3Dy2CBdPdT-480-80.jpg.webp 480w, https:\/\/cdn.mos.cms.futurecdn.net\/GM85ok5puyZs3Dy2CBdPdT-320-80.jpg.webp 320w\" sizes=\"(min-width: 1000px) 600px, 100vw\" \/><figcaption class=\"font-article-copy text-(--image--text--color) font-article-copy mt-2\"><span class=\"caption-text font-article-copy\">Megan Guarnier of Boels Dolmans Cycling Team in the WorldTour leader&#8217;s jersey in 2018<\/span><span class=\"credit font-article-copy\">(Image credit: Getty Images)<\/span><\/figcaption><\/figure>\n<\/div>\n<div id=\"article-body\" class=\"text-copy bodyCopy auto paywall-locker\">\n<div data-analytics-id=\"utility-bar\" id=\"utility-bar\" class=\"font-ui-heading flex justify-between items-center py-2 border-t border-b border-gray-300 border-solid mb-5 mx-auto\" data-component-name=\"UtilityBar\" data-mrf-recirculation=\"utility-bar\">\n<div class=\"flex gap-2 text-[#333] subcontainer\">\n<div class=\"relative tooltip-container\" role=\"tooltip\">\n<div data-component-name=\"Social:Dropdown\" role=\"menu\" id=\"utilitybar__dropdown--share\" aria-labelledby=\"utilitybar__button--share\" class=\"absolute left-0 top-full w-44 bg-white rounded-md shadow-md border border-neutral-200 z-[9996] list-none m-0 py-2 px-3 border-solid\">\n<ul class=\"m-0!\">\n<li class=\"!p-0 !m-0 list-none border-b border-gray-200 border-solid\">\n<li class=\"!p-0 !m-0 list-none border-b border-gray-200 border-solid\">\n<p>Facebook<\/p>\n<\/li>\n<li class=\"!p-0 !m-0 list-none border-b border-gray-200 border-solid\">\n<p>X<\/p>\n<\/li>\n<li class=\"!p-0 !m-0 list-none border-b border-gray-200 border-solid\">\n<p>Pinterest<\/p>\n<\/li>\n<li class=\"!p-0 !m-0 list-none border-b border-gray-200 border-solid\">\n<p>Email<\/p>\n<\/li>\n<\/ul>\n<\/div>\n<div class=\"font-ui-heading max-sm:hidden tooltip absolute left-1\/2 bg-gray-900 text-white text-xs leading-none px-3 py-1.5 rounded-md z-[10001] whitespace-nowrap\" id=\"tooltip-share-this-article\" role=\"tooltip\" aria-hidden=\"true\">\nShare this article\n<\/div>\n<\/div>\n<div class=\"relative tooltip-container\" role=\"tooltip\"><span class=\"ml-1 inline-flex h-5 px-2 shrink-0 items-center justify-center self-center overflow-hidden whitespace-nowrap rounded-[10px] bg-primary-500 text-[11px] leading-none font-ui-heading font-semibold text-white\">1<\/span><\/p>\n<div class=\"font-ui-heading max-sm:hidden tooltip absolute left-1\/2 bg-gray-900 text-white text-xs leading-none px-3 py-1.5 rounded-md z-[10001] whitespace-nowrap\" id=\"tooltip-join-the-conversation\" role=\"tooltip\" aria-hidden=\"true\">\nJoin the conversation\n<\/div>\n<\/div>\n<\/div>\n<div class=\"flex gap-2 text-[#333] subcontainer\">\n<div class=\"relative tooltip-container\" role=\"tooltip\">\n<p>Follow us<\/p>\n<div class=\"font-ui-heading max-sm:hidden tooltip absolute left-1\/2 bg-gray-900 text-white text-xs leading-none px-3 py-1.5 rounded-md z-[10001] whitespace-nowrap\" id=\"tooltip-add-us-as-a-preferred-source-on-google\" role=\"tooltip\" aria-hidden=\"true\">\nAdd us as a preferred source on Google\n<\/div>\n<\/div>\n<div class=\"relative tooltip-container\" role=\"tooltip\">\n<div class=\"font-ui-heading max-sm:hidden tooltip absolute left-1\/2 bg-gray-900 text-white text-xs leading-none px-3 py-1.5 rounded-md z-[10001] whitespace-nowrap\" id=\"tooltip-subscribe-to-our-newsletter\" role=\"tooltip\" aria-hidden=\"true\">\nSubscribe to our newsletter\n<\/div>\n<\/div>\n<\/div>\n<\/div>\n<p id=\"elk-250f99e8-9cd7-11f1-b889-db441444689c\">Three-time USPro road champion Megan Guarnier retired after 2018 but made a surprise return to racing earlier this year at USPro Road National Championships and finished 11th in the road race. She then continued director duties, staying stateside while Technical Director Tim Mitchell handled any international races for the CCB Kenetik p\/b Levine Law Firm team.<\/p>\n<p>The two planned to co-manage the next big UCI race in the US, the Philadelphia Cycling Classic on August 30. Now Guarnier has found her way from a seat in a team car to the saddle of a team bike, headed back to a race she won in 2016, which was the last year for the &#8220;Philly Classic&#8221;. The race is back and so is Guarnier.<\/p>\n<p id=\"elk-250f99e8-9cd7-11f1-b889-db441444689c-2\" aria-hidden=\"true\" class=\"kiosq-b\">&#8220;We have a few riders that will be racing Giro della Toscana Femminile with the US National Team and unfortunately, one of our riders, who was racing incredibly strong in Europe, had a season ending injury. We feel that it is important to show our support of the return of the Philly Cycling Classic with full representation from our CCB Kenetik p\/b Levine Law Group team,&#8221; Guarnier told <em>Cyclingnews<\/em>.<\/p>\n<div class=\"my-6 w-full overflow-hidden rounded-[10px] lg:my-8\" data-component-name=\"JwPlayer:Carousel\" data-jwp-carousel data-jwp-carousel-payload=\"{&quot;ids&quot;:{&quot;playerID&quot;:&quot;jYDCcabO&quot;,&quot;searchPlaylistID&quot;:&quot;gwjdoYHD&quot;,&quot;divID&quot;:&quot;botr_gwjdoYHD_jYDCcabO_div&quot;,&quot;fallbackPlaylistID&quot;:&quot;gwjdoYHD&quot;,&quot;fallbackDivID&quot;:&quot;botr_gwjdoYHD_jYDCcabO_div&quot;,&quot;key&quot;:&quot;X9\/mXVGac0NphghLH9hZaqWA5d3dhAM\/Ih07grnEyMLjuO2E&quot;,&quot;tintLogo&quot;:true,&quot;useSearchPlaylist&quot;:false,&quot;enabled&quot;:true},&quot;signPostingEnabled&quot;:true,&quot;signPostingLinkEnabled&quot;:true,&quot;waitForAdLoad&quot;:false,&quot;hidePlayerOnDesktop&quot;:false,&quot;hidePlayerOnMobile&quot;:false,&quot;hidePlayerOnTablet&quot;:false}\">\n<div class=\"flex flex-nowrap items-center justify-between gap-3 bg-zinc-900 px-[14px] py-3\" data-jwp-carousel-header>\n<div class=\"flex min-w-0 shrink items-center\"><span class=\"inline-flex items-center gap-1.5 text-sm font-article-heading capitalize leading-5 text-white whitespace-nowrap\"><span class=\"jwp-carousel-title-desktop\">Latest Videos From<\/span><span class=\"jwp-carousel-brand\">Cyclingnews<\/span><\/span><\/div>\n<\/div>\n<div class=\"min-h-[44px] bg-zinc-900 px-[14px] py-3\" data-jwp-carousel-signposting><a class=\"invisible block truncate text-sm font-bold leading-5 text-white underline decoration-solid underline-offset-2\" data-jwp-carousel-signposting-link href target=\"_blank\" rel=\"noopener noreferrer\"><span data-jwp-carousel-signposting-title>Watch full video here: <\/span><\/a><\/div>\n<\/div>\n<p aria-hidden=\"true\" class=\"kiosq-b\">The four-day Giro della Toscana Femminile in Italy takes place August 27-30, and the roster was not confirmed yet for Team USA, but Guarnier had many fewer riders she could keep in the US for the Philadelphia contest.<\/p>\n<p aria-hidden=\"true\" class=\"kiosq-b\">What does that mean really? It&#8217;s not a stunt, she wanted a full squad. And she said it was a unique way to help her young riders navigate the 14.4-mile circuit.<\/p>\n<aside data-component-name=\"Recirculation:ArticleRiver\" data-recirculation-type=\"inline\" data-mrf-recirculation=\"Trending Bar\" data-nosnippet class=\"clear-both pt-2 pb-0 mb-4\"><span class=\"\n            flex\n            after:content-[&apos;&apos;] after:flex-1 after:ml-4 after:my-[0.7rem] after:border-t after:border-solid after:border-t-[#ccc]\n            before:content-[&apos;&apos;] before:flex-1 before:mr-4 before:my-[0.7rem] before:border-t before:border-solid before:border-t-[#ccc]\n            font-article-heading pb-0 text-[length:var(--article-river-title--font-size,1em)] uppercase sm:text-[length:var(--article-river-title--font-size,0.875em)] font-bold\n        \"><br \/>\n            You may like<br \/>\n        <\/span><\/p>\n<ul class=\"flex flex-col gap-0 m-0 max-w-full\">\n<li class=\"m-0 list-none border-b border-solid border-[#ededed] py-2\" data-recirculation-id=\"recirculation-card-1\" id=\"recirculation-inline-1\" data-analytics-id=\"recirculation-inline-1\" data-mrf-recirculation=\"recirculation-inline-1\">\n    <source type=\"image\/webp\" srcset=\"https:\/\/cdn.mos.cms.futurecdn.net\/ZWLJj9gfmCjg62TMpCFt2d-250-80.jpg.webp 250w, https:\/\/cdn.mos.cms.futurecdn.net\/ZWLJj9gfmCjg62TMpCFt2d-150-80.jpg.webp 150w\" sizes=\"150px\" \/><span class=\"w-full text-base font-[var(--article-river-item--font-weight,500)] font-article-heading line-clamp-3 md:line-clamp-2\">Quinn Simmons, Luke Lamperti, Maggie Coles-Lyster and Kristen Faulkner among WorldTour riders confirmed for Philadelphia Cycling Classic<\/span><\/li>\n<li class=\"m-0 list-none border-b border-solid border-[#ededed] py-2\" data-recirculation-id=\"recirculation-card-2\" id=\"recirculation-inline-2\" data-analytics-id=\"recirculation-inline-2\" data-mrf-recirculation=\"recirculation-inline-2\">\n    <source type=\"image\/webp\" srcset=\"https:\/\/cdn.mos.cms.futurecdn.net\/JbdtRhSzSmfnMu7pTobY6T-250-80.jpg.webp 250w, https:\/\/cdn.mos.cms.futurecdn.net\/JbdtRhSzSmfnMu7pTobY6T-150-80.jpg.webp 150w\" sizes=\"150px\" \/><span class=\"w-full text-base font-[var(--article-river-item--font-weight,500)] font-article-heading line-clamp-3 md:line-clamp-2\">Vollering&#8217;s World Championships quest, Courtney&#8217;s WorldTour debut and big transfer intrigue \u2013 Six compelling storylines to follow in women&#8217;s cycling for the rest of 2026<\/span><\/li>\n<li class=\"m-0 list-none border-b border-solid border-[#ccc] py-2\" data-recirculation-id=\"recirculation-card-3\" id=\"recirculation-inline-3\" data-analytics-id=\"recirculation-inline-3\" data-mrf-recirculation=\"recirculation-inline-3\">\n    <source type=\"image\/webp\" srcset=\"https:\/\/cdn.mos.cms.futurecdn.net\/TaNDSftcehwVDmpM8fZMh9-250-80.jpg.webp 250w, https:\/\/cdn.mos.cms.futurecdn.net\/TaNDSftcehwVDmpM8fZMh9-150-80.jpg.webp 150w\" sizes=\"150px\" \/><span class=\"w-full text-base font-[var(--article-river-item--font-weight,500)] font-article-heading line-clamp-3 md:line-clamp-2\">US Road Championships: Kate Courtney outsprints Lauren Stephens to win elite women&#8217;s road race title<\/span><\/li>\n<\/ul>\n<\/aside>\n<p aria-hidden=\"true\" class=\"kiosq-b\">&#8220;It will be exciting for me to be back in the peloton, allowing a first-hand account of the race in real time, as opposed to being in the driver&#8217;s seat and hearing it over the radio.<\/p>\n<p aria-hidden=\"true\" class=\"kiosq-b\">&#8220;In this scenario, we can make quick decisions and execute confidently, while drawing on my experience from my time in the peloton. As I&#8217;m working with our riders on the road, we will also have one of the team directors, Tim Mitchell, in the car who has a great feel for racing dynamics.&#8221;<\/p>\n<div id=\"slice-container-newsletterForm-articleInbodyContent-dtQ3kux93aYAC44dRPAtb8\" class=\"slice-container newsletter-inbodyContent-slice newsletterForm-articleInbodyContent-dtQ3kux93aYAC44dRPAtb8 slice-container-newsletterForm\">\n<div data-hydrate=\"true\" class=\"newsletter-form__wrapper newsletter-form__wrapper--inbodyContent\">\n<div class=\"newsletter-form__container\">\n<section class=\"newsletter-form__top-bar\">\n<div class=\"newsletter-form__header\">Get The Leadout Newsletter<\/div>\n<\/section>\n<section class=\"newsletter-form__main-section\">\n<p class=\"newsletter-form__strapline\">The latest race content, interviews, features, reviews and expert buying guides, direct to your inbox!<\/p>\n<footer class=\"newsletter-form__footer \">By submitting your information you agree to the Terms &amp; Conditions and Privacy Policy and are aged 16 or over.<\/footer>\n<\/section>\n<\/div>\n<\/div>\n<\/div>\n<p aria-hidden=\"true\" class=\"kiosq-b\">The US domestic elite squad brings USPro U23 silver medalist in the time trial and road race Jorja Bond and Ella Brenneman, who had top-10s in the same U23 races. There are also Lizzie Gunsalus, Sabrina Hayes and Elizabeth Grier, with the 41-year-old veteran Guarnier. It is a young squad, with the five teammates averaging half the age of their &#8216;boss&#8217;, most of them not even out of grade school when Guarnier took the victory in Philadelphia 10 years ago.<\/p>\n<p aria-hidden=\"true\" class=\"kiosq-b\">Absent from the CCB lineup is USPro women&#8217;s U23 criterium silver medalist Lyllie Sonneman, who broke her elbow and wrist while racing on a block of Belgian kermesees. She finished runner-up in two races and won GP D\u00e9sire Goossens-Drongen.<\/p>\n<p aria-hidden=\"true\" class=\"kiosq-b\">&#8220;She was having such a good Euro block! She&#8217;s super tough though,&#8221; Guarnier said.<\/p>\n<p aria-hidden=\"true\" class=\"kiosq-b\">At the pinnacle of her 10-year career in 2016, Guarnier won GC titles at the women&#8217;s Giro d&#8217;Italia and Tour of California to secure the first-ever Women&#8217;s WorldTour title, and in between she soared across &#8216;Manayunk Wall&#8217; for the victory. That final year, the women&#8217;s race and men&#8217;s race both ended at the top of the tough 17% gradient in the Manayunk neighbourhood located eight miles away from downtown Philadelphia.<\/p>\n<p aria-hidden=\"true\" class=\"kiosq-b\">This year&#8217;s course will take in the famous Manayunk climb again, but on the original course used from 1985 to 2012 for the men and the first 19 years for the women&#8217;s race, known as The Liberty Classic. The route will begin and end near Logan Circle and the Benjamin Franklin Parkway in downtown Philadelphia with multiple passes of the hilly circuit.<\/p>\n<p id=\"elk-68cd6d8a-9cd8-11f1-9d38-99c299a8e88f\" aria-hidden=\"true\" class=\"kiosq-b\"><em><strong>For unbeatable coverage across road, gravel and tech, subscribe to Cyclingnews. You&#8217;ll get comprehensive race coverage of La Vuelta a Espa\u00f1a, subscriber-exclusive analysis from our expert columnists, in-depth features and industry-leading tech insight. Plus, the Cyclingnews app lets you follow the action wherever you go!<\/strong><\/em><em><strong>Join today<\/strong><\/em><em><strong>. <\/strong><\/em><\/p>\n<\/div>\n<div class=\"block mb-5\" id=\"articleTag\" data-component-name=\"PostArticleLinks\" data-nosnippet data-mrf-recirculation=\"post-article-links\">\n<div class=\"border-b border-b-black border-solid py-2.5 text-black font-bold uppercase\">TOPICS<\/div>\n<nav class=\"py-2.5 flex gap-2.5 flex-wrap\" data-analytics-id=\"article-tag\" data-mrf-recirculation=\"article-tag\">\n<p>North American<\/p>\n<\/nav>\n<\/div>\n<div id=\"slice-container-authorBio-dtQ3kux93aYAC44dRPAtb8\" class=\"slice-container slice-author-bio authorBio-dtQ3kux93aYAC44dRPAtb8 slice-container-authorBio\">\n<div class=\"author author__default-layout author--separator author--collapsible\" data-hydrate=\"true\">\n<div class=\"author__header\">\n<div class=\"author__avatar-block\">\n<figure class=\"image-wrapped__wrapper\" data-bordeaux-image-check=\"false\">\n<div class=\"image-wrapped__widthsetter\">\n<div class=\"image-wrapped__aspect-padding\">\n<div><source class=\"author__avatar image-wrapped__image image__image\" type=\"image\/gif\" srcset=\"https:\/\/cdn.mos.cms.futurecdn.net\/fnfpSfuM3neaK9DtSrBcKF-140-80.gif 140w\" sizes=\"99vw\" data-normal=\"https:\/\/cdn.mos.cms.futurecdn.net\/fnfpSfuM3neaK9DtSrBcKF.gif\" data-original-mos=\"https:\/\/cdn.mos.cms.futurecdn.net\/fnfpSfuM3neaK9DtSrBcKF.gif\" data-pin-media=\"https:\/\/cdn.mos.cms.futurecdn.net\/fnfpSfuM3neaK9DtSrBcKF.gif\" data-pin-nopin=\"true\" data-slice-image=\"true\" \/><\/div>\n<\/div>\n<\/div>\n<\/figure>\n<\/div>\n<div class=\"author__heading\">\n<div class=\"author__name\">Jackie Tyson<\/div>\n<div class=\"author__social\">\n<nav class=\"button-social-group author__social-buttons\" aria-labelledby=\"button-social-group- author__social-buttons\">\n<div id=\"button-social-group- author__social-buttons\">Social Links Navigation<\/div>\n<\/nav>\n<\/div>\n<div class=\"author__role\">North American Editor<\/div>\n<\/div>\n<\/div>\n<div class=\"author__bio-wrapper\">\n<div class=\"author__biography\">\n<p>Jackie has been involved in professional sports for more than 30 years in news reporting, sports marketing and public relations. She founded Peloton Sports in 1998, a sports marketing and public relations agency, which managed projects for Tour de Georgia, Larry H. Miller Tour of Utah and USA Cycling. She also founded Bike Alpharetta Inc, a Georgia non-profit to promote safe cycling. She is proud to have worked in professional baseball for six years &#8211; from selling advertising to pulling the tarp for several minor league teams. On the bike, she has climbed l&#8217;Alpe d&#8217;Huez three times (not fast), and spends time on gravel around horse farms in north Georgia.<\/p>\n<\/div>\n<\/div>\n<\/div>\n<\/div>\n<\/section>\n<div class=\"relative max-w-[1070px] viafoura-twig-component mt-6 mx-4 lg:mx-0\" data-component-name=\"Viafoura:Comments\" data-nosnippet data-community-guidelines-text=\"&lt;p class=&apos;vfcustom-community-guidelines&apos;&gt;Please follow our &lt;a href=&quot;https:\/\/www.cyclingnews.com\/about\/#section-community-guidelines&quot; target=&quot;_blank&quot;&gt;community guidelines&lt;\/a&gt;.&lt;\/p&gt;\" data-join-the-conversation-text=\"Join the Conversation\">\n<div class=\"absolute top-0 left-0 w-full h-full flex items-center justify-center z-50 bg-white\/90 border-1 rounded-b-[var(--comment-widget-border-radius,0)]\">\n<div class=\"p-2 text-center\">\n<p class=\"mb-3 text-lg!\">You must confirm your public display name before commenting<\/p>\n<p class=\"mb-3 text-sm!\">Please logout and then login again, you will then be prompted to enter your display name.<\/p>\n<\/div>\n<\/div>\n<\/div>\n<section class=\"mx-2 my-5 sm:mx-0\">\n<aside class=\"w-full\" data-nosnippet data-mrf-recirculation=\"article-river-stacked\">\n<div data-recirc-id=\"article-river-stacked-adviser:hybrid\">\n<div class=\"text-white py-4 px-3 mb-4 bg-[#333] uppercase font-bold custom-header-styles\">Read more<\/div>\n<div class=\"grid grid-cols-1 gap-4 mt-4 mb-5\">\n<div>\n<div class=\"aspect-[var(--img-listing-aspect-ratio,16\/9)] relative mb-3.5\">\n    <source type=\"image\/webp\" srcset=\"https:\/\/cdn.mos.cms.futurecdn.net\/ZWLJj9gfmCjg62TMpCFt2d-840-80.jpg.webp 840w, https:\/\/cdn.mos.cms.futurecdn.net\/ZWLJj9gfmCjg62TMpCFt2d-650-80.jpg.webp 650w, https:\/\/cdn.mos.cms.futurecdn.net\/ZWLJj9gfmCjg62TMpCFt2d-500-80.jpg.webp 500w, https:\/\/cdn.mos.cms.futurecdn.net\/ZWLJj9gfmCjg62TMpCFt2d-450-80.jpg.webp 450w, https:\/\/cdn.mos.cms.futurecdn.net\/ZWLJj9gfmCjg62TMpCFt2d-320-80.jpg.webp 320w\" sizes=\"(min-width: 900px) 925px, (min-width: 700px) 450px, calc(100vw - 48px)\" \/><\/div>\n<p><span class=\"custom-subheading-styles\">Teams &amp; Riders<\/span><span class=\"text-base text-black font-bold mx-0 my-2.5 p-0 block custom-text-styles\">Quinn Simmons, Luke Lamperti, Maggie Coles-Lyster and Kristen Faulkner among WorldTour riders confirmed for Philadelphia Cycling Classic<\/span><\/div>\n<div class=\"relative recirc-feed sponsored-card min-h-[250px]\" data-recirc-id=\"article-river-stacked-ads:native-cards\" data-mrf-recirculation=\"article-river-ads\" data-nosnippet data-ad-slot-path=\"feed-sponsored-post\" data-attribute-device=\"all\">\n<div class=\"max-w-full sponsored-post--placeholder animate-pulse\">\n<div class=\"relative!\"><span class=\"text-base text-black font-bold mx-0 my-2.5 p-0 block bg-gray-100\">\u00a0<br \/>\u00a0<\/span><\/div>\n<\/div>\n<\/div>\n<div>\n<div class=\"aspect-[var(--img-listing-aspect-ratio,16\/9)] relative mb-3.5\">\n    <source type=\"image\/webp\" srcset=\"https:\/\/cdn.mos.cms.futurecdn.net\/JbdtRhSzSmfnMu7pTobY6T-840-80.jpg.webp 840w, https:\/\/cdn.mos.cms.futurecdn.net\/JbdtRhSzSmfnMu7pTobY6T-650-80.jpg.webp 650w, https:\/\/cdn.mos.cms.futurecdn.net\/JbdtRhSzSmfnMu7pTobY6T-500-80.jpg.webp 500w, https:\/\/cdn.mos.cms.futurecdn.net\/JbdtRhSzSmfnMu7pTobY6T-450-80.jpg.webp 450w, https:\/\/cdn.mos.cms.futurecdn.net\/JbdtRhSzSmfnMu7pTobY6T-320-80.jpg.webp 320w\" sizes=\"(min-width: 900px) 925px, (min-width: 700px) 450px, calc(100vw - 48px)\" \/><\/div>\n<p><span class=\"custom-subheading-styles\">Women&#8217;s Cycling<\/span><span class=\"text-base text-black font-bold mx-0 my-2.5 p-0 block custom-text-styles\">Vollering&#8217;s World Championships quest, Courtney&#8217;s WorldTour debut and big transfer intrigue \u2013 Six compelling storylines to follow in women&#8217;s cycling for the rest of 2026<\/span><\/div>\n<div class=\"relative recirc-feed sponsored-card min-h-[250px]\" data-recirc-id=\"article-river-stacked-ads:native-cards\" data-mrf-recirculation=\"article-river-ads\" data-nosnippet data-ad-slot-path=\"feed-sponsored-post\" data-attribute-device=\"all\">\n<div class=\"max-w-full sponsored-post--placeholder animate-pulse\">\n<div class=\"relative!\"><span class=\"text-base text-black font-bold mx-0 my-2.5 p-0 block bg-gray-100\">\u00a0<br \/>\u00a0<\/span><\/div>\n<\/div>\n<\/div>\n<div>\n<div class=\"aspect-[var(--img-listing-aspect-ratio,16\/9)] relative mb-3.5\">\n    <source type=\"image\/webp\" srcset=\"https:\/\/cdn.mos.cms.futurecdn.net\/TaNDSftcehwVDmpM8fZMh9-840-80.jpg.webp 840w, https:\/\/cdn.mos.cms.futurecdn.net\/TaNDSftcehwVDmpM8fZMh9-650-80.jpg.webp 650w, https:\/\/cdn.mos.cms.futurecdn.net\/TaNDSftcehwVDmpM8fZMh9-500-80.jpg.webp 500w, https:\/\/cdn.mos.cms.futurecdn.net\/TaNDSftcehwVDmpM8fZMh9-450-80.jpg.webp 450w, https:\/\/cdn.mos.cms.futurecdn.net\/TaNDSftcehwVDmpM8fZMh9-320-80.jpg.webp 320w\" sizes=\"(min-width: 900px) 925px, (min-width: 700px) 450px, calc(100vw - 48px)\" \/><\/div>\n<p><span class=\"custom-subheading-styles\">Women&#8217;s Cycling<\/span><span class=\"text-base text-black font-bold mx-0 my-2.5 p-0 block custom-text-styles\">US Road Championships: Kate Courtney outsprints Lauren Stephens to win elite women&#8217;s road race title<\/span><\/div>\n<div class=\"relative recirc-feed sponsored-card min-h-[250px]\" data-recirc-id=\"article-river-stacked-ads:native-cards\" data-mrf-recirculation=\"article-river-ads\" data-nosnippet data-ad-slot-path=\"feed-sponsored-post\" data-attribute-device=\"all\">\n<div class=\"max-w-full sponsored-post--placeholder animate-pulse\">\n<div class=\"relative!\"><span class=\"text-base text-black font-bold mx-0 my-2.5 p-0 block bg-gray-100\">\u00a0<br \/>\u00a0<\/span><\/div>\n<\/div>\n<\/div>\n<div>\n<div class=\"aspect-[var(--img-listing-aspect-ratio,16\/9)] relative mb-3.5\">\n    <source type=\"image\/webp\" srcset=\"https:\/\/cdn.mos.cms.futurecdn.net\/ivmujjipPCTfRjAjt3eVGb-840-80.jpg.webp 840w, https:\/\/cdn.mos.cms.futurecdn.net\/ivmujjipPCTfRjAjt3eVGb-650-80.jpg.webp 650w, https:\/\/cdn.mos.cms.futurecdn.net\/ivmujjipPCTfRjAjt3eVGb-500-80.jpg.webp 500w, https:\/\/cdn.mos.cms.futurecdn.net\/ivmujjipPCTfRjAjt3eVGb-450-80.jpg.webp 450w, https:\/\/cdn.mos.cms.futurecdn.net\/ivmujjipPCTfRjAjt3eVGb-320-80.jpg.webp 320w\" sizes=\"(min-width: 900px) 925px, (min-width: 700px) 450px, calc(100vw - 48px)\" \/><\/div>\n<p><span class=\"custom-subheading-styles\">Women&#8217;s Cycling<\/span><span class=\"text-base text-black font-bold mx-0 my-2.5 p-0 block custom-text-styles\">&#8216;We still have Columbine, it&#8217;s still a climbing race&#8217; &#8211; Lauren Stephens returns from last year&#8217;s Leadville DSQ for attempt at victory 16 years in the making<\/span><\/div>\n<div class=\"relative recirc-feed sponsored-card min-h-[250px]\" data-recirc-id=\"article-river-stacked-ads:native-cards\" data-mrf-recirculation=\"article-river-ads\" data-nosnippet data-ad-slot-path=\"feed-sponsored-post\" data-attribute-device=\"all\">\n<div class=\"max-w-full sponsored-post--placeholder animate-pulse\">\n<div class=\"relative!\"><span class=\"text-base text-black font-bold mx-0 my-2.5 p-0 block bg-gray-100\">\u00a0<br \/>\u00a0<\/span><\/div>\n<\/div>\n<\/div>\n<div>\n<div class=\"aspect-[var(--img-listing-aspect-ratio,16\/9)] relative mb-3.5\">\n    <source type=\"image\/webp\" srcset=\"https:\/\/cdn.mos.cms.futurecdn.net\/RktS6xfeM3cRGVHJ8omGz6-840-80.jpg.webp 840w, https:\/\/cdn.mos.cms.futurecdn.net\/RktS6xfeM3cRGVHJ8omGz6-650-80.jpg.webp 650w, https:\/\/cdn.mos.cms.futurecdn.net\/RktS6xfeM3cRGVHJ8omGz6-500-80.jpg.webp 500w, https:\/\/cdn.mos.cms.futurecdn.net\/RktS6xfeM3cRGVHJ8omGz6-450-80.jpg.webp 450w, https:\/\/cdn.mos.cms.futurecdn.net\/RktS6xfeM3cRGVHJ8omGz6-320-80.jpg.webp 320w\" sizes=\"(min-width: 900px) 925px, (min-width: 700px) 450px, calc(100vw - 48px)\" \/><\/div>\n<p><span class=\"custom-subheading-styles\">Women&#8217;s Cycling<\/span><span class=\"text-base text-black font-bold mx-0 my-2.5 p-0 block custom-text-styles\">&#8216;New opportunity, a fresh page&#8217; \u2013 Kasia Niewiadoma-Phinney chases another Tour de France Femmes victory with team that delivers debuts for B\u00e4ckstedt, Kl\u00f6ser, Niedermaier<\/span><\/div>\n<div class=\"relative recirc-feed sponsored-card min-h-[250px]\" data-recirc-id=\"article-river-stacked-ads:native-cards\" data-mrf-recirculation=\"article-river-ads\" data-nosnippet data-ad-slot-path=\"feed-sponsored-post\" data-attribute-device=\"all\">\n<div class=\"max-w-full sponsored-post--placeholder animate-pulse\">\n<div class=\"relative!\"><span class=\"text-base text-black font-bold mx-0 my-2.5 p-0 block bg-gray-100\">\u00a0<br \/>\u00a0<\/span><\/div>\n<\/div>\n<\/div>\n<div>\n<div class=\"aspect-[var(--img-listing-aspect-ratio,16\/9)] relative mb-3.5\">\n    <source type=\"image\/webp\" srcset=\"https:\/\/cdn.mos.cms.futurecdn.net\/CBaMYsprNPmxBYpwrPCq5-840-80.jpg.webp 840w, https:\/\/cdn.mos.cms.futurecdn.net\/CBaMYsprNPmxBYpwrPCq5-650-80.jpg.webp 650w, https:\/\/cdn.mos.cms.futurecdn.net\/CBaMYsprNPmxBYpwrPCq5-500-80.jpg.webp 500w, https:\/\/cdn.mos.cms.futurecdn.net\/CBaMYsprNPmxBYpwrPCq5-450-80.jpg.webp 450w, https:\/\/cdn.mos.cms.futurecdn.net\/CBaMYsprNPmxBYpwrPCq5-320-80.jpg.webp 320w\" sizes=\"(min-width: 900px) 925px, (min-width: 700px) 450px, calc(100vw - 48px)\" \/><\/div>\n<p><span class=\"custom-subheading-styles\">Racing<\/span><span class=\"text-base text-black font-bold mx-0 my-2.5 p-0 block custom-text-styles\">Former world champion Lizzie Deignan takes up sports director role with British Cycling ahead of LA Olympics<\/span><\/div>\n<div class=\"relative recirc-feed sponsored-card min-h-[250px]\" data-recirc-id=\"article-river-stacked-ads:native-cards\" data-mrf-recirculation=\"article-river-ads\" data-nosnippet data-ad-slot-path=\"feed-sponsored-post\" data-attribute-device=\"all\">\n<div class=\"max-w-full sponsored-post--placeholder animate-pulse\">\n<div class=\"relative!\"><span class=\"text-base text-black font-bold mx-0 my-2.5 p-0 block bg-gray-100\">\u00a0<br \/>\u00a0<\/span><\/div>\n<\/div>\n<\/div>\n<\/div>\n<\/div>\n<\/aside>\n<aside class=\"w-full\" data-nosnippet data-mrf-recirculation=\"article-river-stacked\">\n<div data-recirc-id=\"article-river-stacked-solr:latest-category\">\n<div class=\"text-white py-4 px-3 mb-4 bg-[#333] uppercase font-bold custom-header-styles\">Latest in Women&#8217;s Cycling<\/div>\n<div class=\"grid grid-cols-1 gap-4 mt-4 mb-5\">\n<div>\n<div class=\"aspect-[var(--img-listing-aspect-ratio,16\/9)] relative mb-3.5\">\n    <source type=\"image\/webp\" srcset=\"https:\/\/cdn.mos.cms.futurecdn.net\/onxjykbjbXTp2YUWDDjnF3-840-80.jpg.webp 840w, https:\/\/cdn.mos.cms.futurecdn.net\/onxjykbjbXTp2YUWDDjnF3-650-80.jpg.webp 650w, https:\/\/cdn.mos.cms.futurecdn.net\/onxjykbjbXTp2YUWDDjnF3-500-80.jpg.webp 500w, https:\/\/cdn.mos.cms.futurecdn.net\/onxjykbjbXTp2YUWDDjnF3-450-80.jpg.webp 450w, https:\/\/cdn.mos.cms.futurecdn.net\/onxjykbjbXTp2YUWDDjnF3-320-80.jpg.webp 320w\" sizes=\"(min-width: 900px) 925px, (min-width: 700px) 450px, calc(100vw - 48px)\" \/><\/div>\n<p><span class=\"custom-subheading-styles\">Women&#8217;s Cycling<\/span><span class=\"text-base text-black font-bold mx-0 my-2.5 p-0 block custom-text-styles\">Lotte Kopecky pulls out of Tour of Britain Women<\/span><\/div>\n<div class=\"relative recirc-feed sponsored-card min-h-[250px]\" data-recirc-id=\"article-river-stacked-ads:native-cards\" data-mrf-recirculation=\"article-river-ads\" data-nosnippet data-ad-slot-path=\"feed-sponsored-post\" data-attribute-device=\"all\">\n<div class=\"max-w-full sponsored-post--placeholder animate-pulse\">\n<div class=\"relative!\"><span class=\"text-base text-black font-bold mx-0 my-2.5 p-0 block bg-gray-100\">\u00a0<br \/>\u00a0<\/span><\/div>\n<\/div>\n<\/div>\n<div>\n<div class=\"aspect-[var(--img-listing-aspect-ratio,16\/9)] relative mb-3.5\">\n    <source type=\"image\/webp\" srcset=\"https:\/\/cdn.mos.cms.futurecdn.net\/zVJvoGMBete8FgwMHc7JTE-840-80.jpg.webp 840w, https:\/\/cdn.mos.cms.futurecdn.net\/zVJvoGMBete8FgwMHc7JTE-650-80.jpg.webp 650w, https:\/\/cdn.mos.cms.futurecdn.net\/zVJvoGMBete8FgwMHc7JTE-500-80.jpg.webp 500w, https:\/\/cdn.mos.cms.futurecdn.net\/zVJvoGMBete8FgwMHc7JTE-450-80.jpg.webp 450w, https:\/\/cdn.mos.cms.futurecdn.net\/zVJvoGMBete8FgwMHc7JTE-320-80.jpg.webp 320w\" sizes=\"(min-width: 900px) 925px, (min-width: 700px) 450px, calc(100vw - 48px)\" \/><\/div>\n<p><span class=\"custom-subheading-styles\">Women&#8217;s Cycling<\/span><span class=\"text-base text-black font-bold mx-0 my-2.5 p-0 block custom-text-styles\">&#8216;A huge step-up and a lot to learn&#8217; \u2013 Kate Courtney swiftly adapting to WorldTour racing with FDJ United-Suez at the Tour of Britain Women<\/span><\/div>\n<div class=\"relative recirc-feed sponsored-card min-h-[250px]\" data-recirc-id=\"article-river-stacked-ads:native-cards\" data-mrf-recirculation=\"article-river-ads\" data-nosnippet data-ad-slot-path=\"feed-sponsored-post\" data-attribute-device=\"all\">\n<div class=\"max-w-full sponsored-post--placeholder animate-pulse\">\n<div class=\"relative!\"><span class=\"text-base text-black font-bold mx-0 my-2.5 p-0 block bg-gray-100\">\u00a0<br \/>\u00a0<\/span><\/div>\n<\/div>\n<\/div>\n<div>\n<div class=\"aspect-[var(--img-listing-aspect-ratio,16\/9)] relative mb-3.5\">\n    <source type=\"image\/webp\" srcset=\"https:\/\/cdn.mos.cms.futurecdn.net\/pUQ2PnASq6czdvMoqTQbcQ-840-80.jpg.webp 840w, https:\/\/cdn.mos.cms.futurecdn.net\/pUQ2PnASq6czdvMoqTQbcQ-650-80.jpg.webp 650w, https:\/\/cdn.mos.cms.futurecdn.net\/pUQ2PnASq6czdvMoqTQbcQ-500-80.jpg.webp 500w, https:\/\/cdn.mos.cms.futurecdn.net\/pUQ2PnASq6czdvMoqTQbcQ-450-80.jpg.webp 450w, https:\/\/cdn.mos.cms.futurecdn.net\/pUQ2PnASq6czdvMoqTQbcQ-320-80.jpg.webp 320w\" sizes=\"(min-width: 900px) 925px, (min-width: 700px) 450px, calc(100vw - 48px)\" \/><\/div>\n<p><span class=\"custom-subheading-styles\">Safety<\/span><span class=\"text-base text-black font-bold mx-0 my-2.5 p-0 block custom-text-styles\">&#8216;Cars from the general public coming at me from all directions&#8217; \u2013 Maeve Plouffe narrowly avoids being hit by driver at Tour of Britain Women<\/span><\/div>\n<div class=\"relative recirc-feed sponsored-card min-h-[250px]\" data-recirc-id=\"article-river-stacked-ads:native-cards\" data-mrf-recirculation=\"article-river-ads\" data-nosnippet data-ad-slot-path=\"feed-sponsored-post\" data-attribute-device=\"all\">\n<div class=\"max-w-full sponsored-post--placeholder animate-pulse\">\n<div class=\"relative!\"><span class=\"text-base text-black font-bold mx-0 my-2.5 p-0 block bg-gray-100\">\u00a0<br \/>\u00a0<\/span><\/div>\n<\/div>\n<\/div>\n<div>\n<div class=\"aspect-[var(--img-listing-aspect-ratio,16\/9)] relative mb-3.5\">\n    <source type=\"image\/webp\" srcset=\"https:\/\/cdn.mos.cms.futurecdn.net\/bZxVhX8Vooh9Dn8NjCW2bP-840-80.jpg.webp 840w, https:\/\/cdn.mos.cms.futurecdn.net\/bZxVhX8Vooh9Dn8NjCW2bP-650-80.jpg.webp 650w, https:\/\/cdn.mos.cms.futurecdn.net\/bZxVhX8Vooh9Dn8NjCW2bP-500-80.jpg.webp 500w, https:\/\/cdn.mos.cms.futurecdn.net\/bZxVhX8Vooh9Dn8NjCW2bP-450-80.jpg.webp 450w, https:\/\/cdn.mos.cms.futurecdn.net\/bZxVhX8Vooh9Dn8NjCW2bP-320-80.jpg.webp 320w\" sizes=\"(min-width: 900px) 925px, (min-width: 700px) 450px, calc(100vw - 48px)\" \/><\/div>\n<p><span class=\"custom-subheading-styles\">Women&#8217;s Cycling<\/span><span class=\"text-base text-black font-bold mx-0 my-2.5 p-0 block custom-text-styles\">&#8216;Out of my comfort zone&#8217; \u2013 Kim Le Court-Pienaar breaks new ground in Tour of Britain Women sprint finish en route to Montreal Worlds bid<\/span><\/div>\n<div class=\"relative recirc-feed sponsored-card min-h-[250px]\" data-recirc-id=\"article-river-stacked-ads:native-cards\" data-mrf-recirculation=\"article-river-ads\" data-nosnippet data-ad-slot-path=\"feed-sponsored-post\" data-attribute-device=\"all\">\n<div class=\"max-w-full sponsored-post--placeholder animate-pulse\">\n<div class=\"relative!\"><span class=\"text-base text-black font-bold mx-0 my-2.5 p-0 block bg-gray-100\">\u00a0<br \/>\u00a0<\/span><\/div>\n<\/div>\n<\/div>\n<div>\n<div class=\"aspect-[var(--img-listing-aspect-ratio,16\/9)] relative mb-3.5\">\n    <source type=\"image\/webp\" srcset=\"https:\/\/cdn.mos.cms.futurecdn.net\/qUtBWLaTFQihN9RdSStaP-840-80.jpg.webp 840w, https:\/\/cdn.mos.cms.futurecdn.net\/qUtBWLaTFQihN9RdSStaP-650-80.jpg.webp 650w, https:\/\/cdn.mos.cms.futurecdn.net\/qUtBWLaTFQihN9RdSStaP-500-80.jpg.webp 500w, https:\/\/cdn.mos.cms.futurecdn.net\/qUtBWLaTFQihN9RdSStaP-450-80.jpg.webp 450w, https:\/\/cdn.mos.cms.futurecdn.net\/qUtBWLaTFQihN9RdSStaP-320-80.jpg.webp 320w\" sizes=\"(min-width: 900px) 925px, (min-width: 700px) 450px, calc(100vw - 48px)\" \/><\/div>\n<p><span class=\"custom-subheading-styles\">Women&#8217;s Cycling<\/span><span class=\"text-base text-black font-bold mx-0 my-2.5 p-0 block custom-text-styles\">Tour of Britain Women halted for half an hour as road traffic crash blocks the course<\/span><\/div>\n<div class=\"relative recirc-feed sponsored-card min-h-[250px]\" data-recirc-id=\"article-river-stacked-ads:native-cards\" data-mrf-recirculation=\"article-river-ads\" data-nosnippet data-ad-slot-path=\"feed-sponsored-post\" data-attribute-device=\"all\">\n<div class=\"max-w-full sponsored-post--placeholder animate-pulse\">\n<div class=\"relative!\"><span class=\"text-base text-black font-bold mx-0 my-2.5 p-0 block bg-gray-100\">\u00a0<br \/>\u00a0<\/span><\/div>\n<\/div>\n<\/div>\n<div>\n<div class=\"aspect-[var(--img-listing-aspect-ratio,16\/9)] relative mb-3.5\">\n    <source type=\"image\/webp\" srcset=\"https:\/\/cdn.mos.cms.futurecdn.net\/od2Kuk2gmsfSRZbB9titrA-840-80.jpg.webp 840w, https:\/\/cdn.mos.cms.futurecdn.net\/od2Kuk2gmsfSRZbB9titrA-650-80.jpg.webp 650w, https:\/\/cdn.mos.cms.futurecdn.net\/od2Kuk2gmsfSRZbB9titrA-500-80.jpg.webp 500w, https:\/\/cdn.mos.cms.futurecdn.net\/od2Kuk2gmsfSRZbB9titrA-450-80.jpg.webp 450w, https:\/\/cdn.mos.cms.futurecdn.net\/od2Kuk2gmsfSRZbB9titrA-320-80.jpg.webp 320w\" sizes=\"(min-width: 900px) 925px, (min-width: 700px) 450px, calc(100vw - 48px)\" \/><\/div>\n<p><span class=\"custom-subheading-styles\">Women&#8217;s Cycling<\/span><span class=\"text-base text-black font-bold mx-0 my-2.5 p-0 block custom-text-styles\">Tour of Britain Women: Lorena Wiebes doubles up with long-range sprint to win stage 2<\/span><\/div>\n<div class=\"relative recirc-feed sponsored-card min-h-[250px]\" data-recirc-id=\"article-river-stacked-ads:native-cards\" data-mrf-recirculation=\"article-river-ads\" data-nosnippet data-ad-slot-path=\"feed-sponsored-post\" data-attribute-device=\"all\">\n<div class=\"max-w-full sponsored-post--placeholder animate-pulse\">\n<div class=\"relative!\"><span class=\"text-base text-black font-bold mx-0 my-2.5 p-0 block bg-gray-100\">\u00a0<br \/>\u00a0<\/span><\/div>\n<\/div>\n<\/div>\n<\/div>\n<\/div>\n<\/aside>\n<aside class=\"w-full\" data-nosnippet data-mrf-recirculation=\"article-river-stacked\">\n<div data-recirc-id=\"article-river-stacked-solr:latest-articletype\">\n<div class=\"text-white py-4 px-3 mb-4 bg-[#333] uppercase font-bold custom-header-styles\">Latest in News<\/div>\n<div class=\"grid grid-cols-1 gap-4 mt-4 mb-5\">\n<div>\n<div class=\"aspect-[var(--img-listing-aspect-ratio,16\/9)] relative mb-3.5\">\n    <source type=\"image\/webp\" srcset=\"https:\/\/cdn.mos.cms.futurecdn.net\/onxjykbjbXTp2YUWDDjnF3-840-80.jpg.webp 840w, https:\/\/cdn.mos.cms.futurecdn.net\/onxjykbjbXTp2YUWDDjnF3-650-80.jpg.webp 650w, https:\/\/cdn.mos.cms.futurecdn.net\/onxjykbjbXTp2YUWDDjnF3-500-80.jpg.webp 500w, https:\/\/cdn.mos.cms.futurecdn.net\/onxjykbjbXTp2YUWDDjnF3-450-80.jpg.webp 450w, https:\/\/cdn.mos.cms.futurecdn.net\/onxjykbjbXTp2YUWDDjnF3-320-80.jpg.webp 320w\" sizes=\"(min-width: 900px) 925px, (min-width: 700px) 450px, calc(100vw - 48px)\" \/><\/div>\n<p><span class=\"custom-subheading-styles\">Women&#8217;s Cycling<\/span><span class=\"text-base text-black font-bold mx-0 my-2.5 p-0 block custom-text-styles\">Lotte Kopecky pulls out of Tour of Britain Women<\/span><\/div>\n<div class=\"relative recirc-feed sponsored-card min-h-[250px]\" data-recirc-id=\"article-river-stacked-ads:native-cards\" data-mrf-recirculation=\"article-river-ads\" data-nosnippet data-ad-slot-path=\"feed-sponsored-post\" data-attribute-device=\"all\">\n<div class=\"max-w-full sponsored-post--placeholder animate-pulse\">\n<div class=\"relative!\"><span class=\"text-base text-black font-bold mx-0 my-2.5 p-0 block bg-gray-100\">\u00a0<br \/>\u00a0<\/span><\/div>\n<\/div>\n<\/div>\n<div>\n<div class=\"aspect-[var(--img-listing-aspect-ratio,16\/9)] relative mb-3.5\">\n    <source type=\"image\/webp\" srcset=\"https:\/\/cdn.mos.cms.futurecdn.net\/m3Jt9LNmhTEMRgsrgWE9vG-840-80.jpg.webp 840w, https:\/\/cdn.mos.cms.futurecdn.net\/m3Jt9LNmhTEMRgsrgWE9vG-650-80.jpg.webp 650w, https:\/\/cdn.mos.cms.futurecdn.net\/m3Jt9LNmhTEMRgsrgWE9vG-500-80.jpg.webp 500w, https:\/\/cdn.mos.cms.futurecdn.net\/m3Jt9LNmhTEMRgsrgWE9vG-450-80.jpg.webp 450w, https:\/\/cdn.mos.cms.futurecdn.net\/m3Jt9LNmhTEMRgsrgWE9vG-320-80.jpg.webp 320w\" sizes=\"(min-width: 900px) 925px, (min-width: 700px) 450px, calc(100vw - 48px)\" \/><\/div>\n<p><span class=\"custom-subheading-styles\">Teams &amp; Riders<\/span><span class=\"text-base text-black font-bold mx-0 my-2.5 p-0 block custom-text-styles\">&#8216;It only depends on my legs&#8217; \u2013 Jo\u00e3o Almeida eyes possible &#8216;Plan B&#8217; GC bid alongside teammate Tadej Poga\u010dar at Vuelta a Espa\u00f1a<\/span><\/div>\n<div class=\"relative recirc-feed sponsored-card min-h-[250px]\" data-recirc-id=\"article-river-stacked-ads:native-cards\" data-mrf-recirculation=\"article-river-ads\" data-nosnippet data-ad-slot-path=\"feed-sponsored-post\" data-attribute-device=\"all\">\n<div class=\"max-w-full sponsored-post--placeholder animate-pulse\">\n<div class=\"relative!\"><span class=\"text-base text-black font-bold mx-0 my-2.5 p-0 block bg-gray-100\">\u00a0<br \/>\u00a0<\/span><\/div>\n<\/div>\n<\/div>\n<div>\n<div class=\"aspect-[var(--img-listing-aspect-ratio,16\/9)] relative mb-3.5\">\n    <source type=\"image\/webp\" srcset=\"https:\/\/cdn.mos.cms.futurecdn.net\/preyXU8URFip5kJRmtcp5W-840-80.jpg.webp 840w, https:\/\/cdn.mos.cms.futurecdn.net\/preyXU8URFip5kJRmtcp5W-650-80.jpg.webp 650w, https:\/\/cdn.mos.cms.futurecdn.net\/preyXU8URFip5kJRmtcp5W-500-80.jpg.webp 500w, https:\/\/cdn.mos.cms.futurecdn.net\/preyXU8URFip5kJRmtcp5W-450-80.jpg.webp 450w, https:\/\/cdn.mos.cms.futurecdn.net\/preyXU8URFip5kJRmtcp5W-320-80.jpg.webp 320w\" sizes=\"(min-width: 900px) 925px, (min-width: 700px) 450px, calc(100vw - 48px)\" \/><\/div>\n<p><span class=\"custom-subheading-styles\">Teams &amp; Riders<\/span><span class=\"text-base text-black font-bold mx-0 my-2.5 p-0 block custom-text-styles\">Julian Alaphilippe has reportedly called an early end to his professional racing career<\/span><\/div>\n<div class=\"relative recirc-feed sponsored-card min-h-[250px]\" data-recirc-id=\"article-river-stacked-ads:native-cards\" data-mrf-recirculation=\"article-river-ads\" data-nosnippet data-ad-slot-path=\"feed-sponsored-post\" data-attribute-device=\"all\">\n<div class=\"max-w-full sponsored-post--placeholder animate-pulse\">\n<div class=\"relative!\"><span class=\"text-base text-black font-bold mx-0 my-2.5 p-0 block bg-gray-100\">\u00a0<br \/>\u00a0<\/span><\/div>\n<\/div>\n<\/div>\n<div>\n<div class=\"aspect-[var(--img-listing-aspect-ratio,16\/9)] relative mb-3.5\">\n    <source type=\"image\/webp\" srcset=\"https:\/\/cdn.mos.cms.futurecdn.net\/zVJvoGMBete8FgwMHc7JTE-840-80.jpg.webp 840w, https:\/\/cdn.mos.cms.futurecdn.net\/zVJvoGMBete8FgwMHc7JTE-650-80.jpg.webp 650w, https:\/\/cdn.mos.cms.futurecdn.net\/zVJvoGMBete8FgwMHc7JTE-500-80.jpg.webp 500w, https:\/\/cdn.mos.cms.futurecdn.net\/zVJvoGMBete8FgwMHc7JTE-450-80.jpg.webp 450w, https:\/\/cdn.mos.cms.futurecdn.net\/zVJvoGMBete8FgwMHc7JTE-320-80.jpg.webp 320w\" sizes=\"(min-width: 900px) 925px, (min-width: 700px) 450px, calc(100vw - 48px)\" \/><\/div>\n<p><span class=\"custom-subheading-styles\">Women&#8217;s Cycling<\/span><span class=\"text-base text-black font-bold mx-0 my-2.5 p-0 block custom-text-styles\">&#8216;A huge step-up and a lot to learn&#8217; \u2013 Kate Courtney swiftly adapting to WorldTour racing with FDJ United-Suez at the Tour of Britain Women<\/span><\/div>\n<div class=\"relative recirc-feed sponsored-card min-h-[250px]\" data-recirc-id=\"article-river-stacked-ads:native-cards\" data-mrf-recirculation=\"article-river-ads\" data-nosnippet data-ad-slot-path=\"feed-sponsored-post\" data-attribute-device=\"all\">\n<div class=\"max-w-full sponsored-post--placeholder animate-pulse\">\n<div class=\"relative!\"><span class=\"text-base text-black font-bold mx-0 my-2.5 p-0 block bg-gray-100\">\u00a0<br \/>\u00a0<\/span><\/div>\n<\/div>\n<\/div>\n<div>\n<div class=\"aspect-[var(--img-listing-aspect-ratio,16\/9)] relative mb-3.5\">\n    <source type=\"image\/webp\" srcset=\"https:\/\/cdn.mos.cms.futurecdn.net\/qrT26Xteho8U5gshkKC8f9-840-80.jpg.webp 840w, https:\/\/cdn.mos.cms.futurecdn.net\/qrT26Xteho8U5gshkKC8f9-650-80.jpg.webp 650w, https:\/\/cdn.mos.cms.futurecdn.net\/qrT26Xteho8U5gshkKC8f9-500-80.jpg.webp 500w, https:\/\/cdn.mos.cms.futurecdn.net\/qrT26Xteho8U5gshkKC8f9-450-80.jpg.webp 450w, https:\/\/cdn.mos.cms.futurecdn.net\/qrT26Xteho8U5gshkKC8f9-320-80.jpg.webp 320w\" sizes=\"(min-width: 900px) 925px, (min-width: 700px) 450px, calc(100vw - 48px)\" \/><\/div>\n<p><span class=\"custom-subheading-styles\">Teams &amp; Riders<\/span><span class=\"text-base text-black font-bold mx-0 my-2.5 p-0 block custom-text-styles\">&#8216;I haven&#8217;t even enjoyed any training this year, it&#8217;s been that bad&#8217; &#8211; Mikel Landa in survival mode at the Vuelta a Espa\u00f1a.<\/span><\/div>\n<div class=\"relative recirc-feed sponsored-card min-h-[250px]\" data-recirc-id=\"article-river-stacked-ads:native-cards\" data-mrf-recirculation=\"article-river-ads\" data-nosnippet data-ad-slot-path=\"feed-sponsored-post\" data-attribute-device=\"all\">\n<div class=\"max-w-full sponsored-post--placeholder animate-pulse\">\n<div class=\"relative!\"><span class=\"text-base text-black font-bold mx-0 my-2.5 p-0 block bg-gray-100\">\u00a0<br \/>\u00a0<\/span><\/div>\n<\/div>\n<\/div>\n<div>\n<div class=\"aspect-[var(--img-listing-aspect-ratio,16\/9)] relative mb-3.5\">\n    <source type=\"image\/webp\" srcset=\"https:\/\/cdn.mos.cms.futurecdn.net\/pUQ2PnASq6czdvMoqTQbcQ-840-80.jpg.webp 840w, https:\/\/cdn.mos.cms.futurecdn.net\/pUQ2PnASq6czdvMoqTQbcQ-650-80.jpg.webp 650w, https:\/\/cdn.mos.cms.futurecdn.net\/pUQ2PnASq6czdvMoqTQbcQ-500-80.jpg.webp 500w, https:\/\/cdn.mos.cms.futurecdn.net\/pUQ2PnASq6czdvMoqTQbcQ-450-80.jpg.webp 450w, https:\/\/cdn.mos.cms.futurecdn.net\/pUQ2PnASq6czdvMoqTQbcQ-320-80.jpg.webp 320w\" sizes=\"(min-width: 900px) 925px, (min-width: 700px) 450px, calc(100vw - 48px)\" \/><\/div>\n<p><span class=\"custom-subheading-styles\">Safety<\/span><span class=\"text-base text-black font-bold mx-0 my-2.5 p-0 block custom-text-styles\">&#8216;Cars from the general public coming at me from all directions&#8217; \u2013 Maeve Plouffe narrowly avoids being hit by driver at Tour of Britain Women<\/span><\/div>\n<div class=\"relative recirc-feed sponsored-card min-h-[250px]\" data-recirc-id=\"article-river-stacked-ads:native-cards\" data-mrf-recirculation=\"article-river-ads\" data-nosnippet data-ad-slot-path=\"feed-sponsored-post\" data-attribute-device=\"all\">\n<div class=\"max-w-full sponsored-post--placeholder animate-pulse\">\n<div class=\"relative!\"><span class=\"text-base text-black font-bold mx-0 my-2.5 p-0 block bg-gray-100\">\u00a0<br \/>\u00a0<\/span><\/div>\n<\/div>\n<\/div>\n<\/div>\n<\/div>\n<\/aside>\n<\/section>\n<\/div>\n<\/div>\n<\/div>\n<div id=\"widgetArea17\" class=\"widget-area md:basis-1\/3 widget-area-g-md-vp-1-3 widget-area-g-lg-vp-1-3 widget-area-g-xl-vp-1-3 page-widget-area-17\">\n<div data-widget-type=\"dynamic\" id=\"popular-data\" class=\"clear-both widget widget-dynamic widget-popular-data widget-dynamic-popular-data widget-dynamic-fter-popular-box\">\n<div class=\"wdn-fte-pb pos-relative space-t20\n\"><\/p>\n<div class=\"slice-container popular-box-slice\">\n<section class=\"popular-box\" data-component-name=\"Slice:PopularBox\">\n<div class=\"popular-box__label\">\n<div class=\"popular-box__label__tab popular-box__label__tab--active\" role=\"heading\">\nLATEST ARTICLES\n<\/div>\n<\/div>\n<ol class=\"popular-box__articles-list popular-box__articles-list--active\">\n<li class=\"popular-box__article-list\">\n<div class=\"popular-box__article-list__container\">\n<div class=\"popular-box__article-list__image-wrapper\">\n<div>\n<source type=\"image\/webp\" srcset=\"https:\/\/cdn.mos.cms.futurecdn.net\/onxjykbjbXTp2YUWDDjnF3-1280-80.jpg.webp 1280w, https:\/\/cdn.mos.cms.futurecdn.net\/onxjykbjbXTp2YUWDDjnF3-720-80.jpg.webp 720w, https:\/\/cdn.mos.cms.futurecdn.net\/onxjykbjbXTp2YUWDDjnF3-640-80.jpg.webp 640w, https:\/\/cdn.mos.cms.futurecdn.net\/onxjykbjbXTp2YUWDDjnF3-320-80.jpg.webp 320w\" sizes=\"99vw\" \/><\/div>\n<\/div>\n<div class=\"popular-box__article-list__content\">\n<div class=\"popular-box__article-list__number-text\">1<\/div>\n<div class=\"popular-box__article-list__heading\">\n<p>Lotte Kopecky pulls out of Tour of Britain Women<\/p>\n<\/div>\n<\/div>\n<\/div>\n<\/li>\n<li class=\"popular-box__article-list\">\n<div class=\"popular-box__article-list__container\">\n<div class=\"popular-box__article-list__content\">\n<div class=\"popular-box__article-list__number-text\">2<\/div>\n<div class=\"popular-box__article-list__heading\">\n<p>&#8216;It only depends on my legs&#8217; \u2013 Jo\u00e3o Almeida eyes possible &#8216;Plan B&#8217; GC bid alongside teammate Tadej Poga\u010dar at Vuelta a Espa\u00f1a<\/p>\n<\/div>\n<\/div>\n<\/div>\n<\/li>\n<li class=\"popular-box__article-list\">\n<div class=\"popular-box__article-list__container\">\n<div class=\"popular-box__article-list__content\">\n<div class=\"popular-box__article-list__number-text\">3<\/div>\n<div class=\"popular-box__article-list__heading\">\n<p>&#8216;I haven&#8217;t even enjoyed any training this year, it&#8217;s been that bad&#8217; &#8211; Mikel Landa in survival mode at the Vuelta a Espa\u00f1a.<\/p>\n<\/div>\n<\/div>\n<\/div>\n<\/li>\n<li class=\"popular-box__article-list\">\n<div class=\"popular-box__article-list__container\">\n<div class=\"popular-box__article-list__content\">\n<div class=\"popular-box__article-list__number-text\">4<\/div>\n<div class=\"popular-box__article-list__heading\">\n<p>Julian Alaphilippe has reportedly called an early end to his professional racing career<\/p>\n<\/div>\n<\/div>\n<\/div>\n<\/li>\n<li class=\"popular-box__article-list\">\n<div class=\"popular-box__article-list__container\">\n<div class=\"popular-box__article-list__content\">\n<div class=\"popular-box__article-list__number-text\">5<\/div>\n<div class=\"popular-box__article-list__heading\">\n<p>&#8216;A huge step-up and a lot to learn&#8217; \u2013 Kate Courtney swiftly adapting to WorldTour racing with FDJ United-Suez at the Tour of Britain Women<\/p>\n<\/div>\n<\/div>\n<\/div>\n<\/li>\n<\/ol>\n<\/section>\n<\/div>\n<\/div>\n<\/div>\n<\/div>\n<\/div>\n<\/article>\n<article class=\"page-content-onecol flex-1\nnews-article article\n\"><\/p>\n<div class=\"widget-area-group widget-area-group-2col flex flex-wrap box-border\">\n<div id=\"widgetArea16\" class=\"widget-area basis-full md:basis-2\/3 widget-area-g-md-vp-2-3 widget-area-g-lg-vp-2-3 widget-area-g-xl-vp-2-3 page-widget-area-16\">\n<div data-widget-type=\"hero\" id=\"hero\" class=\"clear-both widget widget-hero widget-hero widget-hero-hero widget-hero widget-hero-fter-news\">\n<div class=\"news-article\">\n<header data-component-name=\"Article:Hero\">\n<nav class=\"breadcrumb\" aria-label=\"Breadcrumbs\">\n<ol>\n<li>\nPro Cycling\n<\/li>\n<li>\nRacing\n<\/li>\n<li>\nWomen&#8217;s Cycling\n<\/li>\n<li>\nRoad\n<\/li>\n<li>\nPhiladelphia Cycling Classic Women\n<\/li>\n<\/ol>\n<\/nav>\n<h1>&#8216;We can make quick decisions&#8217; &#8211; Megan Guarnier switches from driver&#8217;s seat to race bike to guide US women&#8217;s team at Philadelphia Cycling Classic<\/h1>\n<div class=\"byline-social\">\n<div class=\"vds-byline-block flex flex-row flex-nowrap my-1.5 gap-2 text-left items-start justify-start\" data-component-name=\"Article:BylineBlock\">\n<p>News<\/p>\n<div class=\"my-auto vds-simple-byline\"><span class=\"inline-block vds-author\"><br \/>\nBy<br \/>\nJackie Tyson <\/span><\/p>\n<div class=\"flex gap-1 vds-byline-with-avatar__meta\"><span class=\"vds-date block font-normal tracking-normal normal-case text-xs\"><br \/>\nPublished<br \/>\n<time data-component-name=\"UI:DateTime\" datetime=\"2026-08-20T21:06:07Z\" class=\"relative-date\"><br \/>\n20 August 2026<br \/>\n<\/time><\/span><\/div>\n<\/div>\n<\/div>\n<p class=\"strapline\">Former Women&#8217;s WorldTour champion was the last woman on the podium at US UCI race 10 years ago<\/p>\n<\/div>\n<aside class=\"text-gray-700 flex items-center mx-0 my-5 p-0 justify-start text-left\" id=\"affiliate-disclaimer\" data-component-name=\"AffiliateDisclaimer\" data-hawk-message=\"Affiliate disclaimer removed because hawk deemed there are no affiliate links on this page\">\n<p class=\"text-[color:var(--affiliate-disclaimer--text-color,inherit)] mb-2 text-[length:var(--affiliate-disclaimer--font-size,0.75rem)] leading-[18px] md:text-[13px] [&amp;&gt;a]:text-inherit [&amp;&gt;a]:underline\">\nWhen you purchase through links on our site, we may earn an affiliate commission. Here\u2019s how it works.\n<\/p>\n<\/aside>\n<\/header>\n<\/div>\n<\/div>\n<div data-widget-type=\"contentparsed\" id=\"content\" class=\"clear-both widget widget-contentparsed widget-content widget-contentparsed-content widget-content-parsed widget-content-parsed-content_document \">\n<div class=\"wcp-item-content\">\n<section class=\"content-wrapper\">\n<div class=\"box less-space hero-image-wrapper\">\n<figure class=\"mb-0\">\n<source type=\"image\/webp\" srcset=\"https:\/\/cdn.mos.cms.futurecdn.net\/GM85ok5puyZs3Dy2CBdPdT-1920-80.jpg.webp 1920w, https:\/\/cdn.mos.cms.futurecdn.net\/GM85ok5puyZs3Dy2CBdPdT-1600-80.jpg.webp 1600w, https:\/\/cdn.mos.cms.futurecdn.net\/GM85ok5puyZs3Dy2CBdPdT-1200-80.jpg.webp 1200w, https:\/\/cdn.mos.cms.futurecdn.net\/GM85ok5puyZs3Dy2CBdPdT-1024-80.jpg.webp 1024w, https:\/\/cdn.mos.cms.futurecdn.net\/GM85ok5puyZs3Dy2CBdPdT-970-80.jpg.webp 970w, https:\/\/cdn.mos.cms.futurecdn.net\/GM85ok5puyZs3Dy2CBdPdT-750-80.jpg.webp 750w, https:\/\/cdn.mos.cms.futurecdn.net\/GM85ok5puyZs3Dy2CBdPdT-650-80.jpg.webp 650w, https:\/\/cdn.mos.cms.futurecdn.net\/GM85ok5puyZs3Dy2CBdPdT-480-80.jpg.webp 480w, https:\/\/cdn.mos.cms.futurecdn.net\/GM85ok5puyZs3Dy2CBdPdT-320-80.jpg.webp 320w\" sizes=\"(min-width: 1000px) 600px, 100vw\" \/><figcaption class=\"font-article-copy text-(--image--text--color) font-article-copy mt-2\"><span class=\"caption-text font-article-copy\">Megan Guarnier of Boels Dolmans Cycling Team in the WorldTour leader&#8217;s jersey in 2018<\/span><span class=\"credit font-article-copy\">(Image credit: Getty Images)<\/span><\/figcaption><\/figure>\n<\/div>\n<div id=\"article-body\" class=\"text-copy bodyCopy auto paywall-locker\">\n<div data-analytics-id=\"utility-bar\" id=\"utility-bar\" class=\"font-ui-heading flex justify-between items-center py-2 border-t border-b border-gray-300 border-solid mb-5 mx-auto\" data-component-name=\"UtilityBar\" data-mrf-recirculation=\"utility-bar\">\n<div class=\"flex gap-2 text-[#333] subcontainer\">\n<div class=\"relative tooltip-container\" role=\"tooltip\">\n<div data-component-name=\"Social:Dropdown\" role=\"menu\" id=\"utilitybar__dropdown--share\" aria-labelledby=\"utilitybar__button--share\" class=\"absolute left-0 top-full w-44 bg-white rounded-md shadow-md border border-neutral-200 z-[9996] list-none m-0 py-2 px-3 border-solid\">\n<ul class=\"m-0!\">\n<li class=\"!p-0 !m-0 list-none border-b border-gray-200 border-solid\">\n<li class=\"!p-0 !m-0 list-none border-b border-gray-200 border-solid\">\n<p>Facebook<\/p>\n<\/li>\n<li class=\"!p-0 !m-0 list-none border-b border-gray-200 border-solid\">\n<p>X<\/p>\n<\/li>\n<li class=\"!p-0 !m-0 list-none border-b border-gray-200 border-solid\">\n<p>Pinterest<\/p>\n<\/li>\n<li class=\"!p-0 !m-0 list-none border-b border-gray-200 border-solid\">\n<p>Email<\/p>\n<\/li>\n<\/ul>\n<\/div>\n<div class=\"font-ui-heading max-sm:hidden tooltip absolute left-1\/2 bg-gray-900 text-white text-xs leading-none px-3 py-1.5 rounded-md z-[10001] whitespace-nowrap\" id=\"tooltip-share-this-article\" role=\"tooltip\" aria-hidden=\"true\">\nShare this article\n<\/div>\n<\/div>\n<div class=\"relative tooltip-container\" role=\"tooltip\"><span class=\"ml-1 inline-flex h-5 px-2 shrink-0 items-center justify-center self-center overflow-hidden whitespace-nowrap rounded-[10px] bg-primary-500 text-[11px] leading-none font-ui-heading font-semibold text-white\">1<\/span><\/p>\n<div class=\"font-ui-heading max-sm:hidden tooltip absolute left-1\/2 bg-gray-900 text-white text-xs leading-none px-3 py-1.5 rounded-md z-[10001] whitespace-nowrap\" id=\"tooltip-join-the-conversation\" role=\"tooltip\" aria-hidden=\"true\">\nJoin the conversation\n<\/div>\n<\/div>\n<\/div>\n<div class=\"flex gap-2 text-[#333] subcontainer\">\n<div class=\"relative tooltip-container\" role=\"tooltip\">\n<p>Follow us<\/p>\n<div class=\"font-ui-heading max-sm:hidden tooltip absolute left-1\/2 bg-gray-900 text-white text-xs leading-none px-3 py-1.5 rounded-md z-[10001] whitespace-nowrap\" id=\"tooltip-add-us-as-a-preferred-source-on-google\" role=\"tooltip\" aria-hidden=\"true\">\nAdd us as a preferred source on Google\n<\/div>\n<\/div>\n<div class=\"relative tooltip-container\" role=\"tooltip\">\n<div class=\"font-ui-heading max-sm:hidden tooltip absolute left-1\/2 bg-gray-900 text-white text-xs leading-none px-3 py-1.5 rounded-md z-[10001] whitespace-nowrap\" id=\"tooltip-subscribe-to-our-newsletter\" role=\"tooltip\" aria-hidden=\"true\">\nSubscribe to our newsletter\n<\/div>\n<\/div>\n<\/div>\n<\/div>\n<p id=\"elk-250f99e8-9cd7-11f1-b889-db441444689c\">Three-time USPro road champion Megan Guarnier retired after 2018 but made a surprise return to racing earlier this year at USPro Road National Championships and finished 11th in the road race. She then continued director duties, staying stateside while Technical Director Tim Mitchell handled any international races for the CCB Kenetik p\/b Levine Law Firm team.<\/p>\n<p>The two planned to co-manage the next big UCI race in the US, the Philadelphia Cycling Classic on August 30. Now Guarnier has found her way from a seat in a team car to the saddle of a team bike, headed back to a race she won in 2016, which was the last year for the &#8220;Philly Classic&#8221;. The race is back and so is Guarnier.<\/p>\n<p id=\"elk-250f99e8-9cd7-11f1-b889-db441444689c-2\" aria-hidden=\"true\" class=\"kiosq-b\">&#8220;We have a few riders that will be racing Giro della Toscana Femminile with the US National Team and unfortunately, one of our riders, who was racing incredibly strong in Europe, had a season ending injury. We feel that it is important to show our support of the return of the Philly Cycling Classic with full representation from our CCB Kenetik p\/b Levine Law Group team,&#8221; Guarnier told <em>Cyclingnews<\/em>.<\/p>\n<div class=\"my-6 w-full overflow-hidden rounded-[10px] lg:my-8\" data-component-name=\"JwPlayer:Carousel\" data-jwp-carousel data-jwp-carousel-payload=\"{&quot;ids&quot;:{&quot;playerID&quot;:&quot;jYDCcabO&quot;,&quot;searchPlaylistID&quot;:&quot;gwjdoYHD&quot;,&quot;divID&quot;:&quot;botr_gwjdoYHD_jYDCcabO_div&quot;,&quot;fallbackPlaylistID&quot;:&quot;gwjdoYHD&quot;,&quot;fallbackDivID&quot;:&quot;botr_gwjdoYHD_jYDCcabO_div&quot;,&quot;key&quot;:&quot;X9\/mXVGac0NphghLH9hZaqWA5d3dhAM\/Ih07grnEyMLjuO2E&quot;,&quot;tintLogo&quot;:true,&quot;useSearchPlaylist&quot;:false,&quot;enabled&quot;:true},&quot;signPostingEnabled&quot;:true,&quot;signPostingLinkEnabled&quot;:true,&quot;waitForAdLoad&quot;:false,&quot;hidePlayerOnDesktop&quot;:false,&quot;hidePlayerOnMobile&quot;:false,&quot;hidePlayerOnTablet&quot;:false}\">\n<div class=\"flex flex-nowrap items-center justify-between gap-3 bg-zinc-900 px-[14px] py-3\" data-jwp-carousel-header>\n<div class=\"flex min-w-0 shrink items-center\"><span class=\"inline-flex items-center gap-1.5 text-sm font-article-heading capitalize leading-5 text-white whitespace-nowrap\"><span class=\"jwp-carousel-title-desktop\">Latest Videos From<\/span><span class=\"jwp-carousel-brand\">Cyclingnews<\/span><\/span><\/div>\n<\/div>\n<div class=\"min-h-[44px] bg-zinc-900 px-[14px] py-3\" data-jwp-carousel-signposting><a class=\"invisible block truncate text-sm font-bold leading-5 text-white underline decoration-solid underline-offset-2\" data-jwp-carousel-signposting-link href target=\"_blank\" rel=\"noopener noreferrer\"><span data-jwp-carousel-signposting-title>Watch full video here: <\/span><\/a><\/div>\n<\/div>\n<p aria-hidden=\"true\" class=\"kiosq-b\">The four-day Giro della Toscana Femminile in Italy takes place August 27-30, and the roster was not confirmed yet for Team USA, but Guarnier had many fewer riders she could keep in the US for the Philadelphia contest.<\/p>\n<p aria-hidden=\"true\" class=\"kiosq-b\">What does that mean really? It&#8217;s not a stunt, she wanted a full squad. And she said it was a unique way to help her young riders navigate the 14.4-mile circuit.<\/p>\n<aside data-component-name=\"Recirculation:ArticleRiver\" data-recirculation-type=\"inline\" data-mrf-recirculation=\"Trending Bar\" data-nosnippet class=\"clear-both pt-2 pb-0 mb-4\"><span class=\"\n            flex\n            after:content-[&apos;&apos;] after:flex-1 after:ml-4 after:my-[0.7rem] after:border-t after:border-solid after:border-t-[#ccc]\n            before:content-[&apos;&apos;] before:flex-1 before:mr-4 before:my-[0.7rem] before:border-t before:border-solid before:border-t-[#ccc]\n            font-article-heading pb-0 text-[length:var(--article-river-title--font-size,1em)] uppercase sm:text-[length:var(--article-river-title--font-size,0.875em)] font-bold\n        \"><br \/>\n            You may like<br \/>\n        <\/span><\/p>\n<ul class=\"flex flex-col gap-0 m-0 max-w-full\">\n<li class=\"m-0 list-none border-b border-solid border-[#ededed] py-2\" data-recirculation-id=\"recirculation-card-1\" id=\"recirculation-inline-1\" data-analytics-id=\"recirculation-inline-1\" data-mrf-recirculation=\"recirculation-inline-1\">\n    <source type=\"image\/webp\" srcset=\"https:\/\/cdn.mos.cms.futurecdn.net\/ZWLJj9gfmCjg62TMpCFt2d-250-80.jpg.webp 250w, https:\/\/cdn.mos.cms.futurecdn.net\/ZWLJj9gfmCjg62TMpCFt2d-150-80.jpg.webp 150w\" sizes=\"150px\" \/><span class=\"w-full text-base font-[var(--article-river-item--font-weight,500)] font-article-heading line-clamp-3 md:line-clamp-2\">Quinn Simmons, Luke Lamperti, Maggie Coles-Lyster and Kristen Faulkner among WorldTour riders confirmed for Philadelphia Cycling Classic<\/span><\/li>\n<li class=\"m-0 list-none border-b border-solid border-[#ededed] py-2\" data-recirculation-id=\"recirculation-card-2\" id=\"recirculation-inline-2\" data-analytics-id=\"recirculation-inline-2\" data-mrf-recirculation=\"recirculation-inline-2\">\n    <source type=\"image\/webp\" srcset=\"https:\/\/cdn.mos.cms.futurecdn.net\/JbdtRhSzSmfnMu7pTobY6T-250-80.jpg.webp 250w, https:\/\/cdn.mos.cms.futurecdn.net\/JbdtRhSzSmfnMu7pTobY6T-150-80.jpg.webp 150w\" sizes=\"150px\" \/><span class=\"w-full text-base font-[var(--article-river-item--font-weight,500)] font-article-heading line-clamp-3 md:line-clamp-2\">Vollering&#8217;s World Championships quest, Courtney&#8217;s WorldTour debut and big transfer intrigue \u2013 Six compelling storylines to follow in women&#8217;s cycling for the rest of 2026<\/span><\/li>\n<li class=\"m-0 list-none border-b border-solid border-[#ccc] py-2\" data-recirculation-id=\"recirculation-card-3\" id=\"recirculation-inline-3\" data-analytics-id=\"recirculation-inline-3\" data-mrf-recirculation=\"recirculation-inline-3\">\n    <source type=\"image\/webp\" srcset=\"https:\/\/cdn.mos.cms.futurecdn.net\/TaNDSftcehwVDmpM8fZMh9-250-80.jpg.webp 250w, https:\/\/cdn.mos.cms.futurecdn.net\/TaNDSftcehwVDmpM8fZMh9-150-80.jpg.webp 150w\" sizes=\"150px\" \/><span class=\"w-full text-base font-[var(--article-river-item--font-weight,500)] font-article-heading line-clamp-3 md:line-clamp-2\">US Road Championships: Kate Courtney outsprints Lauren Stephens to win elite women&#8217;s road race title<\/span><\/li>\n<\/ul>\n<\/aside>\n<p aria-hidden=\"true\" class=\"kiosq-b\">&#8220;It will be exciting for me to be back in the peloton, allowing a first-hand account of the race in real time, as opposed to being in the driver&#8217;s seat and hearing it over the radio.<\/p>\n<p aria-hidden=\"true\" class=\"kiosq-b\">&#8220;In this scenario, we can make quick decisions and execute confidently, while drawing on my experience from my time in the peloton. As I&#8217;m working with our riders on the road, we will also have one of the team directors, Tim Mitchell, in the car who has a great feel for racing dynamics.&#8221;<\/p>\n<div id=\"slice-container-newsletterForm-articleInbodyContent-dtQ3kux93aYAC44dRPAtb8\" class=\"slice-container newsletter-inbodyContent-slice newsletterForm-articleInbodyContent-dtQ3kux93aYAC44dRPAtb8 slice-container-newsletterForm\">\n<div data-hydrate=\"true\" class=\"newsletter-form__wrapper newsletter-form__wrapper--inbodyContent\">\n<div class=\"newsletter-form__container\">\n<section class=\"newsletter-form__top-bar\">\n<div class=\"newsletter-form__header\">Get The Leadout Newsletter<\/div>\n<\/section>\n<section class=\"newsletter-form__main-section\">\n<p class=\"newsletter-form__strapline\">The latest race content, interviews, features, reviews and expert buying guides, direct to your inbox!<\/p>\n<footer class=\"newsletter-form__footer \">By submitting your information you agree to the Terms &amp; Conditions and Privacy Policy and are aged 16 or over.<\/footer>\n<\/section>\n<\/div>\n<\/div>\n<\/div>\n<p aria-hidden=\"true\" class=\"kiosq-b\">The US domestic elite squad brings USPro U23 silver medalist in the time trial and road race Jorja Bond and Ella Brenneman, who had top-10s in the same U23 races. There are also Lizzie Gunsalus, Sabrina Hayes and Elizabeth Grier, with the 41-year-old veteran Guarnier. It is a young squad, with the five teammates averaging half the age of their &#8216;boss&#8217;, most of them not even out of grade school when Guarnier took the victory in Philadelphia 10 years ago.<\/p>\n<p aria-hidden=\"true\" class=\"kiosq-b\">Absent from the CCB lineup is USPro women&#8217;s U23 criterium silver medalist Lyllie Sonneman, who broke her elbow and wrist while racing on a block of Belgian kermesees. She finished runner-up in two races and won GP D\u00e9sire Goossens-Drongen.<\/p>\n<p aria-hidden=\"true\" class=\"kiosq-b\">&#8220;She was having such a good Euro block! She&#8217;s super tough though,&#8221; Guarnier said.<\/p>\n<p aria-hidden=\"true\" class=\"kiosq-b\">At the pinnacle of her 10-year career in 2016, Guarnier won GC titles at the women&#8217;s Giro d&#8217;Italia and Tour of California to secure the first-ever Women&#8217;s WorldTour title, and in between she soared across &#8216;Manayunk Wall&#8217; for the victory. That final year, the women&#8217;s race and men&#8217;s race both ended at the top of the tough 17% gradient in the Manayunk neighbourhood located eight miles away from downtown Philadelphia.<\/p>\n<p aria-hidden=\"true\" class=\"kiosq-b\">This year&#8217;s course will take in the famous Manayunk climb again, but on the original course used from 1985 to 2012 for the men and the first 19 years for the women&#8217;s race, known as The Liberty Classic. The route will begin and end near Logan Circle and the Benjamin Franklin Parkway in downtown Philadelphia with multiple passes of the hilly circuit.<\/p>\n<p id=\"elk-68cd6d8a-9cd8-11f1-9d38-99c299a8e88f\" aria-hidden=\"true\" class=\"kiosq-b\"><em><strong>For unbeatable coverage across road, gravel and tech, subscribe to Cyclingnews. You&#8217;ll get comprehensive race coverage of La Vuelta a Espa\u00f1a, subscriber-exclusive analysis from our expert columnists, in-depth features and industry-leading tech insight. Plus, the Cyclingnews app lets you follow the action wherever you go!<\/strong><\/em><em><strong>Join today<\/strong><\/em><em><strong>. <\/strong><\/em><\/p>\n<\/div>\n<div class=\"block mb-5\" id=\"articleTag\" data-component-name=\"PostArticleLinks\" data-nosnippet data-mrf-recirculation=\"post-article-links\">\n<div class=\"border-b border-b-black border-solid py-2.5 text-black font-bold uppercase\">TOPICS<\/div>\n<nav class=\"py-2.5 flex gap-2.5 flex-wrap\" data-analytics-id=\"article-tag\" data-mrf-recirculation=\"article-tag\">\n<p>North American<\/p>\n<\/nav>\n<\/div>\n<div id=\"slice-container-authorBio-dtQ3kux93aYAC44dRPAtb8\" class=\"slice-container slice-author-bio authorBio-dtQ3kux93aYAC44dRPAtb8 slice-container-authorBio\">\n<div class=\"author author__default-layout author--separator author--collapsible\" data-hydrate=\"true\">\n<div class=\"author__header\">\n<div class=\"author__avatar-block\">\n<figure class=\"image-wrapped__wrapper\" data-bordeaux-image-check=\"false\">\n<div class=\"image-wrapped__widthsetter\">\n<div class=\"image-wrapped__aspect-padding\">\n<div><source class=\"author__avatar image-wrapped__image image__image\" type=\"image\/gif\" srcset=\"https:\/\/cdn.mos.cms.futurecdn.net\/fnfpSfuM3neaK9DtSrBcKF-140-80.gif 140w\" sizes=\"99vw\" data-normal=\"https:\/\/cdn.mos.cms.futurecdn.net\/fnfpSfuM3neaK9DtSrBcKF.gif\" data-original-mos=\"https:\/\/cdn.mos.cms.futurecdn.net\/fnfpSfuM3neaK9DtSrBcKF.gif\" data-pin-media=\"https:\/\/cdn.mos.cms.futurecdn.net\/fnfpSfuM3neaK9DtSrBcKF.gif\" data-pin-nopin=\"true\" data-slice-image=\"true\" \/><\/div>\n<\/div>\n<\/div>\n<\/figure>\n<\/div>\n<div class=\"author__heading\">\n<div class=\"author__name\">Jackie Tyson<\/div>\n<div class=\"author__social\">\n<nav class=\"button-social-group author__social-buttons\" aria-labelledby=\"button-social-group- author__social-buttons\">\n<div id=\"button-social-group- author__social-buttons\">Social Links Navigation<\/div>\n<\/nav>\n<\/div>\n<div class=\"author__role\">North American Editor<\/div>\n<\/div>\n<\/div>\n<div class=\"author__bio-wrapper\">\n<div class=\"author__biography\">\n<p>Jackie has been involved in professional sports for more than 30 years in news reporting, sports marketing and public relations. She founded Peloton Sports in 1998, a sports marketing and public relations agency, which managed projects for Tour de Georgia, Larry H. Miller Tour of Utah and USA Cycling. She also founded Bike Alpharetta Inc, a Georgia non-profit to promote safe cycling. She is proud to have worked in professional baseball for six years &#8211; from selling advertising to pulling the tarp for several minor league teams. On the bike, she has climbed l&#8217;Alpe d&#8217;Huez three times (not fast), and spends time on gravel around horse farms in north Georgia.<\/p>\n<\/div>\n<\/div>\n<\/div>\n<\/div>\n<\/section>\n<div class=\"relative max-w-[1070px] viafoura-twig-component mt-6 mx-4 lg:mx-0\" data-component-name=\"Viafoura:Comments\" data-nosnippet data-community-guidelines-text=\"&lt;p class=&apos;vfcustom-community-guidelines&apos;&gt;Please follow our &lt;a href=&quot;https:\/\/www.cyclingnews.com\/about\/#section-community-guidelines&quot; target=&quot;_blank&quot;&gt;community guidelines&lt;\/a&gt;.&lt;\/p&gt;\" data-join-the-conversation-text=\"Join the Conversation\">\n<div class=\"absolute top-0 left-0 w-full h-full flex items-center justify-center z-50 bg-white\/90 border-1 rounded-b-[var(--comment-widget-border-radius,0)]\">\n<div class=\"p-2 text-center\">\n<p class=\"mb-3 text-lg!\">You must confirm your public display name before commenting<\/p>\n<p class=\"mb-3 text-sm!\">Please logout and then login again, you will then be prompted to enter your display name.<\/p>\n<\/div>\n<\/div>\n<\/div>\n<section class=\"mx-2 my-5 sm:mx-0\">\n<aside class=\"w-full\" data-nosnippet data-mrf-recirculation=\"article-river-stacked\">\n<div data-recirc-id=\"article-river-stacked-adviser:hybrid\">\n<div class=\"text-white py-4 px-3 mb-4 bg-[#333] uppercase font-bold custom-header-styles\">Read more<\/div>\n<div class=\"grid grid-cols-1 gap-4 mt-4 mb-5\">\n<div>\n<div class=\"aspect-[var(--img-listing-aspect-ratio,16\/9)] relative mb-3.5\">\n    <source type=\"image\/webp\" srcset=\"https:\/\/cdn.mos.cms.futurecdn.net\/ZWLJj9gfmCjg62TMpCFt2d-840-80.jpg.webp 840w, https:\/\/cdn.mos.cms.futurecdn.net\/ZWLJj9gfmCjg62TMpCFt2d-650-80.jpg.webp 650w, https:\/\/cdn.mos.cms.futurecdn.net\/ZWLJj9gfmCjg62TMpCFt2d-500-80.jpg.webp 500w, https:\/\/cdn.mos.cms.futurecdn.net\/ZWLJj9gfmCjg62TMpCFt2d-450-80.jpg.webp 450w, https:\/\/cdn.mos.cms.futurecdn.net\/ZWLJj9gfmCjg62TMpCFt2d-320-80.jpg.webp 320w\" sizes=\"(min-width: 900px) 925px, (min-width: 700px) 450px, calc(100vw - 48px)\" \/><\/div>\n<p><span class=\"custom-subheading-styles\">Teams &amp; Riders<\/span><span class=\"text-base text-black font-bold mx-0 my-2.5 p-0 block custom-text-styles\">Quinn Simmons, Luke Lamperti, Maggie Coles-Lyster and Kristen Faulkner among WorldTour riders confirmed for Philadelphia Cycling Classic<\/span><\/div>\n<div class=\"relative recirc-feed sponsored-card min-h-[250px]\" data-recirc-id=\"article-river-stacked-ads:native-cards\" data-mrf-recirculation=\"article-river-ads\" data-nosnippet data-ad-slot-path=\"feed-sponsored-post\" data-attribute-device=\"all\">\n<div class=\"max-w-full sponsored-post--placeholder animate-pulse\">\n<div class=\"relative!\"><span class=\"text-base text-black font-bold mx-0 my-2.5 p-0 block bg-gray-100\">\u00a0<br \/>\u00a0<\/span><\/div>\n<\/div>\n<\/div>\n<div>\n<div class=\"aspect-[var(--img-listing-aspect-ratio,16\/9)] relative mb-3.5\">\n    <source type=\"image\/webp\" srcset=\"https:\/\/cdn.mos.cms.futurecdn.net\/JbdtRhSzSmfnMu7pTobY6T-840-80.jpg.webp 840w, https:\/\/cdn.mos.cms.futurecdn.net\/JbdtRhSzSmfnMu7pTobY6T-650-80.jpg.webp 650w, https:\/\/cdn.mos.cms.futurecdn.net\/JbdtRhSzSmfnMu7pTobY6T-500-80.jpg.webp 500w, https:\/\/cdn.mos.cms.futurecdn.net\/JbdtRhSzSmfnMu7pTobY6T-450-80.jpg.webp 450w, https:\/\/cdn.mos.cms.futurecdn.net\/JbdtRhSzSmfnMu7pTobY6T-320-80.jpg.webp 320w\" sizes=\"(min-width: 900px) 925px, (min-width: 700px) 450px, calc(100vw - 48px)\" \/><\/div>\n<p><span class=\"custom-subheading-styles\">Women&#8217;s Cycling<\/span><span class=\"text-base text-black font-bold mx-0 my-2.5 p-0 block custom-text-styles\">Vollering&#8217;s World Championships quest, Courtney&#8217;s WorldTour debut and big transfer intrigue \u2013 Six compelling storylines to follow in women&#8217;s cycling for the rest of 2026<\/span><\/div>\n<div class=\"relative recirc-feed sponsored-card min-h-[250px]\" data-recirc-id=\"article-river-stacked-ads:native-cards\" data-mrf-recirculation=\"article-river-ads\" data-nosnippet data-ad-slot-path=\"feed-sponsored-post\" data-attribute-device=\"all\">\n<div class=\"max-w-full sponsored-post--placeholder animate-pulse\">\n<div class=\"relative!\"><span class=\"text-base text-black font-bold mx-0 my-2.5 p-0 block bg-gray-100\">\u00a0<br \/>\u00a0<\/span><\/div>\n<\/div>\n<\/div>\n<div>\n<div class=\"aspect-[var(--img-listing-aspect-ratio,16\/9)] relative mb-3.5\">\n    <source type=\"image\/webp\" srcset=\"https:\/\/cdn.mos.cms.futurecdn.net\/TaNDSftcehwVDmpM8fZMh9-840-80.jpg.webp 840w, https:\/\/cdn.mos.cms.futurecdn.net\/TaNDSftcehwVDmpM8fZMh9-650-80.jpg.webp 650w, https:\/\/cdn.mos.cms.futurecdn.net\/TaNDSftcehwVDmpM8fZMh9-500-80.jpg.webp 500w, https:\/\/cdn.mos.cms.futurecdn.net\/TaNDSftcehwVDmpM8fZMh9-450-80.jpg.webp 450w, https:\/\/cdn.mos.cms.futurecdn.net\/TaNDSftcehwVDmpM8fZMh9-320-80.jpg.webp 320w\" sizes=\"(min-width: 900px) 925px, (min-width: 700px) 450px, calc(100vw - 48px)\" \/><\/div>\n<p><span class=\"custom-subheading-styles\">Women&#8217;s Cycling<\/span><span class=\"text-base text-black font-bold mx-0 my-2.5 p-0 block custom-text-styles\">US Road Championships: Kate Courtney outsprints Lauren Stephens to win elite women&#8217;s road race title<\/span><\/div>\n<div class=\"relative recirc-feed sponsored-card min-h-[250px]\" data-recirc-id=\"article-river-stacked-ads:native-cards\" data-mrf-recirculation=\"article-river-ads\" data-nosnippet data-ad-slot-path=\"feed-sponsored-post\" data-attribute-device=\"all\">\n<div class=\"max-w-full sponsored-post--placeholder animate-pulse\">\n<div class=\"relative!\"><span class=\"text-base text-black font-bold mx-0 my-2.5 p-0 block bg-gray-100\">\u00a0<br \/>\u00a0<\/span><\/div>\n<\/div>\n<\/div>\n<div>\n<div class=\"aspect-[var(--img-listing-aspect-ratio,16\/9)] relative mb-3.5\">\n    <source type=\"image\/webp\" srcset=\"https:\/\/cdn.mos.cms.futurecdn.net\/ivmujjipPCTfRjAjt3eVGb-840-80.jpg.webp 840w, https:\/\/cdn.mos.cms.futurecdn.net\/ivmujjipPCTfRjAjt3eVGb-650-80.jpg.webp 650w, https:\/\/cdn.mos.cms.futurecdn.net\/ivmujjipPCTfRjAjt3eVGb-500-80.jpg.webp 500w, https:\/\/cdn.mos.cms.futurecdn.net\/ivmujjipPCTfRjAjt3eVGb-450-80.jpg.webp 450w, https:\/\/cdn.mos.cms.futurecdn.net\/ivmujjipPCTfRjAjt3eVGb-320-80.jpg.webp 320w\" sizes=\"(min-width: 900px) 925px, (min-width: 700px) 450px, calc(100vw - 48px)\" \/><\/div>\n<p><span class=\"custom-subheading-styles\">Women&#8217;s Cycling<\/span><span class=\"text-base text-black font-bold mx-0 my-2.5 p-0 block custom-text-styles\">&#8216;We still have Columbine, it&#8217;s still a climbing race&#8217; &#8211; Lauren Stephens returns from last year&#8217;s Leadville DSQ for attempt at victory 16 years in the making<\/span><\/div>\n<div class=\"relative recirc-feed sponsored-card min-h-[250px]\" data-recirc-id=\"article-river-stacked-ads:native-cards\" data-mrf-recirculation=\"article-river-ads\" data-nosnippet data-ad-slot-path=\"feed-sponsored-post\" data-attribute-device=\"all\">\n<div class=\"max-w-full sponsored-post--placeholder animate-pulse\">\n<div class=\"relative!\"><span class=\"text-base text-black font-bold mx-0 my-2.5 p-0 block bg-gray-100\">\u00a0<br \/>\u00a0<\/span><\/div>\n<\/div>\n<\/div>\n<div>\n<div class=\"aspect-[var(--img-listing-aspect-ratio,16\/9)] relative mb-3.5\">\n    <source type=\"image\/webp\" srcset=\"https:\/\/cdn.mos.cms.futurecdn.net\/RktS6xfeM3cRGVHJ8omGz6-840-80.jpg.webp 840w, https:\/\/cdn.mos.cms.futurecdn.net\/RktS6xfeM3cRGVHJ8omGz6-650-80.jpg.webp 650w, https:\/\/cdn.mos.cms.futurecdn.net\/RktS6xfeM3cRGVHJ8omGz6-500-80.jpg.webp 500w, https:\/\/cdn.mos.cms.futurecdn.net\/RktS6xfeM3cRGVHJ8omGz6-450-80.jpg.webp 450w, https:\/\/cdn.mos.cms.futurecdn.net\/RktS6xfeM3cRGVHJ8omGz6-320-80.jpg.webp 320w\" sizes=\"(min-width: 900px) 925px, (min-width: 700px) 450px, calc(100vw - 48px)\" \/><\/div>\n<p><span class=\"custom-subheading-styles\">Women&#8217;s Cycling<\/span><span class=\"text-base text-black font-bold mx-0 my-2.5 p-0 block custom-text-styles\">&#8216;New opportunity, a fresh page&#8217; \u2013 Kasia Niewiadoma-Phinney chases another Tour de France Femmes victory with team that delivers debuts for B\u00e4ckstedt, Kl\u00f6ser, Niedermaier<\/span><\/div>\n<div class=\"relative recirc-feed sponsored-card min-h-[250px]\" data-recirc-id=\"article-river-stacked-ads:native-cards\" data-mrf-recirculation=\"article-river-ads\" data-nosnippet data-ad-slot-path=\"feed-sponsored-post\" data-attribute-device=\"all\">\n<div class=\"max-w-full sponsored-post--placeholder animate-pulse\">\n<div class=\"relative!\"><span class=\"text-base text-black font-bold mx-0 my-2.5 p-0 block bg-gray-100\">\u00a0<br \/>\u00a0<\/span><\/div>\n<\/div>\n<\/div>\n<div>\n<div class=\"aspect-[var(--img-listing-aspect-ratio,16\/9)] relative mb-3.5\">\n    <source type=\"image\/webp\" srcset=\"https:\/\/cdn.mos.cms.futurecdn.net\/CBaMYsprNPmxBYpwrPCq5-840-80.jpg.webp 840w, https:\/\/cdn.mos.cms.futurecdn.net\/CBaMYsprNPmxBYpwrPCq5-650-80.jpg.webp 650w, https:\/\/cdn.mos.cms.futurecdn.net\/CBaMYsprNPmxBYpwrPCq5-500-80.jpg.webp 500w, https:\/\/cdn.mos.cms.futurecdn.net\/CBaMYsprNPmxBYpwrPCq5-450-80.jpg.webp 450w, https:\/\/cdn.mos.cms.futurecdn.net\/CBaMYsprNPmxBYpwrPCq5-320-80.jpg.webp 320w\" sizes=\"(min-width: 900px) 925px, (min-width: 700px) 450px, calc(100vw - 48px)\" \/><\/div>\n<p><span class=\"custom-subheading-styles\">Racing<\/span><span class=\"text-base text-black font-bold mx-0 my-2.5 p-0 block custom-text-styles\">Former world champion Lizzie Deignan takes up sports director role with British Cycling ahead of LA Olympics<\/span><\/div>\n<div class=\"relative recirc-feed sponsored-card min-h-[250px]\" data-recirc-id=\"article-river-stacked-ads:native-cards\" data-mrf-recirculation=\"article-river-ads\" data-nosnippet data-ad-slot-path=\"feed-sponsored-post\" data-attribute-device=\"all\">\n<div class=\"max-w-full sponsored-post--placeholder animate-pulse\">\n<div class=\"relative!\"><span class=\"text-base text-black font-bold mx-0 my-2.5 p-0 block bg-gray-100\">\u00a0<br \/>\u00a0<\/span><\/div>\n<\/div>\n<\/div>\n<\/div>\n<\/div>\n<\/aside>\n<aside class=\"w-full\" data-nosnippet data-mrf-recirculation=\"article-river-stacked\">\n<div data-recirc-id=\"article-river-stacked-solr:latest-category\">\n<div class=\"text-white py-4 px-3 mb-4 bg-[#333] uppercase font-bold custom-header-styles\">Latest in Women&#8217;s Cycling<\/div>\n<div class=\"grid grid-cols-1 gap-4 mt-4 mb-5\">\n<div>\n<div class=\"aspect-[var(--img-listing-aspect-ratio,16\/9)] relative mb-3.5\">\n    <source type=\"image\/webp\" srcset=\"https:\/\/cdn.mos.cms.futurecdn.net\/onxjykbjbXTp2YUWDDjnF3-840-80.jpg.webp 840w, https:\/\/cdn.mos.cms.futurecdn.net\/onxjykbjbXTp2YUWDDjnF3-650-80.jpg.webp 650w, https:\/\/cdn.mos.cms.futurecdn.net\/onxjykbjbXTp2YUWDDjnF3-500-80.jpg.webp 500w, https:\/\/cdn.mos.cms.futurecdn.net\/onxjykbjbXTp2YUWDDjnF3-450-80.jpg.webp 450w, https:\/\/cdn.mos.cms.futurecdn.net\/onxjykbjbXTp2YUWDDjnF3-320-80.jpg.webp 320w\" sizes=\"(min-width: 900px) 925px, (min-width: 700px) 450px, calc(100vw - 48px)\" \/><\/div>\n<p><span class=\"custom-subheading-styles\">Women&#8217;s Cycling<\/span><span class=\"text-base text-black font-bold mx-0 my-2.5 p-0 block custom-text-styles\">Lotte Kopecky pulls out of Tour of Britain Women<\/span><\/div>\n<div class=\"relative recirc-feed sponsored-card min-h-[250px]\" data-recirc-id=\"article-river-stacked-ads:native-cards\" data-mrf-recirculation=\"article-river-ads\" data-nosnippet data-ad-slot-path=\"feed-sponsored-post\" data-attribute-device=\"all\">\n<div class=\"max-w-full sponsored-post--placeholder animate-pulse\">\n<div class=\"relative!\"><span class=\"text-base text-black font-bold mx-0 my-2.5 p-0 block bg-gray-100\">\u00a0<br \/>\u00a0<\/span><\/div>\n<\/div>\n<\/div>\n<div>\n<div class=\"aspect-[var(--img-listing-aspect-ratio,16\/9)] relative mb-3.5\">\n    <source type=\"image\/webp\" srcset=\"https:\/\/cdn.mos.cms.futurecdn.net\/zVJvoGMBete8FgwMHc7JTE-840-80.jpg.webp 840w, https:\/\/cdn.mos.cms.futurecdn.net\/zVJvoGMBete8FgwMHc7JTE-650-80.jpg.webp 650w, https:\/\/cdn.mos.cms.futurecdn.net\/zVJvoGMBete8FgwMHc7JTE-500-80.jpg.webp 500w, https:\/\/cdn.mos.cms.futurecdn.net\/zVJvoGMBete8FgwMHc7JTE-450-80.jpg.webp 450w, https:\/\/cdn.mos.cms.futurecdn.net\/zVJvoGMBete8FgwMHc7JTE-320-80.jpg.webp 320w\" sizes=\"(min-width: 900px) 925px, (min-width: 700px) 450px, calc(100vw - 48px)\" \/><\/div>\n<p><span class=\"custom-subheading-styles\">Women&#8217;s Cycling<\/span><span class=\"text-base text-black font-bold mx-0 my-2.5 p-0 block custom-text-styles\">&#8216;A huge step-up and a lot to learn&#8217; \u2013 Kate Courtney swiftly adapting to WorldTour racing with FDJ United-Suez at the Tour of Britain Women<\/span><\/div>\n<div class=\"relative recirc-feed sponsored-card min-h-[250px]\" data-recirc-id=\"article-river-stacked-ads:native-cards\" data-mrf-recirculation=\"article-river-ads\" data-nosnippet data-ad-slot-path=\"feed-sponsored-post\" data-attribute-device=\"all\">\n<div class=\"max-w-full sponsored-post--placeholder animate-pulse\">\n<div class=\"relative!\"><span class=\"text-base text-black font-bold mx-0 my-2.5 p-0 block bg-gray-100\">\u00a0<br \/>\u00a0<\/span><\/div>\n<\/div>\n<\/div>\n<div>\n<div class=\"aspect-[var(--img-listing-aspect-ratio,16\/9)] relative mb-3.5\">\n    <source type=\"image\/webp\" srcset=\"https:\/\/cdn.mos.cms.futurecdn.net\/pUQ2PnASq6czdvMoqTQbcQ-840-80.jpg.webp 840w, https:\/\/cdn.mos.cms.futurecdn.net\/pUQ2PnASq6czdvMoqTQbcQ-650-80.jpg.webp 650w, https:\/\/cdn.mos.cms.futurecdn.net\/pUQ2PnASq6czdvMoqTQbcQ-500-80.jpg.webp 500w, https:\/\/cdn.mos.cms.futurecdn.net\/pUQ2PnASq6czdvMoqTQbcQ-450-80.jpg.webp 450w, https:\/\/cdn.mos.cms.futurecdn.net\/pUQ2PnASq6czdvMoqTQbcQ-320-80.jpg.webp 320w\" sizes=\"(min-width: 900px) 925px, (min-width: 700px) 450px, calc(100vw - 48px)\" \/><\/div>\n<p><span class=\"custom-subheading-styles\">Safety<\/span><span class=\"text-base text-black font-bold mx-0 my-2.5 p-0 block custom-text-styles\">&#8216;Cars from the general public coming at me from all directions&#8217; \u2013 Maeve Plouffe narrowly avoids being hit by driver at Tour of Britain Women<\/span><\/div>\n<div class=\"relative recirc-feed sponsored-card min-h-[250px]\" data-recirc-id=\"article-river-stacked-ads:native-cards\" data-mrf-recirculation=\"article-river-ads\" data-nosnippet data-ad-slot-path=\"feed-sponsored-post\" data-attribute-device=\"all\">\n<div class=\"max-w-full sponsored-post--placeholder animate-pulse\">\n<div class=\"relative!\"><span class=\"text-base text-black font-bold mx-0 my-2.5 p-0 block bg-gray-100\">\u00a0<br \/>\u00a0<\/span><\/div>\n<\/div>\n<\/div>\n<div>\n<div class=\"aspect-[var(--img-listing-aspect-ratio,16\/9)] relative mb-3.5\">\n    <source type=\"image\/webp\" srcset=\"https:\/\/cdn.mos.cms.futurecdn.net\/bZxVhX8Vooh9Dn8NjCW2bP-840-80.jpg.webp 840w, https:\/\/cdn.mos.cms.futurecdn.net\/bZxVhX8Vooh9Dn8NjCW2bP-650-80.jpg.webp 650w, https:\/\/cdn.mos.cms.futurecdn.net\/bZxVhX8Vooh9Dn8NjCW2bP-500-80.jpg.webp 500w, https:\/\/cdn.mos.cms.futurecdn.net\/bZxVhX8Vooh9Dn8NjCW2bP-450-80.jpg.webp 450w, https:\/\/cdn.mos.cms.futurecdn.net\/bZxVhX8Vooh9Dn8NjCW2bP-320-80.jpg.webp 320w\" sizes=\"(min-width: 900px) 925px, (min-width: 700px) 450px, calc(100vw - 48px)\" \/><\/div>\n<p><span class=\"custom-subheading-styles\">Women&#8217;s Cycling<\/span><span class=\"text-base text-black font-bold mx-0 my-2.5 p-0 block custom-text-styles\">&#8216;Out of my comfort zone&#8217; \u2013 Kim Le Court-Pienaar breaks new ground in Tour of Britain Women sprint finish en route to Montreal Worlds bid<\/span><\/div>\n<div class=\"relative recirc-feed sponsored-card min-h-[250px]\" data-recirc-id=\"article-river-stacked-ads:native-cards\" data-mrf-recirculation=\"article-river-ads\" data-nosnippet data-ad-slot-path=\"feed-sponsored-post\" data-attribute-device=\"all\">\n<div class=\"max-w-full sponsored-post--placeholder animate-pulse\">\n<div class=\"relative!\"><span class=\"text-base text-black font-bold mx-0 my-2.5 p-0 block bg-gray-100\">\u00a0<br \/>\u00a0<\/span><\/div>\n<\/div>\n<\/div>\n<div>\n<div class=\"aspect-[var(--img-listing-aspect-ratio,16\/9)] relative mb-3.5\">\n    <source type=\"image\/webp\" srcset=\"https:\/\/cdn.mos.cms.futurecdn.net\/qUtBWLaTFQihN9RdSStaP-840-80.jpg.webp 840w, https:\/\/cdn.mos.cms.futurecdn.net\/qUtBWLaTFQihN9RdSStaP-650-80.jpg.webp 650w, https:\/\/cdn.mos.cms.futurecdn.net\/qUtBWLaTFQihN9RdSStaP-500-80.jpg.webp 500w, https:\/\/cdn.mos.cms.futurecdn.net\/qUtBWLaTFQihN9RdSStaP-450-80.jpg.webp 450w, https:\/\/cdn.mos.cms.futurecdn.net\/qUtBWLaTFQihN9RdSStaP-320-80.jpg.webp 320w\" sizes=\"(min-width: 900px) 925px, (min-width: 700px) 450px, calc(100vw - 48px)\" \/><\/div>\n<p><span class=\"custom-subheading-styles\">Women&#8217;s Cycling<\/span><span class=\"text-base text-black font-bold mx-0 my-2.5 p-0 block custom-text-styles\">Tour of Britain Women halted for half an hour as road traffic crash blocks the course<\/span><\/div>\n<div class=\"relative recirc-feed sponsored-card min-h-[250px]\" data-recirc-id=\"article-river-stacked-ads:native-cards\" data-mrf-recirculation=\"article-river-ads\" data-nosnippet data-ad-slot-path=\"feed-sponsored-post\" data-attribute-device=\"all\">\n<div class=\"max-w-full sponsored-post--placeholder animate-pulse\">\n<div class=\"relative!\"><span class=\"text-base text-black font-bold mx-0 my-2.5 p-0 block bg-gray-100\">\u00a0<br \/>\u00a0<\/span><\/div>\n<\/div>\n<\/div>\n<div>\n<div class=\"aspect-[var(--img-listing-aspect-ratio,16\/9)] relative mb-3.5\">\n    <source type=\"image\/webp\" srcset=\"https:\/\/cdn.mos.cms.futurecdn.net\/od2Kuk2gmsfSRZbB9titrA-840-80.jpg.webp 840w, https:\/\/cdn.mos.cms.futurecdn.net\/od2Kuk2gmsfSRZbB9titrA-650-80.jpg.webp 650w, https:\/\/cdn.mos.cms.futurecdn.net\/od2Kuk2gmsfSRZbB9titrA-500-80.jpg.webp 500w, https:\/\/cdn.mos.cms.futurecdn.net\/od2Kuk2gmsfSRZbB9titrA-450-80.jpg.webp 450w, https:\/\/cdn.mos.cms.futurecdn.net\/od2Kuk2gmsfSRZbB9titrA-320-80.jpg.webp 320w\" sizes=\"(min-width: 900px) 925px, (min-width: 700px) 450px, calc(100vw - 48px)\" \/><\/div>\n<p><span class=\"custom-subheading-styles\">Women&#8217;s Cycling<\/span><span class=\"text-base text-black font-bold mx-0 my-2.5 p-0 block custom-text-styles\">Tour of Britain Women: Lorena Wiebes doubles up with long-range sprint to win stage 2<\/span><\/div>\n<div class=\"relative recirc-feed sponsored-card min-h-[250px]\" data-recirc-id=\"article-river-stacked-ads:native-cards\" data-mrf-recirculation=\"article-river-ads\" data-nosnippet data-ad-slot-path=\"feed-sponsored-post\" data-attribute-device=\"all\">\n<div class=\"max-w-full sponsored-post--placeholder animate-pulse\">\n<div class=\"relative!\"><span class=\"text-base text-black font-bold mx-0 my-2.5 p-0 block bg-gray-100\">\u00a0<br \/>\u00a0<\/span><\/div>\n<\/div>\n<\/div>\n<\/div>\n<\/div>\n<\/aside>\n<aside class=\"w-full\" data-nosnippet data-mrf-recirculation=\"article-river-stacked\">\n<div data-recirc-id=\"article-river-stacked-solr:latest-articletype\">\n<div class=\"text-white py-4 px-3 mb-4 bg-[#333] uppercase font-bold custom-header-styles\">Latest in News<\/div>\n<div class=\"grid grid-cols-1 gap-4 mt-4 mb-5\">\n<div>\n<div class=\"aspect-[var(--img-listing-aspect-ratio,16\/9)] relative mb-3.5\">\n    <source type=\"image\/webp\" srcset=\"https:\/\/cdn.mos.cms.futurecdn.net\/onxjykbjbXTp2YUWDDjnF3-840-80.jpg.webp 840w, https:\/\/cdn.mos.cms.futurecdn.net\/onxjykbjbXTp2YUWDDjnF3-650-80.jpg.webp 650w, https:\/\/cdn.mos.cms.futurecdn.net\/onxjykbjbXTp2YUWDDjnF3-500-80.jpg.webp 500w, https:\/\/cdn.mos.cms.futurecdn.net\/onxjykbjbXTp2YUWDDjnF3-450-80.jpg.webp 450w, https:\/\/cdn.mos.cms.futurecdn.net\/onxjykbjbXTp2YUWDDjnF3-320-80.jpg.webp 320w\" sizes=\"(min-width: 900px) 925px, (min-width: 700px) 450px, calc(100vw - 48px)\" \/><\/div>\n<p><span class=\"custom-subheading-styles\">Women&#8217;s Cycling<\/span><span class=\"text-base text-black font-bold mx-0 my-2.5 p-0 block custom-text-styles\">Lotte Kopecky pulls out of Tour of Britain Women<\/span><\/div>\n<div class=\"relative recirc-feed sponsored-card min-h-[250px]\" data-recirc-id=\"article-river-stacked-ads:native-cards\" data-mrf-recirculation=\"article-river-ads\" data-nosnippet data-ad-slot-path=\"feed-sponsored-post\" data-attribute-device=\"all\">\n<div class=\"max-w-full sponsored-post--placeholder animate-pulse\">\n<div class=\"relative!\"><span class=\"text-base text-black font-bold mx-0 my-2.5 p-0 block bg-gray-100\">\u00a0<br \/>\u00a0<\/span><\/div>\n<\/div>\n<\/div>\n<div>\n<div class=\"aspect-[var(--img-listing-aspect-ratio,16\/9)] relative mb-3.5\">\n    <source type=\"image\/webp\" srcset=\"https:\/\/cdn.mos.cms.futurecdn.net\/m3Jt9LNmhTEMRgsrgWE9vG-840-80.jpg.webp 840w, https:\/\/cdn.mos.cms.futurecdn.net\/m3Jt9LNmhTEMRgsrgWE9vG-650-80.jpg.webp 650w, https:\/\/cdn.mos.cms.futurecdn.net\/m3Jt9LNmhTEMRgsrgWE9vG-500-80.jpg.webp 500w, https:\/\/cdn.mos.cms.futurecdn.net\/m3Jt9LNmhTEMRgsrgWE9vG-450-80.jpg.webp 450w, https:\/\/cdn.mos.cms.futurecdn.net\/m3Jt9LNmhTEMRgsrgWE9vG-320-80.jpg.webp 320w\" sizes=\"(min-width: 900px) 925px, (min-width: 700px) 450px, calc(100vw - 48px)\" \/><\/div>\n<p><span class=\"custom-subheading-styles\">Teams &amp; Riders<\/span><span class=\"text-base text-black font-bold mx-0 my-2.5 p-0 block custom-text-styles\">&#8216;It only depends on my legs&#8217; \u2013 Jo\u00e3o Almeida eyes possible &#8216;Plan B&#8217; GC bid alongside teammate Tadej Poga\u010dar at Vuelta a Espa\u00f1a<\/span><\/div>\n<div class=\"relative recirc-feed sponsored-card min-h-[250px]\" data-recirc-id=\"article-river-stacked-ads:native-cards\" data-mrf-recirculation=\"article-river-ads\" data-nosnippet data-ad-slot-path=\"feed-sponsored-post\" data-attribute-device=\"all\">\n<div class=\"max-w-full sponsored-post--placeholder animate-pulse\">\n<div class=\"relative!\"><span class=\"text-base text-black font-bold mx-0 my-2.5 p-0 block bg-gray-100\">\u00a0<br \/>\u00a0<\/span><\/div>\n<\/div>\n<\/div>\n<div>\n<div class=\"aspect-[var(--img-listing-aspect-ratio,16\/9)] relative mb-3.5\">\n    <source type=\"image\/webp\" srcset=\"https:\/\/cdn.mos.cms.futurecdn.net\/preyXU8URFip5kJRmtcp5W-840-80.jpg.webp 840w, https:\/\/cdn.mos.cms.futurecdn.net\/preyXU8URFip5kJRmtcp5W-650-80.jpg.webp 650w, https:\/\/cdn.mos.cms.futurecdn.net\/preyXU8URFip5kJRmtcp5W-500-80.jpg.webp 500w, https:\/\/cdn.mos.cms.futurecdn.net\/preyXU8URFip5kJRmtcp5W-450-80.jpg.webp 450w, https:\/\/cdn.mos.cms.futurecdn.net\/preyXU8URFip5kJRmtcp5W-320-80.jpg.webp 320w\" sizes=\"(min-width: 900px) 925px, (min-width: 700px) 450px, calc(100vw - 48px)\" \/><\/div>\n<p><span class=\"custom-subheading-styles\">Teams &amp; Riders<\/span><span class=\"text-base text-black font-bold mx-0 my-2.5 p-0 block custom-text-styles\">Julian Alaphilippe has reportedly called an early end to his professional racing career<\/span><\/div>\n<div class=\"relative recirc-feed sponsored-card min-h-[250px]\" data-recirc-id=\"article-river-stacked-ads:native-cards\" data-mrf-recirculation=\"article-river-ads\" data-nosnippet data-ad-slot-path=\"feed-sponsored-post\" data-attribute-device=\"all\">\n<div class=\"max-w-full sponsored-post--placeholder animate-pulse\">\n<div class=\"relative!\"><span class=\"text-base text-black font-bold mx-0 my-2.5 p-0 block bg-gray-100\">\u00a0<br \/>\u00a0<\/span><\/div>\n<\/div>\n<\/div>\n<div>\n<div class=\"aspect-[var(--img-listing-aspect-ratio,16\/9)] relative mb-3.5\">\n    <source type=\"image\/webp\" srcset=\"https:\/\/cdn.mos.cms.futurecdn.net\/zVJvoGMBete8FgwMHc7JTE-840-80.jpg.webp 840w, https:\/\/cdn.mos.cms.futurecdn.net\/zVJvoGMBete8FgwMHc7JTE-650-80.jpg.webp 650w, https:\/\/cdn.mos.cms.futurecdn.net\/zVJvoGMBete8FgwMHc7JTE-500-80.jpg.webp 500w, https:\/\/cdn.mos.cms.futurecdn.net\/zVJvoGMBete8FgwMHc7JTE-450-80.jpg.webp 450w, https:\/\/cdn.mos.cms.futurecdn.net\/zVJvoGMBete8FgwMHc7JTE-320-80.jpg.webp 320w\" sizes=\"(min-width: 900px) 925px, (min-width: 700px) 450px, calc(100vw - 48px)\" \/><\/div>\n<p><span class=\"custom-subheading-styles\">Women&#8217;s Cycling<\/span><span class=\"text-base text-black font-bold mx-0 my-2.5 p-0 block custom-text-styles\">&#8216;A huge step-up and a lot to learn&#8217; \u2013 Kate Courtney swiftly adapting to WorldTour racing with FDJ United-Suez at the Tour of Britain Women<\/span><\/div>\n<div class=\"relative recirc-feed sponsored-card min-h-[250px]\" data-recirc-id=\"article-river-stacked-ads:native-cards\" data-mrf-recirculation=\"article-river-ads\" data-nosnippet data-ad-slot-path=\"feed-sponsored-post\" data-attribute-device=\"all\">\n<div class=\"max-w-full sponsored-post--placeholder animate-pulse\">\n<div class=\"relative!\"><span class=\"text-base text-black font-bold mx-0 my-2.5 p-0 block bg-gray-100\">\u00a0<br \/>\u00a0<\/span><\/div>\n<\/div>\n<\/div>\n<div>\n<div class=\"aspect-[var(--img-listing-aspect-ratio,16\/9)] relative mb-3.5\">\n    <source type=\"image\/webp\" srcset=\"https:\/\/cdn.mos.cms.futurecdn.net\/qrT26Xteho8U5gshkKC8f9-840-80.jpg.webp 840w, https:\/\/cdn.mos.cms.futurecdn.net\/qrT26Xteho8U5gshkKC8f9-650-80.jpg.webp 650w, https:\/\/cdn.mos.cms.futurecdn.net\/qrT26Xteho8U5gshkKC8f9-500-80.jpg.webp 500w, https:\/\/cdn.mos.cms.futurecdn.net\/qrT26Xteho8U5gshkKC8f9-450-80.jpg.webp 450w, https:\/\/cdn.mos.cms.futurecdn.net\/qrT26Xteho8U5gshkKC8f9-320-80.jpg.webp 320w\" sizes=\"(min-width: 900px) 925px, (min-width: 700px) 450px, calc(100vw - 48px)\" \/><\/div>\n<p><span class=\"custom-subheading-styles\">Teams &amp; Riders<\/span><span class=\"text-base text-black font-bold mx-0 my-2.5 p-0 block custom-text-styles\">&#8216;I haven&#8217;t even enjoyed any training this year, it&#8217;s been that bad&#8217; &#8211; Mikel Landa in survival mode at the Vuelta a Espa\u00f1a.<\/span><\/div>\n<div class=\"relative recirc-feed sponsored-card min-h-[250px]\" data-recirc-id=\"article-river-stacked-ads:native-cards\" data-mrf-recirculation=\"article-river-ads\" data-nosnippet data-ad-slot-path=\"feed-sponsored-post\" data-attribute-device=\"all\">\n<div class=\"max-w-full sponsored-post--placeholder animate-pulse\">\n<div class=\"relative!\"><span class=\"text-base text-black font-bold mx-0 my-2.5 p-0 block bg-gray-100\">\u00a0<br \/>\u00a0<\/span><\/div>\n<\/div>\n<\/div>\n<div>\n<div class=\"aspect-[var(--img-listing-aspect-ratio,16\/9)] relative mb-3.5\">\n    <source type=\"image\/webp\" srcset=\"https:\/\/cdn.mos.cms.futurecdn.net\/pUQ2PnASq6czdvMoqTQbcQ-840-80.jpg.webp 840w, https:\/\/cdn.mos.cms.futurecdn.net\/pUQ2PnASq6czdvMoqTQbcQ-650-80.jpg.webp 650w, https:\/\/cdn.mos.cms.futurecdn.net\/pUQ2PnASq6czdvMoqTQbcQ-500-80.jpg.webp 500w, https:\/\/cdn.mos.cms.futurecdn.net\/pUQ2PnASq6czdvMoqTQbcQ-450-80.jpg.webp 450w, https:\/\/cdn.mos.cms.futurecdn.net\/pUQ2PnASq6czdvMoqTQbcQ-320-80.jpg.webp 320w\" sizes=\"(min-width: 900px) 925px, (min-width: 700px) 450px, calc(100vw - 48px)\" \/><\/div>\n<p><span class=\"custom-subheading-styles\">Safety<\/span><span class=\"text-base text-black font-bold mx-0 my-2.5 p-0 block custom-text-styles\">&#8216;Cars from the general public coming at me from all directions&#8217; \u2013 Maeve Plouffe narrowly avoids being hit by driver at Tour of Britain Women<\/span><\/div>\n<div class=\"relative recirc-feed sponsored-card min-h-[250px]\" data-recirc-id=\"article-river-stacked-ads:native-cards\" data-mrf-recirculation=\"article-river-ads\" data-nosnippet data-ad-slot-path=\"feed-sponsored-post\" data-attribute-device=\"all\">\n<div class=\"max-w-full sponsored-post--placeholder animate-pulse\">\n<div class=\"relative!\"><span class=\"text-base text-black font-bold mx-0 my-2.5 p-0 block bg-gray-100\">\u00a0<br \/>\u00a0<\/span><\/div>\n<\/div>\n<\/div>\n<\/div>\n<\/div>\n<\/aside>\n<\/section>\n<\/div>\n<\/div>\n<\/div>\n<div id=\"widgetArea17\" class=\"widget-area md:basis-1\/3 widget-area-g-md-vp-1-3 widget-area-g-lg-vp-1-3 widget-area-g-xl-vp-1-3 page-widget-area-17\">\n<div data-widget-type=\"dynamic\" id=\"popular-data\" class=\"clear-both widget widget-dynamic widget-popular-data widget-dynamic-popular-data widget-dynamic-fter-popular-box\">\n<div class=\"wdn-fte-pb pos-relative space-t20\n\"><\/p>\n<div class=\"slice-container popular-box-slice\">\n<section class=\"popular-box\" data-component-name=\"Slice:PopularBox\">\n<div class=\"popular-box__label\">\n<div class=\"popular-box__label__tab popular-box__label__tab--active\" role=\"heading\">\nLATEST ARTICLES\n<\/div>\n<\/div>\n<ol class=\"popular-box__articles-list popular-box__articles-list--active\">\n<li class=\"popular-box__article-list\">\n<div class=\"popular-box__article-list__container\">\n<div class=\"popular-box__article-list__image-wrapper\">\n<div>\n<source type=\"image\/webp\" srcset=\"https:\/\/cdn.mos.cms.futurecdn.net\/onxjykbjbXTp2YUWDDjnF3-1280-80.jpg.webp 1280w, https:\/\/cdn.mos.cms.futurecdn.net\/onxjykbjbXTp2YUWDDjnF3-720-80.jpg.webp 720w, https:\/\/cdn.mos.cms.futurecdn.net\/onxjykbjbXTp2YUWDDjnF3-640-80.jpg.webp 640w, https:\/\/cdn.mos.cms.futurecdn.net\/onxjykbjbXTp2YUWDDjnF3-320-80.jpg.webp 320w\" sizes=\"99vw\" \/><\/div>\n<\/div>\n<div class=\"popular-box__article-list__content\">\n<div class=\"popular-box__article-list__number-text\">1<\/div>\n<div class=\"popular-box__article-list__heading\">\n<p>Lotte Kopecky pulls out of Tour of Britain Women<\/p>\n<\/div>\n<\/div>\n<\/div>\n<\/li>\n<li class=\"popular-box__article-list\">\n<div class=\"popular-box__article-list__container\">\n<div class=\"popular-box__article-list__content\">\n<div class=\"popular-box__article-list__number-text\">2<\/div>\n<div class=\"popular-box__article-list__heading\">\n<p>&#8216;It only depends on my legs&#8217; \u2013 Jo\u00e3o Almeida eyes possible &#8216;Plan B&#8217; GC bid alongside teammate Tadej Poga\u010dar at Vuelta a Espa\u00f1a<\/p>\n<\/div>\n<\/div>\n<\/div>\n<\/li>\n<li class=\"popular-box__article-list\">\n<div class=\"popular-box__article-list__container\">\n<div class=\"popular-box__article-list__content\">\n<div class=\"popular-box__article-list__number-text\">3<\/div>\n<div class=\"popular-box__article-list__heading\">\n<p>&#8216;I haven&#8217;t even enjoyed any training this year, it&#8217;s been that bad&#8217; &#8211; Mikel Landa in survival mode at the Vuelta a Espa\u00f1a.<\/p>\n<\/div>\n<\/div>\n<\/div>\n<\/li>\n<li class=\"popular-box__article-list\">\n<div class=\"popular-box__article-list__container\">\n<div class=\"popular-box__article-list__content\">\n<div class=\"popular-box__article-list__number-text\">4<\/div>\n<div class=\"popular-box__article-list__heading\">\n<p>Julian Alaphilippe has reportedly called an early end to his professional racing career<\/p>\n<\/div>\n<\/div>\n<\/div>\n<\/li>\n<li class=\"popular-box__article-list\">\n<div class=\"popular-box__article-list__container\">\n<div class=\"popular-box__article-list__content\">\n<div class=\"popular-box__article-list__number-text\">5<\/div>\n<div class=\"popular-box__article-list__heading\">\n<p>&#8216;A huge step-up and a lot to learn&#8217; \u2013 Kate Courtney swiftly adapting to WorldTour racing with FDJ United-Suez at the Tour of Britain Women<\/p>\n<\/div>\n<\/div>\n<\/div>\n<\/li>\n<\/ol>\n<\/section>\n<\/div>\n<\/div>\n<\/div>\n<\/div>\n<\/div>\n<\/article>\n<div class=\"news-article\">\n<header data-component-name=\"Article:Hero\">\n<nav class=\"breadcrumb\" aria-label=\"Breadcrumbs\">\n<ol>\n<li>\nPro Cycling\n<\/li>\n<li>\nRacing\n<\/li>\n<li>\nWomen&#8217;s Cycling\n<\/li>\n<li>\nRoad\n<\/li>\n<li>\nPhiladelphia Cycling Classic Women\n<\/li>\n<\/ol>\n<\/nav>\n<h1>&#8216;We can make quick decisions&#8217; &#8211; Megan Guarnier switches from driver&#8217;s seat to race bike to guide US women&#8217;s team at Philadelphia Cycling Classic<\/h1>\n<div class=\"byline-social\">\n<div class=\"vds-byline-block flex flex-row flex-nowrap my-1.5 gap-2 text-left items-start justify-start\" data-component-name=\"Article:BylineBlock\">\n<p>News<\/p>\n<div class=\"my-auto vds-simple-byline\"><span class=\"inline-block vds-author\"><br \/>\nBy<br \/>\nJackie Tyson <\/span><\/p>\n<div class=\"flex gap-1 vds-byline-with-avatar__meta\"><span class=\"vds-date block font-normal tracking-normal normal-case text-xs\"><br \/>\nPublished<br \/>\n<time data-component-name=\"UI:DateTime\" datetime=\"2026-08-20T21:06:07Z\" class=\"relative-date\"><br \/>\n20 August 2026<br \/>\n<\/time><\/span><\/div>\n<\/div>\n<\/div>\n<p class=\"strapline\">Former Women&#8217;s WorldTour champion was the last woman on the podium at US UCI race 10 years ago<\/p>\n<\/div>\n<aside class=\"text-gray-700 flex items-center mx-0 my-5 p-0 justify-start text-left\" id=\"affiliate-disclaimer\" data-component-name=\"AffiliateDisclaimer\" data-hawk-message=\"Affiliate disclaimer removed because hawk deemed there are no affiliate links on this page\">\n<p class=\"text-[color:var(--affiliate-disclaimer--text-color,inherit)] mb-2 text-[length:var(--affiliate-disclaimer--font-size,0.75rem)] leading-[18px] md:text-[13px] [&amp;&gt;a]:text-inherit [&amp;&gt;a]:underline\">\nWhen you purchase through links on our site, we may earn an affiliate commission. Here\u2019s how it works.\n<\/p>\n<\/aside>\n<\/header>\n<\/div>\n<div id=\"article-body\" class=\"text-copy bodyCopy auto paywall-locker\">\n<div data-analytics-id=\"utility-bar\" id=\"utility-bar\" class=\"font-ui-heading flex justify-between items-center py-2 border-t border-b border-gray-300 border-solid mb-5 mx-auto\" data-component-name=\"UtilityBar\" data-mrf-recirculation=\"utility-bar\">\n<div class=\"flex gap-2 text-[#333] subcontainer\">\n<div class=\"relative tooltip-container\" role=\"tooltip\">\n<div data-component-name=\"Social:Dropdown\" role=\"menu\" id=\"utilitybar__dropdown--share\" aria-labelledby=\"utilitybar__button--share\" class=\"absolute left-0 top-full w-44 bg-white rounded-md shadow-md border border-neutral-200 z-[9996] list-none m-0 py-2 px-3 border-solid\">\n<ul class=\"m-0!\">\n<li class=\"!p-0 !m-0 list-none border-b border-gray-200 border-solid\">\n<li class=\"!p-0 !m-0 list-none border-b border-gray-200 border-solid\">\n<p>Facebook<\/p>\n<\/li>\n<li class=\"!p-0 !m-0 list-none border-b border-gray-200 border-solid\">\n<p>X<\/p>\n<\/li>\n<li class=\"!p-0 !m-0 list-none border-b border-gray-200 border-solid\">\n<p>Pinterest<\/p>\n<\/li>\n<li class=\"!p-0 !m-0 list-none border-b border-gray-200 border-solid\">\n<p>Email<\/p>\n<\/li>\n<\/ul>\n<\/div>\n<div class=\"font-ui-heading max-sm:hidden tooltip absolute left-1\/2 bg-gray-900 text-white text-xs leading-none px-3 py-1.5 rounded-md z-[10001] whitespace-nowrap\" id=\"tooltip-share-this-article\" role=\"tooltip\" aria-hidden=\"true\">\nShare this article\n<\/div>\n<\/div>\n<div class=\"relative tooltip-container\" role=\"tooltip\"><span class=\"ml-1 inline-flex h-5 px-2 shrink-0 items-center justify-center self-center overflow-hidden whitespace-nowrap rounded-[10px] bg-primary-500 text-[11px] leading-none font-ui-heading font-semibold text-white\">1<\/span><\/p>\n<div class=\"font-ui-heading max-sm:hidden tooltip absolute left-1\/2 bg-gray-900 text-white text-xs leading-none px-3 py-1.5 rounded-md z-[10001] whitespace-nowrap\" id=\"tooltip-join-the-conversation\" role=\"tooltip\" aria-hidden=\"true\">\nJoin the conversation\n<\/div>\n<\/div>\n<\/div>\n<div class=\"flex gap-2 text-[#333] subcontainer\">\n<div class=\"relative tooltip-container\" role=\"tooltip\">\n<p>Follow us<\/p>\n<div class=\"font-ui-heading max-sm:hidden tooltip absolute left-1\/2 bg-gray-900 text-white text-xs leading-none px-3 py-1.5 rounded-md z-[10001] whitespace-nowrap\" id=\"tooltip-add-us-as-a-preferred-source-on-google\" role=\"tooltip\" aria-hidden=\"true\">\nAdd us as a preferred source on Google\n<\/div>\n<\/div>\n<div class=\"relative tooltip-container\" role=\"tooltip\">\n<div class=\"font-ui-heading max-sm:hidden tooltip absolute left-1\/2 bg-gray-900 text-white text-xs leading-none px-3 py-1.5 rounded-md z-[10001] whitespace-nowrap\" id=\"tooltip-subscribe-to-our-newsletter\" role=\"tooltip\" aria-hidden=\"true\">\nSubscribe to our newsletter\n<\/div>\n<\/div>\n<\/div>\n<\/div>\n<p id=\"elk-250f99e8-9cd7-11f1-b889-db441444689c\">Three-time USPro road champion Megan Guarnier retired after 2018 but made a surprise return to racing earlier this year at USPro Road National Championships and finished 11th in the road race. She then continued director duties, staying stateside while Technical Director Tim Mitchell handled any international races for the CCB Kenetik p\/b Levine Law Firm team.<\/p>\n<p>The two planned to co-manage the next big UCI race in the US, the Philadelphia Cycling Classic on August 30. Now Guarnier has found her way from a seat in a team car to the saddle of a team bike, headed back to a race she won in 2016, which was the last year for the &#8220;Philly Classic&#8221;. The race is back and so is Guarnier.<\/p>\n<p id=\"elk-250f99e8-9cd7-11f1-b889-db441444689c-2\" aria-hidden=\"true\" class=\"kiosq-b\">&#8220;We have a few riders that will be racing Giro della Toscana Femminile with the US National Team and unfortunately, one of our riders, who was racing incredibly strong in Europe, had a season ending injury. We feel that it is important to show our support of the return of the Philly Cycling Classic with full representation from our CCB Kenetik p\/b Levine Law Group team,&#8221; Guarnier told <em>Cyclingnews<\/em>.<\/p>\n<div class=\"my-6 w-full overflow-hidden rounded-[10px] lg:my-8\" data-component-name=\"JwPlayer:Carousel\" data-jwp-carousel data-jwp-carousel-payload=\"{&quot;ids&quot;:{&quot;playerID&quot;:&quot;jYDCcabO&quot;,&quot;searchPlaylistID&quot;:&quot;gwjdoYHD&quot;,&quot;divID&quot;:&quot;botr_gwjdoYHD_jYDCcabO_div&quot;,&quot;fallbackPlaylistID&quot;:&quot;gwjdoYHD&quot;,&quot;fallbackDivID&quot;:&quot;botr_gwjdoYHD_jYDCcabO_div&quot;,&quot;key&quot;:&quot;X9\/mXVGac0NphghLH9hZaqWA5d3dhAM\/Ih07grnEyMLjuO2E&quot;,&quot;tintLogo&quot;:true,&quot;useSearchPlaylist&quot;:false,&quot;enabled&quot;:true},&quot;signPostingEnabled&quot;:true,&quot;signPostingLinkEnabled&quot;:true,&quot;waitForAdLoad&quot;:false,&quot;hidePlayerOnDesktop&quot;:false,&quot;hidePlayerOnMobile&quot;:false,&quot;hidePlayerOnTablet&quot;:false}\">\n<div class=\"flex flex-nowrap items-center justify-between gap-3 bg-zinc-900 px-[14px] py-3\" data-jwp-carousel-header>\n<div class=\"flex min-w-0 shrink items-center\"><span class=\"inline-flex items-center gap-1.5 text-sm font-article-heading capitalize leading-5 text-white whitespace-nowrap\"><span class=\"jwp-carousel-title-desktop\">Latest Videos From<\/span><span class=\"jwp-carousel-brand\">Cyclingnews<\/span><\/span><\/div>\n<\/div>\n<div class=\"min-h-[44px] bg-zinc-900 px-[14px] py-3\" data-jwp-carousel-signposting><a class=\"invisible block truncate text-sm font-bold leading-5 text-white underline decoration-solid underline-offset-2\" data-jwp-carousel-signposting-link href target=\"_blank\" rel=\"noopener noreferrer\"><span data-jwp-carousel-signposting-title>Watch full video here: <\/span><\/a><\/div>\n<\/div>\n<p aria-hidden=\"true\" class=\"kiosq-b\">The four-day Giro della Toscana Femminile in Italy takes place August 27-30, and the roster was not confirmed yet for Team USA, but Guarnier had many fewer riders she could keep in the US for the Philadelphia contest.<\/p>\n<p aria-hidden=\"true\" class=\"kiosq-b\">What does that mean really? It&#8217;s not a stunt, she wanted a full squad. And she said it was a unique way to help her young riders navigate the 14.4-mile circuit.<\/p>\n<aside data-component-name=\"Recirculation:ArticleRiver\" data-recirculation-type=\"inline\" data-mrf-recirculation=\"Trending Bar\" data-nosnippet class=\"clear-both pt-2 pb-0 mb-4\"><span class=\"\n            flex\n            after:content-[&apos;&apos;] after:flex-1 after:ml-4 after:my-[0.7rem] after:border-t after:border-solid after:border-t-[#ccc]\n            before:content-[&apos;&apos;] before:flex-1 before:mr-4 before:my-[0.7rem] before:border-t before:border-solid before:border-t-[#ccc]\n            font-article-heading pb-0 text-[length:var(--article-river-title--font-size,1em)] uppercase sm:text-[length:var(--article-river-title--font-size,0.875em)] font-bold\n        \"><br \/>\n            You may like<br \/>\n        <\/span><\/p>\n<ul class=\"flex flex-col gap-0 m-0 max-w-full\">\n<li class=\"m-0 list-none border-b border-solid border-[#ededed] py-2\" data-recirculation-id=\"recirculation-card-1\" id=\"recirculation-inline-1\" data-analytics-id=\"recirculation-inline-1\" data-mrf-recirculation=\"recirculation-inline-1\">\n    <source type=\"image\/webp\" srcset=\"https:\/\/cdn.mos.cms.futurecdn.net\/ZWLJj9gfmCjg62TMpCFt2d-250-80.jpg.webp 250w, https:\/\/cdn.mos.cms.futurecdn.net\/ZWLJj9gfmCjg62TMpCFt2d-150-80.jpg.webp 150w\" sizes=\"150px\" \/><span class=\"w-full text-base font-[var(--article-river-item--font-weight,500)] font-article-heading line-clamp-3 md:line-clamp-2\">Quinn Simmons, Luke Lamperti, Maggie Coles-Lyster and Kristen Faulkner among WorldTour riders confirmed for Philadelphia Cycling Classic<\/span><\/li>\n<li class=\"m-0 list-none border-b border-solid border-[#ededed] py-2\" data-recirculation-id=\"recirculation-card-2\" id=\"recirculation-inline-2\" data-analytics-id=\"recirculation-inline-2\" data-mrf-recirculation=\"recirculation-inline-2\">\n    <source type=\"image\/webp\" srcset=\"https:\/\/cdn.mos.cms.futurecdn.net\/JbdtRhSzSmfnMu7pTobY6T-250-80.jpg.webp 250w, https:\/\/cdn.mos.cms.futurecdn.net\/JbdtRhSzSmfnMu7pTobY6T-150-80.jpg.webp 150w\" sizes=\"150px\" \/><span class=\"w-full text-base font-[var(--article-river-item--font-weight,500)] font-article-heading line-clamp-3 md:line-clamp-2\">Vollering&#8217;s World Championships quest, Courtney&#8217;s WorldTour debut and big transfer intrigue \u2013 Six compelling storylines to follow in women&#8217;s cycling for the rest of 2026<\/span><\/li>\n<li class=\"m-0 list-none border-b border-solid border-[#ccc] py-2\" data-recirculation-id=\"recirculation-card-3\" id=\"recirculation-inline-3\" data-analytics-id=\"recirculation-inline-3\" data-mrf-recirculation=\"recirculation-inline-3\">\n    <source type=\"image\/webp\" srcset=\"https:\/\/cdn.mos.cms.futurecdn.net\/TaNDSftcehwVDmpM8fZMh9-250-80.jpg.webp 250w, https:\/\/cdn.mos.cms.futurecdn.net\/TaNDSftcehwVDmpM8fZMh9-150-80.jpg.webp 150w\" sizes=\"150px\" \/><span class=\"w-full text-base font-[var(--article-river-item--font-weight,500)] font-article-heading line-clamp-3 md:line-clamp-2\">US Road Championships: Kate Courtney outsprints Lauren Stephens to win elite women&#8217;s road race title<\/span><\/li>\n<\/ul>\n<\/aside>\n<p aria-hidden=\"true\" class=\"kiosq-b\">&#8220;It will be exciting for me to be back in the peloton, allowing a first-hand account of the race in real time, as opposed to being in the driver&#8217;s seat and hearing it over the radio.<\/p>\n<p aria-hidden=\"true\" class=\"kiosq-b\">&#8220;In this scenario, we can make quick decisions and execute confidently, while drawing on my experience from my time in the peloton. As I&#8217;m working with our riders on the road, we will also have one of the team directors, Tim Mitchell, in the car who has a great feel for racing dynamics.&#8221;<\/p>\n<div id=\"slice-container-newsletterForm-articleInbodyContent-dtQ3kux93aYAC44dRPAtb8\" class=\"slice-container newsletter-inbodyContent-slice newsletterForm-articleInbodyContent-dtQ3kux93aYAC44dRPAtb8 slice-container-newsletterForm\">\n<div data-hydrate=\"true\" class=\"newsletter-form__wrapper newsletter-form__wrapper--inbodyContent\">\n<div class=\"newsletter-form__container\">\n<section class=\"newsletter-form__top-bar\">\n<div class=\"newsletter-form__header\">Get The Leadout Newsletter<\/div>\n<\/section>\n<section class=\"newsletter-form__main-section\">\n<p class=\"newsletter-form__strapline\">The latest race content, interviews, features, reviews and expert buying guides, direct to your inbox!<\/p>\n<footer class=\"newsletter-form__footer \">By submitting your information you agree to the Terms &amp; Conditions and Privacy Policy and are aged 16 or over.<\/footer>\n<\/section>\n<\/div>\n<\/div>\n<\/div>\n<p aria-hidden=\"true\" class=\"kiosq-b\">The US domestic elite squad brings USPro U23 silver medalist in the time trial and road race Jorja Bond and Ella Brenneman, who had top-10s in the same U23 races. There are also Lizzie Gunsalus, Sabrina Hayes and Elizabeth Grier, with the 41-year-old veteran Guarnier. It is a young squad, with the five teammates averaging half the age of their &#8216;boss&#8217;, most of them not even out of grade school when Guarnier took the victory in Philadelphia 10 years ago.<\/p>\n<p aria-hidden=\"true\" class=\"kiosq-b\">Absent from the CCB lineup is USPro women&#8217;s U23 criterium silver medalist Lyllie Sonneman, who broke her elbow and wrist while racing on a block of Belgian kermesees. She finished runner-up in two races and won GP D\u00e9sire Goossens-Drongen.<\/p>\n<p aria-hidden=\"true\" class=\"kiosq-b\">&#8220;She was having such a good Euro block! She&#8217;s super tough though,&#8221; Guarnier said.<\/p>\n<p aria-hidden=\"true\" class=\"kiosq-b\">At the pinnacle of her 10-year career in 2016, Guarnier won GC titles at the women&#8217;s Giro d&#8217;Italia and Tour of California to secure the first-ever Women&#8217;s WorldTour title, and in between she soared across &#8216;Manayunk Wall&#8217; for the victory. That final year, the women&#8217;s race and men&#8217;s race both ended at the top of the tough 17% gradient in the Manayunk neighbourhood located eight miles away from downtown Philadelphia.<\/p>\n<p aria-hidden=\"true\" class=\"kiosq-b\">This year&#8217;s course will take in the famous Manayunk climb again, but on the original course used from 1985 to 2012 for the men and the first 19 years for the women&#8217;s race, known as The Liberty Classic. The route will begin and end near Logan Circle and the Benjamin Franklin Parkway in downtown Philadelphia with multiple passes of the hilly circuit.<\/p>\n<p id=\"elk-68cd6d8a-9cd8-11f1-9d38-99c299a8e88f\" aria-hidden=\"true\" class=\"kiosq-b\"><em><strong>For unbeatable coverage across road, gravel and tech, subscribe to Cyclingnews. You&#8217;ll get comprehensive race coverage of La Vuelta a Espa\u00f1a, subscriber-exclusive analysis from our expert columnists, in-depth features and industry-leading tech insight. Plus, the Cyclingnews app lets you follow the action wherever you go!<\/strong><\/em><em><strong>Join today<\/strong><\/em><em><strong>. <\/strong><\/em><\/p>\n<\/div>\n<p>[analyse_source url=&#8221;https:\/\/www.cyclingnews.com\/pro-cycling\/womens-cycling\/we-can-make-quick-decisions-megan-guarnier-switches-from-drivers-seat-to-race-bike-to-guide-us-womens-team-at-philadelphia-cycling-classic\/&#8221;]<\/p>\n","protected":false},"excerpt":{"rendered":"<p>[analyse_image type=&#8221;featured&#8221; src=&#8221;https:\/\/cdn.mos.cms.futurecdn.net\/GM85ok5puyZs3Dy2CBdPdT-2000-80.jpg&#8221;] 1 Quinn Simmons, Luke Lamperti, Maggie Coles-Lyster and Kristen Faulkner among WorldTour riders confirmed for Philadelphia Cycling Classic 2 Vollering&#8217;s World Championships quest, Courtney&#8217;s WorldTour debut and big transfer intrigue \u2013 Six compelling storylines to follow in women&#8217;s cycling for the rest of 2026 3 &#8216;A once-in-a-career kind of thing&#8217; \u2013 A [&hellip;]<\/p>\n","protected":false},"author":1,"featured_media":0,"comment_status":"open","ping_status":"","sticky":false,"template":"","format":"standard","meta":{"footnotes":""},"categories":[2],"tags":[226,68],"class_list":["post-2105290","post","type-post","status-publish","format-standard","hentry","category-politics","tag-crawlmanager","tag-cyclingnews-com"],"_links":{"self":[{"href":"https:\/\/analyse.optim.biz\/index.php?rest_route=\/wp\/v2\/posts\/2105290","targetHints":{"allow":["GET"]}}],"collection":[{"href":"https:\/\/analyse.optim.biz\/index.php?rest_route=\/wp\/v2\/posts"}],"about":[{"href":"https:\/\/analyse.optim.biz\/index.php?rest_route=\/wp\/v2\/types\/post"}],"author":[{"embeddable":true,"href":"https:\/\/analyse.optim.biz\/index.php?rest_route=\/wp\/v2\/users\/1"}],"replies":[{"embeddable":true,"href":"https:\/\/analyse.optim.biz\/index.php?rest_route=%2Fwp%2Fv2%2Fcomments&post=2105290"}],"version-history":[{"count":0,"href":"https:\/\/analyse.optim.biz\/index.php?rest_route=\/wp\/v2\/posts\/2105290\/revisions"}],"wp:attachment":[{"href":"https:\/\/analyse.optim.biz\/index.php?rest_route=%2Fwp%2Fv2%2Fmedia&parent=2105290"}],"wp:term":[{"taxonomy":"category","embeddable":true,"href":"https:\/\/analyse.optim.biz\/index.php?rest_route=%2Fwp%2Fv2%2Fcategories&post=2105290"},{"taxonomy":"post_tag","embeddable":true,"href":"https:\/\/analyse.optim.biz\/index.php?rest_route=%2Fwp%2Fv2%2Ftags&post=2105290"}],"curies":[{"name":"wp","href":"https:\/\/api.w.org\/{rel}","templated":true}]}}