{"id":2105281,"date":"2026-08-20T19:04:58","date_gmt":"2026-08-20T16:04:58","guid":{"rendered":"https:\/\/analyse.optim.biz\/?p=2105281"},"modified":"2026-08-20T19:04:58","modified_gmt":"2026-08-20T16:04:58","slug":"it-could-be-an-opportunity-to-be-close-in-gc-opening-time-trial-in-monaco-enticing-incentive-for-wout-van-aerts-return-to-vuelta-a-espana","status":"publish","type":"post","link":"https:\/\/analyse.optim.biz\/?p=2105281","title":{"rendered":"&#8216;It could be an opportunity to be close in GC&#8217; &#8211; Opening time trial in Monaco enticing incentive for Wout van Aert&#8217;s return to Vuelta a Espa\u00f1a"},"content":{"rendered":"<p>[analyse_image type=&#8221;featured&#8221; src=&#8221;https:\/\/cdn.mos.cms.futurecdn.net\/tfLM6usLQ7FSegycrtArMn-2100-80.jpg&#8221;]<\/p>\n<article class=\"m-0 box-border flex flex-row items-center pr-2.5 gap-[15px] w-[278px] h-20 flex-none upnext-article-divider\" role=\"listitem\" aria-label=\"Recommended article 1 of 3\">\n<div class=\"relative flex-none w-20 h-20\">\n    <source type=\"image\/webp\" srcset=\"https:\/\/cdn.mos.cms.futurecdn.net\/vXx3fTTYeYfvhBsZ8FoUhF-160-80.jpg.webp 160w, https:\/\/cdn.mos.cms.futurecdn.net\/vXx3fTTYeYfvhBsZ8FoUhF-80-80.jpg.webp 80w\" sizes=\"80px\" \/><\/p>\n<div class=\"flex items-center justify-center absolute w-4 h-6 left-0 top-0 bg-white\/90 flex-none z-[1]\" aria-hidden=\"true\"><span class=\"font-normal text-base leading-[17px] tracking-[1.3px] uppercase text-black flex-none\">1<\/span><\/div>\n<\/div>\n<div class=\"flex flex-col items-center justify-center gap-1.5 w-[173px] h-20 flex-none\">\n<p class=\"font-article-heading font-medium text-base leading-[21px] text-gray-800 w-[173px] line-clamp-3 group-hover:underline\">\n                                    Tadej Poga\u010dar vs the rest \u2013 Our analysis of the top 10 contenders at the Vuelta a Espa\u00f1a\n                                <\/p>\n<\/div>\n<\/article>\n<article class=\"m-0 box-border flex flex-row items-center pr-2.5 gap-[15px] w-[278px] h-20 flex-none upnext-article-divider\" role=\"listitem\" aria-label=\"Recommended article 2 of 3\">\n<div class=\"relative flex-none w-20 h-20\">\n    <source type=\"image\/webp\" srcset=\"https:\/\/cdn.mos.cms.futurecdn.net\/PFVrm4msxvDUa9i3rBFtmk-160-80.jpg.webp 160w, https:\/\/cdn.mos.cms.futurecdn.net\/PFVrm4msxvDUa9i3rBFtmk-80-80.jpg.webp 80w\" sizes=\"80px\" \/><\/p>\n<div class=\"flex items-center justify-center absolute w-[18px] h-6 left-0 top-0 bg-white\/90 flex-none z-[1]\" aria-hidden=\"true\"><span class=\"font-normal text-base leading-[17px] tracking-[1.3px] uppercase text-black flex-none\">2<\/span><\/div>\n<\/div>\n<div class=\"flex flex-col items-center justify-center gap-1.5 w-[173px] h-20 flex-none\">\n<p class=\"font-article-heading font-medium text-base leading-[21px] text-gray-800 w-[173px] line-clamp-3 group-hover:underline\">\n                                    Cramps and goosebumps as Wout van Aert beaten by training partner Daan Soete at Belgian Gravel Championships\n                                <\/p>\n<\/div>\n<\/article>\n<article class=\"m-0 box-border flex flex-row items-center pr-2.5 gap-[15px] w-[278px] h-20 flex-none\" role=\"listitem\" aria-label=\"Recommended article 3 of 3\">\n<div class=\"relative flex-none w-20 h-20\">\n    <source type=\"image\/webp\" srcset=\"https:\/\/cdn.mos.cms.futurecdn.net\/QqaVxzjcE5LpMpbUNGnwuV-160-80.png.webp 160w, https:\/\/cdn.mos.cms.futurecdn.net\/QqaVxzjcE5LpMpbUNGnwuV-80-80.png.webp 80w\" sizes=\"80px\" \/><\/p>\n<div class=\"flex items-center justify-center absolute w-[18px] h-6 left-0 top-0 bg-white\/90 flex-none z-[1]\" aria-hidden=\"true\"><span class=\"font-normal text-base leading-[17px] tracking-[1.3px] uppercase text-black flex-none\">3<\/span><\/div>\n<\/div>\n<div class=\"flex flex-col items-center justify-center gap-1.5 w-[173px] h-20 flex-none\">\n<p class=\"font-article-heading font-medium text-base leading-[21px] text-gray-800 w-[173px] line-clamp-3 group-hover:underline\">\n                                    &#8216;The Vuelta is going to be arduous, even for Tadej&#8217; \u2013 UAE  performance head warns that nobody, not even Poga\u010dar, will have it easy this summer in Spain\n                                <\/p>\n<\/div>\n<\/article>\n<article class=\"page-content-onecol flex-1\nnews-article article\n\"><\/p>\n<div class=\"widget-area-group widget-area-group-2col flex flex-wrap box-border\">\n<div id=\"widgetArea16\" class=\"widget-area basis-full md:basis-2\/3 widget-area-g-md-vp-2-3 widget-area-g-lg-vp-2-3 widget-area-g-xl-vp-2-3 page-widget-area-16\">\n<div data-widget-type=\"hero\" id=\"hero\" class=\"clear-both widget widget-hero widget-hero widget-hero-hero widget-hero widget-hero-fter-news\">\n<div class=\"news-article\">\n<header data-component-name=\"Article:Hero\">\n<nav class=\"breadcrumb\" aria-label=\"Breadcrumbs\">\n<ol>\n<li>\nPro Cycling\n<\/li>\n<li>\nTeams &amp; Riders\n<\/li>\n<li>\nVisma-Lease a Bike\n<\/li>\n<li>\nWout van Aert\n<\/li>\n<\/ol>\n<\/nav>\n<h1>&#8216;It could be an opportunity to be close in GC&#8217; &#8211; Opening time trial in Monaco enticing incentive for Wout van Aert&#8217;s return to Vuelta a Espa\u00f1a<\/h1>\n<div class=\"byline-social\">\n<div class=\"vds-byline-block flex flex-row flex-nowrap my-1.5 gap-2 text-left items-start max-sm:flex-col justify-start\" data-component-name=\"Article:BylineBlock\">\n<p>News<\/p>\n<div class=\"my-auto vds-simple-byline\"><span class=\"inline-block vds-author\"><br \/>\nBy<br \/>\nAlasdair Fotheringham, Jackie Tyson <\/span><\/p>\n<div class=\"flex gap-1 vds-byline-with-avatar__meta\"><span class=\"vds-date block font-normal tracking-normal normal-case text-xs\"><br \/>\nPublished<br \/>\n<time data-component-name=\"UI:DateTime\" datetime=\"2026-08-20T19:04:58Z\" class=\"relative-date\"><br \/>\n20 August 2026<br \/>\n<\/time><\/span><\/div>\n<\/div>\n<\/div>\n<p class=\"strapline\">Paris-Roubaix winner says ITT course in Monaco &#8216;a bit too technical&#8217;<\/p>\n<\/div>\n<aside class=\"text-gray-700 flex items-center mx-0 my-5 p-0 justify-start text-left\" id=\"affiliate-disclaimer\" data-component-name=\"AffiliateDisclaimer\" data-hawk-message=\"Affiliate disclaimer removed because hawk deemed there are no affiliate links on this page\">\n<p class=\"text-[color:var(--affiliate-disclaimer--text-color,inherit)] mb-2 text-[length:var(--affiliate-disclaimer--font-size,0.75rem)] leading-[18px] md:text-[13px] [&amp;&gt;a]:text-inherit [&amp;&gt;a]:underline\">\nWhen you purchase through links on our site, we may earn an affiliate commission. Here\u2019s how it works.\n<\/p>\n<\/aside>\n<\/header>\n<\/div>\n<\/div>\n<div data-widget-type=\"contentparsed\" id=\"content\" class=\"clear-both widget widget-contentparsed widget-content widget-contentparsed-content widget-content-parsed widget-content-parsed-content_document \">\n<div class=\"wcp-item-content\">\n<section class=\"content-wrapper\">\n<div class=\"box less-space hero-image-wrapper\">\n<figure class=\"mb-0\">\n<source type=\"image\/webp\" srcset=\"https:\/\/cdn.mos.cms.futurecdn.net\/tfLM6usLQ7FSegycrtArMn-1920-80.jpg.webp 1920w, https:\/\/cdn.mos.cms.futurecdn.net\/tfLM6usLQ7FSegycrtArMn-1600-80.jpg.webp 1600w, https:\/\/cdn.mos.cms.futurecdn.net\/tfLM6usLQ7FSegycrtArMn-1200-80.jpg.webp 1200w, https:\/\/cdn.mos.cms.futurecdn.net\/tfLM6usLQ7FSegycrtArMn-1024-80.jpg.webp 1024w, https:\/\/cdn.mos.cms.futurecdn.net\/tfLM6usLQ7FSegycrtArMn-970-80.jpg.webp 970w, https:\/\/cdn.mos.cms.futurecdn.net\/tfLM6usLQ7FSegycrtArMn-750-80.jpg.webp 750w, https:\/\/cdn.mos.cms.futurecdn.net\/tfLM6usLQ7FSegycrtArMn-650-80.jpg.webp 650w, https:\/\/cdn.mos.cms.futurecdn.net\/tfLM6usLQ7FSegycrtArMn-480-80.jpg.webp 480w, https:\/\/cdn.mos.cms.futurecdn.net\/tfLM6usLQ7FSegycrtArMn-320-80.jpg.webp 320w\" sizes=\"(min-width: 1000px) 600px, 100vw\" \/><figcaption class=\"font-article-copy text-(--image--text--color) font-article-copy mt-2\"><span class=\"caption-text font-article-copy\">Wout van Aert (Visma-Lease a Bike) smiles at Tour of Denmark 2026, winning three stages and overall title<\/span><span class=\"credit font-article-copy\">(Image credit: Getty Images)<\/span><\/figcaption><\/figure>\n<\/div>\n<div id=\"article-body\" class=\"text-copy bodyCopy auto paywall-locker\">\n<div data-analytics-id=\"utility-bar\" id=\"utility-bar\" class=\"font-ui-heading flex justify-between items-center py-2 border-t border-b border-gray-300 border-solid mb-5 mx-auto\" data-component-name=\"UtilityBar\" data-mrf-recirculation=\"utility-bar\">\n<div class=\"flex gap-2 text-[#333] subcontainer\">\n<div class=\"relative tooltip-container\" role=\"tooltip\">\n<div data-component-name=\"Social:Dropdown\" role=\"menu\" id=\"utilitybar__dropdown--share\" aria-labelledby=\"utilitybar__button--share\" class=\"absolute left-0 top-full w-44 bg-white rounded-md shadow-md border border-neutral-200 z-[9996] list-none m-0 py-2 px-3 border-solid\">\n<ul class=\"m-0!\">\n<li class=\"!p-0 !m-0 list-none border-b border-gray-200 border-solid\">\n<li class=\"!p-0 !m-0 list-none border-b border-gray-200 border-solid\">\n<p>Facebook<\/p>\n<\/li>\n<li class=\"!p-0 !m-0 list-none border-b border-gray-200 border-solid\">\n<p>X<\/p>\n<\/li>\n<li class=\"!p-0 !m-0 list-none border-b border-gray-200 border-solid\">\n<p>Pinterest<\/p>\n<\/li>\n<li class=\"!p-0 !m-0 list-none border-b border-gray-200 border-solid\">\n<p>Email<\/p>\n<\/li>\n<\/ul>\n<\/div>\n<div class=\"font-ui-heading max-sm:hidden tooltip absolute left-1\/2 bg-gray-900 text-white text-xs leading-none px-3 py-1.5 rounded-md z-[10001] whitespace-nowrap\" id=\"tooltip-share-this-article\" role=\"tooltip\" aria-hidden=\"true\">\nShare this article\n<\/div>\n<\/div>\n<div class=\"relative tooltip-container\" role=\"tooltip\"><span class=\"ml-1 inline-flex h-5 px-2 shrink-0 items-center justify-center self-center overflow-hidden whitespace-nowrap rounded-[10px] bg-primary-500 text-[11px] leading-none font-ui-heading font-semibold text-white\">2<\/span><\/p>\n<div class=\"font-ui-heading max-sm:hidden tooltip absolute left-1\/2 bg-gray-900 text-white text-xs leading-none px-3 py-1.5 rounded-md z-[10001] whitespace-nowrap\" id=\"tooltip-join-the-conversation\" role=\"tooltip\" aria-hidden=\"true\">\nJoin the conversation\n<\/div>\n<\/div>\n<\/div>\n<div class=\"flex gap-2 text-[#333] subcontainer\">\n<div class=\"relative tooltip-container\" role=\"tooltip\">\n<p>Follow us<\/p>\n<div class=\"font-ui-heading max-sm:hidden tooltip absolute left-1\/2 bg-gray-900 text-white text-xs leading-none px-3 py-1.5 rounded-md z-[10001] whitespace-nowrap\" id=\"tooltip-add-us-as-a-preferred-source-on-google\" role=\"tooltip\" aria-hidden=\"true\">\nAdd us as a preferred source on Google\n<\/div>\n<\/div>\n<div class=\"relative tooltip-container\" role=\"tooltip\">\n<div class=\"font-ui-heading max-sm:hidden tooltip absolute left-1\/2 bg-gray-900 text-white text-xs leading-none px-3 py-1.5 rounded-md z-[10001] whitespace-nowrap\" id=\"tooltip-subscribe-to-our-newsletter\" role=\"tooltip\" aria-hidden=\"true\">\nSubscribe to our newsletter\n<\/div>\n<\/div>\n<\/div>\n<\/div>\n<p id=\"elk-1a426702-9cb9-11f1-8092-4b7ef2e820aa\">Two years ago, Wout van Aert (Visma-Lease a Bike) made his debut at the Vuelta a Espa\u00f1a, and needed only two days to earn the red leader&#8217;s jersey. It was a short spell before he then relinquished the lead another two days later, though he came away with a haul of seven podiums, including a trio of stage victories.<\/p>\n<p>Stage success was again a main objective for the 31-year-old Belgian, who makes his first Grand Tour start of this season. The squad will not have defending Vuelta champion Jonas Vingegaard at the start, due to recovery from a broken collarbone suffered at the Tour de France, so will lean heavily on Van Aert, young Briton Matthew Brennan and former race winner Sepp Kuss to seek daily opportunities.<\/p>\n<p id=\"elk-1a426702-9cb9-11f1-8092-4b7ef2e820aa-2\" aria-hidden=\"true\" class=\"kiosq-b\">The first day of racing has visions of the maillot rojo dancing in Van Aert&#8217;s head, but he said in a press conference Thursday it was just an opportunity and not a priority.<\/p>\n<div class=\"my-6 w-full overflow-hidden rounded-[10px] lg:my-8\" data-component-name=\"JwPlayer:Carousel\" data-jwp-carousel data-jwp-carousel-payload=\"{&quot;ids&quot;:{&quot;playerID&quot;:&quot;jYDCcabO&quot;,&quot;searchPlaylistID&quot;:&quot;gwjdoYHD&quot;,&quot;divID&quot;:&quot;botr_gwjdoYHD_jYDCcabO_div&quot;,&quot;fallbackPlaylistID&quot;:&quot;gwjdoYHD&quot;,&quot;fallbackDivID&quot;:&quot;botr_gwjdoYHD_jYDCcabO_div&quot;,&quot;key&quot;:&quot;X9\/mXVGac0NphghLH9hZaqWA5d3dhAM\/Ih07grnEyMLjuO2E&quot;,&quot;tintLogo&quot;:true,&quot;useSearchPlaylist&quot;:false,&quot;enabled&quot;:true},&quot;signPostingEnabled&quot;:true,&quot;signPostingLinkEnabled&quot;:true,&quot;waitForAdLoad&quot;:false,&quot;hidePlayerOnDesktop&quot;:false,&quot;hidePlayerOnMobile&quot;:false,&quot;hidePlayerOnTablet&quot;:false}\">\n<div class=\"flex flex-nowrap items-center justify-between gap-3 bg-zinc-900 px-[14px] py-3\" data-jwp-carousel-header>\n<div class=\"flex min-w-0 shrink items-center\"><span class=\"inline-flex items-center gap-1.5 text-sm font-article-heading capitalize leading-5 text-white whitespace-nowrap\"><span class=\"jwp-carousel-title-desktop\">Latest Videos From<\/span><span class=\"jwp-carousel-brand\">Cyclingnews<\/span><\/span><\/div>\n<\/div>\n<div class=\"min-h-[44px] bg-zinc-900 px-[14px] py-3\" data-jwp-carousel-signposting><a class=\"invisible block truncate text-sm font-bold leading-5 text-white underline decoration-solid underline-offset-2\" data-jwp-carousel-signposting-link href target=\"_blank\" rel=\"noopener noreferrer\"><span data-jwp-carousel-signposting-title>Watch full video here: <\/span><\/a><\/div>\n<\/div>\n<p aria-hidden=\"true\" class=\"kiosq-b\">&#8220;Saturday was a focus I had in the last weeks, and we&#8217;ll see how that unfolds,&#8221; he said about stage 1 starting in Monaco with a 9.4-kilometre race against the clock.<\/p>\n<p aria-hidden=\"true\" class=\"kiosq-b\">&#8220;Well, I did a bit more training leading to this race. Because there&#8217;s something to win, the time trial itself. But also it might be an opportunity to be still close in GC for the day after.&#8221;<\/p>\n<aside data-component-name=\"Recirculation:ArticleRiver\" data-recirculation-type=\"inline\" data-mrf-recirculation=\"Trending Bar\" data-nosnippet class=\"clear-both pt-2 pb-0 mb-4\"><span class=\"\n            flex\n            after:content-[&apos;&apos;] after:flex-1 after:ml-4 after:my-[0.7rem] after:border-t after:border-solid after:border-t-[#ccc]\n            before:content-[&apos;&apos;] before:flex-1 before:mr-4 before:my-[0.7rem] before:border-t before:border-solid before:border-t-[#ccc]\n            font-article-heading pb-0 text-[length:var(--article-river-title--font-size,1em)] uppercase sm:text-[length:var(--article-river-title--font-size,0.875em)] font-bold\n        \"><br \/>\n            You may like<br \/>\n        <\/span><\/p>\n<ul class=\"flex flex-col gap-0 m-0 max-w-full\">\n<li class=\"m-0 list-none border-b border-solid border-[#ededed] py-2\" data-recirculation-id=\"recirculation-card-1\" id=\"recirculation-inline-1\" data-analytics-id=\"recirculation-inline-1\" data-mrf-recirculation=\"recirculation-inline-1\">\n    <source type=\"image\/webp\" srcset=\"https:\/\/cdn.mos.cms.futurecdn.net\/o9dfoYGxAgxmJ5j8ffMbSP-250-80.jpg.webp 250w, https:\/\/cdn.mos.cms.futurecdn.net\/o9dfoYGxAgxmJ5j8ffMbSP-150-80.jpg.webp 150w\" sizes=\"150px\" \/><span class=\"w-full text-base font-[var(--article-river-item--font-weight,500)] font-article-heading line-clamp-3 md:line-clamp-2\">Vuelta a Espa\u00f1a stage 1 time trial start times \u2013 When Jay Vine, Wout van Aert, Tadej Poga\u010dar and others take turns on twisting 9.6km route in Monaco<\/span><\/li>\n<li class=\"m-0 list-none border-b border-solid border-[#ededed] py-2\" data-recirculation-id=\"recirculation-card-2\" id=\"recirculation-inline-2\" data-analytics-id=\"recirculation-inline-2\" data-mrf-recirculation=\"recirculation-inline-2\">\n    <source type=\"image\/webp\" srcset=\"https:\/\/cdn.mos.cms.futurecdn.net\/ZH9tPKdEpRDyEkVonao4Rf-250-80.png.webp 250w, https:\/\/cdn.mos.cms.futurecdn.net\/ZH9tPKdEpRDyEkVonao4Rf-150-80.png.webp 150w\" sizes=\"150px\" \/><span class=\"w-full text-base font-[var(--article-river-item--font-weight,500)] font-article-heading line-clamp-3 md:line-clamp-2\">&#8216;At my very best, I certainly have a chance&#8217; \u2013 Wout van Aert confident in World Championships road race bid after rediscovering top form before Vuelta a Espa\u00f1a<\/span><\/li>\n<li class=\"m-0 list-none border-b border-solid border-[#ccc] py-2\" data-recirculation-id=\"recirculation-card-3\" id=\"recirculation-inline-3\" data-analytics-id=\"recirculation-inline-3\" data-mrf-recirculation=\"recirculation-inline-3\">\n    <source type=\"image\/webp\" srcset=\"https:\/\/cdn.mos.cms.futurecdn.net\/k9zmDrDg9CYQpyHK4MVWeJ-250-80.jpg.webp 250w, https:\/\/cdn.mos.cms.futurecdn.net\/k9zmDrDg9CYQpyHK4MVWeJ-150-80.jpg.webp 150w\" sizes=\"150px\" \/><span class=\"w-full text-base font-[var(--article-river-item--font-weight,500)] font-article-heading line-clamp-3 md:line-clamp-2\">From road to gravel then back to road: Why is Wout van Aert racing the Belgian Gravel Championships for the first time ever this Sunday?<\/span><\/li>\n<\/ul>\n<\/aside>\n<p aria-hidden=\"true\" class=\"kiosq-b\">Van Aert missed the Tour de France this year due to a training crash in June when he injured his elbow. Before that, he rode only a team time trial at Tour Auvergne-Rh\u00f4ne-Alpes, which Visma won, and a TT early in the season at Tirreno-Adriatico. He returned to action at the Tour of Denmark three weeks ago, winning a trio of stages and the overall, though the five-day stage race did not have a time trial, so he had to deal with a delay in preparations for this ITT.<\/p>\n<p aria-hidden=\"true\" class=\"kiosq-b\">&#8220;It&#8217;s been a long summer, a very different summer for me, and it&#8217;s nice to come back to the Vuelta. I had to wait in the end pretty long to ride on a TT bike. But then after the Tour of Denmark, I could do the training how I wanted,&#8221; he told the media assembled in Monaco, including <em>Cyclingnews<\/em>.<\/p>\n<div id=\"slice-container-newsletterForm-articleInbodyContent-gMBeqmMc6WvB4bE2iDZNg6\" class=\"slice-container newsletter-inbodyContent-slice newsletterForm-articleInbodyContent-gMBeqmMc6WvB4bE2iDZNg6 slice-container-newsletterForm\">\n<div data-hydrate=\"true\" class=\"newsletter-form__wrapper newsletter-form__wrapper--inbodyContent\">\n<div class=\"newsletter-form__container\">\n<section class=\"newsletter-form__top-bar\">\n<div class=\"newsletter-form__header\">Get The Leadout Newsletter<\/div>\n<\/section>\n<section class=\"newsletter-form__main-section\">\n<p class=\"newsletter-form__strapline\">The latest race content, interviews, features, reviews and expert buying guides, direct to your inbox!<\/p>\n<footer class=\"newsletter-form__footer \">By submitting your information you agree to the Terms &amp; Conditions and Privacy Policy and are aged 16 or over.<\/footer>\n<\/section>\n<\/div>\n<\/div>\n<\/div>\n<p aria-hidden=\"true\" class=\"kiosq-b\">&#8220;I did the recon of the course yesterday morning. I tried to do it in traffic, had a little bit of a look. Honestly, I think it&#8217;s a bit too technical. The last part they went, in my opinion, a bit over the limit of what you can do on a time trial bike. So it will be interesting to see how that goes.<\/p>\n<p aria-hidden=\"true\" class=\"kiosq-b\">&#8220;But in general, it&#8217;s an amazing setting here in Monaco with all the buildings around and the coastline. So that will be for sure very special to race between them.&#8221;<\/p>\n<p aria-hidden=\"true\" class=\"kiosq-b\">The busy, twisting streets of Monaco hosted a time trial for the Tour de France back in 2009, and this version of the course is 6km shorter. Borrowing from the route used for the famous Formula 1 circuit, Van Aert knows there are many corners and punchy climbs.<\/p>\n<aside data-component-name=\"Recirculation:ArticleRiver\" data-recirculation-type=\"inline\" data-mrf-recirculation=\"Trending Bar\" data-nosnippet class=\"clear-both pt-2 pb-0 mb-4\"><span class=\"\n            flex\n            after:content-[&apos;&apos;] after:flex-1 after:ml-4 after:my-[0.7rem] after:border-t after:border-solid after:border-t-[#ccc]\n            before:content-[&apos;&apos;] before:flex-1 before:mr-4 before:my-[0.7rem] before:border-t before:border-solid before:border-t-[#ccc]\n            font-article-heading pb-0 text-[length:var(--article-river-title--font-size,1em)] uppercase sm:text-[length:var(--article-river-title--font-size,0.875em)] font-bold\n        \"><br \/>\n            What to read next<br \/>\n        <\/span><\/p>\n<ul class=\"flex flex-col gap-0 m-0 max-w-full\">\n<li class=\"m-0 list-none border-b border-solid border-[#ededed] py-2\" data-recirculation-id=\"recirculation-card-1\" id=\"recirculation-inline-2-1\" data-analytics-id=\"recirculation-2-inline-1\" data-mrf-recirculation=\"recirculation-2-inline-1\">\n    <source type=\"image\/webp\" srcset=\"https:\/\/cdn.mos.cms.futurecdn.net\/FFWbGsXbpVGLxBxHrVJWDS-250-80.jpg.webp 250w, https:\/\/cdn.mos.cms.futurecdn.net\/FFWbGsXbpVGLxBxHrVJWDS-150-80.jpg.webp 150w\" sizes=\"150px\" \/><span class=\"w-full text-base font-[var(--article-river-item--font-weight,500)] font-article-heading line-clamp-3 md:line-clamp-2\">&#8216;It is a bit disappointing, we are honest about that&#8217; \u2013 Worrying signs for the Tour de France as struggles continue for Wout van Aert<\/span><\/li>\n<li class=\"m-0 list-none border-b border-solid border-[#ededed] py-2\" data-recirculation-id=\"recirculation-card-2\" id=\"recirculation-inline-2-2\" data-analytics-id=\"recirculation-2-inline-2\" data-mrf-recirculation=\"recirculation-2-inline-2\">\n    <source type=\"image\/webp\" srcset=\"https:\/\/cdn.mos.cms.futurecdn.net\/N9pFoLkReg7BfAfct59wW4-250-80.jpg.webp 250w, https:\/\/cdn.mos.cms.futurecdn.net\/N9pFoLkReg7BfAfct59wW4-150-80.jpg.webp 150w\" sizes=\"150px\" \/><span class=\"w-full text-base font-[var(--article-river-item--font-weight,500)] font-article-heading line-clamp-3 md:line-clamp-2\">Visma-Lease a Bike to be led by Wout van Aert, Matthew Brennan and Sepp Kuss at Vuelta a Espana<\/span><\/li>\n<li class=\"m-0 list-none border-b border-solid border-[#ccc] py-2\" data-recirculation-id=\"recirculation-card-3\" id=\"recirculation-inline-2-3\" data-analytics-id=\"recirculation-2-inline-3\" data-mrf-recirculation=\"recirculation-2-inline-3\">\n    <source type=\"image\/webp\" srcset=\"https:\/\/cdn.mos.cms.futurecdn.net\/DqM3syGhD3KhhQ4iQ8QdBn-250-80.jpg.webp 250w, https:\/\/cdn.mos.cms.futurecdn.net\/DqM3syGhD3KhhQ4iQ8QdBn-150-80.jpg.webp 150w\" sizes=\"150px\" \/><span class=\"w-full text-base font-[var(--article-river-item--font-weight,500)] font-article-heading line-clamp-3 md:line-clamp-2\">&#8216;When you win, it\u2019s a good test\u2019 &#8211; Visma-Lease a Bike confident ahead of Tour de France opening TTT<\/span><\/li>\n<\/ul>\n<\/aside>\n<p aria-hidden=\"true\" class=\"kiosq-b\">&#8220;We go pretty quickly into the mountains, stage three, four, so we don&#8217;t have a long time to take the jersey. But with the time trial and stage two, there should be quite good opportunities for me. I hope to be close, and it definitely would be a dream to wear it [leader&#8217;s jersey] again,&#8221; he said.<\/p>\n<p aria-hidden=\"true\" class=\"kiosq-b\">&#8220;I like this race, I&#8217;m really motivated, and yeah, I&#8217;m really happy we get close to the start now.<\/p>\n<p aria-hidden=\"true\" class=\"kiosq-b\">&#8220;I think it&#8217;s clear we are here with more of a team for stages than for a clear GC goal, so that&#8217;s obviously a bit different than usual. I&#8217;m a versatile rider, and on this course, I should have a lot of opportunities.&#8221;<\/p>\n<p id=\"elk-5fc3b94c-9cba-11f1-bc76-1b1015a0c4cd\" aria-hidden=\"true\" class=\"kiosq-b\"><em><strong>For unbeatable coverage across road, gravel and tech, subscribe to Cyclingnews. You&#8217;ll get comprehensive race coverage of La Vuelta a Espa\u00f1a, subscriber-exclusive analysis from our expert columnists, in-depth features and industry-leading tech insight. Plus, the Cyclingnews app lets you follow the action wherever you go!<\/strong><\/em><em><strong>Join today.<\/strong><\/em><\/p>\n<\/div>\n<div class=\"block mb-5\" id=\"articleTag\" data-component-name=\"PostArticleLinks\" data-nosnippet data-mrf-recirculation=\"post-article-links\">\n<div class=\"border-b border-b-black border-solid py-2.5 text-black font-bold uppercase\">TOPICS<\/div>\n<nav class=\"py-2.5 flex gap-2.5 flex-wrap\" data-analytics-id=\"article-tag\" data-mrf-recirculation=\"article-tag\">\n<p>Road<\/p>\n<\/nav>\n<\/div>\n<div id=\"slice-container-authorBio-gMBeqmMc6WvB4bE2iDZNg6\" class=\"slice-container slice-author-bio authorBio-gMBeqmMc6WvB4bE2iDZNg6 slice-container-authorBio\">\n<div class=\"author author__default-layout author--separator author--collapsible\" data-hydrate=\"true\">\n<div class=\"author__header\">\n<div class=\"author__avatar-block\">\n<figure class=\"image-wrapped__wrapper\" data-bordeaux-image-check=\"false\">\n<div class=\"image-wrapped__widthsetter\">\n<div class=\"image-wrapped__aspect-padding\">\n<div><source class=\"author__avatar image-wrapped__image image__image\" type=\"image\/gif\" srcset=\"https:\/\/cdn.mos.cms.futurecdn.net\/fnfpSfuM3neaK9DtSrBcKF-140-80.gif 140w\" sizes=\"99vw\" data-normal=\"https:\/\/cdn.mos.cms.futurecdn.net\/fnfpSfuM3neaK9DtSrBcKF.gif\" data-original-mos=\"https:\/\/cdn.mos.cms.futurecdn.net\/fnfpSfuM3neaK9DtSrBcKF.gif\" data-pin-media=\"https:\/\/cdn.mos.cms.futurecdn.net\/fnfpSfuM3neaK9DtSrBcKF.gif\" data-pin-nopin=\"true\" data-slice-image=\"true\" \/><\/div>\n<\/div>\n<\/div>\n<\/figure>\n<\/div>\n<div class=\"author__heading\">\n<div class=\"author__name\">Jackie Tyson<\/div>\n<div class=\"author__social\">\n<nav class=\"button-social-group author__social-buttons\" aria-labelledby=\"button-social-group- author__social-buttons\">\n<div id=\"button-social-group- author__social-buttons\">Social Links Navigation<\/div>\n<\/nav>\n<\/div>\n<div class=\"author__role\">North American Editor<\/div>\n<\/div>\n<\/div>\n<div class=\"author__bio-wrapper\">\n<div class=\"author__biography\">\n<p>Jackie has been involved in professional sports for more than 30 years in news reporting, sports marketing and public relations. She founded Peloton Sports in 1998, a sports marketing and public relations agency, which managed projects for Tour de Georgia, Larry H. Miller Tour of Utah and USA Cycling. She also founded Bike Alpharetta Inc, a Georgia non-profit to promote safe cycling. She is proud to have worked in professional baseball for six years &#8211; from selling advertising to pulling the tarp for several minor league teams. On the bike, she has climbed l&#8217;Alpe d&#8217;Huez three times (not fast), and spends time on gravel around horse farms in north Georgia.<\/p>\n<\/div>\n<\/div>\n<\/div>\n<\/div>\n<\/section>\n<div class=\"relative max-w-[1070px] viafoura-twig-component mt-6 mx-4 lg:mx-0\" data-component-name=\"Viafoura:Comments\" data-nosnippet data-community-guidelines-text=\"&lt;p class=&apos;vfcustom-community-guidelines&apos;&gt;Please follow our &lt;a href=&quot;https:\/\/www.cyclingnews.com\/about\/#section-community-guidelines&quot; target=&quot;_blank&quot;&gt;community guidelines&lt;\/a&gt;.&lt;\/p&gt;\" data-join-the-conversation-text=\"Join the Conversation\">\n<div class=\"absolute top-0 left-0 w-full h-full flex items-center justify-center z-50 bg-white\/90 border-1 rounded-b-[var(--comment-widget-border-radius,0)]\">\n<div class=\"p-2 text-center\">\n<p class=\"mb-3 text-lg!\">You must confirm your public display name before commenting<\/p>\n<p class=\"mb-3 text-sm!\">Please logout and then login again, you will then be prompted to enter your display name.<\/p>\n<\/div>\n<\/div>\n<\/div>\n<section class=\"mx-2 my-5 sm:mx-0\">\n<aside class=\"w-full\" data-nosnippet data-mrf-recirculation=\"article-river-stacked\">\n<div data-recirc-id=\"article-river-stacked-adviser:hybrid\">\n<div class=\"text-white py-4 px-3 mb-4 bg-[#333] uppercase font-bold custom-header-styles\">Read more<\/div>\n<div class=\"grid grid-cols-1 gap-4 mt-4 mb-5\">\n<div>\n<div class=\"aspect-[var(--img-listing-aspect-ratio,16\/9)] relative mb-3.5\">\n    <source type=\"image\/webp\" srcset=\"https:\/\/cdn.mos.cms.futurecdn.net\/o9dfoYGxAgxmJ5j8ffMbSP-840-80.jpg.webp 840w, https:\/\/cdn.mos.cms.futurecdn.net\/o9dfoYGxAgxmJ5j8ffMbSP-650-80.jpg.webp 650w, https:\/\/cdn.mos.cms.futurecdn.net\/o9dfoYGxAgxmJ5j8ffMbSP-500-80.jpg.webp 500w, https:\/\/cdn.mos.cms.futurecdn.net\/o9dfoYGxAgxmJ5j8ffMbSP-450-80.jpg.webp 450w, https:\/\/cdn.mos.cms.futurecdn.net\/o9dfoYGxAgxmJ5j8ffMbSP-320-80.jpg.webp 320w\" sizes=\"(min-width: 900px) 925px, (min-width: 700px) 450px, calc(100vw - 48px)\" \/><\/div>\n<p><span class=\"custom-subheading-styles\">Racing<\/span><span class=\"text-base text-black font-bold mx-0 my-2.5 p-0 block custom-text-styles\">Vuelta a Espa\u00f1a stage 1 time trial start times \u2013 When Jay Vine, Wout van Aert, Tadej Poga\u010dar and others take turns on twisting 9.6km route in Monaco<\/span><\/div>\n<div class=\"relative recirc-feed sponsored-card min-h-[250px]\" data-recirc-id=\"article-river-stacked-ads:native-cards\" data-mrf-recirculation=\"article-river-ads\" data-nosnippet data-ad-slot-path=\"feed-sponsored-post\" data-attribute-device=\"all\">\n<div class=\"max-w-full sponsored-post--placeholder animate-pulse\">\n<div class=\"relative!\"><span class=\"text-base text-black font-bold mx-0 my-2.5 p-0 block bg-gray-100\">\u00a0<br \/>\u00a0<\/span><\/div>\n<\/div>\n<\/div>\n<div>\n<div class=\"aspect-[var(--img-listing-aspect-ratio,16\/9)] relative mb-3.5\">\n    <source type=\"image\/webp\" srcset=\"https:\/\/cdn.mos.cms.futurecdn.net\/ZH9tPKdEpRDyEkVonao4Rf-840-80.png.webp 840w, https:\/\/cdn.mos.cms.futurecdn.net\/ZH9tPKdEpRDyEkVonao4Rf-650-80.png.webp 650w, https:\/\/cdn.mos.cms.futurecdn.net\/ZH9tPKdEpRDyEkVonao4Rf-500-80.png.webp 500w, https:\/\/cdn.mos.cms.futurecdn.net\/ZH9tPKdEpRDyEkVonao4Rf-450-80.png.webp 450w, https:\/\/cdn.mos.cms.futurecdn.net\/ZH9tPKdEpRDyEkVonao4Rf-320-80.png.webp 320w\" sizes=\"(min-width: 900px) 925px, (min-width: 700px) 450px, calc(100vw - 48px)\" \/><\/div>\n<p><span class=\"custom-subheading-styles\">Teams &amp; Riders<\/span><span class=\"text-base text-black font-bold mx-0 my-2.5 p-0 block custom-text-styles\">&#8216;At my very best, I certainly have a chance&#8217; \u2013 Wout van Aert confident in World Championships road race bid after rediscovering top form before Vuelta a Espa\u00f1a<\/span><\/div>\n<div class=\"relative recirc-feed sponsored-card min-h-[250px]\" data-recirc-id=\"article-river-stacked-ads:native-cards\" data-mrf-recirculation=\"article-river-ads\" data-nosnippet data-ad-slot-path=\"feed-sponsored-post\" data-attribute-device=\"all\">\n<div class=\"max-w-full sponsored-post--placeholder animate-pulse\">\n<div class=\"relative!\"><span class=\"text-base text-black font-bold mx-0 my-2.5 p-0 block bg-gray-100\">\u00a0<br \/>\u00a0<\/span><\/div>\n<\/div>\n<\/div>\n<div>\n<div class=\"aspect-[var(--img-listing-aspect-ratio,16\/9)] relative mb-3.5\">\n    <source type=\"image\/webp\" srcset=\"https:\/\/cdn.mos.cms.futurecdn.net\/k9zmDrDg9CYQpyHK4MVWeJ-840-80.jpg.webp 840w, https:\/\/cdn.mos.cms.futurecdn.net\/k9zmDrDg9CYQpyHK4MVWeJ-650-80.jpg.webp 650w, https:\/\/cdn.mos.cms.futurecdn.net\/k9zmDrDg9CYQpyHK4MVWeJ-500-80.jpg.webp 500w, https:\/\/cdn.mos.cms.futurecdn.net\/k9zmDrDg9CYQpyHK4MVWeJ-450-80.jpg.webp 450w, https:\/\/cdn.mos.cms.futurecdn.net\/k9zmDrDg9CYQpyHK4MVWeJ-320-80.jpg.webp 320w\" sizes=\"(min-width: 900px) 925px, (min-width: 700px) 450px, calc(100vw - 48px)\" \/><\/div>\n<p><span class=\"custom-subheading-styles\">Teams &amp; Riders<\/span><span class=\"text-base text-black font-bold mx-0 my-2.5 p-0 block custom-text-styles\">From road to gravel then back to road: Why is Wout van Aert racing the Belgian Gravel Championships for the first time ever this Sunday?<\/span><\/div>\n<div class=\"relative recirc-feed sponsored-card min-h-[250px]\" data-recirc-id=\"article-river-stacked-ads:native-cards\" data-mrf-recirculation=\"article-river-ads\" data-nosnippet data-ad-slot-path=\"feed-sponsored-post\" data-attribute-device=\"all\">\n<div class=\"max-w-full sponsored-post--placeholder animate-pulse\">\n<div class=\"relative!\"><span class=\"text-base text-black font-bold mx-0 my-2.5 p-0 block bg-gray-100\">\u00a0<br \/>\u00a0<\/span><\/div>\n<\/div>\n<\/div>\n<div>\n<div class=\"aspect-[var(--img-listing-aspect-ratio,16\/9)] relative mb-3.5\">\n    <source type=\"image\/webp\" srcset=\"https:\/\/cdn.mos.cms.futurecdn.net\/FFWbGsXbpVGLxBxHrVJWDS-840-80.jpg.webp 840w, https:\/\/cdn.mos.cms.futurecdn.net\/FFWbGsXbpVGLxBxHrVJWDS-650-80.jpg.webp 650w, https:\/\/cdn.mos.cms.futurecdn.net\/FFWbGsXbpVGLxBxHrVJWDS-500-80.jpg.webp 500w, https:\/\/cdn.mos.cms.futurecdn.net\/FFWbGsXbpVGLxBxHrVJWDS-450-80.jpg.webp 450w, https:\/\/cdn.mos.cms.futurecdn.net\/FFWbGsXbpVGLxBxHrVJWDS-320-80.jpg.webp 320w\" sizes=\"(min-width: 900px) 925px, (min-width: 700px) 450px, calc(100vw - 48px)\" \/><\/div>\n<p><span class=\"custom-subheading-styles\">Teams &amp; Riders<\/span><span class=\"text-base text-black font-bold mx-0 my-2.5 p-0 block custom-text-styles\">&#8216;It is a bit disappointing, we are honest about that&#8217; \u2013 Worrying signs for the Tour de France as struggles continue for Wout van Aert<\/span><\/div>\n<div class=\"relative recirc-feed sponsored-card min-h-[250px]\" data-recirc-id=\"article-river-stacked-ads:native-cards\" data-mrf-recirculation=\"article-river-ads\" data-nosnippet data-ad-slot-path=\"feed-sponsored-post\" data-attribute-device=\"all\">\n<div class=\"max-w-full sponsored-post--placeholder animate-pulse\">\n<div class=\"relative!\"><span class=\"text-base text-black font-bold mx-0 my-2.5 p-0 block bg-gray-100\">\u00a0<br \/>\u00a0<\/span><\/div>\n<\/div>\n<\/div>\n<div>\n<div class=\"aspect-[var(--img-listing-aspect-ratio,16\/9)] relative mb-3.5\">\n    <source type=\"image\/webp\" srcset=\"https:\/\/cdn.mos.cms.futurecdn.net\/N9pFoLkReg7BfAfct59wW4-840-80.jpg.webp 840w, https:\/\/cdn.mos.cms.futurecdn.net\/N9pFoLkReg7BfAfct59wW4-650-80.jpg.webp 650w, https:\/\/cdn.mos.cms.futurecdn.net\/N9pFoLkReg7BfAfct59wW4-500-80.jpg.webp 500w, https:\/\/cdn.mos.cms.futurecdn.net\/N9pFoLkReg7BfAfct59wW4-450-80.jpg.webp 450w, https:\/\/cdn.mos.cms.futurecdn.net\/N9pFoLkReg7BfAfct59wW4-320-80.jpg.webp 320w\" sizes=\"(min-width: 900px) 925px, (min-width: 700px) 450px, calc(100vw - 48px)\" \/><\/div>\n<p><span class=\"custom-subheading-styles\">Teams &amp; Riders<\/span><span class=\"text-base text-black font-bold mx-0 my-2.5 p-0 block custom-text-styles\">Visma-Lease a Bike to be led by Wout van Aert, Matthew Brennan and Sepp Kuss at Vuelta a Espana<\/span><\/div>\n<div class=\"relative recirc-feed sponsored-card min-h-[250px]\" data-recirc-id=\"article-river-stacked-ads:native-cards\" data-mrf-recirculation=\"article-river-ads\" data-nosnippet data-ad-slot-path=\"feed-sponsored-post\" data-attribute-device=\"all\">\n<div class=\"max-w-full sponsored-post--placeholder animate-pulse\">\n<div class=\"relative!\"><span class=\"text-base text-black font-bold mx-0 my-2.5 p-0 block bg-gray-100\">\u00a0<br \/>\u00a0<\/span><\/div>\n<\/div>\n<\/div>\n<div>\n<div class=\"aspect-[var(--img-listing-aspect-ratio,16\/9)] relative mb-3.5\">\n    <source type=\"image\/webp\" srcset=\"https:\/\/cdn.mos.cms.futurecdn.net\/DqM3syGhD3KhhQ4iQ8QdBn-840-80.jpg.webp 840w, https:\/\/cdn.mos.cms.futurecdn.net\/DqM3syGhD3KhhQ4iQ8QdBn-650-80.jpg.webp 650w, https:\/\/cdn.mos.cms.futurecdn.net\/DqM3syGhD3KhhQ4iQ8QdBn-500-80.jpg.webp 500w, https:\/\/cdn.mos.cms.futurecdn.net\/DqM3syGhD3KhhQ4iQ8QdBn-450-80.jpg.webp 450w, https:\/\/cdn.mos.cms.futurecdn.net\/DqM3syGhD3KhhQ4iQ8QdBn-320-80.jpg.webp 320w\" sizes=\"(min-width: 900px) 925px, (min-width: 700px) 450px, calc(100vw - 48px)\" \/><\/div>\n<p><span class=\"custom-subheading-styles\">Pro Cycling<\/span><span class=\"text-base text-black font-bold mx-0 my-2.5 p-0 block custom-text-styles\">&#8216;When you win, it\u2019s a good test\u2019 &#8211; Visma-Lease a Bike confident ahead of Tour de France opening TTT<\/span><\/div>\n<div class=\"relative recirc-feed sponsored-card min-h-[250px]\" data-recirc-id=\"article-river-stacked-ads:native-cards\" data-mrf-recirculation=\"article-river-ads\" data-nosnippet data-ad-slot-path=\"feed-sponsored-post\" data-attribute-device=\"all\">\n<div class=\"max-w-full sponsored-post--placeholder animate-pulse\">\n<div class=\"relative!\"><span class=\"text-base text-black font-bold mx-0 my-2.5 p-0 block bg-gray-100\">\u00a0<br \/>\u00a0<\/span><\/div>\n<\/div>\n<\/div>\n<\/div>\n<\/div>\n<\/aside>\n<aside class=\"w-full\" data-nosnippet data-mrf-recirculation=\"article-river-stacked\">\n<div data-recirc-id=\"article-river-stacked-solr:latest-category\">\n<div class=\"text-white py-4 px-3 mb-4 bg-[#333] uppercase font-bold custom-header-styles\">Latest in Teams &amp; Riders<\/div>\n<div class=\"grid grid-cols-1 gap-4 mt-4 mb-5\">\n<div>\n<div class=\"aspect-[var(--img-listing-aspect-ratio,16\/9)] relative mb-3.5\">\n    <source type=\"image\/webp\" srcset=\"https:\/\/cdn.mos.cms.futurecdn.net\/iSijFQzPeQBT8U9pXGDkXW-840-80.jpg.webp 840w, https:\/\/cdn.mos.cms.futurecdn.net\/iSijFQzPeQBT8U9pXGDkXW-650-80.jpg.webp 650w, https:\/\/cdn.mos.cms.futurecdn.net\/iSijFQzPeQBT8U9pXGDkXW-500-80.jpg.webp 500w, https:\/\/cdn.mos.cms.futurecdn.net\/iSijFQzPeQBT8U9pXGDkXW-450-80.jpg.webp 450w, https:\/\/cdn.mos.cms.futurecdn.net\/iSijFQzPeQBT8U9pXGDkXW-320-80.jpg.webp 320w\" sizes=\"(min-width: 900px) 925px, (min-width: 700px) 450px, calc(100vw - 48px)\" \/><\/div>\n<p><span class=\"custom-subheading-styles\">Women&#8217;s Cycling<\/span><span class=\"text-base text-black font-bold mx-0 my-2.5 p-0 block custom-text-styles\">Lauren Dickson returns from collarbone break to aim at World Championships debut at Tour of Britain Women<\/span><\/div>\n<div class=\"relative recirc-feed sponsored-card min-h-[250px]\" data-recirc-id=\"article-river-stacked-ads:native-cards\" data-mrf-recirculation=\"article-river-ads\" data-nosnippet data-ad-slot-path=\"feed-sponsored-post\" data-attribute-device=\"all\">\n<div class=\"max-w-full sponsored-post--placeholder animate-pulse\">\n<div class=\"relative!\"><span class=\"text-base text-black font-bold mx-0 my-2.5 p-0 block bg-gray-100\">\u00a0<br \/>\u00a0<\/span><\/div>\n<\/div>\n<\/div>\n<div>\n<div class=\"aspect-[var(--img-listing-aspect-ratio,16\/9)] relative mb-3.5\">\n    <source type=\"image\/webp\" srcset=\"https:\/\/cdn.mos.cms.futurecdn.net\/NUkQUt9iBzjr2d4jmAyFQf-840-80.jpg.webp 840w, https:\/\/cdn.mos.cms.futurecdn.net\/NUkQUt9iBzjr2d4jmAyFQf-650-80.jpg.webp 650w, https:\/\/cdn.mos.cms.futurecdn.net\/NUkQUt9iBzjr2d4jmAyFQf-500-80.jpg.webp 500w, https:\/\/cdn.mos.cms.futurecdn.net\/NUkQUt9iBzjr2d4jmAyFQf-450-80.jpg.webp 450w, https:\/\/cdn.mos.cms.futurecdn.net\/NUkQUt9iBzjr2d4jmAyFQf-320-80.jpg.webp 320w\" sizes=\"(min-width: 900px) 925px, (min-width: 700px) 450px, calc(100vw - 48px)\" \/><\/div>\n<p><span class=\"custom-subheading-styles\">Women&#8217;s Cycling<\/span><span class=\"text-base text-black font-bold mx-0 my-2.5 p-0 block custom-text-styles\">&#8216;A shame I wasn&#8217;t on Kim&#8217;s wheel in the final corner&#8217; \u2013 Liane Lippert second behind unstoppable Le Court-Pienaar on Tour of Britain Women queen stage<\/span><\/div>\n<div class=\"relative recirc-feed sponsored-card min-h-[250px]\" data-recirc-id=\"article-river-stacked-ads:native-cards\" data-mrf-recirculation=\"article-river-ads\" data-nosnippet data-ad-slot-path=\"feed-sponsored-post\" data-attribute-device=\"all\">\n<div class=\"max-w-full sponsored-post--placeholder animate-pulse\">\n<div class=\"relative!\"><span class=\"text-base text-black font-bold mx-0 my-2.5 p-0 block bg-gray-100\">\u00a0<br \/>\u00a0<\/span><\/div>\n<\/div>\n<\/div>\n<div>\n<div class=\"aspect-[var(--img-listing-aspect-ratio,16\/9)] relative mb-3.5\">\n    <source type=\"image\/webp\" srcset=\"https:\/\/cdn.mos.cms.futurecdn.net\/m3Jt9LNmhTEMRgsrgWE9vG-840-80.jpg.webp 840w, https:\/\/cdn.mos.cms.futurecdn.net\/m3Jt9LNmhTEMRgsrgWE9vG-650-80.jpg.webp 650w, https:\/\/cdn.mos.cms.futurecdn.net\/m3Jt9LNmhTEMRgsrgWE9vG-500-80.jpg.webp 500w, https:\/\/cdn.mos.cms.futurecdn.net\/m3Jt9LNmhTEMRgsrgWE9vG-450-80.jpg.webp 450w, https:\/\/cdn.mos.cms.futurecdn.net\/m3Jt9LNmhTEMRgsrgWE9vG-320-80.jpg.webp 320w\" sizes=\"(min-width: 900px) 925px, (min-width: 700px) 450px, calc(100vw - 48px)\" \/><\/div>\n<p><span class=\"custom-subheading-styles\">Teams &amp; Riders<\/span><span class=\"text-base text-black font-bold mx-0 my-2.5 p-0 block custom-text-styles\">&#8216;It only depends on my legs&#8217; \u2013 Jo\u00e3o Almeida eyes possible &#8216;Plan B&#8217; GC bid alongside teammate Tadej Poga\u010dar at Vuelta a Espa\u00f1a<\/span><\/div>\n<div class=\"relative recirc-feed sponsored-card min-h-[250px]\" data-recirc-id=\"article-river-stacked-ads:native-cards\" data-mrf-recirculation=\"article-river-ads\" data-nosnippet data-ad-slot-path=\"feed-sponsored-post\" data-attribute-device=\"all\">\n<div class=\"max-w-full sponsored-post--placeholder animate-pulse\">\n<div class=\"relative!\"><span class=\"text-base text-black font-bold mx-0 my-2.5 p-0 block bg-gray-100\">\u00a0<br \/>\u00a0<\/span><\/div>\n<\/div>\n<\/div>\n<div>\n<div class=\"aspect-[var(--img-listing-aspect-ratio,16\/9)] relative mb-3.5\">\n    <source type=\"image\/webp\" srcset=\"https:\/\/cdn.mos.cms.futurecdn.net\/preyXU8URFip5kJRmtcp5W-840-80.jpg.webp 840w, https:\/\/cdn.mos.cms.futurecdn.net\/preyXU8URFip5kJRmtcp5W-650-80.jpg.webp 650w, https:\/\/cdn.mos.cms.futurecdn.net\/preyXU8URFip5kJRmtcp5W-500-80.jpg.webp 500w, https:\/\/cdn.mos.cms.futurecdn.net\/preyXU8URFip5kJRmtcp5W-450-80.jpg.webp 450w, https:\/\/cdn.mos.cms.futurecdn.net\/preyXU8URFip5kJRmtcp5W-320-80.jpg.webp 320w\" sizes=\"(min-width: 900px) 925px, (min-width: 700px) 450px, calc(100vw - 48px)\" \/><\/div>\n<p><span class=\"custom-subheading-styles\">Teams &amp; Riders<\/span><span class=\"text-base text-black font-bold mx-0 my-2.5 p-0 block custom-text-styles\">Julian Alaphilippe has reportedly called an early end to his professional racing career<\/span><\/div>\n<div class=\"relative recirc-feed sponsored-card min-h-[250px]\" data-recirc-id=\"article-river-stacked-ads:native-cards\" data-mrf-recirculation=\"article-river-ads\" data-nosnippet data-ad-slot-path=\"feed-sponsored-post\" data-attribute-device=\"all\">\n<div class=\"max-w-full sponsored-post--placeholder animate-pulse\">\n<div class=\"relative!\"><span class=\"text-base text-black font-bold mx-0 my-2.5 p-0 block bg-gray-100\">\u00a0<br \/>\u00a0<\/span><\/div>\n<\/div>\n<\/div>\n<div>\n<div class=\"aspect-[var(--img-listing-aspect-ratio,16\/9)] relative mb-3.5\">\n    <source type=\"image\/webp\" srcset=\"https:\/\/cdn.mos.cms.futurecdn.net\/qrT26Xteho8U5gshkKC8f9-840-80.jpg.webp 840w, https:\/\/cdn.mos.cms.futurecdn.net\/qrT26Xteho8U5gshkKC8f9-650-80.jpg.webp 650w, https:\/\/cdn.mos.cms.futurecdn.net\/qrT26Xteho8U5gshkKC8f9-500-80.jpg.webp 500w, https:\/\/cdn.mos.cms.futurecdn.net\/qrT26Xteho8U5gshkKC8f9-450-80.jpg.webp 450w, https:\/\/cdn.mos.cms.futurecdn.net\/qrT26Xteho8U5gshkKC8f9-320-80.jpg.webp 320w\" sizes=\"(min-width: 900px) 925px, (min-width: 700px) 450px, calc(100vw - 48px)\" \/><\/div>\n<p><span class=\"custom-subheading-styles\">Teams &amp; Riders<\/span><span class=\"text-base text-black font-bold mx-0 my-2.5 p-0 block custom-text-styles\">&#8216;I haven&#8217;t even enjoyed any training this year, it&#8217;s been that bad&#8217; &#8211; Mikel Landa in survival mode at the Vuelta a Espa\u00f1a.<\/span><\/div>\n<div class=\"relative recirc-feed sponsored-card min-h-[250px]\" data-recirc-id=\"article-river-stacked-ads:native-cards\" data-mrf-recirculation=\"article-river-ads\" data-nosnippet data-ad-slot-path=\"feed-sponsored-post\" data-attribute-device=\"all\">\n<div class=\"max-w-full sponsored-post--placeholder animate-pulse\">\n<div class=\"relative!\"><span class=\"text-base text-black font-bold mx-0 my-2.5 p-0 block bg-gray-100\">\u00a0<br \/>\u00a0<\/span><\/div>\n<\/div>\n<\/div>\n<div>\n<div class=\"aspect-[var(--img-listing-aspect-ratio,16\/9)] relative mb-3.5\">\n    <source type=\"image\/webp\" srcset=\"https:\/\/cdn.mos.cms.futurecdn.net\/r4EDHRKrKu3tRtpXMKgLsP-840-80.jpg.webp 840w, https:\/\/cdn.mos.cms.futurecdn.net\/r4EDHRKrKu3tRtpXMKgLsP-650-80.jpg.webp 650w, https:\/\/cdn.mos.cms.futurecdn.net\/r4EDHRKrKu3tRtpXMKgLsP-500-80.jpg.webp 500w, https:\/\/cdn.mos.cms.futurecdn.net\/r4EDHRKrKu3tRtpXMKgLsP-450-80.jpg.webp 450w, https:\/\/cdn.mos.cms.futurecdn.net\/r4EDHRKrKu3tRtpXMKgLsP-320-80.jpg.webp 320w\" sizes=\"(min-width: 900px) 925px, (min-width: 700px) 450px, calc(100vw - 48px)\" \/><\/div>\n<p><span class=\"custom-subheading-styles\">Teams &amp; Riders<\/span><span class=\"text-base text-black font-bold mx-0 my-2.5 p-0 block custom-text-styles\">&#8216;I need to race smart&#8217; &#8211; Tadej Poga\u010dar looking to complete the Grand Slam of Grand Tours in the Vuelta a Espa\u00f1a, while still looking ahead<\/span><\/div>\n<div class=\"relative recirc-feed sponsored-card min-h-[250px]\" data-recirc-id=\"article-river-stacked-ads:native-cards\" data-mrf-recirculation=\"article-river-ads\" data-nosnippet data-ad-slot-path=\"feed-sponsored-post\" data-attribute-device=\"all\">\n<div class=\"max-w-full sponsored-post--placeholder animate-pulse\">\n<div class=\"relative!\"><span class=\"text-base text-black font-bold mx-0 my-2.5 p-0 block bg-gray-100\">\u00a0<br \/>\u00a0<\/span><\/div>\n<\/div>\n<\/div>\n<\/div>\n<\/div>\n<\/aside>\n<aside class=\"w-full\" data-nosnippet data-mrf-recirculation=\"article-river-stacked\">\n<div data-recirc-id=\"article-river-stacked-solr:latest-articletype\">\n<div class=\"text-white py-4 px-3 mb-4 bg-[#333] uppercase font-bold custom-header-styles\">Latest in News<\/div>\n<div class=\"grid grid-cols-1 gap-4 mt-4 mb-5\">\n<div>\n<div class=\"aspect-[var(--img-listing-aspect-ratio,16\/9)] relative mb-3.5\">\n    <source type=\"image\/webp\" srcset=\"https:\/\/cdn.mos.cms.futurecdn.net\/iSijFQzPeQBT8U9pXGDkXW-840-80.jpg.webp 840w, https:\/\/cdn.mos.cms.futurecdn.net\/iSijFQzPeQBT8U9pXGDkXW-650-80.jpg.webp 650w, https:\/\/cdn.mos.cms.futurecdn.net\/iSijFQzPeQBT8U9pXGDkXW-500-80.jpg.webp 500w, https:\/\/cdn.mos.cms.futurecdn.net\/iSijFQzPeQBT8U9pXGDkXW-450-80.jpg.webp 450w, https:\/\/cdn.mos.cms.futurecdn.net\/iSijFQzPeQBT8U9pXGDkXW-320-80.jpg.webp 320w\" sizes=\"(min-width: 900px) 925px, (min-width: 700px) 450px, calc(100vw - 48px)\" \/><\/div>\n<p><span class=\"custom-subheading-styles\">Women&#8217;s Cycling<\/span><span class=\"text-base text-black font-bold mx-0 my-2.5 p-0 block custom-text-styles\">Lauren Dickson returns from collarbone break to aim at World Championships debut at Tour of Britain Women<\/span><\/div>\n<div class=\"relative recirc-feed sponsored-card min-h-[250px]\" data-recirc-id=\"article-river-stacked-ads:native-cards\" data-mrf-recirculation=\"article-river-ads\" data-nosnippet data-ad-slot-path=\"feed-sponsored-post\" data-attribute-device=\"all\">\n<div class=\"max-w-full sponsored-post--placeholder animate-pulse\">\n<div class=\"relative!\"><span class=\"text-base text-black font-bold mx-0 my-2.5 p-0 block bg-gray-100\">\u00a0<br \/>\u00a0<\/span><\/div>\n<\/div>\n<\/div>\n<div>\n<div class=\"aspect-[var(--img-listing-aspect-ratio,16\/9)] relative mb-3.5\">\n    <source type=\"image\/webp\" srcset=\"https:\/\/cdn.mos.cms.futurecdn.net\/NUkQUt9iBzjr2d4jmAyFQf-840-80.jpg.webp 840w, https:\/\/cdn.mos.cms.futurecdn.net\/NUkQUt9iBzjr2d4jmAyFQf-650-80.jpg.webp 650w, https:\/\/cdn.mos.cms.futurecdn.net\/NUkQUt9iBzjr2d4jmAyFQf-500-80.jpg.webp 500w, https:\/\/cdn.mos.cms.futurecdn.net\/NUkQUt9iBzjr2d4jmAyFQf-450-80.jpg.webp 450w, https:\/\/cdn.mos.cms.futurecdn.net\/NUkQUt9iBzjr2d4jmAyFQf-320-80.jpg.webp 320w\" sizes=\"(min-width: 900px) 925px, (min-width: 700px) 450px, calc(100vw - 48px)\" \/><\/div>\n<p><span class=\"custom-subheading-styles\">Women&#8217;s Cycling<\/span><span class=\"text-base text-black font-bold mx-0 my-2.5 p-0 block custom-text-styles\">&#8216;A shame I wasn&#8217;t on Kim&#8217;s wheel in the final corner&#8217; \u2013 Liane Lippert second behind unstoppable Le Court-Pienaar on Tour of Britain Women queen stage<\/span><\/div>\n<div class=\"relative recirc-feed sponsored-card min-h-[250px]\" data-recirc-id=\"article-river-stacked-ads:native-cards\" data-mrf-recirculation=\"article-river-ads\" data-nosnippet data-ad-slot-path=\"feed-sponsored-post\" data-attribute-device=\"all\">\n<div class=\"max-w-full sponsored-post--placeholder animate-pulse\">\n<div class=\"relative!\"><span class=\"text-base text-black font-bold mx-0 my-2.5 p-0 block bg-gray-100\">\u00a0<br \/>\u00a0<\/span><\/div>\n<\/div>\n<\/div>\n<div>\n<div class=\"aspect-[var(--img-listing-aspect-ratio,16\/9)] relative mb-3.5\">\n    <source type=\"image\/webp\" srcset=\"https:\/\/cdn.mos.cms.futurecdn.net\/fXAaRtRGWr7884wyUeD2nd-840-80.jpg.webp 840w, https:\/\/cdn.mos.cms.futurecdn.net\/fXAaRtRGWr7884wyUeD2nd-650-80.jpg.webp 650w, https:\/\/cdn.mos.cms.futurecdn.net\/fXAaRtRGWr7884wyUeD2nd-500-80.jpg.webp 500w, https:\/\/cdn.mos.cms.futurecdn.net\/fXAaRtRGWr7884wyUeD2nd-450-80.jpg.webp 450w, https:\/\/cdn.mos.cms.futurecdn.net\/fXAaRtRGWr7884wyUeD2nd-320-80.jpg.webp 320w\" sizes=\"(min-width: 900px) 925px, (min-width: 700px) 450px, calc(100vw - 48px)\" \/><\/div>\n<p><span class=\"custom-subheading-styles\">Doping<\/span><span class=\"text-base text-black font-bold mx-0 my-2.5 p-0 block custom-text-styles\">South African racer leaves Tour of Britain Women after returning out-of-competition positive test for synthetic peptide<\/span><\/div>\n<div class=\"relative recirc-feed sponsored-card min-h-[250px]\" data-recirc-id=\"article-river-stacked-ads:native-cards\" data-mrf-recirculation=\"article-river-ads\" data-nosnippet data-ad-slot-path=\"feed-sponsored-post\" data-attribute-device=\"all\">\n<div class=\"max-w-full sponsored-post--placeholder animate-pulse\">\n<div class=\"relative!\"><span class=\"text-base text-black font-bold mx-0 my-2.5 p-0 block bg-gray-100\">\u00a0<br \/>\u00a0<\/span><\/div>\n<\/div>\n<\/div>\n<div>\n<div class=\"aspect-[var(--img-listing-aspect-ratio,16\/9)] relative mb-3.5\">\n    <source type=\"image\/webp\" srcset=\"https:\/\/cdn.mos.cms.futurecdn.net\/XP2rqy7qez9mC6UdTwJgz-840-80.jpg.webp 840w, https:\/\/cdn.mos.cms.futurecdn.net\/XP2rqy7qez9mC6UdTwJgz-650-80.jpg.webp 650w, https:\/\/cdn.mos.cms.futurecdn.net\/XP2rqy7qez9mC6UdTwJgz-500-80.jpg.webp 500w, https:\/\/cdn.mos.cms.futurecdn.net\/XP2rqy7qez9mC6UdTwJgz-450-80.jpg.webp 450w, https:\/\/cdn.mos.cms.futurecdn.net\/XP2rqy7qez9mC6UdTwJgz-320-80.jpg.webp 320w\" sizes=\"(min-width: 900px) 925px, (min-width: 700px) 450px, calc(100vw - 48px)\" \/><\/div>\n<p><span class=\"custom-subheading-styles\">Wheels &amp; Tyres<\/span><span class=\"text-base text-black font-bold mx-0 my-2.5 p-0 block custom-text-styles\">New road and gravel tyres from Silca signal a change in strategy for the Italian company<\/span><\/div>\n<div class=\"relative recirc-feed sponsored-card min-h-[250px]\" data-recirc-id=\"article-river-stacked-ads:native-cards\" data-mrf-recirculation=\"article-river-ads\" data-nosnippet data-ad-slot-path=\"feed-sponsored-post\" data-attribute-device=\"all\">\n<div class=\"max-w-full sponsored-post--placeholder animate-pulse\">\n<div class=\"relative!\"><span class=\"text-base text-black font-bold mx-0 my-2.5 p-0 block bg-gray-100\">\u00a0<br \/>\u00a0<\/span><\/div>\n<\/div>\n<\/div>\n<div>\n<div class=\"aspect-[var(--img-listing-aspect-ratio,16\/9)] relative mb-3.5\">\n    <source type=\"image\/webp\" srcset=\"https:\/\/cdn.mos.cms.futurecdn.net\/o9dfoYGxAgxmJ5j8ffMbSP-840-80.jpg.webp 840w, https:\/\/cdn.mos.cms.futurecdn.net\/o9dfoYGxAgxmJ5j8ffMbSP-650-80.jpg.webp 650w, https:\/\/cdn.mos.cms.futurecdn.net\/o9dfoYGxAgxmJ5j8ffMbSP-500-80.jpg.webp 500w, https:\/\/cdn.mos.cms.futurecdn.net\/o9dfoYGxAgxmJ5j8ffMbSP-450-80.jpg.webp 450w, https:\/\/cdn.mos.cms.futurecdn.net\/o9dfoYGxAgxmJ5j8ffMbSP-320-80.jpg.webp 320w\" sizes=\"(min-width: 900px) 925px, (min-width: 700px) 450px, calc(100vw - 48px)\" \/><\/div>\n<p><span class=\"custom-subheading-styles\">Racing<\/span><span class=\"text-base text-black font-bold mx-0 my-2.5 p-0 block custom-text-styles\">Vuelta a Espa\u00f1a stage 1 time trial start times \u2013 When Jay Vine, Wout van Aert, Tadej Poga\u010dar and others take turns on twisting 9.6km route in Monaco<\/span><\/div>\n<div class=\"relative recirc-feed sponsored-card min-h-[250px]\" data-recirc-id=\"article-river-stacked-ads:native-cards\" data-mrf-recirculation=\"article-river-ads\" data-nosnippet data-ad-slot-path=\"feed-sponsored-post\" data-attribute-device=\"all\">\n<div class=\"max-w-full sponsored-post--placeholder animate-pulse\">\n<div class=\"relative!\"><span class=\"text-base text-black font-bold mx-0 my-2.5 p-0 block bg-gray-100\">\u00a0<br \/>\u00a0<\/span><\/div>\n<\/div>\n<\/div>\n<div>\n<div class=\"aspect-[var(--img-listing-aspect-ratio,16\/9)] relative mb-3.5\">\n    <source type=\"image\/webp\" srcset=\"https:\/\/cdn.mos.cms.futurecdn.net\/onxjykbjbXTp2YUWDDjnF3-840-80.jpg.webp 840w, https:\/\/cdn.mos.cms.futurecdn.net\/onxjykbjbXTp2YUWDDjnF3-650-80.jpg.webp 650w, https:\/\/cdn.mos.cms.futurecdn.net\/onxjykbjbXTp2YUWDDjnF3-500-80.jpg.webp 500w, https:\/\/cdn.mos.cms.futurecdn.net\/onxjykbjbXTp2YUWDDjnF3-450-80.jpg.webp 450w, https:\/\/cdn.mos.cms.futurecdn.net\/onxjykbjbXTp2YUWDDjnF3-320-80.jpg.webp 320w\" sizes=\"(min-width: 900px) 925px, (min-width: 700px) 450px, calc(100vw - 48px)\" \/><\/div>\n<p><span class=\"custom-subheading-styles\">Women&#8217;s Cycling<\/span><span class=\"text-base text-black font-bold mx-0 my-2.5 p-0 block custom-text-styles\">Lotte Kopecky pulls out of Tour of Britain Women<\/span><\/div>\n<div class=\"relative recirc-feed sponsored-card min-h-[250px]\" data-recirc-id=\"article-river-stacked-ads:native-cards\" data-mrf-recirculation=\"article-river-ads\" data-nosnippet data-ad-slot-path=\"feed-sponsored-post\" data-attribute-device=\"all\">\n<div class=\"max-w-full sponsored-post--placeholder animate-pulse\">\n<div class=\"relative!\"><span class=\"text-base text-black font-bold mx-0 my-2.5 p-0 block bg-gray-100\">\u00a0<br \/>\u00a0<\/span><\/div>\n<\/div>\n<\/div>\n<\/div>\n<\/div>\n<\/aside>\n<\/section>\n<\/div>\n<\/div>\n<\/div>\n<div id=\"widgetArea17\" class=\"widget-area md:basis-1\/3 widget-area-g-md-vp-1-3 widget-area-g-lg-vp-1-3 widget-area-g-xl-vp-1-3 page-widget-area-17\">\n<div data-widget-type=\"dynamic\" id=\"popular-data\" class=\"clear-both widget widget-dynamic widget-popular-data widget-dynamic-popular-data widget-dynamic-fter-popular-box\">\n<div class=\"wdn-fte-pb pos-relative space-t20\n\"><\/p>\n<div class=\"slice-container popular-box-slice\">\n<section class=\"popular-box\" data-component-name=\"Slice:PopularBox\">\n<div class=\"popular-box__label\">\n<div class=\"popular-box__label__tab popular-box__label__tab--active\" role=\"heading\">\nLATEST ARTICLES\n<\/div>\n<\/div>\n<ol class=\"popular-box__articles-list popular-box__articles-list--active\">\n<li class=\"popular-box__article-list\">\n<div class=\"popular-box__article-list__container\">\n<div class=\"popular-box__article-list__image-wrapper\">\n<div>\n<source type=\"image\/webp\" srcset=\"https:\/\/cdn.mos.cms.futurecdn.net\/iSijFQzPeQBT8U9pXGDkXW-1280-80.jpg.webp 1280w, https:\/\/cdn.mos.cms.futurecdn.net\/iSijFQzPeQBT8U9pXGDkXW-720-80.jpg.webp 720w, https:\/\/cdn.mos.cms.futurecdn.net\/iSijFQzPeQBT8U9pXGDkXW-640-80.jpg.webp 640w, https:\/\/cdn.mos.cms.futurecdn.net\/iSijFQzPeQBT8U9pXGDkXW-320-80.jpg.webp 320w\" sizes=\"99vw\" \/><\/div>\n<\/div>\n<div class=\"popular-box__article-list__content\">\n<div class=\"popular-box__article-list__number-text\">1<\/div>\n<div class=\"popular-box__article-list__heading\">\n<p>Lauren Dickson returns from collarbone break and takes Queen of the Mountain lead on debut with FDJ United-SUEZ at Tour of Britain Women<\/p>\n<\/div>\n<\/div>\n<\/div>\n<\/li>\n<li class=\"popular-box__article-list\">\n<div class=\"popular-box__article-list__container\">\n<div class=\"popular-box__article-list__content\">\n<div class=\"popular-box__article-list__number-text\">2<\/div>\n<div class=\"popular-box__article-list__heading\">\n<p>South African racer leaves Tour of Britain Women after returning out-of-competition positive test for synthetic peptide<\/p>\n<\/div>\n<\/div>\n<\/div>\n<\/li>\n<li class=\"popular-box__article-list\">\n<div class=\"popular-box__article-list__container\">\n<div class=\"popular-box__article-list__content\">\n<div class=\"popular-box__article-list__number-text\">3<\/div>\n<div class=\"popular-box__article-list__heading\">\n<p>&#8216;A shame I wasn&#8217;t on Kim&#8217;s wheel in the final corner&#8217; \u2013 Liane Lippert second behind unstoppable Le Court-Pienaar on Tour of Britain Women queen stage<\/p>\n<\/div>\n<\/div>\n<\/div>\n<\/li>\n<li class=\"popular-box__article-list\">\n<div class=\"popular-box__article-list__container\">\n<div class=\"popular-box__article-list__content\">\n<div class=\"popular-box__article-list__number-text\">4<\/div>\n<div class=\"popular-box__article-list__heading\">\n<p>New road and gravel tyres from Silca signal a change in strategy for the Italian company<\/p>\n<\/div>\n<\/div>\n<\/div>\n<\/li>\n<li class=\"popular-box__article-list\">\n<div class=\"popular-box__article-list__container\">\n<div class=\"popular-box__article-list__content\">\n<div class=\"popular-box__article-list__number-text\">5<\/div>\n<div class=\"popular-box__article-list__heading\">\n<p>Deutschland Tour: Alessio Magagnotti lands stunning sprint win ahead of Paul Magnier on stage 2<\/p>\n<\/div>\n<\/div>\n<\/div>\n<\/li>\n<\/ol>\n<\/section>\n<\/div>\n<\/div>\n<\/div>\n<\/div>\n<\/div>\n<\/article>\n<article class=\"page-content-onecol flex-1\nnews-article article\n\"><\/p>\n<div class=\"widget-area-group widget-area-group-2col flex flex-wrap box-border\">\n<div id=\"widgetArea16\" class=\"widget-area basis-full md:basis-2\/3 widget-area-g-md-vp-2-3 widget-area-g-lg-vp-2-3 widget-area-g-xl-vp-2-3 page-widget-area-16\">\n<div data-widget-type=\"hero\" id=\"hero\" class=\"clear-both widget widget-hero widget-hero widget-hero-hero widget-hero widget-hero-fter-news\">\n<div class=\"news-article\">\n<header data-component-name=\"Article:Hero\">\n<nav class=\"breadcrumb\" aria-label=\"Breadcrumbs\">\n<ol>\n<li>\nPro Cycling\n<\/li>\n<li>\nTeams &amp; Riders\n<\/li>\n<li>\nVisma-Lease a Bike\n<\/li>\n<li>\nWout van Aert\n<\/li>\n<\/ol>\n<\/nav>\n<h1>&#8216;It could be an opportunity to be close in GC&#8217; &#8211; Opening time trial in Monaco enticing incentive for Wout van Aert&#8217;s return to Vuelta a Espa\u00f1a<\/h1>\n<div class=\"byline-social\">\n<div class=\"vds-byline-block flex flex-row flex-nowrap my-1.5 gap-2 text-left items-start max-sm:flex-col justify-start\" data-component-name=\"Article:BylineBlock\">\n<p>News<\/p>\n<div class=\"my-auto vds-simple-byline\"><span class=\"inline-block vds-author\"><br \/>\nBy<br \/>\nAlasdair Fotheringham, Jackie Tyson <\/span><\/p>\n<div class=\"flex gap-1 vds-byline-with-avatar__meta\"><span class=\"vds-date block font-normal tracking-normal normal-case text-xs\"><br \/>\nPublished<br \/>\n<time data-component-name=\"UI:DateTime\" datetime=\"2026-08-20T19:04:58Z\" class=\"relative-date\"><br \/>\n20 August 2026<br \/>\n<\/time><\/span><\/div>\n<\/div>\n<\/div>\n<p class=\"strapline\">Paris-Roubaix winner says ITT course in Monaco &#8216;a bit too technical&#8217;<\/p>\n<\/div>\n<aside class=\"text-gray-700 flex items-center mx-0 my-5 p-0 justify-start text-left\" id=\"affiliate-disclaimer\" data-component-name=\"AffiliateDisclaimer\" data-hawk-message=\"Affiliate disclaimer removed because hawk deemed there are no affiliate links on this page\">\n<p class=\"text-[color:var(--affiliate-disclaimer--text-color,inherit)] mb-2 text-[length:var(--affiliate-disclaimer--font-size,0.75rem)] leading-[18px] md:text-[13px] [&amp;&gt;a]:text-inherit [&amp;&gt;a]:underline\">\nWhen you purchase through links on our site, we may earn an affiliate commission. Here\u2019s how it works.\n<\/p>\n<\/aside>\n<\/header>\n<\/div>\n<\/div>\n<div data-widget-type=\"contentparsed\" id=\"content\" class=\"clear-both widget widget-contentparsed widget-content widget-contentparsed-content widget-content-parsed widget-content-parsed-content_document \">\n<div class=\"wcp-item-content\">\n<section class=\"content-wrapper\">\n<div class=\"box less-space hero-image-wrapper\">\n<figure class=\"mb-0\">\n<source type=\"image\/webp\" srcset=\"https:\/\/cdn.mos.cms.futurecdn.net\/tfLM6usLQ7FSegycrtArMn-1920-80.jpg.webp 1920w, https:\/\/cdn.mos.cms.futurecdn.net\/tfLM6usLQ7FSegycrtArMn-1600-80.jpg.webp 1600w, https:\/\/cdn.mos.cms.futurecdn.net\/tfLM6usLQ7FSegycrtArMn-1200-80.jpg.webp 1200w, https:\/\/cdn.mos.cms.futurecdn.net\/tfLM6usLQ7FSegycrtArMn-1024-80.jpg.webp 1024w, https:\/\/cdn.mos.cms.futurecdn.net\/tfLM6usLQ7FSegycrtArMn-970-80.jpg.webp 970w, https:\/\/cdn.mos.cms.futurecdn.net\/tfLM6usLQ7FSegycrtArMn-750-80.jpg.webp 750w, https:\/\/cdn.mos.cms.futurecdn.net\/tfLM6usLQ7FSegycrtArMn-650-80.jpg.webp 650w, https:\/\/cdn.mos.cms.futurecdn.net\/tfLM6usLQ7FSegycrtArMn-480-80.jpg.webp 480w, https:\/\/cdn.mos.cms.futurecdn.net\/tfLM6usLQ7FSegycrtArMn-320-80.jpg.webp 320w\" sizes=\"(min-width: 1000px) 600px, 100vw\" \/><figcaption class=\"font-article-copy text-(--image--text--color) font-article-copy mt-2\"><span class=\"caption-text font-article-copy\">Wout van Aert (Visma-Lease a Bike) smiles at Tour of Denmark 2026, winning three stages and overall title<\/span><span class=\"credit font-article-copy\">(Image credit: Getty Images)<\/span><\/figcaption><\/figure>\n<\/div>\n<div id=\"article-body\" class=\"text-copy bodyCopy auto paywall-locker\">\n<div data-analytics-id=\"utility-bar\" id=\"utility-bar\" class=\"font-ui-heading flex justify-between items-center py-2 border-t border-b border-gray-300 border-solid mb-5 mx-auto\" data-component-name=\"UtilityBar\" data-mrf-recirculation=\"utility-bar\">\n<div class=\"flex gap-2 text-[#333] subcontainer\">\n<div class=\"relative tooltip-container\" role=\"tooltip\">\n<div data-component-name=\"Social:Dropdown\" role=\"menu\" id=\"utilitybar__dropdown--share\" aria-labelledby=\"utilitybar__button--share\" class=\"absolute left-0 top-full w-44 bg-white rounded-md shadow-md border border-neutral-200 z-[9996] list-none m-0 py-2 px-3 border-solid\">\n<ul class=\"m-0!\">\n<li class=\"!p-0 !m-0 list-none border-b border-gray-200 border-solid\">\n<li class=\"!p-0 !m-0 list-none border-b border-gray-200 border-solid\">\n<p>Facebook<\/p>\n<\/li>\n<li class=\"!p-0 !m-0 list-none border-b border-gray-200 border-solid\">\n<p>X<\/p>\n<\/li>\n<li class=\"!p-0 !m-0 list-none border-b border-gray-200 border-solid\">\n<p>Pinterest<\/p>\n<\/li>\n<li class=\"!p-0 !m-0 list-none border-b border-gray-200 border-solid\">\n<p>Email<\/p>\n<\/li>\n<\/ul>\n<\/div>\n<div class=\"font-ui-heading max-sm:hidden tooltip absolute left-1\/2 bg-gray-900 text-white text-xs leading-none px-3 py-1.5 rounded-md z-[10001] whitespace-nowrap\" id=\"tooltip-share-this-article\" role=\"tooltip\" aria-hidden=\"true\">\nShare this article\n<\/div>\n<\/div>\n<div class=\"relative tooltip-container\" role=\"tooltip\"><span class=\"ml-1 inline-flex h-5 px-2 shrink-0 items-center justify-center self-center overflow-hidden whitespace-nowrap rounded-[10px] bg-primary-500 text-[11px] leading-none font-ui-heading font-semibold text-white\">2<\/span><\/p>\n<div class=\"font-ui-heading max-sm:hidden tooltip absolute left-1\/2 bg-gray-900 text-white text-xs leading-none px-3 py-1.5 rounded-md z-[10001] whitespace-nowrap\" id=\"tooltip-join-the-conversation\" role=\"tooltip\" aria-hidden=\"true\">\nJoin the conversation\n<\/div>\n<\/div>\n<\/div>\n<div class=\"flex gap-2 text-[#333] subcontainer\">\n<div class=\"relative tooltip-container\" role=\"tooltip\">\n<p>Follow us<\/p>\n<div class=\"font-ui-heading max-sm:hidden tooltip absolute left-1\/2 bg-gray-900 text-white text-xs leading-none px-3 py-1.5 rounded-md z-[10001] whitespace-nowrap\" id=\"tooltip-add-us-as-a-preferred-source-on-google\" role=\"tooltip\" aria-hidden=\"true\">\nAdd us as a preferred source on Google\n<\/div>\n<\/div>\n<div class=\"relative tooltip-container\" role=\"tooltip\">\n<div class=\"font-ui-heading max-sm:hidden tooltip absolute left-1\/2 bg-gray-900 text-white text-xs leading-none px-3 py-1.5 rounded-md z-[10001] whitespace-nowrap\" id=\"tooltip-subscribe-to-our-newsletter\" role=\"tooltip\" aria-hidden=\"true\">\nSubscribe to our newsletter\n<\/div>\n<\/div>\n<\/div>\n<\/div>\n<p id=\"elk-1a426702-9cb9-11f1-8092-4b7ef2e820aa\">Two years ago, Wout van Aert (Visma-Lease a Bike) made his debut at the Vuelta a Espa\u00f1a, and needed only two days to earn the red leader&#8217;s jersey. It was a short spell before he then relinquished the lead another two days later, though he came away with a haul of seven podiums, including a trio of stage victories.<\/p>\n<p>Stage success was again a main objective for the 31-year-old Belgian, who makes his first Grand Tour start of this season. The squad will not have defending Vuelta champion Jonas Vingegaard at the start, due to recovery from a broken collarbone suffered at the Tour de France, so will lean heavily on Van Aert, young Briton Matthew Brennan and former race winner Sepp Kuss to seek daily opportunities.<\/p>\n<p id=\"elk-1a426702-9cb9-11f1-8092-4b7ef2e820aa-2\" aria-hidden=\"true\" class=\"kiosq-b\">The first day of racing has visions of the maillot rojo dancing in Van Aert&#8217;s head, but he said in a press conference Thursday it was just an opportunity and not a priority.<\/p>\n<div class=\"my-6 w-full overflow-hidden rounded-[10px] lg:my-8\" data-component-name=\"JwPlayer:Carousel\" data-jwp-carousel data-jwp-carousel-payload=\"{&quot;ids&quot;:{&quot;playerID&quot;:&quot;jYDCcabO&quot;,&quot;searchPlaylistID&quot;:&quot;gwjdoYHD&quot;,&quot;divID&quot;:&quot;botr_gwjdoYHD_jYDCcabO_div&quot;,&quot;fallbackPlaylistID&quot;:&quot;gwjdoYHD&quot;,&quot;fallbackDivID&quot;:&quot;botr_gwjdoYHD_jYDCcabO_div&quot;,&quot;key&quot;:&quot;X9\/mXVGac0NphghLH9hZaqWA5d3dhAM\/Ih07grnEyMLjuO2E&quot;,&quot;tintLogo&quot;:true,&quot;useSearchPlaylist&quot;:false,&quot;enabled&quot;:true},&quot;signPostingEnabled&quot;:true,&quot;signPostingLinkEnabled&quot;:true,&quot;waitForAdLoad&quot;:false,&quot;hidePlayerOnDesktop&quot;:false,&quot;hidePlayerOnMobile&quot;:false,&quot;hidePlayerOnTablet&quot;:false}\">\n<div class=\"flex flex-nowrap items-center justify-between gap-3 bg-zinc-900 px-[14px] py-3\" data-jwp-carousel-header>\n<div class=\"flex min-w-0 shrink items-center\"><span class=\"inline-flex items-center gap-1.5 text-sm font-article-heading capitalize leading-5 text-white whitespace-nowrap\"><span class=\"jwp-carousel-title-desktop\">Latest Videos From<\/span><span class=\"jwp-carousel-brand\">Cyclingnews<\/span><\/span><\/div>\n<\/div>\n<div class=\"min-h-[44px] bg-zinc-900 px-[14px] py-3\" data-jwp-carousel-signposting><a class=\"invisible block truncate text-sm font-bold leading-5 text-white underline decoration-solid underline-offset-2\" data-jwp-carousel-signposting-link href target=\"_blank\" rel=\"noopener noreferrer\"><span data-jwp-carousel-signposting-title>Watch full video here: <\/span><\/a><\/div>\n<\/div>\n<p aria-hidden=\"true\" class=\"kiosq-b\">&#8220;Saturday was a focus I had in the last weeks, and we&#8217;ll see how that unfolds,&#8221; he said about stage 1 starting in Monaco with a 9.4-kilometre race against the clock.<\/p>\n<p aria-hidden=\"true\" class=\"kiosq-b\">&#8220;Well, I did a bit more training leading to this race. Because there&#8217;s something to win, the time trial itself. But also it might be an opportunity to be still close in GC for the day after.&#8221;<\/p>\n<aside data-component-name=\"Recirculation:ArticleRiver\" data-recirculation-type=\"inline\" data-mrf-recirculation=\"Trending Bar\" data-nosnippet class=\"clear-both pt-2 pb-0 mb-4\"><span class=\"\n            flex\n            after:content-[&apos;&apos;] after:flex-1 after:ml-4 after:my-[0.7rem] after:border-t after:border-solid after:border-t-[#ccc]\n            before:content-[&apos;&apos;] before:flex-1 before:mr-4 before:my-[0.7rem] before:border-t before:border-solid before:border-t-[#ccc]\n            font-article-heading pb-0 text-[length:var(--article-river-title--font-size,1em)] uppercase sm:text-[length:var(--article-river-title--font-size,0.875em)] font-bold\n        \"><br \/>\n            You may like<br \/>\n        <\/span><\/p>\n<ul class=\"flex flex-col gap-0 m-0 max-w-full\">\n<li class=\"m-0 list-none border-b border-solid border-[#ededed] py-2\" data-recirculation-id=\"recirculation-card-1\" id=\"recirculation-inline-1\" data-analytics-id=\"recirculation-inline-1\" data-mrf-recirculation=\"recirculation-inline-1\">\n    <source type=\"image\/webp\" srcset=\"https:\/\/cdn.mos.cms.futurecdn.net\/o9dfoYGxAgxmJ5j8ffMbSP-250-80.jpg.webp 250w, https:\/\/cdn.mos.cms.futurecdn.net\/o9dfoYGxAgxmJ5j8ffMbSP-150-80.jpg.webp 150w\" sizes=\"150px\" \/><span class=\"w-full text-base font-[var(--article-river-item--font-weight,500)] font-article-heading line-clamp-3 md:line-clamp-2\">Vuelta a Espa\u00f1a stage 1 time trial start times \u2013 When Jay Vine, Wout van Aert, Tadej Poga\u010dar and others take turns on twisting 9.6km route in Monaco<\/span><\/li>\n<li class=\"m-0 list-none border-b border-solid border-[#ededed] py-2\" data-recirculation-id=\"recirculation-card-2\" id=\"recirculation-inline-2\" data-analytics-id=\"recirculation-inline-2\" data-mrf-recirculation=\"recirculation-inline-2\">\n    <source type=\"image\/webp\" srcset=\"https:\/\/cdn.mos.cms.futurecdn.net\/ZH9tPKdEpRDyEkVonao4Rf-250-80.png.webp 250w, https:\/\/cdn.mos.cms.futurecdn.net\/ZH9tPKdEpRDyEkVonao4Rf-150-80.png.webp 150w\" sizes=\"150px\" \/><span class=\"w-full text-base font-[var(--article-river-item--font-weight,500)] font-article-heading line-clamp-3 md:line-clamp-2\">&#8216;At my very best, I certainly have a chance&#8217; \u2013 Wout van Aert confident in World Championships road race bid after rediscovering top form before Vuelta a Espa\u00f1a<\/span><\/li>\n<li class=\"m-0 list-none border-b border-solid border-[#ccc] py-2\" data-recirculation-id=\"recirculation-card-3\" id=\"recirculation-inline-3\" data-analytics-id=\"recirculation-inline-3\" data-mrf-recirculation=\"recirculation-inline-3\">\n    <source type=\"image\/webp\" srcset=\"https:\/\/cdn.mos.cms.futurecdn.net\/k9zmDrDg9CYQpyHK4MVWeJ-250-80.jpg.webp 250w, https:\/\/cdn.mos.cms.futurecdn.net\/k9zmDrDg9CYQpyHK4MVWeJ-150-80.jpg.webp 150w\" sizes=\"150px\" \/><span class=\"w-full text-base font-[var(--article-river-item--font-weight,500)] font-article-heading line-clamp-3 md:line-clamp-2\">From road to gravel then back to road: Why is Wout van Aert racing the Belgian Gravel Championships for the first time ever this Sunday?<\/span><\/li>\n<\/ul>\n<\/aside>\n<p aria-hidden=\"true\" class=\"kiosq-b\">Van Aert missed the Tour de France this year due to a training crash in June when he injured his elbow. Before that, he rode only a team time trial at Tour Auvergne-Rh\u00f4ne-Alpes, which Visma won, and a TT early in the season at Tirreno-Adriatico. He returned to action at the Tour of Denmark three weeks ago, winning a trio of stages and the overall, though the five-day stage race did not have a time trial, so he had to deal with a delay in preparations for this ITT.<\/p>\n<p aria-hidden=\"true\" class=\"kiosq-b\">&#8220;It&#8217;s been a long summer, a very different summer for me, and it&#8217;s nice to come back to the Vuelta. I had to wait in the end pretty long to ride on a TT bike. But then after the Tour of Denmark, I could do the training how I wanted,&#8221; he told the media assembled in Monaco, including <em>Cyclingnews<\/em>.<\/p>\n<div id=\"slice-container-newsletterForm-articleInbodyContent-gMBeqmMc6WvB4bE2iDZNg6\" class=\"slice-container newsletter-inbodyContent-slice newsletterForm-articleInbodyContent-gMBeqmMc6WvB4bE2iDZNg6 slice-container-newsletterForm\">\n<div data-hydrate=\"true\" class=\"newsletter-form__wrapper newsletter-form__wrapper--inbodyContent\">\n<div class=\"newsletter-form__container\">\n<section class=\"newsletter-form__top-bar\">\n<div class=\"newsletter-form__header\">Get The Leadout Newsletter<\/div>\n<\/section>\n<section class=\"newsletter-form__main-section\">\n<p class=\"newsletter-form__strapline\">The latest race content, interviews, features, reviews and expert buying guides, direct to your inbox!<\/p>\n<footer class=\"newsletter-form__footer \">By submitting your information you agree to the Terms &amp; Conditions and Privacy Policy and are aged 16 or over.<\/footer>\n<\/section>\n<\/div>\n<\/div>\n<\/div>\n<p aria-hidden=\"true\" class=\"kiosq-b\">&#8220;I did the recon of the course yesterday morning. I tried to do it in traffic, had a little bit of a look. Honestly, I think it&#8217;s a bit too technical. The last part they went, in my opinion, a bit over the limit of what you can do on a time trial bike. So it will be interesting to see how that goes.<\/p>\n<p aria-hidden=\"true\" class=\"kiosq-b\">&#8220;But in general, it&#8217;s an amazing setting here in Monaco with all the buildings around and the coastline. So that will be for sure very special to race between them.&#8221;<\/p>\n<p aria-hidden=\"true\" class=\"kiosq-b\">The busy, twisting streets of Monaco hosted a time trial for the Tour de France back in 2009, and this version of the course is 6km shorter. Borrowing from the route used for the famous Formula 1 circuit, Van Aert knows there are many corners and punchy climbs.<\/p>\n<aside data-component-name=\"Recirculation:ArticleRiver\" data-recirculation-type=\"inline\" data-mrf-recirculation=\"Trending Bar\" data-nosnippet class=\"clear-both pt-2 pb-0 mb-4\"><span class=\"\n            flex\n            after:content-[&apos;&apos;] after:flex-1 after:ml-4 after:my-[0.7rem] after:border-t after:border-solid after:border-t-[#ccc]\n            before:content-[&apos;&apos;] before:flex-1 before:mr-4 before:my-[0.7rem] before:border-t before:border-solid before:border-t-[#ccc]\n            font-article-heading pb-0 text-[length:var(--article-river-title--font-size,1em)] uppercase sm:text-[length:var(--article-river-title--font-size,0.875em)] font-bold\n        \"><br \/>\n            What to read next<br \/>\n        <\/span><\/p>\n<ul class=\"flex flex-col gap-0 m-0 max-w-full\">\n<li class=\"m-0 list-none border-b border-solid border-[#ededed] py-2\" data-recirculation-id=\"recirculation-card-1\" id=\"recirculation-inline-2-1\" data-analytics-id=\"recirculation-2-inline-1\" data-mrf-recirculation=\"recirculation-2-inline-1\">\n    <source type=\"image\/webp\" srcset=\"https:\/\/cdn.mos.cms.futurecdn.net\/FFWbGsXbpVGLxBxHrVJWDS-250-80.jpg.webp 250w, https:\/\/cdn.mos.cms.futurecdn.net\/FFWbGsXbpVGLxBxHrVJWDS-150-80.jpg.webp 150w\" sizes=\"150px\" \/><span class=\"w-full text-base font-[var(--article-river-item--font-weight,500)] font-article-heading line-clamp-3 md:line-clamp-2\">&#8216;It is a bit disappointing, we are honest about that&#8217; \u2013 Worrying signs for the Tour de France as struggles continue for Wout van Aert<\/span><\/li>\n<li class=\"m-0 list-none border-b border-solid border-[#ededed] py-2\" data-recirculation-id=\"recirculation-card-2\" id=\"recirculation-inline-2-2\" data-analytics-id=\"recirculation-2-inline-2\" data-mrf-recirculation=\"recirculation-2-inline-2\">\n    <source type=\"image\/webp\" srcset=\"https:\/\/cdn.mos.cms.futurecdn.net\/N9pFoLkReg7BfAfct59wW4-250-80.jpg.webp 250w, https:\/\/cdn.mos.cms.futurecdn.net\/N9pFoLkReg7BfAfct59wW4-150-80.jpg.webp 150w\" sizes=\"150px\" \/><span class=\"w-full text-base font-[var(--article-river-item--font-weight,500)] font-article-heading line-clamp-3 md:line-clamp-2\">Visma-Lease a Bike to be led by Wout van Aert, Matthew Brennan and Sepp Kuss at Vuelta a Espana<\/span><\/li>\n<li class=\"m-0 list-none border-b border-solid border-[#ccc] py-2\" data-recirculation-id=\"recirculation-card-3\" id=\"recirculation-inline-2-3\" data-analytics-id=\"recirculation-2-inline-3\" data-mrf-recirculation=\"recirculation-2-inline-3\">\n    <source type=\"image\/webp\" srcset=\"https:\/\/cdn.mos.cms.futurecdn.net\/DqM3syGhD3KhhQ4iQ8QdBn-250-80.jpg.webp 250w, https:\/\/cdn.mos.cms.futurecdn.net\/DqM3syGhD3KhhQ4iQ8QdBn-150-80.jpg.webp 150w\" sizes=\"150px\" \/><span class=\"w-full text-base font-[var(--article-river-item--font-weight,500)] font-article-heading line-clamp-3 md:line-clamp-2\">&#8216;When you win, it\u2019s a good test\u2019 &#8211; Visma-Lease a Bike confident ahead of Tour de France opening TTT<\/span><\/li>\n<\/ul>\n<\/aside>\n<p aria-hidden=\"true\" class=\"kiosq-b\">&#8220;We go pretty quickly into the mountains, stage three, four, so we don&#8217;t have a long time to take the jersey. But with the time trial and stage two, there should be quite good opportunities for me. I hope to be close, and it definitely would be a dream to wear it [leader&#8217;s jersey] again,&#8221; he said.<\/p>\n<p aria-hidden=\"true\" class=\"kiosq-b\">&#8220;I like this race, I&#8217;m really motivated, and yeah, I&#8217;m really happy we get close to the start now.<\/p>\n<p aria-hidden=\"true\" class=\"kiosq-b\">&#8220;I think it&#8217;s clear we are here with more of a team for stages than for a clear GC goal, so that&#8217;s obviously a bit different than usual. I&#8217;m a versatile rider, and on this course, I should have a lot of opportunities.&#8221;<\/p>\n<p id=\"elk-5fc3b94c-9cba-11f1-bc76-1b1015a0c4cd\" aria-hidden=\"true\" class=\"kiosq-b\"><em><strong>For unbeatable coverage across road, gravel and tech, subscribe to Cyclingnews. You&#8217;ll get comprehensive race coverage of La Vuelta a Espa\u00f1a, subscriber-exclusive analysis from our expert columnists, in-depth features and industry-leading tech insight. Plus, the Cyclingnews app lets you follow the action wherever you go!<\/strong><\/em><em><strong>Join today.<\/strong><\/em><\/p>\n<\/div>\n<div class=\"block mb-5\" id=\"articleTag\" data-component-name=\"PostArticleLinks\" data-nosnippet data-mrf-recirculation=\"post-article-links\">\n<div class=\"border-b border-b-black border-solid py-2.5 text-black font-bold uppercase\">TOPICS<\/div>\n<nav class=\"py-2.5 flex gap-2.5 flex-wrap\" data-analytics-id=\"article-tag\" data-mrf-recirculation=\"article-tag\">\n<p>Road<\/p>\n<\/nav>\n<\/div>\n<div id=\"slice-container-authorBio-gMBeqmMc6WvB4bE2iDZNg6\" class=\"slice-container slice-author-bio authorBio-gMBeqmMc6WvB4bE2iDZNg6 slice-container-authorBio\">\n<div class=\"author author__default-layout author--separator author--collapsible\" data-hydrate=\"true\">\n<div class=\"author__header\">\n<div class=\"author__avatar-block\">\n<figure class=\"image-wrapped__wrapper\" data-bordeaux-image-check=\"false\">\n<div class=\"image-wrapped__widthsetter\">\n<div class=\"image-wrapped__aspect-padding\">\n<div><source class=\"author__avatar image-wrapped__image image__image\" type=\"image\/gif\" srcset=\"https:\/\/cdn.mos.cms.futurecdn.net\/fnfpSfuM3neaK9DtSrBcKF-140-80.gif 140w\" sizes=\"99vw\" data-normal=\"https:\/\/cdn.mos.cms.futurecdn.net\/fnfpSfuM3neaK9DtSrBcKF.gif\" data-original-mos=\"https:\/\/cdn.mos.cms.futurecdn.net\/fnfpSfuM3neaK9DtSrBcKF.gif\" data-pin-media=\"https:\/\/cdn.mos.cms.futurecdn.net\/fnfpSfuM3neaK9DtSrBcKF.gif\" data-pin-nopin=\"true\" data-slice-image=\"true\" \/><\/div>\n<\/div>\n<\/div>\n<\/figure>\n<\/div>\n<div class=\"author__heading\">\n<div class=\"author__name\">Jackie Tyson<\/div>\n<div class=\"author__social\">\n<nav class=\"button-social-group author__social-buttons\" aria-labelledby=\"button-social-group- author__social-buttons\">\n<div id=\"button-social-group- author__social-buttons\">Social Links Navigation<\/div>\n<\/nav>\n<\/div>\n<div class=\"author__role\">North American Editor<\/div>\n<\/div>\n<\/div>\n<div class=\"author__bio-wrapper\">\n<div class=\"author__biography\">\n<p>Jackie has been involved in professional sports for more than 30 years in news reporting, sports marketing and public relations. She founded Peloton Sports in 1998, a sports marketing and public relations agency, which managed projects for Tour de Georgia, Larry H. Miller Tour of Utah and USA Cycling. She also founded Bike Alpharetta Inc, a Georgia non-profit to promote safe cycling. She is proud to have worked in professional baseball for six years &#8211; from selling advertising to pulling the tarp for several minor league teams. On the bike, she has climbed l&#8217;Alpe d&#8217;Huez three times (not fast), and spends time on gravel around horse farms in north Georgia.<\/p>\n<\/div>\n<\/div>\n<\/div>\n<\/div>\n<\/section>\n<div class=\"relative max-w-[1070px] viafoura-twig-component mt-6 mx-4 lg:mx-0\" data-component-name=\"Viafoura:Comments\" data-nosnippet data-community-guidelines-text=\"&lt;p class=&apos;vfcustom-community-guidelines&apos;&gt;Please follow our &lt;a href=&quot;https:\/\/www.cyclingnews.com\/about\/#section-community-guidelines&quot; target=&quot;_blank&quot;&gt;community guidelines&lt;\/a&gt;.&lt;\/p&gt;\" data-join-the-conversation-text=\"Join the Conversation\">\n<div class=\"absolute top-0 left-0 w-full h-full flex items-center justify-center z-50 bg-white\/90 border-1 rounded-b-[var(--comment-widget-border-radius,0)]\">\n<div class=\"p-2 text-center\">\n<p class=\"mb-3 text-lg!\">You must confirm your public display name before commenting<\/p>\n<p class=\"mb-3 text-sm!\">Please logout and then login again, you will then be prompted to enter your display name.<\/p>\n<\/div>\n<\/div>\n<\/div>\n<section class=\"mx-2 my-5 sm:mx-0\">\n<aside class=\"w-full\" data-nosnippet data-mrf-recirculation=\"article-river-stacked\">\n<div data-recirc-id=\"article-river-stacked-adviser:hybrid\">\n<div class=\"text-white py-4 px-3 mb-4 bg-[#333] uppercase font-bold custom-header-styles\">Read more<\/div>\n<div class=\"grid grid-cols-1 gap-4 mt-4 mb-5\">\n<div>\n<div class=\"aspect-[var(--img-listing-aspect-ratio,16\/9)] relative mb-3.5\">\n    <source type=\"image\/webp\" srcset=\"https:\/\/cdn.mos.cms.futurecdn.net\/o9dfoYGxAgxmJ5j8ffMbSP-840-80.jpg.webp 840w, https:\/\/cdn.mos.cms.futurecdn.net\/o9dfoYGxAgxmJ5j8ffMbSP-650-80.jpg.webp 650w, https:\/\/cdn.mos.cms.futurecdn.net\/o9dfoYGxAgxmJ5j8ffMbSP-500-80.jpg.webp 500w, https:\/\/cdn.mos.cms.futurecdn.net\/o9dfoYGxAgxmJ5j8ffMbSP-450-80.jpg.webp 450w, https:\/\/cdn.mos.cms.futurecdn.net\/o9dfoYGxAgxmJ5j8ffMbSP-320-80.jpg.webp 320w\" sizes=\"(min-width: 900px) 925px, (min-width: 700px) 450px, calc(100vw - 48px)\" \/><\/div>\n<p><span class=\"custom-subheading-styles\">Racing<\/span><span class=\"text-base text-black font-bold mx-0 my-2.5 p-0 block custom-text-styles\">Vuelta a Espa\u00f1a stage 1 time trial start times \u2013 When Jay Vine, Wout van Aert, Tadej Poga\u010dar and others take turns on twisting 9.6km route in Monaco<\/span><\/div>\n<div class=\"relative recirc-feed sponsored-card min-h-[250px]\" data-recirc-id=\"article-river-stacked-ads:native-cards\" data-mrf-recirculation=\"article-river-ads\" data-nosnippet data-ad-slot-path=\"feed-sponsored-post\" data-attribute-device=\"all\">\n<div class=\"max-w-full sponsored-post--placeholder animate-pulse\">\n<div class=\"relative!\"><span class=\"text-base text-black font-bold mx-0 my-2.5 p-0 block bg-gray-100\">\u00a0<br \/>\u00a0<\/span><\/div>\n<\/div>\n<\/div>\n<div>\n<div class=\"aspect-[var(--img-listing-aspect-ratio,16\/9)] relative mb-3.5\">\n    <source type=\"image\/webp\" srcset=\"https:\/\/cdn.mos.cms.futurecdn.net\/ZH9tPKdEpRDyEkVonao4Rf-840-80.png.webp 840w, https:\/\/cdn.mos.cms.futurecdn.net\/ZH9tPKdEpRDyEkVonao4Rf-650-80.png.webp 650w, https:\/\/cdn.mos.cms.futurecdn.net\/ZH9tPKdEpRDyEkVonao4Rf-500-80.png.webp 500w, https:\/\/cdn.mos.cms.futurecdn.net\/ZH9tPKdEpRDyEkVonao4Rf-450-80.png.webp 450w, https:\/\/cdn.mos.cms.futurecdn.net\/ZH9tPKdEpRDyEkVonao4Rf-320-80.png.webp 320w\" sizes=\"(min-width: 900px) 925px, (min-width: 700px) 450px, calc(100vw - 48px)\" \/><\/div>\n<p><span class=\"custom-subheading-styles\">Teams &amp; Riders<\/span><span class=\"text-base text-black font-bold mx-0 my-2.5 p-0 block custom-text-styles\">&#8216;At my very best, I certainly have a chance&#8217; \u2013 Wout van Aert confident in World Championships road race bid after rediscovering top form before Vuelta a Espa\u00f1a<\/span><\/div>\n<div class=\"relative recirc-feed sponsored-card min-h-[250px]\" data-recirc-id=\"article-river-stacked-ads:native-cards\" data-mrf-recirculation=\"article-river-ads\" data-nosnippet data-ad-slot-path=\"feed-sponsored-post\" data-attribute-device=\"all\">\n<div class=\"max-w-full sponsored-post--placeholder animate-pulse\">\n<div class=\"relative!\"><span class=\"text-base text-black font-bold mx-0 my-2.5 p-0 block bg-gray-100\">\u00a0<br \/>\u00a0<\/span><\/div>\n<\/div>\n<\/div>\n<div>\n<div class=\"aspect-[var(--img-listing-aspect-ratio,16\/9)] relative mb-3.5\">\n    <source type=\"image\/webp\" srcset=\"https:\/\/cdn.mos.cms.futurecdn.net\/k9zmDrDg9CYQpyHK4MVWeJ-840-80.jpg.webp 840w, https:\/\/cdn.mos.cms.futurecdn.net\/k9zmDrDg9CYQpyHK4MVWeJ-650-80.jpg.webp 650w, https:\/\/cdn.mos.cms.futurecdn.net\/k9zmDrDg9CYQpyHK4MVWeJ-500-80.jpg.webp 500w, https:\/\/cdn.mos.cms.futurecdn.net\/k9zmDrDg9CYQpyHK4MVWeJ-450-80.jpg.webp 450w, https:\/\/cdn.mos.cms.futurecdn.net\/k9zmDrDg9CYQpyHK4MVWeJ-320-80.jpg.webp 320w\" sizes=\"(min-width: 900px) 925px, (min-width: 700px) 450px, calc(100vw - 48px)\" \/><\/div>\n<p><span class=\"custom-subheading-styles\">Teams &amp; Riders<\/span><span class=\"text-base text-black font-bold mx-0 my-2.5 p-0 block custom-text-styles\">From road to gravel then back to road: Why is Wout van Aert racing the Belgian Gravel Championships for the first time ever this Sunday?<\/span><\/div>\n<div class=\"relative recirc-feed sponsored-card min-h-[250px]\" data-recirc-id=\"article-river-stacked-ads:native-cards\" data-mrf-recirculation=\"article-river-ads\" data-nosnippet data-ad-slot-path=\"feed-sponsored-post\" data-attribute-device=\"all\">\n<div class=\"max-w-full sponsored-post--placeholder animate-pulse\">\n<div class=\"relative!\"><span class=\"text-base text-black font-bold mx-0 my-2.5 p-0 block bg-gray-100\">\u00a0<br \/>\u00a0<\/span><\/div>\n<\/div>\n<\/div>\n<div>\n<div class=\"aspect-[var(--img-listing-aspect-ratio,16\/9)] relative mb-3.5\">\n    <source type=\"image\/webp\" srcset=\"https:\/\/cdn.mos.cms.futurecdn.net\/FFWbGsXbpVGLxBxHrVJWDS-840-80.jpg.webp 840w, https:\/\/cdn.mos.cms.futurecdn.net\/FFWbGsXbpVGLxBxHrVJWDS-650-80.jpg.webp 650w, https:\/\/cdn.mos.cms.futurecdn.net\/FFWbGsXbpVGLxBxHrVJWDS-500-80.jpg.webp 500w, https:\/\/cdn.mos.cms.futurecdn.net\/FFWbGsXbpVGLxBxHrVJWDS-450-80.jpg.webp 450w, https:\/\/cdn.mos.cms.futurecdn.net\/FFWbGsXbpVGLxBxHrVJWDS-320-80.jpg.webp 320w\" sizes=\"(min-width: 900px) 925px, (min-width: 700px) 450px, calc(100vw - 48px)\" \/><\/div>\n<p><span class=\"custom-subheading-styles\">Teams &amp; Riders<\/span><span class=\"text-base text-black font-bold mx-0 my-2.5 p-0 block custom-text-styles\">&#8216;It is a bit disappointing, we are honest about that&#8217; \u2013 Worrying signs for the Tour de France as struggles continue for Wout van Aert<\/span><\/div>\n<div class=\"relative recirc-feed sponsored-card min-h-[250px]\" data-recirc-id=\"article-river-stacked-ads:native-cards\" data-mrf-recirculation=\"article-river-ads\" data-nosnippet data-ad-slot-path=\"feed-sponsored-post\" data-attribute-device=\"all\">\n<div class=\"max-w-full sponsored-post--placeholder animate-pulse\">\n<div class=\"relative!\"><span class=\"text-base text-black font-bold mx-0 my-2.5 p-0 block bg-gray-100\">\u00a0<br \/>\u00a0<\/span><\/div>\n<\/div>\n<\/div>\n<div>\n<div class=\"aspect-[var(--img-listing-aspect-ratio,16\/9)] relative mb-3.5\">\n    <source type=\"image\/webp\" srcset=\"https:\/\/cdn.mos.cms.futurecdn.net\/N9pFoLkReg7BfAfct59wW4-840-80.jpg.webp 840w, https:\/\/cdn.mos.cms.futurecdn.net\/N9pFoLkReg7BfAfct59wW4-650-80.jpg.webp 650w, https:\/\/cdn.mos.cms.futurecdn.net\/N9pFoLkReg7BfAfct59wW4-500-80.jpg.webp 500w, https:\/\/cdn.mos.cms.futurecdn.net\/N9pFoLkReg7BfAfct59wW4-450-80.jpg.webp 450w, https:\/\/cdn.mos.cms.futurecdn.net\/N9pFoLkReg7BfAfct59wW4-320-80.jpg.webp 320w\" sizes=\"(min-width: 900px) 925px, (min-width: 700px) 450px, calc(100vw - 48px)\" \/><\/div>\n<p><span class=\"custom-subheading-styles\">Teams &amp; Riders<\/span><span class=\"text-base text-black font-bold mx-0 my-2.5 p-0 block custom-text-styles\">Visma-Lease a Bike to be led by Wout van Aert, Matthew Brennan and Sepp Kuss at Vuelta a Espana<\/span><\/div>\n<div class=\"relative recirc-feed sponsored-card min-h-[250px]\" data-recirc-id=\"article-river-stacked-ads:native-cards\" data-mrf-recirculation=\"article-river-ads\" data-nosnippet data-ad-slot-path=\"feed-sponsored-post\" data-attribute-device=\"all\">\n<div class=\"max-w-full sponsored-post--placeholder animate-pulse\">\n<div class=\"relative!\"><span class=\"text-base text-black font-bold mx-0 my-2.5 p-0 block bg-gray-100\">\u00a0<br \/>\u00a0<\/span><\/div>\n<\/div>\n<\/div>\n<div>\n<div class=\"aspect-[var(--img-listing-aspect-ratio,16\/9)] relative mb-3.5\">\n    <source type=\"image\/webp\" srcset=\"https:\/\/cdn.mos.cms.futurecdn.net\/DqM3syGhD3KhhQ4iQ8QdBn-840-80.jpg.webp 840w, https:\/\/cdn.mos.cms.futurecdn.net\/DqM3syGhD3KhhQ4iQ8QdBn-650-80.jpg.webp 650w, https:\/\/cdn.mos.cms.futurecdn.net\/DqM3syGhD3KhhQ4iQ8QdBn-500-80.jpg.webp 500w, https:\/\/cdn.mos.cms.futurecdn.net\/DqM3syGhD3KhhQ4iQ8QdBn-450-80.jpg.webp 450w, https:\/\/cdn.mos.cms.futurecdn.net\/DqM3syGhD3KhhQ4iQ8QdBn-320-80.jpg.webp 320w\" sizes=\"(min-width: 900px) 925px, (min-width: 700px) 450px, calc(100vw - 48px)\" \/><\/div>\n<p><span class=\"custom-subheading-styles\">Pro Cycling<\/span><span class=\"text-base text-black font-bold mx-0 my-2.5 p-0 block custom-text-styles\">&#8216;When you win, it\u2019s a good test\u2019 &#8211; Visma-Lease a Bike confident ahead of Tour de France opening TTT<\/span><\/div>\n<div class=\"relative recirc-feed sponsored-card min-h-[250px]\" data-recirc-id=\"article-river-stacked-ads:native-cards\" data-mrf-recirculation=\"article-river-ads\" data-nosnippet data-ad-slot-path=\"feed-sponsored-post\" data-attribute-device=\"all\">\n<div class=\"max-w-full sponsored-post--placeholder animate-pulse\">\n<div class=\"relative!\"><span class=\"text-base text-black font-bold mx-0 my-2.5 p-0 block bg-gray-100\">\u00a0<br \/>\u00a0<\/span><\/div>\n<\/div>\n<\/div>\n<\/div>\n<\/div>\n<\/aside>\n<aside class=\"w-full\" data-nosnippet data-mrf-recirculation=\"article-river-stacked\">\n<div data-recirc-id=\"article-river-stacked-solr:latest-category\">\n<div class=\"text-white py-4 px-3 mb-4 bg-[#333] uppercase font-bold custom-header-styles\">Latest in Teams &amp; Riders<\/div>\n<div class=\"grid grid-cols-1 gap-4 mt-4 mb-5\">\n<div>\n<div class=\"aspect-[var(--img-listing-aspect-ratio,16\/9)] relative mb-3.5\">\n    <source type=\"image\/webp\" srcset=\"https:\/\/cdn.mos.cms.futurecdn.net\/iSijFQzPeQBT8U9pXGDkXW-840-80.jpg.webp 840w, https:\/\/cdn.mos.cms.futurecdn.net\/iSijFQzPeQBT8U9pXGDkXW-650-80.jpg.webp 650w, https:\/\/cdn.mos.cms.futurecdn.net\/iSijFQzPeQBT8U9pXGDkXW-500-80.jpg.webp 500w, https:\/\/cdn.mos.cms.futurecdn.net\/iSijFQzPeQBT8U9pXGDkXW-450-80.jpg.webp 450w, https:\/\/cdn.mos.cms.futurecdn.net\/iSijFQzPeQBT8U9pXGDkXW-320-80.jpg.webp 320w\" sizes=\"(min-width: 900px) 925px, (min-width: 700px) 450px, calc(100vw - 48px)\" \/><\/div>\n<p><span class=\"custom-subheading-styles\">Women&#8217;s Cycling<\/span><span class=\"text-base text-black font-bold mx-0 my-2.5 p-0 block custom-text-styles\">Lauren Dickson returns from collarbone break to aim at World Championships debut at Tour of Britain Women<\/span><\/div>\n<div class=\"relative recirc-feed sponsored-card min-h-[250px]\" data-recirc-id=\"article-river-stacked-ads:native-cards\" data-mrf-recirculation=\"article-river-ads\" data-nosnippet data-ad-slot-path=\"feed-sponsored-post\" data-attribute-device=\"all\">\n<div class=\"max-w-full sponsored-post--placeholder animate-pulse\">\n<div class=\"relative!\"><span class=\"text-base text-black font-bold mx-0 my-2.5 p-0 block bg-gray-100\">\u00a0<br \/>\u00a0<\/span><\/div>\n<\/div>\n<\/div>\n<div>\n<div class=\"aspect-[var(--img-listing-aspect-ratio,16\/9)] relative mb-3.5\">\n    <source type=\"image\/webp\" srcset=\"https:\/\/cdn.mos.cms.futurecdn.net\/NUkQUt9iBzjr2d4jmAyFQf-840-80.jpg.webp 840w, https:\/\/cdn.mos.cms.futurecdn.net\/NUkQUt9iBzjr2d4jmAyFQf-650-80.jpg.webp 650w, https:\/\/cdn.mos.cms.futurecdn.net\/NUkQUt9iBzjr2d4jmAyFQf-500-80.jpg.webp 500w, https:\/\/cdn.mos.cms.futurecdn.net\/NUkQUt9iBzjr2d4jmAyFQf-450-80.jpg.webp 450w, https:\/\/cdn.mos.cms.futurecdn.net\/NUkQUt9iBzjr2d4jmAyFQf-320-80.jpg.webp 320w\" sizes=\"(min-width: 900px) 925px, (min-width: 700px) 450px, calc(100vw - 48px)\" \/><\/div>\n<p><span class=\"custom-subheading-styles\">Women&#8217;s Cycling<\/span><span class=\"text-base text-black font-bold mx-0 my-2.5 p-0 block custom-text-styles\">&#8216;A shame I wasn&#8217;t on Kim&#8217;s wheel in the final corner&#8217; \u2013 Liane Lippert second behind unstoppable Le Court-Pienaar on Tour of Britain Women queen stage<\/span><\/div>\n<div class=\"relative recirc-feed sponsored-card min-h-[250px]\" data-recirc-id=\"article-river-stacked-ads:native-cards\" data-mrf-recirculation=\"article-river-ads\" data-nosnippet data-ad-slot-path=\"feed-sponsored-post\" data-attribute-device=\"all\">\n<div class=\"max-w-full sponsored-post--placeholder animate-pulse\">\n<div class=\"relative!\"><span class=\"text-base text-black font-bold mx-0 my-2.5 p-0 block bg-gray-100\">\u00a0<br \/>\u00a0<\/span><\/div>\n<\/div>\n<\/div>\n<div>\n<div class=\"aspect-[var(--img-listing-aspect-ratio,16\/9)] relative mb-3.5\">\n    <source type=\"image\/webp\" srcset=\"https:\/\/cdn.mos.cms.futurecdn.net\/m3Jt9LNmhTEMRgsrgWE9vG-840-80.jpg.webp 840w, https:\/\/cdn.mos.cms.futurecdn.net\/m3Jt9LNmhTEMRgsrgWE9vG-650-80.jpg.webp 650w, https:\/\/cdn.mos.cms.futurecdn.net\/m3Jt9LNmhTEMRgsrgWE9vG-500-80.jpg.webp 500w, https:\/\/cdn.mos.cms.futurecdn.net\/m3Jt9LNmhTEMRgsrgWE9vG-450-80.jpg.webp 450w, https:\/\/cdn.mos.cms.futurecdn.net\/m3Jt9LNmhTEMRgsrgWE9vG-320-80.jpg.webp 320w\" sizes=\"(min-width: 900px) 925px, (min-width: 700px) 450px, calc(100vw - 48px)\" \/><\/div>\n<p><span class=\"custom-subheading-styles\">Teams &amp; Riders<\/span><span class=\"text-base text-black font-bold mx-0 my-2.5 p-0 block custom-text-styles\">&#8216;It only depends on my legs&#8217; \u2013 Jo\u00e3o Almeida eyes possible &#8216;Plan B&#8217; GC bid alongside teammate Tadej Poga\u010dar at Vuelta a Espa\u00f1a<\/span><\/div>\n<div class=\"relative recirc-feed sponsored-card min-h-[250px]\" data-recirc-id=\"article-river-stacked-ads:native-cards\" data-mrf-recirculation=\"article-river-ads\" data-nosnippet data-ad-slot-path=\"feed-sponsored-post\" data-attribute-device=\"all\">\n<div class=\"max-w-full sponsored-post--placeholder animate-pulse\">\n<div class=\"relative!\"><span class=\"text-base text-black font-bold mx-0 my-2.5 p-0 block bg-gray-100\">\u00a0<br \/>\u00a0<\/span><\/div>\n<\/div>\n<\/div>\n<div>\n<div class=\"aspect-[var(--img-listing-aspect-ratio,16\/9)] relative mb-3.5\">\n    <source type=\"image\/webp\" srcset=\"https:\/\/cdn.mos.cms.futurecdn.net\/preyXU8URFip5kJRmtcp5W-840-80.jpg.webp 840w, https:\/\/cdn.mos.cms.futurecdn.net\/preyXU8URFip5kJRmtcp5W-650-80.jpg.webp 650w, https:\/\/cdn.mos.cms.futurecdn.net\/preyXU8URFip5kJRmtcp5W-500-80.jpg.webp 500w, https:\/\/cdn.mos.cms.futurecdn.net\/preyXU8URFip5kJRmtcp5W-450-80.jpg.webp 450w, https:\/\/cdn.mos.cms.futurecdn.net\/preyXU8URFip5kJRmtcp5W-320-80.jpg.webp 320w\" sizes=\"(min-width: 900px) 925px, (min-width: 700px) 450px, calc(100vw - 48px)\" \/><\/div>\n<p><span class=\"custom-subheading-styles\">Teams &amp; Riders<\/span><span class=\"text-base text-black font-bold mx-0 my-2.5 p-0 block custom-text-styles\">Julian Alaphilippe has reportedly called an early end to his professional racing career<\/span><\/div>\n<div class=\"relative recirc-feed sponsored-card min-h-[250px]\" data-recirc-id=\"article-river-stacked-ads:native-cards\" data-mrf-recirculation=\"article-river-ads\" data-nosnippet data-ad-slot-path=\"feed-sponsored-post\" data-attribute-device=\"all\">\n<div class=\"max-w-full sponsored-post--placeholder animate-pulse\">\n<div class=\"relative!\"><span class=\"text-base text-black font-bold mx-0 my-2.5 p-0 block bg-gray-100\">\u00a0<br \/>\u00a0<\/span><\/div>\n<\/div>\n<\/div>\n<div>\n<div class=\"aspect-[var(--img-listing-aspect-ratio,16\/9)] relative mb-3.5\">\n    <source type=\"image\/webp\" srcset=\"https:\/\/cdn.mos.cms.futurecdn.net\/qrT26Xteho8U5gshkKC8f9-840-80.jpg.webp 840w, https:\/\/cdn.mos.cms.futurecdn.net\/qrT26Xteho8U5gshkKC8f9-650-80.jpg.webp 650w, https:\/\/cdn.mos.cms.futurecdn.net\/qrT26Xteho8U5gshkKC8f9-500-80.jpg.webp 500w, https:\/\/cdn.mos.cms.futurecdn.net\/qrT26Xteho8U5gshkKC8f9-450-80.jpg.webp 450w, https:\/\/cdn.mos.cms.futurecdn.net\/qrT26Xteho8U5gshkKC8f9-320-80.jpg.webp 320w\" sizes=\"(min-width: 900px) 925px, (min-width: 700px) 450px, calc(100vw - 48px)\" \/><\/div>\n<p><span class=\"custom-subheading-styles\">Teams &amp; Riders<\/span><span class=\"text-base text-black font-bold mx-0 my-2.5 p-0 block custom-text-styles\">&#8216;I haven&#8217;t even enjoyed any training this year, it&#8217;s been that bad&#8217; &#8211; Mikel Landa in survival mode at the Vuelta a Espa\u00f1a.<\/span><\/div>\n<div class=\"relative recirc-feed sponsored-card min-h-[250px]\" data-recirc-id=\"article-river-stacked-ads:native-cards\" data-mrf-recirculation=\"article-river-ads\" data-nosnippet data-ad-slot-path=\"feed-sponsored-post\" data-attribute-device=\"all\">\n<div class=\"max-w-full sponsored-post--placeholder animate-pulse\">\n<div class=\"relative!\"><span class=\"text-base text-black font-bold mx-0 my-2.5 p-0 block bg-gray-100\">\u00a0<br \/>\u00a0<\/span><\/div>\n<\/div>\n<\/div>\n<div>\n<div class=\"aspect-[var(--img-listing-aspect-ratio,16\/9)] relative mb-3.5\">\n    <source type=\"image\/webp\" srcset=\"https:\/\/cdn.mos.cms.futurecdn.net\/r4EDHRKrKu3tRtpXMKgLsP-840-80.jpg.webp 840w, https:\/\/cdn.mos.cms.futurecdn.net\/r4EDHRKrKu3tRtpXMKgLsP-650-80.jpg.webp 650w, https:\/\/cdn.mos.cms.futurecdn.net\/r4EDHRKrKu3tRtpXMKgLsP-500-80.jpg.webp 500w, https:\/\/cdn.mos.cms.futurecdn.net\/r4EDHRKrKu3tRtpXMKgLsP-450-80.jpg.webp 450w, https:\/\/cdn.mos.cms.futurecdn.net\/r4EDHRKrKu3tRtpXMKgLsP-320-80.jpg.webp 320w\" sizes=\"(min-width: 900px) 925px, (min-width: 700px) 450px, calc(100vw - 48px)\" \/><\/div>\n<p><span class=\"custom-subheading-styles\">Teams &amp; Riders<\/span><span class=\"text-base text-black font-bold mx-0 my-2.5 p-0 block custom-text-styles\">&#8216;I need to race smart&#8217; &#8211; Tadej Poga\u010dar looking to complete the Grand Slam of Grand Tours in the Vuelta a Espa\u00f1a, while still looking ahead<\/span><\/div>\n<div class=\"relative recirc-feed sponsored-card min-h-[250px]\" data-recirc-id=\"article-river-stacked-ads:native-cards\" data-mrf-recirculation=\"article-river-ads\" data-nosnippet data-ad-slot-path=\"feed-sponsored-post\" data-attribute-device=\"all\">\n<div class=\"max-w-full sponsored-post--placeholder animate-pulse\">\n<div class=\"relative!\"><span class=\"text-base text-black font-bold mx-0 my-2.5 p-0 block bg-gray-100\">\u00a0<br \/>\u00a0<\/span><\/div>\n<\/div>\n<\/div>\n<\/div>\n<\/div>\n<\/aside>\n<aside class=\"w-full\" data-nosnippet data-mrf-recirculation=\"article-river-stacked\">\n<div data-recirc-id=\"article-river-stacked-solr:latest-articletype\">\n<div class=\"text-white py-4 px-3 mb-4 bg-[#333] uppercase font-bold custom-header-styles\">Latest in News<\/div>\n<div class=\"grid grid-cols-1 gap-4 mt-4 mb-5\">\n<div>\n<div class=\"aspect-[var(--img-listing-aspect-ratio,16\/9)] relative mb-3.5\">\n    <source type=\"image\/webp\" srcset=\"https:\/\/cdn.mos.cms.futurecdn.net\/iSijFQzPeQBT8U9pXGDkXW-840-80.jpg.webp 840w, https:\/\/cdn.mos.cms.futurecdn.net\/iSijFQzPeQBT8U9pXGDkXW-650-80.jpg.webp 650w, https:\/\/cdn.mos.cms.futurecdn.net\/iSijFQzPeQBT8U9pXGDkXW-500-80.jpg.webp 500w, https:\/\/cdn.mos.cms.futurecdn.net\/iSijFQzPeQBT8U9pXGDkXW-450-80.jpg.webp 450w, https:\/\/cdn.mos.cms.futurecdn.net\/iSijFQzPeQBT8U9pXGDkXW-320-80.jpg.webp 320w\" sizes=\"(min-width: 900px) 925px, (min-width: 700px) 450px, calc(100vw - 48px)\" \/><\/div>\n<p><span class=\"custom-subheading-styles\">Women&#8217;s Cycling<\/span><span class=\"text-base text-black font-bold mx-0 my-2.5 p-0 block custom-text-styles\">Lauren Dickson returns from collarbone break to aim at World Championships debut at Tour of Britain Women<\/span><\/div>\n<div class=\"relative recirc-feed sponsored-card min-h-[250px]\" data-recirc-id=\"article-river-stacked-ads:native-cards\" data-mrf-recirculation=\"article-river-ads\" data-nosnippet data-ad-slot-path=\"feed-sponsored-post\" data-attribute-device=\"all\">\n<div class=\"max-w-full sponsored-post--placeholder animate-pulse\">\n<div class=\"relative!\"><span class=\"text-base text-black font-bold mx-0 my-2.5 p-0 block bg-gray-100\">\u00a0<br \/>\u00a0<\/span><\/div>\n<\/div>\n<\/div>\n<div>\n<div class=\"aspect-[var(--img-listing-aspect-ratio,16\/9)] relative mb-3.5\">\n    <source type=\"image\/webp\" srcset=\"https:\/\/cdn.mos.cms.futurecdn.net\/NUkQUt9iBzjr2d4jmAyFQf-840-80.jpg.webp 840w, https:\/\/cdn.mos.cms.futurecdn.net\/NUkQUt9iBzjr2d4jmAyFQf-650-80.jpg.webp 650w, https:\/\/cdn.mos.cms.futurecdn.net\/NUkQUt9iBzjr2d4jmAyFQf-500-80.jpg.webp 500w, https:\/\/cdn.mos.cms.futurecdn.net\/NUkQUt9iBzjr2d4jmAyFQf-450-80.jpg.webp 450w, https:\/\/cdn.mos.cms.futurecdn.net\/NUkQUt9iBzjr2d4jmAyFQf-320-80.jpg.webp 320w\" sizes=\"(min-width: 900px) 925px, (min-width: 700px) 450px, calc(100vw - 48px)\" \/><\/div>\n<p><span class=\"custom-subheading-styles\">Women&#8217;s Cycling<\/span><span class=\"text-base text-black font-bold mx-0 my-2.5 p-0 block custom-text-styles\">&#8216;A shame I wasn&#8217;t on Kim&#8217;s wheel in the final corner&#8217; \u2013 Liane Lippert second behind unstoppable Le Court-Pienaar on Tour of Britain Women queen stage<\/span><\/div>\n<div class=\"relative recirc-feed sponsored-card min-h-[250px]\" data-recirc-id=\"article-river-stacked-ads:native-cards\" data-mrf-recirculation=\"article-river-ads\" data-nosnippet data-ad-slot-path=\"feed-sponsored-post\" data-attribute-device=\"all\">\n<div class=\"max-w-full sponsored-post--placeholder animate-pulse\">\n<div class=\"relative!\"><span class=\"text-base text-black font-bold mx-0 my-2.5 p-0 block bg-gray-100\">\u00a0<br \/>\u00a0<\/span><\/div>\n<\/div>\n<\/div>\n<div>\n<div class=\"aspect-[var(--img-listing-aspect-ratio,16\/9)] relative mb-3.5\">\n    <source type=\"image\/webp\" srcset=\"https:\/\/cdn.mos.cms.futurecdn.net\/fXAaRtRGWr7884wyUeD2nd-840-80.jpg.webp 840w, https:\/\/cdn.mos.cms.futurecdn.net\/fXAaRtRGWr7884wyUeD2nd-650-80.jpg.webp 650w, https:\/\/cdn.mos.cms.futurecdn.net\/fXAaRtRGWr7884wyUeD2nd-500-80.jpg.webp 500w, https:\/\/cdn.mos.cms.futurecdn.net\/fXAaRtRGWr7884wyUeD2nd-450-80.jpg.webp 450w, https:\/\/cdn.mos.cms.futurecdn.net\/fXAaRtRGWr7884wyUeD2nd-320-80.jpg.webp 320w\" sizes=\"(min-width: 900px) 925px, (min-width: 700px) 450px, calc(100vw - 48px)\" \/><\/div>\n<p><span class=\"custom-subheading-styles\">Doping<\/span><span class=\"text-base text-black font-bold mx-0 my-2.5 p-0 block custom-text-styles\">South African racer leaves Tour of Britain Women after returning out-of-competition positive test for synthetic peptide<\/span><\/div>\n<div class=\"relative recirc-feed sponsored-card min-h-[250px]\" data-recirc-id=\"article-river-stacked-ads:native-cards\" data-mrf-recirculation=\"article-river-ads\" data-nosnippet data-ad-slot-path=\"feed-sponsored-post\" data-attribute-device=\"all\">\n<div class=\"max-w-full sponsored-post--placeholder animate-pulse\">\n<div class=\"relative!\"><span class=\"text-base text-black font-bold mx-0 my-2.5 p-0 block bg-gray-100\">\u00a0<br \/>\u00a0<\/span><\/div>\n<\/div>\n<\/div>\n<div>\n<div class=\"aspect-[var(--img-listing-aspect-ratio,16\/9)] relative mb-3.5\">\n    <source type=\"image\/webp\" srcset=\"https:\/\/cdn.mos.cms.futurecdn.net\/XP2rqy7qez9mC6UdTwJgz-840-80.jpg.webp 840w, https:\/\/cdn.mos.cms.futurecdn.net\/XP2rqy7qez9mC6UdTwJgz-650-80.jpg.webp 650w, https:\/\/cdn.mos.cms.futurecdn.net\/XP2rqy7qez9mC6UdTwJgz-500-80.jpg.webp 500w, https:\/\/cdn.mos.cms.futurecdn.net\/XP2rqy7qez9mC6UdTwJgz-450-80.jpg.webp 450w, https:\/\/cdn.mos.cms.futurecdn.net\/XP2rqy7qez9mC6UdTwJgz-320-80.jpg.webp 320w\" sizes=\"(min-width: 900px) 925px, (min-width: 700px) 450px, calc(100vw - 48px)\" \/><\/div>\n<p><span class=\"custom-subheading-styles\">Wheels &amp; Tyres<\/span><span class=\"text-base text-black font-bold mx-0 my-2.5 p-0 block custom-text-styles\">New road and gravel tyres from Silca signal a change in strategy for the Italian company<\/span><\/div>\n<div class=\"relative recirc-feed sponsored-card min-h-[250px]\" data-recirc-id=\"article-river-stacked-ads:native-cards\" data-mrf-recirculation=\"article-river-ads\" data-nosnippet data-ad-slot-path=\"feed-sponsored-post\" data-attribute-device=\"all\">\n<div class=\"max-w-full sponsored-post--placeholder animate-pulse\">\n<div class=\"relative!\"><span class=\"text-base text-black font-bold mx-0 my-2.5 p-0 block bg-gray-100\">\u00a0<br \/>\u00a0<\/span><\/div>\n<\/div>\n<\/div>\n<div>\n<div class=\"aspect-[var(--img-listing-aspect-ratio,16\/9)] relative mb-3.5\">\n    <source type=\"image\/webp\" srcset=\"https:\/\/cdn.mos.cms.futurecdn.net\/o9dfoYGxAgxmJ5j8ffMbSP-840-80.jpg.webp 840w, https:\/\/cdn.mos.cms.futurecdn.net\/o9dfoYGxAgxmJ5j8ffMbSP-650-80.jpg.webp 650w, https:\/\/cdn.mos.cms.futurecdn.net\/o9dfoYGxAgxmJ5j8ffMbSP-500-80.jpg.webp 500w, https:\/\/cdn.mos.cms.futurecdn.net\/o9dfoYGxAgxmJ5j8ffMbSP-450-80.jpg.webp 450w, https:\/\/cdn.mos.cms.futurecdn.net\/o9dfoYGxAgxmJ5j8ffMbSP-320-80.jpg.webp 320w\" sizes=\"(min-width: 900px) 925px, (min-width: 700px) 450px, calc(100vw - 48px)\" \/><\/div>\n<p><span class=\"custom-subheading-styles\">Racing<\/span><span class=\"text-base text-black font-bold mx-0 my-2.5 p-0 block custom-text-styles\">Vuelta a Espa\u00f1a stage 1 time trial start times \u2013 When Jay Vine, Wout van Aert, Tadej Poga\u010dar and others take turns on twisting 9.6km route in Monaco<\/span><\/div>\n<div class=\"relative recirc-feed sponsored-card min-h-[250px]\" data-recirc-id=\"article-river-stacked-ads:native-cards\" data-mrf-recirculation=\"article-river-ads\" data-nosnippet data-ad-slot-path=\"feed-sponsored-post\" data-attribute-device=\"all\">\n<div class=\"max-w-full sponsored-post--placeholder animate-pulse\">\n<div class=\"relative!\"><span class=\"text-base text-black font-bold mx-0 my-2.5 p-0 block bg-gray-100\">\u00a0<br \/>\u00a0<\/span><\/div>\n<\/div>\n<\/div>\n<div>\n<div class=\"aspect-[var(--img-listing-aspect-ratio,16\/9)] relative mb-3.5\">\n    <source type=\"image\/webp\" srcset=\"https:\/\/cdn.mos.cms.futurecdn.net\/onxjykbjbXTp2YUWDDjnF3-840-80.jpg.webp 840w, https:\/\/cdn.mos.cms.futurecdn.net\/onxjykbjbXTp2YUWDDjnF3-650-80.jpg.webp 650w, https:\/\/cdn.mos.cms.futurecdn.net\/onxjykbjbXTp2YUWDDjnF3-500-80.jpg.webp 500w, https:\/\/cdn.mos.cms.futurecdn.net\/onxjykbjbXTp2YUWDDjnF3-450-80.jpg.webp 450w, https:\/\/cdn.mos.cms.futurecdn.net\/onxjykbjbXTp2YUWDDjnF3-320-80.jpg.webp 320w\" sizes=\"(min-width: 900px) 925px, (min-width: 700px) 450px, calc(100vw - 48px)\" \/><\/div>\n<p><span class=\"custom-subheading-styles\">Women&#8217;s Cycling<\/span><span class=\"text-base text-black font-bold mx-0 my-2.5 p-0 block custom-text-styles\">Lotte Kopecky pulls out of Tour of Britain Women<\/span><\/div>\n<div class=\"relative recirc-feed sponsored-card min-h-[250px]\" data-recirc-id=\"article-river-stacked-ads:native-cards\" data-mrf-recirculation=\"article-river-ads\" data-nosnippet data-ad-slot-path=\"feed-sponsored-post\" data-attribute-device=\"all\">\n<div class=\"max-w-full sponsored-post--placeholder animate-pulse\">\n<div class=\"relative!\"><span class=\"text-base text-black font-bold mx-0 my-2.5 p-0 block bg-gray-100\">\u00a0<br \/>\u00a0<\/span><\/div>\n<\/div>\n<\/div>\n<\/div>\n<\/div>\n<\/aside>\n<\/section>\n<\/div>\n<\/div>\n<\/div>\n<div id=\"widgetArea17\" class=\"widget-area md:basis-1\/3 widget-area-g-md-vp-1-3 widget-area-g-lg-vp-1-3 widget-area-g-xl-vp-1-3 page-widget-area-17\">\n<div data-widget-type=\"dynamic\" id=\"popular-data\" class=\"clear-both widget widget-dynamic widget-popular-data widget-dynamic-popular-data widget-dynamic-fter-popular-box\">\n<div class=\"wdn-fte-pb pos-relative space-t20\n\"><\/p>\n<div class=\"slice-container popular-box-slice\">\n<section class=\"popular-box\" data-component-name=\"Slice:PopularBox\">\n<div class=\"popular-box__label\">\n<div class=\"popular-box__label__tab popular-box__label__tab--active\" role=\"heading\">\nLATEST ARTICLES\n<\/div>\n<\/div>\n<ol class=\"popular-box__articles-list popular-box__articles-list--active\">\n<li class=\"popular-box__article-list\">\n<div class=\"popular-box__article-list__container\">\n<div class=\"popular-box__article-list__image-wrapper\">\n<div>\n<source type=\"image\/webp\" srcset=\"https:\/\/cdn.mos.cms.futurecdn.net\/iSijFQzPeQBT8U9pXGDkXW-1280-80.jpg.webp 1280w, https:\/\/cdn.mos.cms.futurecdn.net\/iSijFQzPeQBT8U9pXGDkXW-720-80.jpg.webp 720w, https:\/\/cdn.mos.cms.futurecdn.net\/iSijFQzPeQBT8U9pXGDkXW-640-80.jpg.webp 640w, https:\/\/cdn.mos.cms.futurecdn.net\/iSijFQzPeQBT8U9pXGDkXW-320-80.jpg.webp 320w\" sizes=\"99vw\" \/><\/div>\n<\/div>\n<div class=\"popular-box__article-list__content\">\n<div class=\"popular-box__article-list__number-text\">1<\/div>\n<div class=\"popular-box__article-list__heading\">\n<p>Lauren Dickson returns from collarbone break and takes Queen of the Mountain lead on debut with FDJ United-SUEZ at Tour of Britain Women<\/p>\n<\/div>\n<\/div>\n<\/div>\n<\/li>\n<li class=\"popular-box__article-list\">\n<div class=\"popular-box__article-list__container\">\n<div class=\"popular-box__article-list__content\">\n<div class=\"popular-box__article-list__number-text\">2<\/div>\n<div class=\"popular-box__article-list__heading\">\n<p>South African racer leaves Tour of Britain Women after returning out-of-competition positive test for synthetic peptide<\/p>\n<\/div>\n<\/div>\n<\/div>\n<\/li>\n<li class=\"popular-box__article-list\">\n<div class=\"popular-box__article-list__container\">\n<div class=\"popular-box__article-list__content\">\n<div class=\"popular-box__article-list__number-text\">3<\/div>\n<div class=\"popular-box__article-list__heading\">\n<p>&#8216;A shame I wasn&#8217;t on Kim&#8217;s wheel in the final corner&#8217; \u2013 Liane Lippert second behind unstoppable Le Court-Pienaar on Tour of Britain Women queen stage<\/p>\n<\/div>\n<\/div>\n<\/div>\n<\/li>\n<li class=\"popular-box__article-list\">\n<div class=\"popular-box__article-list__container\">\n<div class=\"popular-box__article-list__content\">\n<div class=\"popular-box__article-list__number-text\">4<\/div>\n<div class=\"popular-box__article-list__heading\">\n<p>New road and gravel tyres from Silca signal a change in strategy for the Italian company<\/p>\n<\/div>\n<\/div>\n<\/div>\n<\/li>\n<li class=\"popular-box__article-list\">\n<div class=\"popular-box__article-list__container\">\n<div class=\"popular-box__article-list__content\">\n<div class=\"popular-box__article-list__number-text\">5<\/div>\n<div class=\"popular-box__article-list__heading\">\n<p>Deutschland Tour: Alessio Magagnotti lands stunning sprint win ahead of Paul Magnier on stage 2<\/p>\n<\/div>\n<\/div>\n<\/div>\n<\/li>\n<\/ol>\n<\/section>\n<\/div>\n<\/div>\n<\/div>\n<\/div>\n<\/div>\n<\/article>\n<div class=\"news-article\">\n<header data-component-name=\"Article:Hero\">\n<nav class=\"breadcrumb\" aria-label=\"Breadcrumbs\">\n<ol>\n<li>\nPro Cycling\n<\/li>\n<li>\nTeams &amp; Riders\n<\/li>\n<li>\nVisma-Lease a Bike\n<\/li>\n<li>\nWout van Aert\n<\/li>\n<\/ol>\n<\/nav>\n<h1>&#8216;It could be an opportunity to be close in GC&#8217; &#8211; Opening time trial in Monaco enticing incentive for Wout van Aert&#8217;s return to Vuelta a Espa\u00f1a<\/h1>\n<div class=\"byline-social\">\n<div class=\"vds-byline-block flex flex-row flex-nowrap my-1.5 gap-2 text-left items-start max-sm:flex-col justify-start\" data-component-name=\"Article:BylineBlock\">\n<p>News<\/p>\n<div class=\"my-auto vds-simple-byline\"><span class=\"inline-block vds-author\"><br \/>\nBy<br \/>\nAlasdair Fotheringham, Jackie Tyson <\/span><\/p>\n<div class=\"flex gap-1 vds-byline-with-avatar__meta\"><span class=\"vds-date block font-normal tracking-normal normal-case text-xs\"><br \/>\nPublished<br \/>\n<time data-component-name=\"UI:DateTime\" datetime=\"2026-08-20T19:04:58Z\" class=\"relative-date\"><br \/>\n20 August 2026<br \/>\n<\/time><\/span><\/div>\n<\/div>\n<\/div>\n<p class=\"strapline\">Paris-Roubaix winner says ITT course in Monaco &#8216;a bit too technical&#8217;<\/p>\n<\/div>\n<aside class=\"text-gray-700 flex items-center mx-0 my-5 p-0 justify-start text-left\" id=\"affiliate-disclaimer\" data-component-name=\"AffiliateDisclaimer\" data-hawk-message=\"Affiliate disclaimer removed because hawk deemed there are no affiliate links on this page\">\n<p class=\"text-[color:var(--affiliate-disclaimer--text-color,inherit)] mb-2 text-[length:var(--affiliate-disclaimer--font-size,0.75rem)] leading-[18px] md:text-[13px] [&amp;&gt;a]:text-inherit [&amp;&gt;a]:underline\">\nWhen you purchase through links on our site, we may earn an affiliate commission. Here\u2019s how it works.\n<\/p>\n<\/aside>\n<\/header>\n<\/div>\n<div id=\"article-body\" class=\"text-copy bodyCopy auto paywall-locker\">\n<div data-analytics-id=\"utility-bar\" id=\"utility-bar\" class=\"font-ui-heading flex justify-between items-center py-2 border-t border-b border-gray-300 border-solid mb-5 mx-auto\" data-component-name=\"UtilityBar\" data-mrf-recirculation=\"utility-bar\">\n<div class=\"flex gap-2 text-[#333] subcontainer\">\n<div class=\"relative tooltip-container\" role=\"tooltip\">\n<div data-component-name=\"Social:Dropdown\" role=\"menu\" id=\"utilitybar__dropdown--share\" aria-labelledby=\"utilitybar__button--share\" class=\"absolute left-0 top-full w-44 bg-white rounded-md shadow-md border border-neutral-200 z-[9996] list-none m-0 py-2 px-3 border-solid\">\n<ul class=\"m-0!\">\n<li class=\"!p-0 !m-0 list-none border-b border-gray-200 border-solid\">\n<li class=\"!p-0 !m-0 list-none border-b border-gray-200 border-solid\">\n<p>Facebook<\/p>\n<\/li>\n<li class=\"!p-0 !m-0 list-none border-b border-gray-200 border-solid\">\n<p>X<\/p>\n<\/li>\n<li class=\"!p-0 !m-0 list-none border-b border-gray-200 border-solid\">\n<p>Pinterest<\/p>\n<\/li>\n<li class=\"!p-0 !m-0 list-none border-b border-gray-200 border-solid\">\n<p>Email<\/p>\n<\/li>\n<\/ul>\n<\/div>\n<div class=\"font-ui-heading max-sm:hidden tooltip absolute left-1\/2 bg-gray-900 text-white text-xs leading-none px-3 py-1.5 rounded-md z-[10001] whitespace-nowrap\" id=\"tooltip-share-this-article\" role=\"tooltip\" aria-hidden=\"true\">\nShare this article\n<\/div>\n<\/div>\n<div class=\"relative tooltip-container\" role=\"tooltip\"><span class=\"ml-1 inline-flex h-5 px-2 shrink-0 items-center justify-center self-center overflow-hidden whitespace-nowrap rounded-[10px] bg-primary-500 text-[11px] leading-none font-ui-heading font-semibold text-white\">2<\/span><\/p>\n<div class=\"font-ui-heading max-sm:hidden tooltip absolute left-1\/2 bg-gray-900 text-white text-xs leading-none px-3 py-1.5 rounded-md z-[10001] whitespace-nowrap\" id=\"tooltip-join-the-conversation\" role=\"tooltip\" aria-hidden=\"true\">\nJoin the conversation\n<\/div>\n<\/div>\n<\/div>\n<div class=\"flex gap-2 text-[#333] subcontainer\">\n<div class=\"relative tooltip-container\" role=\"tooltip\">\n<p>Follow us<\/p>\n<div class=\"font-ui-heading max-sm:hidden tooltip absolute left-1\/2 bg-gray-900 text-white text-xs leading-none px-3 py-1.5 rounded-md z-[10001] whitespace-nowrap\" id=\"tooltip-add-us-as-a-preferred-source-on-google\" role=\"tooltip\" aria-hidden=\"true\">\nAdd us as a preferred source on Google\n<\/div>\n<\/div>\n<div class=\"relative tooltip-container\" role=\"tooltip\">\n<div class=\"font-ui-heading max-sm:hidden tooltip absolute left-1\/2 bg-gray-900 text-white text-xs leading-none px-3 py-1.5 rounded-md z-[10001] whitespace-nowrap\" id=\"tooltip-subscribe-to-our-newsletter\" role=\"tooltip\" aria-hidden=\"true\">\nSubscribe to our newsletter\n<\/div>\n<\/div>\n<\/div>\n<\/div>\n<p id=\"elk-1a426702-9cb9-11f1-8092-4b7ef2e820aa\">Two years ago, Wout van Aert (Visma-Lease a Bike) made his debut at the Vuelta a Espa\u00f1a, and needed only two days to earn the red leader&#8217;s jersey. It was a short spell before he then relinquished the lead another two days later, though he came away with a haul of seven podiums, including a trio of stage victories.<\/p>\n<p>Stage success was again a main objective for the 31-year-old Belgian, who makes his first Grand Tour start of this season. The squad will not have defending Vuelta champion Jonas Vingegaard at the start, due to recovery from a broken collarbone suffered at the Tour de France, so will lean heavily on Van Aert, young Briton Matthew Brennan and former race winner Sepp Kuss to seek daily opportunities.<\/p>\n<p id=\"elk-1a426702-9cb9-11f1-8092-4b7ef2e820aa-2\" aria-hidden=\"true\" class=\"kiosq-b\">The first day of racing has visions of the maillot rojo dancing in Van Aert&#8217;s head, but he said in a press conference Thursday it was just an opportunity and not a priority.<\/p>\n<div class=\"my-6 w-full overflow-hidden rounded-[10px] lg:my-8\" data-component-name=\"JwPlayer:Carousel\" data-jwp-carousel data-jwp-carousel-payload=\"{&quot;ids&quot;:{&quot;playerID&quot;:&quot;jYDCcabO&quot;,&quot;searchPlaylistID&quot;:&quot;gwjdoYHD&quot;,&quot;divID&quot;:&quot;botr_gwjdoYHD_jYDCcabO_div&quot;,&quot;fallbackPlaylistID&quot;:&quot;gwjdoYHD&quot;,&quot;fallbackDivID&quot;:&quot;botr_gwjdoYHD_jYDCcabO_div&quot;,&quot;key&quot;:&quot;X9\/mXVGac0NphghLH9hZaqWA5d3dhAM\/Ih07grnEyMLjuO2E&quot;,&quot;tintLogo&quot;:true,&quot;useSearchPlaylist&quot;:false,&quot;enabled&quot;:true},&quot;signPostingEnabled&quot;:true,&quot;signPostingLinkEnabled&quot;:true,&quot;waitForAdLoad&quot;:false,&quot;hidePlayerOnDesktop&quot;:false,&quot;hidePlayerOnMobile&quot;:false,&quot;hidePlayerOnTablet&quot;:false}\">\n<div class=\"flex flex-nowrap items-center justify-between gap-3 bg-zinc-900 px-[14px] py-3\" data-jwp-carousel-header>\n<div class=\"flex min-w-0 shrink items-center\"><span class=\"inline-flex items-center gap-1.5 text-sm font-article-heading capitalize leading-5 text-white whitespace-nowrap\"><span class=\"jwp-carousel-title-desktop\">Latest Videos From<\/span><span class=\"jwp-carousel-brand\">Cyclingnews<\/span><\/span><\/div>\n<\/div>\n<div class=\"min-h-[44px] bg-zinc-900 px-[14px] py-3\" data-jwp-carousel-signposting><a class=\"invisible block truncate text-sm font-bold leading-5 text-white underline decoration-solid underline-offset-2\" data-jwp-carousel-signposting-link href target=\"_blank\" rel=\"noopener noreferrer\"><span data-jwp-carousel-signposting-title>Watch full video here: <\/span><\/a><\/div>\n<\/div>\n<p aria-hidden=\"true\" class=\"kiosq-b\">&#8220;Saturday was a focus I had in the last weeks, and we&#8217;ll see how that unfolds,&#8221; he said about stage 1 starting in Monaco with a 9.4-kilometre race against the clock.<\/p>\n<p aria-hidden=\"true\" class=\"kiosq-b\">&#8220;Well, I did a bit more training leading to this race. Because there&#8217;s something to win, the time trial itself. But also it might be an opportunity to be still close in GC for the day after.&#8221;<\/p>\n<aside data-component-name=\"Recirculation:ArticleRiver\" data-recirculation-type=\"inline\" data-mrf-recirculation=\"Trending Bar\" data-nosnippet class=\"clear-both pt-2 pb-0 mb-4\"><span class=\"\n            flex\n            after:content-[&apos;&apos;] after:flex-1 after:ml-4 after:my-[0.7rem] after:border-t after:border-solid after:border-t-[#ccc]\n            before:content-[&apos;&apos;] before:flex-1 before:mr-4 before:my-[0.7rem] before:border-t before:border-solid before:border-t-[#ccc]\n            font-article-heading pb-0 text-[length:var(--article-river-title--font-size,1em)] uppercase sm:text-[length:var(--article-river-title--font-size,0.875em)] font-bold\n        \"><br \/>\n            You may like<br \/>\n        <\/span><\/p>\n<ul class=\"flex flex-col gap-0 m-0 max-w-full\">\n<li class=\"m-0 list-none border-b border-solid border-[#ededed] py-2\" data-recirculation-id=\"recirculation-card-1\" id=\"recirculation-inline-1\" data-analytics-id=\"recirculation-inline-1\" data-mrf-recirculation=\"recirculation-inline-1\">\n    <source type=\"image\/webp\" srcset=\"https:\/\/cdn.mos.cms.futurecdn.net\/o9dfoYGxAgxmJ5j8ffMbSP-250-80.jpg.webp 250w, https:\/\/cdn.mos.cms.futurecdn.net\/o9dfoYGxAgxmJ5j8ffMbSP-150-80.jpg.webp 150w\" sizes=\"150px\" \/><span class=\"w-full text-base font-[var(--article-river-item--font-weight,500)] font-article-heading line-clamp-3 md:line-clamp-2\">Vuelta a Espa\u00f1a stage 1 time trial start times \u2013 When Jay Vine, Wout van Aert, Tadej Poga\u010dar and others take turns on twisting 9.6km route in Monaco<\/span><\/li>\n<li class=\"m-0 list-none border-b border-solid border-[#ededed] py-2\" data-recirculation-id=\"recirculation-card-2\" id=\"recirculation-inline-2\" data-analytics-id=\"recirculation-inline-2\" data-mrf-recirculation=\"recirculation-inline-2\">\n    <source type=\"image\/webp\" srcset=\"https:\/\/cdn.mos.cms.futurecdn.net\/ZH9tPKdEpRDyEkVonao4Rf-250-80.png.webp 250w, https:\/\/cdn.mos.cms.futurecdn.net\/ZH9tPKdEpRDyEkVonao4Rf-150-80.png.webp 150w\" sizes=\"150px\" \/><span class=\"w-full text-base font-[var(--article-river-item--font-weight,500)] font-article-heading line-clamp-3 md:line-clamp-2\">&#8216;At my very best, I certainly have a chance&#8217; \u2013 Wout van Aert confident in World Championships road race bid after rediscovering top form before Vuelta a Espa\u00f1a<\/span><\/li>\n<li class=\"m-0 list-none border-b border-solid border-[#ccc] py-2\" data-recirculation-id=\"recirculation-card-3\" id=\"recirculation-inline-3\" data-analytics-id=\"recirculation-inline-3\" data-mrf-recirculation=\"recirculation-inline-3\">\n    <source type=\"image\/webp\" srcset=\"https:\/\/cdn.mos.cms.futurecdn.net\/k9zmDrDg9CYQpyHK4MVWeJ-250-80.jpg.webp 250w, https:\/\/cdn.mos.cms.futurecdn.net\/k9zmDrDg9CYQpyHK4MVWeJ-150-80.jpg.webp 150w\" sizes=\"150px\" \/><span class=\"w-full text-base font-[var(--article-river-item--font-weight,500)] font-article-heading line-clamp-3 md:line-clamp-2\">From road to gravel then back to road: Why is Wout van Aert racing the Belgian Gravel Championships for the first time ever this Sunday?<\/span><\/li>\n<\/ul>\n<\/aside>\n<p aria-hidden=\"true\" class=\"kiosq-b\">Van Aert missed the Tour de France this year due to a training crash in June when he injured his elbow. Before that, he rode only a team time trial at Tour Auvergne-Rh\u00f4ne-Alpes, which Visma won, and a TT early in the season at Tirreno-Adriatico. He returned to action at the Tour of Denmark three weeks ago, winning a trio of stages and the overall, though the five-day stage race did not have a time trial, so he had to deal with a delay in preparations for this ITT.<\/p>\n<p aria-hidden=\"true\" class=\"kiosq-b\">&#8220;It&#8217;s been a long summer, a very different summer for me, and it&#8217;s nice to come back to the Vuelta. I had to wait in the end pretty long to ride on a TT bike. But then after the Tour of Denmark, I could do the training how I wanted,&#8221; he told the media assembled in Monaco, including <em>Cyclingnews<\/em>.<\/p>\n<div id=\"slice-container-newsletterForm-articleInbodyContent-gMBeqmMc6WvB4bE2iDZNg6\" class=\"slice-container newsletter-inbodyContent-slice newsletterForm-articleInbodyContent-gMBeqmMc6WvB4bE2iDZNg6 slice-container-newsletterForm\">\n<div data-hydrate=\"true\" class=\"newsletter-form__wrapper newsletter-form__wrapper--inbodyContent\">\n<div class=\"newsletter-form__container\">\n<section class=\"newsletter-form__top-bar\">\n<div class=\"newsletter-form__header\">Get The Leadout Newsletter<\/div>\n<\/section>\n<section class=\"newsletter-form__main-section\">\n<p class=\"newsletter-form__strapline\">The latest race content, interviews, features, reviews and expert buying guides, direct to your inbox!<\/p>\n<footer class=\"newsletter-form__footer \">By submitting your information you agree to the Terms &amp; Conditions and Privacy Policy and are aged 16 or over.<\/footer>\n<\/section>\n<\/div>\n<\/div>\n<\/div>\n<p aria-hidden=\"true\" class=\"kiosq-b\">&#8220;I did the recon of the course yesterday morning. I tried to do it in traffic, had a little bit of a look. Honestly, I think it&#8217;s a bit too technical. The last part they went, in my opinion, a bit over the limit of what you can do on a time trial bike. So it will be interesting to see how that goes.<\/p>\n<p aria-hidden=\"true\" class=\"kiosq-b\">&#8220;But in general, it&#8217;s an amazing setting here in Monaco with all the buildings around and the coastline. So that will be for sure very special to race between them.&#8221;<\/p>\n<p aria-hidden=\"true\" class=\"kiosq-b\">The busy, twisting streets of Monaco hosted a time trial for the Tour de France back in 2009, and this version of the course is 6km shorter. Borrowing from the route used for the famous Formula 1 circuit, Van Aert knows there are many corners and punchy climbs.<\/p>\n<aside data-component-name=\"Recirculation:ArticleRiver\" data-recirculation-type=\"inline\" data-mrf-recirculation=\"Trending Bar\" data-nosnippet class=\"clear-both pt-2 pb-0 mb-4\"><span class=\"\n            flex\n            after:content-[&apos;&apos;] after:flex-1 after:ml-4 after:my-[0.7rem] after:border-t after:border-solid after:border-t-[#ccc]\n            before:content-[&apos;&apos;] before:flex-1 before:mr-4 before:my-[0.7rem] before:border-t before:border-solid before:border-t-[#ccc]\n            font-article-heading pb-0 text-[length:var(--article-river-title--font-size,1em)] uppercase sm:text-[length:var(--article-river-title--font-size,0.875em)] font-bold\n        \"><br \/>\n            What to read next<br \/>\n        <\/span><\/p>\n<ul class=\"flex flex-col gap-0 m-0 max-w-full\">\n<li class=\"m-0 list-none border-b border-solid border-[#ededed] py-2\" data-recirculation-id=\"recirculation-card-1\" id=\"recirculation-inline-2-1\" data-analytics-id=\"recirculation-2-inline-1\" data-mrf-recirculation=\"recirculation-2-inline-1\">\n    <source type=\"image\/webp\" srcset=\"https:\/\/cdn.mos.cms.futurecdn.net\/FFWbGsXbpVGLxBxHrVJWDS-250-80.jpg.webp 250w, https:\/\/cdn.mos.cms.futurecdn.net\/FFWbGsXbpVGLxBxHrVJWDS-150-80.jpg.webp 150w\" sizes=\"150px\" \/><span class=\"w-full text-base font-[var(--article-river-item--font-weight,500)] font-article-heading line-clamp-3 md:line-clamp-2\">&#8216;It is a bit disappointing, we are honest about that&#8217; \u2013 Worrying signs for the Tour de France as struggles continue for Wout van Aert<\/span><\/li>\n<li class=\"m-0 list-none border-b border-solid border-[#ededed] py-2\" data-recirculation-id=\"recirculation-card-2\" id=\"recirculation-inline-2-2\" data-analytics-id=\"recirculation-2-inline-2\" data-mrf-recirculation=\"recirculation-2-inline-2\">\n    <source type=\"image\/webp\" srcset=\"https:\/\/cdn.mos.cms.futurecdn.net\/N9pFoLkReg7BfAfct59wW4-250-80.jpg.webp 250w, https:\/\/cdn.mos.cms.futurecdn.net\/N9pFoLkReg7BfAfct59wW4-150-80.jpg.webp 150w\" sizes=\"150px\" \/><span class=\"w-full text-base font-[var(--article-river-item--font-weight,500)] font-article-heading line-clamp-3 md:line-clamp-2\">Visma-Lease a Bike to be led by Wout van Aert, Matthew Brennan and Sepp Kuss at Vuelta a Espana<\/span><\/li>\n<li class=\"m-0 list-none border-b border-solid border-[#ccc] py-2\" data-recirculation-id=\"recirculation-card-3\" id=\"recirculation-inline-2-3\" data-analytics-id=\"recirculation-2-inline-3\" data-mrf-recirculation=\"recirculation-2-inline-3\">\n    <source type=\"image\/webp\" srcset=\"https:\/\/cdn.mos.cms.futurecdn.net\/DqM3syGhD3KhhQ4iQ8QdBn-250-80.jpg.webp 250w, https:\/\/cdn.mos.cms.futurecdn.net\/DqM3syGhD3KhhQ4iQ8QdBn-150-80.jpg.webp 150w\" sizes=\"150px\" \/><span class=\"w-full text-base font-[var(--article-river-item--font-weight,500)] font-article-heading line-clamp-3 md:line-clamp-2\">&#8216;When you win, it\u2019s a good test\u2019 &#8211; Visma-Lease a Bike confident ahead of Tour de France opening TTT<\/span><\/li>\n<\/ul>\n<\/aside>\n<p aria-hidden=\"true\" class=\"kiosq-b\">&#8220;We go pretty quickly into the mountains, stage three, four, so we don&#8217;t have a long time to take the jersey. But with the time trial and stage two, there should be quite good opportunities for me. I hope to be close, and it definitely would be a dream to wear it [leader&#8217;s jersey] again,&#8221; he said.<\/p>\n<p aria-hidden=\"true\" class=\"kiosq-b\">&#8220;I like this race, I&#8217;m really motivated, and yeah, I&#8217;m really happy we get close to the start now.<\/p>\n<p aria-hidden=\"true\" class=\"kiosq-b\">&#8220;I think it&#8217;s clear we are here with more of a team for stages than for a clear GC goal, so that&#8217;s obviously a bit different than usual. I&#8217;m a versatile rider, and on this course, I should have a lot of opportunities.&#8221;<\/p>\n<p id=\"elk-5fc3b94c-9cba-11f1-bc76-1b1015a0c4cd\" aria-hidden=\"true\" class=\"kiosq-b\"><em><strong>For unbeatable coverage across road, gravel and tech, subscribe to Cyclingnews. You&#8217;ll get comprehensive race coverage of La Vuelta a Espa\u00f1a, subscriber-exclusive analysis from our expert columnists, in-depth features and industry-leading tech insight. Plus, the Cyclingnews app lets you follow the action wherever you go!<\/strong><\/em><em><strong>Join today.<\/strong><\/em><\/p>\n<\/div>\n<p>[analyse_source url=&#8221;https:\/\/www.cyclingnews.com\/pro-cycling\/teams-riders\/it-could-be-an-opportunity-to-be-close-in-gc-opening-time-trial-in-monaco-enticing-incentive-for-wout-van-aerts-return-to-vuelta-a-espana\/&#8221;]<\/p>\n","protected":false},"excerpt":{"rendered":"<p>[analyse_image type=&#8221;featured&#8221; src=&#8221;https:\/\/cdn.mos.cms.futurecdn.net\/tfLM6usLQ7FSegycrtArMn-2100-80.jpg&#8221;] 1 Tadej Poga\u010dar vs the rest \u2013 Our analysis of the top 10 contenders at the Vuelta a Espa\u00f1a 2 Cramps and goosebumps as Wout van Aert beaten by training partner Daan Soete at Belgian Gravel Championships 3 &#8216;The Vuelta is going to be arduous, even for Tadej&#8217; \u2013 UAE performance head [&hellip;]<\/p>\n","protected":false},"author":1,"featured_media":0,"comment_status":"open","ping_status":"","sticky":false,"template":"","format":"standard","meta":{"footnotes":""},"categories":[2],"tags":[226,68],"class_list":["post-2105281","post","type-post","status-publish","format-standard","hentry","category-politics","tag-crawlmanager","tag-cyclingnews-com"],"_links":{"self":[{"href":"https:\/\/analyse.optim.biz\/index.php?rest_route=\/wp\/v2\/posts\/2105281","targetHints":{"allow":["GET"]}}],"collection":[{"href":"https:\/\/analyse.optim.biz\/index.php?rest_route=\/wp\/v2\/posts"}],"about":[{"href":"https:\/\/analyse.optim.biz\/index.php?rest_route=\/wp\/v2\/types\/post"}],"author":[{"embeddable":true,"href":"https:\/\/analyse.optim.biz\/index.php?rest_route=\/wp\/v2\/users\/1"}],"replies":[{"embeddable":true,"href":"https:\/\/analyse.optim.biz\/index.php?rest_route=%2Fwp%2Fv2%2Fcomments&post=2105281"}],"version-history":[{"count":0,"href":"https:\/\/analyse.optim.biz\/index.php?rest_route=\/wp\/v2\/posts\/2105281\/revisions"}],"wp:attachment":[{"href":"https:\/\/analyse.optim.biz\/index.php?rest_route=%2Fwp%2Fv2%2Fmedia&parent=2105281"}],"wp:term":[{"taxonomy":"category","embeddable":true,"href":"https:\/\/analyse.optim.biz\/index.php?rest_route=%2Fwp%2Fv2%2Fcategories&post=2105281"},{"taxonomy":"post_tag","embeddable":true,"href":"https:\/\/analyse.optim.biz\/index.php?rest_route=%2Fwp%2Fv2%2Ftags&post=2105281"}],"curies":[{"name":"wp","href":"https:\/\/api.w.org\/{rel}","templated":true}]}}