{"id":2105266,"date":"2026-08-20T16:53:25","date_gmt":"2026-08-20T13:53:25","guid":{"rendered":"https:\/\/analyse.optim.biz\/?p=2105266"},"modified":"2026-08-20T16:53:25","modified_gmt":"2026-08-20T13:53:25","slug":"jonathan-milan-ordered-to-pull-over-as-race-leader-is-lapped-by-peloton-following-huge-crash-at-renewi-tour","status":"publish","type":"post","link":"https:\/\/analyse.optim.biz\/?p=2105266","title":{"rendered":"Jonathan Milan ordered to pull over as race leader is lapped by peloton following huge crash at Renewi Tour"},"content":{"rendered":"<p>[analyse_image type=&#8221;featured&#8221; src=&#8221;https:\/\/cdn.mos.cms.futurecdn.net\/nTZNZUUHHn5swtJ88RvBgD-2000-80.jpg&#8221;]<\/p>\n<article class=\"m-0 box-border flex flex-row items-center pr-2.5 gap-[15px] w-[278px] h-20 flex-none upnext-article-divider\" role=\"listitem\" aria-label=\"Recommended article 1 of 3\">\n<div class=\"relative flex-none w-20 h-20\">\n<p>    <img decoding=\"async\" src=\"https:\/\/cdn.mos.cms.futurecdn.net\/SbcAyX4mTz373kZpRJiv99.jpg\" alt=\"DIEST, BELGIUM - AUGUST 19: (L-R) Stage winner Jonathan Milan of Italy and Team Lidl - Trek and Olav Kooij of Netherlands and Team Decathlon CMA CGM Team sprint at finish line during the 21st Renewi Tour 2026, Stage 1 a 191.3km stage from Diest to Diest \/ #UCIWT \/ on August 19, 2026 in Diest, Belgium. (Photo by Luc Claessen\/Getty Images)\" loading=\"lazy\" class=\"rounded-[var(--image--border-radius,0)] w-20 h-20 object-cover flex-none rounded-lg\"><\/p>\n<div class=\"flex items-center justify-center absolute w-4 h-6 left-0 top-0 bg-white\/90 flex-none z-[1]\" aria-hidden=\"true\">\n                                    <span class=\"font-normal text-base leading-[17px] tracking-[1.3px] uppercase text-black flex-none\">1<\/span>\n                                <\/div>\n<\/p><\/div>\n<div class=\"flex flex-col items-center justify-center gap-1.5 w-[173px] h-20 flex-none\">\n<p class=\"font-article-heading font-medium text-base leading-[21px] text-gray-800 w-[173px] line-clamp-3 group-hover:underline\">\n                                    Renewi Tour: Jonathan Milan edges out Olav Kooij in photo finish to win a messy opening stage\n                                <\/p>\n<\/p><\/div>\n<\/article>\n<article class=\"m-0 box-border flex flex-row items-center pr-2.5 gap-[15px] w-[278px] h-20 flex-none upnext-article-divider\" role=\"listitem\" aria-label=\"Recommended article 2 of 3\">\n<div class=\"relative flex-none w-20 h-20\">\n<p>    <img decoding=\"async\" src=\"https:\/\/cdn.mos.cms.futurecdn.net\/cAaYYBwDpwRfEoSD8gosEa.jpg\" alt=\"Belgian Jasper Philipsen of Alpecin-Premier Tech celebrates as she crosses the finish line at stage two of the &amp;#039;Renewi Tour&amp;#039; multi-stage cycling race, from Blankenberge to Ardooie (191,3 km) on Thursday 20 August 2026. The five-day race takes place from 19 to 23\/08.BELGA PHOTO DAVID PINTENS (Photo by DAVID PINTENS \/ BELGA MAG \/ Belga via AFP)\" loading=\"lazy\" class=\"rounded-[var(--image--border-radius,0)] w-20 h-20 object-cover flex-none rounded-lg\"><\/p>\n<div class=\"flex items-center justify-center absolute w-[18px] h-6 left-0 top-0 bg-white\/90 flex-none z-[1]\" aria-hidden=\"true\">\n                                    <span class=\"font-normal text-base leading-[17px] tracking-[1.3px] uppercase text-black flex-none\">2<\/span>\n                                <\/div>\n<\/p><\/div>\n<div class=\"flex flex-col items-center justify-center gap-1.5 w-[173px] h-20 flex-none\">\n<p class=\"font-article-heading font-medium text-base leading-[21px] text-gray-800 w-[173px] line-clamp-3 group-hover:underline\">\n                                    Renewi Tour: Jasper Philipsen storms into race lead with victory on windy and chaotic stage 2\n                                <\/p>\n<\/p><\/div>\n<\/article>\n<article class=\"m-0 box-border flex flex-row items-center pr-2.5 gap-[15px] w-[278px] h-20 flex-none\" role=\"listitem\" aria-label=\"Recommended article 3 of 3\">\n<div class=\"relative flex-none w-20 h-20\">\n<p>    <img decoding=\"async\" src=\"https:\/\/cdn.mos.cms.futurecdn.net\/HXNVwyRWXWx4YVDEdngPP7.jpg\" alt=\"Belgian Jenno Berckmoes of Lotto-Intermarche celebrates as he crosses the finish line to win stage three of the &amp;#039;Renewi Tour&amp;#039; multi-stage cycling race, from Celles to Geraardsbergen (182 km) on Friday 21 August 2026. The five-day race takes place from 19 to 23\/08.BELGA PHOTO DAVID PINTENS (Photo by DAVID PINTENS \/ BELGA MAG \/ Belga via AFP)\" loading=\"lazy\" class=\"rounded-[var(--image--border-radius,0)] w-20 h-20 object-cover flex-none rounded-lg\"><\/p>\n<div class=\"flex items-center justify-center absolute w-[18px] h-6 left-0 top-0 bg-white\/90 flex-none z-[1]\" aria-hidden=\"true\">\n                                    <span class=\"font-normal text-base leading-[17px] tracking-[1.3px] uppercase text-black flex-none\">3<\/span>\n                                <\/div>\n<\/p><\/div>\n<div class=\"flex flex-col items-center justify-center gap-1.5 w-[173px] h-20 flex-none\">\n<p class=\"font-article-heading font-medium text-base leading-[21px] text-gray-800 w-[173px] line-clamp-3 group-hover:underline\">\n                                    Renewi Tour: Jenno Berckmoes pulls off a heist to snatch stage 3 and the leader&#8217;s jersey on Tour of Flanders-inspired day\n                                <\/p>\n<\/p><\/div>\n<\/article>\n<article class=\"page-content-onecol flex-1\nnews-article article\n\"><\/p>\n<div class=\"widget-area-group widget-area-group-2col flex flex-wrap box-border\">\n<div id=\"widgetArea16\" class=\"widget-area basis-full md:basis-2\/3 widget-area-g-md-vp-2-3 widget-area-g-lg-vp-2-3 widget-area-g-xl-vp-2-3 page-widget-area-16\">\n<div data-widget-type=\"hero\" id=\"hero\" class=\"clear-both widget widget-hero widget-hero widget-hero-hero widget-hero widget-hero-fter-news\">\n<div class=\"clear-both widget-header\">\n<\/div>\n<div class=\"news-article\">\n<header data-component-name=\"Article:Hero\">\n<div id=\"kiosq-metered-message\" class=\"kiosq-metered-message-content\"><\/div>\n<nav class=\"breadcrumb\" aria-label=\"Breadcrumbs\">\n<ol>\n<li>\nPro Cycling\n<\/li>\n<li>\nTeams &amp; Riders\n<\/li>\n<li>\nLidl-Trek\n<\/li>\n<li>\nJonathan Milan\n<\/li>\n<\/ol>\n<\/nav>\n<h1>Jonathan Milan ordered to pull over as race leader is lapped by peloton following huge crash at Renewi Tour<\/h1>\n<div class=\"byline-social\">\n<div class=\"vds-byline-block flex flex-row flex-nowrap my-1.5 gap-2 text-left items-start justify-start\" data-component-name=\"Article:BylineBlock\">\n<p>News<\/p>\n<div class=\"my-auto vds-simple-byline\">\n<span class=\"inline-block vds-author\"><br \/>\nBy<br \/>\nPatrick Fletcher <\/span><br \/>\n<span class=\"inline-block h-3 my-auto border-l border-solid vds-simple-byline__divider max-sm:hidden\"><\/span><\/p>\n<div class=\"flex gap-1 vds-byline-with-avatar__meta\">\n<span class=\"vds-date block font-normal tracking-normal normal-case text-xs\"><br \/>\nPublished<br \/>\n<time data-component-name=\"UI:DateTime\" datetime=\"2026-08-20T16:53:25Z\" class=\"relative-date\"><br \/>\n20 August 2026<br \/>\n<\/time><br \/>\n<\/span>\n<\/div>\n<\/div>\n<\/div>\n<p class=\"strapline\">Stage 1 winner battles bravely on many minutes behind the bunch after heavy fall<\/p>\n<\/div>\n<aside class=\"text-gray-700 flex items-center mx-0 my-5 p-0 justify-start text-left\" id=\"affiliate-disclaimer\" data-component-name=\"AffiliateDisclaimer\" data-hawk-message=\"Affiliate disclaimer removed because hawk deemed there are no affiliate links on this page\">\n<p class=\"text-[color:var(--affiliate-disclaimer--text-color,inherit)] mb-2 text-[length:var(--affiliate-disclaimer--font-size,0.75rem)] leading-[18px] md:text-[13px] [&amp;&gt;a]:text-inherit [&amp;&gt;a]:underline\">\nWhen you purchase through links on our site, we may earn an affiliate commission. Here\u2019s how it works.\n<\/p>\n<\/aside>\n<\/header>\n<\/div>\n<\/div>\n<div data-widget-type=\"contentparsed\" id=\"content\" class=\"clear-both widget widget-contentparsed widget-content widget-contentparsed-content widget-content-parsed widget-content-parsed-content_document \">\n<div class=\"wcp-item-content\">\n<section class=\"content-wrapper\">\n<div class=\"box less-space hero-image-wrapper\">\n<figure class=\"mb-0\">\n<p><img decoding=\"async\" src=\"https:\/\/cdn.mos.cms.futurecdn.net\/nTZNZUUHHn5swtJ88RvBgD.jpg\" alt=\"Jonathan Milan of Italy and Team Lidl - Trek - Blue Leader Jersey injured after crash during the 21st Renewi Tour 2026\" class=\"rounded-[var(--image--border-radius,0)] block-image-ads hero-image absolute top-0 left-0 w-full h-full object-center\" data-component-name=\"Image\"><figcaption class=\"font-article-copy text-(--image--text--color) font-article-copy mt-2\"> <span class=\"credit font-article-copy\">(Image credit: Getty Images)<\/span><br \/>\n<\/figcaption><\/figure>\n<\/div>\n<div id=\"article-body\" class=\"text-copy bodyCopy auto paywall-locker\">\n<div data-analytics-id=\"utility-bar\" id=\"utility-bar\" class=\"font-ui-heading flex justify-between items-center py-2 border-t border-b border-gray-300 border-solid mb-5 mx-auto\" data-component-name=\"UtilityBar\" data-mrf-recirculation=\"utility-bar\">\n<div class=\"flex gap-2 text-[#333] subcontainer\">\n<div class=\"relative tooltip-container\" role=\"tooltip\">\n<div data-component-name=\"Social:Dropdown\" role=\"menu\" id=\"utilitybar__dropdown--share\" aria-labelledby=\"utilitybar__button--share\" class=\"absolute left-0 top-full w-44 bg-white rounded-md shadow-md border border-neutral-200 z-[9996] list-none m-0 py-2 px-3 border-solid\">\n<ul class=\"m-0!\">\n<li class=\"!p-0 !m-0 list-none border-b border-gray-200 border-solid\">\n<\/li>\n<li class=\"!p-0 !m-0 list-none border-b border-gray-200 border-solid\">\n<p>Facebook<\/p>\n<\/li>\n<li class=\"!p-0 !m-0 list-none border-b border-gray-200 border-solid\">\n<p>X<\/p>\n<\/li>\n<li class=\"!p-0 !m-0 list-none border-b border-gray-200 border-solid\">\n<p>Pinterest<\/p>\n<\/li>\n<li class=\"!p-0 !m-0 list-none border-b border-gray-200 border-solid\">\n<p>Email<\/p>\n<\/li>\n<\/ul>\n<\/div>\n<div class=\"font-ui-heading max-sm:hidden tooltip absolute left-1\/2 bg-gray-900 text-white text-xs leading-none px-3 py-1.5 rounded-md z-[10001] whitespace-nowrap\" id=\"tooltip-share-this-article\" role=\"tooltip\" aria-hidden=\"true\">\nShare this article\n<\/div>\n<\/div>\n<div class=\"relative tooltip-container\" role=\"tooltip\">\n<p>    <span class=\"ml-1 inline-flex h-5 px-2 shrink-0 items-center justify-center self-center overflow-hidden whitespace-nowrap rounded-[10px] bg-primary-500 text-[11px] leading-none font-ui-heading font-semibold text-white\">1<\/span><\/p>\n<div class=\"font-ui-heading max-sm:hidden tooltip absolute left-1\/2 bg-gray-900 text-white text-xs leading-none px-3 py-1.5 rounded-md z-[10001] whitespace-nowrap\" id=\"tooltip-join-the-conversation\" role=\"tooltip\" aria-hidden=\"true\">\nJoin the conversation\n<\/div>\n<\/div>\n<\/div>\n<div class=\"flex gap-2 text-[#333] subcontainer\">\n<div class=\"relative tooltip-container\" role=\"tooltip\">\n<p>Follow us<\/p>\n<div class=\"font-ui-heading max-sm:hidden tooltip absolute left-1\/2 bg-gray-900 text-white text-xs leading-none px-3 py-1.5 rounded-md z-[10001] whitespace-nowrap\" id=\"tooltip-add-us-as-a-preferred-source-on-google\" role=\"tooltip\" aria-hidden=\"true\">\nAdd us as a preferred source on Google\n<\/div>\n<\/div>\n<div class=\"relative tooltip-container\" role=\"tooltip\">\n<div class=\"font-ui-heading max-sm:hidden tooltip absolute left-1\/2 bg-gray-900 text-white text-xs leading-none px-3 py-1.5 rounded-md z-[10001] whitespace-nowrap\" id=\"tooltip-subscribe-to-our-newsletter\" role=\"tooltip\" aria-hidden=\"true\">\nSubscribe to our newsletter\n<\/div>\n<\/div>\n<\/div>\n<\/div>\n<p id=\"elk-f69edcf0-9cb2-11f1-8386-275cae83ec79\">Race leader Jonathan Milan (Lidl-Trek) rolled home on stage 2 of the Renewi Tour after a crash and a 65km struggle that saw him trail by several minutes and even have to stand aside in the finale as he was lapped by the peloton.<\/p>\n<div id=\"ad-unit-1\" class=\"ad-unit\"><\/div>\n<p>The Italian, swapping his national champion&#8217;s jersey for the light blue race leader&#8217;s jersey following his victory on the opening day, hit the deck heavily in a huge crash on the finishing circuit in Ardooie.<\/p>\n<p><a id=\"elk-seasonal\"><\/a><\/p>\n<aside data-article-category=\"pro-cycling\" data-block-type=\"embed\" data-render-type=\"fte\" data-skip=\"dealsy\" data-widget-type=\"seasonal\" class=\"ecom-root\"><\/aside>\n<p id=\"elk-f69edcf0-9cb2-11f1-8386-275cae83ec79-2\" aria-hidden=\"true\" class=\"kiosq-b\">The race had been splitting in the crosswinds and tensions were high when an Alpecin-Premier Tech rider overlapped a wheel and jutted to the left, sparking a chain reaction that sent riders bouncing off each other and many to the ground. It was a sprawling crash that involved a good central chunk of the peloton.<\/p>\n<div class=\"my-6 w-full overflow-hidden rounded-[10px] lg:my-8\" data-component-name=\"JwPlayer:Carousel\" data-jwp-carousel data-jwp-carousel-payload=\"{&quot;ids&quot;:{&quot;playerID&quot;:&quot;jYDCcabO&quot;,&quot;searchPlaylistID&quot;:&quot;gwjdoYHD&quot;,&quot;divID&quot;:&quot;botr_gwjdoYHD_jYDCcabO_div&quot;,&quot;fallbackPlaylistID&quot;:&quot;gwjdoYHD&quot;,&quot;fallbackDivID&quot;:&quot;botr_gwjdoYHD_jYDCcabO_div&quot;,&quot;key&quot;:&quot;X9\/mXVGac0NphghLH9hZaqWA5d3dhAM\/Ih07grnEyMLjuO2E&quot;,&quot;tintLogo&quot;:true,&quot;useSearchPlaylist&quot;:false,&quot;enabled&quot;:true},&quot;signPostingEnabled&quot;:true,&quot;signPostingLinkEnabled&quot;:true,&quot;waitForAdLoad&quot;:false,&quot;hidePlayerOnDesktop&quot;:false,&quot;hidePlayerOnMobile&quot;:false,&quot;hidePlayerOnTablet&quot;:false}\">\n<div class=\"flex flex-nowrap items-center justify-between gap-3 bg-zinc-900 px-[14px] py-3\" data-jwp-carousel-header>\n<div class=\"flex min-w-0 shrink items-center\"><span class=\"inline-flex items-center gap-1.5 text-sm font-article-heading capitalize leading-5 text-white whitespace-nowrap\"><span class=\"jwp-carousel-title-mobile\"><\/span><span class=\"jwp-carousel-title-desktop\">Latest Videos From<\/span><span class=\"jwp-carousel-brand\">Cyclingnews<\/span><\/span><\/div>\n<\/div>\n<div class=\"aspect-video w-full min-h-[200px] lg:min-h-[330px] relative overflow-hidden bg-black\" data-jwp-carousel-container>\n<div class=\"absolute inset-0 size-full\" data-jwp-carousel-player-host><\/div>\n<div class=\"absolute inset-0 size-full items-center justify-center bg-white\" data-jwp-carousel-fallback><\/div>\n<\/div>\n<div class=\"min-h-[44px] bg-zinc-900 px-[14px] py-3\" data-jwp-carousel-signposting><a class=\"invisible block truncate text-sm font-bold leading-5 text-white underline decoration-solid underline-offset-2\" data-jwp-carousel-signposting-link href target=\"_blank\" rel=\"noopener noreferrer\"><span data-jwp-carousel-signposting-title>Watch full video here: <\/span><\/a><\/div>\n<\/div>\n<p aria-hidden=\"true\" class=\"kiosq-b\">Jayco-AlUla&#8217;s Amaury Capiot was seemingly the worst affected, his teammate Luke Durbridge calling for medical attention as he hovered over him, with Capiot soon taken away in an ambulance.<\/p>\n<div id=\"ad-unit-2\" class=\"ad-unit\"><\/div>\n<p aria-hidden=\"true\" class=\"kiosq-b\">Milan was also in a bad way and didn&#8217;t get up for a few minutes. As he lay stricken initially, it looked as though his race was over. He had landed awkwardly and was clutching his right arm, with a grimace on his face.<\/p>\n<aside data-component-name=\"Recirculation:ArticleRiver\" data-recirculation-type=\"inline\" data-mrf-recirculation=\"Trending Bar\" data-nosnippet class=\"clear-both pt-2 pb-0 mb-4\">\n        <span class=\"\n            flex\n            after:content-[&apos;&apos;] after:flex-1 after:ml-4 after:my-[0.7rem] after:border-t after:border-solid after:border-t-[#ccc]\n            before:content-[&apos;&apos;] before:flex-1 before:mr-4 before:my-[0.7rem] before:border-t before:border-solid before:border-t-[#ccc]\n            font-article-heading pb-0 text-[length:var(--article-river-title--font-size,1em)] uppercase sm:text-[length:var(--article-river-title--font-size,0.875em)] font-bold\n        \"><br \/>\n            You may like<br \/>\n        <\/span><\/p>\n<ul class=\"flex flex-col gap-0 m-0 max-w-full\">\n<li class=\"m-0 list-none border-b border-solid border-[#ededed] py-2\" data-recirculation-id=\"recirculation-card-1\" id=\"recirculation-inline-1\" data-analytics-id=\"recirculation-inline-1\" data-mrf-recirculation=\"recirculation-inline-1\">\n<p>    <img decoding=\"async\" src=\"https:\/\/cdn.mos.cms.futurecdn.net\/cAaYYBwDpwRfEoSD8gosEa.jpg\" alt=\"Belgian Jasper Philipsen of Alpecin-Premier Tech celebrates as she crosses the finish line at stage two of the &amp;#039;Renewi Tour&amp;#039; multi-stage cycling race, from Blankenberge to Ardooie (191,3 km) on Thursday 20 August 2026. The five-day race takes place from 19 to 23\/08.BELGA PHOTO DAVID PINTENS (Photo by DAVID PINTENS \/ BELGA MAG \/ Belga via AFP)\" loading=\"lazy\" class=\"rounded-[var(--image--border-radius,0)] aspect-square size-[75px] object-cover shrink-0 rounded-lg\"><\/p>\n<p>                        <span class=\"w-full text-base font-[var(--article-river-item--font-weight,500)] font-article-heading line-clamp-3 md:line-clamp-2\">Renewi Tour: Jasper Philipsen storms into race lead with victory on windy and chaotic stage 2<\/span><\/p>\n<\/li>\n<li class=\"m-0 list-none border-b border-solid border-[#ededed] py-2\" data-recirculation-id=\"recirculation-card-2\" id=\"recirculation-inline-2\" data-analytics-id=\"recirculation-inline-2\" data-mrf-recirculation=\"recirculation-inline-2\">\n<p>    <img decoding=\"async\" src=\"https:\/\/cdn.mos.cms.futurecdn.net\/SbcAyX4mTz373kZpRJiv99.jpg\" alt=\"DIEST, BELGIUM - AUGUST 19: (L-R) Stage winner Jonathan Milan of Italy and Team Lidl - Trek and Olav Kooij of Netherlands and Team Decathlon CMA CGM Team sprint at finish line during the 21st Renewi Tour 2026, Stage 1 a 191.3km stage from Diest to Diest \/ #UCIWT \/ on August 19, 2026 in Diest, Belgium. (Photo by Luc Claessen\/Getty Images)\" loading=\"lazy\" class=\"rounded-[var(--image--border-radius,0)] aspect-square size-[75px] object-cover shrink-0 rounded-lg\"><\/p>\n<p>                        <span class=\"w-full text-base font-[var(--article-river-item--font-weight,500)] font-article-heading line-clamp-3 md:line-clamp-2\">Renewi Tour: Jonathan Milan edges out Olav Kooij in photo finish to win a messy opening stage<\/span><\/p>\n<\/li>\n<li class=\"m-0 list-none border-b border-solid border-[#ccc] py-2\" data-recirculation-id=\"recirculation-card-3\" id=\"recirculation-inline-3\" data-analytics-id=\"recirculation-inline-3\" data-mrf-recirculation=\"recirculation-inline-3\">\n<p>    <img decoding=\"async\" src=\"https:\/\/cdn.mos.cms.futurecdn.net\/8cZgjmwfhaTVzqDKtVadBZ.jpg\" alt=\"Jonathan Milan in the Italian champion&amp;#039;s jersey celebrates winning stage 1 of Tour de Pologne\" loading=\"lazy\" class=\"rounded-[var(--image--border-radius,0)] aspect-square size-[75px] object-cover shrink-0 rounded-lg\"><\/p>\n<p>                        <span class=\"w-full text-base font-[var(--article-river-item--font-weight,500)] font-article-heading line-clamp-3 md:line-clamp-2\">Tour de Pologne: Jonathan Milan powers to victory in stage 1 bunch sprint<\/span><\/p>\n<\/li>\n<\/ul>\n<\/aside>\n<p aria-hidden=\"true\" class=\"kiosq-b\">However, Milan eventually remounted and carried on. The peloton was already several minutes up ahead by the time he&#8217;d got going again, and there was no chance of getting back in. In fact, Milan could barely hold the wheel of his teammate Simone Consonni, who&#8217;d been ordered to wait for him, and at that point it looked unlikely that Milan would be able to ride like this for the 60km required to make it to the finish.<\/p>\n<p aria-hidden=\"true\" class=\"kiosq-b\">But ride on he did, sticking with Consonni well behind the peloton as the laps of the Ardooie circuit ticked down, and the time gap ticked up, well into the double digits.<\/p>\n<div id=\"slice-container-newsletterForm-articleInbodyContent-fkkkkM8XgVi5kvZam3sGtm\" class=\"slice-container newsletter-inbodyContent-slice newsletterForm-articleInbodyContent-fkkkkM8XgVi5kvZam3sGtm slice-container-newsletterForm\">\n<div data-hydrate=\"true\" class=\"newsletter-form__wrapper newsletter-form__wrapper--inbodyContent\">\n<div class=\"newsletter-form__container\">\n<section class=\"newsletter-form__top-bar\">\n<div class=\"newsletter-form__header\">Get The Leadout Newsletter<\/div>\n<\/section>\n<section class=\"newsletter-form__main-section\">\n<p class=\"newsletter-form__strapline\">The latest race content, interviews, features, reviews and expert buying guides, direct to your inbox!<\/p>\n<footer class=\"newsletter-form__footer \">By submitting your information you agree to the Terms &amp; Conditions and Privacy Policy and are aged 16 or over.<\/footer>\n<\/section>\n<\/div>\n<\/div>\n<\/div>\n<p aria-hidden=\"true\" class=\"kiosq-b\">There was, however, a spanner in the works on the final lap. He was so far behind that the peloton was actually coming up behind him, and the organisers, after discussions with the Lidl-Trek team car, ordered Milan and Consonni to stop and pull over.<\/p>\n<p aria-hidden=\"true\" class=\"kiosq-b\">The pair of them stood and chatted at the side of the road before the peloton went past, and they could get going again, still needing to cross the finish line and then ride a whole other lap.<\/p>\n<p aria-hidden=\"true\" class=\"kiosq-b\">They completed the race within the time limit and will be able to continue in the race on Friday on stage 3.<\/p>\n<div class=\"see-more see-more--clipped kiosq-b\" id=\"elk-2090459515552505930\" aria-hidden=\"true\">\n<figure>\n<blockquote class=\"twitter-tweet hawk-ignore\" data-lang=\"en\" cite=\"https:\/\/twitter.com\/cantworkitout\/status\/2090459515552505930\">\n<p lang=\"en\" dir=\"ltr\">\ud83e\udd26\u200d\u2642\ufe0f \u00a1Qu\u00e9 d\u00eda para Jonathan Milan!Tras verse envuelto en la ca\u00edda masiva, los jueces le ordenan detenerse al estar a punto de ser doblado por el pelot\u00f3n en el circuito final.#RenewiTour | #LaCasadelCiclismo pic.twitter.com\/PSCY0bg9hHAugust 20, 2026<\/p>\n<\/blockquote>\n<\/figure>\n<div class=\"see-more__filter\"><\/div>\n<\/div>\n<p id=\"elk-8f3a2b00-9cb7-11f1-8b22-f76d3a1a73ef\" aria-hidden=\"true\" class=\"kiosq-b\"><strong>For unbeatable coverage across road, gravel and tech, subscribe to Cyclingnews. You&#8217;ll get comprehensive race coverage of La Vuelta a Espa\u00f1a, subscriber-exclusive analysis from our expert columnists, in-depth features and industry-leading tech insight. Plus, the Cyclingnews app lets you follow the action wherever you go! <\/strong><u><strong>Join today.<\/strong><\/u><\/p>\n<\/div>\n<div id=\"kiosq-app-paywall-js\"><\/div>\n<div id=\"this-will-be-used-for-mpu-2\"><\/div>\n<div class=\"block mb-5\" id=\"articleTag\" data-component-name=\"PostArticleLinks\" data-nosnippet data-mrf-recirculation=\"post-article-links\">\n<div class=\"border-b border-b-black border-solid py-2.5 text-black font-bold uppercase\">TOPICS<\/div>\n<nav class=\"py-2.5 flex gap-2.5 flex-wrap\" data-analytics-id=\"article-tag\" data-mrf-recirculation=\"article-tag\">\n<p>Road<\/p>\n<\/nav>\n<\/div>\n<div id=\"slice-container-authorBio-fkkkkM8XgVi5kvZam3sGtm\" class=\"slice-container slice-author-bio authorBio-fkkkkM8XgVi5kvZam3sGtm slice-container-authorBio\">\n<div class=\"author author__default-layout author--separator author--collapsible\" data-hydrate=\"true\">\n<div class=\"author__header\">\n<div class=\"author__avatar-block\">\n<figure class=\"image-wrapped__wrapper\" data-bordeaux-image-check=\"false\">\n<div class=\"image-wrapped__widthsetter\">\n<div class=\"image-wrapped__aspect-padding\">\n<div><img decoding=\"async\" src=\"https:\/\/cdn.mos.cms.futurecdn.net\/2QoJgeVtEMbCKNujw2pLoH.jpg\" alt=\"Patrick Fletcher\" class=\"author__avatar image-wrapped__image image__image\" loading=\"lazy\"><\/div>\n<\/div>\n<\/div>\n<\/figure>\n<\/div>\n<div class=\"author__heading\">\n<div class=\"author__name\">Patrick Fletcher<\/div>\n<div class=\"author__social\"><\/div>\n<div class=\"author__role\">Deputy Editor<\/div>\n<\/div>\n<\/div>\n<div class=\"author__bio-wrapper\">\n<div class=\"author__biography\">\n<p>Patrick is an NCTJ-accredited journalist with a bachelor\u2019s degree in modern languages (French and Spanish) and a decade\u2019s experience in digital sports media, largely within the world of cycling. He re-joined Cyclingnews as Deputy Editor in February 2026, having previously spent eight years on staff between 2015 and 2023. In between, he was Deputy Editor at GCN and spent 18 months working across the sports portfolio at Future before returning to the cycling press pack. Patrick works across Cyclingnews\u2019 wide-ranging output, assisting the Editor in global content strategy, with a particular focus on shaping CN&#8217;s news operation.<\/p>\n<\/div>\n<\/div>\n<\/div>\n<\/div>\n<\/section>\n<div id=\"viafoura-comments\" aria-hidden=\"true\"><\/div>\n<div class=\"relative max-w-[1070px] viafoura-twig-component mt-6 mx-4 lg:mx-0\" data-component-name=\"Viafoura:Comments\" data-nosnippet data-community-guidelines-text=\"&lt;p class=&apos;vfcustom-community-guidelines&apos;&gt;Please follow our &lt;a href=&quot;https:\/\/www.cyclingnews.com\/about\/#section-community-guidelines&quot; target=&quot;_blank&quot;&gt;community guidelines&lt;\/a&gt;.&lt;\/p&gt;\" data-join-the-conversation-text=\"Join the Conversation\">\n<div class=\"relative h-(--truncate-height) sm:h-(--truncate-desktop-height) overflow-hidden transition-[height] duration-150\" data-test-id=\"container\" data-component-name=\"Util:Truncate\" id=\"viafoura-comments-container\">\n<div class=\"relative z-10 viafoura rounded-[var(--comment-widget-border-radius,0)]\" id=\"viafoura-comment-wrapper\" data-test-id=\"content\">\n<div class=\"viafoura\">\n<div>\n<\/div>\n<\/div>\n<\/div>\n<div class=\"absolute bg-gradient-to-t from-[var(--truncate-gradient-color,white)] from-50% h-28 z-20 w-full bottom-0 flex items-end justify-center px-0 rounded-none\">\n<\/div>\n<\/div>\n<div class=\"absolute top-0 left-0 w-full h-full flex items-center justify-center z-50 bg-white\/90 border-1 rounded-b-[var(--comment-widget-border-radius,0)]\">\n<div class=\"p-2 text-center\">\n<p class=\"mb-3 text-lg!\">You must confirm your public display name before commenting<\/p>\n<p class=\"mb-3 text-sm!\">Please logout and then login again, you will then be prompted to enter your display name.<\/p>\n<\/div>\n<\/div>\n<\/div>\n<div class=\"infinite-container\" data-analytics-id=\"infinite-container\" data-component-name=\"SponsoredScroll\" data-mrf-recirculation=\"infinite-container\">\n<div class=\"infinite-trigger\" aria-hidden=\"true\"><\/div>\n<\/div>\n<section class=\"mx-2 my-5 sm:mx-0\">\n<aside class=\"w-full\" data-nosnippet data-mrf-recirculation=\"article-river-stacked\">\n<div data-recirc-id=\"article-river-stacked-adviser:hybrid\">\n<div class=\"text-white py-4 px-3 mb-4 bg-[#333] uppercase font-bold custom-header-styles\">Read more<\/div>\n<div class=\"grid grid-cols-1 gap-4 mt-4 mb-5\">\n<div>\n<div class=\"aspect-[var(--img-listing-aspect-ratio,16\/9)] relative mb-3.5\">\n<p>    <img decoding=\"async\" src=\"https:\/\/cdn.mos.cms.futurecdn.net\/cAaYYBwDpwRfEoSD8gosEa.jpg\" alt=\"Belgian Jasper Philipsen of Alpecin-Premier Tech celebrates as she crosses the finish line at stage two of the &amp;#039;Renewi Tour&amp;#039; multi-stage cycling race, from Blankenberge to Ardooie (191,3 km) on Thursday 20 August 2026. The five-day race takes place from 19 to 23\/08.BELGA PHOTO DAVID PINTENS (Photo by DAVID PINTENS \/ BELGA MAG \/ Belga via AFP)\" loading=\"lazy\" class=\"rounded-[var(--image--border-radius,0)] object-cover w-full h-full\"><\/p><\/div>\n<p>                                                                                                <span class=\"custom-subheading-styles\">Racing<\/span><\/p>\n<p>                            <span class=\"text-base text-black font-bold mx-0 my-2.5 p-0 block custom-text-styles\">Renewi Tour: Jasper Philipsen storms into race lead with victory on windy and chaotic stage 2<\/span><\/p><\/div>\n<div class=\"relative recirc-feed sponsored-card min-h-[250px]\" data-recirc-id=\"article-river-stacked-ads:native-cards\" data-mrf-recirculation=\"article-river-ads\" data-nosnippet data-ad-slot-path=\"feed-sponsored-post\" data-attribute-device=\"all\">\n<div class=\"sponsored-post max-w-full [&amp;.sponsored-post--loaded+.sponsored-post--placeholder]:hidden [&amp;[data-bordeaux-hook-loaded]+.sponsored-post--placeholder]:hidden\"><\/div>\n<div class=\"max-w-full sponsored-post--placeholder animate-pulse\">\n<div class=\"relative!\">\n            <span class=\"font-ui-heading bg-(--ad-slot-badge-bg-color) absolute text-xs font-bold leading-[14px] tracking-normal text-left text-white px-2.5 py-[5px] left-0 top-0 empty:hidden\"><\/span><\/p>\n<div class=\"aspect-[var(--img-listing-aspect-ratio,16\/9)] relative bg-gray-200\"><\/div>\n<p>            <span class=\"text-base text-black font-bold mx-0 my-2.5 p-0 block bg-gray-100\">\u00a0<br \/>\u00a0<\/span>\n        <\/div>\n<\/p><\/div>\n<\/div>\n<div>\n<div class=\"aspect-[var(--img-listing-aspect-ratio,16\/9)] relative mb-3.5\">\n<p>    <img decoding=\"async\" src=\"https:\/\/cdn.mos.cms.futurecdn.net\/SbcAyX4mTz373kZpRJiv99.jpg\" alt=\"DIEST, BELGIUM - AUGUST 19: (L-R) Stage winner Jonathan Milan of Italy and Team Lidl - Trek and Olav Kooij of Netherlands and Team Decathlon CMA CGM Team sprint at finish line during the 21st Renewi Tour 2026, Stage 1 a 191.3km stage from Diest to Diest \/ #UCIWT \/ on August 19, 2026 in Diest, Belgium. (Photo by Luc Claessen\/Getty Images)\" loading=\"lazy\" class=\"rounded-[var(--image--border-radius,0)] object-cover w-full h-full\"><\/p><\/div>\n<p>                                                                                                <span class=\"custom-subheading-styles\">Racing<\/span><\/p>\n<p>                            <span class=\"text-base text-black font-bold mx-0 my-2.5 p-0 block custom-text-styles\">Renewi Tour: Jonathan Milan edges out Olav Kooij in photo finish to win a messy opening stage<\/span><\/p><\/div>\n<div class=\"relative recirc-feed sponsored-card min-h-[250px]\" data-recirc-id=\"article-river-stacked-ads:native-cards\" data-mrf-recirculation=\"article-river-ads\" data-nosnippet data-ad-slot-path=\"feed-sponsored-post\" data-attribute-device=\"all\">\n<div class=\"sponsored-post max-w-full [&amp;.sponsored-post--loaded+.sponsored-post--placeholder]:hidden [&amp;[data-bordeaux-hook-loaded]+.sponsored-post--placeholder]:hidden\"><\/div>\n<div class=\"max-w-full sponsored-post--placeholder animate-pulse\">\n<div class=\"relative!\">\n            <span class=\"font-ui-heading bg-(--ad-slot-badge-bg-color) absolute text-xs font-bold leading-[14px] tracking-normal text-left text-white px-2.5 py-[5px] left-0 top-0 empty:hidden\"><\/span><\/p>\n<div class=\"aspect-[var(--img-listing-aspect-ratio,16\/9)] relative bg-gray-200\"><\/div>\n<p>            <span class=\"text-base text-black font-bold mx-0 my-2.5 p-0 block bg-gray-100\">\u00a0<br \/>\u00a0<\/span>\n        <\/div>\n<\/p><\/div>\n<\/div>\n<div>\n<div class=\"aspect-[var(--img-listing-aspect-ratio,16\/9)] relative mb-3.5\">\n<p>    <img decoding=\"async\" src=\"https:\/\/cdn.mos.cms.futurecdn.net\/8cZgjmwfhaTVzqDKtVadBZ.jpg\" alt=\"Jonathan Milan in the Italian champion&amp;#039;s jersey celebrates winning stage 1 of Tour de Pologne\" loading=\"lazy\" class=\"rounded-[var(--image--border-radius,0)] object-cover w-full h-full\"><\/p><\/div>\n<p>                                                                                                <span class=\"custom-subheading-styles\">Racing<\/span><\/p>\n<p>                            <span class=\"text-base text-black font-bold mx-0 my-2.5 p-0 block custom-text-styles\">Tour de Pologne: Jonathan Milan powers to victory in stage 1 bunch sprint<\/span><\/p><\/div>\n<div class=\"relative recirc-feed sponsored-card min-h-[250px]\" data-recirc-id=\"article-river-stacked-ads:native-cards\" data-mrf-recirculation=\"article-river-ads\" data-nosnippet data-ad-slot-path=\"feed-sponsored-post\" data-attribute-device=\"all\">\n<div class=\"sponsored-post max-w-full [&amp;.sponsored-post--loaded+.sponsored-post--placeholder]:hidden [&amp;[data-bordeaux-hook-loaded]+.sponsored-post--placeholder]:hidden\"><\/div>\n<div class=\"max-w-full sponsored-post--placeholder animate-pulse\">\n<div class=\"relative!\">\n            <span class=\"font-ui-heading bg-(--ad-slot-badge-bg-color) absolute text-xs font-bold leading-[14px] tracking-normal text-left text-white px-2.5 py-[5px] left-0 top-0 empty:hidden\"><\/span><\/p>\n<div class=\"aspect-[var(--img-listing-aspect-ratio,16\/9)] relative bg-gray-200\"><\/div>\n<p>            <span class=\"text-base text-black font-bold mx-0 my-2.5 p-0 block bg-gray-100\">\u00a0<br \/>\u00a0<\/span>\n        <\/div>\n<\/p><\/div>\n<\/div>\n<div>\n<div class=\"aspect-[var(--img-listing-aspect-ratio,16\/9)] relative mb-3.5\">\n<p>    <img decoding=\"async\" src=\"https:\/\/cdn.mos.cms.futurecdn.net\/4pGyVF2CNyqnhWEcBo2wg8.jpg\" alt=\"Jonathan Milan in the yellow jersey celebrates at finish line as stage winner during the 83rd Tour de Pologne 2026 - Stage 2\" loading=\"lazy\" class=\"rounded-[var(--image--border-radius,0)] object-cover w-full h-full\"><\/p><\/div>\n<p>                                                                                                <span class=\"custom-subheading-styles\">Racing<\/span><\/p>\n<p>                            <span class=\"text-base text-black font-bold mx-0 my-2.5 p-0 block custom-text-styles\">Tour de Pologne: Jonathan Milan wins fast and furious sprint on stage 2<\/span><\/p><\/div>\n<div class=\"relative recirc-feed sponsored-card min-h-[250px]\" data-recirc-id=\"article-river-stacked-ads:native-cards\" data-mrf-recirculation=\"article-river-ads\" data-nosnippet data-ad-slot-path=\"feed-sponsored-post\" data-attribute-device=\"all\">\n<div class=\"sponsored-post max-w-full [&amp;.sponsored-post--loaded+.sponsored-post--placeholder]:hidden [&amp;[data-bordeaux-hook-loaded]+.sponsored-post--placeholder]:hidden\"><\/div>\n<div class=\"max-w-full sponsored-post--placeholder animate-pulse\">\n<div class=\"relative!\">\n            <span class=\"font-ui-heading bg-(--ad-slot-badge-bg-color) absolute text-xs font-bold leading-[14px] tracking-normal text-left text-white px-2.5 py-[5px] left-0 top-0 empty:hidden\"><\/span><\/p>\n<div class=\"aspect-[var(--img-listing-aspect-ratio,16\/9)] relative bg-gray-200\"><\/div>\n<p>            <span class=\"text-base text-black font-bold mx-0 my-2.5 p-0 block bg-gray-100\">\u00a0<br \/>\u00a0<\/span>\n        <\/div>\n<\/p><\/div>\n<\/div>\n<div>\n<div class=\"aspect-[var(--img-listing-aspect-ratio,16\/9)] relative mb-3.5\">\n<p>    <img decoding=\"async\" src=\"https:\/\/cdn.mos.cms.futurecdn.net\/rwqMh6f4rhnwG9ddBP8y2a.jpg\" alt=\"2026 Tour de Pologne stage 3: Jonathan Milan takes the win\" loading=\"lazy\" class=\"rounded-[var(--image--border-radius,0)] object-cover w-full h-full\"><\/p><\/div>\n<p>                                                                                                <span class=\"custom-subheading-styles\">Racing<\/span><\/p>\n<p>                            <span class=\"text-base text-black font-bold mx-0 my-2.5 p-0 block custom-text-styles\">Tour de Pologne stage 3: Unstoppable Jonathan Milan claims hat-trick of bunch sprint victories<\/span><\/p><\/div>\n<div class=\"relative recirc-feed sponsored-card min-h-[250px]\" data-recirc-id=\"article-river-stacked-ads:native-cards\" data-mrf-recirculation=\"article-river-ads\" data-nosnippet data-ad-slot-path=\"feed-sponsored-post\" data-attribute-device=\"all\">\n<div class=\"sponsored-post max-w-full [&amp;.sponsored-post--loaded+.sponsored-post--placeholder]:hidden [&amp;[data-bordeaux-hook-loaded]+.sponsored-post--placeholder]:hidden\"><\/div>\n<div class=\"max-w-full sponsored-post--placeholder animate-pulse\">\n<div class=\"relative!\">\n            <span class=\"font-ui-heading bg-(--ad-slot-badge-bg-color) absolute text-xs font-bold leading-[14px] tracking-normal text-left text-white px-2.5 py-[5px] left-0 top-0 empty:hidden\"><\/span><\/p>\n<div class=\"aspect-[var(--img-listing-aspect-ratio,16\/9)] relative bg-gray-200\"><\/div>\n<p>            <span class=\"text-base text-black font-bold mx-0 my-2.5 p-0 block bg-gray-100\">\u00a0<br \/>\u00a0<\/span>\n        <\/div>\n<\/p><\/div>\n<\/div>\n<div>\n<div class=\"aspect-[var(--img-listing-aspect-ratio,16\/9)] relative mb-3.5\">\n<p>    <img decoding=\"async\" src=\"https:\/\/cdn.mos.cms.futurecdn.net\/GE3Y8nPDZNAqVfsFZ9y49e.jpg\" alt=\"LAON, FRANCE - MAY 20: Laurence Pithie of New Zealand and Team Red Bull - BORA - hansgrohe celebrates at finish line as stage winner during the 70th 4 Jours de Dunkerque 2026, Stage 1 a 177.3km stage from Lagny-le-Sec to Laon on May 20, 2026 in Laon, France. (Photo by Luc Claessen\/Getty Images)\" loading=\"lazy\" class=\"rounded-[var(--image--border-radius,0)] object-cover w-full h-full\"><\/p><\/div>\n<p>                                                                                                <span class=\"custom-subheading-styles\">Racing<\/span><\/p>\n<p>                            <span class=\"text-base text-black font-bold mx-0 my-2.5 p-0 block custom-text-styles\">Tour de Wallonie: Laurence Pithie sprints to stage 3 victory after massive crash devastates peloton in final 2km<\/span><\/p><\/div>\n<div class=\"relative recirc-feed sponsored-card min-h-[250px]\" data-recirc-id=\"article-river-stacked-ads:native-cards\" data-mrf-recirculation=\"article-river-ads\" data-nosnippet data-ad-slot-path=\"feed-sponsored-post\" data-attribute-device=\"all\">\n<div class=\"sponsored-post max-w-full [&amp;.sponsored-post--loaded+.sponsored-post--placeholder]:hidden [&amp;[data-bordeaux-hook-loaded]+.sponsored-post--placeholder]:hidden\"><\/div>\n<div class=\"max-w-full sponsored-post--placeholder animate-pulse\">\n<div class=\"relative!\">\n            <span class=\"font-ui-heading bg-(--ad-slot-badge-bg-color) absolute text-xs font-bold leading-[14px] tracking-normal text-left text-white px-2.5 py-[5px] left-0 top-0 empty:hidden\"><\/span><\/p>\n<div class=\"aspect-[var(--img-listing-aspect-ratio,16\/9)] relative bg-gray-200\"><\/div>\n<p>            <span class=\"text-base text-black font-bold mx-0 my-2.5 p-0 block bg-gray-100\">\u00a0<br \/>\u00a0<\/span>\n        <\/div>\n<\/p><\/div>\n<\/div><\/div>\n<\/p><\/div>\n<\/aside>\n<aside class=\"w-full\" data-nosnippet data-mrf-recirculation=\"article-river-stacked\">\n<div data-recirc-id=\"article-river-stacked-solr:latest-category\">\n<div class=\"text-white py-4 px-3 mb-4 bg-[#333] uppercase font-bold custom-header-styles\">Latest in Teams &amp; Riders<\/div>\n<div class=\"grid grid-cols-1 gap-4 mt-4 mb-5\">\n<div>\n<div class=\"aspect-[var(--img-listing-aspect-ratio,16\/9)] relative mb-3.5\">\n<p>    <img decoding=\"async\" src=\"https:\/\/cdn.mos.cms.futurecdn.net\/iSijFQzPeQBT8U9pXGDkXW.jpg\" alt=\"Lauren Dickson crosses the line to finish stage 3 of the Tour of Britain Women\" loading=\"lazy\" class=\"rounded-[var(--image--border-radius,0)] object-cover w-full h-full\"><\/p><\/div>\n<p>                                                                                                <span class=\"custom-subheading-styles\">Women&#8217;s Cycling<\/span><\/p>\n<p>                            <span class=\"text-base text-black font-bold mx-0 my-2.5 p-0 block custom-text-styles\">Lauren Dickson returns from collarbone break to aim at World Championships debut at Tour of Britain Women<\/span><\/p><\/div>\n<div class=\"relative recirc-feed sponsored-card min-h-[250px]\" data-recirc-id=\"article-river-stacked-ads:native-cards\" data-mrf-recirculation=\"article-river-ads\" data-nosnippet data-ad-slot-path=\"feed-sponsored-post\" data-attribute-device=\"all\">\n<div class=\"sponsored-post max-w-full [&amp;.sponsored-post--loaded+.sponsored-post--placeholder]:hidden [&amp;[data-bordeaux-hook-loaded]+.sponsored-post--placeholder]:hidden\"><\/div>\n<div class=\"max-w-full sponsored-post--placeholder animate-pulse\">\n<div class=\"relative!\">\n            <span class=\"font-ui-heading bg-(--ad-slot-badge-bg-color) absolute text-xs font-bold leading-[14px] tracking-normal text-left text-white px-2.5 py-[5px] left-0 top-0 empty:hidden\"><\/span><\/p>\n<div class=\"aspect-[var(--img-listing-aspect-ratio,16\/9)] relative bg-gray-200\"><\/div>\n<p>            <span class=\"text-base text-black font-bold mx-0 my-2.5 p-0 block bg-gray-100\">\u00a0<br \/>\u00a0<\/span>\n        <\/div>\n<\/p><\/div>\n<\/div>\n<div>\n<div class=\"aspect-[var(--img-listing-aspect-ratio,16\/9)] relative mb-3.5\">\n<p>    <img decoding=\"async\" src=\"https:\/\/cdn.mos.cms.futurecdn.net\/NUkQUt9iBzjr2d4jmAyFQf.jpg\" alt=\"Liane Lippert (Movistar) during stage 3 of the 2026 Tour of Britain Women on The Great Orme, Wales. (Photo by Matt McNulty\/Getty Images)\" loading=\"lazy\" class=\"rounded-[var(--image--border-radius,0)] object-cover w-full h-full\"><\/p><\/div>\n<p>                                                                                                <span class=\"custom-subheading-styles\">Women&#8217;s Cycling<\/span><\/p>\n<p>                            <span class=\"text-base text-black font-bold mx-0 my-2.5 p-0 block custom-text-styles\">&#8216;A shame I wasn&#8217;t on Kim&#8217;s wheel in the final corner&#8217; \u2013 Liane Lippert second behind unstoppable Le Court-Pienaar on Tour of Britain Women queen stage<\/span><\/p><\/div>\n<div class=\"relative recirc-feed sponsored-card min-h-[250px]\" data-recirc-id=\"article-river-stacked-ads:native-cards\" data-mrf-recirculation=\"article-river-ads\" data-nosnippet data-ad-slot-path=\"feed-sponsored-post\" data-attribute-device=\"all\">\n<div class=\"sponsored-post max-w-full [&amp;.sponsored-post--loaded+.sponsored-post--placeholder]:hidden [&amp;[data-bordeaux-hook-loaded]+.sponsored-post--placeholder]:hidden\"><\/div>\n<div class=\"max-w-full sponsored-post--placeholder animate-pulse\">\n<div class=\"relative!\">\n            <span class=\"font-ui-heading bg-(--ad-slot-badge-bg-color) absolute text-xs font-bold leading-[14px] tracking-normal text-left text-white px-2.5 py-[5px] left-0 top-0 empty:hidden\"><\/span><\/p>\n<div class=\"aspect-[var(--img-listing-aspect-ratio,16\/9)] relative bg-gray-200\"><\/div>\n<p>            <span class=\"text-base text-black font-bold mx-0 my-2.5 p-0 block bg-gray-100\">\u00a0<br \/>\u00a0<\/span>\n        <\/div>\n<\/p><\/div>\n<\/div>\n<div>\n<div class=\"aspect-[var(--img-listing-aspect-ratio,16\/9)] relative mb-3.5\">\n<p>    <img decoding=\"async\" src=\"https:\/\/cdn.mos.cms.futurecdn.net\/m3Jt9LNmhTEMRgsrgWE9vG.jpg\" alt=\"MONACO, MONACO - AUGUST 20: (L-R) Joao Almeida of Portugal and Tadej Pogacar of Slovenia and UAE Team Emirates - XRG meets the media press during the La Vuelta - 81st Tour of Spain 2026, Press conference \/ #UCIWT \/ on August 20, 2026 in Monaco, Monaco. (Photo by Tim de Waele\/Getty Images)\" loading=\"lazy\" class=\"rounded-[var(--image--border-radius,0)] object-cover w-full h-full\"><\/p><\/div>\n<p>                                                                                                <span class=\"custom-subheading-styles\">Teams &amp; Riders<\/span><\/p>\n<p>                            <span class=\"text-base text-black font-bold mx-0 my-2.5 p-0 block custom-text-styles\">&#8216;It only depends on my legs&#8217; \u2013 Jo\u00e3o Almeida eyes possible &#8216;Plan B&#8217; GC bid alongside teammate Tadej Poga\u010dar at Vuelta a Espa\u00f1a<\/span><\/p><\/div>\n<div class=\"relative recirc-feed sponsored-card min-h-[250px]\" data-recirc-id=\"article-river-stacked-ads:native-cards\" data-mrf-recirculation=\"article-river-ads\" data-nosnippet data-ad-slot-path=\"feed-sponsored-post\" data-attribute-device=\"all\">\n<div class=\"sponsored-post max-w-full [&amp;.sponsored-post--loaded+.sponsored-post--placeholder]:hidden [&amp;[data-bordeaux-hook-loaded]+.sponsored-post--placeholder]:hidden\"><\/div>\n<div class=\"max-w-full sponsored-post--placeholder animate-pulse\">\n<div class=\"relative!\">\n            <span class=\"font-ui-heading bg-(--ad-slot-badge-bg-color) absolute text-xs font-bold leading-[14px] tracking-normal text-left text-white px-2.5 py-[5px] left-0 top-0 empty:hidden\"><\/span><\/p>\n<div class=\"aspect-[var(--img-listing-aspect-ratio,16\/9)] relative bg-gray-200\"><\/div>\n<p>            <span class=\"text-base text-black font-bold mx-0 my-2.5 p-0 block bg-gray-100\">\u00a0<br \/>\u00a0<\/span>\n        <\/div>\n<\/p><\/div>\n<\/div>\n<div>\n<div class=\"aspect-[var(--img-listing-aspect-ratio,16\/9)] relative mb-3.5\">\n<p>    <img decoding=\"async\" src=\"https:\/\/cdn.mos.cms.futurecdn.net\/preyXU8URFip5kJRmtcp5W.jpg\" alt=\"Tudor Pro Cycling Team&amp;#039;s French rider Julian Alaphilippe interacts with the crowd as he cycles up Rue Lepic on the ascent of the Butte de Montmartre during the 21st stage of the 113th edition of the Tour de France cycling race, 88,7 km starting and finishing in Paris, on July 26, 2026. (Photo by GEOFFROY VAN DER HASSELT \/ AFP)\" loading=\"lazy\" class=\"rounded-[var(--image--border-radius,0)] object-cover w-full h-full\"><\/p><\/div>\n<p>                                                                                                <span class=\"custom-subheading-styles\">Teams &amp; Riders<\/span><\/p>\n<p>                            <span class=\"text-base text-black font-bold mx-0 my-2.5 p-0 block custom-text-styles\">Julian Alaphilippe has reportedly called an early end to his professional racing career<\/span><\/p><\/div>\n<div class=\"relative recirc-feed sponsored-card min-h-[250px]\" data-recirc-id=\"article-river-stacked-ads:native-cards\" data-mrf-recirculation=\"article-river-ads\" data-nosnippet data-ad-slot-path=\"feed-sponsored-post\" data-attribute-device=\"all\">\n<div class=\"sponsored-post max-w-full [&amp;.sponsored-post--loaded+.sponsored-post--placeholder]:hidden [&amp;[data-bordeaux-hook-loaded]+.sponsored-post--placeholder]:hidden\"><\/div>\n<div class=\"max-w-full sponsored-post--placeholder animate-pulse\">\n<div class=\"relative!\">\n            <span class=\"font-ui-heading bg-(--ad-slot-badge-bg-color) absolute text-xs font-bold leading-[14px] tracking-normal text-left text-white px-2.5 py-[5px] left-0 top-0 empty:hidden\"><\/span><\/p>\n<div class=\"aspect-[var(--img-listing-aspect-ratio,16\/9)] relative bg-gray-200\"><\/div>\n<p>            <span class=\"text-base text-black font-bold mx-0 my-2.5 p-0 block bg-gray-100\">\u00a0<br \/>\u00a0<\/span>\n        <\/div>\n<\/p><\/div>\n<\/div>\n<div>\n<div class=\"aspect-[var(--img-listing-aspect-ratio,16\/9)] relative mb-3.5\">\n<p>    <img decoding=\"async\" src=\"https:\/\/cdn.mos.cms.futurecdn.net\/qrT26Xteho8U5gshkKC8f9.jpg\" alt=\"Mikel Landa (Soudal Quick-Step) during the 2026 Vuelta a Burgos 2026, in Lagunas de Neila, Spain. (Photo by Antonio Baixauli\/Getty Images)\" loading=\"lazy\" class=\"rounded-[var(--image--border-radius,0)] object-cover w-full h-full\"><\/p><\/div>\n<p>                                                                                                <span class=\"custom-subheading-styles\">Teams &amp; Riders<\/span><\/p>\n<p>                            <span class=\"text-base text-black font-bold mx-0 my-2.5 p-0 block custom-text-styles\">&#8216;I haven&#8217;t even enjoyed any training this year, it&#8217;s been that bad&#8217; &#8211; Mikel Landa in survival mode at the Vuelta a Espa\u00f1a.<\/span><\/p><\/div>\n<div class=\"relative recirc-feed sponsored-card min-h-[250px]\" data-recirc-id=\"article-river-stacked-ads:native-cards\" data-mrf-recirculation=\"article-river-ads\" data-nosnippet data-ad-slot-path=\"feed-sponsored-post\" data-attribute-device=\"all\">\n<div class=\"sponsored-post max-w-full [&amp;.sponsored-post--loaded+.sponsored-post--placeholder]:hidden [&amp;[data-bordeaux-hook-loaded]+.sponsored-post--placeholder]:hidden\"><\/div>\n<div class=\"max-w-full sponsored-post--placeholder animate-pulse\">\n<div class=\"relative!\">\n            <span class=\"font-ui-heading bg-(--ad-slot-badge-bg-color) absolute text-xs font-bold leading-[14px] tracking-normal text-left text-white px-2.5 py-[5px] left-0 top-0 empty:hidden\"><\/span><\/p>\n<div class=\"aspect-[var(--img-listing-aspect-ratio,16\/9)] relative bg-gray-200\"><\/div>\n<p>            <span class=\"text-base text-black font-bold mx-0 my-2.5 p-0 block bg-gray-100\">\u00a0<br \/>\u00a0<\/span>\n        <\/div>\n<\/p><\/div>\n<\/div>\n<div>\n<div class=\"aspect-[var(--img-listing-aspect-ratio,16\/9)] relative mb-3.5\">\n<p>    <img decoding=\"async\" src=\"https:\/\/cdn.mos.cms.futurecdn.net\/r4EDHRKrKu3tRtpXMKgLsP.jpg\" alt=\"Tadej Pogacar of Slovenia and UAE Team Emirates - XRG during the La Vuelta\" loading=\"lazy\" class=\"rounded-[var(--image--border-radius,0)] object-cover w-full h-full\"><\/p><\/div>\n<p>                                                                                                <span class=\"custom-subheading-styles\">Teams &amp; Riders<\/span><\/p>\n<p>                            <span class=\"text-base text-black font-bold mx-0 my-2.5 p-0 block custom-text-styles\">&#8216;I need to race smart&#8217; &#8211; Tadej Poga\u010dar looking to complete the Grand Slam of Grand Tours in the Vuelta a Espa\u00f1a, while still looking ahead<\/span><\/p><\/div>\n<div class=\"relative recirc-feed sponsored-card min-h-[250px]\" data-recirc-id=\"article-river-stacked-ads:native-cards\" data-mrf-recirculation=\"article-river-ads\" data-nosnippet data-ad-slot-path=\"feed-sponsored-post\" data-attribute-device=\"all\">\n<div class=\"sponsored-post max-w-full [&amp;.sponsored-post--loaded+.sponsored-post--placeholder]:hidden [&amp;[data-bordeaux-hook-loaded]+.sponsored-post--placeholder]:hidden\"><\/div>\n<div class=\"max-w-full sponsored-post--placeholder animate-pulse\">\n<div class=\"relative!\">\n            <span class=\"font-ui-heading bg-(--ad-slot-badge-bg-color) absolute text-xs font-bold leading-[14px] tracking-normal text-left text-white px-2.5 py-[5px] left-0 top-0 empty:hidden\"><\/span><\/p>\n<div class=\"aspect-[var(--img-listing-aspect-ratio,16\/9)] relative bg-gray-200\"><\/div>\n<p>            <span class=\"text-base text-black font-bold mx-0 my-2.5 p-0 block bg-gray-100\">\u00a0<br \/>\u00a0<\/span>\n        <\/div>\n<\/p><\/div>\n<\/div><\/div>\n<\/p><\/div>\n<\/aside>\n<aside class=\"w-full\" data-nosnippet data-mrf-recirculation=\"article-river-stacked\">\n<div data-recirc-id=\"article-river-stacked-solr:latest-articletype\">\n<div class=\"text-white py-4 px-3 mb-4 bg-[#333] uppercase font-bold custom-header-styles\">Latest in News<\/div>\n<div class=\"grid grid-cols-1 gap-4 mt-4 mb-5\">\n<div>\n<div class=\"aspect-[var(--img-listing-aspect-ratio,16\/9)] relative mb-3.5\">\n<p>    <img decoding=\"async\" src=\"https:\/\/cdn.mos.cms.futurecdn.net\/iSijFQzPeQBT8U9pXGDkXW.jpg\" alt=\"Lauren Dickson crosses the line to finish stage 3 of the Tour of Britain Women\" loading=\"lazy\" class=\"rounded-[var(--image--border-radius,0)] object-cover w-full h-full\"><\/p><\/div>\n<p>                                                                                                <span class=\"custom-subheading-styles\">Women&#8217;s Cycling<\/span><\/p>\n<p>                            <span class=\"text-base text-black font-bold mx-0 my-2.5 p-0 block custom-text-styles\">Lauren Dickson returns from collarbone break to aim at World Championships debut at Tour of Britain Women<\/span><\/p><\/div>\n<div class=\"relative recirc-feed sponsored-card min-h-[250px]\" data-recirc-id=\"article-river-stacked-ads:native-cards\" data-mrf-recirculation=\"article-river-ads\" data-nosnippet data-ad-slot-path=\"feed-sponsored-post\" data-attribute-device=\"all\">\n<div class=\"sponsored-post max-w-full [&amp;.sponsored-post--loaded+.sponsored-post--placeholder]:hidden [&amp;[data-bordeaux-hook-loaded]+.sponsored-post--placeholder]:hidden\"><\/div>\n<div class=\"max-w-full sponsored-post--placeholder animate-pulse\">\n<div class=\"relative!\">\n            <span class=\"font-ui-heading bg-(--ad-slot-badge-bg-color) absolute text-xs font-bold leading-[14px] tracking-normal text-left text-white px-2.5 py-[5px] left-0 top-0 empty:hidden\"><\/span><\/p>\n<div class=\"aspect-[var(--img-listing-aspect-ratio,16\/9)] relative bg-gray-200\"><\/div>\n<p>            <span class=\"text-base text-black font-bold mx-0 my-2.5 p-0 block bg-gray-100\">\u00a0<br \/>\u00a0<\/span>\n        <\/div>\n<\/p><\/div>\n<\/div>\n<div>\n<div class=\"aspect-[var(--img-listing-aspect-ratio,16\/9)] relative mb-3.5\">\n<p>    <img decoding=\"async\" src=\"https:\/\/cdn.mos.cms.futurecdn.net\/NUkQUt9iBzjr2d4jmAyFQf.jpg\" alt=\"Liane Lippert (Movistar) during stage 3 of the 2026 Tour of Britain Women on The Great Orme, Wales. (Photo by Matt McNulty\/Getty Images)\" loading=\"lazy\" class=\"rounded-[var(--image--border-radius,0)] object-cover w-full h-full\"><\/p><\/div>\n<p>                                                                                                <span class=\"custom-subheading-styles\">Women&#8217;s Cycling<\/span><\/p>\n<p>                            <span class=\"text-base text-black font-bold mx-0 my-2.5 p-0 block custom-text-styles\">&#8216;A shame I wasn&#8217;t on Kim&#8217;s wheel in the final corner&#8217; \u2013 Liane Lippert second behind unstoppable Le Court-Pienaar on Tour of Britain Women queen stage<\/span><\/p><\/div>\n<div class=\"relative recirc-feed sponsored-card min-h-[250px]\" data-recirc-id=\"article-river-stacked-ads:native-cards\" data-mrf-recirculation=\"article-river-ads\" data-nosnippet data-ad-slot-path=\"feed-sponsored-post\" data-attribute-device=\"all\">\n<div class=\"sponsored-post max-w-full [&amp;.sponsored-post--loaded+.sponsored-post--placeholder]:hidden [&amp;[data-bordeaux-hook-loaded]+.sponsored-post--placeholder]:hidden\"><\/div>\n<div class=\"max-w-full sponsored-post--placeholder animate-pulse\">\n<div class=\"relative!\">\n            <span class=\"font-ui-heading bg-(--ad-slot-badge-bg-color) absolute text-xs font-bold leading-[14px] tracking-normal text-left text-white px-2.5 py-[5px] left-0 top-0 empty:hidden\"><\/span><\/p>\n<div class=\"aspect-[var(--img-listing-aspect-ratio,16\/9)] relative bg-gray-200\"><\/div>\n<p>            <span class=\"text-base text-black font-bold mx-0 my-2.5 p-0 block bg-gray-100\">\u00a0<br \/>\u00a0<\/span>\n        <\/div>\n<\/p><\/div>\n<\/div>\n<div>\n<div class=\"aspect-[var(--img-listing-aspect-ratio,16\/9)] relative mb-3.5\">\n<p>    <img decoding=\"async\" src=\"https:\/\/cdn.mos.cms.futurecdn.net\/fXAaRtRGWr7884wyUeD2nd.jpg\" alt=\"S&amp;#039;annara Grove of Smurfit Westrock Cycling Team crosses the finish line of stage 2 at Lloyds Tour of Britain Women 2026\" loading=\"lazy\" class=\"rounded-[var(--image--border-radius,0)] object-cover w-full h-full\"><\/p><\/div>\n<p>                                                                                                <span class=\"custom-subheading-styles\">Doping<\/span><\/p>\n<p>                            <span class=\"text-base text-black font-bold mx-0 my-2.5 p-0 block custom-text-styles\">South African racer leaves Tour of Britain Women after returning out-of-competition positive test for synthetic peptide<\/span><\/p><\/div>\n<div class=\"relative recirc-feed sponsored-card min-h-[250px]\" data-recirc-id=\"article-river-stacked-ads:native-cards\" data-mrf-recirculation=\"article-river-ads\" data-nosnippet data-ad-slot-path=\"feed-sponsored-post\" data-attribute-device=\"all\">\n<div class=\"sponsored-post max-w-full [&amp;.sponsored-post--loaded+.sponsored-post--placeholder]:hidden [&amp;[data-bordeaux-hook-loaded]+.sponsored-post--placeholder]:hidden\"><\/div>\n<div class=\"max-w-full sponsored-post--placeholder animate-pulse\">\n<div class=\"relative!\">\n            <span class=\"font-ui-heading bg-(--ad-slot-badge-bg-color) absolute text-xs font-bold leading-[14px] tracking-normal text-left text-white px-2.5 py-[5px] left-0 top-0 empty:hidden\"><\/span><\/p>\n<div class=\"aspect-[var(--img-listing-aspect-ratio,16\/9)] relative bg-gray-200\"><\/div>\n<p>            <span class=\"text-base text-black font-bold mx-0 my-2.5 p-0 block bg-gray-100\">\u00a0<br \/>\u00a0<\/span>\n        <\/div>\n<\/p><\/div>\n<\/div>\n<div>\n<div class=\"aspect-[var(--img-listing-aspect-ratio,16\/9)] relative mb-3.5\">\n<p>    <img decoding=\"async\" src=\"https:\/\/cdn.mos.cms.futurecdn.net\/XP2rqy7qez9mC6UdTwJgz.jpg\" alt=\"Mike Woods displays Silca&amp;#039;s new RG-3 gravel tyre in 32x2.4&amp;quot; size option\" loading=\"lazy\" class=\"rounded-[var(--image--border-radius,0)] object-cover w-full h-full\"><\/p><\/div>\n<p>                                                                                                <span class=\"custom-subheading-styles\">Wheels &amp; Tyres<\/span><\/p>\n<p>                            <span class=\"text-base text-black font-bold mx-0 my-2.5 p-0 block custom-text-styles\">New road and gravel tyres from Silca signal a change in strategy for the Italian company<\/span><\/p><\/div>\n<div class=\"relative recirc-feed sponsored-card min-h-[250px]\" data-recirc-id=\"article-river-stacked-ads:native-cards\" data-mrf-recirculation=\"article-river-ads\" data-nosnippet data-ad-slot-path=\"feed-sponsored-post\" data-attribute-device=\"all\">\n<div class=\"sponsored-post max-w-full [&amp;.sponsored-post--loaded+.sponsored-post--placeholder]:hidden [&amp;[data-bordeaux-hook-loaded]+.sponsored-post--placeholder]:hidden\"><\/div>\n<div class=\"max-w-full sponsored-post--placeholder animate-pulse\">\n<div class=\"relative!\">\n            <span class=\"font-ui-heading bg-(--ad-slot-badge-bg-color) absolute text-xs font-bold leading-[14px] tracking-normal text-left text-white px-2.5 py-[5px] left-0 top-0 empty:hidden\"><\/span><\/p>\n<div class=\"aspect-[var(--img-listing-aspect-ratio,16\/9)] relative bg-gray-200\"><\/div>\n<p>            <span class=\"text-base text-black font-bold mx-0 my-2.5 p-0 block bg-gray-100\">\u00a0<br \/>\u00a0<\/span>\n        <\/div>\n<\/p><\/div>\n<\/div>\n<div>\n<div class=\"aspect-[var(--img-listing-aspect-ratio,16\/9)] relative mb-3.5\">\n<p>    <img decoding=\"async\" src=\"https:\/\/cdn.mos.cms.futurecdn.net\/o9dfoYGxAgxmJ5j8ffMbSP.jpg\" alt=\"Jay Vine of UAE Team Emirates-XRG rode the stage 18 time trial in the Polka Dot Mountain Jersey at the 2025 Vuelta a Espa\u00f1a, finishing second\" loading=\"lazy\" class=\"rounded-[var(--image--border-radius,0)] object-cover w-full h-full\"><\/p><\/div>\n<p>                                                                                                <span class=\"custom-subheading-styles\">Racing<\/span><\/p>\n<p>                            <span class=\"text-base text-black font-bold mx-0 my-2.5 p-0 block custom-text-styles\">Vuelta a Espa\u00f1a stage 1 time trial start times \u2013 When Jay Vine, Wout van Aert, Tadej Poga\u010dar and others take turns on twisting 9.6km route in Monaco<\/span><\/p><\/div>\n<div class=\"relative recirc-feed sponsored-card min-h-[250px]\" data-recirc-id=\"article-river-stacked-ads:native-cards\" data-mrf-recirculation=\"article-river-ads\" data-nosnippet data-ad-slot-path=\"feed-sponsored-post\" data-attribute-device=\"all\">\n<div class=\"sponsored-post max-w-full [&amp;.sponsored-post--loaded+.sponsored-post--placeholder]:hidden [&amp;[data-bordeaux-hook-loaded]+.sponsored-post--placeholder]:hidden\"><\/div>\n<div class=\"max-w-full sponsored-post--placeholder animate-pulse\">\n<div class=\"relative!\">\n            <span class=\"font-ui-heading bg-(--ad-slot-badge-bg-color) absolute text-xs font-bold leading-[14px] tracking-normal text-left text-white px-2.5 py-[5px] left-0 top-0 empty:hidden\"><\/span><\/p>\n<div class=\"aspect-[var(--img-listing-aspect-ratio,16\/9)] relative bg-gray-200\"><\/div>\n<p>            <span class=\"text-base text-black font-bold mx-0 my-2.5 p-0 block bg-gray-100\">\u00a0<br \/>\u00a0<\/span>\n        <\/div>\n<\/p><\/div>\n<\/div>\n<div>\n<div class=\"aspect-[var(--img-listing-aspect-ratio,16\/9)] relative mb-3.5\">\n<p>    <img decoding=\"async\" src=\"https:\/\/cdn.mos.cms.futurecdn.net\/onxjykbjbXTp2YUWDDjnF3.jpg\" alt=\"BLACKPOOL, ENGLAND - AUGUST 20: Lotte Kopecky of Belgium and Team SD Worx - Protime crosses the finish line during the 11th Lloyds Tour of Britain Women 2026, Stage 2 a 110.5km stage from Clitheroe to Blackpool \/ #UCIWWT \/ on August 20, 2026 in Blackpool, England. (Photo by Matt McNulty\/Getty Images)\" loading=\"lazy\" class=\"rounded-[var(--image--border-radius,0)] object-cover w-full h-full\"><\/p><\/div>\n<p>                                                                                                <span class=\"custom-subheading-styles\">Women&#8217;s Cycling<\/span><\/p>\n<p>                            <span class=\"text-base text-black font-bold mx-0 my-2.5 p-0 block custom-text-styles\">Lotte Kopecky pulls out of Tour of Britain Women<\/span><\/p><\/div>\n<div class=\"relative recirc-feed sponsored-card min-h-[250px]\" data-recirc-id=\"article-river-stacked-ads:native-cards\" data-mrf-recirculation=\"article-river-ads\" data-nosnippet data-ad-slot-path=\"feed-sponsored-post\" data-attribute-device=\"all\">\n<div class=\"sponsored-post max-w-full [&amp;.sponsored-post--loaded+.sponsored-post--placeholder]:hidden [&amp;[data-bordeaux-hook-loaded]+.sponsored-post--placeholder]:hidden\"><\/div>\n<div class=\"max-w-full sponsored-post--placeholder animate-pulse\">\n<div class=\"relative!\">\n            <span class=\"font-ui-heading bg-(--ad-slot-badge-bg-color) absolute text-xs font-bold leading-[14px] tracking-normal text-left text-white px-2.5 py-[5px] left-0 top-0 empty:hidden\"><\/span><\/p>\n<div class=\"aspect-[var(--img-listing-aspect-ratio,16\/9)] relative bg-gray-200\"><\/div>\n<p>            <span class=\"text-base text-black font-bold mx-0 my-2.5 p-0 block bg-gray-100\">\u00a0<br \/>\u00a0<\/span>\n        <\/div>\n<\/p><\/div>\n<\/div><\/div>\n<\/p><\/div>\n<\/aside>\n<\/section>\n<div class=\"related-articles-block\">\n<\/div>\n<\/div>\n<\/div>\n<div data-widget-type=\"ads\" id=\"ads-middle-1\" class=\"clear-both widget widget-ads widget-ads-middle-1 widget-ads-ads-middle-1 widget-no-data widget-ads-flexi_ads_middle1\">\n<div id=\"bdx_flexi_ads_middle1\" data-type=\"ads\" data-ads-type=\"bordeaux\" class=\"flexi_ads_middle1\"><\/div>\n<\/div>\n<\/div>\n<div id=\"widgetArea17\" class=\"widget-area md:basis-1\/3 widget-area-g-md-vp-1-3 widget-area-g-lg-vp-1-3 widget-area-g-xl-vp-1-3 page-widget-area-17\">\n<div data-widget-type=\"empty\" id=\"sidebar\" class=\"clear-both widget widget-empty widget-sidebar widget-empty-sidebar widget-no-data widget-empty\">\n<\/div>\n<div data-widget-type=\"empty\" id=\"sidebar-top\" class=\"clear-both widget widget-empty widget-sidebar-top widget-empty-sidebar-top ad-unit widget-no-data widget-empty\">\n<\/div>\n<div data-widget-type=\"contentparsed\" id=\"follow-us-on-google-news\" class=\"clear-both widget widget-contentparsed widget-follow-us-on-google-news widget-contentparsed-follow-us-on-google-news widget-content-parsed widget-content-parsed-curated \">\n<div class=\"wcp-item-content\">\n<\/div>\n<\/div>\n<div data-widget-type=\"empty\" id=\"sidebar-popular-top\" class=\"clear-both widget widget-empty widget-sidebar-popular-top widget-empty-sidebar-popular-top ad-unit widget-no-data widget-empty\">\n<\/div>\n<div data-widget-type=\"dynamic\" id=\"popular-data\" class=\"clear-both widget widget-dynamic widget-popular-data widget-dynamic-popular-data widget-dynamic-fter-popular-box\">\n<div class=\"clear-both widget-header\">\n<\/div>\n<div class=\"wdn-fte-pb pos-relative space-t20\n\"><\/p>\n<div class=\"slice-container popular-box-slice\">\n<section class=\"popular-box\" data-component-name=\"Slice:PopularBox\">\n<div class=\"popular-box__label\">\n<div class=\"popular-box__label__tab popular-box__label__tab--active\" role=\"heading\">\nLATEST ARTICLES\n<\/div>\n<\/div>\n<ol class=\"popular-box__articles-list popular-box__articles-list--active\">\n<li class=\"popular-box__article-list\">\n<div class=\"popular-box__article-list__container\">\n<div class=\"popular-box__article-list__image-wrapper\">\n<div>\n<p><img decoding=\"async\" src=\"https:\/\/cdn.mos.cms.futurecdn.net\/iSijFQzPeQBT8U9pXGDkXW.jpg\" alt=\"Lauren Dickson crosses the line to finish stage 3 of the Tour of Britain Women\" loading=\"lazy\" class=\"rounded-[var(--image--border-radius,0)] popular-box__article-list__image image__image\"><\/p>\n<\/div>\n<\/div>\n<div class=\"popular-box__article-list__content\">\n<div class=\"popular-box__article-list__number-text\">1<\/div>\n<div class=\"popular-box__article-list__heading\">\n<p>Lauren Dickson returns from collarbone break and takes Queen of the Mountain lead on debut with FDJ United-SUEZ at Tour of Britain Women<\/p>\n<\/div>\n<\/div>\n<\/div>\n<\/li>\n<li class=\"popular-box__article-list\">\n<div class=\"popular-box__article-list__container\">\n<div class=\"popular-box__article-list__content\">\n<div class=\"popular-box__article-list__number-text\">2<\/div>\n<div class=\"popular-box__article-list__heading\">\n<p>South African racer leaves Tour of Britain Women after returning out-of-competition positive test for synthetic peptide<\/p>\n<\/div>\n<\/div>\n<\/div>\n<\/li>\n<li class=\"popular-box__article-list\">\n<div class=\"popular-box__article-list__container\">\n<div class=\"popular-box__article-list__content\">\n<div class=\"popular-box__article-list__number-text\">3<\/div>\n<div class=\"popular-box__article-list__heading\">\n<p>&#8216;A shame I wasn&#8217;t on Kim&#8217;s wheel in the final corner&#8217; \u2013 Liane Lippert second behind unstoppable Le Court-Pienaar on Tour of Britain Women queen stage<\/p>\n<\/div>\n<\/div>\n<\/div>\n<\/li>\n<li class=\"popular-box__article-list\">\n<div class=\"popular-box__article-list__container\">\n<div class=\"popular-box__article-list__content\">\n<div class=\"popular-box__article-list__number-text\">4<\/div>\n<div class=\"popular-box__article-list__heading\">\n<p>New road and gravel tyres from Silca signal a change in strategy for the Italian company<\/p>\n<\/div>\n<\/div>\n<\/div>\n<\/li>\n<li class=\"popular-box__article-list\">\n<div class=\"popular-box__article-list__container\">\n<div class=\"popular-box__article-list__content\">\n<div class=\"popular-box__article-list__number-text\">5<\/div>\n<div class=\"popular-box__article-list__heading\">\n<p>Deutschland Tour: Alessio Magagnotti lands stunning sprint win ahead of Paul Magnier on stage 2<\/p>\n<\/div>\n<\/div>\n<\/div>\n<\/li>\n<\/ol>\n<\/section>\n<\/div>\n<\/div>\n<\/div>\n<div data-widget-type=\"empty\" id=\"sidebar-popular-bottom\" class=\"clear-both widget widget-empty widget-sidebar-popular-bottom widget-empty-sidebar-popular-bottom ad-unit widget-no-data widget-empty\">\n<\/div>\n<\/div>\n<\/div>\n<\/article>\n<article class=\"page-content-onecol flex-1\nnews-article article\n\"><\/p>\n<div class=\"widget-area-group widget-area-group-2col flex flex-wrap box-border\">\n<div id=\"widgetArea16\" class=\"widget-area basis-full md:basis-2\/3 widget-area-g-md-vp-2-3 widget-area-g-lg-vp-2-3 widget-area-g-xl-vp-2-3 page-widget-area-16\">\n<div data-widget-type=\"hero\" id=\"hero\" class=\"clear-both widget widget-hero widget-hero widget-hero-hero widget-hero widget-hero-fter-news\">\n<div class=\"clear-both widget-header\">\n<\/div>\n<div class=\"news-article\">\n<header data-component-name=\"Article:Hero\">\n<div id=\"kiosq-metered-message\" class=\"kiosq-metered-message-content\"><\/div>\n<nav class=\"breadcrumb\" aria-label=\"Breadcrumbs\">\n<ol>\n<li>\nPro Cycling\n<\/li>\n<li>\nTeams &amp; Riders\n<\/li>\n<li>\nLidl-Trek\n<\/li>\n<li>\nJonathan Milan\n<\/li>\n<\/ol>\n<\/nav>\n<h1>Jonathan Milan ordered to pull over as race leader is lapped by peloton following huge crash at Renewi Tour<\/h1>\n<div class=\"byline-social\">\n<div class=\"vds-byline-block flex flex-row flex-nowrap my-1.5 gap-2 text-left items-start justify-start\" data-component-name=\"Article:BylineBlock\">\n<p>News<\/p>\n<div class=\"my-auto vds-simple-byline\">\n<span class=\"inline-block vds-author\"><br \/>\nBy<br \/>\nPatrick Fletcher <\/span><br \/>\n<span class=\"inline-block h-3 my-auto border-l border-solid vds-simple-byline__divider max-sm:hidden\"><\/span><\/p>\n<div class=\"flex gap-1 vds-byline-with-avatar__meta\">\n<span class=\"vds-date block font-normal tracking-normal normal-case text-xs\"><br \/>\nPublished<br \/>\n<time data-component-name=\"UI:DateTime\" datetime=\"2026-08-20T16:53:25Z\" class=\"relative-date\"><br \/>\n20 August 2026<br \/>\n<\/time><br \/>\n<\/span>\n<\/div>\n<\/div>\n<\/div>\n<p class=\"strapline\">Stage 1 winner battles bravely on many minutes behind the bunch after heavy fall<\/p>\n<\/div>\n<aside class=\"text-gray-700 flex items-center mx-0 my-5 p-0 justify-start text-left\" id=\"affiliate-disclaimer\" data-component-name=\"AffiliateDisclaimer\" data-hawk-message=\"Affiliate disclaimer removed because hawk deemed there are no affiliate links on this page\">\n<p class=\"text-[color:var(--affiliate-disclaimer--text-color,inherit)] mb-2 text-[length:var(--affiliate-disclaimer--font-size,0.75rem)] leading-[18px] md:text-[13px] [&amp;&gt;a]:text-inherit [&amp;&gt;a]:underline\">\nWhen you purchase through links on our site, we may earn an affiliate commission. Here\u2019s how it works.\n<\/p>\n<\/aside>\n<\/header>\n<\/div>\n<\/div>\n<div data-widget-type=\"contentparsed\" id=\"content\" class=\"clear-both widget widget-contentparsed widget-content widget-contentparsed-content widget-content-parsed widget-content-parsed-content_document \">\n<div class=\"wcp-item-content\">\n<section class=\"content-wrapper\">\n<div class=\"box less-space hero-image-wrapper\">\n<figure class=\"mb-0\">\n<p><img decoding=\"async\" src=\"https:\/\/cdn.mos.cms.futurecdn.net\/nTZNZUUHHn5swtJ88RvBgD.jpg\" alt=\"Jonathan Milan of Italy and Team Lidl - Trek - Blue Leader Jersey injured after crash during the 21st Renewi Tour 2026\" class=\"rounded-[var(--image--border-radius,0)] block-image-ads hero-image absolute top-0 left-0 w-full h-full object-center\" data-component-name=\"Image\"><figcaption class=\"font-article-copy text-(--image--text--color) font-article-copy mt-2\"> <span class=\"credit font-article-copy\">(Image credit: Getty Images)<\/span><br \/>\n<\/figcaption><\/figure>\n<\/div>\n<div id=\"article-body\" class=\"text-copy bodyCopy auto paywall-locker\">\n<div data-analytics-id=\"utility-bar\" id=\"utility-bar\" class=\"font-ui-heading flex justify-between items-center py-2 border-t border-b border-gray-300 border-solid mb-5 mx-auto\" data-component-name=\"UtilityBar\" data-mrf-recirculation=\"utility-bar\">\n<div class=\"flex gap-2 text-[#333] subcontainer\">\n<div class=\"relative tooltip-container\" role=\"tooltip\">\n<div data-component-name=\"Social:Dropdown\" role=\"menu\" id=\"utilitybar__dropdown--share\" aria-labelledby=\"utilitybar__button--share\" class=\"absolute left-0 top-full w-44 bg-white rounded-md shadow-md border border-neutral-200 z-[9996] list-none m-0 py-2 px-3 border-solid\">\n<ul class=\"m-0!\">\n<li class=\"!p-0 !m-0 list-none border-b border-gray-200 border-solid\">\n<\/li>\n<li class=\"!p-0 !m-0 list-none border-b border-gray-200 border-solid\">\n<p>Facebook<\/p>\n<\/li>\n<li class=\"!p-0 !m-0 list-none border-b border-gray-200 border-solid\">\n<p>X<\/p>\n<\/li>\n<li class=\"!p-0 !m-0 list-none border-b border-gray-200 border-solid\">\n<p>Pinterest<\/p>\n<\/li>\n<li class=\"!p-0 !m-0 list-none border-b border-gray-200 border-solid\">\n<p>Email<\/p>\n<\/li>\n<\/ul>\n<\/div>\n<div class=\"font-ui-heading max-sm:hidden tooltip absolute left-1\/2 bg-gray-900 text-white text-xs leading-none px-3 py-1.5 rounded-md z-[10001] whitespace-nowrap\" id=\"tooltip-share-this-article\" role=\"tooltip\" aria-hidden=\"true\">\nShare this article\n<\/div>\n<\/div>\n<div class=\"relative tooltip-container\" role=\"tooltip\">\n<p>    <span class=\"ml-1 inline-flex h-5 px-2 shrink-0 items-center justify-center self-center overflow-hidden whitespace-nowrap rounded-[10px] bg-primary-500 text-[11px] leading-none font-ui-heading font-semibold text-white\">1<\/span><\/p>\n<div class=\"font-ui-heading max-sm:hidden tooltip absolute left-1\/2 bg-gray-900 text-white text-xs leading-none px-3 py-1.5 rounded-md z-[10001] whitespace-nowrap\" id=\"tooltip-join-the-conversation\" role=\"tooltip\" aria-hidden=\"true\">\nJoin the conversation\n<\/div>\n<\/div>\n<\/div>\n<div class=\"flex gap-2 text-[#333] subcontainer\">\n<div class=\"relative tooltip-container\" role=\"tooltip\">\n<p>Follow us<\/p>\n<div class=\"font-ui-heading max-sm:hidden tooltip absolute left-1\/2 bg-gray-900 text-white text-xs leading-none px-3 py-1.5 rounded-md z-[10001] whitespace-nowrap\" id=\"tooltip-add-us-as-a-preferred-source-on-google\" role=\"tooltip\" aria-hidden=\"true\">\nAdd us as a preferred source on Google\n<\/div>\n<\/div>\n<div class=\"relative tooltip-container\" role=\"tooltip\">\n<div class=\"font-ui-heading max-sm:hidden tooltip absolute left-1\/2 bg-gray-900 text-white text-xs leading-none px-3 py-1.5 rounded-md z-[10001] whitespace-nowrap\" id=\"tooltip-subscribe-to-our-newsletter\" role=\"tooltip\" aria-hidden=\"true\">\nSubscribe to our newsletter\n<\/div>\n<\/div>\n<\/div>\n<\/div>\n<p id=\"elk-f69edcf0-9cb2-11f1-8386-275cae83ec79\">Race leader Jonathan Milan (Lidl-Trek) rolled home on stage 2 of the Renewi Tour after a crash and a 65km struggle that saw him trail by several minutes and even have to stand aside in the finale as he was lapped by the peloton.<\/p>\n<div id=\"ad-unit-1\" class=\"ad-unit\"><\/div>\n<p>The Italian, swapping his national champion&#8217;s jersey for the light blue race leader&#8217;s jersey following his victory on the opening day, hit the deck heavily in a huge crash on the finishing circuit in Ardooie.<\/p>\n<p><a id=\"elk-seasonal\"><\/a><\/p>\n<aside data-article-category=\"pro-cycling\" data-block-type=\"embed\" data-render-type=\"fte\" data-skip=\"dealsy\" data-widget-type=\"seasonal\" class=\"ecom-root\"><\/aside>\n<p id=\"elk-f69edcf0-9cb2-11f1-8386-275cae83ec79-2\" aria-hidden=\"true\" class=\"kiosq-b\">The race had been splitting in the crosswinds and tensions were high when an Alpecin-Premier Tech rider overlapped a wheel and jutted to the left, sparking a chain reaction that sent riders bouncing off each other and many to the ground. It was a sprawling crash that involved a good central chunk of the peloton.<\/p>\n<div class=\"my-6 w-full overflow-hidden rounded-[10px] lg:my-8\" data-component-name=\"JwPlayer:Carousel\" data-jwp-carousel data-jwp-carousel-payload=\"{&quot;ids&quot;:{&quot;playerID&quot;:&quot;jYDCcabO&quot;,&quot;searchPlaylistID&quot;:&quot;gwjdoYHD&quot;,&quot;divID&quot;:&quot;botr_gwjdoYHD_jYDCcabO_div&quot;,&quot;fallbackPlaylistID&quot;:&quot;gwjdoYHD&quot;,&quot;fallbackDivID&quot;:&quot;botr_gwjdoYHD_jYDCcabO_div&quot;,&quot;key&quot;:&quot;X9\/mXVGac0NphghLH9hZaqWA5d3dhAM\/Ih07grnEyMLjuO2E&quot;,&quot;tintLogo&quot;:true,&quot;useSearchPlaylist&quot;:false,&quot;enabled&quot;:true},&quot;signPostingEnabled&quot;:true,&quot;signPostingLinkEnabled&quot;:true,&quot;waitForAdLoad&quot;:false,&quot;hidePlayerOnDesktop&quot;:false,&quot;hidePlayerOnMobile&quot;:false,&quot;hidePlayerOnTablet&quot;:false}\">\n<div class=\"flex flex-nowrap items-center justify-between gap-3 bg-zinc-900 px-[14px] py-3\" data-jwp-carousel-header>\n<div class=\"flex min-w-0 shrink items-center\"><span class=\"inline-flex items-center gap-1.5 text-sm font-article-heading capitalize leading-5 text-white whitespace-nowrap\"><span class=\"jwp-carousel-title-mobile\"><\/span><span class=\"jwp-carousel-title-desktop\">Latest Videos From<\/span><span class=\"jwp-carousel-brand\">Cyclingnews<\/span><\/span><\/div>\n<\/div>\n<div class=\"aspect-video w-full min-h-[200px] lg:min-h-[330px] relative overflow-hidden bg-black\" data-jwp-carousel-container>\n<div class=\"absolute inset-0 size-full\" data-jwp-carousel-player-host><\/div>\n<div class=\"absolute inset-0 size-full items-center justify-center bg-white\" data-jwp-carousel-fallback><\/div>\n<\/div>\n<div class=\"min-h-[44px] bg-zinc-900 px-[14px] py-3\" data-jwp-carousel-signposting><a class=\"invisible block truncate text-sm font-bold leading-5 text-white underline decoration-solid underline-offset-2\" data-jwp-carousel-signposting-link href target=\"_blank\" rel=\"noopener noreferrer\"><span data-jwp-carousel-signposting-title>Watch full video here: <\/span><\/a><\/div>\n<\/div>\n<p aria-hidden=\"true\" class=\"kiosq-b\">Jayco-AlUla&#8217;s Amaury Capiot was seemingly the worst affected, his teammate Luke Durbridge calling for medical attention as he hovered over him, with Capiot soon taken away in an ambulance.<\/p>\n<div id=\"ad-unit-2\" class=\"ad-unit\"><\/div>\n<p aria-hidden=\"true\" class=\"kiosq-b\">Milan was also in a bad way and didn&#8217;t get up for a few minutes. As he lay stricken initially, it looked as though his race was over. He had landed awkwardly and was clutching his right arm, with a grimace on his face.<\/p>\n<aside data-component-name=\"Recirculation:ArticleRiver\" data-recirculation-type=\"inline\" data-mrf-recirculation=\"Trending Bar\" data-nosnippet class=\"clear-both pt-2 pb-0 mb-4\">\n        <span class=\"\n            flex\n            after:content-[&apos;&apos;] after:flex-1 after:ml-4 after:my-[0.7rem] after:border-t after:border-solid after:border-t-[#ccc]\n            before:content-[&apos;&apos;] before:flex-1 before:mr-4 before:my-[0.7rem] before:border-t before:border-solid before:border-t-[#ccc]\n            font-article-heading pb-0 text-[length:var(--article-river-title--font-size,1em)] uppercase sm:text-[length:var(--article-river-title--font-size,0.875em)] font-bold\n        \"><br \/>\n            You may like<br \/>\n        <\/span><\/p>\n<ul class=\"flex flex-col gap-0 m-0 max-w-full\">\n<li class=\"m-0 list-none border-b border-solid border-[#ededed] py-2\" data-recirculation-id=\"recirculation-card-1\" id=\"recirculation-inline-1\" data-analytics-id=\"recirculation-inline-1\" data-mrf-recirculation=\"recirculation-inline-1\">\n<p>    <img decoding=\"async\" src=\"https:\/\/cdn.mos.cms.futurecdn.net\/cAaYYBwDpwRfEoSD8gosEa.jpg\" alt=\"Belgian Jasper Philipsen of Alpecin-Premier Tech celebrates as she crosses the finish line at stage two of the &amp;#039;Renewi Tour&amp;#039; multi-stage cycling race, from Blankenberge to Ardooie (191,3 km) on Thursday 20 August 2026. The five-day race takes place from 19 to 23\/08.BELGA PHOTO DAVID PINTENS (Photo by DAVID PINTENS \/ BELGA MAG \/ Belga via AFP)\" loading=\"lazy\" class=\"rounded-[var(--image--border-radius,0)] aspect-square size-[75px] object-cover shrink-0 rounded-lg\"><\/p>\n<p>                        <span class=\"w-full text-base font-[var(--article-river-item--font-weight,500)] font-article-heading line-clamp-3 md:line-clamp-2\">Renewi Tour: Jasper Philipsen storms into race lead with victory on windy and chaotic stage 2<\/span><\/p>\n<\/li>\n<li class=\"m-0 list-none border-b border-solid border-[#ededed] py-2\" data-recirculation-id=\"recirculation-card-2\" id=\"recirculation-inline-2\" data-analytics-id=\"recirculation-inline-2\" data-mrf-recirculation=\"recirculation-inline-2\">\n<p>    <img decoding=\"async\" src=\"https:\/\/cdn.mos.cms.futurecdn.net\/SbcAyX4mTz373kZpRJiv99.jpg\" alt=\"DIEST, BELGIUM - AUGUST 19: (L-R) Stage winner Jonathan Milan of Italy and Team Lidl - Trek and Olav Kooij of Netherlands and Team Decathlon CMA CGM Team sprint at finish line during the 21st Renewi Tour 2026, Stage 1 a 191.3km stage from Diest to Diest \/ #UCIWT \/ on August 19, 2026 in Diest, Belgium. (Photo by Luc Claessen\/Getty Images)\" loading=\"lazy\" class=\"rounded-[var(--image--border-radius,0)] aspect-square size-[75px] object-cover shrink-0 rounded-lg\"><\/p>\n<p>                        <span class=\"w-full text-base font-[var(--article-river-item--font-weight,500)] font-article-heading line-clamp-3 md:line-clamp-2\">Renewi Tour: Jonathan Milan edges out Olav Kooij in photo finish to win a messy opening stage<\/span><\/p>\n<\/li>\n<li class=\"m-0 list-none border-b border-solid border-[#ccc] py-2\" data-recirculation-id=\"recirculation-card-3\" id=\"recirculation-inline-3\" data-analytics-id=\"recirculation-inline-3\" data-mrf-recirculation=\"recirculation-inline-3\">\n<p>    <img decoding=\"async\" src=\"https:\/\/cdn.mos.cms.futurecdn.net\/8cZgjmwfhaTVzqDKtVadBZ.jpg\" alt=\"Jonathan Milan in the Italian champion&amp;#039;s jersey celebrates winning stage 1 of Tour de Pologne\" loading=\"lazy\" class=\"rounded-[var(--image--border-radius,0)] aspect-square size-[75px] object-cover shrink-0 rounded-lg\"><\/p>\n<p>                        <span class=\"w-full text-base font-[var(--article-river-item--font-weight,500)] font-article-heading line-clamp-3 md:line-clamp-2\">Tour de Pologne: Jonathan Milan powers to victory in stage 1 bunch sprint<\/span><\/p>\n<\/li>\n<\/ul>\n<\/aside>\n<p aria-hidden=\"true\" class=\"kiosq-b\">However, Milan eventually remounted and carried on. The peloton was already several minutes up ahead by the time he&#8217;d got going again, and there was no chance of getting back in. In fact, Milan could barely hold the wheel of his teammate Simone Consonni, who&#8217;d been ordered to wait for him, and at that point it looked unlikely that Milan would be able to ride like this for the 60km required to make it to the finish.<\/p>\n<p aria-hidden=\"true\" class=\"kiosq-b\">But ride on he did, sticking with Consonni well behind the peloton as the laps of the Ardooie circuit ticked down, and the time gap ticked up, well into the double digits.<\/p>\n<div id=\"slice-container-newsletterForm-articleInbodyContent-fkkkkM8XgVi5kvZam3sGtm\" class=\"slice-container newsletter-inbodyContent-slice newsletterForm-articleInbodyContent-fkkkkM8XgVi5kvZam3sGtm slice-container-newsletterForm\">\n<div data-hydrate=\"true\" class=\"newsletter-form__wrapper newsletter-form__wrapper--inbodyContent\">\n<div class=\"newsletter-form__container\">\n<section class=\"newsletter-form__top-bar\">\n<div class=\"newsletter-form__header\">Get The Leadout Newsletter<\/div>\n<\/section>\n<section class=\"newsletter-form__main-section\">\n<p class=\"newsletter-form__strapline\">The latest race content, interviews, features, reviews and expert buying guides, direct to your inbox!<\/p>\n<footer class=\"newsletter-form__footer \">By submitting your information you agree to the Terms &amp; Conditions and Privacy Policy and are aged 16 or over.<\/footer>\n<\/section>\n<\/div>\n<\/div>\n<\/div>\n<p aria-hidden=\"true\" class=\"kiosq-b\">There was, however, a spanner in the works on the final lap. He was so far behind that the peloton was actually coming up behind him, and the organisers, after discussions with the Lidl-Trek team car, ordered Milan and Consonni to stop and pull over.<\/p>\n<p aria-hidden=\"true\" class=\"kiosq-b\">The pair of them stood and chatted at the side of the road before the peloton went past, and they could get going again, still needing to cross the finish line and then ride a whole other lap.<\/p>\n<p aria-hidden=\"true\" class=\"kiosq-b\">They completed the race within the time limit and will be able to continue in the race on Friday on stage 3.<\/p>\n<div class=\"see-more see-more--clipped kiosq-b\" id=\"elk-2090459515552505930\" aria-hidden=\"true\">\n<figure>\n<blockquote class=\"twitter-tweet hawk-ignore\" data-lang=\"en\" cite=\"https:\/\/twitter.com\/cantworkitout\/status\/2090459515552505930\">\n<p lang=\"en\" dir=\"ltr\">\ud83e\udd26\u200d\u2642\ufe0f \u00a1Qu\u00e9 d\u00eda para Jonathan Milan!Tras verse envuelto en la ca\u00edda masiva, los jueces le ordenan detenerse al estar a punto de ser doblado por el pelot\u00f3n en el circuito final.#RenewiTour | #LaCasadelCiclismo pic.twitter.com\/PSCY0bg9hHAugust 20, 2026<\/p>\n<\/blockquote>\n<\/figure>\n<div class=\"see-more__filter\"><\/div>\n<\/div>\n<p id=\"elk-8f3a2b00-9cb7-11f1-8b22-f76d3a1a73ef\" aria-hidden=\"true\" class=\"kiosq-b\"><strong>For unbeatable coverage across road, gravel and tech, subscribe to Cyclingnews. You&#8217;ll get comprehensive race coverage of La Vuelta a Espa\u00f1a, subscriber-exclusive analysis from our expert columnists, in-depth features and industry-leading tech insight. Plus, the Cyclingnews app lets you follow the action wherever you go! <\/strong><u><strong>Join today.<\/strong><\/u><\/p>\n<\/div>\n<div id=\"kiosq-app-paywall-js\"><\/div>\n<div id=\"this-will-be-used-for-mpu-2\"><\/div>\n<div class=\"block mb-5\" id=\"articleTag\" data-component-name=\"PostArticleLinks\" data-nosnippet data-mrf-recirculation=\"post-article-links\">\n<div class=\"border-b border-b-black border-solid py-2.5 text-black font-bold uppercase\">TOPICS<\/div>\n<nav class=\"py-2.5 flex gap-2.5 flex-wrap\" data-analytics-id=\"article-tag\" data-mrf-recirculation=\"article-tag\">\n<p>Road<\/p>\n<\/nav>\n<\/div>\n<div id=\"slice-container-authorBio-fkkkkM8XgVi5kvZam3sGtm\" class=\"slice-container slice-author-bio authorBio-fkkkkM8XgVi5kvZam3sGtm slice-container-authorBio\">\n<div class=\"author author__default-layout author--separator author--collapsible\" data-hydrate=\"true\">\n<div class=\"author__header\">\n<div class=\"author__avatar-block\">\n<figure class=\"image-wrapped__wrapper\" data-bordeaux-image-check=\"false\">\n<div class=\"image-wrapped__widthsetter\">\n<div class=\"image-wrapped__aspect-padding\">\n<div><img decoding=\"async\" src=\"https:\/\/cdn.mos.cms.futurecdn.net\/2QoJgeVtEMbCKNujw2pLoH.jpg\" alt=\"Patrick Fletcher\" class=\"author__avatar image-wrapped__image image__image\" loading=\"lazy\"><\/div>\n<\/div>\n<\/div>\n<\/figure>\n<\/div>\n<div class=\"author__heading\">\n<div class=\"author__name\">Patrick Fletcher<\/div>\n<div class=\"author__social\"><\/div>\n<div class=\"author__role\">Deputy Editor<\/div>\n<\/div>\n<\/div>\n<div class=\"author__bio-wrapper\">\n<div class=\"author__biography\">\n<p>Patrick is an NCTJ-accredited journalist with a bachelor\u2019s degree in modern languages (French and Spanish) and a decade\u2019s experience in digital sports media, largely within the world of cycling. He re-joined Cyclingnews as Deputy Editor in February 2026, having previously spent eight years on staff between 2015 and 2023. In between, he was Deputy Editor at GCN and spent 18 months working across the sports portfolio at Future before returning to the cycling press pack. Patrick works across Cyclingnews\u2019 wide-ranging output, assisting the Editor in global content strategy, with a particular focus on shaping CN&#8217;s news operation.<\/p>\n<\/div>\n<\/div>\n<\/div>\n<\/div>\n<\/section>\n<div id=\"viafoura-comments\" aria-hidden=\"true\"><\/div>\n<div class=\"relative max-w-[1070px] viafoura-twig-component mt-6 mx-4 lg:mx-0\" data-component-name=\"Viafoura:Comments\" data-nosnippet data-community-guidelines-text=\"&lt;p class=&apos;vfcustom-community-guidelines&apos;&gt;Please follow our &lt;a href=&quot;https:\/\/www.cyclingnews.com\/about\/#section-community-guidelines&quot; target=&quot;_blank&quot;&gt;community guidelines&lt;\/a&gt;.&lt;\/p&gt;\" data-join-the-conversation-text=\"Join the Conversation\">\n<div class=\"relative h-(--truncate-height) sm:h-(--truncate-desktop-height) overflow-hidden transition-[height] duration-150\" data-test-id=\"container\" data-component-name=\"Util:Truncate\" id=\"viafoura-comments-container\">\n<div class=\"relative z-10 viafoura rounded-[var(--comment-widget-border-radius,0)]\" id=\"viafoura-comment-wrapper\" data-test-id=\"content\">\n<div class=\"viafoura\">\n<div>\n<\/div>\n<\/div>\n<\/div>\n<div class=\"absolute bg-gradient-to-t from-[var(--truncate-gradient-color,white)] from-50% h-28 z-20 w-full bottom-0 flex items-end justify-center px-0 rounded-none\">\n<\/div>\n<\/div>\n<div class=\"absolute top-0 left-0 w-full h-full flex items-center justify-center z-50 bg-white\/90 border-1 rounded-b-[var(--comment-widget-border-radius,0)]\">\n<div class=\"p-2 text-center\">\n<p class=\"mb-3 text-lg!\">You must confirm your public display name before commenting<\/p>\n<p class=\"mb-3 text-sm!\">Please logout and then login again, you will then be prompted to enter your display name.<\/p>\n<\/div>\n<\/div>\n<\/div>\n<div class=\"infinite-container\" data-analytics-id=\"infinite-container\" data-component-name=\"SponsoredScroll\" data-mrf-recirculation=\"infinite-container\">\n<div class=\"infinite-trigger\" aria-hidden=\"true\"><\/div>\n<\/div>\n<section class=\"mx-2 my-5 sm:mx-0\">\n<aside class=\"w-full\" data-nosnippet data-mrf-recirculation=\"article-river-stacked\">\n<div data-recirc-id=\"article-river-stacked-adviser:hybrid\">\n<div class=\"text-white py-4 px-3 mb-4 bg-[#333] uppercase font-bold custom-header-styles\">Read more<\/div>\n<div class=\"grid grid-cols-1 gap-4 mt-4 mb-5\">\n<div>\n<div class=\"aspect-[var(--img-listing-aspect-ratio,16\/9)] relative mb-3.5\">\n<p>    <img decoding=\"async\" src=\"https:\/\/cdn.mos.cms.futurecdn.net\/cAaYYBwDpwRfEoSD8gosEa.jpg\" alt=\"Belgian Jasper Philipsen of Alpecin-Premier Tech celebrates as she crosses the finish line at stage two of the &amp;#039;Renewi Tour&amp;#039; multi-stage cycling race, from Blankenberge to Ardooie (191,3 km) on Thursday 20 August 2026. The five-day race takes place from 19 to 23\/08.BELGA PHOTO DAVID PINTENS (Photo by DAVID PINTENS \/ BELGA MAG \/ Belga via AFP)\" loading=\"lazy\" class=\"rounded-[var(--image--border-radius,0)] object-cover w-full h-full\"><\/p><\/div>\n<p>                                                                                                <span class=\"custom-subheading-styles\">Racing<\/span><\/p>\n<p>                            <span class=\"text-base text-black font-bold mx-0 my-2.5 p-0 block custom-text-styles\">Renewi Tour: Jasper Philipsen storms into race lead with victory on windy and chaotic stage 2<\/span><\/p><\/div>\n<div class=\"relative recirc-feed sponsored-card min-h-[250px]\" data-recirc-id=\"article-river-stacked-ads:native-cards\" data-mrf-recirculation=\"article-river-ads\" data-nosnippet data-ad-slot-path=\"feed-sponsored-post\" data-attribute-device=\"all\">\n<div class=\"sponsored-post max-w-full [&amp;.sponsored-post--loaded+.sponsored-post--placeholder]:hidden [&amp;[data-bordeaux-hook-loaded]+.sponsored-post--placeholder]:hidden\"><\/div>\n<div class=\"max-w-full sponsored-post--placeholder animate-pulse\">\n<div class=\"relative!\">\n            <span class=\"font-ui-heading bg-(--ad-slot-badge-bg-color) absolute text-xs font-bold leading-[14px] tracking-normal text-left text-white px-2.5 py-[5px] left-0 top-0 empty:hidden\"><\/span><\/p>\n<div class=\"aspect-[var(--img-listing-aspect-ratio,16\/9)] relative bg-gray-200\"><\/div>\n<p>            <span class=\"text-base text-black font-bold mx-0 my-2.5 p-0 block bg-gray-100\">\u00a0<br \/>\u00a0<\/span>\n        <\/div>\n<\/p><\/div>\n<\/div>\n<div>\n<div class=\"aspect-[var(--img-listing-aspect-ratio,16\/9)] relative mb-3.5\">\n<p>    <img decoding=\"async\" src=\"https:\/\/cdn.mos.cms.futurecdn.net\/SbcAyX4mTz373kZpRJiv99.jpg\" alt=\"DIEST, BELGIUM - AUGUST 19: (L-R) Stage winner Jonathan Milan of Italy and Team Lidl - Trek and Olav Kooij of Netherlands and Team Decathlon CMA CGM Team sprint at finish line during the 21st Renewi Tour 2026, Stage 1 a 191.3km stage from Diest to Diest \/ #UCIWT \/ on August 19, 2026 in Diest, Belgium. (Photo by Luc Claessen\/Getty Images)\" loading=\"lazy\" class=\"rounded-[var(--image--border-radius,0)] object-cover w-full h-full\"><\/p><\/div>\n<p>                                                                                                <span class=\"custom-subheading-styles\">Racing<\/span><\/p>\n<p>                            <span class=\"text-base text-black font-bold mx-0 my-2.5 p-0 block custom-text-styles\">Renewi Tour: Jonathan Milan edges out Olav Kooij in photo finish to win a messy opening stage<\/span><\/p><\/div>\n<div class=\"relative recirc-feed sponsored-card min-h-[250px]\" data-recirc-id=\"article-river-stacked-ads:native-cards\" data-mrf-recirculation=\"article-river-ads\" data-nosnippet data-ad-slot-path=\"feed-sponsored-post\" data-attribute-device=\"all\">\n<div class=\"sponsored-post max-w-full [&amp;.sponsored-post--loaded+.sponsored-post--placeholder]:hidden [&amp;[data-bordeaux-hook-loaded]+.sponsored-post--placeholder]:hidden\"><\/div>\n<div class=\"max-w-full sponsored-post--placeholder animate-pulse\">\n<div class=\"relative!\">\n            <span class=\"font-ui-heading bg-(--ad-slot-badge-bg-color) absolute text-xs font-bold leading-[14px] tracking-normal text-left text-white px-2.5 py-[5px] left-0 top-0 empty:hidden\"><\/span><\/p>\n<div class=\"aspect-[var(--img-listing-aspect-ratio,16\/9)] relative bg-gray-200\"><\/div>\n<p>            <span class=\"text-base text-black font-bold mx-0 my-2.5 p-0 block bg-gray-100\">\u00a0<br \/>\u00a0<\/span>\n        <\/div>\n<\/p><\/div>\n<\/div>\n<div>\n<div class=\"aspect-[var(--img-listing-aspect-ratio,16\/9)] relative mb-3.5\">\n<p>    <img decoding=\"async\" src=\"https:\/\/cdn.mos.cms.futurecdn.net\/8cZgjmwfhaTVzqDKtVadBZ.jpg\" alt=\"Jonathan Milan in the Italian champion&amp;#039;s jersey celebrates winning stage 1 of Tour de Pologne\" loading=\"lazy\" class=\"rounded-[var(--image--border-radius,0)] object-cover w-full h-full\"><\/p><\/div>\n<p>                                                                                                <span class=\"custom-subheading-styles\">Racing<\/span><\/p>\n<p>                            <span class=\"text-base text-black font-bold mx-0 my-2.5 p-0 block custom-text-styles\">Tour de Pologne: Jonathan Milan powers to victory in stage 1 bunch sprint<\/span><\/p><\/div>\n<div class=\"relative recirc-feed sponsored-card min-h-[250px]\" data-recirc-id=\"article-river-stacked-ads:native-cards\" data-mrf-recirculation=\"article-river-ads\" data-nosnippet data-ad-slot-path=\"feed-sponsored-post\" data-attribute-device=\"all\">\n<div class=\"sponsored-post max-w-full [&amp;.sponsored-post--loaded+.sponsored-post--placeholder]:hidden [&amp;[data-bordeaux-hook-loaded]+.sponsored-post--placeholder]:hidden\"><\/div>\n<div class=\"max-w-full sponsored-post--placeholder animate-pulse\">\n<div class=\"relative!\">\n            <span class=\"font-ui-heading bg-(--ad-slot-badge-bg-color) absolute text-xs font-bold leading-[14px] tracking-normal text-left text-white px-2.5 py-[5px] left-0 top-0 empty:hidden\"><\/span><\/p>\n<div class=\"aspect-[var(--img-listing-aspect-ratio,16\/9)] relative bg-gray-200\"><\/div>\n<p>            <span class=\"text-base text-black font-bold mx-0 my-2.5 p-0 block bg-gray-100\">\u00a0<br \/>\u00a0<\/span>\n        <\/div>\n<\/p><\/div>\n<\/div>\n<div>\n<div class=\"aspect-[var(--img-listing-aspect-ratio,16\/9)] relative mb-3.5\">\n<p>    <img decoding=\"async\" src=\"https:\/\/cdn.mos.cms.futurecdn.net\/4pGyVF2CNyqnhWEcBo2wg8.jpg\" alt=\"Jonathan Milan in the yellow jersey celebrates at finish line as stage winner during the 83rd Tour de Pologne 2026 - Stage 2\" loading=\"lazy\" class=\"rounded-[var(--image--border-radius,0)] object-cover w-full h-full\"><\/p><\/div>\n<p>                                                                                                <span class=\"custom-subheading-styles\">Racing<\/span><\/p>\n<p>                            <span class=\"text-base text-black font-bold mx-0 my-2.5 p-0 block custom-text-styles\">Tour de Pologne: Jonathan Milan wins fast and furious sprint on stage 2<\/span><\/p><\/div>\n<div class=\"relative recirc-feed sponsored-card min-h-[250px]\" data-recirc-id=\"article-river-stacked-ads:native-cards\" data-mrf-recirculation=\"article-river-ads\" data-nosnippet data-ad-slot-path=\"feed-sponsored-post\" data-attribute-device=\"all\">\n<div class=\"sponsored-post max-w-full [&amp;.sponsored-post--loaded+.sponsored-post--placeholder]:hidden [&amp;[data-bordeaux-hook-loaded]+.sponsored-post--placeholder]:hidden\"><\/div>\n<div class=\"max-w-full sponsored-post--placeholder animate-pulse\">\n<div class=\"relative!\">\n            <span class=\"font-ui-heading bg-(--ad-slot-badge-bg-color) absolute text-xs font-bold leading-[14px] tracking-normal text-left text-white px-2.5 py-[5px] left-0 top-0 empty:hidden\"><\/span><\/p>\n<div class=\"aspect-[var(--img-listing-aspect-ratio,16\/9)] relative bg-gray-200\"><\/div>\n<p>            <span class=\"text-base text-black font-bold mx-0 my-2.5 p-0 block bg-gray-100\">\u00a0<br \/>\u00a0<\/span>\n        <\/div>\n<\/p><\/div>\n<\/div>\n<div>\n<div class=\"aspect-[var(--img-listing-aspect-ratio,16\/9)] relative mb-3.5\">\n<p>    <img decoding=\"async\" src=\"https:\/\/cdn.mos.cms.futurecdn.net\/rwqMh6f4rhnwG9ddBP8y2a.jpg\" alt=\"2026 Tour de Pologne stage 3: Jonathan Milan takes the win\" loading=\"lazy\" class=\"rounded-[var(--image--border-radius,0)] object-cover w-full h-full\"><\/p><\/div>\n<p>                                                                                                <span class=\"custom-subheading-styles\">Racing<\/span><\/p>\n<p>                            <span class=\"text-base text-black font-bold mx-0 my-2.5 p-0 block custom-text-styles\">Tour de Pologne stage 3: Unstoppable Jonathan Milan claims hat-trick of bunch sprint victories<\/span><\/p><\/div>\n<div class=\"relative recirc-feed sponsored-card min-h-[250px]\" data-recirc-id=\"article-river-stacked-ads:native-cards\" data-mrf-recirculation=\"article-river-ads\" data-nosnippet data-ad-slot-path=\"feed-sponsored-post\" data-attribute-device=\"all\">\n<div class=\"sponsored-post max-w-full [&amp;.sponsored-post--loaded+.sponsored-post--placeholder]:hidden [&amp;[data-bordeaux-hook-loaded]+.sponsored-post--placeholder]:hidden\"><\/div>\n<div class=\"max-w-full sponsored-post--placeholder animate-pulse\">\n<div class=\"relative!\">\n            <span class=\"font-ui-heading bg-(--ad-slot-badge-bg-color) absolute text-xs font-bold leading-[14px] tracking-normal text-left text-white px-2.5 py-[5px] left-0 top-0 empty:hidden\"><\/span><\/p>\n<div class=\"aspect-[var(--img-listing-aspect-ratio,16\/9)] relative bg-gray-200\"><\/div>\n<p>            <span class=\"text-base text-black font-bold mx-0 my-2.5 p-0 block bg-gray-100\">\u00a0<br \/>\u00a0<\/span>\n        <\/div>\n<\/p><\/div>\n<\/div>\n<div>\n<div class=\"aspect-[var(--img-listing-aspect-ratio,16\/9)] relative mb-3.5\">\n<p>    <img decoding=\"async\" src=\"https:\/\/cdn.mos.cms.futurecdn.net\/GE3Y8nPDZNAqVfsFZ9y49e.jpg\" alt=\"LAON, FRANCE - MAY 20: Laurence Pithie of New Zealand and Team Red Bull - BORA - hansgrohe celebrates at finish line as stage winner during the 70th 4 Jours de Dunkerque 2026, Stage 1 a 177.3km stage from Lagny-le-Sec to Laon on May 20, 2026 in Laon, France. (Photo by Luc Claessen\/Getty Images)\" loading=\"lazy\" class=\"rounded-[var(--image--border-radius,0)] object-cover w-full h-full\"><\/p><\/div>\n<p>                                                                                                <span class=\"custom-subheading-styles\">Racing<\/span><\/p>\n<p>                            <span class=\"text-base text-black font-bold mx-0 my-2.5 p-0 block custom-text-styles\">Tour de Wallonie: Laurence Pithie sprints to stage 3 victory after massive crash devastates peloton in final 2km<\/span><\/p><\/div>\n<div class=\"relative recirc-feed sponsored-card min-h-[250px]\" data-recirc-id=\"article-river-stacked-ads:native-cards\" data-mrf-recirculation=\"article-river-ads\" data-nosnippet data-ad-slot-path=\"feed-sponsored-post\" data-attribute-device=\"all\">\n<div class=\"sponsored-post max-w-full [&amp;.sponsored-post--loaded+.sponsored-post--placeholder]:hidden [&amp;[data-bordeaux-hook-loaded]+.sponsored-post--placeholder]:hidden\"><\/div>\n<div class=\"max-w-full sponsored-post--placeholder animate-pulse\">\n<div class=\"relative!\">\n            <span class=\"font-ui-heading bg-(--ad-slot-badge-bg-color) absolute text-xs font-bold leading-[14px] tracking-normal text-left text-white px-2.5 py-[5px] left-0 top-0 empty:hidden\"><\/span><\/p>\n<div class=\"aspect-[var(--img-listing-aspect-ratio,16\/9)] relative bg-gray-200\"><\/div>\n<p>            <span class=\"text-base text-black font-bold mx-0 my-2.5 p-0 block bg-gray-100\">\u00a0<br \/>\u00a0<\/span>\n        <\/div>\n<\/p><\/div>\n<\/div><\/div>\n<\/p><\/div>\n<\/aside>\n<aside class=\"w-full\" data-nosnippet data-mrf-recirculation=\"article-river-stacked\">\n<div data-recirc-id=\"article-river-stacked-solr:latest-category\">\n<div class=\"text-white py-4 px-3 mb-4 bg-[#333] uppercase font-bold custom-header-styles\">Latest in Teams &amp; Riders<\/div>\n<div class=\"grid grid-cols-1 gap-4 mt-4 mb-5\">\n<div>\n<div class=\"aspect-[var(--img-listing-aspect-ratio,16\/9)] relative mb-3.5\">\n<p>    <img decoding=\"async\" src=\"https:\/\/cdn.mos.cms.futurecdn.net\/iSijFQzPeQBT8U9pXGDkXW.jpg\" alt=\"Lauren Dickson crosses the line to finish stage 3 of the Tour of Britain Women\" loading=\"lazy\" class=\"rounded-[var(--image--border-radius,0)] object-cover w-full h-full\"><\/p><\/div>\n<p>                                                                                                <span class=\"custom-subheading-styles\">Women&#8217;s Cycling<\/span><\/p>\n<p>                            <span class=\"text-base text-black font-bold mx-0 my-2.5 p-0 block custom-text-styles\">Lauren Dickson returns from collarbone break to aim at World Championships debut at Tour of Britain Women<\/span><\/p><\/div>\n<div class=\"relative recirc-feed sponsored-card min-h-[250px]\" data-recirc-id=\"article-river-stacked-ads:native-cards\" data-mrf-recirculation=\"article-river-ads\" data-nosnippet data-ad-slot-path=\"feed-sponsored-post\" data-attribute-device=\"all\">\n<div class=\"sponsored-post max-w-full [&amp;.sponsored-post--loaded+.sponsored-post--placeholder]:hidden [&amp;[data-bordeaux-hook-loaded]+.sponsored-post--placeholder]:hidden\"><\/div>\n<div class=\"max-w-full sponsored-post--placeholder animate-pulse\">\n<div class=\"relative!\">\n            <span class=\"font-ui-heading bg-(--ad-slot-badge-bg-color) absolute text-xs font-bold leading-[14px] tracking-normal text-left text-white px-2.5 py-[5px] left-0 top-0 empty:hidden\"><\/span><\/p>\n<div class=\"aspect-[var(--img-listing-aspect-ratio,16\/9)] relative bg-gray-200\"><\/div>\n<p>            <span class=\"text-base text-black font-bold mx-0 my-2.5 p-0 block bg-gray-100\">\u00a0<br \/>\u00a0<\/span>\n        <\/div>\n<\/p><\/div>\n<\/div>\n<div>\n<div class=\"aspect-[var(--img-listing-aspect-ratio,16\/9)] relative mb-3.5\">\n<p>    <img decoding=\"async\" src=\"https:\/\/cdn.mos.cms.futurecdn.net\/NUkQUt9iBzjr2d4jmAyFQf.jpg\" alt=\"Liane Lippert (Movistar) during stage 3 of the 2026 Tour of Britain Women on The Great Orme, Wales. (Photo by Matt McNulty\/Getty Images)\" loading=\"lazy\" class=\"rounded-[var(--image--border-radius,0)] object-cover w-full h-full\"><\/p><\/div>\n<p>                                                                                                <span class=\"custom-subheading-styles\">Women&#8217;s Cycling<\/span><\/p>\n<p>                            <span class=\"text-base text-black font-bold mx-0 my-2.5 p-0 block custom-text-styles\">&#8216;A shame I wasn&#8217;t on Kim&#8217;s wheel in the final corner&#8217; \u2013 Liane Lippert second behind unstoppable Le Court-Pienaar on Tour of Britain Women queen stage<\/span><\/p><\/div>\n<div class=\"relative recirc-feed sponsored-card min-h-[250px]\" data-recirc-id=\"article-river-stacked-ads:native-cards\" data-mrf-recirculation=\"article-river-ads\" data-nosnippet data-ad-slot-path=\"feed-sponsored-post\" data-attribute-device=\"all\">\n<div class=\"sponsored-post max-w-full [&amp;.sponsored-post--loaded+.sponsored-post--placeholder]:hidden [&amp;[data-bordeaux-hook-loaded]+.sponsored-post--placeholder]:hidden\"><\/div>\n<div class=\"max-w-full sponsored-post--placeholder animate-pulse\">\n<div class=\"relative!\">\n            <span class=\"font-ui-heading bg-(--ad-slot-badge-bg-color) absolute text-xs font-bold leading-[14px] tracking-normal text-left text-white px-2.5 py-[5px] left-0 top-0 empty:hidden\"><\/span><\/p>\n<div class=\"aspect-[var(--img-listing-aspect-ratio,16\/9)] relative bg-gray-200\"><\/div>\n<p>            <span class=\"text-base text-black font-bold mx-0 my-2.5 p-0 block bg-gray-100\">\u00a0<br \/>\u00a0<\/span>\n        <\/div>\n<\/p><\/div>\n<\/div>\n<div>\n<div class=\"aspect-[var(--img-listing-aspect-ratio,16\/9)] relative mb-3.5\">\n<p>    <img decoding=\"async\" src=\"https:\/\/cdn.mos.cms.futurecdn.net\/m3Jt9LNmhTEMRgsrgWE9vG.jpg\" alt=\"MONACO, MONACO - AUGUST 20: (L-R) Joao Almeida of Portugal and Tadej Pogacar of Slovenia and UAE Team Emirates - XRG meets the media press during the La Vuelta - 81st Tour of Spain 2026, Press conference \/ #UCIWT \/ on August 20, 2026 in Monaco, Monaco. (Photo by Tim de Waele\/Getty Images)\" loading=\"lazy\" class=\"rounded-[var(--image--border-radius,0)] object-cover w-full h-full\"><\/p><\/div>\n<p>                                                                                                <span class=\"custom-subheading-styles\">Teams &amp; Riders<\/span><\/p>\n<p>                            <span class=\"text-base text-black font-bold mx-0 my-2.5 p-0 block custom-text-styles\">&#8216;It only depends on my legs&#8217; \u2013 Jo\u00e3o Almeida eyes possible &#8216;Plan B&#8217; GC bid alongside teammate Tadej Poga\u010dar at Vuelta a Espa\u00f1a<\/span><\/p><\/div>\n<div class=\"relative recirc-feed sponsored-card min-h-[250px]\" data-recirc-id=\"article-river-stacked-ads:native-cards\" data-mrf-recirculation=\"article-river-ads\" data-nosnippet data-ad-slot-path=\"feed-sponsored-post\" data-attribute-device=\"all\">\n<div class=\"sponsored-post max-w-full [&amp;.sponsored-post--loaded+.sponsored-post--placeholder]:hidden [&amp;[data-bordeaux-hook-loaded]+.sponsored-post--placeholder]:hidden\"><\/div>\n<div class=\"max-w-full sponsored-post--placeholder animate-pulse\">\n<div class=\"relative!\">\n            <span class=\"font-ui-heading bg-(--ad-slot-badge-bg-color) absolute text-xs font-bold leading-[14px] tracking-normal text-left text-white px-2.5 py-[5px] left-0 top-0 empty:hidden\"><\/span><\/p>\n<div class=\"aspect-[var(--img-listing-aspect-ratio,16\/9)] relative bg-gray-200\"><\/div>\n<p>            <span class=\"text-base text-black font-bold mx-0 my-2.5 p-0 block bg-gray-100\">\u00a0<br \/>\u00a0<\/span>\n        <\/div>\n<\/p><\/div>\n<\/div>\n<div>\n<div class=\"aspect-[var(--img-listing-aspect-ratio,16\/9)] relative mb-3.5\">\n<p>    <img decoding=\"async\" src=\"https:\/\/cdn.mos.cms.futurecdn.net\/preyXU8URFip5kJRmtcp5W.jpg\" alt=\"Tudor Pro Cycling Team&amp;#039;s French rider Julian Alaphilippe interacts with the crowd as he cycles up Rue Lepic on the ascent of the Butte de Montmartre during the 21st stage of the 113th edition of the Tour de France cycling race, 88,7 km starting and finishing in Paris, on July 26, 2026. (Photo by GEOFFROY VAN DER HASSELT \/ AFP)\" loading=\"lazy\" class=\"rounded-[var(--image--border-radius,0)] object-cover w-full h-full\"><\/p><\/div>\n<p>                                                                                                <span class=\"custom-subheading-styles\">Teams &amp; Riders<\/span><\/p>\n<p>                            <span class=\"text-base text-black font-bold mx-0 my-2.5 p-0 block custom-text-styles\">Julian Alaphilippe has reportedly called an early end to his professional racing career<\/span><\/p><\/div>\n<div class=\"relative recirc-feed sponsored-card min-h-[250px]\" data-recirc-id=\"article-river-stacked-ads:native-cards\" data-mrf-recirculation=\"article-river-ads\" data-nosnippet data-ad-slot-path=\"feed-sponsored-post\" data-attribute-device=\"all\">\n<div class=\"sponsored-post max-w-full [&amp;.sponsored-post--loaded+.sponsored-post--placeholder]:hidden [&amp;[data-bordeaux-hook-loaded]+.sponsored-post--placeholder]:hidden\"><\/div>\n<div class=\"max-w-full sponsored-post--placeholder animate-pulse\">\n<div class=\"relative!\">\n            <span class=\"font-ui-heading bg-(--ad-slot-badge-bg-color) absolute text-xs font-bold leading-[14px] tracking-normal text-left text-white px-2.5 py-[5px] left-0 top-0 empty:hidden\"><\/span><\/p>\n<div class=\"aspect-[var(--img-listing-aspect-ratio,16\/9)] relative bg-gray-200\"><\/div>\n<p>            <span class=\"text-base text-black font-bold mx-0 my-2.5 p-0 block bg-gray-100\">\u00a0<br \/>\u00a0<\/span>\n        <\/div>\n<\/p><\/div>\n<\/div>\n<div>\n<div class=\"aspect-[var(--img-listing-aspect-ratio,16\/9)] relative mb-3.5\">\n<p>    <img decoding=\"async\" src=\"https:\/\/cdn.mos.cms.futurecdn.net\/qrT26Xteho8U5gshkKC8f9.jpg\" alt=\"Mikel Landa (Soudal Quick-Step) during the 2026 Vuelta a Burgos 2026, in Lagunas de Neila, Spain. (Photo by Antonio Baixauli\/Getty Images)\" loading=\"lazy\" class=\"rounded-[var(--image--border-radius,0)] object-cover w-full h-full\"><\/p><\/div>\n<p>                                                                                                <span class=\"custom-subheading-styles\">Teams &amp; Riders<\/span><\/p>\n<p>                            <span class=\"text-base text-black font-bold mx-0 my-2.5 p-0 block custom-text-styles\">&#8216;I haven&#8217;t even enjoyed any training this year, it&#8217;s been that bad&#8217; &#8211; Mikel Landa in survival mode at the Vuelta a Espa\u00f1a.<\/span><\/p><\/div>\n<div class=\"relative recirc-feed sponsored-card min-h-[250px]\" data-recirc-id=\"article-river-stacked-ads:native-cards\" data-mrf-recirculation=\"article-river-ads\" data-nosnippet data-ad-slot-path=\"feed-sponsored-post\" data-attribute-device=\"all\">\n<div class=\"sponsored-post max-w-full [&amp;.sponsored-post--loaded+.sponsored-post--placeholder]:hidden [&amp;[data-bordeaux-hook-loaded]+.sponsored-post--placeholder]:hidden\"><\/div>\n<div class=\"max-w-full sponsored-post--placeholder animate-pulse\">\n<div class=\"relative!\">\n            <span class=\"font-ui-heading bg-(--ad-slot-badge-bg-color) absolute text-xs font-bold leading-[14px] tracking-normal text-left text-white px-2.5 py-[5px] left-0 top-0 empty:hidden\"><\/span><\/p>\n<div class=\"aspect-[var(--img-listing-aspect-ratio,16\/9)] relative bg-gray-200\"><\/div>\n<p>            <span class=\"text-base text-black font-bold mx-0 my-2.5 p-0 block bg-gray-100\">\u00a0<br \/>\u00a0<\/span>\n        <\/div>\n<\/p><\/div>\n<\/div>\n<div>\n<div class=\"aspect-[var(--img-listing-aspect-ratio,16\/9)] relative mb-3.5\">\n<p>    <img decoding=\"async\" src=\"https:\/\/cdn.mos.cms.futurecdn.net\/r4EDHRKrKu3tRtpXMKgLsP.jpg\" alt=\"Tadej Pogacar of Slovenia and UAE Team Emirates - XRG during the La Vuelta\" loading=\"lazy\" class=\"rounded-[var(--image--border-radius,0)] object-cover w-full h-full\"><\/p><\/div>\n<p>                                                                                                <span class=\"custom-subheading-styles\">Teams &amp; Riders<\/span><\/p>\n<p>                            <span class=\"text-base text-black font-bold mx-0 my-2.5 p-0 block custom-text-styles\">&#8216;I need to race smart&#8217; &#8211; Tadej Poga\u010dar looking to complete the Grand Slam of Grand Tours in the Vuelta a Espa\u00f1a, while still looking ahead<\/span><\/p><\/div>\n<div class=\"relative recirc-feed sponsored-card min-h-[250px]\" data-recirc-id=\"article-river-stacked-ads:native-cards\" data-mrf-recirculation=\"article-river-ads\" data-nosnippet data-ad-slot-path=\"feed-sponsored-post\" data-attribute-device=\"all\">\n<div class=\"sponsored-post max-w-full [&amp;.sponsored-post--loaded+.sponsored-post--placeholder]:hidden [&amp;[data-bordeaux-hook-loaded]+.sponsored-post--placeholder]:hidden\"><\/div>\n<div class=\"max-w-full sponsored-post--placeholder animate-pulse\">\n<div class=\"relative!\">\n            <span class=\"font-ui-heading bg-(--ad-slot-badge-bg-color) absolute text-xs font-bold leading-[14px] tracking-normal text-left text-white px-2.5 py-[5px] left-0 top-0 empty:hidden\"><\/span><\/p>\n<div class=\"aspect-[var(--img-listing-aspect-ratio,16\/9)] relative bg-gray-200\"><\/div>\n<p>            <span class=\"text-base text-black font-bold mx-0 my-2.5 p-0 block bg-gray-100\">\u00a0<br \/>\u00a0<\/span>\n        <\/div>\n<\/p><\/div>\n<\/div><\/div>\n<\/p><\/div>\n<\/aside>\n<aside class=\"w-full\" data-nosnippet data-mrf-recirculation=\"article-river-stacked\">\n<div data-recirc-id=\"article-river-stacked-solr:latest-articletype\">\n<div class=\"text-white py-4 px-3 mb-4 bg-[#333] uppercase font-bold custom-header-styles\">Latest in News<\/div>\n<div class=\"grid grid-cols-1 gap-4 mt-4 mb-5\">\n<div>\n<div class=\"aspect-[var(--img-listing-aspect-ratio,16\/9)] relative mb-3.5\">\n<p>    <img decoding=\"async\" src=\"https:\/\/cdn.mos.cms.futurecdn.net\/iSijFQzPeQBT8U9pXGDkXW.jpg\" alt=\"Lauren Dickson crosses the line to finish stage 3 of the Tour of Britain Women\" loading=\"lazy\" class=\"rounded-[var(--image--border-radius,0)] object-cover w-full h-full\"><\/p><\/div>\n<p>                                                                                                <span class=\"custom-subheading-styles\">Women&#8217;s Cycling<\/span><\/p>\n<p>                            <span class=\"text-base text-black font-bold mx-0 my-2.5 p-0 block custom-text-styles\">Lauren Dickson returns from collarbone break to aim at World Championships debut at Tour of Britain Women<\/span><\/p><\/div>\n<div class=\"relative recirc-feed sponsored-card min-h-[250px]\" data-recirc-id=\"article-river-stacked-ads:native-cards\" data-mrf-recirculation=\"article-river-ads\" data-nosnippet data-ad-slot-path=\"feed-sponsored-post\" data-attribute-device=\"all\">\n<div class=\"sponsored-post max-w-full [&amp;.sponsored-post--loaded+.sponsored-post--placeholder]:hidden [&amp;[data-bordeaux-hook-loaded]+.sponsored-post--placeholder]:hidden\"><\/div>\n<div class=\"max-w-full sponsored-post--placeholder animate-pulse\">\n<div class=\"relative!\">\n            <span class=\"font-ui-heading bg-(--ad-slot-badge-bg-color) absolute text-xs font-bold leading-[14px] tracking-normal text-left text-white px-2.5 py-[5px] left-0 top-0 empty:hidden\"><\/span><\/p>\n<div class=\"aspect-[var(--img-listing-aspect-ratio,16\/9)] relative bg-gray-200\"><\/div>\n<p>            <span class=\"text-base text-black font-bold mx-0 my-2.5 p-0 block bg-gray-100\">\u00a0<br \/>\u00a0<\/span>\n        <\/div>\n<\/p><\/div>\n<\/div>\n<div>\n<div class=\"aspect-[var(--img-listing-aspect-ratio,16\/9)] relative mb-3.5\">\n<p>    <img decoding=\"async\" src=\"https:\/\/cdn.mos.cms.futurecdn.net\/NUkQUt9iBzjr2d4jmAyFQf.jpg\" alt=\"Liane Lippert (Movistar) during stage 3 of the 2026 Tour of Britain Women on The Great Orme, Wales. (Photo by Matt McNulty\/Getty Images)\" loading=\"lazy\" class=\"rounded-[var(--image--border-radius,0)] object-cover w-full h-full\"><\/p><\/div>\n<p>                                                                                                <span class=\"custom-subheading-styles\">Women&#8217;s Cycling<\/span><\/p>\n<p>                            <span class=\"text-base text-black font-bold mx-0 my-2.5 p-0 block custom-text-styles\">&#8216;A shame I wasn&#8217;t on Kim&#8217;s wheel in the final corner&#8217; \u2013 Liane Lippert second behind unstoppable Le Court-Pienaar on Tour of Britain Women queen stage<\/span><\/p><\/div>\n<div class=\"relative recirc-feed sponsored-card min-h-[250px]\" data-recirc-id=\"article-river-stacked-ads:native-cards\" data-mrf-recirculation=\"article-river-ads\" data-nosnippet data-ad-slot-path=\"feed-sponsored-post\" data-attribute-device=\"all\">\n<div class=\"sponsored-post max-w-full [&amp;.sponsored-post--loaded+.sponsored-post--placeholder]:hidden [&amp;[data-bordeaux-hook-loaded]+.sponsored-post--placeholder]:hidden\"><\/div>\n<div class=\"max-w-full sponsored-post--placeholder animate-pulse\">\n<div class=\"relative!\">\n            <span class=\"font-ui-heading bg-(--ad-slot-badge-bg-color) absolute text-xs font-bold leading-[14px] tracking-normal text-left text-white px-2.5 py-[5px] left-0 top-0 empty:hidden\"><\/span><\/p>\n<div class=\"aspect-[var(--img-listing-aspect-ratio,16\/9)] relative bg-gray-200\"><\/div>\n<p>            <span class=\"text-base text-black font-bold mx-0 my-2.5 p-0 block bg-gray-100\">\u00a0<br \/>\u00a0<\/span>\n        <\/div>\n<\/p><\/div>\n<\/div>\n<div>\n<div class=\"aspect-[var(--img-listing-aspect-ratio,16\/9)] relative mb-3.5\">\n<p>    <img decoding=\"async\" src=\"https:\/\/cdn.mos.cms.futurecdn.net\/fXAaRtRGWr7884wyUeD2nd.jpg\" alt=\"S&amp;#039;annara Grove of Smurfit Westrock Cycling Team crosses the finish line of stage 2 at Lloyds Tour of Britain Women 2026\" loading=\"lazy\" class=\"rounded-[var(--image--border-radius,0)] object-cover w-full h-full\"><\/p><\/div>\n<p>                                                                                                <span class=\"custom-subheading-styles\">Doping<\/span><\/p>\n<p>                            <span class=\"text-base text-black font-bold mx-0 my-2.5 p-0 block custom-text-styles\">South African racer leaves Tour of Britain Women after returning out-of-competition positive test for synthetic peptide<\/span><\/p><\/div>\n<div class=\"relative recirc-feed sponsored-card min-h-[250px]\" data-recirc-id=\"article-river-stacked-ads:native-cards\" data-mrf-recirculation=\"article-river-ads\" data-nosnippet data-ad-slot-path=\"feed-sponsored-post\" data-attribute-device=\"all\">\n<div class=\"sponsored-post max-w-full [&amp;.sponsored-post--loaded+.sponsored-post--placeholder]:hidden [&amp;[data-bordeaux-hook-loaded]+.sponsored-post--placeholder]:hidden\"><\/div>\n<div class=\"max-w-full sponsored-post--placeholder animate-pulse\">\n<div class=\"relative!\">\n            <span class=\"font-ui-heading bg-(--ad-slot-badge-bg-color) absolute text-xs font-bold leading-[14px] tracking-normal text-left text-white px-2.5 py-[5px] left-0 top-0 empty:hidden\"><\/span><\/p>\n<div class=\"aspect-[var(--img-listing-aspect-ratio,16\/9)] relative bg-gray-200\"><\/div>\n<p>            <span class=\"text-base text-black font-bold mx-0 my-2.5 p-0 block bg-gray-100\">\u00a0<br \/>\u00a0<\/span>\n        <\/div>\n<\/p><\/div>\n<\/div>\n<div>\n<div class=\"aspect-[var(--img-listing-aspect-ratio,16\/9)] relative mb-3.5\">\n<p>    <img decoding=\"async\" src=\"https:\/\/cdn.mos.cms.futurecdn.net\/XP2rqy7qez9mC6UdTwJgz.jpg\" alt=\"Mike Woods displays Silca&amp;#039;s new RG-3 gravel tyre in 32x2.4&amp;quot; size option\" loading=\"lazy\" class=\"rounded-[var(--image--border-radius,0)] object-cover w-full h-full\"><\/p><\/div>\n<p>                                                                                                <span class=\"custom-subheading-styles\">Wheels &amp; Tyres<\/span><\/p>\n<p>                            <span class=\"text-base text-black font-bold mx-0 my-2.5 p-0 block custom-text-styles\">New road and gravel tyres from Silca signal a change in strategy for the Italian company<\/span><\/p><\/div>\n<div class=\"relative recirc-feed sponsored-card min-h-[250px]\" data-recirc-id=\"article-river-stacked-ads:native-cards\" data-mrf-recirculation=\"article-river-ads\" data-nosnippet data-ad-slot-path=\"feed-sponsored-post\" data-attribute-device=\"all\">\n<div class=\"sponsored-post max-w-full [&amp;.sponsored-post--loaded+.sponsored-post--placeholder]:hidden [&amp;[data-bordeaux-hook-loaded]+.sponsored-post--placeholder]:hidden\"><\/div>\n<div class=\"max-w-full sponsored-post--placeholder animate-pulse\">\n<div class=\"relative!\">\n            <span class=\"font-ui-heading bg-(--ad-slot-badge-bg-color) absolute text-xs font-bold leading-[14px] tracking-normal text-left text-white px-2.5 py-[5px] left-0 top-0 empty:hidden\"><\/span><\/p>\n<div class=\"aspect-[var(--img-listing-aspect-ratio,16\/9)] relative bg-gray-200\"><\/div>\n<p>            <span class=\"text-base text-black font-bold mx-0 my-2.5 p-0 block bg-gray-100\">\u00a0<br \/>\u00a0<\/span>\n        <\/div>\n<\/p><\/div>\n<\/div>\n<div>\n<div class=\"aspect-[var(--img-listing-aspect-ratio,16\/9)] relative mb-3.5\">\n<p>    <img decoding=\"async\" src=\"https:\/\/cdn.mos.cms.futurecdn.net\/o9dfoYGxAgxmJ5j8ffMbSP.jpg\" alt=\"Jay Vine of UAE Team Emirates-XRG rode the stage 18 time trial in the Polka Dot Mountain Jersey at the 2025 Vuelta a Espa\u00f1a, finishing second\" loading=\"lazy\" class=\"rounded-[var(--image--border-radius,0)] object-cover w-full h-full\"><\/p><\/div>\n<p>                                                                                                <span class=\"custom-subheading-styles\">Racing<\/span><\/p>\n<p>                            <span class=\"text-base text-black font-bold mx-0 my-2.5 p-0 block custom-text-styles\">Vuelta a Espa\u00f1a stage 1 time trial start times \u2013 When Jay Vine, Wout van Aert, Tadej Poga\u010dar and others take turns on twisting 9.6km route in Monaco<\/span><\/p><\/div>\n<div class=\"relative recirc-feed sponsored-card min-h-[250px]\" data-recirc-id=\"article-river-stacked-ads:native-cards\" data-mrf-recirculation=\"article-river-ads\" data-nosnippet data-ad-slot-path=\"feed-sponsored-post\" data-attribute-device=\"all\">\n<div class=\"sponsored-post max-w-full [&amp;.sponsored-post--loaded+.sponsored-post--placeholder]:hidden [&amp;[data-bordeaux-hook-loaded]+.sponsored-post--placeholder]:hidden\"><\/div>\n<div class=\"max-w-full sponsored-post--placeholder animate-pulse\">\n<div class=\"relative!\">\n            <span class=\"font-ui-heading bg-(--ad-slot-badge-bg-color) absolute text-xs font-bold leading-[14px] tracking-normal text-left text-white px-2.5 py-[5px] left-0 top-0 empty:hidden\"><\/span><\/p>\n<div class=\"aspect-[var(--img-listing-aspect-ratio,16\/9)] relative bg-gray-200\"><\/div>\n<p>            <span class=\"text-base text-black font-bold mx-0 my-2.5 p-0 block bg-gray-100\">\u00a0<br \/>\u00a0<\/span>\n        <\/div>\n<\/p><\/div>\n<\/div>\n<div>\n<div class=\"aspect-[var(--img-listing-aspect-ratio,16\/9)] relative mb-3.5\">\n<p>    <img decoding=\"async\" src=\"https:\/\/cdn.mos.cms.futurecdn.net\/onxjykbjbXTp2YUWDDjnF3.jpg\" alt=\"BLACKPOOL, ENGLAND - AUGUST 20: Lotte Kopecky of Belgium and Team SD Worx - Protime crosses the finish line during the 11th Lloyds Tour of Britain Women 2026, Stage 2 a 110.5km stage from Clitheroe to Blackpool \/ #UCIWWT \/ on August 20, 2026 in Blackpool, England. (Photo by Matt McNulty\/Getty Images)\" loading=\"lazy\" class=\"rounded-[var(--image--border-radius,0)] object-cover w-full h-full\"><\/p><\/div>\n<p>                                                                                                <span class=\"custom-subheading-styles\">Women&#8217;s Cycling<\/span><\/p>\n<p>                            <span class=\"text-base text-black font-bold mx-0 my-2.5 p-0 block custom-text-styles\">Lotte Kopecky pulls out of Tour of Britain Women<\/span><\/p><\/div>\n<div class=\"relative recirc-feed sponsored-card min-h-[250px]\" data-recirc-id=\"article-river-stacked-ads:native-cards\" data-mrf-recirculation=\"article-river-ads\" data-nosnippet data-ad-slot-path=\"feed-sponsored-post\" data-attribute-device=\"all\">\n<div class=\"sponsored-post max-w-full [&amp;.sponsored-post--loaded+.sponsored-post--placeholder]:hidden [&amp;[data-bordeaux-hook-loaded]+.sponsored-post--placeholder]:hidden\"><\/div>\n<div class=\"max-w-full sponsored-post--placeholder animate-pulse\">\n<div class=\"relative!\">\n            <span class=\"font-ui-heading bg-(--ad-slot-badge-bg-color) absolute text-xs font-bold leading-[14px] tracking-normal text-left text-white px-2.5 py-[5px] left-0 top-0 empty:hidden\"><\/span><\/p>\n<div class=\"aspect-[var(--img-listing-aspect-ratio,16\/9)] relative bg-gray-200\"><\/div>\n<p>            <span class=\"text-base text-black font-bold mx-0 my-2.5 p-0 block bg-gray-100\">\u00a0<br \/>\u00a0<\/span>\n        <\/div>\n<\/p><\/div>\n<\/div><\/div>\n<\/p><\/div>\n<\/aside>\n<\/section>\n<div class=\"related-articles-block\">\n<\/div>\n<\/div>\n<\/div>\n<div data-widget-type=\"ads\" id=\"ads-middle-1\" class=\"clear-both widget widget-ads widget-ads-middle-1 widget-ads-ads-middle-1 widget-no-data widget-ads-flexi_ads_middle1\">\n<div id=\"bdx_flexi_ads_middle1\" data-type=\"ads\" data-ads-type=\"bordeaux\" class=\"flexi_ads_middle1\"><\/div>\n<\/div>\n<\/div>\n<div id=\"widgetArea17\" class=\"widget-area md:basis-1\/3 widget-area-g-md-vp-1-3 widget-area-g-lg-vp-1-3 widget-area-g-xl-vp-1-3 page-widget-area-17\">\n<div data-widget-type=\"empty\" id=\"sidebar\" class=\"clear-both widget widget-empty widget-sidebar widget-empty-sidebar widget-no-data widget-empty\">\n<\/div>\n<div data-widget-type=\"empty\" id=\"sidebar-top\" class=\"clear-both widget widget-empty widget-sidebar-top widget-empty-sidebar-top ad-unit widget-no-data widget-empty\">\n<\/div>\n<div data-widget-type=\"contentparsed\" id=\"follow-us-on-google-news\" class=\"clear-both widget widget-contentparsed widget-follow-us-on-google-news widget-contentparsed-follow-us-on-google-news widget-content-parsed widget-content-parsed-curated \">\n<div class=\"wcp-item-content\">\n<\/div>\n<\/div>\n<div data-widget-type=\"empty\" id=\"sidebar-popular-top\" class=\"clear-both widget widget-empty widget-sidebar-popular-top widget-empty-sidebar-popular-top ad-unit widget-no-data widget-empty\">\n<\/div>\n<div data-widget-type=\"dynamic\" id=\"popular-data\" class=\"clear-both widget widget-dynamic widget-popular-data widget-dynamic-popular-data widget-dynamic-fter-popular-box\">\n<div class=\"clear-both widget-header\">\n<\/div>\n<div class=\"wdn-fte-pb pos-relative space-t20\n\"><\/p>\n<div class=\"slice-container popular-box-slice\">\n<section class=\"popular-box\" data-component-name=\"Slice:PopularBox\">\n<div class=\"popular-box__label\">\n<div class=\"popular-box__label__tab popular-box__label__tab--active\" role=\"heading\">\nLATEST ARTICLES\n<\/div>\n<\/div>\n<ol class=\"popular-box__articles-list popular-box__articles-list--active\">\n<li class=\"popular-box__article-list\">\n<div class=\"popular-box__article-list__container\">\n<div class=\"popular-box__article-list__image-wrapper\">\n<div>\n<p><img decoding=\"async\" src=\"https:\/\/cdn.mos.cms.futurecdn.net\/iSijFQzPeQBT8U9pXGDkXW.jpg\" alt=\"Lauren Dickson crosses the line to finish stage 3 of the Tour of Britain Women\" loading=\"lazy\" class=\"rounded-[var(--image--border-radius,0)] popular-box__article-list__image image__image\"><\/p>\n<\/div>\n<\/div>\n<div class=\"popular-box__article-list__content\">\n<div class=\"popular-box__article-list__number-text\">1<\/div>\n<div class=\"popular-box__article-list__heading\">\n<p>Lauren Dickson returns from collarbone break and takes Queen of the Mountain lead on debut with FDJ United-SUEZ at Tour of Britain Women<\/p>\n<\/div>\n<\/div>\n<\/div>\n<\/li>\n<li class=\"popular-box__article-list\">\n<div class=\"popular-box__article-list__container\">\n<div class=\"popular-box__article-list__content\">\n<div class=\"popular-box__article-list__number-text\">2<\/div>\n<div class=\"popular-box__article-list__heading\">\n<p>South African racer leaves Tour of Britain Women after returning out-of-competition positive test for synthetic peptide<\/p>\n<\/div>\n<\/div>\n<\/div>\n<\/li>\n<li class=\"popular-box__article-list\">\n<div class=\"popular-box__article-list__container\">\n<div class=\"popular-box__article-list__content\">\n<div class=\"popular-box__article-list__number-text\">3<\/div>\n<div class=\"popular-box__article-list__heading\">\n<p>&#8216;A shame I wasn&#8217;t on Kim&#8217;s wheel in the final corner&#8217; \u2013 Liane Lippert second behind unstoppable Le Court-Pienaar on Tour of Britain Women queen stage<\/p>\n<\/div>\n<\/div>\n<\/div>\n<\/li>\n<li class=\"popular-box__article-list\">\n<div class=\"popular-box__article-list__container\">\n<div class=\"popular-box__article-list__content\">\n<div class=\"popular-box__article-list__number-text\">4<\/div>\n<div class=\"popular-box__article-list__heading\">\n<p>New road and gravel tyres from Silca signal a change in strategy for the Italian company<\/p>\n<\/div>\n<\/div>\n<\/div>\n<\/li>\n<li class=\"popular-box__article-list\">\n<div class=\"popular-box__article-list__container\">\n<div class=\"popular-box__article-list__content\">\n<div class=\"popular-box__article-list__number-text\">5<\/div>\n<div class=\"popular-box__article-list__heading\">\n<p>Deutschland Tour: Alessio Magagnotti lands stunning sprint win ahead of Paul Magnier on stage 2<\/p>\n<\/div>\n<\/div>\n<\/div>\n<\/li>\n<\/ol>\n<\/section>\n<\/div>\n<\/div>\n<\/div>\n<div data-widget-type=\"empty\" id=\"sidebar-popular-bottom\" class=\"clear-both widget widget-empty widget-sidebar-popular-bottom widget-empty-sidebar-popular-bottom ad-unit widget-no-data widget-empty\">\n<\/div>\n<\/div>\n<\/div>\n<\/article>\n<div class=\"news-article\">\n<header data-component-name=\"Article:Hero\">\n<div id=\"kiosq-metered-message\" class=\"kiosq-metered-message-content\"><\/div>\n<nav class=\"breadcrumb\" aria-label=\"Breadcrumbs\">\n<ol>\n<li>\nPro Cycling\n<\/li>\n<li>\nTeams &amp; Riders\n<\/li>\n<li>\nLidl-Trek\n<\/li>\n<li>\nJonathan Milan\n<\/li>\n<\/ol>\n<\/nav>\n<h1>Jonathan Milan ordered to pull over as race leader is lapped by peloton following huge crash at Renewi Tour<\/h1>\n<div class=\"byline-social\">\n<div class=\"vds-byline-block flex flex-row flex-nowrap my-1.5 gap-2 text-left items-start justify-start\" data-component-name=\"Article:BylineBlock\">\n<p>News<\/p>\n<div class=\"my-auto vds-simple-byline\">\n<span class=\"inline-block vds-author\"><br \/>\nBy<br \/>\nPatrick Fletcher <\/span><br \/>\n<span class=\"inline-block h-3 my-auto border-l border-solid vds-simple-byline__divider max-sm:hidden\"><\/span><\/p>\n<div class=\"flex gap-1 vds-byline-with-avatar__meta\">\n<span class=\"vds-date block font-normal tracking-normal normal-case text-xs\"><br \/>\nPublished<br \/>\n<time data-component-name=\"UI:DateTime\" datetime=\"2026-08-20T16:53:25Z\" class=\"relative-date\"><br \/>\n20 August 2026<br \/>\n<\/time><br \/>\n<\/span>\n<\/div>\n<\/div>\n<\/div>\n<p class=\"strapline\">Stage 1 winner battles bravely on many minutes behind the bunch after heavy fall<\/p>\n<\/div>\n<aside class=\"text-gray-700 flex items-center mx-0 my-5 p-0 justify-start text-left\" id=\"affiliate-disclaimer\" data-component-name=\"AffiliateDisclaimer\" data-hawk-message=\"Affiliate disclaimer removed because hawk deemed there are no affiliate links on this page\">\n<p class=\"text-[color:var(--affiliate-disclaimer--text-color,inherit)] mb-2 text-[length:var(--affiliate-disclaimer--font-size,0.75rem)] leading-[18px] md:text-[13px] [&amp;&gt;a]:text-inherit [&amp;&gt;a]:underline\">\nWhen you purchase through links on our site, we may earn an affiliate commission. Here\u2019s how it works.\n<\/p>\n<\/aside>\n<\/header>\n<\/div>\n<div id=\"article-body\" class=\"text-copy bodyCopy auto paywall-locker\">\n<div data-analytics-id=\"utility-bar\" id=\"utility-bar\" class=\"font-ui-heading flex justify-between items-center py-2 border-t border-b border-gray-300 border-solid mb-5 mx-auto\" data-component-name=\"UtilityBar\" data-mrf-recirculation=\"utility-bar\">\n<div class=\"flex gap-2 text-[#333] subcontainer\">\n<div class=\"relative tooltip-container\" role=\"tooltip\">\n<div data-component-name=\"Social:Dropdown\" role=\"menu\" id=\"utilitybar__dropdown--share\" aria-labelledby=\"utilitybar__button--share\" class=\"absolute left-0 top-full w-44 bg-white rounded-md shadow-md border border-neutral-200 z-[9996] list-none m-0 py-2 px-3 border-solid\">\n<ul class=\"m-0!\">\n<li class=\"!p-0 !m-0 list-none border-b border-gray-200 border-solid\">\n<\/li>\n<li class=\"!p-0 !m-0 list-none border-b border-gray-200 border-solid\">\n<p>Facebook<\/p>\n<\/li>\n<li class=\"!p-0 !m-0 list-none border-b border-gray-200 border-solid\">\n<p>X<\/p>\n<\/li>\n<li class=\"!p-0 !m-0 list-none border-b border-gray-200 border-solid\">\n<p>Pinterest<\/p>\n<\/li>\n<li class=\"!p-0 !m-0 list-none border-b border-gray-200 border-solid\">\n<p>Email<\/p>\n<\/li>\n<\/ul>\n<\/div>\n<div class=\"font-ui-heading max-sm:hidden tooltip absolute left-1\/2 bg-gray-900 text-white text-xs leading-none px-3 py-1.5 rounded-md z-[10001] whitespace-nowrap\" id=\"tooltip-share-this-article\" role=\"tooltip\" aria-hidden=\"true\">\nShare this article\n<\/div>\n<\/div>\n<div class=\"relative tooltip-container\" role=\"tooltip\">\n<p>    <span class=\"ml-1 inline-flex h-5 px-2 shrink-0 items-center justify-center self-center overflow-hidden whitespace-nowrap rounded-[10px] bg-primary-500 text-[11px] leading-none font-ui-heading font-semibold text-white\">1<\/span><\/p>\n<div class=\"font-ui-heading max-sm:hidden tooltip absolute left-1\/2 bg-gray-900 text-white text-xs leading-none px-3 py-1.5 rounded-md z-[10001] whitespace-nowrap\" id=\"tooltip-join-the-conversation\" role=\"tooltip\" aria-hidden=\"true\">\nJoin the conversation\n<\/div>\n<\/div>\n<\/div>\n<div class=\"flex gap-2 text-[#333] subcontainer\">\n<div class=\"relative tooltip-container\" role=\"tooltip\">\n<p>Follow us<\/p>\n<div class=\"font-ui-heading max-sm:hidden tooltip absolute left-1\/2 bg-gray-900 text-white text-xs leading-none px-3 py-1.5 rounded-md z-[10001] whitespace-nowrap\" id=\"tooltip-add-us-as-a-preferred-source-on-google\" role=\"tooltip\" aria-hidden=\"true\">\nAdd us as a preferred source on Google\n<\/div>\n<\/div>\n<div class=\"relative tooltip-container\" role=\"tooltip\">\n<div class=\"font-ui-heading max-sm:hidden tooltip absolute left-1\/2 bg-gray-900 text-white text-xs leading-none px-3 py-1.5 rounded-md z-[10001] whitespace-nowrap\" id=\"tooltip-subscribe-to-our-newsletter\" role=\"tooltip\" aria-hidden=\"true\">\nSubscribe to our newsletter\n<\/div>\n<\/div>\n<\/div>\n<\/div>\n<p id=\"elk-f69edcf0-9cb2-11f1-8386-275cae83ec79\">Race leader Jonathan Milan (Lidl-Trek) rolled home on stage 2 of the Renewi Tour after a crash and a 65km struggle that saw him trail by several minutes and even have to stand aside in the finale as he was lapped by the peloton.<\/p>\n<div id=\"ad-unit-1\" class=\"ad-unit\"><\/div>\n<p>The Italian, swapping his national champion&#8217;s jersey for the light blue race leader&#8217;s jersey following his victory on the opening day, hit the deck heavily in a huge crash on the finishing circuit in Ardooie.<\/p>\n<p><a id=\"elk-seasonal\"><\/a><\/p>\n<aside data-article-category=\"pro-cycling\" data-block-type=\"embed\" data-render-type=\"fte\" data-skip=\"dealsy\" data-widget-type=\"seasonal\" class=\"ecom-root\"><\/aside>\n<p id=\"elk-f69edcf0-9cb2-11f1-8386-275cae83ec79-2\" aria-hidden=\"true\" class=\"kiosq-b\">The race had been splitting in the crosswinds and tensions were high when an Alpecin-Premier Tech rider overlapped a wheel and jutted to the left, sparking a chain reaction that sent riders bouncing off each other and many to the ground. It was a sprawling crash that involved a good central chunk of the peloton.<\/p>\n<div class=\"my-6 w-full overflow-hidden rounded-[10px] lg:my-8\" data-component-name=\"JwPlayer:Carousel\" data-jwp-carousel data-jwp-carousel-payload=\"{&quot;ids&quot;:{&quot;playerID&quot;:&quot;jYDCcabO&quot;,&quot;searchPlaylistID&quot;:&quot;gwjdoYHD&quot;,&quot;divID&quot;:&quot;botr_gwjdoYHD_jYDCcabO_div&quot;,&quot;fallbackPlaylistID&quot;:&quot;gwjdoYHD&quot;,&quot;fallbackDivID&quot;:&quot;botr_gwjdoYHD_jYDCcabO_div&quot;,&quot;key&quot;:&quot;X9\/mXVGac0NphghLH9hZaqWA5d3dhAM\/Ih07grnEyMLjuO2E&quot;,&quot;tintLogo&quot;:true,&quot;useSearchPlaylist&quot;:false,&quot;enabled&quot;:true},&quot;signPostingEnabled&quot;:true,&quot;signPostingLinkEnabled&quot;:true,&quot;waitForAdLoad&quot;:false,&quot;hidePlayerOnDesktop&quot;:false,&quot;hidePlayerOnMobile&quot;:false,&quot;hidePlayerOnTablet&quot;:false}\">\n<div class=\"flex flex-nowrap items-center justify-between gap-3 bg-zinc-900 px-[14px] py-3\" data-jwp-carousel-header>\n<div class=\"flex min-w-0 shrink items-center\"><span class=\"inline-flex items-center gap-1.5 text-sm font-article-heading capitalize leading-5 text-white whitespace-nowrap\"><span class=\"jwp-carousel-title-mobile\"><\/span><span class=\"jwp-carousel-title-desktop\">Latest Videos From<\/span><span class=\"jwp-carousel-brand\">Cyclingnews<\/span><\/span><\/div>\n<\/div>\n<div class=\"aspect-video w-full min-h-[200px] lg:min-h-[330px] relative overflow-hidden bg-black\" data-jwp-carousel-container>\n<div class=\"absolute inset-0 size-full\" data-jwp-carousel-player-host><\/div>\n<div class=\"absolute inset-0 size-full items-center justify-center bg-white\" data-jwp-carousel-fallback><\/div>\n<\/div>\n<div class=\"min-h-[44px] bg-zinc-900 px-[14px] py-3\" data-jwp-carousel-signposting><a class=\"invisible block truncate text-sm font-bold leading-5 text-white underline decoration-solid underline-offset-2\" data-jwp-carousel-signposting-link href target=\"_blank\" rel=\"noopener noreferrer\"><span data-jwp-carousel-signposting-title>Watch full video here: <\/span><\/a><\/div>\n<\/div>\n<p aria-hidden=\"true\" class=\"kiosq-b\">Jayco-AlUla&#8217;s Amaury Capiot was seemingly the worst affected, his teammate Luke Durbridge calling for medical attention as he hovered over him, with Capiot soon taken away in an ambulance.<\/p>\n<div id=\"ad-unit-2\" class=\"ad-unit\"><\/div>\n<p aria-hidden=\"true\" class=\"kiosq-b\">Milan was also in a bad way and didn&#8217;t get up for a few minutes. As he lay stricken initially, it looked as though his race was over. He had landed awkwardly and was clutching his right arm, with a grimace on his face.<\/p>\n<aside data-component-name=\"Recirculation:ArticleRiver\" data-recirculation-type=\"inline\" data-mrf-recirculation=\"Trending Bar\" data-nosnippet class=\"clear-both pt-2 pb-0 mb-4\">\n        <span class=\"\n            flex\n            after:content-[&apos;&apos;] after:flex-1 after:ml-4 after:my-[0.7rem] after:border-t after:border-solid after:border-t-[#ccc]\n            before:content-[&apos;&apos;] before:flex-1 before:mr-4 before:my-[0.7rem] before:border-t before:border-solid before:border-t-[#ccc]\n            font-article-heading pb-0 text-[length:var(--article-river-title--font-size,1em)] uppercase sm:text-[length:var(--article-river-title--font-size,0.875em)] font-bold\n        \"><br \/>\n            You may like<br \/>\n        <\/span><\/p>\n<ul class=\"flex flex-col gap-0 m-0 max-w-full\">\n<li class=\"m-0 list-none border-b border-solid border-[#ededed] py-2\" data-recirculation-id=\"recirculation-card-1\" id=\"recirculation-inline-1\" data-analytics-id=\"recirculation-inline-1\" data-mrf-recirculation=\"recirculation-inline-1\">\n<p>    <img decoding=\"async\" src=\"https:\/\/cdn.mos.cms.futurecdn.net\/cAaYYBwDpwRfEoSD8gosEa.jpg\" alt=\"Belgian Jasper Philipsen of Alpecin-Premier Tech celebrates as she crosses the finish line at stage two of the &amp;#039;Renewi Tour&amp;#039; multi-stage cycling race, from Blankenberge to Ardooie (191,3 km) on Thursday 20 August 2026. The five-day race takes place from 19 to 23\/08.BELGA PHOTO DAVID PINTENS (Photo by DAVID PINTENS \/ BELGA MAG \/ Belga via AFP)\" loading=\"lazy\" class=\"rounded-[var(--image--border-radius,0)] aspect-square size-[75px] object-cover shrink-0 rounded-lg\"><\/p>\n<p>                        <span class=\"w-full text-base font-[var(--article-river-item--font-weight,500)] font-article-heading line-clamp-3 md:line-clamp-2\">Renewi Tour: Jasper Philipsen storms into race lead with victory on windy and chaotic stage 2<\/span><\/p>\n<\/li>\n<li class=\"m-0 list-none border-b border-solid border-[#ededed] py-2\" data-recirculation-id=\"recirculation-card-2\" id=\"recirculation-inline-2\" data-analytics-id=\"recirculation-inline-2\" data-mrf-recirculation=\"recirculation-inline-2\">\n<p>    <img decoding=\"async\" src=\"https:\/\/cdn.mos.cms.futurecdn.net\/SbcAyX4mTz373kZpRJiv99.jpg\" alt=\"DIEST, BELGIUM - AUGUST 19: (L-R) Stage winner Jonathan Milan of Italy and Team Lidl - Trek and Olav Kooij of Netherlands and Team Decathlon CMA CGM Team sprint at finish line during the 21st Renewi Tour 2026, Stage 1 a 191.3km stage from Diest to Diest \/ #UCIWT \/ on August 19, 2026 in Diest, Belgium. (Photo by Luc Claessen\/Getty Images)\" loading=\"lazy\" class=\"rounded-[var(--image--border-radius,0)] aspect-square size-[75px] object-cover shrink-0 rounded-lg\"><\/p>\n<p>                        <span class=\"w-full text-base font-[var(--article-river-item--font-weight,500)] font-article-heading line-clamp-3 md:line-clamp-2\">Renewi Tour: Jonathan Milan edges out Olav Kooij in photo finish to win a messy opening stage<\/span><\/p>\n<\/li>\n<li class=\"m-0 list-none border-b border-solid border-[#ccc] py-2\" data-recirculation-id=\"recirculation-card-3\" id=\"recirculation-inline-3\" data-analytics-id=\"recirculation-inline-3\" data-mrf-recirculation=\"recirculation-inline-3\">\n<p>    <img decoding=\"async\" src=\"https:\/\/cdn.mos.cms.futurecdn.net\/8cZgjmwfhaTVzqDKtVadBZ.jpg\" alt=\"Jonathan Milan in the Italian champion&amp;#039;s jersey celebrates winning stage 1 of Tour de Pologne\" loading=\"lazy\" class=\"rounded-[var(--image--border-radius,0)] aspect-square size-[75px] object-cover shrink-0 rounded-lg\"><\/p>\n<p>                        <span class=\"w-full text-base font-[var(--article-river-item--font-weight,500)] font-article-heading line-clamp-3 md:line-clamp-2\">Tour de Pologne: Jonathan Milan powers to victory in stage 1 bunch sprint<\/span><\/p>\n<\/li>\n<\/ul>\n<\/aside>\n<p aria-hidden=\"true\" class=\"kiosq-b\">However, Milan eventually remounted and carried on. The peloton was already several minutes up ahead by the time he&#8217;d got going again, and there was no chance of getting back in. In fact, Milan could barely hold the wheel of his teammate Simone Consonni, who&#8217;d been ordered to wait for him, and at that point it looked unlikely that Milan would be able to ride like this for the 60km required to make it to the finish.<\/p>\n<p aria-hidden=\"true\" class=\"kiosq-b\">But ride on he did, sticking with Consonni well behind the peloton as the laps of the Ardooie circuit ticked down, and the time gap ticked up, well into the double digits.<\/p>\n<div id=\"slice-container-newsletterForm-articleInbodyContent-fkkkkM8XgVi5kvZam3sGtm\" class=\"slice-container newsletter-inbodyContent-slice newsletterForm-articleInbodyContent-fkkkkM8XgVi5kvZam3sGtm slice-container-newsletterForm\">\n<div data-hydrate=\"true\" class=\"newsletter-form__wrapper newsletter-form__wrapper--inbodyContent\">\n<div class=\"newsletter-form__container\">\n<section class=\"newsletter-form__top-bar\">\n<div class=\"newsletter-form__header\">Get The Leadout Newsletter<\/div>\n<\/section>\n<section class=\"newsletter-form__main-section\">\n<p class=\"newsletter-form__strapline\">The latest race content, interviews, features, reviews and expert buying guides, direct to your inbox!<\/p>\n<footer class=\"newsletter-form__footer \">By submitting your information you agree to the Terms &amp; Conditions and Privacy Policy and are aged 16 or over.<\/footer>\n<\/section>\n<\/div>\n<\/div>\n<\/div>\n<p aria-hidden=\"true\" class=\"kiosq-b\">There was, however, a spanner in the works on the final lap. He was so far behind that the peloton was actually coming up behind him, and the organisers, after discussions with the Lidl-Trek team car, ordered Milan and Consonni to stop and pull over.<\/p>\n<p aria-hidden=\"true\" class=\"kiosq-b\">The pair of them stood and chatted at the side of the road before the peloton went past, and they could get going again, still needing to cross the finish line and then ride a whole other lap.<\/p>\n<p aria-hidden=\"true\" class=\"kiosq-b\">They completed the race within the time limit and will be able to continue in the race on Friday on stage 3.<\/p>\n<div class=\"see-more see-more--clipped kiosq-b\" id=\"elk-2090459515552505930\" aria-hidden=\"true\">\n<figure>\n<blockquote class=\"twitter-tweet hawk-ignore\" data-lang=\"en\" cite=\"https:\/\/twitter.com\/cantworkitout\/status\/2090459515552505930\">\n<p lang=\"en\" dir=\"ltr\">\ud83e\udd26\u200d\u2642\ufe0f \u00a1Qu\u00e9 d\u00eda para Jonathan Milan!Tras verse envuelto en la ca\u00edda masiva, los jueces le ordenan detenerse al estar a punto de ser doblado por el pelot\u00f3n en el circuito final.#RenewiTour | #LaCasadelCiclismo pic.twitter.com\/PSCY0bg9hHAugust 20, 2026<\/p>\n<\/blockquote>\n<\/figure>\n<div class=\"see-more__filter\"><\/div>\n<\/div>\n<p id=\"elk-8f3a2b00-9cb7-11f1-8b22-f76d3a1a73ef\" aria-hidden=\"true\" class=\"kiosq-b\"><strong>For unbeatable coverage across road, gravel and tech, subscribe to Cyclingnews. You&#8217;ll get comprehensive race coverage of La Vuelta a Espa\u00f1a, subscriber-exclusive analysis from our expert columnists, in-depth features and industry-leading tech insight. Plus, the Cyclingnews app lets you follow the action wherever you go! <\/strong><u><strong>Join today.<\/strong><\/u><\/p>\n<\/div>\n<p>[analyse_source url=&#8221;https:\/\/www.cyclingnews.com\/pro-cycling\/teams-riders\/jonathan-milan-ordered-to-pull-over-as-race-leader-is-lapped-by-peloton-following-huge-crash-at-renewi-tour\/&#8221;]<\/p>\n","protected":false},"excerpt":{"rendered":"<p>[analyse_image type=&#8221;featured&#8221; src=&#8221;https:\/\/cdn.mos.cms.futurecdn.net\/nTZNZUUHHn5swtJ88RvBgD-2000-80.jpg&#8221;] 1 Renewi Tour: Jonathan Milan edges out Olav Kooij in photo finish to win a messy opening stage 2 Renewi Tour: Jasper Philipsen storms into race lead with victory on windy and chaotic stage 2 3 Renewi Tour: Jenno Berckmoes pulls off a heist to snatch stage 3 and the leader&#8217;s jersey [&hellip;]<\/p>\n","protected":false},"author":1,"featured_media":0,"comment_status":"open","ping_status":"","sticky":false,"template":"","format":"standard","meta":{"footnotes":""},"categories":[2],"tags":[226,68],"class_list":["post-2105266","post","type-post","status-publish","format-standard","hentry","category-politics","tag-crawlmanager","tag-cyclingnews-com"],"_links":{"self":[{"href":"https:\/\/analyse.optim.biz\/index.php?rest_route=\/wp\/v2\/posts\/2105266","targetHints":{"allow":["GET"]}}],"collection":[{"href":"https:\/\/analyse.optim.biz\/index.php?rest_route=\/wp\/v2\/posts"}],"about":[{"href":"https:\/\/analyse.optim.biz\/index.php?rest_route=\/wp\/v2\/types\/post"}],"author":[{"embeddable":true,"href":"https:\/\/analyse.optim.biz\/index.php?rest_route=\/wp\/v2\/users\/1"}],"replies":[{"embeddable":true,"href":"https:\/\/analyse.optim.biz\/index.php?rest_route=%2Fwp%2Fv2%2Fcomments&post=2105266"}],"version-history":[{"count":0,"href":"https:\/\/analyse.optim.biz\/index.php?rest_route=\/wp\/v2\/posts\/2105266\/revisions"}],"wp:attachment":[{"href":"https:\/\/analyse.optim.biz\/index.php?rest_route=%2Fwp%2Fv2%2Fmedia&parent=2105266"}],"wp:term":[{"taxonomy":"category","embeddable":true,"href":"https:\/\/analyse.optim.biz\/index.php?rest_route=%2Fwp%2Fv2%2Fcategories&post=2105266"},{"taxonomy":"post_tag","embeddable":true,"href":"https:\/\/analyse.optim.biz\/index.php?rest_route=%2Fwp%2Fv2%2Ftags&post=2105266"}],"curies":[{"name":"wp","href":"https:\/\/api.w.org\/{rel}","templated":true}]}}