{"id":2105122,"date":"2026-08-21T13:53:36","date_gmt":"2026-08-21T10:53:36","guid":{"rendered":"https:\/\/analyse.optim.biz\/?p=2105122"},"modified":"2026-08-21T13:53:36","modified_gmt":"2026-08-21T10:53:36","slug":"ramnicul-risca-sa-ramana-fara-apa-calda-institutiile-cauta-o-solutie-pentru-cele-40-de-milioane-de-lei-necesare-cet-govora-prefectura-spune-ca-a-aflat-despre-suma-din-presa","status":"publish","type":"post","link":"https:\/\/analyse.optim.biz\/?p=2105122","title":{"rendered":"R\u00e2mnicul risc\u0103 s\u0103 r\u0103m\u00e2n\u0103 f\u0103r\u0103 ap\u0103 cald\u0103? Institu\u021biile caut\u0103 o solu\u021bie pentru cele 40 de milioane de lei necesare CET Govora, Prefectura spune c\u0103 a aflat despre sum\u0103 din pres\u0103"},"content":{"rendered":"<p>[analyse_image type=&#8221;featured&#8221; src=&#8221;https:\/\/www.impactreal.ro\/wp-content\/uploads\/2026\/08\/CET-2026-8-1024&#215;576.png&#8221;]<\/p>\n<div class=\"single-news-content\">\n<div class=\"news-image\"><img loading=\"lazy\" decoding=\"async\" width=\"1672\" height=\"941\" src=\"https:\/\/www.impactreal.ro\/wp-content\/uploads\/2026\/08\/CET-2026-8.png\" class=\"img-responsive wp-post-image\" alt=\"R\u00e2mnicul risc\u0103 s\u0103 r\u0103m\u00e2n\u0103 f\u0103r\u0103 ap\u0103 cald\u0103? Institu\u021biile caut\u0103 o solu\u021bie pentru cele 40 de milioane de lei necesare CET Govora, Prefectura spune c\u0103 a aflat despre sum\u0103 din pres\u0103\"><\/div>\n<div class=\"news-detail clearfix\">\n<div class=\"entry-meta\"><span class=\"posted-date\"><a href=\"https:\/\/www.impactreal.ro\/2026\/08\/21\/ramnicul-risca-sa-ramana-fara-apa-calda-pentru-cet-govora-se-cer-40-de-milioane-de-lei-prefectura-spune-ca-a-aflat-despre-suma-din-presa\/\" rel=\"bookmark\"><time class=\"entry-date published\" datetime=\"2026-08-21T16:53:36+03:00\">21 august 2026<\/time><time class=\"updated\" datetime=\"2026-08-21T20:35:33+03:00\">21 august 2026<\/time><\/a><\/span><span class=\"author vcard\"><a href=\"https:\/\/www.impactreal.ro\/author\/claudia-schiopu\/\">Claudia Schiopu<\/a><\/span><span class=\"cat-links\"><a href=\"https:\/\/www.impactreal.ro\/category\/1slider\/\" rel=\"category tag\">1Slider<\/a><a href=\"https:\/\/www.impactreal.ro\/category\/actualitate\/\" rel=\"category tag\">Actual<\/a><a href=\"https:\/\/www.impactreal.ro\/category\/local\/\" rel=\"category tag\">Local<\/a><\/span><\/div>\n<div class=\"news-content editor-content-entry\">\n<p>R\u00e2mnicu V\u00e2lcea se apropie de o perioad\u0103 grea pentru sistemul de termoficare. \u00a0CET Govora ar avea nevoie de aproximativ 40 de milioane de lei, echivalentul a aproape opt milioane de euro, pentru perioada de trecere de la produc\u021bia pe c\u0103rbune la instala\u021biile pe gaz. Dac\u0103 banii nu vor fi asigura\u021bi la timp, exist\u0103 riscul ca furnizarea apei calde s\u0103 fie afectat\u0103 \u00een septembrie \u0219i o parte din octombrie.<\/p>\n<p>Gazul necesar noilor instala\u021bii trebuie pl\u0103tit \u00eenainte de livrare, pe baza consumului estimat. CET Govora nu poate a\u0219tepta \u00eencasarea facturilor de la popula\u021bie pentru a cump\u0103ra combustibilul, motiv pentru care suma trebuie asigurat\u0103 \u00eenainte de pornirea sistemului.<\/p>\n<p>Presiunea este dat\u0103 \u0219i de termenul de 31 august 2026, c\u00e2nd actuala autoriza\u021bie pentru producerea agentului termic pe c\u0103rbune \u00ee\u0219i pierde valabilitatea. Dup\u0103 aceast\u0103 dat\u0103, CET Govora va continua activitatea de transport, \u00eens\u0103 produc\u021bia va depinde de cazanele de ap\u0103 fierbinte pe gaz, care trebuie puse \u00een func\u021biune \u0219i autorizate.<\/p>\n<p>P\u00e2n\u0103 acum nu este clar dac\u0103 solicitarea pentru cele 40 de milioane de lei a fost transmis\u0103 oficial Guvernului, ce documente au fost depuse \u0219i dac\u0103 Executivul \u0219i-a asumat alocarea banilor. Declara\u021bia sus\u021binut\u0103 ast\u0103zi de subprefectul cu atribu\u021bii de prefect Victor St\u0103nculescu arat\u0103 c\u0103 Prefectura V\u00e2lcea nu fusese informat\u0103 oficial despre acest demers.<\/p>\n<p><img loading=\"lazy\" decoding=\"async\" class=\"alignnone size-medium wp-image-23164\" src=\"https:\/\/www.impactreal.ro\/wp-content\/uploads\/2021\/08\/victor-stanculescu-300x200.jpg\" alt width=\"300\" height=\"200\"><\/p>\n<p>St\u0103nculescu a explicat c\u0103 a aflat din pres\u0103 v\u00e2lcean\u0103 despre suma solicitat\u0103 \u0219i c\u0103, dup\u0103 apari\u021bia informa\u021biei, a cerut verific\u0103ri \u00een cadrul institu\u021biei. Potrivit acestuia, Prefectura nu avea \u00eenregistrat\u0103 o discu\u021bie sau o \u00eent\u00e2lnire la care s\u0103 fi participat CET Govora, Consiliul Jude\u021bean V\u00e2lcea \u0219i societatea care se ocup\u0103 de insolven\u021b\u0103, \u00een vederea preg\u0103tirii documentelor pentru Guvern.<\/p>\n<p>\u201e<strong><em>Am aflat despre aceast\u0103 sum\u0103 de 40 de milioane de lei din presa v\u00e2lcean\u0103, nu pe cale oficial\u0103, de la Consiliul Jude\u021bean, CET Govora sau de la o alt\u0103 institu\u021bie implicat\u0103\u201d,<\/em><\/strong> a declarat Victor St\u0103nculescu.<\/p>\n<p>Subprefectul a convocat vineri, 21 august, o \u00eent\u00e2lnire la care au participat reprezentan\u021bi ai Prefecturii, Consiliului Jude\u021bean V\u00e2lcea, Prim\u0103riei R\u00e2mnicu V\u00e2lcea, CET Govora \u0219i societ\u0103\u021bii care se ocup\u0103 de insolven\u021b\u0103. \u00cen urma discu\u021biilor, s-a stabilit ca documentele trimise c\u0103tre ministere sau Guvern, dac\u0103 acestea exist\u0103, s\u0103 fie prezentate \u0219i Prefecturii.<\/p>\n<p>\u201e<strong><em>Am stabilit s\u0103 ne fie prezentat\u0103 documenta\u021bia trimis\u0103, dac\u0103 exist\u0103, c\u0103tre minister sau c\u0103tre Guvern \u0219i s\u0103 g\u0103sim \u00eempreun\u0103 o solu\u021bie. Putem promova o hot\u0103r\u00e2re de Guvern sau putem participa la o discu\u021bie cu premierul \u0219i cu ceilal\u021bi factori de decizie de la Bucure\u0219ti<\/em><\/strong>\u201d, a precizat subprefectul.<\/p>\n<p>Prin urmare, exist\u0103 o problem\u0103 grav\u0103 de comunicare \u00eentre institu\u021bii. Cu numai c\u00e2teva zile \u00eenainte de expirarea autoriza\u021biei, Prefectura sus\u021bine c\u0103 nu fusese anun\u021bat\u0103 oficial despre necesarul de 40 de milioane de lei.<\/p>\n<p>Tot pe aceast\u0103 tem\u0103, luni, 24 august, de la ora 11.00, la sediul CET Govora va avea loc o conferin\u021b\u0103 de pres\u0103 despre stadiul lucr\u0103rilor de construire a noii centrale. Administratorul judiciar al CET Govora, Alexandru Scarlat, \u0219i administratorul public al jude\u021bului, Adrian Mih\u0103il\u0103, desemnat de Consiliul Jude\u021bean V\u00e2lcea s\u0103 se ocupe de aplicarea proiectului, vor prezenta situa\u021bia din teren \u0219i evolu\u021bia investi\u021biei. Conferin\u021ba ar putea aduce noi l\u0103muriri despre lucr\u0103rile aflate \u00een desf\u0103\u0219urare \u0219i despre trecerea la produc\u021bia pe gaz.<\/p>\n<p>\u00a0<\/p>\n<p>\u00a0<\/p>\n<p>\u00a0<\/p>\n<p>\u00a0<\/p>\n<\/div>\n<\/div>\n<\/div>\n<div class=\"news-content editor-content-entry\">\n<p>R\u00e2mnicu V\u00e2lcea se apropie de o perioad\u0103 grea pentru sistemul de termoficare. \u00a0CET Govora ar avea nevoie de aproximativ 40 de milioane de lei, echivalentul a aproape opt milioane de euro, pentru perioada de trecere de la produc\u021bia pe c\u0103rbune la instala\u021biile pe gaz. Dac\u0103 banii nu vor fi asigura\u021bi la timp, exist\u0103 riscul ca furnizarea apei calde s\u0103 fie afectat\u0103 \u00een septembrie \u0219i o parte din octombrie.<\/p>\n<p>Gazul necesar noilor instala\u021bii trebuie pl\u0103tit \u00eenainte de livrare, pe baza consumului estimat. CET Govora nu poate a\u0219tepta \u00eencasarea facturilor de la popula\u021bie pentru a cump\u0103ra combustibilul, motiv pentru care suma trebuie asigurat\u0103 \u00eenainte de pornirea sistemului.<\/p>\n<p>Presiunea este dat\u0103 \u0219i de termenul de 31 august 2026, c\u00e2nd actuala autoriza\u021bie pentru producerea agentului termic pe c\u0103rbune \u00ee\u0219i pierde valabilitatea. Dup\u0103 aceast\u0103 dat\u0103, CET Govora va continua activitatea de transport, \u00eens\u0103 produc\u021bia va depinde de cazanele de ap\u0103 fierbinte pe gaz, care trebuie puse \u00een func\u021biune \u0219i autorizate.<\/p>\n<p>P\u00e2n\u0103 acum nu este clar dac\u0103 solicitarea pentru cele 40 de milioane de lei a fost transmis\u0103 oficial Guvernului, ce documente au fost depuse \u0219i dac\u0103 Executivul \u0219i-a asumat alocarea banilor. Declara\u021bia sus\u021binut\u0103 ast\u0103zi de subprefectul cu atribu\u021bii de prefect Victor St\u0103nculescu arat\u0103 c\u0103 Prefectura V\u00e2lcea nu fusese informat\u0103 oficial despre acest demers.<\/p>\n<p><img loading=\"lazy\" decoding=\"async\" class=\"alignnone size-medium wp-image-23164\" src=\"https:\/\/www.impactreal.ro\/wp-content\/uploads\/2021\/08\/victor-stanculescu-300x200.jpg\" alt width=\"300\" height=\"200\"><\/p>\n<p>St\u0103nculescu a explicat c\u0103 a aflat din pres\u0103 v\u00e2lcean\u0103 despre suma solicitat\u0103 \u0219i c\u0103, dup\u0103 apari\u021bia informa\u021biei, a cerut verific\u0103ri \u00een cadrul institu\u021biei. Potrivit acestuia, Prefectura nu avea \u00eenregistrat\u0103 o discu\u021bie sau o \u00eent\u00e2lnire la care s\u0103 fi participat CET Govora, Consiliul Jude\u021bean V\u00e2lcea \u0219i societatea care se ocup\u0103 de insolven\u021b\u0103, \u00een vederea preg\u0103tirii documentelor pentru Guvern.<\/p>\n<p>\u201e<strong><em>Am aflat despre aceast\u0103 sum\u0103 de 40 de milioane de lei din presa v\u00e2lcean\u0103, nu pe cale oficial\u0103, de la Consiliul Jude\u021bean, CET Govora sau de la o alt\u0103 institu\u021bie implicat\u0103\u201d,<\/em><\/strong> a declarat Victor St\u0103nculescu.<\/p>\n<p>Subprefectul a convocat vineri, 21 august, o \u00eent\u00e2lnire la care au participat reprezentan\u021bi ai Prefecturii, Consiliului Jude\u021bean V\u00e2lcea, Prim\u0103riei R\u00e2mnicu V\u00e2lcea, CET Govora \u0219i societ\u0103\u021bii care se ocup\u0103 de insolven\u021b\u0103. \u00cen urma discu\u021biilor, s-a stabilit ca documentele trimise c\u0103tre ministere sau Guvern, dac\u0103 acestea exist\u0103, s\u0103 fie prezentate \u0219i Prefecturii.<\/p>\n<p>\u201e<strong><em>Am stabilit s\u0103 ne fie prezentat\u0103 documenta\u021bia trimis\u0103, dac\u0103 exist\u0103, c\u0103tre minister sau c\u0103tre Guvern \u0219i s\u0103 g\u0103sim \u00eempreun\u0103 o solu\u021bie. Putem promova o hot\u0103r\u00e2re de Guvern sau putem participa la o discu\u021bie cu premierul \u0219i cu ceilal\u021bi factori de decizie de la Bucure\u0219ti<\/em><\/strong>\u201d, a precizat subprefectul.<\/p>\n<p>Prin urmare, exist\u0103 o problem\u0103 grav\u0103 de comunicare \u00eentre institu\u021bii. Cu numai c\u00e2teva zile \u00eenainte de expirarea autoriza\u021biei, Prefectura sus\u021bine c\u0103 nu fusese anun\u021bat\u0103 oficial despre necesarul de 40 de milioane de lei.<\/p>\n<p>Tot pe aceast\u0103 tem\u0103, luni, 24 august, de la ora 11.00, la sediul CET Govora va avea loc o conferin\u021b\u0103 de pres\u0103 despre stadiul lucr\u0103rilor de construire a noii centrale. Administratorul judiciar al CET Govora, Alexandru Scarlat, \u0219i administratorul public al jude\u021bului, Adrian Mih\u0103il\u0103, desemnat de Consiliul Jude\u021bean V\u00e2lcea s\u0103 se ocupe de aplicarea proiectului, vor prezenta situa\u021bia din teren \u0219i evolu\u021bia investi\u021biei. Conferin\u021ba ar putea aduce noi l\u0103muriri despre lucr\u0103rile aflate \u00een desf\u0103\u0219urare \u0219i despre trecerea la produc\u021bia pe gaz.<\/p>\n<p>\u00a0<\/p>\n<p>\u00a0<\/p>\n<p>\u00a0<\/p>\n<p>\u00a0<\/p>\n<\/div>\n<div class=\"news-content editor-content-entry\">\n<p>R\u00e2mnicu V\u00e2lcea se apropie de o perioad\u0103 grea pentru sistemul de termoficare. \u00a0CET Govora ar avea nevoie de aproximativ 40 de milioane de lei, echivalentul a aproape opt milioane de euro, pentru perioada de trecere de la produc\u021bia pe c\u0103rbune la instala\u021biile pe gaz. Dac\u0103 banii nu vor fi asigura\u021bi la timp, exist\u0103 riscul ca furnizarea apei calde s\u0103 fie afectat\u0103 \u00een septembrie \u0219i o parte din octombrie.<\/p>\n<p>Gazul necesar noilor instala\u021bii trebuie pl\u0103tit \u00eenainte de livrare, pe baza consumului estimat. CET Govora nu poate a\u0219tepta \u00eencasarea facturilor de la popula\u021bie pentru a cump\u0103ra combustibilul, motiv pentru care suma trebuie asigurat\u0103 \u00eenainte de pornirea sistemului.<\/p>\n<p>Presiunea este dat\u0103 \u0219i de termenul de 31 august 2026, c\u00e2nd actuala autoriza\u021bie pentru producerea agentului termic pe c\u0103rbune \u00ee\u0219i pierde valabilitatea. Dup\u0103 aceast\u0103 dat\u0103, CET Govora va continua activitatea de transport, \u00eens\u0103 produc\u021bia va depinde de cazanele de ap\u0103 fierbinte pe gaz, care trebuie puse \u00een func\u021biune \u0219i autorizate.<\/p>\n<p>P\u00e2n\u0103 acum nu este clar dac\u0103 solicitarea pentru cele 40 de milioane de lei a fost transmis\u0103 oficial Guvernului, ce documente au fost depuse \u0219i dac\u0103 Executivul \u0219i-a asumat alocarea banilor. Declara\u021bia sus\u021binut\u0103 ast\u0103zi de subprefectul cu atribu\u021bii de prefect Victor St\u0103nculescu arat\u0103 c\u0103 Prefectura V\u00e2lcea nu fusese informat\u0103 oficial despre acest demers.<\/p>\n<p><img loading=\"lazy\" decoding=\"async\" class=\"alignnone size-medium wp-image-23164\" src=\"https:\/\/www.impactreal.ro\/wp-content\/uploads\/2021\/08\/victor-stanculescu-300x200.jpg\" alt width=\"300\" height=\"200\"><\/p>\n<p>St\u0103nculescu a explicat c\u0103 a aflat din pres\u0103 v\u00e2lcean\u0103 despre suma solicitat\u0103 \u0219i c\u0103, dup\u0103 apari\u021bia informa\u021biei, a cerut verific\u0103ri \u00een cadrul institu\u021biei. Potrivit acestuia, Prefectura nu avea \u00eenregistrat\u0103 o discu\u021bie sau o \u00eent\u00e2lnire la care s\u0103 fi participat CET Govora, Consiliul Jude\u021bean V\u00e2lcea \u0219i societatea care se ocup\u0103 de insolven\u021b\u0103, \u00een vederea preg\u0103tirii documentelor pentru Guvern.<\/p>\n<p>\u201e<strong><em>Am aflat despre aceast\u0103 sum\u0103 de 40 de milioane de lei din presa v\u00e2lcean\u0103, nu pe cale oficial\u0103, de la Consiliul Jude\u021bean, CET Govora sau de la o alt\u0103 institu\u021bie implicat\u0103\u201d,<\/em><\/strong> a declarat Victor St\u0103nculescu.<\/p>\n<p>Subprefectul a convocat vineri, 21 august, o \u00eent\u00e2lnire la care au participat reprezentan\u021bi ai Prefecturii, Consiliului Jude\u021bean V\u00e2lcea, Prim\u0103riei R\u00e2mnicu V\u00e2lcea, CET Govora \u0219i societ\u0103\u021bii care se ocup\u0103 de insolven\u021b\u0103. \u00cen urma discu\u021biilor, s-a stabilit ca documentele trimise c\u0103tre ministere sau Guvern, dac\u0103 acestea exist\u0103, s\u0103 fie prezentate \u0219i Prefecturii.<\/p>\n<p>\u201e<strong><em>Am stabilit s\u0103 ne fie prezentat\u0103 documenta\u021bia trimis\u0103, dac\u0103 exist\u0103, c\u0103tre minister sau c\u0103tre Guvern \u0219i s\u0103 g\u0103sim \u00eempreun\u0103 o solu\u021bie. Putem promova o hot\u0103r\u00e2re de Guvern sau putem participa la o discu\u021bie cu premierul \u0219i cu ceilal\u021bi factori de decizie de la Bucure\u0219ti<\/em><\/strong>\u201d, a precizat subprefectul.<\/p>\n<p>Prin urmare, exist\u0103 o problem\u0103 grav\u0103 de comunicare \u00eentre institu\u021bii. Cu numai c\u00e2teva zile \u00eenainte de expirarea autoriza\u021biei, Prefectura sus\u021bine c\u0103 nu fusese anun\u021bat\u0103 oficial despre necesarul de 40 de milioane de lei.<\/p>\n<p>Tot pe aceast\u0103 tem\u0103, luni, 24 august, de la ora 11.00, la sediul CET Govora va avea loc o conferin\u021b\u0103 de pres\u0103 despre stadiul lucr\u0103rilor de construire a noii centrale. Administratorul judiciar al CET Govora, Alexandru Scarlat, \u0219i administratorul public al jude\u021bului, Adrian Mih\u0103il\u0103, desemnat de Consiliul Jude\u021bean V\u00e2lcea s\u0103 se ocupe de aplicarea proiectului, vor prezenta situa\u021bia din teren \u0219i evolu\u021bia investi\u021biei. Conferin\u021ba ar putea aduce noi l\u0103muriri despre lucr\u0103rile aflate \u00een desf\u0103\u0219urare \u0219i despre trecerea la produc\u021bia pe gaz.<\/p>\n<p>\u00a0<\/p>\n<p>\u00a0<\/p>\n<p>\u00a0<\/p>\n<p>\u00a0<\/p>\n<\/div>\n<p>[analyse_source url=&#8221;https:\/\/www.impactreal.ro\/2026\/08\/21\/ramnicul-risca-sa-ramana-fara-apa-calda-pentru-cet-govora-se-cer-40-de-milioane-de-lei-prefectura-spune-ca-a-aflat-despre-suma-din-presa\/&#8221;]<\/p>\n","protected":false},"excerpt":{"rendered":"<p>[analyse_image type=&#8221;featured&#8221; src=&#8221;https:\/\/www.impactreal.ro\/wp-content\/uploads\/2026\/08\/CET-2026-8-1024&#215;576.png&#8221;] 21 august 202621 august 2026Claudia Schiopu1SliderActualLocal R\u00e2mnicu V\u00e2lcea se apropie de o perioad\u0103 grea pentru sistemul de termoficare. \u00a0CET Govora ar avea nevoie de aproximativ 40 de milioane de lei, echivalentul a aproape opt milioane de euro, pentru perioada de trecere de la produc\u021bia pe c\u0103rbune la instala\u021biile pe gaz. Dac\u0103 banii [&hellip;]<\/p>\n","protected":false},"author":1,"featured_media":0,"comment_status":"open","ping_status":"","sticky":false,"template":"","format":"standard","meta":{"footnotes":""},"categories":[89],"tags":[226,212],"class_list":["post-2105122","post","type-post","status-publish","format-standard","hentry","category-romania","tag-crawlmanager","tag-impactreal-ro"],"_links":{"self":[{"href":"https:\/\/analyse.optim.biz\/index.php?rest_route=\/wp\/v2\/posts\/2105122","targetHints":{"allow":["GET"]}}],"collection":[{"href":"https:\/\/analyse.optim.biz\/index.php?rest_route=\/wp\/v2\/posts"}],"about":[{"href":"https:\/\/analyse.optim.biz\/index.php?rest_route=\/wp\/v2\/types\/post"}],"author":[{"embeddable":true,"href":"https:\/\/analyse.optim.biz\/index.php?rest_route=\/wp\/v2\/users\/1"}],"replies":[{"embeddable":true,"href":"https:\/\/analyse.optim.biz\/index.php?rest_route=%2Fwp%2Fv2%2Fcomments&post=2105122"}],"version-history":[{"count":0,"href":"https:\/\/analyse.optim.biz\/index.php?rest_route=\/wp\/v2\/posts\/2105122\/revisions"}],"wp:attachment":[{"href":"https:\/\/analyse.optim.biz\/index.php?rest_route=%2Fwp%2Fv2%2Fmedia&parent=2105122"}],"wp:term":[{"taxonomy":"category","embeddable":true,"href":"https:\/\/analyse.optim.biz\/index.php?rest_route=%2Fwp%2Fv2%2Fcategories&post=2105122"},{"taxonomy":"post_tag","embeddable":true,"href":"https:\/\/analyse.optim.biz\/index.php?rest_route=%2Fwp%2Fv2%2Ftags&post=2105122"}],"curies":[{"name":"wp","href":"https:\/\/api.w.org\/{rel}","templated":true}]}}