{"id":2105086,"date":"2026-08-21T08:33:28","date_gmt":"2026-08-21T05:33:28","guid":{"rendered":"https:\/\/analyse.optim.biz\/?p=2105086"},"modified":"2026-08-21T08:33:28","modified_gmt":"2026-08-21T05:33:28","slug":"restrictii-rutiere-pe-doua-strazi-intens-circulate-din-timisoara","status":"publish","type":"post","link":"https:\/\/analyse.optim.biz\/?p=2105086","title":{"rendered":"Restric\u0163ii rutiere pe dou\u0103 str\u0103zi intens circulate din Timi\u015foara"},"content":{"rendered":"<p>[analyse_image type=&#8221;featured&#8221; src=&#8221;https:\/\/renasterea.ro\/ro\/wp-content\/uploads\/restrictii-14.jpghttps:\/\/renasterea.ro\/ro\/wp-content\/uploads\/restrictii-14.jpg&#8221;]<\/p>\n<div class=\"entry-content\"><img loading=\"lazy\" decoding=\"async\" width=\"650\" height=\"305\" src=\"https:\/\/renasterea.ro\/ro\/wp-content\/uploads\/restrictii-14.jpg\" class=\"attachment-medium size-medium wp-post-image\" alt=\"Restric\u0163ii rutiere pe dou\u0103 str\u0103zi intens circulate din Timi\u015foara\" title=\"Restric\u0163ii rutiere pe dou\u0103 str\u0103zi intens circulate din Timi\u015foara 1\"><\/p>\n<p>La solicitarea Aquatim, comisia de circula\u021bie din cadrul Prim\u0103riei Municipiului Timi\u0219oara a avizat restric\u021bionarea traficului rutier \u00een mai multe zone din ora\u0219, \u00een vederea execut\u0103rii lucr\u0103rilor la re\u021belele de alimentare cu ap\u0103 \u0219i canalizare ale municipiului.<\/p>\n<p>Astfel, circula\u021bia rutier\u0103 va fi restric\u021bionat\u0103 pe strada Ion Ghica, p\u00e2n\u0103 la data de 16.10.2026, iar pe strada Ana Ip\u0103tescu, pe tronsonul tronsonul cuprins \u00eentre strada Filatelie \u0219i Calea \u0218agului (inclusiv), p\u00e2n\u0103 la data de 6.09.2026.<\/p>\n<h2>CITE\u015eTE \u015eI: <span><a href=\"https:\/\/renasterea.ro\/comunicat-important-pentru-populatie-de-la-dsp-timis-legat-de-fumul-inecacios-care-a-acoperit-timisoara-si-imprejurimile\/\">Comunicat important pentru popula\u0163ie, de la DSP Timi\u015f, legat de fumul \u00eenec\u0103cios care a acoperit Timi\u015foara \u015fi \u00eemprejurimile<\/a><\/span><\/h2>\n<\/div>\n<p>[analyse_source url=&#8221;https:\/\/renasterea.ro\/restrictii-rutiere-pe-doua-strazi-intens-circulate-din-timisoara\/&#8221;]<\/p>\n","protected":false},"excerpt":{"rendered":"<p>[analyse_image type=&#8221;featured&#8221; src=&#8221;https:\/\/renasterea.ro\/ro\/wp-content\/uploads\/restrictii-14.jpghttps:\/\/renasterea.ro\/ro\/wp-content\/uploads\/restrictii-14.jpg&#8221;] La solicitarea Aquatim, comisia de circula\u021bie din cadrul Prim\u0103riei Municipiului Timi\u0219oara a avizat restric\u021bionarea traficului rutier \u00een mai multe zone din ora\u0219, \u00een vederea execut\u0103rii lucr\u0103rilor la re\u021belele de alimentare cu ap\u0103 \u0219i canalizare ale municipiului. Astfel, circula\u021bia rutier\u0103 va fi restric\u021bionat\u0103 pe strada Ion Ghica, p\u00e2n\u0103 la data de 16.10.2026, iar [&hellip;]<\/p>\n","protected":false},"author":1,"featured_media":0,"comment_status":"open","ping_status":"","sticky":false,"template":"","format":"standard","meta":{"footnotes":""},"categories":[89],"tags":[226,188],"class_list":["post-2105086","post","type-post","status-publish","format-standard","hentry","category-romania","tag-crawlmanager","tag-renasterea-ro"],"_links":{"self":[{"href":"https:\/\/analyse.optim.biz\/index.php?rest_route=\/wp\/v2\/posts\/2105086","targetHints":{"allow":["GET"]}}],"collection":[{"href":"https:\/\/analyse.optim.biz\/index.php?rest_route=\/wp\/v2\/posts"}],"about":[{"href":"https:\/\/analyse.optim.biz\/index.php?rest_route=\/wp\/v2\/types\/post"}],"author":[{"embeddable":true,"href":"https:\/\/analyse.optim.biz\/index.php?rest_route=\/wp\/v2\/users\/1"}],"replies":[{"embeddable":true,"href":"https:\/\/analyse.optim.biz\/index.php?rest_route=%2Fwp%2Fv2%2Fcomments&post=2105086"}],"version-history":[{"count":0,"href":"https:\/\/analyse.optim.biz\/index.php?rest_route=\/wp\/v2\/posts\/2105086\/revisions"}],"wp:attachment":[{"href":"https:\/\/analyse.optim.biz\/index.php?rest_route=%2Fwp%2Fv2%2Fmedia&parent=2105086"}],"wp:term":[{"taxonomy":"category","embeddable":true,"href":"https:\/\/analyse.optim.biz\/index.php?rest_route=%2Fwp%2Fv2%2Fcategories&post=2105086"},{"taxonomy":"post_tag","embeddable":true,"href":"https:\/\/analyse.optim.biz\/index.php?rest_route=%2Fwp%2Fv2%2Ftags&post=2105086"}],"curies":[{"name":"wp","href":"https:\/\/api.w.org\/{rel}","templated":true}]}}