{"id":2105055,"date":"2026-08-21T14:54:56","date_gmt":"2026-08-21T11:54:56","guid":{"rendered":"https:\/\/analyse.optim.biz\/?p=2105055"},"modified":"2026-08-21T14:54:56","modified_gmt":"2026-08-21T11:54:56","slug":"un-biciclist-a-reusit-sa-rastoarne-un-autoturism-intr-un-sant-pe-centura-radautiului-soferul-si-pasagerul-de-18-si-21-de-ani-au-ajuns-cu-rani-la-spital","status":"publish","type":"post","link":"https:\/\/analyse.optim.biz\/?p=2105055","title":{"rendered":"Un biciclist a reu\u0219it s\u0103 r\u0103stoarne un autoturism \u00eentr-un \u0219an\u021b pe centura R\u0103d\u0103u\u021biului. \u0218oferul \u0219i pasagerul de 18 \u0219i 21 de ani au ajuns cu r\u0103ni la spital"},"content":{"rendered":"<p>[analyse_image type=&#8221;featured&#8221; src=&#8221;https:\/\/img.svnews.ro\/foto\/2026\/08\/21\/554914\/a1814e20e1b1b84a33956a6e5.jpeg&#8221;]<\/p>\n<div class=\"entry\"><img loading=\"lazy\" decoding=\"async\" width=\"650\" height=\"325\" src=\"https:\/\/img.svnews.ro\/foto\/2026\/08\/21\/554914\/a1814e20e1b1b84a33956a6e506500325.jpeg\" alt><\/p>\n<div class=\"entry_content\">\n<p>Un grav accident rutier s-a produs pe centura ocolitoare a municipiului R\u0103d\u0103u\u021bi unde s-au ciocnit o biciclet\u0103 cu un autoturism. Au intervenit pompierii militari din cadrul Deta\u0219amentului R\u0103d\u0103u\u021bi cu o autospecial\u0103 de stingere dotat\u0103 cu modul pentru descarcerare \u0219i o ambulan\u021b\u0103 SMURD B2, cu sprijinul unui echipaj SAJ. La fa\u021ba locului a fost identificat\u0103 coliziunea \u00eentre un autoturism \u0219i un biciclist, autovehiculul fiind g\u0103sit r\u0103sturnat \u00een afara p\u0103r\u021bii carosabile. \u00cen urma evenimentului, cei doi ocupan\u021bi ai autoturismului, doi tineri \u00een v\u00e2rst\u0103 18, respectiv 21 de ani, au fost transporta\u021bi la spital pentru investiga\u021bii suplimentare \u0219i tratament de specialitate.<\/p>\n<\/div>\n<div>\n<div>VN:F [1.9.22_1171]<\/div>\n<div class=\"ratingblock \">\n<div class=\"ratingstars \">\n<div id=\"article_loader_554914\" class=\"ratingloaderarticle\">\n<div class=\"loader arrows \">\n<div class=\"loaderinner\">se actualizeaz\u0103&#8230;<\/div>\n<\/div>\n<\/div>\n<\/div>\n<div class=\"ratingtext \">\n<div id=\"gdr_text_a554914\">Rating: 0.0\/<strong>10<\/strong> (0 votes cast)<\/div>\n<\/div>\n<\/div>\n<\/div>\n<\/div>\n<div class=\"entry_content\">\n<p>Un grav accident rutier s-a produs pe centura ocolitoare a municipiului R\u0103d\u0103u\u021bi unde s-au ciocnit o biciclet\u0103 cu un autoturism. Au intervenit pompierii militari din cadrul Deta\u0219amentului R\u0103d\u0103u\u021bi cu o autospecial\u0103 de stingere dotat\u0103 cu modul pentru descarcerare \u0219i o ambulan\u021b\u0103 SMURD B2, cu sprijinul unui echipaj SAJ. La fa\u021ba locului a fost identificat\u0103 coliziunea \u00eentre un autoturism \u0219i un biciclist, autovehiculul fiind g\u0103sit r\u0103sturnat \u00een afara p\u0103r\u021bii carosabile. \u00cen urma evenimentului, cei doi ocupan\u021bi ai autoturismului, doi tineri \u00een v\u00e2rst\u0103 18, respectiv 21 de ani, au fost transporta\u021bi la spital pentru investiga\u021bii suplimentare \u0219i tratament de specialitate.<\/p>\n<\/div>\n<p>[analyse_source url=&#8221;https:\/\/www.svnews.ro\/un-biciclist-a-reusit-sa-rastoarne-un-autoturism-intr-un-sant-pe-centura-radautiului-soferul-si-pasagerul-de-18-si-21-de-ani-au-ajuns-cu-rani-la-spital\/554914\/&#8221;]<\/p>\n","protected":false},"excerpt":{"rendered":"<p>[analyse_image type=&#8221;featured&#8221; src=&#8221;https:\/\/img.svnews.ro\/foto\/2026\/08\/21\/554914\/a1814e20e1b1b84a33956a6e5.jpeg&#8221;] Un grav accident rutier s-a produs pe centura ocolitoare a municipiului R\u0103d\u0103u\u021bi unde s-au ciocnit o biciclet\u0103 cu un autoturism. Au intervenit pompierii militari din cadrul Deta\u0219amentului R\u0103d\u0103u\u021bi cu o autospecial\u0103 de stingere dotat\u0103 cu modul pentru descarcerare \u0219i o ambulan\u021b\u0103 SMURD B2, cu sprijinul unui echipaj SAJ. La fa\u021ba locului a [&hellip;]<\/p>\n","protected":false},"author":1,"featured_media":0,"comment_status":"open","ping_status":"","sticky":false,"template":"","format":"standard","meta":{"footnotes":""},"categories":[89],"tags":[226,175],"class_list":["post-2105055","post","type-post","status-publish","format-standard","hentry","category-romania","tag-crawlmanager","tag-svnews-ro"],"_links":{"self":[{"href":"https:\/\/analyse.optim.biz\/index.php?rest_route=\/wp\/v2\/posts\/2105055","targetHints":{"allow":["GET"]}}],"collection":[{"href":"https:\/\/analyse.optim.biz\/index.php?rest_route=\/wp\/v2\/posts"}],"about":[{"href":"https:\/\/analyse.optim.biz\/index.php?rest_route=\/wp\/v2\/types\/post"}],"author":[{"embeddable":true,"href":"https:\/\/analyse.optim.biz\/index.php?rest_route=\/wp\/v2\/users\/1"}],"replies":[{"embeddable":true,"href":"https:\/\/analyse.optim.biz\/index.php?rest_route=%2Fwp%2Fv2%2Fcomments&post=2105055"}],"version-history":[{"count":0,"href":"https:\/\/analyse.optim.biz\/index.php?rest_route=\/wp\/v2\/posts\/2105055\/revisions"}],"wp:attachment":[{"href":"https:\/\/analyse.optim.biz\/index.php?rest_route=%2Fwp%2Fv2%2Fmedia&parent=2105055"}],"wp:term":[{"taxonomy":"category","embeddable":true,"href":"https:\/\/analyse.optim.biz\/index.php?rest_route=%2Fwp%2Fv2%2Fcategories&post=2105055"},{"taxonomy":"post_tag","embeddable":true,"href":"https:\/\/analyse.optim.biz\/index.php?rest_route=%2Fwp%2Fv2%2Ftags&post=2105055"}],"curies":[{"name":"wp","href":"https:\/\/api.w.org\/{rel}","templated":true}]}}