{"id":2105015,"date":"2026-08-21T11:06:58","date_gmt":"2026-08-21T08:06:58","guid":{"rendered":"https:\/\/analyse.optim.biz\/?p=2105015"},"modified":"2026-08-21T11:06:58","modified_gmt":"2026-08-21T08:06:58","slug":"arhiepiscopia-buzaului-si-vrancei-reconstruieste-trei-case-la-soveja","status":"publish","type":"post","link":"https:\/\/analyse.optim.biz\/?p=2105015","title":{"rendered":"Arhiepiscopia Buz\u0103ului \u0219i Vrancei reconstruie\u0219te trei case la Soveja"},"content":{"rendered":"<p>[analyse_image type=&#8221;featured&#8221; src=&#8221;https:\/\/blitz24.ro\/wp-content\/uploads\/2026\/08\/arhiepiscopia-vrancea-case-construite-soveja-incendiu.jpg&#8221;]<\/p>\n<div class=\"cm-entry-summary\">\n<div dir=\"auto\">\n<p><strong>26 aprilie 2026\u00a0r\u0103m\u00e2ne o zi care a marcat profund comunitatea din Soveja.<\/strong><\/p>\n<p>\u00cen doar c\u00e2teva ore,\u00a0<strong>29 de imobile<\/strong>\u00a0au fost mistuite de fl\u0103c\u0103ri, iar\u00a0<strong>12 familii<\/strong>\u00a0au r\u0103mas f\u0103r\u0103 un acoperi\u0219 deasupra capului, fiind nevoite s\u0103 locuiasc\u0103 temporar la vecini. A fost unul dintre cele mai mari incendii din ultimii ani, al patrulea eveniment de asemenea amploare pentru comunitatea sovejan\u0103, \u00een care un num\u0103r impresionant de case au c\u0103zut prad\u0103 focului.<\/p>\n<\/div>\n<div dir=\"auto\">\n<p>Impactul a fost uria\u0219,\u00a0<strong>for\u021be impresionante de pompieri, voluntari \u0219i institu\u021bii<\/strong>\u00a0au fost mobilizate pentru a sprijini oamenii care \u0219i-au pierdut agoniseala de o via\u021b\u0103. Mul\u021bi dintre cei afecta\u021bi erau persoane v\u00e2rstnice, iar dac\u0103 incendiul s-ar fi produs noaptea, consecin\u021bele ar fi putut fi tragice.<\/p>\n<h3>\u00a0Ajutorul nu a \u00eent\u00e2rziat s\u0103 apar\u0103<\/h3>\n<p>CITE\u0218TE \u0218I <a href=\"https:\/\/blitz24.ro\/editorial\/judetul-buzau-va-fi-reprezentat-in-japonia-de-un-ardei-buzoian-extrem-de-iute\/\">Jude\u021bul Buz\u0103u va fi reprezentat \u00een Japonia de un ardei buzoian extrem de iute<\/a><\/p>\n<p>\u00cen urma tragediei, solidaritatea comunit\u0103\u021bii \u0219i sprijinul institu\u021biilor au fost exemplare.\u00a0Arhiepiscopia Buz\u0103ului \u0219i Vrancei\u00a0a decis s\u0103 reconstruiasc\u0103\u00a0trei locuin\u021be pentru familiile vulnerabile, oferindu-le \u0219ansa unui nou \u00eenceput.<\/p>\n<p>Lucr\u0103rile au demarat rapid dup\u0103 vizita\u00a0\u00cenaltpreasfin\u021bitului P\u0103rinte Ciprian, Arhiepiscopul Buz\u0103ului \u0219i Vrancei, care, \u00eempreun\u0103 cu autorit\u0103\u021bile locale, a analizat proiectele tehnice \u0219i planurile viitoarelor locuin\u021be. Construc\u021biile sunt \u00een grafic, iar familiile afectate ar putea s\u0103 se mute \u00een casele noi\u00a0p\u00e2n\u0103 la \u00eenceputul sezonului rece.<\/p>\n<p>La \u00eenceputul s\u0103pt\u0103m\u00e2nii,\u00a0preotul protoiereu al Protopopiatului Panciu, Popa Cristinel, a fost prezent pe \u0219antier pentru a superviza atent evolu\u021bia lucr\u0103rilor. Termenele sunt str\u00e2nse, motiv pentru care \u00eentreaga activitate este monitorizat\u0103 cu rigurozitate.<\/p>\n<h3>Case construite cu responsabilitate \u0219i respect pentru arhitectura local\u0103<\/h3>\n<p>Potrivit constructorului, locuin\u021bele respect\u0103 arhitectura tradi\u021bional\u0103 a zonei, iar execu\u021bia este atent realizat\u0103.\u00a0\u00a0<em>\u201eLucr\u0103m contra timp \u0219i, bine\u00een\u021beles, cu sim\u021b de r\u0103spundere. Sunt imobile construite cu ajutorul Arhiepiscopiei Buz\u0103ului \u0219i Vrancei, iar standardele de execu\u021bie sunt foarte riguroase. Suntem monitoriza\u021bi s\u0103pt\u0103m\u00e2nal \u0219i ne str\u0103duim s\u0103 facem lucr\u0103ri temeinice prin utilizarea unor materiale cu caracteristici premium.\u201d<\/em><\/p>\n<p>Comuna Soveja intr\u0103 \u00eentr-o nou\u0103 etap\u0103 a reconstruc\u021biei zonei afectate de incendiul din 26 aprilie. Privind la ceea ce se \u00eent\u00e2mpl\u0103 ast\u0103zi pe \u0219antier, devine clar c\u0103\u00a0<strong>cel mai greu moment a trecut<\/strong>, iar comunitatea \u00ee\u0219i recap\u0103t\u0103 treptat normalitatea.<\/p>\n<p><em>\u201eNu \u0219tiu cum a\u0219 putea s\u0103 le mul\u021bumesc. Sunt momente \u00een via\u021b\u0103 \u00een care cuvintele nu pot cuprinde \u00een totalitate ceea ce sim\u021bim. Dumnezeu lucreaz\u0103 prin oameni, iar nefericitul eveniment ne arat\u0103 \u00eenc\u0103 o dat\u0103 c\u0103 Dumnezeu este cu noi \u00een toate. \u00cen numele comunit\u0103\u021bii din Soveja \u00eei mul\u021bumim \u00cenaltpreasfin\u021bitului P\u0103rinte Ciprian, Arhiepiscopul Buz\u0103ului \u0219i Vrancei, care a fost \u0219i este al\u0103turi de comunitate\u201d,\u00a0<\/em>a declarat primarul comunei Soveja, Ionu\u021b Filimon.<\/p>\n<p>Din cenu\u0219a unei tragedii se ridic\u0103 ast\u0103zi\u00a0speran\u021ba, nu doar casele sunt reconstruite, ci \u0219i \u00eencrederea, solidaritatea \u0219i puterea unei comunit\u0103\u021bi unite. Soveja demonstreaz\u0103 \u00eenc\u0103 o dat\u0103 c\u0103, atunci c\u00e2nd oamenii se sprijin\u0103 unii pe al\u021bii, nimic nu este imposibil.<\/p>\n<\/div>\n<\/div>\n<p>[analyse_source url=&#8221;https:\/\/blitz24.ro\/stiri-judetene\/actualitate-stiri-judetene\/arhiepiscopia-buzaului-si-vrancei-reconstruieste-trei-case-la-soveja\/&#8221;]<\/p>\n","protected":false},"excerpt":{"rendered":"<p>[analyse_image type=&#8221;featured&#8221; src=&#8221;https:\/\/blitz24.ro\/wp-content\/uploads\/2026\/08\/arhiepiscopia-vrancea-case-construite-soveja-incendiu.jpg&#8221;] 26 aprilie 2026\u00a0r\u0103m\u00e2ne o zi care a marcat profund comunitatea din Soveja. \u00cen doar c\u00e2teva ore,\u00a029 de imobile\u00a0au fost mistuite de fl\u0103c\u0103ri, iar\u00a012 familii\u00a0au r\u0103mas f\u0103r\u0103 un acoperi\u0219 deasupra capului, fiind nevoite s\u0103 locuiasc\u0103 temporar la vecini. A fost unul dintre cele mai mari incendii din ultimii ani, al patrulea eveniment de [&hellip;]<\/p>\n","protected":false},"author":1,"featured_media":0,"comment_status":"open","ping_status":"","sticky":false,"template":"","format":"standard","meta":{"footnotes":""},"categories":[2],"tags":[42,226],"class_list":["post-2105015","post","type-post","status-publish","format-standard","hentry","category-politics","tag-blitz24-ro","tag-crawlmanager"],"_links":{"self":[{"href":"https:\/\/analyse.optim.biz\/index.php?rest_route=\/wp\/v2\/posts\/2105015","targetHints":{"allow":["GET"]}}],"collection":[{"href":"https:\/\/analyse.optim.biz\/index.php?rest_route=\/wp\/v2\/posts"}],"about":[{"href":"https:\/\/analyse.optim.biz\/index.php?rest_route=\/wp\/v2\/types\/post"}],"author":[{"embeddable":true,"href":"https:\/\/analyse.optim.biz\/index.php?rest_route=\/wp\/v2\/users\/1"}],"replies":[{"embeddable":true,"href":"https:\/\/analyse.optim.biz\/index.php?rest_route=%2Fwp%2Fv2%2Fcomments&post=2105015"}],"version-history":[{"count":0,"href":"https:\/\/analyse.optim.biz\/index.php?rest_route=\/wp\/v2\/posts\/2105015\/revisions"}],"wp:attachment":[{"href":"https:\/\/analyse.optim.biz\/index.php?rest_route=%2Fwp%2Fv2%2Fmedia&parent=2105015"}],"wp:term":[{"taxonomy":"category","embeddable":true,"href":"https:\/\/analyse.optim.biz\/index.php?rest_route=%2Fwp%2Fv2%2Fcategories&post=2105015"},{"taxonomy":"post_tag","embeddable":true,"href":"https:\/\/analyse.optim.biz\/index.php?rest_route=%2Fwp%2Fv2%2Ftags&post=2105015"}],"curies":[{"name":"wp","href":"https:\/\/api.w.org\/{rel}","templated":true}]}}