{"id":2104995,"date":"2026-08-20T14:22:27","date_gmt":"2026-08-20T11:22:27","guid":{"rendered":"https:\/\/analyse.optim.biz\/?p=2104995"},"modified":"2026-08-20T14:22:27","modified_gmt":"2026-08-20T11:22:27","slug":"romeo-lungu-replica-pentru-constantin-toma-independenta-sa-va-fi-testata-in-2028-pana-acum-toate-alegerile-le-a-castigat-cu-psd-alaturi","status":"publish","type":"post","link":"https:\/\/analyse.optim.biz\/?p=2104995","title":{"rendered":"Romeo Lungu, replic\u0103 pentru Constantin Toma: \u201eIndependen\u021ba sa va fi testat\u0103 \u00een 2028. P\u00e2n\u0103 acum, toate alegerile le-a c\u00e2\u0219tigat cu PSD al\u0103turi\u201d"},"content":{"rendered":"<p>[analyse_image type=&#8221;featured&#8221; src=&#8221;https:\/\/www.observatorulbuzoian.ro\/wp-content\/uploads\/2026\/08\/Romeo-Lungu-1.jpg&#8221;]<\/p>\n<div class=\"td-post-content tagdiv-type\">\n<p>Pre\u0219edintele PSD Buz\u0103u, Romeo Lungu, a reac\u021bionat dup\u0103 ce primarul municipiului Buz\u0103u, Constantin Toma, a anun\u021bat c\u0103 nu mai dore\u0219te s\u0103 candideze pentru un nou mandat din partea social-democra\u021bilor \u0219i c\u0103 ia \u00een calcul o candidatur\u0103 independent\u0103 la alegerile locale din 2028.<\/p>\n<p data-start=\"421\" data-end=\"582\">Liderul PSD Buz\u0103u sus\u021bine c\u0103 rezultatele electorale ob\u021binute p\u00e2n\u0103 acum de Constantin Toma nu pot fi separate de sprijinul partidului \u0219i al organiza\u021biei jude\u021bene.<\/p>\n<p data-start=\"584\" data-end=\"770\">\u201eConstantin Toma spune c\u0103 \u00een 2028 va candida independent. Este alegerea lui \u0219i, p\u00e2n\u0103 la urm\u0103, 2028 va fi momentul \u00een care aceast\u0103 alegere va fi testat\u0103 prin vot\u201d, a transmis Romeo Lungu.<\/p>\n<p data-start=\"772\" data-end=\"953\">Pre\u0219edintele social-democra\u021bilor buzoieni \u00eei aminte\u0219te primarului c\u0103 toate cele trei mandate au fost c\u00e2\u0219tigate din postura de candidat al PSD \u0219i cu implicarea organiza\u021biei politice.<\/p>\n<p data-start=\"955\" data-end=\"1364\">\u201eC\u00e2nd domnul Toma vorbe\u0219te at\u00e2t de des despre faptul c\u0103 este \u00abcel mai votat primar\u00bb, cred c\u0103 merit\u0103 s\u0103 ne amintim un lucru simplu: Constantin Toma nu a ajuns acolo singur. A candidat din partea PSD, a avut \u00een spate una dintre cele mai puternice organiza\u021bii politice din \u021bar\u0103, a avut sprijinul colegilor, al consilierilor locali, al parlamentarilor, al primarilor \u0219i al guvernelor PSD\u201d, a declarat Romeo Lungu.<\/p>\n<p data-start=\"1366\" data-end=\"1551\">Acesta sus\u021bine c\u0103 sute de membri ai partidului au muncit \u00een campaniile electorale ale lui Constantin Toma, iar o parte dintre aleg\u0103tori au votat inclusiv partidul reprezentat de acesta.<\/p>\n<p data-start=\"1553\" data-end=\"1912\">\u201eE u\u0219or, dup\u0103 trei mandate c\u00e2\u0219tigate cu o echip\u0103 \u00een spate, s\u0103 \u00eencepi s\u0103 crezi c\u0103 toate voturile au fost numai ale tale. \u0218i e la fel de u\u0219or s\u0103 ui\u021bi de unde ai plecat \u0219i cine te-a sus\u021binut. Independen\u021ba este un test pe care domnul Toma \u00eel poate da \u00een 2028. P\u00e2n\u0103 acum, toate examenele electorale le-a dat cu PSD al\u0103turi\u201d, a mai transmis liderul social-democrat.<\/p>\n<p data-start=\"1914\" data-end=\"2171\">Romeo Lungu a precizat c\u0103 PSD Buz\u0103u nu inten\u021bioneaz\u0103 s\u0103 transforme urm\u0103torii doi ani \u00eentr-un conflict permanent cu primarul municipiului. Consilierii locali social-democra\u021bi vor continua, spune acesta, s\u0103 sus\u021bin\u0103 proiectele considerate benefice pentru ora\u0219.<\/p>\n<p data-start=\"2173\" data-end=\"2406\">\u201eAvem o responsabilitate fa\u021b\u0103 de buzoieni. Consilierii PSD vor sus\u021bine proiectele bune pentru ora\u0219, a\u0219a cum au f\u0103cut \u0219i p\u00e2n\u0103 acum. Interesul municipiului nu trebuie amestecat cu orgoliile politice ale nim\u0103nui\u201d, se arat\u0103 \u00een comunicat.<\/p>\n<p data-start=\"2408\" data-end=\"2522\">\u00cen acela\u0219i timp, Romeo Lungu anun\u021b\u0103 c\u0103 PSD Buz\u0103u va avea propriul candidat la Prim\u0103ria municipiului Buz\u0103u \u00een 2028.<\/p>\n<p data-start=\"2524\" data-end=\"2736\">\u201eVom pune \u00een fa\u021ba oamenilor un om capabil s\u0103 administreze ora\u0219ul, s\u0103 adune \u00een jurul lui o echip\u0103 \u0219i s\u0103 \u00een\u021beleag\u0103 c\u0103 succesul \u00een politic\u0103 nu este niciodat\u0103 opera unui singur om\u201d, a precizat pre\u0219edintele PSD Buz\u0103u.<\/p>\n<p data-start=\"2738\" data-end=\"2922\">Romeo Lungu a remarcat \u0219i faptul c\u0103, de\u0219i vorbe\u0219te despre o candidatur\u0103 independent\u0103, Constantin Toma continu\u0103 s\u0103 fie membru PSD, dup\u0103 ce a demisionat din func\u021biile de\u021binute \u00een partid.<\/p>\n<p data-start=\"2924\" data-end=\"3230\">\u201eDomnul Toma spune c\u0103 va merge singur. Foarte bine. Atunci vom vedea \u0219i c\u00e2t din formula de \u00abcel mai votat primar\u00bb \u00eei apar\u021bine exclusiv \u0219i c\u00e2t a \u00eensemnat for\u021ba PSD Buz\u0103u. Momentan este \u00eenc\u0103 membru PSD \u0219i nu pot s\u0103 nu m\u0103 \u00eentreb cum va \u00eemp\u0103ca aceste dou\u0103 ipostaze \u00een urm\u0103torii doi ani\u201d, a ad\u0103ugat Romeo Lungu.<\/p>\n<p data-start=\"3232\" data-end=\"3462\">Mesajul liderului PSD se \u00eencheie cu o nou\u0103 ironie la adresa primarului Constantin Toma: \u201eDac\u0103 m\u0103 uit la reac\u021biile buzoienilor din ultima perioad\u0103, cred c\u0103 2028 \u00eei poate oferi domnului Toma un contact foarte s\u0103n\u0103tos cu realitatea\u201d.<\/p>\n<p>Constantin Toma a demisionat \u00een urm\u0103 cu mai mult timp din toate func\u021biile de\u021binute \u00een PSD, p\u0103str\u00e2ndu-\u0219i doar calitatea de membru. Primarul a declarat c\u0103 ia \u00een calcul at\u00e2t o candidatur\u0103 independent\u0103, c\u00e2t \u0219i o eventual\u0103 sus\u021binere din partea altor forma\u021biuni politice, dar a exclus o asociere cu AUR sau SOS Rom\u00e2nia.<\/p>\n<\/div>\n<p>[analyse_source url=&#8221;https:\/\/www.observatorulbuzoian.ro\/romeo-lungu-replica-pentru-constantin-toma-independenta-sa-va-fi-testata-in-2028-pana-acum-toate-alegerile-le-a-castigat-cu-psd-alaturi\/&#8221;]<\/p>\n","protected":false},"excerpt":{"rendered":"<p>[analyse_image type=&#8221;featured&#8221; src=&#8221;https:\/\/www.observatorulbuzoian.ro\/wp-content\/uploads\/2026\/08\/Romeo-Lungu-1.jpg&#8221;] Pre\u0219edintele PSD Buz\u0103u, Romeo Lungu, a reac\u021bionat dup\u0103 ce primarul municipiului Buz\u0103u, Constantin Toma, a anun\u021bat c\u0103 nu mai dore\u0219te s\u0103 candideze pentru un nou mandat din partea social-democra\u021bilor \u0219i c\u0103 ia \u00een calcul o candidatur\u0103 independent\u0103 la alegerile locale din 2028. Liderul PSD Buz\u0103u sus\u021bine c\u0103 rezultatele electorale ob\u021binute p\u00e2n\u0103 acum [&hellip;]<\/p>\n","protected":false},"author":1,"featured_media":0,"comment_status":"open","ping_status":"","sticky":false,"template":"","format":"standard","meta":{"footnotes":""},"categories":[2],"tags":[226,82],"class_list":["post-2104995","post","type-post","status-publish","format-standard","hentry","category-politics","tag-crawlmanager","tag-observatorulbuzoian-ro"],"_links":{"self":[{"href":"https:\/\/analyse.optim.biz\/index.php?rest_route=\/wp\/v2\/posts\/2104995","targetHints":{"allow":["GET"]}}],"collection":[{"href":"https:\/\/analyse.optim.biz\/index.php?rest_route=\/wp\/v2\/posts"}],"about":[{"href":"https:\/\/analyse.optim.biz\/index.php?rest_route=\/wp\/v2\/types\/post"}],"author":[{"embeddable":true,"href":"https:\/\/analyse.optim.biz\/index.php?rest_route=\/wp\/v2\/users\/1"}],"replies":[{"embeddable":true,"href":"https:\/\/analyse.optim.biz\/index.php?rest_route=%2Fwp%2Fv2%2Fcomments&post=2104995"}],"version-history":[{"count":0,"href":"https:\/\/analyse.optim.biz\/index.php?rest_route=\/wp\/v2\/posts\/2104995\/revisions"}],"wp:attachment":[{"href":"https:\/\/analyse.optim.biz\/index.php?rest_route=%2Fwp%2Fv2%2Fmedia&parent=2104995"}],"wp:term":[{"taxonomy":"category","embeddable":true,"href":"https:\/\/analyse.optim.biz\/index.php?rest_route=%2Fwp%2Fv2%2Fcategories&post=2104995"},{"taxonomy":"post_tag","embeddable":true,"href":"https:\/\/analyse.optim.biz\/index.php?rest_route=%2Fwp%2Fv2%2Ftags&post=2104995"}],"curies":[{"name":"wp","href":"https:\/\/api.w.org\/{rel}","templated":true}]}}