{"id":2104992,"date":"2026-08-20T14:04:39","date_gmt":"2026-08-20T11:04:39","guid":{"rendered":"https:\/\/analyse.optim.biz\/?p=2104992"},"modified":"2026-08-20T14:04:39","modified_gmt":"2026-08-20T11:04:39","slug":"galerie-fotodivizia-2-infanterie-getica-110-ani-de-istorie-ceremonie-impresionanta-pe-calea-eroilor","status":"publish","type":"post","link":"https:\/\/analyse.optim.biz\/?p=2104992","title":{"rendered":"GALERIE FOTO:Divizia 2 Infanterie \u201eGetica\u201d, 110 ani de istorie. Ceremonie impresionant\u0103 pe Calea Eroilor"},"content":{"rendered":"<p>[analyse_image type=&#8221;featured&#8221; src=&#8221;https:\/\/www.observatorulbuzoian.ro\/wp-content\/uploads\/2026\/08\/110-ani-Divizi-2-Infanterie-Getica-33.jpg&#8221;]<\/p>\n<div class=\"td-post-content tagdiv-type\">\n<p><span>Divizia 2 Infanterie \u201eGetica\u201d a s\u0103rb\u0103torit, joi, 110 ani de la \u00eenfiin\u021bare printr-o ceremonie militar\u0103 \u0219i religioas\u0103 organizat\u0103 pe Calea Eroilor din municipiul Buz\u0103u.<\/span><\/p>\n<p data-start=\"281\" data-end=\"613\"><span>La eveniment au participat ministrul Ap\u0103r\u0103rii Na\u021bionale, Radu Miru\u021b\u0103, \u0219eful Statului Major al Ap\u0103r\u0103rii, generalul Gheorghi\u021b\u0103 Vlad, fost comandant al Diviziei 2 Infanterie \u201eGetica\u201d, reprezentan\u021bi ai conducerii Armatei Rom\u00e2ne, parlamentari, oficialit\u0103\u021bi locale, cadre militare \u00een activitate \u0219i \u00een rezerv\u0103, precum \u0219i numero\u0219i buzoieni.<\/span><\/p>\n<p data-start=\"615\" data-end=\"863\"><span>Ceremonia aniversar\u0103 a marcat cei 110 ani de existen\u021b\u0103 ai marii unit\u0103\u021bi militare care continu\u0103 tradi\u021biile Armatei a 2-a, \u00eenfiin\u021bat\u0103 la 18 august 1918. Manifestarea s-a \u00eencheiat cu defilarea militarilor pe Calea Eroilor, \u00een aplauzele celor prezen\u021bi.<\/span><\/p>\n<p>                    #tdi_63  .td-doubleSlider-2 .td-item1 {<br \/>\n                        background: url(https:\/\/www.observatorulbuzoian.ro\/wp-content\/uploads\/2026\/08\/110-ani-Divizi-2-Infanterie-Getica-11-80&#215;60.jpg) 0 0 no-repeat;<br \/>\n                    }<br \/>\n                    #tdi_63  .td-doubleSlider-2 .td-item2 {<br \/>\n                        background: url(https:\/\/www.observatorulbuzoian.ro\/wp-content\/uploads\/2026\/08\/110-ani-Divizi-2-Infanterie-Getica-12-80&#215;60.jpg) 0 0 no-repeat;<br \/>\n                    }<br \/>\n                    #tdi_63  .td-doubleSlider-2 .td-item3 {<br \/>\n                        background: url(https:\/\/www.observatorulbuzoian.ro\/wp-content\/uploads\/2026\/08\/110-ani-Divizi-2-Infanterie-Getica-13-80&#215;60.jpg) 0 0 no-repeat;<br \/>\n                    }<br \/>\n                    #tdi_63  .td-doubleSlider-2 .td-item4 {<br \/>\n                        background: url(https:\/\/www.observatorulbuzoian.ro\/wp-content\/uploads\/2026\/08\/110-ani-Divizi-2-Infanterie-Getica-14-80&#215;60.jpg) 0 0 no-repeat;<br \/>\n                    }<br \/>\n                    #tdi_63  .td-doubleSlider-2 .td-item5 {<br \/>\n                        background: url(https:\/\/www.observatorulbuzoian.ro\/wp-content\/uploads\/2026\/08\/110-ani-Divizi-2-Infanterie-Getica-15-80&#215;60.jpg) 0 0 no-repeat;<br \/>\n                    }<br \/>\n                    #tdi_63  .td-doubleSlider-2 .td-item6 {<br \/>\n                        background: url(https:\/\/www.observatorulbuzoian.ro\/wp-content\/uploads\/2026\/08\/110-ani-Divizi-2-Infanterie-Getica-16-80&#215;60.jpg) 0 0 no-repeat;<br \/>\n                    }<br \/>\n                    #tdi_63  .td-doubleSlider-2 .td-item7 {<br \/>\n                        background: url(https:\/\/www.observatorulbuzoian.ro\/wp-content\/uploads\/2026\/08\/110-ani-Divizi-2-Infanterie-Getica-17-80&#215;60.jpg) 0 0 no-repeat;<br \/>\n                    }<br \/>\n                    #tdi_63  .td-doubleSlider-2 .td-item8 {<br \/>\n                        background: url(https:\/\/www.observatorulbuzoian.ro\/wp-content\/uploads\/2026\/08\/110-ani-Divizi-2-Infanterie-Getica-18-80&#215;60.jpg) 0 0 no-repeat;<br \/>\n                    }<br \/>\n                    #tdi_63  .td-doubleSlider-2 .td-item9 {<br \/>\n                        background: url(https:\/\/www.observatorulbuzoian.ro\/wp-content\/uploads\/2026\/08\/110-ani-Divizi-2-Infanterie-Getica-19-80&#215;60.jpg) 0 0 no-repeat;<br \/>\n                    }<br \/>\n                    #tdi_63  .td-doubleSlider-2 .td-item10 {<br \/>\n                        background: url(https:\/\/www.observatorulbuzoian.ro\/wp-content\/uploads\/2026\/08\/110-ani-Divizi-2-Infanterie-Getica-20-80&#215;60.jpg) 0 0 no-repeat;<br \/>\n                    }<br \/>\n                    #tdi_63  .td-doubleSlider-2 .td-item11 {<br \/>\n                        background: url(https:\/\/www.observatorulbuzoian.ro\/wp-content\/uploads\/2026\/08\/110-ani-Divizi-2-Infanterie-Getica-21-80&#215;60.jpg) 0 0 no-repeat;<br \/>\n                    }<br \/>\n                    #tdi_63  .td-doubleSlider-2 .td-item12 {<br \/>\n                        background: url(https:\/\/www.observatorulbuzoian.ro\/wp-content\/uploads\/2026\/08\/110-ani-Divizi-2-Infanterie-Getica-22-80&#215;60.jpg) 0 0 no-repeat;<br \/>\n                    }<br \/>\n                    #tdi_63  .td-doubleSlider-2 .td-item13 {<br \/>\n                        background: url(https:\/\/www.observatorulbuzoian.ro\/wp-content\/uploads\/2026\/08\/110-ani-Divizi-2-Infanterie-Getica-23-80&#215;60.jpg) 0 0 no-repeat;<br \/>\n                    }<br \/>\n                    #tdi_63  .td-doubleSlider-2 .td-item14 {<br \/>\n                        background: url(https:\/\/www.observatorulbuzoian.ro\/wp-content\/uploads\/2026\/08\/110-ani-Divizi-2-Infanterie-Getica-24-80&#215;60.jpg) 0 0 no-repeat;<br \/>\n                    }<br \/>\n                    #tdi_63  .td-doubleSlider-2 .td-item15 {<br \/>\n                        background: url(https:\/\/www.observatorulbuzoian.ro\/wp-content\/uploads\/2026\/08\/110-ani-Divizi-2-Infanterie-Getica-25-80&#215;60.jpg) 0 0 no-repeat;<br \/>\n                    }<br \/>\n                    #tdi_63  .td-doubleSlider-2 .td-item16 {<br \/>\n                        background: url(https:\/\/www.observatorulbuzoian.ro\/wp-content\/uploads\/2026\/08\/110-ani-Divizi-2-Infanterie-Getica-26-80&#215;60.jpg) 0 0 no-repeat;<br \/>\n                    }<br \/>\n                    #tdi_63  .td-doubleSlider-2 .td-item17 {<br \/>\n                        background: url(https:\/\/www.observatorulbuzoian.ro\/wp-content\/uploads\/2026\/08\/110-ani-Divizi-2-Infanterie-Getica-27-80&#215;60.jpg) 0 0 no-repeat;<br \/>\n                    }<br \/>\n                    #tdi_63  .td-doubleSlider-2 .td-item18 {<br \/>\n                        background: url(https:\/\/www.observatorulbuzoian.ro\/wp-content\/uploads\/2026\/08\/110-ani-Divizi-2-Infanterie-Getica-28-80&#215;60.jpg) 0 0 no-repeat;<br \/>\n                    }<br \/>\n                    #tdi_63  .td-doubleSlider-2 .td-item19 {<br \/>\n                        background: url(https:\/\/www.observatorulbuzoian.ro\/wp-content\/uploads\/2026\/08\/110-ani-Divizi-2-Infanterie-Getica-29-80&#215;60.jpg) 0 0 no-repeat;<br \/>\n                    }<br \/>\n                    #tdi_63  .td-doubleSlider-2 .td-item20 {<br \/>\n                        background: url(https:\/\/www.observatorulbuzoian.ro\/wp-content\/uploads\/2026\/08\/110-ani-Divizi-2-Infanterie-Getica-31-80&#215;60.jpg) 0 0 no-repeat;<br \/>\n                    }<br \/>\n                    #tdi_63  .td-doubleSlider-2 .td-item21 {<br \/>\n                        background: url(https:\/\/www.observatorulbuzoian.ro\/wp-content\/uploads\/2026\/08\/110-ani-Divizi-2-Infanterie-Getica-32-80&#215;60.jpg) 0 0 no-repeat;<br \/>\n                    }<br \/>\n                    #tdi_63  .td-doubleSlider-2 .td-item22 {<br \/>\n                        background: url(https:\/\/www.observatorulbuzoian.ro\/wp-content\/uploads\/2026\/08\/110-ani-Divizi-2-Infanterie-Getica-33-80&#215;60.jpg) 0 0 no-repeat;<br \/>\n                    }<br \/>\n                    #tdi_63  .td-doubleSlider-2 .td-item23 {<br \/>\n                        background: url(https:\/\/www.observatorulbuzoian.ro\/wp-content\/uploads\/2026\/08\/110-ani-Divizi-2-Infanterie-Getica-34-80&#215;60.jpg) 0 0 no-repeat;<br \/>\n                    }<br \/>\n                    #tdi_63  .td-doubleSlider-2 .td-item24 {<br \/>\n                        background: url(https:\/\/www.observatorulbuzoian.ro\/wp-content\/uploads\/2026\/08\/110-ani-Divizi-2-Infanterie-Getica-35-80&#215;60.jpg) 0 0 no-repeat;<br \/>\n                    }<\/p>\n<div id=\"tdi_63\" class=\"td-gallery td-slide-on-2-columns\">\n<div class=\"post_td_gallery\">\n<div class=\"td-gallery-slide-top\">\n<div class=\"td-gallery-controls-wrapper\">\n<div class=\"td-gallery-slide-count\"><span class=\"td-gallery-slide-item-focus\">1<\/span> de 24<\/div>\n<\/div>\n<\/div>\n<div class=\"td-doubleSlider-1 \">\n<div class=\"td-slider\">\n<div class=\"td-slide-item td-item1\">\n<figure class=\"td-slide-galery-figure td-slide-popup-gallery\"><a class=\"slide-gallery-image-link\" href=\"https:\/\/www.observatorulbuzoian.ro\/wp-content\/uploads\/2026\/08\/110-ani-Divizi-2-Infanterie-Getica-11.jpg\" title=\"110 ani Divizi 2 Infanterie Getica-11\" data-caption data-description><img decoding=\"async\" src=\"https:\/\/www.observatorulbuzoian.ro\/wp-content\/uploads\/2026\/08\/110-ani-Divizi-2-Infanterie-Getica-11-627x420.jpg\" alt><img decoding=\"async\" src=\"https:\/\/www.observatorulbuzoian.ro\/wp-content\/uploads\/2026\/08\/110-ani-Divizi-2-Infanterie-Getica-11-627x420.jpg\" alt><\/a><\/figure>\n<\/div>\n<div class=\"td-slide-item td-item2\">\n<figure class=\"td-slide-galery-figure td-slide-popup-gallery\"><a class=\"slide-gallery-image-link\" href=\"https:\/\/www.observatorulbuzoian.ro\/wp-content\/uploads\/2026\/08\/110-ani-Divizi-2-Infanterie-Getica-12.jpg\" title=\"110 ani Divizi 2 Infanterie Getica-12\" data-caption data-description><img decoding=\"async\" src=\"https:\/\/www.observatorulbuzoian.ro\/wp-content\/uploads\/2026\/08\/110-ani-Divizi-2-Infanterie-Getica-12-281x420.jpg\" alt><img decoding=\"async\" src=\"https:\/\/www.observatorulbuzoian.ro\/wp-content\/uploads\/2026\/08\/110-ani-Divizi-2-Infanterie-Getica-12-281x420.jpg\" alt><\/a><\/figure>\n<\/div>\n<div class=\"td-slide-item td-item3\">\n<figure class=\"td-slide-galery-figure td-slide-popup-gallery\"><a class=\"slide-gallery-image-link\" href=\"https:\/\/www.observatorulbuzoian.ro\/wp-content\/uploads\/2026\/08\/110-ani-Divizi-2-Infanterie-Getica-13.jpg\" title=\"110 ani Divizi 2 Infanterie Getica-13\" data-caption data-description><img decoding=\"async\" src=\"https:\/\/www.observatorulbuzoian.ro\/wp-content\/uploads\/2026\/08\/110-ani-Divizi-2-Infanterie-Getica-13-629x420.jpg\" alt><img decoding=\"async\" src=\"https:\/\/www.observatorulbuzoian.ro\/wp-content\/uploads\/2026\/08\/110-ani-Divizi-2-Infanterie-Getica-13-629x420.jpg\" alt><\/a><\/figure>\n<\/div>\n<div class=\"td-slide-item td-item4\">\n<figure class=\"td-slide-galery-figure td-slide-popup-gallery\"><a class=\"slide-gallery-image-link\" href=\"https:\/\/www.observatorulbuzoian.ro\/wp-content\/uploads\/2026\/08\/110-ani-Divizi-2-Infanterie-Getica-14.jpg\" title=\"110 ani Divizi 2 Infanterie Getica-14\" data-caption data-description><img decoding=\"async\" src=\"https:\/\/www.observatorulbuzoian.ro\/wp-content\/uploads\/2026\/08\/110-ani-Divizi-2-Infanterie-Getica-14-281x420.jpg\" alt><img decoding=\"async\" src=\"https:\/\/www.observatorulbuzoian.ro\/wp-content\/uploads\/2026\/08\/110-ani-Divizi-2-Infanterie-Getica-14-281x420.jpg\" alt><\/a><\/figure>\n<\/div>\n<div class=\"td-slide-item td-item5\">\n<figure class=\"td-slide-galery-figure td-slide-popup-gallery\"><a class=\"slide-gallery-image-link\" href=\"https:\/\/www.observatorulbuzoian.ro\/wp-content\/uploads\/2026\/08\/110-ani-Divizi-2-Infanterie-Getica-15.jpg\" title=\"110 ani Divizi 2 Infanterie Getica-15\" data-caption data-description><img decoding=\"async\" src=\"https:\/\/www.observatorulbuzoian.ro\/wp-content\/uploads\/2026\/08\/110-ani-Divizi-2-Infanterie-Getica-15-630x420.jpg\" alt><img decoding=\"async\" src=\"https:\/\/www.observatorulbuzoian.ro\/wp-content\/uploads\/2026\/08\/110-ani-Divizi-2-Infanterie-Getica-15-630x420.jpg\" alt><\/a><\/figure>\n<\/div>\n<div class=\"td-slide-item td-item6\">\n<figure class=\"td-slide-galery-figure td-slide-popup-gallery\"><a class=\"slide-gallery-image-link\" href=\"https:\/\/www.observatorulbuzoian.ro\/wp-content\/uploads\/2026\/08\/110-ani-Divizi-2-Infanterie-Getica-16.jpg\" title=\"110 ani Divizi 2 Infanterie Getica-16\" data-caption data-description><img decoding=\"async\" src=\"https:\/\/www.observatorulbuzoian.ro\/wp-content\/uploads\/2026\/08\/110-ani-Divizi-2-Infanterie-Getica-16-628x420.jpg\" alt><img decoding=\"async\" src=\"https:\/\/www.observatorulbuzoian.ro\/wp-content\/uploads\/2026\/08\/110-ani-Divizi-2-Infanterie-Getica-16-628x420.jpg\" alt><\/a><\/figure>\n<\/div>\n<div class=\"td-slide-item td-item7\">\n<figure class=\"td-slide-galery-figure td-slide-popup-gallery\"><a class=\"slide-gallery-image-link\" href=\"https:\/\/www.observatorulbuzoian.ro\/wp-content\/uploads\/2026\/08\/110-ani-Divizi-2-Infanterie-Getica-17.jpg\" title=\"110 ani Divizi 2 Infanterie Getica-17\" data-caption data-description><img decoding=\"async\" src=\"https:\/\/www.observatorulbuzoian.ro\/wp-content\/uploads\/2026\/08\/110-ani-Divizi-2-Infanterie-Getica-17-628x420.jpg\" alt><img decoding=\"async\" src=\"https:\/\/www.observatorulbuzoian.ro\/wp-content\/uploads\/2026\/08\/110-ani-Divizi-2-Infanterie-Getica-17-628x420.jpg\" alt><\/a><\/figure>\n<\/div>\n<div class=\"td-slide-item td-item8\">\n<figure class=\"td-slide-galery-figure td-slide-popup-gallery\"><a class=\"slide-gallery-image-link\" href=\"https:\/\/www.observatorulbuzoian.ro\/wp-content\/uploads\/2026\/08\/110-ani-Divizi-2-Infanterie-Getica-18.jpg\" title=\"110 ani Divizi 2 Infanterie Getica-18\" data-caption data-description><img decoding=\"async\" src=\"https:\/\/www.observatorulbuzoian.ro\/wp-content\/uploads\/2026\/08\/110-ani-Divizi-2-Infanterie-Getica-18-627x420.jpg\" alt><img decoding=\"async\" src=\"https:\/\/www.observatorulbuzoian.ro\/wp-content\/uploads\/2026\/08\/110-ani-Divizi-2-Infanterie-Getica-18-627x420.jpg\" alt><\/a><\/figure>\n<\/div>\n<div class=\"td-slide-item td-item9\">\n<figure class=\"td-slide-galery-figure td-slide-popup-gallery\"><a class=\"slide-gallery-image-link\" href=\"https:\/\/www.observatorulbuzoian.ro\/wp-content\/uploads\/2026\/08\/110-ani-Divizi-2-Infanterie-Getica-19.jpg\" title=\"110 ani Divizi 2 Infanterie Getica-19\" data-caption data-description><img decoding=\"async\" src=\"https:\/\/www.observatorulbuzoian.ro\/wp-content\/uploads\/2026\/08\/110-ani-Divizi-2-Infanterie-Getica-19-629x420.jpg\" alt><img decoding=\"async\" src=\"https:\/\/www.observatorulbuzoian.ro\/wp-content\/uploads\/2026\/08\/110-ani-Divizi-2-Infanterie-Getica-19-629x420.jpg\" alt><\/a><\/figure>\n<\/div>\n<div class=\"td-slide-item td-item10\">\n<figure class=\"td-slide-galery-figure td-slide-popup-gallery\"><a class=\"slide-gallery-image-link\" href=\"https:\/\/www.observatorulbuzoian.ro\/wp-content\/uploads\/2026\/08\/110-ani-Divizi-2-Infanterie-Getica-20.jpg\" title=\"110 ani Divizi 2 Infanterie Getica-20\" data-caption data-description><img decoding=\"async\" src=\"https:\/\/www.observatorulbuzoian.ro\/wp-content\/uploads\/2026\/08\/110-ani-Divizi-2-Infanterie-Getica-20-630x420.jpg\" alt><img decoding=\"async\" src=\"https:\/\/www.observatorulbuzoian.ro\/wp-content\/uploads\/2026\/08\/110-ani-Divizi-2-Infanterie-Getica-20-630x420.jpg\" alt><\/a><\/figure>\n<\/div>\n<div class=\"td-slide-item td-item11\">\n<figure class=\"td-slide-galery-figure td-slide-popup-gallery\"><a class=\"slide-gallery-image-link\" href=\"https:\/\/www.observatorulbuzoian.ro\/wp-content\/uploads\/2026\/08\/110-ani-Divizi-2-Infanterie-Getica-21.jpg\" title=\"110 ani Divizi 2 Infanterie Getica-21\" data-caption data-description><img decoding=\"async\" src=\"https:\/\/www.observatorulbuzoian.ro\/wp-content\/uploads\/2026\/08\/110-ani-Divizi-2-Infanterie-Getica-21-630x420.jpg\" alt><img decoding=\"async\" src=\"https:\/\/www.observatorulbuzoian.ro\/wp-content\/uploads\/2026\/08\/110-ani-Divizi-2-Infanterie-Getica-21-630x420.jpg\" alt><\/a><\/figure>\n<\/div>\n<div class=\"td-slide-item td-item12\">\n<figure class=\"td-slide-galery-figure td-slide-popup-gallery\"><a class=\"slide-gallery-image-link\" href=\"https:\/\/www.observatorulbuzoian.ro\/wp-content\/uploads\/2026\/08\/110-ani-Divizi-2-Infanterie-Getica-22.jpg\" title=\"110 ani Divizi 2 Infanterie Getica-22\" data-caption data-description><img decoding=\"async\" src=\"https:\/\/www.observatorulbuzoian.ro\/wp-content\/uploads\/2026\/08\/110-ani-Divizi-2-Infanterie-Getica-22-280x420.jpg\" alt><img decoding=\"async\" src=\"https:\/\/www.observatorulbuzoian.ro\/wp-content\/uploads\/2026\/08\/110-ani-Divizi-2-Infanterie-Getica-22-280x420.jpg\" alt><\/a><\/figure>\n<\/div>\n<div class=\"td-slide-item td-item13\">\n<figure class=\"td-slide-galery-figure td-slide-popup-gallery\"><a class=\"slide-gallery-image-link\" href=\"https:\/\/www.observatorulbuzoian.ro\/wp-content\/uploads\/2026\/08\/110-ani-Divizi-2-Infanterie-Getica-23.jpg\" title=\"110 ani Divizi 2 Infanterie Getica-23\" data-caption data-description><img decoding=\"async\" src=\"https:\/\/www.observatorulbuzoian.ro\/wp-content\/uploads\/2026\/08\/110-ani-Divizi-2-Infanterie-Getica-23-629x420.jpg\" alt><img decoding=\"async\" src=\"https:\/\/www.observatorulbuzoian.ro\/wp-content\/uploads\/2026\/08\/110-ani-Divizi-2-Infanterie-Getica-23-629x420.jpg\" alt><\/a><\/figure>\n<\/div>\n<div class=\"td-slide-item td-item14\">\n<figure class=\"td-slide-galery-figure td-slide-popup-gallery\"><a class=\"slide-gallery-image-link\" href=\"https:\/\/www.observatorulbuzoian.ro\/wp-content\/uploads\/2026\/08\/110-ani-Divizi-2-Infanterie-Getica-24.jpg\" title=\"110 ani Divizi 2 Infanterie Getica-24\" data-caption data-description><img decoding=\"async\" src=\"https:\/\/www.observatorulbuzoian.ro\/wp-content\/uploads\/2026\/08\/110-ani-Divizi-2-Infanterie-Getica-24-631x420.jpg\" alt><img decoding=\"async\" src=\"https:\/\/www.observatorulbuzoian.ro\/wp-content\/uploads\/2026\/08\/110-ani-Divizi-2-Infanterie-Getica-24-631x420.jpg\" alt><\/a><\/figure>\n<\/div>\n<div class=\"td-slide-item td-item15\">\n<figure class=\"td-slide-galery-figure td-slide-popup-gallery\"><a class=\"slide-gallery-image-link\" href=\"https:\/\/www.observatorulbuzoian.ro\/wp-content\/uploads\/2026\/08\/110-ani-Divizi-2-Infanterie-Getica-25.jpg\" title=\"110 ani Divizi 2 Infanterie Getica-25\" data-caption data-description><img decoding=\"async\" src=\"https:\/\/www.observatorulbuzoian.ro\/wp-content\/uploads\/2026\/08\/110-ani-Divizi-2-Infanterie-Getica-25-630x420.jpg\" alt><img decoding=\"async\" src=\"https:\/\/www.observatorulbuzoian.ro\/wp-content\/uploads\/2026\/08\/110-ani-Divizi-2-Infanterie-Getica-25-630x420.jpg\" alt><\/a><\/figure>\n<\/div>\n<div class=\"td-slide-item td-item16\">\n<figure class=\"td-slide-galery-figure td-slide-popup-gallery\"><a class=\"slide-gallery-image-link\" href=\"https:\/\/www.observatorulbuzoian.ro\/wp-content\/uploads\/2026\/08\/110-ani-Divizi-2-Infanterie-Getica-26.jpg\" title=\"110 ani Divizi 2 Infanterie Getica-26\" data-caption data-description><img decoding=\"async\" src=\"https:\/\/www.observatorulbuzoian.ro\/wp-content\/uploads\/2026\/08\/110-ani-Divizi-2-Infanterie-Getica-26-627x420.jpg\" alt><img decoding=\"async\" src=\"https:\/\/www.observatorulbuzoian.ro\/wp-content\/uploads\/2026\/08\/110-ani-Divizi-2-Infanterie-Getica-26-627x420.jpg\" alt><\/a><\/figure>\n<\/div>\n<div class=\"td-slide-item td-item17\">\n<figure class=\"td-slide-galery-figure td-slide-popup-gallery\"><a class=\"slide-gallery-image-link\" href=\"https:\/\/www.observatorulbuzoian.ro\/wp-content\/uploads\/2026\/08\/110-ani-Divizi-2-Infanterie-Getica-27.jpg\" title=\"110 ani Divizi 2 Infanterie Getica-27\" data-caption data-description><img decoding=\"async\" src=\"https:\/\/www.observatorulbuzoian.ro\/wp-content\/uploads\/2026\/08\/110-ani-Divizi-2-Infanterie-Getica-27-631x420.jpg\" alt><img decoding=\"async\" src=\"https:\/\/www.observatorulbuzoian.ro\/wp-content\/uploads\/2026\/08\/110-ani-Divizi-2-Infanterie-Getica-27-631x420.jpg\" alt><\/a><\/figure>\n<\/div>\n<div class=\"td-slide-item td-item18\">\n<figure class=\"td-slide-galery-figure td-slide-popup-gallery\"><a class=\"slide-gallery-image-link\" href=\"https:\/\/www.observatorulbuzoian.ro\/wp-content\/uploads\/2026\/08\/110-ani-Divizi-2-Infanterie-Getica-28.jpg\" title=\"110 ani Divizi 2 Infanterie Getica-28\" data-caption data-description><img decoding=\"async\" src=\"https:\/\/www.observatorulbuzoian.ro\/wp-content\/uploads\/2026\/08\/110-ani-Divizi-2-Infanterie-Getica-28-629x420.jpg\" alt><img decoding=\"async\" src=\"https:\/\/www.observatorulbuzoian.ro\/wp-content\/uploads\/2026\/08\/110-ani-Divizi-2-Infanterie-Getica-28-629x420.jpg\" alt><\/a><\/figure>\n<\/div>\n<div class=\"td-slide-item td-item19\">\n<figure class=\"td-slide-galery-figure td-slide-popup-gallery\"><a class=\"slide-gallery-image-link\" href=\"https:\/\/www.observatorulbuzoian.ro\/wp-content\/uploads\/2026\/08\/110-ani-Divizi-2-Infanterie-Getica-29.jpg\" title=\"110 ani Divizi 2 Infanterie Getica-29\" data-caption data-description><img decoding=\"async\" src=\"https:\/\/www.observatorulbuzoian.ro\/wp-content\/uploads\/2026\/08\/110-ani-Divizi-2-Infanterie-Getica-29-629x420.jpg\" alt><img decoding=\"async\" src=\"https:\/\/www.observatorulbuzoian.ro\/wp-content\/uploads\/2026\/08\/110-ani-Divizi-2-Infanterie-Getica-29-629x420.jpg\" alt><\/a><\/figure>\n<\/div>\n<div class=\"td-slide-item td-item20\">\n<figure class=\"td-slide-galery-figure td-slide-popup-gallery\"><a class=\"slide-gallery-image-link\" href=\"https:\/\/www.observatorulbuzoian.ro\/wp-content\/uploads\/2026\/08\/110-ani-Divizi-2-Infanterie-Getica-31.jpg\" title=\"110 ani Divizi 2 Infanterie Getica-31\" data-caption data-description><img decoding=\"async\" src=\"https:\/\/www.observatorulbuzoian.ro\/wp-content\/uploads\/2026\/08\/110-ani-Divizi-2-Infanterie-Getica-31-629x420.jpg\" alt><img decoding=\"async\" src=\"https:\/\/www.observatorulbuzoian.ro\/wp-content\/uploads\/2026\/08\/110-ani-Divizi-2-Infanterie-Getica-31-629x420.jpg\" alt><\/a><\/figure>\n<\/div>\n<div class=\"td-slide-item td-item21\">\n<figure class=\"td-slide-galery-figure td-slide-popup-gallery\"><a class=\"slide-gallery-image-link\" href=\"https:\/\/www.observatorulbuzoian.ro\/wp-content\/uploads\/2026\/08\/110-ani-Divizi-2-Infanterie-Getica-32.jpg\" title=\"110 ani Divizi 2 Infanterie Getica-32\" data-caption data-description><img decoding=\"async\" src=\"https:\/\/www.observatorulbuzoian.ro\/wp-content\/uploads\/2026\/08\/110-ani-Divizi-2-Infanterie-Getica-32-626x420.jpg\" alt><img decoding=\"async\" src=\"https:\/\/www.observatorulbuzoian.ro\/wp-content\/uploads\/2026\/08\/110-ani-Divizi-2-Infanterie-Getica-32-626x420.jpg\" alt><\/a><\/figure>\n<\/div>\n<div class=\"td-slide-item td-item22\">\n<figure class=\"td-slide-galery-figure td-slide-popup-gallery\"><a class=\"slide-gallery-image-link\" href=\"https:\/\/www.observatorulbuzoian.ro\/wp-content\/uploads\/2026\/08\/110-ani-Divizi-2-Infanterie-Getica-33.jpg\" title=\"110 ani Divizi 2 Infanterie Getica-33\" data-caption data-description><img decoding=\"async\" src=\"https:\/\/www.observatorulbuzoian.ro\/wp-content\/uploads\/2026\/08\/110-ani-Divizi-2-Infanterie-Getica-33-630x420.jpg\" alt><img decoding=\"async\" src=\"https:\/\/www.observatorulbuzoian.ro\/wp-content\/uploads\/2026\/08\/110-ani-Divizi-2-Infanterie-Getica-33-630x420.jpg\" alt><\/a><\/figure>\n<\/div>\n<div class=\"td-slide-item td-item23\">\n<figure class=\"td-slide-galery-figure td-slide-popup-gallery\"><a class=\"slide-gallery-image-link\" href=\"https:\/\/www.observatorulbuzoian.ro\/wp-content\/uploads\/2026\/08\/110-ani-Divizi-2-Infanterie-Getica-34.jpg\" title=\"110 ani Divizi 2 Infanterie Getica-34\" data-caption data-description><img decoding=\"async\" src=\"https:\/\/www.observatorulbuzoian.ro\/wp-content\/uploads\/2026\/08\/110-ani-Divizi-2-Infanterie-Getica-34-630x420.jpg\" alt><img decoding=\"async\" src=\"https:\/\/www.observatorulbuzoian.ro\/wp-content\/uploads\/2026\/08\/110-ani-Divizi-2-Infanterie-Getica-34-630x420.jpg\" alt><\/a><\/figure>\n<\/div>\n<div class=\"td-slide-item td-item24\">\n<figure class=\"td-slide-galery-figure td-slide-popup-gallery\"><a class=\"slide-gallery-image-link\" href=\"https:\/\/www.observatorulbuzoian.ro\/wp-content\/uploads\/2026\/08\/110-ani-Divizi-2-Infanterie-Getica-35.jpg\" title=\"110 ani Divizi 2 Infanterie Getica-35\" data-caption data-description><img decoding=\"async\" src=\"https:\/\/www.observatorulbuzoian.ro\/wp-content\/uploads\/2026\/08\/110-ani-Divizi-2-Infanterie-Getica-35-629x420.jpg\" alt><img decoding=\"async\" src=\"https:\/\/www.observatorulbuzoian.ro\/wp-content\/uploads\/2026\/08\/110-ani-Divizi-2-Infanterie-Getica-35-629x420.jpg\" alt><\/a><\/figure>\n<\/div>\n<\/div>\n<\/div>\n<\/div>\n<\/div>\n<p data-start=\"865\" data-end=\"1419\"><span>Evenimentul de joi a \u00eencheiat seria activit\u0103\u021bilor organizate \u00een perioada 10\u201320 august pentru a marca aniversarea Diviziei 2 Infanterie \u201eGetica\u201d. Printre acestea s-a num\u0103rat \u0219i expozi\u021bia de tehnic\u0103 \u0219i echipamente militare desf\u0103\u0219urat\u0103 duminic\u0103 pe Bulevardul Nicolae B\u0103lcescu, care a atras mii de buzoieni.<\/span><\/p>\n<p data-start=\"1421\" data-end=\"1635\"><span>La finalul ceremoniei, ministrul Ap\u0103r\u0103rii, Radu Miru\u021b\u0103, \u0219i generalul Gheorghi\u021b\u0103 Vlad au sus\u021binut declara\u021bii de pres\u0103 referitoare la incidentele recente provocate de drone, inclusiv cel \u00eenregistrat \u00een jude\u021bul Buz\u0103u.<\/span><\/p>\n<p data-start=\"1637\" data-end=\"1829\"><span>Radu Miru\u021b\u0103 a prezentat dobor\u00e2rea dronei ajunse \u00een zona Buz\u0103ului drept un succes al Armatei Rom\u00e2ne \u0219i a \u00eencercat s\u0103 \u00eei asigure pe cet\u0103\u021beni c\u0103 institu\u021biile militare sunt preg\u0103tite s\u0103 intervin\u0103.<\/span><\/p>\n<p data-start=\"1831\" data-end=\"2244\"><span>\u201eArmata Rom\u00e2n\u0103 a dobor\u00e2t drona din jurul Buz\u0103ului, iar asta nu s-a \u00eent\u00e2mplat pentru c\u0103, \u00eentr-o diminea\u021b\u0103, a venit ziua de vineri, ci pentru c\u0103 domnul general Vlad, domnul general Vr\u0103jescu \u0219i echipa de la Ministerul Ap\u0103r\u0103rii sunt permanent preocupa\u021bi s\u0103 \u00eembun\u0103t\u0103\u021beasc\u0103 deciziile care pot fi luate. Faptul c\u0103 drona din jurul Buz\u0103ului a fost dobor\u00e2t\u0103 este un succes al Armatei Rom\u00e2ne\u201d, a declarat ministrul Ap\u0103r\u0103rii.<\/span><\/p>\n<p data-start=\"2246\" data-end=\"2372\"><span>Radu Miru\u021b\u0103 le-a transmis buzoienilor c\u0103, \u00een acest moment, nu exist\u0103 informa\u021bii care s\u0103 indice o cre\u0219tere a nivelului de risc.<\/span><\/p>\n<p data-start=\"2374\" data-end=\"2677\"><span>\u201eLe transmit cet\u0103\u021benilor rom\u00e2ni, care pe bun\u0103 dreptate se pot \u00eengrijora, c\u0103 nu exist\u0103 indicii c\u0103 a crescut gradul de risc pentru cet\u0103\u021benii Rom\u00e2niei. \u00cei asigur c\u0103 Armata Rom\u00e2n\u0103 face absolut tot ce \u00eei st\u0103 \u00een putin\u021b\u0103 pentru a proteja integritatea \u021b\u0103rii \u0219i vie\u021bile cet\u0103\u021benilor rom\u00e2ni\u201d, a mai spus ministrul.<\/span><\/p>\n<p data-start=\"2679\" data-end=\"3050\"><span>\u00centrebat despre analiza fragmentelor recuperate \u00een jude\u021bul Buz\u0103u, Radu Miru\u021b\u0103 a precizat c\u0103 nu a primit, deocamdat\u0103, concluziile finale. Potrivit acestuia, stabilirea cu exactitate a provenien\u021bei unei drone este dificil\u0103 dup\u0103 explozie, deoarece fragmentele pot fi pulverizate, iar speciali\u0219tii trebuie s\u0103 dispun\u0103 de dovezi clare \u00eenainte de a formula o concluzie oficial\u0103.<\/span><\/p>\n<p data-start=\"3052\" data-end=\"3314\"><span>Ministrul a vorbit \u0219i despre nevoia unei mai bune inform\u0103ri a popula\u021biei, \u00een special \u00een localit\u0103\u021bile \u00een care sunt transmise mesaje RO-Alert.<\/span><\/p>\n<p data-start=\"3316\" data-end=\"3450\"><span>La r\u00e2ndul s\u0103u, generalul Gheorghi\u021b\u0103 Vlad a avertizat c\u0103 incidentele de securitate provocate de r\u0103zboiul din Ucraina ar putea continua.<\/span><\/p>\n<p data-start=\"3452\" data-end=\"3696\"><span>\u201e\u00cen ultima perioad\u0103 am descoperit foarte multe resturi de drone, am avut mai multe intr\u0103ri \u00een spa\u021biul aerian al Rom\u00e2niei \u0219i mai multe incidente de securitate. Cel mai probabil, acestea vor continua\u201d, a declarat \u0219eful Statului Major al Ap\u0103r\u0103rii.<\/span><\/p>\n<p data-start=\"3698\" data-end=\"4090\"><span>Generalul a explicat c\u0103 Armata Rom\u00e2n\u0103 trebuie s\u0103 \u00ee\u0219i adapteze permanent capacitatea de reac\u021bie, at\u00e2t pentru protejarea popula\u021biei, c\u00e2t \u0219i a infrastructurii critice. \u00cen cazul dronelor maritime descoperite chiar ast\u0103zi \u00een apropierea perimetrului Neptun Deep, dou\u0103 aeronave F-16 au ajuns \u00een zon\u0103 \u00een aproximativ 20 de minute, au identificat vizual amenin\u021barea \u0219i au reu\u0219it s\u0103 o scufunde dup\u0103 trei trageri.<\/span><\/p>\n<p data-start=\"4092\" data-end=\"4399\" data-is-last-node data-is-only-node><span>Ceremonia aniversar\u0103 de la Buz\u0103u a reprezentat astfel nu doar un moment de evocare a celor 110 ani de istorie ai Diviziei 2 Infanterie \u201eGetica\u201d, ci \u0219i un prilej pentru conducerea Armatei Rom\u00e2ne de a vorbi despre noile provoc\u0103ri de securitate \u0219i despre m\u0103surile luate pentru protejarea teritoriului na\u021bional.<\/span><\/p>\n<\/div>\n<p>[analyse_source url=&#8221;https:\/\/www.observatorulbuzoian.ro\/galerie-fotodivizia-2-infanterie-getica-110-ani-de-istorie-ceremonie-impresionanta-pe-calea-eroilor\/&#8221;]<\/p>\n","protected":false},"excerpt":{"rendered":"<p>[analyse_image type=&#8221;featured&#8221; src=&#8221;https:\/\/www.observatorulbuzoian.ro\/wp-content\/uploads\/2026\/08\/110-ani-Divizi-2-Infanterie-Getica-33.jpg&#8221;] Divizia 2 Infanterie \u201eGetica\u201d a s\u0103rb\u0103torit, joi, 110 ani de la \u00eenfiin\u021bare printr-o ceremonie militar\u0103 \u0219i religioas\u0103 organizat\u0103 pe Calea Eroilor din municipiul Buz\u0103u. La eveniment au participat ministrul Ap\u0103r\u0103rii Na\u021bionale, Radu Miru\u021b\u0103, \u0219eful Statului Major al Ap\u0103r\u0103rii, generalul Gheorghi\u021b\u0103 Vlad, fost comandant al Diviziei 2 Infanterie \u201eGetica\u201d, reprezentan\u021bi ai conducerii Armatei [&hellip;]<\/p>\n","protected":false},"author":1,"featured_media":0,"comment_status":"open","ping_status":"","sticky":false,"template":"","format":"standard","meta":{"footnotes":""},"categories":[2],"tags":[226,82],"class_list":["post-2104992","post","type-post","status-publish","format-standard","hentry","category-politics","tag-crawlmanager","tag-observatorulbuzoian-ro"],"_links":{"self":[{"href":"https:\/\/analyse.optim.biz\/index.php?rest_route=\/wp\/v2\/posts\/2104992","targetHints":{"allow":["GET"]}}],"collection":[{"href":"https:\/\/analyse.optim.biz\/index.php?rest_route=\/wp\/v2\/posts"}],"about":[{"href":"https:\/\/analyse.optim.biz\/index.php?rest_route=\/wp\/v2\/types\/post"}],"author":[{"embeddable":true,"href":"https:\/\/analyse.optim.biz\/index.php?rest_route=\/wp\/v2\/users\/1"}],"replies":[{"embeddable":true,"href":"https:\/\/analyse.optim.biz\/index.php?rest_route=%2Fwp%2Fv2%2Fcomments&post=2104992"}],"version-history":[{"count":0,"href":"https:\/\/analyse.optim.biz\/index.php?rest_route=\/wp\/v2\/posts\/2104992\/revisions"}],"wp:attachment":[{"href":"https:\/\/analyse.optim.biz\/index.php?rest_route=%2Fwp%2Fv2%2Fmedia&parent=2104992"}],"wp:term":[{"taxonomy":"category","embeddable":true,"href":"https:\/\/analyse.optim.biz\/index.php?rest_route=%2Fwp%2Fv2%2Fcategories&post=2104992"},{"taxonomy":"post_tag","embeddable":true,"href":"https:\/\/analyse.optim.biz\/index.php?rest_route=%2Fwp%2Fv2%2Ftags&post=2104992"}],"curies":[{"name":"wp","href":"https:\/\/api.w.org\/{rel}","templated":true}]}}