{"id":210483,"date":"2014-03-04T11:26:42","date_gmt":"2014-03-04T08:26:42","guid":{"rendered":"https:\/\/analyse.optim.biz\/?p=210483"},"modified":"2014-03-04T11:26:42","modified_gmt":"2014-03-04T08:26:42","slug":"gabriel-oprea-nu-am-dorit-sa-fiu-ministrul-afacerilor-interne","status":"publish","type":"post","link":"https:\/\/analyse.optim.biz\/?p=210483","title":{"rendered":"Gabriel Oprea: Nu am dorit s\u0103 fiu ministrul Afacerilor Interne"},"content":{"rendered":"<div class=\"entry data-app-meta data-app-meta-article\" data-embed-base-url-canonical=\"https:\/\/www.digi24.ro\/embed\/stiri\/actualitate\/politica\/gabriel-oprea-nu-am-dorit-sa-fiu-ministrul-afacerilor-interne-209119\">\n<p data-index=\"1\">Oprea este \u00een prezent ministru interimar la Interne.<\/p>\n<p data-index=\"2\">\u201eVreau s\u0103 \u015fti\u0163i c\u0103 eu nu am dorit s\u0103 fiu ministrul Afacerilor Interne. \u00ceocul \u00een care am fost, am fost fie prefect, ministru la administra\u0163ie, am mai fost pe la Interne. \u00cemi fac datoria \u015fi vreau \u015fi cred c\u0103 cu cei de la MAI \u015fi cu cele dou\u0103 comisii de la Senat \u015fi camera Deputa\u0163ilor s\u0103 le asigur\u0103m acestor oameni bugetul \u015fi drepturile lor, ca s\u0103 putem s\u0103 le cerem. MAI \u00ee\u015fi va face datoria fa\u0163\u0103 de cet\u0103\u0163enii din Rom\u00e2nia\u201d, a declarat <strong>Gabriel Oprea.<\/strong><\/p>\n<\/div>\n<p> Source URL: https:\/\/www.digi24.ro\/stiri\/actualitate\/politica\/gabriel-oprea-nu-am-dorit-sa-fiu-ministrul-afacerilor-interne-209119<\/p>\n","protected":false},"excerpt":{"rendered":"<p>Oprea este \u00een prezent ministru interimar la Interne. \u201eVreau s\u0103 \u015fti\u0163i c\u0103 eu nu am dorit s\u0103 fiu ministrul Afacerilor Interne. \u00ceocul \u00een care am fost, am fost fie prefect, ministru la administra\u0163ie, am mai fost pe la Interne. \u00cemi fac datoria \u015fi vreau \u015fi cred c\u0103 cu cei de la MAI \u015fi cu cele [&hellip;]<\/p>\n","protected":false},"author":1,"featured_media":210484,"comment_status":"open","ping_status":"","sticky":false,"template":"","format":"standard","meta":{"footnotes":""},"categories":[2],"tags":[11],"class_list":["post-210483","post","type-post","status-publish","format-standard","has-post-thumbnail","hentry","category-politics","tag-digi24"],"_links":{"self":[{"href":"https:\/\/analyse.optim.biz\/index.php?rest_route=\/wp\/v2\/posts\/210483","targetHints":{"allow":["GET"]}}],"collection":[{"href":"https:\/\/analyse.optim.biz\/index.php?rest_route=\/wp\/v2\/posts"}],"about":[{"href":"https:\/\/analyse.optim.biz\/index.php?rest_route=\/wp\/v2\/types\/post"}],"author":[{"embeddable":true,"href":"https:\/\/analyse.optim.biz\/index.php?rest_route=\/wp\/v2\/users\/1"}],"replies":[{"embeddable":true,"href":"https:\/\/analyse.optim.biz\/index.php?rest_route=%2Fwp%2Fv2%2Fcomments&post=210483"}],"version-history":[{"count":0,"href":"https:\/\/analyse.optim.biz\/index.php?rest_route=\/wp\/v2\/posts\/210483\/revisions"}],"wp:featuredmedia":[{"embeddable":true,"href":"https:\/\/analyse.optim.biz\/index.php?rest_route=\/wp\/v2\/media\/210484"}],"wp:attachment":[{"href":"https:\/\/analyse.optim.biz\/index.php?rest_route=%2Fwp%2Fv2%2Fmedia&parent=210483"}],"wp:term":[{"taxonomy":"category","embeddable":true,"href":"https:\/\/analyse.optim.biz\/index.php?rest_route=%2Fwp%2Fv2%2Fcategories&post=210483"},{"taxonomy":"post_tag","embeddable":true,"href":"https:\/\/analyse.optim.biz\/index.php?rest_route=%2Fwp%2Fv2%2Ftags&post=210483"}],"curies":[{"name":"wp","href":"https:\/\/api.w.org\/{rel}","templated":true}]}}