{"id":2104779,"date":"2026-08-21T13:04:45","date_gmt":"2026-08-21T10:04:45","guid":{"rendered":"https:\/\/analyse.optim.biz\/?p=2104779"},"modified":"2026-08-21T13:04:45","modified_gmt":"2026-08-21T10:04:45","slug":"ce-sefi-noi-au-filialele-pnl-din-bucuresti","status":"publish","type":"post","link":"https:\/\/analyse.optim.biz\/?p=2104779","title":{"rendered":"Ce \u0219efi noi au filialele PNL din Bucure\u0219ti"},"content":{"rendered":"<p>[analyse_image type=&#8221;featured&#8221; src=&#8221;https:\/\/ziardesuceava.ro\/wp-content\/uploads\/2026\/08\/79815-1024&#215;704.jpg&#8221;]<\/p>\n<div class=\"post-content clearfix\">\n<div class=\"blog-post-thumb\"><img loading=\"lazy\" decoding=\"async\" width=\"1140\" height=\"694\" src=\"https:\/\/ziardesuceava.ro\/wp-content\/uploads\/2026\/08\/79815-1140x694.jpg\" class=\"attachment-inhype-blog-thumb size-inhype-blog-thumb wp-post-image\" alt><\/div>\n<div class=\"entry-content\">\n<div>\n<p class=\"fara-orfani lead\">Conducerea PNL a decis vineri ca filialele din Bucure\u0219ti s\u0103 fie conduse interimar de persoane abia intrate \u00een partid.<\/p>\n<div class=\"continut-articol\">\n<p>Ministrul interimar al investi\u021biilor proiectelor europene Drago\u0219 P\u00eeslaru, fost membru PULS \u0219i REPER, va conduce filiala din Sectorul 3, iar vicepremiera Oana Gheorghiu va conduce PNL Sector 4.<\/p>\n<p>Cei doi au intrat \u00een PNL anul acesta.<\/p>\n<p>La Sectorul 2 conducerea va fi asigurat\u0103 de fosta jurnalist\u0103 Sanda Nicola.<\/p>\n<p>Ea a fost purt\u0103toarea de cuv\u00e2nt a fostului candidat la alegerile preziden\u021biale din 2024 Mircea Geoan\u0103.<\/p>\n<p>La Sectorul 5 a fost numit avocatul Andrei Badiu, consilier general.<\/p>\n<p>PNL Sector 1 va fi condus \u00een continuare de George Tu\u021b\u0103, actualul primar, iar PNL Sector 6 de primarul Paul Moldovan. <\/p>\n<p>\u201dEste un semnal dat de PNL de deschidere c\u0103tre electoratul din Capital\u0103. Este semnalul pe care vrem s\u0103-l d\u0103m c\u0103 PNL este un partid deschis care prime\u0219te oameni noi.\u00a0Colegii care au fost nominaliza\u021bi vor face echip\u0103 \u00een perioada urm\u0103toare cu oameni experimenta\u021bi din aceste organiza\u021bii \u0219i sper c\u0103, a\u0219a cum au dovedit-o de-a lungul anilor, prin implicarea \u00een activit\u0103\u021bi civice sau \u00een politic\u0103, prin pozi\u021biile publice pe care le-au avut, vor fi un c\u00e2\u0219tig important pentru PNL, dar \u0219i un c\u00e2\u0219tig de \u00eencredere suplimentar \u00een fa\u021ba bucure\u0219tinilor\u201d, a declarat Ilie Bolojan.<\/p>\n<iframe loading=\"lazy\" src=\"https:\/\/www.facebook.com\/plugins\/post.php?href=https%3A%2F%2Fwww.facebook.com%2Ftianu%2Fposts%2Fpfbid0q3mnMgwpyUe7Cbbg4HCFcjRFFnPgM4urmjsYcJXzn51cqhk2wyH6mz6x1Q2Cuqgml&amp;show_text=true&amp;width=500\" width=\"500\" height=\"601\" scrolling=\"no\" frameborder allowfullscreen=\"true\" allow=\"autoplay; clipboard-write; encrypted-media; picture-in-picture; web-share\"><\/iframe>\n<\/div>\n<\/div>\n<\/div>\n<div class=\"inhype-social-share-fixed sidebar-position-right\">\n<div class=\"post-social-wrapper\">\n<div class=\"post-social-title\"><span class=\"post-social-title-text\">Share<\/span><\/div>\n<\/div>\n<\/div>\n<\/div>\n<p>[analyse_source url=&#8221;https:\/\/ziardesuceava.ro\/ce-sefi-noi-au-filialele-pnl-din-bucuresti\/&#8221;]<\/p>\n","protected":false},"excerpt":{"rendered":"<p>[analyse_image type=&#8221;featured&#8221; src=&#8221;https:\/\/ziardesuceava.ro\/wp-content\/uploads\/2026\/08\/79815-1024&#215;704.jpg&#8221;] Conducerea PNL a decis vineri ca filialele din Bucure\u0219ti s\u0103 fie conduse interimar de persoane abia intrate \u00een partid. Ministrul interimar al investi\u021biilor proiectelor europene Drago\u0219 P\u00eeslaru, fost membru PULS \u0219i REPER, va conduce filiala din Sectorul 3, iar vicepremiera Oana Gheorghiu va conduce PNL Sector 4. Cei doi au intrat \u00een [&hellip;]<\/p>\n","protected":false},"author":1,"featured_media":0,"comment_status":"open","ping_status":"","sticky":false,"template":"","format":"standard","meta":{"footnotes":""},"categories":[89],"tags":[226,171],"class_list":["post-2104779","post","type-post","status-publish","format-standard","hentry","category-romania","tag-crawlmanager","tag-ziardesuceava-ro"],"_links":{"self":[{"href":"https:\/\/analyse.optim.biz\/index.php?rest_route=\/wp\/v2\/posts\/2104779","targetHints":{"allow":["GET"]}}],"collection":[{"href":"https:\/\/analyse.optim.biz\/index.php?rest_route=\/wp\/v2\/posts"}],"about":[{"href":"https:\/\/analyse.optim.biz\/index.php?rest_route=\/wp\/v2\/types\/post"}],"author":[{"embeddable":true,"href":"https:\/\/analyse.optim.biz\/index.php?rest_route=\/wp\/v2\/users\/1"}],"replies":[{"embeddable":true,"href":"https:\/\/analyse.optim.biz\/index.php?rest_route=%2Fwp%2Fv2%2Fcomments&post=2104779"}],"version-history":[{"count":0,"href":"https:\/\/analyse.optim.biz\/index.php?rest_route=\/wp\/v2\/posts\/2104779\/revisions"}],"wp:attachment":[{"href":"https:\/\/analyse.optim.biz\/index.php?rest_route=%2Fwp%2Fv2%2Fmedia&parent=2104779"}],"wp:term":[{"taxonomy":"category","embeddable":true,"href":"https:\/\/analyse.optim.biz\/index.php?rest_route=%2Fwp%2Fv2%2Fcategories&post=2104779"},{"taxonomy":"post_tag","embeddable":true,"href":"https:\/\/analyse.optim.biz\/index.php?rest_route=%2Fwp%2Fv2%2Ftags&post=2104779"}],"curies":[{"name":"wp","href":"https:\/\/api.w.org\/{rel}","templated":true}]}}