{"id":2104776,"date":"2026-08-21T11:06:44","date_gmt":"2026-08-21T08:06:44","guid":{"rendered":"https:\/\/analyse.optim.biz\/?p=2104776"},"modified":"2026-08-21T11:06:44","modified_gmt":"2026-08-21T08:06:44","slug":"angajatii-de-la-ambulanta-ameninta-cu-proteste-nu-suntem-ambulanta-neagra","status":"publish","type":"post","link":"https:\/\/analyse.optim.biz\/?p=2104776","title":{"rendered":"Angaja\u021bii de la Ambulan\u021b\u0103 amenin\u021b\u0103 cu proteste: \u201eNu suntem ambulan\u021ba neagr\u0103\u201d"},"content":{"rendered":"<p>[analyse_image type=&#8221;featured&#8221; src=&#8221;https:\/\/ziardesuceava.ro\/wp-content\/uploads\/2026\/08\/protest-ministerul-sanatatii-serviciile-publice-de-ambulanta-organizat-de-fnsar-8-1-1024&#215;768-1-1024&#215;576.webp&#8221;]<\/p>\n<div class=\"post-content clearfix\">\n<div class=\"blog-post-thumb\"><img loading=\"lazy\" decoding=\"async\" width=\"1140\" height=\"694\" src=\"https:\/\/ziardesuceava.ro\/wp-content\/uploads\/2026\/08\/protest-ministerul-sanatatii-serviciile-publice-de-ambulanta-organizat-de-fnsar-8-1-1024x768-1-1140x694.webp\" class=\"attachment-inhype-blog-thumb size-inhype-blog-thumb wp-post-image\" alt><\/div>\n<div class=\"entry-content\">\n<p>Angaja\u021bii serviciilor publice de ambulan\u021b\u0103 amenin\u021b\u0103 cu \u201eac\u021biuni radicale\u201d \u00eencep\u00e2nd de s\u0103pt\u0103m\u00e2na viitoare, \u00een cazul \u00een care Ministerul Muncii nu modific\u0103 prevederile din proiectul noii legi a salariz\u0103rii. Sindicali\u0219tii contest\u0103 diferen\u021bele de salarizare \u0219i sporurile pentru personalul operativ \u0219i transmit un mesaj dur dup\u0103 incidentele \u00een care echipajele medicale au fost atacate: \u201eNu suntem ambulan\u021ba neagr\u0103\u201d.<\/p>\n<p>Federa\u021bia Na\u021bional\u0103 Sindical\u0103 \u201eAmbulan\u021ba\u201d din Rom\u00e2nia (FNSAR) sus\u021bine c\u0103 forma proiectului publicat\u0103 de Ministerul Muncii con\u021bine prevederi care dezavantajeaz\u0103 personalul operativ de interven\u021bie \u0219i contest\u0103 modul \u00een care sunt stabilite salariile \u0219i sporurile pentru angaja\u021bii serviciilor publice de ambulan\u021b\u0103, potrivit mediafax.ro.<\/p>\n<p>Una dintre principalele nemul\u021bumiri vizeaz\u0103 \u00eemp\u0103r\u021birea serviciilor de ambulan\u021b\u0103 \u00een dou\u0103 categorii de salarizare, \u00een func\u021bie de existen\u021ba unui centru universitar \u00een jude\u021b.<\/p>\n<p>Potrivit FNSAR, serviciile de ambulan\u021b\u0103 din jude\u021bele \u00een care nu exist\u0103 centre universitare ar urma s\u0103 beneficieze de o salarizare inferioar\u0103 celor din jude\u021bele \u00een care exist\u0103 astfel de centre.<\/p>\n<p id=\"p-3\">Sindicali\u0219tii consider\u0103 c\u0103 diferen\u021bierea nu este justificat\u0103 \u0219i cer ca personalul operativ de interven\u021bie s\u0103 fie salarizat \u00een acelea\u0219i condi\u021bii.<\/p>\n<h2 id=\"chapter-1\">Sindicatele cer sporuri pentru personalul din teren<\/h2>\n<p id=\"p-4\">O alt\u0103 solicitare se refer\u0103 la sporurile acordate pentru condi\u021bii deosebit de periculoase.<\/p>\n<p id=\"p-5\">FNSAR cere revenirea la prevederile actuale ale Legii salariz\u0103rii nr. 153\/2017 \u0219i ale regulamentului de sporuri prev\u0103zut de HG nr. 153\/2018, \u00een ceea ce prive\u0219te serviciile publice de ambulan\u021b\u0103.<\/p>\n<p id=\"p-6\">Organiza\u021bia sindical\u0103 sus\u021bine c\u0103 personalul care lucreaz\u0103 \u00een teren, \u00een regim de urgen\u021b\u0103, este expus unor riscuri specifice \u0219i trebuie s\u0103 beneficieze \u00een continuare de nivelul superior al sporurilor pentru condi\u021bii deosebit de periculoase.<\/p>\n<h2 id=\"chapter-2\">\u201eAc\u021biuni radicale\u201d de s\u0103pt\u0103m\u00e2na viitoare<\/h2>\n<p id=\"p-7\">Sindicali\u0219tii transmit un avertisment Ministerului Muncii \u0219i spun c\u0103 vor ca \u00een proiect s\u0103 fie preluate integral propunerile Ministerului S\u0103n\u0103t\u0103\u021bii, despre care afirm\u0103 c\u0103 au fost agreate cu FNSAR.<\/p>\n<p id=\"p-8\">\u00cen cazul \u00een care aceste prevederi nu vor fi introduse, personalul operativ de interven\u021bie reprezentat de Federa\u021bia Na\u021bional\u0103 Sindical\u0103 \u201eAmbulan\u021ba\u201d ia \u00een calcul declan\u0219area unor \u201eac\u021biuni radicale\u201d, \u00eencep\u00e2nd de s\u0103pt\u0103m\u00e2na viitoare.<\/p>\n<p id=\"p-9\">FNSAR nu precizeaz\u0103 deocamdat\u0103 ce form\u0103 concret\u0103 ar urma s\u0103 aib\u0103 aceste ac\u021biuni.<\/p>\n<h2 id=\"chapter-3\">\u201eNu suntem ambulan\u021ba neagr\u0103\u201d<\/h2>\n<p id=\"p-10\">Sindicatul \u00ee\u0219i argumenteaz\u0103 pozi\u021bia prin natura activit\u0103\u021bii desf\u0103\u0219urate de angaja\u021bii serviciilor publice de ambulan\u021b\u0103, care intervin \u00een regim de urgen\u021b\u0103 \u0219i sunt expu\u0219i unor riscuri \u00een timpul misiunilor.<\/p>\n<p id=\"p-11\">\u201eServiciile Publice de Ambulan\u021b\u0103 nu reprezint\u0103 ambulan\u021b\u0103 neagr\u0103 pentru a fi agresat\u0103 \u0219i vandalizat\u0103, ci este ambulan\u021ba alb\u0103 care salveaz\u0103 vie\u021bi \u0219i trebuie protejat\u0103\u201d, transmite federa\u021bia.<\/p>\n<p>Mesajul sindicali\u0219tilor vine la c\u00e2teva s\u0103pt\u0103m\u00e2ni dup\u0103 incidentul grav \u00een care un echipaj de ambulan\u021b\u0103 a fost atacat \u00een comuna Recea-Cristur, jude\u021bul Cluj.<\/p>\n<\/div>\n<div class=\"inhype-social-share-fixed sidebar-position-right\">\n<div class=\"post-social-wrapper\">\n<div class=\"post-social-title\"><span class=\"post-social-title-text\">Share<\/span><\/div>\n<\/div>\n<\/div>\n<\/div>\n<p>[analyse_source url=&#8221;https:\/\/ziardesuceava.ro\/angajatii-de-la-ambulanta-ameninta-cu-proteste-nu-suntem-ambulanta-neagra\/&#8221;]<\/p>\n","protected":false},"excerpt":{"rendered":"<p>[analyse_image type=&#8221;featured&#8221; src=&#8221;https:\/\/ziardesuceava.ro\/wp-content\/uploads\/2026\/08\/protest-ministerul-sanatatii-serviciile-publice-de-ambulanta-organizat-de-fnsar-8-1-1024&#215;768-1-1024&#215;576.webp&#8221;] Angaja\u021bii serviciilor publice de ambulan\u021b\u0103 amenin\u021b\u0103 cu \u201eac\u021biuni radicale\u201d \u00eencep\u00e2nd de s\u0103pt\u0103m\u00e2na viitoare, \u00een cazul \u00een care Ministerul Muncii nu modific\u0103 prevederile din proiectul noii legi a salariz\u0103rii. Sindicali\u0219tii contest\u0103 diferen\u021bele de salarizare \u0219i sporurile pentru personalul operativ \u0219i transmit un mesaj dur dup\u0103 incidentele \u00een care echipajele medicale au fost atacate: [&hellip;]<\/p>\n","protected":false},"author":1,"featured_media":0,"comment_status":"open","ping_status":"","sticky":false,"template":"","format":"standard","meta":{"footnotes":""},"categories":[89],"tags":[226,171],"class_list":["post-2104776","post","type-post","status-publish","format-standard","hentry","category-romania","tag-crawlmanager","tag-ziardesuceava-ro"],"_links":{"self":[{"href":"https:\/\/analyse.optim.biz\/index.php?rest_route=\/wp\/v2\/posts\/2104776","targetHints":{"allow":["GET"]}}],"collection":[{"href":"https:\/\/analyse.optim.biz\/index.php?rest_route=\/wp\/v2\/posts"}],"about":[{"href":"https:\/\/analyse.optim.biz\/index.php?rest_route=\/wp\/v2\/types\/post"}],"author":[{"embeddable":true,"href":"https:\/\/analyse.optim.biz\/index.php?rest_route=\/wp\/v2\/users\/1"}],"replies":[{"embeddable":true,"href":"https:\/\/analyse.optim.biz\/index.php?rest_route=%2Fwp%2Fv2%2Fcomments&post=2104776"}],"version-history":[{"count":0,"href":"https:\/\/analyse.optim.biz\/index.php?rest_route=\/wp\/v2\/posts\/2104776\/revisions"}],"wp:attachment":[{"href":"https:\/\/analyse.optim.biz\/index.php?rest_route=%2Fwp%2Fv2%2Fmedia&parent=2104776"}],"wp:term":[{"taxonomy":"category","embeddable":true,"href":"https:\/\/analyse.optim.biz\/index.php?rest_route=%2Fwp%2Fv2%2Fcategories&post=2104776"},{"taxonomy":"post_tag","embeddable":true,"href":"https:\/\/analyse.optim.biz\/index.php?rest_route=%2Fwp%2Fv2%2Ftags&post=2104776"}],"curies":[{"name":"wp","href":"https:\/\/api.w.org\/{rel}","templated":true}]}}