{"id":2104775,"date":"2026-08-21T11:01:35","date_gmt":"2026-08-21T08:01:35","guid":{"rendered":"https:\/\/analyse.optim.biz\/?p=2104775"},"modified":"2026-08-21T11:01:35","modified_gmt":"2026-08-21T08:01:35","slug":"grefierii-ameninta-ca-blocheaza-instantele-si-parchetele-de-la-1-septembrie-nemultumiti-de-scaderea-valorii-de-referinta-in-proiectul-legii-salarizarii","status":"publish","type":"post","link":"https:\/\/analyse.optim.biz\/?p=2104775","title":{"rendered":"Grefierii amenin\u021b\u0103 c\u0103 blocheaz\u0103 instan\u021bele \u0219i Parchetele de la 1 septembrie, nemul\u021bumi\u021bi de sc\u0103derea valorii de referin\u021b\u0103 \u00een proiectul legii salariz\u0103rii"},"content":{"rendered":"<p>[analyse_image type=&#8221;featured&#8221; src=&#8221;https:\/\/ziardesuceava.ro\/wp-content\/uploads\/2026\/08\/grefieri_28383000_95760300.webp&#8221;]<\/p>\n<div class=\"post-content clearfix\">\n<div class=\"blog-post-thumb\"><img loading=\"lazy\" decoding=\"async\" width=\"1020\" height=\"574\" src=\"https:\/\/ziardesuceava.ro\/wp-content\/uploads\/2026\/08\/grefieri_28383000_95760300.webp\" class=\"attachment-inhype-blog-thumb size-inhype-blog-thumb wp-post-image\" alt><\/div>\n<div class=\"entry-content\">\n<p>Sindicatul grefierilor Dicasterial amenin\u021b\u0103 c\u0103, de la 1 septembrie, va bloca activitatea \u00een instan\u021bele de judecat\u0103 \u0219i Parchetele din toat\u0103 \u021bara, ca o form\u0103 de protest fa\u021b\u0103 de ultimele modific\u0103ri aduse proiectului legii salariz\u0103rii, prin care valoarea de referin\u021b\u0103 scade la 4.000 de lei.<\/p>\n<p>\u2018Pe la spate, pe ascuns \u0219i \u00een deplin\u0103 secretomanie, draftul noii legi a salariz\u0103rii a fost livrat ieri la Cotroceni. Cui? Doar partidelor politice. Sindicatele? Ignorate complet. Motivul acestei la\u0219it\u0103\u021bi este acum strig\u0103tor la cer: documentul ascunde un masacru financiar de o violen\u021b\u0103 nemai\u00eent\u00e2lnit\u0103 la adresa personalului auxiliar de specialitate din instan\u021be \u0219i parchete\u2019, a transmis sindicatul Dicasterial \u00eentr-un comunicat de pres\u0103 transmis vineri.<\/p>\n<p>Sindicali\u0219tii \u00eei acuz\u0103 pe premierul interimar Ilie Bolojan \u0219i ministrul interimar al Muncii, Drago\u0219 P\u00eeslaru, c\u0103 au orchestrat \u2018o execu\u021bie\u2019 bugetar\u0103.<\/p>\n<p>\u2018Pentru grefieri, verdictul acestor gropari ai sistemului public este clar: zero sporuri, coeficien\u021bi mizerabili \u0219i pr\u0103bu\u0219ire financiar\u0103. R\u0103bdarea noastr\u0103 a ajuns la final. Dac\u0103 asta este reforma pe care o dori\u021bi, o ve\u021bi primi din plin. De la 1 septembrie 2026, por\u021bile instan\u021belor \u0219i parchetelor se \u00eenchid! Bloc\u0103m total sistemul judiciar din Rom\u00e2nia! (\u2026) \u00centr-o mi\u0219care de o tic\u0103lo\u0219ie incredibil\u0103, valoarea de referin\u021b\u0103 a fost pr\u0103bu\u0219it\u0103 la 4.000 de lei. Coeficien\u021bii no\u0219tri, oricum ridicoli, se vor \u00eenmul\u021bi acum cu o sum\u0103 \u0219i mai mic\u0103. Fa\u021b\u0103 de simul\u0103rile deja revolt\u0103toare din iulie, noua variant\u0103 adus\u0103 de \u2018expertul\u2019 din casa RA-APPS vine cu sc\u0103deri \u0219i mai dramatice. Pa, pa, sporuri pentru Justi\u021bie!\u2019, a explicat sindicatul grefierilor.<\/p>\n<p><strong>Conform acestuia, niciun ordonator de credite nu va mai putea acorda nici m\u0103car plafonul global de 20%, pentru c\u0103 Justi\u021bia nu mai are sporuri prev\u0103zute \u00een anex\u0103.<\/strong><\/p>\n<p>\u2018Capcana clauzei tranzitorii. Ne mint \u00een fa\u021b\u0103 c\u0103 \u2018nu scad veniturile \u00een plat\u0103\u2019, dar au modificat par\u0219iv formula. Compensa\u021bia tranzitorie se va calcula strict raportat la salariu, nu la venitul brut real. Rezultatul? Puterea de cump\u0103rare a grefierilor revine la nivelul anilor 2015 \u0219i este pr\u0103bu\u0219it\u0103 instantaneu prin pixul acestor birocra\u021bi rup\u021bi de realitate. Corpul legii, un dezastru tehnic imun la amendamente. Toate observa\u021biile, solu\u021biile tehnice \u0219i argumentele de bun-sim\u021b aduse de noi \u00een ultimele luni au fost complet ignorate. Acest proiect nu este o reform\u0103 de modernizare, ci o vendet\u0103 personal\u0103 \u0219i o frustrare grosolan\u0103 a lui Ilie Bolojan \u00eempotriva oamenilor care duc \u00een spate greul Justi\u021biei. Din 1 septembrie 2026, Rom\u00e2nia r\u0103m\u00e2ne f\u0103r\u0103 Justi\u021bie! S\u0103 fie extrem de clar pentru Guvern, pentru partidele politice \u0219i pentru artizanii acestui dezastru economic: grefierii nu vor finan\u021ba din propriile buzunare incompeten\u021ba voastr\u0103 \u0219i nici privilegiile tehnocra\u021bilor care tr\u0103iesc \u00een puf din sinecuri de stat! Nu vom accepta s\u0103 muncim 12 ore pe zi, s\u0103 asigur\u0103m \u0219edin\u021be maraton \u0219i s\u0103 fim trata\u021bi ca sclavi pe planta\u021bia unui expert de carton \u0219i a unui obsedat de t\u0103ieri bugetare dictatorial\u0103, asuma\u021bi-v\u0103 consecin\u021bele! De la 1 septembrie 2026, activitatea \u00een toate instan\u021bele \u0219i parchetele din \u021bar\u0103 va fi blocat\u0103\u201a pe termen nelimitat\u2019, a completat sindicatul Dicasterial.<\/p>\n<\/div>\n<div class=\"inhype-social-share-fixed sidebar-position-right\">\n<div class=\"post-social-wrapper\">\n<div class=\"post-social-title\"><span class=\"post-social-title-text\">Share<\/span><\/div>\n<\/div>\n<\/div>\n<\/div>\n<p>[analyse_source url=&#8221;https:\/\/ziardesuceava.ro\/grefierii-ameninta-ca-blocheaza-instantele-si-parchetele-de-la-1-septembrie-nemultumiti-de-scaderea-valorii-de-referinta-in-proiectul-legii-salarizarii\/&#8221;]<\/p>\n","protected":false},"excerpt":{"rendered":"<p>[analyse_image type=&#8221;featured&#8221; src=&#8221;https:\/\/ziardesuceava.ro\/wp-content\/uploads\/2026\/08\/grefieri_28383000_95760300.webp&#8221;] Sindicatul grefierilor Dicasterial amenin\u021b\u0103 c\u0103, de la 1 septembrie, va bloca activitatea \u00een instan\u021bele de judecat\u0103 \u0219i Parchetele din toat\u0103 \u021bara, ca o form\u0103 de protest fa\u021b\u0103 de ultimele modific\u0103ri aduse proiectului legii salariz\u0103rii, prin care valoarea de referin\u021b\u0103 scade la 4.000 de lei. \u2018Pe la spate, pe ascuns \u0219i \u00een deplin\u0103 [&hellip;]<\/p>\n","protected":false},"author":1,"featured_media":0,"comment_status":"open","ping_status":"","sticky":false,"template":"","format":"standard","meta":{"footnotes":""},"categories":[89],"tags":[226,171],"class_list":["post-2104775","post","type-post","status-publish","format-standard","hentry","category-romania","tag-crawlmanager","tag-ziardesuceava-ro"],"_links":{"self":[{"href":"https:\/\/analyse.optim.biz\/index.php?rest_route=\/wp\/v2\/posts\/2104775","targetHints":{"allow":["GET"]}}],"collection":[{"href":"https:\/\/analyse.optim.biz\/index.php?rest_route=\/wp\/v2\/posts"}],"about":[{"href":"https:\/\/analyse.optim.biz\/index.php?rest_route=\/wp\/v2\/types\/post"}],"author":[{"embeddable":true,"href":"https:\/\/analyse.optim.biz\/index.php?rest_route=\/wp\/v2\/users\/1"}],"replies":[{"embeddable":true,"href":"https:\/\/analyse.optim.biz\/index.php?rest_route=%2Fwp%2Fv2%2Fcomments&post=2104775"}],"version-history":[{"count":0,"href":"https:\/\/analyse.optim.biz\/index.php?rest_route=\/wp\/v2\/posts\/2104775\/revisions"}],"wp:attachment":[{"href":"https:\/\/analyse.optim.biz\/index.php?rest_route=%2Fwp%2Fv2%2Fmedia&parent=2104775"}],"wp:term":[{"taxonomy":"category","embeddable":true,"href":"https:\/\/analyse.optim.biz\/index.php?rest_route=%2Fwp%2Fv2%2Fcategories&post=2104775"},{"taxonomy":"post_tag","embeddable":true,"href":"https:\/\/analyse.optim.biz\/index.php?rest_route=%2Fwp%2Fv2%2Ftags&post=2104775"}],"curies":[{"name":"wp","href":"https:\/\/api.w.org\/{rel}","templated":true}]}}