{"id":2104773,"date":"2026-08-21T08:58:56","date_gmt":"2026-08-21T05:58:56","guid":{"rendered":"https:\/\/analyse.optim.biz\/?p=2104773"},"modified":"2026-08-21T08:58:56","modified_gmt":"2026-08-21T05:58:56","slug":"nicusor-dan-va-participa-la-adunarea-generala-a-onu","status":"publish","type":"post","link":"https:\/\/analyse.optim.biz\/?p=2104773","title":{"rendered":"Nicu\u0219or Dan va participa la Adunarea General\u0103 a ONU"},"content":{"rendered":"<p>[analyse_image type=&#8221;featured&#8221; src=&#8221;https:\/\/ziardesuceava.ro\/wp-content\/uploads\/2026\/08\/79810-1024&#215;683.jpg&#8221;]<\/p>\n<div class=\"post-content clearfix\">\n<div class=\"blog-post-thumb\"><img loading=\"lazy\" decoding=\"async\" width=\"1140\" height=\"694\" src=\"https:\/\/ziardesuceava.ro\/wp-content\/uploads\/2026\/08\/79810-1140x694.jpg\" class=\"attachment-inhype-blog-thumb size-inhype-blog-thumb wp-post-image\" alt><\/div>\n<div class=\"entry-content\">\n<div>\n<p class=\"fara-orfani lead\">Pre\u0219edintele Nicu\u0219or Dan va conduce delega\u021bia Rom\u00e2niei la segmentul de nivel \u00eenalt al celei de-a 81-a sesiuni a Adun\u0103rii Generale a Organiza\u021biei Na\u021biunilor Unite (ONU), care va avea loc la New York.<\/p>\n<div class=\"continut-articol\">\n<p>Cea de-a 81-a sesiune a Adun\u0103rii Generale a ONU va avea ca tem\u0103 central\u0103 \u201eRestabilirea \u00eencrederii, gestionarea transform\u0103rii: o Organiza\u021bie a Na\u021biunilor Unite care aduce rezultate pentru to\u021bi\u201d (Restoring trust, managing transformation: A United Nations that delivers for all).<\/p>\n<p>Pre\u0219edintele Nicu\u0219or Dan va sus\u021bine miercuri, 23 septembrie 2026, interven\u021bia na\u021bional\u0103 \u00een plenul Adun\u0103rii Generale a ONU \u00een cadrul c\u0103reia \u201dva sublinia eforturile depuse de Rom\u00e2nia pentru sus\u021binerea procesului de reformare a organiza\u021biei \u0219i contribu\u021bia \u021b\u0103rii noastre la asigurarea p\u0103cii, securit\u0103\u021bii \u0219i ordinii interna\u021bionale bazate pe reguli \u0219i norme\u201d, potrivit unui comunicatal Administra\u021biei Preziden\u021biale.<\/p>\n<p>Cu aceast\u0103 ocazie, pre\u0219edintele va participa \u0219i la evenimente organizate \u00een marja segmentului de nivel \u00eenalt \u0219i va avea reuniuni bilaterale cu al\u021bi \u0219efi de stat sau de guvern, inclusiv pentru sus\u021binerea candidaturii rom\u00e2ne\u0219ti la conducerea Organiza\u021biei Interna\u021bionale a Francofoniei.<\/p>\n<p>E prima participare a pre\u0219edintelui Nicu\u0219or Dan a Adunarea General\u0103 a ONU.<\/p>\n<\/div>\n<\/div>\n<\/div>\n<div class=\"inhype-social-share-fixed sidebar-position-right\">\n<div class=\"post-social-wrapper\">\n<div class=\"post-social-title\"><span class=\"post-social-title-text\">Share<\/span><\/div>\n<\/div>\n<\/div>\n<\/div>\n<p>[analyse_source url=&#8221;https:\/\/ziardesuceava.ro\/nicusor-dan-va-participa-la-adunarea-generala-a-onu\/&#8221;]<\/p>\n","protected":false},"excerpt":{"rendered":"<p>[analyse_image type=&#8221;featured&#8221; src=&#8221;https:\/\/ziardesuceava.ro\/wp-content\/uploads\/2026\/08\/79810-1024&#215;683.jpg&#8221;] Pre\u0219edintele Nicu\u0219or Dan va conduce delega\u021bia Rom\u00e2niei la segmentul de nivel \u00eenalt al celei de-a 81-a sesiuni a Adun\u0103rii Generale a Organiza\u021biei Na\u021biunilor Unite (ONU), care va avea loc la New York. Cea de-a 81-a sesiune a Adun\u0103rii Generale a ONU va avea ca tem\u0103 central\u0103 \u201eRestabilirea \u00eencrederii, gestionarea transform\u0103rii: o Organiza\u021bie [&hellip;]<\/p>\n","protected":false},"author":1,"featured_media":0,"comment_status":"open","ping_status":"","sticky":false,"template":"","format":"standard","meta":{"footnotes":""},"categories":[89],"tags":[226,171],"class_list":["post-2104773","post","type-post","status-publish","format-standard","hentry","category-romania","tag-crawlmanager","tag-ziardesuceava-ro"],"_links":{"self":[{"href":"https:\/\/analyse.optim.biz\/index.php?rest_route=\/wp\/v2\/posts\/2104773","targetHints":{"allow":["GET"]}}],"collection":[{"href":"https:\/\/analyse.optim.biz\/index.php?rest_route=\/wp\/v2\/posts"}],"about":[{"href":"https:\/\/analyse.optim.biz\/index.php?rest_route=\/wp\/v2\/types\/post"}],"author":[{"embeddable":true,"href":"https:\/\/analyse.optim.biz\/index.php?rest_route=\/wp\/v2\/users\/1"}],"replies":[{"embeddable":true,"href":"https:\/\/analyse.optim.biz\/index.php?rest_route=%2Fwp%2Fv2%2Fcomments&post=2104773"}],"version-history":[{"count":0,"href":"https:\/\/analyse.optim.biz\/index.php?rest_route=\/wp\/v2\/posts\/2104773\/revisions"}],"wp:attachment":[{"href":"https:\/\/analyse.optim.biz\/index.php?rest_route=%2Fwp%2Fv2%2Fmedia&parent=2104773"}],"wp:term":[{"taxonomy":"category","embeddable":true,"href":"https:\/\/analyse.optim.biz\/index.php?rest_route=%2Fwp%2Fv2%2Fcategories&post=2104773"},{"taxonomy":"post_tag","embeddable":true,"href":"https:\/\/analyse.optim.biz\/index.php?rest_route=%2Fwp%2Fv2%2Ftags&post=2104773"}],"curies":[{"name":"wp","href":"https:\/\/api.w.org\/{rel}","templated":true}]}}