{"id":2104772,"date":"2026-08-20T11:00:17","date_gmt":"2026-08-20T08:00:17","guid":{"rendered":"https:\/\/analyse.optim.biz\/?p=2104772"},"modified":"2026-08-20T11:00:17","modified_gmt":"2026-08-20T08:00:17","slug":"tanar-de-19-ani-lovit-de-o-masina-in-piata-en-gros-din-suceava","status":"publish","type":"post","link":"https:\/\/analyse.optim.biz\/?p=2104772","title":{"rendered":"T\u00e2n\u0103r de 19 ani, lovit de o ma\u0219in\u0103 \u00een Pia\u021ba En-Gros din Suceava"},"content":{"rendered":"<p>[analyse_image type=&#8221;featured&#8221; src=&#8221;https:\/\/ziardesuceava.ro\/wp-content\/uploads\/2026\/03\/ambulanta-112.webp.webp&#8221;]<\/p>\n<div class=\"post-content clearfix\">\n<div class=\"blog-post-thumb\"><img loading=\"lazy\" decoding=\"async\" width=\"1000\" height=\"694\" src=\"https:\/\/ziardesuceava.ro\/wp-content\/uploads\/2026\/03\/ambulanta-112.webp-1000x694.webp\" class=\"attachment-inhype-blog-thumb size-inhype-blog-thumb wp-post-image\" alt><\/div>\n<div class=\"entry-content\">\n<p>\u00a0<\/p>\n<div data-td-block-uid=\"tdi_88\">\n<div class=\"tdb-block-inner td-fix-index\">\n<p data-start=\"100\" data-end=\"271\"><span>Un t\u00e2n\u0103r \u00een v\u00e2rst\u0103 de 19 ani a fost r\u0103nit mar\u021bi, 18 august 2026, \u00eentr-un accident produs \u00een incinta Pie\u021bei En Gros Legume-Fructe de pe Calea Unirii din municipiul Suceava.<\/span><\/p>\n<p data-start=\"273\" data-end=\"514\"><span>Accidentul a fost sesizat poli\u021bi\u0219tilor \u00een jurul orei 10:33. Din verific\u0103rile efectuate la fa\u021ba locului a rezultat c\u0103 un b\u0103rbat de 48 de ani, din comuna Bosanci, conducea un autoturism Mercedes-Benz pe una dintre aleile din interiorul pie\u021bei.<\/span><\/p>\n<p data-start=\"516\" data-end=\"758\"><span>\u00cen momentul \u00een care a efectuat un viraj la dreapta, \u0219oferul l-a acro\u0219at pe un t\u00e2n\u0103r de 19 ani, din comuna Slobozia Bradului, jude\u021bul Vrancea. Pietonul traversa aleea de la dreapta la st\u00e2nga, raportat la direc\u021bia de deplasare a autoturismului.<\/span><\/p>\n<p data-start=\"813\" data-end=\"1067\"><span>\u00cen urma impactului, pietonul a suferit leziuni la nivelul piciorului st\u00e2ng. Un echipaj medical l-a preluat de la locul accidentului \u0219i l-a transportat la Spitalul Clinic Jude\u021bean de Urgen\u021b\u0103 \u201eSf\u00e2ntul Ioan cel Nou\u201d Suceava pentru investiga\u021bii \u0219i tratament.<\/span><\/p>\n<p data-start=\"1069\" data-end=\"1252\"><span>\u0218oferul Mercedesului a fost testat cu aparatul etilometru, rezultatul fiind 0,00 mg\/l alcool pur \u00een aerul expirat. T\u00e2n\u0103rul de 19 ani nu a putut fi testat alcoolscopic la fa\u021ba locului.<\/span><\/p>\n<p data-start=\"1254\" data-end=\"1422\" data-is-last-node data-is-only-node><span>Poli\u021bi\u0219tii au deschis un dosar penal pentru v\u0103t\u0103mare corporal\u0103 din culp\u0103 \u0219i continu\u0103 cercet\u0103rile pentru stabilirea tuturor \u00eemprejur\u0103rilor \u00een care s-a produs accidentul.<\/span><\/p>\n<p>\u00a0<\/p>\n<\/div>\n<\/div>\n<\/div>\n<div class=\"inhype-social-share-fixed sidebar-position-right\">\n<div class=\"post-social-wrapper\">\n<div class=\"post-social-title\"><span class=\"post-social-title-text\">Share<\/span><\/div>\n<\/div>\n<\/div>\n<\/div>\n<p>[analyse_source url=&#8221;https:\/\/ziardesuceava.ro\/tanar-de-19-ani-lovit-de-o-masina-in-piata-en-gros-din-suceava\/&#8221;]<\/p>\n","protected":false},"excerpt":{"rendered":"<p>[analyse_image type=&#8221;featured&#8221; src=&#8221;https:\/\/ziardesuceava.ro\/wp-content\/uploads\/2026\/03\/ambulanta-112.webp.webp&#8221;] \u00a0 Un t\u00e2n\u0103r \u00een v\u00e2rst\u0103 de 19 ani a fost r\u0103nit mar\u021bi, 18 august 2026, \u00eentr-un accident produs \u00een incinta Pie\u021bei En Gros Legume-Fructe de pe Calea Unirii din municipiul Suceava. Accidentul a fost sesizat poli\u021bi\u0219tilor \u00een jurul orei 10:33. Din verific\u0103rile efectuate la fa\u021ba locului a rezultat c\u0103 un b\u0103rbat de [&hellip;]<\/p>\n","protected":false},"author":1,"featured_media":0,"comment_status":"open","ping_status":"","sticky":false,"template":"","format":"standard","meta":{"footnotes":""},"categories":[89],"tags":[226,171],"class_list":["post-2104772","post","type-post","status-publish","format-standard","hentry","category-romania","tag-crawlmanager","tag-ziardesuceava-ro"],"_links":{"self":[{"href":"https:\/\/analyse.optim.biz\/index.php?rest_route=\/wp\/v2\/posts\/2104772","targetHints":{"allow":["GET"]}}],"collection":[{"href":"https:\/\/analyse.optim.biz\/index.php?rest_route=\/wp\/v2\/posts"}],"about":[{"href":"https:\/\/analyse.optim.biz\/index.php?rest_route=\/wp\/v2\/types\/post"}],"author":[{"embeddable":true,"href":"https:\/\/analyse.optim.biz\/index.php?rest_route=\/wp\/v2\/users\/1"}],"replies":[{"embeddable":true,"href":"https:\/\/analyse.optim.biz\/index.php?rest_route=%2Fwp%2Fv2%2Fcomments&post=2104772"}],"version-history":[{"count":0,"href":"https:\/\/analyse.optim.biz\/index.php?rest_route=\/wp\/v2\/posts\/2104772\/revisions"}],"wp:attachment":[{"href":"https:\/\/analyse.optim.biz\/index.php?rest_route=%2Fwp%2Fv2%2Fmedia&parent=2104772"}],"wp:term":[{"taxonomy":"category","embeddable":true,"href":"https:\/\/analyse.optim.biz\/index.php?rest_route=%2Fwp%2Fv2%2Fcategories&post=2104772"},{"taxonomy":"post_tag","embeddable":true,"href":"https:\/\/analyse.optim.biz\/index.php?rest_route=%2Fwp%2Fv2%2Ftags&post=2104772"}],"curies":[{"name":"wp","href":"https:\/\/api.w.org\/{rel}","templated":true}]}}