{"id":2104771,"date":"2026-08-20T10:59:46","date_gmt":"2026-08-20T07:59:46","guid":{"rendered":"https:\/\/analyse.optim.biz\/?p=2104771"},"modified":"2026-08-20T10:59:46","modified_gmt":"2026-08-20T07:59:46","slug":"sofer-din-patrauti-prins-baut-la-volan","status":"publish","type":"post","link":"https:\/\/analyse.optim.biz\/?p=2104771","title":{"rendered":"\u0218ofer din P\u0103tr\u0103u\u021bi, prins b\u0103ut la volan"},"content":{"rendered":"<p>[analyse_image type=&#8221;featured&#8221; src=&#8221;https:\/\/ziardesuceava.ro\/wp-content\/uploads\/2026\/06\/baut-la-volan-etilotest.jpg&#8221;]<\/p>\n<div class=\"post-content clearfix\">\n<div class=\"blog-post-thumb\"><img loading=\"lazy\" decoding=\"async\" width=\"300\" height=\"225\" src=\"https:\/\/ziardesuceava.ro\/wp-content\/uploads\/2026\/06\/baut-la-volan-etilotest.jpg\" class=\"attachment-inhype-blog-thumb size-inhype-blog-thumb wp-post-image\" alt><\/div>\n<div class=\"entry-content\">\n<p>\u00a0<\/p>\n<div data-td-block-uid=\"tdi_88\">\n<div class=\"tdb-block-inner td-fix-index\">\n<p class=\"PDq2pG_selectionAnchorContainer\" data-start=\"70\" data-end=\"231\"><span>Un \u0219ofer \u00een v\u00e2rst\u0103 de 36 de ani a fost depistat de poli\u021bi\u0219ti conduc\u00e2nd sub influen\u021ba alcoolului, \u00een noaptea de 19 august 2026, pe DJ 209C, \u00een comuna Berchi\u0219e\u0219ti.<\/span><\/p>\n<p data-start=\"233\" data-end=\"512\"><span>Ac\u021biunea a avut loc \u00een jurul orei 00:45 \u0219i a fost desf\u0103\u0219urat\u0103 de poli\u021bi\u0219tii Compartimentului Rutier \u00eempreun\u0103 cu lucr\u0103torii Sec\u021biei de Poli\u021bie Rural\u0103 10 Gura Humorului. Echipajele au urm\u0103rit depistarea \u0219oferilor care conduc sub influen\u021ba alcoolului sau a substan\u021belor psihoactive.<\/span><\/p>\n<p data-start=\"514\" data-end=\"677\"><span>Poli\u021bi\u0219tii au oprit pentru control un autoturism Volkswagen care circula dinspre Corlata c\u0103tre DN 2E. La volan se afla un b\u0103rbat de 36 de ani, din comuna P\u0103tr\u0103u\u021bi.<\/span><\/p>\n<h2 data-start=\"514\" data-end=\"677\">\u0218ofer din P\u0103tr\u0103u\u021bi, prins b\u0103ut la volan, la Berchi\u0219e\u0219ti<\/h2>\n<p data-start=\"679\" data-end=\"799\"><span>\u00cen timpul verific\u0103rilor, poli\u021bi\u0219tii au constatat c\u0103 \u0219oferul emana halen\u0103 alcoolic\u0103 \u0219i l-au testat cu aparatul etilotest.<\/span><\/p>\n<p data-start=\"801\" data-end=\"860\"><span>Rezultatul a indicat 0,72 mg\/l alcool pur \u00een aerul expirat.<\/span><\/p>\n<p data-start=\"862\" data-end=\"1007\"><span>\u0218oferul a fost transportat la Spitalul Or\u0103\u0219enesc Gura Humorului, unde i-au fost recoltate probe biologice de s\u00e2nge pentru stabilirea alcoolemiei.<\/span><\/p>\n<p data-start=\"1009\" data-end=\"1109\"><span>Acesta a fost testat \u0219i pentru consumul de substan\u021be psihoactive, rezultatul DrugTest fiind negativ.<\/span><\/p>\n<p data-start=\"1111\" data-end=\"1258\" data-is-last-node data-is-only-node><span>Poli\u021bi\u0219tii au \u00eentocmit un dosar penal pentru conducerea unui vehicul sub influen\u021ba alcoolului, fapt\u0103 prev\u0103zut\u0103 de art. 336 alin. 1 din Codul Penal.<\/span><\/p>\n<p>\u00a0<\/p>\n<\/div>\n<\/div>\n<\/div>\n<div class=\"inhype-social-share-fixed sidebar-position-right\">\n<div class=\"post-social-wrapper\">\n<div class=\"post-social-title\"><span class=\"post-social-title-text\">Share<\/span><\/div>\n<\/div>\n<\/div>\n<\/div>\n<p>[analyse_source url=&#8221;https:\/\/ziardesuceava.ro\/sofer-din-patrauti-prins-baut-la-volan\/&#8221;]<\/p>\n","protected":false},"excerpt":{"rendered":"<p>[analyse_image type=&#8221;featured&#8221; src=&#8221;https:\/\/ziardesuceava.ro\/wp-content\/uploads\/2026\/06\/baut-la-volan-etilotest.jpg&#8221;] \u00a0 Un \u0219ofer \u00een v\u00e2rst\u0103 de 36 de ani a fost depistat de poli\u021bi\u0219ti conduc\u00e2nd sub influen\u021ba alcoolului, \u00een noaptea de 19 august 2026, pe DJ 209C, \u00een comuna Berchi\u0219e\u0219ti. Ac\u021biunea a avut loc \u00een jurul orei 00:45 \u0219i a fost desf\u0103\u0219urat\u0103 de poli\u021bi\u0219tii Compartimentului Rutier \u00eempreun\u0103 cu lucr\u0103torii Sec\u021biei de Poli\u021bie [&hellip;]<\/p>\n","protected":false},"author":1,"featured_media":0,"comment_status":"open","ping_status":"","sticky":false,"template":"","format":"standard","meta":{"footnotes":""},"categories":[89],"tags":[226,171],"class_list":["post-2104771","post","type-post","status-publish","format-standard","hentry","category-romania","tag-crawlmanager","tag-ziardesuceava-ro"],"_links":{"self":[{"href":"https:\/\/analyse.optim.biz\/index.php?rest_route=\/wp\/v2\/posts\/2104771","targetHints":{"allow":["GET"]}}],"collection":[{"href":"https:\/\/analyse.optim.biz\/index.php?rest_route=\/wp\/v2\/posts"}],"about":[{"href":"https:\/\/analyse.optim.biz\/index.php?rest_route=\/wp\/v2\/types\/post"}],"author":[{"embeddable":true,"href":"https:\/\/analyse.optim.biz\/index.php?rest_route=\/wp\/v2\/users\/1"}],"replies":[{"embeddable":true,"href":"https:\/\/analyse.optim.biz\/index.php?rest_route=%2Fwp%2Fv2%2Fcomments&post=2104771"}],"version-history":[{"count":0,"href":"https:\/\/analyse.optim.biz\/index.php?rest_route=\/wp\/v2\/posts\/2104771\/revisions"}],"wp:attachment":[{"href":"https:\/\/analyse.optim.biz\/index.php?rest_route=%2Fwp%2Fv2%2Fmedia&parent=2104771"}],"wp:term":[{"taxonomy":"category","embeddable":true,"href":"https:\/\/analyse.optim.biz\/index.php?rest_route=%2Fwp%2Fv2%2Fcategories&post=2104771"},{"taxonomy":"post_tag","embeddable":true,"href":"https:\/\/analyse.optim.biz\/index.php?rest_route=%2Fwp%2Fv2%2Ftags&post=2104771"}],"curies":[{"name":"wp","href":"https:\/\/api.w.org\/{rel}","templated":true}]}}