{"id":2104770,"date":"2026-08-21T11:44:32","date_gmt":"2026-08-21T08:44:32","guid":{"rendered":"https:\/\/analyse.optim.biz\/?p=2104770"},"modified":"2026-08-21T11:44:32","modified_gmt":"2026-08-21T08:44:32","slug":"presedintele-aep-sunt-24-de-unitati-administrativ-teritoriale-unde-ar-trebui-organizate-alegeri","status":"publish","type":"post","link":"https:\/\/analyse.optim.biz\/?p=2104770","title":{"rendered":"Pre\u015fedintele AEP: Sunt 24 de unit\u0103\u0163i administrativ-teritoriale unde ar trebui organizate alegeri"},"content":{"rendered":"<p>[analyse_image type=&#8221;featured&#8221; src=&#8221;https:\/\/ziardesuceava.ro\/wp-content\/uploads\/2025\/03\/alegeri_parlamentare_1-1.jpg&#8221;]<\/p>\n<div class=\"post-content clearfix\">\n<div class=\"blog-post-thumb\"><img loading=\"lazy\" decoding=\"async\" width=\"780\" height=\"440\" src=\"https:\/\/ziardesuceava.ro\/wp-content\/uploads\/2025\/03\/alegeri_parlamentare_1-1.jpg\" class=\"attachment-inhype-blog-thumb size-inhype-blog-thumb wp-post-image\" alt><\/div>\n<div class=\"entry-content\">\n<p class=\"first-paragraph\">Pre\u015fedintele Autorit\u0103\u0163ii Electorale Permanente, Adrian \u0162u\u0163uianu, a anun\u0163at c\u0103 sunt 24 de localit\u0103\u0163i unde ar trebui s\u0103 fie organizate alegeri pentru func\u0163ia de primar. Astfel, alegeri ar trebui s\u0103 aib\u0103 loc \u00een municipiul Mangalia, \u00een ora\u015ful Lehliu-Gar\u0103 din C\u0103l\u0103ra\u015fi, dar \u015fi la Prim\u0103ria Sectorului 6.<\/p>\n<div>\u201dLa data prezentei sunt 24 de unit\u0103\u0163i administrativ-teritoriale unde ar trebui s\u0103 avem alegeri. \u00cen Alba, \u00een comuna Bucerdea Gr\u00e2noas\u0103, \u00een Bistri\u0163a-N\u0103s\u0103ud, comuna Chiuza, \u00een Boto\u015fani, ora\u015ful Fl\u0103m\u00e2nzi, \u00een Bra\u015fov, comuna Augustin, comuna Beclean \u015fi comuna Ungra, \u00een Buz\u0103u comuna Z\u0103rne\u015fti, la C\u0103l\u0103ra\u015fi, ora\u015ful Lehliu-Gar\u0103, la Cluj ora\u015ful Huedin, la Constan\u0163a municipiul Mangalia, s-a pronun\u0163at definitiv instan\u0163a \u015fi am ad\u0103ugat-o pe list\u0103\u201d, a afirmat Adrian \u0162u\u0163uianu, vineri, \u00eentr-o conferin\u0163\u0103 de pres\u0103.<\/div>\n<div>El a ad\u0103ugat c\u0103 alte localit\u0103\u0163i unde vor avea loc alegeri sunt comuna B\u0103\u0163ani din Covasna, comuna Dr\u0103gu\u015feni din Gala\u0163i, comuna Stolniceni-Pr\u0103jescu din Ia\u015fi, comuna Gogo\u015fu din Mehedin\u0163i, comunele Apold \u015fi S\u00e2nger din Mure\u015f, comuna Z\u0103ne\u015fti din Neam\u0163, comuna Nicolae Titulescu din Olt, comuna Ciorani din Prahova, comuna Vatra Moldovi\u0163ei din Suceava, comuna Pesac din Timi\u015f, comuna Iv\u0103ne\u015fti din Vaslui, comuna Ureche\u015fti din Vrancea.<\/div>\n<div>\n<div>De asemenea, vor avea loc alegeri la Prim\u0103ria Sectorului 6 din Bucure\u015fti.<\/div>\n<div>\u201dProbabil c\u0103 la aceast\u0103 list\u0103, dup\u0103 cum cunoa\u015fte\u0163i, din spa\u0163iul public, ca \u015fi mine, se vor ad\u0103uga alte unit\u0103\u0163i administrativ-teritoriale unde primarii fac obiectul recentei reglement\u0103ri privind incompatibilit\u0103\u0163ile \u015fi conflictele de interese \u015fi deciziei Cur\u0163ii Constitu\u0163ionale, care a fost \u00eendelung comentat\u0103 \u00een aceste zile\u201d, a declarat pre\u015fedintele AEP.<\/div>\n<div>Curtea Constitu\u0163ional\u0103 a decis c\u0103 amendamentul la Legea integrit\u0103\u0163ii cu efecte asupra lui Dominic Fritz, care \u015fi-ar putea pierde mandatul de primar, \u00een urma deciziei definitive privind conflictul de interese, este constitu\u0163ional.<\/div>\n<\/div>\n<\/div>\n<div class=\"inhype-social-share-fixed sidebar-position-right\">\n<div class=\"post-social-wrapper\">\n<div class=\"post-social-title\"><span class=\"post-social-title-text\">Share<\/span><\/div>\n<\/div>\n<\/div>\n<\/div>\n<p>[analyse_source url=&#8221;https:\/\/ziardesuceava.ro\/presedintele-aep-sunt-24-de-unitati-administrativ-teritoriale-unde-ar-trebui-organizate-alegeri\/&#8221;]<\/p>\n","protected":false},"excerpt":{"rendered":"<p>[analyse_image type=&#8221;featured&#8221; src=&#8221;https:\/\/ziardesuceava.ro\/wp-content\/uploads\/2025\/03\/alegeri_parlamentare_1-1.jpg&#8221;] Pre\u015fedintele Autorit\u0103\u0163ii Electorale Permanente, Adrian \u0162u\u0163uianu, a anun\u0163at c\u0103 sunt 24 de localit\u0103\u0163i unde ar trebui s\u0103 fie organizate alegeri pentru func\u0163ia de primar. Astfel, alegeri ar trebui s\u0103 aib\u0103 loc \u00een municipiul Mangalia, \u00een ora\u015ful Lehliu-Gar\u0103 din C\u0103l\u0103ra\u015fi, dar \u015fi la Prim\u0103ria Sectorului 6. \u201dLa data prezentei sunt 24 de unit\u0103\u0163i [&hellip;]<\/p>\n","protected":false},"author":1,"featured_media":0,"comment_status":"open","ping_status":"","sticky":false,"template":"","format":"standard","meta":{"footnotes":""},"categories":[89],"tags":[226,171],"class_list":["post-2104770","post","type-post","status-publish","format-standard","hentry","category-romania","tag-crawlmanager","tag-ziardesuceava-ro"],"_links":{"self":[{"href":"https:\/\/analyse.optim.biz\/index.php?rest_route=\/wp\/v2\/posts\/2104770","targetHints":{"allow":["GET"]}}],"collection":[{"href":"https:\/\/analyse.optim.biz\/index.php?rest_route=\/wp\/v2\/posts"}],"about":[{"href":"https:\/\/analyse.optim.biz\/index.php?rest_route=\/wp\/v2\/types\/post"}],"author":[{"embeddable":true,"href":"https:\/\/analyse.optim.biz\/index.php?rest_route=\/wp\/v2\/users\/1"}],"replies":[{"embeddable":true,"href":"https:\/\/analyse.optim.biz\/index.php?rest_route=%2Fwp%2Fv2%2Fcomments&post=2104770"}],"version-history":[{"count":0,"href":"https:\/\/analyse.optim.biz\/index.php?rest_route=\/wp\/v2\/posts\/2104770\/revisions"}],"wp:attachment":[{"href":"https:\/\/analyse.optim.biz\/index.php?rest_route=%2Fwp%2Fv2%2Fmedia&parent=2104770"}],"wp:term":[{"taxonomy":"category","embeddable":true,"href":"https:\/\/analyse.optim.biz\/index.php?rest_route=%2Fwp%2Fv2%2Fcategories&post=2104770"},{"taxonomy":"post_tag","embeddable":true,"href":"https:\/\/analyse.optim.biz\/index.php?rest_route=%2Fwp%2Fv2%2Ftags&post=2104770"}],"curies":[{"name":"wp","href":"https:\/\/api.w.org\/{rel}","templated":true}]}}