{"id":2104744,"date":"2026-08-21T10:25:29","date_gmt":"2026-08-21T07:25:29","guid":{"rendered":"https:\/\/analyse.optim.biz\/?p=2104744"},"modified":"2026-08-21T10:25:29","modified_gmt":"2026-08-21T07:25:29","slug":"octavian-hoandra-anii-distrugerii-in-fotografii-cu-ambasadori-coldea-kovesi-simina-tanasescu","status":"publish","type":"post","link":"https:\/\/analyse.optim.biz\/?p=2104744","title":{"rendered":"Octavian Hoandr\u0103: Anii distrugerii \u00een fotografii cu ambasadori. Coldea, Kovesi, Simina T\u0103n\u0103sescu \u2026"},"content":{"rendered":"<p>[analyse_image type=&#8221;featured&#8221; src=&#8221;https:\/\/solidnews.ro\/wp-content\/uploads\/2024\/10\/hoandra.jpg&#8221;]<\/p>\n<div class=\"td_block_wrap tdb_single_content tdi_120 td-pb-border-top td_block_template_1 td-post-content tagdiv-type\" data-td-block-uid=\"tdi_120\">\n<div class=\"tdb-block-inner td-fix-index\">\n<p>M-am uitat la r\u0103spunsul Cur\u021bii Constitu\u021bionale a Rom\u00e2niei (<a href=\"https:\/\/evz.ro\/fritz-dupa-decizia-ccr-mandatul-meu-de-primar-va-inceta-in-30-zile-daca-presedintele-va-promulga-legea-atac-la-ccr.html\" target=\"_blank\" rel=\"noopener\">CCR<\/a>) \u0219i, m\u0103rturisesc, pentru c\u00e2teva clipe am avut sentimentul acela tot mai frecvent c\u0103 poate nu mai \u00een\u021beleg eu bine limba rom\u00e2n\u0103.<\/p>\n<p>\u201eConduita constant\u0103 \u0219i public\u0103\u201d, \u201ereperele etice \u0219i profesionale ale pre\u0219edintei Cur\u021bii Constitu\u021bionale\u201d \u2014 toate acestea, ni se spune, ar constitui argumente suficiente pentru a exclude orice interpretare contrar\u0103.<\/p>\n<p>Am recitit.<\/p>\n<p>Nu pentru c\u0103 fraza ar fi complicat\u0103. Dimpotriv\u0103. Este dintre acele fraze oficiale care devin foarte limpezi dup\u0103 ce dai la o parte cuvintele mari.<\/p>\n<p>Pe scurt, ni se spune: nu v\u0103 face\u021bi griji, doamna pre\u0219edint\u0103, prof. univ. dr., este un reper etic \u0219i profesional.<\/p>\n<p>\u0218i atunci mi-am amintit.<\/p>\n<p>Memoria devine, \u00een vremurile noastre, un defect destul de incomod. Iar lipsa ei na\u0219te monstruozit\u0103\u021bi.<\/p>\n<p>\u00cen 2018, Simina T\u0103n\u0103sescu era consiliera pre\u0219edintelui\u00a0<a href=\"https:\/\/evz.ro\/ce-face-klaus-iohannis-dupa-plecarea-de-la-cotroceni-dezvaluirile-lui-rares-bogdan.html\" target=\"_blank\" rel=\"noopener\">Klaus Iohannis<\/a>. O \u00eent\u00e2lnire cu un judec\u0103tor al Cur\u021bii Constitu\u021bionale, Petre L\u0103z\u0103roiu, a provocat un scandal tocmai din cauza suspiciunii unei posibile imixtiuni. A urmat demisia. Iar\u00a0<a href=\"https:\/\/www.presidency.ro\/ro\/administratia-prezidentiala\" target=\"_blank\" rel=\"noopener\">Administra\u021bia Preziden\u021bial\u0103<\/a>\u00a0vorbea atunci despre ceva ce mi se pare aproape exotic ast\u0103zi: faptul c\u0103 nici m\u0103car suspiciunea unei imixtiuni nu trebuie s\u0103 planeze asupra unei institu\u021bii.<\/p>\n<p>Au trecut opt ani.<\/p>\n<p>Nu o via\u021b\u0103. Nici m\u0103car o genera\u021bie.<\/p>\n<p>Opt ani.<\/p>\n<p>\u0218i iat\u0103 c\u0103 aceea\u0219i persoan\u0103 se afl\u0103 acum \u00een fruntea Cur\u021bii Constitu\u021bionale, iar \u00een jurul unei alte \u00eent\u00e2lniri controversate institu\u021bia pe care o conduce ne explic\u0103 senin c\u0103 \u201ereperele etice \u0219i profesionale\u201d ale pre\u0219edintei sunt suficiente pentru a \u00eenl\u0103tura \u00eendoielile.<\/p>\n<p>Citi\u021bi articolul integral pe <a href=\"https:\/\/evz.ro\/lipsa-memoriei-si-monstrii-ei-dragi-anii-distrugerii-in-fotografii-cu-ambasadori.html\"><strong>EVZ.ro<\/strong><\/a>!<\/p>\n<p><em><strong>surs\u0103: <a href=\"https:\/\/evz.ro\/lipsa-memoriei-si-monstrii-ei-dragi-anii-distrugerii-in-fotografii-cu-ambasadori.html\">EVZ.ro<\/a><\/strong><\/em><\/p>\n<\/div>\n<\/div>\n<div class=\"td_block_wrap tdb_single_content tdi_120 td-pb-border-top td_block_template_1 td-post-content tagdiv-type\" data-td-block-uid=\"tdi_120\">\n<div class=\"tdb-block-inner td-fix-index\">\n<p>M-am uitat la r\u0103spunsul Cur\u021bii Constitu\u021bionale a Rom\u00e2niei (<a href=\"https:\/\/evz.ro\/fritz-dupa-decizia-ccr-mandatul-meu-de-primar-va-inceta-in-30-zile-daca-presedintele-va-promulga-legea-atac-la-ccr.html\" target=\"_blank\" rel=\"noopener\">CCR<\/a>) \u0219i, m\u0103rturisesc, pentru c\u00e2teva clipe am avut sentimentul acela tot mai frecvent c\u0103 poate nu mai \u00een\u021beleg eu bine limba rom\u00e2n\u0103.<\/p>\n<p>\u201eConduita constant\u0103 \u0219i public\u0103\u201d, \u201ereperele etice \u0219i profesionale ale pre\u0219edintei Cur\u021bii Constitu\u021bionale\u201d \u2014 toate acestea, ni se spune, ar constitui argumente suficiente pentru a exclude orice interpretare contrar\u0103.<\/p>\n<p>Am recitit.<\/p>\n<p>Nu pentru c\u0103 fraza ar fi complicat\u0103. Dimpotriv\u0103. Este dintre acele fraze oficiale care devin foarte limpezi dup\u0103 ce dai la o parte cuvintele mari.<\/p>\n<p>Pe scurt, ni se spune: nu v\u0103 face\u021bi griji, doamna pre\u0219edint\u0103, prof. univ. dr., este un reper etic \u0219i profesional.<\/p>\n<p>\u0218i atunci mi-am amintit.<\/p>\n<p>Memoria devine, \u00een vremurile noastre, un defect destul de incomod. Iar lipsa ei na\u0219te monstruozit\u0103\u021bi.<\/p>\n<p>\u00cen 2018, Simina T\u0103n\u0103sescu era consiliera pre\u0219edintelui\u00a0<a href=\"https:\/\/evz.ro\/ce-face-klaus-iohannis-dupa-plecarea-de-la-cotroceni-dezvaluirile-lui-rares-bogdan.html\" target=\"_blank\" rel=\"noopener\">Klaus Iohannis<\/a>. O \u00eent\u00e2lnire cu un judec\u0103tor al Cur\u021bii Constitu\u021bionale, Petre L\u0103z\u0103roiu, a provocat un scandal tocmai din cauza suspiciunii unei posibile imixtiuni. A urmat demisia. Iar\u00a0<a href=\"https:\/\/www.presidency.ro\/ro\/administratia-prezidentiala\" target=\"_blank\" rel=\"noopener\">Administra\u021bia Preziden\u021bial\u0103<\/a>\u00a0vorbea atunci despre ceva ce mi se pare aproape exotic ast\u0103zi: faptul c\u0103 nici m\u0103car suspiciunea unei imixtiuni nu trebuie s\u0103 planeze asupra unei institu\u021bii.<\/p>\n<p>Au trecut opt ani.<\/p>\n<p>Nu o via\u021b\u0103. Nici m\u0103car o genera\u021bie.<\/p>\n<p>Opt ani.<\/p>\n<p>\u0218i iat\u0103 c\u0103 aceea\u0219i persoan\u0103 se afl\u0103 acum \u00een fruntea Cur\u021bii Constitu\u021bionale, iar \u00een jurul unei alte \u00eent\u00e2lniri controversate institu\u021bia pe care o conduce ne explic\u0103 senin c\u0103 \u201ereperele etice \u0219i profesionale\u201d ale pre\u0219edintei sunt suficiente pentru a \u00eenl\u0103tura \u00eendoielile.<\/p>\n<p>Citi\u021bi articolul integral pe <a href=\"https:\/\/evz.ro\/lipsa-memoriei-si-monstrii-ei-dragi-anii-distrugerii-in-fotografii-cu-ambasadori.html\"><strong>EVZ.ro<\/strong><\/a>!<\/p>\n<p><em><strong>surs\u0103: <a href=\"https:\/\/evz.ro\/lipsa-memoriei-si-monstrii-ei-dragi-anii-distrugerii-in-fotografii-cu-ambasadori.html\">EVZ.ro<\/a><\/strong><\/em><\/p>\n<\/div>\n<\/div>\n<p>[analyse_source url=&#8221;https:\/\/solidnews.ro\/octavian-hoandra-anii-distrugerii-in-fotografii-cu-ambasadori-coldea-kovesi-simina-tanasescu\/&#8221;]<\/p>\n","protected":false},"excerpt":{"rendered":"<p>[analyse_image type=&#8221;featured&#8221; src=&#8221;https:\/\/solidnews.ro\/wp-content\/uploads\/2024\/10\/hoandra.jpg&#8221;] M-am uitat la r\u0103spunsul Cur\u021bii Constitu\u021bionale a Rom\u00e2niei (CCR) \u0219i, m\u0103rturisesc, pentru c\u00e2teva clipe am avut sentimentul acela tot mai frecvent c\u0103 poate nu mai \u00een\u021beleg eu bine limba rom\u00e2n\u0103. \u201eConduita constant\u0103 \u0219i public\u0103\u201d, \u201ereperele etice \u0219i profesionale ale pre\u0219edintei Cur\u021bii Constitu\u021bionale\u201d \u2014 toate acestea, ni se spune, ar constitui argumente suficiente [&hellip;]<\/p>\n","protected":false},"author":1,"featured_media":0,"comment_status":"open","ping_status":"","sticky":false,"template":"","format":"standard","meta":{"footnotes":""},"categories":[89],"tags":[226,97],"class_list":["post-2104744","post","type-post","status-publish","format-standard","hentry","category-romania","tag-crawlmanager","tag-solidnews-ro"],"_links":{"self":[{"href":"https:\/\/analyse.optim.biz\/index.php?rest_route=\/wp\/v2\/posts\/2104744","targetHints":{"allow":["GET"]}}],"collection":[{"href":"https:\/\/analyse.optim.biz\/index.php?rest_route=\/wp\/v2\/posts"}],"about":[{"href":"https:\/\/analyse.optim.biz\/index.php?rest_route=\/wp\/v2\/types\/post"}],"author":[{"embeddable":true,"href":"https:\/\/analyse.optim.biz\/index.php?rest_route=\/wp\/v2\/users\/1"}],"replies":[{"embeddable":true,"href":"https:\/\/analyse.optim.biz\/index.php?rest_route=%2Fwp%2Fv2%2Fcomments&post=2104744"}],"version-history":[{"count":0,"href":"https:\/\/analyse.optim.biz\/index.php?rest_route=\/wp\/v2\/posts\/2104744\/revisions"}],"wp:attachment":[{"href":"https:\/\/analyse.optim.biz\/index.php?rest_route=%2Fwp%2Fv2%2Fmedia&parent=2104744"}],"wp:term":[{"taxonomy":"category","embeddable":true,"href":"https:\/\/analyse.optim.biz\/index.php?rest_route=%2Fwp%2Fv2%2Fcategories&post=2104744"},{"taxonomy":"post_tag","embeddable":true,"href":"https:\/\/analyse.optim.biz\/index.php?rest_route=%2Fwp%2Fv2%2Ftags&post=2104744"}],"curies":[{"name":"wp","href":"https:\/\/api.w.org\/{rel}","templated":true}]}}