{"id":2104740,"date":"2026-08-21T12:59:13","date_gmt":"2026-08-21T09:59:13","guid":{"rendered":"https:\/\/analyse.optim.biz\/?p=2104740"},"modified":"2026-08-21T12:59:13","modified_gmt":"2026-08-21T09:59:13","slug":"bolojan-are-energie-pentru-ucraina-romanilor-le-cere-economie-luni-seara-palatul-parlamentului-iluminat-in-galben-albastru","status":"publish","type":"post","link":"https:\/\/analyse.optim.biz\/?p=2104740","title":{"rendered":"Bolojan are energie pentru Ucraina, rom\u00e2nilor le cere economie. Luni seara Palatul Parlamentului iluminat \u00een galben-albastru!"},"content":{"rendered":"<p>[analyse_image type=&#8221;featured&#8221; src=&#8221;https:\/\/solidnews.ro\/wp-content\/uploads\/2026\/08\/media-174867340273106100.webp&#8221;]<\/p>\n<div class=\"td_block_wrap tdb_single_content tdi_120 td-pb-border-top td_block_template_1 td-post-content tagdiv-type\" data-td-block-uid=\"tdi_120\">\n<div class=\"tdb-block-inner td-fix-index\">\n<p>Fa\u021bada principal\u0103 a Palatului\u00a0<a href=\"https:\/\/www.stiripesurse.ro\/tag\/Parlament\" target=\"_blank\" rel=\"noopener\">Parlament<\/a>ului va fi iluminat\u0103 luni seara, timp de dou\u0103 ore, \u00een culorile drapelului Ucrainei, chiar \u00een intervalul \u00een care Ministerul Energiei le-a cerut institu\u021biilor publice s\u0103 reduc\u0103 voluntar consumul de electricitate \u0219i a indicat explicit, printre m\u0103surile recomandate, oprirea iluminatului arhitectural \u0219i decorativ.<\/p>\n<p>Camera Deputa\u021bilor a anun\u021bat vineri c\u0103 fa\u021bada principal\u0103 a Palatului Parlamentului va fi\u00a0<a href=\"https:\/\/www.stiripesurse.ro\/tag\/iluminat\" target=\"_blank\" rel=\"noopener\">iluminat<\/a>\u0103 luni, 24 august, \u00eentre orele 21:00 \u0219i 23:00, \u00een albastru \u0219i galben, pentru a marca Ziua Drapelului de Stat al Ucrainei, s\u0103rb\u0103torit\u0103 \u00een 23 august, \u0219i Ziua Independen\u021bei Ucrainei, din 24 august.<\/p>\n<p>\u201e\u00cen aceea\u0219i zi, drapelul ucrainean va fi arborat \u00een fa\u021ba Parlamentului Rom\u00e2niei. Astfel, Rom\u00e2nia \u00ee\u0219i arat\u0103 solidaritatea cu statul vecin, afectat de r\u0103zboiul declan\u0219at de Federa\u021bia Rus\u0103 \u00eempotriva sa\u201d, se arat\u0103 \u00een anun\u021bul Camerei Deputa\u021bilor.<\/p>\n<p>Documentul nu precizeaz\u0103 care va fi consumul de energie electric\u0103 necesar pentru iluminarea fa\u021badei.<\/p>\n<h2 id=\"ministerul-energiei-institutiile-publice-sa-opreasca-iluminatul-arhitectural\">Ministerul Energiei: Institu\u021biile publice s\u0103 opreasc\u0103 iluminatul arhitectural<\/h2>\n<p>Momentul ales pentru iluminarea Palatului Parlamentului vine \u00eens\u0103 \u00een plin\u0103 criz\u0103 energetic\u0103 \u0219i intr\u0103 chiar \u00een intervalul de v\u00e2rf pentru care autorit\u0103\u021bile au f\u0103cut apel la economie.<\/p>\n<p>Pe 6 august, Ministerul\u00a0<a href=\"https:\/\/www.stiripesurse.ro\/tag\/Energie\" target=\"_blank\" rel=\"noopener\">Energie<\/a>i a cerut popula\u021biei, companiilor, institu\u021biilor publice \u0219i prosumatorilor s\u0103 reduc\u0103 voluntar consumul de energie electric\u0103 \u00eentre 19:00 \u0219i 23:00, m\u0103sura fiind recomandat\u0103 p\u00e2n\u0103 la 31 august 2026.<\/p>\n<p>\u00cen cazul institu\u021biilor publice, recomand\u0103rile oficiale sunt cu at\u00e2t mai relevante \u00een situa\u021bia Palatului Parlamentului: Ministerul Energiei a indicat expres, printre m\u0103surile care pot fi luate, \u201eoprirea iluminatului arhitectural \u0219i decorativ\u201d, al\u0103turi de reducerea iluminatului \u00een spa\u021biile neutilizate, oprirea echipamentelor care nu mai sunt necesare dup\u0103 program, limitarea climatiz\u0103rii \u00een spa\u021biile neocupate \u0219i reprogramarea activit\u0103\u021bilor administrative mari consumatoare de energie.<\/p>\n<p>Apelul are caracter voluntar, nu reprezint\u0103 o interdic\u021bie legal\u0103 pentru institu\u021biile publice. Ministerul a explicat \u00eens\u0103 c\u0103 scopul este reducerea presiunii asupra Sistemului Energetic Na\u021bional \u00een orele de sear\u0103, diminuarea importurilor \u0219i evitarea unor m\u0103suri restrictive.<\/p>\n<p>Astfel, iluminarea Palatului Parlamentului \u00eentre orele 21:00 \u0219i 23:00 va avea loc integral \u00een interiorul intervalului de patru ore \u00een care autorit\u0103\u021bile cer economisirea energiei.<\/p>\n<p>Criza energetic\u0103 a fost provocat\u0103 \u00een principal de seceta sever\u0103 \u0219i de debitele excep\u021bional de mici ale Dun\u0103rii, care au afectat at\u00e2t produc\u021bia hidro, c\u00e2t \u0219i func\u021bionarea Centralei Nuclearoelectrice Cernavod\u0103.<\/p>\n<p>Transelectrica anun\u021ba \u00eenc\u0103 din 5 august c\u0103 Sistemul Electroenergetic Na\u021bional func\u021bioneaz\u0103 \u00een \u201econdi\u021bii dificile\u201d, generate de o secet\u0103 pe care compania o caracteriza drept f\u0103r\u0103 precedent din perspectiva oper\u0103rii sistemului. Operatorul na\u021bional sublinia atunci c\u0103 m\u0103surile voluntare de consum responsabil au contribuit deja la men\u021binerea echilibrului dintre produc\u021bie \u0219i consum.<\/p>\n<p>Unitatea 1 a CNE Cernavod\u0103 a fost oprit\u0103 \u0219i deconectat\u0103 de la Sistemul Energetic Na\u021bional \u00een 28 iulie, din cauza nivelului extrem de sc\u0103zut al Dun\u0103rii. Ulterior, pe 13 august, Nuclearelectrica a \u00eenceput \u0219i oprirea controlat\u0103 a Unit\u0103\u021bii 2, astfel \u00eenc\u00e2t Rom\u00e2nia a r\u0103mas f\u0103r\u0103 produc\u021bia celor dou\u0103 reactoare nucleare, cu o putere instalat\u0103 cumulat\u0103 de aproximativ 1.400 MW.<\/p>\n<p>Situa\u021bia hidrologic\u0103 nu arat\u0103 deocamdat\u0103 o revenire rapid\u0103. Potrivit prognozei INHGA publicate pe 17 august, debitul Dun\u0103rii la intrarea \u00een Rom\u00e2nia urma s\u0103 scad\u0103 de la aproximativ 1.350 de metri cubi pe secund\u0103 la 1.300 mc\/s, \u00een condi\u021biile \u00een care media multianual\u0103 pentru luna august este de 3.900 mc\/s.<\/p>\n<h2 id=\"guvernul-a-pregatit-inclusiv-limitarea-consumului-marilor-companii\">Guvernul a preg\u0103tit inclusiv limitarea consumului marilor companii<\/h2>\n<p>Gravitatea situa\u021biei a determinat Guvernul s\u0103 aprobe, pe 7 august, un mecanism prin care Dispecerul Energetic Na\u021bional poate recurge, dac\u0103 echilibrul sistemului o impune, la m\u0103suri succesive de interven\u021bie p\u00e2n\u0103 la 31 august.<\/p>\n<p>Acestea includ utilizarea rezervelor de produc\u021bie, pornirea unor grupuri aflate \u00een rezerv\u0103, reducerea exporturilor \u0219i, ca m\u0103sur\u0103 de ultim\u0103 instan\u021b\u0103, limitarea \u00een tran\u0219e a consumului unor mari consumatori industriali \u00een intervalul 19:00-23:00. Consumatorii casnici nu sunt inclu\u0219i \u00een acest mecanism.<\/p>\n<p>\u00cenaintea unor asemenea m\u0103suri obligatorii, autorit\u0103\u021bile au prev\u0103zut solicitarea de reduceri voluntare. Ministerul Energiei \u0219i Transelectrica au precizat c\u0103 operatorii economici care \u00ee\u0219i pot reprograma activitatea sunt \u00eencuraja\u021bi s\u0103 mute consumul din orele de sear\u0103, c\u00e2nd sistemul este cel mai solicitat.<\/p>\n<p>\u00cen acest context, decizia de a ilumina arhitectural Palatul Parlamentului \u00eentre orele 21:00 \u0219i 23:00, de\u0219i are o motiva\u021bie simbolic\u0103 \u0219i diplomatic\u0103, contrasteaz\u0103 cu recomandarea oficial\u0103 adresat\u0103 chiar institu\u021biilor publice de a opri acest tip de iluminat \u00een orele de v\u00e2rf, cel pu\u021bin p\u00e2n\u0103 la sf\u00e2r\u0219itul lunii august.<\/p>\n<p><em><strong>surs\u0103: <a href=\"https:\/\/www.stiripesurse.ro\/palatul-parlamentului-iluminat-pentru-ucraina-exact-in-intervalul-de-varf-autoritatile-cer-reducerea-consumului-intre-1900-si-2300_3913893\">stiripesurse.ro<\/a><\/strong><\/em><\/p>\n<\/div>\n<\/div>\n<div class=\"td_block_wrap tdb_single_content tdi_120 td-pb-border-top td_block_template_1 td-post-content tagdiv-type\" data-td-block-uid=\"tdi_120\">\n<div class=\"tdb-block-inner td-fix-index\">\n<p>Fa\u021bada principal\u0103 a Palatului\u00a0<a href=\"https:\/\/www.stiripesurse.ro\/tag\/Parlament\" target=\"_blank\" rel=\"noopener\">Parlament<\/a>ului va fi iluminat\u0103 luni seara, timp de dou\u0103 ore, \u00een culorile drapelului Ucrainei, chiar \u00een intervalul \u00een care Ministerul Energiei le-a cerut institu\u021biilor publice s\u0103 reduc\u0103 voluntar consumul de electricitate \u0219i a indicat explicit, printre m\u0103surile recomandate, oprirea iluminatului arhitectural \u0219i decorativ.<\/p>\n<p>Camera Deputa\u021bilor a anun\u021bat vineri c\u0103 fa\u021bada principal\u0103 a Palatului Parlamentului va fi\u00a0<a href=\"https:\/\/www.stiripesurse.ro\/tag\/iluminat\" target=\"_blank\" rel=\"noopener\">iluminat<\/a>\u0103 luni, 24 august, \u00eentre orele 21:00 \u0219i 23:00, \u00een albastru \u0219i galben, pentru a marca Ziua Drapelului de Stat al Ucrainei, s\u0103rb\u0103torit\u0103 \u00een 23 august, \u0219i Ziua Independen\u021bei Ucrainei, din 24 august.<\/p>\n<p>\u201e\u00cen aceea\u0219i zi, drapelul ucrainean va fi arborat \u00een fa\u021ba Parlamentului Rom\u00e2niei. Astfel, Rom\u00e2nia \u00ee\u0219i arat\u0103 solidaritatea cu statul vecin, afectat de r\u0103zboiul declan\u0219at de Federa\u021bia Rus\u0103 \u00eempotriva sa\u201d, se arat\u0103 \u00een anun\u021bul Camerei Deputa\u021bilor.<\/p>\n<p>Documentul nu precizeaz\u0103 care va fi consumul de energie electric\u0103 necesar pentru iluminarea fa\u021badei.<\/p>\n<h2 id=\"ministerul-energiei-institutiile-publice-sa-opreasca-iluminatul-arhitectural\">Ministerul Energiei: Institu\u021biile publice s\u0103 opreasc\u0103 iluminatul arhitectural<\/h2>\n<p>Momentul ales pentru iluminarea Palatului Parlamentului vine \u00eens\u0103 \u00een plin\u0103 criz\u0103 energetic\u0103 \u0219i intr\u0103 chiar \u00een intervalul de v\u00e2rf pentru care autorit\u0103\u021bile au f\u0103cut apel la economie.<\/p>\n<p>Pe 6 august, Ministerul\u00a0<a href=\"https:\/\/www.stiripesurse.ro\/tag\/Energie\" target=\"_blank\" rel=\"noopener\">Energie<\/a>i a cerut popula\u021biei, companiilor, institu\u021biilor publice \u0219i prosumatorilor s\u0103 reduc\u0103 voluntar consumul de energie electric\u0103 \u00eentre 19:00 \u0219i 23:00, m\u0103sura fiind recomandat\u0103 p\u00e2n\u0103 la 31 august 2026.<\/p>\n<p>\u00cen cazul institu\u021biilor publice, recomand\u0103rile oficiale sunt cu at\u00e2t mai relevante \u00een situa\u021bia Palatului Parlamentului: Ministerul Energiei a indicat expres, printre m\u0103surile care pot fi luate, \u201eoprirea iluminatului arhitectural \u0219i decorativ\u201d, al\u0103turi de reducerea iluminatului \u00een spa\u021biile neutilizate, oprirea echipamentelor care nu mai sunt necesare dup\u0103 program, limitarea climatiz\u0103rii \u00een spa\u021biile neocupate \u0219i reprogramarea activit\u0103\u021bilor administrative mari consumatoare de energie.<\/p>\n<p>Apelul are caracter voluntar, nu reprezint\u0103 o interdic\u021bie legal\u0103 pentru institu\u021biile publice. Ministerul a explicat \u00eens\u0103 c\u0103 scopul este reducerea presiunii asupra Sistemului Energetic Na\u021bional \u00een orele de sear\u0103, diminuarea importurilor \u0219i evitarea unor m\u0103suri restrictive.<\/p>\n<p>Astfel, iluminarea Palatului Parlamentului \u00eentre orele 21:00 \u0219i 23:00 va avea loc integral \u00een interiorul intervalului de patru ore \u00een care autorit\u0103\u021bile cer economisirea energiei.<\/p>\n<p>Criza energetic\u0103 a fost provocat\u0103 \u00een principal de seceta sever\u0103 \u0219i de debitele excep\u021bional de mici ale Dun\u0103rii, care au afectat at\u00e2t produc\u021bia hidro, c\u00e2t \u0219i func\u021bionarea Centralei Nuclearoelectrice Cernavod\u0103.<\/p>\n<p>Transelectrica anun\u021ba \u00eenc\u0103 din 5 august c\u0103 Sistemul Electroenergetic Na\u021bional func\u021bioneaz\u0103 \u00een \u201econdi\u021bii dificile\u201d, generate de o secet\u0103 pe care compania o caracteriza drept f\u0103r\u0103 precedent din perspectiva oper\u0103rii sistemului. Operatorul na\u021bional sublinia atunci c\u0103 m\u0103surile voluntare de consum responsabil au contribuit deja la men\u021binerea echilibrului dintre produc\u021bie \u0219i consum.<\/p>\n<p>Unitatea 1 a CNE Cernavod\u0103 a fost oprit\u0103 \u0219i deconectat\u0103 de la Sistemul Energetic Na\u021bional \u00een 28 iulie, din cauza nivelului extrem de sc\u0103zut al Dun\u0103rii. Ulterior, pe 13 august, Nuclearelectrica a \u00eenceput \u0219i oprirea controlat\u0103 a Unit\u0103\u021bii 2, astfel \u00eenc\u00e2t Rom\u00e2nia a r\u0103mas f\u0103r\u0103 produc\u021bia celor dou\u0103 reactoare nucleare, cu o putere instalat\u0103 cumulat\u0103 de aproximativ 1.400 MW.<\/p>\n<p>Situa\u021bia hidrologic\u0103 nu arat\u0103 deocamdat\u0103 o revenire rapid\u0103. Potrivit prognozei INHGA publicate pe 17 august, debitul Dun\u0103rii la intrarea \u00een Rom\u00e2nia urma s\u0103 scad\u0103 de la aproximativ 1.350 de metri cubi pe secund\u0103 la 1.300 mc\/s, \u00een condi\u021biile \u00een care media multianual\u0103 pentru luna august este de 3.900 mc\/s.<\/p>\n<h2 id=\"guvernul-a-pregatit-inclusiv-limitarea-consumului-marilor-companii\">Guvernul a preg\u0103tit inclusiv limitarea consumului marilor companii<\/h2>\n<p>Gravitatea situa\u021biei a determinat Guvernul s\u0103 aprobe, pe 7 august, un mecanism prin care Dispecerul Energetic Na\u021bional poate recurge, dac\u0103 echilibrul sistemului o impune, la m\u0103suri succesive de interven\u021bie p\u00e2n\u0103 la 31 august.<\/p>\n<p>Acestea includ utilizarea rezervelor de produc\u021bie, pornirea unor grupuri aflate \u00een rezerv\u0103, reducerea exporturilor \u0219i, ca m\u0103sur\u0103 de ultim\u0103 instan\u021b\u0103, limitarea \u00een tran\u0219e a consumului unor mari consumatori industriali \u00een intervalul 19:00-23:00. Consumatorii casnici nu sunt inclu\u0219i \u00een acest mecanism.<\/p>\n<p>\u00cenaintea unor asemenea m\u0103suri obligatorii, autorit\u0103\u021bile au prev\u0103zut solicitarea de reduceri voluntare. Ministerul Energiei \u0219i Transelectrica au precizat c\u0103 operatorii economici care \u00ee\u0219i pot reprograma activitatea sunt \u00eencuraja\u021bi s\u0103 mute consumul din orele de sear\u0103, c\u00e2nd sistemul este cel mai solicitat.<\/p>\n<p>\u00cen acest context, decizia de a ilumina arhitectural Palatul Parlamentului \u00eentre orele 21:00 \u0219i 23:00, de\u0219i are o motiva\u021bie simbolic\u0103 \u0219i diplomatic\u0103, contrasteaz\u0103 cu recomandarea oficial\u0103 adresat\u0103 chiar institu\u021biilor publice de a opri acest tip de iluminat \u00een orele de v\u00e2rf, cel pu\u021bin p\u00e2n\u0103 la sf\u00e2r\u0219itul lunii august.<\/p>\n<p><em><strong>surs\u0103: <a href=\"https:\/\/www.stiripesurse.ro\/palatul-parlamentului-iluminat-pentru-ucraina-exact-in-intervalul-de-varf-autoritatile-cer-reducerea-consumului-intre-1900-si-2300_3913893\">stiripesurse.ro<\/a><\/strong><\/em><\/p>\n<\/div>\n<\/div>\n<p>[analyse_source url=&#8221;https:\/\/solidnews.ro\/bolojan-are-energie-pentru-ucraina-romanilor-le-cere-economie-luni-seara-palatul-parlamentului-iluminat-in-galben-albastru\/&#8221;]<\/p>\n","protected":false},"excerpt":{"rendered":"<p>[analyse_image type=&#8221;featured&#8221; src=&#8221;https:\/\/solidnews.ro\/wp-content\/uploads\/2026\/08\/media-174867340273106100.webp&#8221;] Fa\u021bada principal\u0103 a Palatului\u00a0Parlamentului va fi iluminat\u0103 luni seara, timp de dou\u0103 ore, \u00een culorile drapelului Ucrainei, chiar \u00een intervalul \u00een care Ministerul Energiei le-a cerut institu\u021biilor publice s\u0103 reduc\u0103 voluntar consumul de electricitate \u0219i a indicat explicit, printre m\u0103surile recomandate, oprirea iluminatului arhitectural \u0219i decorativ. Camera Deputa\u021bilor a anun\u021bat vineri c\u0103 [&hellip;]<\/p>\n","protected":false},"author":1,"featured_media":0,"comment_status":"open","ping_status":"","sticky":false,"template":"","format":"standard","meta":{"footnotes":""},"categories":[89],"tags":[226,97],"class_list":["post-2104740","post","type-post","status-publish","format-standard","hentry","category-romania","tag-crawlmanager","tag-solidnews-ro"],"_links":{"self":[{"href":"https:\/\/analyse.optim.biz\/index.php?rest_route=\/wp\/v2\/posts\/2104740","targetHints":{"allow":["GET"]}}],"collection":[{"href":"https:\/\/analyse.optim.biz\/index.php?rest_route=\/wp\/v2\/posts"}],"about":[{"href":"https:\/\/analyse.optim.biz\/index.php?rest_route=\/wp\/v2\/types\/post"}],"author":[{"embeddable":true,"href":"https:\/\/analyse.optim.biz\/index.php?rest_route=\/wp\/v2\/users\/1"}],"replies":[{"embeddable":true,"href":"https:\/\/analyse.optim.biz\/index.php?rest_route=%2Fwp%2Fv2%2Fcomments&post=2104740"}],"version-history":[{"count":0,"href":"https:\/\/analyse.optim.biz\/index.php?rest_route=\/wp\/v2\/posts\/2104740\/revisions"}],"wp:attachment":[{"href":"https:\/\/analyse.optim.biz\/index.php?rest_route=%2Fwp%2Fv2%2Fmedia&parent=2104740"}],"wp:term":[{"taxonomy":"category","embeddable":true,"href":"https:\/\/analyse.optim.biz\/index.php?rest_route=%2Fwp%2Fv2%2Fcategories&post=2104740"},{"taxonomy":"post_tag","embeddable":true,"href":"https:\/\/analyse.optim.biz\/index.php?rest_route=%2Fwp%2Fv2%2Ftags&post=2104740"}],"curies":[{"name":"wp","href":"https:\/\/api.w.org\/{rel}","templated":true}]}}