{"id":210472,"date":"2014-03-04T11:56:32","date_gmt":"2014-03-04T08:56:32","guid":{"rendered":"https:\/\/analyse.optim.biz\/?p=210472"},"modified":"2014-03-04T11:56:32","modified_gmt":"2014-03-04T08:56:32","slug":"rovana-plumb-cum-ies-oamenii-din-saracie-prin-masuri-de-reinsertie-pe-piata-muncii","status":"publish","type":"post","link":"https:\/\/analyse.optim.biz\/?p=210472","title":{"rendered":"Rovana Plumb: Cum ies oamenii din s\u0103r\u0103cie? Prin m\u0103suri de reinser\u0163ie pe pia\u0163a muncii"},"content":{"rendered":"<div class=\"entry data-app-meta data-app-meta-article\" data-embed-base-url-canonical=\"https:\/\/www.digi24.ro\/embed\/stiri\/actualitate\/politica\/rovana-plumb-cum-ies-oamenii-din-saracie-prin-masuri-de-reinsertie-pe-piata-muncii-209147\">\n<p data-index=\"1\">&#8220;Tinerii reprezint\u0103 prioritatea absolut\u0103 a Guvernului, a spus Rovana Plumb. Sper\u0103m s\u0103 oprim migra\u0163ia creierelor&#8221;<\/p>\n<p data-index=\"2\">Oamenii sunt considera\u0163i s\u0103raci dac\u0103 au un venit sub 350 de lei pe persoan\u0103, a spus Rovana Plumb. Cum vor ie\u015fi din s\u0103r\u0103cie? Prin m\u0103suri concrete de ajutor de reinser\u0163ie pe pia\u0163a muncii, a afirmat ea.<\/p>\n<p data-index=\"3\">\u00centrebat\u0103 \u00een leg\u0103tur\u0103 cu o eventual\u0103 cre\u015ftere a cuantumului aloca\u0163iilor pentru copii, Rovana Plumb a r\u0103spuns c\u0103 se au \u00een vedere m\u0103suri \u201epentru o cre\u015ftere armonioas\u0103\u201d.<\/p>\n<p data-index=\"4\">\u201e<span>Aloca\u0163ia pentru copii este un drept universal de care to\u0163i copiii trebuie s\u0103 se bucure, de acela\u015fi cuantum. \u00cencerc\u0103m s\u0103 g\u0103sim variante pe acest subiect\u201d, a declarat Rovana Plumb.<\/span><\/p>\n<\/div>\n<p> Source URL: https:\/\/www.digi24.ro\/stiri\/actualitate\/politica\/rovana-plumb-cum-ies-oamenii-din-saracie-prin-masuri-de-reinsertie-pe-piata-muncii-209147<\/p>\n","protected":false},"excerpt":{"rendered":"<p>&#8220;Tinerii reprezint\u0103 prioritatea absolut\u0103 a Guvernului, a spus Rovana Plumb. Sper\u0103m s\u0103 oprim migra\u0163ia creierelor&#8221; Oamenii sunt considera\u0163i s\u0103raci dac\u0103 au un venit sub 350 de lei pe persoan\u0103, a spus Rovana Plumb. Cum vor ie\u015fi din s\u0103r\u0103cie? Prin m\u0103suri concrete de ajutor de reinser\u0163ie pe pia\u0163a muncii, a afirmat ea. \u00centrebat\u0103 \u00een leg\u0103tur\u0103 cu [&hellip;]<\/p>\n","protected":false},"author":1,"featured_media":210473,"comment_status":"open","ping_status":"","sticky":false,"template":"","format":"standard","meta":{"footnotes":""},"categories":[2],"tags":[11],"class_list":["post-210472","post","type-post","status-publish","format-standard","has-post-thumbnail","hentry","category-politics","tag-digi24"],"_links":{"self":[{"href":"https:\/\/analyse.optim.biz\/index.php?rest_route=\/wp\/v2\/posts\/210472","targetHints":{"allow":["GET"]}}],"collection":[{"href":"https:\/\/analyse.optim.biz\/index.php?rest_route=\/wp\/v2\/posts"}],"about":[{"href":"https:\/\/analyse.optim.biz\/index.php?rest_route=\/wp\/v2\/types\/post"}],"author":[{"embeddable":true,"href":"https:\/\/analyse.optim.biz\/index.php?rest_route=\/wp\/v2\/users\/1"}],"replies":[{"embeddable":true,"href":"https:\/\/analyse.optim.biz\/index.php?rest_route=%2Fwp%2Fv2%2Fcomments&post=210472"}],"version-history":[{"count":0,"href":"https:\/\/analyse.optim.biz\/index.php?rest_route=\/wp\/v2\/posts\/210472\/revisions"}],"wp:featuredmedia":[{"embeddable":true,"href":"https:\/\/analyse.optim.biz\/index.php?rest_route=\/wp\/v2\/media\/210473"}],"wp:attachment":[{"href":"https:\/\/analyse.optim.biz\/index.php?rest_route=%2Fwp%2Fv2%2Fmedia&parent=210472"}],"wp:term":[{"taxonomy":"category","embeddable":true,"href":"https:\/\/analyse.optim.biz\/index.php?rest_route=%2Fwp%2Fv2%2Fcategories&post=210472"},{"taxonomy":"post_tag","embeddable":true,"href":"https:\/\/analyse.optim.biz\/index.php?rest_route=%2Fwp%2Fv2%2Ftags&post=210472"}],"curies":[{"name":"wp","href":"https:\/\/api.w.org\/{rel}","templated":true}]}}