{"id":2104683,"date":"2026-08-19T16:42:00","date_gmt":"2026-08-19T13:42:00","guid":{"rendered":"https:\/\/analyse.optim.biz\/?p=2104683"},"modified":"2026-08-19T16:42:00","modified_gmt":"2026-08-19T13:42:00","slug":"licitatie-pentru-caini-se-va-infiinta-serviciu-pentru-gestionare","status":"publish","type":"post","link":"https:\/\/analyse.optim.biz\/?p=2104683","title":{"rendered":"Licita\u021bie pentru c\u00e2ini. Se va \u00eenfiin\u021ba Serviciu pentru gestionare"},"content":{"rendered":"<p>[analyse_image type=&#8221;featured&#8221; src=&#8221;https:\/\/www.campusbuzau.ro\/wp-content\/uploads\/2017\/11\/pui-de-caine.jpghttps:\/\/www.campusbuzau.ro\/wp-content\/uploads\/2017\/11\/pui-de-caine.jpg&#8221;]<\/p>\n<div class=\"entry-content\">\n<p><strong><em>A fost demarat\u0103 licita\u021bia pentru preluarea gestion\u0103rii c\u00e2inilor f\u0103r\u0103 ad\u0103post. Licita\u021bia este deschis\u0103 tuturor doritorilor care \u00eendeplinesc condi\u021biile impuse. C\u00e2\u0219tig\u0103torul va fi desemnat \u00een aproximativ 20 de zile, dac\u0103 nu vor exista contesta\u021bii.<\/em><\/strong><\/p>\n<p>\u00cen \u0219edin\u021ba anterioar\u0103 a Consiliului Local Municipal edilii au anun\u021bat c\u0103 vor ini\u021bia o licita\u021bie pentru preluarea Serviciului de gestionare a c\u00e2inilor f\u0103r\u0103 st\u0103p\u00e2n, ceea ce s-a \u0219i \u00eent\u00e2mplat.<\/p>\n<p>Capturarea c\u00e2inilor comunitari din Buz\u0103u a fost stopat\u0103 \u00een urma unei decizii judec\u0103tore\u0219ti.<\/p>\n<p>Licita\u021bia este deschis\u0103 \u0219i vor putea participa \u0219i Asocia\u021biile de protec\u021bie a animalelor, cu condi\u021bia s\u0103 \u00eendeplineasc\u0103 toate cerin\u021bele din caietul de sarcini.<\/p>\n<p>Prim\u0103ria are organigrama blocat\u0103 tot \u00een urma unei decizii judec\u0103tore\u0219ti, chiar dac\u0103 Curtea de Conturi i-a fost al\u0103turi \u00een problema poli\u021bi\u0219tilor locali.<\/p>\n<p>Primarul aduce la cuno\u0219tin\u021b\u0103 buzoienilor c\u0103 \u00een aceast\u0103 perioad\u0103 \u00een care c\u00e2inii f\u0103r\u0103 ad\u0103post nu mai sunt extra\u0219i de pe str\u0103zile ora\u0219ului, dintre blocuri ori din parcuri peste 160 de oameni au fost ataca\u021bi.<\/p>\n<figure class=\"wp-block-embed is-type-video is-provider-youtube wp-block-embed-youtube wp-embed-aspect-16-9 wp-has-aspect-ratio\">\n<div class=\"wp-block-embed__wrapper\">\n<iframe loading=\"lazy\" title=\"LICITA\u0162IE PENTRU SERVICIUL DE GESTIONARE A MAIDANEZILOR\" width=\"500\" height=\"281\" src=\"https:\/\/www.youtube.com\/embed\/9msmOhnIQB4?feature=oembed\" frameborder allow=\"accelerometer; autoplay; clipboard-write; encrypted-media; gyroscope; picture-in-picture; web-share\" referrerpolicy=\"strict-origin-when-cross-origin\" allowfullscreen><\/iframe>\n<\/div>\n<\/figure>\n<\/div>\n<p>[analyse_source url=&#8221;https:\/\/www.campusbuzau.ro\/licitatie-pentru-caini-se-va-infiinta-serviciu-pentru-gestionare\/&#8221;]<\/p>\n","protected":false},"excerpt":{"rendered":"<p>[analyse_image type=&#8221;featured&#8221; src=&#8221;https:\/\/www.campusbuzau.ro\/wp-content\/uploads\/2017\/11\/pui-de-caine.jpghttps:\/\/www.campusbuzau.ro\/wp-content\/uploads\/2017\/11\/pui-de-caine.jpg&#8221;] A fost demarat\u0103 licita\u021bia pentru preluarea gestion\u0103rii c\u00e2inilor f\u0103r\u0103 ad\u0103post. Licita\u021bia este deschis\u0103 tuturor doritorilor care \u00eendeplinesc condi\u021biile impuse. C\u00e2\u0219tig\u0103torul va fi desemnat \u00een aproximativ 20 de zile, dac\u0103 nu vor exista contesta\u021bii. \u00cen \u0219edin\u021ba anterioar\u0103 a Consiliului Local Municipal edilii au anun\u021bat c\u0103 vor ini\u021bia o licita\u021bie pentru preluarea Serviciului de [&hellip;]<\/p>\n","protected":false},"author":1,"featured_media":0,"comment_status":"open","ping_status":"","sticky":false,"template":"","format":"standard","meta":{"footnotes":""},"categories":[2],"tags":[118,226],"class_list":["post-2104683","post","type-post","status-publish","format-standard","hentry","category-politics","tag-campusbuzau-ro","tag-crawlmanager"],"_links":{"self":[{"href":"https:\/\/analyse.optim.biz\/index.php?rest_route=\/wp\/v2\/posts\/2104683","targetHints":{"allow":["GET"]}}],"collection":[{"href":"https:\/\/analyse.optim.biz\/index.php?rest_route=\/wp\/v2\/posts"}],"about":[{"href":"https:\/\/analyse.optim.biz\/index.php?rest_route=\/wp\/v2\/types\/post"}],"author":[{"embeddable":true,"href":"https:\/\/analyse.optim.biz\/index.php?rest_route=\/wp\/v2\/users\/1"}],"replies":[{"embeddable":true,"href":"https:\/\/analyse.optim.biz\/index.php?rest_route=%2Fwp%2Fv2%2Fcomments&post=2104683"}],"version-history":[{"count":0,"href":"https:\/\/analyse.optim.biz\/index.php?rest_route=\/wp\/v2\/posts\/2104683\/revisions"}],"wp:attachment":[{"href":"https:\/\/analyse.optim.biz\/index.php?rest_route=%2Fwp%2Fv2%2Fmedia&parent=2104683"}],"wp:term":[{"taxonomy":"category","embeddable":true,"href":"https:\/\/analyse.optim.biz\/index.php?rest_route=%2Fwp%2Fv2%2Fcategories&post=2104683"},{"taxonomy":"post_tag","embeddable":true,"href":"https:\/\/analyse.optim.biz\/index.php?rest_route=%2Fwp%2Fv2%2Ftags&post=2104683"}],"curies":[{"name":"wp","href":"https:\/\/api.w.org\/{rel}","templated":true}]}}