{"id":210460,"date":"2014-03-04T13:22:51","date_gmt":"2014-03-04T10:22:51","guid":{"rendered":"https:\/\/analyse.optim.biz\/?p=210460"},"modified":"2014-03-04T13:22:51","modified_gmt":"2014-03-04T10:22:51","slug":"traian-basescu-cere-un-nou-program-de-guvernare-altfel-va-fi-imposibila-instalarea-guvernului","status":"publish","type":"post","link":"https:\/\/analyse.optim.biz\/?p=210460","title":{"rendered":"Traian B\u0103sescu cere un nou program de guvernare: Altfel, va fi imposibil\u0103 instalarea Guvernului"},"content":{"rendered":"<div class=\"entry data-app-meta data-app-meta-article\" data-embed-base-url-canonical=\"https:\/\/www.digi24.ro\/embed\/stiri\/actualitate\/politica\/traian-basescu-cere-un-nou-program-de-guvernare-altfel-va-fi-imposibila-instalarea-guvernului-209226\">\n<p data-index=\"1\"><img decoding=\"async\" src=\"https:\/\/analyse.optim.biz\/wp-content\/uploads\/2024\/09\/ad0wntg4yjgyntm1yji3mty5mdywngizztdknjrjyju4za-thumb_.jpg\" data-skip-htmlfix=\"1\" title=\"ad0wntg4yjgyntm1yji3mty5mdywngizztdknjrjyju4za-thumb_\"><\/p>\n<p data-index=\"2\">&#8220;Rom\u00e2nia are nevoie de un guvern care s\u0103 fie reinstalat repede \u015fi legitim.<\/p>\n<p data-index=\"3\">\u00cen program se vorbe\u015fte despre USL, care nu mai este la guvernare, au intrat partide care au modificat programul de guvernare.<\/p>\n<p data-index=\"4\">E greu s\u0103 mai ob\u0163ii legitimitatea votului pentru USL, pe care o avea USL, dar m\u0103car o legitimitate parlamentar\u0103 trebuie s\u0103 avem, pentru c\u0103 asta ne cere Constitu\u0163ia.<\/p>\n<p data-index=\"5\">Am avut discu\u0163ii cu premierul \u00een acest sens.\u00a0<\/p>\n<p data-index=\"6\">Solu\u0163ia asum\u0103rii r\u0103spunderii pe program este o solu\u0163ie care necesit\u0103 formalit\u0103\u0163i sau trasee parlamentare. Dac\u0103 birourile permanente decid c\u0103 se poate f\u0103r\u0103 a se sta un timp de cinci zile pentru depunere de observa\u0163ii pe program, cu certitudine \u015fi plenul va accepta acest program.<\/p>\n<p data-index=\"7\">L-am asigura pe <strong>Victor Ponta<\/strong> c\u0103 p\u00e2n\u0103 diminea\u0163\u0103, la 6, se rezolv\u0103 cele dou\u0103 probleme: asumararea r\u0103spunderii pe noul prgram \u015fi desemnarea prin vot al noilor mini\u015ftri. La orice or\u0103 am dispobilitatea emiterii decretelor \u015fi a primirii jur\u0103mintelor noilor mini\u015ftri.<\/p>\n<p data-index=\"8\">Nu e o chestiune de jocuri politice, de \u00eent\u00e2rzieri, am spus public despre inadvertne\u0163ele din programul USL \u015fi noua situa\u0163ie creat\u0103. <strong><a href=\"https:\/\/www.digi24.ro\/Stiri\/Digi24\/Actualitate\/Politica\/Traian+Basescu+Parlamentul+trebuie+sa+aprobe+un+nou+program+de+g\" target=\"_blank\" data-skip-linkfix=\"1\" rel=\"noopener\">Am transmis o scrisoare oficial\u0103 premierului<\/a><\/strong>, cred c\u0103 ar fi trebuit s\u0103 o transmit de ieri, dar nu \u00eentotdeauna reu\u015fim s\u0103 g\u0103sim formulele cele mai bune.<\/p>\n<p data-index=\"9\">\u015ei el \u00een\u0163elege c\u0103 a avea o problem\u0103 de legitimitate \u00eei va crea probleme pe viitor.<\/p>\n<p data-index=\"10\">Dac\u0103 nu se trece prin asumarea programul, va trebui s\u0103 a\u015ftept p\u00e2n\u0103 c\u00e2nd Curtea Constitu\u0163ional\u0103 se va pronun\u0163a pe un eventual atac&#8221;, a declarat <strong>Traian B\u0103sescu.<\/strong><\/p>\n<\/div>\n<p> Source URL: https:\/\/www.digi24.ro\/stiri\/actualitate\/politica\/traian-basescu-cere-un-nou-program-de-guvernare-altfel-va-fi-imposibila-instalarea-guvernului-209226<\/p>\n","protected":false},"excerpt":{"rendered":"<p>&#8220;Rom\u00e2nia are nevoie de un guvern care s\u0103 fie reinstalat repede \u015fi legitim. \u00cen program se vorbe\u015fte despre USL, care nu mai este la guvernare, au intrat partide care au modificat programul de guvernare. E greu s\u0103 mai ob\u0163ii legitimitatea votului pentru USL, pe care o avea USL, dar m\u0103car o legitimitate parlamentar\u0103 trebuie s\u0103 [&hellip;]<\/p>\n","protected":false},"author":1,"featured_media":210461,"comment_status":"open","ping_status":"","sticky":false,"template":"","format":"standard","meta":{"footnotes":""},"categories":[2],"tags":[11],"class_list":["post-210460","post","type-post","status-publish","format-standard","has-post-thumbnail","hentry","category-politics","tag-digi24"],"_links":{"self":[{"href":"https:\/\/analyse.optim.biz\/index.php?rest_route=\/wp\/v2\/posts\/210460","targetHints":{"allow":["GET"]}}],"collection":[{"href":"https:\/\/analyse.optim.biz\/index.php?rest_route=\/wp\/v2\/posts"}],"about":[{"href":"https:\/\/analyse.optim.biz\/index.php?rest_route=\/wp\/v2\/types\/post"}],"author":[{"embeddable":true,"href":"https:\/\/analyse.optim.biz\/index.php?rest_route=\/wp\/v2\/users\/1"}],"replies":[{"embeddable":true,"href":"https:\/\/analyse.optim.biz\/index.php?rest_route=%2Fwp%2Fv2%2Fcomments&post=210460"}],"version-history":[{"count":0,"href":"https:\/\/analyse.optim.biz\/index.php?rest_route=\/wp\/v2\/posts\/210460\/revisions"}],"wp:featuredmedia":[{"embeddable":true,"href":"https:\/\/analyse.optim.biz\/index.php?rest_route=\/wp\/v2\/media\/210461"}],"wp:attachment":[{"href":"https:\/\/analyse.optim.biz\/index.php?rest_route=%2Fwp%2Fv2%2Fmedia&parent=210460"}],"wp:term":[{"taxonomy":"category","embeddable":true,"href":"https:\/\/analyse.optim.biz\/index.php?rest_route=%2Fwp%2Fv2%2Fcategories&post=210460"},{"taxonomy":"post_tag","embeddable":true,"href":"https:\/\/analyse.optim.biz\/index.php?rest_route=%2Fwp%2Fv2%2Ftags&post=210460"}],"curies":[{"name":"wp","href":"https:\/\/api.w.org\/{rel}","templated":true}]}}