{"id":210434,"date":"2014-03-04T14:00:28","date_gmt":"2014-03-04T11:00:28","guid":{"rendered":"https:\/\/analyse.optim.biz\/?p=210434"},"modified":"2014-03-04T14:00:28","modified_gmt":"2014-03-04T11:00:28","slug":"deputat-pnl-catre-bogdan-stanoevici-la-audierile-in-comisii-sunteti-varza-de-bruxelles-total-pe-langa-subiect","status":"publish","type":"post","link":"https:\/\/analyse.optim.biz\/?p=210434","title":{"rendered":"Deputat PNL c\u0103tre Bogdan Stanoevici, la audierile \u00een comisii: \u201eSunte\u0163i varz\u0103 de Bruxelles, total pe l\u00e2ng\u0103 subiect\u201d"},"content":{"rendered":"<div class=\"entry data-app-meta data-app-meta-article\" data-embed-base-url-canonical=\"https:\/\/www.digi24.ro\/embed\/stiri\/actualitate\/politica\/deputat-pnl-catre-bogdan-stanoevici-la-audierile-in-comisii-sunteti-varza-de-bruxelles-total-pe-langa-subiect-209257\">\n<p data-index=\"1\"><img decoding=\"async\" src=\"https:\/\/analyse.optim.biz\/wp-content\/uploads\/2024\/09\/dz04mdamagfzad0yzdbiotrin2q5ntrmmmmwndmxnze2nzmzmtzln2myza-thumb_.jpg\" data-skip-htmlfix=\"1\" title=\"dz04mdamagfzad0yzdbiotrin2q5ntrmmmmwndmxnze2nzmzmtzln2myza-thumb_\"><\/p>\n<p data-index=\"2\"><em>Foto:\u00a0<a href=\"https:\/\/www.facebook.com\/pages\/Bogdan-Stanoevici\/177577678998955\" target=\"_blank\" data-skip-linkfix=\"1\" rel=\"noopener\">facebook.com\/Bogdan-Stanoevici<\/a><\/em><\/p>\n<p data-index=\"3\">\u00cen timpul audierii \u00een comisii, Bogdan Stanoevici a fost \u00eentrebat cum anume \u00ee\u015fi propune s\u0103 \u00eei sus\u0163in\u0103 pe rom\u00e2nii afla\u0163i \u00een afara grani\u0163elor \u0163\u0103rii, care pleac\u0103 la munc\u0103, \u015fi dac\u0103 sunt \u015fanse pentru organizarea Congresului pentru rom\u00e2nii de pretutindeni \u00een 2014.<\/p>\n<p data-index=\"4\">\u201ePentru mine este o prioritate absolut\u0103 punerea pe picioare a acestui congres al rom\u00e2nilor de pretutindeni, este foarte important, sigur c\u0103 nu \u00eel putem face singuri, structura noastr\u0103 este mic\u0103, \u00een cadrul unui mare minister. Evident, probleme financiare nu sunt de neglijat. Noi nu putem dec\u00e2t s\u0103 ajut\u0103m prin contactele cu rom\u00e2nii din afar\u0103 \u015fi ei s\u0103 \u00ee\u015fi aleag\u0103 reprezentan\u0163ii care s\u0103 participe la acest congres\u201d,\u00a0a r\u0103spuns <strong>Bogdan Stanoevici<\/strong>, informeaz\u0103 Mediafax.<\/p>\n<p data-index=\"5\"><strong>Mircea Dolha<\/strong>\u00a0(PNL), vicepre\u015fedinte al Comisiei pentru comunit\u0103\u0163ile de rom\u00e2ni din afara grani\u0163elor, l-a \u00eentrerupt pe candidatul la postul de ministru delegat: \u201eChiar dac\u0103 mie \u00eemi place multiculturalismul european, pentru c\u0103 suntem \u00een clubul acesta de elit\u0103 al Uniunii Europene, v\u0103 pot spune, fiindc\u0103 dumneavoastr\u0103 a\u0163i folosit metafore, parabole chiar \u00een ceea ce a\u0163i explicat p\u00e2n\u0103 acum, c\u0103 sunte\u0163i varz\u0103 de Bruxelles. Sunte\u0163i pe l\u00e2ng\u0103 subiect, total\u201d, a spus deputatul PNL.<\/p>\n<p data-index=\"6\">El i-a atras aten\u0163ia lui Stanoevici c\u0103 nu \u015ftie cine organizeaz\u0103 <strong>Congresul rom\u00e2nilor de pretutindeni<\/strong>. \u201eNu dumneavoastr\u0103 sunte\u0163i organizator, ci noi, Parlamentul, noi suntem cei care avem buget \u015fi noi trebuie s\u0103 \u00eel organiz\u0103m, \u00eens\u0103 \u00een colaborare cu dumneavoastr\u0103\u201d, a spus Dolha.<\/p>\n<p data-index=\"7\">\u201eDomnule ministru, sunt convins c\u0103 ave\u0163i aici ni\u015fte consilieri extrem de preg\u0103ti\u0163i, v\u0103 rog, v\u0103 \u00eenchide\u0163i cu ei 24 de ore \u015fi sunt convins c\u0103 ve\u0163i \u00eenv\u0103\u0163a multe lucruri. Nu este o problem\u0103 a nu \u015fti, problema este c\u00e2nd da\u0163i aparen\u0163a unui rol, c\u0103 \u015fti\u0163i, \u015fi de fapt sunte\u0163i pe l\u00e2ng\u0103 subiect\u201d, a mai comentat deputatul PNL.<\/p>\n<p data-index=\"8\">\u201eSe spune c\u0103 orice \u015fut este un pas \u00eenainte. M\u0103 bucur foarte mult de \u015futul pe care l-am primit, pentru c\u0103, \u00eentr-adev\u0103r, \u00een afar\u0103 de intrarea \u00een politic\u0103, \u00eemi permite s\u0103 \u00een\u0163eleg mai repede, \u015fi am \u00een\u0163eles c\u0103 nu am fost suficient de clar\u201d, a r\u0103spuns Stanoevici.<\/p>\n<p data-index=\"9\">Bogdan Stanoevici, propus ca ministrul delegat pentru Rom\u00e2nii de Pretutindeni, a primit, mar\u0163i, aviz favorabil din partea Comisiei pentru comunit\u0103\u0163ile de rom\u00e2ni din afara grani\u0163elor a Camerei Deputa\u0163ilor \u015fi celei pentru rom\u00e2nii de pretutindeni din Senat. Comisiile de specialitate din Parlament au avizat aceast\u0103 propunere cu 13 voturi &#8220;pentru&#8221; \u015fi 6 voturi &#8220;\u00eempotriv\u0103&#8221;.<\/p>\n<\/div>\n<p> Source URL: https:\/\/www.digi24.ro\/stiri\/actualitate\/politica\/deputat-pnl-catre-bogdan-stanoevici-la-audierile-in-comisii-sunteti-varza-de-bruxelles-total-pe-langa-subiect-209257<\/p>\n","protected":false},"excerpt":{"rendered":"<p>Foto:\u00a0facebook.com\/Bogdan-Stanoevici \u00cen timpul audierii \u00een comisii, Bogdan Stanoevici a fost \u00eentrebat cum anume \u00ee\u015fi propune s\u0103 \u00eei sus\u0163in\u0103 pe rom\u00e2nii afla\u0163i \u00een afara grani\u0163elor \u0163\u0103rii, care pleac\u0103 la munc\u0103, \u015fi dac\u0103 sunt \u015fanse pentru organizarea Congresului pentru rom\u00e2nii de pretutindeni \u00een 2014. \u201ePentru mine este o prioritate absolut\u0103 punerea pe picioare a acestui congres al [&hellip;]<\/p>\n","protected":false},"author":1,"featured_media":210435,"comment_status":"open","ping_status":"","sticky":false,"template":"","format":"standard","meta":{"footnotes":""},"categories":[2],"tags":[11],"class_list":["post-210434","post","type-post","status-publish","format-standard","has-post-thumbnail","hentry","category-politics","tag-digi24"],"_links":{"self":[{"href":"https:\/\/analyse.optim.biz\/index.php?rest_route=\/wp\/v2\/posts\/210434","targetHints":{"allow":["GET"]}}],"collection":[{"href":"https:\/\/analyse.optim.biz\/index.php?rest_route=\/wp\/v2\/posts"}],"about":[{"href":"https:\/\/analyse.optim.biz\/index.php?rest_route=\/wp\/v2\/types\/post"}],"author":[{"embeddable":true,"href":"https:\/\/analyse.optim.biz\/index.php?rest_route=\/wp\/v2\/users\/1"}],"replies":[{"embeddable":true,"href":"https:\/\/analyse.optim.biz\/index.php?rest_route=%2Fwp%2Fv2%2Fcomments&post=210434"}],"version-history":[{"count":0,"href":"https:\/\/analyse.optim.biz\/index.php?rest_route=\/wp\/v2\/posts\/210434\/revisions"}],"wp:featuredmedia":[{"embeddable":true,"href":"https:\/\/analyse.optim.biz\/index.php?rest_route=\/wp\/v2\/media\/210435"}],"wp:attachment":[{"href":"https:\/\/analyse.optim.biz\/index.php?rest_route=%2Fwp%2Fv2%2Fmedia&parent=210434"}],"wp:term":[{"taxonomy":"category","embeddable":true,"href":"https:\/\/analyse.optim.biz\/index.php?rest_route=%2Fwp%2Fv2%2Fcategories&post=210434"},{"taxonomy":"post_tag","embeddable":true,"href":"https:\/\/analyse.optim.biz\/index.php?rest_route=%2Fwp%2Fv2%2Ftags&post=210434"}],"curies":[{"name":"wp","href":"https:\/\/api.w.org\/{rel}","templated":true}]}}