{"id":2104319,"date":"2026-08-21T10:22:42","date_gmt":"2026-08-21T07:22:42","guid":{"rendered":"https:\/\/analyse.optim.biz\/?p=2104319"},"modified":"2026-08-21T10:22:42","modified_gmt":"2026-08-21T07:22:42","slug":"dosar-penal-pentru-un-barbat-de-70-de-ani-care-a-cazut-cu-bicicleta-si-si-a-spart-capul","status":"publish","type":"post","link":"https:\/\/analyse.optim.biz\/?p=2104319","title":{"rendered":"Dosar penal pentru un b\u0103rbat de 70 de ani care a c\u0103zut cu bicicleta \u0219i \u0219i-a spart capul"},"content":{"rendered":"<p>[analyse_image type=&#8221;featured&#8221; src=&#8221;https:\/\/img.svnews.ro\/foto\/2026\/04\/04\/527485\/6e68304cf59dbe21945cc8686.jpeg&#8221;]<\/p>\n<div class=\"entry\"><img loading=\"lazy\" decoding=\"async\" width=\"650\" height=\"325\" src=\"https:\/\/img.svnews.ro\/foto\/2026\/04\/04\/527485\/6e68304cf59dbe21945cc868606500325.jpeg\" alt><\/p>\n<div class=\"entry_content\">\n<p>La data de 18 august orele 22.00, \u00een timp ce se deplasa cu bicicleta pe DJ 178B, raza comunei Satu Mare, \u00eendrept\u00e2ndu-se spre domiciliu un b\u0103rbat de 70 ani, din Satu Mare, a p\u0103r\u0103sit partea carosabil\u0103 \u0219i a intrat \u00een coliziune cu un pode\u021b, provoc\u00e2ndu-\u0219i leziuni la nivelul capului. Dup\u0103 cele \u00eent\u00e2mplate, s-a \u00eendreptat spre cas\u0103, dar la data de 20.08.2026, orele 01.00, observ\u00e2nd c\u0103 se simte r\u0103u, a hot\u0103r\u00e2t s\u0103 se deplaseze la Spitalul Municipal R\u0103d\u0103u\u021bi, pentru a-i fi acordate \u00eengrijiri medicale de specialitate. Fiind consultat de c\u0103tre personalul medical, b\u0103rbatul a fost diagnosticat cu \u201etraumatism cranio-cerebral provocat prin c\u0103dere\u201d, r\u0103m\u00e2n\u00e2nd sub supraveghere p\u00e2n\u0103 \u00een diminea\u021ba zilei de 20.08.2026. \u00cen cauz\u0103 a fost \u00eentocmit un dosar de cercetare penal\u0103 \u00een care se efectueaz\u0103 cercet\u0103ri sub aspectul s\u0103v\u00e2r\u0219irii infrac\u021biunii de \u201ev\u0103t\u0103marea corporal\u0103 din culp\u0103\u201d, fapt\u0103 prev\u0103zut\u0103 \u0219i pedepsit\u0103 de art. 196 alin. (2) raportat la art. 194 alin. (1) lit. b) din Codul penal, cauza urm\u00e2nd a fi solu\u021bionat\u0103 procedural de c\u0103tre lucr\u0103torii Postului de Poli\u021bie Satu Mare.<\/p>\n<\/div>\n<div>\n<div>VN:F [1.9.22_1171]<\/div>\n<div class=\"ratingblock \">\n<div class=\"ratingstars \">\n<div id=\"article_loader_554820\" class=\"ratingloaderarticle\">\n<div class=\"loader arrows \">\n<div class=\"loaderinner\">se actualizeaz\u0103&#8230;<\/div>\n<\/div>\n<\/div>\n<\/div>\n<div class=\"ratingtext \">\n<div id=\"gdr_text_a554820\">Rating: 0.0\/<strong>10<\/strong> (0 votes cast)<\/div>\n<\/div>\n<\/div>\n<\/div>\n<\/div>\n<div class=\"entry_content\">\n<p>La data de 18 august orele 22.00, \u00een timp ce se deplasa cu bicicleta pe DJ 178B, raza comunei Satu Mare, \u00eendrept\u00e2ndu-se spre domiciliu un b\u0103rbat de 70 ani, din Satu Mare, a p\u0103r\u0103sit partea carosabil\u0103 \u0219i a intrat \u00een coliziune cu un pode\u021b, provoc\u00e2ndu-\u0219i leziuni la nivelul capului. Dup\u0103 cele \u00eent\u00e2mplate, s-a \u00eendreptat spre cas\u0103, dar la data de 20.08.2026, orele 01.00, observ\u00e2nd c\u0103 se simte r\u0103u, a hot\u0103r\u00e2t s\u0103 se deplaseze la Spitalul Municipal R\u0103d\u0103u\u021bi, pentru a-i fi acordate \u00eengrijiri medicale de specialitate. Fiind consultat de c\u0103tre personalul medical, b\u0103rbatul a fost diagnosticat cu \u201etraumatism cranio-cerebral provocat prin c\u0103dere\u201d, r\u0103m\u00e2n\u00e2nd sub supraveghere p\u00e2n\u0103 \u00een diminea\u021ba zilei de 20.08.2026. \u00cen cauz\u0103 a fost \u00eentocmit un dosar de cercetare penal\u0103 \u00een care se efectueaz\u0103 cercet\u0103ri sub aspectul s\u0103v\u00e2r\u0219irii infrac\u021biunii de \u201ev\u0103t\u0103marea corporal\u0103 din culp\u0103\u201d, fapt\u0103 prev\u0103zut\u0103 \u0219i pedepsit\u0103 de art. 196 alin. (2) raportat la art. 194 alin. (1) lit. b) din Codul penal, cauza urm\u00e2nd a fi solu\u021bionat\u0103 procedural de c\u0103tre lucr\u0103torii Postului de Poli\u021bie Satu Mare.<\/p>\n<\/div>\n<p>[analyse_source url=&#8221;https:\/\/www.svnews.ro\/dosar-penal-pentru-un-barbat-de-70-de-ani-care-a-cazut-cu-bicicleta-si-si-a-spart-capul\/554820\/&#8221;]<\/p>\n","protected":false},"excerpt":{"rendered":"<p>[analyse_image type=&#8221;featured&#8221; src=&#8221;https:\/\/img.svnews.ro\/foto\/2026\/04\/04\/527485\/6e68304cf59dbe21945cc8686.jpeg&#8221;] La data de 18 august orele 22.00, \u00een timp ce se deplasa cu bicicleta pe DJ 178B, raza comunei Satu Mare, \u00eendrept\u00e2ndu-se spre domiciliu un b\u0103rbat de 70 ani, din Satu Mare, a p\u0103r\u0103sit partea carosabil\u0103 \u0219i a intrat \u00een coliziune cu un pode\u021b, provoc\u00e2ndu-\u0219i leziuni la nivelul capului. Dup\u0103 cele \u00eent\u00e2mplate, [&hellip;]<\/p>\n","protected":false},"author":1,"featured_media":0,"comment_status":"open","ping_status":"","sticky":false,"template":"","format":"standard","meta":{"footnotes":""},"categories":[89],"tags":[226,175],"class_list":["post-2104319","post","type-post","status-publish","format-standard","hentry","category-romania","tag-crawlmanager","tag-svnews-ro"],"_links":{"self":[{"href":"https:\/\/analyse.optim.biz\/index.php?rest_route=\/wp\/v2\/posts\/2104319","targetHints":{"allow":["GET"]}}],"collection":[{"href":"https:\/\/analyse.optim.biz\/index.php?rest_route=\/wp\/v2\/posts"}],"about":[{"href":"https:\/\/analyse.optim.biz\/index.php?rest_route=\/wp\/v2\/types\/post"}],"author":[{"embeddable":true,"href":"https:\/\/analyse.optim.biz\/index.php?rest_route=\/wp\/v2\/users\/1"}],"replies":[{"embeddable":true,"href":"https:\/\/analyse.optim.biz\/index.php?rest_route=%2Fwp%2Fv2%2Fcomments&post=2104319"}],"version-history":[{"count":0,"href":"https:\/\/analyse.optim.biz\/index.php?rest_route=\/wp\/v2\/posts\/2104319\/revisions"}],"wp:attachment":[{"href":"https:\/\/analyse.optim.biz\/index.php?rest_route=%2Fwp%2Fv2%2Fmedia&parent=2104319"}],"wp:term":[{"taxonomy":"category","embeddable":true,"href":"https:\/\/analyse.optim.biz\/index.php?rest_route=%2Fwp%2Fv2%2Fcategories&post=2104319"},{"taxonomy":"post_tag","embeddable":true,"href":"https:\/\/analyse.optim.biz\/index.php?rest_route=%2Fwp%2Fv2%2Ftags&post=2104319"}],"curies":[{"name":"wp","href":"https:\/\/api.w.org\/{rel}","templated":true}]}}