{"id":2104249,"date":"2026-08-17T09:04:18","date_gmt":"2026-08-17T06:04:18","guid":{"rendered":"https:\/\/analyse.optim.biz\/?p=2104249"},"modified":"2026-08-17T09:04:18","modified_gmt":"2026-08-17T06:04:18","slug":"relevanta-si-impactul-proiectului-de-digitalizare-al-turismului-local-din-comuna-vranceana-urechesti","status":"publish","type":"post","link":"https:\/\/analyse.optim.biz\/?p=2104249","title":{"rendered":"Relevan\u021ba \u0219i impactul proiectului de digitalizare al turismului local din comuna vr\u00e2ncean\u0103 Ureche\u0219ti"},"content":{"rendered":"<p>[analyse_image type=&#8221;featured&#8221; src=&#8221;https:\/\/blitz24.ro\/wp-content\/uploads\/2026\/08\/Comunicat-17-08-2026-Urechesti-judetul-Vrancea.jpg&#8221;]<\/p>\n<div class=\"cm-entry-summary\">\n<p align=\"justify\"><span><span>COMUNA URECHESTI <\/span><\/span><span><span>a semnat contractul de finan\u021bare nr. 457\/10.08.2026 pentru proiectul <\/span><\/span><span><span>\u201e<\/span><\/span><span><span><i>DIGITALIZAREA TURISMULUI LOCAL AL COMUNEI URECHESTI, JUDETUL VRANCEA\u201d<\/i><\/span><\/span><span><span><i> (Nr. ordine \u2013 70), <\/i><\/span><\/span><span><span>depus \u00een cadrul PNRR\/2026\/C11\/REFORMA 1.<\/span><\/span><\/p>\n<p align=\"justify\"><span><span>Proiectul este finan\u021bat prin <\/span><\/span><span><span><i><b>Planul Na\u021bional de Redresare \u0219i Rezilien\u021b\u0103 (PNRR), <\/b><\/i><\/span><\/span><span><span><i>PILONUL IV. COEZIUNEA SOCIAL\u0102 \u0218I TERITORIAL\u0102, COMPONENTA C11.TURISM \u0218I CULTUR\u0102, REFORMA R1 \u2013 OPERA\u021aIONALIZAREA ORGANIZA\u021aIILOR DE MANAGEMENT AL DESTINA\u021aIEI (OMD-URI).<\/i><\/span><\/span><\/p>\n<p align=\"justify\"><span><span>Valoare total\u0103 a contractului de finan\u021bare este de <\/span><\/span><span><span><b>650.810,60 lei<\/b><\/span><\/span><span><span>, din care valoarea nerambursabil\u0103 finan\u021bat\u0103 din PNRR este de <\/span><\/span><span><span><b>532.860,00 lei<\/b><\/span><\/span><span><span><b>.<\/b><\/span><\/span><\/p>\n<p align=\"justify\">CITE\u0218TE \u0218I <a href=\"https:\/\/blitz24.ro\/stiri-judetene\/actualitate-stiri-judetene\/infrastructura-smart-si-suport-pentru-comuna-vranceana-urechesti-in-cadrul-proiectului-digitalizarea-turismului-local-al-comunei\/\">Infrastructur\u0103 Smart \u0219i Suport pentru comuna vr\u00e2ncean\u0103 Ureche\u0219ti \u00een cadrul proiectului ,,Digitalizarea turismului local al comunei,,<\/a><\/p>\n<p align=\"justify\"><span><span><b>Relevan\u021ba \u0219i impactul proiectului de digitalizare (PNRR C11 \/ R1)<\/b><\/span><\/span><\/p>\n<p align=\"center\"><span><span>Comuna <\/span><\/span><span><span>Ureche\u0219ti dispune de resurse turistice valoroase, accesul turi\u0219tilor la informa\u021bie \u0219i vizibilitatea destina\u021biei au fost limitate \u00een lipsa canalelor digitale moderne. Proiectul <\/span><\/span><span><span><b>\u201eDigitalizarea turismului local al comunei Ureche\u0219ti, jude\u021bul Vrancea\u201d<\/b><\/span><\/span><span><span> rezolv\u0103 aceste provoc\u0103ri prin: <\/span><\/span><\/p>\n<ol>\n<li><span><span><b>Transformarea poten\u021bialului brut \u00eentr-o experien\u021b\u0103 turistic\u0103 interactiv\u0103:<\/b><\/span><\/span>\n<ul>\n<li><span><span>Prin <\/span><\/span><span><span><b>Turul Virtual<\/b><\/span><\/span><span><span> \u0219i solu\u021bia <\/span><\/span><span><span><b>SyncMap Turistic<\/b><\/span><\/span><span><span>, vizitatorii din \u021bar\u0103 \u0219i din str\u0103in\u0103tate pot explora \u00een prealabil punctele de interes (crame, l\u0103ca\u0219uri de cult, trasee), facilit\u00e2nd planificarea vizitelor. <\/span><\/span><\/li>\n<\/ul>\n<\/li>\n<li><span><span><b>Standarde europene \u0219i sustenabilitate \u00een turism:<\/b><\/span><\/span>\n<ul>\n<li><span><span>Implementarea <\/span><\/span><span><span><b>sistemului de triere selectiv\u0103 a de\u0219eurilor<\/b><\/span><\/span><span><span> garanteaz\u0103 protejarea peisajului natural \u0219i promovarea unui turism responsabil, prietenos cu mediul (aliniat obiectivelor de tranzi\u021bie verde din PNRR). <\/span><\/span><\/li>\n<\/ul>\n<\/li>\n<li><span><span><b>Siguran\u021b\u0103 \u0219i monitorizare eficient\u0103:<\/b><\/span><\/span>\n<ul>\n<li><span><span>Instalarea <\/span><\/span><span><span><b>sistemului video integrat<\/b><\/span><\/span><span><span> asigur\u0103 un mediu sigur pentru turi\u0219ti \u0219i localnici, furniz\u00e2nd totodat\u0103 date valoroase privind fluxurile de vizitatori. <\/span><\/span><\/li>\n<\/ul>\n<\/li>\n<li><span><span><b>Opera\u021bionalizarea OMD \u021ainutul Vrancei:<\/b><\/span><\/span>\n<ul>\n<li><span><span>Integrarea URECHE\u0218TIULUI \u00een Organiza\u021bia de Management al Destina\u021biei (OMD \u021ainutul Vrancei) asigur\u0103 includerea localit\u0103\u021bii \u00een rute na\u021bionale \u0219i regionale, promovare unitar\u0103 \u0219i consolidarea comunei ca punct de oprire pe harta turistic\u0103 a Vrancei. <\/span><\/span><\/li>\n<\/ul>\n<\/li>\n<\/ol>\n<p align=\"justify\"><span><b>Perioada de implementare a proiectului este cuprins\u0103 \u00een intervalul 01.12. 2025 \u2013 31 august 2026.<\/b><\/span><\/p>\n<p align=\"center\"><span><b>Date de contact<\/b><\/span><\/p>\n<p align=\"center\"><span><b>Tel.: 0722699086<\/b><\/span><\/p>\n<p lang=\"en-US\" align=\"center\"><span><span><span><span><span><u>primariaurechesti@yahoo.com<\/u><\/span><\/span><\/span><\/span><\/span><\/p>\n<p lang=\"en-US\" align=\"center\"><img decoding=\"async\" src=\"https:\/\/blitz24.ro\/wp-content\/uploads\/2026\/08\/Comunicat-17-08-2026-Urechesti-judetul-Vrancea-211x300.jpg.webp\" loading=\"lazy\" class=\"alignnone wp-image-26442\" alt width=\"612\" height=\"870\"><\/p>\n<p lang=\"en-US\" align=\"center\"><a href=\"https:\/\/blitz24.ro\/wp-content\/uploads\/2026\/08\/Comunicat-17-08-2026-urechesti-vrancea.docx\">Comunicat 17 08 2026 urechesti vrancea<\/a><\/p>\n<\/div>\n<p>[analyse_source url=&#8221;https:\/\/blitz24.ro\/stiri-judetene\/actualitate-stiri-judetene\/relevanta-si-impactul-proiectului-de-digitalizare-al-turismului-local-din-comuna-vranceana-urechesti\/&#8221;]<\/p>\n","protected":false},"excerpt":{"rendered":"<p>[analyse_image type=&#8221;featured&#8221; src=&#8221;https:\/\/blitz24.ro\/wp-content\/uploads\/2026\/08\/Comunicat-17-08-2026-Urechesti-judetul-Vrancea.jpg&#8221;] COMUNA URECHESTI a semnat contractul de finan\u021bare nr. 457\/10.08.2026 pentru proiectul \u201eDIGITALIZAREA TURISMULUI LOCAL AL COMUNEI URECHESTI, JUDETUL VRANCEA\u201d (Nr. ordine \u2013 70), depus \u00een cadrul PNRR\/2026\/C11\/REFORMA 1. Proiectul este finan\u021bat prin Planul Na\u021bional de Redresare \u0219i Rezilien\u021b\u0103 (PNRR), PILONUL IV. COEZIUNEA SOCIAL\u0102 \u0218I TERITORIAL\u0102, COMPONENTA C11.TURISM \u0218I CULTUR\u0102, REFORMA R1 \u2013 [&hellip;]<\/p>\n","protected":false},"author":1,"featured_media":0,"comment_status":"open","ping_status":"","sticky":false,"template":"","format":"standard","meta":{"footnotes":""},"categories":[2],"tags":[42,226],"class_list":["post-2104249","post","type-post","status-publish","format-standard","hentry","category-politics","tag-blitz24-ro","tag-crawlmanager"],"_links":{"self":[{"href":"https:\/\/analyse.optim.biz\/index.php?rest_route=\/wp\/v2\/posts\/2104249","targetHints":{"allow":["GET"]}}],"collection":[{"href":"https:\/\/analyse.optim.biz\/index.php?rest_route=\/wp\/v2\/posts"}],"about":[{"href":"https:\/\/analyse.optim.biz\/index.php?rest_route=\/wp\/v2\/types\/post"}],"author":[{"embeddable":true,"href":"https:\/\/analyse.optim.biz\/index.php?rest_route=\/wp\/v2\/users\/1"}],"replies":[{"embeddable":true,"href":"https:\/\/analyse.optim.biz\/index.php?rest_route=%2Fwp%2Fv2%2Fcomments&post=2104249"}],"version-history":[{"count":0,"href":"https:\/\/analyse.optim.biz\/index.php?rest_route=\/wp\/v2\/posts\/2104249\/revisions"}],"wp:attachment":[{"href":"https:\/\/analyse.optim.biz\/index.php?rest_route=%2Fwp%2Fv2%2Fmedia&parent=2104249"}],"wp:term":[{"taxonomy":"category","embeddable":true,"href":"https:\/\/analyse.optim.biz\/index.php?rest_route=%2Fwp%2Fv2%2Fcategories&post=2104249"},{"taxonomy":"post_tag","embeddable":true,"href":"https:\/\/analyse.optim.biz\/index.php?rest_route=%2Fwp%2Fv2%2Ftags&post=2104249"}],"curies":[{"name":"wp","href":"https:\/\/api.w.org\/{rel}","templated":true}]}}