{"id":2104244,"date":"2026-08-20T20:00:35","date_gmt":"2026-08-20T17:00:35","guid":{"rendered":"https:\/\/analyse.optim.biz\/?p=2104244"},"modified":"2026-08-20T20:00:35","modified_gmt":"2026-08-20T17:00:35","slug":"divizia-2-infanterie-getica-la-110-ani","status":"publish","type":"post","link":"https:\/\/analyse.optim.biz\/?p=2104244","title":{"rendered":"Divizia 2 Infanterie \u201eGetica\u201d la 110 ani"},"content":{"rendered":"<p>[analyse_image type=&#8221;featured&#8221; src=&#8221;https:\/\/www.tvbuzau.ro\/wp-content\/uploads\/2026\/08\/sddefault-41.jpghttps:\/\/www.tvbuzau.ro\/wp-content\/uploads\/2026\/08\/sddefault-41.jpg&#8221;]<\/p>\n<div class=\"td-ss-main-content\">\n<article id=\"post-120106\" class=\"post-120106 post type-post status-publish format-video has-post-thumbnail hentry category-actualitate post_format-post-format-video\">\n<div class=\"td-post-header\">\n<ul class=\"td-category\">\n<li class=\"entry-category\"><a href=\"https:\/\/www.tvbuzau.ro\/category\/actualitate\/\">Actualitate<\/a><\/li>\n<\/ul>\n<header class=\"td-post-title\">\n<h1 class=\"entry-title\">Divizia 2 Infanterie \u201eGetica\u201d la 110 ani<\/h1>\n<div class=\"td-module-meta-info\">\n<div class=\"td-post-author-name\">De c\u0103tre <a href=\"https:\/\/www.tvbuzau.ro\/author\/mihai-vasilescu\/\">TV Buz\u0103u<\/a> &#8211; <\/div>\n<p><span class=\"td-post-date\"><time class=\"entry-date updated td-module-date\" datetime=\"2026-08-20T20:00:35+00:00\">august 20, 2026<\/time><\/span><\/p>\n<div class=\"td-post-comments\"><a href=\"https:\/\/www.tvbuzau.ro\/divizia-2-infanterie-getica-la-110-ani\/#respond\">0<\/a><\/div>\n<div class=\"td-post-views\"><span class=\"td-nr-views-120106\">8<\/span><\/div>\n<\/div>\n<\/header>\n<\/div>\n<div class=\"td-post-sharing td-post-sharing-top td-with-like\">\n<div class=\"td-default-sharing\"><a class=\"td-social-sharing-buttons td-social-facebook\" href=\"http:\/\/www.facebook.com\/sharer.php?u=https%3A%2F%2Fwww.tvbuzau.ro%2Fdivizia-2-infanterie-getica-la-110-ani%2F\"><\/p>\n<div class=\"td-social-but-text\">Distribui\u021bi pe Facebook<\/div>\n<p><\/a><a class=\"td-social-sharing-buttons td-social-twitter\" href=\"https:\/\/twitter.com\/intent\/tweet?text=Divizia+2+Infanterie+%E2%80%9EGetica%E2%80%9D+la+110+ani&amp;url=https%3A%2F%2Fwww.tvbuzau.ro%2Fdivizia-2-infanterie-getica-la-110-ani%2F&amp;via=TV+Buz%C4%83u\"><\/p>\n<div class=\"td-social-but-text\">Distribui\u021bi pe Twitter<\/div>\n<p><\/a><\/div>\n<div class=\"td-classic-sharing\">\n<ul>\n<li class=\"td-classic-facebook\"><iframe frameborder src=\"https:\/\/www.facebook.com\/plugins\/like.php?href=https:\/\/www.tvbuzau.ro\/divizia-2-infanterie-getica-la-110-ani\/&amp;layout=button_count&amp;show_faces=false&amp;width=105&amp;action=like&amp;colorscheme=light&amp;height=21\"><\/iframe><\/li>\n<li class=\"td-classic-twitter\"><a href=\"https:\/\/twitter.com\/share\" class=\"twitter-share-button\" data-url=\"https:\/\/www.tvbuzau.ro\/divizia-2-infanterie-getica-la-110-ani\/\" data-text=\"Divizia 2 Infanterie \u201eGetica\u201d la 110 ani\" data-via data-lang=\"en\">tweet<\/a><\/li>\n<\/ul>\n<\/div>\n<\/div>\n<div class=\"td-post-content\">\n<div class=\"td-featured-image-rec\">\n<div class=\"wpb_video_wrapper\">\n                    <iframe loading=\"lazy\" id=\"td_youtube_player\" width=\"600\" height=\"560\" src=\"https:\/\/www.youtube.com\/embed\/oPxWM_JfD00?enablejsapi=1&amp;feature=oembed&amp;wmode=opaque&amp;vq=hd720\" frameborder allowfullscreen><\/iframe><\/p><\/div>\n<\/div>\n<p>Ceremonie militar\u0103 \u0219i religioas\u0103, urmat\u0103 de defilarea trupelor<br \/>\nLa 18 august 1916 a luat fiin\u021b\u0103 Armata a 2-a, una dintre structurile emblematice ale Armatei Rom\u00e2niei. Divizia 2 Infanterie \u201eGetica\u201d este continuatoarea tradi\u021biilor militare ale Armatei a 2-a \u0219i s\u0103rb\u0103tore\u0219te, \u00een acest an, 110 ani de la \u00eenfiin\u021bare. Cu aceast\u0103 ocazie, joi, 20 august 2026, \u00eencep\u00e2nd cu ora 12.00, cu sprijinul autorit\u0103\u021bilor locale, Garnizoana Buz\u0103u a organizat pe Calea Eroilor din municipiul Buz\u0103u, o ceremonie militar\u0103 \u0219i religioas\u0103, urmat\u0103 de defilarea trupelor.<br \/>\nArmata a 2-a a ap\u0103rut \u00een pragul intr\u0103rii Rom\u00e2niei \u00een Primul R\u0103zboi Mondial, la 18 august 1916 \u015fi intra cu viteza ce-o impuneau evenimentele acelei vremi, \u00een prima etap\u0103 din istoria sa, \u00een conformitate cu Planul de mobilizare pentru anii 1916-1917 \u015fi prevederile Ipotezei \u201eZ\u201d, din ordinul comandamentului suprem. Primul s\u0103u comandant a fost, generalul de divizie Alexandru AVERESCU, cel care urma s\u0103 devin\u0103 faimosul mare\u0219al al Rom\u00e2niei, transmite Divizia 2 Infanterie \u201eGetica\u201d .<br \/>\nStructura militar\u0103 a realizat \u015fi u scurt istoric \u00een care eviden\u0163iaz\u0103 faptul c\u0103 la data de 27 august 1916, Armata a 2-a este integrat\u0103 \u00een ofensiva din Transilvania, av\u00e2nd for\u0163ele angajate \u00een lupte \u00eempotriva armatei germane \u015fi austro-ungare, de-a lungul v\u0103ilor r\u00e2urilor Olt, Arge\u015f, Buz\u0103u \u015fi Oituz. Urmare a opririi ofensivei \u015fi contraatacului Puterilor centrale, care a dus la ocuparea majorit\u0103\u0163ii teritoriului rom\u00e2nesc, Armata a 2-a, \u00eempreun\u0103 cu celelalte structuri au fost nevoite s\u0103 se retrag\u0103 \u00een regiunea Moldovei, singurul teritoriu neocupat. Aici, \u00een iarna anilor 1916\/1917, s-a desf\u0103\u015furat procesul de reorganizare \u015fi modernizare a armatei, ca parte a misiunii generalului francez Henri Berthelot, de a revitaliza epuizatele \u015fi decimatele for\u0163e armate rom\u00e2ne.<br \/>\n\u00cen vara anului 1917, cu poten\u0163ialul substan\u0163ial ref\u0103cut, era gata s\u0103 fie angajat\u0103 \u00een marile b\u0103t\u0103lii de la por\u0163ile Moldovei. Acesteia avea s\u0103-i revin\u0103 cinstea \u015fi onoarea de a participa la marea ofensiv\u0103 de la M\u0103r\u0103\u015fti, \u00eentre 22 iulie \u015fi 1 august, soldat\u0103 cu victorie, dup\u0103 crearea unei bre\u015fe \u00een front \u00een l\u0103\u0163ime de 30 km \u015fi ad\u00e2ncime de 20 km, vreme de nou\u0103 zile de lupt\u0103 cr\u00e2ncen\u0103.<br \/>\nGeneralul german August von Mackensen lanseaz\u0103 un contraatac, \u00een 6 august 1916, care duce la b\u0103t\u0103lia de la M\u0103r\u0103\u015fe\u015fti, unde trupele rom\u00e2ne reu\u015fesc s\u0103 reziste \u00eempotriva atacurilor repetate, p\u00e2n\u0103 la 8 septembrie, am\u00e2ndou\u0103 p\u0103r\u0163ile r\u0103m\u00e2n\u00e2nd f\u0103r\u0103 for\u0163e. Victoria a ap\u0103rut cu un cost uria\u015f, Rom\u00e2nia pierz\u00e2nd circa 27.000 de militari, iar Germania 47.000. Indemnul Armatei Rom\u00e2ne din acele zile a fost \u201ePe aicea nu se trece!\u201d. Un alt atac a fost lansat, de c\u0103tre trupele germane \u015fi austro-ungare, \u00een zona v\u0103ii Oituz, b\u0103t\u0103lie care a durat din 8 p\u00e2n\u0103 \u00een 20 august, soldat cu o victorie strategic\u0103, trupele inamice fiind oprite pe linia v\u0103ii r\u00e2ului Trotu\u015f.<br \/>\nRom\u00e2nia a intrat \u00een prima conflagra\u0163ie mondial\u0103 cu 658.000 de militari, grupa\u0163i \u00een 23 de divizii \u015fi, timp de 3 ani, jertfa de r\u0103zboi a cumulat pierderi de 595.000 de militari (335.706 c\u0103zu\u0163i la datorie, 120.000 r\u0103ni\u0163i \u015fi 80.000 de prizonieri). La 1 iunie 1918, Armata a 2-a este demobilizat\u0103, dup\u0103 semnarea for\u0163at\u0103 a Tratatului de la Bucure\u015fti cu Puterile Centrale. A fost reactivat\u0103 pe timpul celei de-a doua conflagra\u0163ii mondiale, particip\u00e2nd \u00een campaniile de Est \u015fi de Vest. In iunie 1947 este reorganizat\u0103 din nou, iar noua structur\u0103 se reg\u0103se\u015fte sub forma noii Regiuni a 2-a Militare, \u00een Bucure\u015fti. Din prim\u0103vara anului 1960 se transform\u0103 \u00een Comandamentul Armatei a 2-a, iar \u00een prim\u0103vara anului 1980 se mut\u0103 \u00een garnizoana Buz\u0103u \u015fi se transform\u0103 \u00een Corp de Armat\u0103 \u00een anul 2000.<br \/>\nIn anul 2003 devine Comandamentul 2 Opera\u0163ional \u00centrunit \u201eMare\u015fal Alexandru Averescu\u201d, structur\u0103 care asigur\u0103 managementul for\u0163elor rom\u00e2ne participante la misiuni de ap\u0103rarea p\u0103cii \u015fi opera\u0163ii ONU \u015fi OSCE. \u00cencep\u00e2nd cu 15 aprilie 2010, Comandamentul Opera\u0163ional \u00centrunit intr\u0103 \u00eentr-o nou\u0103 etap\u0103, devenind Divizia 2 Infanterie \u201eGetica\u201d, component\u0103 a Statului Major al For\u0163elor Terestre.<br \/>\nDivizia, mare unitate de lupt\u0103, asigur\u0103 instruirea pentru realizarea nivelului de opera\u0163ionalizare necesar comandamentului \u015fi structurilor subordonate, \u00een scopul particip\u0103rii la ac\u0163iuni de sprijin intern \u015fi stabilitate \u00een teatrele de opera\u0163ii externe, iar \u00een situa\u0163ii de criz\u0103 \u015fi la r\u0103zboi, planific\u0103 \u015fi execut\u0103 opera\u0163ii \u00een sistem integrat, pe teritoriul statului rom\u00e2n sau \u00een afara acestuia, arat\u0103 Divizia 2 Infanterie \u201eGetica\u201d .<\/p>\n<div class=\"post-views post-120106 entry-meta\"><span class=\"post-views-label\">Post Views: <\/span><span class=\"post-views-count\">95<\/span><\/div>\n<\/div>\n<footer>\n<div class=\"td-post-sharing td-post-sharing-bottom td-with-like\"><span class=\"td-post-share-title\">DISTRIBUI\u021aI<\/span><\/p>\n<div class=\"td-default-sharing\"><a class=\"td-social-sharing-buttons td-social-facebook\" href=\"http:\/\/www.facebook.com\/sharer.php?u=https%3A%2F%2Fwww.tvbuzau.ro%2Fdivizia-2-infanterie-getica-la-110-ani%2F\"><\/p>\n<div class=\"td-social-but-text\">Facebook<\/div>\n<p><\/a><a class=\"td-social-sharing-buttons td-social-twitter\" href=\"https:\/\/twitter.com\/intent\/tweet?text=Divizia+2+Infanterie+%E2%80%9EGetica%E2%80%9D+la+110+ani&amp;url=https%3A%2F%2Fwww.tvbuzau.ro%2Fdivizia-2-infanterie-getica-la-110-ani%2F&amp;via=TV+Buz%C4%83u\"><\/p>\n<div class=\"td-social-but-text\">Twitter<\/div>\n<p><\/a><\/div>\n<div class=\"td-classic-sharing\">\n<ul>\n<li class=\"td-classic-facebook\"><iframe frameborder src=\"https:\/\/www.facebook.com\/plugins\/like.php?href=https:\/\/www.tvbuzau.ro\/divizia-2-infanterie-getica-la-110-ani\/&amp;layout=button_count&amp;show_faces=false&amp;width=105&amp;action=like&amp;colorscheme=light&amp;height=21\"><\/iframe><\/li>\n<li class=\"td-classic-twitter\"><a href=\"https:\/\/twitter.com\/share\" class=\"twitter-share-button\" data-url=\"https:\/\/www.tvbuzau.ro\/divizia-2-infanterie-getica-la-110-ani\/\" data-text=\"Divizia 2 Infanterie \u201eGetica\u201d la 110 ani\" data-via data-lang=\"en\">tweet<\/a><\/li>\n<\/ul>\n<\/div>\n<\/div>\n<div class=\"td-author-name vcard author\"><span class=\"fn\"><a href=\"https:\/\/www.tvbuzau.ro\/author\/mihai-vasilescu\/\">TV Buz\u0103u<\/a><\/span><\/div>\n<p><span><\/span><span><span><\/span><\/span><span><\/span><\/footer>\n<\/article>\n<div class=\"td_block_wrap td_block_related_posts td_uid_1_6a882080ed2bd_rand td_with_ajax_pagination td-pb-border-top\" data-td-block-uid=\"td_uid_1_6a882080ed2bd\">\n<h4 class=\"td-related-title\"><a id=\"td_uid_2_6a882080f2b9c\" class=\"td-related-left td-cur-simple-item\" data-td_filter_value data-td_block_id=\"td_uid_1_6a882080ed2bd\" href=\"https:\/\/www.tvbuzau.ro\/divizia-2-infanterie-getica-la-110-ani\/\">ARTICOLE SIMILARE<\/a><a id=\"td_uid_3_6a882080f2bdc\" class=\"td-related-right\" data-td_filter_value=\"td_related_more_from_author\" data-td_block_id=\"td_uid_1_6a882080ed2bd\" href=\"https:\/\/www.tvbuzau.ro\/divizia-2-infanterie-getica-la-110-ani\/\">DE LA ACELA\u0218I AUTOR<\/a><\/h4>\n<div id=\"td_uid_1_6a882080ed2bd\" class=\"td_block_inner\">\n<div class=\"td-related-row\">\n<div class=\"td-related-span4\">\n<div class=\"td_module_related_posts td-animation-stack td_mod_related_posts\">\n<div class=\"td-module-image\">\n<div class=\"td-module-thumb\"><a href=\"https:\/\/www.tvbuzau.ro\/profesor-de-legislatie-rutiera-trimis-in-judecata-pentru-ultraj\/\" rel=\"bookmark\" title=\"Profesor de legisla\u0163ie rutier\u0103 trimis \u00een judecat\u0103 pentru ultraj\"><img loading=\"lazy\" decoding=\"async\" width=\"218\" height=\"150\" class=\"entry-thumb\" src=\"https:\/\/www.tvbuzau.ro\/wp-content\/uploads\/2026\/08\/sddefault-40-218x150.jpg\" alt title=\"Profesor de legisla\u0163ie rutier\u0103 trimis \u00een judecat\u0103 pentru ultraj\"><span class=\"td-video-play-ico\"><img loading=\"lazy\" decoding=\"async\" width=\"40\" height=\"40\" class=\"td-retina\" src=\"https:\/\/www.tvbuzau.ro\/wp-content\/themes\/Newspaper\/images\/icons\/ico-video-large.png\" alt=\"video\"><\/span><\/a><\/div>\n<p><a href=\"https:\/\/www.tvbuzau.ro\/category\/actualitate\/\" class=\"td-post-category\">Actualitate<\/a><\/div>\n<div class=\"item-details\">\n<h3 class=\"entry-title td-module-title\"><a href=\"https:\/\/www.tvbuzau.ro\/profesor-de-legislatie-rutiera-trimis-in-judecata-pentru-ultraj\/\" rel=\"bookmark\" title=\"Profesor de legisla\u0163ie rutier\u0103 trimis \u00een judecat\u0103 pentru ultraj\">Profesor de legisla\u0163ie rutier\u0103 trimis \u00een judecat\u0103 pentru ultraj<\/a><\/h3>\n<\/div>\n<\/div>\n<\/div>\n<div class=\"td-related-span4\">\n<div class=\"td_module_related_posts td-animation-stack td_mod_related_posts\">\n<div class=\"td-module-image\">\n<div class=\"td-module-thumb\"><a href=\"https:\/\/www.tvbuzau.ro\/constantin-toma-nu-mai-candideaza-la-primaria-buzau-din-partea-psd\/\" rel=\"bookmark\" title=\"Constantin Toma nu mai candideaz\u0103 la Prim\u0103ria Buz\u0103u din partea PSD\"><img loading=\"lazy\" decoding=\"async\" width=\"218\" height=\"150\" class=\"entry-thumb\" src=\"https:\/\/www.tvbuzau.ro\/wp-content\/uploads\/2026\/08\/sddefault-39-218x150.jpg\" alt title=\"Constantin Toma nu mai candideaz\u0103 la Prim\u0103ria Buz\u0103u din partea PSD\"><span class=\"td-video-play-ico\"><img loading=\"lazy\" decoding=\"async\" width=\"40\" height=\"40\" class=\"td-retina\" src=\"https:\/\/www.tvbuzau.ro\/wp-content\/themes\/Newspaper\/images\/icons\/ico-video-large.png\" alt=\"video\"><\/span><\/a><\/div>\n<p><a href=\"https:\/\/www.tvbuzau.ro\/category\/actualitate\/\" class=\"td-post-category\">Actualitate<\/a><\/div>\n<div class=\"item-details\">\n<h3 class=\"entry-title td-module-title\"><a href=\"https:\/\/www.tvbuzau.ro\/constantin-toma-nu-mai-candideaza-la-primaria-buzau-din-partea-psd\/\" rel=\"bookmark\" title=\"Constantin Toma nu mai candideaz\u0103 la Prim\u0103ria Buz\u0103u din partea PSD\">Constantin Toma nu mai candideaz\u0103 la Prim\u0103ria Buz\u0103u din partea PSD<\/a><\/h3>\n<\/div>\n<\/div>\n<\/div>\n<div class=\"td-related-span4\">\n<div class=\"td_module_related_posts td-animation-stack td_mod_related_posts\">\n<div class=\"td-module-image\">\n<div class=\"td-module-thumb\"><a href=\"https:\/\/www.tvbuzau.ro\/consiliul-judetean-buzau-aduce-specialisti-de-la-bucuresti\/\" rel=\"bookmark\" title=\"Consiliul Jude\u0163ean Buz\u0103u aduce speciali\u015fti de la Bucure\u015fti\"><img loading=\"lazy\" decoding=\"async\" width=\"218\" height=\"150\" class=\"entry-thumb\" src=\"https:\/\/www.tvbuzau.ro\/wp-content\/uploads\/2026\/08\/sddefault-38-218x150.jpg\" alt title=\"Consiliul Jude\u0163ean Buz\u0103u aduce speciali\u015fti de la Bucure\u015fti\"><span class=\"td-video-play-ico\"><img loading=\"lazy\" decoding=\"async\" width=\"40\" height=\"40\" class=\"td-retina\" src=\"https:\/\/www.tvbuzau.ro\/wp-content\/themes\/Newspaper\/images\/icons\/ico-video-large.png\" alt=\"video\"><\/span><\/a><\/div>\n<p><a href=\"https:\/\/www.tvbuzau.ro\/category\/actualitate\/\" class=\"td-post-category\">Actualitate<\/a><\/div>\n<div class=\"item-details\">\n<h3 class=\"entry-title td-module-title\"><a href=\"https:\/\/www.tvbuzau.ro\/consiliul-judetean-buzau-aduce-specialisti-de-la-bucuresti\/\" rel=\"bookmark\" title=\"Consiliul Jude\u0163ean Buz\u0103u aduce speciali\u015fti de la Bucure\u015fti\">Consiliul Jude\u0163ean Buz\u0103u aduce speciali\u015fti de la Bucure\u015fti<\/a><\/h3>\n<\/div>\n<\/div>\n<\/div>\n<\/div>\n<div class=\"td-related-row\">\n<div class=\"td-related-span4\">\n<div class=\"td_module_related_posts td-animation-stack td_mod_related_posts\">\n<div class=\"td-module-image\">\n<div class=\"td-module-thumb\"><a href=\"https:\/\/www.tvbuzau.ro\/buzau-cel-mai-afectat-judet-in-urma-calamitatilor\/\" rel=\"bookmark\" title=\"Buz\u0103u, cel mai afectat jude\u0163 \u00een urma calamit\u0103\u0163ilor\"><img loading=\"lazy\" decoding=\"async\" width=\"218\" height=\"150\" class=\"entry-thumb\" src=\"https:\/\/www.tvbuzau.ro\/wp-content\/uploads\/2026\/08\/sddefault-37-218x150.jpg\" alt title=\"Buz\u0103u, cel mai afectat jude\u0163 \u00een urma calamit\u0103\u0163ilor\"><span class=\"td-video-play-ico\"><img loading=\"lazy\" decoding=\"async\" width=\"40\" height=\"40\" class=\"td-retina\" src=\"https:\/\/www.tvbuzau.ro\/wp-content\/themes\/Newspaper\/images\/icons\/ico-video-large.png\" alt=\"video\"><\/span><\/a><\/div>\n<p><a href=\"https:\/\/www.tvbuzau.ro\/category\/actualitate\/\" class=\"td-post-category\">Actualitate<\/a><\/div>\n<div class=\"item-details\">\n<h3 class=\"entry-title td-module-title\"><a href=\"https:\/\/www.tvbuzau.ro\/buzau-cel-mai-afectat-judet-in-urma-calamitatilor\/\" rel=\"bookmark\" title=\"Buz\u0103u, cel mai afectat jude\u0163 \u00een urma calamit\u0103\u0163ilor\">Buz\u0103u, cel mai afectat jude\u0163 \u00een urma calamit\u0103\u0163ilor<\/a><\/h3>\n<\/div>\n<\/div>\n<\/div>\n<div class=\"td-related-span4\">\n<div class=\"td_module_related_posts td-animation-stack td_mod_related_posts\">\n<div class=\"td-module-image\">\n<div class=\"td-module-thumb\"><a href=\"https:\/\/www.tvbuzau.ro\/95-dintre-pacientii-buzoieni-apreciaza-serviciile-spitalului-judetean\/\" rel=\"bookmark\" title=\"95% dintre pacien\u0163ii buzoieni apreciaz\u0103 serviciile Spitalului Jude\u0163ean\"><img loading=\"lazy\" decoding=\"async\" width=\"218\" height=\"150\" class=\"entry-thumb\" src=\"https:\/\/www.tvbuzau.ro\/wp-content\/uploads\/2026\/08\/hqdefault-26-218x150.jpg\" alt title=\"95% dintre pacien\u0163ii buzoieni apreciaz\u0103 serviciile Spitalului Jude\u0163ean\"><span class=\"td-video-play-ico\"><img loading=\"lazy\" decoding=\"async\" width=\"40\" height=\"40\" class=\"td-retina\" src=\"https:\/\/www.tvbuzau.ro\/wp-content\/themes\/Newspaper\/images\/icons\/ico-video-large.png\" alt=\"video\"><\/span><\/a><\/div>\n<p><a href=\"https:\/\/www.tvbuzau.ro\/category\/actualitate\/\" class=\"td-post-category\">Actualitate<\/a><\/div>\n<div class=\"item-details\">\n<h3 class=\"entry-title td-module-title\"><a href=\"https:\/\/www.tvbuzau.ro\/95-dintre-pacientii-buzoieni-apreciaza-serviciile-spitalului-judetean\/\" rel=\"bookmark\" title=\"95% dintre pacien\u0163ii buzoieni apreciaz\u0103 serviciile Spitalului Jude\u0163ean\">95% dintre pacien\u0163ii buzoieni apreciaz\u0103 serviciile Spitalului Jude\u0163ean<\/a><\/h3>\n<\/div>\n<\/div>\n<\/div>\n<div class=\"td-related-span4\">\n<div class=\"td_module_related_posts td-animation-stack td_mod_related_posts\">\n<div class=\"td-module-image\">\n<div class=\"td-module-thumb\"><a href=\"https:\/\/www.tvbuzau.ro\/nu-au-putut-sa-isi-cumpere-loc-de-parcare-pentru-datorii-de-cativa-lei\/\" rel=\"bookmark\" title=\"Nu au putut s\u0103 \u00ee\u015fi cumpere loc de parcare pentru datorii de c\u00e2\u0163iva lei\"><img loading=\"lazy\" decoding=\"async\" width=\"218\" height=\"150\" class=\"entry-thumb\" src=\"https:\/\/www.tvbuzau.ro\/wp-content\/uploads\/2026\/08\/hqdefault-25-218x150.jpg\" alt title=\"Nu au putut s\u0103 \u00ee\u015fi cumpere loc de parcare pentru datorii de c\u00e2\u0163iva lei\"><span class=\"td-video-play-ico\"><img loading=\"lazy\" decoding=\"async\" width=\"40\" height=\"40\" class=\"td-retina\" src=\"https:\/\/www.tvbuzau.ro\/wp-content\/themes\/Newspaper\/images\/icons\/ico-video-large.png\" alt=\"video\"><\/span><\/a><\/div>\n<p><a href=\"https:\/\/www.tvbuzau.ro\/category\/actualitate\/\" class=\"td-post-category\">Actualitate<\/a><\/div>\n<div class=\"item-details\">\n<h3 class=\"entry-title td-module-title\"><a href=\"https:\/\/www.tvbuzau.ro\/nu-au-putut-sa-isi-cumpere-loc-de-parcare-pentru-datorii-de-cativa-lei\/\" rel=\"bookmark\" title=\"Nu au putut s\u0103 \u00ee\u015fi cumpere loc de parcare pentru datorii de c\u00e2\u0163iva lei\">Nu au putut s\u0103 \u00ee\u015fi cumpere loc de parcare pentru datorii de c\u00e2\u0163iva lei<\/a><\/h3>\n<\/div>\n<\/div>\n<\/div>\n<\/div>\n<\/div>\n<\/div>\n<div class=\"comments\" id=\"comments\">\n<div id=\"respond\" class=\"comment-respond\">\n<h3 id=\"reply-title\" class=\"comment-reply-title\">L\u0102SA\u021aI UN MESAJ <small><a rel=\"nofollow\" id=\"cancel-comment-reply-link\" href=\"https:\/\/www.tvbuzau.ro\/divizia-2-infanterie-getica-la-110-ani\/#respond\">Renun\u021ba\u021bi la r\u0103spuns<\/a><\/small><\/h3>\n<\/div>\n<\/div>\n<\/div>\n<div class=\"td-post-content\">\n<div class=\"td-featured-image-rec\">\n<div class=\"wpb_video_wrapper\">\n                    <iframe loading=\"lazy\" id=\"td_youtube_player\" width=\"600\" height=\"560\" src=\"https:\/\/www.youtube.com\/embed\/oPxWM_JfD00?enablejsapi=1&amp;feature=oembed&amp;wmode=opaque&amp;vq=hd720\" frameborder allowfullscreen><\/iframe><\/p><\/div>\n<\/div>\n<p>Ceremonie militar\u0103 \u0219i religioas\u0103, urmat\u0103 de defilarea trupelor<br \/>\nLa 18 august 1916 a luat fiin\u021b\u0103 Armata a 2-a, una dintre structurile emblematice ale Armatei Rom\u00e2niei. Divizia 2 Infanterie \u201eGetica\u201d este continuatoarea tradi\u021biilor militare ale Armatei a 2-a \u0219i s\u0103rb\u0103tore\u0219te, \u00een acest an, 110 ani de la \u00eenfiin\u021bare. Cu aceast\u0103 ocazie, joi, 20 august 2026, \u00eencep\u00e2nd cu ora 12.00, cu sprijinul autorit\u0103\u021bilor locale, Garnizoana Buz\u0103u a organizat pe Calea Eroilor din municipiul Buz\u0103u, o ceremonie militar\u0103 \u0219i religioas\u0103, urmat\u0103 de defilarea trupelor.<br \/>\nArmata a 2-a a ap\u0103rut \u00een pragul intr\u0103rii Rom\u00e2niei \u00een Primul R\u0103zboi Mondial, la 18 august 1916 \u015fi intra cu viteza ce-o impuneau evenimentele acelei vremi, \u00een prima etap\u0103 din istoria sa, \u00een conformitate cu Planul de mobilizare pentru anii 1916-1917 \u015fi prevederile Ipotezei \u201eZ\u201d, din ordinul comandamentului suprem. Primul s\u0103u comandant a fost, generalul de divizie Alexandru AVERESCU, cel care urma s\u0103 devin\u0103 faimosul mare\u0219al al Rom\u00e2niei, transmite Divizia 2 Infanterie \u201eGetica\u201d .<br \/>\nStructura militar\u0103 a realizat \u015fi u scurt istoric \u00een care eviden\u0163iaz\u0103 faptul c\u0103 la data de 27 august 1916, Armata a 2-a este integrat\u0103 \u00een ofensiva din Transilvania, av\u00e2nd for\u0163ele angajate \u00een lupte \u00eempotriva armatei germane \u015fi austro-ungare, de-a lungul v\u0103ilor r\u00e2urilor Olt, Arge\u015f, Buz\u0103u \u015fi Oituz. Urmare a opririi ofensivei \u015fi contraatacului Puterilor centrale, care a dus la ocuparea majorit\u0103\u0163ii teritoriului rom\u00e2nesc, Armata a 2-a, \u00eempreun\u0103 cu celelalte structuri au fost nevoite s\u0103 se retrag\u0103 \u00een regiunea Moldovei, singurul teritoriu neocupat. Aici, \u00een iarna anilor 1916\/1917, s-a desf\u0103\u015furat procesul de reorganizare \u015fi modernizare a armatei, ca parte a misiunii generalului francez Henri Berthelot, de a revitaliza epuizatele \u015fi decimatele for\u0163e armate rom\u00e2ne.<br \/>\n\u00cen vara anului 1917, cu poten\u0163ialul substan\u0163ial ref\u0103cut, era gata s\u0103 fie angajat\u0103 \u00een marile b\u0103t\u0103lii de la por\u0163ile Moldovei. Acesteia avea s\u0103-i revin\u0103 cinstea \u015fi onoarea de a participa la marea ofensiv\u0103 de la M\u0103r\u0103\u015fti, \u00eentre 22 iulie \u015fi 1 august, soldat\u0103 cu victorie, dup\u0103 crearea unei bre\u015fe \u00een front \u00een l\u0103\u0163ime de 30 km \u015fi ad\u00e2ncime de 20 km, vreme de nou\u0103 zile de lupt\u0103 cr\u00e2ncen\u0103.<br \/>\nGeneralul german August von Mackensen lanseaz\u0103 un contraatac, \u00een 6 august 1916, care duce la b\u0103t\u0103lia de la M\u0103r\u0103\u015fe\u015fti, unde trupele rom\u00e2ne reu\u015fesc s\u0103 reziste \u00eempotriva atacurilor repetate, p\u00e2n\u0103 la 8 septembrie, am\u00e2ndou\u0103 p\u0103r\u0163ile r\u0103m\u00e2n\u00e2nd f\u0103r\u0103 for\u0163e. Victoria a ap\u0103rut cu un cost uria\u015f, Rom\u00e2nia pierz\u00e2nd circa 27.000 de militari, iar Germania 47.000. Indemnul Armatei Rom\u00e2ne din acele zile a fost \u201ePe aicea nu se trece!\u201d. Un alt atac a fost lansat, de c\u0103tre trupele germane \u015fi austro-ungare, \u00een zona v\u0103ii Oituz, b\u0103t\u0103lie care a durat din 8 p\u00e2n\u0103 \u00een 20 august, soldat cu o victorie strategic\u0103, trupele inamice fiind oprite pe linia v\u0103ii r\u00e2ului Trotu\u015f.<br \/>\nRom\u00e2nia a intrat \u00een prima conflagra\u0163ie mondial\u0103 cu 658.000 de militari, grupa\u0163i \u00een 23 de divizii \u015fi, timp de 3 ani, jertfa de r\u0103zboi a cumulat pierderi de 595.000 de militari (335.706 c\u0103zu\u0163i la datorie, 120.000 r\u0103ni\u0163i \u015fi 80.000 de prizonieri). La 1 iunie 1918, Armata a 2-a este demobilizat\u0103, dup\u0103 semnarea for\u0163at\u0103 a Tratatului de la Bucure\u015fti cu Puterile Centrale. A fost reactivat\u0103 pe timpul celei de-a doua conflagra\u0163ii mondiale, particip\u00e2nd \u00een campaniile de Est \u015fi de Vest. In iunie 1947 este reorganizat\u0103 din nou, iar noua structur\u0103 se reg\u0103se\u015fte sub forma noii Regiuni a 2-a Militare, \u00een Bucure\u015fti. Din prim\u0103vara anului 1960 se transform\u0103 \u00een Comandamentul Armatei a 2-a, iar \u00een prim\u0103vara anului 1980 se mut\u0103 \u00een garnizoana Buz\u0103u \u015fi se transform\u0103 \u00een Corp de Armat\u0103 \u00een anul 2000.<br \/>\nIn anul 2003 devine Comandamentul 2 Opera\u0163ional \u00centrunit \u201eMare\u015fal Alexandru Averescu\u201d, structur\u0103 care asigur\u0103 managementul for\u0163elor rom\u00e2ne participante la misiuni de ap\u0103rarea p\u0103cii \u015fi opera\u0163ii ONU \u015fi OSCE. \u00cencep\u00e2nd cu 15 aprilie 2010, Comandamentul Opera\u0163ional \u00centrunit intr\u0103 \u00eentr-o nou\u0103 etap\u0103, devenind Divizia 2 Infanterie \u201eGetica\u201d, component\u0103 a Statului Major al For\u0163elor Terestre.<br \/>\nDivizia, mare unitate de lupt\u0103, asigur\u0103 instruirea pentru realizarea nivelului de opera\u0163ionalizare necesar comandamentului \u015fi structurilor subordonate, \u00een scopul particip\u0103rii la ac\u0163iuni de sprijin intern \u015fi stabilitate \u00een teatrele de opera\u0163ii externe, iar \u00een situa\u0163ii de criz\u0103 \u015fi la r\u0103zboi, planific\u0103 \u015fi execut\u0103 opera\u0163ii \u00een sistem integrat, pe teritoriul statului rom\u00e2n sau \u00een afara acestuia, arat\u0103 Divizia 2 Infanterie \u201eGetica\u201d .<\/p>\n<div class=\"post-views post-120106 entry-meta\"><span class=\"post-views-label\">Post Views: <\/span><span class=\"post-views-count\">95<\/span><\/div>\n<\/div>\n<p>[analyse_source url=&#8221;https:\/\/www.tvbuzau.ro\/divizia-2-infanterie-getica-la-110-ani\/&#8221;]<\/p>\n","protected":false},"excerpt":{"rendered":"<p>[analyse_image type=&#8221;featured&#8221; src=&#8221;https:\/\/www.tvbuzau.ro\/wp-content\/uploads\/2026\/08\/sddefault-41.jpghttps:\/\/www.tvbuzau.ro\/wp-content\/uploads\/2026\/08\/sddefault-41.jpg&#8221;] Actualitate Divizia 2 Infanterie \u201eGetica\u201d la 110 ani De c\u0103tre TV Buz\u0103u &#8211; august 20, 2026 0 8 Distribui\u021bi pe Facebook Distribui\u021bi pe Twitter tweet Ceremonie militar\u0103 \u0219i religioas\u0103, urmat\u0103 de defilarea trupelor La 18 august 1916 a luat fiin\u021b\u0103 Armata a 2-a, una dintre structurile emblematice ale Armatei Rom\u00e2niei. Divizia 2 [&hellip;]<\/p>\n","protected":false},"author":1,"featured_media":0,"comment_status":"open","ping_status":"","sticky":false,"template":"","format":"standard","meta":{"footnotes":""},"categories":[2],"tags":[226,116],"class_list":["post-2104244","post","type-post","status-publish","format-standard","hentry","category-politics","tag-crawlmanager","tag-tvbuzau-ro"],"_links":{"self":[{"href":"https:\/\/analyse.optim.biz\/index.php?rest_route=\/wp\/v2\/posts\/2104244","targetHints":{"allow":["GET"]}}],"collection":[{"href":"https:\/\/analyse.optim.biz\/index.php?rest_route=\/wp\/v2\/posts"}],"about":[{"href":"https:\/\/analyse.optim.biz\/index.php?rest_route=\/wp\/v2\/types\/post"}],"author":[{"embeddable":true,"href":"https:\/\/analyse.optim.biz\/index.php?rest_route=\/wp\/v2\/users\/1"}],"replies":[{"embeddable":true,"href":"https:\/\/analyse.optim.biz\/index.php?rest_route=%2Fwp%2Fv2%2Fcomments&post=2104244"}],"version-history":[{"count":0,"href":"https:\/\/analyse.optim.biz\/index.php?rest_route=\/wp\/v2\/posts\/2104244\/revisions"}],"wp:attachment":[{"href":"https:\/\/analyse.optim.biz\/index.php?rest_route=%2Fwp%2Fv2%2Fmedia&parent=2104244"}],"wp:term":[{"taxonomy":"category","embeddable":true,"href":"https:\/\/analyse.optim.biz\/index.php?rest_route=%2Fwp%2Fv2%2Fcategories&post=2104244"},{"taxonomy":"post_tag","embeddable":true,"href":"https:\/\/analyse.optim.biz\/index.php?rest_route=%2Fwp%2Fv2%2Ftags&post=2104244"}],"curies":[{"name":"wp","href":"https:\/\/api.w.org\/{rel}","templated":true}]}}