{"id":2104241,"date":"2026-08-20T19:58:04","date_gmt":"2026-08-20T16:58:04","guid":{"rendered":"https:\/\/analyse.optim.biz\/?p=2104241"},"modified":"2026-08-20T19:58:04","modified_gmt":"2026-08-20T16:58:04","slug":"constantin-toma-nu-mai-candideaza-la-primaria-buzau-din-partea-psd","status":"publish","type":"post","link":"https:\/\/analyse.optim.biz\/?p=2104241","title":{"rendered":"Constantin Toma nu mai candideaz\u0103 la Prim\u0103ria Buz\u0103u din partea PSD"},"content":{"rendered":"<p>[analyse_image type=&#8221;featured&#8221; src=&#8221;https:\/\/www.tvbuzau.ro\/wp-content\/uploads\/2026\/08\/sddefault-39.jpghttps:\/\/www.tvbuzau.ro\/wp-content\/uploads\/2026\/08\/sddefault-39.jpg&#8221;]<\/p>\n<div class=\"td-ss-main-content\">\n<article id=\"post-120100\" class=\"post-120100 post type-post status-publish format-video has-post-thumbnail hentry category-actualitate post_format-post-format-video\">\n<div class=\"td-post-header\">\n<ul class=\"td-category\">\n<li class=\"entry-category\"><a href=\"https:\/\/www.tvbuzau.ro\/category\/actualitate\/\">Actualitate<\/a><\/li>\n<\/ul>\n<header class=\"td-post-title\">\n<h1 class=\"entry-title\">Constantin Toma nu mai candideaz\u0103 la Prim\u0103ria Buz\u0103u din partea PSD<\/h1>\n<div class=\"td-module-meta-info\">\n<div class=\"td-post-author-name\">De c\u0103tre <a href=\"https:\/\/www.tvbuzau.ro\/author\/mihai-vasilescu\/\">TV Buz\u0103u<\/a> &#8211; <\/div>\n<p><span class=\"td-post-date\"><time class=\"entry-date updated td-module-date\" datetime=\"2026-08-20T19:58:04+00:00\">august 20, 2026<\/time><\/span><\/p>\n<div class=\"td-post-comments\"><a href=\"https:\/\/www.tvbuzau.ro\/constantin-toma-nu-mai-candideaza-la-primaria-buzau-din-partea-psd\/#respond\">0<\/a><\/div>\n<div class=\"td-post-views\"><span class=\"td-nr-views-120100\">5<\/span><\/div>\n<\/div>\n<\/header>\n<\/div>\n<div class=\"td-post-sharing td-post-sharing-top td-with-like\">\n<div class=\"td-default-sharing\"><a class=\"td-social-sharing-buttons td-social-facebook\" href=\"http:\/\/www.facebook.com\/sharer.php?u=https%3A%2F%2Fwww.tvbuzau.ro%2Fconstantin-toma-nu-mai-candideaza-la-primaria-buzau-din-partea-psd%2F\"><\/p>\n<div class=\"td-social-but-text\">Distribui\u021bi pe Facebook<\/div>\n<p><\/a><a class=\"td-social-sharing-buttons td-social-twitter\" href=\"https:\/\/twitter.com\/intent\/tweet?text=Constantin+Toma+nu+mai+candideaz%C4%83+la+Prim%C4%83ria+Buz%C4%83u+din+partea+PSD&amp;url=https%3A%2F%2Fwww.tvbuzau.ro%2Fconstantin-toma-nu-mai-candideaza-la-primaria-buzau-din-partea-psd%2F&amp;via=TV+Buz%C4%83u\"><\/p>\n<div class=\"td-social-but-text\">Distribui\u021bi pe Twitter<\/div>\n<p><\/a><\/div>\n<div class=\"td-classic-sharing\">\n<ul>\n<li class=\"td-classic-facebook\"><iframe frameborder src=\"https:\/\/www.facebook.com\/plugins\/like.php?href=https:\/\/www.tvbuzau.ro\/constantin-toma-nu-mai-candideaza-la-primaria-buzau-din-partea-psd\/&amp;layout=button_count&amp;show_faces=false&amp;width=105&amp;action=like&amp;colorscheme=light&amp;height=21\"><\/iframe><\/li>\n<li class=\"td-classic-twitter\"><a href=\"https:\/\/twitter.com\/share\" class=\"twitter-share-button\" data-url=\"https:\/\/www.tvbuzau.ro\/constantin-toma-nu-mai-candideaza-la-primaria-buzau-din-partea-psd\/\" data-text=\"Constantin Toma nu mai candideaz\u0103 la Prim\u0103ria Buz\u0103u din partea PSD\" data-via data-lang=\"en\">tweet<\/a><\/li>\n<\/ul>\n<\/div>\n<\/div>\n<div class=\"td-post-content\">\n<div class=\"td-featured-image-rec\">\n<div class=\"wpb_video_wrapper\">\n                    <iframe loading=\"lazy\" id=\"td_youtube_player\" width=\"600\" height=\"560\" src=\"https:\/\/www.youtube.com\/embed\/g_FMZQFiOOs?enablejsapi=1&amp;feature=oembed&amp;wmode=opaque&amp;vq=hd720\" frameborder allowfullscreen><\/iframe><\/p><\/div>\n<\/div>\n<p>R\u0103spunsul lui Romeo Lungu<br \/>\nPrimarul municipiului Buz\u0103u, Constntin Toma a declarat c\u0103 nu va mai candida la viitoarele alegeri pentru func\u0163ia de primar al ora\u015fului, din partea PSD. Cel mai probabi, a anun\u0163at edilul, va candida din postura de independent. Decizia a fost luat\u0103 \u00een contextul \u00een care a criticat de-a lungul timpului m\u0103surile luate de organiza\u0163ia local\u0103 \u015fi central\u0103 a PSD.<br \/>\nR\u0103spunsul orgaiza\u0163iei PSD Buz\u0103u, nu a \u00eent\u00e2rziat s\u0103 apar\u0103.<\/p>\n<p>\u201cConstantin Toma spune c\u0103 \u00een 2028 va candida independent. Este alegerea lui \u0219i, p\u00e2n\u0103 la urm\u0103, 2028 va fi momentul \u00een care aceast\u0103 alegere va fi testat\u0103 prin vot. Totu\u0219i, c\u00e2nd domnul Toma vorbe\u0219te at\u00e2t de des despre faptul c\u0103 este \u201ecel mai votat primar\u201d, cred c\u0103 merit\u0103 s\u0103 ne amintim un lucru simplu: Constantin Toma nu a ajuns acolo singur. A candidat din partea PSD, a avut \u00een spate una dintre cele mai puternice organiza\u021bii politice din \u021bar\u0103, a avut sprijinul colegilor, al consilierilor locali, al parlamentarilor, al primarilor \u0219i al guvernelor PSD. Au fost sute de oameni care au muncit \u00een campaniile sale \u0219i zeci de mii de buzoieni care au votat inclusiv sigla de pe buletinul de vot. E u\u0219or, dup\u0103 trei mandate c\u00e2\u0219tigate cu o echip\u0103 \u00een spate, s\u0103 \u00eencepi s\u0103 crezi c\u0103 toate voturile au fost numai ale tale. \u0218i e la fel de u\u0219or s\u0103 ui\u021bi de unde ai plecat \u0219i cine te-a sus\u021binut\u201d, a trasmis pre\u015fedintele PSD Buz\u0103u, Romeo Lungu.<br \/>\nIndependen\u021ba este un test pe care domnul Toma \u00eel poate da \u00een 2028. P\u00e2n\u0103 acum, toate examenele electorale le-a dat cu PSD al\u0103turi, a mai ad\u0103ugat deputatul buzoian.<\/p>\n<p>\u201cPSD Buz\u0103u nu va \u00eencepe ast\u0103zi campania pentru 2028 \u0219i nici nu va transforma urm\u0103torii doi ani \u00eentr-un r\u0103zboi cu primarul municipiului. Avem o responsabilitate fa\u021b\u0103 de buzoieni. Consilierii PSD vor sus\u021bine proiectele bune pentru ora\u0219, a\u0219a cum au f\u0103cut \u0219i p\u00e2n\u0103 acum. Interesul municipiului nu trebuie amestecat cu orgoliile politice ale nim\u0103nui. \u00cen acela\u0219i timp, PSD Buz\u0103u va preg\u0103ti serios alegerile din 2028. Vom avea propriul candidat pentru Prim\u0103ria Buz\u0103u \u0219i vom pune \u00een fa\u021ba oamenilor un om capabil s\u0103 administreze ora\u0219ul, s\u0103 adune \u00een jurul lui o echip\u0103 \u0219i s\u0103 \u00een\u021beleag\u0103 c\u0103 succesul \u00een politic\u0103 nu este niciodat\u0103 opera unui singur om. Domnul Toma spune c\u0103 va merge singur. Foarte bine. Atunci vom vedea \u0219i c\u00e2t din formula de \u201ecel mai votat primar\u201d \u00eei apar\u021bine exclusiv \u0219i c\u00e2t a \u00eensemnat for\u021ba PSD Buz\u0103u. Momentan este, \u00eenc\u0103, membru PSD, \u0219i nu pot s\u0103 nu m\u0103 \u00eentreb cum va \u00eemp\u0103ca aceste dou\u0103 ipostaze \u00een urm\u0103torii doi ani\u201d, a subliniat Romeo Lungu.<\/p>\n<div class=\"post-views post-120100 entry-meta\"><span class=\"post-views-label\">Post Views: <\/span><span class=\"post-views-count\">75<\/span><\/div>\n<\/div>\n<footer>\n<div class=\"td-post-sharing td-post-sharing-bottom td-with-like\"><span class=\"td-post-share-title\">DISTRIBUI\u021aI<\/span><\/p>\n<div class=\"td-default-sharing\"><a class=\"td-social-sharing-buttons td-social-facebook\" href=\"http:\/\/www.facebook.com\/sharer.php?u=https%3A%2F%2Fwww.tvbuzau.ro%2Fconstantin-toma-nu-mai-candideaza-la-primaria-buzau-din-partea-psd%2F\"><\/p>\n<div class=\"td-social-but-text\">Facebook<\/div>\n<p><\/a><a class=\"td-social-sharing-buttons td-social-twitter\" href=\"https:\/\/twitter.com\/intent\/tweet?text=Constantin+Toma+nu+mai+candideaz%C4%83+la+Prim%C4%83ria+Buz%C4%83u+din+partea+PSD&amp;url=https%3A%2F%2Fwww.tvbuzau.ro%2Fconstantin-toma-nu-mai-candideaza-la-primaria-buzau-din-partea-psd%2F&amp;via=TV+Buz%C4%83u\"><\/p>\n<div class=\"td-social-but-text\">Twitter<\/div>\n<p><\/a><\/div>\n<div class=\"td-classic-sharing\">\n<ul>\n<li class=\"td-classic-facebook\"><iframe frameborder src=\"https:\/\/www.facebook.com\/plugins\/like.php?href=https:\/\/www.tvbuzau.ro\/constantin-toma-nu-mai-candideaza-la-primaria-buzau-din-partea-psd\/&amp;layout=button_count&amp;show_faces=false&amp;width=105&amp;action=like&amp;colorscheme=light&amp;height=21\"><\/iframe><\/li>\n<li class=\"td-classic-twitter\"><a href=\"https:\/\/twitter.com\/share\" class=\"twitter-share-button\" data-url=\"https:\/\/www.tvbuzau.ro\/constantin-toma-nu-mai-candideaza-la-primaria-buzau-din-partea-psd\/\" data-text=\"Constantin Toma nu mai candideaz\u0103 la Prim\u0103ria Buz\u0103u din partea PSD\" data-via data-lang=\"en\">tweet<\/a><\/li>\n<\/ul>\n<\/div>\n<\/div>\n<div class=\"td-author-name vcard author\"><span class=\"fn\"><a href=\"https:\/\/www.tvbuzau.ro\/author\/mihai-vasilescu\/\">TV Buz\u0103u<\/a><\/span><\/div>\n<p><span><\/span><span><span><\/span><\/span><span><\/span><\/footer>\n<\/article>\n<div class=\"td_block_wrap td_block_related_posts td_uid_1_6a88202c29a6b_rand td_with_ajax_pagination td-pb-border-top\" data-td-block-uid=\"td_uid_1_6a88202c29a6b\">\n<h4 class=\"td-related-title\"><a id=\"td_uid_2_6a88202c2f363\" class=\"td-related-left td-cur-simple-item\" data-td_filter_value data-td_block_id=\"td_uid_1_6a88202c29a6b\" href=\"https:\/\/www.tvbuzau.ro\/constantin-toma-nu-mai-candideaza-la-primaria-buzau-din-partea-psd\/\">ARTICOLE SIMILARE<\/a><a id=\"td_uid_3_6a88202c2f3a0\" class=\"td-related-right\" data-td_filter_value=\"td_related_more_from_author\" data-td_block_id=\"td_uid_1_6a88202c29a6b\" href=\"https:\/\/www.tvbuzau.ro\/constantin-toma-nu-mai-candideaza-la-primaria-buzau-din-partea-psd\/\">DE LA ACELA\u0218I AUTOR<\/a><\/h4>\n<div id=\"td_uid_1_6a88202c29a6b\" class=\"td_block_inner\">\n<div class=\"td-related-row\">\n<div class=\"td-related-span4\">\n<div class=\"td_module_related_posts td-animation-stack td_mod_related_posts\">\n<div class=\"td-module-image\">\n<div class=\"td-module-thumb\"><a href=\"https:\/\/www.tvbuzau.ro\/divizia-2-infanterie-getica-la-110-ani\/\" rel=\"bookmark\" title=\"Divizia 2 Infanterie \u201eGetica\u201d la 110 ani\"><img loading=\"lazy\" decoding=\"async\" width=\"218\" height=\"150\" class=\"entry-thumb\" src=\"https:\/\/www.tvbuzau.ro\/wp-content\/uploads\/2026\/08\/sddefault-41-218x150.jpg\" alt title=\"Divizia 2 Infanterie \u201eGetica\u201d la 110 ani\"><span class=\"td-video-play-ico\"><img loading=\"lazy\" decoding=\"async\" width=\"40\" height=\"40\" class=\"td-retina\" src=\"https:\/\/www.tvbuzau.ro\/wp-content\/themes\/Newspaper\/images\/icons\/ico-video-large.png\" alt=\"video\"><\/span><\/a><\/div>\n<p><a href=\"https:\/\/www.tvbuzau.ro\/category\/actualitate\/\" class=\"td-post-category\">Actualitate<\/a><\/div>\n<div class=\"item-details\">\n<h3 class=\"entry-title td-module-title\"><a href=\"https:\/\/www.tvbuzau.ro\/divizia-2-infanterie-getica-la-110-ani\/\" rel=\"bookmark\" title=\"Divizia 2 Infanterie \u201eGetica\u201d la 110 ani\">Divizia 2 Infanterie \u201eGetica\u201d la 110 ani<\/a><\/h3>\n<\/div>\n<\/div>\n<\/div>\n<div class=\"td-related-span4\">\n<div class=\"td_module_related_posts td-animation-stack td_mod_related_posts\">\n<div class=\"td-module-image\">\n<div class=\"td-module-thumb\"><a href=\"https:\/\/www.tvbuzau.ro\/profesor-de-legislatie-rutiera-trimis-in-judecata-pentru-ultraj\/\" rel=\"bookmark\" title=\"Profesor de legisla\u0163ie rutier\u0103 trimis \u00een judecat\u0103 pentru ultraj\"><img loading=\"lazy\" decoding=\"async\" width=\"218\" height=\"150\" class=\"entry-thumb\" src=\"https:\/\/www.tvbuzau.ro\/wp-content\/uploads\/2026\/08\/sddefault-40-218x150.jpg\" alt title=\"Profesor de legisla\u0163ie rutier\u0103 trimis \u00een judecat\u0103 pentru ultraj\"><span class=\"td-video-play-ico\"><img loading=\"lazy\" decoding=\"async\" width=\"40\" height=\"40\" class=\"td-retina\" src=\"https:\/\/www.tvbuzau.ro\/wp-content\/themes\/Newspaper\/images\/icons\/ico-video-large.png\" alt=\"video\"><\/span><\/a><\/div>\n<p><a href=\"https:\/\/www.tvbuzau.ro\/category\/actualitate\/\" class=\"td-post-category\">Actualitate<\/a><\/div>\n<div class=\"item-details\">\n<h3 class=\"entry-title td-module-title\"><a href=\"https:\/\/www.tvbuzau.ro\/profesor-de-legislatie-rutiera-trimis-in-judecata-pentru-ultraj\/\" rel=\"bookmark\" title=\"Profesor de legisla\u0163ie rutier\u0103 trimis \u00een judecat\u0103 pentru ultraj\">Profesor de legisla\u0163ie rutier\u0103 trimis \u00een judecat\u0103 pentru ultraj<\/a><\/h3>\n<\/div>\n<\/div>\n<\/div>\n<div class=\"td-related-span4\">\n<div class=\"td_module_related_posts td-animation-stack td_mod_related_posts\">\n<div class=\"td-module-image\">\n<div class=\"td-module-thumb\"><a href=\"https:\/\/www.tvbuzau.ro\/consiliul-judetean-buzau-aduce-specialisti-de-la-bucuresti\/\" rel=\"bookmark\" title=\"Consiliul Jude\u0163ean Buz\u0103u aduce speciali\u015fti de la Bucure\u015fti\"><img loading=\"lazy\" decoding=\"async\" width=\"218\" height=\"150\" class=\"entry-thumb\" src=\"https:\/\/www.tvbuzau.ro\/wp-content\/uploads\/2026\/08\/sddefault-38-218x150.jpg\" alt title=\"Consiliul Jude\u0163ean Buz\u0103u aduce speciali\u015fti de la Bucure\u015fti\"><span class=\"td-video-play-ico\"><img loading=\"lazy\" decoding=\"async\" width=\"40\" height=\"40\" class=\"td-retina\" src=\"https:\/\/www.tvbuzau.ro\/wp-content\/themes\/Newspaper\/images\/icons\/ico-video-large.png\" alt=\"video\"><\/span><\/a><\/div>\n<p><a href=\"https:\/\/www.tvbuzau.ro\/category\/actualitate\/\" class=\"td-post-category\">Actualitate<\/a><\/div>\n<div class=\"item-details\">\n<h3 class=\"entry-title td-module-title\"><a href=\"https:\/\/www.tvbuzau.ro\/consiliul-judetean-buzau-aduce-specialisti-de-la-bucuresti\/\" rel=\"bookmark\" title=\"Consiliul Jude\u0163ean Buz\u0103u aduce speciali\u015fti de la Bucure\u015fti\">Consiliul Jude\u0163ean Buz\u0103u aduce speciali\u015fti de la Bucure\u015fti<\/a><\/h3>\n<\/div>\n<\/div>\n<\/div>\n<\/div>\n<div class=\"td-related-row\">\n<div class=\"td-related-span4\">\n<div class=\"td_module_related_posts td-animation-stack td_mod_related_posts\">\n<div class=\"td-module-image\">\n<div class=\"td-module-thumb\"><a href=\"https:\/\/www.tvbuzau.ro\/buzau-cel-mai-afectat-judet-in-urma-calamitatilor\/\" rel=\"bookmark\" title=\"Buz\u0103u, cel mai afectat jude\u0163 \u00een urma calamit\u0103\u0163ilor\"><img loading=\"lazy\" decoding=\"async\" width=\"218\" height=\"150\" class=\"entry-thumb\" src=\"https:\/\/www.tvbuzau.ro\/wp-content\/uploads\/2026\/08\/sddefault-37-218x150.jpg\" alt title=\"Buz\u0103u, cel mai afectat jude\u0163 \u00een urma calamit\u0103\u0163ilor\"><span class=\"td-video-play-ico\"><img loading=\"lazy\" decoding=\"async\" width=\"40\" height=\"40\" class=\"td-retina\" src=\"https:\/\/www.tvbuzau.ro\/wp-content\/themes\/Newspaper\/images\/icons\/ico-video-large.png\" alt=\"video\"><\/span><\/a><\/div>\n<p><a href=\"https:\/\/www.tvbuzau.ro\/category\/actualitate\/\" class=\"td-post-category\">Actualitate<\/a><\/div>\n<div class=\"item-details\">\n<h3 class=\"entry-title td-module-title\"><a href=\"https:\/\/www.tvbuzau.ro\/buzau-cel-mai-afectat-judet-in-urma-calamitatilor\/\" rel=\"bookmark\" title=\"Buz\u0103u, cel mai afectat jude\u0163 \u00een urma calamit\u0103\u0163ilor\">Buz\u0103u, cel mai afectat jude\u0163 \u00een urma calamit\u0103\u0163ilor<\/a><\/h3>\n<\/div>\n<\/div>\n<\/div>\n<div class=\"td-related-span4\">\n<div class=\"td_module_related_posts td-animation-stack td_mod_related_posts\">\n<div class=\"td-module-image\">\n<div class=\"td-module-thumb\"><a href=\"https:\/\/www.tvbuzau.ro\/95-dintre-pacientii-buzoieni-apreciaza-serviciile-spitalului-judetean\/\" rel=\"bookmark\" title=\"95% dintre pacien\u0163ii buzoieni apreciaz\u0103 serviciile Spitalului Jude\u0163ean\"><img loading=\"lazy\" decoding=\"async\" width=\"218\" height=\"150\" class=\"entry-thumb\" src=\"https:\/\/www.tvbuzau.ro\/wp-content\/uploads\/2026\/08\/hqdefault-26-218x150.jpg\" alt title=\"95% dintre pacien\u0163ii buzoieni apreciaz\u0103 serviciile Spitalului Jude\u0163ean\"><span class=\"td-video-play-ico\"><img loading=\"lazy\" decoding=\"async\" width=\"40\" height=\"40\" class=\"td-retina\" src=\"https:\/\/www.tvbuzau.ro\/wp-content\/themes\/Newspaper\/images\/icons\/ico-video-large.png\" alt=\"video\"><\/span><\/a><\/div>\n<p><a href=\"https:\/\/www.tvbuzau.ro\/category\/actualitate\/\" class=\"td-post-category\">Actualitate<\/a><\/div>\n<div class=\"item-details\">\n<h3 class=\"entry-title td-module-title\"><a href=\"https:\/\/www.tvbuzau.ro\/95-dintre-pacientii-buzoieni-apreciaza-serviciile-spitalului-judetean\/\" rel=\"bookmark\" title=\"95% dintre pacien\u0163ii buzoieni apreciaz\u0103 serviciile Spitalului Jude\u0163ean\">95% dintre pacien\u0163ii buzoieni apreciaz\u0103 serviciile Spitalului Jude\u0163ean<\/a><\/h3>\n<\/div>\n<\/div>\n<\/div>\n<div class=\"td-related-span4\">\n<div class=\"td_module_related_posts td-animation-stack td_mod_related_posts\">\n<div class=\"td-module-image\">\n<div class=\"td-module-thumb\"><a href=\"https:\/\/www.tvbuzau.ro\/nu-au-putut-sa-isi-cumpere-loc-de-parcare-pentru-datorii-de-cativa-lei\/\" rel=\"bookmark\" title=\"Nu au putut s\u0103 \u00ee\u015fi cumpere loc de parcare pentru datorii de c\u00e2\u0163iva lei\"><img loading=\"lazy\" decoding=\"async\" width=\"218\" height=\"150\" class=\"entry-thumb\" src=\"https:\/\/www.tvbuzau.ro\/wp-content\/uploads\/2026\/08\/hqdefault-25-218x150.jpg\" alt title=\"Nu au putut s\u0103 \u00ee\u015fi cumpere loc de parcare pentru datorii de c\u00e2\u0163iva lei\"><span class=\"td-video-play-ico\"><img loading=\"lazy\" decoding=\"async\" width=\"40\" height=\"40\" class=\"td-retina\" src=\"https:\/\/www.tvbuzau.ro\/wp-content\/themes\/Newspaper\/images\/icons\/ico-video-large.png\" alt=\"video\"><\/span><\/a><\/div>\n<p><a href=\"https:\/\/www.tvbuzau.ro\/category\/actualitate\/\" class=\"td-post-category\">Actualitate<\/a><\/div>\n<div class=\"item-details\">\n<h3 class=\"entry-title td-module-title\"><a href=\"https:\/\/www.tvbuzau.ro\/nu-au-putut-sa-isi-cumpere-loc-de-parcare-pentru-datorii-de-cativa-lei\/\" rel=\"bookmark\" title=\"Nu au putut s\u0103 \u00ee\u015fi cumpere loc de parcare pentru datorii de c\u00e2\u0163iva lei\">Nu au putut s\u0103 \u00ee\u015fi cumpere loc de parcare pentru datorii de c\u00e2\u0163iva lei<\/a><\/h3>\n<\/div>\n<\/div>\n<\/div>\n<\/div>\n<\/div>\n<\/div>\n<div class=\"comments\" id=\"comments\">\n<div id=\"respond\" class=\"comment-respond\">\n<h3 id=\"reply-title\" class=\"comment-reply-title\">L\u0102SA\u021aI UN MESAJ <small><a rel=\"nofollow\" id=\"cancel-comment-reply-link\" href=\"https:\/\/www.tvbuzau.ro\/constantin-toma-nu-mai-candideaza-la-primaria-buzau-din-partea-psd\/#respond\">Renun\u021ba\u021bi la r\u0103spuns<\/a><\/small><\/h3>\n<\/div>\n<\/div>\n<\/div>\n<div class=\"td-post-content\">\n<div class=\"td-featured-image-rec\">\n<div class=\"wpb_video_wrapper\">\n                    <iframe loading=\"lazy\" id=\"td_youtube_player\" width=\"600\" height=\"560\" src=\"https:\/\/www.youtube.com\/embed\/g_FMZQFiOOs?enablejsapi=1&amp;feature=oembed&amp;wmode=opaque&amp;vq=hd720\" frameborder allowfullscreen><\/iframe><\/p><\/div>\n<\/div>\n<p>R\u0103spunsul lui Romeo Lungu<br \/>\nPrimarul municipiului Buz\u0103u, Constntin Toma a declarat c\u0103 nu va mai candida la viitoarele alegeri pentru func\u0163ia de primar al ora\u015fului, din partea PSD. Cel mai probabi, a anun\u0163at edilul, va candida din postura de independent. Decizia a fost luat\u0103 \u00een contextul \u00een care a criticat de-a lungul timpului m\u0103surile luate de organiza\u0163ia local\u0103 \u015fi central\u0103 a PSD.<br \/>\nR\u0103spunsul orgaiza\u0163iei PSD Buz\u0103u, nu a \u00eent\u00e2rziat s\u0103 apar\u0103.<\/p>\n<p>\u201cConstantin Toma spune c\u0103 \u00een 2028 va candida independent. Este alegerea lui \u0219i, p\u00e2n\u0103 la urm\u0103, 2028 va fi momentul \u00een care aceast\u0103 alegere va fi testat\u0103 prin vot. Totu\u0219i, c\u00e2nd domnul Toma vorbe\u0219te at\u00e2t de des despre faptul c\u0103 este \u201ecel mai votat primar\u201d, cred c\u0103 merit\u0103 s\u0103 ne amintim un lucru simplu: Constantin Toma nu a ajuns acolo singur. A candidat din partea PSD, a avut \u00een spate una dintre cele mai puternice organiza\u021bii politice din \u021bar\u0103, a avut sprijinul colegilor, al consilierilor locali, al parlamentarilor, al primarilor \u0219i al guvernelor PSD. Au fost sute de oameni care au muncit \u00een campaniile sale \u0219i zeci de mii de buzoieni care au votat inclusiv sigla de pe buletinul de vot. E u\u0219or, dup\u0103 trei mandate c\u00e2\u0219tigate cu o echip\u0103 \u00een spate, s\u0103 \u00eencepi s\u0103 crezi c\u0103 toate voturile au fost numai ale tale. \u0218i e la fel de u\u0219or s\u0103 ui\u021bi de unde ai plecat \u0219i cine te-a sus\u021binut\u201d, a trasmis pre\u015fedintele PSD Buz\u0103u, Romeo Lungu.<br \/>\nIndependen\u021ba este un test pe care domnul Toma \u00eel poate da \u00een 2028. P\u00e2n\u0103 acum, toate examenele electorale le-a dat cu PSD al\u0103turi, a mai ad\u0103ugat deputatul buzoian.<\/p>\n<p>\u201cPSD Buz\u0103u nu va \u00eencepe ast\u0103zi campania pentru 2028 \u0219i nici nu va transforma urm\u0103torii doi ani \u00eentr-un r\u0103zboi cu primarul municipiului. Avem o responsabilitate fa\u021b\u0103 de buzoieni. Consilierii PSD vor sus\u021bine proiectele bune pentru ora\u0219, a\u0219a cum au f\u0103cut \u0219i p\u00e2n\u0103 acum. Interesul municipiului nu trebuie amestecat cu orgoliile politice ale nim\u0103nui. \u00cen acela\u0219i timp, PSD Buz\u0103u va preg\u0103ti serios alegerile din 2028. Vom avea propriul candidat pentru Prim\u0103ria Buz\u0103u \u0219i vom pune \u00een fa\u021ba oamenilor un om capabil s\u0103 administreze ora\u0219ul, s\u0103 adune \u00een jurul lui o echip\u0103 \u0219i s\u0103 \u00een\u021beleag\u0103 c\u0103 succesul \u00een politic\u0103 nu este niciodat\u0103 opera unui singur om. Domnul Toma spune c\u0103 va merge singur. Foarte bine. Atunci vom vedea \u0219i c\u00e2t din formula de \u201ecel mai votat primar\u201d \u00eei apar\u021bine exclusiv \u0219i c\u00e2t a \u00eensemnat for\u021ba PSD Buz\u0103u. Momentan este, \u00eenc\u0103, membru PSD, \u0219i nu pot s\u0103 nu m\u0103 \u00eentreb cum va \u00eemp\u0103ca aceste dou\u0103 ipostaze \u00een urm\u0103torii doi ani\u201d, a subliniat Romeo Lungu.<\/p>\n<div class=\"post-views post-120100 entry-meta\"><span class=\"post-views-label\">Post Views: <\/span><span class=\"post-views-count\">75<\/span><\/div>\n<\/div>\n<p>[analyse_source url=&#8221;https:\/\/www.tvbuzau.ro\/constantin-toma-nu-mai-candideaza-la-primaria-buzau-din-partea-psd\/&#8221;]<\/p>\n","protected":false},"excerpt":{"rendered":"<p>[analyse_image type=&#8221;featured&#8221; src=&#8221;https:\/\/www.tvbuzau.ro\/wp-content\/uploads\/2026\/08\/sddefault-39.jpghttps:\/\/www.tvbuzau.ro\/wp-content\/uploads\/2026\/08\/sddefault-39.jpg&#8221;] Actualitate Constantin Toma nu mai candideaz\u0103 la Prim\u0103ria Buz\u0103u din partea PSD De c\u0103tre TV Buz\u0103u &#8211; august 20, 2026 0 5 Distribui\u021bi pe Facebook Distribui\u021bi pe Twitter tweet R\u0103spunsul lui Romeo Lungu Primarul municipiului Buz\u0103u, Constntin Toma a declarat c\u0103 nu va mai candida la viitoarele alegeri pentru func\u0163ia de primar [&hellip;]<\/p>\n","protected":false},"author":1,"featured_media":0,"comment_status":"open","ping_status":"","sticky":false,"template":"","format":"standard","meta":{"footnotes":""},"categories":[2],"tags":[226,116],"class_list":["post-2104241","post","type-post","status-publish","format-standard","hentry","category-politics","tag-crawlmanager","tag-tvbuzau-ro"],"_links":{"self":[{"href":"https:\/\/analyse.optim.biz\/index.php?rest_route=\/wp\/v2\/posts\/2104241","targetHints":{"allow":["GET"]}}],"collection":[{"href":"https:\/\/analyse.optim.biz\/index.php?rest_route=\/wp\/v2\/posts"}],"about":[{"href":"https:\/\/analyse.optim.biz\/index.php?rest_route=\/wp\/v2\/types\/post"}],"author":[{"embeddable":true,"href":"https:\/\/analyse.optim.biz\/index.php?rest_route=\/wp\/v2\/users\/1"}],"replies":[{"embeddable":true,"href":"https:\/\/analyse.optim.biz\/index.php?rest_route=%2Fwp%2Fv2%2Fcomments&post=2104241"}],"version-history":[{"count":0,"href":"https:\/\/analyse.optim.biz\/index.php?rest_route=\/wp\/v2\/posts\/2104241\/revisions"}],"wp:attachment":[{"href":"https:\/\/analyse.optim.biz\/index.php?rest_route=%2Fwp%2Fv2%2Fmedia&parent=2104241"}],"wp:term":[{"taxonomy":"category","embeddable":true,"href":"https:\/\/analyse.optim.biz\/index.php?rest_route=%2Fwp%2Fv2%2Fcategories&post=2104241"},{"taxonomy":"post_tag","embeddable":true,"href":"https:\/\/analyse.optim.biz\/index.php?rest_route=%2Fwp%2Fv2%2Ftags&post=2104241"}],"curies":[{"name":"wp","href":"https:\/\/api.w.org\/{rel}","templated":true}]}}