{"id":2104238,"date":"2026-08-20T19:56:35","date_gmt":"2026-08-20T16:56:35","guid":{"rendered":"https:\/\/analyse.optim.biz\/?p=2104238"},"modified":"2026-08-20T19:56:35","modified_gmt":"2026-08-20T16:56:35","slug":"consiliul-judetean-buzau-aduce-specialisti-de-la-bucuresti","status":"publish","type":"post","link":"https:\/\/analyse.optim.biz\/?p=2104238","title":{"rendered":"Consiliul Jude\u0163ean Buz\u0103u aduce speciali\u015fti de la Bucure\u015fti"},"content":{"rendered":"<p>[analyse_image type=&#8221;featured&#8221; src=&#8221;https:\/\/www.tvbuzau.ro\/wp-content\/uploads\/2026\/08\/sddefault-38.jpghttps:\/\/www.tvbuzau.ro\/wp-content\/uploads\/2026\/08\/sddefault-38.jpg&#8221;]<\/p>\n<div class=\"td-ss-main-content\">\n<article id=\"post-120097\" class=\"post-120097 post type-post status-publish format-video has-post-thumbnail hentry category-actualitate post_format-post-format-video\">\n<div class=\"td-post-header\">\n<ul class=\"td-category\">\n<li class=\"entry-category\"><a href=\"https:\/\/www.tvbuzau.ro\/category\/actualitate\/\">Actualitate<\/a><\/li>\n<\/ul>\n<header class=\"td-post-title\">\n<h1 class=\"entry-title\">Consiliul Jude\u0163ean Buz\u0103u aduce speciali\u015fti de la Bucure\u015fti<\/h1>\n<div class=\"td-module-meta-info\">\n<div class=\"td-post-author-name\">De c\u0103tre <a href=\"https:\/\/www.tvbuzau.ro\/author\/mihai-vasilescu\/\">TV Buz\u0103u<\/a> &#8211; <\/div>\n<p><span class=\"td-post-date\"><time class=\"entry-date updated td-module-date\" datetime=\"2026-08-20T19:56:35+00:00\">august 20, 2026<\/time><\/span><\/p>\n<div class=\"td-post-comments\"><a href=\"https:\/\/www.tvbuzau.ro\/consiliul-judetean-buzau-aduce-specialisti-de-la-bucuresti\/#respond\">0<\/a><\/div>\n<div class=\"td-post-views\"><span class=\"td-nr-views-120097\">5<\/span><\/div>\n<\/div>\n<\/header>\n<\/div>\n<div class=\"td-post-sharing td-post-sharing-top td-with-like\">\n<div class=\"td-default-sharing\"><a class=\"td-social-sharing-buttons td-social-facebook\" href=\"http:\/\/www.facebook.com\/sharer.php?u=https%3A%2F%2Fwww.tvbuzau.ro%2Fconsiliul-judetean-buzau-aduce-specialisti-de-la-bucuresti%2F\"><\/p>\n<div class=\"td-social-but-text\">Distribui\u021bi pe Facebook<\/div>\n<p><\/a><a class=\"td-social-sharing-buttons td-social-twitter\" href=\"https:\/\/twitter.com\/intent\/tweet?text=Consiliul+Jude%C5%A3ean+Buz%C4%83u+aduce+speciali%C5%9Fti+de+la+Bucure%C5%9Fti&amp;url=https%3A%2F%2Fwww.tvbuzau.ro%2Fconsiliul-judetean-buzau-aduce-specialisti-de-la-bucuresti%2F&amp;via=TV+Buz%C4%83u\"><\/p>\n<div class=\"td-social-but-text\">Distribui\u021bi pe Twitter<\/div>\n<p><\/a><\/div>\n<div class=\"td-classic-sharing\">\n<ul>\n<li class=\"td-classic-facebook\"><iframe frameborder src=\"https:\/\/www.facebook.com\/plugins\/like.php?href=https:\/\/www.tvbuzau.ro\/consiliul-judetean-buzau-aduce-specialisti-de-la-bucuresti\/&amp;layout=button_count&amp;show_faces=false&amp;width=105&amp;action=like&amp;colorscheme=light&amp;height=21\"><\/iframe><\/li>\n<li class=\"td-classic-twitter\"><a href=\"https:\/\/twitter.com\/share\" class=\"twitter-share-button\" data-url=\"https:\/\/www.tvbuzau.ro\/consiliul-judetean-buzau-aduce-specialisti-de-la-bucuresti\/\" data-text=\"Consiliul Jude\u0163ean Buz\u0103u aduce speciali\u015fti de la Bucure\u015fti\" data-via data-lang=\"en\">tweet<\/a><\/li>\n<\/ul>\n<\/div>\n<\/div>\n<div class=\"td-post-content\">\n<div class=\"td-featured-image-rec\">\n<div class=\"wpb_video_wrapper\">\n                    <iframe loading=\"lazy\" id=\"td_youtube_player\" width=\"600\" height=\"560\" src=\"https:\/\/www.youtube.com\/embed\/ioYeQUFFUY8?enablejsapi=1&amp;feature=oembed&amp;wmode=opaque&amp;vq=hd720\" frameborder allowfullscreen><\/iframe><\/p><\/div>\n<\/div>\n<p>Buzoienii vor s\u0103 se \u00eentoarc\u0103 din Capital\u0103, acas\u0103 la familii<br \/>\nConsiliul Jude\u0163ean Buz\u0103u a organizat concurs pentru un post deosebit de importat, cel de arhitect \u015fef. Totu\u015fi, \u00een urma anun\u0163ului de selec\u0163ie nu a fost angajat\u0103 nicio persoan\u0103, motiv pentru care in-stitu\u0163ia va transfera un specialist la Buz\u0103u, din Bucure\u015fti.<br \/>\n\u015eeful CJ Buz\u0103u a explicat c\u0103 mai mul\u0163i buzoieni care lucreaz\u0103 \u00een institu\u0163ii publice din Capital\u0103 doresc s\u0103 se \u00eentoarc\u0103 acas\u0103.<br \/>\nUn arhitect \u015fef trebuie s\u0103 avizeze documente de urbanism, planuri urbanistice \u015fi alte documente de-osebit de importante pentru Consiliul Jude\u0163ean Buz\u0103u.<\/p>\n<div class=\"post-views post-120097 entry-meta\"><span class=\"post-views-label\">Post Views: <\/span><span class=\"post-views-count\">86<\/span><\/div>\n<\/div>\n<footer>\n<div class=\"td-post-sharing td-post-sharing-bottom td-with-like\"><span class=\"td-post-share-title\">DISTRIBUI\u021aI<\/span><\/p>\n<div class=\"td-default-sharing\"><a class=\"td-social-sharing-buttons td-social-facebook\" href=\"http:\/\/www.facebook.com\/sharer.php?u=https%3A%2F%2Fwww.tvbuzau.ro%2Fconsiliul-judetean-buzau-aduce-specialisti-de-la-bucuresti%2F\"><\/p>\n<div class=\"td-social-but-text\">Facebook<\/div>\n<p><\/a><a class=\"td-social-sharing-buttons td-social-twitter\" href=\"https:\/\/twitter.com\/intent\/tweet?text=Consiliul+Jude%C5%A3ean+Buz%C4%83u+aduce+speciali%C5%9Fti+de+la+Bucure%C5%9Fti&amp;url=https%3A%2F%2Fwww.tvbuzau.ro%2Fconsiliul-judetean-buzau-aduce-specialisti-de-la-bucuresti%2F&amp;via=TV+Buz%C4%83u\"><\/p>\n<div class=\"td-social-but-text\">Twitter<\/div>\n<p><\/a><\/div>\n<div class=\"td-classic-sharing\">\n<ul>\n<li class=\"td-classic-facebook\"><iframe frameborder src=\"https:\/\/www.facebook.com\/plugins\/like.php?href=https:\/\/www.tvbuzau.ro\/consiliul-judetean-buzau-aduce-specialisti-de-la-bucuresti\/&amp;layout=button_count&amp;show_faces=false&amp;width=105&amp;action=like&amp;colorscheme=light&amp;height=21\"><\/iframe><\/li>\n<li class=\"td-classic-twitter\"><a href=\"https:\/\/twitter.com\/share\" class=\"twitter-share-button\" data-url=\"https:\/\/www.tvbuzau.ro\/consiliul-judetean-buzau-aduce-specialisti-de-la-bucuresti\/\" data-text=\"Consiliul Jude\u0163ean Buz\u0103u aduce speciali\u015fti de la Bucure\u015fti\" data-via data-lang=\"en\">tweet<\/a><\/li>\n<\/ul>\n<\/div>\n<\/div>\n<div class=\"td-author-name vcard author\"><span class=\"fn\"><a href=\"https:\/\/www.tvbuzau.ro\/author\/mihai-vasilescu\/\">TV Buz\u0103u<\/a><\/span><\/div>\n<p><span><\/span><span><span><\/span><\/span><span><\/span><\/footer>\n<\/article>\n<div class=\"td_block_wrap td_block_related_posts td_uid_1_6a881fd8736c0_rand td_with_ajax_pagination td-pb-border-top\" data-td-block-uid=\"td_uid_1_6a881fd8736c0\">\n<h4 class=\"td-related-title\"><a id=\"td_uid_2_6a881fd878ca7\" class=\"td-related-left td-cur-simple-item\" data-td_filter_value data-td_block_id=\"td_uid_1_6a881fd8736c0\" href=\"https:\/\/www.tvbuzau.ro\/consiliul-judetean-buzau-aduce-specialisti-de-la-bucuresti\/\">ARTICOLE SIMILARE<\/a><a id=\"td_uid_3_6a881fd878ce5\" class=\"td-related-right\" data-td_filter_value=\"td_related_more_from_author\" data-td_block_id=\"td_uid_1_6a881fd8736c0\" href=\"https:\/\/www.tvbuzau.ro\/consiliul-judetean-buzau-aduce-specialisti-de-la-bucuresti\/\">DE LA ACELA\u0218I AUTOR<\/a><\/h4>\n<div id=\"td_uid_1_6a881fd8736c0\" class=\"td_block_inner\">\n<div class=\"td-related-row\">\n<div class=\"td-related-span4\">\n<div class=\"td_module_related_posts td-animation-stack td_mod_related_posts\">\n<div class=\"td-module-image\">\n<div class=\"td-module-thumb\"><a href=\"https:\/\/www.tvbuzau.ro\/divizia-2-infanterie-getica-la-110-ani\/\" rel=\"bookmark\" title=\"Divizia 2 Infanterie \u201eGetica\u201d la 110 ani\"><img loading=\"lazy\" decoding=\"async\" width=\"218\" height=\"150\" class=\"entry-thumb\" src=\"https:\/\/www.tvbuzau.ro\/wp-content\/uploads\/2026\/08\/sddefault-41-218x150.jpg\" alt title=\"Divizia 2 Infanterie \u201eGetica\u201d la 110 ani\"><span class=\"td-video-play-ico\"><img loading=\"lazy\" decoding=\"async\" width=\"40\" height=\"40\" class=\"td-retina\" src=\"https:\/\/www.tvbuzau.ro\/wp-content\/themes\/Newspaper\/images\/icons\/ico-video-large.png\" alt=\"video\"><\/span><\/a><\/div>\n<p><a href=\"https:\/\/www.tvbuzau.ro\/category\/actualitate\/\" class=\"td-post-category\">Actualitate<\/a><\/div>\n<div class=\"item-details\">\n<h3 class=\"entry-title td-module-title\"><a href=\"https:\/\/www.tvbuzau.ro\/divizia-2-infanterie-getica-la-110-ani\/\" rel=\"bookmark\" title=\"Divizia 2 Infanterie \u201eGetica\u201d la 110 ani\">Divizia 2 Infanterie \u201eGetica\u201d la 110 ani<\/a><\/h3>\n<\/div>\n<\/div>\n<\/div>\n<div class=\"td-related-span4\">\n<div class=\"td_module_related_posts td-animation-stack td_mod_related_posts\">\n<div class=\"td-module-image\">\n<div class=\"td-module-thumb\"><a href=\"https:\/\/www.tvbuzau.ro\/profesor-de-legislatie-rutiera-trimis-in-judecata-pentru-ultraj\/\" rel=\"bookmark\" title=\"Profesor de legisla\u0163ie rutier\u0103 trimis \u00een judecat\u0103 pentru ultraj\"><img loading=\"lazy\" decoding=\"async\" width=\"218\" height=\"150\" class=\"entry-thumb\" src=\"https:\/\/www.tvbuzau.ro\/wp-content\/uploads\/2026\/08\/sddefault-40-218x150.jpg\" alt title=\"Profesor de legisla\u0163ie rutier\u0103 trimis \u00een judecat\u0103 pentru ultraj\"><span class=\"td-video-play-ico\"><img loading=\"lazy\" decoding=\"async\" width=\"40\" height=\"40\" class=\"td-retina\" src=\"https:\/\/www.tvbuzau.ro\/wp-content\/themes\/Newspaper\/images\/icons\/ico-video-large.png\" alt=\"video\"><\/span><\/a><\/div>\n<p><a href=\"https:\/\/www.tvbuzau.ro\/category\/actualitate\/\" class=\"td-post-category\">Actualitate<\/a><\/div>\n<div class=\"item-details\">\n<h3 class=\"entry-title td-module-title\"><a href=\"https:\/\/www.tvbuzau.ro\/profesor-de-legislatie-rutiera-trimis-in-judecata-pentru-ultraj\/\" rel=\"bookmark\" title=\"Profesor de legisla\u0163ie rutier\u0103 trimis \u00een judecat\u0103 pentru ultraj\">Profesor de legisla\u0163ie rutier\u0103 trimis \u00een judecat\u0103 pentru ultraj<\/a><\/h3>\n<\/div>\n<\/div>\n<\/div>\n<div class=\"td-related-span4\">\n<div class=\"td_module_related_posts td-animation-stack td_mod_related_posts\">\n<div class=\"td-module-image\">\n<div class=\"td-module-thumb\"><a href=\"https:\/\/www.tvbuzau.ro\/constantin-toma-nu-mai-candideaza-la-primaria-buzau-din-partea-psd\/\" rel=\"bookmark\" title=\"Constantin Toma nu mai candideaz\u0103 la Prim\u0103ria Buz\u0103u din partea PSD\"><img loading=\"lazy\" decoding=\"async\" width=\"218\" height=\"150\" class=\"entry-thumb\" src=\"https:\/\/www.tvbuzau.ro\/wp-content\/uploads\/2026\/08\/sddefault-39-218x150.jpg\" alt title=\"Constantin Toma nu mai candideaz\u0103 la Prim\u0103ria Buz\u0103u din partea PSD\"><span class=\"td-video-play-ico\"><img loading=\"lazy\" decoding=\"async\" width=\"40\" height=\"40\" class=\"td-retina\" src=\"https:\/\/www.tvbuzau.ro\/wp-content\/themes\/Newspaper\/images\/icons\/ico-video-large.png\" alt=\"video\"><\/span><\/a><\/div>\n<p><a href=\"https:\/\/www.tvbuzau.ro\/category\/actualitate\/\" class=\"td-post-category\">Actualitate<\/a><\/div>\n<div class=\"item-details\">\n<h3 class=\"entry-title td-module-title\"><a href=\"https:\/\/www.tvbuzau.ro\/constantin-toma-nu-mai-candideaza-la-primaria-buzau-din-partea-psd\/\" rel=\"bookmark\" title=\"Constantin Toma nu mai candideaz\u0103 la Prim\u0103ria Buz\u0103u din partea PSD\">Constantin Toma nu mai candideaz\u0103 la Prim\u0103ria Buz\u0103u din partea PSD<\/a><\/h3>\n<\/div>\n<\/div>\n<\/div>\n<\/div>\n<div class=\"td-related-row\">\n<div class=\"td-related-span4\">\n<div class=\"td_module_related_posts td-animation-stack td_mod_related_posts\">\n<div class=\"td-module-image\">\n<div class=\"td-module-thumb\"><a href=\"https:\/\/www.tvbuzau.ro\/buzau-cel-mai-afectat-judet-in-urma-calamitatilor\/\" rel=\"bookmark\" title=\"Buz\u0103u, cel mai afectat jude\u0163 \u00een urma calamit\u0103\u0163ilor\"><img loading=\"lazy\" decoding=\"async\" width=\"218\" height=\"150\" class=\"entry-thumb\" src=\"https:\/\/www.tvbuzau.ro\/wp-content\/uploads\/2026\/08\/sddefault-37-218x150.jpg\" alt title=\"Buz\u0103u, cel mai afectat jude\u0163 \u00een urma calamit\u0103\u0163ilor\"><span class=\"td-video-play-ico\"><img loading=\"lazy\" decoding=\"async\" width=\"40\" height=\"40\" class=\"td-retina\" src=\"https:\/\/www.tvbuzau.ro\/wp-content\/themes\/Newspaper\/images\/icons\/ico-video-large.png\" alt=\"video\"><\/span><\/a><\/div>\n<p><a href=\"https:\/\/www.tvbuzau.ro\/category\/actualitate\/\" class=\"td-post-category\">Actualitate<\/a><\/div>\n<div class=\"item-details\">\n<h3 class=\"entry-title td-module-title\"><a href=\"https:\/\/www.tvbuzau.ro\/buzau-cel-mai-afectat-judet-in-urma-calamitatilor\/\" rel=\"bookmark\" title=\"Buz\u0103u, cel mai afectat jude\u0163 \u00een urma calamit\u0103\u0163ilor\">Buz\u0103u, cel mai afectat jude\u0163 \u00een urma calamit\u0103\u0163ilor<\/a><\/h3>\n<\/div>\n<\/div>\n<\/div>\n<div class=\"td-related-span4\">\n<div class=\"td_module_related_posts td-animation-stack td_mod_related_posts\">\n<div class=\"td-module-image\">\n<div class=\"td-module-thumb\"><a href=\"https:\/\/www.tvbuzau.ro\/95-dintre-pacientii-buzoieni-apreciaza-serviciile-spitalului-judetean\/\" rel=\"bookmark\" title=\"95% dintre pacien\u0163ii buzoieni apreciaz\u0103 serviciile Spitalului Jude\u0163ean\"><img loading=\"lazy\" decoding=\"async\" width=\"218\" height=\"150\" class=\"entry-thumb\" src=\"https:\/\/www.tvbuzau.ro\/wp-content\/uploads\/2026\/08\/hqdefault-26-218x150.jpg\" alt title=\"95% dintre pacien\u0163ii buzoieni apreciaz\u0103 serviciile Spitalului Jude\u0163ean\"><span class=\"td-video-play-ico\"><img loading=\"lazy\" decoding=\"async\" width=\"40\" height=\"40\" class=\"td-retina\" src=\"https:\/\/www.tvbuzau.ro\/wp-content\/themes\/Newspaper\/images\/icons\/ico-video-large.png\" alt=\"video\"><\/span><\/a><\/div>\n<p><a href=\"https:\/\/www.tvbuzau.ro\/category\/actualitate\/\" class=\"td-post-category\">Actualitate<\/a><\/div>\n<div class=\"item-details\">\n<h3 class=\"entry-title td-module-title\"><a href=\"https:\/\/www.tvbuzau.ro\/95-dintre-pacientii-buzoieni-apreciaza-serviciile-spitalului-judetean\/\" rel=\"bookmark\" title=\"95% dintre pacien\u0163ii buzoieni apreciaz\u0103 serviciile Spitalului Jude\u0163ean\">95% dintre pacien\u0163ii buzoieni apreciaz\u0103 serviciile Spitalului Jude\u0163ean<\/a><\/h3>\n<\/div>\n<\/div>\n<\/div>\n<div class=\"td-related-span4\">\n<div class=\"td_module_related_posts td-animation-stack td_mod_related_posts\">\n<div class=\"td-module-image\">\n<div class=\"td-module-thumb\"><a href=\"https:\/\/www.tvbuzau.ro\/nu-au-putut-sa-isi-cumpere-loc-de-parcare-pentru-datorii-de-cativa-lei\/\" rel=\"bookmark\" title=\"Nu au putut s\u0103 \u00ee\u015fi cumpere loc de parcare pentru datorii de c\u00e2\u0163iva lei\"><img loading=\"lazy\" decoding=\"async\" width=\"218\" height=\"150\" class=\"entry-thumb\" src=\"https:\/\/www.tvbuzau.ro\/wp-content\/uploads\/2026\/08\/hqdefault-25-218x150.jpg\" alt title=\"Nu au putut s\u0103 \u00ee\u015fi cumpere loc de parcare pentru datorii de c\u00e2\u0163iva lei\"><span class=\"td-video-play-ico\"><img loading=\"lazy\" decoding=\"async\" width=\"40\" height=\"40\" class=\"td-retina\" src=\"https:\/\/www.tvbuzau.ro\/wp-content\/themes\/Newspaper\/images\/icons\/ico-video-large.png\" alt=\"video\"><\/span><\/a><\/div>\n<p><a href=\"https:\/\/www.tvbuzau.ro\/category\/actualitate\/\" class=\"td-post-category\">Actualitate<\/a><\/div>\n<div class=\"item-details\">\n<h3 class=\"entry-title td-module-title\"><a href=\"https:\/\/www.tvbuzau.ro\/nu-au-putut-sa-isi-cumpere-loc-de-parcare-pentru-datorii-de-cativa-lei\/\" rel=\"bookmark\" title=\"Nu au putut s\u0103 \u00ee\u015fi cumpere loc de parcare pentru datorii de c\u00e2\u0163iva lei\">Nu au putut s\u0103 \u00ee\u015fi cumpere loc de parcare pentru datorii de c\u00e2\u0163iva lei<\/a><\/h3>\n<\/div>\n<\/div>\n<\/div>\n<\/div>\n<\/div>\n<\/div>\n<div class=\"comments\" id=\"comments\">\n<div id=\"respond\" class=\"comment-respond\">\n<h3 id=\"reply-title\" class=\"comment-reply-title\">L\u0102SA\u021aI UN MESAJ <small><a rel=\"nofollow\" id=\"cancel-comment-reply-link\" href=\"https:\/\/www.tvbuzau.ro\/consiliul-judetean-buzau-aduce-specialisti-de-la-bucuresti\/#respond\">Renun\u021ba\u021bi la r\u0103spuns<\/a><\/small><\/h3>\n<\/div>\n<\/div>\n<\/div>\n<div class=\"td-post-content\">\n<div class=\"td-featured-image-rec\">\n<div class=\"wpb_video_wrapper\">\n                    <iframe loading=\"lazy\" id=\"td_youtube_player\" width=\"600\" height=\"560\" src=\"https:\/\/www.youtube.com\/embed\/ioYeQUFFUY8?enablejsapi=1&amp;feature=oembed&amp;wmode=opaque&amp;vq=hd720\" frameborder allowfullscreen><\/iframe><\/p><\/div>\n<\/div>\n<p>Buzoienii vor s\u0103 se \u00eentoarc\u0103 din Capital\u0103, acas\u0103 la familii<br \/>\nConsiliul Jude\u0163ean Buz\u0103u a organizat concurs pentru un post deosebit de importat, cel de arhitect \u015fef. Totu\u015fi, \u00een urma anun\u0163ului de selec\u0163ie nu a fost angajat\u0103 nicio persoan\u0103, motiv pentru care in-stitu\u0163ia va transfera un specialist la Buz\u0103u, din Bucure\u015fti.<br \/>\n\u015eeful CJ Buz\u0103u a explicat c\u0103 mai mul\u0163i buzoieni care lucreaz\u0103 \u00een institu\u0163ii publice din Capital\u0103 doresc s\u0103 se \u00eentoarc\u0103 acas\u0103.<br \/>\nUn arhitect \u015fef trebuie s\u0103 avizeze documente de urbanism, planuri urbanistice \u015fi alte documente de-osebit de importante pentru Consiliul Jude\u0163ean Buz\u0103u.<\/p>\n<div class=\"post-views post-120097 entry-meta\"><span class=\"post-views-label\">Post Views: <\/span><span class=\"post-views-count\">86<\/span><\/div>\n<\/div>\n<p>[analyse_source url=&#8221;https:\/\/www.tvbuzau.ro\/consiliul-judetean-buzau-aduce-specialisti-de-la-bucuresti\/&#8221;]<\/p>\n","protected":false},"excerpt":{"rendered":"<p>[analyse_image type=&#8221;featured&#8221; src=&#8221;https:\/\/www.tvbuzau.ro\/wp-content\/uploads\/2026\/08\/sddefault-38.jpghttps:\/\/www.tvbuzau.ro\/wp-content\/uploads\/2026\/08\/sddefault-38.jpg&#8221;] Actualitate Consiliul Jude\u0163ean Buz\u0103u aduce speciali\u015fti de la Bucure\u015fti De c\u0103tre TV Buz\u0103u &#8211; august 20, 2026 0 5 Distribui\u021bi pe Facebook Distribui\u021bi pe Twitter tweet Buzoienii vor s\u0103 se \u00eentoarc\u0103 din Capital\u0103, acas\u0103 la familii Consiliul Jude\u0163ean Buz\u0103u a organizat concurs pentru un post deosebit de importat, cel de arhitect \u015fef. [&hellip;]<\/p>\n","protected":false},"author":1,"featured_media":0,"comment_status":"open","ping_status":"","sticky":false,"template":"","format":"standard","meta":{"footnotes":""},"categories":[2],"tags":[226,116],"class_list":["post-2104238","post","type-post","status-publish","format-standard","hentry","category-politics","tag-crawlmanager","tag-tvbuzau-ro"],"_links":{"self":[{"href":"https:\/\/analyse.optim.biz\/index.php?rest_route=\/wp\/v2\/posts\/2104238","targetHints":{"allow":["GET"]}}],"collection":[{"href":"https:\/\/analyse.optim.biz\/index.php?rest_route=\/wp\/v2\/posts"}],"about":[{"href":"https:\/\/analyse.optim.biz\/index.php?rest_route=\/wp\/v2\/types\/post"}],"author":[{"embeddable":true,"href":"https:\/\/analyse.optim.biz\/index.php?rest_route=\/wp\/v2\/users\/1"}],"replies":[{"embeddable":true,"href":"https:\/\/analyse.optim.biz\/index.php?rest_route=%2Fwp%2Fv2%2Fcomments&post=2104238"}],"version-history":[{"count":0,"href":"https:\/\/analyse.optim.biz\/index.php?rest_route=\/wp\/v2\/posts\/2104238\/revisions"}],"wp:attachment":[{"href":"https:\/\/analyse.optim.biz\/index.php?rest_route=%2Fwp%2Fv2%2Fmedia&parent=2104238"}],"wp:term":[{"taxonomy":"category","embeddable":true,"href":"https:\/\/analyse.optim.biz\/index.php?rest_route=%2Fwp%2Fv2%2Fcategories&post=2104238"},{"taxonomy":"post_tag","embeddable":true,"href":"https:\/\/analyse.optim.biz\/index.php?rest_route=%2Fwp%2Fv2%2Ftags&post=2104238"}],"curies":[{"name":"wp","href":"https:\/\/api.w.org\/{rel}","templated":true}]}}