{"id":2104234,"date":"2026-08-20T19:59:13","date_gmt":"2026-08-20T16:59:13","guid":{"rendered":"https:\/\/analyse.optim.biz\/?p=2104234"},"modified":"2026-08-20T19:59:13","modified_gmt":"2026-08-20T16:59:13","slug":"profesor-de-legislatie-rutiera-trimis-in-judecata-pentru-ultraj","status":"publish","type":"post","link":"https:\/\/analyse.optim.biz\/?p=2104234","title":{"rendered":"Profesor de legisla\u0163ie rutier\u0103 trimis \u00een judecat\u0103 pentru ultraj"},"content":{"rendered":"<p>[analyse_image type=&#8221;featured&#8221; src=&#8221;https:\/\/www.tvbuzau.ro\/wp-content\/uploads\/2026\/08\/sddefault-40.jpghttps:\/\/www.tvbuzau.ro\/wp-content\/uploads\/2026\/08\/sddefault-40.jpg&#8221;]<\/p>\n<div class=\"td-ss-main-content\">\n<article id=\"post-120103\" class=\"post-120103 post type-post status-publish format-video has-post-thumbnail hentry category-actualitate post_format-post-format-video\">\n<div class=\"td-post-header\">\n<ul class=\"td-category\">\n<li class=\"entry-category\"><a href=\"https:\/\/www.tvbuzau.ro\/category\/actualitate\/\">Actualitate<\/a><\/li>\n<\/ul>\n<header class=\"td-post-title\">\n<h1 class=\"entry-title\">Profesor de legisla\u0163ie rutier\u0103 trimis \u00een judecat\u0103 pentru ultraj<\/h1>\n<div class=\"td-module-meta-info\">\n<div class=\"td-post-author-name\">De c\u0103tre <a href=\"https:\/\/www.tvbuzau.ro\/author\/mihai-vasilescu\/\">TV Buz\u0103u<\/a> &#8211; <\/div>\n<p><span class=\"td-post-date\"><time class=\"entry-date updated td-module-date\" datetime=\"2026-08-20T19:59:13+00:00\">august 20, 2026<\/time><\/span><\/p>\n<div class=\"td-post-comments\"><a href=\"https:\/\/www.tvbuzau.ro\/profesor-de-legislatie-rutiera-trimis-in-judecata-pentru-ultraj\/#respond\">0<\/a><\/div>\n<div class=\"td-post-views\"><span class=\"td-nr-views-120103\">7<\/span><\/div>\n<\/div>\n<\/header>\n<\/div>\n<div class=\"td-post-sharing td-post-sharing-top td-with-like\">\n<div class=\"td-default-sharing\"><a class=\"td-social-sharing-buttons td-social-facebook\" href=\"http:\/\/www.facebook.com\/sharer.php?u=https%3A%2F%2Fwww.tvbuzau.ro%2Fprofesor-de-legislatie-rutiera-trimis-in-judecata-pentru-ultraj%2F\"><\/p>\n<div class=\"td-social-but-text\">Distribui\u021bi pe Facebook<\/div>\n<p><\/a><a class=\"td-social-sharing-buttons td-social-twitter\" href=\"https:\/\/twitter.com\/intent\/tweet?text=Profesor+de+legisla%C5%A3ie+rutier%C4%83+trimis+%C3%AEn+judecat%C4%83+pentru+ultraj&amp;url=https%3A%2F%2Fwww.tvbuzau.ro%2Fprofesor-de-legislatie-rutiera-trimis-in-judecata-pentru-ultraj%2F&amp;via=TV+Buz%C4%83u\"><\/p>\n<div class=\"td-social-but-text\">Distribui\u021bi pe Twitter<\/div>\n<p><\/a><\/div>\n<div class=\"td-classic-sharing\">\n<ul>\n<li class=\"td-classic-facebook\"><iframe frameborder src=\"https:\/\/www.facebook.com\/plugins\/like.php?href=https:\/\/www.tvbuzau.ro\/profesor-de-legislatie-rutiera-trimis-in-judecata-pentru-ultraj\/&amp;layout=button_count&amp;show_faces=false&amp;width=105&amp;action=like&amp;colorscheme=light&amp;height=21\"><\/iframe><\/li>\n<li class=\"td-classic-twitter\"><a href=\"https:\/\/twitter.com\/share\" class=\"twitter-share-button\" data-url=\"https:\/\/www.tvbuzau.ro\/profesor-de-legislatie-rutiera-trimis-in-judecata-pentru-ultraj\/\" data-text=\"Profesor de legisla\u0163ie rutier\u0103 trimis \u00een judecat\u0103 pentru ultraj\" data-via data-lang=\"en\">tweet<\/a><\/li>\n<\/ul>\n<\/div>\n<\/div>\n<div class=\"td-post-content\">\n<div class=\"td-featured-image-rec\">\n<div class=\"wpb_video_wrapper\">\n                    <iframe loading=\"lazy\" id=\"td_youtube_player\" width=\"600\" height=\"560\" src=\"https:\/\/www.youtube.com\/embed\/2erVUH1MDlQ?enablejsapi=1&amp;feature=oembed&amp;wmode=opaque&amp;vq=hd720\" frameborder allowfullscreen><\/iframe><\/p><\/div>\n<\/div>\n<p>Cum s-a ajuns la acest\u0103 situa\u0163ie?<br \/>\nProcurorul din cadrul Parchetului de pe l\u00e2ng\u0103 Judec\u0103toria Buz\u0103u a dispus trimiterea \u00een judecat\u0103 a unui b\u0103rbat, \u00een stare de arest la domiciliu, pentru s\u0103v\u00e2r\u015firea infrac\u0163iunii de ultraj.<\/p>\n<p>\u201c\u00cen data de 30.06.2026, \u00een jurul orelor 19:18, \u00een timp ce se afla pe strada P\u0103cii din Municipiul Buz\u0103u, conduc\u00e2nd pe drumul public autoturismul marca Volkswagen Golf, cu ocazia efectu\u0103rii unei test\u0103ri alcoolscopice pentru determinarea prezen\u0163ei alcoolului, prin demararea de pe loc, f\u0103r\u0103 permisiune, inculpatul l-a lovit cu autoturismul pe persoana v\u0103t\u0103mat\u0103\u2026, agent de poli\u0163ie \u00een cadrul Poli\u0163iei Municipiului Buz\u0103u \u2013 Biroul Rutier, aflat \u00een exercitarea atribu\u0163iilor de serviciu, persoana v\u0103t\u0103mat\u0103 fiind prins\u0103 \u015fi tras\u0103 pe l\u00e2ng\u0103 autoturism aproximativ 20 metri, c\u0103z\u00e2nd ulterior la nivelul solului, fiindu-i astfel produse leziuni traumatice pentru care a necesitat un num\u0103r de 25-30 de zile de \u00eengrijire medical\u0103\u201d,  anun\u0163at Parchetul de pe l\u00e2ng\u0103 Judec\u0103toria Buz\u0103u.<br \/>\nAnchetatorii arat\u0103 c\u0103 persoana cercetat\u0103 este profesor de legisla\u0163ie rutier\u0103.<\/p>\n<p>\u201cAutoturismul \u00een cauz\u0103 avea pozi\u0163ionat\u0103 pe plafon o carcas\u0103 de culoare portocalie cu inscrip\u0163ia \u201e\u015eCOAL\u0102\u201d. Dup\u0103 s\u0103v\u00e2r\u0219irea faptei inculpatul a fugit de la locul faptei \u0219i s-a ascuns, fiind identificat la c\u00e2teva ore. 2 Inculpatul este profesor de legisla\u0163ie rutier\u0103 \u00een cadrul Liceului Agricol Buz\u0103u\u201d, mai arat\u0103 unitatea de parchet.<\/p>\n<div class=\"post-views post-120103 entry-meta\"><span class=\"post-views-label\">Post Views: <\/span><span class=\"post-views-count\">83<\/span><\/div>\n<\/div>\n<footer>\n<div class=\"td-post-sharing td-post-sharing-bottom td-with-like\"><span class=\"td-post-share-title\">DISTRIBUI\u021aI<\/span><\/p>\n<div class=\"td-default-sharing\"><a class=\"td-social-sharing-buttons td-social-facebook\" href=\"http:\/\/www.facebook.com\/sharer.php?u=https%3A%2F%2Fwww.tvbuzau.ro%2Fprofesor-de-legislatie-rutiera-trimis-in-judecata-pentru-ultraj%2F\"><\/p>\n<div class=\"td-social-but-text\">Facebook<\/div>\n<p><\/a><a class=\"td-social-sharing-buttons td-social-twitter\" href=\"https:\/\/twitter.com\/intent\/tweet?text=Profesor+de+legisla%C5%A3ie+rutier%C4%83+trimis+%C3%AEn+judecat%C4%83+pentru+ultraj&amp;url=https%3A%2F%2Fwww.tvbuzau.ro%2Fprofesor-de-legislatie-rutiera-trimis-in-judecata-pentru-ultraj%2F&amp;via=TV+Buz%C4%83u\"><\/p>\n<div class=\"td-social-but-text\">Twitter<\/div>\n<p><\/a><\/div>\n<div class=\"td-classic-sharing\">\n<ul>\n<li class=\"td-classic-facebook\"><iframe frameborder src=\"https:\/\/www.facebook.com\/plugins\/like.php?href=https:\/\/www.tvbuzau.ro\/profesor-de-legislatie-rutiera-trimis-in-judecata-pentru-ultraj\/&amp;layout=button_count&amp;show_faces=false&amp;width=105&amp;action=like&amp;colorscheme=light&amp;height=21\"><\/iframe><\/li>\n<li class=\"td-classic-twitter\"><a href=\"https:\/\/twitter.com\/share\" class=\"twitter-share-button\" data-url=\"https:\/\/www.tvbuzau.ro\/profesor-de-legislatie-rutiera-trimis-in-judecata-pentru-ultraj\/\" data-text=\"Profesor de legisla\u0163ie rutier\u0103 trimis \u00een judecat\u0103 pentru ultraj\" data-via data-lang=\"en\">tweet<\/a><\/li>\n<\/ul>\n<\/div>\n<\/div>\n<div class=\"td-author-name vcard author\"><span class=\"fn\"><a href=\"https:\/\/www.tvbuzau.ro\/author\/mihai-vasilescu\/\">TV Buz\u0103u<\/a><\/span><\/div>\n<p><span><\/span><span><span><\/span><\/span><span><\/span><\/footer>\n<\/article>\n<div class=\"td_block_wrap td_block_related_posts td_uid_1_6a881f7c81180_rand td_with_ajax_pagination td-pb-border-top\" data-td-block-uid=\"td_uid_1_6a881f7c81180\">\n<h4 class=\"td-related-title\"><a id=\"td_uid_2_6a881f7c86ab5\" class=\"td-related-left td-cur-simple-item\" data-td_filter_value data-td_block_id=\"td_uid_1_6a881f7c81180\" href=\"https:\/\/www.tvbuzau.ro\/profesor-de-legislatie-rutiera-trimis-in-judecata-pentru-ultraj\/\">ARTICOLE SIMILARE<\/a><a id=\"td_uid_3_6a881f7c86aef\" class=\"td-related-right\" data-td_filter_value=\"td_related_more_from_author\" data-td_block_id=\"td_uid_1_6a881f7c81180\" href=\"https:\/\/www.tvbuzau.ro\/profesor-de-legislatie-rutiera-trimis-in-judecata-pentru-ultraj\/\">DE LA ACELA\u0218I AUTOR<\/a><\/h4>\n<div id=\"td_uid_1_6a881f7c81180\" class=\"td_block_inner\">\n<div class=\"td-related-row\">\n<div class=\"td-related-span4\">\n<div class=\"td_module_related_posts td-animation-stack td_mod_related_posts\">\n<div class=\"td-module-image\">\n<div class=\"td-module-thumb\"><a href=\"https:\/\/www.tvbuzau.ro\/divizia-2-infanterie-getica-la-110-ani\/\" rel=\"bookmark\" title=\"Divizia 2 Infanterie \u201eGetica\u201d la 110 ani\"><img loading=\"lazy\" decoding=\"async\" width=\"218\" height=\"150\" class=\"entry-thumb\" src=\"https:\/\/www.tvbuzau.ro\/wp-content\/uploads\/2026\/08\/sddefault-41-218x150.jpg\" alt title=\"Divizia 2 Infanterie \u201eGetica\u201d la 110 ani\"><span class=\"td-video-play-ico\"><img loading=\"lazy\" decoding=\"async\" width=\"40\" height=\"40\" class=\"td-retina\" src=\"https:\/\/www.tvbuzau.ro\/wp-content\/themes\/Newspaper\/images\/icons\/ico-video-large.png\" alt=\"video\"><\/span><\/a><\/div>\n<p><a href=\"https:\/\/www.tvbuzau.ro\/category\/actualitate\/\" class=\"td-post-category\">Actualitate<\/a><\/div>\n<div class=\"item-details\">\n<h3 class=\"entry-title td-module-title\"><a href=\"https:\/\/www.tvbuzau.ro\/divizia-2-infanterie-getica-la-110-ani\/\" rel=\"bookmark\" title=\"Divizia 2 Infanterie \u201eGetica\u201d la 110 ani\">Divizia 2 Infanterie \u201eGetica\u201d la 110 ani<\/a><\/h3>\n<\/div>\n<\/div>\n<\/div>\n<div class=\"td-related-span4\">\n<div class=\"td_module_related_posts td-animation-stack td_mod_related_posts\">\n<div class=\"td-module-image\">\n<div class=\"td-module-thumb\"><a href=\"https:\/\/www.tvbuzau.ro\/constantin-toma-nu-mai-candideaza-la-primaria-buzau-din-partea-psd\/\" rel=\"bookmark\" title=\"Constantin Toma nu mai candideaz\u0103 la Prim\u0103ria Buz\u0103u din partea PSD\"><img loading=\"lazy\" decoding=\"async\" width=\"218\" height=\"150\" class=\"entry-thumb\" src=\"https:\/\/www.tvbuzau.ro\/wp-content\/uploads\/2026\/08\/sddefault-39-218x150.jpg\" alt title=\"Constantin Toma nu mai candideaz\u0103 la Prim\u0103ria Buz\u0103u din partea PSD\"><span class=\"td-video-play-ico\"><img loading=\"lazy\" decoding=\"async\" width=\"40\" height=\"40\" class=\"td-retina\" src=\"https:\/\/www.tvbuzau.ro\/wp-content\/themes\/Newspaper\/images\/icons\/ico-video-large.png\" alt=\"video\"><\/span><\/a><\/div>\n<p><a href=\"https:\/\/www.tvbuzau.ro\/category\/actualitate\/\" class=\"td-post-category\">Actualitate<\/a><\/div>\n<div class=\"item-details\">\n<h3 class=\"entry-title td-module-title\"><a href=\"https:\/\/www.tvbuzau.ro\/constantin-toma-nu-mai-candideaza-la-primaria-buzau-din-partea-psd\/\" rel=\"bookmark\" title=\"Constantin Toma nu mai candideaz\u0103 la Prim\u0103ria Buz\u0103u din partea PSD\">Constantin Toma nu mai candideaz\u0103 la Prim\u0103ria Buz\u0103u din partea PSD<\/a><\/h3>\n<\/div>\n<\/div>\n<\/div>\n<div class=\"td-related-span4\">\n<div class=\"td_module_related_posts td-animation-stack td_mod_related_posts\">\n<div class=\"td-module-image\">\n<div class=\"td-module-thumb\"><a href=\"https:\/\/www.tvbuzau.ro\/consiliul-judetean-buzau-aduce-specialisti-de-la-bucuresti\/\" rel=\"bookmark\" title=\"Consiliul Jude\u0163ean Buz\u0103u aduce speciali\u015fti de la Bucure\u015fti\"><img loading=\"lazy\" decoding=\"async\" width=\"218\" height=\"150\" class=\"entry-thumb\" src=\"https:\/\/www.tvbuzau.ro\/wp-content\/uploads\/2026\/08\/sddefault-38-218x150.jpg\" alt title=\"Consiliul Jude\u0163ean Buz\u0103u aduce speciali\u015fti de la Bucure\u015fti\"><span class=\"td-video-play-ico\"><img loading=\"lazy\" decoding=\"async\" width=\"40\" height=\"40\" class=\"td-retina\" src=\"https:\/\/www.tvbuzau.ro\/wp-content\/themes\/Newspaper\/images\/icons\/ico-video-large.png\" alt=\"video\"><\/span><\/a><\/div>\n<p><a href=\"https:\/\/www.tvbuzau.ro\/category\/actualitate\/\" class=\"td-post-category\">Actualitate<\/a><\/div>\n<div class=\"item-details\">\n<h3 class=\"entry-title td-module-title\"><a href=\"https:\/\/www.tvbuzau.ro\/consiliul-judetean-buzau-aduce-specialisti-de-la-bucuresti\/\" rel=\"bookmark\" title=\"Consiliul Jude\u0163ean Buz\u0103u aduce speciali\u015fti de la Bucure\u015fti\">Consiliul Jude\u0163ean Buz\u0103u aduce speciali\u015fti de la Bucure\u015fti<\/a><\/h3>\n<\/div>\n<\/div>\n<\/div>\n<\/div>\n<div class=\"td-related-row\">\n<div class=\"td-related-span4\">\n<div class=\"td_module_related_posts td-animation-stack td_mod_related_posts\">\n<div class=\"td-module-image\">\n<div class=\"td-module-thumb\"><a href=\"https:\/\/www.tvbuzau.ro\/buzau-cel-mai-afectat-judet-in-urma-calamitatilor\/\" rel=\"bookmark\" title=\"Buz\u0103u, cel mai afectat jude\u0163 \u00een urma calamit\u0103\u0163ilor\"><img loading=\"lazy\" decoding=\"async\" width=\"218\" height=\"150\" class=\"entry-thumb\" src=\"https:\/\/www.tvbuzau.ro\/wp-content\/uploads\/2026\/08\/sddefault-37-218x150.jpg\" alt title=\"Buz\u0103u, cel mai afectat jude\u0163 \u00een urma calamit\u0103\u0163ilor\"><span class=\"td-video-play-ico\"><img loading=\"lazy\" decoding=\"async\" width=\"40\" height=\"40\" class=\"td-retina\" src=\"https:\/\/www.tvbuzau.ro\/wp-content\/themes\/Newspaper\/images\/icons\/ico-video-large.png\" alt=\"video\"><\/span><\/a><\/div>\n<p><a href=\"https:\/\/www.tvbuzau.ro\/category\/actualitate\/\" class=\"td-post-category\">Actualitate<\/a><\/div>\n<div class=\"item-details\">\n<h3 class=\"entry-title td-module-title\"><a href=\"https:\/\/www.tvbuzau.ro\/buzau-cel-mai-afectat-judet-in-urma-calamitatilor\/\" rel=\"bookmark\" title=\"Buz\u0103u, cel mai afectat jude\u0163 \u00een urma calamit\u0103\u0163ilor\">Buz\u0103u, cel mai afectat jude\u0163 \u00een urma calamit\u0103\u0163ilor<\/a><\/h3>\n<\/div>\n<\/div>\n<\/div>\n<div class=\"td-related-span4\">\n<div class=\"td_module_related_posts td-animation-stack td_mod_related_posts\">\n<div class=\"td-module-image\">\n<div class=\"td-module-thumb\"><a href=\"https:\/\/www.tvbuzau.ro\/95-dintre-pacientii-buzoieni-apreciaza-serviciile-spitalului-judetean\/\" rel=\"bookmark\" title=\"95% dintre pacien\u0163ii buzoieni apreciaz\u0103 serviciile Spitalului Jude\u0163ean\"><img loading=\"lazy\" decoding=\"async\" width=\"218\" height=\"150\" class=\"entry-thumb\" src=\"https:\/\/www.tvbuzau.ro\/wp-content\/uploads\/2026\/08\/hqdefault-26-218x150.jpg\" alt title=\"95% dintre pacien\u0163ii buzoieni apreciaz\u0103 serviciile Spitalului Jude\u0163ean\"><span class=\"td-video-play-ico\"><img loading=\"lazy\" decoding=\"async\" width=\"40\" height=\"40\" class=\"td-retina\" src=\"https:\/\/www.tvbuzau.ro\/wp-content\/themes\/Newspaper\/images\/icons\/ico-video-large.png\" alt=\"video\"><\/span><\/a><\/div>\n<p><a href=\"https:\/\/www.tvbuzau.ro\/category\/actualitate\/\" class=\"td-post-category\">Actualitate<\/a><\/div>\n<div class=\"item-details\">\n<h3 class=\"entry-title td-module-title\"><a href=\"https:\/\/www.tvbuzau.ro\/95-dintre-pacientii-buzoieni-apreciaza-serviciile-spitalului-judetean\/\" rel=\"bookmark\" title=\"95% dintre pacien\u0163ii buzoieni apreciaz\u0103 serviciile Spitalului Jude\u0163ean\">95% dintre pacien\u0163ii buzoieni apreciaz\u0103 serviciile Spitalului Jude\u0163ean<\/a><\/h3>\n<\/div>\n<\/div>\n<\/div>\n<div class=\"td-related-span4\">\n<div class=\"td_module_related_posts td-animation-stack td_mod_related_posts\">\n<div class=\"td-module-image\">\n<div class=\"td-module-thumb\"><a href=\"https:\/\/www.tvbuzau.ro\/nu-au-putut-sa-isi-cumpere-loc-de-parcare-pentru-datorii-de-cativa-lei\/\" rel=\"bookmark\" title=\"Nu au putut s\u0103 \u00ee\u015fi cumpere loc de parcare pentru datorii de c\u00e2\u0163iva lei\"><img loading=\"lazy\" decoding=\"async\" width=\"218\" height=\"150\" class=\"entry-thumb\" src=\"https:\/\/www.tvbuzau.ro\/wp-content\/uploads\/2026\/08\/hqdefault-25-218x150.jpg\" alt title=\"Nu au putut s\u0103 \u00ee\u015fi cumpere loc de parcare pentru datorii de c\u00e2\u0163iva lei\"><span class=\"td-video-play-ico\"><img loading=\"lazy\" decoding=\"async\" width=\"40\" height=\"40\" class=\"td-retina\" src=\"https:\/\/www.tvbuzau.ro\/wp-content\/themes\/Newspaper\/images\/icons\/ico-video-large.png\" alt=\"video\"><\/span><\/a><\/div>\n<p><a href=\"https:\/\/www.tvbuzau.ro\/category\/actualitate\/\" class=\"td-post-category\">Actualitate<\/a><\/div>\n<div class=\"item-details\">\n<h3 class=\"entry-title td-module-title\"><a href=\"https:\/\/www.tvbuzau.ro\/nu-au-putut-sa-isi-cumpere-loc-de-parcare-pentru-datorii-de-cativa-lei\/\" rel=\"bookmark\" title=\"Nu au putut s\u0103 \u00ee\u015fi cumpere loc de parcare pentru datorii de c\u00e2\u0163iva lei\">Nu au putut s\u0103 \u00ee\u015fi cumpere loc de parcare pentru datorii de c\u00e2\u0163iva lei<\/a><\/h3>\n<\/div>\n<\/div>\n<\/div>\n<\/div>\n<\/div>\n<\/div>\n<div class=\"comments\" id=\"comments\">\n<div id=\"respond\" class=\"comment-respond\">\n<h3 id=\"reply-title\" class=\"comment-reply-title\">L\u0102SA\u021aI UN MESAJ <small><a rel=\"nofollow\" id=\"cancel-comment-reply-link\" href=\"https:\/\/www.tvbuzau.ro\/profesor-de-legislatie-rutiera-trimis-in-judecata-pentru-ultraj\/#respond\">Renun\u021ba\u021bi la r\u0103spuns<\/a><\/small><\/h3>\n<\/div>\n<\/div>\n<\/div>\n<div class=\"td-post-content\">\n<div class=\"td-featured-image-rec\">\n<div class=\"wpb_video_wrapper\">\n                    <iframe loading=\"lazy\" id=\"td_youtube_player\" width=\"600\" height=\"560\" src=\"https:\/\/www.youtube.com\/embed\/2erVUH1MDlQ?enablejsapi=1&amp;feature=oembed&amp;wmode=opaque&amp;vq=hd720\" frameborder allowfullscreen><\/iframe><\/p><\/div>\n<\/div>\n<p>Cum s-a ajuns la acest\u0103 situa\u0163ie?<br \/>\nProcurorul din cadrul Parchetului de pe l\u00e2ng\u0103 Judec\u0103toria Buz\u0103u a dispus trimiterea \u00een judecat\u0103 a unui b\u0103rbat, \u00een stare de arest la domiciliu, pentru s\u0103v\u00e2r\u015firea infrac\u0163iunii de ultraj.<\/p>\n<p>\u201c\u00cen data de 30.06.2026, \u00een jurul orelor 19:18, \u00een timp ce se afla pe strada P\u0103cii din Municipiul Buz\u0103u, conduc\u00e2nd pe drumul public autoturismul marca Volkswagen Golf, cu ocazia efectu\u0103rii unei test\u0103ri alcoolscopice pentru determinarea prezen\u0163ei alcoolului, prin demararea de pe loc, f\u0103r\u0103 permisiune, inculpatul l-a lovit cu autoturismul pe persoana v\u0103t\u0103mat\u0103\u2026, agent de poli\u0163ie \u00een cadrul Poli\u0163iei Municipiului Buz\u0103u \u2013 Biroul Rutier, aflat \u00een exercitarea atribu\u0163iilor de serviciu, persoana v\u0103t\u0103mat\u0103 fiind prins\u0103 \u015fi tras\u0103 pe l\u00e2ng\u0103 autoturism aproximativ 20 metri, c\u0103z\u00e2nd ulterior la nivelul solului, fiindu-i astfel produse leziuni traumatice pentru care a necesitat un num\u0103r de 25-30 de zile de \u00eengrijire medical\u0103\u201d,  anun\u0163at Parchetul de pe l\u00e2ng\u0103 Judec\u0103toria Buz\u0103u.<br \/>\nAnchetatorii arat\u0103 c\u0103 persoana cercetat\u0103 este profesor de legisla\u0163ie rutier\u0103.<\/p>\n<p>\u201cAutoturismul \u00een cauz\u0103 avea pozi\u0163ionat\u0103 pe plafon o carcas\u0103 de culoare portocalie cu inscrip\u0163ia \u201e\u015eCOAL\u0102\u201d. Dup\u0103 s\u0103v\u00e2r\u0219irea faptei inculpatul a fugit de la locul faptei \u0219i s-a ascuns, fiind identificat la c\u00e2teva ore. 2 Inculpatul este profesor de legisla\u0163ie rutier\u0103 \u00een cadrul Liceului Agricol Buz\u0103u\u201d, mai arat\u0103 unitatea de parchet.<\/p>\n<div class=\"post-views post-120103 entry-meta\"><span class=\"post-views-label\">Post Views: <\/span><span class=\"post-views-count\">83<\/span><\/div>\n<\/div>\n<p>[analyse_source url=&#8221;https:\/\/www.tvbuzau.ro\/profesor-de-legislatie-rutiera-trimis-in-judecata-pentru-ultraj\/&#8221;]<\/p>\n","protected":false},"excerpt":{"rendered":"<p>[analyse_image type=&#8221;featured&#8221; src=&#8221;https:\/\/www.tvbuzau.ro\/wp-content\/uploads\/2026\/08\/sddefault-40.jpghttps:\/\/www.tvbuzau.ro\/wp-content\/uploads\/2026\/08\/sddefault-40.jpg&#8221;] Actualitate Profesor de legisla\u0163ie rutier\u0103 trimis \u00een judecat\u0103 pentru ultraj De c\u0103tre TV Buz\u0103u &#8211; august 20, 2026 0 7 Distribui\u021bi pe Facebook Distribui\u021bi pe Twitter tweet Cum s-a ajuns la acest\u0103 situa\u0163ie? Procurorul din cadrul Parchetului de pe l\u00e2ng\u0103 Judec\u0103toria Buz\u0103u a dispus trimiterea \u00een judecat\u0103 a unui b\u0103rbat, \u00een stare [&hellip;]<\/p>\n","protected":false},"author":1,"featured_media":0,"comment_status":"open","ping_status":"","sticky":false,"template":"","format":"standard","meta":{"footnotes":""},"categories":[2],"tags":[226,116],"class_list":["post-2104234","post","type-post","status-publish","format-standard","hentry","category-politics","tag-crawlmanager","tag-tvbuzau-ro"],"_links":{"self":[{"href":"https:\/\/analyse.optim.biz\/index.php?rest_route=\/wp\/v2\/posts\/2104234","targetHints":{"allow":["GET"]}}],"collection":[{"href":"https:\/\/analyse.optim.biz\/index.php?rest_route=\/wp\/v2\/posts"}],"about":[{"href":"https:\/\/analyse.optim.biz\/index.php?rest_route=\/wp\/v2\/types\/post"}],"author":[{"embeddable":true,"href":"https:\/\/analyse.optim.biz\/index.php?rest_route=\/wp\/v2\/users\/1"}],"replies":[{"embeddable":true,"href":"https:\/\/analyse.optim.biz\/index.php?rest_route=%2Fwp%2Fv2%2Fcomments&post=2104234"}],"version-history":[{"count":0,"href":"https:\/\/analyse.optim.biz\/index.php?rest_route=\/wp\/v2\/posts\/2104234\/revisions"}],"wp:attachment":[{"href":"https:\/\/analyse.optim.biz\/index.php?rest_route=%2Fwp%2Fv2%2Fmedia&parent=2104234"}],"wp:term":[{"taxonomy":"category","embeddable":true,"href":"https:\/\/analyse.optim.biz\/index.php?rest_route=%2Fwp%2Fv2%2Fcategories&post=2104234"},{"taxonomy":"post_tag","embeddable":true,"href":"https:\/\/analyse.optim.biz\/index.php?rest_route=%2Fwp%2Fv2%2Ftags&post=2104234"}],"curies":[{"name":"wp","href":"https:\/\/api.w.org\/{rel}","templated":true}]}}