{"id":2104105,"date":"2026-08-18T15:16:39","date_gmt":"2026-08-18T12:16:39","guid":{"rendered":"https:\/\/analyse.optim.biz\/?p=2104105"},"modified":"2026-08-18T15:16:39","modified_gmt":"2026-08-18T12:16:39","slug":"deputatul-cosmin-andrei-apara-dreptul-la-educatie-in-limba-materna-in-cadrul-universitatii-de-vara-izvoru-muresului","status":"publish","type":"post","link":"https:\/\/analyse.optim.biz\/?p=2104105","title":{"rendered":"Deputatul Cosmin Andrei ap\u0103r\u0103 dreptul la educa\u021bie \u00een limba matern\u0103 \u00een cadrul Universit\u0103\u021bii de Var\u0103 \u201eIzvoru Mure\u0219ului\u201d"},"content":{"rendered":"<p>[analyse_image type=&#8221;featured&#8221; src=&#8221;https:\/\/infotulcea.ro\/wp-content\/uploads\/2025\/03\/cosmin-andrei-deputat.jpghttps:\/\/infotulcea.ro\/wp-content\/uploads\/2025\/03\/cosmin-andrei-deputat.jpg&#8221;]<\/p>\n<div id=\"content\" class=\"site-content container\">\n<div id=\"main-content-row\" class=\"tie-row main-content-row\">\n<div class=\"main-content tie-col-md-8 tie-col-xs-12\" role=\"main\">\n<article id=\"the-post\" class=\"container-wrapper post-content tie-standard\">\n<header class=\"entry-header-outer\">\n<nav id=\"breadcrumb\"><a href=\"https:\/\/infotulcea.ro\/\"> Home<\/a><em class=\"delimiter\">\/<\/em><a href=\"https:\/\/infotulcea.ro\/categorie\/politica\/\">Politic\u0103<\/a><em class=\"delimiter\">\/<\/em><span class=\"current\">Deputatul Cosmin Andrei ap\u0103r\u0103 dreptul la educa\u021bie \u00een limba matern\u0103 \u00een cadrul Universit\u0103\u021bii  de Var\u0103 \u201eIzvoru Mure\u0219ului\u201d<\/span><\/nav>\n<div class=\"entry-header\"><span class=\"post-cat-wrap\"><a class=\"post-cat tie-cat-139\" href=\"https:\/\/infotulcea.ro\/categorie\/politica\/\">Politic\u0103<\/a><\/span><\/p>\n<h1 class=\"post-title entry-title\">\n\t\t\tDeputatul Cosmin Andrei ap\u0103r\u0103 dreptul la educa\u021bie \u00een limba matern\u0103 \u00een cadrul Universit\u0103\u021bii  de Var\u0103 \u201eIzvoru Mure\u0219ului\u201d\t\t<\/h1>\n<div class=\"single-post-meta post-meta clearfix\"><span class=\"author-meta single-author no-avatars\"><span class=\"meta-item meta-author-wrapper meta-author-9\"><span class=\"meta-author\"><a href=\"https:\/\/infotulcea.ro\/author\/redactia-2\/\" class=\"author-name tie-icon\" title=\"Redactia\">Redactia<\/a><\/span><\/span><\/span><span class=\"date meta-item tie-icon\">18 august 2026<\/span><\/p>\n<div class=\"tie-alignright\"><span class=\"meta-comment tie-icon meta-item fa-before\">0<\/span><span class=\"meta-views meta-item \"> 525 <\/span><span class=\"meta-reading-time meta-item\"> 1 minute read<\/span><\/div>\n<\/div>\n<\/div>\n<\/header>\n<div class=\"entry-content entry clearfix\">\n<p><strong>Deputatul de Tulcea, Cosmin Andrei, a participat la lucr\u0103rile Universit\u0103\u021bii de Var\u0103 \u201eIzvoru<\/strong><br \/><strong>Mure\u0219ului\u201d din Covasna desf\u0103\u0219urat\u0103 \u00een perioada 14-16 august, reafirm\u00e2ndu-\u0219i sprijinul<\/strong><br \/><strong>necondi\u021bionat pentru comunit\u0103\u021bile rom\u00e2ne\u0219ti de peste grani\u021be. Prezent pentru al doilea an consecutiv<\/strong><br \/><strong>la acest eveniment, parlamentarul a subliniat c\u0103 manifestarea reprezint\u0103 inima solidarit\u0103\u021bii na\u021bionale<\/strong><br \/><strong>\u0219i un far de speran\u021b\u0103 pentru rom\u00e2nii afla\u021bi la grani\u021bele \u021b\u0103rii.<\/strong><br \/>\n\u201e\u00cen calitate de deputat de Tulcea, simt o leg\u0103tur\u0103 de suflet \u0219i o datorie istoric\u0103 fa\u021b\u0103 de<br \/>\ncomunit\u0103\u021bile noastre. Dobrogea a fost mereu o punte de stabilitate, dar, mai presus de toate, un<br \/>\nspa\u021biu ancorat \u00een realit\u0103\u021bile imediate ale fra\u021bilor no\u0219tri de peste grani\u021b\u0103. Avem o rela\u021bie cu totul<source sizes=\"(max-width: 464px) 100vw, 464px\" type=\"image\/webp\" data-srcset=\"https:\/\/infotulcea.ro\/wp-content\/uploads\/2025\/03\/cosmin-andrei-deputat-500x281.jpg.webp 500w, https:\/\/infotulcea.ro\/wp-content\/uploads\/2025\/03\/cosmin-andrei-deputat-1024x576.jpg.webp 1024w, https:\/\/infotulcea.ro\/wp-content\/uploads\/2025\/03\/cosmin-andrei-deputat-768x432.jpg.webp 768w, https:\/\/infotulcea.ro\/wp-content\/uploads\/2025\/03\/cosmin-andrei-deputat-390x220.jpg.webp 390w, https:\/\/infotulcea.ro\/wp-content\/uploads\/2025\/03\/cosmin-andrei-deputat.jpg.webp 1080w\" \/><\/p>\n<p><img loading=\"lazy\" decoding=\"async\" class=\" wp-image-34092 alignright\" src=\"https:\/\/infotulcea.ro\/wp-content\/uploads\/2025\/03\/cosmin-andrei-deputat-500x281.jpg\" alt width=\"464\" height=\"261\"><br \/>\nspecial\u0103 \u0219i o apropiere natural\u0103 fa\u021b\u0103 de Sudul Basarabiei, o zon\u0103 istoric\u0103 aflat\u0103 la doar o<br \/>\narunc\u0103tur\u0103 de b\u0103\u021b de jude\u021bul meu. Ne leag\u0103 istoria, ne leag\u0103 cursul Dun\u0103rii, dar, mai ales, ne leag\u0103<br \/>\nidentitatea, s\u00e2ngele \u0219i limba matern\u0103\u201d, a declarat Cosmin Andrei.<br \/>\nParlamentarul a atras aten\u021bia asupra situa\u021biei critice a \u00eenv\u0103\u021b\u0103m\u00e2ntului \u00een limba rom\u00e2n\u0103 din<br \/>\ncomunit\u0103\u021bile istorice, punct\u00e2nd c\u0103 a adus constant aceste probleme \u00een aten\u021bia Guvernului \u0219i a<br \/>\nParlamentului Rom\u00e2niei, formul\u00e2nd \u00eentreb\u0103ri \u0219i interpel\u0103ri oficiale c\u0103tre ministerele de resort.<br \/>\n\u201eP\u0103strarea educa\u021biei \u00een limba rom\u00e2n\u0103 \u00een Sudul Basarabiei este crucial\u0103. Nu putem \u00eenchide<br \/>\nochii la presiunile continue \u0219i inacceptabile asupra liceelor cu predare \u00een limba rom\u00e2n\u0103! Situa\u021bia<br \/>\nalarmant\u0103 de la \u0219coala din Boris\u0103uca, din Satu Nou \u0219i din alte localit\u0103\u021bi rom\u00e2ne\u0219ti, unde dreptul<br \/>\nfundamental al copiilor de a \u00eenv\u0103\u021ba \u00een limba str\u0103mo\u0219easc\u0103 este periclitat, trebuie s\u0103 primeasc\u0103 un<br \/>\nr\u0103spuns ferm din partea statului rom\u00e2n. Este o chestiune de demnitate \u0219i supravie\u021buire na\u021bional\u0103\u201d, a<br \/>\nad\u0103ugat deputatul de Tulcea.<br \/>\nLa finalul interven\u021biei sale, parlamentarul i-a asigurat pe rom\u00e2nii din afara grani\u021belor c\u0103 nu<br \/>\nsunt singuri \u0219i c\u0103 vocea lor se va auzi \u00een continuare, puternic \u0219i clar, la Bucure\u0219ti. Acesta s-a angajat<br \/>\nca, din calitatea sa de demnitar, s\u0103 identifice \u0219i s\u0103 sus\u021bin\u0103 implementarea a c\u00e2t mai multe proiecte<br \/>\nbenefice pentru p\u0103strarea identit\u0103\u021bii rom\u00e2nilor de pretutindeni.\n<\/div>\n<div id=\"post-extra-info\">\n<div class=\"theiaStickySidebar\">\n<div class=\"single-post-meta post-meta clearfix\"><span class=\"author-meta single-author no-avatars\"><span class=\"meta-item meta-author-wrapper meta-author-9\"><span class=\"meta-author\"><a href=\"https:\/\/infotulcea.ro\/author\/redactia-2\/\" class=\"author-name tie-icon\" title=\"Redactia\">Redactia<\/a><\/span><\/span><\/span><span class=\"date meta-item tie-icon\">18 august 2026<\/span><\/p>\n<div class=\"tie-alignright\"><span class=\"meta-comment tie-icon meta-item fa-before\">0<\/span><span class=\"meta-views meta-item \"> 525 <\/span><span class=\"meta-reading-time meta-item\"> 1 minute read<\/span><\/div>\n<\/div>\n<\/div>\n<\/div>\n<div id=\"share-buttons-bottom\" class=\"share-buttons share-buttons-bottom\">\n<div class=\"share-links  icons-only\">\n<div class=\"share-title\"><span> Share<\/span><\/div>\n<p><a href=\"https:\/\/www.facebook.com\/sharer.php?u=https:\/\/infotulcea.ro\/deputatul-cosmin-andrei-apara-dreptul-la-educatie-in-limba-materna-in-cadrul-universitatii-de-vara-izvoru-muresului\/\" rel=\"external noopener nofollow\" title=\"Facebook\" target=\"_blank\" class=\"facebook-share-btn \" data-raw=\"https:\/\/www.facebook.com\/sharer.php?u={post_link}\"><span class=\"screen-reader-text\">Facebook<\/span><\/a><a href=\"https:\/\/twitter.com\/intent\/tweet?text=Deputatul%20Cosmin%20Andrei%20ap%C4%83r%C4%83%20dreptul%20la%20educa%C8%9Bie%20%C3%AEn%20limba%20matern%C4%83%20%C3%AEn%20cadrul%20Universit%C4%83%C8%9Bii%20%20de%20Var%C4%83%20%E2%80%9EIzvoru%20Mure%C8%99ului%E2%80%9D&amp;url=https:\/\/infotulcea.ro\/deputatul-cosmin-andrei-apara-dreptul-la-educatie-in-limba-materna-in-cadrul-universitatii-de-vara-izvoru-muresului\/\" rel=\"external noopener nofollow\" title=\"X\" target=\"_blank\" class=\"twitter-share-btn \" data-raw=\"https:\/\/twitter.com\/intent\/tweet?text={post_title}&amp;url={post_link}\"><span class=\"screen-reader-text\">X<\/span><\/a><a href=\"https:\/\/api.whatsapp.com\/send?text=Deputatul%20Cosmin%20Andrei%20ap%C4%83r%C4%83%20dreptul%20la%20educa%C8%9Bie%20%C3%AEn%20limba%20matern%C4%83%20%C3%AEn%20cadrul%20Universit%C4%83%C8%9Bii%20%20de%20Var%C4%83%20%E2%80%9EIzvoru%20Mure%C8%99ului%E2%80%9D%20https:\/\/infotulcea.ro\/deputatul-cosmin-andrei-apara-dreptul-la-educatie-in-limba-materna-in-cadrul-universitatii-de-vara-izvoru-muresului\/\" rel=\"external noopener nofollow\" title=\"WhatsApp\" target=\"_blank\" class=\"whatsapp-share-btn \" data-raw=\"https:\/\/api.whatsapp.com\/send?text={post_title}%20{post_link}\"><span class=\"screen-reader-text\">WhatsApp<\/span><\/a><a href=\"https:\/\/telegram.me\/share\/url?url=https:\/\/infotulcea.ro\/deputatul-cosmin-andrei-apara-dreptul-la-educatie-in-limba-materna-in-cadrul-universitatii-de-vara-izvoru-muresului\/&amp;text=Deputatul%20Cosmin%20Andrei%20ap%C4%83r%C4%83%20dreptul%20la%20educa%C8%9Bie%20%C3%AEn%20limba%20matern%C4%83%20%C3%AEn%20cadrul%20Universit%C4%83%C8%9Bii%20%20de%20Var%C4%83%20%E2%80%9EIzvoru%20Mure%C8%99ului%E2%80%9D\" rel=\"external noopener nofollow\" title=\"Telegram\" target=\"_blank\" class=\"telegram-share-btn \" data-raw=\"https:\/\/telegram.me\/share\/url?url={post_link}&amp;text={post_title}\"><span class=\"screen-reader-text\">Telegram<\/span><\/a><a href=\"mailto:?subject=Deputatul%20Cosmin%20Andrei%20ap%C4%83r%C4%83%20dreptul%20la%20educa%C8%9Bie%20%C3%AEn%20limba%20matern%C4%83%20%C3%AEn%20cadrul%20Universit%C4%83%C8%9Bii%20%20de%20Var%C4%83%20%E2%80%9EIzvoru%20Mure%C8%99ului%E2%80%9D&amp;body=https:\/\/infotulcea.ro\/deputatul-cosmin-andrei-apara-dreptul-la-educatie-in-limba-materna-in-cadrul-universitatii-de-vara-izvoru-muresului\/\" rel=\"external noopener nofollow\" title=\"Share via Email\" target=\"_blank\" class=\"email-share-btn \" data-raw=\"mailto:?subject={post_title}&amp;body={post_link}\"><span class=\"screen-reader-text\">Share via Email<\/span><\/a><a href=\"https:\/\/infotulcea.ro\/deputatul-cosmin-andrei-apara-dreptul-la-educatie-in-limba-materna-in-cadrul-universitatii-de-vara-izvoru-muresului\/\" rel=\"external noopener nofollow\" title=\"Print\" target=\"_blank\" class=\"print-share-btn \" data-raw=\"#\"><span class=\"screen-reader-text\">Print<\/span><\/a><\/div>\n<\/div>\n<\/article>\n<div class=\"post-components\">\n<div id=\"related-posts\" class=\"container-wrapper has-extra-post\">\n<div class=\"mag-box-title the-global-title\">\n<h3>Related Articles<\/h3>\n<\/div>\n<div class=\"related-posts-list\">\n<div class=\"related-item tie-standard\"><a aria-label=\"Fostul senator Octavian Motoc a demisionat din PNL!\" href=\"https:\/\/infotulcea.ro\/fostul-senator-octavian-motoc-a-demisionat-din-pnl\/\" class=\"post-thumb\"><source type=\"image\/webp\" data-srcset=\"https:\/\/infotulcea.ro\/wp-content\/uploads\/2024\/02\/FB_IMG_1707835326868-390x220.jpg.webp\" \/><img loading=\"lazy\" decoding=\"async\" width=\"390\" height=\"220\" src=\"https:\/\/infotulcea.ro\/wp-content\/uploads\/2024\/02\/FB_IMG_1707835326868-390x220.jpg\" class=\"attachment-jannah-image-large size-jannah-image-large wp-post-image\" alt><\/a><\/p>\n<h3 class=\"post-title\"><a href=\"https:\/\/infotulcea.ro\/fostul-senator-octavian-motoc-a-demisionat-din-pnl\/\">Fostul senator Octavian Motoc a demisionat din PNL!<\/a><\/h3>\n<div class=\"post-meta clearfix\"><span class=\"date meta-item tie-icon\">13 februarie 2024<\/span><\/div>\n<\/div>\n<div class=\"related-item tie-standard\"><a aria-label=\"For\u021ba Dreptei, decis\u0103 s\u0103 participe la construc\u021bia alian\u021bei de centru-dreapta, al\u0103turi de USR \u0219i PMP\" href=\"https:\/\/infotulcea.ro\/forta-dreptei-decisa-sa-participe-la-constructia-aliantei-de-centru-dreapta-alaturi-de-usr-si-pmp\/\" class=\"post-thumb\"><source type=\"image\/webp\" data-srcset=\"https:\/\/infotulcea.ro\/wp-content\/uploads\/2023\/10\/forta-dreptei-390x220.jpg.webp\" \/><img loading=\"lazy\" decoding=\"async\" width=\"390\" height=\"220\" src=\"https:\/\/infotulcea.ro\/wp-content\/uploads\/2023\/10\/forta-dreptei-390x220.jpg\" class=\"attachment-jannah-image-large size-jannah-image-large wp-post-image\" alt><\/a><\/p>\n<h3 class=\"post-title\"><a href=\"https:\/\/infotulcea.ro\/forta-dreptei-decisa-sa-participe-la-constructia-aliantei-de-centru-dreapta-alaturi-de-usr-si-pmp\/\">For\u021ba Dreptei, decis\u0103 s\u0103 participe la construc\u021bia alian\u021bei de centru-dreapta, al\u0103turi de USR \u0219i PMP<\/a><\/h3>\n<div class=\"post-meta clearfix\"><span class=\"date meta-item tie-icon\">31 octombrie 2023<\/span><\/div>\n<\/div>\n<div class=\"related-item tie-standard\"><a aria-label=\"Lansare PNL: George \u0218i\u0219cu este primul candidat oficial pentru pre\u0219edin\u021bia Consiliului Jude\u021bean Tulcea\" href=\"https:\/\/infotulcea.ro\/lansare-pnl-george-siscu-este-primul-candidat-oficial-pentru-presedintia-consiliului-judetean-tulcea\/\" class=\"post-thumb\"><source type=\"image\/webp\" data-srcset=\"https:\/\/infotulcea.ro\/wp-content\/uploads\/2024\/03\/pnl-xxx-390x220.jpg.webp\" \/><img loading=\"lazy\" decoding=\"async\" width=\"390\" height=\"220\" src=\"https:\/\/infotulcea.ro\/wp-content\/uploads\/2024\/03\/pnl-xxx-390x220.jpg\" class=\"attachment-jannah-image-large size-jannah-image-large wp-post-image\" alt><\/a><\/p>\n<h3 class=\"post-title\"><a href=\"https:\/\/infotulcea.ro\/lansare-pnl-george-siscu-este-primul-candidat-oficial-pentru-presedintia-consiliului-judetean-tulcea\/\">Lansare PNL: George \u0218i\u0219cu este primul candidat oficial pentru pre\u0219edin\u021bia Consiliului Jude\u021bean Tulcea<\/a><\/h3>\n<div class=\"post-meta clearfix\"><span class=\"date meta-item tie-icon\">15 martie 2024<\/span><\/div>\n<\/div>\n<div class=\"related-item tie-standard\"><a aria-label=\"Valentin Spiru \u0219i-a anun\u021bat candidatura ca independent la Camera Deputa\u021bilor din partea jude\u021bului Tulcea\" href=\"https:\/\/infotulcea.ro\/valentin-spiru-si-a-anuntat-candidatura-ca-independent-la-camera-deputatilor-din-partea-judetului-tulcea\/\" class=\"post-thumb\"><source type=\"image\/webp\" data-srcset=\"https:\/\/infotulcea.ro\/wp-content\/uploads\/2024\/09\/spiru-1-390x220.jpg.webp\" \/><img loading=\"lazy\" decoding=\"async\" width=\"390\" height=\"220\" src=\"https:\/\/infotulcea.ro\/wp-content\/uploads\/2024\/09\/spiru-1-390x220.jpg\" class=\"attachment-jannah-image-large size-jannah-image-large wp-post-image\" alt><\/a><\/p>\n<h3 class=\"post-title\"><a href=\"https:\/\/infotulcea.ro\/valentin-spiru-si-a-anuntat-candidatura-ca-independent-la-camera-deputatilor-din-partea-judetului-tulcea\/\">Valentin Spiru \u0219i-a anun\u021bat candidatura ca independent la Camera Deputa\u021bilor din partea jude\u021bului Tulcea<\/a><\/h3>\n<div class=\"post-meta clearfix\"><span class=\"date meta-item tie-icon\">16 septembrie 2024<\/span><\/div>\n<\/div>\n<\/div>\n<\/div>\n<div id=\"comments\" class=\"comments-area\">\n<div id=\"add-comment-block\" class=\"container-wrapper\">\n<div id=\"respond\" class=\"comment-respond\">\n<h3 id=\"reply-title\" class=\"comment-reply-title the-global-title\">Las\u0103 un r\u0103spuns <small><a rel=\"nofollow\" id=\"cancel-comment-reply-link\" href=\"https:\/\/infotulcea.ro\/deputatul-cosmin-andrei-apara-dreptul-la-educatie-in-limba-materna-in-cadrul-universitatii-de-vara-izvoru-muresului\/#respond\">Anuleaz\u0103 r\u0103spunsul<\/a><\/small><\/h3>\n<p class=\"comment-notes\"><span id=\"email-notes\">Adresa ta de email nu va fi publicat\u0103.<\/span><span class=\"required-field-message\">C\u00e2mpurile obligatorii sunt marcate cu <span class=\"required\">*<\/span><\/span><\/p>\n<\/div>\n<\/div>\n<\/div>\n<\/div>\n<\/div>\n<div id=\"check-also-box\" class=\"container-wrapper check-also-right\">\n<div class=\"widget-title the-global-title\">\n<div class=\"the-subtitle\">Check Also<\/div>\n<p><a href=\"https:\/\/infotulcea.ro\/deputatul-cosmin-andrei-apara-dreptul-la-educatie-in-limba-materna-in-cadrul-universitatii-de-vara-izvoru-muresului\/\" id=\"check-also-close\" class=\"remove\"><span class=\"screen-reader-text\">Close<\/span><\/a><\/div>\n<div class=\"widget posts-list-big-first has-first-big-post\">\n<ul class=\"posts-list-items\">\n<li class=\"widget-single-post-item widget-post-list tie-standard\">\n<div class=\"post-widget-thumbnail\"><a aria-label=\"Drago\u0219 SIMION, viceprimarul municipiului Tulcea, ales \u00een conducerea na\u021bional\u0103 a PER\" href=\"https:\/\/infotulcea.ro\/dragos-simion-viceprimarul-municipiului-tulcea-ales-in-conducerea-nationala-a-per\/\" class=\"post-thumb\"><span class=\"post-cat-wrap\"><span class=\"post-cat tie-cat-139\">Politic\u0103<\/span><\/span><source type=\"image\/webp\" data-srcset=\"https:\/\/infotulcea.ro\/wp-content\/uploads\/2023\/10\/simion-d-390x220.jpg.webp\" \/><img loading=\"lazy\" decoding=\"async\" width=\"390\" height=\"220\" src=\"https:\/\/infotulcea.ro\/wp-content\/uploads\/2023\/10\/simion-d-390x220.jpg\" class=\"attachment-jannah-image-large size-jannah-image-large wp-post-image\" alt><\/a><\/div>\n<div class=\"post-widget-body \"><a class=\"post-title the-subtitle\" href=\"https:\/\/infotulcea.ro\/dragos-simion-viceprimarul-municipiului-tulcea-ales-in-conducerea-nationala-a-per\/\">Drago\u0219 SIMION, viceprimarul municipiului Tulcea, ales \u00een conducerea na\u021bional\u0103 a PER<\/a><\/p>\n<div class=\"post-meta\"><span class=\"date meta-item tie-icon\">31 octombrie 2023<\/span><\/div>\n<\/div>\n<\/li>\n<\/ul>\n<\/div>\n<\/div>\n<aside class=\"sidebar tie-col-md-4 tie-col-xs-12 normal-side is-sticky\" aria-label=\"Primary Sidebar\">\n<div class=\"theiaStickySidebar\">\n<div id=\"media_image-19\" class=\"container-wrapper widget widget_media_image\"><a href=\"https:\/\/infotulcea.ro\/delta-dunarii-mai-accesibila-navrom-delta-creste-numarul-curselor-regulate-de-la-1-mai-2025\/\"><source sizes=\"(max-width: 500px) 100vw, 500px\" type=\"image\/webp\" data-srcset=\"https:\/\/infotulcea.ro\/wp-content\/uploads\/2025\/04\/navrom-delta-500x271.jpg.webp 500w, https:\/\/infotulcea.ro\/wp-content\/uploads\/2025\/04\/navrom-delta-1024x555.jpg.webp 1024w, https:\/\/infotulcea.ro\/wp-content\/uploads\/2025\/04\/navrom-delta-768x416.jpg.webp 768w, https:\/\/infotulcea.ro\/wp-content\/uploads\/2025\/04\/navrom-delta.jpg.webp 1080w\" \/><img loading=\"lazy\" decoding=\"async\" width=\"500\" height=\"271\" src=\"https:\/\/infotulcea.ro\/wp-content\/uploads\/2025\/04\/navrom-delta-500x271.jpg\" class=\"image wp-image-34487  attachment-medium size-medium\" alt><\/a><\/div>\n<div id=\"media_image-17\" class=\"container-wrapper widget widget_media_image\"><a href=\"https:\/\/www.facebook.com\/share\/p\/1DGAD1tLWN\/?mibextid=wwXIfr\" target=\"_blank\"><source sizes=\"(max-width: 500px) 100vw, 500px\" type=\"image\/webp\" data-srcset=\"https:\/\/infotulcea.ro\/wp-content\/uploads\/2026\/01\/IMG_1563-500x500.jpeg.webp 500w, https:\/\/infotulcea.ro\/wp-content\/uploads\/2026\/01\/IMG_1563-1024x1024.jpeg.webp 1024w, https:\/\/infotulcea.ro\/wp-content\/uploads\/2026\/01\/IMG_1563-250x250.jpeg.webp 250w, https:\/\/infotulcea.ro\/wp-content\/uploads\/2026\/01\/IMG_1563-768x768.jpeg.webp 768w, https:\/\/infotulcea.ro\/wp-content\/uploads\/2026\/01\/IMG_1563.jpeg.webp 1080w\" \/><img loading=\"lazy\" decoding=\"async\" width=\"500\" height=\"500\" src=\"https:\/\/infotulcea.ro\/wp-content\/uploads\/2026\/01\/IMG_1563-500x500.jpeg\" class=\"image wp-image-37932  attachment-medium size-medium\" alt title=\"Centrale pe lemne\"><\/a><\/div>\n<div id=\"media_image-18\" class=\"container-wrapper widget widget_media_image\"><a href=\"https:\/\/www.licitatia.ro\/site\/index-guest\"><img loading=\"lazy\" decoding=\"async\" width=\"500\" height=\"262\" src=\"https:\/\/infotulcea.ro\/wp-content\/uploads\/2025\/09\/licitatia-500x262.png\" class=\"image wp-image-36670  attachment-medium size-medium lazyload\" alt data-max-width=\"500\"><img loading=\"lazy\" decoding=\"async\" width=\"500\" height=\"262\" src=\"https:\/\/infotulcea.ro\/wp-content\/uploads\/2025\/09\/licitatia-500x262.png\" class=\"image wp-image-36670  attachment-medium size-medium\" alt><\/a><\/div>\n<div id=\"media_image-27\" class=\"container-wrapper widget widget_media_image\"><a href=\"https:\/\/www.centrale-lemne-liepsnele.ro\/\"><img loading=\"lazy\" decoding=\"async\" width=\"500\" height=\"500\" src=\"https:\/\/infotulcea.ro\/wp-content\/uploads\/2025\/09\/Centrale-pe-Lemne-Liepsnele-500x500.png\" class=\"image wp-image-36541  attachment-medium size-medium lazyload\" alt=\"Centrala pe lemne\" data-max-width=\"500\"><img loading=\"lazy\" decoding=\"async\" width=\"500\" height=\"500\" src=\"https:\/\/infotulcea.ro\/wp-content\/uploads\/2025\/09\/Centrale-pe-Lemne-Liepsnele-500x500.png\" class=\"image wp-image-36541  attachment-medium size-medium\" alt=\"Centrala pe lemne\"><\/a><\/div>\n<div id=\"media_image-28\" class=\"container-wrapper widget widget_media_image\"><a href=\"https:\/\/infotulcea.ro\/angajeaza-te-ro-platforma-ta-online-de-angajari-si-forta-de-munca\/\"><source sizes=\"(max-width: 500px) 100vw, 500px\" type=\"image\/webp\" data-srcset=\"https:\/\/infotulcea.ro\/wp-content\/uploads\/2025\/04\/banner-angajazate-1-500x305.jpg.webp 500w, https:\/\/infotulcea.ro\/wp-content\/uploads\/2025\/04\/banner-angajazate-1-1024x625.jpg.webp 1024w, https:\/\/infotulcea.ro\/wp-content\/uploads\/2025\/04\/banner-angajazate-1-768x469.jpg.webp 768w, https:\/\/infotulcea.ro\/wp-content\/uploads\/2025\/04\/banner-angajazate-1.jpg.webp 1080w\" \/><img loading=\"lazy\" decoding=\"async\" width=\"500\" height=\"305\" src=\"https:\/\/infotulcea.ro\/wp-content\/uploads\/2025\/04\/banner-angajazate-1-500x305.jpg\" class=\"image wp-image-34317  attachment-medium size-medium\" alt><\/a><\/div>\n<\/div>\n<\/aside>\n<\/div>\n<\/div>\n<div class=\"entry-content entry clearfix\">\n<p><strong>Deputatul de Tulcea, Cosmin Andrei, a participat la lucr\u0103rile Universit\u0103\u021bii de Var\u0103 \u201eIzvoru<\/strong><br \/><strong>Mure\u0219ului\u201d din Covasna desf\u0103\u0219urat\u0103 \u00een perioada 14-16 august, reafirm\u00e2ndu-\u0219i sprijinul<\/strong><br \/><strong>necondi\u021bionat pentru comunit\u0103\u021bile rom\u00e2ne\u0219ti de peste grani\u021be. Prezent pentru al doilea an consecutiv<\/strong><br \/><strong>la acest eveniment, parlamentarul a subliniat c\u0103 manifestarea reprezint\u0103 inima solidarit\u0103\u021bii na\u021bionale<\/strong><br \/><strong>\u0219i un far de speran\u021b\u0103 pentru rom\u00e2nii afla\u021bi la grani\u021bele \u021b\u0103rii.<\/strong><br \/>\n\u201e\u00cen calitate de deputat de Tulcea, simt o leg\u0103tur\u0103 de suflet \u0219i o datorie istoric\u0103 fa\u021b\u0103 de<br \/>\ncomunit\u0103\u021bile noastre. Dobrogea a fost mereu o punte de stabilitate, dar, mai presus de toate, un<br \/>\nspa\u021biu ancorat \u00een realit\u0103\u021bile imediate ale fra\u021bilor no\u0219tri de peste grani\u021b\u0103. Avem o rela\u021bie cu totul<source sizes=\"(max-width: 464px) 100vw, 464px\" type=\"image\/webp\" data-srcset=\"https:\/\/infotulcea.ro\/wp-content\/uploads\/2025\/03\/cosmin-andrei-deputat-500x281.jpg.webp 500w, https:\/\/infotulcea.ro\/wp-content\/uploads\/2025\/03\/cosmin-andrei-deputat-1024x576.jpg.webp 1024w, https:\/\/infotulcea.ro\/wp-content\/uploads\/2025\/03\/cosmin-andrei-deputat-768x432.jpg.webp 768w, https:\/\/infotulcea.ro\/wp-content\/uploads\/2025\/03\/cosmin-andrei-deputat-390x220.jpg.webp 390w, https:\/\/infotulcea.ro\/wp-content\/uploads\/2025\/03\/cosmin-andrei-deputat.jpg.webp 1080w\" \/><\/p>\n<p><img loading=\"lazy\" decoding=\"async\" class=\" wp-image-34092 alignright\" src=\"https:\/\/infotulcea.ro\/wp-content\/uploads\/2025\/03\/cosmin-andrei-deputat-500x281.jpg\" alt width=\"464\" height=\"261\"><br \/>\nspecial\u0103 \u0219i o apropiere natural\u0103 fa\u021b\u0103 de Sudul Basarabiei, o zon\u0103 istoric\u0103 aflat\u0103 la doar o<br \/>\narunc\u0103tur\u0103 de b\u0103\u021b de jude\u021bul meu. Ne leag\u0103 istoria, ne leag\u0103 cursul Dun\u0103rii, dar, mai ales, ne leag\u0103<br \/>\nidentitatea, s\u00e2ngele \u0219i limba matern\u0103\u201d, a declarat Cosmin Andrei.<br \/>\nParlamentarul a atras aten\u021bia asupra situa\u021biei critice a \u00eenv\u0103\u021b\u0103m\u00e2ntului \u00een limba rom\u00e2n\u0103 din<br \/>\ncomunit\u0103\u021bile istorice, punct\u00e2nd c\u0103 a adus constant aceste probleme \u00een aten\u021bia Guvernului \u0219i a<br \/>\nParlamentului Rom\u00e2niei, formul\u00e2nd \u00eentreb\u0103ri \u0219i interpel\u0103ri oficiale c\u0103tre ministerele de resort.<br \/>\n\u201eP\u0103strarea educa\u021biei \u00een limba rom\u00e2n\u0103 \u00een Sudul Basarabiei este crucial\u0103. Nu putem \u00eenchide<br \/>\nochii la presiunile continue \u0219i inacceptabile asupra liceelor cu predare \u00een limba rom\u00e2n\u0103! Situa\u021bia<br \/>\nalarmant\u0103 de la \u0219coala din Boris\u0103uca, din Satu Nou \u0219i din alte localit\u0103\u021bi rom\u00e2ne\u0219ti, unde dreptul<br \/>\nfundamental al copiilor de a \u00eenv\u0103\u021ba \u00een limba str\u0103mo\u0219easc\u0103 este periclitat, trebuie s\u0103 primeasc\u0103 un<br \/>\nr\u0103spuns ferm din partea statului rom\u00e2n. Este o chestiune de demnitate \u0219i supravie\u021buire na\u021bional\u0103\u201d, a<br \/>\nad\u0103ugat deputatul de Tulcea.<br \/>\nLa finalul interven\u021biei sale, parlamentarul i-a asigurat pe rom\u00e2nii din afara grani\u021belor c\u0103 nu<br \/>\nsunt singuri \u0219i c\u0103 vocea lor se va auzi \u00een continuare, puternic \u0219i clar, la Bucure\u0219ti. Acesta s-a angajat<br \/>\nca, din calitatea sa de demnitar, s\u0103 identifice \u0219i s\u0103 sus\u021bin\u0103 implementarea a c\u00e2t mai multe proiecte<br \/>\nbenefice pentru p\u0103strarea identit\u0103\u021bii rom\u00e2nilor de pretutindeni.\n<\/div>\n<div class=\"articleBody\" data-key=\"articleBody\">Deputatul de Tulcea, Cosmin Andrei, a participat la lucr\u0103rile Universit\u0103\u021bii de Var\u0103 \u201eIzvoru<br \/>\nMure\u0219ului\u201d din Covasna desf\u0103\u0219urat\u0103 \u00een perioada 14-16 august, reafirm\u00e2ndu-\u0219i sprijinul<br \/>\nnecondi\u021bionat pentru comunit\u0103\u021bile rom\u00e2ne\u0219ti de peste grani\u021be. Prezent pentru al doilea an consecutiv<br \/>\nla acest eveniment, parlamentarul a subliniat c\u0103 manifestarea reprezint\u0103 inima solidarit\u0103\u021bii na\u021bionale<br \/>\n\u0219i un far de speran\u021b\u0103 pentru rom\u00e2nii afla\u021bi la grani\u021bele \u021b\u0103rii.<br \/>\n\u201e\u00cen calitate de deputat de Tulcea, simt o leg\u0103tur\u0103 de suflet \u0219i o datorie istoric\u0103 fa\u021b\u0103 de<br \/>\ncomunit\u0103\u021bile noastre. Dobrogea a fost mereu o punte de stabilitate, dar, mai presus de toate, un<br \/>\nspa\u021biu ancorat \u00een realit\u0103\u021bile imediate ale fra\u021bilor no\u0219tri de peste grani\u021b\u0103. Avem o rela\u021bie cu totul<br \/>\nspecial\u0103 \u0219i o apropiere natural\u0103 fa\u021b\u0103 de Sudul Basarabiei, o zon\u0103 istoric\u0103 aflat\u0103 la doar o<br \/>\narunc\u0103tur\u0103 de b\u0103\u021b de jude\u021bul meu. Ne leag\u0103 istoria, ne leag\u0103 cursul Dun\u0103rii, dar, mai ales, ne leag\u0103<br \/>\nidentitatea, s\u00e2ngele \u0219i limba matern\u0103\u201d, a declarat Cosmin Andrei.<br \/>\nParlamentarul a atras aten\u021bia asupra situa\u021biei critice a \u00eenv\u0103\u021b\u0103m\u00e2ntului \u00een limba rom\u00e2n\u0103 din<br \/>\ncomunit\u0103\u021bile istorice, punct\u00e2nd c\u0103 a adus constant aceste probleme \u00een aten\u021bia Guvernului \u0219i a<br \/>\nParlamentului Rom\u00e2niei, formul\u00e2nd \u00eentreb\u0103ri \u0219i interpel\u0103ri oficiale c\u0103tre ministerele de resort.<br \/>\n\u201eP\u0103strarea educa\u021biei \u00een limba rom\u00e2n\u0103 \u00een Sudul Basarabiei este crucial\u0103. Nu putem \u00eenchide<br \/>\nochii la presiunile continue \u0219i inacceptabile asupra liceelor cu predare \u00een limba rom\u00e2n\u0103! Situa\u021bia<br \/>\nalarmant\u0103 de la \u0219coala din Boris\u0103uca, din Satu Nou \u0219i din alte localit\u0103\u021bi rom\u00e2ne\u0219ti, unde dreptul<br \/>\nfundamental al copiilor de a \u00eenv\u0103\u021ba \u00een limba str\u0103mo\u0219easc\u0103 este periclitat, trebuie s\u0103 primeasc\u0103 un<br \/>\nr\u0103spuns ferm din partea statului rom\u00e2n. Este o chestiune de demnitate \u0219i supravie\u021buire na\u021bional\u0103\u201d, a<br \/>\nad\u0103ugat deputatul de Tulcea.<br \/>\nLa finalul interven\u021biei sale, parlamentarul i-a asigurat pe rom\u00e2nii din afara grani\u021belor c\u0103 nu<br \/>\nsunt singuri \u0219i c\u0103 vocea lor se va auzi \u00een continuare, puternic \u0219i clar, la Bucure\u0219ti. Acesta s-a angajat<br \/>\nca, din calitatea sa de demnitar, s\u0103 identifice \u0219i s\u0103 sus\u021bin\u0103 implementarea a c\u00e2t mai multe proiecte<br \/>\nbenefice pentru p\u0103strarea identit\u0103\u021bii rom\u00e2nilor de pretutindeni.<\/div>\n<p>[analyse_source url=&#8221;https:\/\/infotulcea.ro\/deputatul-cosmin-andrei-apara-dreptul-la-educatie-in-limba-materna-in-cadrul-universitatii-de-vara-izvoru-muresului\/&#8221;]<\/p>\n","protected":false},"excerpt":{"rendered":"<p>[analyse_image type=&#8221;featured&#8221; src=&#8221;https:\/\/infotulcea.ro\/wp-content\/uploads\/2025\/03\/cosmin-andrei-deputat.jpghttps:\/\/infotulcea.ro\/wp-content\/uploads\/2025\/03\/cosmin-andrei-deputat.jpg&#8221;] Home\/Politic\u0103\/Deputatul Cosmin Andrei ap\u0103r\u0103 dreptul la educa\u021bie \u00een limba matern\u0103 \u00een cadrul Universit\u0103\u021bii de Var\u0103 \u201eIzvoru Mure\u0219ului\u201d Politic\u0103 Deputatul Cosmin Andrei ap\u0103r\u0103 dreptul la educa\u021bie \u00een limba matern\u0103 \u00een cadrul Universit\u0103\u021bii de Var\u0103 \u201eIzvoru Mure\u0219ului\u201d Redactia18 august 2026 0 525 1 minute read Deputatul de Tulcea, Cosmin Andrei, a participat la lucr\u0103rile [&hellip;]<\/p>\n","protected":false},"author":1,"featured_media":0,"comment_status":"open","ping_status":"","sticky":false,"template":"","format":"standard","meta":{"footnotes":""},"categories":[89],"tags":[226,221],"class_list":["post-2104105","post","type-post","status-publish","format-standard","hentry","category-romania","tag-crawlmanager","tag-infotulcea-ro"],"_links":{"self":[{"href":"https:\/\/analyse.optim.biz\/index.php?rest_route=\/wp\/v2\/posts\/2104105","targetHints":{"allow":["GET"]}}],"collection":[{"href":"https:\/\/analyse.optim.biz\/index.php?rest_route=\/wp\/v2\/posts"}],"about":[{"href":"https:\/\/analyse.optim.biz\/index.php?rest_route=\/wp\/v2\/types\/post"}],"author":[{"embeddable":true,"href":"https:\/\/analyse.optim.biz\/index.php?rest_route=\/wp\/v2\/users\/1"}],"replies":[{"embeddable":true,"href":"https:\/\/analyse.optim.biz\/index.php?rest_route=%2Fwp%2Fv2%2Fcomments&post=2104105"}],"version-history":[{"count":0,"href":"https:\/\/analyse.optim.biz\/index.php?rest_route=\/wp\/v2\/posts\/2104105\/revisions"}],"wp:attachment":[{"href":"https:\/\/analyse.optim.biz\/index.php?rest_route=%2Fwp%2Fv2%2Fmedia&parent=2104105"}],"wp:term":[{"taxonomy":"category","embeddable":true,"href":"https:\/\/analyse.optim.biz\/index.php?rest_route=%2Fwp%2Fv2%2Fcategories&post=2104105"},{"taxonomy":"post_tag","embeddable":true,"href":"https:\/\/analyse.optim.biz\/index.php?rest_route=%2Fwp%2Fv2%2Ftags&post=2104105"}],"curies":[{"name":"wp","href":"https:\/\/api.w.org\/{rel}","templated":true}]}}