{"id":2104104,"date":"2026-08-18T15:14:13","date_gmt":"2026-08-18T12:14:13","guid":{"rendered":"https:\/\/analyse.optim.biz\/?p=2104104"},"modified":"2026-08-18T15:14:13","modified_gmt":"2026-08-18T12:14:13","slug":"diana-buzoianu-punem-in-dezbatere-publica-programul-pentru-finantarea-bateriilor-pentru-sisteme-fotovoltaice-bugetul-va-fi-de-400-de-milioane-de-lei","status":"publish","type":"post","link":"https:\/\/analyse.optim.biz\/?p=2104104","title":{"rendered":"Diana Buzoianu: Punem \u00een dezbatere public\u0103 programul pentru finan\u021barea bateriilor pentru sisteme fotovoltaice! Bugetul va fi de 400 de milioane de lei"},"content":{"rendered":"<p>[analyse_image type=&#8221;featured&#8221; src=&#8221;https:\/\/infotulcea.ro\/wp-content\/uploads\/2026\/07\/Diana-Buzoianu-2026-07-28-at-16.24.46.jpeghttps:\/\/infotulcea.ro\/wp-content\/uploads\/2026\/07\/Diana-Buzoianu-2026-07-28-at-16.24.46.jpeg&#8221;]<\/p>\n<div id=\"content\" class=\"site-content container\">\n<div id=\"main-content-row\" class=\"tie-row main-content-row\">\n<div class=\"main-content tie-col-md-8 tie-col-xs-12\" role=\"main\">\n<article id=\"the-post\" class=\"container-wrapper post-content tie-standard\">\n<header class=\"entry-header-outer\">\n<nav id=\"breadcrumb\"><a href=\"https:\/\/infotulcea.ro\/\"> Home<\/a><em class=\"delimiter\">\/<\/em><a href=\"https:\/\/infotulcea.ro\/categorie\/politica\/\">Politic\u0103<\/a><em class=\"delimiter\">\/<\/em><a href=\"https:\/\/infotulcea.ro\/categorie\/politica\/usr\/\">USR<\/a><em class=\"delimiter\">\/<\/em><span class=\"current\">Diana Buzoianu: Punem \u00een dezbatere public\u0103 programul pentru finan\u021barea bateriilor pentru sisteme fotovoltaice! Bugetul va fi de 400 de milioane de lei<\/span><\/nav>\n<div class=\"entry-header\"><span class=\"post-cat-wrap\"><a class=\"post-cat tie-cat-248\" href=\"https:\/\/infotulcea.ro\/categorie\/politica\/usr\/\">USR<\/a><\/span><\/p>\n<h1 class=\"post-title entry-title\">\n\t\t\tDiana Buzoianu: Punem \u00een dezbatere public\u0103 programul pentru finan\u021barea bateriilor pentru sisteme fotovoltaice! Bugetul va fi de 400 de milioane de lei\t\t<\/h1>\n<div class=\"single-post-meta post-meta clearfix\"><span class=\"author-meta single-author no-avatars\"><span class=\"meta-item meta-author-wrapper meta-author-9\"><span class=\"meta-author\"><a href=\"https:\/\/infotulcea.ro\/author\/redactia-2\/\" class=\"author-name tie-icon\" title=\"Redactia\">Redactia<\/a><\/span><\/span><\/span><span class=\"date meta-item tie-icon\">18 august 2026<\/span><\/p>\n<div class=\"tie-alignright\"><span class=\"meta-comment tie-icon meta-item fa-before\">0<\/span><span class=\"meta-views meta-item \"> 366 <\/span><span class=\"meta-reading-time meta-item\"> 2 minutes read<\/span><\/div>\n<\/div>\n<\/div>\n<\/header>\n<div class=\"entry-content entry clearfix\">\n<p><strong>Ministerul Mediului, Apelor \u0219i P\u0103durilor a publicat ast\u0103zi, \u00een consultare public\u0103, proiectul<\/strong><br \/><strong>ghidului pentru programul pentru finan\u021barea bateriilor pentru sisteme fotovoltaice. Noul<\/strong><br \/><strong>program, derulat prin intermediul Administra\u021bia Fondului pentru Mediu, beneficiaz\u0103 de<\/strong><br \/><strong>un buget de 400 de milioane de lei \u0219i se adreseaz\u0103 persoanelor fizice care au calitatea de<\/strong><br \/><strong>prosumator.<\/strong><\/p>\n<p>\u201eVedem \u00een aceste zile c\u0103 decizia de acum c\u00e2teva luni de a ne concentra la Ministerul<br \/>\nMediului pe zona de stocare de energie a fost una corect\u0103. S\u0103pt\u0103m\u00e2nile acestea au f\u0103cut<br \/>\nfoarte clar c\u0103 Rom\u00e2nia ar putea importa mult mai pu\u021bin\u0103 energie la ore de v\u00e2rf dac\u0103<br \/>\ndoar ar investi \u0219i \u00een sisteme de stocare. \u00cen ultimii ani, Rom\u00e2nia a investit masiv \u00een<br \/>\nproducerea energiei cu ajutorul panourilor fotovoltaice. Pasul firesc este s\u0103 investim<source sizes=\"(max-width: 485px) 100vw, 485px\" type=\"image\/webp\" data-srcset=\"https:\/\/infotulcea.ro\/wp-content\/uploads\/2026\/07\/Diana-Buzoianu-2026-07-28-at-16.24.46-500x341.jpeg.webp 500w, https:\/\/infotulcea.ro\/wp-content\/uploads\/2026\/07\/Diana-Buzoianu-2026-07-28-at-16.24.46-768x524.jpeg.webp 768w, https:\/\/infotulcea.ro\/wp-content\/uploads\/2026\/07\/Diana-Buzoianu-2026-07-28-at-16.24.46-220x150.jpeg.webp 220w, https:\/\/infotulcea.ro\/wp-content\/uploads\/2026\/07\/Diana-Buzoianu-2026-07-28-at-16.24.46.jpeg.webp 791w\" \/><\/p>\n<p><img loading=\"lazy\" decoding=\"async\" class=\" wp-image-40257 alignright\" src=\"https:\/\/infotulcea.ro\/wp-content\/uploads\/2026\/07\/Diana-Buzoianu-2026-07-28-at-16.24.46-500x341.jpeg\" alt width=\"485\" height=\"331\"><br \/>\nacum \u00een stocare, astfel \u00eenc\u00e2t energia produs\u0103 ziua s\u0103 poat\u0103 fi folosit\u0103 de prosumatori<br \/>\nseara, c\u00e2nd consumul este mai mare \u0219i Rom\u00e2nia ajunge s\u0103 importe energie. Prin acest<br \/>\nprogram de 400 de milioane de lei, deschidem finan\u021barea tuturor persoanelor fizice care<br \/>\nau calitatea de prosumator, indiferent dac\u0103 \u0219i-au instalat panourile printr-un program al<br \/>\nAFM sau din fonduri proprii. Vrem reguli clare, concuren\u021b\u0103 real\u0103 \u0219i sisteme de stocare<br \/>\ndimensionate dup\u0103 nevoile gospod\u0103riilor. Este o investi\u021bie care \u00eei ajut\u0103 direct pe oameni<br \/>\n\u0219i, \u00een acela\u0219i timp, cre\u0219te rezilien\u021ba sistemului energetic na\u021bional\u201d, a declarat ministra<br \/>\nmediului, apelor \u0219i p\u0103durilor, Diana Buzoianu.<\/p>\n<p>Programul urm\u0103re\u0219te valorificarea mai eficient\u0103 a energiei regenerabile produse de<br \/>\ngospod\u0103rii. Energia produs\u0103 \u00een timpul zilei va putea fi stocat\u0103 \u0219i utilizat\u0103 ulterior pentru<br \/>\nconsumul propriu, \u00een special \u00een orele de sear\u0103, c\u00e2nd consumul cre\u0219te, iar produc\u021bia<br \/>\nfotovoltaic\u0103 scade. Investi\u021biile vor contribui astfel la reducerea presiunii asupra<br \/>\nsistemului energetic na\u021bional \u0219i la diminuarea necesarului de import \u00een orele de v\u00e2rf.<\/p>\n<p>Potrivit proiectului de Ghid, sunt eligibile toate persoanele fizice care au calitatea de<br \/>\nprosumator, respectiv de\u021bin sisteme de producere a energiei electrice din surse<br \/>\nregenerabile, racordate la re\u021bea. Eligibilitatea nu va depinde de modul \u00een care a fost<br \/>\nfinan\u021bat sistemul fotovoltaic existent. Programul va putea fi accesat at\u00e2t de beneficiarii<br \/>\nedi\u021biilor anterioare ale programelor AFM, c\u00e2t \u0219i de persoanele care \u0219i-au instalat<br \/>\npanourile fotovoltaice din fonduri proprii.<\/p>\n<p>Programul va fi deschis tuturor instalatorilor care de\u021bin un atestat ANRE de tip B sau un<br \/>\natestat echivalent eliberat \u00eentr-un alt stat membru al Uniunii Europene \u0219i care<br \/>\n\u00eendeplinesc cerin\u021bele minime privind transparen\u021ba \u0219i capacitatea de implementare. Prin<br \/>\nprogram va fi finan\u021bat\u0103 achizi\u021bia sistemelor de stocare destinate energiei electrice<br \/>\nproduse din surse regenerabile, cu o capacitate minim\u0103 de 12 kWh.<\/p>\n<p>Sistemele vor trebui dimensionate \u00een raport cu produc\u021bia \u0219i nevoile reale de consum ale<br \/>\nprosumatorilor, astfel \u00eenc\u00e2t energia produs\u0103 s\u0103 fie utilizat\u0103 c\u00e2t mai eficient, iar presiunea<br \/>\nexercitat\u0103 asupra re\u021belei na\u021bionale s\u0103 fie redus\u0103.<\/p>\n<p>Finan\u021barea acordat\u0103 prin program va fi de maximum 15.000 de lei, TVA inclus, f\u0103r\u0103 a<br \/>\ndep\u0103\u0219i:<br \/>\n\u2022\u00a01.250 de lei pentru fiecare kWh de capacitate de stocare;<br \/>\n\u2022\u00a075% din valoarea cheltuielilor eligibile.<\/p>\n<p>Beneficiarul va asigura o contribu\u021bie proprie de cel pu\u021bin 25% din valoarea eligibil\u0103 a<br \/>\ninvesti\u021biei.<\/p>\n<p>\u00cen perioada de consultare public\u0103, Ministerul Mediului, Apelor \u0219i P\u0103durilor \u0219i Administra\u021bia<br \/>\nFondului pentru Mediu vor organiza dezbateri cu prosumatorii, instalatorii, organiza\u021biile<br \/>\nprofesionale \u0219i ceilal\u021bi beneficiari direct interesa\u021bi. Toate observa\u021biile \u0219i propunerile<br \/>\nprimite vor fi analizate \u00eenainte de aprobarea formei finale a Ghidului de finan\u021bare.<\/p>\n<p>Proiectul Ghidului este disponibil aici.<\/p>\n<\/div>\n<div id=\"post-extra-info\">\n<div class=\"theiaStickySidebar\">\n<div class=\"single-post-meta post-meta clearfix\"><span class=\"author-meta single-author no-avatars\"><span class=\"meta-item meta-author-wrapper meta-author-9\"><span class=\"meta-author\"><a href=\"https:\/\/infotulcea.ro\/author\/redactia-2\/\" class=\"author-name tie-icon\" title=\"Redactia\">Redactia<\/a><\/span><\/span><\/span><span class=\"date meta-item tie-icon\">18 august 2026<\/span><\/p>\n<div class=\"tie-alignright\"><span class=\"meta-comment tie-icon meta-item fa-before\">0<\/span><span class=\"meta-views meta-item \"> 366 <\/span><span class=\"meta-reading-time meta-item\"> 2 minutes read<\/span><\/div>\n<\/div>\n<\/div>\n<\/div>\n<div id=\"share-buttons-bottom\" class=\"share-buttons share-buttons-bottom\">\n<div class=\"share-links  icons-only\">\n<div class=\"share-title\"><span> Share<\/span><\/div>\n<p><a href=\"https:\/\/www.facebook.com\/sharer.php?u=https:\/\/infotulcea.ro\/diana-buzoianu-punem-in-dezbatere-publica-programul-pentru-finantarea-bateriilor-pentru-sisteme-fotovoltaice-bugetul-va-fi-de-400-de-milioane-de-lei\/\" rel=\"external noopener nofollow\" title=\"Facebook\" target=\"_blank\" class=\"facebook-share-btn \" data-raw=\"https:\/\/www.facebook.com\/sharer.php?u={post_link}\"><span class=\"screen-reader-text\">Facebook<\/span><\/a><a href=\"https:\/\/twitter.com\/intent\/tweet?text=Diana%20Buzoianu%3A%20Punem%20%C3%AEn%20dezbatere%20public%C4%83%20programul%20pentru%20finan%C8%9Barea%20bateriilor%20pentru%20sisteme%20fotovoltaice%21%20Bugetul%20va%20fi%20de%20400%20de%20milioane%20de%20lei&amp;url=https:\/\/infotulcea.ro\/diana-buzoianu-punem-in-dezbatere-publica-programul-pentru-finantarea-bateriilor-pentru-sisteme-fotovoltaice-bugetul-va-fi-de-400-de-milioane-de-lei\/\" rel=\"external noopener nofollow\" title=\"X\" target=\"_blank\" class=\"twitter-share-btn \" data-raw=\"https:\/\/twitter.com\/intent\/tweet?text={post_title}&amp;url={post_link}\"><span class=\"screen-reader-text\">X<\/span><\/a><a href=\"https:\/\/api.whatsapp.com\/send?text=Diana%20Buzoianu%3A%20Punem%20%C3%AEn%20dezbatere%20public%C4%83%20programul%20pentru%20finan%C8%9Barea%20bateriilor%20pentru%20sisteme%20fotovoltaice%21%20Bugetul%20va%20fi%20de%20400%20de%20milioane%20de%20lei%20https:\/\/infotulcea.ro\/diana-buzoianu-punem-in-dezbatere-publica-programul-pentru-finantarea-bateriilor-pentru-sisteme-fotovoltaice-bugetul-va-fi-de-400-de-milioane-de-lei\/\" rel=\"external noopener nofollow\" title=\"WhatsApp\" target=\"_blank\" class=\"whatsapp-share-btn \" data-raw=\"https:\/\/api.whatsapp.com\/send?text={post_title}%20{post_link}\"><span class=\"screen-reader-text\">WhatsApp<\/span><\/a><a href=\"https:\/\/telegram.me\/share\/url?url=https:\/\/infotulcea.ro\/diana-buzoianu-punem-in-dezbatere-publica-programul-pentru-finantarea-bateriilor-pentru-sisteme-fotovoltaice-bugetul-va-fi-de-400-de-milioane-de-lei\/&amp;text=Diana%20Buzoianu%3A%20Punem%20%C3%AEn%20dezbatere%20public%C4%83%20programul%20pentru%20finan%C8%9Barea%20bateriilor%20pentru%20sisteme%20fotovoltaice%21%20Bugetul%20va%20fi%20de%20400%20de%20milioane%20de%20lei\" rel=\"external noopener nofollow\" title=\"Telegram\" target=\"_blank\" class=\"telegram-share-btn \" data-raw=\"https:\/\/telegram.me\/share\/url?url={post_link}&amp;text={post_title}\"><span class=\"screen-reader-text\">Telegram<\/span><\/a><a href=\"mailto:?subject=Diana%20Buzoianu%3A%20Punem%20%C3%AEn%20dezbatere%20public%C4%83%20programul%20pentru%20finan%C8%9Barea%20bateriilor%20pentru%20sisteme%20fotovoltaice%21%20Bugetul%20va%20fi%20de%20400%20de%20milioane%20de%20lei&amp;body=https:\/\/infotulcea.ro\/diana-buzoianu-punem-in-dezbatere-publica-programul-pentru-finantarea-bateriilor-pentru-sisteme-fotovoltaice-bugetul-va-fi-de-400-de-milioane-de-lei\/\" rel=\"external noopener nofollow\" title=\"Share via Email\" target=\"_blank\" class=\"email-share-btn \" data-raw=\"mailto:?subject={post_title}&amp;body={post_link}\"><span class=\"screen-reader-text\">Share via Email<\/span><\/a><a href=\"https:\/\/infotulcea.ro\/diana-buzoianu-punem-in-dezbatere-publica-programul-pentru-finantarea-bateriilor-pentru-sisteme-fotovoltaice-bugetul-va-fi-de-400-de-milioane-de-lei\/\" rel=\"external noopener nofollow\" title=\"Print\" target=\"_blank\" class=\"print-share-btn \" data-raw=\"#\"><span class=\"screen-reader-text\">Print<\/span><\/a><\/div>\n<\/div>\n<\/article>\n<div class=\"post-components\">\n<div id=\"related-posts\" class=\"container-wrapper has-extra-post\">\n<div class=\"mag-box-title the-global-title\">\n<h3>Related Articles<\/h3>\n<\/div>\n<div class=\"related-posts-list\">\n<div class=\"related-item tie-standard\"><a aria-label=\"Senatorul Costel Vicol propune solu\u021bii de implementare a proiectului \u201eS\u0103 cre\u0219tem genera\u021bii s\u0103n\u0103toase\u201d\" href=\"https:\/\/infotulcea.ro\/senatorul-costel-vicol-propune-solutii-de-implementare-a-proiectului-sa-crestem-generatii-sanatoase\/\" class=\"post-thumb\"><source type=\"image\/webp\" data-srcset=\"https:\/\/infotulcea.ro\/wp-content\/uploads\/2024\/10\/vicol-presedinte-390x220.jpeg.webp\" \/><img loading=\"lazy\" decoding=\"async\" width=\"390\" height=\"220\" src=\"https:\/\/infotulcea.ro\/wp-content\/uploads\/2024\/10\/vicol-presedinte-390x220.jpeg\" class=\"attachment-jannah-image-large size-jannah-image-large wp-post-image\" alt><\/a><\/p>\n<h3 class=\"post-title\"><a href=\"https:\/\/infotulcea.ro\/senatorul-costel-vicol-propune-solutii-de-implementare-a-proiectului-sa-crestem-generatii-sanatoase\/\">Senatorul Costel Vicol propune solu\u021bii de implementare a proiectului \u201eS\u0103 cre\u0219tem genera\u021bii s\u0103n\u0103toase\u201d<\/a><\/h3>\n<div class=\"post-meta clearfix\"><span class=\"date meta-item tie-icon\">2 octombrie 2024<\/span><\/div>\n<\/div>\n<div class=\"related-item tie-standard\"><a aria-label=\"\u00a0Reforma Romsilva continu\u0103! Diana Buzoianu:: \u201dAm c\u00e2\u0219tigat \u00een prima instan\u021b\u0103\u201d\" href=\"https:\/\/infotulcea.ro\/reforma-romsilva-continua-diana-buzoianu-am-castigat-in-prima-instanta\/\" class=\"post-thumb\"><source type=\"image\/webp\" data-srcset=\"https:\/\/infotulcea.ro\/wp-content\/uploads\/2026\/04\/buzoianu-390x220.jpeg.webp\" \/><img loading=\"lazy\" decoding=\"async\" width=\"390\" height=\"220\" src=\"https:\/\/infotulcea.ro\/wp-content\/uploads\/2026\/04\/buzoianu-390x220.jpeg\" class=\"attachment-jannah-image-large size-jannah-image-large wp-post-image\" alt><\/a><\/p>\n<h3 class=\"post-title\"><a href=\"https:\/\/infotulcea.ro\/reforma-romsilva-continua-diana-buzoianu-am-castigat-in-prima-instanta\/\">\u00a0Reforma Romsilva continu\u0103! Diana Buzoianu:: \u201dAm c\u00e2\u0219tigat \u00een prima instan\u021b\u0103\u201d<\/a><\/h3>\n<div class=\"post-meta clearfix\"><span class=\"date meta-item tie-icon\">29 aprilie 2026<\/span><\/div>\n<\/div>\n<div class=\"related-item tie-standard\"><a aria-label=\"PROIECTUL USR pentru combaterea dezinform\u0103rii online: \u201eLEGEA ANTI-MANIPULARE\u201d!\" href=\"https:\/\/infotulcea.ro\/proiectul-usr-pentru-combaterea-dezinformarii-online-legea-anti-manipulare\/\" class=\"post-thumb\"><source type=\"image\/webp\" data-srcset=\"https:\/\/infotulcea.ro\/wp-content\/uploads\/2025\/04\/Miruta-2-390x220.jpg.webp\" \/><img loading=\"lazy\" decoding=\"async\" width=\"390\" height=\"220\" src=\"https:\/\/infotulcea.ro\/wp-content\/uploads\/2025\/04\/Miruta-2-390x220.jpg\" class=\"attachment-jannah-image-large size-jannah-image-large wp-post-image\" alt><\/a><\/p>\n<h3 class=\"post-title\"><a href=\"https:\/\/infotulcea.ro\/proiectul-usr-pentru-combaterea-dezinformarii-online-legea-anti-manipulare\/\">PROIECTUL USR pentru combaterea dezinform\u0103rii online: \u201eLEGEA ANTI-MANIPULARE\u201d!<\/a><\/h3>\n<div class=\"post-meta clearfix\"><span class=\"date meta-item tie-icon\">2 aprilie 2025<\/span><\/div>\n<\/div>\n<div class=\"related-item tie-standard\"><a aria-label=\"Scandal la ICR: Noua \u0219ef\u0103 a Institutului Cultural Rom\u00e2n, votat\u0103 \u00een Senat\" href=\"https:\/\/infotulcea.ro\/scandal-la-icr-noua-sefa-a-institutului-cultural-roman-votata-in-senat\/\" class=\"post-thumb\"><source sizes=\"(max-width: 390px) 100vw, 390px\" type=\"image\/webp\" data-srcset=\"https:\/\/infotulcea.ro\/wp-content\/uploads\/2026\/06\/usr-1-390x220.jpeg.webp 390w, https:\/\/infotulcea.ro\/wp-content\/uploads\/2026\/06\/usr-1-500x281.jpeg.webp 500w, https:\/\/infotulcea.ro\/wp-content\/uploads\/2026\/06\/usr-1-1024x576.jpeg.webp 1024w, https:\/\/infotulcea.ro\/wp-content\/uploads\/2026\/06\/usr-1-768x432.jpeg.webp 768w, https:\/\/infotulcea.ro\/wp-content\/uploads\/2026\/06\/usr-1.jpeg.webp 1080w\" \/><img loading=\"lazy\" decoding=\"async\" width=\"390\" height=\"220\" src=\"https:\/\/infotulcea.ro\/wp-content\/uploads\/2026\/06\/usr-1-390x220.jpeg\" class=\"attachment-jannah-image-large size-jannah-image-large wp-post-image\" alt><\/a><\/p>\n<h3 class=\"post-title\"><a href=\"https:\/\/infotulcea.ro\/scandal-la-icr-noua-sefa-a-institutului-cultural-roman-votata-in-senat\/\">Scandal la ICR: Noua \u0219ef\u0103 a Institutului Cultural Rom\u00e2n, votat\u0103 \u00een Senat<\/a><\/h3>\n<div class=\"post-meta clearfix\"><span class=\"date meta-item tie-icon\">3 iunie 2026<\/span><\/div>\n<\/div>\n<\/div>\n<\/div>\n<div id=\"comments\" class=\"comments-area\">\n<div id=\"add-comment-block\" class=\"container-wrapper\">\n<div id=\"respond\" class=\"comment-respond\">\n<h3 id=\"reply-title\" class=\"comment-reply-title the-global-title\">Las\u0103 un r\u0103spuns <small><a rel=\"nofollow\" id=\"cancel-comment-reply-link\" href=\"https:\/\/infotulcea.ro\/diana-buzoianu-punem-in-dezbatere-publica-programul-pentru-finantarea-bateriilor-pentru-sisteme-fotovoltaice-bugetul-va-fi-de-400-de-milioane-de-lei\/#respond\">Anuleaz\u0103 r\u0103spunsul<\/a><\/small><\/h3>\n<p class=\"comment-notes\"><span id=\"email-notes\">Adresa ta de email nu va fi publicat\u0103.<\/span><span class=\"required-field-message\">C\u00e2mpurile obligatorii sunt marcate cu <span class=\"required\">*<\/span><\/span><\/p>\n<\/div>\n<\/div>\n<\/div>\n<\/div>\n<\/div>\n<div id=\"check-also-box\" class=\"container-wrapper check-also-right\">\n<div class=\"widget-title the-global-title\">\n<div class=\"the-subtitle\">Check Also<\/div>\n<p><a href=\"https:\/\/infotulcea.ro\/diana-buzoianu-punem-in-dezbatere-publica-programul-pentru-finantarea-bateriilor-pentru-sisteme-fotovoltaice-bugetul-va-fi-de-400-de-milioane-de-lei\/\" id=\"check-also-close\" class=\"remove\"><span class=\"screen-reader-text\">Close<\/span><\/a><\/div>\n<div class=\"widget posts-list-big-first has-first-big-post\">\n<ul class=\"posts-list-items\">\n<li class=\"widget-single-post-item widget-post-list tie-standard\">\n<div class=\"post-widget-thumbnail\"><a aria-label=\"\u201eSiguran\u021ba nu este un cadou, este un drept. Stop femicidului \u00een Rom\u00e2nia!\u201d\" href=\"https:\/\/infotulcea.ro\/siguranta-nu-este-un-cadou-este-un-drept-stop-femicidului-in-romania\/\" class=\"post-thumb\"><span class=\"post-cat-wrap\"><span class=\"post-cat tie-cat-248\">USR<\/span><\/span><source type=\"image\/webp\" data-srcset=\"https:\/\/infotulcea.ro\/wp-content\/uploads\/2026\/03\/1AD6FB99-5BE4-4FF1-8815-2EC4A84C34F8-390x220.jpg.webp\" \/><img loading=\"lazy\" decoding=\"async\" width=\"390\" height=\"220\" src=\"https:\/\/infotulcea.ro\/wp-content\/uploads\/2026\/03\/1AD6FB99-5BE4-4FF1-8815-2EC4A84C34F8-390x220.jpg\" class=\"attachment-jannah-image-large size-jannah-image-large wp-post-image\" alt><\/a><\/div>\n<div class=\"post-widget-body \"><a class=\"post-title the-subtitle\" href=\"https:\/\/infotulcea.ro\/siguranta-nu-este-un-cadou-este-un-drept-stop-femicidului-in-romania\/\">\u201eSiguran\u021ba nu este un cadou, este un drept. Stop femicidului \u00een Rom\u00e2nia!\u201d<\/a><\/p>\n<div class=\"post-meta\"><span class=\"date meta-item tie-icon\">8 martie 2026<\/span><\/div>\n<\/div>\n<\/li>\n<\/ul>\n<\/div>\n<\/div>\n<aside class=\"sidebar tie-col-md-4 tie-col-xs-12 normal-side is-sticky\" aria-label=\"Primary Sidebar\">\n<div class=\"theiaStickySidebar\">\n<div id=\"media_image-19\" class=\"container-wrapper widget widget_media_image\"><a href=\"https:\/\/infotulcea.ro\/delta-dunarii-mai-accesibila-navrom-delta-creste-numarul-curselor-regulate-de-la-1-mai-2025\/\"><source sizes=\"(max-width: 500px) 100vw, 500px\" type=\"image\/webp\" data-srcset=\"https:\/\/infotulcea.ro\/wp-content\/uploads\/2025\/04\/navrom-delta-500x271.jpg.webp 500w, https:\/\/infotulcea.ro\/wp-content\/uploads\/2025\/04\/navrom-delta-1024x555.jpg.webp 1024w, https:\/\/infotulcea.ro\/wp-content\/uploads\/2025\/04\/navrom-delta-768x416.jpg.webp 768w, https:\/\/infotulcea.ro\/wp-content\/uploads\/2025\/04\/navrom-delta.jpg.webp 1080w\" \/><img loading=\"lazy\" decoding=\"async\" width=\"500\" height=\"271\" src=\"https:\/\/infotulcea.ro\/wp-content\/uploads\/2025\/04\/navrom-delta-500x271.jpg\" class=\"image wp-image-34487  attachment-medium size-medium\" alt><\/a><\/div>\n<div id=\"media_image-17\" class=\"container-wrapper widget widget_media_image\"><a href=\"https:\/\/www.facebook.com\/share\/p\/1DGAD1tLWN\/?mibextid=wwXIfr\" target=\"_blank\"><source sizes=\"(max-width: 500px) 100vw, 500px\" type=\"image\/webp\" data-srcset=\"https:\/\/infotulcea.ro\/wp-content\/uploads\/2026\/01\/IMG_1563-500x500.jpeg.webp 500w, https:\/\/infotulcea.ro\/wp-content\/uploads\/2026\/01\/IMG_1563-1024x1024.jpeg.webp 1024w, https:\/\/infotulcea.ro\/wp-content\/uploads\/2026\/01\/IMG_1563-250x250.jpeg.webp 250w, https:\/\/infotulcea.ro\/wp-content\/uploads\/2026\/01\/IMG_1563-768x768.jpeg.webp 768w, https:\/\/infotulcea.ro\/wp-content\/uploads\/2026\/01\/IMG_1563.jpeg.webp 1080w\" \/><img loading=\"lazy\" decoding=\"async\" width=\"500\" height=\"500\" src=\"https:\/\/infotulcea.ro\/wp-content\/uploads\/2026\/01\/IMG_1563-500x500.jpeg\" class=\"image wp-image-37932  attachment-medium size-medium\" alt title=\"Centrale pe lemne\"><\/a><\/div>\n<div id=\"media_image-18\" class=\"container-wrapper widget widget_media_image\"><a href=\"https:\/\/www.licitatia.ro\/site\/index-guest\"><img loading=\"lazy\" decoding=\"async\" width=\"500\" height=\"262\" src=\"https:\/\/infotulcea.ro\/wp-content\/uploads\/2025\/09\/licitatia-500x262.png\" class=\"image wp-image-36670  attachment-medium size-medium lazyload\" alt data-max-width=\"500\"><img loading=\"lazy\" decoding=\"async\" width=\"500\" height=\"262\" src=\"https:\/\/infotulcea.ro\/wp-content\/uploads\/2025\/09\/licitatia-500x262.png\" class=\"image wp-image-36670  attachment-medium size-medium\" alt><\/a><\/div>\n<div id=\"media_image-27\" class=\"container-wrapper widget widget_media_image\"><a href=\"https:\/\/www.centrale-lemne-liepsnele.ro\/\"><img loading=\"lazy\" decoding=\"async\" width=\"500\" height=\"500\" src=\"https:\/\/infotulcea.ro\/wp-content\/uploads\/2025\/09\/Centrale-pe-Lemne-Liepsnele-500x500.png\" class=\"image wp-image-36541  attachment-medium size-medium lazyload\" alt=\"Centrala pe lemne\" data-max-width=\"500\"><img loading=\"lazy\" decoding=\"async\" width=\"500\" height=\"500\" src=\"https:\/\/infotulcea.ro\/wp-content\/uploads\/2025\/09\/Centrale-pe-Lemne-Liepsnele-500x500.png\" class=\"image wp-image-36541  attachment-medium size-medium\" alt=\"Centrala pe lemne\"><\/a><\/div>\n<div id=\"media_image-28\" class=\"container-wrapper widget widget_media_image\"><a href=\"https:\/\/infotulcea.ro\/angajeaza-te-ro-platforma-ta-online-de-angajari-si-forta-de-munca\/\"><source sizes=\"(max-width: 500px) 100vw, 500px\" type=\"image\/webp\" data-srcset=\"https:\/\/infotulcea.ro\/wp-content\/uploads\/2025\/04\/banner-angajazate-1-500x305.jpg.webp 500w, https:\/\/infotulcea.ro\/wp-content\/uploads\/2025\/04\/banner-angajazate-1-1024x625.jpg.webp 1024w, https:\/\/infotulcea.ro\/wp-content\/uploads\/2025\/04\/banner-angajazate-1-768x469.jpg.webp 768w, https:\/\/infotulcea.ro\/wp-content\/uploads\/2025\/04\/banner-angajazate-1.jpg.webp 1080w\" \/><img loading=\"lazy\" decoding=\"async\" width=\"500\" height=\"305\" src=\"https:\/\/infotulcea.ro\/wp-content\/uploads\/2025\/04\/banner-angajazate-1-500x305.jpg\" class=\"image wp-image-34317  attachment-medium size-medium\" alt><\/a><\/div>\n<\/div>\n<\/aside>\n<\/div>\n<\/div>\n<div class=\"entry-content entry clearfix\">\n<p><strong>Ministerul Mediului, Apelor \u0219i P\u0103durilor a publicat ast\u0103zi, \u00een consultare public\u0103, proiectul<\/strong><br \/><strong>ghidului pentru programul pentru finan\u021barea bateriilor pentru sisteme fotovoltaice. Noul<\/strong><br \/><strong>program, derulat prin intermediul Administra\u021bia Fondului pentru Mediu, beneficiaz\u0103 de<\/strong><br \/><strong>un buget de 400 de milioane de lei \u0219i se adreseaz\u0103 persoanelor fizice care au calitatea de<\/strong><br \/><strong>prosumator.<\/strong><\/p>\n<p>\u201eVedem \u00een aceste zile c\u0103 decizia de acum c\u00e2teva luni de a ne concentra la Ministerul<br \/>\nMediului pe zona de stocare de energie a fost una corect\u0103. S\u0103pt\u0103m\u00e2nile acestea au f\u0103cut<br \/>\nfoarte clar c\u0103 Rom\u00e2nia ar putea importa mult mai pu\u021bin\u0103 energie la ore de v\u00e2rf dac\u0103<br \/>\ndoar ar investi \u0219i \u00een sisteme de stocare. \u00cen ultimii ani, Rom\u00e2nia a investit masiv \u00een<br \/>\nproducerea energiei cu ajutorul panourilor fotovoltaice. Pasul firesc este s\u0103 investim<source sizes=\"(max-width: 485px) 100vw, 485px\" type=\"image\/webp\" data-srcset=\"https:\/\/infotulcea.ro\/wp-content\/uploads\/2026\/07\/Diana-Buzoianu-2026-07-28-at-16.24.46-500x341.jpeg.webp 500w, https:\/\/infotulcea.ro\/wp-content\/uploads\/2026\/07\/Diana-Buzoianu-2026-07-28-at-16.24.46-768x524.jpeg.webp 768w, https:\/\/infotulcea.ro\/wp-content\/uploads\/2026\/07\/Diana-Buzoianu-2026-07-28-at-16.24.46-220x150.jpeg.webp 220w, https:\/\/infotulcea.ro\/wp-content\/uploads\/2026\/07\/Diana-Buzoianu-2026-07-28-at-16.24.46.jpeg.webp 791w\" \/><\/p>\n<p><img loading=\"lazy\" decoding=\"async\" class=\" wp-image-40257 alignright\" src=\"https:\/\/infotulcea.ro\/wp-content\/uploads\/2026\/07\/Diana-Buzoianu-2026-07-28-at-16.24.46-500x341.jpeg\" alt width=\"485\" height=\"331\"><br \/>\nacum \u00een stocare, astfel \u00eenc\u00e2t energia produs\u0103 ziua s\u0103 poat\u0103 fi folosit\u0103 de prosumatori<br \/>\nseara, c\u00e2nd consumul este mai mare \u0219i Rom\u00e2nia ajunge s\u0103 importe energie. Prin acest<br \/>\nprogram de 400 de milioane de lei, deschidem finan\u021barea tuturor persoanelor fizice care<br \/>\nau calitatea de prosumator, indiferent dac\u0103 \u0219i-au instalat panourile printr-un program al<br \/>\nAFM sau din fonduri proprii. Vrem reguli clare, concuren\u021b\u0103 real\u0103 \u0219i sisteme de stocare<br \/>\ndimensionate dup\u0103 nevoile gospod\u0103riilor. Este o investi\u021bie care \u00eei ajut\u0103 direct pe oameni<br \/>\n\u0219i, \u00een acela\u0219i timp, cre\u0219te rezilien\u021ba sistemului energetic na\u021bional\u201d, a declarat ministra<br \/>\nmediului, apelor \u0219i p\u0103durilor, Diana Buzoianu.<\/p>\n<p>Programul urm\u0103re\u0219te valorificarea mai eficient\u0103 a energiei regenerabile produse de<br \/>\ngospod\u0103rii. Energia produs\u0103 \u00een timpul zilei va putea fi stocat\u0103 \u0219i utilizat\u0103 ulterior pentru<br \/>\nconsumul propriu, \u00een special \u00een orele de sear\u0103, c\u00e2nd consumul cre\u0219te, iar produc\u021bia<br \/>\nfotovoltaic\u0103 scade. Investi\u021biile vor contribui astfel la reducerea presiunii asupra<br \/>\nsistemului energetic na\u021bional \u0219i la diminuarea necesarului de import \u00een orele de v\u00e2rf.<\/p>\n<p>Potrivit proiectului de Ghid, sunt eligibile toate persoanele fizice care au calitatea de<br \/>\nprosumator, respectiv de\u021bin sisteme de producere a energiei electrice din surse<br \/>\nregenerabile, racordate la re\u021bea. Eligibilitatea nu va depinde de modul \u00een care a fost<br \/>\nfinan\u021bat sistemul fotovoltaic existent. Programul va putea fi accesat at\u00e2t de beneficiarii<br \/>\nedi\u021biilor anterioare ale programelor AFM, c\u00e2t \u0219i de persoanele care \u0219i-au instalat<br \/>\npanourile fotovoltaice din fonduri proprii.<\/p>\n<p>Programul va fi deschis tuturor instalatorilor care de\u021bin un atestat ANRE de tip B sau un<br \/>\natestat echivalent eliberat \u00eentr-un alt stat membru al Uniunii Europene \u0219i care<br \/>\n\u00eendeplinesc cerin\u021bele minime privind transparen\u021ba \u0219i capacitatea de implementare. Prin<br \/>\nprogram va fi finan\u021bat\u0103 achizi\u021bia sistemelor de stocare destinate energiei electrice<br \/>\nproduse din surse regenerabile, cu o capacitate minim\u0103 de 12 kWh.<\/p>\n<p>Sistemele vor trebui dimensionate \u00een raport cu produc\u021bia \u0219i nevoile reale de consum ale<br \/>\nprosumatorilor, astfel \u00eenc\u00e2t energia produs\u0103 s\u0103 fie utilizat\u0103 c\u00e2t mai eficient, iar presiunea<br \/>\nexercitat\u0103 asupra re\u021belei na\u021bionale s\u0103 fie redus\u0103.<\/p>\n<p>Finan\u021barea acordat\u0103 prin program va fi de maximum 15.000 de lei, TVA inclus, f\u0103r\u0103 a<br \/>\ndep\u0103\u0219i:<br \/>\n\u2022\u00a01.250 de lei pentru fiecare kWh de capacitate de stocare;<br \/>\n\u2022\u00a075% din valoarea cheltuielilor eligibile.<\/p>\n<p>Beneficiarul va asigura o contribu\u021bie proprie de cel pu\u021bin 25% din valoarea eligibil\u0103 a<br \/>\ninvesti\u021biei.<\/p>\n<p>\u00cen perioada de consultare public\u0103, Ministerul Mediului, Apelor \u0219i P\u0103durilor \u0219i Administra\u021bia<br \/>\nFondului pentru Mediu vor organiza dezbateri cu prosumatorii, instalatorii, organiza\u021biile<br \/>\nprofesionale \u0219i ceilal\u021bi beneficiari direct interesa\u021bi. Toate observa\u021biile \u0219i propunerile<br \/>\nprimite vor fi analizate \u00eenainte de aprobarea formei finale a Ghidului de finan\u021bare.<\/p>\n<p>Proiectul Ghidului este disponibil aici.<\/p>\n<\/div>\n<div class=\"articleBody\" data-key=\"articleBody\">Ministerul Mediului, Apelor \u0219i P\u0103durilor a publicat ast\u0103zi, \u00een consultare public\u0103, proiectul<br \/>\nghidului pentru programul pentru finan\u021barea bateriilor pentru sisteme fotovoltaice. Noul<br \/>\nprogram, derulat prin intermediul Administra\u021bia Fondului pentru Mediu, beneficiaz\u0103 de<br \/>\nun buget de 400 de milioane de lei \u0219i se adreseaz\u0103 persoanelor fizice care au calitatea de<br \/>\nprosumator.<\/p>\n<p>\u201eVedem \u00een aceste zile c\u0103 decizia de acum c\u00e2teva luni de a ne concentra la Ministerul<br \/>\nMediului pe zona de stocare de energie a fost una corect\u0103. S\u0103pt\u0103m\u00e2nile acestea au f\u0103cut<br \/>\nfoarte clar c\u0103 Rom\u00e2nia ar putea importa mult mai pu\u021bin\u0103 energie la ore de v\u00e2rf dac\u0103<br \/>\ndoar ar investi \u0219i \u00een sisteme de stocare. \u00cen ultimii ani, Rom\u00e2nia a investit masiv \u00een<br \/>\nproducerea energiei cu ajutorul panourilor fotovoltaice. Pasul firesc este s\u0103 investim<br \/>\nacum \u00een stocare, astfel \u00eenc\u00e2t energia produs\u0103 ziua s\u0103 poat\u0103 fi folosit\u0103 de prosumatori<br \/>\nseara, c\u00e2nd consumul este mai mare \u0219i Rom\u00e2nia ajunge s\u0103 importe energie. Prin acest<br \/>\nprogram de 400 de milioane de lei, deschidem finan\u021barea tuturor persoanelor fizice care<br \/>\nau calitatea de prosumator, indiferent dac\u0103 \u0219i-au instalat panourile printr-un program al<br \/>\nAFM sau din fonduri proprii. Vrem reguli clare, concuren\u021b\u0103 real\u0103 \u0219i sisteme de stocare<br \/>\ndimensionate dup\u0103 nevoile gospod\u0103riilor. Este o investi\u021bie care \u00eei ajut\u0103 direct pe oameni<br \/>\n\u0219i, \u00een acela\u0219i timp, cre\u0219te rezilien\u021ba sistemului energetic na\u021bional\u201d, a declarat ministra<br \/>\nmediului, apelor \u0219i p\u0103durilor, Diana Buzoianu.<\/p>\n<p>Programul urm\u0103re\u0219te valorificarea mai eficient\u0103 a energiei regenerabile produse de<br \/>\ngospod\u0103rii. Energia produs\u0103 \u00een timpul zilei va putea fi stocat\u0103 \u0219i utilizat\u0103 ulterior pentru<br \/>\nconsumul propriu, \u00een special \u00een orele de sear\u0103, c\u00e2nd consumul cre\u0219te, iar produc\u021bia<br \/>\nfotovoltaic\u0103 scade. Investi\u021biile vor contribui astfel la reducerea presiunii asupra<br \/>\nsistemului energetic na\u021bional \u0219i la diminuarea necesarului de import \u00een orele de v\u00e2rf.<\/p>\n<p>Potrivit proiectului de Ghid, sunt eligibile toate persoanele fizice care au calitatea de<br \/>\nprosumator, respectiv de\u021bin sisteme de producere a energiei electrice din surse<br \/>\nregenerabile, racordate la re\u021bea. Eligibilitatea nu va depinde de modul \u00een care a fost<br \/>\nfinan\u021bat sistemul fotovoltaic existent. Programul va putea fi accesat at\u00e2t de beneficiarii<br \/>\nedi\u021biilor anterioare ale programelor AFM, c\u00e2t \u0219i de persoanele care \u0219i-au instalat<br \/>\npanourile fotovoltaice din fonduri proprii.<\/p>\n<p>Programul va fi deschis tuturor instalatorilor care de\u021bin un atestat ANRE de tip B sau un<br \/>\natestat echivalent eliberat \u00eentr-un alt stat membru al Uniunii Europene \u0219i care<br \/>\n\u00eendeplinesc cerin\u021bele minime privind transparen\u021ba \u0219i capacitatea de implementare. Prin<br \/>\nprogram va fi finan\u021bat\u0103 achizi\u021bia sistemelor de stocare destinate energiei electrice<br \/>\nproduse din surse regenerabile, cu o capacitate minim\u0103 de 12 kWh.<\/p>\n<p>Sistemele vor trebui dimensionate \u00een raport cu produc\u021bia \u0219i nevoile reale de consum ale<br \/>\nprosumatorilor, astfel \u00eenc\u00e2t energia produs\u0103 s\u0103 fie utilizat\u0103 c\u00e2t mai eficient, iar presiunea<br \/>\nexercitat\u0103 asupra re\u021belei na\u021bionale s\u0103 fie redus\u0103.<\/p>\n<p>Finan\u021barea acordat\u0103 prin program va fi de maximum 15.000 de lei, TVA inclus, f\u0103r\u0103 a<br \/>\ndep\u0103\u0219i:<br \/>\n\u2022\u00a01.250 de lei pentru fiecare kWh de capacitate de stocare;<br \/>\n\u2022\u00a075% din valoarea cheltuielilor eligibile.<\/p>\n<p>Beneficiarul va asigura o contribu\u021bie proprie de cel pu\u021bin 25% din valoarea eligibil\u0103 a<br \/>\ninvesti\u021biei.<\/p>\n<p>\u00cen perioada de consultare public\u0103, Ministerul Mediului, Apelor \u0219i P\u0103durilor \u0219i Administra\u021bia<br \/>\nFondului pentru Mediu vor organiza dezbateri cu prosumatorii, instalatorii, organiza\u021biile<br \/>\nprofesionale \u0219i ceilal\u021bi beneficiari direct interesa\u021bi. Toate observa\u021biile \u0219i propunerile<br \/>\nprimite vor fi analizate \u00eenainte de aprobarea formei finale a Ghidului de finan\u021bare.<\/p>\n<p>Proiectul Ghidului este disponibil aici.<\/p><\/div>\n<p>[analyse_source url=&#8221;https:\/\/infotulcea.ro\/diana-buzoianu-punem-in-dezbatere-publica-programul-pentru-finantarea-bateriilor-pentru-sisteme-fotovoltaice-bugetul-va-fi-de-400-de-milioane-de-lei\/&#8221;]<\/p>\n","protected":false},"excerpt":{"rendered":"<p>[analyse_image type=&#8221;featured&#8221; src=&#8221;https:\/\/infotulcea.ro\/wp-content\/uploads\/2026\/07\/Diana-Buzoianu-2026-07-28-at-16.24.46.jpeghttps:\/\/infotulcea.ro\/wp-content\/uploads\/2026\/07\/Diana-Buzoianu-2026-07-28-at-16.24.46.jpeg&#8221;] Home\/Politic\u0103\/USR\/Diana Buzoianu: Punem \u00een dezbatere public\u0103 programul pentru finan\u021barea bateriilor pentru sisteme fotovoltaice! Bugetul va fi de 400 de milioane de lei USR Diana Buzoianu: Punem \u00een dezbatere public\u0103 programul pentru finan\u021barea bateriilor pentru sisteme fotovoltaice! Bugetul va fi de 400 de milioane de lei Redactia18 august 2026 0 366 2 minutes [&hellip;]<\/p>\n","protected":false},"author":1,"featured_media":0,"comment_status":"open","ping_status":"","sticky":false,"template":"","format":"standard","meta":{"footnotes":""},"categories":[89],"tags":[226,221],"class_list":["post-2104104","post","type-post","status-publish","format-standard","hentry","category-romania","tag-crawlmanager","tag-infotulcea-ro"],"_links":{"self":[{"href":"https:\/\/analyse.optim.biz\/index.php?rest_route=\/wp\/v2\/posts\/2104104","targetHints":{"allow":["GET"]}}],"collection":[{"href":"https:\/\/analyse.optim.biz\/index.php?rest_route=\/wp\/v2\/posts"}],"about":[{"href":"https:\/\/analyse.optim.biz\/index.php?rest_route=\/wp\/v2\/types\/post"}],"author":[{"embeddable":true,"href":"https:\/\/analyse.optim.biz\/index.php?rest_route=\/wp\/v2\/users\/1"}],"replies":[{"embeddable":true,"href":"https:\/\/analyse.optim.biz\/index.php?rest_route=%2Fwp%2Fv2%2Fcomments&post=2104104"}],"version-history":[{"count":0,"href":"https:\/\/analyse.optim.biz\/index.php?rest_route=\/wp\/v2\/posts\/2104104\/revisions"}],"wp:attachment":[{"href":"https:\/\/analyse.optim.biz\/index.php?rest_route=%2Fwp%2Fv2%2Fmedia&parent=2104104"}],"wp:term":[{"taxonomy":"category","embeddable":true,"href":"https:\/\/analyse.optim.biz\/index.php?rest_route=%2Fwp%2Fv2%2Fcategories&post=2104104"},{"taxonomy":"post_tag","embeddable":true,"href":"https:\/\/analyse.optim.biz\/index.php?rest_route=%2Fwp%2Fv2%2Ftags&post=2104104"}],"curies":[{"name":"wp","href":"https:\/\/api.w.org\/{rel}","templated":true}]}}