{"id":2104075,"date":"2026-08-18T04:11:06","date_gmt":"2026-08-18T01:11:06","guid":{"rendered":"https:\/\/analyse.optim.biz\/?p=2104075"},"modified":"2026-08-18T04:11:06","modified_gmt":"2026-08-18T01:11:06","slug":"speculatii-fara-dovezi-senatorul-aur-timis-vede-conspiratii-in-intalnirea-bolojan-fritz","status":"publish","type":"post","link":"https:\/\/analyse.optim.biz\/?p=2104075","title":{"rendered":"Specula\u021bii f\u0103r\u0103 dovezi. Senatorul AUR Timi\u0219 vede conspira\u021bii \u00een \u00eent\u00e2lnirea Bolojan\u2013Fritz"},"content":{"rendered":"<p>[analyse_image type=&#8221;featured&#8221; src=&#8221;https:\/\/orasul-timisoara.ro\/wp-content\/uploads\/2026\/08\/fritz-stoica-bolo.jpg&#8221;]<\/p>\n<article id=\"post-40293\" class=\"td-post-template-7 post-40293 post type-post status-publish format-standard has-post-thumbnail category-stiri-timisoara td-container-wrap\">\n<div class=\"td-full-screen-header-image-wrap\">\n<div class=\"td-container td-post-header\">\n<div class=\"td-crumb-container\">\n<div class=\"entry-crumbs\"><span><a title=\"Vede\u021bi toate articolele \u00een \u0218tiri Locale\" class=\"entry-crumb\" href=\"https:\/\/orasul-timisoara.ro\/local-category\/stiri-timisoara\/\">\u0218tiri Locale<\/a><\/span><span class=\"td-bred-no-url-last\">Specula\u021bii f\u0103r\u0103 dovezi. Senatorul AUR Timi\u0219 vede conspira\u021bii \u00een \u00eent\u00e2lnirea Bolojan\u2013Fritz<\/span><\/div>\n<\/div>\n<div class=\"td-post-header-holder\">\n<div class=\"td-parallax-header\">\n<header class=\"td-post-title\">\n<ul class=\"td-category\">\n<li class=\"entry-category\"><a href=\"https:\/\/orasul-timisoara.ro\/local-category\/stiri-timisoara\/\">\u0218tiri Locale<\/a><\/li>\n<\/ul>\n<h1 class=\"entry-title\">Specula\u021bii f\u0103r\u0103 dovezi. Senatorul AUR Timi\u0219 vede conspira\u021bii \u00een \u00eent\u00e2lnirea Bolojan\u2013Fritz<\/h1>\n<div class=\"td-module-meta-info\">\n<div class=\"td-post-author-name\">\n<div class=\"td-author-by\">De c\u0103tre<\/div>\n<p><a href=\"https:\/\/orasul-timisoara.ro\/author\/timisoara\/\">redactia<\/a><\/p>\n<div class=\"td-author-line\"> &#8211; <\/div>\n<\/div>\n<p><span class=\"td-post-date\"><time class=\"entry-date updated td-module-date\" datetime=\"2026-08-18T07:11:06+03:00\">18\/08\/2026<\/time><\/span><\/div>\n<\/header>\n<\/div>\n<\/div>\n<\/div>\n<div id=\"td-full-screen-header-image\" class=\"td-image-gradient-style7\"><img decoding=\"async\" class=\"td-backstretch\" src=\"https:\/\/orasul-timisoara.ro\/wp-content\/uploads\/2026\/08\/fritz-stoica-bolo.jpg\"><\/div>\n<\/div>\n<div class=\"td-container\">\n<div class=\"td-pb-row\">\n<div class=\"td-pb-span8 td-main-content\" role=\"main\">\n<div class=\"td-ss-main-content\">\n<div class=\"td-post-sharing-top\">\n<div class=\"td-post-sharing-classic\"><iframe title=\"topFacebookLike\" frameborder src=\"https:\/\/www.facebook.com\/plugins\/like.php?href=https:\/\/orasul-timisoara.ro\/local-40293\/&amp;layout=button_count&amp;show_faces=false&amp;width=105&amp;action=like&amp;colorscheme=light&amp;height=21\"><\/iframe><\/div>\n<div id=\"td_social_sharing_article_top\" class=\"td-post-sharing td-ps-bg td-ps-notext td-post-sharing-style1 \">\n<div class=\"td-post-sharing-visible\"><a class=\"td-social-sharing-button td-social-sharing-button-js td-social-network td-social-facebook\" href=\"https:\/\/www.facebook.com\/sharer.php?u=https%3A%2F%2Forasul-timisoara.ro%2Flocal-40293%2F\" title=\"Facebook\"><\/p>\n<div class=\"td-social-but-text\">Facebook<\/div>\n<p><\/a><a class=\"td-social-sharing-button td-social-sharing-button-js td-social-network td-social-twitter\" href=\"https:\/\/twitter.com\/intent\/tweet?text=Specula%C8%9Bii+f%C4%83r%C4%83+dovezi.+Senatorul+AUR+Timi%C8%99+vede+conspira%C8%9Bii+%C3%AEn+%C3%AEnt%C3%A2lnirea+Bolojan%E2%80%93Fritz&amp;url=https%3A%2F%2Forasul-timisoara.ro%2Flocal-40293%2F&amp;via=orasultm\" title=\"Twitter\"><\/p>\n<div class=\"td-social-but-text\">Twitter<\/div>\n<p><\/a><a class=\"td-social-sharing-button td-social-sharing-button-js td-social-network td-social-whatsapp\" href=\"https:\/\/api.whatsapp.com\/send?text=Specula%C8%9Bii+f%C4%83r%C4%83+dovezi.+Senatorul+AUR+Timi%C8%99+vede+conspira%C8%9Bii+%C3%AEn+%C3%AEnt%C3%A2lnirea+Bolojan%E2%80%93Fritz%20%0A%0A%20https:\/\/orasul-timisoara.ro\/local-40293\/\" title=\"WhatsApp\"><\/p>\n<div class=\"td-social-but-text\">WhatsApp<\/div>\n<p><\/a><a class=\"td-social-sharing-button td-social-sharing-button-js td-social-network td-social-linkedin\" href=\"https:\/\/www.linkedin.com\/shareArticle?mini=true&amp;url=https:\/\/orasul-timisoara.ro\/local-40293\/&amp;title=Specula%C8%9Bii+f%C4%83r%C4%83+dovezi.+Senatorul+AUR+Timi%C8%99+vede+conspira%C8%9Bii+%C3%AEn+%C3%AEnt%C3%A2lnirea+Bolojan%E2%80%93Fritz\" title=\"Linkedin\"><\/p>\n<div class=\"td-social-but-text\">Linkedin<\/div>\n<p><\/a><a class=\"td-social-sharing-button td-social-sharing-button-js td-social-network td-social-reddit\" href=\"https:\/\/reddit.com\/submit?url=https:\/\/orasul-timisoara.ro\/local-40293\/&amp;title=Specula%C8%9Bii+f%C4%83r%C4%83+dovezi.+Senatorul+AUR+Timi%C8%99+vede+conspira%C8%9Bii+%C3%AEn+%C3%AEnt%C3%A2lnirea+Bolojan%E2%80%93Fritz\" title=\"ReddIt\"><\/p>\n<div class=\"td-social-but-text\">ReddIt<\/div>\n<p><\/a><a class=\"td-social-sharing-button td-social-sharing-button-js td-social-network td-social-mail\" href=\"mailto:?subject=Specula%C8%9Bii%20f%C4%83r%C4%83%20dovezi.%20Senatorul%20AUR%20Timi%C8%99%20vede%20conspira%C8%9Bii%20%C3%AEn%20%C3%AEnt%C3%A2lnirea%20Bolojan%E2%80%93Fritz&amp;body=https:\/\/orasul-timisoara.ro\/local-40293\/\" title=\"Email\"><\/p>\n<div class=\"td-social-but-text\">Email<\/div>\n<p><\/a><a class=\"td-social-sharing-button td-social-sharing-button-js td-social-network td-social-print\" href=\"https:\/\/orasul-timisoara.ro\/local-40293\/\" title=\"Imprimare\"><\/p>\n<div class=\"td-social-but-text\">Imprimare<\/div>\n<p><\/a><\/div>\n<\/div>\n<\/div>\n<div class=\"td-post-content tagdiv-type\">\n<p class=\"wp-block-paragraph\">Ciprian-Titi Stoica, senator AUR de Timi\u0219, lanseaz\u0103 o serie de specula\u021bii dup\u0103 vizita premierului Ilie Bolojan la Timi\u0219oara \u0219i \u00eent\u00e2lnirea acestuia cu Dominic Fritz. Parlamentarul sugereaz\u0103 c\u0103 momentul ar putea avea leg\u0103tur\u0103 cu decizia Cur\u021bii Constitu\u021bionale privind modific\u0103rile aduse Legii ANI, f\u0103r\u0103 s\u0103 prezinte \u00eens\u0103 vreo dovad\u0103 \u00een acest sens.<\/p>\n<p class=\"wp-block-paragraph\">Succesiunea evenimentelor este folosit\u0103 de senatorul AUR pentru a ridica semne de \u00eentrebare cu privire la o posibil\u0103 \u00een\u021belegere politic\u0103. \u00cen realitate, prezen\u021ba lui Ilie Bolojan la Timi\u0219oara avea un motiv public \u0219i anun\u021bat: participarea la inaugurarea noului c\u0103min studen\u021besc al Universit\u0103\u021bii de Vest din Timi\u0219oara. \u00cen plus, Bolojan \u0219i Fritz sunt liderii unor forma\u021biuni politice care fac parte din actuala majoritate guvernamental\u0103, ceea ce face o eventual\u0103 \u00eent\u00e2lnire \u00eentre cei doi politicieni una fireasc\u0103 \u00eentr-un asemenea context.<\/p>\n<h2 class=\"wp-block-heading\">Ciprian-Titi Stoica transform\u0103 coinciden\u021bele \u00een suspiciuni<\/h2>\n<p class=\"wp-block-paragraph\">\u00centr-o postare publicat\u0103 pe Facebook, senatorul AUR de Timi\u0219, Ciprian-Titi Stoica, \u00eentreab\u0103 dac\u0103 toate evenimentele care s-au succedat \u00een jurul deciziei CCR sunt \u201ecoinciden\u021be\u201d. Parlamentarul face referire la o \u00eent\u00e2lnire pe care premierul Ilie Bolojan ar fi avut-o anterior cu pre\u0219edinta Cur\u021bii Constitu\u021bionale, Simina T\u0103n\u0103sescu, \u0219i la vizita ulterioar\u0103 a premierului la Timi\u0219oara.<\/p>\n<p class=\"wp-block-paragraph\">Stoica pune apoi \u00een aceea\u0219i ecua\u021bie \u00eent\u00e2lnirea dintre Bolojan \u0219i Dominic Fritz \u0219i decizia CCR referitoare la modific\u0103rile aduse Legii integrit\u0103\u021bii. Senatorul nu afirm\u0103 explicit c\u0103 ar fi existat o negociere, dar sugereaz\u0103 c\u0103 succesiunea evenimentelor justific\u0103 suspiciuni \u0219i \u00eentreb\u0103ri despre ceea ce s-ar fi discutat.<\/p>\n<p class=\"wp-block-paragraph\">Problema este c\u0103 \u00eentre a pune \u00eentreb\u0103ri \u0219i a sugera existen\u021ba unei leg\u0103turi exist\u0103 o diferen\u021b\u0103 important\u0103. \u00cen cazul de fa\u021b\u0103, senatorul nu prezint\u0103 elemente concrete care s\u0103 demonstreze c\u0103 \u00eent\u00e2lnirea Bolojan\u2013Fritz ar fi avut vreo leg\u0103tur\u0103 cu deliber\u0103rile Cur\u021bii Constitu\u021bionale.<\/p>\n<h2 class=\"wp-block-heading\">De ce a venit Ilie Bolojan la Timi\u0219oara?<\/h2>\n<p class=\"wp-block-paragraph\">Vizita premierului Ilie Bolojan la Timi\u0219oara nu a ap\u0103rut \u00eentr-un vid de informa\u021bii \u0219i nici nu a fost legat\u0103 de o \u00eent\u00e2lnire politic\u0103 anun\u021bat\u0103 \u00een jurul deciziei CCR. Premierul a venit \u00een municipiu pentru inaugurarea noului c\u0103min studen\u021besc al Universit\u0103\u021bii de Vest din Timi\u0219oara.<\/p>\n<p class=\"wp-block-paragraph\">Prezen\u021ba lui Bolojan la UVT are \u0219i o component\u0103 institu\u021bional\u0103 evident\u0103, \u00een condi\u021biile \u00een care rectorul universit\u0103\u021bii, Marilen Gabriel Pirtea, este consilier personal al premierului \u0219i doar c\u00e2teva minute au lipsit pentru a deveni ministru al Educa\u021biei \u00een Guvernul Bolojan. \u00cen acest context, deplasarea \u0219efului Guvernului la Timi\u0219oara avea un obiectiv public, iar o eventual\u0103 \u00eent\u00e2lnire cu lideri politici locali sau na\u021bionali afla\u021bi \u00een ora\u0219 nu reprezint\u0103, \u00een sine, o situa\u021bie neobi\u0219nuit\u0103.<\/p>\n<p class=\"wp-block-paragraph\">Mai mult, Dominic Fritz este pre\u0219edintele USR, partid aflat la guvernare al\u0103turi de forma\u021biunea condus\u0103 de Ilie Bolojan. Din aceast\u0103 perspectiv\u0103, o \u00eent\u00e2lnire \u00eentre cei doi lideri politici poate fi explicat\u0103 prin rela\u021bia politic\u0103 \u0219i institu\u021bional\u0103 dintre ei, f\u0103r\u0103 s\u0103 fie necesar\u0103 o explica\u021bie conspirativ\u0103.<\/p>\n<h2 class=\"wp-block-heading\">Bolojan \u0219i Fritz sunt alia\u021bi \u00een actuala guvernare<\/h2>\n<p class=\"wp-block-paragraph\">Ilie Bolojan \u0219i Dominic Fritz ocup\u0103 pozi\u021bii importante \u00een partidele care sus\u021bin actuala formul\u0103 de guvernare. Bolojan este liderul PNL \u0219i prim-ministru, \u00een timp ce Fritz conduce USR \u0219i este una dintre figurile politice centrale ale forma\u021biunii.<\/p>\n<p class=\"wp-block-paragraph\">Prin urmare, o \u00eent\u00e2lnire \u00eentre cei doi, \u00een condi\u021biile \u00een care premierul se afla la Timi\u0219oara, nu este un fapt care s\u0103 necesite automat o explica\u021bie legat\u0103 de o decizie a CCR. Contextul politic ofer\u0103 deja o explica\u021bie direct\u0103 pentru posibilitatea unei asemenea discu\u021bii.<\/p>\n<p class=\"wp-block-paragraph\">A pune \u00eent\u00e2lnirea \u00eentr-o rela\u021bie de cauzalitate cu decizia Cur\u021bii Constitu\u021bionale doar pentru c\u0103 cele dou\u0103 evenimente au avut loc \u00een aceea\u0219i perioad\u0103 reprezint\u0103 o specula\u021bie. P\u00e2n\u0103 la apari\u021bia unor dovezi sau informa\u021bii concrete, nu exist\u0103 un element public care s\u0103 demonstreze c\u0103 \u00eentre cele dou\u0103 situa\u021bii exist\u0103 o leg\u0103tur\u0103.<\/p>\n<h2 class=\"wp-block-heading\">Ce a decis CCR \u00een cazul Legii ANI<\/h2>\n<p class=\"wp-block-paragraph\">Curtea Constitu\u021bional\u0103 a decis c\u0103 prevederea introdus\u0103 \u00een Legea integrit\u0103\u021bii care stabile\u0219te \u00eencetarea mandatului pentru ale\u0219ii \u00een cazul unor constat\u0103ri definitive privind incompatibilitatea sau conflictul de interese este constitu\u021bional\u0103. Decizia poate avea consecin\u021be directe asupra situa\u021biei lui Dominic Fritz, al c\u0103rui conflict de interese a fost stabilit definitiv de \u00cenalta Curte de Casa\u021bie \u0219i Justi\u021bie.<\/p>\n<p class=\"wp-block-paragraph\">\u00cen iunie 2026, \u00cenalta Curte a men\u021binut definitiv constatarea ANI privind existen\u021ba conflictului de interese \u00een cazul lui Dominic Fritz. La acel moment, \u00eens\u0103, efectele asupra mandatului de primar erau intens disputate \u00een spa\u021biul public, inclusiv \u00eentre juri\u0219ti \u0219i politicieni.<\/p>\n<p class=\"wp-block-paragraph\">Decizia CCR din 17 august schimb\u0103 substan\u021bial situa\u021bia juridic\u0103. Curtea a considerat constitu\u021bional\u0103 m\u0103sura privind \u00eencetarea mandatului, \u00een timp ce alte prevederi ale modific\u0103rilor legislative au fost declarate neconstitu\u021bionale.<\/p>\n<h2 class=\"wp-block-heading\">Nu exist\u0103 dovezi c\u0103 \u00eent\u00e2lnirea Bolojan\u2013Fritz a influen\u021bat decizia CCR<\/h2>\n<p class=\"wp-block-paragraph\">Tocmai aici apare principala problem\u0103 a declara\u021biei senatorului AUR. Stoica pune al\u0103turi \u00eent\u00e2lnirea dintre premier \u0219i Dominic Fritz \u0219i momentul \u00een care CCR urma s\u0103 se pronun\u021be asupra Legii ANI, suger\u00e2nd c\u0103 publicul ar trebui s\u0103 se \u00eentrebe dac\u0103 \u00eentre ele exist\u0103 o leg\u0103tur\u0103.<\/p>\n<p class=\"wp-block-paragraph\">O astfel de \u00eentrebare poate fi formulat\u0103 politic, \u00eens\u0103 nu poate fi prezentat\u0103 drept o concluzie factual\u0103 \u00een absen\u021ba unor probe. Faptul c\u0103 dou\u0103 evenimente se produc \u00een acela\u0219i interval nu demonstreaz\u0103 c\u0103 unul l-a determinat pe cel\u0103lalt.<\/p>\n<p class=\"wp-block-paragraph\">\u00cen plus, hot\u0103r\u00e2rea CCR este rezultatul unei proceduri constitu\u021bionale \u0219i al deliber\u0103rii judec\u0103torilor Cur\u021bii. \u00cen cazul analizat, \u00eenaintea deciziei, judec\u0103torii constitu\u021bionali au decis inclusiv schimbarea judec\u0103torului-raportor, Simina T\u0103n\u0103sescu fiind \u00eenlocuit\u0103 de Csaba Asztalos.<\/p>\n<h2 class=\"wp-block-heading\">\u00cent\u00e2lnirea cu Fritz poate fi explicat\u0103 f\u0103r\u0103 teorii ale conspira\u021biei<\/h2>\n<p class=\"wp-block-paragraph\">Dac\u0103 premierul se afl\u0103 \u00eentr-un ora\u0219 pentru o ac\u021biune oficial\u0103 \u0219i \u00een acel ora\u0219 se afl\u0103, ba mai mult ocup\u0103 func\u021bia de primar \u0219i unul dintre principalii s\u0103i alia\u021bi politici, o \u00eent\u00e2lnire \u00eentre cei doi nu reprezint\u0103, prin ea \u00eens\u0103\u0219i, un eveniment suspect.<\/p>\n<p class=\"wp-block-paragraph\">Dominic Fritz nu este un politician oarecare pentru actuala guvernare. Este pre\u0219edintele USR si primarul Timi\u0219oarei, iar rela\u021bia dintre USR \u0219i PNL este una politic\u0103 \u0219i guvernamental\u0103. \u00cen acest context, o discu\u021bie \u00eentre Bolojan \u0219i Fritz poate avea numeroase subiecte politice sau administrative perfect legitime, f\u0103r\u0103 ca existen\u021ba unei decizii CCR \u00een aceea\u0219i perioad\u0103 s\u0103 transforme automat \u00eent\u00e2lnirea \u00eentr-un eveniment suspect.<\/p>\n<p class=\"wp-block-paragraph\">De altfel, chiar senatorul Stoica admite c\u0103 nu afirm\u0103 c\u0103 s-ar fi negociat ceva \u0219i c\u0103 nu sus\u021bine existen\u021ba unui \u201etroc\u201d. Aceast\u0103 precizare este important\u0103, pentru c\u0103 las\u0103 afirma\u021biile sale \u00een zona \u00eentreb\u0103rilor \u0219i a specula\u021biilor politice, nu \u00een cea a unor fapte demonstrate.<\/p>\n<h2 class=\"wp-block-heading\">Cazul Fritz a devenit teren pentru confruntarea politic\u0103<\/h2>\n<p class=\"wp-block-paragraph\">Disputa privind mandatul lui Dominic Fritz a dep\u0103\u0219it de mult sfera strict juridic\u0103 \u0219i a devenit un subiect major de confruntare politic\u0103. USR a criticat decizia CCR, iar Fritz a anun\u021bat c\u0103 inten\u021bioneaz\u0103 s\u0103 conteste situa\u021bia la Curtea European\u0103 a Drepturilor Omului.<\/p>\n<p class=\"wp-block-paragraph\">\u00cen acest context, orice informa\u021bie privind \u00eent\u00e2lnirile liderilor politici poate fi folosit\u0103 de adversarii lor pentru a construi propriile interpret\u0103ri. Tocmai de aceea, separarea faptelor de presupuneri este esen\u021bial\u0103.<\/p>\n<p class=\"wp-block-paragraph\">Faptul verificabil este c\u0103 Bolojan a fost la Timi\u0219oara pentru inaugurarea c\u0103minului studen\u021besc al UVT, c\u0103 Dominic Fritz este liderul USR \u0219i c\u0103 CCR a pronun\u021bat \u00een aceea\u0219i perioad\u0103 o decizie cu efecte poten\u021biale asupra mandatului s\u0103u. Din aceste fapte nu rezult\u0103 \u00eens\u0103 automat existen\u021ba unei \u00een\u021belegeri politice.<\/p>\n<h2 class=\"wp-block-heading\">Disputa privind retroactivitatea nu este at\u00e2t de simpl\u0103<\/h2>\n<p class=\"wp-block-paragraph\">Un alt argument vehiculat \u00een spa\u021biul public este cel potrivit c\u0103ruia noua prevedere nu ar putea produce efecte asupra unor situa\u021bii juridice anterioare intr\u0103rii sale \u00een vigoare. Problema a fost intens disputat\u0103 dup\u0103 adoptarea amendamentului care vizeaz\u0103 inclusiv persoanele \u00een cazul c\u0103rora incompatibilitatea sau conflictul de interese fusese stabilit definitiv anterior.<\/p>\n<p class=\"wp-block-paragraph\">\u00cenaintea deciziei CCR, au existat opinii juridice divergente privind efectele noilor prevederi asupra unor mandate aflate \u00een curs. Dup\u0103 decizia Cur\u021bii, \u00eens\u0103, argumentul potrivit c\u0103ruia reglementarea ar fi neconstitu\u021bional\u0103 doar pentru c\u0103 se refer\u0103 \u0219i la situa\u021bii anterioare nu poate fi prezentat ca o certitudine juridic\u0103 general acceptat\u0103.<\/p>\n<p class=\"wp-block-paragraph\">Prin urmare, afirma\u021bia c\u0103 legea ar \u00eenc\u0103lca \u00een mod cert Constitu\u021bia sau dreptul european trebuie tratat\u0103 ca o pozi\u021bie juridic\u0103 \u0219i politic\u0103, nu ca un fapt deja stabilit. CCR a validat tocmai prevederea central\u0103 care poate conduce la \u00eencetarea mandatului \u00een astfel de situa\u021bii.<\/p>\n<h2 class=\"wp-block-heading\">Specula\u021biile politice nu \u021bin loc de dovezi<\/h2>\n<p class=\"wp-block-paragraph\">Ciprian Titi Stoica are dreptul s\u0103 pun\u0103 \u00eentreb\u0103ri \u0219i s\u0103 critice Guvernul, CCR sau liderii partidelor aflate la putere. \u00centr-o democra\u021bie, dezbaterea public\u0103 \u0219i verificarea ac\u021biunilor politicienilor sunt legitime \u0219i necesare.<\/p>\n<p class=\"wp-block-paragraph\">La fel de important este \u00eens\u0103 ca acuza\u021biile implicite s\u0103 fie separate de faptele demonstrate. \u00cent\u00e2lnirea lui Ilie Bolojan cu Dominic Fritz, \u00een timpul unei vizite oficiale la Timi\u0219oara, nu constituie \u00een sine o dovad\u0103 c\u0103 premierul ar fi \u00eencercat s\u0103 influen\u021beze Curtea Constitu\u021bional\u0103.<\/p>\n<p class=\"wp-block-paragraph\">\u00cen lipsa unor probe privind o asemenea interven\u021bie, teoria unei leg\u0103turi \u00eentre cele dou\u0103 evenimente r\u0103m\u00e2ne o specula\u021bie politic\u0103. Iar \u00eentr-o perioad\u0103 \u00een care deciziile institu\u021biilor publice sunt deja privite prin filtrul confrunt\u0103rilor dintre partide, responsabilitatea politicienilor este \u0219i aceea de a nu transforma orice coinciden\u021b\u0103 \u00eentr-o presupus\u0103 conspira\u021bie.<\/p>\n<p class=\"wp-block-paragraph\">Pentru Timi\u0219oara, miza real\u0103 este mult mai important\u0103 dec\u00e2t o disput\u0103 politic\u0103 de moment: efectele deciziei CCR asupra mandatului lui Dominic Fritz \u0219i consecin\u021bele administrative ale acesteia. Acestea trebuie analizate pe baza deciziilor oficiale, a legisla\u021biei \u0219i a procedurilor care vor urma, nu pe baza unor presupuneri despre ce s-ar fi discutat \u00een spatele u\u0219ilor \u00eenchise.<\/p>\n<\/div>\n<footer>\n<div class=\"td-post-sharing-bottom\">\n<div class=\"td-post-sharing-classic\"><iframe title=\"bottomFacebookLike\" frameborder src=\"https:\/\/www.facebook.com\/plugins\/like.php?href=https:\/\/orasul-timisoara.ro\/local-40293\/&amp;layout=button_count&amp;show_faces=false&amp;width=105&amp;action=like&amp;colorscheme=light&amp;height=21\"><\/iframe><\/div>\n<div id=\"td_social_sharing_article_bottom\" class=\"td-post-sharing td-ps-bg td-ps-notext td-post-sharing-style1 \">\n<div class=\"td-post-sharing-visible\"><a class=\"td-social-sharing-button td-social-sharing-button-js td-social-network td-social-facebook\" href=\"https:\/\/www.facebook.com\/sharer.php?u=https%3A%2F%2Forasul-timisoara.ro%2Flocal-40293%2F\" title=\"Facebook\"><\/p>\n<div class=\"td-social-but-text\">Facebook<\/div>\n<p><\/a><a class=\"td-social-sharing-button td-social-sharing-button-js td-social-network td-social-twitter\" href=\"https:\/\/twitter.com\/intent\/tweet?text=Specula%C8%9Bii+f%C4%83r%C4%83+dovezi.+Senatorul+AUR+Timi%C8%99+vede+conspira%C8%9Bii+%C3%AEn+%C3%AEnt%C3%A2lnirea+Bolojan%E2%80%93Fritz&amp;url=https%3A%2F%2Forasul-timisoara.ro%2Flocal-40293%2F&amp;via=orasultm\" title=\"Twitter\"><\/p>\n<div class=\"td-social-but-text\">Twitter<\/div>\n<p><\/a><a class=\"td-social-sharing-button td-social-sharing-button-js td-social-network td-social-whatsapp\" href=\"https:\/\/api.whatsapp.com\/send?text=Specula%C8%9Bii+f%C4%83r%C4%83+dovezi.+Senatorul+AUR+Timi%C8%99+vede+conspira%C8%9Bii+%C3%AEn+%C3%AEnt%C3%A2lnirea+Bolojan%E2%80%93Fritz%20%0A%0A%20https:\/\/orasul-timisoara.ro\/local-40293\/\" title=\"WhatsApp\"><\/p>\n<div class=\"td-social-but-text\">WhatsApp<\/div>\n<p><\/a><a class=\"td-social-sharing-button td-social-sharing-button-js td-social-network td-social-linkedin\" href=\"https:\/\/www.linkedin.com\/shareArticle?mini=true&amp;url=https:\/\/orasul-timisoara.ro\/local-40293\/&amp;title=Specula%C8%9Bii+f%C4%83r%C4%83+dovezi.+Senatorul+AUR+Timi%C8%99+vede+conspira%C8%9Bii+%C3%AEn+%C3%AEnt%C3%A2lnirea+Bolojan%E2%80%93Fritz\" title=\"Linkedin\"><\/p>\n<div class=\"td-social-but-text\">Linkedin<\/div>\n<p><\/a><a class=\"td-social-sharing-button td-social-sharing-button-js td-social-network td-social-reddit\" href=\"https:\/\/reddit.com\/submit?url=https:\/\/orasul-timisoara.ro\/local-40293\/&amp;title=Specula%C8%9Bii+f%C4%83r%C4%83+dovezi.+Senatorul+AUR+Timi%C8%99+vede+conspira%C8%9Bii+%C3%AEn+%C3%AEnt%C3%A2lnirea+Bolojan%E2%80%93Fritz\" title=\"ReddIt\"><\/p>\n<div class=\"td-social-but-text\">ReddIt<\/div>\n<p><\/a><a class=\"td-social-sharing-button td-social-sharing-button-js td-social-network td-social-mail\" href=\"mailto:?subject=Specula%C8%9Bii%20f%C4%83r%C4%83%20dovezi.%20Senatorul%20AUR%20Timi%C8%99%20vede%20conspira%C8%9Bii%20%C3%AEn%20%C3%AEnt%C3%A2lnirea%20Bolojan%E2%80%93Fritz&amp;body=https:\/\/orasul-timisoara.ro\/local-40293\/\" title=\"Email\"><\/p>\n<div class=\"td-social-but-text\">Email<\/div>\n<p><\/a><a class=\"td-social-sharing-button td-social-sharing-button-js td-social-network td-social-print\" href=\"https:\/\/orasul-timisoara.ro\/local-40293\/\" title=\"Imprimare\"><\/p>\n<div class=\"td-social-but-text\">Imprimare<\/div>\n<p><\/a><\/div>\n<\/div>\n<\/div>\n<div class=\"td-block-row td-post-next-prev\">\n<div class=\"td-block-span6 td-post-prev-post\">\n<div class=\"td-post-next-prev-content\"><span>Articolul precedent<\/span><a href=\"https:\/\/orasul-timisoara.ro\/local-40290\/\">Sens giratoriu nou la drumul de intrare \u00een Deva dinspre Mintia\/A1. Investi\u021bie de peste 40 de milioane de lei<\/a><\/div>\n<\/div>\n<div class=\"td-block-span6 td-post-next-post\">\n<div class=\"td-post-next-prev-content\"><span>Articolul urm\u0103tor<\/span><a href=\"https:\/\/orasul-timisoara.ro\/local-40296\/\">Timi\u0219oara \u0219i Ghiroda, legate printr-o nou\u0103 pist\u0103 de biciclete de aproape 3 km<\/a><\/div>\n<\/div>\n<\/div>\n<div class=\"td-author-name vcard author\"><span class=\"fn\"><a href=\"https:\/\/orasul-timisoara.ro\/author\/timisoara\/\">redactia<\/a><\/span><\/div>\n<p><span class=\"td-page-meta\"><\/span><span class=\"td-page-meta\"><span class=\"td-page-meta\"><\/span><\/span><span class=\"td-page-meta\"><\/span><\/footer>\n<div class=\"comments\" id=\"comments\">\n<div id=\"respond\" class=\"comment-respond\">\n<h3 id=\"reply-title\" class=\"comment-reply-title\">L\u0102SA\u021aI UN MESAJ<\/h3>\n<div class=\"comment-form-input-wrap td-form-comment\">\n<div class=\"td-warning-comment\">V\u0103 rug\u0103m s\u0103 introduce\u021bi comentariul dvs.!<\/div>\n<\/div>\n<div class=\"comment-form-input-wrap td-form-author\">\n<div class=\"td-warning-author\">Introduce\u021bi aici numele dvs.<\/div>\n<\/div>\n<div class=\"comment-form-input-wrap td-form-email\">\n<div class=\"td-warning-email-error\">A\u021bi introdus o adres\u0103 de e-mail incorect\u0103!<\/div>\n<div class=\"td-warning-email\">V\u0103 rug\u0103m s\u0103 introduce\u021bi adresa dvs. de e-mail aici<\/div>\n<\/div>\n<\/div>\n<p class=\"akismet_comment_form_privacy_notice\">Acest site folose\u0219te Akismet pentru a reduce spamul. <a href=\"https:\/\/akismet.com\/privacy\/\" target=\"_blank\" rel=\"nofollow noopener\">Afl\u0103 cum sunt procesate datele comentariilor tale<\/a>.<\/p>\n<\/div>\n<\/div>\n<\/div>\n<div class=\"td-pb-span4 td-main-sidebar\" role=\"complementary\">\n<div class=\"td-ss-main-sidebar\">\n<aside id=\"block-4\" class=\"td_block_template_8 widget block-4 widget_block widget_media_image\">\n<figure class=\"wp-block-image size-full\"><img loading=\"lazy\" decoding=\"async\" width=\"336\" height=\"280\" src=\"https:\/\/orasul-timisoara.ro\/wp-content\/uploads\/2024\/11\/ReTIM-Abonamentul-Verde-Google-Ads-336x280px.gif\" alt class=\"wp-image-29257\"><\/figure>\n<\/aside>\n<div class=\"td_block_wrap td_block_social_counter td_block_widget tdi_3 td-social-style5 td-social-boxed td-pb-border-top td_block_template_8\">\n<div class=\"td-block-title-wrap\">\n<h4 class=\"td-block-title\"><span>Urm\u0103re\u0219te-ne pe Social Media<\/span><\/h4>\n<\/div>\n<div class=\"td-social-list\">\n<div class=\"td_social_type td-pb-margin-side td_social_facebook\">\n<div class=\"td-social-box\"><span class=\"td_social_info td_social_info_counter\">344,595<\/span><span class=\"td_social_info td_social_info_name\">Fani<\/span><span class=\"td_social_button\"><a href=\"https:\/\/www.facebook.com\/247timisoara\" target=\"_blank\" rel=\"nofollow\">\u00cemi place<\/a><\/span><\/div>\n<\/div>\n<div class=\"td_social_type td-pb-margin-side td_social_instagram\">\n<div class=\"td-social-box\"><span class=\"td_social_info td_social_info_counter\">4,416<\/span><span class=\"td_social_info td_social_info_name\">Cititori<\/span><span class=\"td_social_button\"><a href=\"https:\/\/instagram.com\/orasultimisoararo\/\" target=\"_blank\" rel=\"nofollow\">Conecta\u021bi-v\u0103<\/a><\/span><\/div>\n<\/div>\n<div class=\"td_social_type td-pb-margin-side td_social_rss\">\n<div class=\"td-social-box\"><span class=\"td_social_info td_social_info_counter\">12,506<\/span><span class=\"td_social_info td_social_info_name\">Cititori<\/span><span class=\"td_social_button\"><a href=\"https:\/\/orasul-timisoara.ro\/feed\/\" target=\"_blank\" rel=\"nofollow\">Conecta\u021bi-v\u0103<\/a><\/span><\/div>\n<\/div>\n<div class=\"td_social_type td-pb-margin-side td_social_tiktok\">\n<div class=\"td-social-box\"><span class=\"td_social_info td_social_info_counter\">1,500<\/span><span class=\"td_social_info td_social_info_name\">Cititori<\/span><span class=\"td_social_button\"><a href=\"https:\/\/www.tiktok.com\/@orasultimisoara\" target=\"_blank\" rel=\"nofollow\">Conecta\u021bi-v\u0103<\/a><\/span><\/div>\n<\/div>\n<div class=\"td_social_type td-pb-margin-side td_social_twitter\">\n<div class=\"td-social-box\"><span class=\"td_social_info td_social_info_counter\">1,595<\/span><span class=\"td_social_info td_social_info_name\">Cititori<\/span><span class=\"td_social_button\"><a href=\"https:\/\/twitter.com\/orasultm\" target=\"_blank\" rel=\"nofollow\">Conecta\u021bi-v\u0103<\/a><\/span><\/div>\n<\/div>\n<div class=\"td_social_type td-pb-margin-side td_social_youtube\">\n<div class=\"td-social-box\"><span class=\"td_social_info td_social_info_counter\">3,506<\/span><span class=\"td_social_info td_social_info_name\">Abona\u021bi<\/span><span class=\"td_social_button\"><a href=\"https:\/\/www.youtube.com\/channel\/UCQNsQvs2XCSIm1Z-AHRturw?sub_confirmation=1\" target=\"_blank\" rel=\"nofollow\">Abona\u021bi-v\u0103<\/a><\/span><\/div>\n<\/div>\n<\/div>\n<\/div>\n<aside id=\"text-7\" class=\"td_block_template_8 widget text-7 widget_text\">\n<h4 class=\"td-block-title\"><span>C\u0103ut\u0103ri populare pe OTM<\/span><\/h4>\n<div class=\"textwidget\"><a href=\"https:\/\/orasul-timisoara.ro\/?s=timisoara\"><span>Timisoara<\/span><\/a><a href=\"https:\/\/orasul-timisoara.ro\/?s=calin+dobra\"><span>Calin Dobra<\/span><\/a><a href=\"https:\/\/orasul-timisoara.ro\/?s=primaria+timisoara\"><span>Primaria Timisoara<\/span><\/a><a href=\"https:\/\/orasul-timisoara.ro\/?s=dominic+fritz\"><span>Dominic Fritz<\/span><\/a><a href=\"https:\/\/orasul-timisoara.ro\/?s=nicolae+robu\"><span>Nicolae Robu<\/span><\/a><a href=\"https:\/\/orasul-timisoara.ro\/?s=consiliul+local+timisoara\">Consiliul Local Timisoara<\/a><a href=\"https:\/\/orasul-timisoara.ro\/?s=consiliul+judetean+timis\"><span>Consiliul Judetean Timis<\/span><\/a><a href=\"https:\/\/orasul-timisoara.ro\/?s=cjt\"><span>CJT<\/span><\/a><a href=\"https:\/\/orasul-timisoara.ro\/?s=Alfred+Simonis\"><span>Alfred Simonis<\/span><\/a><a href=\"https:\/\/orasul-timisoara.ro\/?s=PNL\"><span>PNL<\/span><\/a><a href=\"https:\/\/orasul-timisoara.ro\/?s=coronavirus\"><span>coronavirus<\/span><\/a><a href=\"https:\/\/orasul-timisoara.ro\/?s=teatru+timisoara\">teatru Timisoara<\/a><a href=\"https:\/\/orasul-timisoara.ro\/?s=restaurante\"><span>restaurante Timisoara<\/span><\/a><a href=\"https:\/\/orasul-timisoara.ro\/?s=diskoteka\"><span>Diskoteka<\/span><\/a><a href=\"https:\/\/orasul-timisoara.ro\/?s=iulius+town\"><span>Iulius Town<\/span><\/a><a href=\"https:\/\/orasul-timisoara.ro\/?s=iulius+mall\"><span>Iulius Mall<\/span><\/a><a href=\"https:\/\/orasul-timisoara.ro\/?s=stpt\"><span>STPT<\/span><\/a><a href=\"https:\/\/orasul-timisoara.ro\/?s=alin+nica\"><span>Alin Nica<\/span><\/a><a href=\"https:\/\/orasul-timisoara.ro\/?s=psd\"><span>PSD<\/span><\/a><a href=\"https:\/\/orasul-timisoara.ro\/?s=aeroport\"><span>Aeroportul International Timisoara<\/span><\/a><a href=\"https:\/\/orasul-timisoara.ro\/?s=babes\"><span>Spitalul Victor Babes Timisoara<\/span><\/a><a href=\"https:\/\/orasul-timisoara.ro\/?s=poli\"><span>Poli Timi\u0219oara<\/span><\/a><a href=\"https:\/\/orasul-timisoara.ro\/?s=carantina\"><span>carantina<\/span><\/a><a href=\"https:\/\/orasul-timisoara.ro\/?s=aquatim\"><span>Aquatim<\/span><\/a><a href=\"https:\/\/orasul-timisoara.ro\/local-category\/stiri-timisoara\/\"><span>Stiri Timisoara<\/span><\/a><a href=\"https:\/\/orasul-timisoara.ro\/local-category\/investitii-in-timisoara\/\"><span>Investi\u021bii in Timi\u0219oara<\/span><\/a><a href=\"https:\/\/orasul-timisoara.ro\/local-9463\/\"><span>shaorma<\/span><\/a><a href=\"https:\/\/orasul-timisoara.ro\/?s=trafic\"><span>trafic rutier<\/span><\/a><a href=\"https:\/\/orasul-timisoara.ro\/?s=politia\"><span>politia locala timisoara<\/span><\/a><a href=\"https:\/\/orasul-timisoara.ro\/?s=roxana\"><span>Roxana Iliescu<\/span><\/a><a href=\"https:\/\/orasul-timisoara.ro\/?s=colterm\"><span>Colterm<\/span><\/a><a href=\"https:\/\/orasul-timisoara.ro\/?s=latcau\"><span>Ruben La\u021bc\u0103u<\/span><\/a><a href=\"https:\/\/orasul-timisoara.ro\/?s=timis\"><span>\u0218tiri din Timi\u0219<\/span><\/a><a href=\"https:\/\/orasul-timisoara.ro\/?s=spital\"><span>Spitale din Timi\u0219oara<\/span><\/a><a href=\"https:\/\/orasul-timisoara.ro\/?s=tabara\"><span>Cosmin Tab\u0103r\u0103<\/span><\/a><\/div>\n<\/aside>\n<aside id=\"rss-2\" class=\"td_block_template_8 widget rss-2 widget_rss\">\n<h4 class=\"td-block-title\"><span><a class=\"rsswidget rss-widget-feed\" href=\"https:\/\/fashionfridays.ro\/feed\"><img decoding=\"async\" class=\"rss-widget-icon\" width=\"14\" height=\"14\" src=\"https:\/\/orasul-timisoara.ro\/wp-includes\/images\/rss.png\" alt=\"Flux RSS: Fashion Fridays\" loading=\"lazy\"><\/a><a class=\"rsswidget rss-widget-title\" href=\"https:\/\/fashionfridays.ro\/\">Fashion Fridays<\/a><\/span><\/h4>\n<ul>\n<li><a class=\"rsswidget\" href=\"https:\/\/fashionfridays.ro\/romania-devine-a-29-a-piata-vogue-o-noua-era-pentru-industria-locala-de-moda\/\">Rom\u00e2nia devine a 29-a pia\u021b\u0103 Vogue: o nou\u0103 er\u0103 pentru industria local\u0103 de mod\u0103<\/a>\n<div class=\"rssSummary\">Revista Vogue \u00ee\u0219i extinde prezen\u021ba global\u0103 \u0219i va fi lansat\u0103 oficial \u00een Rom\u00e2nia \u00een prim\u0103vara anului 2027, marc\u00e2nd intrarea pe cea de-a 29-a pia\u021b\u0103 interna\u021bional\u0103. Proiectul este realizat \u00een parteneriat cu AEMME Publishing, o companie media recent \u00eenfiin\u021bat\u0103, care va publica edi\u021bia local\u0103 sub licen\u021b\u0103. Noua edi\u021bie, Vogue Rom\u00e2nia, \u00ee\u0219i propune s\u0103 combine autoritatea global\u0103 [\u2026]<\/div>\n<\/li>\n<\/ul>\n<\/aside>\n<aside id=\"rss-4\" class=\"td_block_template_8 widget rss-4 widget_rss\">\n<h4 class=\"td-block-title\"><span><a class=\"rsswidget rss-widget-feed\" href=\"https:\/\/emasini.ro\/feed\"><img decoding=\"async\" class=\"rss-widget-icon\" width=\"14\" height=\"14\" src=\"https:\/\/orasul-timisoara.ro\/wp-includes\/images\/rss.png\" alt=\"Flux RSS: eMasini\" loading=\"lazy\"><\/a><a class=\"rsswidget rss-widget-title\" href=\"https:\/\/emasini.ro\/\">eMasini<\/a><\/span><\/h4>\n<ul>\n<li><a class=\"rsswidget\" href=\"https:\/\/emasini.ro\/adio-bordurilor-pline-de-ecrane-mercedes-benz-readuce-butoanele-in-noile-masini-produse\/\">Adio bordurilor pline de ecrane? Mercedes-Benz readuce butoanele \u00een noile ma\u0219ini produse<\/a>\n<div class=\"rssSummary\">Mercedes-Benz \u00ee\u0219i schimb\u0103 direc\u021bia \u00een ceea ce prive\u0219te designul interioarelor \u0219i va readuce comenzile fizice pentru anumite func\u021bii importante. Constructorul german nu renun\u021b\u0103 la ecranele mari \u0219i la tehnologiile digitale, dar recunoa\u0219te c\u0103 a mers prea departe prin eliminarea unor butoane \u0219i comenzi tactile. Ola K\u00e4llenius, pre\u0219edintele Consiliului de Administra\u021bie al Mercedes-Benz Group \u0219i CEO [\u2026]<\/div>\n<\/li>\n<\/ul>\n<\/aside>\n<\/div>\n<\/div>\n<\/div>\n<\/div>\n<\/article>\n<div class=\"td-post-content tagdiv-type\">\n<p class=\"wp-block-paragraph\">Ciprian-Titi Stoica, senator AUR de Timi\u0219, lanseaz\u0103 o serie de specula\u021bii dup\u0103 vizita premierului Ilie Bolojan la Timi\u0219oara \u0219i \u00eent\u00e2lnirea acestuia cu Dominic Fritz. Parlamentarul sugereaz\u0103 c\u0103 momentul ar putea avea leg\u0103tur\u0103 cu decizia Cur\u021bii Constitu\u021bionale privind modific\u0103rile aduse Legii ANI, f\u0103r\u0103 s\u0103 prezinte \u00eens\u0103 vreo dovad\u0103 \u00een acest sens.<\/p>\n<p class=\"wp-block-paragraph\">Succesiunea evenimentelor este folosit\u0103 de senatorul AUR pentru a ridica semne de \u00eentrebare cu privire la o posibil\u0103 \u00een\u021belegere politic\u0103. \u00cen realitate, prezen\u021ba lui Ilie Bolojan la Timi\u0219oara avea un motiv public \u0219i anun\u021bat: participarea la inaugurarea noului c\u0103min studen\u021besc al Universit\u0103\u021bii de Vest din Timi\u0219oara. \u00cen plus, Bolojan \u0219i Fritz sunt liderii unor forma\u021biuni politice care fac parte din actuala majoritate guvernamental\u0103, ceea ce face o eventual\u0103 \u00eent\u00e2lnire \u00eentre cei doi politicieni una fireasc\u0103 \u00eentr-un asemenea context.<\/p>\n<h2 class=\"wp-block-heading\">Ciprian-Titi Stoica transform\u0103 coinciden\u021bele \u00een suspiciuni<\/h2>\n<p class=\"wp-block-paragraph\">\u00centr-o postare publicat\u0103 pe Facebook, senatorul AUR de Timi\u0219, Ciprian-Titi Stoica, \u00eentreab\u0103 dac\u0103 toate evenimentele care s-au succedat \u00een jurul deciziei CCR sunt \u201ecoinciden\u021be\u201d. Parlamentarul face referire la o \u00eent\u00e2lnire pe care premierul Ilie Bolojan ar fi avut-o anterior cu pre\u0219edinta Cur\u021bii Constitu\u021bionale, Simina T\u0103n\u0103sescu, \u0219i la vizita ulterioar\u0103 a premierului la Timi\u0219oara.<\/p>\n<p class=\"wp-block-paragraph\">Stoica pune apoi \u00een aceea\u0219i ecua\u021bie \u00eent\u00e2lnirea dintre Bolojan \u0219i Dominic Fritz \u0219i decizia CCR referitoare la modific\u0103rile aduse Legii integrit\u0103\u021bii. Senatorul nu afirm\u0103 explicit c\u0103 ar fi existat o negociere, dar sugereaz\u0103 c\u0103 succesiunea evenimentelor justific\u0103 suspiciuni \u0219i \u00eentreb\u0103ri despre ceea ce s-ar fi discutat.<\/p>\n<p class=\"wp-block-paragraph\">Problema este c\u0103 \u00eentre a pune \u00eentreb\u0103ri \u0219i a sugera existen\u021ba unei leg\u0103turi exist\u0103 o diferen\u021b\u0103 important\u0103. \u00cen cazul de fa\u021b\u0103, senatorul nu prezint\u0103 elemente concrete care s\u0103 demonstreze c\u0103 \u00eent\u00e2lnirea Bolojan\u2013Fritz ar fi avut vreo leg\u0103tur\u0103 cu deliber\u0103rile Cur\u021bii Constitu\u021bionale.<\/p>\n<h2 class=\"wp-block-heading\">De ce a venit Ilie Bolojan la Timi\u0219oara?<\/h2>\n<p class=\"wp-block-paragraph\">Vizita premierului Ilie Bolojan la Timi\u0219oara nu a ap\u0103rut \u00eentr-un vid de informa\u021bii \u0219i nici nu a fost legat\u0103 de o \u00eent\u00e2lnire politic\u0103 anun\u021bat\u0103 \u00een jurul deciziei CCR. Premierul a venit \u00een municipiu pentru inaugurarea noului c\u0103min studen\u021besc al Universit\u0103\u021bii de Vest din Timi\u0219oara.<\/p>\n<p class=\"wp-block-paragraph\">Prezen\u021ba lui Bolojan la UVT are \u0219i o component\u0103 institu\u021bional\u0103 evident\u0103, \u00een condi\u021biile \u00een care rectorul universit\u0103\u021bii, Marilen Gabriel Pirtea, este consilier personal al premierului \u0219i doar c\u00e2teva minute au lipsit pentru a deveni ministru al Educa\u021biei \u00een Guvernul Bolojan. \u00cen acest context, deplasarea \u0219efului Guvernului la Timi\u0219oara avea un obiectiv public, iar o eventual\u0103 \u00eent\u00e2lnire cu lideri politici locali sau na\u021bionali afla\u021bi \u00een ora\u0219 nu reprezint\u0103, \u00een sine, o situa\u021bie neobi\u0219nuit\u0103.<\/p>\n<p class=\"wp-block-paragraph\">Mai mult, Dominic Fritz este pre\u0219edintele USR, partid aflat la guvernare al\u0103turi de forma\u021biunea condus\u0103 de Ilie Bolojan. Din aceast\u0103 perspectiv\u0103, o \u00eent\u00e2lnire \u00eentre cei doi lideri politici poate fi explicat\u0103 prin rela\u021bia politic\u0103 \u0219i institu\u021bional\u0103 dintre ei, f\u0103r\u0103 s\u0103 fie necesar\u0103 o explica\u021bie conspirativ\u0103.<\/p>\n<h2 class=\"wp-block-heading\">Bolojan \u0219i Fritz sunt alia\u021bi \u00een actuala guvernare<\/h2>\n<p class=\"wp-block-paragraph\">Ilie Bolojan \u0219i Dominic Fritz ocup\u0103 pozi\u021bii importante \u00een partidele care sus\u021bin actuala formul\u0103 de guvernare. Bolojan este liderul PNL \u0219i prim-ministru, \u00een timp ce Fritz conduce USR \u0219i este una dintre figurile politice centrale ale forma\u021biunii.<\/p>\n<p class=\"wp-block-paragraph\">Prin urmare, o \u00eent\u00e2lnire \u00eentre cei doi, \u00een condi\u021biile \u00een care premierul se afla la Timi\u0219oara, nu este un fapt care s\u0103 necesite automat o explica\u021bie legat\u0103 de o decizie a CCR. Contextul politic ofer\u0103 deja o explica\u021bie direct\u0103 pentru posibilitatea unei asemenea discu\u021bii.<\/p>\n<p class=\"wp-block-paragraph\">A pune \u00eent\u00e2lnirea \u00eentr-o rela\u021bie de cauzalitate cu decizia Cur\u021bii Constitu\u021bionale doar pentru c\u0103 cele dou\u0103 evenimente au avut loc \u00een aceea\u0219i perioad\u0103 reprezint\u0103 o specula\u021bie. P\u00e2n\u0103 la apari\u021bia unor dovezi sau informa\u021bii concrete, nu exist\u0103 un element public care s\u0103 demonstreze c\u0103 \u00eentre cele dou\u0103 situa\u021bii exist\u0103 o leg\u0103tur\u0103.<\/p>\n<h2 class=\"wp-block-heading\">Ce a decis CCR \u00een cazul Legii ANI<\/h2>\n<p class=\"wp-block-paragraph\">Curtea Constitu\u021bional\u0103 a decis c\u0103 prevederea introdus\u0103 \u00een Legea integrit\u0103\u021bii care stabile\u0219te \u00eencetarea mandatului pentru ale\u0219ii \u00een cazul unor constat\u0103ri definitive privind incompatibilitatea sau conflictul de interese este constitu\u021bional\u0103. Decizia poate avea consecin\u021be directe asupra situa\u021biei lui Dominic Fritz, al c\u0103rui conflict de interese a fost stabilit definitiv de \u00cenalta Curte de Casa\u021bie \u0219i Justi\u021bie.<\/p>\n<p class=\"wp-block-paragraph\">\u00cen iunie 2026, \u00cenalta Curte a men\u021binut definitiv constatarea ANI privind existen\u021ba conflictului de interese \u00een cazul lui Dominic Fritz. La acel moment, \u00eens\u0103, efectele asupra mandatului de primar erau intens disputate \u00een spa\u021biul public, inclusiv \u00eentre juri\u0219ti \u0219i politicieni.<\/p>\n<p class=\"wp-block-paragraph\">Decizia CCR din 17 august schimb\u0103 substan\u021bial situa\u021bia juridic\u0103. Curtea a considerat constitu\u021bional\u0103 m\u0103sura privind \u00eencetarea mandatului, \u00een timp ce alte prevederi ale modific\u0103rilor legislative au fost declarate neconstitu\u021bionale.<\/p>\n<h2 class=\"wp-block-heading\">Nu exist\u0103 dovezi c\u0103 \u00eent\u00e2lnirea Bolojan\u2013Fritz a influen\u021bat decizia CCR<\/h2>\n<p class=\"wp-block-paragraph\">Tocmai aici apare principala problem\u0103 a declara\u021biei senatorului AUR. Stoica pune al\u0103turi \u00eent\u00e2lnirea dintre premier \u0219i Dominic Fritz \u0219i momentul \u00een care CCR urma s\u0103 se pronun\u021be asupra Legii ANI, suger\u00e2nd c\u0103 publicul ar trebui s\u0103 se \u00eentrebe dac\u0103 \u00eentre ele exist\u0103 o leg\u0103tur\u0103.<\/p>\n<p class=\"wp-block-paragraph\">O astfel de \u00eentrebare poate fi formulat\u0103 politic, \u00eens\u0103 nu poate fi prezentat\u0103 drept o concluzie factual\u0103 \u00een absen\u021ba unor probe. Faptul c\u0103 dou\u0103 evenimente se produc \u00een acela\u0219i interval nu demonstreaz\u0103 c\u0103 unul l-a determinat pe cel\u0103lalt.<\/p>\n<p class=\"wp-block-paragraph\">\u00cen plus, hot\u0103r\u00e2rea CCR este rezultatul unei proceduri constitu\u021bionale \u0219i al deliber\u0103rii judec\u0103torilor Cur\u021bii. \u00cen cazul analizat, \u00eenaintea deciziei, judec\u0103torii constitu\u021bionali au decis inclusiv schimbarea judec\u0103torului-raportor, Simina T\u0103n\u0103sescu fiind \u00eenlocuit\u0103 de Csaba Asztalos.<\/p>\n<h2 class=\"wp-block-heading\">\u00cent\u00e2lnirea cu Fritz poate fi explicat\u0103 f\u0103r\u0103 teorii ale conspira\u021biei<\/h2>\n<p class=\"wp-block-paragraph\">Dac\u0103 premierul se afl\u0103 \u00eentr-un ora\u0219 pentru o ac\u021biune oficial\u0103 \u0219i \u00een acel ora\u0219 se afl\u0103, ba mai mult ocup\u0103 func\u021bia de primar \u0219i unul dintre principalii s\u0103i alia\u021bi politici, o \u00eent\u00e2lnire \u00eentre cei doi nu reprezint\u0103, prin ea \u00eens\u0103\u0219i, un eveniment suspect.<\/p>\n<p class=\"wp-block-paragraph\">Dominic Fritz nu este un politician oarecare pentru actuala guvernare. Este pre\u0219edintele USR si primarul Timi\u0219oarei, iar rela\u021bia dintre USR \u0219i PNL este una politic\u0103 \u0219i guvernamental\u0103. \u00cen acest context, o discu\u021bie \u00eentre Bolojan \u0219i Fritz poate avea numeroase subiecte politice sau administrative perfect legitime, f\u0103r\u0103 ca existen\u021ba unei decizii CCR \u00een aceea\u0219i perioad\u0103 s\u0103 transforme automat \u00eent\u00e2lnirea \u00eentr-un eveniment suspect.<\/p>\n<p class=\"wp-block-paragraph\">De altfel, chiar senatorul Stoica admite c\u0103 nu afirm\u0103 c\u0103 s-ar fi negociat ceva \u0219i c\u0103 nu sus\u021bine existen\u021ba unui \u201etroc\u201d. Aceast\u0103 precizare este important\u0103, pentru c\u0103 las\u0103 afirma\u021biile sale \u00een zona \u00eentreb\u0103rilor \u0219i a specula\u021biilor politice, nu \u00een cea a unor fapte demonstrate.<\/p>\n<h2 class=\"wp-block-heading\">Cazul Fritz a devenit teren pentru confruntarea politic\u0103<\/h2>\n<p class=\"wp-block-paragraph\">Disputa privind mandatul lui Dominic Fritz a dep\u0103\u0219it de mult sfera strict juridic\u0103 \u0219i a devenit un subiect major de confruntare politic\u0103. USR a criticat decizia CCR, iar Fritz a anun\u021bat c\u0103 inten\u021bioneaz\u0103 s\u0103 conteste situa\u021bia la Curtea European\u0103 a Drepturilor Omului.<\/p>\n<p class=\"wp-block-paragraph\">\u00cen acest context, orice informa\u021bie privind \u00eent\u00e2lnirile liderilor politici poate fi folosit\u0103 de adversarii lor pentru a construi propriile interpret\u0103ri. Tocmai de aceea, separarea faptelor de presupuneri este esen\u021bial\u0103.<\/p>\n<p class=\"wp-block-paragraph\">Faptul verificabil este c\u0103 Bolojan a fost la Timi\u0219oara pentru inaugurarea c\u0103minului studen\u021besc al UVT, c\u0103 Dominic Fritz este liderul USR \u0219i c\u0103 CCR a pronun\u021bat \u00een aceea\u0219i perioad\u0103 o decizie cu efecte poten\u021biale asupra mandatului s\u0103u. Din aceste fapte nu rezult\u0103 \u00eens\u0103 automat existen\u021ba unei \u00een\u021belegeri politice.<\/p>\n<h2 class=\"wp-block-heading\">Disputa privind retroactivitatea nu este at\u00e2t de simpl\u0103<\/h2>\n<p class=\"wp-block-paragraph\">Un alt argument vehiculat \u00een spa\u021biul public este cel potrivit c\u0103ruia noua prevedere nu ar putea produce efecte asupra unor situa\u021bii juridice anterioare intr\u0103rii sale \u00een vigoare. Problema a fost intens disputat\u0103 dup\u0103 adoptarea amendamentului care vizeaz\u0103 inclusiv persoanele \u00een cazul c\u0103rora incompatibilitatea sau conflictul de interese fusese stabilit definitiv anterior.<\/p>\n<p class=\"wp-block-paragraph\">\u00cenaintea deciziei CCR, au existat opinii juridice divergente privind efectele noilor prevederi asupra unor mandate aflate \u00een curs. Dup\u0103 decizia Cur\u021bii, \u00eens\u0103, argumentul potrivit c\u0103ruia reglementarea ar fi neconstitu\u021bional\u0103 doar pentru c\u0103 se refer\u0103 \u0219i la situa\u021bii anterioare nu poate fi prezentat ca o certitudine juridic\u0103 general acceptat\u0103.<\/p>\n<p class=\"wp-block-paragraph\">Prin urmare, afirma\u021bia c\u0103 legea ar \u00eenc\u0103lca \u00een mod cert Constitu\u021bia sau dreptul european trebuie tratat\u0103 ca o pozi\u021bie juridic\u0103 \u0219i politic\u0103, nu ca un fapt deja stabilit. CCR a validat tocmai prevederea central\u0103 care poate conduce la \u00eencetarea mandatului \u00een astfel de situa\u021bii.<\/p>\n<h2 class=\"wp-block-heading\">Specula\u021biile politice nu \u021bin loc de dovezi<\/h2>\n<p class=\"wp-block-paragraph\">Ciprian Titi Stoica are dreptul s\u0103 pun\u0103 \u00eentreb\u0103ri \u0219i s\u0103 critice Guvernul, CCR sau liderii partidelor aflate la putere. \u00centr-o democra\u021bie, dezbaterea public\u0103 \u0219i verificarea ac\u021biunilor politicienilor sunt legitime \u0219i necesare.<\/p>\n<p class=\"wp-block-paragraph\">La fel de important este \u00eens\u0103 ca acuza\u021biile implicite s\u0103 fie separate de faptele demonstrate. \u00cent\u00e2lnirea lui Ilie Bolojan cu Dominic Fritz, \u00een timpul unei vizite oficiale la Timi\u0219oara, nu constituie \u00een sine o dovad\u0103 c\u0103 premierul ar fi \u00eencercat s\u0103 influen\u021beze Curtea Constitu\u021bional\u0103.<\/p>\n<p class=\"wp-block-paragraph\">\u00cen lipsa unor probe privind o asemenea interven\u021bie, teoria unei leg\u0103turi \u00eentre cele dou\u0103 evenimente r\u0103m\u00e2ne o specula\u021bie politic\u0103. Iar \u00eentr-o perioad\u0103 \u00een care deciziile institu\u021biilor publice sunt deja privite prin filtrul confrunt\u0103rilor dintre partide, responsabilitatea politicienilor este \u0219i aceea de a nu transforma orice coinciden\u021b\u0103 \u00eentr-o presupus\u0103 conspira\u021bie.<\/p>\n<p class=\"wp-block-paragraph\">Pentru Timi\u0219oara, miza real\u0103 este mult mai important\u0103 dec\u00e2t o disput\u0103 politic\u0103 de moment: efectele deciziei CCR asupra mandatului lui Dominic Fritz \u0219i consecin\u021bele administrative ale acesteia. Acestea trebuie analizate pe baza deciziilor oficiale, a legisla\u021biei \u0219i a procedurilor care vor urma, nu pe baza unor presupuneri despre ce s-ar fi discutat \u00een spatele u\u0219ilor \u00eenchise.<\/p>\n<\/div>\n<p>[analyse_source url=&#8221;https:\/\/orasul-timisoara.ro\/local-40293\/&#8221;]<\/p>\n","protected":false},"excerpt":{"rendered":"<p>[analyse_image type=&#8221;featured&#8221; src=&#8221;https:\/\/orasul-timisoara.ro\/wp-content\/uploads\/2026\/08\/fritz-stoica-bolo.jpg&#8221;] \u0218tiri LocaleSpecula\u021bii f\u0103r\u0103 dovezi. Senatorul AUR Timi\u0219 vede conspira\u021bii \u00een \u00eent\u00e2lnirea Bolojan\u2013Fritz \u0218tiri Locale Specula\u021bii f\u0103r\u0103 dovezi. Senatorul AUR Timi\u0219 vede conspira\u021bii \u00een \u00eent\u00e2lnirea Bolojan\u2013Fritz De c\u0103tre redactia &#8211; 18\/08\/2026 Facebook Twitter WhatsApp Linkedin ReddIt Email Imprimare Ciprian-Titi Stoica, senator AUR de Timi\u0219, lanseaz\u0103 o serie de specula\u021bii dup\u0103 vizita premierului Ilie [&hellip;]<\/p>\n","protected":false},"author":1,"featured_media":0,"comment_status":"open","ping_status":"","sticky":false,"template":"","format":"standard","meta":{"footnotes":""},"categories":[89],"tags":[226,189],"class_list":["post-2104075","post","type-post","status-publish","format-standard","hentry","category-romania","tag-crawlmanager","tag-orasul-timisoara-ro"],"_links":{"self":[{"href":"https:\/\/analyse.optim.biz\/index.php?rest_route=\/wp\/v2\/posts\/2104075","targetHints":{"allow":["GET"]}}],"collection":[{"href":"https:\/\/analyse.optim.biz\/index.php?rest_route=\/wp\/v2\/posts"}],"about":[{"href":"https:\/\/analyse.optim.biz\/index.php?rest_route=\/wp\/v2\/types\/post"}],"author":[{"embeddable":true,"href":"https:\/\/analyse.optim.biz\/index.php?rest_route=\/wp\/v2\/users\/1"}],"replies":[{"embeddable":true,"href":"https:\/\/analyse.optim.biz\/index.php?rest_route=%2Fwp%2Fv2%2Fcomments&post=2104075"}],"version-history":[{"count":0,"href":"https:\/\/analyse.optim.biz\/index.php?rest_route=\/wp\/v2\/posts\/2104075\/revisions"}],"wp:attachment":[{"href":"https:\/\/analyse.optim.biz\/index.php?rest_route=%2Fwp%2Fv2%2Fmedia&parent=2104075"}],"wp:term":[{"taxonomy":"category","embeddable":true,"href":"https:\/\/analyse.optim.biz\/index.php?rest_route=%2Fwp%2Fv2%2Fcategories&post=2104075"},{"taxonomy":"post_tag","embeddable":true,"href":"https:\/\/analyse.optim.biz\/index.php?rest_route=%2Fwp%2Fv2%2Ftags&post=2104075"}],"curies":[{"name":"wp","href":"https:\/\/api.w.org\/{rel}","templated":true}]}}