{"id":2104074,"date":"2026-08-18T03:25:13","date_gmt":"2026-08-18T00:25:13","guid":{"rendered":"https:\/\/analyse.optim.biz\/?p=2104074"},"modified":"2026-08-18T03:25:13","modified_gmt":"2026-08-18T00:25:13","slug":"sens-giratoriu-nou-la-drumul-de-intrare-in-deva-dinspre-mintia-a1-investitie-de-peste-40-de-milioane-de-lei","status":"publish","type":"post","link":"https:\/\/analyse.optim.biz\/?p=2104074","title":{"rendered":"Sens giratoriu nou la drumul de intrare \u00een Deva dinspre Mintia\/A1. Investi\u021bie de peste 40 de milioane de lei"},"content":{"rendered":"<p>[analyse_image type=&#8221;featured&#8221; src=&#8221;https:\/\/orasul-timisoara.ro\/wp-content\/uploads\/2026\/08\/778985958_4616061858640985_8255177491180235566_n.jpg&#8221;]<\/p>\n<article id=\"post-40290\" class=\"td-post-template-7 post-40290 post type-post status-publish format-standard has-post-thumbnail category-stiri-timisoara tag-arad tag-cnair tag-deva tag-dn-7 tag-dn-76 tag-drdp-timisoara-2 tag-hunedoara tag-infrastructura-rutiera tag-intersectie-dn-7-dn-76 tag-mintia tag-sens-giratoriu tag-siguranta-rutiera-2 tag-soimus tag-trafic td-container-wrap\">\n<div class=\"td-full-screen-header-image-wrap\">\n<div class=\"td-container td-post-header\">\n<div class=\"td-crumb-container\">\n<div class=\"entry-crumbs\"><span><a title=\"Vede\u021bi toate articolele \u00een \u0218tiri Locale\" class=\"entry-crumb\" href=\"https:\/\/orasul-timisoara.ro\/local-category\/stiri-timisoara\/\">\u0218tiri Locale<\/a><\/span><span class=\"td-bred-no-url-last\">Sens giratoriu nou la drumul de intrare \u00een Deva dinspre Mintia\/A1. Investi\u021bie&#8230;<\/span><\/div>\n<\/div>\n<div class=\"td-post-header-holder\">\n<div class=\"td-parallax-header\">\n<header class=\"td-post-title\">\n<ul class=\"td-category\">\n<li class=\"entry-category\"><a href=\"https:\/\/orasul-timisoara.ro\/local-category\/stiri-timisoara\/\">\u0218tiri Locale<\/a><\/li>\n<\/ul>\n<h1 class=\"entry-title\">Sens giratoriu nou la drumul de intrare \u00een Deva dinspre Mintia\/A1. Investi\u021bie de peste 40 de milioane de lei<\/h1>\n<div class=\"td-module-meta-info\">\n<div class=\"td-post-author-name\">\n<div class=\"td-author-by\">De c\u0103tre<\/div>\n<p><a href=\"https:\/\/orasul-timisoara.ro\/author\/timisoara\/\">redactia<\/a><\/p>\n<div class=\"td-author-line\"> &#8211; <\/div>\n<\/div>\n<p><span class=\"td-post-date\"><time class=\"entry-date updated td-module-date\" datetime=\"2026-08-18T06:25:13+03:00\">18\/08\/2026<\/time><\/span><\/div>\n<\/header>\n<\/div>\n<\/div>\n<\/div>\n<div id=\"td-full-screen-header-image\" class=\"td-image-gradient-style7\"><img decoding=\"async\" class=\"td-backstretch\" src=\"https:\/\/orasul-timisoara.ro\/wp-content\/uploads\/2026\/08\/778985958_4616061858640985_8255177491180235566_n.jpg\"><\/div>\n<\/div>\n<div class=\"td-container\">\n<div class=\"td-pb-row\">\n<div class=\"td-pb-span8 td-main-content\" role=\"main\">\n<div class=\"td-ss-main-content\">\n<div class=\"td-post-sharing-top\">\n<div class=\"td-post-sharing-classic\"><iframe title=\"topFacebookLike\" frameborder src=\"https:\/\/www.facebook.com\/plugins\/like.php?href=https:\/\/orasul-timisoara.ro\/local-40290\/&amp;layout=button_count&amp;show_faces=false&amp;width=105&amp;action=like&amp;colorscheme=light&amp;height=21\"><\/iframe><\/div>\n<div id=\"td_social_sharing_article_top\" class=\"td-post-sharing td-ps-bg td-ps-notext td-post-sharing-style1 \">\n<div class=\"td-post-sharing-visible\"><a class=\"td-social-sharing-button td-social-sharing-button-js td-social-network td-social-facebook\" href=\"https:\/\/www.facebook.com\/sharer.php?u=https%3A%2F%2Forasul-timisoara.ro%2Flocal-40290%2F\" title=\"Facebook\"><\/p>\n<div class=\"td-social-but-text\">Facebook<\/div>\n<p><\/a><a class=\"td-social-sharing-button td-social-sharing-button-js td-social-network td-social-twitter\" href=\"https:\/\/twitter.com\/intent\/tweet?text=Sens+giratoriu+nou+la+drumul+de+intrare+%C3%AEn+Deva+dinspre+Mintia%2FA1.+Investi%C8%9Bie+de+peste+40+de+milioane+de+lei&amp;url=https%3A%2F%2Forasul-timisoara.ro%2Flocal-40290%2F&amp;via=orasultm\" title=\"Twitter\"><\/p>\n<div class=\"td-social-but-text\">Twitter<\/div>\n<p><\/a><a class=\"td-social-sharing-button td-social-sharing-button-js td-social-network td-social-whatsapp\" href=\"https:\/\/api.whatsapp.com\/send?text=Sens+giratoriu+nou+la+drumul+de+intrare+%C3%AEn+Deva+dinspre+Mintia%2FA1.+Investi%C8%9Bie+de+peste+40+de+milioane+de+lei%20%0A%0A%20https:\/\/orasul-timisoara.ro\/local-40290\/\" title=\"WhatsApp\"><\/p>\n<div class=\"td-social-but-text\">WhatsApp<\/div>\n<p><\/a><a class=\"td-social-sharing-button td-social-sharing-button-js td-social-network td-social-linkedin\" href=\"https:\/\/www.linkedin.com\/shareArticle?mini=true&amp;url=https:\/\/orasul-timisoara.ro\/local-40290\/&amp;title=Sens+giratoriu+nou+la+drumul+de+intrare+%C3%AEn+Deva+dinspre+Mintia%2FA1.+Investi%C8%9Bie+de+peste+40+de+milioane+de+lei\" title=\"Linkedin\"><\/p>\n<div class=\"td-social-but-text\">Linkedin<\/div>\n<p><\/a><a class=\"td-social-sharing-button td-social-sharing-button-js td-social-network td-social-reddit\" href=\"https:\/\/reddit.com\/submit?url=https:\/\/orasul-timisoara.ro\/local-40290\/&amp;title=Sens+giratoriu+nou+la+drumul+de+intrare+%C3%AEn+Deva+dinspre+Mintia%2FA1.+Investi%C8%9Bie+de+peste+40+de+milioane+de+lei\" title=\"ReddIt\"><\/p>\n<div class=\"td-social-but-text\">ReddIt<\/div>\n<p><\/a><a class=\"td-social-sharing-button td-social-sharing-button-js td-social-network td-social-mail\" href=\"mailto:?subject=Sens%20giratoriu%20nou%20la%20drumul%20de%20intrare%20%C3%AEn%20Deva%20dinspre%20Mintia\/A1.%20Investi%C8%9Bie%20de%20peste%2040%20de%20milioane%20de%20lei&amp;body=https:\/\/orasul-timisoara.ro\/local-40290\/\" title=\"Email\"><\/p>\n<div class=\"td-social-but-text\">Email<\/div>\n<p><\/a><a class=\"td-social-sharing-button td-social-sharing-button-js td-social-network td-social-print\" href=\"https:\/\/orasul-timisoara.ro\/local-40290\/\" title=\"Imprimare\"><\/p>\n<div class=\"td-social-but-text\">Imprimare<\/div>\n<p><\/a><\/div>\n<\/div>\n<\/div>\n<div class=\"td-post-content tagdiv-type\">\n<p class=\"wp-block-paragraph\">DRDP Timi\u0219oara a lansat \u00een SEAP licita\u021bia pentru reconfigurarea intersec\u021biei dintre DN 7 \u0219i DN 76, \u00een zona municipiului Deva, jude\u021bul Hunedoara. Investi\u021bia urm\u0103re\u0219te cre\u0219terea siguran\u021bei rutiere \u0219i fluidizarea circula\u021biei \u00eentr-un punct cu fluxuri importante de trafic, unde configura\u021bia actual\u0103 \u0219i diferen\u021bele de nivel \u00eengreuneaz\u0103 deplasarea.<\/p>\n<p class=\"wp-block-paragraph\">Contractul, care include proiectarea \u0219i execu\u021bia lucr\u0103rilor, are o valoare estimat\u0103 de 40.477.139,79 lei f\u0103r\u0103 TVA. Durata total\u0103 prev\u0103zut\u0103 este de 19 luni, dintre care trei luni pentru proiectare \u0219i 16 luni pentru execu\u021bie, dup\u0103 emiterea ordinului de \u00eencepere a lucr\u0103rilor. Finan\u021barea va fi asigurat\u0103 de la bugetul de stat.<\/p>\n<h2 class=\"wp-block-heading\">Intersec\u021bia DN 7 DN 76 va fi transformat\u0103 \u00eentr-un sens giratoriu<\/h2>\n<p class=\"wp-block-paragraph\">\u00cen prezent, DN 7 \u0219i DN 76 se intersecteaz\u0103 la kilometrul 394+305 al DN 7, respectiv kilometrul 0+000 al DN 76, \u00eentr-o configura\u021bie la nivel, \u00een form\u0103 de \u201eT\u201d. Zona este caracterizat\u0103 de trafic important \u0219i de o succesiune de curbe care afecteaz\u0103 condi\u021biile de circula\u021bie.<\/p>\n<p class=\"wp-block-paragraph\">Potrivit documenta\u021biei prezentate de DRDP Timi\u0219oara, \u00eentre ramurile intersec\u021biei exist\u0103 \u0219i diferen\u021be de nivel semnificative, cu valori cuprinse \u00eentre unu \u0219i cinci metri. Situa\u021bia este relevant\u0103 \u00een special pentru rela\u021biile de trafic Deva \u2013 \u0218oimu\u0219 \u0219i \u0218oimu\u0219 \u2013 Arad.<\/p>\n<p class=\"wp-block-paragraph\">Proiectul propus schimb\u0103 configura\u021bia actual\u0103 prin realizarea unui sens giratoriu central. \u00cen jurul acestuia vor fi construite bretele unidirec\u021bionale destinate direc\u021biilor care \u00eenregistreaz\u0103 cele mai importante fluxuri de trafic.<\/p>\n<h2 class=\"wp-block-heading\">Ce lucr\u0103ri sunt prev\u0103zute \u00een proiect<\/h2>\n<p class=\"wp-block-paragraph\">Reconfigurarea intersec\u021biei nu se limiteaz\u0103 la amenajarea sensului giratoriu. Proiectul include o serie de lucr\u0103ri complementare necesare pentru adaptarea \u00eentregii zone la noua configura\u021bie rutier\u0103.<\/p>\n<p class=\"wp-block-paragraph\">Vor fi amenajate insule separatoare denivelate \u0219i benzi directe distincte pentru rela\u021biile Mintia \u2013 Deva \u0219i Deva \u2013 DN 76. Solu\u021bia urm\u0103re\u0219te separarea \u0219i organizarea mai eficient\u0103 a fluxurilor de trafic.<\/p>\n<p class=\"wp-block-paragraph\">Contractul prevede \u0219i lucr\u0103ri de consolidare, amenajarea unor drumuri laterale \u0219i realizarea sistemelor necesare pentru scurgerea apelor. \u00cen acela\u0219i timp, zona va beneficia de iluminat public \u0219i de interven\u021bii pentru relocarea utilit\u0103\u021bilor existente.<\/p>\n<h2 class=\"wp-block-heading\">Noi elemente pentru siguran\u021ba rutier\u0103<\/h2>\n<p class=\"wp-block-paragraph\">Proiectul include \u0219i elemente dedicate siguran\u021bei circula\u021biei, astfel \u00eenc\u00e2t infrastructura s\u0103 fie adaptat\u0103 noii configura\u021bii a intersec\u021biei. Insulele separatoare \u0219i benzile dedicate vor contribui la delimitarea mai clar\u0103 a traiectoriilor \u0219i la organizarea fluxurilor de vehicule.<\/p>\n<p class=\"wp-block-paragraph\">Potrivit DRDP Timi\u0219oara, interven\u021bia este necesar\u0103 \u00eentr-o zon\u0103 \u00een care traficul este important, iar configura\u021bia actual\u0103 presupune curbe succesive \u0219i diferen\u021be de nivel. Reorganizarea intersec\u021biei este menit\u0103 s\u0103 reduc\u0103 punctele de conflict \u0219i s\u0103 ofere condi\u021bii mai bune de deplasare.<\/p>\n<h2 class=\"wp-block-heading\">Investi\u021bie de peste 40 de milioane de lei<\/h2>\n<p class=\"wp-block-paragraph\">Valoarea estimat\u0103 a contractului pentru proiectarea \u0219i execu\u021bia lucr\u0103rilor este de 40.477.139,79 lei, f\u0103r\u0103 TVA. Finan\u021barea investi\u021biei va fi asigurat\u0103 de la bugetul de stat.<\/p>\n<p class=\"wp-block-paragraph\">Contractul include at\u00e2t serviciile de proiectare pentru fazele D.T.A.C. \u0219i P.T., c\u00e2t \u0219i asisten\u021ba tehnic\u0103 din partea proiectantului \u0219i execu\u021bia propriu-zis\u0103 a lucr\u0103rilor.<\/p>\n<p class=\"wp-block-paragraph\">Durata stabilit\u0103 pentru \u00eentregul proiect este de 19 luni de la emiterea ordinului de \u00eencepere. Primele trei luni sunt alocate proiect\u0103rii, \u00een timp ce lucr\u0103rile de execu\u021bie sunt programate pentru o perioad\u0103 de 16 luni.<\/p>\n<h2 class=\"wp-block-heading\">Licita\u021bia a fost lansat\u0103 \u00een SEAP<\/h2>\n<p class=\"wp-block-paragraph\">Procedura de achizi\u021bie public\u0103 a fost lansat\u0103 de DRDP Timi\u0219oara \u00een Sistemul Electronic de Achizi\u021bii Publice. \u00cenainte de stabilirea termenului pentru depunerea ofertelor este necesar\u0103 parcurgerea etapei de selec\u021bie \u0219i validare de c\u0103tre Agen\u021bia Na\u021bional\u0103 pentru Achizi\u021bii Publice.<\/p>\n<p class=\"wp-block-paragraph\">Data exact\u0103 p\u00e2n\u0103 la care firmele interesate vor putea depune ofertele va fi stabilit\u0103 ulterior acestei etape. Procedura vizeaz\u0103 un contract integrat, \u00een care acela\u0219i obiectiv include proiectarea, asisten\u021ba tehnic\u0103 \u0219i execu\u021bia lucr\u0103rilor.<\/p>\n<p class=\"wp-block-paragraph\">Prin aceast\u0103 investi\u021bie, autorit\u0103\u021bile urm\u0103resc s\u0103 elimine problemele generate de configura\u021bia actual\u0103 a intersec\u021biei dintre cele dou\u0103 drumuri na\u021bionale \u0219i s\u0103 creeze o leg\u0103tur\u0103 rutier\u0103 mai sigur\u0103 \u0219i mai eficient\u0103.<\/p>\n<h2 class=\"wp-block-heading\">Trafic mai fluent \u0219i reducerea timpilor de deplasare<\/h2>\n<p class=\"wp-block-paragraph\">Reconfigurarea intersec\u021biei DN 7 cu DN 76 este justificat\u0103 de necesitatea \u00eembun\u0103t\u0103\u021birii circula\u021biei \u00eentr-o zon\u0103 cu fluxuri rutiere importante. DRDP Timi\u0219oara estimeaz\u0103 c\u0103 noua amenajare va contribui la reducerea blocajelor \u0219i, implicit, la economii de timp pentru participan\u021bii la trafic.<\/p>\n<p class=\"wp-block-paragraph\">Sensul giratoriu central, bretelele unidirec\u021bionale \u0219i benzile directe pentru anumite rela\u021bii de trafic vor permite o distribuire mai clar\u0103 a fluxurilor. Lucr\u0103rile conexe, inclusiv iluminatul public, consolid\u0103rile, scurgerea apelor \u0219i relocarea utilit\u0103\u021bilor, vor completa interven\u021bia asupra \u00eentregii zone.<\/p>\n<p class=\"wp-block-paragraph\">Investi\u021bia de la Deva face parte din lucr\u0103rile destinate \u00eembun\u0103t\u0103\u021birii infrastructurii rutiere na\u021bionale \u0219i a condi\u021biilor de circula\u021bie pe conexiunile dintre DN 7 \u0219i DN 76. Urm\u0103torul reper al procedurii va fi stabilirea termenului pentru depunerea ofertelor, dup\u0103 validarea documenta\u021biei de c\u0103tre ANAP.<\/p>\n<\/div>\n<footer>\n<div class=\"td-post-source-tags\">\n<ul class=\"td-tags td-post-small-box clearfix\">\n<li><span>ETICHETE<\/span><\/li>\n<li><a href=\"https:\/\/orasul-timisoara.ro\/local-tag\/arad\/\">arad<\/a><\/li>\n<li><a href=\"https:\/\/orasul-timisoara.ro\/local-tag\/cnair\/\">CNAIR<\/a><\/li>\n<li><a href=\"https:\/\/orasul-timisoara.ro\/local-tag\/deva\/\">Deva<\/a><\/li>\n<li><a href=\"https:\/\/orasul-timisoara.ro\/local-tag\/dn-7\/\">DN 7<\/a><\/li>\n<li><a href=\"https:\/\/orasul-timisoara.ro\/local-tag\/dn-76\/\">DN 76<\/a><\/li>\n<li><a href=\"https:\/\/orasul-timisoara.ro\/local-tag\/drdp-timisoara-2\/\">DRDP Timi\u0219oara<\/a><\/li>\n<li><a href=\"https:\/\/orasul-timisoara.ro\/local-tag\/hunedoara\/\">hunedoara<\/a><\/li>\n<li><a href=\"https:\/\/orasul-timisoara.ro\/local-tag\/infrastructura-rutiera\/\">infrastructur\u0103 rutier\u0103<\/a><\/li>\n<li><a href=\"https:\/\/orasul-timisoara.ro\/local-tag\/intersectie-dn-7-dn-76\/\">intersec\u021bie DN 7 DN 76<\/a><\/li>\n<li><a href=\"https:\/\/orasul-timisoara.ro\/local-tag\/mintia\/\">Mintia<\/a><\/li>\n<li><a href=\"https:\/\/orasul-timisoara.ro\/local-tag\/sens-giratoriu\/\">sens giratoriu<\/a><\/li>\n<li><a href=\"https:\/\/orasul-timisoara.ro\/local-tag\/siguranta-rutiera-2\/\">siguran\u021b\u0103 rutier\u0103<\/a><\/li>\n<li><a href=\"https:\/\/orasul-timisoara.ro\/local-tag\/soimus\/\">\u0218oimu\u0219<\/a><\/li>\n<li><a href=\"https:\/\/orasul-timisoara.ro\/local-tag\/trafic\/\">trafic<\/a><\/li>\n<\/ul>\n<\/div>\n<div class=\"td-post-sharing-bottom\">\n<div class=\"td-post-sharing-classic\"><iframe title=\"bottomFacebookLike\" frameborder src=\"https:\/\/www.facebook.com\/plugins\/like.php?href=https:\/\/orasul-timisoara.ro\/local-40290\/&amp;layout=button_count&amp;show_faces=false&amp;width=105&amp;action=like&amp;colorscheme=light&amp;height=21\"><\/iframe><\/div>\n<div id=\"td_social_sharing_article_bottom\" class=\"td-post-sharing td-ps-bg td-ps-notext td-post-sharing-style1 \">\n<div class=\"td-post-sharing-visible\"><a class=\"td-social-sharing-button td-social-sharing-button-js td-social-network td-social-facebook\" href=\"https:\/\/www.facebook.com\/sharer.php?u=https%3A%2F%2Forasul-timisoara.ro%2Flocal-40290%2F\" title=\"Facebook\"><\/p>\n<div class=\"td-social-but-text\">Facebook<\/div>\n<p><\/a><a class=\"td-social-sharing-button td-social-sharing-button-js td-social-network td-social-twitter\" href=\"https:\/\/twitter.com\/intent\/tweet?text=Sens+giratoriu+nou+la+drumul+de+intrare+%C3%AEn+Deva+dinspre+Mintia%2FA1.+Investi%C8%9Bie+de+peste+40+de+milioane+de+lei&amp;url=https%3A%2F%2Forasul-timisoara.ro%2Flocal-40290%2F&amp;via=orasultm\" title=\"Twitter\"><\/p>\n<div class=\"td-social-but-text\">Twitter<\/div>\n<p><\/a><a class=\"td-social-sharing-button td-social-sharing-button-js td-social-network td-social-whatsapp\" href=\"https:\/\/api.whatsapp.com\/send?text=Sens+giratoriu+nou+la+drumul+de+intrare+%C3%AEn+Deva+dinspre+Mintia%2FA1.+Investi%C8%9Bie+de+peste+40+de+milioane+de+lei%20%0A%0A%20https:\/\/orasul-timisoara.ro\/local-40290\/\" title=\"WhatsApp\"><\/p>\n<div class=\"td-social-but-text\">WhatsApp<\/div>\n<p><\/a><a class=\"td-social-sharing-button td-social-sharing-button-js td-social-network td-social-linkedin\" href=\"https:\/\/www.linkedin.com\/shareArticle?mini=true&amp;url=https:\/\/orasul-timisoara.ro\/local-40290\/&amp;title=Sens+giratoriu+nou+la+drumul+de+intrare+%C3%AEn+Deva+dinspre+Mintia%2FA1.+Investi%C8%9Bie+de+peste+40+de+milioane+de+lei\" title=\"Linkedin\"><\/p>\n<div class=\"td-social-but-text\">Linkedin<\/div>\n<p><\/a><a class=\"td-social-sharing-button td-social-sharing-button-js td-social-network td-social-reddit\" href=\"https:\/\/reddit.com\/submit?url=https:\/\/orasul-timisoara.ro\/local-40290\/&amp;title=Sens+giratoriu+nou+la+drumul+de+intrare+%C3%AEn+Deva+dinspre+Mintia%2FA1.+Investi%C8%9Bie+de+peste+40+de+milioane+de+lei\" title=\"ReddIt\"><\/p>\n<div class=\"td-social-but-text\">ReddIt<\/div>\n<p><\/a><a class=\"td-social-sharing-button td-social-sharing-button-js td-social-network td-social-mail\" href=\"mailto:?subject=Sens%20giratoriu%20nou%20la%20drumul%20de%20intrare%20%C3%AEn%20Deva%20dinspre%20Mintia\/A1.%20Investi%C8%9Bie%20de%20peste%2040%20de%20milioane%20de%20lei&amp;body=https:\/\/orasul-timisoara.ro\/local-40290\/\" title=\"Email\"><\/p>\n<div class=\"td-social-but-text\">Email<\/div>\n<p><\/a><a class=\"td-social-sharing-button td-social-sharing-button-js td-social-network td-social-print\" href=\"https:\/\/orasul-timisoara.ro\/local-40290\/\" title=\"Imprimare\"><\/p>\n<div class=\"td-social-but-text\">Imprimare<\/div>\n<p><\/a><\/div>\n<\/div>\n<\/div>\n<div class=\"td-block-row td-post-next-prev\">\n<div class=\"td-block-span6 td-post-prev-post\">\n<div class=\"td-post-next-prev-content\"><span>Articolul precedent<\/span><a href=\"https:\/\/orasul-timisoara.ro\/local-40287\/\">Alfred Simonis anun\u021b\u0103 reabilitarea drumului dintre Ghiroda \u0219i Mo\u0219ni\u021ba Veche<\/a><\/div>\n<\/div>\n<div class=\"td-block-span6 td-post-next-post\">\n<div class=\"td-post-next-prev-content\"><span>Articolul urm\u0103tor<\/span><a href=\"https:\/\/orasul-timisoara.ro\/local-40293\/\">Specula\u021bii f\u0103r\u0103 dovezi. Senatorul AUR Timi\u0219 vede conspira\u021bii \u00een \u00eent\u00e2lnirea Bolojan\u2013Fritz<\/a><\/div>\n<\/div>\n<\/div>\n<div class=\"td-author-name vcard author\"><span class=\"fn\"><a href=\"https:\/\/orasul-timisoara.ro\/author\/timisoara\/\">redactia<\/a><\/span><\/div>\n<p><span class=\"td-page-meta\"><\/span><span class=\"td-page-meta\"><span class=\"td-page-meta\"><\/span><\/span><span class=\"td-page-meta\"><\/span><\/footer>\n<div class=\"td_block_wrap td_block_related_posts tdi_3 td_with_ajax_pagination td-pb-border-top td_block_template_8\" data-td-block-uid=\"tdi_3\">\n<h4 class=\"td-related-title td-block-title\"><a id=\"tdi_4\" class=\"td-related-left td-cur-simple-item\" data-td_filter_value data-td_block_id=\"tdi_3\" href=\"https:\/\/orasul-timisoara.ro\/local-40290\/\">ARTICOLE SIMILARE<\/a><a id=\"tdi_5\" class=\"td-related-right\" data-td_filter_value=\"td_related_more_from_author\" data-td_block_id=\"tdi_3\" href=\"https:\/\/orasul-timisoara.ro\/local-40290\/\">DE LA ACELA\u0218I AUTOR<\/a><\/h4>\n<div id=\"tdi_3\" class=\"td_block_inner\">\n<div class=\"td-related-row\">\n<div class=\"td-related-span4\">\n<div class=\"td_module_related_posts td-animation-stack td_mod_related_posts\">\n<div class=\"td-module-image\">\n<div class=\"td-module-thumb\"><a href=\"https:\/\/orasul-timisoara.ro\/local-40176\/\" rel=\"bookmark\" class=\"td-image-wrap \" title=\"\u0218antierul Centurii Timi\u0219oara Vest a ajuns la 13%. Lucr\u0103rile avanseaz\u0103 pe mai multe fronturi (foto)\"><img loading=\"lazy\" decoding=\"async\" class=\"entry-thumb\" src=\"https:\/\/orasul-timisoara.ro\/wp-content\/uploads\/2026\/08\/Centura-vest-augusst-2026-10-1-436x300.jpg\" alt title=\"\u0218antierul Centurii Timi\u0219oara Vest a ajuns la 13%. Lucr\u0103rile avanseaz\u0103 pe mai multe fronturi (foto)\" width=\"218\" height=\"150\"><\/a><\/div>\n<\/div>\n<div class=\"item-details\">\n<h3 class=\"entry-title td-module-title\"><a href=\"https:\/\/orasul-timisoara.ro\/local-40176\/\" rel=\"bookmark\" title=\"\u0218antierul Centurii Timi\u0219oara Vest a ajuns la 13%. Lucr\u0103rile avanseaz\u0103 pe mai multe fronturi (foto)\">\u0218antierul Centurii Timi\u0219oara Vest a ajuns la 13%. Lucr\u0103rile avanseaz\u0103 pe mai multe fronturi (foto)<\/a><\/h3>\n<\/div>\n<\/div>\n<\/div>\n<div class=\"td-related-span4\">\n<div class=\"td_module_related_posts td-animation-stack td_mod_related_posts\">\n<div class=\"td-module-image\">\n<div class=\"td-module-thumb\"><a href=\"https:\/\/orasul-timisoara.ro\/local-40165\/\" rel=\"bookmark\" class=\"td-image-wrap \" title=\"ANM anun\u021b\u0103 canicul\u0103 \u00een Timi\u0219 \u0219i Arad. Mar\u021bi vine v\u00e2rful de c\u0103ldur\u0103\"><img loading=\"lazy\" decoding=\"async\" class=\"entry-thumb\" src=\"https:\/\/orasul-timisoara.ro\/wp-content\/uploads\/2022\/07\/vreme-termometru.jpg\" alt title=\"ANM anun\u021b\u0103 canicul\u0103 \u00een Timi\u0219 \u0219i Arad. Mar\u021bi vine v\u00e2rful de c\u0103ldur\u0103\" width=\"218\" height=\"150\"><\/a><\/div>\n<\/div>\n<div class=\"item-details\">\n<h3 class=\"entry-title td-module-title\"><a href=\"https:\/\/orasul-timisoara.ro\/local-40165\/\" rel=\"bookmark\" title=\"ANM anun\u021b\u0103 canicul\u0103 \u00een Timi\u0219 \u0219i Arad. Mar\u021bi vine v\u00e2rful de c\u0103ldur\u0103\">ANM anun\u021b\u0103 canicul\u0103 \u00een Timi\u0219 \u0219i Arad. Mar\u021bi vine v\u00e2rful de c\u0103ldur\u0103<\/a><\/h3>\n<\/div>\n<\/div>\n<\/div>\n<div class=\"td-related-span4\">\n<div class=\"td_module_related_posts td-animation-stack td_mod_related_posts\">\n<div class=\"td-module-image\">\n<div class=\"td-module-thumb\"><a href=\"https:\/\/orasul-timisoara.ro\/local-40141\/\" rel=\"bookmark\" class=\"td-image-wrap \" title=\"Rom\u00e2nia implementeaz\u0103 STRR \u0219i TollRo din 31 august 2026. C\u00e2nd \u00eencepe plata tarifelor\"><img loading=\"lazy\" decoding=\"async\" class=\"entry-thumb\" src=\"https:\/\/orasul-timisoara.ro\/wp-content\/uploads\/2026\/08\/autostrada-TollRo-436x300.jpg\" alt title=\"Rom\u00e2nia implementeaz\u0103 STRR \u0219i TollRo din 31 august 2026. C\u00e2nd \u00eencepe plata tarifelor\" width=\"218\" height=\"150\"><\/a><\/div>\n<\/div>\n<div class=\"item-details\">\n<h3 class=\"entry-title td-module-title\"><a href=\"https:\/\/orasul-timisoara.ro\/local-40141\/\" rel=\"bookmark\" title=\"Rom\u00e2nia implementeaz\u0103 STRR \u0219i TollRo din 31 august 2026. C\u00e2nd \u00eencepe plata tarifelor\">Rom\u00e2nia implementeaz\u0103 STRR \u0219i TollRo din 31 august 2026. C\u00e2nd \u00eencepe plata tarifelor<\/a><\/h3>\n<\/div>\n<\/div>\n<\/div>\n<\/div>\n<\/div>\n<\/div>\n<div class=\"comments\" id=\"comments\">\n<div id=\"respond\" class=\"comment-respond\">\n<h3 id=\"reply-title\" class=\"comment-reply-title\">L\u0102SA\u021aI UN MESAJ<\/h3>\n<div class=\"comment-form-input-wrap td-form-comment\">\n<div class=\"td-warning-comment\">V\u0103 rug\u0103m s\u0103 introduce\u021bi comentariul dvs.!<\/div>\n<\/div>\n<div class=\"comment-form-input-wrap td-form-author\">\n<div class=\"td-warning-author\">Introduce\u021bi aici numele dvs.<\/div>\n<\/div>\n<div class=\"comment-form-input-wrap td-form-email\">\n<div class=\"td-warning-email-error\">A\u021bi introdus o adres\u0103 de e-mail incorect\u0103!<\/div>\n<div class=\"td-warning-email\">V\u0103 rug\u0103m s\u0103 introduce\u021bi adresa dvs. de e-mail aici<\/div>\n<\/div>\n<\/div>\n<p class=\"akismet_comment_form_privacy_notice\">Acest site folose\u0219te Akismet pentru a reduce spamul. <a href=\"https:\/\/akismet.com\/privacy\/\" target=\"_blank\" rel=\"nofollow noopener\">Afl\u0103 cum sunt procesate datele comentariilor tale<\/a>.<\/p>\n<\/div>\n<\/div>\n<\/div>\n<div class=\"td-pb-span4 td-main-sidebar\" role=\"complementary\">\n<div class=\"td-ss-main-sidebar\">\n<aside id=\"block-4\" class=\"td_block_template_8 widget block-4 widget_block widget_media_image\">\n<figure class=\"wp-block-image size-full\"><img loading=\"lazy\" decoding=\"async\" width=\"336\" height=\"280\" src=\"https:\/\/orasul-timisoara.ro\/wp-content\/uploads\/2024\/11\/ReTIM-Abonamentul-Verde-Google-Ads-336x280px.gif\" alt class=\"wp-image-29257\"><\/figure>\n<\/aside>\n<div class=\"td_block_wrap td_block_social_counter td_block_widget tdi_6 td-social-style5 td-social-boxed td-pb-border-top td_block_template_8\">\n<div class=\"td-block-title-wrap\">\n<h4 class=\"td-block-title\"><span>Urm\u0103re\u0219te-ne pe Social Media<\/span><\/h4>\n<\/div>\n<div class=\"td-social-list\">\n<div class=\"td_social_type td-pb-margin-side td_social_facebook\">\n<div class=\"td-social-box\"><span class=\"td_social_info td_social_info_counter\">344,595<\/span><span class=\"td_social_info td_social_info_name\">Fani<\/span><span class=\"td_social_button\"><a href=\"https:\/\/www.facebook.com\/247timisoara\" target=\"_blank\" rel=\"nofollow\">\u00cemi place<\/a><\/span><\/div>\n<\/div>\n<div class=\"td_social_type td-pb-margin-side td_social_instagram\">\n<div class=\"td-social-box\"><span class=\"td_social_info td_social_info_counter\">4,416<\/span><span class=\"td_social_info td_social_info_name\">Cititori<\/span><span class=\"td_social_button\"><a href=\"https:\/\/instagram.com\/orasultimisoararo\/\" target=\"_blank\" rel=\"nofollow\">Conecta\u021bi-v\u0103<\/a><\/span><\/div>\n<\/div>\n<div class=\"td_social_type td-pb-margin-side td_social_rss\">\n<div class=\"td-social-box\"><span class=\"td_social_info td_social_info_counter\">12,506<\/span><span class=\"td_social_info td_social_info_name\">Cititori<\/span><span class=\"td_social_button\"><a href=\"https:\/\/orasul-timisoara.ro\/feed\/\" target=\"_blank\" rel=\"nofollow\">Conecta\u021bi-v\u0103<\/a><\/span><\/div>\n<\/div>\n<div class=\"td_social_type td-pb-margin-side td_social_tiktok\">\n<div class=\"td-social-box\"><span class=\"td_social_info td_social_info_counter\">1,500<\/span><span class=\"td_social_info td_social_info_name\">Cititori<\/span><span class=\"td_social_button\"><a href=\"https:\/\/www.tiktok.com\/@orasultimisoara\" target=\"_blank\" rel=\"nofollow\">Conecta\u021bi-v\u0103<\/a><\/span><\/div>\n<\/div>\n<div class=\"td_social_type td-pb-margin-side td_social_twitter\">\n<div class=\"td-social-box\"><span class=\"td_social_info td_social_info_counter\">1,595<\/span><span class=\"td_social_info td_social_info_name\">Cititori<\/span><span class=\"td_social_button\"><a href=\"https:\/\/twitter.com\/orasultm\" target=\"_blank\" rel=\"nofollow\">Conecta\u021bi-v\u0103<\/a><\/span><\/div>\n<\/div>\n<div class=\"td_social_type td-pb-margin-side td_social_youtube\">\n<div class=\"td-social-box\"><span class=\"td_social_info td_social_info_counter\">3,506<\/span><span class=\"td_social_info td_social_info_name\">Abona\u021bi<\/span><span class=\"td_social_button\"><a href=\"https:\/\/www.youtube.com\/channel\/UCQNsQvs2XCSIm1Z-AHRturw?sub_confirmation=1\" target=\"_blank\" rel=\"nofollow\">Abona\u021bi-v\u0103<\/a><\/span><\/div>\n<\/div>\n<\/div>\n<\/div>\n<aside id=\"text-7\" class=\"td_block_template_8 widget text-7 widget_text\">\n<h4 class=\"td-block-title\"><span>C\u0103ut\u0103ri populare pe OTM<\/span><\/h4>\n<div class=\"textwidget\"><a href=\"https:\/\/orasul-timisoara.ro\/?s=timisoara\"><span>Timisoara<\/span><\/a><a href=\"https:\/\/orasul-timisoara.ro\/?s=calin+dobra\"><span>Calin Dobra<\/span><\/a><a href=\"https:\/\/orasul-timisoara.ro\/?s=primaria+timisoara\"><span>Primaria Timisoara<\/span><\/a><a href=\"https:\/\/orasul-timisoara.ro\/?s=dominic+fritz\"><span>Dominic Fritz<\/span><\/a><a href=\"https:\/\/orasul-timisoara.ro\/?s=nicolae+robu\"><span>Nicolae Robu<\/span><\/a><a href=\"https:\/\/orasul-timisoara.ro\/?s=consiliul+local+timisoara\">Consiliul Local Timisoara<\/a><a href=\"https:\/\/orasul-timisoara.ro\/?s=consiliul+judetean+timis\"><span>Consiliul Judetean Timis<\/span><\/a><a href=\"https:\/\/orasul-timisoara.ro\/?s=cjt\"><span>CJT<\/span><\/a><a href=\"https:\/\/orasul-timisoara.ro\/?s=Alfred+Simonis\"><span>Alfred Simonis<\/span><\/a><a href=\"https:\/\/orasul-timisoara.ro\/?s=PNL\"><span>PNL<\/span><\/a><a href=\"https:\/\/orasul-timisoara.ro\/?s=coronavirus\"><span>coronavirus<\/span><\/a><a href=\"https:\/\/orasul-timisoara.ro\/?s=teatru+timisoara\">teatru Timisoara<\/a><a href=\"https:\/\/orasul-timisoara.ro\/?s=restaurante\"><span>restaurante Timisoara<\/span><\/a><a href=\"https:\/\/orasul-timisoara.ro\/?s=diskoteka\"><span>Diskoteka<\/span><\/a><a href=\"https:\/\/orasul-timisoara.ro\/?s=iulius+town\"><span>Iulius Town<\/span><\/a><a href=\"https:\/\/orasul-timisoara.ro\/?s=iulius+mall\"><span>Iulius Mall<\/span><\/a><a href=\"https:\/\/orasul-timisoara.ro\/?s=stpt\"><span>STPT<\/span><\/a><a href=\"https:\/\/orasul-timisoara.ro\/?s=alin+nica\"><span>Alin Nica<\/span><\/a><a href=\"https:\/\/orasul-timisoara.ro\/?s=psd\"><span>PSD<\/span><\/a><a href=\"https:\/\/orasul-timisoara.ro\/?s=aeroport\"><span>Aeroportul International Timisoara<\/span><\/a><a href=\"https:\/\/orasul-timisoara.ro\/?s=babes\"><span>Spitalul Victor Babes Timisoara<\/span><\/a><a href=\"https:\/\/orasul-timisoara.ro\/?s=poli\"><span>Poli Timi\u0219oara<\/span><\/a><a href=\"https:\/\/orasul-timisoara.ro\/?s=carantina\"><span>carantina<\/span><\/a><a href=\"https:\/\/orasul-timisoara.ro\/?s=aquatim\"><span>Aquatim<\/span><\/a><a href=\"https:\/\/orasul-timisoara.ro\/local-category\/stiri-timisoara\/\"><span>Stiri Timisoara<\/span><\/a><a href=\"https:\/\/orasul-timisoara.ro\/local-category\/investitii-in-timisoara\/\"><span>Investi\u021bii in Timi\u0219oara<\/span><\/a><a href=\"https:\/\/orasul-timisoara.ro\/local-9463\/\"><span>shaorma<\/span><\/a><a href=\"https:\/\/orasul-timisoara.ro\/?s=trafic\"><span>trafic rutier<\/span><\/a><a href=\"https:\/\/orasul-timisoara.ro\/?s=politia\"><span>politia locala timisoara<\/span><\/a><a href=\"https:\/\/orasul-timisoara.ro\/?s=roxana\"><span>Roxana Iliescu<\/span><\/a><a href=\"https:\/\/orasul-timisoara.ro\/?s=colterm\"><span>Colterm<\/span><\/a><a href=\"https:\/\/orasul-timisoara.ro\/?s=latcau\"><span>Ruben La\u021bc\u0103u<\/span><\/a><a href=\"https:\/\/orasul-timisoara.ro\/?s=timis\"><span>\u0218tiri din Timi\u0219<\/span><\/a><a href=\"https:\/\/orasul-timisoara.ro\/?s=spital\"><span>Spitale din Timi\u0219oara<\/span><\/a><a href=\"https:\/\/orasul-timisoara.ro\/?s=tabara\"><span>Cosmin Tab\u0103r\u0103<\/span><\/a><\/div>\n<\/aside>\n<aside id=\"rss-2\" class=\"td_block_template_8 widget rss-2 widget_rss\">\n<h4 class=\"td-block-title\"><span><a class=\"rsswidget rss-widget-feed\" href=\"https:\/\/fashionfridays.ro\/feed\"><img decoding=\"async\" class=\"rss-widget-icon\" width=\"14\" height=\"14\" src=\"https:\/\/orasul-timisoara.ro\/wp-includes\/images\/rss.png\" alt=\"Flux RSS: Fashion Fridays\" loading=\"lazy\"><\/a><a class=\"rsswidget rss-widget-title\" href=\"https:\/\/fashionfridays.ro\/\">Fashion Fridays<\/a><\/span><\/h4>\n<ul>\n<li><a class=\"rsswidget\" href=\"https:\/\/fashionfridays.ro\/romania-devine-a-29-a-piata-vogue-o-noua-era-pentru-industria-locala-de-moda\/\">Rom\u00e2nia devine a 29-a pia\u021b\u0103 Vogue: o nou\u0103 er\u0103 pentru industria local\u0103 de mod\u0103<\/a>\n<div class=\"rssSummary\">Revista Vogue \u00ee\u0219i extinde prezen\u021ba global\u0103 \u0219i va fi lansat\u0103 oficial \u00een Rom\u00e2nia \u00een prim\u0103vara anului 2027, marc\u00e2nd intrarea pe cea de-a 29-a pia\u021b\u0103 interna\u021bional\u0103. Proiectul este realizat \u00een parteneriat cu AEMME Publishing, o companie media recent \u00eenfiin\u021bat\u0103, care va publica edi\u021bia local\u0103 sub licen\u021b\u0103. Noua edi\u021bie, Vogue Rom\u00e2nia, \u00ee\u0219i propune s\u0103 combine autoritatea global\u0103 [\u2026]<\/div>\n<\/li>\n<\/ul>\n<\/aside>\n<aside id=\"rss-4\" class=\"td_block_template_8 widget rss-4 widget_rss\">\n<h4 class=\"td-block-title\"><span><a class=\"rsswidget rss-widget-feed\" href=\"https:\/\/emasini.ro\/feed\"><img decoding=\"async\" class=\"rss-widget-icon\" width=\"14\" height=\"14\" src=\"https:\/\/orasul-timisoara.ro\/wp-includes\/images\/rss.png\" alt=\"Flux RSS: eMasini\" loading=\"lazy\"><\/a><a class=\"rsswidget rss-widget-title\" href=\"https:\/\/emasini.ro\/\">eMasini<\/a><\/span><\/h4>\n<ul>\n<li><a class=\"rsswidget\" href=\"https:\/\/emasini.ro\/adio-bordurilor-pline-de-ecrane-mercedes-benz-readuce-butoanele-in-noile-masini-produse\/\">Adio bordurilor pline de ecrane? Mercedes-Benz readuce butoanele \u00een noile ma\u0219ini produse<\/a>\n<div class=\"rssSummary\">Mercedes-Benz \u00ee\u0219i schimb\u0103 direc\u021bia \u00een ceea ce prive\u0219te designul interioarelor \u0219i va readuce comenzile fizice pentru anumite func\u021bii importante. Constructorul german nu renun\u021b\u0103 la ecranele mari \u0219i la tehnologiile digitale, dar recunoa\u0219te c\u0103 a mers prea departe prin eliminarea unor butoane \u0219i comenzi tactile. Ola K\u00e4llenius, pre\u0219edintele Consiliului de Administra\u021bie al Mercedes-Benz Group \u0219i CEO [\u2026]<\/div>\n<\/li>\n<\/ul>\n<\/aside>\n<\/div>\n<\/div>\n<\/div>\n<\/div>\n<\/article>\n<div class=\"td-post-content tagdiv-type\">\n<p class=\"wp-block-paragraph\">DRDP Timi\u0219oara a lansat \u00een SEAP licita\u021bia pentru reconfigurarea intersec\u021biei dintre DN 7 \u0219i DN 76, \u00een zona municipiului Deva, jude\u021bul Hunedoara. Investi\u021bia urm\u0103re\u0219te cre\u0219terea siguran\u021bei rutiere \u0219i fluidizarea circula\u021biei \u00eentr-un punct cu fluxuri importante de trafic, unde configura\u021bia actual\u0103 \u0219i diferen\u021bele de nivel \u00eengreuneaz\u0103 deplasarea.<\/p>\n<p class=\"wp-block-paragraph\">Contractul, care include proiectarea \u0219i execu\u021bia lucr\u0103rilor, are o valoare estimat\u0103 de 40.477.139,79 lei f\u0103r\u0103 TVA. Durata total\u0103 prev\u0103zut\u0103 este de 19 luni, dintre care trei luni pentru proiectare \u0219i 16 luni pentru execu\u021bie, dup\u0103 emiterea ordinului de \u00eencepere a lucr\u0103rilor. Finan\u021barea va fi asigurat\u0103 de la bugetul de stat.<\/p>\n<h2 class=\"wp-block-heading\">Intersec\u021bia DN 7 DN 76 va fi transformat\u0103 \u00eentr-un sens giratoriu<\/h2>\n<p class=\"wp-block-paragraph\">\u00cen prezent, DN 7 \u0219i DN 76 se intersecteaz\u0103 la kilometrul 394+305 al DN 7, respectiv kilometrul 0+000 al DN 76, \u00eentr-o configura\u021bie la nivel, \u00een form\u0103 de \u201eT\u201d. Zona este caracterizat\u0103 de trafic important \u0219i de o succesiune de curbe care afecteaz\u0103 condi\u021biile de circula\u021bie.<\/p>\n<p class=\"wp-block-paragraph\">Potrivit documenta\u021biei prezentate de DRDP Timi\u0219oara, \u00eentre ramurile intersec\u021biei exist\u0103 \u0219i diferen\u021be de nivel semnificative, cu valori cuprinse \u00eentre unu \u0219i cinci metri. Situa\u021bia este relevant\u0103 \u00een special pentru rela\u021biile de trafic Deva \u2013 \u0218oimu\u0219 \u0219i \u0218oimu\u0219 \u2013 Arad.<\/p>\n<p class=\"wp-block-paragraph\">Proiectul propus schimb\u0103 configura\u021bia actual\u0103 prin realizarea unui sens giratoriu central. \u00cen jurul acestuia vor fi construite bretele unidirec\u021bionale destinate direc\u021biilor care \u00eenregistreaz\u0103 cele mai importante fluxuri de trafic.<\/p>\n<h2 class=\"wp-block-heading\">Ce lucr\u0103ri sunt prev\u0103zute \u00een proiect<\/h2>\n<p class=\"wp-block-paragraph\">Reconfigurarea intersec\u021biei nu se limiteaz\u0103 la amenajarea sensului giratoriu. Proiectul include o serie de lucr\u0103ri complementare necesare pentru adaptarea \u00eentregii zone la noua configura\u021bie rutier\u0103.<\/p>\n<p class=\"wp-block-paragraph\">Vor fi amenajate insule separatoare denivelate \u0219i benzi directe distincte pentru rela\u021biile Mintia \u2013 Deva \u0219i Deva \u2013 DN 76. Solu\u021bia urm\u0103re\u0219te separarea \u0219i organizarea mai eficient\u0103 a fluxurilor de trafic.<\/p>\n<p class=\"wp-block-paragraph\">Contractul prevede \u0219i lucr\u0103ri de consolidare, amenajarea unor drumuri laterale \u0219i realizarea sistemelor necesare pentru scurgerea apelor. \u00cen acela\u0219i timp, zona va beneficia de iluminat public \u0219i de interven\u021bii pentru relocarea utilit\u0103\u021bilor existente.<\/p>\n<h2 class=\"wp-block-heading\">Noi elemente pentru siguran\u021ba rutier\u0103<\/h2>\n<p class=\"wp-block-paragraph\">Proiectul include \u0219i elemente dedicate siguran\u021bei circula\u021biei, astfel \u00eenc\u00e2t infrastructura s\u0103 fie adaptat\u0103 noii configura\u021bii a intersec\u021biei. Insulele separatoare \u0219i benzile dedicate vor contribui la delimitarea mai clar\u0103 a traiectoriilor \u0219i la organizarea fluxurilor de vehicule.<\/p>\n<p class=\"wp-block-paragraph\">Potrivit DRDP Timi\u0219oara, interven\u021bia este necesar\u0103 \u00eentr-o zon\u0103 \u00een care traficul este important, iar configura\u021bia actual\u0103 presupune curbe succesive \u0219i diferen\u021be de nivel. Reorganizarea intersec\u021biei este menit\u0103 s\u0103 reduc\u0103 punctele de conflict \u0219i s\u0103 ofere condi\u021bii mai bune de deplasare.<\/p>\n<h2 class=\"wp-block-heading\">Investi\u021bie de peste 40 de milioane de lei<\/h2>\n<p class=\"wp-block-paragraph\">Valoarea estimat\u0103 a contractului pentru proiectarea \u0219i execu\u021bia lucr\u0103rilor este de 40.477.139,79 lei, f\u0103r\u0103 TVA. Finan\u021barea investi\u021biei va fi asigurat\u0103 de la bugetul de stat.<\/p>\n<p class=\"wp-block-paragraph\">Contractul include at\u00e2t serviciile de proiectare pentru fazele D.T.A.C. \u0219i P.T., c\u00e2t \u0219i asisten\u021ba tehnic\u0103 din partea proiectantului \u0219i execu\u021bia propriu-zis\u0103 a lucr\u0103rilor.<\/p>\n<p class=\"wp-block-paragraph\">Durata stabilit\u0103 pentru \u00eentregul proiect este de 19 luni de la emiterea ordinului de \u00eencepere. Primele trei luni sunt alocate proiect\u0103rii, \u00een timp ce lucr\u0103rile de execu\u021bie sunt programate pentru o perioad\u0103 de 16 luni.<\/p>\n<h2 class=\"wp-block-heading\">Licita\u021bia a fost lansat\u0103 \u00een SEAP<\/h2>\n<p class=\"wp-block-paragraph\">Procedura de achizi\u021bie public\u0103 a fost lansat\u0103 de DRDP Timi\u0219oara \u00een Sistemul Electronic de Achizi\u021bii Publice. \u00cenainte de stabilirea termenului pentru depunerea ofertelor este necesar\u0103 parcurgerea etapei de selec\u021bie \u0219i validare de c\u0103tre Agen\u021bia Na\u021bional\u0103 pentru Achizi\u021bii Publice.<\/p>\n<p class=\"wp-block-paragraph\">Data exact\u0103 p\u00e2n\u0103 la care firmele interesate vor putea depune ofertele va fi stabilit\u0103 ulterior acestei etape. Procedura vizeaz\u0103 un contract integrat, \u00een care acela\u0219i obiectiv include proiectarea, asisten\u021ba tehnic\u0103 \u0219i execu\u021bia lucr\u0103rilor.<\/p>\n<p class=\"wp-block-paragraph\">Prin aceast\u0103 investi\u021bie, autorit\u0103\u021bile urm\u0103resc s\u0103 elimine problemele generate de configura\u021bia actual\u0103 a intersec\u021biei dintre cele dou\u0103 drumuri na\u021bionale \u0219i s\u0103 creeze o leg\u0103tur\u0103 rutier\u0103 mai sigur\u0103 \u0219i mai eficient\u0103.<\/p>\n<h2 class=\"wp-block-heading\">Trafic mai fluent \u0219i reducerea timpilor de deplasare<\/h2>\n<p class=\"wp-block-paragraph\">Reconfigurarea intersec\u021biei DN 7 cu DN 76 este justificat\u0103 de necesitatea \u00eembun\u0103t\u0103\u021birii circula\u021biei \u00eentr-o zon\u0103 cu fluxuri rutiere importante. DRDP Timi\u0219oara estimeaz\u0103 c\u0103 noua amenajare va contribui la reducerea blocajelor \u0219i, implicit, la economii de timp pentru participan\u021bii la trafic.<\/p>\n<p class=\"wp-block-paragraph\">Sensul giratoriu central, bretelele unidirec\u021bionale \u0219i benzile directe pentru anumite rela\u021bii de trafic vor permite o distribuire mai clar\u0103 a fluxurilor. Lucr\u0103rile conexe, inclusiv iluminatul public, consolid\u0103rile, scurgerea apelor \u0219i relocarea utilit\u0103\u021bilor, vor completa interven\u021bia asupra \u00eentregii zone.<\/p>\n<p class=\"wp-block-paragraph\">Investi\u021bia de la Deva face parte din lucr\u0103rile destinate \u00eembun\u0103t\u0103\u021birii infrastructurii rutiere na\u021bionale \u0219i a condi\u021biilor de circula\u021bie pe conexiunile dintre DN 7 \u0219i DN 76. Urm\u0103torul reper al procedurii va fi stabilirea termenului pentru depunerea ofertelor, dup\u0103 validarea documenta\u021biei de c\u0103tre ANAP.<\/p>\n<\/div>\n<p>[analyse_source url=&#8221;https:\/\/orasul-timisoara.ro\/local-40290\/&#8221;]<\/p>\n","protected":false},"excerpt":{"rendered":"<p>[analyse_image type=&#8221;featured&#8221; src=&#8221;https:\/\/orasul-timisoara.ro\/wp-content\/uploads\/2026\/08\/778985958_4616061858640985_8255177491180235566_n.jpg&#8221;] \u0218tiri LocaleSens giratoriu nou la drumul de intrare \u00een Deva dinspre Mintia\/A1. Investi\u021bie&#8230; \u0218tiri Locale Sens giratoriu nou la drumul de intrare \u00een Deva dinspre Mintia\/A1. Investi\u021bie de peste 40 de milioane de lei De c\u0103tre redactia &#8211; 18\/08\/2026 Facebook Twitter WhatsApp Linkedin ReddIt Email Imprimare DRDP Timi\u0219oara a lansat \u00een SEAP [&hellip;]<\/p>\n","protected":false},"author":1,"featured_media":0,"comment_status":"open","ping_status":"","sticky":false,"template":"","format":"standard","meta":{"footnotes":""},"categories":[89],"tags":[226,189],"class_list":["post-2104074","post","type-post","status-publish","format-standard","hentry","category-romania","tag-crawlmanager","tag-orasul-timisoara-ro"],"_links":{"self":[{"href":"https:\/\/analyse.optim.biz\/index.php?rest_route=\/wp\/v2\/posts\/2104074","targetHints":{"allow":["GET"]}}],"collection":[{"href":"https:\/\/analyse.optim.biz\/index.php?rest_route=\/wp\/v2\/posts"}],"about":[{"href":"https:\/\/analyse.optim.biz\/index.php?rest_route=\/wp\/v2\/types\/post"}],"author":[{"embeddable":true,"href":"https:\/\/analyse.optim.biz\/index.php?rest_route=\/wp\/v2\/users\/1"}],"replies":[{"embeddable":true,"href":"https:\/\/analyse.optim.biz\/index.php?rest_route=%2Fwp%2Fv2%2Fcomments&post=2104074"}],"version-history":[{"count":0,"href":"https:\/\/analyse.optim.biz\/index.php?rest_route=\/wp\/v2\/posts\/2104074\/revisions"}],"wp:attachment":[{"href":"https:\/\/analyse.optim.biz\/index.php?rest_route=%2Fwp%2Fv2%2Fmedia&parent=2104074"}],"wp:term":[{"taxonomy":"category","embeddable":true,"href":"https:\/\/analyse.optim.biz\/index.php?rest_route=%2Fwp%2Fv2%2Fcategories&post=2104074"},{"taxonomy":"post_tag","embeddable":true,"href":"https:\/\/analyse.optim.biz\/index.php?rest_route=%2Fwp%2Fv2%2Ftags&post=2104074"}],"curies":[{"name":"wp","href":"https:\/\/api.w.org\/{rel}","templated":true}]}}