{"id":2103915,"date":"2026-08-20T16:31:58","date_gmt":"2026-08-20T13:31:58","guid":{"rendered":"https:\/\/analyse.optim.biz\/?p=2103915"},"modified":"2026-08-20T16:31:58","modified_gmt":"2026-08-20T13:31:58","slug":"de-ce-sa-alegi-intre-inspiratie-invatare-dezbatere-si-networking-cand-le-poti-avea-pe-toate","status":"publish","type":"post","link":"https:\/\/analyse.optim.biz\/?p=2103915","title":{"rendered":"De ce s\u0103 alegi \u00eentre inspira\u021bie, \u00eenv\u0103\u021bare, dezbatere \u0219i networking, c\u00e2nd le po\u021bi avea pe toate?"},"content":{"rendered":"<p>[analyse_image type=&#8221;featured&#8221; src=&#8221;https:\/\/img.svnews.ro\/foto\/2026\/08\/20\/554760\/f686cb51d899f39e73c276da7.jpg&#8221;]<\/p>\n<div class=\"entry\"><img loading=\"lazy\" decoding=\"async\" width=\"650\" height=\"325\" src=\"https:\/\/img.svnews.ro\/foto\/2026\/08\/20\/554760\/f686cb51d899f39e73c276da706500325.jpg\" alt><\/p>\n<div class=\"entry_content\">\n<p>Forumul Na\u021bional \u201eDe Voca\u021bie Antreprenoare\u201d ajunge pe 28 august la Suceava cu un format care aduce, \u00eentr-o singur\u0103 experien\u021b\u0103, discursinspira\u021bional, training intensiv, dezbatere antreprenorial\u0103 \u0219i acces direct la o comunitate de business<\/p>\n<p>Inspira\u021bia, \u00eenv\u0103\u021barea aplicat\u0103, dezbaterea \u0219i networkingul sunt, de cele mai multe ori, distribuite \u00een formate \u0219i evenimente diferite. Forumul Na\u021bional \u201eDe Voca\u021bie Antreprenoare\u201d le reune\u0219te \u00eentr-o singur\u0103 experien\u021b\u0103.<\/p>\n<p>Pe 28 august 2026, de la ora 15:00, la Palatul Administrativ din Suceava participan\u021bii vor avea acces \u00eentr-un singur format, la un discurs inspira\u021bional, dou\u0103 sesiuni intensive de training, o dezbatere cu fondatori de business \u0219i conversa\u021bii cu sute de antreprenori, \u00eentr-un eveniment creat pentru schimb de experien\u021b\u0103, idei, solu\u021bii \u0219i oportunit\u0103\u021bi.<\/p>\n<p>\u201eDe Voca\u021bie Antreprenoare creeaz\u0103 o experien\u021b\u0103 complet\u0103 de business: Inspira\u021bia deschide conversa\u021bia.<\/p>\n<p>Trainingul aduce instrumentele.<\/p>\n<p>Dezbaterea pune pe mas\u0103 realitatea antreprenorial\u0103. Networkingul poate transforma o idee \u00eentr-o colaborare.<\/p>\n<p><strong>Un line-up format din experien\u021be diferite de business<\/strong><\/p>\n<p>Edi\u021bia de la Suceava \u00eei aduce \u00eempreun\u0103 pe Dr. ec. Cristina Chiriac (fondatoarea Flori de ie), Aura Ozbay (Sultan Rom\u00e2nia), Ana Maria Stancu (fondatoarea Robohub), Camelia \u0218ucu (fondatoarea ClassIn), Lia Anton (CEO Ia\u0219i TV Life) , Marius Ghenea (Managing Partner Catalyst Rom\u00e2nia), Nicoleta Munteanu (fondatoare Kids in Business), Oana Badea (CEO Grup Bitolia) \u0219i Sigina Luca (fondatoare Luna Cleaning), \u00eentr-un program moderat de Virgil Ian\u021bu.<\/p>\n<p>Experien\u021be profesionale diferite, domenii diferite \u0219i perspective diferite se vor \u00eent\u00e2lni \u00een aceea\u0219i sal\u0103 pentru a r\u0103spunde unor \u00eentreb\u0103ri pe care antreprenorii le \u00eent\u00e2lnesc zi de zi: cum construie\u0219tiun business, cum\u00eel facivizibil, cumieidecizii, cumconducioameni, cumdep\u0103\u0219e\u0219ti blocajele, cum te adaptezi \u0219i cum transformi o oportunitate \u00eentr-o direc\u021bie de cre\u0219tere.<\/p>\n<p>\u201eDup\u0103 mul\u021bi ani \u00een antreprenoriat, ajungi s\u0103 prive\u0219ti succesul pu\u021bin diferit. Nu doar prin ceea ce ai construit, ci \u0219i prin tot ceea ce ai \u00eenv\u0103\u021bat p\u00e2n\u0103 acolo. Am luat decizii foarte bune \u0219i am luat decizii pe care, ast\u0103zi, probabil le-a\u0219 lua altfel. Am \u00eent\u00e2lnit oameni extraordinari, am avut \u00eencredere, am fost dezam\u0103git\u0103, am luat-o \u0219i de la cap\u0103t. Toate acestea fac parte din via\u021ba unui antreprenor.<\/p>\n<p>Poate de aceea cred at\u00e2t de mult \u00een \u00eent\u00e2lnirile sincere dintre antreprenori. Nu doar \u00een pove\u0219tile despre ce a mers bine. Din acelea \u00eenv\u0103\u021b\u0103m, desigur. Dar cred c\u0103 \u00eenv\u0103\u021b\u0103m \u0219i mai mult atunci c\u00e2nd cineva are generozitatea s\u0103 ne spun\u0103 ce n-a mers, unde a gre\u0219it \u0219i ce ar face diferit dac\u0103 ar \u00eencepe din nou.<\/p>\n<p>Asta \u00eemi place la <em>De Voca\u021bie Antreprenoare<\/em>: oamenii vin cu experien\u021be diferite, cu afaceri diferite, poate chiar cu probleme diferite, dar au ocazia s\u0103 vorbeasc\u0103 unii cu ceilal\u021bi. Iar \u00een business, o asemenea conversa\u021bie poate valora foarte mult.<\/p>\n<p>Eu am primit, de-a lungul anilor, enorm de la oamenii pe care i-am \u00eent\u00e2lnit. Un sfat, o idee, o u\u0219\u0103 deschis\u0103 sau, pur \u0219i simplu, un om care mi-a spus la momentul potrivit: \u00abG\u00e2nde\u0219te-te \u0219i la asta.\u00bb<\/p>\n<p>Cred c\u0103 vine un moment \u00een care este firesc s\u0103 dai mai departe din ceea ce ai primit.<\/p>\n<p>Nu ca s\u0103-i \u00eenve\u021bi pe ceilal\u021bi cum s\u0103 fac\u0103 business. Ci ca s\u0103 le fie, poate, pu\u021bin mai u\u0219or s\u0103-\u0219i g\u0103seasc\u0103 propriul drum,\u201d declar\u0103 <strong>Camelia \u0218ucu, fondatoare ClassIn<\/strong>.<\/p>\n<p>\u201e\u00cen antreprenoriat, o singur\u0103 decizie poate valora mai mult dec\u00e2t o sut\u0103 de idei bune. Dar deciziile bune nu se iau \u00een vid. Au nevoie de informa\u021bie, de experien\u021ba celor care au trecut \u00eenaintea ta prin situa\u021bii similare, de acces la oameni \u0219i, uneori, de o conversa\u021bie de zece minute care poate schimba direc\u021bia unei companii.<\/p>\n<p>De aici am construit De Voca\u021bie Antreprenoare. Nu ca pe \u00eenc\u0103 un eveniment la care antreprenorii vin s\u0103 asculte pove\u0219ti de succes, ci ca pe un format \u00een care am adus \u00eempreun\u0103 educa\u021bia, experien\u021ba practic\u0103, dezbaterea \u0219i networkingul. Pentru c\u0103 exact a\u0219a func\u021bioneaz\u0103 o companie: problemele de finan\u021bare, oameni, pia\u021b\u0103, vizibilitate sau cre\u0219tere nu apar separat. De cele mai multe ori, ele se \u00eent\u00e2lnesc \u00een aceea\u0219i decizie.<\/p>\n<p>Antreprenorii rom\u00e2ni nu duc lips\u0103 de ambi\u021bie. Duc, prea des, lips\u0103 de acces: la informa\u021bia potrivit\u0103, la experien\u021ba relevant\u0103, la capital, la parteneri \u0219i la oamenii care pot scurta drumul dintre o problem\u0103 \u0219i o solu\u021bie.<\/p>\n<p>De aceea, nu ne propunem s\u0103 oferim re\u021bete de succes. \u00cen business, ele nici nu exist\u0103. Vrem s\u0103 oferim ceva mai valoros: instrumente care pot fi folosite, experien\u021be din care se poate \u00eenv\u0103\u021ba, perspective care pot pune sub semnul \u00eentreb\u0103rii o decizie \u0219i acces la oameni cu care se poate construi.<\/p>\n<p>Nu m\u0103 intereseaz\u0103 c\u00e2\u021bi oameni pleac\u0103 inspira\u021bi dintr-o sal\u0103. M\u0103 intereseaz\u0103 c\u00e2\u021bi pleac\u0103 mai bine preg\u0103ti\u021bi s\u0103 decid\u0103. O sal\u0103 plin\u0103 arat\u0103 succesul unui eveniment. Ceea ce se \u00eent\u00e2mpl\u0103 \u00een companiile lor a doua zi \u00eei m\u0103soar\u0103 valoarea,\u201d declar\u0103 <strong>Dr. ec. Cristina Chiriac, pre\u0219edinte CONAF<\/strong>.<\/p>\n<p><strong>De la scen\u0103 la instrumente concrete<\/strong><\/p>\n<p>Forumul este construit pe mai multe niveluri de interac\u021biune.<\/p>\n<p>Componenta inspira\u021bional\u0103 aduce \u00een prim-plan experien\u021ba personal\u0103 \u0219i profesional\u0103 din spatele succesului.<\/p>\n<p>Cele dou\u0103 sesiuni intensive de training mut\u0103 conversa\u021bia din zona ideilor \u00een cea a aplicabilit\u0103\u021bii \u0219i ofer\u0103 participan\u021bilor instrumente pe care le pot raporta direct la propriile afaceri.<\/p>\n<p>Dezbaterea cu fondatori de business va aduce \u00een discu\u021bie experien\u021be reale, inclusiv decizii dificile, alegeri, gre\u0219eli, adaptare \u0219i lec\u021bii pe care rareori le reg\u0103sim \u00een prezent\u0103rile clasice despre antreprenoriat.<\/p>\n<p>Iar componenta de networking completeaz\u0103 experien\u021ba prin acces la o comunitate de antreprenori \u0219i profesioni\u0219ti care pot deveni parteneri de dialog, colaboratori, clien\u021bi, mentori sau surse de idei noi.<\/p>\n<p>Tocmai aceast\u0103 combina\u021bie transform\u0103 evenimentul dintr-o succesiune de discursuri \u00eentr-un spa\u021biu de lucru pentru antreprenori.<\/p>\n<p><strong>Cum au reu\u0219it?<\/strong><\/p>\n<p>\u201eDe Voca\u021bie Antreprenoare\u201d \u00ee\u0219i propune s\u0103 dep\u0103\u0219easc\u0103 modelul evenimentului \u00een care succesul este prezentat exclusiv prin rezultate.<\/p>\n<p>La Suceava, dialogul va merge c\u0103tre mecanismele din spatele rezultatelor: ce decizii au contat, ce nu a func\u021bionat, c\u00e2nd trebuie schimbat\u0103 direc\u021bia, ce rol joac\u0103 vizibilitatea, cum se construie\u0219te o echip\u0103, ce \u00eenseamn\u0103 leadershipul \u00eentr-o companie aflat\u0103 \u00een cre\u0219tere \u0219i cum gestionezi momentele \u00een care nu exist\u0103 un r\u0103spuns evident.<\/p>\n<p>\u201e\u00cen antreprenoriat, pove\u0219tile de succes sunt utile doar dac\u0103 \u00een\u021belegem ce se afl\u0103 \u00eentre \u00eenceput \u0219i rezultat. Pentru mine, valoarea unei \u00eent\u00e2lniri de business nu este dat\u0103 de c\u00e2te lucruri frumoase ai auzit, ci de c\u00e2te lucruri po\u021bi folosi dup\u0103 ce ai ie\u0219it din sal\u0103.<\/p>\n<p>Acesta este testulpe care ni l-am propus pentru DeVoca\u021bie Antreprenoare: cu ce pleac\u0103 omul de aici? Cu o idee? Cu un r\u0103spuns? Cu un partener? Cu un mentor? Cu un client? Cu o decizie? Dac\u0103 se \u00eent\u00e2mpl\u0103 m\u0103car unul dintre aceste lucruri, atunci \u00eent\u00e2lnirea \u0219i-a produs valoarea\u201d, afirm\u0103 Dr. ec. Cristina Chiriac.<\/p>\n<p>Pe 28 august, la Suceava, participan\u021bii vor putea \u00eenv\u0103\u021ba, pune \u00eentreb\u0103ri, compara experien\u021be, intra \u00een dialog \u0219i construi rela\u021bii. Participarea este gratuit\u0103, pe baz\u0103 de \u00eenscriere, \u00een limita locurilor disponibile.<\/p>\n<p>\u00censcrieri \u0219i informa\u021bii: conaf.ro<\/p>\n<p>Un proiect sus\u021binut de: Philip Morris Rom\u00e2nia Parteneri: Sultan Romania, Edenred Romania Partener digital: RisCo.ro<\/p>\n<p>Despre CONAF:<\/p>\n<p>Confederatia Nationala pentru Antreprenoriat Feminin (CONAF) este cea mai relevanta confederatie din Romania care militeaz\u0103 pentru eficientizarea dialogului cu autorit\u0103\u021bile, conlucrarea pentru elaborarea de politici publice care s\u0103 conduc\u0103 la cre\u0219tere economic\u0103 sustenabil\u0103 \u0219i sprijin\u0103 antreprenorii, recunosc\u00e2ndu-le meritele. CONAF reprezinta cea mai mare entitate de acest gen din Romania, o organizatie care sustine si promoveaza antreprenoriatul romanesc, lucru fara precedent, care deschide orizonturi de colaborare si cooperare at\u00e2t pe plan intern c\u00e2t si interna\u021bional. CONAF a luat fiin\u021b\u0103 ca urmare a necesita\u021bii de a crea o cultura antreprenoriala moderna, sustenabila si echitabila, nu numai pentru antreprenoriatul feminin, ci si pentru \u00eentregul mediu de business. CONAF are in componen\u021ba sa 33 sucursale, 3 federa\u021bii, 16 patronate, 55 asocia\u021bii si 15.000 de companii, peste 245.000 de angaja\u021bi.<\/p>\n<p>CONAF organizeaz\u0103 evenimente importante pentru societatea rom\u00e2neasc\u0103, centrate pe educa\u021bie continua, con\u0219tientizare si g\u0103sire de solu\u021bii pentru probleme si domenii de larg interes public. Dezvolt\u0103 si finalizeaz\u0103 proiecte na\u021bionale cu un impact puternic, at\u00e2t pentru societate, c\u00e2t si pentru strategiile de dezvoltare ale autorit\u0103\u021bilor centrale si locale.<\/p>\n<p>Printre proiectele CONAF, amintim \u201ePactul pentru Tineri\u201d, \u201eMaratonul pentru Educa\u021bie Antreprenorial\u0103\u201d, Forumul \u201eDe Voca\u021bie Antreprenoare\u201d, Forumul \u201e24 Trends for 2024\u201d, SupraTAX, \u201eDigitalUP\u201d \u201ePactul pentru Munca\u201d \u2013 in parteneriat cu FPPG, \u201ePactul pentru Educa\u021bie Antreprenoriala\u201d , \u201eRomanian Venture Forum\u201d seria de dialogurideschise, \u201eTurismul Rom\u00e2nesc: \u00centre impas sioportunitate\u201d,ce au generat pe l\u00e2ng\u0103 ecourile in spa\u021biulpublic, decizii legislative schimb\u0103ripozitive de mentalit\u0103\u021bi. Sute de speakeri si miide antreprenoriau dezb\u0103tut in cele maiimportanteora\u0219e rom\u00e2ne\u0219ti, cele maistringente probleme, \u00eenscopulg\u0103sirii solu\u021biilor optime si celor mai bune strategii de viitor.<\/p>\n<p>CONSILIUL DIRECTOR CONAF: Cristina Chiriac, Dana Nu\u021b\u0103, Nicoleta Munteanu, Marius Ghenea, Anca Damour, Tatian Diaconu, Hildegard Brandl, Daniela Mari\u015fcu, Gabriel Biri\u015f, Dan Oros, G\u00f6rkem Oran, Theodora Popa<\/p>\n<\/div>\n<div>\n<div>VN:F [1.9.22_1171]<\/div>\n<div class=\"ratingblock \">\n<div class=\"ratingstars \">\n<div id=\"article_loader_554760\" class=\"ratingloaderarticle\">\n<div class=\"loader arrows \">\n<div class=\"loaderinner\">se actualizeaz\u0103&#8230;<\/div>\n<\/div>\n<\/div>\n<\/div>\n<div class=\"ratingtext \">\n<div id=\"gdr_text_a554760\">Rating: 0.0\/<strong>10<\/strong> (0 votes cast)<\/div>\n<\/div>\n<\/div>\n<\/div>\n<\/div>\n<div class=\"entry_content\">\n<p>Forumul Na\u021bional \u201eDe Voca\u021bie Antreprenoare\u201d ajunge pe 28 august la Suceava cu un format care aduce, \u00eentr-o singur\u0103 experien\u021b\u0103, discursinspira\u021bional, training intensiv, dezbatere antreprenorial\u0103 \u0219i acces direct la o comunitate de business<\/p>\n<p>Inspira\u021bia, \u00eenv\u0103\u021barea aplicat\u0103, dezbaterea \u0219i networkingul sunt, de cele mai multe ori, distribuite \u00een formate \u0219i evenimente diferite. Forumul Na\u021bional \u201eDe Voca\u021bie Antreprenoare\u201d le reune\u0219te \u00eentr-o singur\u0103 experien\u021b\u0103.<\/p>\n<p>Pe 28 august 2026, de la ora 15:00, la Palatul Administrativ din Suceava participan\u021bii vor avea acces \u00eentr-un singur format, la un discurs inspira\u021bional, dou\u0103 sesiuni intensive de training, o dezbatere cu fondatori de business \u0219i conversa\u021bii cu sute de antreprenori, \u00eentr-un eveniment creat pentru schimb de experien\u021b\u0103, idei, solu\u021bii \u0219i oportunit\u0103\u021bi.<\/p>\n<p>\u201eDe Voca\u021bie Antreprenoare creeaz\u0103 o experien\u021b\u0103 complet\u0103 de business: Inspira\u021bia deschide conversa\u021bia.<\/p>\n<p>Trainingul aduce instrumentele.<\/p>\n<p>Dezbaterea pune pe mas\u0103 realitatea antreprenorial\u0103. Networkingul poate transforma o idee \u00eentr-o colaborare.<\/p>\n<p><strong>Un line-up format din experien\u021be diferite de business<\/strong><\/p>\n<p>Edi\u021bia de la Suceava \u00eei aduce \u00eempreun\u0103 pe Dr. ec. Cristina Chiriac (fondatoarea Flori de ie), Aura Ozbay (Sultan Rom\u00e2nia), Ana Maria Stancu (fondatoarea Robohub), Camelia \u0218ucu (fondatoarea ClassIn), Lia Anton (CEO Ia\u0219i TV Life) , Marius Ghenea (Managing Partner Catalyst Rom\u00e2nia), Nicoleta Munteanu (fondatoare Kids in Business), Oana Badea (CEO Grup Bitolia) \u0219i Sigina Luca (fondatoare Luna Cleaning), \u00eentr-un program moderat de Virgil Ian\u021bu.<\/p>\n<p>Experien\u021be profesionale diferite, domenii diferite \u0219i perspective diferite se vor \u00eent\u00e2lni \u00een aceea\u0219i sal\u0103 pentru a r\u0103spunde unor \u00eentreb\u0103ri pe care antreprenorii le \u00eent\u00e2lnesc zi de zi: cum construie\u0219tiun business, cum\u00eel facivizibil, cumieidecizii, cumconducioameni, cumdep\u0103\u0219e\u0219ti blocajele, cum te adaptezi \u0219i cum transformi o oportunitate \u00eentr-o direc\u021bie de cre\u0219tere.<\/p>\n<p>\u201eDup\u0103 mul\u021bi ani \u00een antreprenoriat, ajungi s\u0103 prive\u0219ti succesul pu\u021bin diferit. Nu doar prin ceea ce ai construit, ci \u0219i prin tot ceea ce ai \u00eenv\u0103\u021bat p\u00e2n\u0103 acolo. Am luat decizii foarte bune \u0219i am luat decizii pe care, ast\u0103zi, probabil le-a\u0219 lua altfel. Am \u00eent\u00e2lnit oameni extraordinari, am avut \u00eencredere, am fost dezam\u0103git\u0103, am luat-o \u0219i de la cap\u0103t. Toate acestea fac parte din via\u021ba unui antreprenor.<\/p>\n<p>Poate de aceea cred at\u00e2t de mult \u00een \u00eent\u00e2lnirile sincere dintre antreprenori. Nu doar \u00een pove\u0219tile despre ce a mers bine. Din acelea \u00eenv\u0103\u021b\u0103m, desigur. Dar cred c\u0103 \u00eenv\u0103\u021b\u0103m \u0219i mai mult atunci c\u00e2nd cineva are generozitatea s\u0103 ne spun\u0103 ce n-a mers, unde a gre\u0219it \u0219i ce ar face diferit dac\u0103 ar \u00eencepe din nou.<\/p>\n<p>Asta \u00eemi place la <em>De Voca\u021bie Antreprenoare<\/em>: oamenii vin cu experien\u021be diferite, cu afaceri diferite, poate chiar cu probleme diferite, dar au ocazia s\u0103 vorbeasc\u0103 unii cu ceilal\u021bi. Iar \u00een business, o asemenea conversa\u021bie poate valora foarte mult.<\/p>\n<p>Eu am primit, de-a lungul anilor, enorm de la oamenii pe care i-am \u00eent\u00e2lnit. Un sfat, o idee, o u\u0219\u0103 deschis\u0103 sau, pur \u0219i simplu, un om care mi-a spus la momentul potrivit: \u00abG\u00e2nde\u0219te-te \u0219i la asta.\u00bb<\/p>\n<p>Cred c\u0103 vine un moment \u00een care este firesc s\u0103 dai mai departe din ceea ce ai primit.<\/p>\n<p>Nu ca s\u0103-i \u00eenve\u021bi pe ceilal\u021bi cum s\u0103 fac\u0103 business. Ci ca s\u0103 le fie, poate, pu\u021bin mai u\u0219or s\u0103-\u0219i g\u0103seasc\u0103 propriul drum,\u201d declar\u0103 <strong>Camelia \u0218ucu, fondatoare ClassIn<\/strong>.<\/p>\n<p>\u201e\u00cen antreprenoriat, o singur\u0103 decizie poate valora mai mult dec\u00e2t o sut\u0103 de idei bune. Dar deciziile bune nu se iau \u00een vid. Au nevoie de informa\u021bie, de experien\u021ba celor care au trecut \u00eenaintea ta prin situa\u021bii similare, de acces la oameni \u0219i, uneori, de o conversa\u021bie de zece minute care poate schimba direc\u021bia unei companii.<\/p>\n<p>De aici am construit De Voca\u021bie Antreprenoare. Nu ca pe \u00eenc\u0103 un eveniment la care antreprenorii vin s\u0103 asculte pove\u0219ti de succes, ci ca pe un format \u00een care am adus \u00eempreun\u0103 educa\u021bia, experien\u021ba practic\u0103, dezbaterea \u0219i networkingul. Pentru c\u0103 exact a\u0219a func\u021bioneaz\u0103 o companie: problemele de finan\u021bare, oameni, pia\u021b\u0103, vizibilitate sau cre\u0219tere nu apar separat. De cele mai multe ori, ele se \u00eent\u00e2lnesc \u00een aceea\u0219i decizie.<\/p>\n<p>Antreprenorii rom\u00e2ni nu duc lips\u0103 de ambi\u021bie. Duc, prea des, lips\u0103 de acces: la informa\u021bia potrivit\u0103, la experien\u021ba relevant\u0103, la capital, la parteneri \u0219i la oamenii care pot scurta drumul dintre o problem\u0103 \u0219i o solu\u021bie.<\/p>\n<p>De aceea, nu ne propunem s\u0103 oferim re\u021bete de succes. \u00cen business, ele nici nu exist\u0103. Vrem s\u0103 oferim ceva mai valoros: instrumente care pot fi folosite, experien\u021be din care se poate \u00eenv\u0103\u021ba, perspective care pot pune sub semnul \u00eentreb\u0103rii o decizie \u0219i acces la oameni cu care se poate construi.<\/p>\n<p>Nu m\u0103 intereseaz\u0103 c\u00e2\u021bi oameni pleac\u0103 inspira\u021bi dintr-o sal\u0103. M\u0103 intereseaz\u0103 c\u00e2\u021bi pleac\u0103 mai bine preg\u0103ti\u021bi s\u0103 decid\u0103. O sal\u0103 plin\u0103 arat\u0103 succesul unui eveniment. Ceea ce se \u00eent\u00e2mpl\u0103 \u00een companiile lor a doua zi \u00eei m\u0103soar\u0103 valoarea,\u201d declar\u0103 <strong>Dr. ec. Cristina Chiriac, pre\u0219edinte CONAF<\/strong>.<\/p>\n<p><strong>De la scen\u0103 la instrumente concrete<\/strong><\/p>\n<p>Forumul este construit pe mai multe niveluri de interac\u021biune.<\/p>\n<p>Componenta inspira\u021bional\u0103 aduce \u00een prim-plan experien\u021ba personal\u0103 \u0219i profesional\u0103 din spatele succesului.<\/p>\n<p>Cele dou\u0103 sesiuni intensive de training mut\u0103 conversa\u021bia din zona ideilor \u00een cea a aplicabilit\u0103\u021bii \u0219i ofer\u0103 participan\u021bilor instrumente pe care le pot raporta direct la propriile afaceri.<\/p>\n<p>Dezbaterea cu fondatori de business va aduce \u00een discu\u021bie experien\u021be reale, inclusiv decizii dificile, alegeri, gre\u0219eli, adaptare \u0219i lec\u021bii pe care rareori le reg\u0103sim \u00een prezent\u0103rile clasice despre antreprenoriat.<\/p>\n<p>Iar componenta de networking completeaz\u0103 experien\u021ba prin acces la o comunitate de antreprenori \u0219i profesioni\u0219ti care pot deveni parteneri de dialog, colaboratori, clien\u021bi, mentori sau surse de idei noi.<\/p>\n<p>Tocmai aceast\u0103 combina\u021bie transform\u0103 evenimentul dintr-o succesiune de discursuri \u00eentr-un spa\u021biu de lucru pentru antreprenori.<\/p>\n<p><strong>Cum au reu\u0219it?<\/strong><\/p>\n<p>\u201eDe Voca\u021bie Antreprenoare\u201d \u00ee\u0219i propune s\u0103 dep\u0103\u0219easc\u0103 modelul evenimentului \u00een care succesul este prezentat exclusiv prin rezultate.<\/p>\n<p>La Suceava, dialogul va merge c\u0103tre mecanismele din spatele rezultatelor: ce decizii au contat, ce nu a func\u021bionat, c\u00e2nd trebuie schimbat\u0103 direc\u021bia, ce rol joac\u0103 vizibilitatea, cum se construie\u0219te o echip\u0103, ce \u00eenseamn\u0103 leadershipul \u00eentr-o companie aflat\u0103 \u00een cre\u0219tere \u0219i cum gestionezi momentele \u00een care nu exist\u0103 un r\u0103spuns evident.<\/p>\n<p>\u201e\u00cen antreprenoriat, pove\u0219tile de succes sunt utile doar dac\u0103 \u00een\u021belegem ce se afl\u0103 \u00eentre \u00eenceput \u0219i rezultat. Pentru mine, valoarea unei \u00eent\u00e2lniri de business nu este dat\u0103 de c\u00e2te lucruri frumoase ai auzit, ci de c\u00e2te lucruri po\u021bi folosi dup\u0103 ce ai ie\u0219it din sal\u0103.<\/p>\n<p>Acesta este testulpe care ni l-am propus pentru DeVoca\u021bie Antreprenoare: cu ce pleac\u0103 omul de aici? Cu o idee? Cu un r\u0103spuns? Cu un partener? Cu un mentor? Cu un client? Cu o decizie? Dac\u0103 se \u00eent\u00e2mpl\u0103 m\u0103car unul dintre aceste lucruri, atunci \u00eent\u00e2lnirea \u0219i-a produs valoarea\u201d, afirm\u0103 Dr. ec. Cristina Chiriac.<\/p>\n<p>Pe 28 august, la Suceava, participan\u021bii vor putea \u00eenv\u0103\u021ba, pune \u00eentreb\u0103ri, compara experien\u021be, intra \u00een dialog \u0219i construi rela\u021bii. Participarea este gratuit\u0103, pe baz\u0103 de \u00eenscriere, \u00een limita locurilor disponibile.<\/p>\n<p>\u00censcrieri \u0219i informa\u021bii: conaf.ro<\/p>\n<p>Un proiect sus\u021binut de: Philip Morris Rom\u00e2nia Parteneri: Sultan Romania, Edenred Romania Partener digital: RisCo.ro<\/p>\n<p>Despre CONAF:<\/p>\n<p>Confederatia Nationala pentru Antreprenoriat Feminin (CONAF) este cea mai relevanta confederatie din Romania care militeaz\u0103 pentru eficientizarea dialogului cu autorit\u0103\u021bile, conlucrarea pentru elaborarea de politici publice care s\u0103 conduc\u0103 la cre\u0219tere economic\u0103 sustenabil\u0103 \u0219i sprijin\u0103 antreprenorii, recunosc\u00e2ndu-le meritele. CONAF reprezinta cea mai mare entitate de acest gen din Romania, o organizatie care sustine si promoveaza antreprenoriatul romanesc, lucru fara precedent, care deschide orizonturi de colaborare si cooperare at\u00e2t pe plan intern c\u00e2t si interna\u021bional. CONAF a luat fiin\u021b\u0103 ca urmare a necesita\u021bii de a crea o cultura antreprenoriala moderna, sustenabila si echitabila, nu numai pentru antreprenoriatul feminin, ci si pentru \u00eentregul mediu de business. CONAF are in componen\u021ba sa 33 sucursale, 3 federa\u021bii, 16 patronate, 55 asocia\u021bii si 15.000 de companii, peste 245.000 de angaja\u021bi.<\/p>\n<p>CONAF organizeaz\u0103 evenimente importante pentru societatea rom\u00e2neasc\u0103, centrate pe educa\u021bie continua, con\u0219tientizare si g\u0103sire de solu\u021bii pentru probleme si domenii de larg interes public. Dezvolt\u0103 si finalizeaz\u0103 proiecte na\u021bionale cu un impact puternic, at\u00e2t pentru societate, c\u00e2t si pentru strategiile de dezvoltare ale autorit\u0103\u021bilor centrale si locale.<\/p>\n<p>Printre proiectele CONAF, amintim \u201ePactul pentru Tineri\u201d, \u201eMaratonul pentru Educa\u021bie Antreprenorial\u0103\u201d, Forumul \u201eDe Voca\u021bie Antreprenoare\u201d, Forumul \u201e24 Trends for 2024\u201d, SupraTAX, \u201eDigitalUP\u201d \u201ePactul pentru Munca\u201d \u2013 in parteneriat cu FPPG, \u201ePactul pentru Educa\u021bie Antreprenoriala\u201d , \u201eRomanian Venture Forum\u201d seria de dialogurideschise, \u201eTurismul Rom\u00e2nesc: \u00centre impas sioportunitate\u201d,ce au generat pe l\u00e2ng\u0103 ecourile in spa\u021biulpublic, decizii legislative schimb\u0103ripozitive de mentalit\u0103\u021bi. Sute de speakeri si miide antreprenoriau dezb\u0103tut in cele maiimportanteora\u0219e rom\u00e2ne\u0219ti, cele maistringente probleme, \u00eenscopulg\u0103sirii solu\u021biilor optime si celor mai bune strategii de viitor.<\/p>\n<p>CONSILIUL DIRECTOR CONAF: Cristina Chiriac, Dana Nu\u021b\u0103, Nicoleta Munteanu, Marius Ghenea, Anca Damour, Tatian Diaconu, Hildegard Brandl, Daniela Mari\u015fcu, Gabriel Biri\u015f, Dan Oros, G\u00f6rkem Oran, Theodora Popa<\/p>\n<\/div>\n<p>[analyse_source url=&#8221;https:\/\/www.svnews.ro\/de-ce-sa-alegi-intre-inspiratie-invatare-dezbatere-si-networking-cand-le-poti-avea-pe-toate\/554760\/&#8221;]<\/p>\n","protected":false},"excerpt":{"rendered":"<p>[analyse_image type=&#8221;featured&#8221; src=&#8221;https:\/\/img.svnews.ro\/foto\/2026\/08\/20\/554760\/f686cb51d899f39e73c276da7.jpg&#8221;] Forumul Na\u021bional \u201eDe Voca\u021bie Antreprenoare\u201d ajunge pe 28 august la Suceava cu un format care aduce, \u00eentr-o singur\u0103 experien\u021b\u0103, discursinspira\u021bional, training intensiv, dezbatere antreprenorial\u0103 \u0219i acces direct la o comunitate de business Inspira\u021bia, \u00eenv\u0103\u021barea aplicat\u0103, dezbaterea \u0219i networkingul sunt, de cele mai multe ori, distribuite \u00een formate \u0219i evenimente diferite. Forumul Na\u021bional [&hellip;]<\/p>\n","protected":false},"author":1,"featured_media":0,"comment_status":"open","ping_status":"","sticky":false,"template":"","format":"standard","meta":{"footnotes":""},"categories":[89],"tags":[226,175],"class_list":["post-2103915","post","type-post","status-publish","format-standard","hentry","category-romania","tag-crawlmanager","tag-svnews-ro"],"_links":{"self":[{"href":"https:\/\/analyse.optim.biz\/index.php?rest_route=\/wp\/v2\/posts\/2103915","targetHints":{"allow":["GET"]}}],"collection":[{"href":"https:\/\/analyse.optim.biz\/index.php?rest_route=\/wp\/v2\/posts"}],"about":[{"href":"https:\/\/analyse.optim.biz\/index.php?rest_route=\/wp\/v2\/types\/post"}],"author":[{"embeddable":true,"href":"https:\/\/analyse.optim.biz\/index.php?rest_route=\/wp\/v2\/users\/1"}],"replies":[{"embeddable":true,"href":"https:\/\/analyse.optim.biz\/index.php?rest_route=%2Fwp%2Fv2%2Fcomments&post=2103915"}],"version-history":[{"count":0,"href":"https:\/\/analyse.optim.biz\/index.php?rest_route=\/wp\/v2\/posts\/2103915\/revisions"}],"wp:attachment":[{"href":"https:\/\/analyse.optim.biz\/index.php?rest_route=%2Fwp%2Fv2%2Fmedia&parent=2103915"}],"wp:term":[{"taxonomy":"category","embeddable":true,"href":"https:\/\/analyse.optim.biz\/index.php?rest_route=%2Fwp%2Fv2%2Fcategories&post=2103915"},{"taxonomy":"post_tag","embeddable":true,"href":"https:\/\/analyse.optim.biz\/index.php?rest_route=%2Fwp%2Fv2%2Ftags&post=2103915"}],"curies":[{"name":"wp","href":"https:\/\/api.w.org\/{rel}","templated":true}]}}